{"id":61799,"date":"2025-09-10T15:44:23","date_gmt":"2025-09-10T18:44:23","guid":{"rendered":"https:\/\/jornalfatosenoticias.com.br\/?p=61799"},"modified":"2025-09-10T15:44:24","modified_gmt":"2025-09-10T18:44:24","slug":"vai-piorar-apos-breve-alivio-preco-do-cafe-deve-subir-ainda-mais","status":"publish","type":"post","link":"https:\/\/jornalfatosenoticias.com.br\/index.php\/2025\/09\/10\/vai-piorar-apos-breve-alivio-preco-do-cafe-deve-subir-ainda-mais\/","title":{"rendered":"Vai piorar: ap\u00f3s breve al\u00edvio, pre\u00e7o do caf\u00e9 deve subir ainda mais"},"content":{"rendered":"\n<p><em><span class=\"has-inline-color has-black-color\">Depois de acumular alta de 99,5% entre janeiro de 2024 e junho de 2025, pre\u00e7o do caf\u00e9 deve subir ainda mais<\/span><\/em><\/p>\n\n\n\n<p><span class=\"has-inline-color has-black-color\">Por <strong><a href=\"https:\/\/www.gazetadopovo.com.br\/autor\/celio-yano\/\">C\u00e9lio Yano<\/a><\/strong><\/span><\/p>\n\n\n\n<div class=\"wp-block-image\"><figure class=\"aligncenter size-large\"><a href=\"https:\/\/mizu.com.br\/\"><img loading=\"lazy\" decoding=\"async\" width=\"729\" height=\"90\" src=\"https:\/\/jornalfatosenoticias.com.br\/wp-content\/uploads\/2020\/02\/Logo_Mizu.png\" alt=\"\" class=\"wp-image-1441\" srcset=\"https:\/\/jornalfatosenoticias.com.br\/wp-content\/uploads\/2020\/02\/Logo_Mizu.png 729w, https:\/\/jornalfatosenoticias.com.br\/wp-content\/uploads\/2020\/02\/Logo_Mizu-300x37.png 300w\" sizes=\"auto, (max-width: 729px) 100vw, 729px\" \/><\/a><\/figure><\/div>\n\n\n\n<p>Para quem acha que o pre\u00e7o do caf\u00e9 est\u00e1 muito alto, as not\u00edcias n\u00e3o s\u00e3o nada boas. Depois de um <a href=\"https:\/\/www.gazetadopovo.com.br\/agronegocio\/precos-cafe-carne-tarifaco-eua\/\">leve recuo entre julho e agosto<\/a>, quando recuou 2,17% pela medi\u00e7\u00e3o do \u00cdndice Nacional de Pre\u00e7os ao Consumidor Amplo (IPCA), a tend\u00eancia \u00e9 de que produto volte a ficar mais caro nas prateleiras dos supermercados. As raz\u00f5es para o novo aumento, desta vez, v\u00e3o da quebra de safra \u00e0s incertezas do mercado provocadas pelas novas tarifas alfandeg\u00e1rias impostas sobre produtos brasileiros pelo presidente dos Estados Unidos, <a href=\"https:\/\/www.gazetadopovo.com.br\/tudo-sobre\/donald-trump\/\">Donald Trump<\/a>.<br>Embora economistas <a href=\"https:\/\/www.gazetadopovo.com.br\/agronegocio\/tarifaco-cafe-carne-precos-brasil\/\">projetassem uma defla\u00e7\u00e3o<\/a>\u00a0no caf\u00e9 no Brasil depois que o produto ficou de fora da\u00a0<a href=\"https:\/\/www.gazetadopovo.com.br\/economia\/decisao-final-de-trump-sobre-tarifaco-ao-brasil-poupa-varios-setores-veja-quem-escapou\/\">lista de exce\u00e7\u00f5es da sobretaxa<\/a> americana, mudan\u00e7as no complexo fluxo global de mercadorias geraram um cen\u00e1rio que era dif\u00edcil de prever. Al\u00e9m disso, geadas no Cerrado Mineiro e um menor rendimento na colheita provocaram uma redu\u00e7\u00e3o nas estimativas da safra nacional, limitando a oferta da commodity tanto internamente quanto para exporta\u00e7\u00e3o.<\/p>\n\n\n\n<div class=\"wp-block-image\"><figure class=\"aligncenter size-large is-resized\"><a href=\"https:\/\/www.facebook.com\/postobkr\/?locale=pt_BR\"><img loading=\"lazy\" decoding=\"async\" src=\"https:\/\/jornalfatosenoticias.com.br\/wp-content\/uploads\/2023\/08\/BKR-1024x1021.jpg\" alt=\"\" class=\"wp-image-44494\" width=\"271\" height=\"270\" srcset=\"https:\/\/jornalfatosenoticias.com.br\/wp-content\/uploads\/2023\/08\/BKR-1024x1021.jpg 1024w, https:\/\/jornalfatosenoticias.com.br\/wp-content\/uploads\/2023\/08\/BKR-300x300.jpg 300w, https:\/\/jornalfatosenoticias.com.br\/wp-content\/uploads\/2023\/08\/BKR-150x150.jpg 150w, https:\/\/jornalfatosenoticias.com.br\/wp-content\/uploads\/2023\/08\/BKR-768x766.jpg 768w, https:\/\/jornalfatosenoticias.com.br\/wp-content\/uploads\/2023\/08\/BKR.jpg 1080w\" sizes=\"auto, (max-width: 271px) 100vw, 271px\" \/><\/a><\/figure><\/div>\n\n\n\n<p><strong><span class=\"has-inline-color has-vivid-purple-color\">Pre\u00e7o do caf\u00e9 dobrou em um ano e meio<br><\/span><\/strong>O caf\u00e9 foi um dos vil\u00f5es da infla\u00e7\u00e3o no ano passado por uma s\u00e9rie de fatores. A falta de chuvas durante o per\u00edodo de desenvolvimento das lavouras levou muitos produtores a elevar os gastos para manuten\u00e7\u00e3o e combate a pragas, que aparecem junto com as temperaturas mais altas. Al\u00e9m disso, importantes fornecedores do mercado internacional, como Vietn\u00e3 e Indon\u00e9sia, enfrentaram quebras relevantes de produ\u00e7\u00e3o tamb\u00e9m em raz\u00e3o de adversidades clim\u00e1ticas, o que fez com que houvesse uma redu\u00e7\u00e3o na disponibilidade global do gr\u00e3o. Tudo isso em meio a um cen\u00e1rio de aumento no consumo da bebida no mundo.<\/p>\n\n\n\n<div class=\"wp-block-image\"><figure class=\"aligncenter size-large is-resized\"><a href=\"https:\/\/www.instagram.com\/gruposei\/\"><img loading=\"lazy\" decoding=\"async\" src=\"https:\/\/jornalfatosenoticias.com.br\/wp-content\/uploads\/2022\/07\/Logo-Grupo-SEI.jpg\" alt=\"\" class=\"wp-image-31973\" width=\"332\" height=\"174\" srcset=\"https:\/\/jornalfatosenoticias.com.br\/wp-content\/uploads\/2022\/07\/Logo-Grupo-SEI.jpg 713w, https:\/\/jornalfatosenoticias.com.br\/wp-content\/uploads\/2022\/07\/Logo-Grupo-SEI-300x158.jpg 300w\" sizes=\"auto, (max-width: 332px) 100vw, 332px\" \/><\/a><\/figure><\/div>\n\n\n\n<p>Com pre\u00e7os mais elevados e uma demanda aquecida no mercado internacional, em 2024 o Brasil exportou 50,44 milh\u00f5es de sacas de 60 quilos de caf\u00e9, recorde hist\u00f3rico para o setor, segundo dados do Conselho dos Exportadores de Caf\u00e9 do Brasil (Cecaf\u00e9). O volume representa um crescimento de 28,5% na compara\u00e7\u00e3o com 2023 e de 12,8% em rela\u00e7\u00e3o \u00e0 m\u00e1xima anterior, de 2020.<\/p>\n\n\n\n<div class=\"wp-block-image\"><figure class=\"aligncenter size-large is-resized\"><a href=\"https:\/\/www.facebook.com\/profile.php?id=100069289606145\"><img loading=\"lazy\" decoding=\"async\" src=\"https:\/\/jornalfatosenoticias.com.br\/wp-content\/uploads\/2024\/11\/Guaitolini-Contabilidade-1024x714.jpeg\" alt=\"\" class=\"wp-image-55808\" width=\"333\" height=\"232\" srcset=\"https:\/\/jornalfatosenoticias.com.br\/wp-content\/uploads\/2024\/11\/Guaitolini-Contabilidade-1024x714.jpeg 1024w, https:\/\/jornalfatosenoticias.com.br\/wp-content\/uploads\/2024\/11\/Guaitolini-Contabilidade-300x209.jpeg 300w, https:\/\/jornalfatosenoticias.com.br\/wp-content\/uploads\/2024\/11\/Guaitolini-Contabilidade-768x535.jpeg 768w, https:\/\/jornalfatosenoticias.com.br\/wp-content\/uploads\/2024\/11\/Guaitolini-Contabilidade.jpeg 1280w\" sizes=\"auto, (max-width: 333px) 100vw, 333px\" \/><\/a><\/figure><\/div>\n\n\n\n<p>As cota\u00e7\u00f5es da saca de 60kg no Brasil, tanto da variedade ar\u00e1bica quanto da robusta, atingiram suas m\u00e1ximas hist\u00f3ricas em 12 de fevereiro deste ano, quando chegaram a R$ 2.769,45 e R$ 2.087,05, respectivamente, conforme dados do Centro de Estudos Avan\u00e7ados em Economia Aplicada (Cepea) da Escola Superior de Agricultura Luiz de Queiroz (Esalq\/USP).<\/p>\n\n\n\n<div class=\"wp-block-image\"><figure class=\"aligncenter size-large is-resized\"><a href=\"https:\/\/www.instagram.com\/serra4x4cambioautomatico\/\"><img loading=\"lazy\" decoding=\"async\" src=\"https:\/\/jornalfatosenoticias.com.br\/wp-content\/uploads\/2024\/08\/Serra-4x4-1-886x1024.jpg\" alt=\"\" class=\"wp-image-53632\" width=\"291\" height=\"336\" srcset=\"https:\/\/jornalfatosenoticias.com.br\/wp-content\/uploads\/2024\/08\/Serra-4x4-1-886x1024.jpg 886w, https:\/\/jornalfatosenoticias.com.br\/wp-content\/uploads\/2024\/08\/Serra-4x4-1-260x300.jpg 260w, https:\/\/jornalfatosenoticias.com.br\/wp-content\/uploads\/2024\/08\/Serra-4x4-1-768x888.jpg 768w, https:\/\/jornalfatosenoticias.com.br\/wp-content\/uploads\/2024\/08\/Serra-4x4-1.jpg 1181w\" sizes=\"auto, (max-width: 291px) 100vw, 291px\" \/><\/a><\/figure><\/div>\n\n\n\n<p>Com o in\u00edcio da colheita, a partir de mar\u00e7o, a expectativa de uma melhor safra no Sudeste Asi\u00e1tico e a redu\u00e7\u00e3o nas vendas no varejo brasileiro em raz\u00e3o dos altos pre\u00e7os, o valor passou a recuar, chegando, em julho, a R$ 1.682,70 (-39,2%), no caso do caf\u00e9 ar\u00e1bica, e R$ 975,70 (-53,2%), no robusta. At\u00e9 a defla\u00e7\u00e3o chegar ao consumidor final, o pre\u00e7o do caf\u00e9 mo\u00eddo acumulou 18 meses consecutivos de alta, alcan\u00e7ando 99,48% de infla\u00e7\u00e3o entre janeiro de 2024 e junho deste ano, de acordo com \u00cdndice de Pre\u00e7os ao Consumidor Amplo (IPCA). Em julho veio a primeira redu\u00e7\u00e3o, de -1,01%.<\/p>\n\n\n\n<div class=\"wp-block-image\"><figure class=\"aligncenter size-large is-resized\"><a href=\"https:\/\/panper.com.br\/\"><img loading=\"lazy\" decoding=\"async\" src=\"https:\/\/jornalfatosenoticias.com.br\/wp-content\/uploads\/2023\/03\/logo-Panper_portal.jpg\" alt=\"\" class=\"wp-image-40208\" width=\"295\" height=\"204\" srcset=\"https:\/\/jornalfatosenoticias.com.br\/wp-content\/uploads\/2023\/03\/logo-Panper_portal.jpg 400w, https:\/\/jornalfatosenoticias.com.br\/wp-content\/uploads\/2023\/03\/logo-Panper_portal-300x208.jpg 300w\" sizes=\"auto, (max-width: 295px) 100vw, 295px\" \/><\/a><\/figure><\/div>\n\n\n\n<p><span class=\"has-inline-color has-vivid-purple-color\"><strong>Tarifa\u00e7o sobre caf\u00e9 brasileiro gerou onda de incertezas e especula\u00e7\u00f5es<br><\/strong><\/span>No dia 30 daquele m\u00eas, no entanto, o governo americano oficializou a eleva\u00e7\u00e3o das tarifas sobre produtos brasileiros de 10% para 50%, deixando o caf\u00e9 de fora da lista de exce\u00e7\u00f5es e frustrando expectativas do mercado de que haveria isen\u00e7\u00e3o para o produto. A exclus\u00e3o do produto da sobretaxa era dada praticamente como certa em raz\u00e3o da depend\u00eancia dos Estados Unidos da produ\u00e7\u00e3o brasileira. De acordo com o Departamento de Agricultura americano (USDA, na sigla em ingl\u00eas), o Brasil \u00e9 o maior fornecedor global de caf\u00e9, respons\u00e1vel por 31,3% de toda a oferta global, \u00e0 frente do Vietn\u00e3 (17,5%), Col\u00f4mbia (8,7%) e Indon\u00e9sia (4,9%).<\/p>\n\n\n\n<div class=\"wp-block-image\"><figure class=\"aligncenter size-large is-resized\"><a href=\"https:\/\/www.instagram.com\/restaurantepegoretti\/\"><img loading=\"lazy\" decoding=\"async\" src=\"https:\/\/jornalfatosenoticias.com.br\/wp-content\/uploads\/2023\/12\/pegoretti-logo-pdf-1024x389.jpg\" alt=\"\" class=\"wp-image-47536\" width=\"485\" height=\"184\" srcset=\"https:\/\/jornalfatosenoticias.com.br\/wp-content\/uploads\/2023\/12\/pegoretti-logo-pdf-1024x389.jpg 1024w, https:\/\/jornalfatosenoticias.com.br\/wp-content\/uploads\/2023\/12\/pegoretti-logo-pdf-300x114.jpg 300w, https:\/\/jornalfatosenoticias.com.br\/wp-content\/uploads\/2023\/12\/pegoretti-logo-pdf-768x291.jpg 768w, https:\/\/jornalfatosenoticias.com.br\/wp-content\/uploads\/2023\/12\/pegoretti-logo-pdf.jpg 1120w\" sizes=\"auto, (max-width: 485px) 100vw, 485px\" \/><\/a><\/figure><\/div>\n\n\n\n<p>Os EUA, por sua vez, s\u00e3o o principal mercado importador do gr\u00e3o no mundo com 30% de sua demanda suprida pelo Brasil. Dias antes da entrada em vigor do tarifa\u00e7o sobre exporta\u00e7\u00f5es brasileiras, o pr\u00f3prio secret\u00e1rio de Com\u00e9rcio dos Estados Unidos, Howard Lutnick, chegou a afirmar que o <a href=\"https:\/\/www.gazetadopovo.com.br\/mundo\/secretario-trump-cafe-cacau-podem-ficar-isentos-tarifas\/\">governo americano considerava zerar a tarifa<\/a> para alimentos que n\u00e3o s\u00e3o produzidos em seu pa\u00eds, citando o caf\u00e9. A decis\u00e3o de taxar a commodity inaugurou um per\u00edodo de forte incerteza no mercado global.<\/p>\n\n\n\n<div class=\"wp-block-image\"><figure class=\"aligncenter size-large is-resized\"><a href=\"https:\/\/www.instagram.com\/rcradiadores\/\"><img loading=\"lazy\" decoding=\"async\" src=\"https:\/\/jornalfatosenoticias.com.br\/wp-content\/uploads\/2022\/10\/RC_800x750_page-0001.jpg\" alt=\"\" class=\"wp-image-35338\" width=\"287\" height=\"269\" srcset=\"https:\/\/jornalfatosenoticias.com.br\/wp-content\/uploads\/2022\/10\/RC_800x750_page-0001.jpg 400w, https:\/\/jornalfatosenoticias.com.br\/wp-content\/uploads\/2022\/10\/RC_800x750_page-0001-300x281.jpg 300w\" sizes=\"auto, (max-width: 287px) 100vw, 287px\" \/><\/a><\/figure><\/div>\n\n\n\n<p>Negociadores tanto do mercado f\u00edsico de caf\u00e9 quanto de contratos futuros entraram em compasso de espera, aguardando um poss\u00edvel acordo entre Brasil e EUA para o com\u00e9rcio do produto, at\u00e9 agora sem desfecho. Entre janeiro e julho deste ano, o volume de caf\u00e9 brasileiro vendido para o mercado americano j\u00e1 recuou 22,4% frente ao mesmo per\u00edodo de 2024, segundo dados do Minist\u00e9rio do Desenvolvimento, Ind\u00fastria, Com\u00e9rcio e Servi\u00e7os (MDIC).<\/p>\n\n\n\n<div class=\"wp-block-image\"><figure class=\"aligncenter size-large is-resized\"><a href=\"https:\/\/legisjuris.com.br\/\"><img loading=\"lazy\" decoding=\"async\" src=\"https:\/\/jornalfatosenoticias.com.br\/wp-content\/uploads\/2024\/09\/Legis-Juris-Consultoria_logo.jpg\" alt=\"\" class=\"wp-image-53915\" width=\"508\" height=\"213\" srcset=\"https:\/\/jornalfatosenoticias.com.br\/wp-content\/uploads\/2024\/09\/Legis-Juris-Consultoria_logo.jpg 969w, https:\/\/jornalfatosenoticias.com.br\/wp-content\/uploads\/2024\/09\/Legis-Juris-Consultoria_logo-300x126.jpg 300w, https:\/\/jornalfatosenoticias.com.br\/wp-content\/uploads\/2024\/09\/Legis-Juris-Consultoria_logo-768x322.jpg 768w\" sizes=\"auto, (max-width: 508px) 100vw, 508px\" \/><\/a><\/figure><\/div>\n\n\n\n<p>No dia 6 de agosto, quando entrou em vigor a nova tarifa americana sobre exporta\u00e7\u00f5es brasileiras, o caf\u00e9 ar\u00e1bica era negociado a US$ 286 por cem libras-peso na Bolsa de Nova York, enquanto o robusta, a US$ 3.340 por tonelada na Bolsa de Londres. As cota\u00e7\u00f5es representavam uma queda relevante desde os patamares recordes de 2024, quando os contratos chegaram a US$ 448 e US$ 5,8 mil, respectivamente, em raz\u00e3o da baixa movimenta\u00e7\u00e3o do com\u00e9rcio internacional.<\/p>\n\n\n\n<div class=\"wp-block-image\"><figure class=\"aligncenter size-large is-resized\"><a href=\"https:\/\/www.instagram.com\/esteio.churrascaria\/\"><img loading=\"lazy\" decoding=\"async\" src=\"https:\/\/jornalfatosenoticias.com.br\/wp-content\/uploads\/2022\/02\/LOGO-ESTEIO-1024x730.png\" alt=\"\" class=\"wp-image-27942\" width=\"313\" height=\"223\" srcset=\"https:\/\/jornalfatosenoticias.com.br\/wp-content\/uploads\/2022\/02\/LOGO-ESTEIO-1024x730.png 1024w, https:\/\/jornalfatosenoticias.com.br\/wp-content\/uploads\/2022\/02\/LOGO-ESTEIO-300x214.png 300w, https:\/\/jornalfatosenoticias.com.br\/wp-content\/uploads\/2022\/02\/LOGO-ESTEIO-768x548.png 768w, https:\/\/jornalfatosenoticias.com.br\/wp-content\/uploads\/2022\/02\/LOGO-ESTEIO.png 1123w\" sizes=\"auto, (max-width: 313px) 100vw, 313px\" \/><\/a><\/figure><\/div>\n\n\n\n<blockquote class=\"wp-block-quote is-layout-flow wp-block-quote-is-layout-flow\"><p><span class=\"has-inline-color has-luminous-vivid-orange-color\">Mesmo com essa corre\u00e7\u00e3o absurda do mercado, nem a Europa, nem a \u00c1sia, nem Estados Unidos vinham comprando muito caf\u00e9, porque os investidores entendiam que teria que cair mais para poder equilibrar um pouco o pre\u00e7o m\u00e9dio, j\u00e1 que os estoques anteriores [formados no ano passado] eram car\u00edssimos\u201d, explica M\u00e1rcio Ferreira, presidente do Cecaf\u00e9. \u201cMas a partir do in\u00edcio das tarifas, a gente come\u00e7a a perceber, principalmente da parte dos Estados Unidos, Europa e \u00c1sia, um aumento de pedidos de novos neg\u00f3cios\u201d, conta. \u201cIsso n\u00e3o quer dizer que est\u00e1 aumentando o consumo, mas, em antecipa\u00e7\u00e3o a essa incerteza, j\u00e1 est\u00e3o contratando caf\u00e9s para embarque nos meses que normalmente eles compram, entre setembro e fevereiro\u201d, diz Ferreira. O consumo de caf\u00e9 no Hemisf\u00e9rio Norte aumenta a partir deste m\u00eas em raz\u00e3o da aproxima\u00e7\u00e3o do inverno na regi\u00e3o.<\/span><\/p><\/blockquote>\n\n\n\n<div class=\"wp-block-image\"><figure class=\"aligncenter size-large is-resized\"><a href=\"https:\/\/www.controlsystems.com.br\/\"><img loading=\"lazy\" decoding=\"async\" src=\"https:\/\/jornalfatosenoticias.com.br\/wp-content\/uploads\/2020\/02\/CONTROL-CS.jpg\" alt=\"\" class=\"wp-image-44991\" width=\"249\" height=\"299\" srcset=\"https:\/\/jornalfatosenoticias.com.br\/wp-content\/uploads\/2020\/02\/CONTROL-CS.jpg 834w, https:\/\/jornalfatosenoticias.com.br\/wp-content\/uploads\/2020\/02\/CONTROL-CS-250x300.jpg 250w, https:\/\/jornalfatosenoticias.com.br\/wp-content\/uploads\/2020\/02\/CONTROL-CS-768x921.jpg 768w\" sizes=\"auto, (max-width: 249px) 100vw, 249px\" \/><\/a><\/figure><\/div>\n\n\n\n<p><strong><span class=\"has-inline-color has-vivid-purple-color\">Produ\u00e7\u00e3o, que j\u00e1 seria reduzida, teve perdas e frustra\u00e7\u00e3o de estimativas<br><\/span><\/strong>N\u00e3o bastasse o aumento da demanda, geadas que atingiram cafezais no Cerrado Mineiro nos dias 10 e 11 de agosto provocaram perdas regionais significativas, cujas estimativas entre agentes do setor variam de 400 mil a 600 mil sacas. O fim da temporada de colheita, neste m\u00eas de setembro, confirmou ainda uma produ\u00e7\u00e3o significativamente menor de caf\u00e9 ar\u00e1bica que na safra anterior, devido ao baixo rendimento dos gr\u00e3os ap\u00f3s o beneficiamento. Com 96% da colheita conclu\u00edda, a Companhia Nacional de Abastecimento (Conab) estima uma produ\u00e7\u00e3o de 35,2 milh\u00f5es de sacas beneficiadas da variedade, uma redu\u00e7\u00e3o de 11,2% em rela\u00e7\u00e3o \u00e0 temporada anterior.<\/p>\n\n\n\n<div class=\"wp-block-image\"><figure class=\"aligncenter size-large is-resized\"><a href=\"https:\/\/hotelmarquetti.com.br\/\"><img loading=\"lazy\" decoding=\"async\" src=\"https:\/\/jornalfatosenoticias.com.br\/wp-content\/uploads\/2020\/02\/LOGO-MQ-1024x680.jpg\" alt=\"\" class=\"wp-image-58299\" width=\"331\" height=\"220\" srcset=\"https:\/\/jornalfatosenoticias.com.br\/wp-content\/uploads\/2020\/02\/LOGO-MQ-1024x680.jpg 1024w, https:\/\/jornalfatosenoticias.com.br\/wp-content\/uploads\/2020\/02\/LOGO-MQ-300x199.jpg 300w, https:\/\/jornalfatosenoticias.com.br\/wp-content\/uploads\/2020\/02\/LOGO-MQ-768x510.jpg 768w, https:\/\/jornalfatosenoticias.com.br\/wp-content\/uploads\/2020\/02\/LOGO-MQ-1536x1020.jpg 1536w, https:\/\/jornalfatosenoticias.com.br\/wp-content\/uploads\/2020\/02\/LOGO-MQ-2048x1360.jpg 2048w\" sizes=\"auto, (max-width: 331px) 100vw, 331px\" \/><\/a><\/figure><\/div>\n\n\n\n<p>O Ita\u00fa BBA calcula um volume de 38,7 milh\u00f5es de sacas, montante 11,5% inferior \u00e0 da \u00faltima safra e 5,4% abaixo do que estimava inicialmente o USDA (40,9 milh\u00f5es). Todos esses fatores fizeram com que os pre\u00e7os dos gr\u00e3os invertessem a tend\u00eancia e passassem a subir, atingindo, no dia 31 de agosto, US$ 386 para o caf\u00e9 ar\u00e1bica, e US$ 4.815, no caso do robusta \u2014 altas de 34,9% e 44,2%, respectivamente, em pouco mais de um m\u00eas. No Brasil, os pre\u00e7os da saca de 60kg da variedade ar\u00e1bica, que em julho chegaram a R$ 1.682,70, encerraram agosto a R$ 2.323,06 \u2014 aumento de 38% \u2014 enquanto a robusta saltou de R$ 975,70 para R$ 1.534,41 (+57,3%) no mesmo intervalo.<\/p>\n\n\n\n<div class=\"wp-block-image\"><figure class=\"aligncenter size-large\"><a href=\"http:\/\/www.ferrarimaquinas.com.br\/\"><img loading=\"lazy\" decoding=\"async\" width=\"300\" height=\"250\" src=\"https:\/\/jornalfatosenoticias.com.br\/wp-content\/uploads\/2022\/02\/FERRARI_MAQUINAS-E-FERRAMENTAS2.jpg\" alt=\"\" class=\"wp-image-27860\"\/><\/a><\/figure><\/div>\n\n\n\n<p><span class=\"has-inline-color has-vivid-purple-color\"><strong>Torrefadoras de caf\u00e9 j\u00e1 aumentam pre\u00e7o no mercado interno<br><\/strong><\/span>A alta j\u00e1 se reflete no mercado interno. No dia 1.\u00ba de setembro, duas das principais torrefadoras de caf\u00e9 do pa\u00eds anunciaram aumentos nos pre\u00e7os. A <em>Melitta<\/em> informou seus clientes uma eleva\u00e7\u00e3o de 15% no pre\u00e7o dos gr\u00e3os beneficiados, enquanto a <em>3 Cora\u00e7\u00f5es<\/em> subiu em 10% o valor do gr\u00e3o torrado e mo\u00eddo e em 7% o do caf\u00e9 sol\u00favel. Segundo documentos obtidos pela <em>Reuters, <\/em>as duas empresas citaram a alta dos pre\u00e7os do gr\u00e3o verde, a volatilidade e as quest\u00f5es clim\u00e1ticas como justificativas para o aumento. Os pre\u00e7os dos gr\u00e3os crus representam em m\u00e9dia 40% do custo de atacado de uma saca de caf\u00e9 torrado e mo\u00eddo.<\/p>\n\n\n\n<div class=\"wp-block-image\"><figure class=\"aligncenter size-large is-resized\"><a href=\"https:\/\/www.facebook.com\/vetor.vix\/\"><img loading=\"lazy\" decoding=\"async\" src=\"https:\/\/jornalfatosenoticias.com.br\/wp-content\/uploads\/2023\/09\/vetorvix1024_1.jpg\" alt=\"\" class=\"wp-image-44868\" width=\"580\" height=\"154\" srcset=\"https:\/\/jornalfatosenoticias.com.br\/wp-content\/uploads\/2023\/09\/vetorvix1024_1.jpg 1024w, https:\/\/jornalfatosenoticias.com.br\/wp-content\/uploads\/2023\/09\/vetorvix1024_1-300x80.jpg 300w, https:\/\/jornalfatosenoticias.com.br\/wp-content\/uploads\/2023\/09\/vetorvix1024_1-768x205.jpg 768w\" sizes=\"auto, (max-width: 580px) 100vw, 580px\" \/><\/a><\/figure><\/div>\n\n\n\n<p>De acordo com boletim da Conab, o consumo mundial de caf\u00e9 est\u00e1 previsto em 169,4 milh\u00f5es de sacas de 60 quilos no ciclo 2025\/26, o que representa um crescimento de 1,7% em rela\u00e7\u00e3o \u00e0 temporada anterior e um novo recorde na demanda global. \u201cApesar do aumento na produ\u00e7\u00e3o, n\u00e3o s\u00e3o esperadas redu\u00e7\u00f5es expressivas nas cota\u00e7\u00f5es em raz\u00e3o do baixo patamar do estoque remanescente do ciclo anterior\u201d, diz trecho do documento. O estoque mundial no in\u00edcio da safra 2025\/26 \u00e9 o mais baixo dos \u00faltimos 25 anos, previsto em 21,8 milh\u00f5es de sacas de 60kg, o que representa uma queda de 5,9% na compara\u00e7\u00e3o com o ciclo anterior.<\/p>\n\n\n\n<div class=\"wp-block-image\"><figure class=\"aligncenter size-large\"><a href=\"https:\/\/www.cesconetto.com.br\/\"><img loading=\"lazy\" decoding=\"async\" width=\"300\" height=\"250\" src=\"https:\/\/jornalfatosenoticias.com.br\/wp-content\/uploads\/2022\/02\/Banner-2.png\" alt=\"\" class=\"wp-image-27877\"\/><\/a><\/figure><\/div>\n\n\n\n<blockquote class=\"wp-block-quote is-layout-flow wp-block-quote-is-layout-flow\"><p><span class=\"has-inline-color has-luminous-vivid-orange-color\">Em agosto de 2025, a redu\u00e7\u00e3o sazonal da colheita no Brasil favorece o aumento dos pre\u00e7os dom\u00e9sticos \u00e0 medida que o mercado brasileiro caminha para a entressafra\u201d, ressaltam os analistas do \u00f3rg\u00e3o. \u201cNo mercado externo, as tr\u00eas primeiras semanas de agosto foram marcadas por forte alta nas cota\u00e7\u00f5es internacionais, comportamento influenciado pela preocupa\u00e7\u00e3o com o clima em importantes pa\u00edses produtores e pelas incertezas comerciais no contexto da tarifa de 50% aplicada pelos Estados Unidos sobre a importa\u00e7\u00e3o do caf\u00e9 brasileiro\u201d.<\/span><\/p><\/blockquote>\n\n\n\n<div class=\"wp-block-image\"><figure class=\"aligncenter size-large\"><a href=\"https:\/\/mizu.com.br\/\"><img loading=\"lazy\" decoding=\"async\" width=\"729\" height=\"90\" src=\"https:\/\/jornalfatosenoticias.com.br\/wp-content\/uploads\/2020\/02\/Logo_Mizu.png\" alt=\"\" class=\"wp-image-1441\" srcset=\"https:\/\/jornalfatosenoticias.com.br\/wp-content\/uploads\/2020\/02\/Logo_Mizu.png 729w, https:\/\/jornalfatosenoticias.com.br\/wp-content\/uploads\/2020\/02\/Logo_Mizu-300x37.png 300w\" sizes=\"auto, (max-width: 729px) 100vw, 729px\" \/><\/a><\/figure><\/div>\n\n\n\n<p><strong><span class=\"has-inline-color has-vivid-purple-color\">Pre\u00e7o do caf\u00e9 brasileiro para EUA bate recorde e exporta\u00e7\u00f5es despencam<br><\/span><\/strong>Somados \u00e0 tarifa de 50%, os pre\u00e7os do caf\u00e9 brasileiro tornaram-se invi\u00e1veis para os importadores americanos, que passaram a buscar fornecedores alternativos, como a Col\u00f4mbia, para o caf\u00e9 ar\u00e1bica, e o Vietn\u00e3, para o robusta. As exporta\u00e7\u00f5es do vizinho brasileiro para os EUA recolhem uma tarifa de 10%, enquanto o pa\u00eds asi\u00e1tico recebe uma taxa\u00e7\u00e3o de 20%.<\/p>\n\n\n\n<blockquote class=\"wp-block-quote is-layout-flow wp-block-quote-is-layout-flow\"><p><span class=\"has-inline-color has-luminous-vivid-orange-color\">Com a cota\u00e7\u00e3o de US$ 386 na Bolsa de Nova York mais a tarifa de 50%, o caf\u00e9 ar\u00e1bica brasileiro custaria US$ 579 para o importador americano, mais alto do que a m\u00e1xima hist\u00f3rica do ano passado, de US$ 448\u201d, diz o presidente do Cecaf\u00e9. \u201c<strong>As tarifas s\u00e3o proibitivas para se comprar caf\u00e9 brasileiro\u201d.<\/strong><\/span><\/p><\/blockquote>\n\n\n\n<div class=\"wp-block-image\"><figure class=\"aligncenter size-large is-resized\"><a href=\"https:\/\/www.facebook.com\/profile.php?id=100069289606145\"><img loading=\"lazy\" decoding=\"async\" src=\"https:\/\/jornalfatosenoticias.com.br\/wp-content\/uploads\/2024\/11\/Guaitolini-Contabilidade-1024x714.jpeg\" alt=\"\" class=\"wp-image-55808\" width=\"296\" height=\"206\" srcset=\"https:\/\/jornalfatosenoticias.com.br\/wp-content\/uploads\/2024\/11\/Guaitolini-Contabilidade-1024x714.jpeg 1024w, https:\/\/jornalfatosenoticias.com.br\/wp-content\/uploads\/2024\/11\/Guaitolini-Contabilidade-300x209.jpeg 300w, https:\/\/jornalfatosenoticias.com.br\/wp-content\/uploads\/2024\/11\/Guaitolini-Contabilidade-768x535.jpeg 768w, https:\/\/jornalfatosenoticias.com.br\/wp-content\/uploads\/2024\/11\/Guaitolini-Contabilidade.jpeg 1280w\" sizes=\"auto, (max-width: 296px) 100vw, 296px\" \/><\/a><\/figure><\/div>\n\n\n\n<p>Conforme o Cecaf\u00e9, o Brasil embarcou para os EUA, em agosto, 298 mil sacas, todas de vendas feitas em julho que atrasaram por problemas log\u00edsticos ou de contratos firmados antes do dia 6 de agosto. No mesmo m\u00eas de 2024, o volume foi de 563 mil sacas, o que significa um recuo de 47,1% de um ano ao outro. Al\u00e9m de reflexo do tarifa\u00e7o, a queda \u00e9 resultado tamb\u00e9m de base de compara\u00e7\u00e3o bastante acima da m\u00e9dia \u2014 no ano passado o Brasil registrou recorde de exporta\u00e7\u00e3o de caf\u00e9.<\/p>\n\n\n\n<div class=\"wp-block-image\"><figure class=\"aligncenter size-large is-resized\"><a href=\"https:\/\/www.instagram.com\/gruposei\/\"><img loading=\"lazy\" decoding=\"async\" src=\"https:\/\/jornalfatosenoticias.com.br\/wp-content\/uploads\/2022\/07\/Logo-Grupo-SEI.jpg\" alt=\"\" class=\"wp-image-31973\" width=\"368\" height=\"193\" srcset=\"https:\/\/jornalfatosenoticias.com.br\/wp-content\/uploads\/2022\/07\/Logo-Grupo-SEI.jpg 713w, https:\/\/jornalfatosenoticias.com.br\/wp-content\/uploads\/2022\/07\/Logo-Grupo-SEI-300x158.jpg 300w\" sizes=\"auto, (max-width: 368px) 100vw, 368px\" \/><\/a><\/figure><\/div>\n\n\n\n<p>Na compara\u00e7\u00e3o com o m\u00eas de julho de 2025, quando foram exportadas 408 mil sacas para o mercado americano, a redu\u00e7\u00e3o no volume embarcado \u00e9 de 27%. \u201c\u00c9 importante fazer essa an\u00e1lise mensal, porque se a safra deste ano \u00e9 menor, necessariamente as exporta\u00e7\u00f5es j\u00e1 iriam cair, independente das tarifas\u201d, explica Ferreira. Ele compara ainda com o mercado alem\u00e3o, que em agosto importou 411 mil sacas de caf\u00e9 brasileiro, superando, no m\u00eas, os EUA como principal comprador da commodity brasileira.<\/p>\n\n\n\n<div class=\"wp-block-image\"><figure class=\"aligncenter size-large is-resized\"><a href=\"https:\/\/www.facebook.com\/postobkr\/?locale=pt_BR\"><img loading=\"lazy\" decoding=\"async\" src=\"https:\/\/jornalfatosenoticias.com.br\/wp-content\/uploads\/2023\/08\/BKR-1024x1021.jpg\" alt=\"\" class=\"wp-image-44494\" width=\"288\" height=\"287\" srcset=\"https:\/\/jornalfatosenoticias.com.br\/wp-content\/uploads\/2023\/08\/BKR-1024x1021.jpg 1024w, https:\/\/jornalfatosenoticias.com.br\/wp-content\/uploads\/2023\/08\/BKR-300x300.jpg 300w, https:\/\/jornalfatosenoticias.com.br\/wp-content\/uploads\/2023\/08\/BKR-150x150.jpg 150w, https:\/\/jornalfatosenoticias.com.br\/wp-content\/uploads\/2023\/08\/BKR-768x766.jpg 768w, https:\/\/jornalfatosenoticias.com.br\/wp-content\/uploads\/2023\/08\/BKR.jpg 1080w\" sizes=\"auto, (max-width: 288px) 100vw, 288px\" \/><\/a><\/figure><\/div>\n\n\n\n<blockquote class=\"wp-block-quote is-layout-flow wp-block-quote-is-layout-flow\"><p><span class=\"has-inline-color has-luminous-vivid-orange-color\">Enquanto os Estados Unidos reduziram 47% das importa\u00e7\u00f5es na compara\u00e7\u00e3o anual, a Alemanha caiu 25% em rela\u00e7\u00e3o ao ano passado\u201d, diz o presidente do Cecaf\u00e9. Na compara\u00e7\u00e3o com julho, quando o Brasil vendeu 265 mil sacas, os alem\u00e3es aumentaram suas compras de caf\u00e9 brasileiro em 55%.<\/span><\/p><\/blockquote>\n\n\n\n<div class=\"wp-block-image\"><figure class=\"aligncenter size-large is-resized\"><a href=\"https:\/\/www.instagram.com\/restaurantepegoretti\/\"><img loading=\"lazy\" decoding=\"async\" src=\"https:\/\/jornalfatosenoticias.com.br\/wp-content\/uploads\/2023\/12\/pegoretti-logo-pdf-1024x389.jpg\" alt=\"\" class=\"wp-image-47536\" width=\"522\" height=\"198\" srcset=\"https:\/\/jornalfatosenoticias.com.br\/wp-content\/uploads\/2023\/12\/pegoretti-logo-pdf-1024x389.jpg 1024w, https:\/\/jornalfatosenoticias.com.br\/wp-content\/uploads\/2023\/12\/pegoretti-logo-pdf-300x114.jpg 300w, https:\/\/jornalfatosenoticias.com.br\/wp-content\/uploads\/2023\/12\/pegoretti-logo-pdf-768x291.jpg 768w, https:\/\/jornalfatosenoticias.com.br\/wp-content\/uploads\/2023\/12\/pegoretti-logo-pdf.jpg 1120w\" sizes=\"auto, (max-width: 522px) 100vw, 522px\" \/><\/a><\/figure><\/div>\n\n\n\n<p>EUA ainda devem comprar caf\u00e9 brasileiro, mas podem substitu\u00ed-lo gradualmente<br>Os n\u00fameros ainda n\u00e3o refletem uma realoca\u00e7\u00e3o das exporta\u00e7\u00f5es brasileiras, segundo Ferreira, uma vez que as compras de pa\u00edses europeus tamb\u00e9m tendem a aumentar a partir do segundo semestre, em raz\u00e3o da colheita da safra brasileira e da aproxima\u00e7\u00e3o do inverno no Hemisf\u00e9rio Norte. Para a Conab, a substitui\u00e7\u00e3o do caf\u00e9 brasileiro pelo produto de outras origens no mercado dos Estados Unidos n\u00e3o ser\u00e1 f\u00e1cil. \u201cPrimeiro: porque a oferta e a demanda global est\u00e3o ajustadas e com o menor estoque dos \u00faltimos 25 anos, segundo: porque os Estados Unidos teriam que disputar esse caf\u00e9 substituto com outros importantes polos de importa\u00e7\u00e3o, como a Europa, por exemplo\u201d, diz boletim do \u00f3rg\u00e3o.<\/p>\n\n\n\n<div class=\"wp-block-image\"><figure class=\"aligncenter size-large is-resized\"><a href=\"https:\/\/www.instagram.com\/esteio.churrascaria\/\"><img loading=\"lazy\" decoding=\"async\" src=\"https:\/\/jornalfatosenoticias.com.br\/wp-content\/uploads\/2022\/02\/LOGO-ESTEIO-1024x730.png\" alt=\"\" class=\"wp-image-27942\" width=\"343\" height=\"244\" srcset=\"https:\/\/jornalfatosenoticias.com.br\/wp-content\/uploads\/2022\/02\/LOGO-ESTEIO-1024x730.png 1024w, https:\/\/jornalfatosenoticias.com.br\/wp-content\/uploads\/2022\/02\/LOGO-ESTEIO-300x214.png 300w, https:\/\/jornalfatosenoticias.com.br\/wp-content\/uploads\/2022\/02\/LOGO-ESTEIO-768x548.png 768w, https:\/\/jornalfatosenoticias.com.br\/wp-content\/uploads\/2022\/02\/LOGO-ESTEIO.png 1123w\" sizes=\"auto, (max-width: 343px) 100vw, 343px\" \/><\/a><\/figure><\/div>\n\n\n\n<blockquote class=\"wp-block-quote is-layout-flow wp-block-quote-is-layout-flow\"><p><span class=\"has-inline-color has-luminous-vivid-orange-color\">Nesse contexto, a tend\u00eancia \u00e9 de aumento dos pre\u00e7os do caf\u00e9 nos Estados Unidos e em outros importantes polos consumidores\u201d.<\/span><\/p><\/blockquote>\n\n\n\n<div class=\"wp-block-image\"><figure class=\"aligncenter size-large is-resized\"><a href=\"https:\/\/panper.com.br\/\"><img loading=\"lazy\" decoding=\"async\" src=\"https:\/\/jornalfatosenoticias.com.br\/wp-content\/uploads\/2023\/03\/logo-Panper_portal.jpg\" alt=\"\" class=\"wp-image-40208\" width=\"306\" height=\"212\" srcset=\"https:\/\/jornalfatosenoticias.com.br\/wp-content\/uploads\/2023\/03\/logo-Panper_portal.jpg 400w, https:\/\/jornalfatosenoticias.com.br\/wp-content\/uploads\/2023\/03\/logo-Panper_portal-300x208.jpg 300w\" sizes=\"auto, (max-width: 306px) 100vw, 306px\" \/><\/a><\/figure><\/div>\n\n\n\n<p>Uma das preocupa\u00e7\u00f5es dos exportadores brasileiros do setor cafeeiro \u00e9 com uma mudan\u00e7a gradual no h\u00e1bito do consumo de caf\u00e9 nos EUA. Segundo um executivo americano do setor, em raz\u00e3o dos altos custos, h\u00e1 uma tend\u00eancia de se reduzir gradativamente o gr\u00e3o brasileiro nos <em>blends<\/em> vendidos nas prateleiras estadunidenses. Como altera\u00e7\u00e3o ocorre de forma gradual, o consumidor n\u00e3o deve notar a diferen\u00e7a como ocorreria caso a substitui\u00e7\u00e3o fosse feita de maneira s\u00fabita.<\/p>\n\n\n\n<div class=\"wp-block-image\"><figure class=\"aligncenter size-large is-resized\"><a href=\"https:\/\/www.ithbrasil.com.br\/\"><img loading=\"lazy\" decoding=\"async\" src=\"https:\/\/jornalfatosenoticias.com.br\/wp-content\/uploads\/2023\/08\/ITH.jpeg\" alt=\"\" class=\"wp-image-44638\" width=\"318\" height=\"258\" srcset=\"https:\/\/jornalfatosenoticias.com.br\/wp-content\/uploads\/2023\/08\/ITH.jpeg 800w, https:\/\/jornalfatosenoticias.com.br\/wp-content\/uploads\/2023\/08\/ITH-300x244.jpeg 300w, https:\/\/jornalfatosenoticias.com.br\/wp-content\/uploads\/2023\/08\/ITH-768x624.jpeg 768w\" sizes=\"auto, (max-width: 318px) 100vw, 318px\" \/><\/a><\/figure><\/div>\n\n\n\n<blockquote class=\"wp-block-quote is-layout-flow wp-block-quote-is-layout-flow\"><p><span class=\"has-inline-color has-luminous-vivid-orange-color\">Isso pode nos levar a um preju\u00edzo que \u00e9 muito dif\u00edcil de recuperar\u201d, diz o presidente do Cecaf\u00e9.<\/span><\/p><\/blockquote>\n\n\n\n<div class=\"wp-block-image\"><figure class=\"aligncenter size-large is-resized\"><a href=\"https:\/\/www.instagram.com\/rcradiadores\/\"><img loading=\"lazy\" decoding=\"async\" src=\"https:\/\/jornalfatosenoticias.com.br\/wp-content\/uploads\/2022\/10\/RC_800x750_page-0001.jpg\" alt=\"\" class=\"wp-image-35338\" width=\"319\" height=\"299\" srcset=\"https:\/\/jornalfatosenoticias.com.br\/wp-content\/uploads\/2022\/10\/RC_800x750_page-0001.jpg 400w, https:\/\/jornalfatosenoticias.com.br\/wp-content\/uploads\/2022\/10\/RC_800x750_page-0001-300x281.jpg 300w\" sizes=\"auto, (max-width: 319px) 100vw, 319px\" \/><\/a><\/figure><\/div>\n\n\n\n<p><strong><span class=\"has-inline-color has-vivid-purple-color\">Setor privado negocia isen\u00e7\u00e3o de caf\u00e9 e rejeita Lei da Reciprocidade<br><\/span><\/strong>Em relat\u00f3rio da Consultoria Agro do Ita\u00fa BBA, analistas do banco descrevem como incerta a possibilidade de inclus\u00e3o do caf\u00e9 brasileira na lista de exce\u00e7\u00f5es tarif\u00e1rias dos EUA. \u201cOlhando para frente, a rela\u00e7\u00e3o entre Brasil e Estados Unidos continua marcada pelo distanciamento entre os governos, deixando as negocia\u00e7\u00f5es restritas ao setor privado\u201d, cita o documento. \u201cAo mesmo tempo, n\u00e3o parece razo\u00e1vel supor que os EUA deixar\u00e3o de comprar caf\u00e9 brasileiro ou que o consumo dom\u00e9stico cair\u00e1 de forma expressiva\u201d, prossegue.<\/p>\n\n\n\n<div class=\"wp-block-image\"><figure class=\"aligncenter size-large is-resized\"><a href=\"https:\/\/www.instagram.com\/serra4x4cambioautomatico\/\"><img loading=\"lazy\" decoding=\"async\" src=\"https:\/\/jornalfatosenoticias.com.br\/wp-content\/uploads\/2024\/08\/Serra-4x4-1-886x1024.jpg\" alt=\"\" class=\"wp-image-53632\" width=\"281\" height=\"325\" srcset=\"https:\/\/jornalfatosenoticias.com.br\/wp-content\/uploads\/2024\/08\/Serra-4x4-1-886x1024.jpg 886w, https:\/\/jornalfatosenoticias.com.br\/wp-content\/uploads\/2024\/08\/Serra-4x4-1-260x300.jpg 260w, https:\/\/jornalfatosenoticias.com.br\/wp-content\/uploads\/2024\/08\/Serra-4x4-1-768x888.jpg 768w, https:\/\/jornalfatosenoticias.com.br\/wp-content\/uploads\/2024\/08\/Serra-4x4-1.jpg 1181w\" sizes=\"auto, (max-width: 281px) 100vw, 281px\" \/><\/a><\/figure><\/div>\n\n\n\n<blockquote class=\"wp-block-quote is-layout-flow wp-block-quote-is-layout-flow\"><p><span class=\"has-inline-color has-luminous-vivid-orange-color\">Assim, caso as tarifas se mantenham, os custos adicionais dever\u00e3o ser repassados ao consumidor final, enquanto os produtores brasileiros, apesar de se beneficiarem da valoriza\u00e7\u00e3o do produto no curto prazo, podem enfrentar diferenciais ainda mais desfavor\u00e1veis em rela\u00e7\u00e3o a Nova York\u201d.<\/span><\/p><\/blockquote>\n\n\n\n<div class=\"wp-block-image\"><figure class=\"aligncenter size-large is-resized\"><a href=\"https:\/\/www.facebook.com\/vetor.vix\/\"><img loading=\"lazy\" decoding=\"async\" src=\"https:\/\/jornalfatosenoticias.com.br\/wp-content\/uploads\/2023\/09\/vetorvix1024_1.jpg\" alt=\"\" class=\"wp-image-44868\" width=\"558\" height=\"148\" srcset=\"https:\/\/jornalfatosenoticias.com.br\/wp-content\/uploads\/2023\/09\/vetorvix1024_1.jpg 1024w, https:\/\/jornalfatosenoticias.com.br\/wp-content\/uploads\/2023\/09\/vetorvix1024_1-300x80.jpg 300w, https:\/\/jornalfatosenoticias.com.br\/wp-content\/uploads\/2023\/09\/vetorvix1024_1-768x205.jpg 768w\" sizes=\"auto, (max-width: 558px) 100vw, 558px\" \/><\/a><\/figure><\/div>\n\n\n\n<p>Representando o setor cafeeiro, o diretor-geral do Cecaf\u00e9, Marco Matos, esteve na semana passada nos Estados Unidos, onde <a href=\"https:\/\/www.gazetadopovo.com.br\/agronegocio\/agro-brasileiro-eua-investigacao-comercial\/\">participou da audi\u00eancia p\u00fablica<\/a> do Escrit\u00f3rio do Representante Comercial dos EUA (USTR) no \u00e2mbito da investiga\u00e7\u00e3o do governo americano sobre pr\u00e1ticas comerciais supostamente desleais praticadas pelo Brasil.<\/p>\n\n\n\n<div class=\"wp-block-image\"><figure class=\"aligncenter size-large\"><a href=\"https:\/\/www.cesconetto.com.br\/\"><img loading=\"lazy\" decoding=\"async\" width=\"300\" height=\"250\" src=\"https:\/\/jornalfatosenoticias.com.br\/wp-content\/uploads\/2020\/02\/Banner-2.png\" alt=\"\" class=\"wp-image-43787\"\/><\/a><\/figure><\/div>\n\n\n\n<p>A partir do encontro e de conversas com o setor privado americano, a entidade acredita que ainda h\u00e1 possibilidade de inclus\u00e3o do caf\u00e9 na lista de produtos isentos da tarifa americana at\u00e9 o fim do ano. Segundo dados do setor, para cada US$ 1 de caf\u00e9 exportado pelo Brasil, \u00e9 gerado o equivalente a US$ 43 no Produto Interno Bruto (PIB) dos EUA. Hoje, 2,2 milh\u00f5es de americanos trabalham com a bebida, que movimenta cerca de US$ 313 bilh\u00f5es na economia, ou 1,2% do PIB do pa\u00eds.<\/p>\n\n\n\n<div class=\"wp-block-image\"><figure class=\"aligncenter size-large is-resized\"><a href=\"https:\/\/legisjuris.com.br\/\"><img loading=\"lazy\" decoding=\"async\" src=\"https:\/\/jornalfatosenoticias.com.br\/wp-content\/uploads\/2024\/09\/Legis-Juris-Consultoria_logo.jpg\" alt=\"\" class=\"wp-image-53915\" width=\"549\" height=\"230\" srcset=\"https:\/\/jornalfatosenoticias.com.br\/wp-content\/uploads\/2024\/09\/Legis-Juris-Consultoria_logo.jpg 969w, https:\/\/jornalfatosenoticias.com.br\/wp-content\/uploads\/2024\/09\/Legis-Juris-Consultoria_logo-300x126.jpg 300w, https:\/\/jornalfatosenoticias.com.br\/wp-content\/uploads\/2024\/09\/Legis-Juris-Consultoria_logo-768x322.jpg 768w\" sizes=\"auto, (max-width: 549px) 100vw, 549px\" \/><\/a><\/figure><\/div>\n\n\n\n<p>Nesse contexto, o Cecaf\u00e9 recebeu com preocupa\u00e7\u00e3o a iniciativa de <a href=\"https:\/\/www.gazetadopovo.com.br\/tudo-sobre\/lula\/\">Luiz In\u00e1cio Lula da Silva<\/a>\u00a0(PT) de autorizar uma\u00a0<a href=\"https:\/\/www.gazetadopovo.com.br\/economia\/lula-lei-reciprocidade-tarifas-trump\/\">an\u00e1lise sobre o uso da Lei de Reciprocidade Econ\u00f4mica<\/a> contra os Estados Unidos, no \u00faltimo dia 28. Para a entidade, o cen\u00e1rio necess\u00e1rio e mais coerente, neste momento, \u00e9 a manuten\u00e7\u00e3o do di\u00e1logo do setor privado com autoridades dos EUA.<\/p>\n\n\n\n<div class=\"wp-block-image\"><figure class=\"aligncenter size-large is-resized\"><a href=\"https:\/\/www.instagram.com\/esteio.churrascaria\/\"><img loading=\"lazy\" decoding=\"async\" src=\"https:\/\/jornalfatosenoticias.com.br\/wp-content\/uploads\/2022\/02\/LOGO-ESTEIO-1024x730.png\" alt=\"\" class=\"wp-image-27942\" width=\"348\" height=\"248\" srcset=\"https:\/\/jornalfatosenoticias.com.br\/wp-content\/uploads\/2022\/02\/LOGO-ESTEIO-1024x730.png 1024w, https:\/\/jornalfatosenoticias.com.br\/wp-content\/uploads\/2022\/02\/LOGO-ESTEIO-300x214.png 300w, https:\/\/jornalfatosenoticias.com.br\/wp-content\/uploads\/2022\/02\/LOGO-ESTEIO-768x548.png 768w, https:\/\/jornalfatosenoticias.com.br\/wp-content\/uploads\/2022\/02\/LOGO-ESTEIO.png 1123w\" sizes=\"auto, (max-width: 348px) 100vw, 348px\" \/><\/a><\/figure><\/div>\n\n\n\n<blockquote class=\"wp-block-quote is-layout-flow wp-block-quote-is-layout-flow\"><p><span class=\"has-inline-color has-luminous-vivid-orange-color\">Pensar na aplica\u00e7\u00e3o da Lei de Reciprocidade \u00e9 prematuro, uma vez que sequer houve uma reuni\u00e3o entre os governos de Brasil e EUA, al\u00e9m do fato de uma virtual aplica\u00e7\u00e3o dessa legisla\u00e7\u00e3o gerar dificuldades ao setor privado para conversar com seus pares norte-americanos, compradores de caf\u00e9, e impor ainda mais obst\u00e1culos para a conversa entre ambos os governos\u201d, manifestou o conselho <a href=\"https:\/\/www.cecafe.com.br\/publicacoes\/noticias\/nota-lei-reciprocidade-20250829\/\" target=\"_blank\" rel=\"noreferrer noopener\">em nota<\/a>.<\/span><\/p><\/blockquote>\n\n\n\n<div class=\"wp-block-image\"><figure class=\"aligncenter size-large\"><a href=\"https:\/\/www.controlsystems.com.br\/\"><img loading=\"lazy\" decoding=\"async\" width=\"1024\" height=\"109\" src=\"https:\/\/jornalfatosenoticias.com.br\/wp-content\/uploads\/2020\/02\/CONTROL-CS2-1024x109.jpg\" alt=\"\" class=\"wp-image-44989\" srcset=\"https:\/\/jornalfatosenoticias.com.br\/wp-content\/uploads\/2020\/02\/CONTROL-CS2-1024x109.jpg 1024w, https:\/\/jornalfatosenoticias.com.br\/wp-content\/uploads\/2020\/02\/CONTROL-CS2-300x32.jpg 300w, https:\/\/jornalfatosenoticias.com.br\/wp-content\/uploads\/2020\/02\/CONTROL-CS2-768x82.jpg 768w, https:\/\/jornalfatosenoticias.com.br\/wp-content\/uploads\/2020\/02\/CONTROL-CS2.jpg 1120w\" sizes=\"auto, (max-width: 1024px) 100vw, 1024px\" \/><\/a><\/figure><\/div>\n\n\n\n<p><strong>Fonte: <a href=\"https:\/\/www.gazetadopovo.com.br\/agronegocio\/preco-cafe-inflacao-tarifaco\/\">Gazeta do Povo<\/a><\/strong><\/p>\n","protected":false},"excerpt":{"rendered":"<p>Depois de acumular alta de 99,5% entre janeiro de 2024 e junho de 2025, pre\u00e7o do caf\u00e9 deve subir ainda mais Por C\u00e9lio Yano Para quem acha que o pre\u00e7o do caf\u00e9 est\u00e1 muito alto, as not\u00edcias n\u00e3o s\u00e3o nada boas. Depois de um leve recuo entre julho e agosto, quando recuou 2,17% pela medi\u00e7\u00e3o [&hellip;]<\/p>\n","protected":false},"author":2,"featured_media":61800,"comment_status":"open","ping_status":"open","sticky":false,"template":"","format":"standard","meta":{"footnotes":""},"categories":[9],"tags":[70,2319,28195,15744,2147,311,280,4182,15029,28196],"class_list":["post-61799","post","type-post","status-publish","format-standard","has-post-thumbnail","hentry","category-economia","tag-alimentos","tag-cafe","tag-commodity","tag-deflacao","tag-donald-trump","tag-exportacao","tag-industria","tag-inflacao","tag-preco","tag-tarifaco-sobre-exportacoes-brasileiras"],"yoast_head":"<!-- This site is optimized with the Yoast SEO plugin v26.5 - https:\/\/yoast.com\/wordpress\/plugins\/seo\/ -->\n<title>Vai piorar: ap\u00f3s breve al\u00edvio, pre\u00e7o do caf\u00e9 deve subir ainda mais - Jornal Fatos e Not\u00edcias<\/title>\n<meta name=\"robots\" content=\"index, follow, max-snippet:-1, max-image-preview:large, max-video-preview:-1\" \/>\n<link rel=\"canonical\" href=\"https:\/\/jornalfatosenoticias.com.br\/index.php\/2025\/09\/10\/vai-piorar-apos-breve-alivio-preco-do-cafe-deve-subir-ainda-mais\/\" \/>\n<meta property=\"og:locale\" content=\"pt_BR\" \/>\n<meta property=\"og:type\" content=\"article\" \/>\n<meta property=\"og:title\" content=\"Vai piorar: ap\u00f3s breve al\u00edvio, pre\u00e7o do caf\u00e9 deve subir ainda mais - Jornal Fatos e Not\u00edcias\" \/>\n<meta property=\"og:description\" content=\"Depois de acumular alta de 99,5% entre janeiro de 2024 e junho de 2025, pre\u00e7o do caf\u00e9 deve subir ainda mais Por C\u00e9lio Yano Para quem acha que o pre\u00e7o do caf\u00e9 est\u00e1 muito alto, as not\u00edcias n\u00e3o s\u00e3o nada boas. Depois de um leve recuo entre julho e agosto, quando recuou 2,17% pela medi\u00e7\u00e3o [&hellip;]\" \/>\n<meta property=\"og:url\" content=\"https:\/\/jornalfatosenoticias.com.br\/index.php\/2025\/09\/10\/vai-piorar-apos-breve-alivio-preco-do-cafe-deve-subir-ainda-mais\/\" \/>\n<meta property=\"og:site_name\" content=\"Jornal Fatos e Not\u00edcias\" \/>\n<meta property=\"article:published_time\" content=\"2025-09-10T18:44:23+00:00\" \/>\n<meta property=\"article:modified_time\" content=\"2025-09-10T18:44:24+00:00\" \/>\n<meta property=\"og:image\" content=\"https:\/\/jornalfatosenoticias.com.br\/wp-content\/uploads\/2025\/09\/preco-cafe-inflacao-tarifaco.jpg\" \/>\n\t<meta property=\"og:image:width\" content=\"1000\" \/>\n\t<meta property=\"og:image:height\" content=\"666\" \/>\n\t<meta property=\"og:image:type\" content=\"image\/jpeg\" \/>\n<meta name=\"author\" content=\"Luzimara Fernandes\" \/>\n<meta name=\"twitter:card\" content=\"summary_large_image\" \/>\n<meta name=\"twitter:label1\" content=\"Escrito por\" \/>\n\t<meta name=\"twitter:data1\" content=\"Luzimara Fernandes\" \/>\n\t<meta name=\"twitter:label2\" content=\"Est. tempo de leitura\" \/>\n\t<meta name=\"twitter:data2\" content=\"13 minutos\" \/>\n<script type=\"application\/ld+json\" class=\"yoast-schema-graph\">{\"@context\":\"https:\/\/schema.org\",\"@graph\":[{\"@type\":\"Article\",\"@id\":\"https:\/\/jornalfatosenoticias.com.br\/index.php\/2025\/09\/10\/vai-piorar-apos-breve-alivio-preco-do-cafe-deve-subir-ainda-mais\/#article\",\"isPartOf\":{\"@id\":\"https:\/\/jornalfatosenoticias.com.br\/index.php\/2025\/09\/10\/vai-piorar-apos-breve-alivio-preco-do-cafe-deve-subir-ainda-mais\/\"},\"author\":{\"name\":\"Luzimara Fernandes\",\"@id\":\"https:\/\/jornalfatosenoticias.com.br\/#\/schema\/person\/d63837fa13ac8666eb9e74e0985d6f81\"},\"headline\":\"Vai piorar: ap\u00f3s breve al\u00edvio, pre\u00e7o do caf\u00e9 deve subir ainda mais\",\"datePublished\":\"2025-09-10T18:44:23+00:00\",\"dateModified\":\"2025-09-10T18:44:24+00:00\",\"mainEntityOfPage\":{\"@id\":\"https:\/\/jornalfatosenoticias.com.br\/index.php\/2025\/09\/10\/vai-piorar-apos-breve-alivio-preco-do-cafe-deve-subir-ainda-mais\/\"},\"wordCount\":2646,\"commentCount\":0,\"publisher\":{\"@id\":\"https:\/\/jornalfatosenoticias.com.br\/#organization\"},\"image\":{\"@id\":\"https:\/\/jornalfatosenoticias.com.br\/index.php\/2025\/09\/10\/vai-piorar-apos-breve-alivio-preco-do-cafe-deve-subir-ainda-mais\/#primaryimage\"},\"thumbnailUrl\":\"https:\/\/jornalfatosenoticias.com.br\/wp-content\/uploads\/2025\/09\/preco-cafe-inflacao-tarifaco.jpg\",\"keywords\":[\"alimentos\",\"caf\u00e9\",\"commodity\",\"defla\u00e7\u00e3o\",\"Donald Trump\",\"exporta\u00e7\u00e3o\",\"ind\u00fastria\",\"infla\u00e7\u00e3o\",\"pre\u00e7o\",\"tarifa\u00e7o sobre exporta\u00e7\u00f5es brasileiras\"],\"articleSection\":[\"Economia\"],\"inLanguage\":\"pt-BR\",\"potentialAction\":[{\"@type\":\"CommentAction\",\"name\":\"Comment\",\"target\":[\"https:\/\/jornalfatosenoticias.com.br\/index.php\/2025\/09\/10\/vai-piorar-apos-breve-alivio-preco-do-cafe-deve-subir-ainda-mais\/#respond\"]}]},{\"@type\":\"WebPage\",\"@id\":\"https:\/\/jornalfatosenoticias.com.br\/index.php\/2025\/09\/10\/vai-piorar-apos-breve-alivio-preco-do-cafe-deve-subir-ainda-mais\/\",\"url\":\"https:\/\/jornalfatosenoticias.com.br\/index.php\/2025\/09\/10\/vai-piorar-apos-breve-alivio-preco-do-cafe-deve-subir-ainda-mais\/\",\"name\":\"Vai piorar: ap\u00f3s breve al\u00edvio, pre\u00e7o do caf\u00e9 deve subir ainda mais - Jornal Fatos e Not\u00edcias\",\"isPartOf\":{\"@id\":\"https:\/\/jornalfatosenoticias.com.br\/#website\"},\"primaryImageOfPage\":{\"@id\":\"https:\/\/jornalfatosenoticias.com.br\/index.php\/2025\/09\/10\/vai-piorar-apos-breve-alivio-preco-do-cafe-deve-subir-ainda-mais\/#primaryimage\"},\"image\":{\"@id\":\"https:\/\/jornalfatosenoticias.com.br\/index.php\/2025\/09\/10\/vai-piorar-apos-breve-alivio-preco-do-cafe-deve-subir-ainda-mais\/#primaryimage\"},\"thumbnailUrl\":\"https:\/\/jornalfatosenoticias.com.br\/wp-content\/uploads\/2025\/09\/preco-cafe-inflacao-tarifaco.jpg\",\"datePublished\":\"2025-09-10T18:44:23+00:00\",\"dateModified\":\"2025-09-10T18:44:24+00:00\",\"breadcrumb\":{\"@id\":\"https:\/\/jornalfatosenoticias.com.br\/index.php\/2025\/09\/10\/vai-piorar-apos-breve-alivio-preco-do-cafe-deve-subir-ainda-mais\/#breadcrumb\"},\"inLanguage\":\"pt-BR\",\"potentialAction\":[{\"@type\":\"ReadAction\",\"target\":[\"https:\/\/jornalfatosenoticias.com.br\/index.php\/2025\/09\/10\/vai-piorar-apos-breve-alivio-preco-do-cafe-deve-subir-ainda-mais\/\"]}]},{\"@type\":\"ImageObject\",\"inLanguage\":\"pt-BR\",\"@id\":\"https:\/\/jornalfatosenoticias.com.br\/index.php\/2025\/09\/10\/vai-piorar-apos-breve-alivio-preco-do-cafe-deve-subir-ainda-mais\/#primaryimage\",\"url\":\"https:\/\/jornalfatosenoticias.com.br\/wp-content\/uploads\/2025\/09\/preco-cafe-inflacao-tarifaco.jpg\",\"contentUrl\":\"https:\/\/jornalfatosenoticias.com.br\/wp-content\/uploads\/2025\/09\/preco-cafe-inflacao-tarifaco.jpg\",\"width\":1000,\"height\":666},{\"@type\":\"BreadcrumbList\",\"@id\":\"https:\/\/jornalfatosenoticias.com.br\/index.php\/2025\/09\/10\/vai-piorar-apos-breve-alivio-preco-do-cafe-deve-subir-ainda-mais\/#breadcrumb\",\"itemListElement\":[{\"@type\":\"ListItem\",\"position\":1,\"name\":\"In\u00edcio\",\"item\":\"https:\/\/jornalfatosenoticias.com.br\/\"},{\"@type\":\"ListItem\",\"position\":2,\"name\":\"Vai piorar: ap\u00f3s breve al\u00edvio, pre\u00e7o do caf\u00e9 deve subir ainda mais\"}]},{\"@type\":\"WebSite\",\"@id\":\"https:\/\/jornalfatosenoticias.com.br\/#website\",\"url\":\"https:\/\/jornalfatosenoticias.com.br\/\",\"name\":\"Jornal Fatos e Not\u00edcias\",\"description\":\"Not\u00edcias em geral\",\"publisher\":{\"@id\":\"https:\/\/jornalfatosenoticias.com.br\/#organization\"},\"potentialAction\":[{\"@type\":\"SearchAction\",\"target\":{\"@type\":\"EntryPoint\",\"urlTemplate\":\"https:\/\/jornalfatosenoticias.com.br\/?s={search_term_string}\"},\"query-input\":{\"@type\":\"PropertyValueSpecification\",\"valueRequired\":true,\"valueName\":\"search_term_string\"}}],\"inLanguage\":\"pt-BR\"},{\"@type\":\"Organization\",\"@id\":\"https:\/\/jornalfatosenoticias.com.br\/#organization\",\"name\":\"Jornal Fatos e Not\u00edcias\",\"url\":\"https:\/\/jornalfatosenoticias.com.br\/\",\"logo\":{\"@type\":\"ImageObject\",\"inLanguage\":\"pt-BR\",\"@id\":\"https:\/\/jornalfatosenoticias.com.br\/#\/schema\/logo\/image\/\",\"url\":\"https:\/\/jornalfatosenoticias.com.br\/wp-content\/uploads\/2020\/02\/logo120.png\",\"contentUrl\":\"https:\/\/jornalfatosenoticias.com.br\/wp-content\/uploads\/2020\/02\/logo120.png\",\"width\":1227,\"height\":120,\"caption\":\"Jornal Fatos e Not\u00edcias\"},\"image\":{\"@id\":\"https:\/\/jornalfatosenoticias.com.br\/#\/schema\/logo\/image\/\"}},{\"@type\":\"Person\",\"@id\":\"https:\/\/jornalfatosenoticias.com.br\/#\/schema\/person\/d63837fa13ac8666eb9e74e0985d6f81\",\"name\":\"Luzimara Fernandes\",\"image\":{\"@type\":\"ImageObject\",\"inLanguage\":\"pt-BR\",\"@id\":\"https:\/\/jornalfatosenoticias.com.br\/#\/schema\/person\/image\/\",\"url\":\"https:\/\/jornalfatosenoticias.com.br\/wp-content\/uploads\/2025\/05\/EU_portal.jpg\",\"contentUrl\":\"https:\/\/jornalfatosenoticias.com.br\/wp-content\/uploads\/2025\/05\/EU_portal.jpg\",\"caption\":\"Luzimara Fernandes\"},\"description\":\"Jornalista MTB 2358-ES\",\"sameAs\":[\"https:\/\/jornalfatosenoticias.com.br\"],\"url\":\"https:\/\/jornalfatosenoticias.com.br\/index.php\/author\/luzimara\/\"}]}<\/script>\n<!-- \/ Yoast SEO plugin. -->","yoast_head_json":{"title":"Vai piorar: ap\u00f3s breve al\u00edvio, pre\u00e7o do caf\u00e9 deve subir ainda mais - Jornal Fatos e Not\u00edcias","robots":{"index":"index","follow":"follow","max-snippet":"max-snippet:-1","max-image-preview":"max-image-preview:large","max-video-preview":"max-video-preview:-1"},"canonical":"https:\/\/jornalfatosenoticias.com.br\/index.php\/2025\/09\/10\/vai-piorar-apos-breve-alivio-preco-do-cafe-deve-subir-ainda-mais\/","og_locale":"pt_BR","og_type":"article","og_title":"Vai piorar: ap\u00f3s breve al\u00edvio, pre\u00e7o do caf\u00e9 deve subir ainda mais - Jornal Fatos e Not\u00edcias","og_description":"Depois de acumular alta de 99,5% entre janeiro de 2024 e junho de 2025, pre\u00e7o do caf\u00e9 deve subir ainda mais Por C\u00e9lio Yano Para quem acha que o pre\u00e7o do caf\u00e9 est\u00e1 muito alto, as not\u00edcias n\u00e3o s\u00e3o nada boas. Depois de um leve recuo entre julho e agosto, quando recuou 2,17% pela medi\u00e7\u00e3o [&hellip;]","og_url":"https:\/\/jornalfatosenoticias.com.br\/index.php\/2025\/09\/10\/vai-piorar-apos-breve-alivio-preco-do-cafe-deve-subir-ainda-mais\/","og_site_name":"Jornal Fatos e Not\u00edcias","article_published_time":"2025-09-10T18:44:23+00:00","article_modified_time":"2025-09-10T18:44:24+00:00","og_image":[{"width":1000,"height":666,"url":"https:\/\/jornalfatosenoticias.com.br\/wp-content\/uploads\/2025\/09\/preco-cafe-inflacao-tarifaco.jpg","type":"image\/jpeg"}],"author":"Luzimara Fernandes","twitter_card":"summary_large_image","twitter_misc":{"Escrito por":"Luzimara Fernandes","Est. tempo de leitura":"13 minutos"},"schema":{"@context":"https:\/\/schema.org","@graph":[{"@type":"Article","@id":"https:\/\/jornalfatosenoticias.com.br\/index.php\/2025\/09\/10\/vai-piorar-apos-breve-alivio-preco-do-cafe-deve-subir-ainda-mais\/#article","isPartOf":{"@id":"https:\/\/jornalfatosenoticias.com.br\/index.php\/2025\/09\/10\/vai-piorar-apos-breve-alivio-preco-do-cafe-deve-subir-ainda-mais\/"},"author":{"name":"Luzimara Fernandes","@id":"https:\/\/jornalfatosenoticias.com.br\/#\/schema\/person\/d63837fa13ac8666eb9e74e0985d6f81"},"headline":"Vai piorar: ap\u00f3s breve al\u00edvio, pre\u00e7o do caf\u00e9 deve subir ainda mais","datePublished":"2025-09-10T18:44:23+00:00","dateModified":"2025-09-10T18:44:24+00:00","mainEntityOfPage":{"@id":"https:\/\/jornalfatosenoticias.com.br\/index.php\/2025\/09\/10\/vai-piorar-apos-breve-alivio-preco-do-cafe-deve-subir-ainda-mais\/"},"wordCount":2646,"commentCount":0,"publisher":{"@id":"https:\/\/jornalfatosenoticias.com.br\/#organization"},"image":{"@id":"https:\/\/jornalfatosenoticias.com.br\/index.php\/2025\/09\/10\/vai-piorar-apos-breve-alivio-preco-do-cafe-deve-subir-ainda-mais\/#primaryimage"},"thumbnailUrl":"https:\/\/jornalfatosenoticias.com.br\/wp-content\/uploads\/2025\/09\/preco-cafe-inflacao-tarifaco.jpg","keywords":["alimentos","caf\u00e9","commodity","defla\u00e7\u00e3o","Donald Trump","exporta\u00e7\u00e3o","ind\u00fastria","infla\u00e7\u00e3o","pre\u00e7o","tarifa\u00e7o sobre exporta\u00e7\u00f5es brasileiras"],"articleSection":["Economia"],"inLanguage":"pt-BR","potentialAction":[{"@type":"CommentAction","name":"Comment","target":["https:\/\/jornalfatosenoticias.com.br\/index.php\/2025\/09\/10\/vai-piorar-apos-breve-alivio-preco-do-cafe-deve-subir-ainda-mais\/#respond"]}]},{"@type":"WebPage","@id":"https:\/\/jornalfatosenoticias.com.br\/index.php\/2025\/09\/10\/vai-piorar-apos-breve-alivio-preco-do-cafe-deve-subir-ainda-mais\/","url":"https:\/\/jornalfatosenoticias.com.br\/index.php\/2025\/09\/10\/vai-piorar-apos-breve-alivio-preco-do-cafe-deve-subir-ainda-mais\/","name":"Vai piorar: ap\u00f3s breve al\u00edvio, pre\u00e7o do caf\u00e9 deve subir ainda mais - Jornal Fatos e Not\u00edcias","isPartOf":{"@id":"https:\/\/jornalfatosenoticias.com.br\/#website"},"primaryImageOfPage":{"@id":"https:\/\/jornalfatosenoticias.com.br\/index.php\/2025\/09\/10\/vai-piorar-apos-breve-alivio-preco-do-cafe-deve-subir-ainda-mais\/#primaryimage"},"image":{"@id":"https:\/\/jornalfatosenoticias.com.br\/index.php\/2025\/09\/10\/vai-piorar-apos-breve-alivio-preco-do-cafe-deve-subir-ainda-mais\/#primaryimage"},"thumbnailUrl":"https:\/\/jornalfatosenoticias.com.br\/wp-content\/uploads\/2025\/09\/preco-cafe-inflacao-tarifaco.jpg","datePublished":"2025-09-10T18:44:23+00:00","dateModified":"2025-09-10T18:44:24+00:00","breadcrumb":{"@id":"https:\/\/jornalfatosenoticias.com.br\/index.php\/2025\/09\/10\/vai-piorar-apos-breve-alivio-preco-do-cafe-deve-subir-ainda-mais\/#breadcrumb"},"inLanguage":"pt-BR","potentialAction":[{"@type":"ReadAction","target":["https:\/\/jornalfatosenoticias.com.br\/index.php\/2025\/09\/10\/vai-piorar-apos-breve-alivio-preco-do-cafe-deve-subir-ainda-mais\/"]}]},{"@type":"ImageObject","inLanguage":"pt-BR","@id":"https:\/\/jornalfatosenoticias.com.br\/index.php\/2025\/09\/10\/vai-piorar-apos-breve-alivio-preco-do-cafe-deve-subir-ainda-mais\/#primaryimage","url":"https:\/\/jornalfatosenoticias.com.br\/wp-content\/uploads\/2025\/09\/preco-cafe-inflacao-tarifaco.jpg","contentUrl":"https:\/\/jornalfatosenoticias.com.br\/wp-content\/uploads\/2025\/09\/preco-cafe-inflacao-tarifaco.jpg","width":1000,"height":666},{"@type":"BreadcrumbList","@id":"https:\/\/jornalfatosenoticias.com.br\/index.php\/2025\/09\/10\/vai-piorar-apos-breve-alivio-preco-do-cafe-deve-subir-ainda-mais\/#breadcrumb","itemListElement":[{"@type":"ListItem","position":1,"name":"In\u00edcio","item":"https:\/\/jornalfatosenoticias.com.br\/"},{"@type":"ListItem","position":2,"name":"Vai piorar: ap\u00f3s breve al\u00edvio, pre\u00e7o do caf\u00e9 deve subir ainda mais"}]},{"@type":"WebSite","@id":"https:\/\/jornalfatosenoticias.com.br\/#website","url":"https:\/\/jornalfatosenoticias.com.br\/","name":"Jornal Fatos e Not\u00edcias","description":"Not\u00edcias em geral","publisher":{"@id":"https:\/\/jornalfatosenoticias.com.br\/#organization"},"potentialAction":[{"@type":"SearchAction","target":{"@type":"EntryPoint","urlTemplate":"https:\/\/jornalfatosenoticias.com.br\/?s={search_term_string}"},"query-input":{"@type":"PropertyValueSpecification","valueRequired":true,"valueName":"search_term_string"}}],"inLanguage":"pt-BR"},{"@type":"Organization","@id":"https:\/\/jornalfatosenoticias.com.br\/#organization","name":"Jornal Fatos e Not\u00edcias","url":"https:\/\/jornalfatosenoticias.com.br\/","logo":{"@type":"ImageObject","inLanguage":"pt-BR","@id":"https:\/\/jornalfatosenoticias.com.br\/#\/schema\/logo\/image\/","url":"https:\/\/jornalfatosenoticias.com.br\/wp-content\/uploads\/2020\/02\/logo120.png","contentUrl":"https:\/\/jornalfatosenoticias.com.br\/wp-content\/uploads\/2020\/02\/logo120.png","width":1227,"height":120,"caption":"Jornal Fatos e Not\u00edcias"},"image":{"@id":"https:\/\/jornalfatosenoticias.com.br\/#\/schema\/logo\/image\/"}},{"@type":"Person","@id":"https:\/\/jornalfatosenoticias.com.br\/#\/schema\/person\/d63837fa13ac8666eb9e74e0985d6f81","name":"Luzimara Fernandes","image":{"@type":"ImageObject","inLanguage":"pt-BR","@id":"https:\/\/jornalfatosenoticias.com.br\/#\/schema\/person\/image\/","url":"https:\/\/jornalfatosenoticias.com.br\/wp-content\/uploads\/2025\/05\/EU_portal.jpg","contentUrl":"https:\/\/jornalfatosenoticias.com.br\/wp-content\/uploads\/2025\/05\/EU_portal.jpg","caption":"Luzimara Fernandes"},"description":"Jornalista MTB 2358-ES","sameAs":["https:\/\/jornalfatosenoticias.com.br"],"url":"https:\/\/jornalfatosenoticias.com.br\/index.php\/author\/luzimara\/"}]}},"cc_featured_image_caption":{"caption_text":"(Imagem: criada por Dall-E\/Gazeta do Povo)\r\n","source_text":"","source_url":""},"jetpack_featured_media_url":"https:\/\/jornalfatosenoticias.com.br\/wp-content\/uploads\/2025\/09\/preco-cafe-inflacao-tarifaco.jpg","_links":{"self":[{"href":"https:\/\/jornalfatosenoticias.com.br\/index.php\/wp-json\/wp\/v2\/posts\/61799","targetHints":{"allow":["GET"]}}],"collection":[{"href":"https:\/\/jornalfatosenoticias.com.br\/index.php\/wp-json\/wp\/v2\/posts"}],"about":[{"href":"https:\/\/jornalfatosenoticias.com.br\/index.php\/wp-json\/wp\/v2\/types\/post"}],"author":[{"embeddable":true,"href":"https:\/\/jornalfatosenoticias.com.br\/index.php\/wp-json\/wp\/v2\/users\/2"}],"replies":[{"embeddable":true,"href":"https:\/\/jornalfatosenoticias.com.br\/index.php\/wp-json\/wp\/v2\/comments?post=61799"}],"version-history":[{"count":0,"href":"https:\/\/jornalfatosenoticias.com.br\/index.php\/wp-json\/wp\/v2\/posts\/61799\/revisions"}],"wp:featuredmedia":[{"embeddable":true,"href":"https:\/\/jornalfatosenoticias.com.br\/index.php\/wp-json\/wp\/v2\/media\/61800"}],"wp:attachment":[{"href":"https:\/\/jornalfatosenoticias.com.br\/index.php\/wp-json\/wp\/v2\/media?parent=61799"}],"wp:term":[{"taxonomy":"category","embeddable":true,"href":"https:\/\/jornalfatosenoticias.com.br\/index.php\/wp-json\/wp\/v2\/categories?post=61799"},{"taxonomy":"post_tag","embeddable":true,"href":"https:\/\/jornalfatosenoticias.com.br\/index.php\/wp-json\/wp\/v2\/tags?post=61799"}],"curies":[{"name":"wp","href":"https:\/\/api.w.org\/{rel}","templated":true}]}}