{"id":61802,"date":"2025-09-10T16:01:20","date_gmt":"2025-09-10T19:01:20","guid":{"rendered":"https:\/\/jornalfatosenoticias.com.br\/?p=61802"},"modified":"2025-09-10T16:03:45","modified_gmt":"2025-09-10T19:03:45","slug":"samarco-reafirma-retomada-gradual-segura-e-comprometida-com-a-sustentabilidade","status":"publish","type":"post","link":"https:\/\/jornalfatosenoticias.com.br\/index.php\/2025\/09\/10\/samarco-reafirma-retomada-gradual-segura-e-comprometida-com-a-sustentabilidade\/","title":{"rendered":"Samarco reafirma retomada gradual, segura e comprometida com a sustentabilidade"},"content":{"rendered":"\n<p><em><span class=\"has-inline-color has-black-color\">Durante o CBMINA 2025 a Samarco apresentou as a\u00e7\u00f5es que marcam sua trajet\u00f3ria de retomada produtiva de forma gradual e segura<\/span><\/em><\/p>\n\n\n\n<p><span class=\"has-inline-color has-black-color\">Por <strong>Assessoria de Comunica\u00e7\u00e3o<\/strong><\/span><\/p>\n\n\n\n<div class=\"wp-block-image\"><figure class=\"aligncenter size-large\"><a href=\"https:\/\/mizu.com.br\/\"><img loading=\"lazy\" decoding=\"async\" width=\"729\" height=\"90\" src=\"https:\/\/jornalfatosenoticias.com.br\/wp-content\/uploads\/2020\/02\/Logo_Mizu.png\" alt=\"\" class=\"wp-image-1441\" srcset=\"https:\/\/jornalfatosenoticias.com.br\/wp-content\/uploads\/2020\/02\/Logo_Mizu.png 729w, https:\/\/jornalfatosenoticias.com.br\/wp-content\/uploads\/2020\/02\/Logo_Mizu-300x37.png 300w\" sizes=\"auto, (max-width: 729px) 100vw, 729px\" \/><\/a><\/figure><\/div>\n\n\n\n<p>Durante a 12.\u00aa edi\u00e7\u00e3o do Congresso Brasileiro de Mina a C\u00e9u Aberto e Mina Subterr\u00e2nea (CBMINA), realizado entre 26 e 28 de agosto, em Ouro Preto (MG), a Samarco apresentou as a\u00e7\u00f5es que marcam sua trajet\u00f3ria de retomada produtiva de forma gradual e segura, reafirmando seu compromisso com a sustentabilidade. O evento, promovido pelo Instituto Brasileiro de Minera\u00e7\u00e3o (Ibram), em parceria com a Universidade Federal de Minas Gerais (UFMG) e a Universidade Federal de Ouro Preto (UFOP), reuniu especialistas, pesquisadores e lideran\u00e7as para debater tend\u00eancias, desafios e solu\u00e7\u00f5es para o setor mineral.<br>Na abertura, o presidente da Samarco, Rodrigo Vilela, ressaltou a retomada gradual das opera\u00e7\u00f5es da empresa, que, mesmo operando com 60% de sua capacidade, j\u00e1 figura como a segunda maior exportadora de pelotas do pa\u00eds. \u201cEsse \u00e9 um marco importante, que reflete resili\u00eancia, responsabilidade e efici\u00eancia\u201d, comentou o CEO. Vilela comentou tamb\u00e9m sobre o atual cen\u00e1rio da minera\u00e7\u00e3o, destacando uma mudan\u00e7a de paradigma no setor.<\/p>\n\n\n\n<div class=\"wp-block-image\"><figure class=\"aligncenter size-large is-resized\"><img loading=\"lazy\" decoding=\"async\" src=\"https:\/\/jornalfatosenoticias.com.br\/wp-content\/uploads\/2025\/09\/CBMINA_Rodrigo-Vilela-presidente-da-Samarco-credito-Divulgacao-Ibram.jpg\" alt=\"\" class=\"wp-image-61803\" width=\"580\" height=\"387\" srcset=\"https:\/\/jornalfatosenoticias.com.br\/wp-content\/uploads\/2025\/09\/CBMINA_Rodrigo-Vilela-presidente-da-Samarco-credito-Divulgacao-Ibram.jpg 1000w, https:\/\/jornalfatosenoticias.com.br\/wp-content\/uploads\/2025\/09\/CBMINA_Rodrigo-Vilela-presidente-da-Samarco-credito-Divulgacao-Ibram-300x200.jpg 300w, https:\/\/jornalfatosenoticias.com.br\/wp-content\/uploads\/2025\/09\/CBMINA_Rodrigo-Vilela-presidente-da-Samarco-credito-Divulgacao-Ibram-768x513.jpg 768w\" sizes=\"auto, (max-width: 580px) 100vw, 580px\" \/><figcaption><em><span class=\"has-inline-color has-black-color\">Rodrigo Vilela, presidente da Samarco (Foto: Divulga\u00e7\u00e3o Ibram)<\/span><\/em><\/figcaption><\/figure><\/div>\n\n\n\n<blockquote class=\"wp-block-quote is-layout-flow wp-block-quote-is-layout-flow\"><p><span class=\"has-inline-color has-luminous-vivid-orange-color\">Pela primeira vez, a minera\u00e7\u00e3o est\u00e1 sendo reconhecida como parte fundamental da transi\u00e7\u00e3o energ\u00e9tica e da constru\u00e7\u00e3o de um futuro sustent\u00e1vel. Isso \u00e9 essencial\u201d, afirmou, refor\u00e7ando o compromisso da Samarco com pr\u00e1ticas inovadoras, respons\u00e1veis e alinhadas aos desafios globais.<\/span><\/p><\/blockquote>\n\n\n\n<div class=\"wp-block-image\"><figure class=\"aligncenter size-large\"><a href=\"http:\/\/www.ferrarimaquinas.com.br\/\"><img loading=\"lazy\" decoding=\"async\" width=\"300\" height=\"250\" src=\"https:\/\/jornalfatosenoticias.com.br\/wp-content\/uploads\/2022\/02\/FERRARI_MAQUINAS-E-FERRAMENTAS2.jpg\" alt=\"\" class=\"wp-image-27860\"\/><\/a><\/figure><\/div>\n\n\n\n<p>Segundo Vilela, mais do que extrair e beneficiar min\u00e9rio de ferro, a Samarco entende que a minera\u00e7\u00e3o exerce um papel estrat\u00e9gico para o futuro do planeta \u2014 da viabiliza\u00e7\u00e3o da transi\u00e7\u00e3o energ\u00e9tica \u00e0 seguran\u00e7a alimentar, passando pelo avan\u00e7o tecnol\u00f3gico. \u201cVivemos um momento decisivo para reposicionar nosso setor. A minera\u00e7\u00e3o precisa ser vista n\u00e3o apenas como extra\u00e7\u00e3o, mas como transforma\u00e7\u00e3o, gera\u00e7\u00e3o de valor e contribui\u00e7\u00e3o concreta para a descarboniza\u00e7\u00e3o e o desenvolvimento sustent\u00e1vel\u201d.<\/p>\n\n\n\n<div class=\"wp-block-image\"><figure class=\"aligncenter size-large\"><img loading=\"lazy\" decoding=\"async\" width=\"960\" height=\"642\" src=\"https:\/\/jornalfatosenoticias.com.br\/wp-content\/uploads\/2025\/09\/CBMINA_credito-Divulgacao-Ibram.jpg\" alt=\"\" class=\"wp-image-61804\" srcset=\"https:\/\/jornalfatosenoticias.com.br\/wp-content\/uploads\/2025\/09\/CBMINA_credito-Divulgacao-Ibram.jpg 960w, https:\/\/jornalfatosenoticias.com.br\/wp-content\/uploads\/2025\/09\/CBMINA_credito-Divulgacao-Ibram-300x201.jpg 300w, https:\/\/jornalfatosenoticias.com.br\/wp-content\/uploads\/2025\/09\/CBMINA_credito-Divulgacao-Ibram-768x514.jpg 768w\" sizes=\"auto, (max-width: 960px) 100vw, 960px\" \/><figcaption><em><span class=\"has-inline-color has-black-color\">CBMINA (Foto: Divulga\u00e7\u00e3o Ibram)<\/span><\/em><\/figcaption><\/figure><\/div>\n\n\n\n<p><strong><span class=\"has-inline-color has-vivid-green-cyan-color\">Li\u00e7\u00f5es aprendidas<br><\/span><\/strong>No \u00faltimo dia do evento, profissionais da Samarco conduziram o painel \u201cUma d\u00e9cada de aprendizados: avan\u00e7os t\u00e9cnicos em gest\u00e3o de rejeitos e seguran\u00e7a de estruturas ap\u00f3s o rompimento da barragem de Fund\u00e3o\u201d. A apresenta\u00e7\u00e3o reuniu Jo\u00e3o Paulo Chiste, gerente de Geotecnia de Barragens, e os engenheiros especialistas Anelisa Vasconcelos e Wanderson Silv\u00e9rio Silva, que compartilharam experi\u00eancias adquiridas ao longo dos \u00faltimos anos, ap\u00f3s o rompimento, que jamais ser\u00e1 esquecido.<\/p>\n\n\n\n<div class=\"wp-block-image\"><figure class=\"aligncenter size-large is-resized\"><a href=\"https:\/\/www.instagram.com\/rcradiadores\/\"><img loading=\"lazy\" decoding=\"async\" src=\"https:\/\/jornalfatosenoticias.com.br\/wp-content\/uploads\/2022\/10\/RC_800x750_page-0001.jpg\" alt=\"\" class=\"wp-image-35338\" width=\"319\" height=\"299\" srcset=\"https:\/\/jornalfatosenoticias.com.br\/wp-content\/uploads\/2022\/10\/RC_800x750_page-0001.jpg 400w, https:\/\/jornalfatosenoticias.com.br\/wp-content\/uploads\/2022\/10\/RC_800x750_page-0001-300x281.jpg 300w\" sizes=\"auto, (max-width: 319px) 100vw, 319px\" \/><\/a><\/figure><\/div>\n\n\n\n<p>O painel destacou as obras emergenciais realizadas no Complexo de Germano logo ap\u00f3s o rompimento, a descaracteriza\u00e7\u00e3o da Cava e da Barragem do Germano e a evolu\u00e7\u00e3o nos sistemas de monitoramento e das pr\u00e1ticas de seguran\u00e7a de barragens, que conta com o Centro de Monitoramento e Inspe\u00e7\u00e3o (CMI). A descaracteriza\u00e7\u00e3o da Cava do Germano foi conclu\u00edda em julho de 2023 e as obras na barragem do Germano seguem em est\u00e1gio avan\u00e7ado, com 92% das interven\u00e7\u00f5es finalizadas e previs\u00e3o de t\u00e9rmino em 2026, antes do prazo previsto. Os profissionais tamb\u00e9m apresentaram solu\u00e7\u00f5es inovadoras no reaproveitamento de rejeitos, com o uso de intelig\u00eancia artificial para otimizar processos e reduzir impactos ambientais.<\/p>\n\n\n\n<div class=\"wp-block-image\"><figure class=\"aligncenter size-large is-resized\"><a href=\"https:\/\/www.instagram.com\/gruposei\/\"><img loading=\"lazy\" decoding=\"async\" src=\"https:\/\/jornalfatosenoticias.com.br\/wp-content\/uploads\/2022\/07\/Logo-Grupo-SEI.jpg\" alt=\"\" class=\"wp-image-31973\" width=\"372\" height=\"195\" srcset=\"https:\/\/jornalfatosenoticias.com.br\/wp-content\/uploads\/2022\/07\/Logo-Grupo-SEI.jpg 713w, https:\/\/jornalfatosenoticias.com.br\/wp-content\/uploads\/2022\/07\/Logo-Grupo-SEI-300x158.jpg 300w\" sizes=\"auto, (max-width: 372px) 100vw, 372px\" \/><\/a><\/figure><\/div>\n\n\n\n<p><\/p>\n","protected":false},"excerpt":{"rendered":"<p>Durante o CBMINA 2025 a Samarco apresentou as a\u00e7\u00f5es que marcam sua trajet\u00f3ria de retomada produtiva de forma gradual e segura Por Assessoria de Comunica\u00e7\u00e3o Durante a 12.\u00aa edi\u00e7\u00e3o do Congresso Brasileiro de Mina a C\u00e9u Aberto e Mina Subterr\u00e2nea (CBMINA), realizado entre 26 e 28 de agosto, em Ouro Preto (MG), a Samarco apresentou [&hellip;]<\/p>\n","protected":false},"author":2,"featured_media":61805,"comment_status":"open","ping_status":"open","sticky":false,"template":"","format":"standard","meta":{"footnotes":""},"categories":[5],"tags":[28197,28200,5003,10600,28198,750,734,3469,28199],"class_list":["post-61802","post","type-post","status-publish","format-standard","has-post-thumbnail","hentry","category-geral","tag-barragem-do-germano","tag-cbmina","tag-ibram","tag-mineracao","tag-rodrigo-vilela","tag-samarco","tag-sustentabilidade","tag-ufmg","tag-ufop"],"yoast_head":"<!-- This site is optimized with the Yoast SEO plugin v26.5 - https:\/\/yoast.com\/wordpress\/plugins\/seo\/ -->\n<title>Samarco reafirma retomada gradual, segura e comprometida com a sustentabilidade - Jornal Fatos e Not\u00edcias<\/title>\n<meta name=\"robots\" content=\"index, follow, max-snippet:-1, max-image-preview:large, max-video-preview:-1\" \/>\n<link rel=\"canonical\" href=\"https:\/\/jornalfatosenoticias.com.br\/index.php\/2025\/09\/10\/samarco-reafirma-retomada-gradual-segura-e-comprometida-com-a-sustentabilidade\/\" \/>\n<meta property=\"og:locale\" content=\"pt_BR\" \/>\n<meta property=\"og:type\" content=\"article\" \/>\n<meta property=\"og:title\" content=\"Samarco reafirma retomada gradual, segura e comprometida com a sustentabilidade - Jornal Fatos e Not\u00edcias\" \/>\n<meta property=\"og:description\" content=\"Durante o CBMINA 2025 a Samarco apresentou as a\u00e7\u00f5es que marcam sua trajet\u00f3ria de retomada produtiva de forma gradual e segura Por Assessoria de Comunica\u00e7\u00e3o Durante a 12.\u00aa edi\u00e7\u00e3o do Congresso Brasileiro de Mina a C\u00e9u Aberto e Mina Subterr\u00e2nea (CBMINA), realizado entre 26 e 28 de agosto, em Ouro Preto (MG), a Samarco apresentou [&hellip;]\" \/>\n<meta property=\"og:url\" content=\"https:\/\/jornalfatosenoticias.com.br\/index.php\/2025\/09\/10\/samarco-reafirma-retomada-gradual-segura-e-comprometida-com-a-sustentabilidade\/\" \/>\n<meta property=\"og:site_name\" content=\"Jornal Fatos e Not\u00edcias\" \/>\n<meta property=\"article:published_time\" content=\"2025-09-10T19:01:20+00:00\" \/>\n<meta property=\"article:modified_time\" content=\"2025-09-10T19:03:45+00:00\" \/>\n<meta property=\"og:image\" content=\"https:\/\/jornalfatosenoticias.com.br\/wp-content\/uploads\/2025\/09\/Complexo-Germano-Planta-Operacional-Samarco.jpg\" \/>\n\t<meta property=\"og:image:width\" content=\"1000\" \/>\n\t<meta property=\"og:image:height\" content=\"563\" \/>\n\t<meta property=\"og:image:type\" content=\"image\/jpeg\" \/>\n<meta name=\"author\" content=\"Luzimara Fernandes\" \/>\n<meta name=\"twitter:card\" content=\"summary_large_image\" \/>\n<meta name=\"twitter:label1\" content=\"Escrito por\" \/>\n\t<meta name=\"twitter:data1\" content=\"Luzimara Fernandes\" \/>\n\t<meta name=\"twitter:label2\" content=\"Est. tempo de leitura\" \/>\n\t<meta name=\"twitter:data2\" content=\"3 minutos\" \/>\n<script type=\"application\/ld+json\" class=\"yoast-schema-graph\">{\"@context\":\"https:\/\/schema.org\",\"@graph\":[{\"@type\":\"Article\",\"@id\":\"https:\/\/jornalfatosenoticias.com.br\/index.php\/2025\/09\/10\/samarco-reafirma-retomada-gradual-segura-e-comprometida-com-a-sustentabilidade\/#article\",\"isPartOf\":{\"@id\":\"https:\/\/jornalfatosenoticias.com.br\/index.php\/2025\/09\/10\/samarco-reafirma-retomada-gradual-segura-e-comprometida-com-a-sustentabilidade\/\"},\"author\":{\"name\":\"Luzimara Fernandes\",\"@id\":\"https:\/\/jornalfatosenoticias.com.br\/#\/schema\/person\/d63837fa13ac8666eb9e74e0985d6f81\"},\"headline\":\"Samarco reafirma retomada gradual, segura e comprometida com a sustentabilidade\",\"datePublished\":\"2025-09-10T19:01:20+00:00\",\"dateModified\":\"2025-09-10T19:03:45+00:00\",\"mainEntityOfPage\":{\"@id\":\"https:\/\/jornalfatosenoticias.com.br\/index.php\/2025\/09\/10\/samarco-reafirma-retomada-gradual-segura-e-comprometida-com-a-sustentabilidade\/\"},\"wordCount\":559,\"commentCount\":0,\"publisher\":{\"@id\":\"https:\/\/jornalfatosenoticias.com.br\/#organization\"},\"image\":{\"@id\":\"https:\/\/jornalfatosenoticias.com.br\/index.php\/2025\/09\/10\/samarco-reafirma-retomada-gradual-segura-e-comprometida-com-a-sustentabilidade\/#primaryimage\"},\"thumbnailUrl\":\"https:\/\/jornalfatosenoticias.com.br\/wp-content\/uploads\/2025\/09\/Complexo-Germano-Planta-Operacional-Samarco.jpg\",\"keywords\":[\"barragem do Germano\",\"CBMINA\",\"Ibram\",\"minera\u00e7\u00e3o\",\"Rodrigo Vilela\",\"Samarco\",\"sustentabilidade\",\"UFMG\",\"UFOP\"],\"articleSection\":[\"Geral\"],\"inLanguage\":\"pt-BR\",\"potentialAction\":[{\"@type\":\"CommentAction\",\"name\":\"Comment\",\"target\":[\"https:\/\/jornalfatosenoticias.com.br\/index.php\/2025\/09\/10\/samarco-reafirma-retomada-gradual-segura-e-comprometida-com-a-sustentabilidade\/#respond\"]}]},{\"@type\":\"WebPage\",\"@id\":\"https:\/\/jornalfatosenoticias.com.br\/index.php\/2025\/09\/10\/samarco-reafirma-retomada-gradual-segura-e-comprometida-com-a-sustentabilidade\/\",\"url\":\"https:\/\/jornalfatosenoticias.com.br\/index.php\/2025\/09\/10\/samarco-reafirma-retomada-gradual-segura-e-comprometida-com-a-sustentabilidade\/\",\"name\":\"Samarco reafirma retomada gradual, segura e comprometida com a sustentabilidade - Jornal Fatos e Not\u00edcias\",\"isPartOf\":{\"@id\":\"https:\/\/jornalfatosenoticias.com.br\/#website\"},\"primaryImageOfPage\":{\"@id\":\"https:\/\/jornalfatosenoticias.com.br\/index.php\/2025\/09\/10\/samarco-reafirma-retomada-gradual-segura-e-comprometida-com-a-sustentabilidade\/#primaryimage\"},\"image\":{\"@id\":\"https:\/\/jornalfatosenoticias.com.br\/index.php\/2025\/09\/10\/samarco-reafirma-retomada-gradual-segura-e-comprometida-com-a-sustentabilidade\/#primaryimage\"},\"thumbnailUrl\":\"https:\/\/jornalfatosenoticias.com.br\/wp-content\/uploads\/2025\/09\/Complexo-Germano-Planta-Operacional-Samarco.jpg\",\"datePublished\":\"2025-09-10T19:01:20+00:00\",\"dateModified\":\"2025-09-10T19:03:45+00:00\",\"breadcrumb\":{\"@id\":\"https:\/\/jornalfatosenoticias.com.br\/index.php\/2025\/09\/10\/samarco-reafirma-retomada-gradual-segura-e-comprometida-com-a-sustentabilidade\/#breadcrumb\"},\"inLanguage\":\"pt-BR\",\"potentialAction\":[{\"@type\":\"ReadAction\",\"target\":[\"https:\/\/jornalfatosenoticias.com.br\/index.php\/2025\/09\/10\/samarco-reafirma-retomada-gradual-segura-e-comprometida-com-a-sustentabilidade\/\"]}]},{\"@type\":\"ImageObject\",\"inLanguage\":\"pt-BR\",\"@id\":\"https:\/\/jornalfatosenoticias.com.br\/index.php\/2025\/09\/10\/samarco-reafirma-retomada-gradual-segura-e-comprometida-com-a-sustentabilidade\/#primaryimage\",\"url\":\"https:\/\/jornalfatosenoticias.com.br\/wp-content\/uploads\/2025\/09\/Complexo-Germano-Planta-Operacional-Samarco.jpg\",\"contentUrl\":\"https:\/\/jornalfatosenoticias.com.br\/wp-content\/uploads\/2025\/09\/Complexo-Germano-Planta-Operacional-Samarco.jpg\",\"width\":1000,\"height\":563},{\"@type\":\"BreadcrumbList\",\"@id\":\"https:\/\/jornalfatosenoticias.com.br\/index.php\/2025\/09\/10\/samarco-reafirma-retomada-gradual-segura-e-comprometida-com-a-sustentabilidade\/#breadcrumb\",\"itemListElement\":[{\"@type\":\"ListItem\",\"position\":1,\"name\":\"In\u00edcio\",\"item\":\"https:\/\/jornalfatosenoticias.com.br\/\"},{\"@type\":\"ListItem\",\"position\":2,\"name\":\"Samarco reafirma retomada gradual, segura e comprometida com a sustentabilidade\"}]},{\"@type\":\"WebSite\",\"@id\":\"https:\/\/jornalfatosenoticias.com.br\/#website\",\"url\":\"https:\/\/jornalfatosenoticias.com.br\/\",\"name\":\"Jornal Fatos e Not\u00edcias\",\"description\":\"Not\u00edcias em geral\",\"publisher\":{\"@id\":\"https:\/\/jornalfatosenoticias.com.br\/#organization\"},\"potentialAction\":[{\"@type\":\"SearchAction\",\"target\":{\"@type\":\"EntryPoint\",\"urlTemplate\":\"https:\/\/jornalfatosenoticias.com.br\/?s={search_term_string}\"},\"query-input\":{\"@type\":\"PropertyValueSpecification\",\"valueRequired\":true,\"valueName\":\"search_term_string\"}}],\"inLanguage\":\"pt-BR\"},{\"@type\":\"Organization\",\"@id\":\"https:\/\/jornalfatosenoticias.com.br\/#organization\",\"name\":\"Jornal Fatos e Not\u00edcias\",\"url\":\"https:\/\/jornalfatosenoticias.com.br\/\",\"logo\":{\"@type\":\"ImageObject\",\"inLanguage\":\"pt-BR\",\"@id\":\"https:\/\/jornalfatosenoticias.com.br\/#\/schema\/logo\/image\/\",\"url\":\"https:\/\/jornalfatosenoticias.com.br\/wp-content\/uploads\/2020\/02\/logo120.png\",\"contentUrl\":\"https:\/\/jornalfatosenoticias.com.br\/wp-content\/uploads\/2020\/02\/logo120.png\",\"width\":1227,\"height\":120,\"caption\":\"Jornal Fatos e Not\u00edcias\"},\"image\":{\"@id\":\"https:\/\/jornalfatosenoticias.com.br\/#\/schema\/logo\/image\/\"}},{\"@type\":\"Person\",\"@id\":\"https:\/\/jornalfatosenoticias.com.br\/#\/schema\/person\/d63837fa13ac8666eb9e74e0985d6f81\",\"name\":\"Luzimara Fernandes\",\"image\":{\"@type\":\"ImageObject\",\"inLanguage\":\"pt-BR\",\"@id\":\"https:\/\/jornalfatosenoticias.com.br\/#\/schema\/person\/image\/\",\"url\":\"https:\/\/jornalfatosenoticias.com.br\/wp-content\/uploads\/2025\/05\/EU_portal.jpg\",\"contentUrl\":\"https:\/\/jornalfatosenoticias.com.br\/wp-content\/uploads\/2025\/05\/EU_portal.jpg\",\"caption\":\"Luzimara Fernandes\"},\"description\":\"Jornalista MTB 2358-ES\",\"sameAs\":[\"https:\/\/jornalfatosenoticias.com.br\"],\"url\":\"https:\/\/jornalfatosenoticias.com.br\/index.php\/author\/luzimara\/\"}]}<\/script>\n<!-- \/ Yoast SEO plugin. -->","yoast_head_json":{"title":"Samarco reafirma retomada gradual, segura e comprometida com a sustentabilidade - Jornal Fatos e Not\u00edcias","robots":{"index":"index","follow":"follow","max-snippet":"max-snippet:-1","max-image-preview":"max-image-preview:large","max-video-preview":"max-video-preview:-1"},"canonical":"https:\/\/jornalfatosenoticias.com.br\/index.php\/2025\/09\/10\/samarco-reafirma-retomada-gradual-segura-e-comprometida-com-a-sustentabilidade\/","og_locale":"pt_BR","og_type":"article","og_title":"Samarco reafirma retomada gradual, segura e comprometida com a sustentabilidade - Jornal Fatos e Not\u00edcias","og_description":"Durante o CBMINA 2025 a Samarco apresentou as a\u00e7\u00f5es que marcam sua trajet\u00f3ria de retomada produtiva de forma gradual e segura Por Assessoria de Comunica\u00e7\u00e3o Durante a 12.\u00aa edi\u00e7\u00e3o do Congresso Brasileiro de Mina a C\u00e9u Aberto e Mina Subterr\u00e2nea (CBMINA), realizado entre 26 e 28 de agosto, em Ouro Preto (MG), a Samarco apresentou [&hellip;]","og_url":"https:\/\/jornalfatosenoticias.com.br\/index.php\/2025\/09\/10\/samarco-reafirma-retomada-gradual-segura-e-comprometida-com-a-sustentabilidade\/","og_site_name":"Jornal Fatos e Not\u00edcias","article_published_time":"2025-09-10T19:01:20+00:00","article_modified_time":"2025-09-10T19:03:45+00:00","og_image":[{"width":1000,"height":563,"url":"https:\/\/jornalfatosenoticias.com.br\/wp-content\/uploads\/2025\/09\/Complexo-Germano-Planta-Operacional-Samarco.jpg","type":"image\/jpeg"}],"author":"Luzimara Fernandes","twitter_card":"summary_large_image","twitter_misc":{"Escrito por":"Luzimara Fernandes","Est. tempo de leitura":"3 minutos"},"schema":{"@context":"https:\/\/schema.org","@graph":[{"@type":"Article","@id":"https:\/\/jornalfatosenoticias.com.br\/index.php\/2025\/09\/10\/samarco-reafirma-retomada-gradual-segura-e-comprometida-com-a-sustentabilidade\/#article","isPartOf":{"@id":"https:\/\/jornalfatosenoticias.com.br\/index.php\/2025\/09\/10\/samarco-reafirma-retomada-gradual-segura-e-comprometida-com-a-sustentabilidade\/"},"author":{"name":"Luzimara Fernandes","@id":"https:\/\/jornalfatosenoticias.com.br\/#\/schema\/person\/d63837fa13ac8666eb9e74e0985d6f81"},"headline":"Samarco reafirma retomada gradual, segura e comprometida com a sustentabilidade","datePublished":"2025-09-10T19:01:20+00:00","dateModified":"2025-09-10T19:03:45+00:00","mainEntityOfPage":{"@id":"https:\/\/jornalfatosenoticias.com.br\/index.php\/2025\/09\/10\/samarco-reafirma-retomada-gradual-segura-e-comprometida-com-a-sustentabilidade\/"},"wordCount":559,"commentCount":0,"publisher":{"@id":"https:\/\/jornalfatosenoticias.com.br\/#organization"},"image":{"@id":"https:\/\/jornalfatosenoticias.com.br\/index.php\/2025\/09\/10\/samarco-reafirma-retomada-gradual-segura-e-comprometida-com-a-sustentabilidade\/#primaryimage"},"thumbnailUrl":"https:\/\/jornalfatosenoticias.com.br\/wp-content\/uploads\/2025\/09\/Complexo-Germano-Planta-Operacional-Samarco.jpg","keywords":["barragem do Germano","CBMINA","Ibram","minera\u00e7\u00e3o","Rodrigo Vilela","Samarco","sustentabilidade","UFMG","UFOP"],"articleSection":["Geral"],"inLanguage":"pt-BR","potentialAction":[{"@type":"CommentAction","name":"Comment","target":["https:\/\/jornalfatosenoticias.com.br\/index.php\/2025\/09\/10\/samarco-reafirma-retomada-gradual-segura-e-comprometida-com-a-sustentabilidade\/#respond"]}]},{"@type":"WebPage","@id":"https:\/\/jornalfatosenoticias.com.br\/index.php\/2025\/09\/10\/samarco-reafirma-retomada-gradual-segura-e-comprometida-com-a-sustentabilidade\/","url":"https:\/\/jornalfatosenoticias.com.br\/index.php\/2025\/09\/10\/samarco-reafirma-retomada-gradual-segura-e-comprometida-com-a-sustentabilidade\/","name":"Samarco reafirma retomada gradual, segura e comprometida com a sustentabilidade - Jornal Fatos e Not\u00edcias","isPartOf":{"@id":"https:\/\/jornalfatosenoticias.com.br\/#website"},"primaryImageOfPage":{"@id":"https:\/\/jornalfatosenoticias.com.br\/index.php\/2025\/09\/10\/samarco-reafirma-retomada-gradual-segura-e-comprometida-com-a-sustentabilidade\/#primaryimage"},"image":{"@id":"https:\/\/jornalfatosenoticias.com.br\/index.php\/2025\/09\/10\/samarco-reafirma-retomada-gradual-segura-e-comprometida-com-a-sustentabilidade\/#primaryimage"},"thumbnailUrl":"https:\/\/jornalfatosenoticias.com.br\/wp-content\/uploads\/2025\/09\/Complexo-Germano-Planta-Operacional-Samarco.jpg","datePublished":"2025-09-10T19:01:20+00:00","dateModified":"2025-09-10T19:03:45+00:00","breadcrumb":{"@id":"https:\/\/jornalfatosenoticias.com.br\/index.php\/2025\/09\/10\/samarco-reafirma-retomada-gradual-segura-e-comprometida-com-a-sustentabilidade\/#breadcrumb"},"inLanguage":"pt-BR","potentialAction":[{"@type":"ReadAction","target":["https:\/\/jornalfatosenoticias.com.br\/index.php\/2025\/09\/10\/samarco-reafirma-retomada-gradual-segura-e-comprometida-com-a-sustentabilidade\/"]}]},{"@type":"ImageObject","inLanguage":"pt-BR","@id":"https:\/\/jornalfatosenoticias.com.br\/index.php\/2025\/09\/10\/samarco-reafirma-retomada-gradual-segura-e-comprometida-com-a-sustentabilidade\/#primaryimage","url":"https:\/\/jornalfatosenoticias.com.br\/wp-content\/uploads\/2025\/09\/Complexo-Germano-Planta-Operacional-Samarco.jpg","contentUrl":"https:\/\/jornalfatosenoticias.com.br\/wp-content\/uploads\/2025\/09\/Complexo-Germano-Planta-Operacional-Samarco.jpg","width":1000,"height":563},{"@type":"BreadcrumbList","@id":"https:\/\/jornalfatosenoticias.com.br\/index.php\/2025\/09\/10\/samarco-reafirma-retomada-gradual-segura-e-comprometida-com-a-sustentabilidade\/#breadcrumb","itemListElement":[{"@type":"ListItem","position":1,"name":"In\u00edcio","item":"https:\/\/jornalfatosenoticias.com.br\/"},{"@type":"ListItem","position":2,"name":"Samarco reafirma retomada gradual, segura e comprometida com a sustentabilidade"}]},{"@type":"WebSite","@id":"https:\/\/jornalfatosenoticias.com.br\/#website","url":"https:\/\/jornalfatosenoticias.com.br\/","name":"Jornal Fatos e Not\u00edcias","description":"Not\u00edcias em geral","publisher":{"@id":"https:\/\/jornalfatosenoticias.com.br\/#organization"},"potentialAction":[{"@type":"SearchAction","target":{"@type":"EntryPoint","urlTemplate":"https:\/\/jornalfatosenoticias.com.br\/?s={search_term_string}"},"query-input":{"@type":"PropertyValueSpecification","valueRequired":true,"valueName":"search_term_string"}}],"inLanguage":"pt-BR"},{"@type":"Organization","@id":"https:\/\/jornalfatosenoticias.com.br\/#organization","name":"Jornal Fatos e Not\u00edcias","url":"https:\/\/jornalfatosenoticias.com.br\/","logo":{"@type":"ImageObject","inLanguage":"pt-BR","@id":"https:\/\/jornalfatosenoticias.com.br\/#\/schema\/logo\/image\/","url":"https:\/\/jornalfatosenoticias.com.br\/wp-content\/uploads\/2020\/02\/logo120.png","contentUrl":"https:\/\/jornalfatosenoticias.com.br\/wp-content\/uploads\/2020\/02\/logo120.png","width":1227,"height":120,"caption":"Jornal Fatos e Not\u00edcias"},"image":{"@id":"https:\/\/jornalfatosenoticias.com.br\/#\/schema\/logo\/image\/"}},{"@type":"Person","@id":"https:\/\/jornalfatosenoticias.com.br\/#\/schema\/person\/d63837fa13ac8666eb9e74e0985d6f81","name":"Luzimara Fernandes","image":{"@type":"ImageObject","inLanguage":"pt-BR","@id":"https:\/\/jornalfatosenoticias.com.br\/#\/schema\/person\/image\/","url":"https:\/\/jornalfatosenoticias.com.br\/wp-content\/uploads\/2025\/05\/EU_portal.jpg","contentUrl":"https:\/\/jornalfatosenoticias.com.br\/wp-content\/uploads\/2025\/05\/EU_portal.jpg","caption":"Luzimara Fernandes"},"description":"Jornalista MTB 2358-ES","sameAs":["https:\/\/jornalfatosenoticias.com.br"],"url":"https:\/\/jornalfatosenoticias.com.br\/index.php\/author\/luzimara\/"}]}},"cc_featured_image_caption":{"caption_text":"Complexo de Germano (Foto: Divulga\u00e7\u00e3o Samarco)","source_text":"","source_url":""},"jetpack_featured_media_url":"https:\/\/jornalfatosenoticias.com.br\/wp-content\/uploads\/2025\/09\/Complexo-Germano-Planta-Operacional-Samarco.jpg","_links":{"self":[{"href":"https:\/\/jornalfatosenoticias.com.br\/index.php\/wp-json\/wp\/v2\/posts\/61802","targetHints":{"allow":["GET"]}}],"collection":[{"href":"https:\/\/jornalfatosenoticias.com.br\/index.php\/wp-json\/wp\/v2\/posts"}],"about":[{"href":"https:\/\/jornalfatosenoticias.com.br\/index.php\/wp-json\/wp\/v2\/types\/post"}],"author":[{"embeddable":true,"href":"https:\/\/jornalfatosenoticias.com.br\/index.php\/wp-json\/wp\/v2\/users\/2"}],"replies":[{"embeddable":true,"href":"https:\/\/jornalfatosenoticias.com.br\/index.php\/wp-json\/wp\/v2\/comments?post=61802"}],"version-history":[{"count":0,"href":"https:\/\/jornalfatosenoticias.com.br\/index.php\/wp-json\/wp\/v2\/posts\/61802\/revisions"}],"wp:featuredmedia":[{"embeddable":true,"href":"https:\/\/jornalfatosenoticias.com.br\/index.php\/wp-json\/wp\/v2\/media\/61805"}],"wp:attachment":[{"href":"https:\/\/jornalfatosenoticias.com.br\/index.php\/wp-json\/wp\/v2\/media?parent=61802"}],"wp:term":[{"taxonomy":"category","embeddable":true,"href":"https:\/\/jornalfatosenoticias.com.br\/index.php\/wp-json\/wp\/v2\/categories?post=61802"},{"taxonomy":"post_tag","embeddable":true,"href":"https:\/\/jornalfatosenoticias.com.br\/index.php\/wp-json\/wp\/v2\/tags?post=61802"}],"curies":[{"name":"wp","href":"https:\/\/api.w.org\/{rel}","templated":true}]}}