{"id":61807,"date":"2025-09-10T16:29:25","date_gmt":"2025-09-10T19:29:25","guid":{"rendered":"https:\/\/jornalfatosenoticias.com.br\/?p=61807"},"modified":"2025-09-10T16:29:27","modified_gmt":"2025-09-10T19:29:27","slug":"julgamento-de-bolsonaro-trava-negociacoes-com-eua-se-for-condenado-nao-tem-acordo","status":"publish","type":"post","link":"https:\/\/jornalfatosenoticias.com.br\/index.php\/2025\/09\/10\/julgamento-de-bolsonaro-trava-negociacoes-com-eua-se-for-condenado-nao-tem-acordo\/","title":{"rendered":"Julgamento de Bolsonaro trava negocia\u00e7\u00f5es com EUA: \u201cse for condenado, n\u00e3o tem acordo\u201d"},"content":{"rendered":"\n<p><em><span class=\"has-inline-color has-black-color\">Lula e o ministro Alexandre de Moraes: cr\u00edticas aos EUA e julgamento de Bolsonaro no STF emperram negocia\u00e7\u00f5es sobre tarifa\u00e7o<\/span><\/em><\/p>\n\n\n\n<p><span class=\"has-inline-color has-black-color\">Por <strong><a href=\"https:\/\/www.gazetadopovo.com.br\/autor\/rose-amantea\/\">Rose Amant\u00e9a<\/a><\/strong><\/span><\/p>\n\n\n\n<div class=\"wp-block-image\"><figure class=\"aligncenter size-large\"><a href=\"https:\/\/panper.com.br\/\"><img loading=\"lazy\" decoding=\"async\" width=\"1024\" height=\"111\" src=\"https:\/\/jornalfatosenoticias.com.br\/wp-content\/uploads\/2020\/02\/WhatsApp-Image-2022-09-23-at-12.09.18-1024x111.jpeg\" alt=\"\" class=\"wp-image-34527\" srcset=\"https:\/\/jornalfatosenoticias.com.br\/wp-content\/uploads\/2020\/02\/WhatsApp-Image-2022-09-23-at-12.09.18-1024x111.jpeg 1024w, https:\/\/jornalfatosenoticias.com.br\/wp-content\/uploads\/2020\/02\/WhatsApp-Image-2022-09-23-at-12.09.18-300x32.jpeg 300w, https:\/\/jornalfatosenoticias.com.br\/wp-content\/uploads\/2020\/02\/WhatsApp-Image-2022-09-23-at-12.09.18-768x83.jpeg 768w, https:\/\/jornalfatosenoticias.com.br\/wp-content\/uploads\/2020\/02\/WhatsApp-Image-2022-09-23-at-12.09.18.jpeg 1121w\" sizes=\"auto, (max-width: 1024px) 100vw, 1024px\" \/><\/a><\/figure><\/div>\n\n\n\n<p>Em meio ao <a href=\"https:\/\/www.gazetadopovo.com.br\/republica\/moraes-rebate-defesa-de-bolsonaro-ponto-a-ponto-e-dino-defende-stf-no-julgamento-do-golpe\/\">julgamento<\/a>\u00a0do ex-presidente Jair Bolsonaro (PL) pelo Supremo Tribunal Federal (STF) e \u00e0s novas\u00a0<a href=\"https:\/\/www.gazetadopovo.com.br\/republica\/lula-brics-enfrentamento-politicas-internacionais-trump\/\">cr\u00edticas<\/a> a Donald Trump desferidas por Lula (PT) do palco de sua presid\u00eancia tempor\u00e1ria do Brics, empres\u00e1rios brasileiros se veem \u201cinterditados\u201d nas negocia\u00e7\u00f5es sobre o tarifa\u00e7o e nas investiga\u00e7\u00f5es do governo americano sobre supostas pr\u00e1ticas comerciais desleais do Brasil. As negocia\u00e7\u00f5es conduzidas durante a miss\u00e3o organizada pela Confedera\u00e7\u00e3o Nacional da Ind\u00fastria (CNI), que reuniu cerca de 130 empres\u00e1rios e dirigentes de federa\u00e7\u00f5es estaduais em Washington no in\u00edcio do m\u00eas, n\u00e3o produziram resultados concretos.<br>A comitiva participou da audi\u00eancia p\u00fablica no Escrit\u00f3rio do Representante Comercial dos Estados Unidos (USTR), aberta em julho para apurar a investiga\u00e7\u00e3o da <a href=\"https:\/\/www.gazetadopovo.com.br\/mundo\/o-que-e-a-secao-301-que-trump-vai-usar-para-investigar-praticas-comerciais-do-brasil\/\">Se\u00e7\u00e3o 301<\/a>, que acusa o Brasil de adotar pr\u00e1ticas comerciais discriminat\u00f3rias. No entanto, os representantes do USTR n\u00e3o se pronunciaram sobre a amplia\u00e7\u00e3o das <a href=\"https:\/\/www.gazetadopovo.com.br\/economia\/decisao-final-de-trump-sobre-tarifaco-ao-brasil-poupa-varios-setores-veja-quem-escapou\/\">exce\u00e7\u00f5es setoriais<\/a> ao tarifa\u00e7o, nem deram sinais a respeito da possibilidade de sobretaxas adicionais ou outras san\u00e7\u00f5es de car\u00e1ter n\u00e3o tarif\u00e1rio. Ao contr\u00e1rio, deixaram claro que as negocia\u00e7\u00f5es n\u00e3o se restringiam \u00e0 defesa comercial.<\/p>\n\n\n\n<div class=\"wp-block-image\"><figure class=\"aligncenter size-large is-resized\"><a href=\"https:\/\/www.facebook.com\/profile.php?id=100069289606145\"><img loading=\"lazy\" decoding=\"async\" src=\"https:\/\/jornalfatosenoticias.com.br\/wp-content\/uploads\/2024\/11\/Guaitolini-Contabilidade-1024x714.jpeg\" alt=\"\" class=\"wp-image-55808\" width=\"346\" height=\"241\" srcset=\"https:\/\/jornalfatosenoticias.com.br\/wp-content\/uploads\/2024\/11\/Guaitolini-Contabilidade-1024x714.jpeg 1024w, https:\/\/jornalfatosenoticias.com.br\/wp-content\/uploads\/2024\/11\/Guaitolini-Contabilidade-300x209.jpeg 300w, https:\/\/jornalfatosenoticias.com.br\/wp-content\/uploads\/2024\/11\/Guaitolini-Contabilidade-768x535.jpeg 768w, https:\/\/jornalfatosenoticias.com.br\/wp-content\/uploads\/2024\/11\/Guaitolini-Contabilidade.jpeg 1280w\" sizes=\"auto, (max-width: 346px) 100vw, 346px\" \/><\/a><\/figure><\/div>\n\n\n\n<p>Fontes ouvidas pela <strong>Gazeta do Povo<\/strong> admitiram que o momento \u00e9 de perplexidade e total falta de expectativa de uma solu\u00e7\u00e3o no curto prazo, j\u00e1 que qualquer avan\u00e7o depende dos desdobramentos pol\u00edticos. \u201cO debate est\u00e1 obstru\u00eddo, a quest\u00e3o pol\u00edtica n\u00e3o est\u00e1 sendo negociada, Lula continua provocando, e o julgamento [de Bolsonaro] ainda est\u00e1 em andamento aqui no Brasil. Est\u00e1 tudo interditado\u201d, diz um dirigente empresarial que prefere n\u00e3o se identificar.<\/p>\n\n\n\n<div class=\"wp-block-image\"><figure class=\"aligncenter size-large is-resized\"><a href=\"https:\/\/www.facebook.com\/postobkr\/?locale=pt_BR\"><img loading=\"lazy\" decoding=\"async\" src=\"https:\/\/jornalfatosenoticias.com.br\/wp-content\/uploads\/2023\/08\/BKR-1024x1021.jpg\" alt=\"\" class=\"wp-image-44494\" width=\"329\" height=\"328\" srcset=\"https:\/\/jornalfatosenoticias.com.br\/wp-content\/uploads\/2023\/08\/BKR-1024x1021.jpg 1024w, https:\/\/jornalfatosenoticias.com.br\/wp-content\/uploads\/2023\/08\/BKR-300x300.jpg 300w, https:\/\/jornalfatosenoticias.com.br\/wp-content\/uploads\/2023\/08\/BKR-150x150.jpg 150w, https:\/\/jornalfatosenoticias.com.br\/wp-content\/uploads\/2023\/08\/BKR-768x766.jpg 768w, https:\/\/jornalfatosenoticias.com.br\/wp-content\/uploads\/2023\/08\/BKR.jpg 1080w\" sizes=\"auto, (max-width: 329px) 100vw, 329px\" \/><\/a><\/figure><\/div>\n\n\n\n<p><strong><span class=\"has-inline-color has-black-color\">Investidas de Lula e julgamento de Bolsonaro<br><\/span><\/strong>Ainda que os empres\u00e1rios n\u00e3o expressem publicamente, h\u00e1 um clima de irrita\u00e7\u00e3o com a in\u00e9rcia do governo e as novas investidas de Lula contra Trump nesta semana na reuni\u00e3o virtual dos Brics. Na segunda-feira (8), aos l\u00edderes de pa\u00edses do Brics (China, R\u00fassia, \u00cdndia, \u00c1frica do Sul, Ir\u00e3, Egito, Indon\u00e9sia, Emirados \u00c1rabes Unidos e Eti\u00f3pia), Lula afirmou que os pilares da ordem internacional est\u00e3o sendo corro\u00eddos e que o Brics \u00e9 uma alternativa ao unilateralismo e \u00e0 \u201cchantagem tarif\u00e1ria\u201d que, segundo ele, amea\u00e7a a soberania de pa\u00edses emergentes.<\/p>\n\n\n\n<div class=\"wp-block-image\"><figure class=\"aligncenter size-large is-resized\"><a href=\"https:\/\/www.instagram.com\/esteio.churrascaria\/\"><img loading=\"lazy\" decoding=\"async\" src=\"https:\/\/jornalfatosenoticias.com.br\/wp-content\/uploads\/2022\/02\/LOGO-ESTEIO-1024x730.png\" alt=\"\" class=\"wp-image-27942\" width=\"357\" height=\"254\" srcset=\"https:\/\/jornalfatosenoticias.com.br\/wp-content\/uploads\/2022\/02\/LOGO-ESTEIO-1024x730.png 1024w, https:\/\/jornalfatosenoticias.com.br\/wp-content\/uploads\/2022\/02\/LOGO-ESTEIO-300x214.png 300w, https:\/\/jornalfatosenoticias.com.br\/wp-content\/uploads\/2022\/02\/LOGO-ESTEIO-768x548.png 768w, https:\/\/jornalfatosenoticias.com.br\/wp-content\/uploads\/2022\/02\/LOGO-ESTEIO.png 1123w\" sizes=\"auto, (max-width: 357px) 100vw, 357px\" \/><\/a><\/figure><\/div>\n\n\n\n<blockquote class=\"wp-block-quote is-layout-flow wp-block-quote-is-layout-flow\"><p><span class=\"has-inline-color has-luminous-vivid-orange-color\">Existe uma corrente entre empres\u00e1rios que acha que o governo est\u00e1 se pautando por quest\u00f5es eleitorais e de soberania, deixando o setor privado de lado\u201d, diz outro representante setorial. \u201cMas poucos falam abertamente. H\u00e1 receio de se indispor com o governo e tamb\u00e9m de que argumentos se voltem contra n\u00f3s. Qualquer palavra mal colocada pode comprometer ainda mais as negocia\u00e7\u00f5es\u201d. \u201cLula devia ao menos parar de falar\u201d, afirma, defendendo que seria preciso abrir um canal de negocia\u00e7\u00e3o. \u201cOs governos t\u00eam que conversar. Os presidentes precisam sentar \u00e0 mesa. Est\u00e1 claro para n\u00f3s que n\u00e3o \u00e9 s\u00f3 quest\u00e3o t\u00e9cnica, \u00e9 pol\u00edtica. Fazemos tudo o que \u00e9 poss\u00edvel tecnicamente, mas falta o canal pol\u00edtico\u201d.<\/span><\/p><\/blockquote>\n\n\n\n<div class=\"wp-block-image\"><figure class=\"aligncenter size-large is-resized\"><a href=\"https:\/\/www.instagram.com\/serra4x4cambioautomatico\/\"><img loading=\"lazy\" decoding=\"async\" src=\"https:\/\/jornalfatosenoticias.com.br\/wp-content\/uploads\/2024\/08\/Serra-4x4-1-886x1024.jpg\" alt=\"\" class=\"wp-image-53632\" width=\"331\" height=\"383\" srcset=\"https:\/\/jornalfatosenoticias.com.br\/wp-content\/uploads\/2024\/08\/Serra-4x4-1-886x1024.jpg 886w, https:\/\/jornalfatosenoticias.com.br\/wp-content\/uploads\/2024\/08\/Serra-4x4-1-260x300.jpg 260w, https:\/\/jornalfatosenoticias.com.br\/wp-content\/uploads\/2024\/08\/Serra-4x4-1-768x888.jpg 768w, https:\/\/jornalfatosenoticias.com.br\/wp-content\/uploads\/2024\/08\/Serra-4x4-1.jpg 1181w\" sizes=\"auto, (max-width: 331px) 100vw, 331px\" \/><\/a><\/figure><\/div>\n\n\n\n<p>A avalia\u00e7\u00e3o, no entanto, n\u00e3o \u00e9 un\u00e2nime. Um executivo que pediu anonimato se diz muito c\u00e9tico em rela\u00e7\u00e3o a qualquer iniciativa do presidente brasileiro. \u201cN\u00e3o vai adiantar\u201d, avalia. \u201cN\u00f3s estivemos em todos os departamentos [dos EUA]: Com\u00e9rcio, Tesouro, Estado, USTR e at\u00e9 no Capit\u00f3lio. Eles foram diretos: n\u00e3o adianta o Lula ir aos EUA abrir negocia\u00e7\u00e3o. O que pesa \u00e9 o julgamento do Bolsonaro. Ponto final. Se ele for condenado, n\u00e3o tem acordo\u201d.<\/p>\n\n\n\n<div class=\"wp-block-image\"><figure class=\"aligncenter size-large is-resized\"><a href=\"https:\/\/www.instagram.com\/restaurantepegoretti\/\"><img loading=\"lazy\" decoding=\"async\" src=\"https:\/\/jornalfatosenoticias.com.br\/wp-content\/uploads\/2023\/12\/pegoretti-logo-pdf-1024x389.jpg\" alt=\"\" class=\"wp-image-47536\" width=\"530\" height=\"201\" srcset=\"https:\/\/jornalfatosenoticias.com.br\/wp-content\/uploads\/2023\/12\/pegoretti-logo-pdf-1024x389.jpg 1024w, https:\/\/jornalfatosenoticias.com.br\/wp-content\/uploads\/2023\/12\/pegoretti-logo-pdf-300x114.jpg 300w, https:\/\/jornalfatosenoticias.com.br\/wp-content\/uploads\/2023\/12\/pegoretti-logo-pdf-768x291.jpg 768w, https:\/\/jornalfatosenoticias.com.br\/wp-content\/uploads\/2023\/12\/pegoretti-logo-pdf.jpg 1120w\" sizes=\"auto, (max-width: 530px) 100vw, 530px\" \/><\/a><\/figure><\/div>\n\n\n\n<p>Como todos acreditam que o STF j\u00e1 tem um veredicto pronto, o recado agora \u00e9 para o Congresso. <em><strong>\u201cEle [Trump] aguarda que o Congresso conceda a anistia. O destino do Bolsonaro n\u00e3o est\u00e1 na m\u00e3o do STF, est\u00e1 na m\u00e3o do Congresso, e eles sabem disso\u201d, diz. \u201cO que eles querem \u00e9 que o Bolsonaro fique livre da pena. Enquanto isso, o setor privado continua sequestrado pela pauta pol\u00edtica\u201d.<\/strong><\/em><\/p>\n\n\n\n<div class=\"wp-block-image\"><figure class=\"aligncenter size-large\"><a href=\"http:\/\/www.ferrarimaquinas.com.br\/\"><img loading=\"lazy\" decoding=\"async\" width=\"300\" height=\"250\" src=\"https:\/\/jornalfatosenoticias.com.br\/wp-content\/uploads\/2022\/02\/FERRARI_MAQUINAS-E-FERRAMENTAS2.jpg\" alt=\"\" class=\"wp-image-27860\"\/><\/a><\/figure><\/div>\n\n\n\n<p><strong><span class=\"has-inline-color has-black-color\">Defesa da Se\u00e7\u00e3o 301 divide expectativas<br><\/span><\/strong>Apesar do imbr\u00f3glio pol\u00edtico, alguns dirigentes de setores investigados pela Se\u00e7\u00e3o 301 se dizem confiantes quanto \u00e0 n\u00e3o aplica\u00e7\u00e3o de tarifas adicionais ou restri\u00e7\u00f5es de importa\u00e7\u00e3o. Welber Barral, ex-diretor de Com\u00e9rcio Exterior, que representou alguns dos setores no USTR, diz que os argumentos foram bem recebidos. &#8220;Conseguimos defender muito bem os interesses das empresas&#8221;, destaca.<\/p>\n\n\n\n<div class=\"wp-block-image\"><figure class=\"aligncenter size-large is-resized\"><a href=\"https:\/\/hotelmarquetti.com.br\/\"><img loading=\"lazy\" decoding=\"async\" src=\"https:\/\/jornalfatosenoticias.com.br\/wp-content\/uploads\/2020\/02\/LOGO-MQ-1024x680.jpg\" alt=\"\" class=\"wp-image-58299\" width=\"333\" height=\"221\" srcset=\"https:\/\/jornalfatosenoticias.com.br\/wp-content\/uploads\/2020\/02\/LOGO-MQ-1024x680.jpg 1024w, https:\/\/jornalfatosenoticias.com.br\/wp-content\/uploads\/2020\/02\/LOGO-MQ-300x199.jpg 300w, https:\/\/jornalfatosenoticias.com.br\/wp-content\/uploads\/2020\/02\/LOGO-MQ-768x510.jpg 768w, https:\/\/jornalfatosenoticias.com.br\/wp-content\/uploads\/2020\/02\/LOGO-MQ-1536x1020.jpg 1536w, https:\/\/jornalfatosenoticias.com.br\/wp-content\/uploads\/2020\/02\/LOGO-MQ-2048x1360.jpg 2048w\" sizes=\"auto, (max-width: 333px) 100vw, 333px\" \/><\/a><\/figure><\/div>\n\n\n\n<p>&#8220;No caso de m\u00f3veis, n\u00f3s n\u00e3o temos nenhuma acusa\u00e7\u00e3o grave\u201d, afirma C\u00e2ndida Cervieri, diretora-executiva da Ind\u00fastria Brasileira do Mobili\u00e1rio (Abim\u00f3vel). \u201cA associa\u00e7\u00e3o apresentou n\u00fameros, qualidade, normaliza\u00e7\u00e3o, rastreabilidade, sustentabilidade, proced\u00eancia das madeiras, e tudo mais. N\u00e3o h\u00e1 trabalho escravo nem infantil, nenhuma raz\u00e3o para novas san\u00e7\u00f5es&#8221;. Segundo a executiva, os EUA representam cerca de 30% das exporta\u00e7\u00f5es brasileiras de m\u00f3veis, mas a participa\u00e7\u00e3o do Brasil no mercado americano \u00e9 m\u00ednima: &#8220;para os Estados Unidos, isso n\u00e3o significa nem 1%. Tecnicamente, n\u00e3o h\u00e1 raz\u00e3o para eles n\u00e3o quererem acordo&#8221;.<\/p>\n\n\n\n<div class=\"wp-block-image\"><figure class=\"aligncenter size-large is-resized\"><a href=\"https:\/\/www.controlsystems.com.br\/\"><img loading=\"lazy\" decoding=\"async\" src=\"https:\/\/jornalfatosenoticias.com.br\/wp-content\/uploads\/2020\/02\/CONTROL-CS.jpg\" alt=\"\" class=\"wp-image-44991\" width=\"285\" height=\"342\" srcset=\"https:\/\/jornalfatosenoticias.com.br\/wp-content\/uploads\/2020\/02\/CONTROL-CS.jpg 834w, https:\/\/jornalfatosenoticias.com.br\/wp-content\/uploads\/2020\/02\/CONTROL-CS-250x300.jpg 250w, https:\/\/jornalfatosenoticias.com.br\/wp-content\/uploads\/2020\/02\/CONTROL-CS-768x921.jpg 768w\" sizes=\"auto, (max-width: 285px) 100vw, 285px\" \/><\/a><\/figure><\/div>\n\n\n\n<p>Para Jos\u00e9 Velloso, diretor-executivo da Associa\u00e7\u00e3o Brasileira de M\u00e1quinas e Equipamentos (Abimaq), tamb\u00e9m representada na audi\u00eancia junto ao USTR, o setor privado \u201cestava muito bem preparado e defendeu muito bem o pa\u00eds\u201d. Mas isso, segundo ele, n\u00e3o garante uma vit\u00f3ria porque o ambiente est\u00e1 muito &#8220;contaminado pela pol\u00edtica&#8221;. <em><strong>&#8220;N\u00e3o estou fazendo um progn\u00f3stico, mas n\u00e3o vai ser f\u00e1cil o Brasil sair vitorioso na 301&#8221;, diz. &#8220;Quem vai dar o veredicto n\u00e3o \u00e9 o judici\u00e1rio americano, mas o governo Trump&#8221;.<\/strong><\/em><\/p>\n\n\n\n<div class=\"wp-block-image\"><figure class=\"aligncenter size-large is-resized\"><a href=\"https:\/\/www.instagram.com\/rcradiadores\/\"><img loading=\"lazy\" decoding=\"async\" src=\"https:\/\/jornalfatosenoticias.com.br\/wp-content\/uploads\/2022\/10\/RC_800x750_page-0001.jpg\" alt=\"\" class=\"wp-image-35338\" width=\"289\" height=\"271\" srcset=\"https:\/\/jornalfatosenoticias.com.br\/wp-content\/uploads\/2022\/10\/RC_800x750_page-0001.jpg 400w, https:\/\/jornalfatosenoticias.com.br\/wp-content\/uploads\/2022\/10\/RC_800x750_page-0001-300x281.jpg 300w\" sizes=\"auto, (max-width: 289px) 100vw, 289px\" \/><\/a><\/figure><\/div>\n\n\n\n<p>A sa\u00edda, para Velloso, passa pela negocia\u00e7\u00e3o com as contrapartes americanas, ou seja, os clientes das empresas nos Estados Unidos. \u201cN\u00e3o \u00e9 simples, nem r\u00e1pido, mas \u00e9 o que nos sobra\u201d, diz. \u201cElas [as empresas americanas] podem pressionar para conseguirem que as exce\u00e7\u00f5es das tarifas sejam estendidas aos nossos setores. N\u00e3o v\u00e3o resolver todo o tarifa\u00e7o, mas podem conseguir alguma coisa ou outra que o Brasil exporta e que eles precisam comprar sem a tarifa de 50%\u201d.<\/p>\n\n\n\n<div class=\"wp-block-image\"><figure class=\"aligncenter size-large is-resized\"><a href=\"https:\/\/www.facebook.com\/vetor.vix\/\"><img loading=\"lazy\" decoding=\"async\" src=\"https:\/\/jornalfatosenoticias.com.br\/wp-content\/uploads\/2023\/09\/vetorvix1024_1.jpg\" alt=\"\" class=\"wp-image-44868\" width=\"543\" height=\"144\" srcset=\"https:\/\/jornalfatosenoticias.com.br\/wp-content\/uploads\/2023\/09\/vetorvix1024_1.jpg 1024w, https:\/\/jornalfatosenoticias.com.br\/wp-content\/uploads\/2023\/09\/vetorvix1024_1-300x80.jpg 300w, https:\/\/jornalfatosenoticias.com.br\/wp-content\/uploads\/2023\/09\/vetorvix1024_1-768x205.jpg 768w\" sizes=\"auto, (max-width: 543px) 100vw, 543px\" \/><\/a><\/figure><\/div>\n\n\n\n<p><strong><span class=\"has-inline-color has-black-color\">Setores tamb\u00e9m apostam em outros mercados<br><\/span><\/strong>Paralelamente, empresas buscam alternativas para minimizar os impactos da redu\u00e7\u00e3o das exporta\u00e7\u00f5es para o mercado americano, que <a href=\"https:\/\/www.gazetadopovo.com.br\/economia\/exportacoes-brasil-eua-tarifaco\/\">ca\u00edram 18,5% em agosto<\/a>, primeiro m\u00eas de vig\u00eancia do tarifa\u00e7o, segundo o Minist\u00e9rio do Desenvolvimento, Ind\u00fastria, Com\u00e9rcio e Servi\u00e7os (MDIC). \u201c\u00c9 um momento em que n\u00e3o d\u00e1 para ficar parado\u201d, diz Cervieri, falando \u00e0 Gazeta do Povo desde a Ar\u00e1bia Saudita, onde organiza uma feira do setor de m\u00f3veis em busca de novos parceiros comerciais junto com a Ag\u00eancia Brasileira de Promo\u00e7\u00e3o de Exporta\u00e7\u00f5es e Investimentos (Apex).<\/p>\n\n\n\n<div class=\"wp-block-image\"><figure class=\"aligncenter size-large\"><a href=\"https:\/\/www.cesconetto.com.br\/\"><img loading=\"lazy\" decoding=\"async\" width=\"300\" height=\"250\" src=\"https:\/\/jornalfatosenoticias.com.br\/wp-content\/uploads\/2020\/02\/Banner-2.png\" alt=\"\" class=\"wp-image-43787\"\/><\/a><\/figure><\/div>\n\n\n\n<blockquote class=\"wp-block-quote is-layout-flow wp-block-quote-is-layout-flow\"><p><span class=\"has-inline-color has-luminous-vivid-orange-color\">Estamos incrementando iniciativas para abrir mercado junto com outras empresas, independentemente dos resultados das negocia\u00e7\u00f5es. Detectamos no passado que esse movimento estruturado era importante, mas o caminho n\u00e3o \u00e9 f\u00e1cil no curto prazo.&#8221;<\/span><\/p><\/blockquote>\n\n\n\n<div class=\"wp-block-image\"><figure class=\"aligncenter size-large is-resized\"><a href=\"https:\/\/legisjuris.com.br\/\"><img loading=\"lazy\" decoding=\"async\" src=\"https:\/\/jornalfatosenoticias.com.br\/wp-content\/uploads\/2024\/09\/Legis-Juris-Consultoria_logo.jpg\" alt=\"\" class=\"wp-image-53915\" width=\"535\" height=\"224\" srcset=\"https:\/\/jornalfatosenoticias.com.br\/wp-content\/uploads\/2024\/09\/Legis-Juris-Consultoria_logo.jpg 969w, https:\/\/jornalfatosenoticias.com.br\/wp-content\/uploads\/2024\/09\/Legis-Juris-Consultoria_logo-300x126.jpg 300w, https:\/\/jornalfatosenoticias.com.br\/wp-content\/uploads\/2024\/09\/Legis-Juris-Consultoria_logo-768x322.jpg 768w\" sizes=\"auto, (max-width: 535px) 100vw, 535px\" \/><\/a><\/figure><\/div>\n\n\n\n<p>O setor de m\u00e1quinas e equipamentos, um dos mais afetado pelo tarifa\u00e7o, tamb\u00e9m aposta na estrat\u00e9gia, mas enfrenta especificidades. \u201cM\u00e1quina n\u00e3o \u00e9 uma commodity\u201d, diz Velloso. \u201cVender m\u00e1quinas no exterior exige qualidade, confiabilidade e pre\u00e7o competitivo, al\u00e9m de investimentos em promo\u00e7\u00e3o, distribui\u00e7\u00e3o, estoque de pe\u00e7as e m\u00e1quinas, treinamento de montadores e assist\u00eancia t\u00e9cnica. Tamb\u00e9m \u00e9 necess\u00e1rio adaptar os produtos \u00e0s normas t\u00e9cnicas de cada pa\u00eds, como ISO na Europa, DIN na Alemanha e normas espec\u00edficas nos EUA e Jap\u00e3o. Conquistar confian\u00e7a, tudo isso demora\u201d, afirma.<\/p>\n\n\n\n<div class=\"wp-block-image\"><figure class=\"aligncenter size-large is-resized\"><a href=\"https:\/\/www.facebook.com\/profile.php?id=100069289606145\"><img loading=\"lazy\" decoding=\"async\" src=\"https:\/\/jornalfatosenoticias.com.br\/wp-content\/uploads\/2024\/11\/Guaitolini-Contabilidade-1024x714.jpeg\" alt=\"\" class=\"wp-image-55808\" width=\"306\" height=\"213\" srcset=\"https:\/\/jornalfatosenoticias.com.br\/wp-content\/uploads\/2024\/11\/Guaitolini-Contabilidade-1024x714.jpeg 1024w, https:\/\/jornalfatosenoticias.com.br\/wp-content\/uploads\/2024\/11\/Guaitolini-Contabilidade-300x209.jpeg 300w, https:\/\/jornalfatosenoticias.com.br\/wp-content\/uploads\/2024\/11\/Guaitolini-Contabilidade-768x535.jpeg 768w, https:\/\/jornalfatosenoticias.com.br\/wp-content\/uploads\/2024\/11\/Guaitolini-Contabilidade.jpeg 1280w\" sizes=\"auto, (max-width: 306px) 100vw, 306px\" \/><\/a><\/figure><\/div>\n\n\n\n<blockquote class=\"wp-block-quote is-layout-flow wp-block-quote-is-layout-flow\"><p>O tarifa\u00e7o afeta 7% do faturamento da ind\u00fastria de m\u00e1quinas e equipamentos e as empresas que exportam para os Estados Unidos normalmente t\u00eam mais de 50% das receitas atreladas a esse mercado, devido ao seu tamanho. O impacto m\u00e1ximo em caso extremo, se as vendas para os EUA fossem zeradas, seria um preju\u00edzo de cerca de R$ 23 bilh\u00f5es, com a perda de 20 mil empregos diretos e aproximadamente 80 mil empregos indiretos.<\/p><\/blockquote>\n\n\n\n<div class=\"wp-block-image\"><figure class=\"aligncenter size-large is-resized\"><a href=\"https:\/\/www.instagram.com\/gruposei\/\"><img loading=\"lazy\" decoding=\"async\" src=\"https:\/\/jornalfatosenoticias.com.br\/wp-content\/uploads\/2022\/07\/Logo-Grupo-SEI.jpg\" alt=\"\" class=\"wp-image-31973\" width=\"400\" height=\"210\" srcset=\"https:\/\/jornalfatosenoticias.com.br\/wp-content\/uploads\/2022\/07\/Logo-Grupo-SEI.jpg 713w, https:\/\/jornalfatosenoticias.com.br\/wp-content\/uploads\/2022\/07\/Logo-Grupo-SEI-300x158.jpg 300w\" sizes=\"auto, (max-width: 400px) 100vw, 400px\" \/><\/a><\/figure><\/div>\n\n\n\n<p>Al\u00e9m de diversificar mercados, as empresas t\u00eam procurado elevar a efici\u00eancia por meio de planejamento tribut\u00e1rio e redu\u00e7\u00e3o de custos. \u201cIsso inclui ativar plenamente cr\u00e9ditos e regimes aduaneiros, acelerar ressarcimentos, revisar engenharia de produto e rotas log\u00edsticas, al\u00e9m da renegociar pre\u00e7os e conformidade fiscal para prevenir multas\u201d, explica Leandro Alves, especialista em Direito Tribut\u00e1rio do escrit\u00f3rio Bento Muniz Advocacia.<\/p>\n\n\n\n<div class=\"wp-block-image\"><figure class=\"aligncenter size-large is-resized\"><a href=\"https:\/\/panper.com.br\/\"><img loading=\"lazy\" decoding=\"async\" src=\"https:\/\/jornalfatosenoticias.com.br\/wp-content\/uploads\/2023\/03\/logo-Panper_portal.jpg\" alt=\"\" class=\"wp-image-40208\" width=\"335\" height=\"232\" srcset=\"https:\/\/jornalfatosenoticias.com.br\/wp-content\/uploads\/2023\/03\/logo-Panper_portal.jpg 400w, https:\/\/jornalfatosenoticias.com.br\/wp-content\/uploads\/2023\/03\/logo-Panper_portal-300x208.jpg 300w\" sizes=\"auto, (max-width: 335px) 100vw, 335px\" \/><\/a><\/figure><\/div>\n\n\n\n<p>Para Cervieri, todas as cartas est\u00e3o na mesa para mitigar os efeitos da eleva\u00e7\u00e3o de tarifas. &#8220;N\u00e3o existe previs\u00e3o de nada, ningu\u00e9m sabe o que vai acontecer &#8220;, diz. <em><strong>&#8220;Acho que todos est\u00e3o esperando a semana que vem para arriscar algum palpite. Cada dia \u00e9 um dia. Nunca pensei em viver um momento t\u00e3o incerto. Por isso \u00e9 preciso atuar em todas as frentes&#8221;.<\/strong><\/em><\/p>\n\n\n\n<div class=\"wp-block-image\"><figure class=\"aligncenter size-large is-resized\"><a href=\"https:\/\/www.instagram.com\/restaurantepegoretti\/\"><img loading=\"lazy\" decoding=\"async\" src=\"https:\/\/jornalfatosenoticias.com.br\/wp-content\/uploads\/2023\/12\/pegoretti-logo-pdf-1024x389.jpg\" alt=\"\" class=\"wp-image-47536\" width=\"525\" height=\"199\" srcset=\"https:\/\/jornalfatosenoticias.com.br\/wp-content\/uploads\/2023\/12\/pegoretti-logo-pdf-1024x389.jpg 1024w, https:\/\/jornalfatosenoticias.com.br\/wp-content\/uploads\/2023\/12\/pegoretti-logo-pdf-300x114.jpg 300w, https:\/\/jornalfatosenoticias.com.br\/wp-content\/uploads\/2023\/12\/pegoretti-logo-pdf-768x291.jpg 768w, https:\/\/jornalfatosenoticias.com.br\/wp-content\/uploads\/2023\/12\/pegoretti-logo-pdf.jpg 1120w\" sizes=\"auto, (max-width: 525px) 100vw, 525px\" \/><\/a><\/figure><\/div>\n\n\n\n<p><strong>Fonte: <a href=\"https:\/\/www.gazetadopovo.com.br\/economia\/julgamento-bolsonaro-stf-trava-negociacoes-eua\/\">Gazeta do Povo<\/a><\/strong><\/p>\n","protected":false},"excerpt":{"rendered":"<p>Lula e o ministro Alexandre de Moraes: cr\u00edticas aos EUA e julgamento de Bolsonaro no STF emperram negocia\u00e7\u00f5es sobre tarifa\u00e7o Por Rose Amant\u00e9a Em meio ao julgamento\u00a0do ex-presidente Jair Bolsonaro (PL) pelo Supremo Tribunal Federal (STF) e \u00e0s novas\u00a0cr\u00edticas a Donald Trump desferidas por Lula (PT) do palco de sua presid\u00eancia tempor\u00e1ria do Brics, empres\u00e1rios [&hellip;]<\/p>\n","protected":false},"author":2,"featured_media":61808,"comment_status":"open","ping_status":"open","sticky":false,"template":"","format":"standard","meta":{"footnotes":""},"categories":[9],"tags":[15837,2147,1795,7580,294,27758],"class_list":["post-61807","post","type-post","status-publish","format-standard","has-post-thumbnail","hentry","category-economia","tag-comercio-exterior","tag-donald-trump","tag-jair-bolsonaro","tag-lula","tag-stf","tag-tarifaco"],"yoast_head":"<!-- This site is optimized with the Yoast SEO plugin v26.5 - https:\/\/yoast.com\/wordpress\/plugins\/seo\/ -->\n<title>Julgamento de Bolsonaro trava negocia\u00e7\u00f5es com EUA: \u201cse for condenado, n\u00e3o tem acordo\u201d - Jornal Fatos e Not\u00edcias<\/title>\n<meta name=\"robots\" content=\"index, follow, max-snippet:-1, max-image-preview:large, max-video-preview:-1\" \/>\n<link rel=\"canonical\" href=\"https:\/\/jornalfatosenoticias.com.br\/index.php\/2025\/09\/10\/julgamento-de-bolsonaro-trava-negociacoes-com-eua-se-for-condenado-nao-tem-acordo\/\" \/>\n<meta property=\"og:locale\" content=\"pt_BR\" \/>\n<meta property=\"og:type\" content=\"article\" \/>\n<meta property=\"og:title\" content=\"Julgamento de Bolsonaro trava negocia\u00e7\u00f5es com EUA: \u201cse for condenado, n\u00e3o tem acordo\u201d - Jornal Fatos e Not\u00edcias\" \/>\n<meta property=\"og:description\" content=\"Lula e o ministro Alexandre de Moraes: cr\u00edticas aos EUA e julgamento de Bolsonaro no STF emperram negocia\u00e7\u00f5es sobre tarifa\u00e7o Por Rose Amant\u00e9a Em meio ao julgamento\u00a0do ex-presidente Jair Bolsonaro (PL) pelo Supremo Tribunal Federal (STF) e \u00e0s novas\u00a0cr\u00edticas a Donald Trump desferidas por Lula (PT) do palco de sua presid\u00eancia tempor\u00e1ria do Brics, empres\u00e1rios [&hellip;]\" \/>\n<meta property=\"og:url\" content=\"https:\/\/jornalfatosenoticias.com.br\/index.php\/2025\/09\/10\/julgamento-de-bolsonaro-trava-negociacoes-com-eua-se-for-condenado-nao-tem-acordo\/\" \/>\n<meta property=\"og:site_name\" content=\"Jornal Fatos e Not\u00edcias\" \/>\n<meta property=\"article:published_time\" content=\"2025-09-10T19:29:25+00:00\" \/>\n<meta property=\"article:modified_time\" content=\"2025-09-10T19:29:27+00:00\" \/>\n<meta property=\"og:image\" content=\"https:\/\/jornalfatosenoticias.com.br\/wp-content\/uploads\/2025\/09\/cabeca-de-ovo-e-nine_gettyimages.jpg\" \/>\n\t<meta property=\"og:image:width\" content=\"612\" \/>\n\t<meta property=\"og:image:height\" content=\"420\" \/>\n\t<meta property=\"og:image:type\" content=\"image\/jpeg\" \/>\n<meta name=\"author\" content=\"Luzimara Fernandes\" \/>\n<meta name=\"twitter:card\" content=\"summary_large_image\" \/>\n<meta name=\"twitter:label1\" content=\"Escrito por\" \/>\n\t<meta name=\"twitter:data1\" content=\"Luzimara Fernandes\" \/>\n\t<meta name=\"twitter:label2\" content=\"Est. tempo de leitura\" \/>\n\t<meta name=\"twitter:data2\" content=\"7 minutos\" \/>\n<script type=\"application\/ld+json\" class=\"yoast-schema-graph\">{\"@context\":\"https:\/\/schema.org\",\"@graph\":[{\"@type\":\"Article\",\"@id\":\"https:\/\/jornalfatosenoticias.com.br\/index.php\/2025\/09\/10\/julgamento-de-bolsonaro-trava-negociacoes-com-eua-se-for-condenado-nao-tem-acordo\/#article\",\"isPartOf\":{\"@id\":\"https:\/\/jornalfatosenoticias.com.br\/index.php\/2025\/09\/10\/julgamento-de-bolsonaro-trava-negociacoes-com-eua-se-for-condenado-nao-tem-acordo\/\"},\"author\":{\"name\":\"Luzimara Fernandes\",\"@id\":\"https:\/\/jornalfatosenoticias.com.br\/#\/schema\/person\/d63837fa13ac8666eb9e74e0985d6f81\"},\"headline\":\"Julgamento de Bolsonaro trava negocia\u00e7\u00f5es com EUA: \u201cse for condenado, n\u00e3o tem acordo\u201d\",\"datePublished\":\"2025-09-10T19:29:25+00:00\",\"dateModified\":\"2025-09-10T19:29:27+00:00\",\"mainEntityOfPage\":{\"@id\":\"https:\/\/jornalfatosenoticias.com.br\/index.php\/2025\/09\/10\/julgamento-de-bolsonaro-trava-negociacoes-com-eua-se-for-condenado-nao-tem-acordo\/\"},\"wordCount\":1513,\"commentCount\":0,\"publisher\":{\"@id\":\"https:\/\/jornalfatosenoticias.com.br\/#organization\"},\"image\":{\"@id\":\"https:\/\/jornalfatosenoticias.com.br\/index.php\/2025\/09\/10\/julgamento-de-bolsonaro-trava-negociacoes-com-eua-se-for-condenado-nao-tem-acordo\/#primaryimage\"},\"thumbnailUrl\":\"https:\/\/jornalfatosenoticias.com.br\/wp-content\/uploads\/2025\/09\/cabeca-de-ovo-e-nine_gettyimages.jpg\",\"keywords\":[\"com\u00e9rcio exterior\",\"Donald Trump\",\"Jair Bolsonaro\",\"Lula\",\"STF\",\"tarifa\u00e7o\"],\"articleSection\":[\"Economia\"],\"inLanguage\":\"pt-BR\",\"potentialAction\":[{\"@type\":\"CommentAction\",\"name\":\"Comment\",\"target\":[\"https:\/\/jornalfatosenoticias.com.br\/index.php\/2025\/09\/10\/julgamento-de-bolsonaro-trava-negociacoes-com-eua-se-for-condenado-nao-tem-acordo\/#respond\"]}]},{\"@type\":\"WebPage\",\"@id\":\"https:\/\/jornalfatosenoticias.com.br\/index.php\/2025\/09\/10\/julgamento-de-bolsonaro-trava-negociacoes-com-eua-se-for-condenado-nao-tem-acordo\/\",\"url\":\"https:\/\/jornalfatosenoticias.com.br\/index.php\/2025\/09\/10\/julgamento-de-bolsonaro-trava-negociacoes-com-eua-se-for-condenado-nao-tem-acordo\/\",\"name\":\"Julgamento de Bolsonaro trava negocia\u00e7\u00f5es com EUA: \u201cse for condenado, n\u00e3o tem acordo\u201d - Jornal Fatos e Not\u00edcias\",\"isPartOf\":{\"@id\":\"https:\/\/jornalfatosenoticias.com.br\/#website\"},\"primaryImageOfPage\":{\"@id\":\"https:\/\/jornalfatosenoticias.com.br\/index.php\/2025\/09\/10\/julgamento-de-bolsonaro-trava-negociacoes-com-eua-se-for-condenado-nao-tem-acordo\/#primaryimage\"},\"image\":{\"@id\":\"https:\/\/jornalfatosenoticias.com.br\/index.php\/2025\/09\/10\/julgamento-de-bolsonaro-trava-negociacoes-com-eua-se-for-condenado-nao-tem-acordo\/#primaryimage\"},\"thumbnailUrl\":\"https:\/\/jornalfatosenoticias.com.br\/wp-content\/uploads\/2025\/09\/cabeca-de-ovo-e-nine_gettyimages.jpg\",\"datePublished\":\"2025-09-10T19:29:25+00:00\",\"dateModified\":\"2025-09-10T19:29:27+00:00\",\"breadcrumb\":{\"@id\":\"https:\/\/jornalfatosenoticias.com.br\/index.php\/2025\/09\/10\/julgamento-de-bolsonaro-trava-negociacoes-com-eua-se-for-condenado-nao-tem-acordo\/#breadcrumb\"},\"inLanguage\":\"pt-BR\",\"potentialAction\":[{\"@type\":\"ReadAction\",\"target\":[\"https:\/\/jornalfatosenoticias.com.br\/index.php\/2025\/09\/10\/julgamento-de-bolsonaro-trava-negociacoes-com-eua-se-for-condenado-nao-tem-acordo\/\"]}]},{\"@type\":\"ImageObject\",\"inLanguage\":\"pt-BR\",\"@id\":\"https:\/\/jornalfatosenoticias.com.br\/index.php\/2025\/09\/10\/julgamento-de-bolsonaro-trava-negociacoes-com-eua-se-for-condenado-nao-tem-acordo\/#primaryimage\",\"url\":\"https:\/\/jornalfatosenoticias.com.br\/wp-content\/uploads\/2025\/09\/cabeca-de-ovo-e-nine_gettyimages.jpg\",\"contentUrl\":\"https:\/\/jornalfatosenoticias.com.br\/wp-content\/uploads\/2025\/09\/cabeca-de-ovo-e-nine_gettyimages.jpg\",\"width\":612,\"height\":420,\"caption\":\"Brazilian presidential candidate for the leftist Workers Party (PT) and former President (2003-2010), Luiz Inacio Lula da Silva (R) greets Brazilian judge Alexandre de Moraes after he took over as head of the Superior Electoral Tribunal, at the TSE headquarters in Brasilia, on August 16, 2022. - The TSE is the institution responsible for refereeing the South American giant's October elections and punishing violations of electoral law. Openly reviled by President Jair Bolsonaro, de Moraes may have to show the stuff that earned him the nickname \\\"RoboCop\\\" as arbiter in polarizing, disinformation-plagued elections to decide the far-right incumbent's fate. (Photo by EVARISTO SA \/ AFP) (Photo by EVARISTO SA\/AFP via Getty Images)\"},{\"@type\":\"BreadcrumbList\",\"@id\":\"https:\/\/jornalfatosenoticias.com.br\/index.php\/2025\/09\/10\/julgamento-de-bolsonaro-trava-negociacoes-com-eua-se-for-condenado-nao-tem-acordo\/#breadcrumb\",\"itemListElement\":[{\"@type\":\"ListItem\",\"position\":1,\"name\":\"In\u00edcio\",\"item\":\"https:\/\/jornalfatosenoticias.com.br\/\"},{\"@type\":\"ListItem\",\"position\":2,\"name\":\"Julgamento de Bolsonaro trava negocia\u00e7\u00f5es com EUA: \u201cse for condenado, n\u00e3o tem acordo\u201d\"}]},{\"@type\":\"WebSite\",\"@id\":\"https:\/\/jornalfatosenoticias.com.br\/#website\",\"url\":\"https:\/\/jornalfatosenoticias.com.br\/\",\"name\":\"Jornal Fatos e Not\u00edcias\",\"description\":\"Not\u00edcias em geral\",\"publisher\":{\"@id\":\"https:\/\/jornalfatosenoticias.com.br\/#organization\"},\"potentialAction\":[{\"@type\":\"SearchAction\",\"target\":{\"@type\":\"EntryPoint\",\"urlTemplate\":\"https:\/\/jornalfatosenoticias.com.br\/?s={search_term_string}\"},\"query-input\":{\"@type\":\"PropertyValueSpecification\",\"valueRequired\":true,\"valueName\":\"search_term_string\"}}],\"inLanguage\":\"pt-BR\"},{\"@type\":\"Organization\",\"@id\":\"https:\/\/jornalfatosenoticias.com.br\/#organization\",\"name\":\"Jornal Fatos e Not\u00edcias\",\"url\":\"https:\/\/jornalfatosenoticias.com.br\/\",\"logo\":{\"@type\":\"ImageObject\",\"inLanguage\":\"pt-BR\",\"@id\":\"https:\/\/jornalfatosenoticias.com.br\/#\/schema\/logo\/image\/\",\"url\":\"https:\/\/jornalfatosenoticias.com.br\/wp-content\/uploads\/2020\/02\/logo120.png\",\"contentUrl\":\"https:\/\/jornalfatosenoticias.com.br\/wp-content\/uploads\/2020\/02\/logo120.png\",\"width\":1227,\"height\":120,\"caption\":\"Jornal Fatos e Not\u00edcias\"},\"image\":{\"@id\":\"https:\/\/jornalfatosenoticias.com.br\/#\/schema\/logo\/image\/\"}},{\"@type\":\"Person\",\"@id\":\"https:\/\/jornalfatosenoticias.com.br\/#\/schema\/person\/d63837fa13ac8666eb9e74e0985d6f81\",\"name\":\"Luzimara Fernandes\",\"image\":{\"@type\":\"ImageObject\",\"inLanguage\":\"pt-BR\",\"@id\":\"https:\/\/jornalfatosenoticias.com.br\/#\/schema\/person\/image\/\",\"url\":\"https:\/\/jornalfatosenoticias.com.br\/wp-content\/uploads\/2025\/05\/EU_portal.jpg\",\"contentUrl\":\"https:\/\/jornalfatosenoticias.com.br\/wp-content\/uploads\/2025\/05\/EU_portal.jpg\",\"caption\":\"Luzimara Fernandes\"},\"description\":\"Jornalista MTB 2358-ES\",\"sameAs\":[\"https:\/\/jornalfatosenoticias.com.br\"],\"url\":\"https:\/\/jornalfatosenoticias.com.br\/index.php\/author\/luzimara\/\"}]}<\/script>\n<!-- \/ Yoast SEO plugin. -->","yoast_head_json":{"title":"Julgamento de Bolsonaro trava negocia\u00e7\u00f5es com EUA: \u201cse for condenado, n\u00e3o tem acordo\u201d - Jornal Fatos e Not\u00edcias","robots":{"index":"index","follow":"follow","max-snippet":"max-snippet:-1","max-image-preview":"max-image-preview:large","max-video-preview":"max-video-preview:-1"},"canonical":"https:\/\/jornalfatosenoticias.com.br\/index.php\/2025\/09\/10\/julgamento-de-bolsonaro-trava-negociacoes-com-eua-se-for-condenado-nao-tem-acordo\/","og_locale":"pt_BR","og_type":"article","og_title":"Julgamento de Bolsonaro trava negocia\u00e7\u00f5es com EUA: \u201cse for condenado, n\u00e3o tem acordo\u201d - Jornal Fatos e Not\u00edcias","og_description":"Lula e o ministro Alexandre de Moraes: cr\u00edticas aos EUA e julgamento de Bolsonaro no STF emperram negocia\u00e7\u00f5es sobre tarifa\u00e7o Por Rose Amant\u00e9a Em meio ao julgamento\u00a0do ex-presidente Jair Bolsonaro (PL) pelo Supremo Tribunal Federal (STF) e \u00e0s novas\u00a0cr\u00edticas a Donald Trump desferidas por Lula (PT) do palco de sua presid\u00eancia tempor\u00e1ria do Brics, empres\u00e1rios [&hellip;]","og_url":"https:\/\/jornalfatosenoticias.com.br\/index.php\/2025\/09\/10\/julgamento-de-bolsonaro-trava-negociacoes-com-eua-se-for-condenado-nao-tem-acordo\/","og_site_name":"Jornal Fatos e Not\u00edcias","article_published_time":"2025-09-10T19:29:25+00:00","article_modified_time":"2025-09-10T19:29:27+00:00","og_image":[{"width":612,"height":420,"url":"https:\/\/jornalfatosenoticias.com.br\/wp-content\/uploads\/2025\/09\/cabeca-de-ovo-e-nine_gettyimages.jpg","type":"image\/jpeg"}],"author":"Luzimara Fernandes","twitter_card":"summary_large_image","twitter_misc":{"Escrito por":"Luzimara Fernandes","Est. tempo de leitura":"7 minutos"},"schema":{"@context":"https:\/\/schema.org","@graph":[{"@type":"Article","@id":"https:\/\/jornalfatosenoticias.com.br\/index.php\/2025\/09\/10\/julgamento-de-bolsonaro-trava-negociacoes-com-eua-se-for-condenado-nao-tem-acordo\/#article","isPartOf":{"@id":"https:\/\/jornalfatosenoticias.com.br\/index.php\/2025\/09\/10\/julgamento-de-bolsonaro-trava-negociacoes-com-eua-se-for-condenado-nao-tem-acordo\/"},"author":{"name":"Luzimara Fernandes","@id":"https:\/\/jornalfatosenoticias.com.br\/#\/schema\/person\/d63837fa13ac8666eb9e74e0985d6f81"},"headline":"Julgamento de Bolsonaro trava negocia\u00e7\u00f5es com EUA: \u201cse for condenado, n\u00e3o tem acordo\u201d","datePublished":"2025-09-10T19:29:25+00:00","dateModified":"2025-09-10T19:29:27+00:00","mainEntityOfPage":{"@id":"https:\/\/jornalfatosenoticias.com.br\/index.php\/2025\/09\/10\/julgamento-de-bolsonaro-trava-negociacoes-com-eua-se-for-condenado-nao-tem-acordo\/"},"wordCount":1513,"commentCount":0,"publisher":{"@id":"https:\/\/jornalfatosenoticias.com.br\/#organization"},"image":{"@id":"https:\/\/jornalfatosenoticias.com.br\/index.php\/2025\/09\/10\/julgamento-de-bolsonaro-trava-negociacoes-com-eua-se-for-condenado-nao-tem-acordo\/#primaryimage"},"thumbnailUrl":"https:\/\/jornalfatosenoticias.com.br\/wp-content\/uploads\/2025\/09\/cabeca-de-ovo-e-nine_gettyimages.jpg","keywords":["com\u00e9rcio exterior","Donald Trump","Jair Bolsonaro","Lula","STF","tarifa\u00e7o"],"articleSection":["Economia"],"inLanguage":"pt-BR","potentialAction":[{"@type":"CommentAction","name":"Comment","target":["https:\/\/jornalfatosenoticias.com.br\/index.php\/2025\/09\/10\/julgamento-de-bolsonaro-trava-negociacoes-com-eua-se-for-condenado-nao-tem-acordo\/#respond"]}]},{"@type":"WebPage","@id":"https:\/\/jornalfatosenoticias.com.br\/index.php\/2025\/09\/10\/julgamento-de-bolsonaro-trava-negociacoes-com-eua-se-for-condenado-nao-tem-acordo\/","url":"https:\/\/jornalfatosenoticias.com.br\/index.php\/2025\/09\/10\/julgamento-de-bolsonaro-trava-negociacoes-com-eua-se-for-condenado-nao-tem-acordo\/","name":"Julgamento de Bolsonaro trava negocia\u00e7\u00f5es com EUA: \u201cse for condenado, n\u00e3o tem acordo\u201d - Jornal Fatos e Not\u00edcias","isPartOf":{"@id":"https:\/\/jornalfatosenoticias.com.br\/#website"},"primaryImageOfPage":{"@id":"https:\/\/jornalfatosenoticias.com.br\/index.php\/2025\/09\/10\/julgamento-de-bolsonaro-trava-negociacoes-com-eua-se-for-condenado-nao-tem-acordo\/#primaryimage"},"image":{"@id":"https:\/\/jornalfatosenoticias.com.br\/index.php\/2025\/09\/10\/julgamento-de-bolsonaro-trava-negociacoes-com-eua-se-for-condenado-nao-tem-acordo\/#primaryimage"},"thumbnailUrl":"https:\/\/jornalfatosenoticias.com.br\/wp-content\/uploads\/2025\/09\/cabeca-de-ovo-e-nine_gettyimages.jpg","datePublished":"2025-09-10T19:29:25+00:00","dateModified":"2025-09-10T19:29:27+00:00","breadcrumb":{"@id":"https:\/\/jornalfatosenoticias.com.br\/index.php\/2025\/09\/10\/julgamento-de-bolsonaro-trava-negociacoes-com-eua-se-for-condenado-nao-tem-acordo\/#breadcrumb"},"inLanguage":"pt-BR","potentialAction":[{"@type":"ReadAction","target":["https:\/\/jornalfatosenoticias.com.br\/index.php\/2025\/09\/10\/julgamento-de-bolsonaro-trava-negociacoes-com-eua-se-for-condenado-nao-tem-acordo\/"]}]},{"@type":"ImageObject","inLanguage":"pt-BR","@id":"https:\/\/jornalfatosenoticias.com.br\/index.php\/2025\/09\/10\/julgamento-de-bolsonaro-trava-negociacoes-com-eua-se-for-condenado-nao-tem-acordo\/#primaryimage","url":"https:\/\/jornalfatosenoticias.com.br\/wp-content\/uploads\/2025\/09\/cabeca-de-ovo-e-nine_gettyimages.jpg","contentUrl":"https:\/\/jornalfatosenoticias.com.br\/wp-content\/uploads\/2025\/09\/cabeca-de-ovo-e-nine_gettyimages.jpg","width":612,"height":420,"caption":"Brazilian presidential candidate for the leftist Workers Party (PT) and former President (2003-2010), Luiz Inacio Lula da Silva (R) greets Brazilian judge Alexandre de Moraes after he took over as head of the Superior Electoral Tribunal, at the TSE headquarters in Brasilia, on August 16, 2022. - The TSE is the institution responsible for refereeing the South American giant's October elections and punishing violations of electoral law. Openly reviled by President Jair Bolsonaro, de Moraes may have to show the stuff that earned him the nickname \"RoboCop\" as arbiter in polarizing, disinformation-plagued elections to decide the far-right incumbent's fate. (Photo by EVARISTO SA \/ AFP) (Photo by EVARISTO SA\/AFP via Getty Images)"},{"@type":"BreadcrumbList","@id":"https:\/\/jornalfatosenoticias.com.br\/index.php\/2025\/09\/10\/julgamento-de-bolsonaro-trava-negociacoes-com-eua-se-for-condenado-nao-tem-acordo\/#breadcrumb","itemListElement":[{"@type":"ListItem","position":1,"name":"In\u00edcio","item":"https:\/\/jornalfatosenoticias.com.br\/"},{"@type":"ListItem","position":2,"name":"Julgamento de Bolsonaro trava negocia\u00e7\u00f5es com EUA: \u201cse for condenado, n\u00e3o tem acordo\u201d"}]},{"@type":"WebSite","@id":"https:\/\/jornalfatosenoticias.com.br\/#website","url":"https:\/\/jornalfatosenoticias.com.br\/","name":"Jornal Fatos e Not\u00edcias","description":"Not\u00edcias em geral","publisher":{"@id":"https:\/\/jornalfatosenoticias.com.br\/#organization"},"potentialAction":[{"@type":"SearchAction","target":{"@type":"EntryPoint","urlTemplate":"https:\/\/jornalfatosenoticias.com.br\/?s={search_term_string}"},"query-input":{"@type":"PropertyValueSpecification","valueRequired":true,"valueName":"search_term_string"}}],"inLanguage":"pt-BR"},{"@type":"Organization","@id":"https:\/\/jornalfatosenoticias.com.br\/#organization","name":"Jornal Fatos e Not\u00edcias","url":"https:\/\/jornalfatosenoticias.com.br\/","logo":{"@type":"ImageObject","inLanguage":"pt-BR","@id":"https:\/\/jornalfatosenoticias.com.br\/#\/schema\/logo\/image\/","url":"https:\/\/jornalfatosenoticias.com.br\/wp-content\/uploads\/2020\/02\/logo120.png","contentUrl":"https:\/\/jornalfatosenoticias.com.br\/wp-content\/uploads\/2020\/02\/logo120.png","width":1227,"height":120,"caption":"Jornal Fatos e Not\u00edcias"},"image":{"@id":"https:\/\/jornalfatosenoticias.com.br\/#\/schema\/logo\/image\/"}},{"@type":"Person","@id":"https:\/\/jornalfatosenoticias.com.br\/#\/schema\/person\/d63837fa13ac8666eb9e74e0985d6f81","name":"Luzimara Fernandes","image":{"@type":"ImageObject","inLanguage":"pt-BR","@id":"https:\/\/jornalfatosenoticias.com.br\/#\/schema\/person\/image\/","url":"https:\/\/jornalfatosenoticias.com.br\/wp-content\/uploads\/2025\/05\/EU_portal.jpg","contentUrl":"https:\/\/jornalfatosenoticias.com.br\/wp-content\/uploads\/2025\/05\/EU_portal.jpg","caption":"Luzimara Fernandes"},"description":"Jornalista MTB 2358-ES","sameAs":["https:\/\/jornalfatosenoticias.com.br"],"url":"https:\/\/jornalfatosenoticias.com.br\/index.php\/author\/luzimara\/"}]}},"cc_featured_image_caption":{"caption_text":"(Foto: Getty Images)","source_text":"","source_url":""},"jetpack_featured_media_url":"https:\/\/jornalfatosenoticias.com.br\/wp-content\/uploads\/2025\/09\/cabeca-de-ovo-e-nine_gettyimages.jpg","_links":{"self":[{"href":"https:\/\/jornalfatosenoticias.com.br\/index.php\/wp-json\/wp\/v2\/posts\/61807","targetHints":{"allow":["GET"]}}],"collection":[{"href":"https:\/\/jornalfatosenoticias.com.br\/index.php\/wp-json\/wp\/v2\/posts"}],"about":[{"href":"https:\/\/jornalfatosenoticias.com.br\/index.php\/wp-json\/wp\/v2\/types\/post"}],"author":[{"embeddable":true,"href":"https:\/\/jornalfatosenoticias.com.br\/index.php\/wp-json\/wp\/v2\/users\/2"}],"replies":[{"embeddable":true,"href":"https:\/\/jornalfatosenoticias.com.br\/index.php\/wp-json\/wp\/v2\/comments?post=61807"}],"version-history":[{"count":0,"href":"https:\/\/jornalfatosenoticias.com.br\/index.php\/wp-json\/wp\/v2\/posts\/61807\/revisions"}],"wp:featuredmedia":[{"embeddable":true,"href":"https:\/\/jornalfatosenoticias.com.br\/index.php\/wp-json\/wp\/v2\/media\/61808"}],"wp:attachment":[{"href":"https:\/\/jornalfatosenoticias.com.br\/index.php\/wp-json\/wp\/v2\/media?parent=61807"}],"wp:term":[{"taxonomy":"category","embeddable":true,"href":"https:\/\/jornalfatosenoticias.com.br\/index.php\/wp-json\/wp\/v2\/categories?post=61807"},{"taxonomy":"post_tag","embeddable":true,"href":"https:\/\/jornalfatosenoticias.com.br\/index.php\/wp-json\/wp\/v2\/tags?post=61807"}],"curies":[{"name":"wp","href":"https:\/\/api.w.org\/{rel}","templated":true}]}}