{"id":61826,"date":"2025-09-12T19:27:50","date_gmt":"2025-09-12T22:27:50","guid":{"rendered":"https:\/\/jornalfatosenoticias.com.br\/?p=61826"},"modified":"2025-09-12T19:27:52","modified_gmt":"2025-09-12T22:27:52","slug":"estudo-comparativo-impactos-tributarios-na-locacao-empresarial-de-galpoes-no-espirito-santo","status":"publish","type":"post","link":"https:\/\/jornalfatosenoticias.com.br\/index.php\/2025\/09\/12\/estudo-comparativo-impactos-tributarios-na-locacao-empresarial-de-galpoes-no-espirito-santo\/","title":{"rendered":"Estudo comparativo: impactos tribut\u00e1rios na loca\u00e7\u00e3o empresarial de galp\u00f5es no Esp\u00edrito Santo"},"content":{"rendered":"\n<p><em><span class=\"has-inline-color has-black-color\">An\u00e1lise dos efeitos da transi\u00e7\u00e3o do sistema tribut\u00e1rio atual para o modelo CBS\/IBS<\/span><\/em><\/p>\n\n\n\n<div class=\"wp-block-image\"><figure class=\"aligncenter size-large\"><a href=\"https:\/\/mizu.com.br\/\"><img loading=\"lazy\" decoding=\"async\" width=\"729\" height=\"90\" src=\"https:\/\/jornalfatosenoticias.com.br\/wp-content\/uploads\/2020\/02\/Logo_Mizu.png\" alt=\"\" class=\"wp-image-1441\" srcset=\"https:\/\/jornalfatosenoticias.com.br\/wp-content\/uploads\/2020\/02\/Logo_Mizu.png 729w, https:\/\/jornalfatosenoticias.com.br\/wp-content\/uploads\/2020\/02\/Logo_Mizu-300x37.png 300w\" sizes=\"auto, (max-width: 729px) 100vw, 729px\" \/><\/a><\/figure><\/div>\n\n\n\n<p>Esta semana preparamos o presente estudo para juntos examinarmos as transforma\u00e7\u00f5es na carga tribut\u00e1ria que afetar\u00e3o as opera\u00e7\u00f5es de loca\u00e7\u00e3o empresarial de galp\u00f5es no territ\u00f3rio capixaba, considerando a migra\u00e7\u00e3o do atual cen\u00e1rio tribut\u00e1rio para o novo modelo estabelecido pela Reforma Tribut\u00e1ria. O foco da an\u00e1lise est\u00e1 tanto nos aspectos quantitativos quanto qualitativos dessas mudan\u00e7as, e identificando subs\u00eddios para o planejamento tribut\u00e1rio estrat\u00e9gico das empresas do setor.<\/p>\n\n\n\n<p><strong><span class=\"has-inline-color has-black-color\">Estrutura tribut\u00e1ria vigente<br><\/span><\/strong>O modelo fiscal atualmente em vigor no Esp\u00edrito Santo para atividades de loca\u00e7\u00e3o de espa\u00e7os log\u00edsticos apresenta caracter\u00edsticas espec\u00edficas que diferem substancialmente do tratamento dispensado a outras modalidades de neg\u00f3cio.<\/p>\n\n\n\n<div class=\"wp-block-image\"><figure class=\"aligncenter size-large is-resized\"><a href=\"https:\/\/www.instagram.com\/esteio.churrascaria\/\"><img loading=\"lazy\" decoding=\"async\" src=\"https:\/\/jornalfatosenoticias.com.br\/wp-content\/uploads\/2022\/02\/LOGO-ESTEIO-1024x730.png\" alt=\"\" class=\"wp-image-27942\" width=\"299\" height=\"213\" srcset=\"https:\/\/jornalfatosenoticias.com.br\/wp-content\/uploads\/2022\/02\/LOGO-ESTEIO-1024x730.png 1024w, https:\/\/jornalfatosenoticias.com.br\/wp-content\/uploads\/2022\/02\/LOGO-ESTEIO-300x214.png 300w, https:\/\/jornalfatosenoticias.com.br\/wp-content\/uploads\/2022\/02\/LOGO-ESTEIO-768x548.png 768w, https:\/\/jornalfatosenoticias.com.br\/wp-content\/uploads\/2022\/02\/LOGO-ESTEIO.png 1123w\" sizes=\"auto, (max-width: 299px) 100vw, 299px\" \/><\/a><\/figure><\/div>\n\n\n\n<p><strong><span class=\"has-inline-color has-black-color\">Tributos estaduais e municipais<br><\/span><\/strong>No \u00e2mbito estadual, o ICMS n\u00e3o incide sobre contratos de loca\u00e7\u00e3o, j\u00e1 que tais opera\u00e7\u00f5es n\u00e3o caracterizam circula\u00e7\u00e3o de mercadorias. O modelo fiscal atualmente em vigor no Esp\u00edrito Santo para atividades de loca\u00e7\u00e3o de espa\u00e7os log\u00edsticos apresenta caracter\u00edsticas espec\u00edficas que diferem substancialmente do tratamento dispensado a outras modalidades de neg\u00f3cio.<\/p>\n\n\n\n<div class=\"wp-block-image\"><figure class=\"aligncenter size-large is-resized\"><a href=\"https:\/\/legisjuris.com.br\/\"><img loading=\"lazy\" decoding=\"async\" src=\"https:\/\/jornalfatosenoticias.com.br\/wp-content\/uploads\/2024\/09\/Legis-Juris-Consultoria_logo.jpg\" alt=\"\" class=\"wp-image-53915\" width=\"535\" height=\"224\" srcset=\"https:\/\/jornalfatosenoticias.com.br\/wp-content\/uploads\/2024\/09\/Legis-Juris-Consultoria_logo.jpg 969w, https:\/\/jornalfatosenoticias.com.br\/wp-content\/uploads\/2024\/09\/Legis-Juris-Consultoria_logo-300x126.jpg 300w, https:\/\/jornalfatosenoticias.com.br\/wp-content\/uploads\/2024\/09\/Legis-Juris-Consultoria_logo-768x322.jpg 768w\" sizes=\"auto, (max-width: 535px) 100vw, 535px\" \/><\/a><\/figure><\/div>\n\n\n\n<p><strong><span class=\"has-inline-color has-black-color\">Tributos federais<br><\/span><\/strong>A tributa\u00e7\u00e3o federal incide sobre o PIS e a COFINS, com al\u00edquotas que variam de acordo com o regime de apura\u00e7\u00e3o adotado pela empresa:<br><strong>\u2022 Lucro Presumido (Regime Cumulativo): <\/strong>al\u00edquota total de 3,65% sobre o faturamento bruto.<br><strong>\u2022 Lucro Real (Regime n\u00e3o Cumulativo): <\/strong>al\u00edquota de 9,25%, com possibilidade de aproveitamento de cr\u00e9ditos.<\/p>\n\n\n\n<div class=\"wp-block-image\"><figure class=\"aligncenter size-large\"><a href=\"http:\/\/www.ferrarimaquinas.com.br\/\"><img loading=\"lazy\" decoding=\"async\" width=\"300\" height=\"250\" src=\"https:\/\/jornalfatosenoticias.com.br\/wp-content\/uploads\/2022\/02\/FERRARI_MAQUINAS-E-FERRAMENTAS2.jpg\" alt=\"\" class=\"wp-image-27860\"\/><\/a><\/figure><\/div>\n\n\n\n<p><strong><span class=\"has-inline-color has-black-color\">Novo paradigma tribut\u00e1rio: CBS e IBS<br><\/span><\/strong>A reestrutura\u00e7\u00e3o do sistema fiscal brasileiro com a Reforma Tribut\u00e1ria prev\u00ea a substitui\u00e7\u00e3o dos atuais tributos sobre o consumo por dois novos tributos: a Contribui\u00e7\u00e3o sobre Bens e Servi\u00e7os (CBS) e o Imposto sobre Bens e Servi\u00e7os (IBS). Esta transforma\u00e7\u00e3o fundamenta-se na busca por maior simplicidade e efici\u00eancia arrecadat\u00f3ria.<\/p>\n\n\n\n<div class=\"wp-block-image\"><figure class=\"aligncenter size-large is-resized\"><a href=\"https:\/\/www.facebook.com\/profile.php?id=100069289606145\"><img loading=\"lazy\" decoding=\"async\" src=\"https:\/\/jornalfatosenoticias.com.br\/wp-content\/uploads\/2024\/11\/Guaitolini-Contabilidade-1024x714.jpeg\" alt=\"\" class=\"wp-image-55808\" width=\"308\" height=\"215\" srcset=\"https:\/\/jornalfatosenoticias.com.br\/wp-content\/uploads\/2024\/11\/Guaitolini-Contabilidade-1024x714.jpeg 1024w, https:\/\/jornalfatosenoticias.com.br\/wp-content\/uploads\/2024\/11\/Guaitolini-Contabilidade-300x209.jpeg 300w, https:\/\/jornalfatosenoticias.com.br\/wp-content\/uploads\/2024\/11\/Guaitolini-Contabilidade-768x535.jpeg 768w, https:\/\/jornalfatosenoticias.com.br\/wp-content\/uploads\/2024\/11\/Guaitolini-Contabilidade.jpeg 1280w\" sizes=\"auto, (max-width: 308px) 100vw, 308px\" \/><\/a><\/figure><\/div>\n\n\n\n<p><strong><span class=\"has-inline-color has-black-color\">Al\u00edquotas no novo modelo<br><\/span><\/strong>A al\u00edquota m\u00e1xima combinada dos dois tributos ser\u00e1 de at\u00e9 <strong>26,5%,<\/strong> contudo, o setor imobili\u00e1rio beneficia-se de tratamento diferenciado, com redu\u00e7\u00e3o substancial para atividades de loca\u00e7\u00e3o:<br><strong>\u2022 CBS:<\/strong> 2,70%<br><strong>\u2022 IBS: <\/strong>5,25%<br><strong>\u2022 Carga combinada:<\/strong> <strong>7,95%<\/strong><\/p>\n\n\n\n<div class=\"wp-block-image\"><figure class=\"aligncenter size-large is-resized\"><a href=\"https:\/\/www.controlsystems.com.br\/\"><img loading=\"lazy\" decoding=\"async\" src=\"https:\/\/jornalfatosenoticias.com.br\/wp-content\/uploads\/2020\/02\/CONTROL-CS.jpg\" alt=\"\" class=\"wp-image-44991\" width=\"274\" height=\"328\" srcset=\"https:\/\/jornalfatosenoticias.com.br\/wp-content\/uploads\/2020\/02\/CONTROL-CS.jpg 834w, https:\/\/jornalfatosenoticias.com.br\/wp-content\/uploads\/2020\/02\/CONTROL-CS-250x300.jpg 250w, https:\/\/jornalfatosenoticias.com.br\/wp-content\/uploads\/2020\/02\/CONTROL-CS-768x921.jpg 768w\" sizes=\"auto, (max-width: 274px) 100vw, 274px\" \/><\/a><\/figure><\/div>\n\n\n\n<p><strong><span class=\"has-inline-color has-black-color\">An\u00e1lise comparativa dos cen\u00e1rios<br><\/span><\/strong>A compara\u00e7\u00e3o entre os modelos atual e futuro evidencia impactos distintos, dependendo do regime tribut\u00e1rio adotado:<br><strong>Impacto para as empresas no Lucro Presumido:<br><\/strong>A carga tribut\u00e1ria nominal aumenta em <strong>4,30 pontos percentuais, <\/strong>o que representa um acr\u00e9scimo de aproximadamente <strong>118%.<\/strong><br><strong>\u2022<\/strong>  Apesar do impacto percentual elevado, deve-se considerar o potencial de cr\u00e9ditos no novo sistema.<\/p>\n\n\n\n<div class=\"wp-block-image\"><figure class=\"aligncenter size-large\"><a href=\"https:\/\/www.cesconetto.com.br\/\"><img loading=\"lazy\" decoding=\"async\" width=\"300\" height=\"250\" src=\"https:\/\/jornalfatosenoticias.com.br\/wp-content\/uploads\/2020\/02\/Banner-2.png\" alt=\"\" class=\"wp-image-43787\"\/><\/a><\/figure><\/div>\n\n\n\n<p><strong><span class=\"has-inline-color has-black-color\">Empresas no Lucro Real<br><\/span>\u2022 <\/strong>Redu\u00e7\u00e3o de <strong>1,30 ponto percentual,<\/strong> equivalente a uma queda de cerca de <strong>14%<\/strong> na carga tribut\u00e1ria.<br><strong>\u2022<\/strong> Este resultado reflete a converg\u00eancia das al\u00edquotas em um patamar intermedi\u00e1rio.<\/p>\n\n\n\n<div class=\"wp-block-image\"><figure class=\"aligncenter size-large\"><img loading=\"lazy\" decoding=\"async\" width=\"737\" height=\"415\" src=\"https:\/\/jornalfatosenoticias.com.br\/wp-content\/uploads\/2025\/09\/IMPACTOS-TRIBUTARIOS-ALUGUEL-GALPOES-CBS-IBS.jpg\" alt=\"\" class=\"wp-image-61827\" srcset=\"https:\/\/jornalfatosenoticias.com.br\/wp-content\/uploads\/2025\/09\/IMPACTOS-TRIBUTARIOS-ALUGUEL-GALPOES-CBS-IBS.jpg 737w, https:\/\/jornalfatosenoticias.com.br\/wp-content\/uploads\/2025\/09\/IMPACTOS-TRIBUTARIOS-ALUGUEL-GALPOES-CBS-IBS-300x169.jpg 300w\" sizes=\"auto, (max-width: 737px) 100vw, 737px\" \/><figcaption><em><span class=\"has-inline-color has-black-color\">(Foto: Reprodu\u00e7\u00e3o internet)<\/span><\/em><\/figcaption><\/figure><\/div>\n\n\n\n<p><strong><span class=\"has-inline-color has-black-color\">Fatores mitigadores e oportunidades<br><\/span><\/strong><em><span class=\"has-inline-color has-black-color\"><span style=\"text-decoration: underline;\">Sistema de cr\u00e9ditos<br><\/span><\/span><\/em>A maior inova\u00e7\u00e3o da reforma est\u00e1 na <strong>n\u00e3o cumulatividade plena.<\/strong> As empresas poder\u00e3o aproveitar cr\u00e9ditos sobre diversos insumos, como energia el\u00e9trica, servi\u00e7os de manuten\u00e7\u00e3o, seguran\u00e7a e demais custos operacionais, o que poder\u00e1 reduzir a carga efetiva em rela\u00e7\u00e3o \u00e0 nominal.<\/p>\n\n\n\n<div class=\"wp-block-image\"><figure class=\"aligncenter size-large is-resized\"><a href=\"https:\/\/www.instagram.com\/gruposei\/\"><img loading=\"lazy\" decoding=\"async\" src=\"https:\/\/jornalfatosenoticias.com.br\/wp-content\/uploads\/2022\/07\/Logo-Grupo-SEI.jpg\" alt=\"\" class=\"wp-image-31973\" width=\"363\" height=\"190\" srcset=\"https:\/\/jornalfatosenoticias.com.br\/wp-content\/uploads\/2022\/07\/Logo-Grupo-SEI.jpg 713w, https:\/\/jornalfatosenoticias.com.br\/wp-content\/uploads\/2022\/07\/Logo-Grupo-SEI-300x158.jpg 300w\" sizes=\"auto, (max-width: 363px) 100vw, 363px\" \/><\/a><\/figure><\/div>\n\n\n\n<p><em><span class=\"has-inline-color has-black-color\"><span style=\"text-decoration: underline;\">Simplifica\u00e7\u00e3o administrativa<br><\/span><\/span><\/em>A unifica\u00e7\u00e3o de m\u00faltiplos tributos em apenas dois reduzir\u00e1 significativamente a complexidade das obriga\u00e7\u00f5es acess\u00f3rias, gerando economia de custos administrativos e redu\u00e7\u00e3o de riscos de conting\u00eancias fiscais.<\/p>\n\n\n\n<div class=\"wp-block-image\"><figure class=\"aligncenter size-large is-resized\"><a href=\"https:\/\/panper.com.br\/\"><img loading=\"lazy\" decoding=\"async\" src=\"https:\/\/jornalfatosenoticias.com.br\/wp-content\/uploads\/2023\/03\/logo-Panper_portal.jpg\" alt=\"\" class=\"wp-image-40208\" width=\"313\" height=\"217\" srcset=\"https:\/\/jornalfatosenoticias.com.br\/wp-content\/uploads\/2023\/03\/logo-Panper_portal.jpg 400w, https:\/\/jornalfatosenoticias.com.br\/wp-content\/uploads\/2023\/03\/logo-Panper_portal-300x208.jpg 300w\" sizes=\"auto, (max-width: 313px) 100vw, 313px\" \/><\/a><\/figure><\/div>\n\n\n\n<p><span class=\"has-inline-color has-black-color\"><em><span style=\"text-decoration: underline;\">Cronograma de implementa\u00e7\u00e3o<br><\/span><\/em><\/span>A transi\u00e7\u00e3o ser\u00e1 escalonada ao longo de cinco anos (2029 a 2033):<br><strong>\u2022 2029: <\/strong>10% da nova tributa\u00e7\u00e3o<strong><br>\u2022 2030: <\/strong>20%<strong><br>\u2022 2031: <\/strong>30%<strong><br>\u2022 2032:<\/strong> 40%<strong><br>\u2022 2033: <\/strong>vig\u00eancia integral do novo sistema<\/p>\n\n\n\n<div class=\"wp-block-image\"><figure class=\"aligncenter size-large is-resized\"><a href=\"https:\/\/www.instagram.com\/rcradiadores\/\"><img loading=\"lazy\" decoding=\"async\" src=\"https:\/\/jornalfatosenoticias.com.br\/wp-content\/uploads\/2022\/10\/RC_800x750_page-0001.jpg\" alt=\"\" class=\"wp-image-35338\" width=\"288\" height=\"270\" srcset=\"https:\/\/jornalfatosenoticias.com.br\/wp-content\/uploads\/2022\/10\/RC_800x750_page-0001.jpg 400w, https:\/\/jornalfatosenoticias.com.br\/wp-content\/uploads\/2022\/10\/RC_800x750_page-0001-300x281.jpg 300w\" sizes=\"auto, (max-width: 288px) 100vw, 288px\" \/><\/a><\/figure><\/div>\n\n\n\n<p><strong><span class=\"has-inline-color has-black-color\">Simula\u00e7\u00e3o Pr\u00e1tica<br><\/span><\/strong>Para exemplificar os impactos, considere uma loca\u00e7\u00e3o mensal de <strong>R$ 100.000,00:<\/strong><br><strong>\u2022 Cen\u00e1rio atual:<\/strong><br>\uf0a7 Lucro Presumido: R$ 3.650<br>\uf0a7 Lucro Real: R$ 9.250<br><strong>\u2022 Cen\u00e1rio futuro (al\u00edquota nominal):<\/strong><br>\uf0a7 Todos os regimes: R$ 7.950<br><strong>\u2022 Cen\u00e1rio futuro (com cr\u00e9ditos estimados em 30%):<\/strong><br>\uf0a7 Carga efetiva: R$ 5.565<\/p>\n\n\n\n<div class=\"wp-block-image\"><figure class=\"aligncenter size-large is-resized\"><a href=\"https:\/\/www.instagram.com\/serra4x4cambioautomatico\/\"><img loading=\"lazy\" decoding=\"async\" src=\"https:\/\/jornalfatosenoticias.com.br\/wp-content\/uploads\/2024\/08\/Serra-4x4-1-886x1024.jpg\" alt=\"\" class=\"wp-image-53632\" width=\"278\" height=\"321\" srcset=\"https:\/\/jornalfatosenoticias.com.br\/wp-content\/uploads\/2024\/08\/Serra-4x4-1-886x1024.jpg 886w, https:\/\/jornalfatosenoticias.com.br\/wp-content\/uploads\/2024\/08\/Serra-4x4-1-260x300.jpg 260w, https:\/\/jornalfatosenoticias.com.br\/wp-content\/uploads\/2024\/08\/Serra-4x4-1-768x888.jpg 768w, https:\/\/jornalfatosenoticias.com.br\/wp-content\/uploads\/2024\/08\/Serra-4x4-1.jpg 1181w\" sizes=\"auto, (max-width: 278px) 100vw, 278px\" \/><\/a><\/figure><\/div>\n\n\n\n<p><strong><span class=\"has-inline-color has-black-color\">Diretrizes estrat\u00e9gicas e planejamento tribut\u00e1rio<br><\/span><\/strong><span class=\"has-inline-color has-black-color\">Diante desse novo cen\u00e1rio, as empresas devem:<\/span><\/p>\n\n\n\n<ol class=\"wp-block-list\"><li><strong>Reavaliar o regime tribut\u00e1rio<br><\/strong>Considerar n\u00e3o apenas as al\u00edquotas nominais, mas tamb\u00e9m o potencial de aproveitamento de cr\u00e9ditos e o perfil de custos operacionais.<\/li><li><strong>Implementar gest\u00e3o de cr\u00e9ditos<br><\/strong>Estabelecer controles rigorosos para identificar, documentar e utilizar todos os cr\u00e9ditos poss\u00edveis ser\u00e1 essencial para reduzir a carga efetiva.<\/li><li><strong>Adequar os contratos<br><\/strong>Revisar cl\u00e1usulas contratuais relacionadas \u00e0 tributa\u00e7\u00e3o, especialmente sobre o repasse de custos e responsabilidades fiscais.<\/li><li><strong>Investir em capacita\u00e7\u00e3o<br><\/strong>Torna-se fundamental investir em consultorias tribut\u00e1rias e na qualifica\u00e7\u00e3o das equipes respons\u00e1veis pela gest\u00e3o tribut\u00e1ria, preparando equipes para as complexidades do per\u00edodo transit\u00f3rio e as oportunidades do novo sistema.<\/li><\/ol>\n\n\n\n<div class=\"wp-block-image\"><figure class=\"aligncenter size-large is-resized\"><a href=\"https:\/\/www.instagram.com\/restaurantepegoretti\/\"><img loading=\"lazy\" decoding=\"async\" src=\"https:\/\/jornalfatosenoticias.com.br\/wp-content\/uploads\/2023\/12\/pegoretti-logo-pdf-1024x389.jpg\" alt=\"\" class=\"wp-image-47536\" width=\"501\" height=\"190\" srcset=\"https:\/\/jornalfatosenoticias.com.br\/wp-content\/uploads\/2023\/12\/pegoretti-logo-pdf-1024x389.jpg 1024w, https:\/\/jornalfatosenoticias.com.br\/wp-content\/uploads\/2023\/12\/pegoretti-logo-pdf-300x114.jpg 300w, https:\/\/jornalfatosenoticias.com.br\/wp-content\/uploads\/2023\/12\/pegoretti-logo-pdf-768x291.jpg 768w, https:\/\/jornalfatosenoticias.com.br\/wp-content\/uploads\/2023\/12\/pegoretti-logo-pdf.jpg 1120w\" sizes=\"auto, (max-width: 501px) 100vw, 501px\" \/><\/a><\/figure><\/div>\n\n\n\n<p><strong><span class=\"has-inline-color has-black-color\">Considera\u00e7\u00f5es finais<br><\/span><\/strong>A Reforma Tribut\u00e1ria representa uma transforma\u00e7\u00e3o estrutural no ambiente de neg\u00f3cios brasileiro. Para o setor de loca\u00e7\u00e3o de galp\u00f5es no Esp\u00edrito Santo, os efeitos ser\u00e3o heterog\u00eaneos, dependendo das caracter\u00edsticas espec\u00edficas de cada empresa. Embora o aumento nominal das al\u00edquotas para empresas no Lucro Presumido seja uma preocupa\u00e7\u00e3o leg\u00edtima, a implementa\u00e7\u00e3o da n\u00e3o cumulatividade plena oferece oportunidades de otimiza\u00e7\u00e3o fiscal que podem compensar ou at\u00e9 superar este incremento inicial.<\/p>\n\n\n\n<div class=\"wp-block-image\"><figure class=\"aligncenter size-large is-resized\"><a href=\"https:\/\/hotelmarquetti.com.br\/\"><img loading=\"lazy\" decoding=\"async\" src=\"https:\/\/jornalfatosenoticias.com.br\/wp-content\/uploads\/2020\/02\/LOGO-MQ-1024x680.jpg\" alt=\"\" class=\"wp-image-58299\" width=\"331\" height=\"220\" srcset=\"https:\/\/jornalfatosenoticias.com.br\/wp-content\/uploads\/2020\/02\/LOGO-MQ-1024x680.jpg 1024w, https:\/\/jornalfatosenoticias.com.br\/wp-content\/uploads\/2020\/02\/LOGO-MQ-300x199.jpg 300w, https:\/\/jornalfatosenoticias.com.br\/wp-content\/uploads\/2020\/02\/LOGO-MQ-768x510.jpg 768w, https:\/\/jornalfatosenoticias.com.br\/wp-content\/uploads\/2020\/02\/LOGO-MQ-1536x1020.jpg 1536w, https:\/\/jornalfatosenoticias.com.br\/wp-content\/uploads\/2020\/02\/LOGO-MQ-2048x1360.jpg 2048w\" sizes=\"auto, (max-width: 331px) 100vw, 331px\" \/><\/a><\/figure><\/div>\n\n\n\n<p>O sucesso na adapta\u00e7\u00e3o ao novo cen\u00e1rio depender\u00e1 da capacidade das organiza\u00e7\u00f5es em compreender e operacionalizar eficientemente os mecanismos de cr\u00e9dito, bem como em adequar seus processos internos \u00e0s novas exig\u00eancias regulamentares. As empresas que anteciparem este movimento, investindo em prepara\u00e7\u00e3o via consultorias tribut\u00e1rias e societ\u00e1rias, e capacita\u00e7\u00e3o dos profissionais internos da \u00e1rea fiscal e cont\u00e1bil estar\u00e3o melhor posicionadas para aproveitar as oportunidades e mitigar os riscos inerentes a esta transi\u00e7\u00e3o hist\u00f3rica do novo sistema tribut\u00e1rio que se aproxima.<br><strong><span class=\"has-inline-color has-black-color\">At\u00e9 a pr\u00f3xima semana com mais estrat\u00e9gias de redu\u00e7\u00e3o da carga tribut\u00e1ria.<\/span><\/strong><\/p>\n\n\n\n<div class=\"wp-block-image\"><figure class=\"aligncenter size-large is-resized\"><a href=\"https:\/\/www.facebook.com\/vetor.vix\/\"><img loading=\"lazy\" decoding=\"async\" src=\"https:\/\/jornalfatosenoticias.com.br\/wp-content\/uploads\/2023\/09\/vetorvix1024_1.jpg\" alt=\"\" class=\"wp-image-44868\" width=\"543\" height=\"144\" srcset=\"https:\/\/jornalfatosenoticias.com.br\/wp-content\/uploads\/2023\/09\/vetorvix1024_1.jpg 1024w, https:\/\/jornalfatosenoticias.com.br\/wp-content\/uploads\/2023\/09\/vetorvix1024_1-300x80.jpg 300w, https:\/\/jornalfatosenoticias.com.br\/wp-content\/uploads\/2023\/09\/vetorvix1024_1-768x205.jpg 768w\" sizes=\"auto, (max-width: 543px) 100vw, 543px\" \/><\/a><\/figure><\/div>\n\n\n\n<p><\/p>\n","protected":false},"excerpt":{"rendered":"<p>An\u00e1lise dos efeitos da transi\u00e7\u00e3o do sistema tribut\u00e1rio atual para o modelo CBS\/IBS Esta semana preparamos o presente estudo para juntos examinarmos as transforma\u00e7\u00f5es na carga tribut\u00e1ria que afetar\u00e3o as opera\u00e7\u00f5es de loca\u00e7\u00e3o empresarial de galp\u00f5es no territ\u00f3rio capixaba, considerando a migra\u00e7\u00e3o do atual cen\u00e1rio tribut\u00e1rio para o novo modelo estabelecido pela Reforma Tribut\u00e1ria. O [&hellip;]<\/p>\n","protected":false},"author":39,"featured_media":61828,"comment_status":"open","ping_status":"open","sticky":false,"template":"","format":"standard","meta":{"footnotes":""},"categories":[9],"tags":[27220,100,28201,28202,28203,27820],"class_list":["post-61826","post","type-post","status-publish","format-standard","has-post-thumbnail","hentry","category-economia","tag-cbs-ibs","tag-espirito-santo","tag-galpoes","tag-impactos-tributarios","tag-locacao-empresarial-de-galpoes","tag-sistema-tributario"],"yoast_head":"<!-- This site is optimized with the Yoast SEO plugin v26.5 - https:\/\/yoast.com\/wordpress\/plugins\/seo\/ -->\n<title>Estudo comparativo: impactos tribut\u00e1rios na loca\u00e7\u00e3o empresarial de galp\u00f5es no Esp\u00edrito Santo - Jornal Fatos e Not\u00edcias<\/title>\n<meta name=\"robots\" content=\"index, follow, max-snippet:-1, max-image-preview:large, max-video-preview:-1\" \/>\n<link rel=\"canonical\" href=\"https:\/\/jornalfatosenoticias.com.br\/index.php\/2025\/09\/12\/estudo-comparativo-impactos-tributarios-na-locacao-empresarial-de-galpoes-no-espirito-santo\/\" \/>\n<meta property=\"og:locale\" content=\"pt_BR\" \/>\n<meta property=\"og:type\" content=\"article\" \/>\n<meta property=\"og:title\" content=\"Estudo comparativo: impactos tribut\u00e1rios na loca\u00e7\u00e3o empresarial de galp\u00f5es no Esp\u00edrito Santo - Jornal Fatos e Not\u00edcias\" \/>\n<meta property=\"og:description\" content=\"An\u00e1lise dos efeitos da transi\u00e7\u00e3o do sistema tribut\u00e1rio atual para o modelo CBS\/IBS Esta semana preparamos o presente estudo para juntos examinarmos as transforma\u00e7\u00f5es na carga tribut\u00e1ria que afetar\u00e3o as opera\u00e7\u00f5es de loca\u00e7\u00e3o empresarial de galp\u00f5es no territ\u00f3rio capixaba, considerando a migra\u00e7\u00e3o do atual cen\u00e1rio tribut\u00e1rio para o novo modelo estabelecido pela Reforma Tribut\u00e1ria. O [&hellip;]\" \/>\n<meta property=\"og:url\" content=\"https:\/\/jornalfatosenoticias.com.br\/index.php\/2025\/09\/12\/estudo-comparativo-impactos-tributarios-na-locacao-empresarial-de-galpoes-no-espirito-santo\/\" \/>\n<meta property=\"og:site_name\" content=\"Jornal Fatos e Not\u00edcias\" \/>\n<meta property=\"article:published_time\" content=\"2025-09-12T22:27:50+00:00\" \/>\n<meta property=\"article:modified_time\" content=\"2025-09-12T22:27:52+00:00\" \/>\n<meta property=\"og:image\" content=\"https:\/\/jornalfatosenoticias.com.br\/wp-content\/uploads\/2025\/09\/aluguel-de-galpoes-ES.jpg\" \/>\n\t<meta property=\"og:image:width\" content=\"1000\" \/>\n\t<meta property=\"og:image:height\" content=\"535\" \/>\n\t<meta property=\"og:image:type\" content=\"image\/jpeg\" \/>\n<meta name=\"author\" content=\"Rogerio Fernandes e Kalyne Calais\" \/>\n<meta name=\"twitter:card\" content=\"summary_large_image\" \/>\n<meta name=\"twitter:label1\" content=\"Escrito por\" \/>\n\t<meta name=\"twitter:data1\" content=\"Rogerio Fernandes e Kalyne Calais\" \/>\n\t<meta name=\"twitter:label2\" content=\"Est. tempo de leitura\" \/>\n\t<meta name=\"twitter:data2\" content=\"5 minutos\" \/>\n<script type=\"application\/ld+json\" class=\"yoast-schema-graph\">{\"@context\":\"https:\/\/schema.org\",\"@graph\":[{\"@type\":\"Article\",\"@id\":\"https:\/\/jornalfatosenoticias.com.br\/index.php\/2025\/09\/12\/estudo-comparativo-impactos-tributarios-na-locacao-empresarial-de-galpoes-no-espirito-santo\/#article\",\"isPartOf\":{\"@id\":\"https:\/\/jornalfatosenoticias.com.br\/index.php\/2025\/09\/12\/estudo-comparativo-impactos-tributarios-na-locacao-empresarial-de-galpoes-no-espirito-santo\/\"},\"author\":{\"name\":\"Rogerio Fernandes e Kalyne Calais\",\"@id\":\"https:\/\/jornalfatosenoticias.com.br\/#\/schema\/person\/dbe3a29c2a0ae01a892d7aef31d6c0b6\"},\"headline\":\"Estudo comparativo: impactos tribut\u00e1rios na loca\u00e7\u00e3o empresarial de galp\u00f5es no Esp\u00edrito Santo\",\"datePublished\":\"2025-09-12T22:27:50+00:00\",\"dateModified\":\"2025-09-12T22:27:52+00:00\",\"mainEntityOfPage\":{\"@id\":\"https:\/\/jornalfatosenoticias.com.br\/index.php\/2025\/09\/12\/estudo-comparativo-impactos-tributarios-na-locacao-empresarial-de-galpoes-no-espirito-santo\/\"},\"wordCount\":972,\"commentCount\":0,\"publisher\":{\"@id\":\"https:\/\/jornalfatosenoticias.com.br\/#organization\"},\"image\":{\"@id\":\"https:\/\/jornalfatosenoticias.com.br\/index.php\/2025\/09\/12\/estudo-comparativo-impactos-tributarios-na-locacao-empresarial-de-galpoes-no-espirito-santo\/#primaryimage\"},\"thumbnailUrl\":\"https:\/\/jornalfatosenoticias.com.br\/wp-content\/uploads\/2025\/09\/aluguel-de-galpoes-ES.jpg\",\"keywords\":[\"CBS\/IBS\",\"Esp\u00edrito Santo\",\"galp\u00f5es\",\"impactos tribut\u00e1rios\",\"loca\u00e7\u00e3o empresarial de galp\u00f5es\",\"sistema tribut\u00e1rio\"],\"articleSection\":[\"Economia\"],\"inLanguage\":\"pt-BR\",\"potentialAction\":[{\"@type\":\"CommentAction\",\"name\":\"Comment\",\"target\":[\"https:\/\/jornalfatosenoticias.com.br\/index.php\/2025\/09\/12\/estudo-comparativo-impactos-tributarios-na-locacao-empresarial-de-galpoes-no-espirito-santo\/#respond\"]}]},{\"@type\":\"WebPage\",\"@id\":\"https:\/\/jornalfatosenoticias.com.br\/index.php\/2025\/09\/12\/estudo-comparativo-impactos-tributarios-na-locacao-empresarial-de-galpoes-no-espirito-santo\/\",\"url\":\"https:\/\/jornalfatosenoticias.com.br\/index.php\/2025\/09\/12\/estudo-comparativo-impactos-tributarios-na-locacao-empresarial-de-galpoes-no-espirito-santo\/\",\"name\":\"Estudo comparativo: impactos tribut\u00e1rios na loca\u00e7\u00e3o empresarial de galp\u00f5es no Esp\u00edrito Santo - Jornal Fatos e Not\u00edcias\",\"isPartOf\":{\"@id\":\"https:\/\/jornalfatosenoticias.com.br\/#website\"},\"primaryImageOfPage\":{\"@id\":\"https:\/\/jornalfatosenoticias.com.br\/index.php\/2025\/09\/12\/estudo-comparativo-impactos-tributarios-na-locacao-empresarial-de-galpoes-no-espirito-santo\/#primaryimage\"},\"image\":{\"@id\":\"https:\/\/jornalfatosenoticias.com.br\/index.php\/2025\/09\/12\/estudo-comparativo-impactos-tributarios-na-locacao-empresarial-de-galpoes-no-espirito-santo\/#primaryimage\"},\"thumbnailUrl\":\"https:\/\/jornalfatosenoticias.com.br\/wp-content\/uploads\/2025\/09\/aluguel-de-galpoes-ES.jpg\",\"datePublished\":\"2025-09-12T22:27:50+00:00\",\"dateModified\":\"2025-09-12T22:27:52+00:00\",\"breadcrumb\":{\"@id\":\"https:\/\/jornalfatosenoticias.com.br\/index.php\/2025\/09\/12\/estudo-comparativo-impactos-tributarios-na-locacao-empresarial-de-galpoes-no-espirito-santo\/#breadcrumb\"},\"inLanguage\":\"pt-BR\",\"potentialAction\":[{\"@type\":\"ReadAction\",\"target\":[\"https:\/\/jornalfatosenoticias.com.br\/index.php\/2025\/09\/12\/estudo-comparativo-impactos-tributarios-na-locacao-empresarial-de-galpoes-no-espirito-santo\/\"]}]},{\"@type\":\"ImageObject\",\"inLanguage\":\"pt-BR\",\"@id\":\"https:\/\/jornalfatosenoticias.com.br\/index.php\/2025\/09\/12\/estudo-comparativo-impactos-tributarios-na-locacao-empresarial-de-galpoes-no-espirito-santo\/#primaryimage\",\"url\":\"https:\/\/jornalfatosenoticias.com.br\/wp-content\/uploads\/2025\/09\/aluguel-de-galpoes-ES.jpg\",\"contentUrl\":\"https:\/\/jornalfatosenoticias.com.br\/wp-content\/uploads\/2025\/09\/aluguel-de-galpoes-ES.jpg\",\"width\":1000,\"height\":535},{\"@type\":\"BreadcrumbList\",\"@id\":\"https:\/\/jornalfatosenoticias.com.br\/index.php\/2025\/09\/12\/estudo-comparativo-impactos-tributarios-na-locacao-empresarial-de-galpoes-no-espirito-santo\/#breadcrumb\",\"itemListElement\":[{\"@type\":\"ListItem\",\"position\":1,\"name\":\"In\u00edcio\",\"item\":\"https:\/\/jornalfatosenoticias.com.br\/\"},{\"@type\":\"ListItem\",\"position\":2,\"name\":\"Estudo comparativo: impactos tribut\u00e1rios na loca\u00e7\u00e3o empresarial de galp\u00f5es no Esp\u00edrito Santo\"}]},{\"@type\":\"WebSite\",\"@id\":\"https:\/\/jornalfatosenoticias.com.br\/#website\",\"url\":\"https:\/\/jornalfatosenoticias.com.br\/\",\"name\":\"Jornal Fatos e Not\u00edcias\",\"description\":\"Not\u00edcias em geral\",\"publisher\":{\"@id\":\"https:\/\/jornalfatosenoticias.com.br\/#organization\"},\"potentialAction\":[{\"@type\":\"SearchAction\",\"target\":{\"@type\":\"EntryPoint\",\"urlTemplate\":\"https:\/\/jornalfatosenoticias.com.br\/?s={search_term_string}\"},\"query-input\":{\"@type\":\"PropertyValueSpecification\",\"valueRequired\":true,\"valueName\":\"search_term_string\"}}],\"inLanguage\":\"pt-BR\"},{\"@type\":\"Organization\",\"@id\":\"https:\/\/jornalfatosenoticias.com.br\/#organization\",\"name\":\"Jornal Fatos e Not\u00edcias\",\"url\":\"https:\/\/jornalfatosenoticias.com.br\/\",\"logo\":{\"@type\":\"ImageObject\",\"inLanguage\":\"pt-BR\",\"@id\":\"https:\/\/jornalfatosenoticias.com.br\/#\/schema\/logo\/image\/\",\"url\":\"https:\/\/jornalfatosenoticias.com.br\/wp-content\/uploads\/2020\/02\/logo120.png\",\"contentUrl\":\"https:\/\/jornalfatosenoticias.com.br\/wp-content\/uploads\/2020\/02\/logo120.png\",\"width\":1227,\"height\":120,\"caption\":\"Jornal Fatos e Not\u00edcias\"},\"image\":{\"@id\":\"https:\/\/jornalfatosenoticias.com.br\/#\/schema\/logo\/image\/\"}},{\"@type\":\"Person\",\"@id\":\"https:\/\/jornalfatosenoticias.com.br\/#\/schema\/person\/dbe3a29c2a0ae01a892d7aef31d6c0b6\",\"name\":\"Rogerio Fernandes e Kalyne Calais\",\"image\":{\"@type\":\"ImageObject\",\"inLanguage\":\"pt-BR\",\"@id\":\"https:\/\/jornalfatosenoticias.com.br\/#\/schema\/person\/image\/\",\"url\":\"https:\/\/jornalfatosenoticias.com.br\/wp-content\/uploads\/2026\/01\/Rogerio-Kalyne_PORTAL-1-150x150.jpeg\",\"contentUrl\":\"https:\/\/jornalfatosenoticias.com.br\/wp-content\/uploads\/2026\/01\/Rogerio-Kalyne_PORTAL-1-150x150.jpeg\",\"caption\":\"Rogerio Fernandes e Kalyne Calais\"},\"description\":\"Especialistas em Direito Tribut\u00e1rio Legis Juris Consultoria https:\/\/www.instagram.com\/kalynecalais\/ https:\/\/www.linkedin.com\/company\/legis-juris\/\",\"url\":\"https:\/\/jornalfatosenoticias.com.br\/index.php\/author\/rogerio-e-kalyne\/\"}]}<\/script>\n<!-- \/ Yoast SEO plugin. -->","yoast_head_json":{"title":"Estudo comparativo: impactos tribut\u00e1rios na loca\u00e7\u00e3o empresarial de galp\u00f5es no Esp\u00edrito Santo - Jornal Fatos e Not\u00edcias","robots":{"index":"index","follow":"follow","max-snippet":"max-snippet:-1","max-image-preview":"max-image-preview:large","max-video-preview":"max-video-preview:-1"},"canonical":"https:\/\/jornalfatosenoticias.com.br\/index.php\/2025\/09\/12\/estudo-comparativo-impactos-tributarios-na-locacao-empresarial-de-galpoes-no-espirito-santo\/","og_locale":"pt_BR","og_type":"article","og_title":"Estudo comparativo: impactos tribut\u00e1rios na loca\u00e7\u00e3o empresarial de galp\u00f5es no Esp\u00edrito Santo - Jornal Fatos e Not\u00edcias","og_description":"An\u00e1lise dos efeitos da transi\u00e7\u00e3o do sistema tribut\u00e1rio atual para o modelo CBS\/IBS Esta semana preparamos o presente estudo para juntos examinarmos as transforma\u00e7\u00f5es na carga tribut\u00e1ria que afetar\u00e3o as opera\u00e7\u00f5es de loca\u00e7\u00e3o empresarial de galp\u00f5es no territ\u00f3rio capixaba, considerando a migra\u00e7\u00e3o do atual cen\u00e1rio tribut\u00e1rio para o novo modelo estabelecido pela Reforma Tribut\u00e1ria. O [&hellip;]","og_url":"https:\/\/jornalfatosenoticias.com.br\/index.php\/2025\/09\/12\/estudo-comparativo-impactos-tributarios-na-locacao-empresarial-de-galpoes-no-espirito-santo\/","og_site_name":"Jornal Fatos e Not\u00edcias","article_published_time":"2025-09-12T22:27:50+00:00","article_modified_time":"2025-09-12T22:27:52+00:00","og_image":[{"width":1000,"height":535,"url":"https:\/\/jornalfatosenoticias.com.br\/wp-content\/uploads\/2025\/09\/aluguel-de-galpoes-ES.jpg","type":"image\/jpeg"}],"author":"Rogerio Fernandes e Kalyne Calais","twitter_card":"summary_large_image","twitter_misc":{"Escrito por":"Rogerio Fernandes e Kalyne Calais","Est. tempo de leitura":"5 minutos"},"schema":{"@context":"https:\/\/schema.org","@graph":[{"@type":"Article","@id":"https:\/\/jornalfatosenoticias.com.br\/index.php\/2025\/09\/12\/estudo-comparativo-impactos-tributarios-na-locacao-empresarial-de-galpoes-no-espirito-santo\/#article","isPartOf":{"@id":"https:\/\/jornalfatosenoticias.com.br\/index.php\/2025\/09\/12\/estudo-comparativo-impactos-tributarios-na-locacao-empresarial-de-galpoes-no-espirito-santo\/"},"author":{"name":"Rogerio Fernandes e Kalyne Calais","@id":"https:\/\/jornalfatosenoticias.com.br\/#\/schema\/person\/dbe3a29c2a0ae01a892d7aef31d6c0b6"},"headline":"Estudo comparativo: impactos tribut\u00e1rios na loca\u00e7\u00e3o empresarial de galp\u00f5es no Esp\u00edrito Santo","datePublished":"2025-09-12T22:27:50+00:00","dateModified":"2025-09-12T22:27:52+00:00","mainEntityOfPage":{"@id":"https:\/\/jornalfatosenoticias.com.br\/index.php\/2025\/09\/12\/estudo-comparativo-impactos-tributarios-na-locacao-empresarial-de-galpoes-no-espirito-santo\/"},"wordCount":972,"commentCount":0,"publisher":{"@id":"https:\/\/jornalfatosenoticias.com.br\/#organization"},"image":{"@id":"https:\/\/jornalfatosenoticias.com.br\/index.php\/2025\/09\/12\/estudo-comparativo-impactos-tributarios-na-locacao-empresarial-de-galpoes-no-espirito-santo\/#primaryimage"},"thumbnailUrl":"https:\/\/jornalfatosenoticias.com.br\/wp-content\/uploads\/2025\/09\/aluguel-de-galpoes-ES.jpg","keywords":["CBS\/IBS","Esp\u00edrito Santo","galp\u00f5es","impactos tribut\u00e1rios","loca\u00e7\u00e3o empresarial de galp\u00f5es","sistema tribut\u00e1rio"],"articleSection":["Economia"],"inLanguage":"pt-BR","potentialAction":[{"@type":"CommentAction","name":"Comment","target":["https:\/\/jornalfatosenoticias.com.br\/index.php\/2025\/09\/12\/estudo-comparativo-impactos-tributarios-na-locacao-empresarial-de-galpoes-no-espirito-santo\/#respond"]}]},{"@type":"WebPage","@id":"https:\/\/jornalfatosenoticias.com.br\/index.php\/2025\/09\/12\/estudo-comparativo-impactos-tributarios-na-locacao-empresarial-de-galpoes-no-espirito-santo\/","url":"https:\/\/jornalfatosenoticias.com.br\/index.php\/2025\/09\/12\/estudo-comparativo-impactos-tributarios-na-locacao-empresarial-de-galpoes-no-espirito-santo\/","name":"Estudo comparativo: impactos tribut\u00e1rios na loca\u00e7\u00e3o empresarial de galp\u00f5es no Esp\u00edrito Santo - Jornal Fatos e Not\u00edcias","isPartOf":{"@id":"https:\/\/jornalfatosenoticias.com.br\/#website"},"primaryImageOfPage":{"@id":"https:\/\/jornalfatosenoticias.com.br\/index.php\/2025\/09\/12\/estudo-comparativo-impactos-tributarios-na-locacao-empresarial-de-galpoes-no-espirito-santo\/#primaryimage"},"image":{"@id":"https:\/\/jornalfatosenoticias.com.br\/index.php\/2025\/09\/12\/estudo-comparativo-impactos-tributarios-na-locacao-empresarial-de-galpoes-no-espirito-santo\/#primaryimage"},"thumbnailUrl":"https:\/\/jornalfatosenoticias.com.br\/wp-content\/uploads\/2025\/09\/aluguel-de-galpoes-ES.jpg","datePublished":"2025-09-12T22:27:50+00:00","dateModified":"2025-09-12T22:27:52+00:00","breadcrumb":{"@id":"https:\/\/jornalfatosenoticias.com.br\/index.php\/2025\/09\/12\/estudo-comparativo-impactos-tributarios-na-locacao-empresarial-de-galpoes-no-espirito-santo\/#breadcrumb"},"inLanguage":"pt-BR","potentialAction":[{"@type":"ReadAction","target":["https:\/\/jornalfatosenoticias.com.br\/index.php\/2025\/09\/12\/estudo-comparativo-impactos-tributarios-na-locacao-empresarial-de-galpoes-no-espirito-santo\/"]}]},{"@type":"ImageObject","inLanguage":"pt-BR","@id":"https:\/\/jornalfatosenoticias.com.br\/index.php\/2025\/09\/12\/estudo-comparativo-impactos-tributarios-na-locacao-empresarial-de-galpoes-no-espirito-santo\/#primaryimage","url":"https:\/\/jornalfatosenoticias.com.br\/wp-content\/uploads\/2025\/09\/aluguel-de-galpoes-ES.jpg","contentUrl":"https:\/\/jornalfatosenoticias.com.br\/wp-content\/uploads\/2025\/09\/aluguel-de-galpoes-ES.jpg","width":1000,"height":535},{"@type":"BreadcrumbList","@id":"https:\/\/jornalfatosenoticias.com.br\/index.php\/2025\/09\/12\/estudo-comparativo-impactos-tributarios-na-locacao-empresarial-de-galpoes-no-espirito-santo\/#breadcrumb","itemListElement":[{"@type":"ListItem","position":1,"name":"In\u00edcio","item":"https:\/\/jornalfatosenoticias.com.br\/"},{"@type":"ListItem","position":2,"name":"Estudo comparativo: impactos tribut\u00e1rios na loca\u00e7\u00e3o empresarial de galp\u00f5es no Esp\u00edrito Santo"}]},{"@type":"WebSite","@id":"https:\/\/jornalfatosenoticias.com.br\/#website","url":"https:\/\/jornalfatosenoticias.com.br\/","name":"Jornal Fatos e Not\u00edcias","description":"Not\u00edcias em geral","publisher":{"@id":"https:\/\/jornalfatosenoticias.com.br\/#organization"},"potentialAction":[{"@type":"SearchAction","target":{"@type":"EntryPoint","urlTemplate":"https:\/\/jornalfatosenoticias.com.br\/?s={search_term_string}"},"query-input":{"@type":"PropertyValueSpecification","valueRequired":true,"valueName":"search_term_string"}}],"inLanguage":"pt-BR"},{"@type":"Organization","@id":"https:\/\/jornalfatosenoticias.com.br\/#organization","name":"Jornal Fatos e Not\u00edcias","url":"https:\/\/jornalfatosenoticias.com.br\/","logo":{"@type":"ImageObject","inLanguage":"pt-BR","@id":"https:\/\/jornalfatosenoticias.com.br\/#\/schema\/logo\/image\/","url":"https:\/\/jornalfatosenoticias.com.br\/wp-content\/uploads\/2020\/02\/logo120.png","contentUrl":"https:\/\/jornalfatosenoticias.com.br\/wp-content\/uploads\/2020\/02\/logo120.png","width":1227,"height":120,"caption":"Jornal Fatos e Not\u00edcias"},"image":{"@id":"https:\/\/jornalfatosenoticias.com.br\/#\/schema\/logo\/image\/"}},{"@type":"Person","@id":"https:\/\/jornalfatosenoticias.com.br\/#\/schema\/person\/dbe3a29c2a0ae01a892d7aef31d6c0b6","name":"Rogerio Fernandes e Kalyne Calais","image":{"@type":"ImageObject","inLanguage":"pt-BR","@id":"https:\/\/jornalfatosenoticias.com.br\/#\/schema\/person\/image\/","url":"https:\/\/jornalfatosenoticias.com.br\/wp-content\/uploads\/2026\/01\/Rogerio-Kalyne_PORTAL-1-150x150.jpeg","contentUrl":"https:\/\/jornalfatosenoticias.com.br\/wp-content\/uploads\/2026\/01\/Rogerio-Kalyne_PORTAL-1-150x150.jpeg","caption":"Rogerio Fernandes e Kalyne Calais"},"description":"Especialistas em Direito Tribut\u00e1rio Legis Juris Consultoria https:\/\/www.instagram.com\/kalynecalais\/ https:\/\/www.linkedin.com\/company\/legis-juris\/","url":"https:\/\/jornalfatosenoticias.com.br\/index.php\/author\/rogerio-e-kalyne\/"}]}},"cc_featured_image_caption":{"caption_text":"(Foto: Reprodu\u00e7\u00e3o internet) ","source_text":"","source_url":""},"jetpack_featured_media_url":"https:\/\/jornalfatosenoticias.com.br\/wp-content\/uploads\/2025\/09\/aluguel-de-galpoes-ES.jpg","_links":{"self":[{"href":"https:\/\/jornalfatosenoticias.com.br\/index.php\/wp-json\/wp\/v2\/posts\/61826","targetHints":{"allow":["GET"]}}],"collection":[{"href":"https:\/\/jornalfatosenoticias.com.br\/index.php\/wp-json\/wp\/v2\/posts"}],"about":[{"href":"https:\/\/jornalfatosenoticias.com.br\/index.php\/wp-json\/wp\/v2\/types\/post"}],"author":[{"embeddable":true,"href":"https:\/\/jornalfatosenoticias.com.br\/index.php\/wp-json\/wp\/v2\/users\/39"}],"replies":[{"embeddable":true,"href":"https:\/\/jornalfatosenoticias.com.br\/index.php\/wp-json\/wp\/v2\/comments?post=61826"}],"version-history":[{"count":0,"href":"https:\/\/jornalfatosenoticias.com.br\/index.php\/wp-json\/wp\/v2\/posts\/61826\/revisions"}],"wp:featuredmedia":[{"embeddable":true,"href":"https:\/\/jornalfatosenoticias.com.br\/index.php\/wp-json\/wp\/v2\/media\/61828"}],"wp:attachment":[{"href":"https:\/\/jornalfatosenoticias.com.br\/index.php\/wp-json\/wp\/v2\/media?parent=61826"}],"wp:term":[{"taxonomy":"category","embeddable":true,"href":"https:\/\/jornalfatosenoticias.com.br\/index.php\/wp-json\/wp\/v2\/categories?post=61826"},{"taxonomy":"post_tag","embeddable":true,"href":"https:\/\/jornalfatosenoticias.com.br\/index.php\/wp-json\/wp\/v2\/tags?post=61826"}],"curies":[{"name":"wp","href":"https:\/\/api.w.org\/{rel}","templated":true}]}}