{"id":61848,"date":"2025-09-12T20:43:27","date_gmt":"2025-09-12T23:43:27","guid":{"rendered":"https:\/\/jornalfatosenoticias.com.br\/?p=61848"},"modified":"2025-09-12T20:43:29","modified_gmt":"2025-09-12T23:43:29","slug":"a-semana-no-brasil-e-no-mundo-lider-comunitaria-ligada-ao-pcc-dividiu-palco-com-lula-e-e-presa-em-operacao-em-sp","status":"publish","type":"post","link":"https:\/\/jornalfatosenoticias.com.br\/index.php\/2025\/09\/12\/a-semana-no-brasil-e-no-mundo-lider-comunitaria-ligada-ao-pcc-dividiu-palco-com-lula-e-e-presa-em-operacao-em-sp\/","title":{"rendered":"A Semana no Brasil e no Mundo \u2014 L\u00edder comunit\u00e1ria ligada ao PCC dividiu palco com Lula e \u00e9 presa em opera\u00e7\u00e3o em SP"},"content":{"rendered":"\n<div class=\"wp-block-image\"><figure class=\"aligncenter size-large is-resized\"><a href=\"https:\/\/www.facebook.com\/vetor.vix\/\"><img loading=\"lazy\" decoding=\"async\" src=\"https:\/\/jornalfatosenoticias.com.br\/wp-content\/uploads\/2023\/09\/vetorvix1024_1.jpg\" alt=\"\" class=\"wp-image-44868\" width=\"554\" height=\"147\" srcset=\"https:\/\/jornalfatosenoticias.com.br\/wp-content\/uploads\/2023\/09\/vetorvix1024_1.jpg 1024w, https:\/\/jornalfatosenoticias.com.br\/wp-content\/uploads\/2023\/09\/vetorvix1024_1-300x80.jpg 300w, https:\/\/jornalfatosenoticias.com.br\/wp-content\/uploads\/2023\/09\/vetorvix1024_1-768x205.jpg 768w\" sizes=\"auto, (max-width: 554px) 100vw, 554px\" \/><\/a><\/figure><\/div>\n\n\n\n<p>A l\u00edder comunit\u00e1ria Alessandra Moja Cunha, presidente da Associa\u00e7\u00e3o da Comunidade do Moinho, no centro de S\u00e3o Paulo, foi presa na segunda-feira (8) durante a Opera\u00e7\u00e3o Sharpe, deflagrada pelo Minist\u00e9rio P\u00fablico de S\u00e3o Paulo (MPSP). Segundo a investiga\u00e7\u00e3o, Alessandra integrava uma organiza\u00e7\u00e3o criminosa comandada por seu irm\u00e3o, Leonardo Moja, o \u201cL\u00e9o do Moinho\u201d, apontado como principal l\u00edder do PCC na regi\u00e3o central da capital.<br>De acordo com o MPSP, a associa\u00e7\u00e3o dirigida por Alessandra funcionava como instrumento de mobiliza\u00e7\u00e3o contra interven\u00e7\u00f5es policiais e de apoio log\u00edstico \u00e0s atividades da fac\u00e7\u00e3o. O \u00f3rg\u00e3o afirma que ela exercia \u201cpapel importante na organiza\u00e7\u00e3o de manifesta\u00e7\u00f5es p\u00fablicas que blindavam a comunidade\u201d, al\u00e9m de auxiliar diretamente o irm\u00e3o em empreitadas criminosas.<\/p>\n\n\n\n<div class=\"wp-block-image\"><figure class=\"aligncenter size-large is-resized\"><a href=\"https:\/\/www.facebook.com\/postobkr\/?locale=pt_BR\"><img loading=\"lazy\" decoding=\"async\" src=\"https:\/\/jornalfatosenoticias.com.br\/wp-content\/uploads\/2023\/08\/BKR-1024x1021.jpg\" alt=\"\" class=\"wp-image-44494\" width=\"322\" height=\"321\" srcset=\"https:\/\/jornalfatosenoticias.com.br\/wp-content\/uploads\/2023\/08\/BKR-1024x1021.jpg 1024w, https:\/\/jornalfatosenoticias.com.br\/wp-content\/uploads\/2023\/08\/BKR-300x300.jpg 300w, https:\/\/jornalfatosenoticias.com.br\/wp-content\/uploads\/2023\/08\/BKR-150x150.jpg 150w, https:\/\/jornalfatosenoticias.com.br\/wp-content\/uploads\/2023\/08\/BKR-768x766.jpg 768w, https:\/\/jornalfatosenoticias.com.br\/wp-content\/uploads\/2023\/08\/BKR.jpg 1080w\" sizes=\"auto, (max-width: 322px) 100vw, 322px\" \/><\/a><\/figure><\/div>\n\n\n\n<p>As investiga\u00e7\u00f5es revelam ainda que Alessandra era respons\u00e1vel por extorquir moradores interessados em aceitar a proposta do governo estadual para deixar a favela do Moinho. A fac\u00e7\u00e3o, segundo apura\u00e7\u00e3o, cobrava uma \u201cmulta\u201d que podia chegar a R$ 100 mil de quem desejasse sair do local. A associa\u00e7\u00e3o presidida por Alessandra foi a mesma que, em junho, recebeu a visita de Luiz In\u00e1cio Lula da Silva (PT). A articula\u00e7\u00e3o foi negociada pelo ministro da Secretaria-Geral da Presid\u00eancia, M\u00e1rcio Mac\u00eado. Dois dias ap\u00f3s a reuni\u00e3o, Lula esteve na comunidade e chegou a dividir o palco com Alessandra em um ato p\u00fablico.<br>A pris\u00e3o exp\u00f5e constrangimento pol\u00edtico ao governo, uma vez que a interlocu\u00e7\u00e3o institucional acabou vinculada a uma lideran\u00e7a agora acusada de envolvimento direto com o crime organizado. O Pal\u00e1cio do Planalto n\u00e3o se manifestou at\u00e9 o fechamento desta edi\u00e7\u00e3o.<strong> (Fonte: Hora Bras\u00edlia)<\/strong><\/p>\n\n\n\n<div class=\"wp-block-image\"><figure class=\"aligncenter size-large is-resized\"><a href=\"https:\/\/www.instagram.com\/serra4x4cambioautomatico\/\"><img loading=\"lazy\" decoding=\"async\" src=\"https:\/\/jornalfatosenoticias.com.br\/wp-content\/uploads\/2024\/08\/Serra-4x4-1-886x1024.jpg\" alt=\"\" class=\"wp-image-53632\" width=\"258\" height=\"298\" srcset=\"https:\/\/jornalfatosenoticias.com.br\/wp-content\/uploads\/2024\/08\/Serra-4x4-1-886x1024.jpg 886w, https:\/\/jornalfatosenoticias.com.br\/wp-content\/uploads\/2024\/08\/Serra-4x4-1-260x300.jpg 260w, https:\/\/jornalfatosenoticias.com.br\/wp-content\/uploads\/2024\/08\/Serra-4x4-1-768x888.jpg 768w, https:\/\/jornalfatosenoticias.com.br\/wp-content\/uploads\/2024\/08\/Serra-4x4-1.jpg 1181w\" sizes=\"auto, (max-width: 258px) 100vw, 258px\" \/><\/a><\/figure><\/div>\n\n\n\n<hr class=\"wp-block-separator\"\/>\n\n\n\n<h3 class=\"wp-block-heading\"><span class=\"has-inline-color has-black-color\">Ditadura chinesa atua com uso de hospitais psiqui\u00e1tricos para neutralizar cr\u00edticos, dissidentes e opositores<\/span><\/h3>\n\n\n\n<div class=\"wp-block-image\"><figure class=\"aligncenter size-large\"><img loading=\"lazy\" decoding=\"async\" width=\"612\" height=\"441\" src=\"https:\/\/jornalfatosenoticias.com.br\/wp-content\/uploads\/2025\/09\/Ditadura-chinesa-atua-com-uso-de-hospitais-psiquiatricos_gettyimages.jpg\" alt=\"\" class=\"wp-image-61853\" srcset=\"https:\/\/jornalfatosenoticias.com.br\/wp-content\/uploads\/2025\/09\/Ditadura-chinesa-atua-com-uso-de-hospitais-psiquiatricos_gettyimages.jpg 612w, https:\/\/jornalfatosenoticias.com.br\/wp-content\/uploads\/2025\/09\/Ditadura-chinesa-atua-com-uso-de-hospitais-psiquiatricos_gettyimages-300x216.jpg 300w\" sizes=\"auto, (max-width: 612px) 100vw, 612px\" \/><figcaption><em><span class=\"has-inline-color has-black-color\">Ditadores<\/span><\/em> <em><span class=\"has-inline-color has-black-color\">Xi Jinping e Vladmir Putin (Foto: Getty Images)<\/span><\/em><\/figcaption><\/figure><\/div>\n\n\n\n<p><span class=\"has-inline-color has-black-color\">Por <strong>Raul Holderf Nascimento<\/strong><br><\/span>Uma investiga\u00e7\u00e3o da BBC News traz os bastidores de como o regime chin\u00eas vem recorrendo \u00e0 interna\u00e7\u00e3o involunt\u00e1ria em hospitais psiqui\u00e1tricos como m\u00e9todo para silenciar cr\u00edticos, dissidentes e opositores. O caso de Zhang Junjie, ent\u00e3o com 17 anos, \u00e9 um dos listados na investiga\u00e7\u00e3o jornal\u00edstica. Ap\u00f3s protestar contra as medidas de lockdown em frente \u00e0 sua universidade em 2022, ele foi hospitalizado \u00e0 for\u00e7a com diagn\u00f3stico de esquizofrenia, sem qualquer processo judicial ou avalia\u00e7\u00e3o m\u00e9dica independente.<\/p>\n\n\n\n<div class=\"wp-block-image\"><figure class=\"aligncenter size-large is-resized\"><a href=\"https:\/\/panper.com.br\/\"><img loading=\"lazy\" decoding=\"async\" src=\"https:\/\/jornalfatosenoticias.com.br\/wp-content\/uploads\/2023\/03\/logo-Panper_portal.jpg\" alt=\"\" class=\"wp-image-40208\" width=\"312\" height=\"216\" srcset=\"https:\/\/jornalfatosenoticias.com.br\/wp-content\/uploads\/2023\/03\/logo-Panper_portal.jpg 400w, https:\/\/jornalfatosenoticias.com.br\/wp-content\/uploads\/2023\/03\/logo-Panper_portal-300x208.jpg 300w\" sizes=\"auto, (max-width: 312px) 100vw, 312px\" \/><\/a><\/figure><\/div>\n\n\n\n<p>Junjie relatou ter sido amarrado e obrigado a ingerir medicamentos antipsic\u00f3ticos durante os 12 dias em que permaneceu internado. Segundo ele, m\u00e9dicos e enfermeiros justificavam a hospitaliza\u00e7\u00e3o com base em suas opini\u00f5es contr\u00e1rias ao Partido Comunista Chin\u00eas. O m\u00e9todo de tortura ocorreu ap\u00f3s seus professores alertarem a fam\u00edlia sobre o protesto. No dia seguinte, na data de anivers\u00e1rio de 18 anos, dois homens o conduziram a um hospital sob o pretexto de realiza\u00e7\u00e3o de testes de covid-19.<\/p>\n\n\n\n<div class=\"wp-block-image\"><figure class=\"aligncenter size-large is-resized\"><a href=\"https:\/\/www.instagram.com\/gruposei\/\"><img loading=\"lazy\" decoding=\"async\" src=\"https:\/\/jornalfatosenoticias.com.br\/wp-content\/uploads\/2022\/07\/Logo-Grupo-SEI.jpg\" alt=\"\" class=\"wp-image-31973\" width=\"375\" height=\"197\" srcset=\"https:\/\/jornalfatosenoticias.com.br\/wp-content\/uploads\/2022\/07\/Logo-Grupo-SEI.jpg 713w, https:\/\/jornalfatosenoticias.com.br\/wp-content\/uploads\/2022\/07\/Logo-Grupo-SEI-300x158.jpg 300w\" sizes=\"auto, (max-width: 375px) 100vw, 375px\" \/><\/a><\/figure><\/div>\n\n\n\n<p>Ap\u00f3s a primeira alta, Junjie foi novamente detido ao publicar um v\u00eddeo soltando fogos de artif\u00edcio durante o Ano Novo Chin\u00eas, contrariando uma proibi\u00e7\u00e3o oficial. Ele foi acusado de \u201cprovocar brigas e criar problemas\u201d, uma tipifica\u00e7\u00e3o legal frequentemente empregada para punir manifesta\u00e7\u00f5es pol\u00edticas. A segunda interna\u00e7\u00e3o durou mais de dois meses. \u201cTomar o medicamento me fazia sentir como se meu c\u00e9rebro estivesse uma bagun\u00e7a\u201d, relatou. Segundo ele, a pol\u00edcia fazia visitas regulares para verificar se os rem\u00e9dios estavam sendo consumidos.<br>A BBC confirmou ao menos 59 casos de interna\u00e7\u00f5es psiqui\u00e1tricas impostas a cidad\u00e3os que protestaram ou denunciaram abusos de autoridades. Muitos relataram o uso de medicamentos sem autoriza\u00e7\u00e3o e, em alguns casos, eletroconvulsoterapia (ECT). <strong>(Fonte: Conex\u00e3o Pol\u00edtica)<\/strong><\/p>\n\n\n\n<div class=\"wp-block-image\"><figure class=\"aligncenter size-large is-resized\"><a href=\"https:\/\/www.controlsystems.com.br\/\"><img loading=\"lazy\" decoding=\"async\" src=\"https:\/\/jornalfatosenoticias.com.br\/wp-content\/uploads\/2020\/02\/CONTROL-CS.jpg\" alt=\"\" class=\"wp-image-44991\" width=\"297\" height=\"356\" srcset=\"https:\/\/jornalfatosenoticias.com.br\/wp-content\/uploads\/2020\/02\/CONTROL-CS.jpg 834w, https:\/\/jornalfatosenoticias.com.br\/wp-content\/uploads\/2020\/02\/CONTROL-CS-250x300.jpg 250w, https:\/\/jornalfatosenoticias.com.br\/wp-content\/uploads\/2020\/02\/CONTROL-CS-768x921.jpg 768w\" sizes=\"auto, (max-width: 297px) 100vw, 297px\" \/><\/a><\/figure><\/div>\n\n\n\n<hr class=\"wp-block-separator\"\/>\n\n\n\n<h3 class=\"wp-block-heading\"><span class=\"has-inline-color has-black-color\">Tagliaferro revela grupo de WhatsApp entre TSE e PF para investigar \u201catos antidemocr\u00e1ticos\u201d<\/span><\/h3>\n\n\n\n<div class=\"wp-block-image\"><figure class=\"aligncenter size-large\"><img loading=\"lazy\" decoding=\"async\" width=\"640\" height=\"372\" src=\"https:\/\/jornalfatosenoticias.com.br\/wp-content\/uploads\/2025\/09\/Tagliaferro-revela-grupo-de-WhatsApp-entre-TSE-e-PF.jpg\" alt=\"\" class=\"wp-image-61852\" srcset=\"https:\/\/jornalfatosenoticias.com.br\/wp-content\/uploads\/2025\/09\/Tagliaferro-revela-grupo-de-WhatsApp-entre-TSE-e-PF.jpg 640w, https:\/\/jornalfatosenoticias.com.br\/wp-content\/uploads\/2025\/09\/Tagliaferro-revela-grupo-de-WhatsApp-entre-TSE-e-PF-300x174.jpg 300w\" sizes=\"auto, (max-width: 640px) 100vw, 640px\" \/><figcaption><em><span class=\"has-inline-color has-black-color\">(Foto: Saulo Cruz\/Ag\u00eancia Senado)<\/span><\/em><\/figcaption><\/figure><\/div>\n\n\n\n<p><span class=\"has-inline-color has-black-color\">Por <strong>Juliet Manfrin<\/strong><br><\/span>O perito Eduardo Tagliaferro, ex-assessor do ministro Alexandre de Moraes no Tribunal Superior Eleitoral (TSE), revelou a exist\u00eancia de um grupo informal de WhatsApp que reunia servidores do TSE e membros da Pol\u00edcia Federal (PF) com o objetivo de identificar participantes das manifesta\u00e7\u00f5es de 8 de janeiro. Segundo o ex-assessor, o grupo, chamado \u201cAtos Antidemocr\u00e1ticos\u201d, teria sido criado para facilitar a troca de informa\u00e7\u00f5es e identifica\u00e7\u00e3o de suspeitos investigados. Na pr\u00e1tica, a Pol\u00edcia Federal pedia ajuda para verificar imagens de suspeitos usando os registros biom\u00e9tricos do banco de eleitores do TSE, que cruza dados como foto, nome e n\u00famero de documentos de eleitores. A ideia era confirmar nomes e endere\u00e7os de suspeitos a partir de imagens de fotos da manifesta\u00e7\u00e3o na Pra\u00e7a dos Tr\u00eas Poderes e de redes sociais.<\/p>\n\n\n\n<div class=\"wp-block-image\"><figure class=\"aligncenter size-large is-resized\"><a href=\"https:\/\/www.instagram.com\/rcradiadores\/\"><img loading=\"lazy\" decoding=\"async\" src=\"https:\/\/jornalfatosenoticias.com.br\/wp-content\/uploads\/2022\/10\/RC_800x750_page-0001.jpg\" alt=\"\" class=\"wp-image-35338\" width=\"318\" height=\"298\" srcset=\"https:\/\/jornalfatosenoticias.com.br\/wp-content\/uploads\/2022\/10\/RC_800x750_page-0001.jpg 400w, https:\/\/jornalfatosenoticias.com.br\/wp-content\/uploads\/2022\/10\/RC_800x750_page-0001-300x281.jpg 300w\" sizes=\"auto, (max-width: 318px) 100vw, 318px\" \/><\/a><\/figure><\/div>\n\n\n\n<p>A revela\u00e7\u00e3o foi feita em uma audi\u00eancia na Comiss\u00e3o de Seguran\u00e7a P\u00fablica do Senado realizada na \u00faltima semana. Tagliaferro j\u00e1 havia denunciado anteriormente que um juiz assessor de Moraes fazia pedidos informais a ele por meio de WhatsApp, quando ele chefiava a Assessoria Especial de Enfrentamento \u00e0 Desinforma\u00e7\u00e3o do TSE, entre agosto de 2022 a maio de 2023. A nova den\u00fancia avan\u00e7a na medida em que inclui a participa\u00e7\u00e3o da Pol\u00edcia Federal no grupo de execu\u00e7\u00e3o de tarefas fora dos ritos da Justi\u00e7a.<\/p>\n\n\n\n<div class=\"wp-block-image\"><figure class=\"aligncenter size-large\"><a href=\"http:\/\/www.ferrarimaquinas.com.br\/\"><img loading=\"lazy\" decoding=\"async\" width=\"300\" height=\"250\" src=\"https:\/\/jornalfatosenoticias.com.br\/wp-content\/uploads\/2022\/02\/FERRARI_MAQUINAS-E-FERRAMENTAS2.jpg\" alt=\"\" class=\"wp-image-27860\"\/><\/a><\/figure><\/div>\n\n\n\n<p>Ao denunciar o grupo de WhatsApp no Senado, Tagliaferro afirmou que, em algumas situa\u00e7\u00f5es, o TSE tentava usar seu banco de dados de eleitores para conferir imagens de dif\u00edcil detec\u00e7\u00e3o facial \u2014 como pessoas usando \u00f3culos escuros e bon\u00e9s \u2014 por solicita\u00e7\u00e3o da Pol\u00edcia Federal quando esta n\u00e3o conseguia fazer a identifica\u00e7\u00e3o pelo seu pr\u00f3prio banco de informa\u00e7\u00f5es.<\/p>\n\n\n\n<div class=\"wp-block-image\"><figure class=\"aligncenter size-large is-resized\"><a href=\"https:\/\/legisjuris.com.br\/\"><img loading=\"lazy\" decoding=\"async\" src=\"https:\/\/jornalfatosenoticias.com.br\/wp-content\/uploads\/2024\/09\/Legis-Juris-Consultoria_logo.jpg\" alt=\"\" class=\"wp-image-53915\" width=\"537\" height=\"225\" srcset=\"https:\/\/jornalfatosenoticias.com.br\/wp-content\/uploads\/2024\/09\/Legis-Juris-Consultoria_logo.jpg 969w, https:\/\/jornalfatosenoticias.com.br\/wp-content\/uploads\/2024\/09\/Legis-Juris-Consultoria_logo-300x126.jpg 300w, https:\/\/jornalfatosenoticias.com.br\/wp-content\/uploads\/2024\/09\/Legis-Juris-Consultoria_logo-768x322.jpg 768w\" sizes=\"auto, (max-width: 537px) 100vw, 537px\" \/><\/a><\/figure><\/div>\n\n\n\n<p>O banco de dados de eleitores \u00e9 atualizado a cada dois anos, por causa das elei\u00e7\u00f5es e, em tese, tem as fotos mais atuais dos cidad\u00e3os. Tagliaferro destacou que n\u00e3o se tratava de um sistema automatizado de monitoramento, mas de envio pontual de informa\u00e7\u00f5es com o objetivo de auxiliar nas apura\u00e7\u00f5es. Durante a audi\u00eancia, ele chegou a mostrar brevemente em seu celular o grupo que ainda existia. Na audi\u00eancia, que durou mais de oito horas no Senado na semana passada, o perito tamb\u00e9m relatou fraudes processuais, contatos indevidos entre Moraes e o Procurador-Geral da Rep\u00fablica, Paulo Gonet, e um conluio de integrantes do Judici\u00e1rio com ativistas de universidades.<\/p>\n\n\n\n<div class=\"wp-block-image\"><figure class=\"aligncenter size-large\"><a href=\"https:\/\/www.cesconetto.com.br\/\"><img loading=\"lazy\" decoding=\"async\" width=\"300\" height=\"250\" src=\"https:\/\/jornalfatosenoticias.com.br\/wp-content\/uploads\/2022\/02\/Banner-2.png\" alt=\"\" class=\"wp-image-27877\"\/><\/a><\/figure><\/div>\n\n\n\n<p>Nesta ter\u00e7a-feira (9), o senador Fl\u00e1vio Bolsonaro aprofundou a den\u00fancia sobre a fraude processual apresentando um laudo de peritos que mostram que Moraes teria inserido um documento com data retroativa para &#8220;esquentar&#8221; uma opera\u00e7\u00e3o da Pol\u00edcia Federal. Tamb\u00e9m na ter\u00e7a-feira, Tagliaferro divulgou um v\u00eddeo nas suas redes sociais em que mostra uma conversa de WhatsApp atribu\u00edda a Moraes, na qual o ministro supostamente conduz procedimentos fora dos ritos institucionais estabelecidos. <strong>(Fonte: Gazeta do Povo)<\/strong><\/p>\n\n\n\n<div class=\"wp-block-image\"><figure class=\"aligncenter size-large is-resized\"><a href=\"https:\/\/www.facebook.com\/profile.php?id=100069289606145\"><img loading=\"lazy\" decoding=\"async\" src=\"https:\/\/jornalfatosenoticias.com.br\/wp-content\/uploads\/2024\/11\/Guaitolini-Contabilidade-1024x714.jpeg\" alt=\"\" class=\"wp-image-55808\" width=\"339\" height=\"236\" srcset=\"https:\/\/jornalfatosenoticias.com.br\/wp-content\/uploads\/2024\/11\/Guaitolini-Contabilidade-1024x714.jpeg 1024w, https:\/\/jornalfatosenoticias.com.br\/wp-content\/uploads\/2024\/11\/Guaitolini-Contabilidade-300x209.jpeg 300w, https:\/\/jornalfatosenoticias.com.br\/wp-content\/uploads\/2024\/11\/Guaitolini-Contabilidade-768x535.jpeg 768w, https:\/\/jornalfatosenoticias.com.br\/wp-content\/uploads\/2024\/11\/Guaitolini-Contabilidade.jpeg 1280w\" sizes=\"auto, (max-width: 339px) 100vw, 339px\" \/><\/a><\/figure><\/div>\n\n\n\n<hr class=\"wp-block-separator\"\/>\n\n\n\n<h3 class=\"wp-block-heading\"><span class=\"has-inline-color has-black-color\">Em meio a julgamento no STF, EUA citam &#8216;for\u00e7a militar&#8217; para proteger liberdade de express\u00e3o<\/span><\/h3>\n\n\n\n<div class=\"wp-block-image\"><figure class=\"aligncenter size-large\"><img loading=\"lazy\" decoding=\"async\" width=\"612\" height=\"408\" src=\"https:\/\/jornalfatosenoticias.com.br\/wp-content\/uploads\/2025\/09\/EUA-citam-forca-militar-para-proteger-liberdade-de-expressao_gettyimages.jpg\" alt=\"\" class=\"wp-image-61851\" srcset=\"https:\/\/jornalfatosenoticias.com.br\/wp-content\/uploads\/2025\/09\/EUA-citam-forca-militar-para-proteger-liberdade-de-expressao_gettyimages.jpg 612w, https:\/\/jornalfatosenoticias.com.br\/wp-content\/uploads\/2025\/09\/EUA-citam-forca-militar-para-proteger-liberdade-de-expressao_gettyimages-300x200.jpg 300w\" sizes=\"auto, (max-width: 612px) 100vw, 612px\" \/><figcaption><em><span class=\"has-inline-color has-black-color\">(Foto: Getty Images)<\/span><\/em><\/figcaption><\/figure><\/div>\n\n\n\n<p><span class=\"has-inline-color has-black-color\">Por <strong>Marcos Rocha<\/strong><br><\/span>Pouco depois de o ministro Alexandre de Moraes, do Supremo Tribunal Federal (STF), apresentar seu voto pela condena\u00e7\u00e3o do ex-presidente Jair Bolsonaro (PL) sob a acusa\u00e7\u00e3o de tentativa de golpe de Estado, a Casa Branca se posicionou sobre o assunto, nesta ter\u00e7a-feira (9). Em coletiva, a porta-voz do governo norte-americano, Karoline Leavitt, destacou que o presidente Donald Trump considera a defesa da liberdade de express\u00e3o uma prioridade e n\u00e3o hesita em recorrer ao peso econ\u00f4mico e militar dos Estados Unidos para resguardar esse princ\u00edpio em \u00e2mbito global. Questionada sobre a possibilidade de ado\u00e7\u00e3o de novas medidas contra o Brasil em raz\u00e3o do julgamento em andamento no STF, Leavitt afirmou que n\u00e3o havia nada espec\u00edfico a anunciar no momento, mas refor\u00e7ou que o tema \u00e9 central para a atual administra\u00e7\u00e3o. <\/p>\n\n\n\n<div class=\"wp-block-image\"><figure class=\"aligncenter size-large is-resized\"><a href=\"https:\/\/www.instagram.com\/esteio.churrascaria\/\"><img loading=\"lazy\" decoding=\"async\" src=\"https:\/\/jornalfatosenoticias.com.br\/wp-content\/uploads\/2022\/02\/LOGO-ESTEIO-1024x730.png\" alt=\"\" class=\"wp-image-27942\" width=\"338\" height=\"240\" srcset=\"https:\/\/jornalfatosenoticias.com.br\/wp-content\/uploads\/2022\/02\/LOGO-ESTEIO-1024x730.png 1024w, https:\/\/jornalfatosenoticias.com.br\/wp-content\/uploads\/2022\/02\/LOGO-ESTEIO-300x214.png 300w, https:\/\/jornalfatosenoticias.com.br\/wp-content\/uploads\/2022\/02\/LOGO-ESTEIO-768x548.png 768w, https:\/\/jornalfatosenoticias.com.br\/wp-content\/uploads\/2022\/02\/LOGO-ESTEIO.png 1123w\" sizes=\"auto, (max-width: 338px) 100vw, 338px\" \/><\/a><\/figure><\/div>\n\n\n\n<blockquote class=\"wp-block-quote is-layout-flow wp-block-quote-is-layout-flow\"><p><span class=\"has-inline-color has-luminous-vivid-orange-color\">Eu posso dizer que isso \u00e9 uma prioridade para a administra\u00e7\u00e3o e o presidente n\u00e3o tem medo de usar o poder econ\u00f4mico, o poder militar dos Estados Unidos da Am\u00e9rica para proteger a liberdade de express\u00e3o ao redor do mundo\u201d, declarou.<\/span><\/p><\/blockquote>\n\n\n\n<div class=\"wp-block-image\"><figure class=\"aligncenter size-large\"><a href=\"https:\/\/mizu.com.br\/\"><img loading=\"lazy\" decoding=\"async\" width=\"729\" height=\"90\" src=\"https:\/\/jornalfatosenoticias.com.br\/wp-content\/uploads\/2020\/02\/Logo_Mizu.png\" alt=\"\" class=\"wp-image-1441\" srcset=\"https:\/\/jornalfatosenoticias.com.br\/wp-content\/uploads\/2020\/02\/Logo_Mizu.png 729w, https:\/\/jornalfatosenoticias.com.br\/wp-content\/uploads\/2020\/02\/Logo_Mizu-300x37.png 300w\" sizes=\"auto, (max-width: 729px) 100vw, 729px\" \/><\/a><\/figure><\/div>\n\n\n\n<p>A representante da Casa Branca classificou a liberdade de express\u00e3o como \u201ca quest\u00e3o mais relevante da nossa era\u201d e citou o pr\u00f3prio Trump como v\u00edtima de censura, lembrando que ele teve contas suspensas em redes sociais ap\u00f3s a invas\u00e3o do Capit\u00f3lio, em 6 de janeiro de 2021. Ainda segundo Leavitt, tanto o presidente quanto os membros do governo republicano tratam a censura com m\u00e1xima seriedade, o que justificaria medidas j\u00e1 tomadas em rela\u00e7\u00e3o ao Brasil. Entre elas, mencionou san\u00e7\u00f5es e a utiliza\u00e7\u00e3o de tarifas comerciais, com o objetivo de pressionar governos a n\u00e3o restringirem os direitos de seus cidad\u00e3os. <strong>(Fonte: Conex\u00e3o Pol\u00edtica)<\/strong><\/p>\n\n\n\n<div class=\"wp-block-image\"><figure class=\"aligncenter size-large is-resized\"><a href=\"https:\/\/www.facebook.com\/postobkr\/?locale=pt_BR\"><img loading=\"lazy\" decoding=\"async\" src=\"https:\/\/jornalfatosenoticias.com.br\/wp-content\/uploads\/2023\/08\/BKR-1024x1021.jpg\" alt=\"\" class=\"wp-image-44494\" width=\"324\" height=\"323\" srcset=\"https:\/\/jornalfatosenoticias.com.br\/wp-content\/uploads\/2023\/08\/BKR-1024x1021.jpg 1024w, https:\/\/jornalfatosenoticias.com.br\/wp-content\/uploads\/2023\/08\/BKR-300x300.jpg 300w, https:\/\/jornalfatosenoticias.com.br\/wp-content\/uploads\/2023\/08\/BKR-150x150.jpg 150w, https:\/\/jornalfatosenoticias.com.br\/wp-content\/uploads\/2023\/08\/BKR-768x766.jpg 768w, https:\/\/jornalfatosenoticias.com.br\/wp-content\/uploads\/2023\/08\/BKR.jpg 1080w\" sizes=\"auto, (max-width: 324px) 100vw, 324px\" \/><\/a><\/figure><\/div>\n\n\n\n<hr class=\"wp-block-separator\"\/>\n\n\n\n<h3 class=\"wp-block-heading\"><span class=\"has-inline-color has-black-color\">\u00c0s v\u00e9speras das elei\u00e7\u00f5es, Lula lan\u00e7a \u2018G\u00e1s do Povo\u2019, programa de custo bilion\u00e1rio que promete 65 milh\u00f5es de botij\u00f5es por ano<\/span><\/h3>\n\n\n\n<div class=\"wp-block-image\"><figure class=\"aligncenter size-large\"><img loading=\"lazy\" decoding=\"async\" width=\"1024\" height=\"604\" src=\"https:\/\/jornalfatosenoticias.com.br\/wp-content\/uploads\/2025\/09\/gas-do-lula-1024x604.jpeg\" alt=\"\" class=\"wp-image-61850\" srcset=\"https:\/\/jornalfatosenoticias.com.br\/wp-content\/uploads\/2025\/09\/gas-do-lula-1024x604.jpeg 1024w, https:\/\/jornalfatosenoticias.com.br\/wp-content\/uploads\/2025\/09\/gas-do-lula-300x177.jpeg 300w, https:\/\/jornalfatosenoticias.com.br\/wp-content\/uploads\/2025\/09\/gas-do-lula-768x453.jpeg 768w, https:\/\/jornalfatosenoticias.com.br\/wp-content\/uploads\/2025\/09\/gas-do-lula.jpeg 1302w\" sizes=\"auto, (max-width: 1024px) 100vw, 1024px\" \/><figcaption><em><span class=\"has-inline-color has-black-color\">Lula da Silva, durante cerim\u00f4nia de an\u00fancio do Programa \u201cG\u00e1s do Povo\u201d (Foto: Ricardo Stuckert\/PR)<\/span><\/em><\/figcaption><\/figure><\/div>\n\n\n\n<p><span class=\"has-inline-color has-black-color\">Por <strong>Raul Holderf Nascimento<\/strong><br><\/span>Luiz In\u00e1cio Lula da Silva (PT) anunciou \u2014 no \u00faltimo dia 4 \u2014 a cria\u00e7\u00e3o do programa G\u00e1s do Povo, em substitui\u00e7\u00e3o ao Aux\u00edlio G\u00e1s. A nova pol\u00edtica p\u00fablica tem como meta atender 15,5 milh\u00f5es de fam\u00edlias registradas no Cadastro \u00danico (Cad\u00danico), o que representa cerca de 50 milh\u00f5es de pessoas. A iniciativa conta com or\u00e7amento de R$ 8,7 bilh\u00f5es para 2026 e busca ampliar o apoio \u00e0 popula\u00e7\u00e3o de baixa renda antes das elei\u00e7\u00f5es. Lula, de 79 anos, \u00e9 cotado para disputar a reelei\u00e7\u00e3o.<\/p>\n\n\n\n<div class=\"wp-block-image\"><figure class=\"aligncenter size-large is-resized\"><a href=\"https:\/\/hotelmarquetti.com.br\/\"><img loading=\"lazy\" decoding=\"async\" src=\"https:\/\/jornalfatosenoticias.com.br\/wp-content\/uploads\/2020\/02\/LOGO-MQ-1024x680.jpg\" alt=\"\" class=\"wp-image-58299\" width=\"319\" height=\"212\" srcset=\"https:\/\/jornalfatosenoticias.com.br\/wp-content\/uploads\/2020\/02\/LOGO-MQ-1024x680.jpg 1024w, https:\/\/jornalfatosenoticias.com.br\/wp-content\/uploads\/2020\/02\/LOGO-MQ-300x199.jpg 300w, https:\/\/jornalfatosenoticias.com.br\/wp-content\/uploads\/2020\/02\/LOGO-MQ-768x510.jpg 768w, https:\/\/jornalfatosenoticias.com.br\/wp-content\/uploads\/2020\/02\/LOGO-MQ-1536x1020.jpg 1536w, https:\/\/jornalfatosenoticias.com.br\/wp-content\/uploads\/2020\/02\/LOGO-MQ-2048x1360.jpg 2048w\" sizes=\"auto, (max-width: 319px) 100vw, 319px\" \/><\/a><\/figure><\/div>\n\n\n\n<p>O an\u00fancio ocorreu no Aglomerado da Serra, em Belo Horizonte, considerado o maior complexo de favelas da capital mineira. O evento teve a presen\u00e7a do ministro de Minas e Energia, Alexandre Silveira (PSD-MG), e do senador Rodrigo Pacheco (PSD-MG), ex-presidente do Senado. A escolha da cidade tem conota\u00e7\u00e3o pol\u00edtica: Silveira pode disputar o Senado em 2026, enquanto Pacheco \u00e9 apontado como poss\u00edvel candidato ao governo de Minas Gerais.<\/p>\n\n\n\n<div class=\"wp-block-image\"><figure class=\"aligncenter size-large is-resized\"><a href=\"https:\/\/panper.com.br\/\"><img loading=\"lazy\" decoding=\"async\" src=\"https:\/\/jornalfatosenoticias.com.br\/wp-content\/uploads\/2023\/03\/logo-Panper_portal.jpg\" alt=\"\" class=\"wp-image-40208\" width=\"347\" height=\"240\" srcset=\"https:\/\/jornalfatosenoticias.com.br\/wp-content\/uploads\/2023\/03\/logo-Panper_portal.jpg 400w, https:\/\/jornalfatosenoticias.com.br\/wp-content\/uploads\/2023\/03\/logo-Panper_portal-300x208.jpg 300w\" sizes=\"auto, (max-width: 347px) 100vw, 347px\" \/><\/a><\/figure><\/div>\n\n\n\n<p>Al\u00e9m do novo programa de g\u00e1s, o governo anunciou a amplia\u00e7\u00e3o da Tarifa Social de Energia El\u00e9trica, que garante gratuidade no consumo de at\u00e9 80 kWh por m\u00eas para fam\u00edlias de baixa renda. Segundo estimativas, cerca de 60 milh\u00f5es de brasileiros ser\u00e3o beneficiados. Outra medida \u00e9 o \u201cdesconto social\u201d, voltado a fam\u00edlias com renda entre meio e um sal\u00e1rio m\u00ednimo per capita (at\u00e9 R$ 1.518) e consumo mensal de at\u00e9 120 kWh. Este grupo ser\u00e1 isento da cobran\u00e7a da Conta de Desenvolvimento Energ\u00e9tico (CDE), respons\u00e1vel por financiar subs\u00eddios do setor e que representa cerca de 12% da fatura.<\/p>\n\n\n\n<div class=\"wp-block-image\"><figure class=\"aligncenter size-large is-resized\"><a href=\"https:\/\/www.instagram.com\/serra4x4cambioautomatico\/\"><img loading=\"lazy\" decoding=\"async\" src=\"https:\/\/jornalfatosenoticias.com.br\/wp-content\/uploads\/2024\/08\/Serra-4x4-1-886x1024.jpg\" alt=\"\" class=\"wp-image-53632\" width=\"326\" height=\"376\" srcset=\"https:\/\/jornalfatosenoticias.com.br\/wp-content\/uploads\/2024\/08\/Serra-4x4-1-886x1024.jpg 886w, https:\/\/jornalfatosenoticias.com.br\/wp-content\/uploads\/2024\/08\/Serra-4x4-1-260x300.jpg 260w, https:\/\/jornalfatosenoticias.com.br\/wp-content\/uploads\/2024\/08\/Serra-4x4-1-768x888.jpg 768w, https:\/\/jornalfatosenoticias.com.br\/wp-content\/uploads\/2024\/08\/Serra-4x4-1.jpg 1181w\" sizes=\"auto, (max-width: 326px) 100vw, 326px\" \/><\/a><\/figure><\/div>\n\n\n\n<p>O principal diferencial do G\u00e1s do Povo em rela\u00e7\u00e3o ao modelo anterior est\u00e1 na forma de entrega: o benef\u00edcio ser\u00e1 concedido por meio do fornecimento direto dos botij\u00f5es, sem repasse financeiro. A meta do governo \u00e9 distribuir 65 milh\u00f5es de unidades por ano, sendo 58 milh\u00f5es j\u00e1 em 2026. A log\u00edstica ser\u00e1 feita por meio de quatro canais: vale eletr\u00f4nico pelo aplicativo do Minist\u00e9rio do Desenvolvimento e Assist\u00eancia Social, cart\u00e3o do programa G\u00e1s do Povo, vale impresso nas ag\u00eancias da Caixa ou casas lot\u00e9ricas, e o pr\u00f3prio cart\u00e3o do Bolsa Fam\u00edlia. O governo credenciar\u00e1 58 mil pontos de retirada em todo o pa\u00eds. <strong>(Fonte: Conex\u00e3o Pol\u00edtica)<\/strong><\/p>\n\n\n\n<div class=\"wp-block-image\"><figure class=\"aligncenter size-large is-resized\"><a href=\"https:\/\/www.instagram.com\/restaurantepegoretti\/\"><img loading=\"lazy\" decoding=\"async\" src=\"https:\/\/jornalfatosenoticias.com.br\/wp-content\/uploads\/2023\/12\/pegoretti-logo-pdf-1024x389.jpg\" alt=\"\" class=\"wp-image-47536\" width=\"520\" height=\"197\" srcset=\"https:\/\/jornalfatosenoticias.com.br\/wp-content\/uploads\/2023\/12\/pegoretti-logo-pdf-1024x389.jpg 1024w, https:\/\/jornalfatosenoticias.com.br\/wp-content\/uploads\/2023\/12\/pegoretti-logo-pdf-300x114.jpg 300w, https:\/\/jornalfatosenoticias.com.br\/wp-content\/uploads\/2023\/12\/pegoretti-logo-pdf-768x291.jpg 768w, https:\/\/jornalfatosenoticias.com.br\/wp-content\/uploads\/2023\/12\/pegoretti-logo-pdf.jpg 1120w\" sizes=\"auto, (max-width: 520px) 100vw, 520px\" \/><\/a><\/figure><\/div>\n\n\n\n<hr class=\"wp-block-separator\"\/>\n\n\n\n<h3 class=\"wp-block-heading\"><span class=\"has-inline-color has-black-color\">Pela 1.\u00aa vez, direita lidera nas tr\u00eas maiores economias da Europa, aponta WSJ<\/span><\/h3>\n\n\n\n<div class=\"wp-block-image\"><figure class=\"aligncenter size-large\"><img loading=\"lazy\" decoding=\"async\" width=\"1024\" height=\"684\" src=\"https:\/\/jornalfatosenoticias.com.br\/wp-content\/uploads\/2025\/09\/direita-europeia-1024x684.jpeg\" alt=\"\" class=\"wp-image-61849\" srcset=\"https:\/\/jornalfatosenoticias.com.br\/wp-content\/uploads\/2025\/09\/direita-europeia-1024x684.jpeg 1024w, https:\/\/jornalfatosenoticias.com.br\/wp-content\/uploads\/2025\/09\/direita-europeia-300x201.jpeg 300w, https:\/\/jornalfatosenoticias.com.br\/wp-content\/uploads\/2025\/09\/direita-europeia-768x513.jpeg 768w, https:\/\/jornalfatosenoticias.com.br\/wp-content\/uploads\/2025\/09\/direita-europeia.jpeg 1149w\" sizes=\"auto, (max-width: 1024px) 100vw, 1024px\" \/><figcaption><em><span class=\"has-inline-color has-black-color\">(Foto: EGO)<\/span><\/em><\/figcaption><\/figure><\/div>\n\n\n\n<p><span class=\"has-inline-color has-black-color\">Por <strong>Raul Holderf Nascimento<\/strong><br><\/span>Pela primeira vez, l\u00edderes e partidos de direita aparecem \u00e0 frente nas tr\u00eas maiores economias da Europa: Fran\u00e7a, Reino Unido e Alemanha, segundo reportagem publicada pelo Wall Street Journal. O ve\u00edculo aponta que o momento \u00e9 impulsionado pela insatisfa\u00e7\u00e3o com a imigra\u00e7\u00e3o e pela fadiga econ\u00f4mica, que desgastaram as siglas tradicionais. Na Fran\u00e7a, Jordan Bardella, do Rally Nacional, lidera as inten\u00e7\u00f5es de voto. No Reino Unido, a Reforma do Reino Unido, liderada por Nigel Farage, ultrapassou tanto o Partido Trabalhista quanto os Conservadores. J\u00e1 na Alemanha, a Alternativa para a Alemanha (AfD) aparece \u00e0 frente da CDU\/CSU.<\/p>\n\n\n\n<div class=\"wp-block-image\"><figure class=\"aligncenter size-large is-resized\"><a href=\"https:\/\/www.instagram.com\/gruposei\/\"><img loading=\"lazy\" decoding=\"async\" src=\"https:\/\/jornalfatosenoticias.com.br\/wp-content\/uploads\/2022\/07\/Logo-Grupo-SEI.jpg\" alt=\"\" class=\"wp-image-31973\" width=\"415\" height=\"218\" srcset=\"https:\/\/jornalfatosenoticias.com.br\/wp-content\/uploads\/2022\/07\/Logo-Grupo-SEI.jpg 713w, https:\/\/jornalfatosenoticias.com.br\/wp-content\/uploads\/2022\/07\/Logo-Grupo-SEI-300x158.jpg 300w\" sizes=\"auto, (max-width: 415px) 100vw, 415px\" \/><\/a><\/figure><\/div>\n\n\n\n<p>O WSJ lista os elementos como \u201csem precedentes\u201d no ambiente pol\u00edtico europeu, mas deixa de lado outro ponto que tem turbinado o debate p\u00fablico: a censura. O senador americano JD Vance (Partido Republicano), em discurso na Confer\u00eancia de Seguran\u00e7a de Munique no in\u00edcio do ano, alertou que \u201cusar a censura e a cultura do cancelamento para controlar as elei\u00e7\u00f5es s\u00f3 agravaria a rea\u00e7\u00e3o\u201d.<\/p>\n\n\n\n<div class=\"wp-block-image\"><figure class=\"aligncenter size-large is-resized\"><a href=\"https:\/\/www.instagram.com\/rcradiadores\/\"><img loading=\"lazy\" decoding=\"async\" src=\"https:\/\/jornalfatosenoticias.com.br\/wp-content\/uploads\/2022\/10\/RC_800x750_page-0001.jpg\" alt=\"\" class=\"wp-image-35338\" width=\"338\" height=\"317\" srcset=\"https:\/\/jornalfatosenoticias.com.br\/wp-content\/uploads\/2022\/10\/RC_800x750_page-0001.jpg 400w, https:\/\/jornalfatosenoticias.com.br\/wp-content\/uploads\/2022\/10\/RC_800x750_page-0001-300x281.jpg 300w\" sizes=\"auto, (max-width: 338px) 100vw, 338px\" \/><\/a><\/figure><\/div>\n\n\n\n<p>\u00c0 \u00e9poca, o coment\u00e1rio foi recebido com indiferen\u00e7a e at\u00e9 irrita\u00e7\u00e3o. Seis meses depois, a leitura \u00e9 que o diagn\u00f3stico se confirmou: o crescimento da direita em pesquisas flerta justamente com a revolta de parcelas da sociedade contra o controle do discurso e das opini\u00f5es. No X\/Twitter, o advogado de Donald Trump, Martin de Luca, comentou a reportagem. <em>\u201cN\u00e3o importa quantos candidatos sejam proibidos de competir nas elei\u00e7\u00f5es, quantas plataformas sejam bloqueadas ou quantos usu\u00e1rios sejam silenciados, a opini\u00e3o p\u00fablica continua mostrando que a direita est\u00e1 em alta no mundo inteiro\u201d<\/em>, escreveu. <strong>(Fonte: Conex\u00e3o Pol\u00edtica)<\/strong><\/p>\n\n\n\n<div class=\"wp-block-image\"><figure class=\"aligncenter size-large is-resized\"><a href=\"https:\/\/www.facebook.com\/vetor.vix\/\"><img loading=\"lazy\" decoding=\"async\" src=\"https:\/\/jornalfatosenoticias.com.br\/wp-content\/uploads\/2023\/09\/vetorvix1024_1.jpg\" alt=\"\" class=\"wp-image-44868\" width=\"543\" height=\"144\" srcset=\"https:\/\/jornalfatosenoticias.com.br\/wp-content\/uploads\/2023\/09\/vetorvix1024_1.jpg 1024w, https:\/\/jornalfatosenoticias.com.br\/wp-content\/uploads\/2023\/09\/vetorvix1024_1-300x80.jpg 300w, https:\/\/jornalfatosenoticias.com.br\/wp-content\/uploads\/2023\/09\/vetorvix1024_1-768x205.jpg 768w\" sizes=\"auto, (max-width: 543px) 100vw, 543px\" \/><\/a><\/figure><\/div>\n\n\n\n<hr class=\"wp-block-separator\"\/>\n","protected":false},"excerpt":{"rendered":"<p>A l\u00edder comunit\u00e1ria Alessandra Moja Cunha, presidente da Associa\u00e7\u00e3o da Comunidade do Moinho, no centro de S\u00e3o Paulo, foi presa na segunda-feira (8) durante a Opera\u00e7\u00e3o Sharpe, deflagrada pelo Minist\u00e9rio P\u00fablico de S\u00e3o Paulo (MPSP). Segundo a investiga\u00e7\u00e3o, Alessandra integrava uma organiza\u00e7\u00e3o criminosa comandada por seu irm\u00e3o, Leonardo Moja, o \u201cL\u00e9o do Moinho\u201d, apontado como [&hellip;]<\/p>\n","protected":false},"author":3,"featured_media":61854,"comment_status":"open","ping_status":"open","sticky":false,"template":"","format":"standard","meta":{"footnotes":""},"categories":[10],"tags":[13889,28214,28213,24804,2147,26705,159,22739,28215,7580,28216,22345,18253,2146,294,1514],"class_list":["post-61848","post","type-post","status-publish","format-standard","has-post-thumbnail","hentry","category-politica","tag-alexandre-de-moraes","tag-condenacao-jair-bolsonaro","tag-direita-europeia","tag-ditadura-chinesa","tag-donald-trump","tag-eduardo-tagliaferro","tag-eua","tag-flavio-bolsonaro","tag-lider-comunitaria","tag-lula","tag-novas-medidas-contra-o-brasil","tag-paulo-gonet","tag-pcc","tag-policia-federal","tag-stf","tag-tse"],"yoast_head":"<!-- This site is optimized with the Yoast SEO plugin v26.5 - https:\/\/yoast.com\/wordpress\/plugins\/seo\/ -->\n<title>A Semana no Brasil e no Mundo \u2014 L\u00edder comunit\u00e1ria ligada ao PCC dividiu palco com Lula e \u00e9 presa em opera\u00e7\u00e3o em SP - Jornal Fatos e Not\u00edcias<\/title>\n<meta name=\"robots\" content=\"index, follow, max-snippet:-1, max-image-preview:large, max-video-preview:-1\" \/>\n<link rel=\"canonical\" href=\"https:\/\/jornalfatosenoticias.com.br\/index.php\/2025\/09\/12\/a-semana-no-brasil-e-no-mundo-lider-comunitaria-ligada-ao-pcc-dividiu-palco-com-lula-e-e-presa-em-operacao-em-sp\/\" \/>\n<meta property=\"og:locale\" content=\"pt_BR\" \/>\n<meta property=\"og:type\" content=\"article\" \/>\n<meta property=\"og:title\" content=\"A Semana no Brasil e no Mundo \u2014 L\u00edder comunit\u00e1ria ligada ao PCC dividiu palco com Lula e \u00e9 presa em opera\u00e7\u00e3o em SP - Jornal Fatos e Not\u00edcias\" \/>\n<meta property=\"og:description\" content=\"A l\u00edder comunit\u00e1ria Alessandra Moja Cunha, presidente da Associa\u00e7\u00e3o da Comunidade do Moinho, no centro de S\u00e3o Paulo, foi presa na segunda-feira (8) durante a Opera\u00e7\u00e3o Sharpe, deflagrada pelo Minist\u00e9rio P\u00fablico de S\u00e3o Paulo (MPSP). Segundo a investiga\u00e7\u00e3o, Alessandra integrava uma organiza\u00e7\u00e3o criminosa comandada por seu irm\u00e3o, Leonardo Moja, o \u201cL\u00e9o do Moinho\u201d, apontado como [&hellip;]\" \/>\n<meta property=\"og:url\" content=\"https:\/\/jornalfatosenoticias.com.br\/index.php\/2025\/09\/12\/a-semana-no-brasil-e-no-mundo-lider-comunitaria-ligada-ao-pcc-dividiu-palco-com-lula-e-e-presa-em-operacao-em-sp\/\" \/>\n<meta property=\"og:site_name\" content=\"Jornal Fatos e Not\u00edcias\" \/>\n<meta property=\"article:published_time\" content=\"2025-09-12T23:43:27+00:00\" \/>\n<meta property=\"article:modified_time\" content=\"2025-09-12T23:43:29+00:00\" \/>\n<meta property=\"og:image\" content=\"https:\/\/jornalfatosenoticias.com.br\/wp-content\/uploads\/2025\/09\/lula-lider-comunitaria-ligada-ao-PCC-foto-reproducao-youtube-canal-gov.jpg\" \/>\n\t<meta property=\"og:image:width\" content=\"960\" \/>\n\t<meta property=\"og:image:height\" content=\"540\" \/>\n\t<meta property=\"og:image:type\" content=\"image\/jpeg\" \/>\n<meta name=\"author\" content=\"Haroldo Filho\" \/>\n<meta name=\"twitter:card\" content=\"summary_large_image\" \/>\n<meta name=\"twitter:label1\" content=\"Escrito por\" \/>\n\t<meta name=\"twitter:data1\" content=\"Haroldo Filho\" \/>\n\t<meta name=\"twitter:label2\" content=\"Est. tempo de leitura\" \/>\n\t<meta name=\"twitter:data2\" content=\"11 minutos\" \/>\n<script type=\"application\/ld+json\" class=\"yoast-schema-graph\">{\"@context\":\"https:\/\/schema.org\",\"@graph\":[{\"@type\":\"Article\",\"@id\":\"https:\/\/jornalfatosenoticias.com.br\/index.php\/2025\/09\/12\/a-semana-no-brasil-e-no-mundo-lider-comunitaria-ligada-ao-pcc-dividiu-palco-com-lula-e-e-presa-em-operacao-em-sp\/#article\",\"isPartOf\":{\"@id\":\"https:\/\/jornalfatosenoticias.com.br\/index.php\/2025\/09\/12\/a-semana-no-brasil-e-no-mundo-lider-comunitaria-ligada-ao-pcc-dividiu-palco-com-lula-e-e-presa-em-operacao-em-sp\/\"},\"author\":{\"name\":\"Haroldo Filho\",\"@id\":\"https:\/\/jornalfatosenoticias.com.br\/#\/schema\/person\/05c46cc25b42a5c27e004fb0fa6b4965\"},\"headline\":\"A Semana no Brasil e no Mundo \u2014 L\u00edder comunit\u00e1ria ligada ao PCC dividiu palco com Lula e \u00e9 presa em opera\u00e7\u00e3o em SP\",\"datePublished\":\"2025-09-12T23:43:27+00:00\",\"dateModified\":\"2025-09-12T23:43:29+00:00\",\"mainEntityOfPage\":{\"@id\":\"https:\/\/jornalfatosenoticias.com.br\/index.php\/2025\/09\/12\/a-semana-no-brasil-e-no-mundo-lider-comunitaria-ligada-ao-pcc-dividiu-palco-com-lula-e-e-presa-em-operacao-em-sp\/\"},\"wordCount\":2247,\"commentCount\":0,\"publisher\":{\"@id\":\"https:\/\/jornalfatosenoticias.com.br\/#organization\"},\"image\":{\"@id\":\"https:\/\/jornalfatosenoticias.com.br\/index.php\/2025\/09\/12\/a-semana-no-brasil-e-no-mundo-lider-comunitaria-ligada-ao-pcc-dividiu-palco-com-lula-e-e-presa-em-operacao-em-sp\/#primaryimage\"},\"thumbnailUrl\":\"https:\/\/jornalfatosenoticias.com.br\/wp-content\/uploads\/2025\/09\/lula-lider-comunitaria-ligada-ao-PCC-foto-reproducao-youtube-canal-gov.jpg\",\"keywords\":[\"Alexandre de Moraes\",\"condena\u00e7\u00e3o Jair Bolsonaro\",\"direita europeia\",\"ditadura chinesa\",\"Donald Trump\",\"Eduardo Tagliaferro\",\"EUA\",\"Fl\u00e1vio Bolsonaro\",\"l\u00edder comunit\u00e1ria\",\"Lula\",\"novas medidas contra o Brasil\",\"Paulo Gonet\",\"PCC\",\"Pol\u00edcia Federal\",\"STF\",\"TSE\"],\"articleSection\":[\"Pol\u00edtica\"],\"inLanguage\":\"pt-BR\",\"potentialAction\":[{\"@type\":\"CommentAction\",\"name\":\"Comment\",\"target\":[\"https:\/\/jornalfatosenoticias.com.br\/index.php\/2025\/09\/12\/a-semana-no-brasil-e-no-mundo-lider-comunitaria-ligada-ao-pcc-dividiu-palco-com-lula-e-e-presa-em-operacao-em-sp\/#respond\"]}]},{\"@type\":\"WebPage\",\"@id\":\"https:\/\/jornalfatosenoticias.com.br\/index.php\/2025\/09\/12\/a-semana-no-brasil-e-no-mundo-lider-comunitaria-ligada-ao-pcc-dividiu-palco-com-lula-e-e-presa-em-operacao-em-sp\/\",\"url\":\"https:\/\/jornalfatosenoticias.com.br\/index.php\/2025\/09\/12\/a-semana-no-brasil-e-no-mundo-lider-comunitaria-ligada-ao-pcc-dividiu-palco-com-lula-e-e-presa-em-operacao-em-sp\/\",\"name\":\"A Semana no Brasil e no Mundo \u2014 L\u00edder comunit\u00e1ria ligada ao PCC dividiu palco com Lula e \u00e9 presa em opera\u00e7\u00e3o em SP - Jornal Fatos e Not\u00edcias\",\"isPartOf\":{\"@id\":\"https:\/\/jornalfatosenoticias.com.br\/#website\"},\"primaryImageOfPage\":{\"@id\":\"https:\/\/jornalfatosenoticias.com.br\/index.php\/2025\/09\/12\/a-semana-no-brasil-e-no-mundo-lider-comunitaria-ligada-ao-pcc-dividiu-palco-com-lula-e-e-presa-em-operacao-em-sp\/#primaryimage\"},\"image\":{\"@id\":\"https:\/\/jornalfatosenoticias.com.br\/index.php\/2025\/09\/12\/a-semana-no-brasil-e-no-mundo-lider-comunitaria-ligada-ao-pcc-dividiu-palco-com-lula-e-e-presa-em-operacao-em-sp\/#primaryimage\"},\"thumbnailUrl\":\"https:\/\/jornalfatosenoticias.com.br\/wp-content\/uploads\/2025\/09\/lula-lider-comunitaria-ligada-ao-PCC-foto-reproducao-youtube-canal-gov.jpg\",\"datePublished\":\"2025-09-12T23:43:27+00:00\",\"dateModified\":\"2025-09-12T23:43:29+00:00\",\"breadcrumb\":{\"@id\":\"https:\/\/jornalfatosenoticias.com.br\/index.php\/2025\/09\/12\/a-semana-no-brasil-e-no-mundo-lider-comunitaria-ligada-ao-pcc-dividiu-palco-com-lula-e-e-presa-em-operacao-em-sp\/#breadcrumb\"},\"inLanguage\":\"pt-BR\",\"potentialAction\":[{\"@type\":\"ReadAction\",\"target\":[\"https:\/\/jornalfatosenoticias.com.br\/index.php\/2025\/09\/12\/a-semana-no-brasil-e-no-mundo-lider-comunitaria-ligada-ao-pcc-dividiu-palco-com-lula-e-e-presa-em-operacao-em-sp\/\"]}]},{\"@type\":\"ImageObject\",\"inLanguage\":\"pt-BR\",\"@id\":\"https:\/\/jornalfatosenoticias.com.br\/index.php\/2025\/09\/12\/a-semana-no-brasil-e-no-mundo-lider-comunitaria-ligada-ao-pcc-dividiu-palco-com-lula-e-e-presa-em-operacao-em-sp\/#primaryimage\",\"url\":\"https:\/\/jornalfatosenoticias.com.br\/wp-content\/uploads\/2025\/09\/lula-lider-comunitaria-ligada-ao-PCC-foto-reproducao-youtube-canal-gov.jpg\",\"contentUrl\":\"https:\/\/jornalfatosenoticias.com.br\/wp-content\/uploads\/2025\/09\/lula-lider-comunitaria-ligada-ao-PCC-foto-reproducao-youtube-canal-gov.jpg\",\"width\":960,\"height\":540},{\"@type\":\"BreadcrumbList\",\"@id\":\"https:\/\/jornalfatosenoticias.com.br\/index.php\/2025\/09\/12\/a-semana-no-brasil-e-no-mundo-lider-comunitaria-ligada-ao-pcc-dividiu-palco-com-lula-e-e-presa-em-operacao-em-sp\/#breadcrumb\",\"itemListElement\":[{\"@type\":\"ListItem\",\"position\":1,\"name\":\"In\u00edcio\",\"item\":\"https:\/\/jornalfatosenoticias.com.br\/\"},{\"@type\":\"ListItem\",\"position\":2,\"name\":\"A Semana no Brasil e no Mundo \u2014 L\u00edder comunit\u00e1ria ligada ao PCC dividiu palco com Lula e \u00e9 presa em opera\u00e7\u00e3o em SP\"}]},{\"@type\":\"WebSite\",\"@id\":\"https:\/\/jornalfatosenoticias.com.br\/#website\",\"url\":\"https:\/\/jornalfatosenoticias.com.br\/\",\"name\":\"Jornal Fatos e Not\u00edcias\",\"description\":\"Not\u00edcias em geral\",\"publisher\":{\"@id\":\"https:\/\/jornalfatosenoticias.com.br\/#organization\"},\"potentialAction\":[{\"@type\":\"SearchAction\",\"target\":{\"@type\":\"EntryPoint\",\"urlTemplate\":\"https:\/\/jornalfatosenoticias.com.br\/?s={search_term_string}\"},\"query-input\":{\"@type\":\"PropertyValueSpecification\",\"valueRequired\":true,\"valueName\":\"search_term_string\"}}],\"inLanguage\":\"pt-BR\"},{\"@type\":\"Organization\",\"@id\":\"https:\/\/jornalfatosenoticias.com.br\/#organization\",\"name\":\"Jornal Fatos e Not\u00edcias\",\"url\":\"https:\/\/jornalfatosenoticias.com.br\/\",\"logo\":{\"@type\":\"ImageObject\",\"inLanguage\":\"pt-BR\",\"@id\":\"https:\/\/jornalfatosenoticias.com.br\/#\/schema\/logo\/image\/\",\"url\":\"https:\/\/jornalfatosenoticias.com.br\/wp-content\/uploads\/2020\/02\/logo120.png\",\"contentUrl\":\"https:\/\/jornalfatosenoticias.com.br\/wp-content\/uploads\/2020\/02\/logo120.png\",\"width\":1227,\"height\":120,\"caption\":\"Jornal Fatos e Not\u00edcias\"},\"image\":{\"@id\":\"https:\/\/jornalfatosenoticias.com.br\/#\/schema\/logo\/image\/\"}},{\"@type\":\"Person\",\"@id\":\"https:\/\/jornalfatosenoticias.com.br\/#\/schema\/person\/05c46cc25b42a5c27e004fb0fa6b4965\",\"name\":\"Haroldo Filho\",\"image\":{\"@type\":\"ImageObject\",\"inLanguage\":\"pt-BR\",\"@id\":\"https:\/\/jornalfatosenoticias.com.br\/#\/schema\/person\/image\/\",\"url\":\"https:\/\/jornalfatosenoticias.com.br\/wp-content\/uploads\/2025\/08\/WhatsApp-Image-2025-08-18-at-15.30.28-150x150.jpeg\",\"contentUrl\":\"https:\/\/jornalfatosenoticias.com.br\/wp-content\/uploads\/2025\/08\/WhatsApp-Image-2025-08-18-at-15.30.28-150x150.jpeg\",\"caption\":\"Haroldo Filho\"},\"description\":\"Jornalista \u2013 DRT: 0003818\/ES Coordenador-geral da ONG Educar para Crescer\",\"url\":\"https:\/\/jornalfatosenoticias.com.br\/index.php\/author\/haroldo\/\"}]}<\/script>\n<!-- \/ Yoast SEO plugin. -->","yoast_head_json":{"title":"A Semana no Brasil e no Mundo \u2014 L\u00edder comunit\u00e1ria ligada ao PCC dividiu palco com Lula e \u00e9 presa em opera\u00e7\u00e3o em SP - Jornal Fatos e Not\u00edcias","robots":{"index":"index","follow":"follow","max-snippet":"max-snippet:-1","max-image-preview":"max-image-preview:large","max-video-preview":"max-video-preview:-1"},"canonical":"https:\/\/jornalfatosenoticias.com.br\/index.php\/2025\/09\/12\/a-semana-no-brasil-e-no-mundo-lider-comunitaria-ligada-ao-pcc-dividiu-palco-com-lula-e-e-presa-em-operacao-em-sp\/","og_locale":"pt_BR","og_type":"article","og_title":"A Semana no Brasil e no Mundo \u2014 L\u00edder comunit\u00e1ria ligada ao PCC dividiu palco com Lula e \u00e9 presa em opera\u00e7\u00e3o em SP - Jornal Fatos e Not\u00edcias","og_description":"A l\u00edder comunit\u00e1ria Alessandra Moja Cunha, presidente da Associa\u00e7\u00e3o da Comunidade do Moinho, no centro de S\u00e3o Paulo, foi presa na segunda-feira (8) durante a Opera\u00e7\u00e3o Sharpe, deflagrada pelo Minist\u00e9rio P\u00fablico de S\u00e3o Paulo (MPSP). Segundo a investiga\u00e7\u00e3o, Alessandra integrava uma organiza\u00e7\u00e3o criminosa comandada por seu irm\u00e3o, Leonardo Moja, o \u201cL\u00e9o do Moinho\u201d, apontado como [&hellip;]","og_url":"https:\/\/jornalfatosenoticias.com.br\/index.php\/2025\/09\/12\/a-semana-no-brasil-e-no-mundo-lider-comunitaria-ligada-ao-pcc-dividiu-palco-com-lula-e-e-presa-em-operacao-em-sp\/","og_site_name":"Jornal Fatos e Not\u00edcias","article_published_time":"2025-09-12T23:43:27+00:00","article_modified_time":"2025-09-12T23:43:29+00:00","og_image":[{"width":960,"height":540,"url":"https:\/\/jornalfatosenoticias.com.br\/wp-content\/uploads\/2025\/09\/lula-lider-comunitaria-ligada-ao-PCC-foto-reproducao-youtube-canal-gov.jpg","type":"image\/jpeg"}],"author":"Haroldo Filho","twitter_card":"summary_large_image","twitter_misc":{"Escrito por":"Haroldo Filho","Est. tempo de leitura":"11 minutos"},"schema":{"@context":"https:\/\/schema.org","@graph":[{"@type":"Article","@id":"https:\/\/jornalfatosenoticias.com.br\/index.php\/2025\/09\/12\/a-semana-no-brasil-e-no-mundo-lider-comunitaria-ligada-ao-pcc-dividiu-palco-com-lula-e-e-presa-em-operacao-em-sp\/#article","isPartOf":{"@id":"https:\/\/jornalfatosenoticias.com.br\/index.php\/2025\/09\/12\/a-semana-no-brasil-e-no-mundo-lider-comunitaria-ligada-ao-pcc-dividiu-palco-com-lula-e-e-presa-em-operacao-em-sp\/"},"author":{"name":"Haroldo Filho","@id":"https:\/\/jornalfatosenoticias.com.br\/#\/schema\/person\/05c46cc25b42a5c27e004fb0fa6b4965"},"headline":"A Semana no Brasil e no Mundo \u2014 L\u00edder comunit\u00e1ria ligada ao PCC dividiu palco com Lula e \u00e9 presa em opera\u00e7\u00e3o em SP","datePublished":"2025-09-12T23:43:27+00:00","dateModified":"2025-09-12T23:43:29+00:00","mainEntityOfPage":{"@id":"https:\/\/jornalfatosenoticias.com.br\/index.php\/2025\/09\/12\/a-semana-no-brasil-e-no-mundo-lider-comunitaria-ligada-ao-pcc-dividiu-palco-com-lula-e-e-presa-em-operacao-em-sp\/"},"wordCount":2247,"commentCount":0,"publisher":{"@id":"https:\/\/jornalfatosenoticias.com.br\/#organization"},"image":{"@id":"https:\/\/jornalfatosenoticias.com.br\/index.php\/2025\/09\/12\/a-semana-no-brasil-e-no-mundo-lider-comunitaria-ligada-ao-pcc-dividiu-palco-com-lula-e-e-presa-em-operacao-em-sp\/#primaryimage"},"thumbnailUrl":"https:\/\/jornalfatosenoticias.com.br\/wp-content\/uploads\/2025\/09\/lula-lider-comunitaria-ligada-ao-PCC-foto-reproducao-youtube-canal-gov.jpg","keywords":["Alexandre de Moraes","condena\u00e7\u00e3o Jair Bolsonaro","direita europeia","ditadura chinesa","Donald Trump","Eduardo Tagliaferro","EUA","Fl\u00e1vio Bolsonaro","l\u00edder comunit\u00e1ria","Lula","novas medidas contra o Brasil","Paulo Gonet","PCC","Pol\u00edcia Federal","STF","TSE"],"articleSection":["Pol\u00edtica"],"inLanguage":"pt-BR","potentialAction":[{"@type":"CommentAction","name":"Comment","target":["https:\/\/jornalfatosenoticias.com.br\/index.php\/2025\/09\/12\/a-semana-no-brasil-e-no-mundo-lider-comunitaria-ligada-ao-pcc-dividiu-palco-com-lula-e-e-presa-em-operacao-em-sp\/#respond"]}]},{"@type":"WebPage","@id":"https:\/\/jornalfatosenoticias.com.br\/index.php\/2025\/09\/12\/a-semana-no-brasil-e-no-mundo-lider-comunitaria-ligada-ao-pcc-dividiu-palco-com-lula-e-e-presa-em-operacao-em-sp\/","url":"https:\/\/jornalfatosenoticias.com.br\/index.php\/2025\/09\/12\/a-semana-no-brasil-e-no-mundo-lider-comunitaria-ligada-ao-pcc-dividiu-palco-com-lula-e-e-presa-em-operacao-em-sp\/","name":"A Semana no Brasil e no Mundo \u2014 L\u00edder comunit\u00e1ria ligada ao PCC dividiu palco com Lula e \u00e9 presa em opera\u00e7\u00e3o em SP - Jornal Fatos e Not\u00edcias","isPartOf":{"@id":"https:\/\/jornalfatosenoticias.com.br\/#website"},"primaryImageOfPage":{"@id":"https:\/\/jornalfatosenoticias.com.br\/index.php\/2025\/09\/12\/a-semana-no-brasil-e-no-mundo-lider-comunitaria-ligada-ao-pcc-dividiu-palco-com-lula-e-e-presa-em-operacao-em-sp\/#primaryimage"},"image":{"@id":"https:\/\/jornalfatosenoticias.com.br\/index.php\/2025\/09\/12\/a-semana-no-brasil-e-no-mundo-lider-comunitaria-ligada-ao-pcc-dividiu-palco-com-lula-e-e-presa-em-operacao-em-sp\/#primaryimage"},"thumbnailUrl":"https:\/\/jornalfatosenoticias.com.br\/wp-content\/uploads\/2025\/09\/lula-lider-comunitaria-ligada-ao-PCC-foto-reproducao-youtube-canal-gov.jpg","datePublished":"2025-09-12T23:43:27+00:00","dateModified":"2025-09-12T23:43:29+00:00","breadcrumb":{"@id":"https:\/\/jornalfatosenoticias.com.br\/index.php\/2025\/09\/12\/a-semana-no-brasil-e-no-mundo-lider-comunitaria-ligada-ao-pcc-dividiu-palco-com-lula-e-e-presa-em-operacao-em-sp\/#breadcrumb"},"inLanguage":"pt-BR","potentialAction":[{"@type":"ReadAction","target":["https:\/\/jornalfatosenoticias.com.br\/index.php\/2025\/09\/12\/a-semana-no-brasil-e-no-mundo-lider-comunitaria-ligada-ao-pcc-dividiu-palco-com-lula-e-e-presa-em-operacao-em-sp\/"]}]},{"@type":"ImageObject","inLanguage":"pt-BR","@id":"https:\/\/jornalfatosenoticias.com.br\/index.php\/2025\/09\/12\/a-semana-no-brasil-e-no-mundo-lider-comunitaria-ligada-ao-pcc-dividiu-palco-com-lula-e-e-presa-em-operacao-em-sp\/#primaryimage","url":"https:\/\/jornalfatosenoticias.com.br\/wp-content\/uploads\/2025\/09\/lula-lider-comunitaria-ligada-ao-PCC-foto-reproducao-youtube-canal-gov.jpg","contentUrl":"https:\/\/jornalfatosenoticias.com.br\/wp-content\/uploads\/2025\/09\/lula-lider-comunitaria-ligada-ao-PCC-foto-reproducao-youtube-canal-gov.jpg","width":960,"height":540},{"@type":"BreadcrumbList","@id":"https:\/\/jornalfatosenoticias.com.br\/index.php\/2025\/09\/12\/a-semana-no-brasil-e-no-mundo-lider-comunitaria-ligada-ao-pcc-dividiu-palco-com-lula-e-e-presa-em-operacao-em-sp\/#breadcrumb","itemListElement":[{"@type":"ListItem","position":1,"name":"In\u00edcio","item":"https:\/\/jornalfatosenoticias.com.br\/"},{"@type":"ListItem","position":2,"name":"A Semana no Brasil e no Mundo \u2014 L\u00edder comunit\u00e1ria ligada ao PCC dividiu palco com Lula e \u00e9 presa em opera\u00e7\u00e3o em SP"}]},{"@type":"WebSite","@id":"https:\/\/jornalfatosenoticias.com.br\/#website","url":"https:\/\/jornalfatosenoticias.com.br\/","name":"Jornal Fatos e Not\u00edcias","description":"Not\u00edcias em geral","publisher":{"@id":"https:\/\/jornalfatosenoticias.com.br\/#organization"},"potentialAction":[{"@type":"SearchAction","target":{"@type":"EntryPoint","urlTemplate":"https:\/\/jornalfatosenoticias.com.br\/?s={search_term_string}"},"query-input":{"@type":"PropertyValueSpecification","valueRequired":true,"valueName":"search_term_string"}}],"inLanguage":"pt-BR"},{"@type":"Organization","@id":"https:\/\/jornalfatosenoticias.com.br\/#organization","name":"Jornal Fatos e Not\u00edcias","url":"https:\/\/jornalfatosenoticias.com.br\/","logo":{"@type":"ImageObject","inLanguage":"pt-BR","@id":"https:\/\/jornalfatosenoticias.com.br\/#\/schema\/logo\/image\/","url":"https:\/\/jornalfatosenoticias.com.br\/wp-content\/uploads\/2020\/02\/logo120.png","contentUrl":"https:\/\/jornalfatosenoticias.com.br\/wp-content\/uploads\/2020\/02\/logo120.png","width":1227,"height":120,"caption":"Jornal Fatos e Not\u00edcias"},"image":{"@id":"https:\/\/jornalfatosenoticias.com.br\/#\/schema\/logo\/image\/"}},{"@type":"Person","@id":"https:\/\/jornalfatosenoticias.com.br\/#\/schema\/person\/05c46cc25b42a5c27e004fb0fa6b4965","name":"Haroldo Filho","image":{"@type":"ImageObject","inLanguage":"pt-BR","@id":"https:\/\/jornalfatosenoticias.com.br\/#\/schema\/person\/image\/","url":"https:\/\/jornalfatosenoticias.com.br\/wp-content\/uploads\/2025\/08\/WhatsApp-Image-2025-08-18-at-15.30.28-150x150.jpeg","contentUrl":"https:\/\/jornalfatosenoticias.com.br\/wp-content\/uploads\/2025\/08\/WhatsApp-Image-2025-08-18-at-15.30.28-150x150.jpeg","caption":"Haroldo Filho"},"description":"Jornalista \u2013 DRT: 0003818\/ES Coordenador-geral da ONG Educar para Crescer","url":"https:\/\/jornalfatosenoticias.com.br\/index.php\/author\/haroldo\/"}]}},"cc_featured_image_caption":{"caption_text":"(Foto: Reprodu\u00e7\u00e3o\/YouTube Canal Gov) ","source_text":"","source_url":""},"jetpack_featured_media_url":"https:\/\/jornalfatosenoticias.com.br\/wp-content\/uploads\/2025\/09\/lula-lider-comunitaria-ligada-ao-PCC-foto-reproducao-youtube-canal-gov.jpg","_links":{"self":[{"href":"https:\/\/jornalfatosenoticias.com.br\/index.php\/wp-json\/wp\/v2\/posts\/61848","targetHints":{"allow":["GET"]}}],"collection":[{"href":"https:\/\/jornalfatosenoticias.com.br\/index.php\/wp-json\/wp\/v2\/posts"}],"about":[{"href":"https:\/\/jornalfatosenoticias.com.br\/index.php\/wp-json\/wp\/v2\/types\/post"}],"author":[{"embeddable":true,"href":"https:\/\/jornalfatosenoticias.com.br\/index.php\/wp-json\/wp\/v2\/users\/3"}],"replies":[{"embeddable":true,"href":"https:\/\/jornalfatosenoticias.com.br\/index.php\/wp-json\/wp\/v2\/comments?post=61848"}],"version-history":[{"count":0,"href":"https:\/\/jornalfatosenoticias.com.br\/index.php\/wp-json\/wp\/v2\/posts\/61848\/revisions"}],"wp:featuredmedia":[{"embeddable":true,"href":"https:\/\/jornalfatosenoticias.com.br\/index.php\/wp-json\/wp\/v2\/media\/61854"}],"wp:attachment":[{"href":"https:\/\/jornalfatosenoticias.com.br\/index.php\/wp-json\/wp\/v2\/media?parent=61848"}],"wp:term":[{"taxonomy":"category","embeddable":true,"href":"https:\/\/jornalfatosenoticias.com.br\/index.php\/wp-json\/wp\/v2\/categories?post=61848"},{"taxonomy":"post_tag","embeddable":true,"href":"https:\/\/jornalfatosenoticias.com.br\/index.php\/wp-json\/wp\/v2\/tags?post=61848"}],"curies":[{"name":"wp","href":"https:\/\/api.w.org\/{rel}","templated":true}]}}