{"id":61856,"date":"2025-09-12T20:59:49","date_gmt":"2025-09-12T23:59:49","guid":{"rendered":"https:\/\/jornalfatosenoticias.com.br\/?p=61856"},"modified":"2025-09-15T11:41:23","modified_gmt":"2025-09-15T14:41:23","slug":"defesas-podem-usar-voto-de-fux-para-pedir-anulacao-de-julgamento-e-recorrer-a-orgaos-internacionais","status":"publish","type":"post","link":"https:\/\/jornalfatosenoticias.com.br\/index.php\/2025\/09\/12\/defesas-podem-usar-voto-de-fux-para-pedir-anulacao-de-julgamento-e-recorrer-a-orgaos-internacionais\/","title":{"rendered":"Defesas podem usar voto de Fux para pedir anula\u00e7\u00e3o de julgamento e recorrer a \u00f3rg\u00e3os internacionais"},"content":{"rendered":"\n<p><em><span class=\"has-inline-color has-black-color\">Em voto, Fux abordou desde a incompet\u00eancia do STF para julgar at\u00e9 a falta de provas contra acusados<\/span><\/em><\/p>\n\n\n\n<p><span class=\"has-inline-color has-black-color\">Por <strong><a href=\"https:\/\/www.gazetadopovo.com.br\/autor\/juliet-manfrin\/\">Juliet Manfrin<\/a><\/strong><\/span><\/p>\n\n\n\n<div class=\"wp-block-image\"><figure class=\"aligncenter size-large\"><a href=\"https:\/\/mizu.com.br\/\"><img loading=\"lazy\" decoding=\"async\" width=\"729\" height=\"90\" src=\"https:\/\/jornalfatosenoticias.com.br\/wp-content\/uploads\/2020\/02\/Logo_Mizu.png\" alt=\"\" class=\"wp-image-1441\" srcset=\"https:\/\/jornalfatosenoticias.com.br\/wp-content\/uploads\/2020\/02\/Logo_Mizu.png 729w, https:\/\/jornalfatosenoticias.com.br\/wp-content\/uploads\/2020\/02\/Logo_Mizu-300x37.png 300w\" sizes=\"auto, (max-width: 729px) 100vw, 729px\" \/><\/a><\/figure><\/div>\n\n\n\n<p>O <a href=\"http:\/\/gazetadopovo.com.br\/republica\/como-fux-desmontou-a-tese-do-golpe-no-voto-para-absolver-bolsonaro\/\">voto do ministro Luiz Fux<\/a>&nbsp;em julgamento da Primeira Turma do Supremo Tribunal Federal (STF), na quarta-feira (10), abriu pontos importantes de diverg\u00eancia que podem ser usados pelas defesas do ex-presidente Jair Bolsonaro (PL) e outros r\u00e9us julgados por suposta tentativa de golpe de Estado para pedir a anula\u00e7\u00e3o do julgamento na Justi\u00e7a brasileira e em cortes e organismos internacionais.<br>Ao se manifestar, Fux n\u00e3o apenas pediu a <a href=\"https:\/\/www.gazetadopovo.com.br\/republica\/fux-diverge-moraes-dino-vota-absolver-bolsonaro-placar-2-a-1\/\">absolvi\u00e7\u00e3o do ex-presidente<\/a> e outros cinco dos oito r\u00e9us do N\u00facleo 1, como reconheceu a exist\u00eancia de nulidade absoluta do processo por entender que o Supremo, e em especial a Primeira Turma, n\u00e3o teria compet\u00eancia para conduzir o caso, pois Bolsonaro e outros investigados n\u00e3o t\u00eam mais foro privilegiado.<\/p>\n\n\n\n<div class=\"wp-block-image\"><figure class=\"aligncenter size-large\"><a href=\"http:\/\/www.ferrarimaquinas.com.br\/\"><img loading=\"lazy\" decoding=\"async\" width=\"300\" height=\"250\" src=\"https:\/\/jornalfatosenoticias.com.br\/wp-content\/uploads\/2022\/02\/FERRARI_MAQUINAS-E-FERRAMENTAS2.jpg\" alt=\"\" class=\"wp-image-27860\"\/><\/a><\/figure><\/div>\n\n\n\n<p>Para analistas ouvidos pela Gazeta do Povo, os pontos que mais pesam e que foram defendidos por Fux s\u00e3o: a avalia\u00e7\u00e3o que o julgamento n\u00e3o seria de compet\u00eancia do STF e, se o fosse, deveria ser levado ao plen\u00e1rio, o cerceamento ao direito da defesa diante do imenso volume de materiais apreendidos e tempo limitado para analis\u00e1-lo e a falta de provas que configurassem os crimes imputados aos r\u00e9us.<\/p>\n\n\n\n<div class=\"wp-block-image\"><figure class=\"aligncenter size-large is-resized\"><a href=\"https:\/\/www.instagram.com\/gruposei\/\"><img loading=\"lazy\" decoding=\"async\" src=\"https:\/\/jornalfatosenoticias.com.br\/wp-content\/uploads\/2022\/07\/Logo-Grupo-SEI.jpg\" alt=\"\" class=\"wp-image-31973\" width=\"364\" height=\"191\" srcset=\"https:\/\/jornalfatosenoticias.com.br\/wp-content\/uploads\/2022\/07\/Logo-Grupo-SEI.jpg 713w, https:\/\/jornalfatosenoticias.com.br\/wp-content\/uploads\/2022\/07\/Logo-Grupo-SEI-300x158.jpg 300w\" sizes=\"auto, (max-width: 364px) 100vw, 364px\" \/><\/a><\/figure><\/div>\n\n\n\n<p>O deputado federal Zucco (PL-RS) afirmou que o voto de Luiz Fux \u00e9 determinante, inclusive, para a <a href=\"https:\/\/www.gazetadopovo.com.br\/republica\/projetos-de-anistia-em-debate-no-congresso-vao-de-ampla-geral-e-irrestrita-a-versao-light\/\">anistia dos condenados pelo 8 de Janeiro<\/a>. Segundo o parlamentar, Fux deixou claro que n\u00e3o h\u00e1 crimes atribu\u00edveis ao ex-presidente Jair Bolsonaro e aos demais r\u00e9us e reconheceu a \u201cincompet\u00eancia absoluta do foro\u201d no caso.<\/p>\n\n\n\n<div class=\"wp-block-image\"><figure class=\"aligncenter size-large is-resized\"><a href=\"https:\/\/legisjuris.com.br\/\"><img loading=\"lazy\" decoding=\"async\" src=\"https:\/\/jornalfatosenoticias.com.br\/wp-content\/uploads\/2024\/09\/Legis-Juris-Consultoria_logo.jpg\" alt=\"\" class=\"wp-image-53915\" width=\"487\" height=\"204\" srcset=\"https:\/\/jornalfatosenoticias.com.br\/wp-content\/uploads\/2024\/09\/Legis-Juris-Consultoria_logo.jpg 969w, https:\/\/jornalfatosenoticias.com.br\/wp-content\/uploads\/2024\/09\/Legis-Juris-Consultoria_logo-300x126.jpg 300w, https:\/\/jornalfatosenoticias.com.br\/wp-content\/uploads\/2024\/09\/Legis-Juris-Consultoria_logo-768x322.jpg 768w\" sizes=\"auto, (max-width: 487px) 100vw, 487px\" \/><\/a><\/figure><\/div>\n\n\n\n<p><strong><span class=\"has-inline-color has-black-color\">Embargos de declara\u00e7\u00e3o devem postergar pris\u00e3o dos r\u00e9us<br><\/span><\/strong>Do ponto de vista processual, uma diverg\u00eancia d\u00e1 muni\u00e7\u00e3o para a apresenta\u00e7\u00e3o de recursos \u00e0 pr\u00f3pria Primeira Turma do STF, respons\u00e1vel pelo julgamento. O principal deles \u00e9 o chamado embargo de declara\u00e7\u00e3o, que aponta falhas e contradi\u00e7\u00f5es nos votos dos ministros. Ainda que esse instrumento dificilmente reverta a decis\u00e3o do Supremo, ele pode servir para prolongar o processo, discutindo detalhes t\u00e9cnicos ou questionando supostas omiss\u00f5es no ac\u00f3rd\u00e3o, que \u00e9 o documento final do processo.<\/p>\n\n\n\n<div class=\"wp-block-image\"><figure class=\"aligncenter size-large is-resized\"><a href=\"https:\/\/panper.com.br\/\"><img loading=\"lazy\" decoding=\"async\" src=\"https:\/\/jornalfatosenoticias.com.br\/wp-content\/uploads\/2023\/03\/logo-Panper_portal.jpg\" alt=\"\" class=\"wp-image-40208\" width=\"332\" height=\"230\" srcset=\"https:\/\/jornalfatosenoticias.com.br\/wp-content\/uploads\/2023\/03\/logo-Panper_portal.jpg 400w, https:\/\/jornalfatosenoticias.com.br\/wp-content\/uploads\/2023\/03\/logo-Panper_portal-300x208.jpg 300w\" sizes=\"auto, (max-width: 332px) 100vw, 332px\" \/><\/a><\/figure><\/div>\n\n\n\n<p>As defesas t\u00eam cinco dias para entrar com esse tipo de recurso. Na pr\u00e1tica, ele servir\u00e1 para que Bolsonaro e os demais r\u00e9us n\u00e3o comecem a cumprir imediatamente as senten\u00e7as de pris\u00e3o. Os ministros tendem a julgar r\u00e1pido os recursos, mas n\u00e3o \u00e9 poss\u00edvel dizer ainda quando exatamente os condenados ter\u00e3o que come\u00e7ar a cumprir suas penas.<\/p>\n\n\n\n<div class=\"wp-block-image\"><figure class=\"aligncenter size-large is-resized\"><a href=\"https:\/\/www.instagram.com\/esteio.churrascaria\/\"><img loading=\"lazy\" decoding=\"async\" src=\"https:\/\/jornalfatosenoticias.com.br\/wp-content\/uploads\/2022\/02\/LOGO-ESTEIO-1024x730.png\" alt=\"\" class=\"wp-image-27942\" width=\"314\" height=\"224\" srcset=\"https:\/\/jornalfatosenoticias.com.br\/wp-content\/uploads\/2022\/02\/LOGO-ESTEIO-1024x730.png 1024w, https:\/\/jornalfatosenoticias.com.br\/wp-content\/uploads\/2022\/02\/LOGO-ESTEIO-300x214.png 300w, https:\/\/jornalfatosenoticias.com.br\/wp-content\/uploads\/2022\/02\/LOGO-ESTEIO-768x548.png 768w, https:\/\/jornalfatosenoticias.com.br\/wp-content\/uploads\/2022\/02\/LOGO-ESTEIO.png 1123w\" sizes=\"auto, (max-width: 314px) 100vw, 314px\" \/><\/a><\/figure><\/div>\n\n\n\n<p><strong><span class=\"has-inline-color has-black-color\">Voto de Fux pode embasar futuros pedidos de anula\u00e7\u00e3o<br><\/span><\/strong>Para M\u00e1rcio Nunes, especialista em Direito Penal, ao reconhecer uma nulidade absoluta do processo por incompet\u00eancia do STF, j\u00e1 que Bolsonaro n\u00e3o tem mais foro privilegiado, o voto de Fux abre espa\u00e7o para a defesa interpor recursos no futuro. \u201cO voto divergente n\u00e3o muda o resultado agora, mas cria uma brecha jur\u00eddica que pode, sim, ser usada pela defesa em um recurso ao pr\u00f3prio STF logo ap\u00f3s o julgamento ou mesmo no futuro, com possibilidade de anula\u00e7\u00e3o. Isso n\u00e3o seria novo no Brasil e as defesas certamente contam com isso\u201d.<\/p>\n\n\n\n<div class=\"wp-block-image\"><figure class=\"aligncenter size-large is-resized\"><a href=\"https:\/\/www.controlsystems.com.br\/\"><img loading=\"lazy\" decoding=\"async\" src=\"https:\/\/jornalfatosenoticias.com.br\/wp-content\/uploads\/2020\/02\/CONTROL-CS.jpg\" alt=\"\" class=\"wp-image-44991\" width=\"281\" height=\"337\" srcset=\"https:\/\/jornalfatosenoticias.com.br\/wp-content\/uploads\/2020\/02\/CONTROL-CS.jpg 834w, https:\/\/jornalfatosenoticias.com.br\/wp-content\/uploads\/2020\/02\/CONTROL-CS-250x300.jpg 250w, https:\/\/jornalfatosenoticias.com.br\/wp-content\/uploads\/2020\/02\/CONTROL-CS-768x921.jpg 768w\" sizes=\"auto, (max-width: 281px) 100vw, 281px\" \/><\/a><\/figure><\/div>\n\n\n\n<p>O especialista avalia que o ponto mais incisivo levantado por Fux foi a falta de provas que confirmassem os crimes imputados ao grupo. <em>\u201cEle reconhece que houve cerceamento da defesa com milh\u00f5es de p\u00e1ginas e arquivos para serem analisados em pouco tempo, al\u00e9m de n\u00e3o se mostrarem provados elementos capazes de sustentar a acusa\u00e7\u00e3o. Isso em um recurso futuro pode ser amplamente debatido porque se trata de um voto que fica para a hist\u00f3ria do STF\u201d,<\/em> descreve.<\/p>\n\n\n\n<div class=\"wp-block-image\"><figure class=\"aligncenter size-large is-resized\"><a href=\"https:\/\/www.instagram.com\/rcradiadores\/\"><img loading=\"lazy\" decoding=\"async\" src=\"https:\/\/jornalfatosenoticias.com.br\/wp-content\/uploads\/2022\/10\/RC_800x750_page-0001.jpg\" alt=\"\" class=\"wp-image-35338\" width=\"293\" height=\"275\" srcset=\"https:\/\/jornalfatosenoticias.com.br\/wp-content\/uploads\/2022\/10\/RC_800x750_page-0001.jpg 400w, https:\/\/jornalfatosenoticias.com.br\/wp-content\/uploads\/2022\/10\/RC_800x750_page-0001-300x281.jpg 300w\" sizes=\"auto, (max-width: 293px) 100vw, 293px\" \/><\/a><\/figure><\/div>\n\n\n\n<p>Aliados dos r\u00e9us e analistas avaliam que, em um poss\u00edvel cen\u00e1rio de mudan\u00e7a na composi\u00e7\u00e3o do STF \u2014 como um eventual impeachment de Alexandre de Moraes \u2014 ou ainda com altera\u00e7\u00e3o no contexto pol\u00edtico do pa\u00eds, os argumentos apresentados por Fux poder\u00e3o ser utilizados para tentar reverter uma eventual condena\u00e7\u00e3o do ex-presidente e dos demais acusados.<em> \u201cO voto d\u00e1 in\u00fameros subs\u00eddios \u00e0s defesas para os recursos que vir\u00e3o\u201d, <\/em>avalia o advogado constitucionalista Andr\u00e9 Marsiglia.<\/p>\n\n\n\n<div class=\"wp-block-image\"><figure class=\"aligncenter size-large\"><img loading=\"lazy\" decoding=\"async\" width=\"612\" height=\"408\" src=\"https:\/\/jornalfatosenoticias.com.br\/wp-content\/uploads\/2025\/09\/Bolsonaro-condenacao_gettyimages.jpg\" alt=\"\" class=\"wp-image-61858\" srcset=\"https:\/\/jornalfatosenoticias.com.br\/wp-content\/uploads\/2025\/09\/Bolsonaro-condenacao_gettyimages.jpg 612w, https:\/\/jornalfatosenoticias.com.br\/wp-content\/uploads\/2025\/09\/Bolsonaro-condenacao_gettyimages-300x200.jpg 300w\" sizes=\"auto, (max-width: 612px) 100vw, 612px\" \/><figcaption><em><span class=\"has-inline-color has-black-color\">Bolsonaro condenado (Foto: Getty Images)<\/span><\/em><\/figcaption><\/figure><\/div>\n\n\n\n<p><strong><span class=\"has-inline-color has-black-color\">Cortes internacionais podem pressionar por reabertura de processo ou medidas de repara\u00e7\u00e3o<br><\/span><\/strong>O constitucionalista Alessandro Chiarottino lembra que o voto tamb\u00e9m d\u00e1 margens para recursos em cortes internacionais. Durante a leitura de seu voto, Fux fez refer\u00eancias repetidas ao Pacto de S\u00e3o Jos\u00e9 da Costa Rica, tratado internacional de 1969 conhecido como Conven\u00e7\u00e3o Americana de Direitos Humanos. <em>\u201cO Brasil \u00e9 signat\u00e1rio do acordo, que assegura garantias fundamentais aos cidad\u00e3os dos pa\u00edses membros da Organiza\u00e7\u00e3o dos Estados Americanos (OEA)\u201d, <\/em>descreve.<\/p>\n\n\n\n<div class=\"wp-block-image\"><figure class=\"aligncenter size-large\"><a href=\"https:\/\/www.cesconetto.com.br\/\"><img loading=\"lazy\" decoding=\"async\" width=\"300\" height=\"250\" src=\"https:\/\/jornalfatosenoticias.com.br\/wp-content\/uploads\/2020\/02\/Banner-2.png\" alt=\"\" class=\"wp-image-43787\"\/><\/a><\/figure><\/div>\n\n\n\n<p>O pacto estabelece que toda pessoa tem direito a ser julgada por um juiz ou tribunal competente, independente e imparcial, previamente estabelecido em lei. \u201cTudo que o STF n\u00e3o tem sido ao longo dos \u00faltimos seis anos e se mostrou provado no voto do ministro Fux\u201d, avalia o doutor em Direito e comentarista pol\u00edtico Luiz Augusto M\u00f3dolo.<\/p>\n\n\n\n<div class=\"wp-block-image\"><figure class=\"aligncenter size-large is-resized\"><a href=\"https:\/\/www.instagram.com\/serra4x4cambioautomatico\/\"><img loading=\"lazy\" decoding=\"async\" src=\"https:\/\/jornalfatosenoticias.com.br\/wp-content\/uploads\/2024\/08\/Serra-4x4-1-886x1024.jpg\" alt=\"\" class=\"wp-image-53632\" width=\"290\" height=\"335\" srcset=\"https:\/\/jornalfatosenoticias.com.br\/wp-content\/uploads\/2024\/08\/Serra-4x4-1-886x1024.jpg 886w, https:\/\/jornalfatosenoticias.com.br\/wp-content\/uploads\/2024\/08\/Serra-4x4-1-260x300.jpg 260w, https:\/\/jornalfatosenoticias.com.br\/wp-content\/uploads\/2024\/08\/Serra-4x4-1-768x888.jpg 768w, https:\/\/jornalfatosenoticias.com.br\/wp-content\/uploads\/2024\/08\/Serra-4x4-1.jpg 1181w\" sizes=\"auto, (max-width: 290px) 100vw, 290px\" \/><\/a><\/figure><\/div>\n\n\n\n<p>O dispositivo internacional tamb\u00e9m garante que ningu\u00e9m pode ser submetido a tribunais de exce\u00e7\u00e3o e assegura o chamado duplo grau de jurisdi\u00e7\u00e3o. Isso significa que, ap\u00f3s uma condena\u00e7\u00e3o, o r\u00e9u deve ter o direito de recorrer a uma inst\u00e2ncia superior dentro do pr\u00f3prio sistema judicial do pa\u00eds ou, em casos como este, fora dele. \u201cO tratado n\u00e3o prev\u00ea que algu\u00e9m seja julgado apenas por uma \u00fanica corte, mas sim que o processo respeite garantias de imparcialidade, legalidade e a possibilidade de revis\u00e3o por um tribunal superior\u201d, destaca M\u00e1rcio Nunes.<\/p>\n\n\n\n<div class=\"wp-block-image\"><figure class=\"aligncenter size-large is-resized\"><a href=\"https:\/\/www.facebook.com\/profile.php?id=100069289606145\"><img loading=\"lazy\" decoding=\"async\" src=\"https:\/\/jornalfatosenoticias.com.br\/wp-content\/uploads\/2024\/11\/Guaitolini-Contabilidade-1024x714.jpeg\" alt=\"\" class=\"wp-image-55808\" width=\"345\" height=\"240\" srcset=\"https:\/\/jornalfatosenoticias.com.br\/wp-content\/uploads\/2024\/11\/Guaitolini-Contabilidade-1024x714.jpeg 1024w, https:\/\/jornalfatosenoticias.com.br\/wp-content\/uploads\/2024\/11\/Guaitolini-Contabilidade-300x209.jpeg 300w, https:\/\/jornalfatosenoticias.com.br\/wp-content\/uploads\/2024\/11\/Guaitolini-Contabilidade-768x535.jpeg 768w, https:\/\/jornalfatosenoticias.com.br\/wp-content\/uploads\/2024\/11\/Guaitolini-Contabilidade.jpeg 1280w\" sizes=\"auto, (max-width: 345px) 100vw, 345px\" \/><\/a><\/figure><\/div>\n\n\n\n<p>Advogados de defesa j\u00e1 estariam analisando que essa men\u00e7\u00e3o de Fux indica que o ministro tem consci\u00eancia de que sua posi\u00e7\u00e3o poder\u00e1 embasar eventuais recursos apresentados em inst\u00e2ncias internacionais, como a Corte Interamericana de Direitos Humanos, na Costa Rica, ou o Comit\u00ea de Direitos Humanos da ONU, na Su\u00ed\u00e7a.<\/p>\n\n\n\n<div class=\"wp-block-image\"><figure class=\"aligncenter size-large is-resized\"><a href=\"https:\/\/www.facebook.com\/postobkr\/?locale=pt_BR\"><img loading=\"lazy\" decoding=\"async\" src=\"https:\/\/jornalfatosenoticias.com.br\/wp-content\/uploads\/2023\/08\/BKR-1024x1021.jpg\" alt=\"\" class=\"wp-image-44494\" width=\"290\" height=\"289\" srcset=\"https:\/\/jornalfatosenoticias.com.br\/wp-content\/uploads\/2023\/08\/BKR-1024x1021.jpg 1024w, https:\/\/jornalfatosenoticias.com.br\/wp-content\/uploads\/2023\/08\/BKR-300x300.jpg 300w, https:\/\/jornalfatosenoticias.com.br\/wp-content\/uploads\/2023\/08\/BKR-150x150.jpg 150w, https:\/\/jornalfatosenoticias.com.br\/wp-content\/uploads\/2023\/08\/BKR-768x766.jpg 768w, https:\/\/jornalfatosenoticias.com.br\/wp-content\/uploads\/2023\/08\/BKR.jpg 1080w\" sizes=\"auto, (max-width: 290px) 100vw, 290px\" \/><\/a><\/figure><\/div>\n\n\n\n<p>Quando se recorre a cortes internacionais, como a Corte Interamericana de Direitos Humanos, essa inst\u00e2ncia internacional n\u00e3o atua como uma esp\u00e9cie de &#8220;quarta inst\u00e2ncia&#8221; ou tribunal recursal. Ela n\u00e3o reexamina provas nem substitui o julgamento feito pelo STF. No entanto, a Corte internacional tem compet\u00eancia para verificar se houve viola\u00e7\u00e3o de direitos humanos garantidos pela Conven\u00e7\u00e3o Americana de Direitos Humanos, da qual o Brasil \u00e9 signat\u00e1rio desde 1992.<\/p>\n\n\n\n<div class=\"wp-block-image\"><figure class=\"aligncenter size-large is-resized\"><a href=\"https:\/\/hotelmarquetti.com.br\/\"><img loading=\"lazy\" decoding=\"async\" src=\"https:\/\/jornalfatosenoticias.com.br\/wp-content\/uploads\/2020\/02\/LOGO-MQ-1024x680.jpg\" alt=\"\" class=\"wp-image-58299\" width=\"386\" height=\"256\" srcset=\"https:\/\/jornalfatosenoticias.com.br\/wp-content\/uploads\/2020\/02\/LOGO-MQ-1024x680.jpg 1024w, https:\/\/jornalfatosenoticias.com.br\/wp-content\/uploads\/2020\/02\/LOGO-MQ-300x199.jpg 300w, https:\/\/jornalfatosenoticias.com.br\/wp-content\/uploads\/2020\/02\/LOGO-MQ-768x510.jpg 768w, https:\/\/jornalfatosenoticias.com.br\/wp-content\/uploads\/2020\/02\/LOGO-MQ-1536x1020.jpg 1536w, https:\/\/jornalfatosenoticias.com.br\/wp-content\/uploads\/2020\/02\/LOGO-MQ-2048x1360.jpg 2048w\" sizes=\"auto, (max-width: 386px) 100vw, 386px\" \/><\/a><\/figure><\/div>\n\n\n\n<p>Caso constate alguma viola\u00e7\u00e3o, a corte internacional pode condenar o Estado brasileiro e determinar medidas de repara\u00e7\u00e3o. Essas medidas podem incluir a reabertura ou revis\u00e3o do processo, o pagamento de indeniza\u00e7\u00f5es a v\u00edtima ou familiares, mudan\u00e7as legislativas ou administrativas, publica\u00e7\u00f5es oficiais reconhecendo a responsabilidade do Estado, entre outras provid\u00eancias. \u201cEmbora a decis\u00e3o da Corte internacional n\u00e3o anule automaticamente a senten\u00e7a do STF, ela imp\u00f5e obriga\u00e7\u00f5es ao Estado brasileiro, que, por reconhecer a jurisdi\u00e7\u00e3o da Corte, compromete-se internacionalmente a cumprir suas determina\u00e7\u00f5es\u201d, alerta M\u00e1rcio Nunes.<\/p>\n\n\n\n<div class=\"wp-block-image\"><figure class=\"aligncenter size-large is-resized\"><a href=\"https:\/\/www.facebook.com\/vetor.vix\/\"><img loading=\"lazy\" decoding=\"async\" src=\"https:\/\/jornalfatosenoticias.com.br\/wp-content\/uploads\/2023\/09\/vetorvix1024_1.jpg\" alt=\"\" class=\"wp-image-44868\" width=\"558\" height=\"148\" srcset=\"https:\/\/jornalfatosenoticias.com.br\/wp-content\/uploads\/2023\/09\/vetorvix1024_1.jpg 1024w, https:\/\/jornalfatosenoticias.com.br\/wp-content\/uploads\/2023\/09\/vetorvix1024_1-300x80.jpg 300w, https:\/\/jornalfatosenoticias.com.br\/wp-content\/uploads\/2023\/09\/vetorvix1024_1-768x205.jpg 768w\" sizes=\"auto, (max-width: 558px) 100vw, 558px\" \/><\/a><\/figure><\/div>\n\n\n\n<p>Na pr\u00e1tica, isso significa que o Brasil pode ser compelido a rever a decis\u00e3o interna, inclusive por meio de a\u00e7\u00f5es revisionais. Um desses exemplos foi o de Vladimir Herzog, que levou o Supremo a reconhecer, em conson\u00e2ncia com a jurisprud\u00eancia internacional, que crimes contra a humanidade n\u00e3o prescrevem. \u201cEmbora uma corte internacional n\u00e3o possa diretamente anular uma decis\u00e3o do STF, sua atua\u00e7\u00e3o pode beneficiar o r\u00e9u ao for\u00e7ar o Estado brasileiro a adotar medidas reparat\u00f3rias, reabrir o caso, modificar entendimentos jurisprudenciais e at\u00e9 promover reformas estruturais que impactam o sistema de justi\u00e7a como um todo\u201d, diz Nunes. As decis\u00f5es da Corte s\u00e3o obrigat\u00f3rias para o Brasil, e sua aplica\u00e7\u00e3o pode ter efeitos concretos e relevantes na prote\u00e7\u00e3o dos direitos fundamentais.<\/p>\n\n\n\n<div class=\"wp-block-image\"><figure class=\"aligncenter size-large is-resized\"><a href=\"https:\/\/www.instagram.com\/restaurantepegoretti\/\"><img loading=\"lazy\" decoding=\"async\" src=\"https:\/\/jornalfatosenoticias.com.br\/wp-content\/uploads\/2023\/12\/pegoretti-logo-pdf-1024x389.jpg\" alt=\"\" class=\"wp-image-47536\" width=\"535\" height=\"203\" srcset=\"https:\/\/jornalfatosenoticias.com.br\/wp-content\/uploads\/2023\/12\/pegoretti-logo-pdf-1024x389.jpg 1024w, https:\/\/jornalfatosenoticias.com.br\/wp-content\/uploads\/2023\/12\/pegoretti-logo-pdf-300x114.jpg 300w, https:\/\/jornalfatosenoticias.com.br\/wp-content\/uploads\/2023\/12\/pegoretti-logo-pdf-768x291.jpg 768w, https:\/\/jornalfatosenoticias.com.br\/wp-content\/uploads\/2023\/12\/pegoretti-logo-pdf.jpg 1120w\" sizes=\"auto, (max-width: 535px) 100vw, 535px\" \/><\/a><\/figure><\/div>\n\n\n\n<p><strong><span class=\"has-inline-color has-black-color\">Posicionamento de Fux refor\u00e7a discurso pol\u00edtico pela anistia geral<br><\/span><\/strong>A conclus\u00e3o de Fux de que o julgamento de Bolsonaro e dos demais r\u00e9us n\u00e3o deveria ter ocorrido no STF deve embasar a argumenta\u00e7\u00e3o pol\u00edtica pela invalida\u00e7\u00e3o de todo o processo. O caso j\u00e1 est\u00e1 sendo comparado ao de Luiz In\u00e1cio Lula da Silva, que teve sua senten\u00e7a anulada quando o STF concluiu que o processo deveria ter sido conduzido pela Justi\u00e7a de Bras\u00edlia e n\u00e3o de Curitiba. Por\u00e9m, diferente do contexto de Lula, dessa vez a composi\u00e7\u00e3o dos ministros do STF torna improv\u00e1vel uma revis\u00e3o do caso no pr\u00f3prio \u00f3rg\u00e3o. Por isso, a aposta dos apoiadores de Bolsonaro \u00e9 no Congresso.<\/p>\n\n\n\n<div class=\"wp-block-image\"><figure class=\"aligncenter size-large is-resized\"><a href=\"https:\/\/www.instagram.com\/esteio.churrascaria\/\"><img loading=\"lazy\" decoding=\"async\" src=\"https:\/\/jornalfatosenoticias.com.br\/wp-content\/uploads\/2022\/02\/LOGO-ESTEIO-1024x730.png\" alt=\"\" class=\"wp-image-27942\" width=\"336\" height=\"239\" srcset=\"https:\/\/jornalfatosenoticias.com.br\/wp-content\/uploads\/2022\/02\/LOGO-ESTEIO-1024x730.png 1024w, https:\/\/jornalfatosenoticias.com.br\/wp-content\/uploads\/2022\/02\/LOGO-ESTEIO-300x214.png 300w, https:\/\/jornalfatosenoticias.com.br\/wp-content\/uploads\/2022\/02\/LOGO-ESTEIO-768x548.png 768w, https:\/\/jornalfatosenoticias.com.br\/wp-content\/uploads\/2022\/02\/LOGO-ESTEIO.png 1123w\" sizes=\"auto, (max-width: 336px) 100vw, 336px\" \/><\/a><\/figure><\/div>\n\n\n\n<blockquote class=\"wp-block-quote is-layout-flow wp-block-quote-is-layout-flow\"><p><span class=\"has-inline-color has-luminous-vivid-orange-color\">N\u00f3s vamos agora com todas as for\u00e7as unir sim o Parlamento, que \u00e9 quem tem a compet\u00eancia para promover a pacifica\u00e7\u00e3o desse pa\u00eds e fazer a anistia ampla, geral e irrestrita para todos incluindo Bolsonaro&#8221;, disse o senador Fl\u00e1vio Bolsonaro (PL-RJ).<\/span><\/p><\/blockquote>\n\n\n\n<div class=\"wp-block-image\"><figure class=\"aligncenter size-large is-resized\"><a href=\"https:\/\/legisjuris.com.br\/\"><img loading=\"lazy\" decoding=\"async\" src=\"https:\/\/jornalfatosenoticias.com.br\/wp-content\/uploads\/2024\/09\/Legis-Juris-Consultoria_logo.jpg\" alt=\"\" class=\"wp-image-53915\" width=\"532\" height=\"223\" srcset=\"https:\/\/jornalfatosenoticias.com.br\/wp-content\/uploads\/2024\/09\/Legis-Juris-Consultoria_logo.jpg 969w, https:\/\/jornalfatosenoticias.com.br\/wp-content\/uploads\/2024\/09\/Legis-Juris-Consultoria_logo-300x126.jpg 300w, https:\/\/jornalfatosenoticias.com.br\/wp-content\/uploads\/2024\/09\/Legis-Juris-Consultoria_logo-768x322.jpg 768w\" sizes=\"auto, (max-width: 532px) 100vw, 532px\" \/><\/a><\/figure><\/div>\n\n\n\n<p>Ap\u00f3s a condena\u00e7\u00e3o de Bolsonaro, a oposi\u00e7\u00e3o abandonou a negocia\u00e7\u00e3o sobre a possibilidade de que um projeto de lei de anistia aos presos de 8 de janeiro de 2023 n\u00e3o inclua o ex-presidente. De acordo com o l\u00edder do PL na C\u00e2mara, S\u00f3stenes Cavalcante, h\u00e1 um esfor\u00e7o pol\u00edtico para que o texto seja colocado em vota\u00e7\u00e3o j\u00e1 na semana que vem na C\u00e2mara. A oposi\u00e7\u00e3o diz que uma articula\u00e7\u00e3o do PL com o Uni\u00e3o Brasil, o PP, o Republicanos e o Novo j\u00e1 garante os votos necess\u00e1rios para a aprova\u00e7\u00e3o.<\/p>\n\n\n\n<div class=\"wp-block-image\"><figure class=\"aligncenter size-large is-resized\"><a href=\"https:\/\/www.facebook.com\/postobkr\/?locale=pt_BR\"><img loading=\"lazy\" decoding=\"async\" src=\"https:\/\/jornalfatosenoticias.com.br\/wp-content\/uploads\/2023\/08\/BKR-1024x1021.jpg\" alt=\"\" class=\"wp-image-44494\" width=\"300\" height=\"299\" srcset=\"https:\/\/jornalfatosenoticias.com.br\/wp-content\/uploads\/2023\/08\/BKR-1024x1021.jpg 1024w, https:\/\/jornalfatosenoticias.com.br\/wp-content\/uploads\/2023\/08\/BKR-300x300.jpg 300w, https:\/\/jornalfatosenoticias.com.br\/wp-content\/uploads\/2023\/08\/BKR-150x150.jpg 150w, https:\/\/jornalfatosenoticias.com.br\/wp-content\/uploads\/2023\/08\/BKR-768x766.jpg 768w, https:\/\/jornalfatosenoticias.com.br\/wp-content\/uploads\/2023\/08\/BKR.jpg 1080w\" sizes=\"auto, (max-width: 300px) 100vw, 300px\" \/><\/a><\/figure><\/div>\n\n\n\n<p>Contudo, o projeto de lei tende a enfrentar dificuldades no Senado, onde pode ser atrasado ou mesmo barrado pelo presidente Davi Alcolumbre (Uni\u00e3o-AP). Al\u00e9m disso, mesmo se aprovado, o projeto de lei pode ser contestado pelo STF, o que tende a gerar uma crise institucional entre os poderes.<\/p>\n\n\n\n<p><strong>Fonte:<a href=\"https:\/\/www.gazetadopovo.com.br\/republica\/voto-fux-recursos-anulacao-julgamento-bolsonaro-stf\/\"> Gazeta do Povo<\/a><\/strong><\/p>\n","protected":false},"excerpt":{"rendered":"<p>Em voto, Fux abordou desde a incompet\u00eancia do STF para julgar at\u00e9 a falta de provas contra acusados Por Juliet Manfrin O voto do ministro Luiz Fux&nbsp;em julgamento da Primeira Turma do Supremo Tribunal Federal (STF), na quarta-feira (10), abriu pontos importantes de diverg\u00eancia que podem ser usados pelas defesas do ex-presidente Jair Bolsonaro (PL) [&hellip;]<\/p>\n","protected":false},"author":3,"featured_media":61857,"comment_status":"open","ping_status":"open","sticky":false,"template":"","format":"standard","meta":{"footnotes":""},"categories":[5],"tags":[28218,28222,28220,28217,26069,28219,28223,21296,28221],"class_list":["post-61856","post","type-post","status-publish","format-standard","has-post-thumbnail","hentry","category-geral","tag-acusados","tag-anistia-dos-condenados-pelo-8-de-janeiro","tag-anulacao-de-julgamento","tag-bolsonaro-condenado","tag-luiz-fux","tag-orgaos-internacionais","tag-primeira-turma-do-stf","tag-reus","tag-suposta-tentativa-de-golpe-de-estado"],"yoast_head":"<!-- This site is optimized with the Yoast SEO plugin v26.5 - https:\/\/yoast.com\/wordpress\/plugins\/seo\/ -->\n<title>Defesas podem usar voto de Fux para pedir anula\u00e7\u00e3o de julgamento e recorrer a \u00f3rg\u00e3os internacionais - Jornal Fatos e Not\u00edcias<\/title>\n<meta name=\"robots\" content=\"index, follow, max-snippet:-1, max-image-preview:large, max-video-preview:-1\" \/>\n<link rel=\"canonical\" href=\"https:\/\/jornalfatosenoticias.com.br\/index.php\/2025\/09\/12\/defesas-podem-usar-voto-de-fux-para-pedir-anulacao-de-julgamento-e-recorrer-a-orgaos-internacionais\/\" \/>\n<meta property=\"og:locale\" content=\"pt_BR\" \/>\n<meta property=\"og:type\" content=\"article\" \/>\n<meta property=\"og:title\" content=\"Defesas podem usar voto de Fux para pedir anula\u00e7\u00e3o de julgamento e recorrer a \u00f3rg\u00e3os internacionais - Jornal Fatos e Not\u00edcias\" \/>\n<meta property=\"og:description\" content=\"Em voto, Fux abordou desde a incompet\u00eancia do STF para julgar at\u00e9 a falta de provas contra acusados Por Juliet Manfrin O voto do ministro Luiz Fux&nbsp;em julgamento da Primeira Turma do Supremo Tribunal Federal (STF), na quarta-feira (10), abriu pontos importantes de diverg\u00eancia que podem ser usados pelas defesas do ex-presidente Jair Bolsonaro (PL) [&hellip;]\" \/>\n<meta property=\"og:url\" content=\"https:\/\/jornalfatosenoticias.com.br\/index.php\/2025\/09\/12\/defesas-podem-usar-voto-de-fux-para-pedir-anulacao-de-julgamento-e-recorrer-a-orgaos-internacionais\/\" \/>\n<meta property=\"og:site_name\" content=\"Jornal Fatos e Not\u00edcias\" \/>\n<meta property=\"article:published_time\" content=\"2025-09-12T23:59:49+00:00\" \/>\n<meta property=\"article:modified_time\" content=\"2025-09-15T14:41:23+00:00\" \/>\n<meta property=\"og:image\" content=\"https:\/\/jornalfatosenoticias.com.br\/wp-content\/uploads\/2025\/09\/luiz-fux-stf-bolsonaro.jpg\" \/>\n\t<meta property=\"og:image:width\" content=\"1000\" \/>\n\t<meta property=\"og:image:height\" content=\"562\" \/>\n\t<meta property=\"og:image:type\" content=\"image\/jpeg\" \/>\n<meta name=\"author\" content=\"Haroldo Filho\" \/>\n<meta name=\"twitter:card\" content=\"summary_large_image\" \/>\n<meta name=\"twitter:label1\" content=\"Escrito por\" \/>\n\t<meta name=\"twitter:data1\" content=\"Haroldo Filho\" \/>\n\t<meta name=\"twitter:label2\" content=\"Est. tempo de leitura\" \/>\n\t<meta name=\"twitter:data2\" content=\"8 minutos\" \/>\n<script type=\"application\/ld+json\" class=\"yoast-schema-graph\">{\"@context\":\"https:\/\/schema.org\",\"@graph\":[{\"@type\":\"Article\",\"@id\":\"https:\/\/jornalfatosenoticias.com.br\/index.php\/2025\/09\/12\/defesas-podem-usar-voto-de-fux-para-pedir-anulacao-de-julgamento-e-recorrer-a-orgaos-internacionais\/#article\",\"isPartOf\":{\"@id\":\"https:\/\/jornalfatosenoticias.com.br\/index.php\/2025\/09\/12\/defesas-podem-usar-voto-de-fux-para-pedir-anulacao-de-julgamento-e-recorrer-a-orgaos-internacionais\/\"},\"author\":{\"name\":\"Haroldo Filho\",\"@id\":\"https:\/\/jornalfatosenoticias.com.br\/#\/schema\/person\/05c46cc25b42a5c27e004fb0fa6b4965\"},\"headline\":\"Defesas podem usar voto de Fux para pedir anula\u00e7\u00e3o de julgamento e recorrer a \u00f3rg\u00e3os internacionais\",\"datePublished\":\"2025-09-12T23:59:49+00:00\",\"dateModified\":\"2025-09-15T14:41:23+00:00\",\"mainEntityOfPage\":{\"@id\":\"https:\/\/jornalfatosenoticias.com.br\/index.php\/2025\/09\/12\/defesas-podem-usar-voto-de-fux-para-pedir-anulacao-de-julgamento-e-recorrer-a-orgaos-internacionais\/\"},\"wordCount\":1694,\"commentCount\":0,\"publisher\":{\"@id\":\"https:\/\/jornalfatosenoticias.com.br\/#organization\"},\"image\":{\"@id\":\"https:\/\/jornalfatosenoticias.com.br\/index.php\/2025\/09\/12\/defesas-podem-usar-voto-de-fux-para-pedir-anulacao-de-julgamento-e-recorrer-a-orgaos-internacionais\/#primaryimage\"},\"thumbnailUrl\":\"https:\/\/jornalfatosenoticias.com.br\/wp-content\/uploads\/2025\/09\/luiz-fux-stf-bolsonaro.jpg\",\"keywords\":[\"acusados\",\"anistia dos condenados pelo 8 de Janeiro\",\"anula\u00e7\u00e3o de julgamento\",\"Bolsonaro condenado\",\"Luiz Fux\",\"\u00f3rg\u00e3os internacionais\",\"Primeira Turma do STF\",\"r\u00e9us\",\"suposta tentativa de golpe de Estado\"],\"articleSection\":[\"Geral\"],\"inLanguage\":\"pt-BR\",\"potentialAction\":[{\"@type\":\"CommentAction\",\"name\":\"Comment\",\"target\":[\"https:\/\/jornalfatosenoticias.com.br\/index.php\/2025\/09\/12\/defesas-podem-usar-voto-de-fux-para-pedir-anulacao-de-julgamento-e-recorrer-a-orgaos-internacionais\/#respond\"]}]},{\"@type\":\"WebPage\",\"@id\":\"https:\/\/jornalfatosenoticias.com.br\/index.php\/2025\/09\/12\/defesas-podem-usar-voto-de-fux-para-pedir-anulacao-de-julgamento-e-recorrer-a-orgaos-internacionais\/\",\"url\":\"https:\/\/jornalfatosenoticias.com.br\/index.php\/2025\/09\/12\/defesas-podem-usar-voto-de-fux-para-pedir-anulacao-de-julgamento-e-recorrer-a-orgaos-internacionais\/\",\"name\":\"Defesas podem usar voto de Fux para pedir anula\u00e7\u00e3o de julgamento e recorrer a \u00f3rg\u00e3os internacionais - Jornal Fatos e Not\u00edcias\",\"isPartOf\":{\"@id\":\"https:\/\/jornalfatosenoticias.com.br\/#website\"},\"primaryImageOfPage\":{\"@id\":\"https:\/\/jornalfatosenoticias.com.br\/index.php\/2025\/09\/12\/defesas-podem-usar-voto-de-fux-para-pedir-anulacao-de-julgamento-e-recorrer-a-orgaos-internacionais\/#primaryimage\"},\"image\":{\"@id\":\"https:\/\/jornalfatosenoticias.com.br\/index.php\/2025\/09\/12\/defesas-podem-usar-voto-de-fux-para-pedir-anulacao-de-julgamento-e-recorrer-a-orgaos-internacionais\/#primaryimage\"},\"thumbnailUrl\":\"https:\/\/jornalfatosenoticias.com.br\/wp-content\/uploads\/2025\/09\/luiz-fux-stf-bolsonaro.jpg\",\"datePublished\":\"2025-09-12T23:59:49+00:00\",\"dateModified\":\"2025-09-15T14:41:23+00:00\",\"breadcrumb\":{\"@id\":\"https:\/\/jornalfatosenoticias.com.br\/index.php\/2025\/09\/12\/defesas-podem-usar-voto-de-fux-para-pedir-anulacao-de-julgamento-e-recorrer-a-orgaos-internacionais\/#breadcrumb\"},\"inLanguage\":\"pt-BR\",\"potentialAction\":[{\"@type\":\"ReadAction\",\"target\":[\"https:\/\/jornalfatosenoticias.com.br\/index.php\/2025\/09\/12\/defesas-podem-usar-voto-de-fux-para-pedir-anulacao-de-julgamento-e-recorrer-a-orgaos-internacionais\/\"]}]},{\"@type\":\"ImageObject\",\"inLanguage\":\"pt-BR\",\"@id\":\"https:\/\/jornalfatosenoticias.com.br\/index.php\/2025\/09\/12\/defesas-podem-usar-voto-de-fux-para-pedir-anulacao-de-julgamento-e-recorrer-a-orgaos-internacionais\/#primaryimage\",\"url\":\"https:\/\/jornalfatosenoticias.com.br\/wp-content\/uploads\/2025\/09\/luiz-fux-stf-bolsonaro.jpg\",\"contentUrl\":\"https:\/\/jornalfatosenoticias.com.br\/wp-content\/uploads\/2025\/09\/luiz-fux-stf-bolsonaro.jpg\",\"width\":1000,\"height\":562},{\"@type\":\"BreadcrumbList\",\"@id\":\"https:\/\/jornalfatosenoticias.com.br\/index.php\/2025\/09\/12\/defesas-podem-usar-voto-de-fux-para-pedir-anulacao-de-julgamento-e-recorrer-a-orgaos-internacionais\/#breadcrumb\",\"itemListElement\":[{\"@type\":\"ListItem\",\"position\":1,\"name\":\"In\u00edcio\",\"item\":\"https:\/\/jornalfatosenoticias.com.br\/\"},{\"@type\":\"ListItem\",\"position\":2,\"name\":\"Defesas podem usar voto de Fux para pedir anula\u00e7\u00e3o de julgamento e recorrer a \u00f3rg\u00e3os internacionais\"}]},{\"@type\":\"WebSite\",\"@id\":\"https:\/\/jornalfatosenoticias.com.br\/#website\",\"url\":\"https:\/\/jornalfatosenoticias.com.br\/\",\"name\":\"Jornal Fatos e Not\u00edcias\",\"description\":\"Not\u00edcias em geral\",\"publisher\":{\"@id\":\"https:\/\/jornalfatosenoticias.com.br\/#organization\"},\"potentialAction\":[{\"@type\":\"SearchAction\",\"target\":{\"@type\":\"EntryPoint\",\"urlTemplate\":\"https:\/\/jornalfatosenoticias.com.br\/?s={search_term_string}\"},\"query-input\":{\"@type\":\"PropertyValueSpecification\",\"valueRequired\":true,\"valueName\":\"search_term_string\"}}],\"inLanguage\":\"pt-BR\"},{\"@type\":\"Organization\",\"@id\":\"https:\/\/jornalfatosenoticias.com.br\/#organization\",\"name\":\"Jornal Fatos e Not\u00edcias\",\"url\":\"https:\/\/jornalfatosenoticias.com.br\/\",\"logo\":{\"@type\":\"ImageObject\",\"inLanguage\":\"pt-BR\",\"@id\":\"https:\/\/jornalfatosenoticias.com.br\/#\/schema\/logo\/image\/\",\"url\":\"https:\/\/jornalfatosenoticias.com.br\/wp-content\/uploads\/2020\/02\/logo120.png\",\"contentUrl\":\"https:\/\/jornalfatosenoticias.com.br\/wp-content\/uploads\/2020\/02\/logo120.png\",\"width\":1227,\"height\":120,\"caption\":\"Jornal Fatos e Not\u00edcias\"},\"image\":{\"@id\":\"https:\/\/jornalfatosenoticias.com.br\/#\/schema\/logo\/image\/\"}},{\"@type\":\"Person\",\"@id\":\"https:\/\/jornalfatosenoticias.com.br\/#\/schema\/person\/05c46cc25b42a5c27e004fb0fa6b4965\",\"name\":\"Haroldo Filho\",\"image\":{\"@type\":\"ImageObject\",\"inLanguage\":\"pt-BR\",\"@id\":\"https:\/\/jornalfatosenoticias.com.br\/#\/schema\/person\/image\/\",\"url\":\"https:\/\/jornalfatosenoticias.com.br\/wp-content\/uploads\/2025\/08\/WhatsApp-Image-2025-08-18-at-15.30.28-150x150.jpeg\",\"contentUrl\":\"https:\/\/jornalfatosenoticias.com.br\/wp-content\/uploads\/2025\/08\/WhatsApp-Image-2025-08-18-at-15.30.28-150x150.jpeg\",\"caption\":\"Haroldo Filho\"},\"description\":\"Jornalista \u2013 DRT: 0003818\/ES Coordenador-geral da ONG Educar para Crescer\",\"url\":\"https:\/\/jornalfatosenoticias.com.br\/index.php\/author\/haroldo\/\"}]}<\/script>\n<!-- \/ Yoast SEO plugin. -->","yoast_head_json":{"title":"Defesas podem usar voto de Fux para pedir anula\u00e7\u00e3o de julgamento e recorrer a \u00f3rg\u00e3os internacionais - Jornal Fatos e Not\u00edcias","robots":{"index":"index","follow":"follow","max-snippet":"max-snippet:-1","max-image-preview":"max-image-preview:large","max-video-preview":"max-video-preview:-1"},"canonical":"https:\/\/jornalfatosenoticias.com.br\/index.php\/2025\/09\/12\/defesas-podem-usar-voto-de-fux-para-pedir-anulacao-de-julgamento-e-recorrer-a-orgaos-internacionais\/","og_locale":"pt_BR","og_type":"article","og_title":"Defesas podem usar voto de Fux para pedir anula\u00e7\u00e3o de julgamento e recorrer a \u00f3rg\u00e3os internacionais - Jornal Fatos e Not\u00edcias","og_description":"Em voto, Fux abordou desde a incompet\u00eancia do STF para julgar at\u00e9 a falta de provas contra acusados Por Juliet Manfrin O voto do ministro Luiz Fux&nbsp;em julgamento da Primeira Turma do Supremo Tribunal Federal (STF), na quarta-feira (10), abriu pontos importantes de diverg\u00eancia que podem ser usados pelas defesas do ex-presidente Jair Bolsonaro (PL) [&hellip;]","og_url":"https:\/\/jornalfatosenoticias.com.br\/index.php\/2025\/09\/12\/defesas-podem-usar-voto-de-fux-para-pedir-anulacao-de-julgamento-e-recorrer-a-orgaos-internacionais\/","og_site_name":"Jornal Fatos e Not\u00edcias","article_published_time":"2025-09-12T23:59:49+00:00","article_modified_time":"2025-09-15T14:41:23+00:00","og_image":[{"width":1000,"height":562,"url":"https:\/\/jornalfatosenoticias.com.br\/wp-content\/uploads\/2025\/09\/luiz-fux-stf-bolsonaro.jpg","type":"image\/jpeg"}],"author":"Haroldo Filho","twitter_card":"summary_large_image","twitter_misc":{"Escrito por":"Haroldo Filho","Est. tempo de leitura":"8 minutos"},"schema":{"@context":"https:\/\/schema.org","@graph":[{"@type":"Article","@id":"https:\/\/jornalfatosenoticias.com.br\/index.php\/2025\/09\/12\/defesas-podem-usar-voto-de-fux-para-pedir-anulacao-de-julgamento-e-recorrer-a-orgaos-internacionais\/#article","isPartOf":{"@id":"https:\/\/jornalfatosenoticias.com.br\/index.php\/2025\/09\/12\/defesas-podem-usar-voto-de-fux-para-pedir-anulacao-de-julgamento-e-recorrer-a-orgaos-internacionais\/"},"author":{"name":"Haroldo Filho","@id":"https:\/\/jornalfatosenoticias.com.br\/#\/schema\/person\/05c46cc25b42a5c27e004fb0fa6b4965"},"headline":"Defesas podem usar voto de Fux para pedir anula\u00e7\u00e3o de julgamento e recorrer a \u00f3rg\u00e3os internacionais","datePublished":"2025-09-12T23:59:49+00:00","dateModified":"2025-09-15T14:41:23+00:00","mainEntityOfPage":{"@id":"https:\/\/jornalfatosenoticias.com.br\/index.php\/2025\/09\/12\/defesas-podem-usar-voto-de-fux-para-pedir-anulacao-de-julgamento-e-recorrer-a-orgaos-internacionais\/"},"wordCount":1694,"commentCount":0,"publisher":{"@id":"https:\/\/jornalfatosenoticias.com.br\/#organization"},"image":{"@id":"https:\/\/jornalfatosenoticias.com.br\/index.php\/2025\/09\/12\/defesas-podem-usar-voto-de-fux-para-pedir-anulacao-de-julgamento-e-recorrer-a-orgaos-internacionais\/#primaryimage"},"thumbnailUrl":"https:\/\/jornalfatosenoticias.com.br\/wp-content\/uploads\/2025\/09\/luiz-fux-stf-bolsonaro.jpg","keywords":["acusados","anistia dos condenados pelo 8 de Janeiro","anula\u00e7\u00e3o de julgamento","Bolsonaro condenado","Luiz Fux","\u00f3rg\u00e3os internacionais","Primeira Turma do STF","r\u00e9us","suposta tentativa de golpe de Estado"],"articleSection":["Geral"],"inLanguage":"pt-BR","potentialAction":[{"@type":"CommentAction","name":"Comment","target":["https:\/\/jornalfatosenoticias.com.br\/index.php\/2025\/09\/12\/defesas-podem-usar-voto-de-fux-para-pedir-anulacao-de-julgamento-e-recorrer-a-orgaos-internacionais\/#respond"]}]},{"@type":"WebPage","@id":"https:\/\/jornalfatosenoticias.com.br\/index.php\/2025\/09\/12\/defesas-podem-usar-voto-de-fux-para-pedir-anulacao-de-julgamento-e-recorrer-a-orgaos-internacionais\/","url":"https:\/\/jornalfatosenoticias.com.br\/index.php\/2025\/09\/12\/defesas-podem-usar-voto-de-fux-para-pedir-anulacao-de-julgamento-e-recorrer-a-orgaos-internacionais\/","name":"Defesas podem usar voto de Fux para pedir anula\u00e7\u00e3o de julgamento e recorrer a \u00f3rg\u00e3os internacionais - Jornal Fatos e Not\u00edcias","isPartOf":{"@id":"https:\/\/jornalfatosenoticias.com.br\/#website"},"primaryImageOfPage":{"@id":"https:\/\/jornalfatosenoticias.com.br\/index.php\/2025\/09\/12\/defesas-podem-usar-voto-de-fux-para-pedir-anulacao-de-julgamento-e-recorrer-a-orgaos-internacionais\/#primaryimage"},"image":{"@id":"https:\/\/jornalfatosenoticias.com.br\/index.php\/2025\/09\/12\/defesas-podem-usar-voto-de-fux-para-pedir-anulacao-de-julgamento-e-recorrer-a-orgaos-internacionais\/#primaryimage"},"thumbnailUrl":"https:\/\/jornalfatosenoticias.com.br\/wp-content\/uploads\/2025\/09\/luiz-fux-stf-bolsonaro.jpg","datePublished":"2025-09-12T23:59:49+00:00","dateModified":"2025-09-15T14:41:23+00:00","breadcrumb":{"@id":"https:\/\/jornalfatosenoticias.com.br\/index.php\/2025\/09\/12\/defesas-podem-usar-voto-de-fux-para-pedir-anulacao-de-julgamento-e-recorrer-a-orgaos-internacionais\/#breadcrumb"},"inLanguage":"pt-BR","potentialAction":[{"@type":"ReadAction","target":["https:\/\/jornalfatosenoticias.com.br\/index.php\/2025\/09\/12\/defesas-podem-usar-voto-de-fux-para-pedir-anulacao-de-julgamento-e-recorrer-a-orgaos-internacionais\/"]}]},{"@type":"ImageObject","inLanguage":"pt-BR","@id":"https:\/\/jornalfatosenoticias.com.br\/index.php\/2025\/09\/12\/defesas-podem-usar-voto-de-fux-para-pedir-anulacao-de-julgamento-e-recorrer-a-orgaos-internacionais\/#primaryimage","url":"https:\/\/jornalfatosenoticias.com.br\/wp-content\/uploads\/2025\/09\/luiz-fux-stf-bolsonaro.jpg","contentUrl":"https:\/\/jornalfatosenoticias.com.br\/wp-content\/uploads\/2025\/09\/luiz-fux-stf-bolsonaro.jpg","width":1000,"height":562},{"@type":"BreadcrumbList","@id":"https:\/\/jornalfatosenoticias.com.br\/index.php\/2025\/09\/12\/defesas-podem-usar-voto-de-fux-para-pedir-anulacao-de-julgamento-e-recorrer-a-orgaos-internacionais\/#breadcrumb","itemListElement":[{"@type":"ListItem","position":1,"name":"In\u00edcio","item":"https:\/\/jornalfatosenoticias.com.br\/"},{"@type":"ListItem","position":2,"name":"Defesas podem usar voto de Fux para pedir anula\u00e7\u00e3o de julgamento e recorrer a \u00f3rg\u00e3os internacionais"}]},{"@type":"WebSite","@id":"https:\/\/jornalfatosenoticias.com.br\/#website","url":"https:\/\/jornalfatosenoticias.com.br\/","name":"Jornal Fatos e Not\u00edcias","description":"Not\u00edcias em geral","publisher":{"@id":"https:\/\/jornalfatosenoticias.com.br\/#organization"},"potentialAction":[{"@type":"SearchAction","target":{"@type":"EntryPoint","urlTemplate":"https:\/\/jornalfatosenoticias.com.br\/?s={search_term_string}"},"query-input":{"@type":"PropertyValueSpecification","valueRequired":true,"valueName":"search_term_string"}}],"inLanguage":"pt-BR"},{"@type":"Organization","@id":"https:\/\/jornalfatosenoticias.com.br\/#organization","name":"Jornal Fatos e Not\u00edcias","url":"https:\/\/jornalfatosenoticias.com.br\/","logo":{"@type":"ImageObject","inLanguage":"pt-BR","@id":"https:\/\/jornalfatosenoticias.com.br\/#\/schema\/logo\/image\/","url":"https:\/\/jornalfatosenoticias.com.br\/wp-content\/uploads\/2020\/02\/logo120.png","contentUrl":"https:\/\/jornalfatosenoticias.com.br\/wp-content\/uploads\/2020\/02\/logo120.png","width":1227,"height":120,"caption":"Jornal Fatos e Not\u00edcias"},"image":{"@id":"https:\/\/jornalfatosenoticias.com.br\/#\/schema\/logo\/image\/"}},{"@type":"Person","@id":"https:\/\/jornalfatosenoticias.com.br\/#\/schema\/person\/05c46cc25b42a5c27e004fb0fa6b4965","name":"Haroldo Filho","image":{"@type":"ImageObject","inLanguage":"pt-BR","@id":"https:\/\/jornalfatosenoticias.com.br\/#\/schema\/person\/image\/","url":"https:\/\/jornalfatosenoticias.com.br\/wp-content\/uploads\/2025\/08\/WhatsApp-Image-2025-08-18-at-15.30.28-150x150.jpeg","contentUrl":"https:\/\/jornalfatosenoticias.com.br\/wp-content\/uploads\/2025\/08\/WhatsApp-Image-2025-08-18-at-15.30.28-150x150.jpeg","caption":"Haroldo Filho"},"description":"Jornalista \u2013 DRT: 0003818\/ES Coordenador-geral da ONG Educar para Crescer","url":"https:\/\/jornalfatosenoticias.com.br\/index.php\/author\/haroldo\/"}]}},"cc_featured_image_caption":{"caption_text":"(Foto: Fellipe Sampaio\/STF) ","source_text":"","source_url":""},"jetpack_featured_media_url":"https:\/\/jornalfatosenoticias.com.br\/wp-content\/uploads\/2025\/09\/luiz-fux-stf-bolsonaro.jpg","_links":{"self":[{"href":"https:\/\/jornalfatosenoticias.com.br\/index.php\/wp-json\/wp\/v2\/posts\/61856","targetHints":{"allow":["GET"]}}],"collection":[{"href":"https:\/\/jornalfatosenoticias.com.br\/index.php\/wp-json\/wp\/v2\/posts"}],"about":[{"href":"https:\/\/jornalfatosenoticias.com.br\/index.php\/wp-json\/wp\/v2\/types\/post"}],"author":[{"embeddable":true,"href":"https:\/\/jornalfatosenoticias.com.br\/index.php\/wp-json\/wp\/v2\/users\/3"}],"replies":[{"embeddable":true,"href":"https:\/\/jornalfatosenoticias.com.br\/index.php\/wp-json\/wp\/v2\/comments?post=61856"}],"version-history":[{"count":0,"href":"https:\/\/jornalfatosenoticias.com.br\/index.php\/wp-json\/wp\/v2\/posts\/61856\/revisions"}],"wp:featuredmedia":[{"embeddable":true,"href":"https:\/\/jornalfatosenoticias.com.br\/index.php\/wp-json\/wp\/v2\/media\/61857"}],"wp:attachment":[{"href":"https:\/\/jornalfatosenoticias.com.br\/index.php\/wp-json\/wp\/v2\/media?parent=61856"}],"wp:term":[{"taxonomy":"category","embeddable":true,"href":"https:\/\/jornalfatosenoticias.com.br\/index.php\/wp-json\/wp\/v2\/categories?post=61856"},{"taxonomy":"post_tag","embeddable":true,"href":"https:\/\/jornalfatosenoticias.com.br\/index.php\/wp-json\/wp\/v2\/tags?post=61856"}],"curies":[{"name":"wp","href":"https:\/\/api.w.org\/{rel}","templated":true}]}}