{"id":61875,"date":"2025-09-15T12:13:18","date_gmt":"2025-09-15T15:13:18","guid":{"rendered":"https:\/\/jornalfatosenoticias.com.br\/?p=61875"},"modified":"2025-09-15T12:13:20","modified_gmt":"2025-09-15T15:13:20","slug":"pt-mira-ataque-a-tarcisio-de-freitas-em-propaganda-contra-tarifaco-e-privatizacoes","status":"publish","type":"post","link":"https:\/\/jornalfatosenoticias.com.br\/index.php\/2025\/09\/15\/pt-mira-ataque-a-tarcisio-de-freitas-em-propaganda-contra-tarifaco-e-privatizacoes\/","title":{"rendered":"PT mira ataque a Tarc\u00edsio de Freitas em propaganda contra tarifa\u00e7o e privatiza\u00e7\u00f5es"},"content":{"rendered":"\n<p><span class=\"has-inline-color has-black-color\"><em>PT resgatou v\u00eddeo de Tarc\u00edsio com bon\u00e9 de Trump para atacar governador<\/em><\/span><\/p>\n\n\n\n<p><span class=\"has-inline-color has-black-color\">Por <strong><a href=\"https:\/\/www.gazetadopovo.com.br\/autor\/rafael-fantin\/\">Rafael Fantin<\/a><\/strong><\/span><\/p>\n\n\n\n<div class=\"wp-block-image\"><figure class=\"aligncenter size-large\"><a href=\"https:\/\/www.instagram.com\/rcradiadores\/\"><img loading=\"lazy\" decoding=\"async\" width=\"560\" height=\"60\" src=\"https:\/\/jornalfatosenoticias.com.br\/wp-content\/uploads\/2022\/10\/Propaganda-RC-Radiadores-Jornal_page-0001.jpg\" alt=\"\" class=\"wp-image-35270\" srcset=\"https:\/\/jornalfatosenoticias.com.br\/wp-content\/uploads\/2022\/10\/Propaganda-RC-Radiadores-Jornal_page-0001.jpg 560w, https:\/\/jornalfatosenoticias.com.br\/wp-content\/uploads\/2022\/10\/Propaganda-RC-Radiadores-Jornal_page-0001-300x32.jpg 300w\" sizes=\"auto, (max-width: 560px) 100vw, 560px\" \/><\/a><\/figure><\/div>\n\n\n\n<p>O Partido dos Trabalhadores (PT) lan\u00e7ou uma propaganda, na \u00faltima quarta-feira (10), contra o governador de S\u00e3o Paulo, Tarc\u00edsio de Freitas (Republicanos), no espa\u00e7o reservado \u00e0 sigla na televis\u00e3o. Em vez de utilizar o material nacional focado na gest\u00e3o Lula, o conte\u00fado petista para o p\u00fablico paulista mira Tarc\u00edsio ap\u00f3s o governador de S\u00e3o Paulo subir o tom contra o Supremo Tribunal Federal (STF) durante o julgamento do ex-presidente Jair Bolsonaro (PL).<br>A preocupa\u00e7\u00e3o do PT \u00e9 que, <a href=\"https:\/\/www.gazetadopovo.com.br\/sao-paulo\/tarcisio-negocia-anistia-lula-perde-forca-julgamento-de-bolsonaro\/\" target=\"_blank\" rel=\"noreferrer noopener\">ao articular a anistia<\/a> dos envolvidos nos atos de 8 de janeiro de 2023, Tarc\u00edsio passe a figurar como protagonista da direita brasileira e assuma o papel de \u201cherdeiro pol\u00edtico\u201d dos votos de Bolsonaro, o que coloca o governador paulista como potencial opositor \u00e0 reelei\u00e7\u00e3o de Lula no pr\u00f3ximo ano.<\/p>\n\n\n\n<div class=\"wp-block-image\"><figure class=\"aligncenter size-large is-resized\"><a href=\"https:\/\/www.instagram.com\/esteio.churrascaria\/\"><img loading=\"lazy\" decoding=\"async\" src=\"https:\/\/jornalfatosenoticias.com.br\/wp-content\/uploads\/2022\/02\/LOGO-ESTEIO-1024x730.png\" alt=\"\" class=\"wp-image-27942\" width=\"304\" height=\"217\" srcset=\"https:\/\/jornalfatosenoticias.com.br\/wp-content\/uploads\/2022\/02\/LOGO-ESTEIO-1024x730.png 1024w, https:\/\/jornalfatosenoticias.com.br\/wp-content\/uploads\/2022\/02\/LOGO-ESTEIO-300x214.png 300w, https:\/\/jornalfatosenoticias.com.br\/wp-content\/uploads\/2022\/02\/LOGO-ESTEIO-768x548.png 768w, https:\/\/jornalfatosenoticias.com.br\/wp-content\/uploads\/2022\/02\/LOGO-ESTEIO.png 1123w\" sizes=\"auto, (max-width: 304px) 100vw, 304px\" \/><\/a><\/figure><\/div>\n\n\n\n<p>A propaganda petista resgata a pol\u00eamica que integrantes do partido de Lula tentaram encampar, envolvendo Tarc\u00edsio de Freitas, ap\u00f3s o an\u00fancio do tarifa\u00e7o pelo presidente norte-americano Donald Trump, que taxou parte das exporta\u00e7\u00f5es brasileiras aos Estados Unidos em 50%. Em julho, o <a href=\"https:\/\/www.gazetadopovo.com.br\/sao-paulo\/tarcisio-alvo-prioritario-pt-apos-taxacao-de-trump-ao-brasil\/\" target=\"_blank\" rel=\"noreferrer noopener\">governador entrou na mira da esquerda<\/a> por causa de um v\u00eddeo publicado no in\u00edcio do ano, quando ele apareceu nas redes sociais com o bon\u00e9 da campanha \u201cMake America Great Again\u201d, no dia da posse do republicano na Casa Branca.<\/p>\n\n\n\n<div class=\"wp-block-image\"><figure class=\"aligncenter size-large is-resized\"><a href=\"https:\/\/www.instagram.com\/gruposei\/\"><img loading=\"lazy\" decoding=\"async\" src=\"https:\/\/jornalfatosenoticias.com.br\/wp-content\/uploads\/2022\/07\/Logo-Grupo-SEI.jpg\" alt=\"\" class=\"wp-image-31973\" width=\"362\" height=\"190\" srcset=\"https:\/\/jornalfatosenoticias.com.br\/wp-content\/uploads\/2022\/07\/Logo-Grupo-SEI.jpg 713w, https:\/\/jornalfatosenoticias.com.br\/wp-content\/uploads\/2022\/07\/Logo-Grupo-SEI-300x158.jpg 300w\" sizes=\"auto, (max-width: 362px) 100vw, 362px\" \/><\/a><\/figure><\/div>\n\n\n\n<p>\u201cEst\u00e1 na cabe\u00e7a e no seu dia a dia. O governo de S\u00e3o Paulo est\u00e1 do lado do Trump e dos bilion\u00e1rios\u201d, diz a propaganda do PT. A economia paulista foi uma das mais prejudicadas no pa\u00eds por liderar a parceria comercial com os Estados Unidos e o impasse levou Tarc\u00edsio a se reunir com o embaixador norte-americano e lan\u00e7ar uma <a href=\"https:\/\/www.gazetadopovo.com.br\/brasil\/estados-articulam-estrategias-para-proteger-economia-tarifaco-trump\/\" target=\"_blank\" rel=\"noreferrer noopener\">linha de cr\u00e9dito para o setor produtivo.<\/a><\/p>\n\n\n\n<div class=\"wp-block-image\"><figure class=\"aligncenter size-large\"><a href=\"https:\/\/www.cesconetto.com.br\/\"><img loading=\"lazy\" decoding=\"async\" width=\"300\" height=\"250\" src=\"https:\/\/jornalfatosenoticias.com.br\/wp-content\/uploads\/2022\/02\/Banner-2.png\" alt=\"\" class=\"wp-image-27877\"\/><\/a><\/figure><\/div>\n\n\n\n<p>Al\u00e9m disso, a propaganda do PT critica a pol\u00edtica de privatiza\u00e7\u00f5es na gest\u00e3o do governador do Republicanos, citando as concess\u00f5es rodovi\u00e1rias e a desestatiza\u00e7\u00e3o da Companhia de Saneamento B\u00e1sico do Estado de S\u00e3o Paulo (<a href=\"https:\/\/www.gazetadopovo.com.br\/tudo-sobre\/sabesp\/\" target=\"_blank\" rel=\"noreferrer noopener\">Sabesp<\/a>). \u201cOlha a\u00ed o ped\u00e1gio mais caro do pa\u00eds. O direito de ir e vir ficou mais dif\u00edcil. [\u2026] Na Sabesp, a conta aumentou e chega em dia. J\u00e1 a \u00e1gua, nem sempre\u201d, dispara a publicidade petista.<\/p>\n\n\n\n<div class=\"wp-block-image\"><figure class=\"aligncenter size-large is-resized\"><a href=\"https:\/\/www.instagram.com\/restaurantepegoretti\/\"><img loading=\"lazy\" decoding=\"async\" src=\"https:\/\/jornalfatosenoticias.com.br\/wp-content\/uploads\/2023\/12\/pegoretti-logo-pdf-1024x389.jpg\" alt=\"\" class=\"wp-image-47536\" width=\"501\" height=\"190\" srcset=\"https:\/\/jornalfatosenoticias.com.br\/wp-content\/uploads\/2023\/12\/pegoretti-logo-pdf-1024x389.jpg 1024w, https:\/\/jornalfatosenoticias.com.br\/wp-content\/uploads\/2023\/12\/pegoretti-logo-pdf-300x114.jpg 300w, https:\/\/jornalfatosenoticias.com.br\/wp-content\/uploads\/2023\/12\/pegoretti-logo-pdf-768x291.jpg 768w, https:\/\/jornalfatosenoticias.com.br\/wp-content\/uploads\/2023\/12\/pegoretti-logo-pdf.jpg 1120w\" sizes=\"auto, (max-width: 501px) 100vw, 501px\" \/><\/a><\/figure><\/div>\n\n\n\n<p><strong><span class=\"has-inline-color has-black-color\">Propaganda do PT evidencia preocupa\u00e7\u00e3o com convite de Bolsonaro a Tarc\u00edsio<br><\/span><\/strong>Segundo interlocutores do governo de S\u00e3o Paulo, o Pal\u00e1cio dos Bandeirantes (sede do Executivo paulista) avalia que o PT escancara a preocupa\u00e7\u00e3o com a ascens\u00e3o pol\u00edtica de Tarc\u00edsio de Freitas ao usar o espa\u00e7o na TV para atac\u00e1-lo. Al\u00e9m disso, os ataques antecipados teriam como objetivo influenciar a escolha do nome da direita para 2026 ou fazer Tarc\u00edsio recuar da posi\u00e7\u00e3o, se fosse convidado por Bolsonaro para disputar a elei\u00e7\u00e3o presidencial.<\/p>\n\n\n\n<div class=\"wp-block-image\"><figure class=\"aligncenter size-large\"><a href=\"http:\/\/www.ferrarimaquinas.com.br\/\"><img loading=\"lazy\" decoding=\"async\" width=\"300\" height=\"250\" src=\"https:\/\/jornalfatosenoticias.com.br\/wp-content\/uploads\/2022\/02\/FERRARI_MAQUINAS-E-FERRAMENTAS2.jpg\" alt=\"\" class=\"wp-image-27860\"\/><\/a><\/figure><\/div>\n\n\n\n<p>O governador de S\u00e3o Paulo nega a inten\u00e7\u00e3o de concorrer \u00e0 Presid\u00eancia da Rep\u00fablica em 2026, com foco na reelei\u00e7\u00e3o estadual. No entanto, os principais <a href=\"https:\/\/www.gazetadopovo.com.br\/republica\/caciques-partidarios-ditam-o-rumo-dos-governadores-de-centro-direita-na-corrida-presidencial-de-2026\/\" target=\"_blank\" rel=\"noreferrer noopener\">caciques dos partidos de centro-direita consideram Tarc\u00edsio<\/a> como um nome que pode aglutinar uma frente ampla em oposi\u00e7\u00e3o ao governo Lula.<\/p>\n\n\n\n<div class=\"wp-block-image\"><figure class=\"aligncenter size-large is-resized\"><a href=\"https:\/\/www.facebook.com\/vetor.vix\/\"><img loading=\"lazy\" decoding=\"async\" src=\"https:\/\/jornalfatosenoticias.com.br\/wp-content\/uploads\/2023\/09\/vetorvix1024_1.jpg\" alt=\"\" class=\"wp-image-44868\" width=\"531\" height=\"141\" srcset=\"https:\/\/jornalfatosenoticias.com.br\/wp-content\/uploads\/2023\/09\/vetorvix1024_1.jpg 1024w, https:\/\/jornalfatosenoticias.com.br\/wp-content\/uploads\/2023\/09\/vetorvix1024_1-300x80.jpg 300w, https:\/\/jornalfatosenoticias.com.br\/wp-content\/uploads\/2023\/09\/vetorvix1024_1-768x205.jpg 768w\" sizes=\"auto, (max-width: 531px) 100vw, 531px\" \/><\/a><\/figure><\/div>\n\n\n\n<p>Em entrevista ao UOL, o ex-ministro petista Jos\u00e9 Dirceu j\u00e1 havia minimizado o protagonismo do governador na direita brasileira ao compar\u00e1-lo a uma \u201cfic\u00e7\u00e3o\u201d, que na opini\u00e3o de Dirceu precisa do apoio de Bolsonaro pela falta de for\u00e7a pol\u00edtica pr\u00f3pria.<\/p>\n\n\n\n<div class=\"wp-block-image\"><figure class=\"aligncenter size-large is-resized\"><a href=\"https:\/\/www.facebook.com\/postobkr\/?locale=pt_BR\"><img loading=\"lazy\" decoding=\"async\" src=\"https:\/\/jornalfatosenoticias.com.br\/wp-content\/uploads\/2023\/08\/BKR-1024x1021.jpg\" alt=\"\" class=\"wp-image-44494\" width=\"279\" height=\"278\" srcset=\"https:\/\/jornalfatosenoticias.com.br\/wp-content\/uploads\/2023\/08\/BKR-1024x1021.jpg 1024w, https:\/\/jornalfatosenoticias.com.br\/wp-content\/uploads\/2023\/08\/BKR-300x300.jpg 300w, https:\/\/jornalfatosenoticias.com.br\/wp-content\/uploads\/2023\/08\/BKR-150x150.jpg 150w, https:\/\/jornalfatosenoticias.com.br\/wp-content\/uploads\/2023\/08\/BKR-768x766.jpg 768w, https:\/\/jornalfatosenoticias.com.br\/wp-content\/uploads\/2023\/08\/BKR.jpg 1080w\" sizes=\"auto, (max-width: 279px) 100vw, 279px\" \/><\/a><\/figure><\/div>\n\n\n\n<p>Para um aliado pr\u00f3ximo ao governador paulista, Dirceu ainda busca comparar Tarc\u00edsio com o ministro Fernando Haddad, que em 2018 foi escolhido \u00e0s v\u00e9speras do prazo final de candidaturas para substituir Lula nas urnas por causa da pris\u00e3o do petista durante a opera\u00e7\u00e3o Lava Jato. \u201cIsso n\u00e3o ocorre com Tarc\u00edsio, que \u00e9 governador do estado mais rico da federa\u00e7\u00e3o e j\u00e1 foi ministro. Caso seja convidado por Bolsonaro, ter\u00e1 oportunidade de se apresentar ao Brasil\u201d, comentou.<\/p>\n\n\n\n<div class=\"wp-block-image\"><figure class=\"aligncenter size-large is-resized\"><a href=\"https:\/\/legisjuris.com.br\/\"><img loading=\"lazy\" decoding=\"async\" src=\"https:\/\/jornalfatosenoticias.com.br\/wp-content\/uploads\/2024\/09\/Legis-Juris-Consultoria_logo.jpg\" alt=\"\" class=\"wp-image-53915\" width=\"465\" height=\"195\" srcset=\"https:\/\/jornalfatosenoticias.com.br\/wp-content\/uploads\/2024\/09\/Legis-Juris-Consultoria_logo.jpg 969w, https:\/\/jornalfatosenoticias.com.br\/wp-content\/uploads\/2024\/09\/Legis-Juris-Consultoria_logo-300x126.jpg 300w, https:\/\/jornalfatosenoticias.com.br\/wp-content\/uploads\/2024\/09\/Legis-Juris-Consultoria_logo-768x322.jpg 768w\" sizes=\"auto, (max-width: 465px) 100vw, 465px\" \/><\/a><\/figure><\/div>\n\n\n\n<p><strong>Fonte: <a href=\"https:\/\/www.gazetadopovo.com.br\/sao-paulo\/pt-mira-ataque-tarcisio-de-freitas-propaganda-tarifaco-privatizacoes\/\">Gazeta do Povo<\/a><\/strong><\/p>\n","protected":false},"excerpt":{"rendered":"<p>PT resgatou v\u00eddeo de Tarc\u00edsio com bon\u00e9 de Trump para atacar governador Por Rafael Fantin O Partido dos Trabalhadores (PT) lan\u00e7ou uma propaganda, na \u00faltima quarta-feira (10), contra o governador de S\u00e3o Paulo, Tarc\u00edsio de Freitas (Republicanos), no espa\u00e7o reservado \u00e0 sigla na televis\u00e3o. Em vez de utilizar o material nacional focado na gest\u00e3o Lula, [&hellip;]<\/p>\n","protected":false},"author":2,"featured_media":61876,"comment_status":"open","ping_status":"open","sticky":false,"template":"","format":"standard","meta":{"footnotes":""},"categories":[10],"tags":[4721,1242,3537,1795,7580,13186,305,294,19192],"class_list":["post-61875","post","type-post","status-publish","format-standard","has-post-thumbnail","hentry","category-politica","tag-7-de-setembro","tag-anistia","tag-governadores","tag-jair-bolsonaro","tag-lula","tag-pt","tag-sao-paulo","tag-stf","tag-tarcisio-de-freitas"],"yoast_head":"<!-- This site is optimized with the Yoast SEO plugin v26.5 - https:\/\/yoast.com\/wordpress\/plugins\/seo\/ -->\n<title>PT mira ataque a Tarc\u00edsio de Freitas em propaganda contra tarifa\u00e7o e privatiza\u00e7\u00f5es - Jornal Fatos e Not\u00edcias<\/title>\n<meta name=\"robots\" content=\"index, follow, max-snippet:-1, max-image-preview:large, max-video-preview:-1\" \/>\n<link rel=\"canonical\" href=\"https:\/\/jornalfatosenoticias.com.br\/index.php\/2025\/09\/15\/pt-mira-ataque-a-tarcisio-de-freitas-em-propaganda-contra-tarifaco-e-privatizacoes\/\" \/>\n<meta property=\"og:locale\" content=\"pt_BR\" \/>\n<meta property=\"og:type\" content=\"article\" \/>\n<meta property=\"og:title\" content=\"PT mira ataque a Tarc\u00edsio de Freitas em propaganda contra tarifa\u00e7o e privatiza\u00e7\u00f5es - Jornal Fatos e Not\u00edcias\" \/>\n<meta property=\"og:description\" content=\"PT resgatou v\u00eddeo de Tarc\u00edsio com bon\u00e9 de Trump para atacar governador Por Rafael Fantin O Partido dos Trabalhadores (PT) lan\u00e7ou uma propaganda, na \u00faltima quarta-feira (10), contra o governador de S\u00e3o Paulo, Tarc\u00edsio de Freitas (Republicanos), no espa\u00e7o reservado \u00e0 sigla na televis\u00e3o. Em vez de utilizar o material nacional focado na gest\u00e3o Lula, [&hellip;]\" \/>\n<meta property=\"og:url\" content=\"https:\/\/jornalfatosenoticias.com.br\/index.php\/2025\/09\/15\/pt-mira-ataque-a-tarcisio-de-freitas-em-propaganda-contra-tarifaco-e-privatizacoes\/\" \/>\n<meta property=\"og:site_name\" content=\"Jornal Fatos e Not\u00edcias\" \/>\n<meta property=\"article:published_time\" content=\"2025-09-15T15:13:18+00:00\" \/>\n<meta property=\"article:modified_time\" content=\"2025-09-15T15:13:20+00:00\" \/>\n<meta property=\"og:image\" content=\"https:\/\/jornalfatosenoticias.com.br\/wp-content\/uploads\/2025\/09\/pt-contra-tarcisio.jpg\" \/>\n\t<meta property=\"og:image:width\" content=\"951\" \/>\n\t<meta property=\"og:image:height\" content=\"540\" \/>\n\t<meta property=\"og:image:type\" content=\"image\/jpeg\" \/>\n<meta name=\"author\" content=\"Luzimara Fernandes\" \/>\n<meta name=\"twitter:card\" content=\"summary_large_image\" \/>\n<meta name=\"twitter:label1\" content=\"Escrito por\" \/>\n\t<meta name=\"twitter:data1\" content=\"Luzimara Fernandes\" \/>\n\t<meta name=\"twitter:label2\" content=\"Est. tempo de leitura\" \/>\n\t<meta name=\"twitter:data2\" content=\"3 minutos\" \/>\n<script type=\"application\/ld+json\" class=\"yoast-schema-graph\">{\"@context\":\"https:\/\/schema.org\",\"@graph\":[{\"@type\":\"Article\",\"@id\":\"https:\/\/jornalfatosenoticias.com.br\/index.php\/2025\/09\/15\/pt-mira-ataque-a-tarcisio-de-freitas-em-propaganda-contra-tarifaco-e-privatizacoes\/#article\",\"isPartOf\":{\"@id\":\"https:\/\/jornalfatosenoticias.com.br\/index.php\/2025\/09\/15\/pt-mira-ataque-a-tarcisio-de-freitas-em-propaganda-contra-tarifaco-e-privatizacoes\/\"},\"author\":{\"name\":\"Luzimara Fernandes\",\"@id\":\"https:\/\/jornalfatosenoticias.com.br\/#\/schema\/person\/d63837fa13ac8666eb9e74e0985d6f81\"},\"headline\":\"PT mira ataque a Tarc\u00edsio de Freitas em propaganda contra tarifa\u00e7o e privatiza\u00e7\u00f5es\",\"datePublished\":\"2025-09-15T15:13:18+00:00\",\"dateModified\":\"2025-09-15T15:13:20+00:00\",\"mainEntityOfPage\":{\"@id\":\"https:\/\/jornalfatosenoticias.com.br\/index.php\/2025\/09\/15\/pt-mira-ataque-a-tarcisio-de-freitas-em-propaganda-contra-tarifaco-e-privatizacoes\/\"},\"wordCount\":695,\"commentCount\":0,\"publisher\":{\"@id\":\"https:\/\/jornalfatosenoticias.com.br\/#organization\"},\"image\":{\"@id\":\"https:\/\/jornalfatosenoticias.com.br\/index.php\/2025\/09\/15\/pt-mira-ataque-a-tarcisio-de-freitas-em-propaganda-contra-tarifaco-e-privatizacoes\/#primaryimage\"},\"thumbnailUrl\":\"https:\/\/jornalfatosenoticias.com.br\/wp-content\/uploads\/2025\/09\/pt-contra-tarcisio.jpg\",\"keywords\":[\"7 de Setembro\",\"anistia\",\"governadores\",\"Jair Bolsonaro\",\"Lula\",\"PT\",\"S\u00e3o Paulo\",\"STF\",\"Tarc\u00edsio de Freitas\"],\"articleSection\":[\"Pol\u00edtica\"],\"inLanguage\":\"pt-BR\",\"potentialAction\":[{\"@type\":\"CommentAction\",\"name\":\"Comment\",\"target\":[\"https:\/\/jornalfatosenoticias.com.br\/index.php\/2025\/09\/15\/pt-mira-ataque-a-tarcisio-de-freitas-em-propaganda-contra-tarifaco-e-privatizacoes\/#respond\"]}]},{\"@type\":\"WebPage\",\"@id\":\"https:\/\/jornalfatosenoticias.com.br\/index.php\/2025\/09\/15\/pt-mira-ataque-a-tarcisio-de-freitas-em-propaganda-contra-tarifaco-e-privatizacoes\/\",\"url\":\"https:\/\/jornalfatosenoticias.com.br\/index.php\/2025\/09\/15\/pt-mira-ataque-a-tarcisio-de-freitas-em-propaganda-contra-tarifaco-e-privatizacoes\/\",\"name\":\"PT mira ataque a Tarc\u00edsio de Freitas em propaganda contra tarifa\u00e7o e privatiza\u00e7\u00f5es - Jornal Fatos e Not\u00edcias\",\"isPartOf\":{\"@id\":\"https:\/\/jornalfatosenoticias.com.br\/#website\"},\"primaryImageOfPage\":{\"@id\":\"https:\/\/jornalfatosenoticias.com.br\/index.php\/2025\/09\/15\/pt-mira-ataque-a-tarcisio-de-freitas-em-propaganda-contra-tarifaco-e-privatizacoes\/#primaryimage\"},\"image\":{\"@id\":\"https:\/\/jornalfatosenoticias.com.br\/index.php\/2025\/09\/15\/pt-mira-ataque-a-tarcisio-de-freitas-em-propaganda-contra-tarifaco-e-privatizacoes\/#primaryimage\"},\"thumbnailUrl\":\"https:\/\/jornalfatosenoticias.com.br\/wp-content\/uploads\/2025\/09\/pt-contra-tarcisio.jpg\",\"datePublished\":\"2025-09-15T15:13:18+00:00\",\"dateModified\":\"2025-09-15T15:13:20+00:00\",\"breadcrumb\":{\"@id\":\"https:\/\/jornalfatosenoticias.com.br\/index.php\/2025\/09\/15\/pt-mira-ataque-a-tarcisio-de-freitas-em-propaganda-contra-tarifaco-e-privatizacoes\/#breadcrumb\"},\"inLanguage\":\"pt-BR\",\"potentialAction\":[{\"@type\":\"ReadAction\",\"target\":[\"https:\/\/jornalfatosenoticias.com.br\/index.php\/2025\/09\/15\/pt-mira-ataque-a-tarcisio-de-freitas-em-propaganda-contra-tarifaco-e-privatizacoes\/\"]}]},{\"@type\":\"ImageObject\",\"inLanguage\":\"pt-BR\",\"@id\":\"https:\/\/jornalfatosenoticias.com.br\/index.php\/2025\/09\/15\/pt-mira-ataque-a-tarcisio-de-freitas-em-propaganda-contra-tarifaco-e-privatizacoes\/#primaryimage\",\"url\":\"https:\/\/jornalfatosenoticias.com.br\/wp-content\/uploads\/2025\/09\/pt-contra-tarcisio.jpg\",\"contentUrl\":\"https:\/\/jornalfatosenoticias.com.br\/wp-content\/uploads\/2025\/09\/pt-contra-tarcisio.jpg\",\"width\":951,\"height\":540},{\"@type\":\"BreadcrumbList\",\"@id\":\"https:\/\/jornalfatosenoticias.com.br\/index.php\/2025\/09\/15\/pt-mira-ataque-a-tarcisio-de-freitas-em-propaganda-contra-tarifaco-e-privatizacoes\/#breadcrumb\",\"itemListElement\":[{\"@type\":\"ListItem\",\"position\":1,\"name\":\"In\u00edcio\",\"item\":\"https:\/\/jornalfatosenoticias.com.br\/\"},{\"@type\":\"ListItem\",\"position\":2,\"name\":\"PT mira ataque a Tarc\u00edsio de Freitas em propaganda contra tarifa\u00e7o e privatiza\u00e7\u00f5es\"}]},{\"@type\":\"WebSite\",\"@id\":\"https:\/\/jornalfatosenoticias.com.br\/#website\",\"url\":\"https:\/\/jornalfatosenoticias.com.br\/\",\"name\":\"Jornal Fatos e Not\u00edcias\",\"description\":\"Not\u00edcias em geral\",\"publisher\":{\"@id\":\"https:\/\/jornalfatosenoticias.com.br\/#organization\"},\"potentialAction\":[{\"@type\":\"SearchAction\",\"target\":{\"@type\":\"EntryPoint\",\"urlTemplate\":\"https:\/\/jornalfatosenoticias.com.br\/?s={search_term_string}\"},\"query-input\":{\"@type\":\"PropertyValueSpecification\",\"valueRequired\":true,\"valueName\":\"search_term_string\"}}],\"inLanguage\":\"pt-BR\"},{\"@type\":\"Organization\",\"@id\":\"https:\/\/jornalfatosenoticias.com.br\/#organization\",\"name\":\"Jornal Fatos e Not\u00edcias\",\"url\":\"https:\/\/jornalfatosenoticias.com.br\/\",\"logo\":{\"@type\":\"ImageObject\",\"inLanguage\":\"pt-BR\",\"@id\":\"https:\/\/jornalfatosenoticias.com.br\/#\/schema\/logo\/image\/\",\"url\":\"https:\/\/jornalfatosenoticias.com.br\/wp-content\/uploads\/2020\/02\/logo120.png\",\"contentUrl\":\"https:\/\/jornalfatosenoticias.com.br\/wp-content\/uploads\/2020\/02\/logo120.png\",\"width\":1227,\"height\":120,\"caption\":\"Jornal Fatos e Not\u00edcias\"},\"image\":{\"@id\":\"https:\/\/jornalfatosenoticias.com.br\/#\/schema\/logo\/image\/\"}},{\"@type\":\"Person\",\"@id\":\"https:\/\/jornalfatosenoticias.com.br\/#\/schema\/person\/d63837fa13ac8666eb9e74e0985d6f81\",\"name\":\"Luzimara Fernandes\",\"image\":{\"@type\":\"ImageObject\",\"inLanguage\":\"pt-BR\",\"@id\":\"https:\/\/jornalfatosenoticias.com.br\/#\/schema\/person\/image\/\",\"url\":\"https:\/\/jornalfatosenoticias.com.br\/wp-content\/uploads\/2025\/05\/EU_portal.jpg\",\"contentUrl\":\"https:\/\/jornalfatosenoticias.com.br\/wp-content\/uploads\/2025\/05\/EU_portal.jpg\",\"caption\":\"Luzimara Fernandes\"},\"description\":\"Jornalista MTB 2358-ES\",\"sameAs\":[\"https:\/\/jornalfatosenoticias.com.br\"],\"url\":\"https:\/\/jornalfatosenoticias.com.br\/index.php\/author\/luzimara\/\"}]}<\/script>\n<!-- \/ Yoast SEO plugin. -->","yoast_head_json":{"title":"PT mira ataque a Tarc\u00edsio de Freitas em propaganda contra tarifa\u00e7o e privatiza\u00e7\u00f5es - Jornal Fatos e Not\u00edcias","robots":{"index":"index","follow":"follow","max-snippet":"max-snippet:-1","max-image-preview":"max-image-preview:large","max-video-preview":"max-video-preview:-1"},"canonical":"https:\/\/jornalfatosenoticias.com.br\/index.php\/2025\/09\/15\/pt-mira-ataque-a-tarcisio-de-freitas-em-propaganda-contra-tarifaco-e-privatizacoes\/","og_locale":"pt_BR","og_type":"article","og_title":"PT mira ataque a Tarc\u00edsio de Freitas em propaganda contra tarifa\u00e7o e privatiza\u00e7\u00f5es - Jornal Fatos e Not\u00edcias","og_description":"PT resgatou v\u00eddeo de Tarc\u00edsio com bon\u00e9 de Trump para atacar governador Por Rafael Fantin O Partido dos Trabalhadores (PT) lan\u00e7ou uma propaganda, na \u00faltima quarta-feira (10), contra o governador de S\u00e3o Paulo, Tarc\u00edsio de Freitas (Republicanos), no espa\u00e7o reservado \u00e0 sigla na televis\u00e3o. Em vez de utilizar o material nacional focado na gest\u00e3o Lula, [&hellip;]","og_url":"https:\/\/jornalfatosenoticias.com.br\/index.php\/2025\/09\/15\/pt-mira-ataque-a-tarcisio-de-freitas-em-propaganda-contra-tarifaco-e-privatizacoes\/","og_site_name":"Jornal Fatos e Not\u00edcias","article_published_time":"2025-09-15T15:13:18+00:00","article_modified_time":"2025-09-15T15:13:20+00:00","og_image":[{"width":951,"height":540,"url":"https:\/\/jornalfatosenoticias.com.br\/wp-content\/uploads\/2025\/09\/pt-contra-tarcisio.jpg","type":"image\/jpeg"}],"author":"Luzimara Fernandes","twitter_card":"summary_large_image","twitter_misc":{"Escrito por":"Luzimara Fernandes","Est. tempo de leitura":"3 minutos"},"schema":{"@context":"https:\/\/schema.org","@graph":[{"@type":"Article","@id":"https:\/\/jornalfatosenoticias.com.br\/index.php\/2025\/09\/15\/pt-mira-ataque-a-tarcisio-de-freitas-em-propaganda-contra-tarifaco-e-privatizacoes\/#article","isPartOf":{"@id":"https:\/\/jornalfatosenoticias.com.br\/index.php\/2025\/09\/15\/pt-mira-ataque-a-tarcisio-de-freitas-em-propaganda-contra-tarifaco-e-privatizacoes\/"},"author":{"name":"Luzimara Fernandes","@id":"https:\/\/jornalfatosenoticias.com.br\/#\/schema\/person\/d63837fa13ac8666eb9e74e0985d6f81"},"headline":"PT mira ataque a Tarc\u00edsio de Freitas em propaganda contra tarifa\u00e7o e privatiza\u00e7\u00f5es","datePublished":"2025-09-15T15:13:18+00:00","dateModified":"2025-09-15T15:13:20+00:00","mainEntityOfPage":{"@id":"https:\/\/jornalfatosenoticias.com.br\/index.php\/2025\/09\/15\/pt-mira-ataque-a-tarcisio-de-freitas-em-propaganda-contra-tarifaco-e-privatizacoes\/"},"wordCount":695,"commentCount":0,"publisher":{"@id":"https:\/\/jornalfatosenoticias.com.br\/#organization"},"image":{"@id":"https:\/\/jornalfatosenoticias.com.br\/index.php\/2025\/09\/15\/pt-mira-ataque-a-tarcisio-de-freitas-em-propaganda-contra-tarifaco-e-privatizacoes\/#primaryimage"},"thumbnailUrl":"https:\/\/jornalfatosenoticias.com.br\/wp-content\/uploads\/2025\/09\/pt-contra-tarcisio.jpg","keywords":["7 de Setembro","anistia","governadores","Jair Bolsonaro","Lula","PT","S\u00e3o Paulo","STF","Tarc\u00edsio de Freitas"],"articleSection":["Pol\u00edtica"],"inLanguage":"pt-BR","potentialAction":[{"@type":"CommentAction","name":"Comment","target":["https:\/\/jornalfatosenoticias.com.br\/index.php\/2025\/09\/15\/pt-mira-ataque-a-tarcisio-de-freitas-em-propaganda-contra-tarifaco-e-privatizacoes\/#respond"]}]},{"@type":"WebPage","@id":"https:\/\/jornalfatosenoticias.com.br\/index.php\/2025\/09\/15\/pt-mira-ataque-a-tarcisio-de-freitas-em-propaganda-contra-tarifaco-e-privatizacoes\/","url":"https:\/\/jornalfatosenoticias.com.br\/index.php\/2025\/09\/15\/pt-mira-ataque-a-tarcisio-de-freitas-em-propaganda-contra-tarifaco-e-privatizacoes\/","name":"PT mira ataque a Tarc\u00edsio de Freitas em propaganda contra tarifa\u00e7o e privatiza\u00e7\u00f5es - Jornal Fatos e Not\u00edcias","isPartOf":{"@id":"https:\/\/jornalfatosenoticias.com.br\/#website"},"primaryImageOfPage":{"@id":"https:\/\/jornalfatosenoticias.com.br\/index.php\/2025\/09\/15\/pt-mira-ataque-a-tarcisio-de-freitas-em-propaganda-contra-tarifaco-e-privatizacoes\/#primaryimage"},"image":{"@id":"https:\/\/jornalfatosenoticias.com.br\/index.php\/2025\/09\/15\/pt-mira-ataque-a-tarcisio-de-freitas-em-propaganda-contra-tarifaco-e-privatizacoes\/#primaryimage"},"thumbnailUrl":"https:\/\/jornalfatosenoticias.com.br\/wp-content\/uploads\/2025\/09\/pt-contra-tarcisio.jpg","datePublished":"2025-09-15T15:13:18+00:00","dateModified":"2025-09-15T15:13:20+00:00","breadcrumb":{"@id":"https:\/\/jornalfatosenoticias.com.br\/index.php\/2025\/09\/15\/pt-mira-ataque-a-tarcisio-de-freitas-em-propaganda-contra-tarifaco-e-privatizacoes\/#breadcrumb"},"inLanguage":"pt-BR","potentialAction":[{"@type":"ReadAction","target":["https:\/\/jornalfatosenoticias.com.br\/index.php\/2025\/09\/15\/pt-mira-ataque-a-tarcisio-de-freitas-em-propaganda-contra-tarifaco-e-privatizacoes\/"]}]},{"@type":"ImageObject","inLanguage":"pt-BR","@id":"https:\/\/jornalfatosenoticias.com.br\/index.php\/2025\/09\/15\/pt-mira-ataque-a-tarcisio-de-freitas-em-propaganda-contra-tarifaco-e-privatizacoes\/#primaryimage","url":"https:\/\/jornalfatosenoticias.com.br\/wp-content\/uploads\/2025\/09\/pt-contra-tarcisio.jpg","contentUrl":"https:\/\/jornalfatosenoticias.com.br\/wp-content\/uploads\/2025\/09\/pt-contra-tarcisio.jpg","width":951,"height":540},{"@type":"BreadcrumbList","@id":"https:\/\/jornalfatosenoticias.com.br\/index.php\/2025\/09\/15\/pt-mira-ataque-a-tarcisio-de-freitas-em-propaganda-contra-tarifaco-e-privatizacoes\/#breadcrumb","itemListElement":[{"@type":"ListItem","position":1,"name":"In\u00edcio","item":"https:\/\/jornalfatosenoticias.com.br\/"},{"@type":"ListItem","position":2,"name":"PT mira ataque a Tarc\u00edsio de Freitas em propaganda contra tarifa\u00e7o e privatiza\u00e7\u00f5es"}]},{"@type":"WebSite","@id":"https:\/\/jornalfatosenoticias.com.br\/#website","url":"https:\/\/jornalfatosenoticias.com.br\/","name":"Jornal Fatos e Not\u00edcias","description":"Not\u00edcias em geral","publisher":{"@id":"https:\/\/jornalfatosenoticias.com.br\/#organization"},"potentialAction":[{"@type":"SearchAction","target":{"@type":"EntryPoint","urlTemplate":"https:\/\/jornalfatosenoticias.com.br\/?s={search_term_string}"},"query-input":{"@type":"PropertyValueSpecification","valueRequired":true,"valueName":"search_term_string"}}],"inLanguage":"pt-BR"},{"@type":"Organization","@id":"https:\/\/jornalfatosenoticias.com.br\/#organization","name":"Jornal Fatos e Not\u00edcias","url":"https:\/\/jornalfatosenoticias.com.br\/","logo":{"@type":"ImageObject","inLanguage":"pt-BR","@id":"https:\/\/jornalfatosenoticias.com.br\/#\/schema\/logo\/image\/","url":"https:\/\/jornalfatosenoticias.com.br\/wp-content\/uploads\/2020\/02\/logo120.png","contentUrl":"https:\/\/jornalfatosenoticias.com.br\/wp-content\/uploads\/2020\/02\/logo120.png","width":1227,"height":120,"caption":"Jornal Fatos e Not\u00edcias"},"image":{"@id":"https:\/\/jornalfatosenoticias.com.br\/#\/schema\/logo\/image\/"}},{"@type":"Person","@id":"https:\/\/jornalfatosenoticias.com.br\/#\/schema\/person\/d63837fa13ac8666eb9e74e0985d6f81","name":"Luzimara Fernandes","image":{"@type":"ImageObject","inLanguage":"pt-BR","@id":"https:\/\/jornalfatosenoticias.com.br\/#\/schema\/person\/image\/","url":"https:\/\/jornalfatosenoticias.com.br\/wp-content\/uploads\/2025\/05\/EU_portal.jpg","contentUrl":"https:\/\/jornalfatosenoticias.com.br\/wp-content\/uploads\/2025\/05\/EU_portal.jpg","caption":"Luzimara Fernandes"},"description":"Jornalista MTB 2358-ES","sameAs":["https:\/\/jornalfatosenoticias.com.br"],"url":"https:\/\/jornalfatosenoticias.com.br\/index.php\/author\/luzimara\/"}]}},"cc_featured_image_caption":{"caption_text":"(Foto: Reprodu\u00e7\u00e3o\/Instagram PT S\u00e3o Paulo)","source_text":"","source_url":""},"jetpack_featured_media_url":"https:\/\/jornalfatosenoticias.com.br\/wp-content\/uploads\/2025\/09\/pt-contra-tarcisio.jpg","_links":{"self":[{"href":"https:\/\/jornalfatosenoticias.com.br\/index.php\/wp-json\/wp\/v2\/posts\/61875","targetHints":{"allow":["GET"]}}],"collection":[{"href":"https:\/\/jornalfatosenoticias.com.br\/index.php\/wp-json\/wp\/v2\/posts"}],"about":[{"href":"https:\/\/jornalfatosenoticias.com.br\/index.php\/wp-json\/wp\/v2\/types\/post"}],"author":[{"embeddable":true,"href":"https:\/\/jornalfatosenoticias.com.br\/index.php\/wp-json\/wp\/v2\/users\/2"}],"replies":[{"embeddable":true,"href":"https:\/\/jornalfatosenoticias.com.br\/index.php\/wp-json\/wp\/v2\/comments?post=61875"}],"version-history":[{"count":0,"href":"https:\/\/jornalfatosenoticias.com.br\/index.php\/wp-json\/wp\/v2\/posts\/61875\/revisions"}],"wp:featuredmedia":[{"embeddable":true,"href":"https:\/\/jornalfatosenoticias.com.br\/index.php\/wp-json\/wp\/v2\/media\/61876"}],"wp:attachment":[{"href":"https:\/\/jornalfatosenoticias.com.br\/index.php\/wp-json\/wp\/v2\/media?parent=61875"}],"wp:term":[{"taxonomy":"category","embeddable":true,"href":"https:\/\/jornalfatosenoticias.com.br\/index.php\/wp-json\/wp\/v2\/categories?post=61875"},{"taxonomy":"post_tag","embeddable":true,"href":"https:\/\/jornalfatosenoticias.com.br\/index.php\/wp-json\/wp\/v2\/tags?post=61875"}],"curies":[{"name":"wp","href":"https:\/\/api.w.org\/{rel}","templated":true}]}}