{"id":61878,"date":"2025-09-15T12:24:18","date_gmt":"2025-09-15T15:24:18","guid":{"rendered":"https:\/\/jornalfatosenoticias.com.br\/?p=61878"},"modified":"2025-09-15T12:24:20","modified_gmt":"2025-09-15T15:24:20","slug":"qualidade-do-sono-e-essencial-para-a-saude-fisica-e-mental-das-criancas-dizem-especialistas","status":"publish","type":"post","link":"https:\/\/jornalfatosenoticias.com.br\/index.php\/2025\/09\/15\/qualidade-do-sono-e-essencial-para-a-saude-fisica-e-mental-das-criancas-dizem-especialistas\/","title":{"rendered":"Qualidade do sono \u00e9 essencial para a sa\u00fade f\u00edsica e mental das crian\u00e7as, dizem especialistas"},"content":{"rendered":"\n<p><em><span class=\"has-inline-color has-black-color\">Descubra como a qualidade do sono impacta o crescimento, a mem\u00f3ria, o comportamento e at\u00e9 a preven\u00e7\u00e3o da obesidade infantil<\/span><\/em><\/p>\n\n\n\n<p><span class=\"has-inline-color has-black-color\">Por <strong><a href=\"https:\/\/www.bonsfluidos.com.br\/author\/isabella-bisordi\">Isabella Bisordi<\/a><\/strong><\/span><\/p>\n\n\n\n<div class=\"wp-block-image\"><figure class=\"aligncenter size-large\"><a href=\"https:\/\/mizu.com.br\/\"><img loading=\"lazy\" decoding=\"async\" width=\"729\" height=\"90\" src=\"https:\/\/jornalfatosenoticias.com.br\/wp-content\/uploads\/2020\/02\/Logo_Mizu.png\" alt=\"\" class=\"wp-image-1441\" srcset=\"https:\/\/jornalfatosenoticias.com.br\/wp-content\/uploads\/2020\/02\/Logo_Mizu.png 729w, https:\/\/jornalfatosenoticias.com.br\/wp-content\/uploads\/2020\/02\/Logo_Mizu-300x37.png 300w\" sizes=\"auto, (max-width: 729px) 100vw, 729px\" \/><\/a><\/figure><\/div>\n\n\n\n<p><a href=\"https:\/\/www.bonsfluidos.com.br\/comportamento\/pesquisa-revela-o-que-acontece-no-nosso-corpo-quando-assistimos-a-um-filme-antes-de-dormir.phtml\">Dormir<\/a> bem n\u00e3o \u00e9 apenas uma pausa no dia das crian\u00e7as. \u00c9 durante esse per\u00edodo que o corpo cresce, o c\u00e9rebro organiza mem\u00f3rias e as emo\u00e7\u00f5es encontram equil\u00edbrio. Especialistas ressaltam que a qualidade do sono influencia desde o humor e a aprendizagem at\u00e9 a sa\u00fade f\u00edsica, criando bases s\u00f3lidas para toda a vida.<br>Enquanto os pequenos descansam, o organismo libera o horm\u00f4nio do crescimento, indispens\u00e1vel para o desenvolvimento f\u00edsico. Al\u00e9m disso, as conex\u00f5es cerebrais se fortalecem, consolidando novas habilidades e lembran\u00e7as. J\u00e1 a falta de sono abre espa\u00e7o para <a href=\"https:\/\/www.bonsfluidos.com.br\/coluna-halu-gamashi\/halu-gamashi-chama-atencao-sobre-o-nosso-sistema-nervoso-e-suas-manifestacoes-como-o-bruxismo-e-a-irritabilidade.phtml\">irritabilidade<\/a>, queda na concentra\u00e7\u00e3o e at\u00e9 maior vulnerabilidade a doen\u00e7as.<\/p>\n\n\n\n<div class=\"wp-block-image\"><figure class=\"aligncenter size-large is-resized\"><a href=\"https:\/\/www.facebook.com\/profile.php?id=100069289606145\"><img loading=\"lazy\" decoding=\"async\" src=\"https:\/\/jornalfatosenoticias.com.br\/wp-content\/uploads\/2024\/11\/Guaitolini-Contabilidade-1024x714.jpeg\" alt=\"\" class=\"wp-image-55808\" width=\"309\" height=\"215\" srcset=\"https:\/\/jornalfatosenoticias.com.br\/wp-content\/uploads\/2024\/11\/Guaitolini-Contabilidade-1024x714.jpeg 1024w, https:\/\/jornalfatosenoticias.com.br\/wp-content\/uploads\/2024\/11\/Guaitolini-Contabilidade-300x209.jpeg 300w, https:\/\/jornalfatosenoticias.com.br\/wp-content\/uploads\/2024\/11\/Guaitolini-Contabilidade-768x535.jpeg 768w, https:\/\/jornalfatosenoticias.com.br\/wp-content\/uploads\/2024\/11\/Guaitolini-Contabilidade.jpeg 1280w\" sizes=\"auto, (max-width: 309px) 100vw, 309px\" \/><\/a><\/figure><\/div>\n\n\n\n<p>Embora cada crian\u00e7a tenha seu ritmo, existem recomenda\u00e7\u00f5es que servem de guia \u2014 e respeit\u00e1-las \u00e9 oferecer o combust\u00edvel certo para o <a href=\"https:\/\/www.bonsfluidos.com.br\/bem-estar\/habitos-pos-ferias-o-guia-definitivo-para-reequilibrar-corpo-e-mente.phtml\">corpo e a mente<\/a>:<br>\u2705 <a href=\"https:\/\/www.bonsfluidos.com.br\/gravidez\/fome-sono-ou-colica-descubra-como-identificar-o-motivo-do-choro-do-seu-bebe.phtml\">Rec\u00e9m-nascidos<\/a> (zero a tr\u00eas meses): 14 a 17 horas di\u00e1rias;<br>\u2705 <a href=\"https:\/\/www.bonsfluidos.com.br\/gravidez\/gestantes-expostas-a-fumaca-de-cigarro-tem-ate-60-mais-risco-de-gerar-bebes-com-baixo-peso.phtml\">Beb\u00eas<\/a> (quatro a 11 meses): 12 a 15 horas;<br>\u2705 <a href=\"https:\/\/www.bonsfluidos.com.br\/gravidez\/existe-uma-idade-certa-para-o-bebe-dar-os-primeiros-passos.phtml\">Primeiros passos<\/a> (um a dois anos): 11 a 14 horas;<br>\u2705 <a href=\"https:\/\/www.bonsfluidos.com.br\/no-prato\/volta-as-aulas-atencao-a-qualidade-dos-lanches-infantis-e-essencial-para-manter-o-equilibrio.phtml\">Pr\u00e9-escolares<\/a> (tr\u00eas a cinco anos): 10 a 13 horas;<br>\u2705 Crian\u00e7as em idade <a href=\"https:\/\/www.bonsfluidos.com.br\/diversos\/proibicao-de-celulares-melhora-desempenho-escolar-na-holanda.phtml\">escolar<\/a> (seis a 13 anos): nove a 11 horas;<br>\u2705 <a href=\"https:\/\/www.bonsfluidos.com.br\/comportamento\/por-que-os-adolescentes-sao-mais-proximos-dos-amigos-do-que-dos-pais-entenda.phtml\">Adolescentes<\/a> (14 a 17 anos): oito a 10 horas.<\/p>\n\n\n\n<div class=\"wp-block-image\"><figure class=\"aligncenter size-large is-resized\"><a href=\"https:\/\/www.controlsystems.com.br\/\"><img loading=\"lazy\" decoding=\"async\" src=\"https:\/\/jornalfatosenoticias.com.br\/wp-content\/uploads\/2020\/02\/CONTROL-CS.jpg\" alt=\"\" class=\"wp-image-44991\" width=\"272\" height=\"326\" srcset=\"https:\/\/jornalfatosenoticias.com.br\/wp-content\/uploads\/2020\/02\/CONTROL-CS.jpg 834w, https:\/\/jornalfatosenoticias.com.br\/wp-content\/uploads\/2020\/02\/CONTROL-CS-250x300.jpg 250w, https:\/\/jornalfatosenoticias.com.br\/wp-content\/uploads\/2020\/02\/CONTROL-CS-768x921.jpg 768w\" sizes=\"auto, (max-width: 272px) 100vw, 272px\" \/><\/a><\/figure><\/div>\n\n\n\n<p>Dormir bem pode trazer uma s\u00e9rie de benef\u00edcios para a crian\u00e7a e o <a href=\"https:\/\/www.bonsfluidos.com.br\/saude\/mais-tempo-ao-ar-livre-pode-prevenir-a-miopia-entenda.phtml\">adolescente<\/a>. O desempenho escolar, inclusive, \u00e9 um deles. Isso porque alunos que dormem o suficiente demonstram mais criatividade, foco e capacidade de resolver problemas. J\u00e1 aqueles que descansam menos apresentam maior dificuldade de memoriza\u00e7\u00e3o e queda no rendimento acad\u00eamico. Uma rotina de sono est\u00e1vel pode, portanto, ser um dos maiores aliados na vida escolar.<\/p>\n\n\n\n<div class=\"wp-block-image\"><figure class=\"aligncenter size-large is-resized\"><a href=\"https:\/\/hotelmarquetti.com.br\/\"><img loading=\"lazy\" decoding=\"async\" src=\"https:\/\/jornalfatosenoticias.com.br\/wp-content\/uploads\/2020\/02\/LOGO-MQ-1024x680.jpg\" alt=\"\" class=\"wp-image-58299\" width=\"322\" height=\"214\" srcset=\"https:\/\/jornalfatosenoticias.com.br\/wp-content\/uploads\/2020\/02\/LOGO-MQ-1024x680.jpg 1024w, https:\/\/jornalfatosenoticias.com.br\/wp-content\/uploads\/2020\/02\/LOGO-MQ-300x199.jpg 300w, https:\/\/jornalfatosenoticias.com.br\/wp-content\/uploads\/2020\/02\/LOGO-MQ-768x510.jpg 768w, https:\/\/jornalfatosenoticias.com.br\/wp-content\/uploads\/2020\/02\/LOGO-MQ-1536x1020.jpg 1536w, https:\/\/jornalfatosenoticias.com.br\/wp-content\/uploads\/2020\/02\/LOGO-MQ-2048x1360.jpg 2048w\" sizes=\"auto, (max-width: 322px) 100vw, 322px\" \/><\/a><\/figure><\/div>\n\n\n\n<p>Um detalhe curioso: dormir bem ajuda, tamb\u00e9m, at\u00e9 no controle do peso. Noites maldormidas alteram horm\u00f4nios ligados \u00e0 fome e \u00e0 saciedade, aumentando a chance de comer em excesso. Estudos mostram que cada hora extra de sono pode reduzir o risco de <a href=\"https:\/\/www.bonsfluidos.com.br\/comportamento\/como-a-obesidade-infantil-pode-afetar-o-aprendizado-escolar-dos-mais-novos-psicopedagoga-responde.phtml\">obesidade<\/a> em crian\u00e7as pequenas em at\u00e9 9%. Sil\u00eancio, escurid\u00e3o, temperatura agrad\u00e1vel (entre 18 e 21\u00b0C) e aus\u00eancia de distra\u00e7\u00f5es eletr\u00f4nicas fazem toda a diferen\u00e7a. Al\u00e9m disso, manter <a href=\"https:\/\/www.bonsfluidos.com.br\/comportamento\/higiene-do-sono-o-que-e-e-como-aplica-la-na-sua-rotina.phtml\">rituais<\/a> como banho morno, leitura ou m\u00fasica calma sinaliza ao corpo que \u00e9 hora de relaxar. Crian\u00e7as que seguem uma rotina noturna tendem a adormecer mais r\u00e1pido e a dormir por mais tempo.<\/p>\n\n\n\n<div class=\"wp-block-image\"><figure class=\"aligncenter size-large is-resized\"><a href=\"https:\/\/www.instagram.com\/serra4x4cambioautomatico\/\"><img loading=\"lazy\" decoding=\"async\" src=\"https:\/\/jornalfatosenoticias.com.br\/wp-content\/uploads\/2024\/08\/Serra-4x4-1-886x1024.jpg\" alt=\"\" class=\"wp-image-53632\" width=\"240\" height=\"278\" srcset=\"https:\/\/jornalfatosenoticias.com.br\/wp-content\/uploads\/2024\/08\/Serra-4x4-1-886x1024.jpg 886w, https:\/\/jornalfatosenoticias.com.br\/wp-content\/uploads\/2024\/08\/Serra-4x4-1-260x300.jpg 260w, https:\/\/jornalfatosenoticias.com.br\/wp-content\/uploads\/2024\/08\/Serra-4x4-1-768x888.jpg 768w, https:\/\/jornalfatosenoticias.com.br\/wp-content\/uploads\/2024\/08\/Serra-4x4-1.jpg 1181w\" sizes=\"auto, (max-width: 240px) 100vw, 240px\" \/><\/a><\/figure><\/div>\n\n\n\n<p>Tablets, celulares e TVs antes de dormir podem atrasar o sono em quase uma hora. A <a href=\"https:\/\/www.bonsfluidos.com.br\/bem-estar\/ritmo-circadiano-entenda-como-a-luz-azul-a-alimentacao-e-a-rotina-afetam-a-qualidade-do-seu-sono.phtml\">luz azul<\/a> emitida pelas telas reduz a produ\u00e7\u00e3o de melatonina, o horm\u00f4nio respons\u00e1vel por regular o ciclo circadiano. Por isso, desligar os aparelhos pelo menos 60 minutos antes de dormir \u00e9 um gesto simples, mas transformador. Mais do que preparar o quarto, s\u00e3o os gestos noturnos que marcam a diferen\u00e7a: abra\u00e7os, conversas tranquilas e hist\u00f3rias lidas em voz baixa ajudam a reduzir o <a href=\"https:\/\/www.bonsfluidos.com.br\/no-prato\/o-que-e-o-coquetel-de-cortisol-nova-tendencia-contra-o-estresse.phtml\">estresse<\/a> e proporcionam um sono mais profundo. Afinal, pequenas atitudes de carinho s\u00e3o capazes de transformar a noite em um momento seguro e reparador.<\/p>\n\n\n\n<div class=\"wp-block-image\"><figure class=\"aligncenter size-large is-resized\"><a href=\"https:\/\/panper.com.br\/\"><img loading=\"lazy\" decoding=\"async\" src=\"https:\/\/jornalfatosenoticias.com.br\/wp-content\/uploads\/2023\/03\/logo-Panper_portal.jpg\" alt=\"\" class=\"wp-image-40208\" width=\"334\" height=\"231\" srcset=\"https:\/\/jornalfatosenoticias.com.br\/wp-content\/uploads\/2023\/03\/logo-Panper_portal.jpg 400w, https:\/\/jornalfatosenoticias.com.br\/wp-content\/uploads\/2023\/03\/logo-Panper_portal-300x208.jpg 300w\" sizes=\"auto, (max-width: 334px) 100vw, 334px\" \/><\/a><\/figure><\/div>\n\n\n\n<p>E <a href=\"https:\/\/www.bonsfluidos.com.br\/comportamento\/pais-e-filhos-devem-dormir-na-mesma-cama-veja-o-que-diz-estudo.phtml\">dormir na cama<\/a> dos pais? O tema divide opini\u00f5es. Enquanto h\u00e1 quem defenda o fortalecimento do v\u00ednculo, especialistas alertam para riscos de seguran\u00e7a, especialmente em beb\u00eas. A recomenda\u00e7\u00e3o mais aceita \u00e9 que os pequenos durmam no mesmo quarto dos pais, mas em superf\u00edcies pr\u00f3prias, at\u00e9 pelo menos os seis primeiros meses de vida. Dist\u00farbios como terrores noturnos, sonambulismo e <a href=\"https:\/\/www.bonsfluidos.com.br\/bem-estar\/escalda-pes-noturno-o-ritual-para-combater-a-insonia.phtml\">ins\u00f4nia<\/a> n\u00e3o devem ser ignorados. Eles comprometem o descanso e podem gerar ansiedade, atrasos no desenvolvimento da fala e dificuldades de aten\u00e7\u00e3o. Se o problema persiste, buscar ajuda profissional \u00e9 essencial.<\/p>\n\n\n\n<div class=\"wp-block-image\"><figure class=\"aligncenter size-large is-resized\"><a href=\"https:\/\/www.instagram.com\/restaurantepegoretti\/\"><img loading=\"lazy\" decoding=\"async\" src=\"https:\/\/jornalfatosenoticias.com.br\/wp-content\/uploads\/2023\/12\/pegoretti-logo-pdf-1024x389.jpg\" alt=\"\" class=\"wp-image-47536\" width=\"475\" height=\"180\" srcset=\"https:\/\/jornalfatosenoticias.com.br\/wp-content\/uploads\/2023\/12\/pegoretti-logo-pdf-1024x389.jpg 1024w, https:\/\/jornalfatosenoticias.com.br\/wp-content\/uploads\/2023\/12\/pegoretti-logo-pdf-300x114.jpg 300w, https:\/\/jornalfatosenoticias.com.br\/wp-content\/uploads\/2023\/12\/pegoretti-logo-pdf-768x291.jpg 768w, https:\/\/jornalfatosenoticias.com.br\/wp-content\/uploads\/2023\/12\/pegoretti-logo-pdf.jpg 1120w\" sizes=\"auto, (max-width: 475px) 100vw, 475px\" \/><\/a><\/figure><\/div>\n\n\n\n<p><strong>Fonte: <strong><a href=\"https:\/\/www.bonsfluidos.com.br\/comportamento\/qualidade-do-sono-e-essencial-para-a-saude-fisica-e-mental-das-criancas-dizem-especialistas.phtml\">Bons Fluidos<\/a><\/strong><\/strong><\/p>\n","protected":false},"excerpt":{"rendered":"<p>Descubra como a qualidade do sono impacta o crescimento, a mem\u00f3ria, o comportamento e at\u00e9 a preven\u00e7\u00e3o da obesidade infantil Por Isabella Bisordi Dormir bem n\u00e3o \u00e9 apenas uma pausa no dia das crian\u00e7as. \u00c9 durante esse per\u00edodo que o corpo cresce, o c\u00e9rebro organiza mem\u00f3rias e as emo\u00e7\u00f5es encontram equil\u00edbrio. Especialistas ressaltam que a [&hellip;]<\/p>\n","protected":false},"author":2,"featured_media":61879,"comment_status":"open","ping_status":"open","sticky":false,"template":"","format":"standard","meta":{"footnotes":""},"categories":[2522],"tags":[385,1400,1779,670,2607,636,10269,1138],"class_list":["post-61878","post","type-post","status-publish","format-standard","has-post-thumbnail","hentry","category-comportamento","tag-bem-estar","tag-comportamento","tag-comportamento-infantil","tag-criancas","tag-infancia","tag-insonia","tag-qualidade-do-sono","tag-sono"],"yoast_head":"<!-- This site is optimized with the Yoast SEO plugin v26.5 - https:\/\/yoast.com\/wordpress\/plugins\/seo\/ -->\n<title>Qualidade do sono \u00e9 essencial para a sa\u00fade f\u00edsica e mental das crian\u00e7as, dizem especialistas - Jornal Fatos e Not\u00edcias<\/title>\n<meta name=\"robots\" content=\"index, follow, max-snippet:-1, max-image-preview:large, max-video-preview:-1\" \/>\n<link rel=\"canonical\" href=\"https:\/\/jornalfatosenoticias.com.br\/index.php\/2025\/09\/15\/qualidade-do-sono-e-essencial-para-a-saude-fisica-e-mental-das-criancas-dizem-especialistas\/\" \/>\n<meta property=\"og:locale\" content=\"pt_BR\" \/>\n<meta property=\"og:type\" content=\"article\" \/>\n<meta property=\"og:title\" content=\"Qualidade do sono \u00e9 essencial para a sa\u00fade f\u00edsica e mental das crian\u00e7as, dizem especialistas - Jornal Fatos e Not\u00edcias\" \/>\n<meta property=\"og:description\" content=\"Descubra como a qualidade do sono impacta o crescimento, a mem\u00f3ria, o comportamento e at\u00e9 a preven\u00e7\u00e3o da obesidade infantil Por Isabella Bisordi Dormir bem n\u00e3o \u00e9 apenas uma pausa no dia das crian\u00e7as. \u00c9 durante esse per\u00edodo que o corpo cresce, o c\u00e9rebro organiza mem\u00f3rias e as emo\u00e7\u00f5es encontram equil\u00edbrio. Especialistas ressaltam que a [&hellip;]\" \/>\n<meta property=\"og:url\" content=\"https:\/\/jornalfatosenoticias.com.br\/index.php\/2025\/09\/15\/qualidade-do-sono-e-essencial-para-a-saude-fisica-e-mental-das-criancas-dizem-especialistas\/\" \/>\n<meta property=\"og:site_name\" content=\"Jornal Fatos e Not\u00edcias\" \/>\n<meta property=\"article:published_time\" content=\"2025-09-15T15:24:18+00:00\" \/>\n<meta property=\"article:modified_time\" content=\"2025-09-15T15:24:20+00:00\" \/>\n<meta property=\"og:image\" content=\"https:\/\/jornalfatosenoticias.com.br\/wp-content\/uploads\/2025\/09\/sono-infantil_freepik.jpg\" \/>\n\t<meta property=\"og:image:width\" content=\"1000\" \/>\n\t<meta property=\"og:image:height\" content=\"562\" \/>\n\t<meta property=\"og:image:type\" content=\"image\/jpeg\" \/>\n<meta name=\"author\" content=\"Luzimara Fernandes\" \/>\n<meta name=\"twitter:card\" content=\"summary_large_image\" \/>\n<meta name=\"twitter:label1\" content=\"Escrito por\" \/>\n\t<meta name=\"twitter:data1\" content=\"Luzimara Fernandes\" \/>\n\t<meta name=\"twitter:label2\" content=\"Est. tempo de leitura\" \/>\n\t<meta name=\"twitter:data2\" content=\"3 minutos\" \/>\n<script type=\"application\/ld+json\" class=\"yoast-schema-graph\">{\"@context\":\"https:\/\/schema.org\",\"@graph\":[{\"@type\":\"Article\",\"@id\":\"https:\/\/jornalfatosenoticias.com.br\/index.php\/2025\/09\/15\/qualidade-do-sono-e-essencial-para-a-saude-fisica-e-mental-das-criancas-dizem-especialistas\/#article\",\"isPartOf\":{\"@id\":\"https:\/\/jornalfatosenoticias.com.br\/index.php\/2025\/09\/15\/qualidade-do-sono-e-essencial-para-a-saude-fisica-e-mental-das-criancas-dizem-especialistas\/\"},\"author\":{\"name\":\"Luzimara Fernandes\",\"@id\":\"https:\/\/jornalfatosenoticias.com.br\/#\/schema\/person\/d63837fa13ac8666eb9e74e0985d6f81\"},\"headline\":\"Qualidade do sono \u00e9 essencial para a sa\u00fade f\u00edsica e mental das crian\u00e7as, dizem especialistas\",\"datePublished\":\"2025-09-15T15:24:18+00:00\",\"dateModified\":\"2025-09-15T15:24:20+00:00\",\"mainEntityOfPage\":{\"@id\":\"https:\/\/jornalfatosenoticias.com.br\/index.php\/2025\/09\/15\/qualidade-do-sono-e-essencial-para-a-saude-fisica-e-mental-das-criancas-dizem-especialistas\/\"},\"wordCount\":633,\"commentCount\":0,\"publisher\":{\"@id\":\"https:\/\/jornalfatosenoticias.com.br\/#organization\"},\"image\":{\"@id\":\"https:\/\/jornalfatosenoticias.com.br\/index.php\/2025\/09\/15\/qualidade-do-sono-e-essencial-para-a-saude-fisica-e-mental-das-criancas-dizem-especialistas\/#primaryimage\"},\"thumbnailUrl\":\"https:\/\/jornalfatosenoticias.com.br\/wp-content\/uploads\/2025\/09\/sono-infantil_freepik.jpg\",\"keywords\":[\"bem-estar\",\"comportamento\",\"comportamento infantil\",\"crian\u00e7as\",\"inf\u00e2ncia\",\"ins\u00f4nia\",\"qualidade do sono\",\"sono\"],\"articleSection\":[\"Comportamento &amp; Equil\u00edbrio\"],\"inLanguage\":\"pt-BR\",\"potentialAction\":[{\"@type\":\"CommentAction\",\"name\":\"Comment\",\"target\":[\"https:\/\/jornalfatosenoticias.com.br\/index.php\/2025\/09\/15\/qualidade-do-sono-e-essencial-para-a-saude-fisica-e-mental-das-criancas-dizem-especialistas\/#respond\"]}]},{\"@type\":\"WebPage\",\"@id\":\"https:\/\/jornalfatosenoticias.com.br\/index.php\/2025\/09\/15\/qualidade-do-sono-e-essencial-para-a-saude-fisica-e-mental-das-criancas-dizem-especialistas\/\",\"url\":\"https:\/\/jornalfatosenoticias.com.br\/index.php\/2025\/09\/15\/qualidade-do-sono-e-essencial-para-a-saude-fisica-e-mental-das-criancas-dizem-especialistas\/\",\"name\":\"Qualidade do sono \u00e9 essencial para a sa\u00fade f\u00edsica e mental das crian\u00e7as, dizem especialistas - Jornal Fatos e Not\u00edcias\",\"isPartOf\":{\"@id\":\"https:\/\/jornalfatosenoticias.com.br\/#website\"},\"primaryImageOfPage\":{\"@id\":\"https:\/\/jornalfatosenoticias.com.br\/index.php\/2025\/09\/15\/qualidade-do-sono-e-essencial-para-a-saude-fisica-e-mental-das-criancas-dizem-especialistas\/#primaryimage\"},\"image\":{\"@id\":\"https:\/\/jornalfatosenoticias.com.br\/index.php\/2025\/09\/15\/qualidade-do-sono-e-essencial-para-a-saude-fisica-e-mental-das-criancas-dizem-especialistas\/#primaryimage\"},\"thumbnailUrl\":\"https:\/\/jornalfatosenoticias.com.br\/wp-content\/uploads\/2025\/09\/sono-infantil_freepik.jpg\",\"datePublished\":\"2025-09-15T15:24:18+00:00\",\"dateModified\":\"2025-09-15T15:24:20+00:00\",\"breadcrumb\":{\"@id\":\"https:\/\/jornalfatosenoticias.com.br\/index.php\/2025\/09\/15\/qualidade-do-sono-e-essencial-para-a-saude-fisica-e-mental-das-criancas-dizem-especialistas\/#breadcrumb\"},\"inLanguage\":\"pt-BR\",\"potentialAction\":[{\"@type\":\"ReadAction\",\"target\":[\"https:\/\/jornalfatosenoticias.com.br\/index.php\/2025\/09\/15\/qualidade-do-sono-e-essencial-para-a-saude-fisica-e-mental-das-criancas-dizem-especialistas\/\"]}]},{\"@type\":\"ImageObject\",\"inLanguage\":\"pt-BR\",\"@id\":\"https:\/\/jornalfatosenoticias.com.br\/index.php\/2025\/09\/15\/qualidade-do-sono-e-essencial-para-a-saude-fisica-e-mental-das-criancas-dizem-especialistas\/#primaryimage\",\"url\":\"https:\/\/jornalfatosenoticias.com.br\/wp-content\/uploads\/2025\/09\/sono-infantil_freepik.jpg\",\"contentUrl\":\"https:\/\/jornalfatosenoticias.com.br\/wp-content\/uploads\/2025\/09\/sono-infantil_freepik.jpg\",\"width\":1000,\"height\":562},{\"@type\":\"BreadcrumbList\",\"@id\":\"https:\/\/jornalfatosenoticias.com.br\/index.php\/2025\/09\/15\/qualidade-do-sono-e-essencial-para-a-saude-fisica-e-mental-das-criancas-dizem-especialistas\/#breadcrumb\",\"itemListElement\":[{\"@type\":\"ListItem\",\"position\":1,\"name\":\"In\u00edcio\",\"item\":\"https:\/\/jornalfatosenoticias.com.br\/\"},{\"@type\":\"ListItem\",\"position\":2,\"name\":\"Qualidade do sono \u00e9 essencial para a sa\u00fade f\u00edsica e mental das crian\u00e7as, dizem especialistas\"}]},{\"@type\":\"WebSite\",\"@id\":\"https:\/\/jornalfatosenoticias.com.br\/#website\",\"url\":\"https:\/\/jornalfatosenoticias.com.br\/\",\"name\":\"Jornal Fatos e Not\u00edcias\",\"description\":\"Not\u00edcias em geral\",\"publisher\":{\"@id\":\"https:\/\/jornalfatosenoticias.com.br\/#organization\"},\"potentialAction\":[{\"@type\":\"SearchAction\",\"target\":{\"@type\":\"EntryPoint\",\"urlTemplate\":\"https:\/\/jornalfatosenoticias.com.br\/?s={search_term_string}\"},\"query-input\":{\"@type\":\"PropertyValueSpecification\",\"valueRequired\":true,\"valueName\":\"search_term_string\"}}],\"inLanguage\":\"pt-BR\"},{\"@type\":\"Organization\",\"@id\":\"https:\/\/jornalfatosenoticias.com.br\/#organization\",\"name\":\"Jornal Fatos e Not\u00edcias\",\"url\":\"https:\/\/jornalfatosenoticias.com.br\/\",\"logo\":{\"@type\":\"ImageObject\",\"inLanguage\":\"pt-BR\",\"@id\":\"https:\/\/jornalfatosenoticias.com.br\/#\/schema\/logo\/image\/\",\"url\":\"https:\/\/jornalfatosenoticias.com.br\/wp-content\/uploads\/2020\/02\/logo120.png\",\"contentUrl\":\"https:\/\/jornalfatosenoticias.com.br\/wp-content\/uploads\/2020\/02\/logo120.png\",\"width\":1227,\"height\":120,\"caption\":\"Jornal Fatos e Not\u00edcias\"},\"image\":{\"@id\":\"https:\/\/jornalfatosenoticias.com.br\/#\/schema\/logo\/image\/\"}},{\"@type\":\"Person\",\"@id\":\"https:\/\/jornalfatosenoticias.com.br\/#\/schema\/person\/d63837fa13ac8666eb9e74e0985d6f81\",\"name\":\"Luzimara Fernandes\",\"image\":{\"@type\":\"ImageObject\",\"inLanguage\":\"pt-BR\",\"@id\":\"https:\/\/jornalfatosenoticias.com.br\/#\/schema\/person\/image\/\",\"url\":\"https:\/\/jornalfatosenoticias.com.br\/wp-content\/uploads\/2025\/05\/EU_portal.jpg\",\"contentUrl\":\"https:\/\/jornalfatosenoticias.com.br\/wp-content\/uploads\/2025\/05\/EU_portal.jpg\",\"caption\":\"Luzimara Fernandes\"},\"description\":\"Jornalista MTB 2358-ES\",\"sameAs\":[\"https:\/\/jornalfatosenoticias.com.br\"],\"url\":\"https:\/\/jornalfatosenoticias.com.br\/index.php\/author\/luzimara\/\"}]}<\/script>\n<!-- \/ Yoast SEO plugin. -->","yoast_head_json":{"title":"Qualidade do sono \u00e9 essencial para a sa\u00fade f\u00edsica e mental das crian\u00e7as, dizem especialistas - Jornal Fatos e Not\u00edcias","robots":{"index":"index","follow":"follow","max-snippet":"max-snippet:-1","max-image-preview":"max-image-preview:large","max-video-preview":"max-video-preview:-1"},"canonical":"https:\/\/jornalfatosenoticias.com.br\/index.php\/2025\/09\/15\/qualidade-do-sono-e-essencial-para-a-saude-fisica-e-mental-das-criancas-dizem-especialistas\/","og_locale":"pt_BR","og_type":"article","og_title":"Qualidade do sono \u00e9 essencial para a sa\u00fade f\u00edsica e mental das crian\u00e7as, dizem especialistas - Jornal Fatos e Not\u00edcias","og_description":"Descubra como a qualidade do sono impacta o crescimento, a mem\u00f3ria, o comportamento e at\u00e9 a preven\u00e7\u00e3o da obesidade infantil Por Isabella Bisordi Dormir bem n\u00e3o \u00e9 apenas uma pausa no dia das crian\u00e7as. \u00c9 durante esse per\u00edodo que o corpo cresce, o c\u00e9rebro organiza mem\u00f3rias e as emo\u00e7\u00f5es encontram equil\u00edbrio. Especialistas ressaltam que a [&hellip;]","og_url":"https:\/\/jornalfatosenoticias.com.br\/index.php\/2025\/09\/15\/qualidade-do-sono-e-essencial-para-a-saude-fisica-e-mental-das-criancas-dizem-especialistas\/","og_site_name":"Jornal Fatos e Not\u00edcias","article_published_time":"2025-09-15T15:24:18+00:00","article_modified_time":"2025-09-15T15:24:20+00:00","og_image":[{"width":1000,"height":562,"url":"https:\/\/jornalfatosenoticias.com.br\/wp-content\/uploads\/2025\/09\/sono-infantil_freepik.jpg","type":"image\/jpeg"}],"author":"Luzimara Fernandes","twitter_card":"summary_large_image","twitter_misc":{"Escrito por":"Luzimara Fernandes","Est. tempo de leitura":"3 minutos"},"schema":{"@context":"https:\/\/schema.org","@graph":[{"@type":"Article","@id":"https:\/\/jornalfatosenoticias.com.br\/index.php\/2025\/09\/15\/qualidade-do-sono-e-essencial-para-a-saude-fisica-e-mental-das-criancas-dizem-especialistas\/#article","isPartOf":{"@id":"https:\/\/jornalfatosenoticias.com.br\/index.php\/2025\/09\/15\/qualidade-do-sono-e-essencial-para-a-saude-fisica-e-mental-das-criancas-dizem-especialistas\/"},"author":{"name":"Luzimara Fernandes","@id":"https:\/\/jornalfatosenoticias.com.br\/#\/schema\/person\/d63837fa13ac8666eb9e74e0985d6f81"},"headline":"Qualidade do sono \u00e9 essencial para a sa\u00fade f\u00edsica e mental das crian\u00e7as, dizem especialistas","datePublished":"2025-09-15T15:24:18+00:00","dateModified":"2025-09-15T15:24:20+00:00","mainEntityOfPage":{"@id":"https:\/\/jornalfatosenoticias.com.br\/index.php\/2025\/09\/15\/qualidade-do-sono-e-essencial-para-a-saude-fisica-e-mental-das-criancas-dizem-especialistas\/"},"wordCount":633,"commentCount":0,"publisher":{"@id":"https:\/\/jornalfatosenoticias.com.br\/#organization"},"image":{"@id":"https:\/\/jornalfatosenoticias.com.br\/index.php\/2025\/09\/15\/qualidade-do-sono-e-essencial-para-a-saude-fisica-e-mental-das-criancas-dizem-especialistas\/#primaryimage"},"thumbnailUrl":"https:\/\/jornalfatosenoticias.com.br\/wp-content\/uploads\/2025\/09\/sono-infantil_freepik.jpg","keywords":["bem-estar","comportamento","comportamento infantil","crian\u00e7as","inf\u00e2ncia","ins\u00f4nia","qualidade do sono","sono"],"articleSection":["Comportamento &amp; Equil\u00edbrio"],"inLanguage":"pt-BR","potentialAction":[{"@type":"CommentAction","name":"Comment","target":["https:\/\/jornalfatosenoticias.com.br\/index.php\/2025\/09\/15\/qualidade-do-sono-e-essencial-para-a-saude-fisica-e-mental-das-criancas-dizem-especialistas\/#respond"]}]},{"@type":"WebPage","@id":"https:\/\/jornalfatosenoticias.com.br\/index.php\/2025\/09\/15\/qualidade-do-sono-e-essencial-para-a-saude-fisica-e-mental-das-criancas-dizem-especialistas\/","url":"https:\/\/jornalfatosenoticias.com.br\/index.php\/2025\/09\/15\/qualidade-do-sono-e-essencial-para-a-saude-fisica-e-mental-das-criancas-dizem-especialistas\/","name":"Qualidade do sono \u00e9 essencial para a sa\u00fade f\u00edsica e mental das crian\u00e7as, dizem especialistas - Jornal Fatos e Not\u00edcias","isPartOf":{"@id":"https:\/\/jornalfatosenoticias.com.br\/#website"},"primaryImageOfPage":{"@id":"https:\/\/jornalfatosenoticias.com.br\/index.php\/2025\/09\/15\/qualidade-do-sono-e-essencial-para-a-saude-fisica-e-mental-das-criancas-dizem-especialistas\/#primaryimage"},"image":{"@id":"https:\/\/jornalfatosenoticias.com.br\/index.php\/2025\/09\/15\/qualidade-do-sono-e-essencial-para-a-saude-fisica-e-mental-das-criancas-dizem-especialistas\/#primaryimage"},"thumbnailUrl":"https:\/\/jornalfatosenoticias.com.br\/wp-content\/uploads\/2025\/09\/sono-infantil_freepik.jpg","datePublished":"2025-09-15T15:24:18+00:00","dateModified":"2025-09-15T15:24:20+00:00","breadcrumb":{"@id":"https:\/\/jornalfatosenoticias.com.br\/index.php\/2025\/09\/15\/qualidade-do-sono-e-essencial-para-a-saude-fisica-e-mental-das-criancas-dizem-especialistas\/#breadcrumb"},"inLanguage":"pt-BR","potentialAction":[{"@type":"ReadAction","target":["https:\/\/jornalfatosenoticias.com.br\/index.php\/2025\/09\/15\/qualidade-do-sono-e-essencial-para-a-saude-fisica-e-mental-das-criancas-dizem-especialistas\/"]}]},{"@type":"ImageObject","inLanguage":"pt-BR","@id":"https:\/\/jornalfatosenoticias.com.br\/index.php\/2025\/09\/15\/qualidade-do-sono-e-essencial-para-a-saude-fisica-e-mental-das-criancas-dizem-especialistas\/#primaryimage","url":"https:\/\/jornalfatosenoticias.com.br\/wp-content\/uploads\/2025\/09\/sono-infantil_freepik.jpg","contentUrl":"https:\/\/jornalfatosenoticias.com.br\/wp-content\/uploads\/2025\/09\/sono-infantil_freepik.jpg","width":1000,"height":562},{"@type":"BreadcrumbList","@id":"https:\/\/jornalfatosenoticias.com.br\/index.php\/2025\/09\/15\/qualidade-do-sono-e-essencial-para-a-saude-fisica-e-mental-das-criancas-dizem-especialistas\/#breadcrumb","itemListElement":[{"@type":"ListItem","position":1,"name":"In\u00edcio","item":"https:\/\/jornalfatosenoticias.com.br\/"},{"@type":"ListItem","position":2,"name":"Qualidade do sono \u00e9 essencial para a sa\u00fade f\u00edsica e mental das crian\u00e7as, dizem especialistas"}]},{"@type":"WebSite","@id":"https:\/\/jornalfatosenoticias.com.br\/#website","url":"https:\/\/jornalfatosenoticias.com.br\/","name":"Jornal Fatos e Not\u00edcias","description":"Not\u00edcias em geral","publisher":{"@id":"https:\/\/jornalfatosenoticias.com.br\/#organization"},"potentialAction":[{"@type":"SearchAction","target":{"@type":"EntryPoint","urlTemplate":"https:\/\/jornalfatosenoticias.com.br\/?s={search_term_string}"},"query-input":{"@type":"PropertyValueSpecification","valueRequired":true,"valueName":"search_term_string"}}],"inLanguage":"pt-BR"},{"@type":"Organization","@id":"https:\/\/jornalfatosenoticias.com.br\/#organization","name":"Jornal Fatos e Not\u00edcias","url":"https:\/\/jornalfatosenoticias.com.br\/","logo":{"@type":"ImageObject","inLanguage":"pt-BR","@id":"https:\/\/jornalfatosenoticias.com.br\/#\/schema\/logo\/image\/","url":"https:\/\/jornalfatosenoticias.com.br\/wp-content\/uploads\/2020\/02\/logo120.png","contentUrl":"https:\/\/jornalfatosenoticias.com.br\/wp-content\/uploads\/2020\/02\/logo120.png","width":1227,"height":120,"caption":"Jornal Fatos e Not\u00edcias"},"image":{"@id":"https:\/\/jornalfatosenoticias.com.br\/#\/schema\/logo\/image\/"}},{"@type":"Person","@id":"https:\/\/jornalfatosenoticias.com.br\/#\/schema\/person\/d63837fa13ac8666eb9e74e0985d6f81","name":"Luzimara Fernandes","image":{"@type":"ImageObject","inLanguage":"pt-BR","@id":"https:\/\/jornalfatosenoticias.com.br\/#\/schema\/person\/image\/","url":"https:\/\/jornalfatosenoticias.com.br\/wp-content\/uploads\/2025\/05\/EU_portal.jpg","contentUrl":"https:\/\/jornalfatosenoticias.com.br\/wp-content\/uploads\/2025\/05\/EU_portal.jpg","caption":"Luzimara Fernandes"},"description":"Jornalista MTB 2358-ES","sameAs":["https:\/\/jornalfatosenoticias.com.br"],"url":"https:\/\/jornalfatosenoticias.com.br\/index.php\/author\/luzimara\/"}]}},"cc_featured_image_caption":{"caption_text":"(Foto: Freepik)  ","source_text":"","source_url":""},"jetpack_featured_media_url":"https:\/\/jornalfatosenoticias.com.br\/wp-content\/uploads\/2025\/09\/sono-infantil_freepik.jpg","_links":{"self":[{"href":"https:\/\/jornalfatosenoticias.com.br\/index.php\/wp-json\/wp\/v2\/posts\/61878","targetHints":{"allow":["GET"]}}],"collection":[{"href":"https:\/\/jornalfatosenoticias.com.br\/index.php\/wp-json\/wp\/v2\/posts"}],"about":[{"href":"https:\/\/jornalfatosenoticias.com.br\/index.php\/wp-json\/wp\/v2\/types\/post"}],"author":[{"embeddable":true,"href":"https:\/\/jornalfatosenoticias.com.br\/index.php\/wp-json\/wp\/v2\/users\/2"}],"replies":[{"embeddable":true,"href":"https:\/\/jornalfatosenoticias.com.br\/index.php\/wp-json\/wp\/v2\/comments?post=61878"}],"version-history":[{"count":0,"href":"https:\/\/jornalfatosenoticias.com.br\/index.php\/wp-json\/wp\/v2\/posts\/61878\/revisions"}],"wp:featuredmedia":[{"embeddable":true,"href":"https:\/\/jornalfatosenoticias.com.br\/index.php\/wp-json\/wp\/v2\/media\/61879"}],"wp:attachment":[{"href":"https:\/\/jornalfatosenoticias.com.br\/index.php\/wp-json\/wp\/v2\/media?parent=61878"}],"wp:term":[{"taxonomy":"category","embeddable":true,"href":"https:\/\/jornalfatosenoticias.com.br\/index.php\/wp-json\/wp\/v2\/categories?post=61878"},{"taxonomy":"post_tag","embeddable":true,"href":"https:\/\/jornalfatosenoticias.com.br\/index.php\/wp-json\/wp\/v2\/tags?post=61878"}],"curies":[{"name":"wp","href":"https:\/\/api.w.org\/{rel}","templated":true}]}}