{"id":61906,"date":"2025-09-16T09:12:36","date_gmt":"2025-09-16T12:12:36","guid":{"rendered":"https:\/\/jornalfatosenoticias.com.br\/?p=61906"},"modified":"2025-09-16T09:12:40","modified_gmt":"2025-09-16T12:12:40","slug":"investigada-na-cpmi-do-inss-teve-contrato-milionario-com-o-stf-diz-portal","status":"publish","type":"post","link":"https:\/\/jornalfatosenoticias.com.br\/index.php\/2025\/09\/16\/investigada-na-cpmi-do-inss-teve-contrato-milionario-com-o-stf-diz-portal\/","title":{"rendered":"Investigada na CPMI do INSS teve contrato milion\u00e1rio com o STF, diz portal"},"content":{"rendered":"\n<p><em><span class=\"has-inline-color has-black-color\">CPMI do INSS incluiu empresa de viagens e turismo que prestou servi\u00e7os ao STF como alvo das investiga\u00e7\u00f5es<\/span><\/em><\/p>\n\n\n\n<p><span class=\"has-inline-color has-black-color\">Por <strong><a href=\"https:\/\/www.gazetadopovo.com.br\/autor\/juliet-manfrin\/\">Juliet Manfrin<\/a><\/strong><\/span><\/p>\n\n\n\n<div class=\"wp-block-image\"><figure class=\"aligncenter size-large\"><a href=\"https:\/\/mizu.com.br\/\"><img loading=\"lazy\" decoding=\"async\" width=\"729\" height=\"90\" src=\"https:\/\/jornalfatosenoticias.com.br\/wp-content\/uploads\/2020\/02\/Logo_Mizu.png\" alt=\"\" class=\"wp-image-1441\" srcset=\"https:\/\/jornalfatosenoticias.com.br\/wp-content\/uploads\/2020\/02\/Logo_Mizu.png 729w, https:\/\/jornalfatosenoticias.com.br\/wp-content\/uploads\/2020\/02\/Logo_Mizu-300x37.png 300w\" sizes=\"auto, (max-width: 729px) 100vw, 729px\" \/><\/a><\/figure><\/div>\n\n\n\n<p>Uma empresa de viagens e turismo, que passou a ser investigada pela Pol\u00edcia Federal (PF) e pela <a href=\"https:\/\/www.gazetadopovo.com.br\/tudo-sobre\/cpmi-inss\/\" target=\"_blank\" rel=\"noreferrer noopener\">Comiss\u00e3o Parlamentar Mista de Inqu\u00e9rito (CPMI) do INSS<\/a>  ap\u00f3s seu nome aparecer em inqu\u00e9ritos que apuram suspeitas de desvio de recursos p\u00fablicos, teria prestado servi\u00e7os milion\u00e1rios ao Supremo Tribunal Federal (STF) de setembro de 2022 a setembro de 2023, segundo informa\u00e7\u00f5es do <em>Portal Metr\u00f3poles.<\/em> A <strong>Gazeta do Povo<\/strong> procurou a assessoria de imprensa do STF para falar sobre a contrata\u00e7\u00e3o da empresa, mas at\u00e9 a publica\u00e7\u00e3o da reportagem n\u00e3o obteve retorno. O espa\u00e7o segue aberto. A reportagem n\u00e3o conseguiu contato com a empresa.<\/p>\n\n\n\n<div class=\"wp-block-image\"><figure class=\"aligncenter size-large\"><a href=\"https:\/\/www.cesconetto.com.br\/\"><img loading=\"lazy\" decoding=\"async\" width=\"300\" height=\"250\" src=\"https:\/\/jornalfatosenoticias.com.br\/wp-content\/uploads\/2022\/02\/Banner-2.png\" alt=\"\" class=\"wp-image-27877\"\/><\/a><\/figure><\/div>\n\n\n\n<p>Relat\u00f3rios da Pol\u00edcia Federal indicaram que a empresa que prestou servi\u00e7os ao STF e que apareceu nas investiga\u00e7\u00f5es das fraudes do INSS recebeu cerca de R$ 5,2 milh\u00f5es da Confedera\u00e7\u00e3o Nacional dos Trabalhadores Rurais Agricultores Familiares (Contag), que \u00e9 investigada por envolvimento em um suposto esquema de descontos indevidos em aposentadorias vinculadas ao Instituto. A confedera\u00e7\u00e3o, por sua vez, teve seus conv\u00eanios suspensos em raz\u00e3o da investiga\u00e7\u00e3o. Segundo o <em>Metr\u00f3poles, <\/em>a Contag destinou mais de R$ 26 milh\u00f5es a pelo menos 15 entidades, entre elas a empresa de viagens e turismo contratada pelo STF.<\/p>\n\n\n\n<div class=\"wp-block-image\"><figure class=\"aligncenter size-large is-resized\"><a href=\"https:\/\/www.instagram.com\/serra4x4cambioautomatico\/\"><img loading=\"lazy\" decoding=\"async\" src=\"https:\/\/jornalfatosenoticias.com.br\/wp-content\/uploads\/2024\/08\/Serra-4x4-1-886x1024.jpg\" alt=\"\" class=\"wp-image-53632\" width=\"274\" height=\"316\" srcset=\"https:\/\/jornalfatosenoticias.com.br\/wp-content\/uploads\/2024\/08\/Serra-4x4-1-886x1024.jpg 886w, https:\/\/jornalfatosenoticias.com.br\/wp-content\/uploads\/2024\/08\/Serra-4x4-1-260x300.jpg 260w, https:\/\/jornalfatosenoticias.com.br\/wp-content\/uploads\/2024\/08\/Serra-4x4-1-768x888.jpg 768w, https:\/\/jornalfatosenoticias.com.br\/wp-content\/uploads\/2024\/08\/Serra-4x4-1.jpg 1181w\" sizes=\"auto, (max-width: 274px) 100vw, 274px\" \/><\/a><\/figure><\/div>\n\n\n\n<p>Segundo a PF, a ag\u00eancia de viagens tinha patrim\u00f4nio acima do que seu faturamento justificaria, sendo propriet\u00e1ria de 12 ve\u00edculos de luxo, incluindo modelos como Porsche 911, Dodge Ram Rampage e Volvo XC60. O Conselho de Controle de Atividades Financeiras (Coaf) foi acionado ap\u00f3s uma institui\u00e7\u00e3o banc\u00e1ria identificar movimenta\u00e7\u00f5es financeiras expressivas e sem justificativa aparente, envolvendo recursos oriundos da Contag.<\/p>\n\n\n\n<div class=\"wp-block-image\"><figure class=\"aligncenter size-large is-resized\"><a href=\"https:\/\/panper.com.br\/\"><img loading=\"lazy\" decoding=\"async\" src=\"https:\/\/jornalfatosenoticias.com.br\/wp-content\/uploads\/2023\/03\/logo-Panper_portal.jpg\" alt=\"\" class=\"wp-image-40208\" width=\"308\" height=\"213\" srcset=\"https:\/\/jornalfatosenoticias.com.br\/wp-content\/uploads\/2023\/03\/logo-Panper_portal.jpg 400w, https:\/\/jornalfatosenoticias.com.br\/wp-content\/uploads\/2023\/03\/logo-Panper_portal-300x208.jpg 300w\" sizes=\"auto, (max-width: 308px) 100vw, 308px\" \/><\/a><\/figure><\/div>\n\n\n\n<p>A repercuss\u00e3o levou a CPMI do INSS a incluir a empresa de viagens e turismo como alvo das investiga\u00e7\u00f5es em curso. O senador Izalci Lucas (PL-DF) protocolou um requerimento pedindo a quebra do sigilo banc\u00e1rio da empresa de janeiro de 2019 a julho de 2025. As apura\u00e7\u00f5es incluem ind\u00edcios de intermedia\u00e7\u00e3o il\u00edcita, sonega\u00e7\u00e3o fiscal, oculta\u00e7\u00e3o de patrim\u00f4nio e tentativa de fraudes no sistema financeiro.<\/p>\n\n\n\n<div class=\"wp-block-image\"><figure class=\"aligncenter size-large is-resized\"><a href=\"https:\/\/legisjuris.com.br\/\"><img loading=\"lazy\" decoding=\"async\" src=\"https:\/\/jornalfatosenoticias.com.br\/wp-content\/uploads\/2024\/09\/Legis-Juris-Consultoria_logo.jpg\" alt=\"\" class=\"wp-image-53915\" width=\"532\" height=\"223\" srcset=\"https:\/\/jornalfatosenoticias.com.br\/wp-content\/uploads\/2024\/09\/Legis-Juris-Consultoria_logo.jpg 969w, https:\/\/jornalfatosenoticias.com.br\/wp-content\/uploads\/2024\/09\/Legis-Juris-Consultoria_logo-300x126.jpg 300w, https:\/\/jornalfatosenoticias.com.br\/wp-content\/uploads\/2024\/09\/Legis-Juris-Consultoria_logo-768x322.jpg 768w\" sizes=\"auto, (max-width: 532px) 100vw, 532px\" \/><\/a><\/figure><\/div>\n\n\n\n<p><strong>Fonte: <a href=\"https:\/\/www.gazetadopovo.com.br\/republica\/investigada-na-cpmi-do-inss-teve-contrato-milionario-com-o-stf-diz-portal\/\">Gazeta do Povo<\/a><\/strong><\/p>\n","protected":false},"excerpt":{"rendered":"<p>CPMI do INSS incluiu empresa de viagens e turismo que prestou servi\u00e7os ao STF como alvo das investiga\u00e7\u00f5es Por Juliet Manfrin Uma empresa de viagens e turismo, que passou a ser investigada pela Pol\u00edcia Federal (PF) e pela Comiss\u00e3o Parlamentar Mista de Inqu\u00e9rito (CPMI) do INSS ap\u00f3s seu nome aparecer em inqu\u00e9ritos que apuram suspeitas [&hellip;]<\/p>\n","protected":false},"author":2,"featured_media":61907,"comment_status":"open","ping_status":"open","sticky":false,"template":"","format":"standard","meta":{"footnotes":""},"categories":[5],"tags":[28246,28247,696,28245,4847,26150,2146,294,1853],"class_list":["post-61906","post","type-post","status-publish","format-standard","has-post-thumbnail","hentry","category-geral","tag-coaf","tag-conselho-de-controle-de-atividades-financeiras","tag-inss","tag-izalci-lucas","tag-lava-jato","tag-partido-liberal-pl","tag-policia-federal","tag-stf","tag-turismo"],"yoast_head":"<!-- This site is optimized with the Yoast SEO plugin v26.5 - https:\/\/yoast.com\/wordpress\/plugins\/seo\/ -->\n<title>Investigada na CPMI do INSS teve contrato milion\u00e1rio com o STF, diz portal - Jornal Fatos e Not\u00edcias<\/title>\n<meta name=\"robots\" content=\"index, follow, max-snippet:-1, max-image-preview:large, max-video-preview:-1\" \/>\n<link rel=\"canonical\" href=\"https:\/\/jornalfatosenoticias.com.br\/index.php\/2025\/09\/16\/investigada-na-cpmi-do-inss-teve-contrato-milionario-com-o-stf-diz-portal\/\" \/>\n<meta property=\"og:locale\" content=\"pt_BR\" \/>\n<meta property=\"og:type\" content=\"article\" \/>\n<meta property=\"og:title\" content=\"Investigada na CPMI do INSS teve contrato milion\u00e1rio com o STF, diz portal - Jornal Fatos e Not\u00edcias\" \/>\n<meta property=\"og:description\" content=\"CPMI do INSS incluiu empresa de viagens e turismo que prestou servi\u00e7os ao STF como alvo das investiga\u00e7\u00f5es Por Juliet Manfrin Uma empresa de viagens e turismo, que passou a ser investigada pela Pol\u00edcia Federal (PF) e pela Comiss\u00e3o Parlamentar Mista de Inqu\u00e9rito (CPMI) do INSS ap\u00f3s seu nome aparecer em inqu\u00e9ritos que apuram suspeitas [&hellip;]\" \/>\n<meta property=\"og:url\" content=\"https:\/\/jornalfatosenoticias.com.br\/index.php\/2025\/09\/16\/investigada-na-cpmi-do-inss-teve-contrato-milionario-com-o-stf-diz-portal\/\" \/>\n<meta property=\"og:site_name\" content=\"Jornal Fatos e Not\u00edcias\" \/>\n<meta property=\"article:published_time\" content=\"2025-09-16T12:12:36+00:00\" \/>\n<meta property=\"article:modified_time\" content=\"2025-09-16T12:12:40+00:00\" \/>\n<meta property=\"og:image\" content=\"https:\/\/jornalfatosenoticias.com.br\/wp-content\/uploads\/2025\/09\/stf.jpg\" \/>\n\t<meta property=\"og:image:width\" content=\"960\" \/>\n\t<meta property=\"og:image:height\" content=\"540\" \/>\n\t<meta property=\"og:image:type\" content=\"image\/jpeg\" \/>\n<meta name=\"author\" content=\"Luzimara Fernandes\" \/>\n<meta name=\"twitter:card\" content=\"summary_large_image\" \/>\n<meta name=\"twitter:label1\" content=\"Escrito por\" \/>\n\t<meta name=\"twitter:data1\" content=\"Luzimara Fernandes\" \/>\n\t<meta name=\"twitter:label2\" content=\"Est. tempo de leitura\" \/>\n\t<meta name=\"twitter:data2\" content=\"2 minutos\" \/>\n<script type=\"application\/ld+json\" class=\"yoast-schema-graph\">{\"@context\":\"https:\/\/schema.org\",\"@graph\":[{\"@type\":\"Article\",\"@id\":\"https:\/\/jornalfatosenoticias.com.br\/index.php\/2025\/09\/16\/investigada-na-cpmi-do-inss-teve-contrato-milionario-com-o-stf-diz-portal\/#article\",\"isPartOf\":{\"@id\":\"https:\/\/jornalfatosenoticias.com.br\/index.php\/2025\/09\/16\/investigada-na-cpmi-do-inss-teve-contrato-milionario-com-o-stf-diz-portal\/\"},\"author\":{\"name\":\"Luzimara Fernandes\",\"@id\":\"https:\/\/jornalfatosenoticias.com.br\/#\/schema\/person\/d63837fa13ac8666eb9e74e0985d6f81\"},\"headline\":\"Investigada na CPMI do INSS teve contrato milion\u00e1rio com o STF, diz portal\",\"datePublished\":\"2025-09-16T12:12:36+00:00\",\"dateModified\":\"2025-09-16T12:12:40+00:00\",\"mainEntityOfPage\":{\"@id\":\"https:\/\/jornalfatosenoticias.com.br\/index.php\/2025\/09\/16\/investigada-na-cpmi-do-inss-teve-contrato-milionario-com-o-stf-diz-portal\/\"},\"wordCount\":394,\"commentCount\":0,\"publisher\":{\"@id\":\"https:\/\/jornalfatosenoticias.com.br\/#organization\"},\"image\":{\"@id\":\"https:\/\/jornalfatosenoticias.com.br\/index.php\/2025\/09\/16\/investigada-na-cpmi-do-inss-teve-contrato-milionario-com-o-stf-diz-portal\/#primaryimage\"},\"thumbnailUrl\":\"https:\/\/jornalfatosenoticias.com.br\/wp-content\/uploads\/2025\/09\/stf.jpg\",\"keywords\":[\"Coaf\",\"Conselho de Controle de Atividades Financeiras\",\"INSS\",\"Izalci Lucas\",\"Lava Jato\",\"Partido Liberal (PL)\",\"Pol\u00edcia Federal\",\"STF\",\"Turismo\"],\"articleSection\":[\"Geral\"],\"inLanguage\":\"pt-BR\",\"potentialAction\":[{\"@type\":\"CommentAction\",\"name\":\"Comment\",\"target\":[\"https:\/\/jornalfatosenoticias.com.br\/index.php\/2025\/09\/16\/investigada-na-cpmi-do-inss-teve-contrato-milionario-com-o-stf-diz-portal\/#respond\"]}]},{\"@type\":\"WebPage\",\"@id\":\"https:\/\/jornalfatosenoticias.com.br\/index.php\/2025\/09\/16\/investigada-na-cpmi-do-inss-teve-contrato-milionario-com-o-stf-diz-portal\/\",\"url\":\"https:\/\/jornalfatosenoticias.com.br\/index.php\/2025\/09\/16\/investigada-na-cpmi-do-inss-teve-contrato-milionario-com-o-stf-diz-portal\/\",\"name\":\"Investigada na CPMI do INSS teve contrato milion\u00e1rio com o STF, diz portal - Jornal Fatos e Not\u00edcias\",\"isPartOf\":{\"@id\":\"https:\/\/jornalfatosenoticias.com.br\/#website\"},\"primaryImageOfPage\":{\"@id\":\"https:\/\/jornalfatosenoticias.com.br\/index.php\/2025\/09\/16\/investigada-na-cpmi-do-inss-teve-contrato-milionario-com-o-stf-diz-portal\/#primaryimage\"},\"image\":{\"@id\":\"https:\/\/jornalfatosenoticias.com.br\/index.php\/2025\/09\/16\/investigada-na-cpmi-do-inss-teve-contrato-milionario-com-o-stf-diz-portal\/#primaryimage\"},\"thumbnailUrl\":\"https:\/\/jornalfatosenoticias.com.br\/wp-content\/uploads\/2025\/09\/stf.jpg\",\"datePublished\":\"2025-09-16T12:12:36+00:00\",\"dateModified\":\"2025-09-16T12:12:40+00:00\",\"breadcrumb\":{\"@id\":\"https:\/\/jornalfatosenoticias.com.br\/index.php\/2025\/09\/16\/investigada-na-cpmi-do-inss-teve-contrato-milionario-com-o-stf-diz-portal\/#breadcrumb\"},\"inLanguage\":\"pt-BR\",\"potentialAction\":[{\"@type\":\"ReadAction\",\"target\":[\"https:\/\/jornalfatosenoticias.com.br\/index.php\/2025\/09\/16\/investigada-na-cpmi-do-inss-teve-contrato-milionario-com-o-stf-diz-portal\/\"]}]},{\"@type\":\"ImageObject\",\"inLanguage\":\"pt-BR\",\"@id\":\"https:\/\/jornalfatosenoticias.com.br\/index.php\/2025\/09\/16\/investigada-na-cpmi-do-inss-teve-contrato-milionario-com-o-stf-diz-portal\/#primaryimage\",\"url\":\"https:\/\/jornalfatosenoticias.com.br\/wp-content\/uploads\/2025\/09\/stf.jpg\",\"contentUrl\":\"https:\/\/jornalfatosenoticias.com.br\/wp-content\/uploads\/2025\/09\/stf.jpg\",\"width\":960,\"height\":540},{\"@type\":\"BreadcrumbList\",\"@id\":\"https:\/\/jornalfatosenoticias.com.br\/index.php\/2025\/09\/16\/investigada-na-cpmi-do-inss-teve-contrato-milionario-com-o-stf-diz-portal\/#breadcrumb\",\"itemListElement\":[{\"@type\":\"ListItem\",\"position\":1,\"name\":\"In\u00edcio\",\"item\":\"https:\/\/jornalfatosenoticias.com.br\/\"},{\"@type\":\"ListItem\",\"position\":2,\"name\":\"Investigada na CPMI do INSS teve contrato milion\u00e1rio com o STF, diz portal\"}]},{\"@type\":\"WebSite\",\"@id\":\"https:\/\/jornalfatosenoticias.com.br\/#website\",\"url\":\"https:\/\/jornalfatosenoticias.com.br\/\",\"name\":\"Jornal Fatos e Not\u00edcias\",\"description\":\"Not\u00edcias em geral\",\"publisher\":{\"@id\":\"https:\/\/jornalfatosenoticias.com.br\/#organization\"},\"potentialAction\":[{\"@type\":\"SearchAction\",\"target\":{\"@type\":\"EntryPoint\",\"urlTemplate\":\"https:\/\/jornalfatosenoticias.com.br\/?s={search_term_string}\"},\"query-input\":{\"@type\":\"PropertyValueSpecification\",\"valueRequired\":true,\"valueName\":\"search_term_string\"}}],\"inLanguage\":\"pt-BR\"},{\"@type\":\"Organization\",\"@id\":\"https:\/\/jornalfatosenoticias.com.br\/#organization\",\"name\":\"Jornal Fatos e Not\u00edcias\",\"url\":\"https:\/\/jornalfatosenoticias.com.br\/\",\"logo\":{\"@type\":\"ImageObject\",\"inLanguage\":\"pt-BR\",\"@id\":\"https:\/\/jornalfatosenoticias.com.br\/#\/schema\/logo\/image\/\",\"url\":\"https:\/\/jornalfatosenoticias.com.br\/wp-content\/uploads\/2020\/02\/logo120.png\",\"contentUrl\":\"https:\/\/jornalfatosenoticias.com.br\/wp-content\/uploads\/2020\/02\/logo120.png\",\"width\":1227,\"height\":120,\"caption\":\"Jornal Fatos e Not\u00edcias\"},\"image\":{\"@id\":\"https:\/\/jornalfatosenoticias.com.br\/#\/schema\/logo\/image\/\"}},{\"@type\":\"Person\",\"@id\":\"https:\/\/jornalfatosenoticias.com.br\/#\/schema\/person\/d63837fa13ac8666eb9e74e0985d6f81\",\"name\":\"Luzimara Fernandes\",\"image\":{\"@type\":\"ImageObject\",\"inLanguage\":\"pt-BR\",\"@id\":\"https:\/\/jornalfatosenoticias.com.br\/#\/schema\/person\/image\/\",\"url\":\"https:\/\/jornalfatosenoticias.com.br\/wp-content\/uploads\/2025\/05\/EU_portal.jpg\",\"contentUrl\":\"https:\/\/jornalfatosenoticias.com.br\/wp-content\/uploads\/2025\/05\/EU_portal.jpg\",\"caption\":\"Luzimara Fernandes\"},\"description\":\"Jornalista MTB 2358-ES\",\"sameAs\":[\"https:\/\/jornalfatosenoticias.com.br\"],\"url\":\"https:\/\/jornalfatosenoticias.com.br\/index.php\/author\/luzimara\/\"}]}<\/script>\n<!-- \/ Yoast SEO plugin. -->","yoast_head_json":{"title":"Investigada na CPMI do INSS teve contrato milion\u00e1rio com o STF, diz portal - Jornal Fatos e Not\u00edcias","robots":{"index":"index","follow":"follow","max-snippet":"max-snippet:-1","max-image-preview":"max-image-preview:large","max-video-preview":"max-video-preview:-1"},"canonical":"https:\/\/jornalfatosenoticias.com.br\/index.php\/2025\/09\/16\/investigada-na-cpmi-do-inss-teve-contrato-milionario-com-o-stf-diz-portal\/","og_locale":"pt_BR","og_type":"article","og_title":"Investigada na CPMI do INSS teve contrato milion\u00e1rio com o STF, diz portal - Jornal Fatos e Not\u00edcias","og_description":"CPMI do INSS incluiu empresa de viagens e turismo que prestou servi\u00e7os ao STF como alvo das investiga\u00e7\u00f5es Por Juliet Manfrin Uma empresa de viagens e turismo, que passou a ser investigada pela Pol\u00edcia Federal (PF) e pela Comiss\u00e3o Parlamentar Mista de Inqu\u00e9rito (CPMI) do INSS ap\u00f3s seu nome aparecer em inqu\u00e9ritos que apuram suspeitas [&hellip;]","og_url":"https:\/\/jornalfatosenoticias.com.br\/index.php\/2025\/09\/16\/investigada-na-cpmi-do-inss-teve-contrato-milionario-com-o-stf-diz-portal\/","og_site_name":"Jornal Fatos e Not\u00edcias","article_published_time":"2025-09-16T12:12:36+00:00","article_modified_time":"2025-09-16T12:12:40+00:00","og_image":[{"width":960,"height":540,"url":"https:\/\/jornalfatosenoticias.com.br\/wp-content\/uploads\/2025\/09\/stf.jpg","type":"image\/jpeg"}],"author":"Luzimara Fernandes","twitter_card":"summary_large_image","twitter_misc":{"Escrito por":"Luzimara Fernandes","Est. tempo de leitura":"2 minutos"},"schema":{"@context":"https:\/\/schema.org","@graph":[{"@type":"Article","@id":"https:\/\/jornalfatosenoticias.com.br\/index.php\/2025\/09\/16\/investigada-na-cpmi-do-inss-teve-contrato-milionario-com-o-stf-diz-portal\/#article","isPartOf":{"@id":"https:\/\/jornalfatosenoticias.com.br\/index.php\/2025\/09\/16\/investigada-na-cpmi-do-inss-teve-contrato-milionario-com-o-stf-diz-portal\/"},"author":{"name":"Luzimara Fernandes","@id":"https:\/\/jornalfatosenoticias.com.br\/#\/schema\/person\/d63837fa13ac8666eb9e74e0985d6f81"},"headline":"Investigada na CPMI do INSS teve contrato milion\u00e1rio com o STF, diz portal","datePublished":"2025-09-16T12:12:36+00:00","dateModified":"2025-09-16T12:12:40+00:00","mainEntityOfPage":{"@id":"https:\/\/jornalfatosenoticias.com.br\/index.php\/2025\/09\/16\/investigada-na-cpmi-do-inss-teve-contrato-milionario-com-o-stf-diz-portal\/"},"wordCount":394,"commentCount":0,"publisher":{"@id":"https:\/\/jornalfatosenoticias.com.br\/#organization"},"image":{"@id":"https:\/\/jornalfatosenoticias.com.br\/index.php\/2025\/09\/16\/investigada-na-cpmi-do-inss-teve-contrato-milionario-com-o-stf-diz-portal\/#primaryimage"},"thumbnailUrl":"https:\/\/jornalfatosenoticias.com.br\/wp-content\/uploads\/2025\/09\/stf.jpg","keywords":["Coaf","Conselho de Controle de Atividades Financeiras","INSS","Izalci Lucas","Lava Jato","Partido Liberal (PL)","Pol\u00edcia Federal","STF","Turismo"],"articleSection":["Geral"],"inLanguage":"pt-BR","potentialAction":[{"@type":"CommentAction","name":"Comment","target":["https:\/\/jornalfatosenoticias.com.br\/index.php\/2025\/09\/16\/investigada-na-cpmi-do-inss-teve-contrato-milionario-com-o-stf-diz-portal\/#respond"]}]},{"@type":"WebPage","@id":"https:\/\/jornalfatosenoticias.com.br\/index.php\/2025\/09\/16\/investigada-na-cpmi-do-inss-teve-contrato-milionario-com-o-stf-diz-portal\/","url":"https:\/\/jornalfatosenoticias.com.br\/index.php\/2025\/09\/16\/investigada-na-cpmi-do-inss-teve-contrato-milionario-com-o-stf-diz-portal\/","name":"Investigada na CPMI do INSS teve contrato milion\u00e1rio com o STF, diz portal - Jornal Fatos e Not\u00edcias","isPartOf":{"@id":"https:\/\/jornalfatosenoticias.com.br\/#website"},"primaryImageOfPage":{"@id":"https:\/\/jornalfatosenoticias.com.br\/index.php\/2025\/09\/16\/investigada-na-cpmi-do-inss-teve-contrato-milionario-com-o-stf-diz-portal\/#primaryimage"},"image":{"@id":"https:\/\/jornalfatosenoticias.com.br\/index.php\/2025\/09\/16\/investigada-na-cpmi-do-inss-teve-contrato-milionario-com-o-stf-diz-portal\/#primaryimage"},"thumbnailUrl":"https:\/\/jornalfatosenoticias.com.br\/wp-content\/uploads\/2025\/09\/stf.jpg","datePublished":"2025-09-16T12:12:36+00:00","dateModified":"2025-09-16T12:12:40+00:00","breadcrumb":{"@id":"https:\/\/jornalfatosenoticias.com.br\/index.php\/2025\/09\/16\/investigada-na-cpmi-do-inss-teve-contrato-milionario-com-o-stf-diz-portal\/#breadcrumb"},"inLanguage":"pt-BR","potentialAction":[{"@type":"ReadAction","target":["https:\/\/jornalfatosenoticias.com.br\/index.php\/2025\/09\/16\/investigada-na-cpmi-do-inss-teve-contrato-milionario-com-o-stf-diz-portal\/"]}]},{"@type":"ImageObject","inLanguage":"pt-BR","@id":"https:\/\/jornalfatosenoticias.com.br\/index.php\/2025\/09\/16\/investigada-na-cpmi-do-inss-teve-contrato-milionario-com-o-stf-diz-portal\/#primaryimage","url":"https:\/\/jornalfatosenoticias.com.br\/wp-content\/uploads\/2025\/09\/stf.jpg","contentUrl":"https:\/\/jornalfatosenoticias.com.br\/wp-content\/uploads\/2025\/09\/stf.jpg","width":960,"height":540},{"@type":"BreadcrumbList","@id":"https:\/\/jornalfatosenoticias.com.br\/index.php\/2025\/09\/16\/investigada-na-cpmi-do-inss-teve-contrato-milionario-com-o-stf-diz-portal\/#breadcrumb","itemListElement":[{"@type":"ListItem","position":1,"name":"In\u00edcio","item":"https:\/\/jornalfatosenoticias.com.br\/"},{"@type":"ListItem","position":2,"name":"Investigada na CPMI do INSS teve contrato milion\u00e1rio com o STF, diz portal"}]},{"@type":"WebSite","@id":"https:\/\/jornalfatosenoticias.com.br\/#website","url":"https:\/\/jornalfatosenoticias.com.br\/","name":"Jornal Fatos e Not\u00edcias","description":"Not\u00edcias em geral","publisher":{"@id":"https:\/\/jornalfatosenoticias.com.br\/#organization"},"potentialAction":[{"@type":"SearchAction","target":{"@type":"EntryPoint","urlTemplate":"https:\/\/jornalfatosenoticias.com.br\/?s={search_term_string}"},"query-input":{"@type":"PropertyValueSpecification","valueRequired":true,"valueName":"search_term_string"}}],"inLanguage":"pt-BR"},{"@type":"Organization","@id":"https:\/\/jornalfatosenoticias.com.br\/#organization","name":"Jornal Fatos e Not\u00edcias","url":"https:\/\/jornalfatosenoticias.com.br\/","logo":{"@type":"ImageObject","inLanguage":"pt-BR","@id":"https:\/\/jornalfatosenoticias.com.br\/#\/schema\/logo\/image\/","url":"https:\/\/jornalfatosenoticias.com.br\/wp-content\/uploads\/2020\/02\/logo120.png","contentUrl":"https:\/\/jornalfatosenoticias.com.br\/wp-content\/uploads\/2020\/02\/logo120.png","width":1227,"height":120,"caption":"Jornal Fatos e Not\u00edcias"},"image":{"@id":"https:\/\/jornalfatosenoticias.com.br\/#\/schema\/logo\/image\/"}},{"@type":"Person","@id":"https:\/\/jornalfatosenoticias.com.br\/#\/schema\/person\/d63837fa13ac8666eb9e74e0985d6f81","name":"Luzimara Fernandes","image":{"@type":"ImageObject","inLanguage":"pt-BR","@id":"https:\/\/jornalfatosenoticias.com.br\/#\/schema\/person\/image\/","url":"https:\/\/jornalfatosenoticias.com.br\/wp-content\/uploads\/2025\/05\/EU_portal.jpg","contentUrl":"https:\/\/jornalfatosenoticias.com.br\/wp-content\/uploads\/2025\/05\/EU_portal.jpg","caption":"Luzimara Fernandes"},"description":"Jornalista MTB 2358-ES","sameAs":["https:\/\/jornalfatosenoticias.com.br"],"url":"https:\/\/jornalfatosenoticias.com.br\/index.php\/author\/luzimara\/"}]}},"cc_featured_image_caption":{"caption_text":"(Foto: Pedro Fran\u00e7a\/Ag\u00eancia Senado)","source_text":"","source_url":""},"jetpack_featured_media_url":"https:\/\/jornalfatosenoticias.com.br\/wp-content\/uploads\/2025\/09\/stf.jpg","_links":{"self":[{"href":"https:\/\/jornalfatosenoticias.com.br\/index.php\/wp-json\/wp\/v2\/posts\/61906","targetHints":{"allow":["GET"]}}],"collection":[{"href":"https:\/\/jornalfatosenoticias.com.br\/index.php\/wp-json\/wp\/v2\/posts"}],"about":[{"href":"https:\/\/jornalfatosenoticias.com.br\/index.php\/wp-json\/wp\/v2\/types\/post"}],"author":[{"embeddable":true,"href":"https:\/\/jornalfatosenoticias.com.br\/index.php\/wp-json\/wp\/v2\/users\/2"}],"replies":[{"embeddable":true,"href":"https:\/\/jornalfatosenoticias.com.br\/index.php\/wp-json\/wp\/v2\/comments?post=61906"}],"version-history":[{"count":0,"href":"https:\/\/jornalfatosenoticias.com.br\/index.php\/wp-json\/wp\/v2\/posts\/61906\/revisions"}],"wp:featuredmedia":[{"embeddable":true,"href":"https:\/\/jornalfatosenoticias.com.br\/index.php\/wp-json\/wp\/v2\/media\/61907"}],"wp:attachment":[{"href":"https:\/\/jornalfatosenoticias.com.br\/index.php\/wp-json\/wp\/v2\/media?parent=61906"}],"wp:term":[{"taxonomy":"category","embeddable":true,"href":"https:\/\/jornalfatosenoticias.com.br\/index.php\/wp-json\/wp\/v2\/categories?post=61906"},{"taxonomy":"post_tag","embeddable":true,"href":"https:\/\/jornalfatosenoticias.com.br\/index.php\/wp-json\/wp\/v2\/tags?post=61906"}],"curies":[{"name":"wp","href":"https:\/\/api.w.org\/{rel}","templated":true}]}}