{"id":61941,"date":"2025-09-16T16:06:49","date_gmt":"2025-09-16T19:06:49","guid":{"rendered":"https:\/\/jornalfatosenoticias.com.br\/?p=61941"},"modified":"2025-09-16T16:06:50","modified_gmt":"2025-09-16T19:06:50","slug":"novo-teste-digital-promete-diagnostico-mais-rapido-do-alzheimer","status":"publish","type":"post","link":"https:\/\/jornalfatosenoticias.com.br\/index.php\/2025\/09\/16\/novo-teste-digital-promete-diagnostico-mais-rapido-do-alzheimer\/","title":{"rendered":"Novo teste digital promete diagn\u00f3stico mais r\u00e1pido do Alzheimer"},"content":{"rendered":"\n<p><em><span class=\"has-inline-color has-black-color\">Pesquisadores criam teste cognitivo digital que permite diagn\u00f3stico r\u00e1pido e preciso do Alzheimer, feito pelo pr\u00f3prio paciente e com m\u00ednima interven\u00e7\u00e3o m\u00e9dica<\/span><\/em><\/p>\n\n\n\n<p><span class=\"has-inline-color has-black-color\">Por <strong><a href=\"https:\/\/olhardigital.com.br\/author\/valdir-antonelli\/\">Valdir Antonelli<\/a><\/strong><\/span><\/p>\n\n\n\n<div class=\"wp-block-image\"><figure class=\"aligncenter size-large\"><a href=\"https:\/\/mizu.com.br\/\"><img loading=\"lazy\" decoding=\"async\" width=\"729\" height=\"90\" src=\"https:\/\/jornalfatosenoticias.com.br\/wp-content\/uploads\/2020\/02\/Logo_Mizu.png\" alt=\"\" class=\"wp-image-1441\" srcset=\"https:\/\/jornalfatosenoticias.com.br\/wp-content\/uploads\/2020\/02\/Logo_Mizu.png 729w, https:\/\/jornalfatosenoticias.com.br\/wp-content\/uploads\/2020\/02\/Logo_Mizu-300x37.png 300w\" sizes=\"auto, (max-width: 729px) 100vw, 729px\" \/><\/a><\/figure><\/div>\n\n\n\n<p>Pesquisadores da Universidade de Lund, na Su\u00e9cia, desenvolveram um <strong><a href=\"https:\/\/www.nature.com\/articles\/s41591-025-03965-4\" target=\"_blank\" rel=\"noreferrer noopener\">teste cognitivo<\/a>,<\/strong> que pode ser feito pelo pr\u00f3prio paciente, para um diagn\u00f3stico mais preciso da doen\u00e7a de\u00a0<strong><a href=\"https:\/\/olhardigital.com.br\/tag\/alzheimer\/\" target=\"_blank\" rel=\"noreferrer noopener\">Alzheimer<\/a>.<\/strong> Segundo a equipe, o teste exige envolvimento m\u00ednimo da equipe de sa\u00fade, mas contribui para que o m\u00e9dico determine quais pacientes precisam de exames mais profundos para detectar a doen\u00e7a em seu in\u00edcio.<br>No teste, explica mat\u00e9ria no <strong><a href=\"https:\/\/www.eurekalert.org\/news-releases\/1098121\" target=\"_blank\" rel=\"noreferrer noopener\">EurekAlert!,<\/a><\/strong> os m\u00e9dicos avaliam quanto tempo o paciente leva para lembrar-se de objetos e relacionar palavras. Isso ajuda a ter uma vis\u00e3o mais detalhada do que os testes atuais oferecem.<\/p>\n\n\n\n<div class=\"wp-block-image\"><figure class=\"aligncenter size-large is-resized\"><a href=\"https:\/\/www.facebook.com\/postobkr\/?locale=pt_BR\"><img loading=\"lazy\" decoding=\"async\" src=\"https:\/\/jornalfatosenoticias.com.br\/wp-content\/uploads\/2023\/08\/BKR-1024x1021.jpg\" alt=\"\" class=\"wp-image-44494\" width=\"284\" height=\"283\" srcset=\"https:\/\/jornalfatosenoticias.com.br\/wp-content\/uploads\/2023\/08\/BKR-1024x1021.jpg 1024w, https:\/\/jornalfatosenoticias.com.br\/wp-content\/uploads\/2023\/08\/BKR-300x300.jpg 300w, https:\/\/jornalfatosenoticias.com.br\/wp-content\/uploads\/2023\/08\/BKR-150x150.jpg 150w, https:\/\/jornalfatosenoticias.com.br\/wp-content\/uploads\/2023\/08\/BKR-768x766.jpg 768w, https:\/\/jornalfatosenoticias.com.br\/wp-content\/uploads\/2023\/08\/BKR.jpg 1080w\" sizes=\"auto, (max-width: 284px) 100vw, 284px\" \/><\/a><\/figure><\/div>\n\n\n\n<p><strong><span class=\"has-inline-color has-vivid-purple-color\">O procedimento \u00e9 simples. O paciente deve:<br><\/span><\/strong>\ud83d\udd39 Memorizar 10 palavras aleat\u00f3rias.<br>\ud83d\udd39 Dizer a data atual.<br>\ud83d\udd39 Reconhecer as palavras em uma lista com 30 op\u00e7\u00f5es.<\/p>\n\n\n\n<div class=\"wp-block-image\"><figure class=\"aligncenter size-large\"><a href=\"https:\/\/www.controlsystems.com.br\/\"><img loading=\"lazy\" decoding=\"async\" width=\"1024\" height=\"109\" src=\"https:\/\/jornalfatosenoticias.com.br\/wp-content\/uploads\/2020\/02\/CONTROL-CS2-1024x109.jpg\" alt=\"\" class=\"wp-image-44989\" srcset=\"https:\/\/jornalfatosenoticias.com.br\/wp-content\/uploads\/2020\/02\/CONTROL-CS2-1024x109.jpg 1024w, https:\/\/jornalfatosenoticias.com.br\/wp-content\/uploads\/2020\/02\/CONTROL-CS2-300x32.jpg 300w, https:\/\/jornalfatosenoticias.com.br\/wp-content\/uploads\/2020\/02\/CONTROL-CS2-768x82.jpg 768w, https:\/\/jornalfatosenoticias.com.br\/wp-content\/uploads\/2020\/02\/CONTROL-CS2.jpg 1120w\" sizes=\"auto, (max-width: 1024px) 100vw, 1024px\" \/><\/a><\/figure><\/div>\n\n\n\n<p>Os m\u00e9dicos observam n\u00e3o s\u00f3 se o paciente acerta, mas tamb\u00e9m a rapidez com que encontra as respostas e processa as informa\u00e7\u00f5es. Como os postos de sa\u00fade n\u00e3o t\u00eam tempo, recursos ou profissionais treinados para investigarem o Alzheimer com profundidade, diferente das cl\u00ednicas especializadas em mem\u00f3ria, o teste pode ser de extrema valia para agilizar o atendimento desses pacientes.<\/p>\n\n\n\n<div class=\"wp-block-image\"><figure class=\"aligncenter size-large is-resized\"><a href=\"https:\/\/www.instagram.com\/esteio.churrascaria\/\"><img loading=\"lazy\" decoding=\"async\" src=\"https:\/\/jornalfatosenoticias.com.br\/wp-content\/uploads\/2022\/02\/LOGO-ESTEIO-1024x730.png\" alt=\"\" class=\"wp-image-27942\" width=\"337\" height=\"240\" srcset=\"https:\/\/jornalfatosenoticias.com.br\/wp-content\/uploads\/2022\/02\/LOGO-ESTEIO-1024x730.png 1024w, https:\/\/jornalfatosenoticias.com.br\/wp-content\/uploads\/2022\/02\/LOGO-ESTEIO-300x214.png 300w, https:\/\/jornalfatosenoticias.com.br\/wp-content\/uploads\/2022\/02\/LOGO-ESTEIO-768x548.png 768w, https:\/\/jornalfatosenoticias.com.br\/wp-content\/uploads\/2022\/02\/LOGO-ESTEIO.png 1123w\" sizes=\"auto, (max-width: 337px) 100vw, 337px\" \/><\/a><\/figure><\/div>\n\n\n\n<blockquote class=\"wp-block-quote is-layout-flow wp-block-quote-is-layout-flow\"><p><span class=\"has-inline-color has-luminous-vivid-orange-color\">A aten\u00e7\u00e3o prim\u00e1ria n\u00e3o disp\u00f5e de recursos, tempo ou conhecimento especializado para investigar a poss\u00edvel doen\u00e7a de Alzheimer da mesma forma que cl\u00ednicas especializadas em mem\u00f3ria&#8221;, Oskar Hansson, professor de neurologia na Universidade de Lund, em nota enviada \u00e0 imprensa. Para Hansson, \u201c\u00e9 aqui que ou um teste cognitivo digital pode fazer a diferen\u00e7a\u201d e agilizar a resposta da equipe m\u00e9dica em instruir o paciente a buscar um especialista.<\/span><\/p><\/blockquote>\n\n\n\n<div class=\"wp-block-image\"><figure class=\"aligncenter size-large is-resized\"><a href=\"https:\/\/www.instagram.com\/rcradiadores\/\"><img loading=\"lazy\" decoding=\"async\" src=\"https:\/\/jornalfatosenoticias.com.br\/wp-content\/uploads\/2022\/10\/RC_800x750_page-0001.jpg\" alt=\"\" class=\"wp-image-35338\" width=\"299\" height=\"281\" srcset=\"https:\/\/jornalfatosenoticias.com.br\/wp-content\/uploads\/2022\/10\/RC_800x750_page-0001.jpg 400w, https:\/\/jornalfatosenoticias.com.br\/wp-content\/uploads\/2022\/10\/RC_800x750_page-0001-300x281.jpg 300w\" sizes=\"auto, (max-width: 299px) 100vw, 299px\" \/><\/a><\/figure><\/div>\n\n\n\n<p><strong><span class=\"has-inline-color has-vivid-purple-color\">Alzheimer \u00e9 a forma mais comum de dem\u00eancia<\/span><\/strong><\/p>\n\n\n\n<div class=\"wp-block-image\"><figure class=\"aligncenter size-large\"><img loading=\"lazy\" decoding=\"async\" width=\"612\" height=\"408\" src=\"https:\/\/jornalfatosenoticias.com.br\/wp-content\/uploads\/2025\/09\/Alzheimer_istock.jpg\" alt=\"\" class=\"wp-image-61942\" srcset=\"https:\/\/jornalfatosenoticias.com.br\/wp-content\/uploads\/2025\/09\/Alzheimer_istock.jpg 612w, https:\/\/jornalfatosenoticias.com.br\/wp-content\/uploads\/2025\/09\/Alzheimer_istock-300x200.jpg 300w\" sizes=\"auto, (max-width: 612px) 100vw, 612px\" \/><figcaption><em><span class=\"has-inline-color has-black-color\">Novo teste pode agilizar a identifica\u00e7\u00e3o de pacientes com Alzheimer e permitir que comecem mais rapidamente seu tratamento (Foto: iStock)<\/span><\/em><\/figcaption><\/figure><\/div>\n\n\n\n<p>Forma mais comum de dem\u00eancia, o Alzheimer afeta cerca de 1,8 milh\u00e3o de pessoas com mais de 60 anos no Brasil. Embora apenas 20% dos casos sejam diagnosticados, o Alzheimer causa problemas de mem\u00f3ria, fala e linguagem, al\u00e9m de afetar o humor dos pacientes. O diagn\u00f3stico \u00e9 feito, geralmente, por meio de exames de sangue para descartar outras doen\u00e7as, al\u00e9m de testes de mem\u00f3ria e racioc\u00ednio que s\u00e3o realizados \u00e0 m\u00e3o para avaliar diferentes partes do c\u00e9rebro, como desenhar um objeto ou fazer associa\u00e7\u00f5es de palavras.<\/p>\n\n\n\n<div class=\"wp-block-image\"><figure class=\"aligncenter size-large is-resized\"><a href=\"https:\/\/www.instagram.com\/serra4x4cambioautomatico\/\"><img loading=\"lazy\" decoding=\"async\" src=\"https:\/\/jornalfatosenoticias.com.br\/wp-content\/uploads\/2024\/08\/Serra-4x4-1-886x1024.jpg\" alt=\"\" class=\"wp-image-53632\" width=\"275\" height=\"318\" srcset=\"https:\/\/jornalfatosenoticias.com.br\/wp-content\/uploads\/2024\/08\/Serra-4x4-1-886x1024.jpg 886w, https:\/\/jornalfatosenoticias.com.br\/wp-content\/uploads\/2024\/08\/Serra-4x4-1-260x300.jpg 260w, https:\/\/jornalfatosenoticias.com.br\/wp-content\/uploads\/2024\/08\/Serra-4x4-1-768x888.jpg 768w, https:\/\/jornalfatosenoticias.com.br\/wp-content\/uploads\/2024\/08\/Serra-4x4-1.jpg 1181w\" sizes=\"auto, (max-width: 275px) 100vw, 275px\" \/><\/a><\/figure><\/div>\n\n\n\n<p>No entanto, esse tipo de exame de sangue, que busca as prote\u00ednas beta-amiloide e tau, ainda n\u00e3o est\u00e1 dispon\u00edvel pelo <strong><a href=\"https:\/\/olhardigital.com.br\/tag\/sus\/\" target=\"_blank\" rel=\"noreferrer noopener\">SUS<\/a><\/strong> nem s\u00e3o cobertos pelos planos de sa\u00fade no pa\u00eds, tornando o teste digital uma op\u00e7\u00e3o simples, barata e pr\u00e1tica para identificar poss\u00edveis doentes.<\/p>\n\n\n\n<blockquote class=\"wp-block-quote is-layout-flow wp-block-quote-is-layout-flow\"><p><span class=\"has-inline-color has-luminous-vivid-orange-color\">Nosso teste digital fornece uma primeira imagem objetiva \u2014 em est\u00e1gio inicial e com maior precis\u00e3o \u2014 de quais pacientes apresentam comprometimento cognitivo\u201d, explica Pontus Tideman, doutorando do grupo de pesquisa de mem\u00f3ria cl\u00ednica da Universidade de Lund. \u201cIsso indica quem deve prosseguir com o exame de sangue [\u2026] para detectar a patologia de Alzheimer no c\u00e9rebro\u201d.<\/span><\/p><\/blockquote>\n\n\n\n<div class=\"wp-block-image\"><figure class=\"aligncenter size-large is-resized\"><a href=\"https:\/\/www.instagram.com\/esteio.churrascaria\/\"><img loading=\"lazy\" decoding=\"async\" src=\"https:\/\/jornalfatosenoticias.com.br\/wp-content\/uploads\/2023\/12\/pegoretti-logo-pdf-1024x389.jpg\" alt=\"\" class=\"wp-image-47536\" width=\"540\" height=\"205\" srcset=\"https:\/\/jornalfatosenoticias.com.br\/wp-content\/uploads\/2023\/12\/pegoretti-logo-pdf-1024x389.jpg 1024w, https:\/\/jornalfatosenoticias.com.br\/wp-content\/uploads\/2023\/12\/pegoretti-logo-pdf-300x114.jpg 300w, https:\/\/jornalfatosenoticias.com.br\/wp-content\/uploads\/2023\/12\/pegoretti-logo-pdf-768x291.jpg 768w, https:\/\/jornalfatosenoticias.com.br\/wp-content\/uploads\/2023\/12\/pegoretti-logo-pdf.jpg 1120w\" sizes=\"auto, (max-width: 540px) 100vw, 540px\" \/><\/a><\/figure><\/div>\n\n\n\n<p>A combina\u00e7\u00e3o do novo teste digital com o exame de sangue, torna o diagn\u00f3stico de Alzheimer mais preciso, permitindo que o m\u00e9dico tome decis\u00f5es mais informadas e r\u00e1pidas para iniciar o tratamento.<\/p>\n\n\n\n<p><strong>Fonte: <a href=\"https:\/\/olhardigital.com.br\/2025\/09\/15\/medicina-e-saude\/novo-teste-digital-promete-diagnostico-mais-rapido-do-alzheimer\/\">Olhar Digital<\/a><\/strong><\/p>\n","protected":false},"excerpt":{"rendered":"<p>Pesquisadores criam teste cognitivo digital que permite diagn\u00f3stico r\u00e1pido e preciso do Alzheimer, feito pelo pr\u00f3prio paciente e com m\u00ednima interven\u00e7\u00e3o m\u00e9dica Por Valdir Antonelli Pesquisadores da Universidade de Lund, na Su\u00e9cia, desenvolveram um teste cognitivo, que pode ser feito pelo pr\u00f3prio paciente, para um diagn\u00f3stico mais preciso da doen\u00e7a de\u00a0Alzheimer. Segundo a equipe, o [&hellip;]<\/p>\n","protected":false},"author":2,"featured_media":61943,"comment_status":"open","ping_status":"open","sticky":false,"template":"","format":"standard","meta":{"footnotes":""},"categories":[11],"tags":[2501,9746,14099,3247],"class_list":["post-61941","post","type-post","status-publish","format-standard","has-post-thumbnail","hentry","category-saude","tag-alzheimer","tag-capacidade-cognitiva","tag-doenca-neurodegenerativa","tag-memoria"],"yoast_head":"<!-- This site is optimized with the Yoast SEO plugin v26.5 - https:\/\/yoast.com\/wordpress\/plugins\/seo\/ -->\n<title>Novo teste digital promete diagn\u00f3stico mais r\u00e1pido do Alzheimer - Jornal Fatos e Not\u00edcias<\/title>\n<meta name=\"robots\" content=\"index, follow, max-snippet:-1, max-image-preview:large, max-video-preview:-1\" \/>\n<link rel=\"canonical\" href=\"https:\/\/jornalfatosenoticias.com.br\/index.php\/2025\/09\/16\/novo-teste-digital-promete-diagnostico-mais-rapido-do-alzheimer\/\" \/>\n<meta property=\"og:locale\" content=\"pt_BR\" \/>\n<meta property=\"og:type\" content=\"article\" \/>\n<meta property=\"og:title\" content=\"Novo teste digital promete diagn\u00f3stico mais r\u00e1pido do Alzheimer - Jornal Fatos e Not\u00edcias\" \/>\n<meta property=\"og:description\" content=\"Pesquisadores criam teste cognitivo digital que permite diagn\u00f3stico r\u00e1pido e preciso do Alzheimer, feito pelo pr\u00f3prio paciente e com m\u00ednima interven\u00e7\u00e3o m\u00e9dica Por Valdir Antonelli Pesquisadores da Universidade de Lund, na Su\u00e9cia, desenvolveram um teste cognitivo, que pode ser feito pelo pr\u00f3prio paciente, para um diagn\u00f3stico mais preciso da doen\u00e7a de\u00a0Alzheimer. Segundo a equipe, o [&hellip;]\" \/>\n<meta property=\"og:url\" content=\"https:\/\/jornalfatosenoticias.com.br\/index.php\/2025\/09\/16\/novo-teste-digital-promete-diagnostico-mais-rapido-do-alzheimer\/\" \/>\n<meta property=\"og:site_name\" content=\"Jornal Fatos e Not\u00edcias\" \/>\n<meta property=\"article:published_time\" content=\"2025-09-16T19:06:49+00:00\" \/>\n<meta property=\"article:modified_time\" content=\"2025-09-16T19:06:50+00:00\" \/>\n<meta property=\"og:image\" content=\"https:\/\/jornalfatosenoticias.com.br\/wp-content\/uploads\/2025\/09\/Alzheimer2_istock.jpg\" \/>\n\t<meta property=\"og:image:width\" content=\"612\" \/>\n\t<meta property=\"og:image:height\" content=\"364\" \/>\n\t<meta property=\"og:image:type\" content=\"image\/jpeg\" \/>\n<meta name=\"author\" content=\"Luzimara Fernandes\" \/>\n<meta name=\"twitter:card\" content=\"summary_large_image\" \/>\n<meta name=\"twitter:label1\" content=\"Escrito por\" \/>\n\t<meta name=\"twitter:data1\" content=\"Luzimara Fernandes\" \/>\n\t<meta name=\"twitter:label2\" content=\"Est. tempo de leitura\" \/>\n\t<meta name=\"twitter:data2\" content=\"3 minutos\" \/>\n<script type=\"application\/ld+json\" class=\"yoast-schema-graph\">{\"@context\":\"https:\/\/schema.org\",\"@graph\":[{\"@type\":\"Article\",\"@id\":\"https:\/\/jornalfatosenoticias.com.br\/index.php\/2025\/09\/16\/novo-teste-digital-promete-diagnostico-mais-rapido-do-alzheimer\/#article\",\"isPartOf\":{\"@id\":\"https:\/\/jornalfatosenoticias.com.br\/index.php\/2025\/09\/16\/novo-teste-digital-promete-diagnostico-mais-rapido-do-alzheimer\/\"},\"author\":{\"name\":\"Luzimara Fernandes\",\"@id\":\"https:\/\/jornalfatosenoticias.com.br\/#\/schema\/person\/d63837fa13ac8666eb9e74e0985d6f81\"},\"headline\":\"Novo teste digital promete diagn\u00f3stico mais r\u00e1pido do Alzheimer\",\"datePublished\":\"2025-09-16T19:06:49+00:00\",\"dateModified\":\"2025-09-16T19:06:50+00:00\",\"mainEntityOfPage\":{\"@id\":\"https:\/\/jornalfatosenoticias.com.br\/index.php\/2025\/09\/16\/novo-teste-digital-promete-diagnostico-mais-rapido-do-alzheimer\/\"},\"wordCount\":592,\"commentCount\":0,\"publisher\":{\"@id\":\"https:\/\/jornalfatosenoticias.com.br\/#organization\"},\"image\":{\"@id\":\"https:\/\/jornalfatosenoticias.com.br\/index.php\/2025\/09\/16\/novo-teste-digital-promete-diagnostico-mais-rapido-do-alzheimer\/#primaryimage\"},\"thumbnailUrl\":\"https:\/\/jornalfatosenoticias.com.br\/wp-content\/uploads\/2025\/09\/Alzheimer2_istock.jpg\",\"keywords\":[\"Alzheimer\",\"capacidade cognitiva\",\"doen\u00e7a neurodegenerativa\",\"mem\u00f3ria\"],\"articleSection\":[\"Sa\u00fade\"],\"inLanguage\":\"pt-BR\",\"potentialAction\":[{\"@type\":\"CommentAction\",\"name\":\"Comment\",\"target\":[\"https:\/\/jornalfatosenoticias.com.br\/index.php\/2025\/09\/16\/novo-teste-digital-promete-diagnostico-mais-rapido-do-alzheimer\/#respond\"]}]},{\"@type\":\"WebPage\",\"@id\":\"https:\/\/jornalfatosenoticias.com.br\/index.php\/2025\/09\/16\/novo-teste-digital-promete-diagnostico-mais-rapido-do-alzheimer\/\",\"url\":\"https:\/\/jornalfatosenoticias.com.br\/index.php\/2025\/09\/16\/novo-teste-digital-promete-diagnostico-mais-rapido-do-alzheimer\/\",\"name\":\"Novo teste digital promete diagn\u00f3stico mais r\u00e1pido do Alzheimer - Jornal Fatos e Not\u00edcias\",\"isPartOf\":{\"@id\":\"https:\/\/jornalfatosenoticias.com.br\/#website\"},\"primaryImageOfPage\":{\"@id\":\"https:\/\/jornalfatosenoticias.com.br\/index.php\/2025\/09\/16\/novo-teste-digital-promete-diagnostico-mais-rapido-do-alzheimer\/#primaryimage\"},\"image\":{\"@id\":\"https:\/\/jornalfatosenoticias.com.br\/index.php\/2025\/09\/16\/novo-teste-digital-promete-diagnostico-mais-rapido-do-alzheimer\/#primaryimage\"},\"thumbnailUrl\":\"https:\/\/jornalfatosenoticias.com.br\/wp-content\/uploads\/2025\/09\/Alzheimer2_istock.jpg\",\"datePublished\":\"2025-09-16T19:06:49+00:00\",\"dateModified\":\"2025-09-16T19:06:50+00:00\",\"breadcrumb\":{\"@id\":\"https:\/\/jornalfatosenoticias.com.br\/index.php\/2025\/09\/16\/novo-teste-digital-promete-diagnostico-mais-rapido-do-alzheimer\/#breadcrumb\"},\"inLanguage\":\"pt-BR\",\"potentialAction\":[{\"@type\":\"ReadAction\",\"target\":[\"https:\/\/jornalfatosenoticias.com.br\/index.php\/2025\/09\/16\/novo-teste-digital-promete-diagnostico-mais-rapido-do-alzheimer\/\"]}]},{\"@type\":\"ImageObject\",\"inLanguage\":\"pt-BR\",\"@id\":\"https:\/\/jornalfatosenoticias.com.br\/index.php\/2025\/09\/16\/novo-teste-digital-promete-diagnostico-mais-rapido-do-alzheimer\/#primaryimage\",\"url\":\"https:\/\/jornalfatosenoticias.com.br\/wp-content\/uploads\/2025\/09\/Alzheimer2_istock.jpg\",\"contentUrl\":\"https:\/\/jornalfatosenoticias.com.br\/wp-content\/uploads\/2025\/09\/Alzheimer2_istock.jpg\",\"width\":612,\"height\":364,\"caption\":\"Professional nurse caregiver in geriatric clinic helps senior man with Alzheimer's disease - Old patient playing puzzle in retirement home - Healthcare and medical concept\"},{\"@type\":\"BreadcrumbList\",\"@id\":\"https:\/\/jornalfatosenoticias.com.br\/index.php\/2025\/09\/16\/novo-teste-digital-promete-diagnostico-mais-rapido-do-alzheimer\/#breadcrumb\",\"itemListElement\":[{\"@type\":\"ListItem\",\"position\":1,\"name\":\"In\u00edcio\",\"item\":\"https:\/\/jornalfatosenoticias.com.br\/\"},{\"@type\":\"ListItem\",\"position\":2,\"name\":\"Novo teste digital promete diagn\u00f3stico mais r\u00e1pido do Alzheimer\"}]},{\"@type\":\"WebSite\",\"@id\":\"https:\/\/jornalfatosenoticias.com.br\/#website\",\"url\":\"https:\/\/jornalfatosenoticias.com.br\/\",\"name\":\"Jornal Fatos e Not\u00edcias\",\"description\":\"Not\u00edcias em geral\",\"publisher\":{\"@id\":\"https:\/\/jornalfatosenoticias.com.br\/#organization\"},\"potentialAction\":[{\"@type\":\"SearchAction\",\"target\":{\"@type\":\"EntryPoint\",\"urlTemplate\":\"https:\/\/jornalfatosenoticias.com.br\/?s={search_term_string}\"},\"query-input\":{\"@type\":\"PropertyValueSpecification\",\"valueRequired\":true,\"valueName\":\"search_term_string\"}}],\"inLanguage\":\"pt-BR\"},{\"@type\":\"Organization\",\"@id\":\"https:\/\/jornalfatosenoticias.com.br\/#organization\",\"name\":\"Jornal Fatos e Not\u00edcias\",\"url\":\"https:\/\/jornalfatosenoticias.com.br\/\",\"logo\":{\"@type\":\"ImageObject\",\"inLanguage\":\"pt-BR\",\"@id\":\"https:\/\/jornalfatosenoticias.com.br\/#\/schema\/logo\/image\/\",\"url\":\"https:\/\/jornalfatosenoticias.com.br\/wp-content\/uploads\/2020\/02\/logo120.png\",\"contentUrl\":\"https:\/\/jornalfatosenoticias.com.br\/wp-content\/uploads\/2020\/02\/logo120.png\",\"width\":1227,\"height\":120,\"caption\":\"Jornal Fatos e Not\u00edcias\"},\"image\":{\"@id\":\"https:\/\/jornalfatosenoticias.com.br\/#\/schema\/logo\/image\/\"}},{\"@type\":\"Person\",\"@id\":\"https:\/\/jornalfatosenoticias.com.br\/#\/schema\/person\/d63837fa13ac8666eb9e74e0985d6f81\",\"name\":\"Luzimara Fernandes\",\"image\":{\"@type\":\"ImageObject\",\"inLanguage\":\"pt-BR\",\"@id\":\"https:\/\/jornalfatosenoticias.com.br\/#\/schema\/person\/image\/\",\"url\":\"https:\/\/jornalfatosenoticias.com.br\/wp-content\/uploads\/2025\/05\/EU_portal.jpg\",\"contentUrl\":\"https:\/\/jornalfatosenoticias.com.br\/wp-content\/uploads\/2025\/05\/EU_portal.jpg\",\"caption\":\"Luzimara Fernandes\"},\"description\":\"Jornalista MTB 2358-ES\",\"sameAs\":[\"https:\/\/jornalfatosenoticias.com.br\"],\"url\":\"https:\/\/jornalfatosenoticias.com.br\/index.php\/author\/luzimara\/\"}]}<\/script>\n<!-- \/ Yoast SEO plugin. -->","yoast_head_json":{"title":"Novo teste digital promete diagn\u00f3stico mais r\u00e1pido do Alzheimer - Jornal Fatos e Not\u00edcias","robots":{"index":"index","follow":"follow","max-snippet":"max-snippet:-1","max-image-preview":"max-image-preview:large","max-video-preview":"max-video-preview:-1"},"canonical":"https:\/\/jornalfatosenoticias.com.br\/index.php\/2025\/09\/16\/novo-teste-digital-promete-diagnostico-mais-rapido-do-alzheimer\/","og_locale":"pt_BR","og_type":"article","og_title":"Novo teste digital promete diagn\u00f3stico mais r\u00e1pido do Alzheimer - Jornal Fatos e Not\u00edcias","og_description":"Pesquisadores criam teste cognitivo digital que permite diagn\u00f3stico r\u00e1pido e preciso do Alzheimer, feito pelo pr\u00f3prio paciente e com m\u00ednima interven\u00e7\u00e3o m\u00e9dica Por Valdir Antonelli Pesquisadores da Universidade de Lund, na Su\u00e9cia, desenvolveram um teste cognitivo, que pode ser feito pelo pr\u00f3prio paciente, para um diagn\u00f3stico mais preciso da doen\u00e7a de\u00a0Alzheimer. Segundo a equipe, o [&hellip;]","og_url":"https:\/\/jornalfatosenoticias.com.br\/index.php\/2025\/09\/16\/novo-teste-digital-promete-diagnostico-mais-rapido-do-alzheimer\/","og_site_name":"Jornal Fatos e Not\u00edcias","article_published_time":"2025-09-16T19:06:49+00:00","article_modified_time":"2025-09-16T19:06:50+00:00","og_image":[{"width":612,"height":364,"url":"https:\/\/jornalfatosenoticias.com.br\/wp-content\/uploads\/2025\/09\/Alzheimer2_istock.jpg","type":"image\/jpeg"}],"author":"Luzimara Fernandes","twitter_card":"summary_large_image","twitter_misc":{"Escrito por":"Luzimara Fernandes","Est. tempo de leitura":"3 minutos"},"schema":{"@context":"https:\/\/schema.org","@graph":[{"@type":"Article","@id":"https:\/\/jornalfatosenoticias.com.br\/index.php\/2025\/09\/16\/novo-teste-digital-promete-diagnostico-mais-rapido-do-alzheimer\/#article","isPartOf":{"@id":"https:\/\/jornalfatosenoticias.com.br\/index.php\/2025\/09\/16\/novo-teste-digital-promete-diagnostico-mais-rapido-do-alzheimer\/"},"author":{"name":"Luzimara Fernandes","@id":"https:\/\/jornalfatosenoticias.com.br\/#\/schema\/person\/d63837fa13ac8666eb9e74e0985d6f81"},"headline":"Novo teste digital promete diagn\u00f3stico mais r\u00e1pido do Alzheimer","datePublished":"2025-09-16T19:06:49+00:00","dateModified":"2025-09-16T19:06:50+00:00","mainEntityOfPage":{"@id":"https:\/\/jornalfatosenoticias.com.br\/index.php\/2025\/09\/16\/novo-teste-digital-promete-diagnostico-mais-rapido-do-alzheimer\/"},"wordCount":592,"commentCount":0,"publisher":{"@id":"https:\/\/jornalfatosenoticias.com.br\/#organization"},"image":{"@id":"https:\/\/jornalfatosenoticias.com.br\/index.php\/2025\/09\/16\/novo-teste-digital-promete-diagnostico-mais-rapido-do-alzheimer\/#primaryimage"},"thumbnailUrl":"https:\/\/jornalfatosenoticias.com.br\/wp-content\/uploads\/2025\/09\/Alzheimer2_istock.jpg","keywords":["Alzheimer","capacidade cognitiva","doen\u00e7a neurodegenerativa","mem\u00f3ria"],"articleSection":["Sa\u00fade"],"inLanguage":"pt-BR","potentialAction":[{"@type":"CommentAction","name":"Comment","target":["https:\/\/jornalfatosenoticias.com.br\/index.php\/2025\/09\/16\/novo-teste-digital-promete-diagnostico-mais-rapido-do-alzheimer\/#respond"]}]},{"@type":"WebPage","@id":"https:\/\/jornalfatosenoticias.com.br\/index.php\/2025\/09\/16\/novo-teste-digital-promete-diagnostico-mais-rapido-do-alzheimer\/","url":"https:\/\/jornalfatosenoticias.com.br\/index.php\/2025\/09\/16\/novo-teste-digital-promete-diagnostico-mais-rapido-do-alzheimer\/","name":"Novo teste digital promete diagn\u00f3stico mais r\u00e1pido do Alzheimer - Jornal Fatos e Not\u00edcias","isPartOf":{"@id":"https:\/\/jornalfatosenoticias.com.br\/#website"},"primaryImageOfPage":{"@id":"https:\/\/jornalfatosenoticias.com.br\/index.php\/2025\/09\/16\/novo-teste-digital-promete-diagnostico-mais-rapido-do-alzheimer\/#primaryimage"},"image":{"@id":"https:\/\/jornalfatosenoticias.com.br\/index.php\/2025\/09\/16\/novo-teste-digital-promete-diagnostico-mais-rapido-do-alzheimer\/#primaryimage"},"thumbnailUrl":"https:\/\/jornalfatosenoticias.com.br\/wp-content\/uploads\/2025\/09\/Alzheimer2_istock.jpg","datePublished":"2025-09-16T19:06:49+00:00","dateModified":"2025-09-16T19:06:50+00:00","breadcrumb":{"@id":"https:\/\/jornalfatosenoticias.com.br\/index.php\/2025\/09\/16\/novo-teste-digital-promete-diagnostico-mais-rapido-do-alzheimer\/#breadcrumb"},"inLanguage":"pt-BR","potentialAction":[{"@type":"ReadAction","target":["https:\/\/jornalfatosenoticias.com.br\/index.php\/2025\/09\/16\/novo-teste-digital-promete-diagnostico-mais-rapido-do-alzheimer\/"]}]},{"@type":"ImageObject","inLanguage":"pt-BR","@id":"https:\/\/jornalfatosenoticias.com.br\/index.php\/2025\/09\/16\/novo-teste-digital-promete-diagnostico-mais-rapido-do-alzheimer\/#primaryimage","url":"https:\/\/jornalfatosenoticias.com.br\/wp-content\/uploads\/2025\/09\/Alzheimer2_istock.jpg","contentUrl":"https:\/\/jornalfatosenoticias.com.br\/wp-content\/uploads\/2025\/09\/Alzheimer2_istock.jpg","width":612,"height":364,"caption":"Professional nurse caregiver in geriatric clinic helps senior man with Alzheimer's disease - Old patient playing puzzle in retirement home - Healthcare and medical concept"},{"@type":"BreadcrumbList","@id":"https:\/\/jornalfatosenoticias.com.br\/index.php\/2025\/09\/16\/novo-teste-digital-promete-diagnostico-mais-rapido-do-alzheimer\/#breadcrumb","itemListElement":[{"@type":"ListItem","position":1,"name":"In\u00edcio","item":"https:\/\/jornalfatosenoticias.com.br\/"},{"@type":"ListItem","position":2,"name":"Novo teste digital promete diagn\u00f3stico mais r\u00e1pido do Alzheimer"}]},{"@type":"WebSite","@id":"https:\/\/jornalfatosenoticias.com.br\/#website","url":"https:\/\/jornalfatosenoticias.com.br\/","name":"Jornal Fatos e Not\u00edcias","description":"Not\u00edcias em geral","publisher":{"@id":"https:\/\/jornalfatosenoticias.com.br\/#organization"},"potentialAction":[{"@type":"SearchAction","target":{"@type":"EntryPoint","urlTemplate":"https:\/\/jornalfatosenoticias.com.br\/?s={search_term_string}"},"query-input":{"@type":"PropertyValueSpecification","valueRequired":true,"valueName":"search_term_string"}}],"inLanguage":"pt-BR"},{"@type":"Organization","@id":"https:\/\/jornalfatosenoticias.com.br\/#organization","name":"Jornal Fatos e Not\u00edcias","url":"https:\/\/jornalfatosenoticias.com.br\/","logo":{"@type":"ImageObject","inLanguage":"pt-BR","@id":"https:\/\/jornalfatosenoticias.com.br\/#\/schema\/logo\/image\/","url":"https:\/\/jornalfatosenoticias.com.br\/wp-content\/uploads\/2020\/02\/logo120.png","contentUrl":"https:\/\/jornalfatosenoticias.com.br\/wp-content\/uploads\/2020\/02\/logo120.png","width":1227,"height":120,"caption":"Jornal Fatos e Not\u00edcias"},"image":{"@id":"https:\/\/jornalfatosenoticias.com.br\/#\/schema\/logo\/image\/"}},{"@type":"Person","@id":"https:\/\/jornalfatosenoticias.com.br\/#\/schema\/person\/d63837fa13ac8666eb9e74e0985d6f81","name":"Luzimara Fernandes","image":{"@type":"ImageObject","inLanguage":"pt-BR","@id":"https:\/\/jornalfatosenoticias.com.br\/#\/schema\/person\/image\/","url":"https:\/\/jornalfatosenoticias.com.br\/wp-content\/uploads\/2025\/05\/EU_portal.jpg","contentUrl":"https:\/\/jornalfatosenoticias.com.br\/wp-content\/uploads\/2025\/05\/EU_portal.jpg","caption":"Luzimara Fernandes"},"description":"Jornalista MTB 2358-ES","sameAs":["https:\/\/jornalfatosenoticias.com.br"],"url":"https:\/\/jornalfatosenoticias.com.br\/index.php\/author\/luzimara\/"}]}},"cc_featured_image_caption":{"caption_text":"(Foto: iStock)","source_text":"","source_url":""},"jetpack_featured_media_url":"https:\/\/jornalfatosenoticias.com.br\/wp-content\/uploads\/2025\/09\/Alzheimer2_istock.jpg","_links":{"self":[{"href":"https:\/\/jornalfatosenoticias.com.br\/index.php\/wp-json\/wp\/v2\/posts\/61941","targetHints":{"allow":["GET"]}}],"collection":[{"href":"https:\/\/jornalfatosenoticias.com.br\/index.php\/wp-json\/wp\/v2\/posts"}],"about":[{"href":"https:\/\/jornalfatosenoticias.com.br\/index.php\/wp-json\/wp\/v2\/types\/post"}],"author":[{"embeddable":true,"href":"https:\/\/jornalfatosenoticias.com.br\/index.php\/wp-json\/wp\/v2\/users\/2"}],"replies":[{"embeddable":true,"href":"https:\/\/jornalfatosenoticias.com.br\/index.php\/wp-json\/wp\/v2\/comments?post=61941"}],"version-history":[{"count":0,"href":"https:\/\/jornalfatosenoticias.com.br\/index.php\/wp-json\/wp\/v2\/posts\/61941\/revisions"}],"wp:featuredmedia":[{"embeddable":true,"href":"https:\/\/jornalfatosenoticias.com.br\/index.php\/wp-json\/wp\/v2\/media\/61943"}],"wp:attachment":[{"href":"https:\/\/jornalfatosenoticias.com.br\/index.php\/wp-json\/wp\/v2\/media?parent=61941"}],"wp:term":[{"taxonomy":"category","embeddable":true,"href":"https:\/\/jornalfatosenoticias.com.br\/index.php\/wp-json\/wp\/v2\/categories?post=61941"},{"taxonomy":"post_tag","embeddable":true,"href":"https:\/\/jornalfatosenoticias.com.br\/index.php\/wp-json\/wp\/v2\/tags?post=61941"}],"curies":[{"name":"wp","href":"https:\/\/api.w.org\/{rel}","templated":true}]}}