{"id":61945,"date":"2025-09-17T14:15:26","date_gmt":"2025-09-17T17:15:26","guid":{"rendered":"https:\/\/jornalfatosenoticias.com.br\/?p=61945"},"modified":"2025-09-17T14:15:27","modified_gmt":"2025-09-17T17:15:27","slug":"o-oposto-do-deja-vu-acontece-e-e-ainda-mais-estranho-de-se-sentir","status":"publish","type":"post","link":"https:\/\/jornalfatosenoticias.com.br\/index.php\/2025\/09\/17\/o-oposto-do-deja-vu-acontece-e-e-ainda-mais-estranho-de-se-sentir\/","title":{"rendered":"O oposto do d\u00e9j\u00e0 vu acontece e \u00e9 ainda mais estranho de se sentir"},"content":{"rendered":"\n<p><em><span class=\"has-inline-color has-black-color\">&#8220;D\u00e9j\u00e0 vu&#8221; engana nossa mem\u00f3ria, mas o &#8220;jamais vu&#8221; pode ser ainda mais estranho. Entenda a ci\u00eancia por tr\u00e1s desses dois fen\u00f4menos da mente<\/span><\/em><\/p>\n\n\n\n<p><span class=\"has-inline-color has-black-color\">Por <strong><a href=\"https:\/\/olhardigital.com.br\/author\/mauricio-thomaz\/\">Maur\u00edcio Thomaz<\/a><\/strong><\/span><\/p>\n\n\n\n<div class=\"wp-block-image\"><figure class=\"aligncenter size-large\"><a href=\"https:\/\/mizu.com.br\/\"><img loading=\"lazy\" decoding=\"async\" width=\"729\" height=\"90\" src=\"https:\/\/jornalfatosenoticias.com.br\/wp-content\/uploads\/2020\/02\/Logo_Mizu.png\" alt=\"\" class=\"wp-image-1441\" srcset=\"https:\/\/jornalfatosenoticias.com.br\/wp-content\/uploads\/2020\/02\/Logo_Mizu.png 729w, https:\/\/jornalfatosenoticias.com.br\/wp-content\/uploads\/2020\/02\/Logo_Mizu-300x37.png 300w\" sizes=\"auto, (max-width: 729px) 100vw, 729px\" \/><\/a><\/figure><\/div>\n\n\n\n<p>O d\u00e9j\u00e0 vu \u00e9 uma das experi\u00eancias mais intrigantes do <strong><a href=\"https:\/\/olhardigital.com.br\/tag\/cerebro\/\" target=\"_blank\" rel=\"noreferrer noopener\">c\u00e9rebro humano<\/a><\/strong>. Trata-se da sensa\u00e7\u00e3o estranha de j\u00e1 ter vivido uma situa\u00e7\u00e3o in\u00e9dita, como se o momento atual fosse uma repeti\u00e7\u00e3o de algo que j\u00e1 aconteceu. Embora ainda envolto em mist\u00e9rio, a ci\u00eancia j\u00e1 sabe que o d\u00e9j\u00e0 vu \u00e9 uma esp\u00e9cie de mecanismo de checagem de <strong><a href=\"https:\/\/olhardigital.com.br\/2023\/04\/26\/medicina-e-saude\/como-a-memoria-se-forma-no-cerebro-a-medicina-descobriu\/\" target=\"_blank\" rel=\"noreferrer noopener\">mem\u00f3ria<\/a><\/strong>: ocorre quando a parte do c\u00e9rebro que detecta familiaridade se dessincroniza da realidade, gerando a ilus\u00e3o de reconhecimento.<br>Mas h\u00e1 outro fen\u00f4meno ainda mais raro e desconcertante: o \u201cjamais vu\u201d. Ele \u00e9 considerado o oposto do d\u00e9j\u00e0 vu e provoca a sensa\u00e7\u00e3o de estranhamento diante de algo que deveria ser absolutamente familiar, conforme explicou o portal <strong><a href=\"https:\/\/www.sciencealert.com\/the-opposite-of-dj-vu-happens-and-its-even-more-uncanny\" target=\"_blank\" rel=\"noreferrer noopener\">Science Alert<\/a>.<\/strong><\/p>\n\n\n\n<div class=\"wp-block-image\"><figure class=\"aligncenter size-large is-resized\"><a href=\"https:\/\/www.instagram.com\/esteio.churrascaria\/\"><img loading=\"lazy\" decoding=\"async\" src=\"https:\/\/jornalfatosenoticias.com.br\/wp-content\/uploads\/2022\/02\/LOGO-ESTEIO-1024x730.png\" alt=\"\" class=\"wp-image-27942\" width=\"316\" height=\"225\" srcset=\"https:\/\/jornalfatosenoticias.com.br\/wp-content\/uploads\/2022\/02\/LOGO-ESTEIO-1024x730.png 1024w, https:\/\/jornalfatosenoticias.com.br\/wp-content\/uploads\/2022\/02\/LOGO-ESTEIO-300x214.png 300w, https:\/\/jornalfatosenoticias.com.br\/wp-content\/uploads\/2022\/02\/LOGO-ESTEIO-768x548.png 768w, https:\/\/jornalfatosenoticias.com.br\/wp-content\/uploads\/2022\/02\/LOGO-ESTEIO.png 1123w\" sizes=\"auto, (max-width: 316px) 100vw, 316px\" \/><\/a><\/figure><\/div>\n\n\n\n<p>Enquanto o d\u00e9j\u00e0 vu gera uma falsa sensa\u00e7\u00e3o de familiaridade, o \u201cjamais vu\u201d \u00e9 o contr\u00e1rio: objetos, pessoas, lugares ou at\u00e9 palavras conhecidas parecem irreais, novos ou distantes. Antes de explicarmos as diferen\u00e7as entre esses fen\u00f4menos, vale uma explica\u00e7\u00e3o do significado dessas palavras francesas. Enquanto \u201cd\u00e9j\u00e0 vu\u201d significa literalmente \u201cj\u00e1 visto\u201d, a express\u00e3o \u201cjamais vu\u201d \u00e9 traduzido como \u201cjamais visto\u201d.<\/p>\n\n\n\n<div class=\"wp-block-image\"><figure class=\"aligncenter size-large is-resized\"><a href=\"https:\/\/legisjuris.com.br\/\"><img loading=\"lazy\" decoding=\"async\" src=\"https:\/\/jornalfatosenoticias.com.br\/wp-content\/uploads\/2024\/09\/Legis-Juris-Consultoria_logo.jpg\" alt=\"\" class=\"wp-image-53915\" width=\"511\" height=\"214\" srcset=\"https:\/\/jornalfatosenoticias.com.br\/wp-content\/uploads\/2024\/09\/Legis-Juris-Consultoria_logo.jpg 969w, https:\/\/jornalfatosenoticias.com.br\/wp-content\/uploads\/2024\/09\/Legis-Juris-Consultoria_logo-300x126.jpg 300w, https:\/\/jornalfatosenoticias.com.br\/wp-content\/uploads\/2024\/09\/Legis-Juris-Consultoria_logo-768x322.jpg 768w\" sizes=\"auto, (max-width: 511px) 100vw, 511px\" \/><\/a><\/figure><\/div>\n\n\n\n<p><strong><span class=\"has-inline-color has-vivid-purple-color\">Pesquisas recentes mostraram que o \u201cjamais vu\u201d pode surgir em situa\u00e7\u00f5es simples do dia a dia, como:<br><\/span><\/strong>\u2705 Escrever repetidamente uma palavra comum e, de repente, ela parecer \u201cerrada\u201d ou sem sentido;<br>\u2705 Olhar para um rosto familiar e ter a impress\u00e3o de nunca o ter visto antes;<br>\u2705 M\u00fasicos que se perdem em trechos que j\u00e1 tocaram centenas de vezes;<br>\u2705 Motoristas que, por um instante, sentem estranhamento com o volante ou os pedais do carro;<br>\u2705 Caminhar por um lugar conhecido e, de repente, enxerg\u00e1-lo como se fosse novo.<\/p>\n\n\n\n<div class=\"wp-block-image\"><figure class=\"aligncenter size-large\"><a href=\"https:\/\/www.cesconetto.com.br\/\"><img loading=\"lazy\" decoding=\"async\" width=\"300\" height=\"250\" src=\"https:\/\/jornalfatosenoticias.com.br\/wp-content\/uploads\/2022\/02\/Banner-2.png\" alt=\"\" class=\"wp-image-27877\"\/><\/a><\/figure><\/div>\n\n\n\n<p>O fen\u00f4meno \u00e9 t\u00e3o incomum que, em experimentos de laborat\u00f3rio, cerca de 70% das pessoas relataram experi\u00eancias de \u201cjamais vu\u201d ao repetir palavras simples dezenas de vezes. Apesar de raro, o \u201cjamais vu\u201d pode ser induzido. Em testes realizados com universit\u00e1rios, os participantes eram convidados a escrever palavras repetidamente. Muitos relataram que, ap\u00f3s algumas dezenas de repeti\u00e7\u00f5es, as palavras perdiam o sentido, pareciam irreais ou at\u00e9 como se fossem \u201ctruques\u201d criados para engan\u00e1-los.<\/p>\n\n\n\n<div class=\"wp-block-image\"><figure class=\"aligncenter size-large is-resized\"><a href=\"https:\/\/www.facebook.com\/profile.php?id=100069289606145\"><img loading=\"lazy\" decoding=\"async\" src=\"https:\/\/jornalfatosenoticias.com.br\/wp-content\/uploads\/2024\/11\/Guaitolini-Contabilidade-1024x714.jpeg\" alt=\"\" class=\"wp-image-55808\" width=\"323\" height=\"225\" srcset=\"https:\/\/jornalfatosenoticias.com.br\/wp-content\/uploads\/2024\/11\/Guaitolini-Contabilidade-1024x714.jpeg 1024w, https:\/\/jornalfatosenoticias.com.br\/wp-content\/uploads\/2024\/11\/Guaitolini-Contabilidade-300x209.jpeg 300w, https:\/\/jornalfatosenoticias.com.br\/wp-content\/uploads\/2024\/11\/Guaitolini-Contabilidade-768x535.jpeg 768w, https:\/\/jornalfatosenoticias.com.br\/wp-content\/uploads\/2024\/11\/Guaitolini-Contabilidade.jpeg 1280w\" sizes=\"auto, (max-width: 323px) 100vw, 323px\" \/><\/a><\/figure><\/div>\n\n\n\n<p>Essa sensa\u00e7\u00e3o \u00e9 explicada por um processo chamado sacia\u00e7\u00e3o \u2014 quando uma representa\u00e7\u00e3o mental \u00e9 sobrecarregada at\u00e9 se tornar incoerente. O c\u00e9rebro, diante da repeti\u00e7\u00e3o excessiva, \u201cdesliga\u201d a familiaridade e transforma o conhecido em algo estranho. Curiosamente, os primeiros registros cient\u00edficos do \u201cjamais vu\u201d datam de 1907, em um estudo da psic\u00f3loga Margaret Floy Washburn. Ela observou que olhar fixamente para uma palavra por v\u00e1rios minutos fazia com que ela perdesse seu significado original.<\/p>\n\n\n\n<div class=\"wp-block-image\"><figure class=\"aligncenter size-large is-resized\"><a href=\"https:\/\/panper.com.br\/\"><img loading=\"lazy\" decoding=\"async\" src=\"https:\/\/jornalfatosenoticias.com.br\/wp-content\/uploads\/2023\/03\/logo-Panper_portal.jpg\" alt=\"\" class=\"wp-image-40208\" width=\"321\" height=\"222\" srcset=\"https:\/\/jornalfatosenoticias.com.br\/wp-content\/uploads\/2023\/03\/logo-Panper_portal.jpg 400w, https:\/\/jornalfatosenoticias.com.br\/wp-content\/uploads\/2023\/03\/logo-Panper_portal-300x208.jpg 300w\" sizes=\"auto, (max-width: 321px) 100vw, 321px\" \/><\/a><\/figure><\/div>\n\n\n\n<p><strong><span class=\"has-inline-color has-vivid-purple-color\">Por que o \u2018jamais vu\u2019 importa?<br><\/span><\/strong>A ci\u00eancia ainda est\u00e1 nos primeiros passos para compreender o \u201cjamais vu\u201d, mas os pesquisadores acreditam que ele cumpre um papel importante. Essa sensa\u00e7\u00e3o de estranhamento pode funcionar como um \u201calerta\u201d do c\u00e9rebro para nos tirar de tarefas repetitivas e autom\u00e1ticas, ajudando a redirecionar nossa aten\u00e7\u00e3o.<\/p>\n\n\n\n<div class=\"wp-block-image\"><figure class=\"aligncenter size-large is-resized\"><a href=\"https:\/\/hotelmarquetti.com.br\/\"><img loading=\"lazy\" decoding=\"async\" src=\"https:\/\/jornalfatosenoticias.com.br\/wp-content\/uploads\/2020\/02\/LOGO-MQ-1024x680.jpg\" alt=\"\" class=\"wp-image-58299\" width=\"309\" height=\"205\" srcset=\"https:\/\/jornalfatosenoticias.com.br\/wp-content\/uploads\/2020\/02\/LOGO-MQ-1024x680.jpg 1024w, https:\/\/jornalfatosenoticias.com.br\/wp-content\/uploads\/2020\/02\/LOGO-MQ-300x199.jpg 300w, https:\/\/jornalfatosenoticias.com.br\/wp-content\/uploads\/2020\/02\/LOGO-MQ-768x510.jpg 768w, https:\/\/jornalfatosenoticias.com.br\/wp-content\/uploads\/2020\/02\/LOGO-MQ-1536x1020.jpg 1536w, https:\/\/jornalfatosenoticias.com.br\/wp-content\/uploads\/2020\/02\/LOGO-MQ-2048x1360.jpg 2048w\" sizes=\"auto, (max-width: 309px) 100vw, 309px\" \/><\/a><\/figure><\/div>\n\n\n\n<p>Al\u00e9m disso, estudos sugerem que entender melhor o \u201cjamais vu\u201d pode ajudar a compreender transtornos como o TOC (transtorno obsessivo-compulsivo). Em situa\u00e7\u00f5es de checagem repetitiva \u2014 como verificar se a porta est\u00e1 trancada in\u00fameras vezes \u2014 o excesso de repeti\u00e7\u00e3o pode gerar a mesma sensa\u00e7\u00e3o de irrealidade, dificultando ainda mais a no\u00e7\u00e3o de seguran\u00e7a e refor\u00e7ando ciclos compulsivos.<\/p>\n\n\n\n<div class=\"wp-block-image\"><figure class=\"aligncenter size-large is-resized\"><a href=\"https:\/\/www.facebook.com\/vetor.vix\/\"><img loading=\"lazy\" decoding=\"async\" src=\"https:\/\/jornalfatosenoticias.com.br\/wp-content\/uploads\/2023\/09\/vetorvix1024_1.jpg\" alt=\"\" class=\"wp-image-44868\" width=\"565\" height=\"150\" srcset=\"https:\/\/jornalfatosenoticias.com.br\/wp-content\/uploads\/2023\/09\/vetorvix1024_1.jpg 1024w, https:\/\/jornalfatosenoticias.com.br\/wp-content\/uploads\/2023\/09\/vetorvix1024_1-300x80.jpg 300w, https:\/\/jornalfatosenoticias.com.br\/wp-content\/uploads\/2023\/09\/vetorvix1024_1-768x205.jpg 768w\" sizes=\"auto, (max-width: 565px) 100vw, 565px\" \/><\/a><\/figure><\/div>\n\n\n\n<p>Assim como o d\u00e9j\u00e0 vu, o \u201cjamais vu\u201d nos mostra o qu\u00e3o complexos e fascinantes s\u00e3o os mecanismos da mem\u00f3ria e da percep\u00e7\u00e3o. Ambos os fen\u00f4menos refor\u00e7am que nosso c\u00e9rebro n\u00e3o \u00e9 um \u201cgravador perfeito\u201d da realidade, mas sim um sistema din\u00e2mico que busca constantemente equilibrar mem\u00f3ria, repeti\u00e7\u00e3o e aten\u00e7\u00e3o.<\/p>\n\n\n\n<p><strong>Fonte: <a href=\"https:\/\/olhardigital.com.br\/2025\/09\/11\/ciencia-e-espaco\/o-oposto-do-deja-vu-acontece-e-e-ainda-mais-estranho-de-se-sentir\/\">Olhar Digital<\/a><\/strong><\/p>\n","protected":false},"excerpt":{"rendered":"<p>&#8220;D\u00e9j\u00e0 vu&#8221; engana nossa mem\u00f3ria, mas o &#8220;jamais vu&#8221; pode ser ainda mais estranho. Entenda a ci\u00eancia por tr\u00e1s desses dois fen\u00f4menos da mente Por Maur\u00edcio Thomaz O d\u00e9j\u00e0 vu \u00e9 uma das experi\u00eancias mais intrigantes do c\u00e9rebro humano. Trata-se da sensa\u00e7\u00e3o estranha de j\u00e1 ter vivido uma situa\u00e7\u00e3o in\u00e9dita, como se o momento atual [&hellip;]<\/p>\n","protected":false},"author":2,"featured_media":61946,"comment_status":"open","ping_status":"open","sticky":false,"template":"","format":"standard","meta":{"footnotes":""},"categories":[2522],"tags":[28267,2336,166,14085,28268,3247],"class_list":["post-61945","post","type-post","status-publish","format-standard","has-post-thumbnail","hentry","category-comportamento","tag-jamais-vu-2","tag-cerebro","tag-ciencia","tag-deja-vu","tag-fenomenos-da-mente","tag-memoria"],"yoast_head":"<!-- This site is optimized with the Yoast SEO plugin v26.5 - https:\/\/yoast.com\/wordpress\/plugins\/seo\/ -->\n<title>O oposto do d\u00e9j\u00e0 vu acontece e \u00e9 ainda mais estranho de se sentir - Jornal Fatos e Not\u00edcias<\/title>\n<meta name=\"robots\" content=\"index, follow, max-snippet:-1, max-image-preview:large, max-video-preview:-1\" \/>\n<link rel=\"canonical\" href=\"https:\/\/jornalfatosenoticias.com.br\/index.php\/2025\/09\/17\/o-oposto-do-deja-vu-acontece-e-e-ainda-mais-estranho-de-se-sentir\/\" \/>\n<meta property=\"og:locale\" content=\"pt_BR\" \/>\n<meta property=\"og:type\" content=\"article\" \/>\n<meta property=\"og:title\" content=\"O oposto do d\u00e9j\u00e0 vu acontece e \u00e9 ainda mais estranho de se sentir - Jornal Fatos e Not\u00edcias\" \/>\n<meta property=\"og:description\" content=\"&#8220;D\u00e9j\u00e0 vu&#8221; engana nossa mem\u00f3ria, mas o &#8220;jamais vu&#8221; pode ser ainda mais estranho. Entenda a ci\u00eancia por tr\u00e1s desses dois fen\u00f4menos da mente Por Maur\u00edcio Thomaz O d\u00e9j\u00e0 vu \u00e9 uma das experi\u00eancias mais intrigantes do c\u00e9rebro humano. Trata-se da sensa\u00e7\u00e3o estranha de j\u00e1 ter vivido uma situa\u00e7\u00e3o in\u00e9dita, como se o momento atual [&hellip;]\" \/>\n<meta property=\"og:url\" content=\"https:\/\/jornalfatosenoticias.com.br\/index.php\/2025\/09\/17\/o-oposto-do-deja-vu-acontece-e-e-ainda-mais-estranho-de-se-sentir\/\" \/>\n<meta property=\"og:site_name\" content=\"Jornal Fatos e Not\u00edcias\" \/>\n<meta property=\"article:published_time\" content=\"2025-09-17T17:15:26+00:00\" \/>\n<meta property=\"article:modified_time\" content=\"2025-09-17T17:15:27+00:00\" \/>\n<meta property=\"og:image\" content=\"https:\/\/jornalfatosenoticias.com.br\/wp-content\/uploads\/2025\/09\/JAMAIS-VU_istock.jpg\" \/>\n\t<meta property=\"og:image:width\" content=\"612\" \/>\n\t<meta property=\"og:image:height\" content=\"408\" \/>\n\t<meta property=\"og:image:type\" content=\"image\/jpeg\" \/>\n<meta name=\"author\" content=\"Luzimara Fernandes\" \/>\n<meta name=\"twitter:card\" content=\"summary_large_image\" \/>\n<meta name=\"twitter:label1\" content=\"Escrito por\" \/>\n\t<meta name=\"twitter:data1\" content=\"Luzimara Fernandes\" \/>\n\t<meta name=\"twitter:label2\" content=\"Est. tempo de leitura\" \/>\n\t<meta name=\"twitter:data2\" content=\"3 minutos\" \/>\n<script type=\"application\/ld+json\" class=\"yoast-schema-graph\">{\"@context\":\"https:\/\/schema.org\",\"@graph\":[{\"@type\":\"Article\",\"@id\":\"https:\/\/jornalfatosenoticias.com.br\/index.php\/2025\/09\/17\/o-oposto-do-deja-vu-acontece-e-e-ainda-mais-estranho-de-se-sentir\/#article\",\"isPartOf\":{\"@id\":\"https:\/\/jornalfatosenoticias.com.br\/index.php\/2025\/09\/17\/o-oposto-do-deja-vu-acontece-e-e-ainda-mais-estranho-de-se-sentir\/\"},\"author\":{\"name\":\"Luzimara Fernandes\",\"@id\":\"https:\/\/jornalfatosenoticias.com.br\/#\/schema\/person\/d63837fa13ac8666eb9e74e0985d6f81\"},\"headline\":\"O oposto do d\u00e9j\u00e0 vu acontece e \u00e9 ainda mais estranho de se sentir\",\"datePublished\":\"2025-09-17T17:15:26+00:00\",\"dateModified\":\"2025-09-17T17:15:27+00:00\",\"mainEntityOfPage\":{\"@id\":\"https:\/\/jornalfatosenoticias.com.br\/index.php\/2025\/09\/17\/o-oposto-do-deja-vu-acontece-e-e-ainda-mais-estranho-de-se-sentir\/\"},\"wordCount\":676,\"commentCount\":0,\"publisher\":{\"@id\":\"https:\/\/jornalfatosenoticias.com.br\/#organization\"},\"image\":{\"@id\":\"https:\/\/jornalfatosenoticias.com.br\/index.php\/2025\/09\/17\/o-oposto-do-deja-vu-acontece-e-e-ainda-mais-estranho-de-se-sentir\/#primaryimage\"},\"thumbnailUrl\":\"https:\/\/jornalfatosenoticias.com.br\/wp-content\/uploads\/2025\/09\/JAMAIS-VU_istock.jpg\",\"keywords\":[\"&quot;jamais vu&quot;\",\"c\u00e9rebro\",\"ci\u00eancia\",\"d\u00e9j\u00e0 vu\",\"fen\u00f4menos da mente\",\"mem\u00f3ria\"],\"articleSection\":[\"Comportamento &amp; Equil\u00edbrio\"],\"inLanguage\":\"pt-BR\",\"potentialAction\":[{\"@type\":\"CommentAction\",\"name\":\"Comment\",\"target\":[\"https:\/\/jornalfatosenoticias.com.br\/index.php\/2025\/09\/17\/o-oposto-do-deja-vu-acontece-e-e-ainda-mais-estranho-de-se-sentir\/#respond\"]}]},{\"@type\":\"WebPage\",\"@id\":\"https:\/\/jornalfatosenoticias.com.br\/index.php\/2025\/09\/17\/o-oposto-do-deja-vu-acontece-e-e-ainda-mais-estranho-de-se-sentir\/\",\"url\":\"https:\/\/jornalfatosenoticias.com.br\/index.php\/2025\/09\/17\/o-oposto-do-deja-vu-acontece-e-e-ainda-mais-estranho-de-se-sentir\/\",\"name\":\"O oposto do d\u00e9j\u00e0 vu acontece e \u00e9 ainda mais estranho de se sentir - Jornal Fatos e Not\u00edcias\",\"isPartOf\":{\"@id\":\"https:\/\/jornalfatosenoticias.com.br\/#website\"},\"primaryImageOfPage\":{\"@id\":\"https:\/\/jornalfatosenoticias.com.br\/index.php\/2025\/09\/17\/o-oposto-do-deja-vu-acontece-e-e-ainda-mais-estranho-de-se-sentir\/#primaryimage\"},\"image\":{\"@id\":\"https:\/\/jornalfatosenoticias.com.br\/index.php\/2025\/09\/17\/o-oposto-do-deja-vu-acontece-e-e-ainda-mais-estranho-de-se-sentir\/#primaryimage\"},\"thumbnailUrl\":\"https:\/\/jornalfatosenoticias.com.br\/wp-content\/uploads\/2025\/09\/JAMAIS-VU_istock.jpg\",\"datePublished\":\"2025-09-17T17:15:26+00:00\",\"dateModified\":\"2025-09-17T17:15:27+00:00\",\"breadcrumb\":{\"@id\":\"https:\/\/jornalfatosenoticias.com.br\/index.php\/2025\/09\/17\/o-oposto-do-deja-vu-acontece-e-e-ainda-mais-estranho-de-se-sentir\/#breadcrumb\"},\"inLanguage\":\"pt-BR\",\"potentialAction\":[{\"@type\":\"ReadAction\",\"target\":[\"https:\/\/jornalfatosenoticias.com.br\/index.php\/2025\/09\/17\/o-oposto-do-deja-vu-acontece-e-e-ainda-mais-estranho-de-se-sentir\/\"]}]},{\"@type\":\"ImageObject\",\"inLanguage\":\"pt-BR\",\"@id\":\"https:\/\/jornalfatosenoticias.com.br\/index.php\/2025\/09\/17\/o-oposto-do-deja-vu-acontece-e-e-ainda-mais-estranho-de-se-sentir\/#primaryimage\",\"url\":\"https:\/\/jornalfatosenoticias.com.br\/wp-content\/uploads\/2025\/09\/JAMAIS-VU_istock.jpg\",\"contentUrl\":\"https:\/\/jornalfatosenoticias.com.br\/wp-content\/uploads\/2025\/09\/JAMAIS-VU_istock.jpg\",\"width\":612,\"height\":408,\"caption\":\"A conceptual image of a brain, memory notes and a hand removing one. Hand shadow left deliberately.PLEASE CLICK HERE FOR MORE BRAINS.\"},{\"@type\":\"BreadcrumbList\",\"@id\":\"https:\/\/jornalfatosenoticias.com.br\/index.php\/2025\/09\/17\/o-oposto-do-deja-vu-acontece-e-e-ainda-mais-estranho-de-se-sentir\/#breadcrumb\",\"itemListElement\":[{\"@type\":\"ListItem\",\"position\":1,\"name\":\"In\u00edcio\",\"item\":\"https:\/\/jornalfatosenoticias.com.br\/\"},{\"@type\":\"ListItem\",\"position\":2,\"name\":\"O oposto do d\u00e9j\u00e0 vu acontece e \u00e9 ainda mais estranho de se sentir\"}]},{\"@type\":\"WebSite\",\"@id\":\"https:\/\/jornalfatosenoticias.com.br\/#website\",\"url\":\"https:\/\/jornalfatosenoticias.com.br\/\",\"name\":\"Jornal Fatos e Not\u00edcias\",\"description\":\"Not\u00edcias em geral\",\"publisher\":{\"@id\":\"https:\/\/jornalfatosenoticias.com.br\/#organization\"},\"potentialAction\":[{\"@type\":\"SearchAction\",\"target\":{\"@type\":\"EntryPoint\",\"urlTemplate\":\"https:\/\/jornalfatosenoticias.com.br\/?s={search_term_string}\"},\"query-input\":{\"@type\":\"PropertyValueSpecification\",\"valueRequired\":true,\"valueName\":\"search_term_string\"}}],\"inLanguage\":\"pt-BR\"},{\"@type\":\"Organization\",\"@id\":\"https:\/\/jornalfatosenoticias.com.br\/#organization\",\"name\":\"Jornal Fatos e Not\u00edcias\",\"url\":\"https:\/\/jornalfatosenoticias.com.br\/\",\"logo\":{\"@type\":\"ImageObject\",\"inLanguage\":\"pt-BR\",\"@id\":\"https:\/\/jornalfatosenoticias.com.br\/#\/schema\/logo\/image\/\",\"url\":\"https:\/\/jornalfatosenoticias.com.br\/wp-content\/uploads\/2020\/02\/logo120.png\",\"contentUrl\":\"https:\/\/jornalfatosenoticias.com.br\/wp-content\/uploads\/2020\/02\/logo120.png\",\"width\":1227,\"height\":120,\"caption\":\"Jornal Fatos e Not\u00edcias\"},\"image\":{\"@id\":\"https:\/\/jornalfatosenoticias.com.br\/#\/schema\/logo\/image\/\"}},{\"@type\":\"Person\",\"@id\":\"https:\/\/jornalfatosenoticias.com.br\/#\/schema\/person\/d63837fa13ac8666eb9e74e0985d6f81\",\"name\":\"Luzimara Fernandes\",\"image\":{\"@type\":\"ImageObject\",\"inLanguage\":\"pt-BR\",\"@id\":\"https:\/\/jornalfatosenoticias.com.br\/#\/schema\/person\/image\/\",\"url\":\"https:\/\/jornalfatosenoticias.com.br\/wp-content\/uploads\/2025\/05\/EU_portal.jpg\",\"contentUrl\":\"https:\/\/jornalfatosenoticias.com.br\/wp-content\/uploads\/2025\/05\/EU_portal.jpg\",\"caption\":\"Luzimara Fernandes\"},\"description\":\"Jornalista MTB 2358-ES\",\"sameAs\":[\"https:\/\/jornalfatosenoticias.com.br\"],\"url\":\"https:\/\/jornalfatosenoticias.com.br\/index.php\/author\/luzimara\/\"}]}<\/script>\n<!-- \/ Yoast SEO plugin. -->","yoast_head_json":{"title":"O oposto do d\u00e9j\u00e0 vu acontece e \u00e9 ainda mais estranho de se sentir - Jornal Fatos e Not\u00edcias","robots":{"index":"index","follow":"follow","max-snippet":"max-snippet:-1","max-image-preview":"max-image-preview:large","max-video-preview":"max-video-preview:-1"},"canonical":"https:\/\/jornalfatosenoticias.com.br\/index.php\/2025\/09\/17\/o-oposto-do-deja-vu-acontece-e-e-ainda-mais-estranho-de-se-sentir\/","og_locale":"pt_BR","og_type":"article","og_title":"O oposto do d\u00e9j\u00e0 vu acontece e \u00e9 ainda mais estranho de se sentir - Jornal Fatos e Not\u00edcias","og_description":"&#8220;D\u00e9j\u00e0 vu&#8221; engana nossa mem\u00f3ria, mas o &#8220;jamais vu&#8221; pode ser ainda mais estranho. Entenda a ci\u00eancia por tr\u00e1s desses dois fen\u00f4menos da mente Por Maur\u00edcio Thomaz O d\u00e9j\u00e0 vu \u00e9 uma das experi\u00eancias mais intrigantes do c\u00e9rebro humano. Trata-se da sensa\u00e7\u00e3o estranha de j\u00e1 ter vivido uma situa\u00e7\u00e3o in\u00e9dita, como se o momento atual [&hellip;]","og_url":"https:\/\/jornalfatosenoticias.com.br\/index.php\/2025\/09\/17\/o-oposto-do-deja-vu-acontece-e-e-ainda-mais-estranho-de-se-sentir\/","og_site_name":"Jornal Fatos e Not\u00edcias","article_published_time":"2025-09-17T17:15:26+00:00","article_modified_time":"2025-09-17T17:15:27+00:00","og_image":[{"width":612,"height":408,"url":"https:\/\/jornalfatosenoticias.com.br\/wp-content\/uploads\/2025\/09\/JAMAIS-VU_istock.jpg","type":"image\/jpeg"}],"author":"Luzimara Fernandes","twitter_card":"summary_large_image","twitter_misc":{"Escrito por":"Luzimara Fernandes","Est. tempo de leitura":"3 minutos"},"schema":{"@context":"https:\/\/schema.org","@graph":[{"@type":"Article","@id":"https:\/\/jornalfatosenoticias.com.br\/index.php\/2025\/09\/17\/o-oposto-do-deja-vu-acontece-e-e-ainda-mais-estranho-de-se-sentir\/#article","isPartOf":{"@id":"https:\/\/jornalfatosenoticias.com.br\/index.php\/2025\/09\/17\/o-oposto-do-deja-vu-acontece-e-e-ainda-mais-estranho-de-se-sentir\/"},"author":{"name":"Luzimara Fernandes","@id":"https:\/\/jornalfatosenoticias.com.br\/#\/schema\/person\/d63837fa13ac8666eb9e74e0985d6f81"},"headline":"O oposto do d\u00e9j\u00e0 vu acontece e \u00e9 ainda mais estranho de se sentir","datePublished":"2025-09-17T17:15:26+00:00","dateModified":"2025-09-17T17:15:27+00:00","mainEntityOfPage":{"@id":"https:\/\/jornalfatosenoticias.com.br\/index.php\/2025\/09\/17\/o-oposto-do-deja-vu-acontece-e-e-ainda-mais-estranho-de-se-sentir\/"},"wordCount":676,"commentCount":0,"publisher":{"@id":"https:\/\/jornalfatosenoticias.com.br\/#organization"},"image":{"@id":"https:\/\/jornalfatosenoticias.com.br\/index.php\/2025\/09\/17\/o-oposto-do-deja-vu-acontece-e-e-ainda-mais-estranho-de-se-sentir\/#primaryimage"},"thumbnailUrl":"https:\/\/jornalfatosenoticias.com.br\/wp-content\/uploads\/2025\/09\/JAMAIS-VU_istock.jpg","keywords":["&quot;jamais vu&quot;","c\u00e9rebro","ci\u00eancia","d\u00e9j\u00e0 vu","fen\u00f4menos da mente","mem\u00f3ria"],"articleSection":["Comportamento &amp; Equil\u00edbrio"],"inLanguage":"pt-BR","potentialAction":[{"@type":"CommentAction","name":"Comment","target":["https:\/\/jornalfatosenoticias.com.br\/index.php\/2025\/09\/17\/o-oposto-do-deja-vu-acontece-e-e-ainda-mais-estranho-de-se-sentir\/#respond"]}]},{"@type":"WebPage","@id":"https:\/\/jornalfatosenoticias.com.br\/index.php\/2025\/09\/17\/o-oposto-do-deja-vu-acontece-e-e-ainda-mais-estranho-de-se-sentir\/","url":"https:\/\/jornalfatosenoticias.com.br\/index.php\/2025\/09\/17\/o-oposto-do-deja-vu-acontece-e-e-ainda-mais-estranho-de-se-sentir\/","name":"O oposto do d\u00e9j\u00e0 vu acontece e \u00e9 ainda mais estranho de se sentir - Jornal Fatos e Not\u00edcias","isPartOf":{"@id":"https:\/\/jornalfatosenoticias.com.br\/#website"},"primaryImageOfPage":{"@id":"https:\/\/jornalfatosenoticias.com.br\/index.php\/2025\/09\/17\/o-oposto-do-deja-vu-acontece-e-e-ainda-mais-estranho-de-se-sentir\/#primaryimage"},"image":{"@id":"https:\/\/jornalfatosenoticias.com.br\/index.php\/2025\/09\/17\/o-oposto-do-deja-vu-acontece-e-e-ainda-mais-estranho-de-se-sentir\/#primaryimage"},"thumbnailUrl":"https:\/\/jornalfatosenoticias.com.br\/wp-content\/uploads\/2025\/09\/JAMAIS-VU_istock.jpg","datePublished":"2025-09-17T17:15:26+00:00","dateModified":"2025-09-17T17:15:27+00:00","breadcrumb":{"@id":"https:\/\/jornalfatosenoticias.com.br\/index.php\/2025\/09\/17\/o-oposto-do-deja-vu-acontece-e-e-ainda-mais-estranho-de-se-sentir\/#breadcrumb"},"inLanguage":"pt-BR","potentialAction":[{"@type":"ReadAction","target":["https:\/\/jornalfatosenoticias.com.br\/index.php\/2025\/09\/17\/o-oposto-do-deja-vu-acontece-e-e-ainda-mais-estranho-de-se-sentir\/"]}]},{"@type":"ImageObject","inLanguage":"pt-BR","@id":"https:\/\/jornalfatosenoticias.com.br\/index.php\/2025\/09\/17\/o-oposto-do-deja-vu-acontece-e-e-ainda-mais-estranho-de-se-sentir\/#primaryimage","url":"https:\/\/jornalfatosenoticias.com.br\/wp-content\/uploads\/2025\/09\/JAMAIS-VU_istock.jpg","contentUrl":"https:\/\/jornalfatosenoticias.com.br\/wp-content\/uploads\/2025\/09\/JAMAIS-VU_istock.jpg","width":612,"height":408,"caption":"A conceptual image of a brain, memory notes and a hand removing one. Hand shadow left deliberately.PLEASE CLICK HERE FOR MORE BRAINS."},{"@type":"BreadcrumbList","@id":"https:\/\/jornalfatosenoticias.com.br\/index.php\/2025\/09\/17\/o-oposto-do-deja-vu-acontece-e-e-ainda-mais-estranho-de-se-sentir\/#breadcrumb","itemListElement":[{"@type":"ListItem","position":1,"name":"In\u00edcio","item":"https:\/\/jornalfatosenoticias.com.br\/"},{"@type":"ListItem","position":2,"name":"O oposto do d\u00e9j\u00e0 vu acontece e \u00e9 ainda mais estranho de se sentir"}]},{"@type":"WebSite","@id":"https:\/\/jornalfatosenoticias.com.br\/#website","url":"https:\/\/jornalfatosenoticias.com.br\/","name":"Jornal Fatos e Not\u00edcias","description":"Not\u00edcias em geral","publisher":{"@id":"https:\/\/jornalfatosenoticias.com.br\/#organization"},"potentialAction":[{"@type":"SearchAction","target":{"@type":"EntryPoint","urlTemplate":"https:\/\/jornalfatosenoticias.com.br\/?s={search_term_string}"},"query-input":{"@type":"PropertyValueSpecification","valueRequired":true,"valueName":"search_term_string"}}],"inLanguage":"pt-BR"},{"@type":"Organization","@id":"https:\/\/jornalfatosenoticias.com.br\/#organization","name":"Jornal Fatos e Not\u00edcias","url":"https:\/\/jornalfatosenoticias.com.br\/","logo":{"@type":"ImageObject","inLanguage":"pt-BR","@id":"https:\/\/jornalfatosenoticias.com.br\/#\/schema\/logo\/image\/","url":"https:\/\/jornalfatosenoticias.com.br\/wp-content\/uploads\/2020\/02\/logo120.png","contentUrl":"https:\/\/jornalfatosenoticias.com.br\/wp-content\/uploads\/2020\/02\/logo120.png","width":1227,"height":120,"caption":"Jornal Fatos e Not\u00edcias"},"image":{"@id":"https:\/\/jornalfatosenoticias.com.br\/#\/schema\/logo\/image\/"}},{"@type":"Person","@id":"https:\/\/jornalfatosenoticias.com.br\/#\/schema\/person\/d63837fa13ac8666eb9e74e0985d6f81","name":"Luzimara Fernandes","image":{"@type":"ImageObject","inLanguage":"pt-BR","@id":"https:\/\/jornalfatosenoticias.com.br\/#\/schema\/person\/image\/","url":"https:\/\/jornalfatosenoticias.com.br\/wp-content\/uploads\/2025\/05\/EU_portal.jpg","contentUrl":"https:\/\/jornalfatosenoticias.com.br\/wp-content\/uploads\/2025\/05\/EU_portal.jpg","caption":"Luzimara Fernandes"},"description":"Jornalista MTB 2358-ES","sameAs":["https:\/\/jornalfatosenoticias.com.br"],"url":"https:\/\/jornalfatosenoticias.com.br\/index.php\/author\/luzimara\/"}]}},"cc_featured_image_caption":{"caption_text":"(Foto: iStock)  ","source_text":"","source_url":""},"jetpack_featured_media_url":"https:\/\/jornalfatosenoticias.com.br\/wp-content\/uploads\/2025\/09\/JAMAIS-VU_istock.jpg","_links":{"self":[{"href":"https:\/\/jornalfatosenoticias.com.br\/index.php\/wp-json\/wp\/v2\/posts\/61945","targetHints":{"allow":["GET"]}}],"collection":[{"href":"https:\/\/jornalfatosenoticias.com.br\/index.php\/wp-json\/wp\/v2\/posts"}],"about":[{"href":"https:\/\/jornalfatosenoticias.com.br\/index.php\/wp-json\/wp\/v2\/types\/post"}],"author":[{"embeddable":true,"href":"https:\/\/jornalfatosenoticias.com.br\/index.php\/wp-json\/wp\/v2\/users\/2"}],"replies":[{"embeddable":true,"href":"https:\/\/jornalfatosenoticias.com.br\/index.php\/wp-json\/wp\/v2\/comments?post=61945"}],"version-history":[{"count":0,"href":"https:\/\/jornalfatosenoticias.com.br\/index.php\/wp-json\/wp\/v2\/posts\/61945\/revisions"}],"wp:featuredmedia":[{"embeddable":true,"href":"https:\/\/jornalfatosenoticias.com.br\/index.php\/wp-json\/wp\/v2\/media\/61946"}],"wp:attachment":[{"href":"https:\/\/jornalfatosenoticias.com.br\/index.php\/wp-json\/wp\/v2\/media?parent=61945"}],"wp:term":[{"taxonomy":"category","embeddable":true,"href":"https:\/\/jornalfatosenoticias.com.br\/index.php\/wp-json\/wp\/v2\/categories?post=61945"},{"taxonomy":"post_tag","embeddable":true,"href":"https:\/\/jornalfatosenoticias.com.br\/index.php\/wp-json\/wp\/v2\/tags?post=61945"}],"curies":[{"name":"wp","href":"https:\/\/api.w.org\/{rel}","templated":true}]}}