{"id":61955,"date":"2025-09-17T17:21:46","date_gmt":"2025-09-17T20:21:46","guid":{"rendered":"https:\/\/jornalfatosenoticias.com.br\/?p=61955"},"modified":"2025-09-17T17:21:48","modified_gmt":"2025-09-17T20:21:48","slug":"psicomotricidade-ausente-expoe-lacunas-na-formacao-docente","status":"publish","type":"post","link":"https:\/\/jornalfatosenoticias.com.br\/index.php\/2025\/09\/17\/psicomotricidade-ausente-expoe-lacunas-na-formacao-docente\/","title":{"rendered":"Psicomotricidade ausente exp\u00f5e lacunas na forma\u00e7\u00e3o docente"},"content":{"rendered":"\n<p><em><span class=\"has-inline-color has-black-color\">Estrat\u00e9gias que integram corpo e mente ajudam no desenvolvimento infantil e favorecem a inclus\u00e3o, segundo neuropedagoga<\/span><\/em><\/p>\n\n\n\n<div class=\"wp-block-image\"><figure class=\"aligncenter size-large\"><a href=\"https:\/\/www.instagram.com\/rcradiadores\/\"><img loading=\"lazy\" decoding=\"async\" width=\"560\" height=\"60\" src=\"https:\/\/jornalfatosenoticias.com.br\/wp-content\/uploads\/2022\/10\/Propaganda-RC-Radiadores-Jornal_page-0001.jpg\" alt=\"\" class=\"wp-image-35270\" srcset=\"https:\/\/jornalfatosenoticias.com.br\/wp-content\/uploads\/2022\/10\/Propaganda-RC-Radiadores-Jornal_page-0001.jpg 560w, https:\/\/jornalfatosenoticias.com.br\/wp-content\/uploads\/2022\/10\/Propaganda-RC-Radiadores-Jornal_page-0001-300x32.jpg 300w\" sizes=\"auto, (max-width: 560px) 100vw, 560px\" \/><\/a><\/figure><\/div>\n\n\n\n<p>A psicomotricidade, ci\u00eancia que estuda a rela\u00e7\u00e3o entre movimento, cogni\u00e7\u00e3o e emo\u00e7\u00e3o, tem se mostrado fundamental para o desenvolvimento humano. Dados do Center on the Developing Child, da Universidade Harvard, revelam que o c\u00e9rebro infantil forma at\u00e9 um milh\u00e3o de conex\u00f5es por segundo nos primeiros anos de vida. No Brasil, segundo o Censo Escolar, o n\u00famero de matr\u00edculas de alunos com Transtorno do Espectro Autista (TEA) mais que dobrou entre 2018 e 2021, passando de 105 mil para 212 mil. O cen\u00e1rio refor\u00e7a a necessidade de pr\u00e1ticas pedag\u00f3gicas e cl\u00ednicas que unam corpo e mente.<br>Na vis\u00e3o da neuropedagoga Mara Duarte, o Brasil ainda avan\u00e7a na integra\u00e7\u00e3o da psicomotricidade. <\/p>\n\n\n\n<div class=\"wp-block-image\"><figure class=\"aligncenter size-large is-resized\"><a href=\"https:\/\/www.facebook.com\/postobkr\/?locale=pt_BR\"><img loading=\"lazy\" decoding=\"async\" src=\"https:\/\/jornalfatosenoticias.com.br\/wp-content\/uploads\/2023\/08\/BKR-1024x1021.jpg\" alt=\"\" class=\"wp-image-44494\" width=\"312\" height=\"311\" srcset=\"https:\/\/jornalfatosenoticias.com.br\/wp-content\/uploads\/2023\/08\/BKR-1024x1021.jpg 1024w, https:\/\/jornalfatosenoticias.com.br\/wp-content\/uploads\/2023\/08\/BKR-300x300.jpg 300w, https:\/\/jornalfatosenoticias.com.br\/wp-content\/uploads\/2023\/08\/BKR-150x150.jpg 150w, https:\/\/jornalfatosenoticias.com.br\/wp-content\/uploads\/2023\/08\/BKR-768x766.jpg 768w, https:\/\/jornalfatosenoticias.com.br\/wp-content\/uploads\/2023\/08\/BKR.jpg 1080w\" sizes=\"auto, (max-width: 312px) 100vw, 312px\" \/><\/a><\/figure><\/div>\n\n\n\n<blockquote class=\"wp-block-quote is-layout-flow wp-block-quote-is-layout-flow\"><p><span class=\"has-inline-color has-luminous-vivid-orange-color\">Apesar do aumento nos diagn\u00f3sticos de autismo e TDAH, a <strong>forma\u00e7\u00e3o docente nem sempre contempla essa pr\u00e1tica, criando um descompasso com as necessidades das crian\u00e7as<\/strong>. O corpo \u00e9 o primeiro instrumento de aprendizagem, e negligenciar isso compromete etapas essenciais do desenvolvimento\u201d, destaca.<\/span><\/p><\/blockquote>\n\n\n\n<div class=\"wp-block-image\"><figure class=\"aligncenter size-large is-resized\"><a href=\"https:\/\/www.instagram.com\/gruposei\/\"><img loading=\"lazy\" decoding=\"async\" src=\"https:\/\/jornalfatosenoticias.com.br\/wp-content\/uploads\/2022\/07\/Logo-Grupo-SEI.jpg\" alt=\"\" class=\"wp-image-31973\" width=\"345\" height=\"181\" srcset=\"https:\/\/jornalfatosenoticias.com.br\/wp-content\/uploads\/2022\/07\/Logo-Grupo-SEI.jpg 713w, https:\/\/jornalfatosenoticias.com.br\/wp-content\/uploads\/2022\/07\/Logo-Grupo-SEI-300x158.jpg 300w\" sizes=\"auto, (max-width: 345px) 100vw, 345px\" \/><\/a><\/figure><\/div>\n\n\n\n<p>Na pr\u00e1tica cl\u00ednica, a psicomotricidade auxilia no diagn\u00f3stico e tratamento de dificuldades de aprendizagem, transtornos motores e condi\u00e7\u00f5es como autismo e TDAH. \u201cProfissionais utilizam exerc\u00edcios para estimular coordena\u00e7\u00e3o, percep\u00e7\u00e3o espacial e equil\u00edbrio. Atividades l\u00fadicas, como rastejar, rolar ou caminhar em linha reta, parecem simples, mas estruturam bases para conquistas mais complexas, como a escrita e a leitura, desenvolver aten\u00e7\u00e3o, mem\u00f3ria e linguagem do indiv\u00edduo\u201d, complementa a especialista que \u00e9 tamb\u00e9m gestora da Rhema Neuroeduca\u00e7\u00e3o.<\/p>\n\n\n\n<div class=\"wp-block-image\"><figure class=\"aligncenter size-large is-resized\"><a href=\"https:\/\/www.instagram.com\/serra4x4cambioautomatico\/\"><img loading=\"lazy\" decoding=\"async\" src=\"https:\/\/jornalfatosenoticias.com.br\/wp-content\/uploads\/2024\/08\/Serra-4x4-1-886x1024.jpg\" alt=\"\" class=\"wp-image-53632\" width=\"246\" height=\"285\" srcset=\"https:\/\/jornalfatosenoticias.com.br\/wp-content\/uploads\/2024\/08\/Serra-4x4-1-886x1024.jpg 886w, https:\/\/jornalfatosenoticias.com.br\/wp-content\/uploads\/2024\/08\/Serra-4x4-1-260x300.jpg 260w, https:\/\/jornalfatosenoticias.com.br\/wp-content\/uploads\/2024\/08\/Serra-4x4-1-768x888.jpg 768w, https:\/\/jornalfatosenoticias.com.br\/wp-content\/uploads\/2024\/08\/Serra-4x4-1.jpg 1181w\" sizes=\"auto, (max-width: 246px) 100vw, 246px\" \/><\/a><\/figure><\/div>\n\n\n\n<p><strong><span class=\"has-inline-color has-vivid-cyan-blue-color\">Aprendizado escolar<br><\/span><\/strong>Estudo do IBGE mostra que 18,9 milh\u00f5es de brasileiros convivem com algum tipo de defici\u00eancia, o que inclui parte significativa dos estudantes que enfrentam barreiras adicionais no aprendizado. <\/p>\n\n\n\n<blockquote class=\"wp-block-quote is-layout-flow wp-block-quote-is-layout-flow\"><p><span class=\"has-inline-color has-luminous-vivid-orange-color\">Quando o professor incorpora pr\u00e1ticas psicomotoras na rotina da sala de aula, ele amplia o alcance das metodologias e promove inclus\u00e3o. A alfabetiza\u00e7\u00e3o, por exemplo, exige coordena\u00e7\u00e3o olho-m\u00e3o, que pode ser fortalecida com atividades espec\u00edficas\u201d, aponta Mara Duarte.<\/span><\/p><\/blockquote>\n\n\n\n<div class=\"wp-block-image\"><figure class=\"aligncenter size-large\"><a href=\"https:\/\/www.cesconetto.com.br\/\"><img loading=\"lazy\" decoding=\"async\" width=\"300\" height=\"250\" src=\"https:\/\/jornalfatosenoticias.com.br\/wp-content\/uploads\/2022\/02\/Banner-2.png\" alt=\"\" class=\"wp-image-27877\"\/><\/a><\/figure><\/div>\n\n\n\n<p>Com o crescimento dos diagn\u00f3sticos de neurodiverg\u00eancia no pa\u00eds, \u00e9 preciso que a psicomotricidade seja incorporada de forma transversal nos contextos educacionais e cl\u00ednicos, avalia a profissional. \u201cA chave est\u00e1 na prepara\u00e7\u00e3o de professores e familiares. Cada crian\u00e7a tem um ritmo pr\u00f3prio. <strong>Quando corpo, mente e emo\u00e7\u00e3o caminham juntos,<\/strong> o processo de aprendizagem se torna mais consistente e inclusivo\u201d, finaliza a neuropedagoga.<\/p>\n\n\n\n<div class=\"wp-block-image\"><figure class=\"aligncenter size-large is-resized\"><a href=\"https:\/\/legisjuris.com.br\/\"><img loading=\"lazy\" decoding=\"async\" src=\"https:\/\/jornalfatosenoticias.com.br\/wp-content\/uploads\/2024\/09\/Legis-Juris-Consultoria_logo.jpg\" alt=\"\" class=\"wp-image-53915\" width=\"480\" height=\"201\" srcset=\"https:\/\/jornalfatosenoticias.com.br\/wp-content\/uploads\/2024\/09\/Legis-Juris-Consultoria_logo.jpg 969w, https:\/\/jornalfatosenoticias.com.br\/wp-content\/uploads\/2024\/09\/Legis-Juris-Consultoria_logo-300x126.jpg 300w, https:\/\/jornalfatosenoticias.com.br\/wp-content\/uploads\/2024\/09\/Legis-Juris-Consultoria_logo-768x322.jpg 768w\" sizes=\"auto, (max-width: 480px) 100vw, 480px\" \/><\/a><\/figure><\/div>\n\n\n\n<p><strong><span class=\"has-inline-color has-vivid-cyan-blue-color\">Cinco atividades de psicomotricidade para aplicar em casa e na escola (segundo Mara Duarte)<\/span><\/strong><\/p>\n\n\n\n<ol class=\"wp-block-list\"><li><strong>Balan\u00e7o e gangorra: <\/strong>estimulam o sistema vestibular, localizado no ouvido interno, respons\u00e1vel pelo equil\u00edbrio e pela orienta\u00e7\u00e3o espacial, essencial para o equil\u00edbrio.<\/li><li><strong>Rolamentos e rastejamento:<\/strong> fortalecem a coordena\u00e7\u00e3o e a musculatura necess\u00e1ria para a escrita.<\/li><li><strong>Caminhar em linha reta:<\/strong> melhora o equil\u00edbrio din\u00e2mico e a concentra\u00e7\u00e3o.<\/li><li><strong>Jogo da est\u00e1tua:<\/strong> incentiva o controle corporal e a aten\u00e7\u00e3o.<\/li><li><strong>Jogos de mem\u00f3ria com movimento:<\/strong> associar gestos a palavras ou imagens ajuda a integrar corpo e cogni\u00e7\u00e3o.<\/li><\/ol>\n\n\n\n<div class=\"wp-block-image\"><figure class=\"aligncenter size-large is-resized\"><a href=\"https:\/\/panper.com.br\/\"><img loading=\"lazy\" decoding=\"async\" src=\"https:\/\/jornalfatosenoticias.com.br\/wp-content\/uploads\/2023\/03\/logo-Panper_portal.jpg\" alt=\"\" class=\"wp-image-40208\" width=\"283\" height=\"196\" srcset=\"https:\/\/jornalfatosenoticias.com.br\/wp-content\/uploads\/2023\/03\/logo-Panper_portal.jpg 400w, https:\/\/jornalfatosenoticias.com.br\/wp-content\/uploads\/2023\/03\/logo-Panper_portal-300x208.jpg 300w\" sizes=\"auto, (max-width: 283px) 100vw, 283px\" \/><\/a><\/figure><\/div>\n\n\n\n<p><strong>Fonte: <a href=\"https:\/\/revistaeducacao.com.br\/2025\/09\/15\/psicomotricidade-formacao-docente\/\">Revista Educa\u00e7\u00e3o<\/a><\/strong><\/p>\n","protected":false},"excerpt":{"rendered":"<p>Estrat\u00e9gias que integram corpo e mente ajudam no desenvolvimento infantil e favorecem a inclus\u00e3o, segundo neuropedagoga A psicomotricidade, ci\u00eancia que estuda a rela\u00e7\u00e3o entre movimento, cogni\u00e7\u00e3o e emo\u00e7\u00e3o, tem se mostrado fundamental para o desenvolvimento humano. Dados do Center on the Developing Child, da Universidade Harvard, revelam que o c\u00e9rebro infantil forma at\u00e9 um milh\u00e3o [&hellip;]<\/p>\n","protected":false},"author":2,"featured_media":61956,"comment_status":"open","ping_status":"open","sticky":false,"template":"","format":"standard","meta":{"footnotes":""},"categories":[7],"tags":[3821,25214,7232,1042,14847,1336,23769,23400,25068],"class_list":["post-61955","post","type-post","status-publish","format-standard","has-post-thumbnail","hentry","category-educacao","tag-alfabetizacao","tag-cerebro-infantil","tag-cognicao","tag-desenvolvimento-infantil","tag-formacao-docente","tag-inclusao","tag-neurodiversidade","tag-praticas-pedagogicas","tag-psicomotricidade"],"yoast_head":"<!-- This site is optimized with the Yoast SEO plugin v26.5 - https:\/\/yoast.com\/wordpress\/plugins\/seo\/ -->\n<title>Psicomotricidade ausente exp\u00f5e lacunas na forma\u00e7\u00e3o docente - Jornal Fatos e Not\u00edcias<\/title>\n<meta name=\"robots\" content=\"index, follow, max-snippet:-1, max-image-preview:large, max-video-preview:-1\" \/>\n<link rel=\"canonical\" href=\"https:\/\/jornalfatosenoticias.com.br\/index.php\/2025\/09\/17\/psicomotricidade-ausente-expoe-lacunas-na-formacao-docente\/\" \/>\n<meta property=\"og:locale\" content=\"pt_BR\" \/>\n<meta property=\"og:type\" content=\"article\" \/>\n<meta property=\"og:title\" content=\"Psicomotricidade ausente exp\u00f5e lacunas na forma\u00e7\u00e3o docente - Jornal Fatos e Not\u00edcias\" \/>\n<meta property=\"og:description\" content=\"Estrat\u00e9gias que integram corpo e mente ajudam no desenvolvimento infantil e favorecem a inclus\u00e3o, segundo neuropedagoga A psicomotricidade, ci\u00eancia que estuda a rela\u00e7\u00e3o entre movimento, cogni\u00e7\u00e3o e emo\u00e7\u00e3o, tem se mostrado fundamental para o desenvolvimento humano. Dados do Center on the Developing Child, da Universidade Harvard, revelam que o c\u00e9rebro infantil forma at\u00e9 um milh\u00e3o [&hellip;]\" \/>\n<meta property=\"og:url\" content=\"https:\/\/jornalfatosenoticias.com.br\/index.php\/2025\/09\/17\/psicomotricidade-ausente-expoe-lacunas-na-formacao-docente\/\" \/>\n<meta property=\"og:site_name\" content=\"Jornal Fatos e Not\u00edcias\" \/>\n<meta property=\"article:published_time\" content=\"2025-09-17T20:21:46+00:00\" \/>\n<meta property=\"article:modified_time\" content=\"2025-09-17T20:21:48+00:00\" \/>\n<meta property=\"og:image\" content=\"https:\/\/jornalfatosenoticias.com.br\/wp-content\/uploads\/2025\/09\/psicomotricidade_pixabay.jpg\" \/>\n\t<meta property=\"og:image:width\" content=\"1000\" \/>\n\t<meta property=\"og:image:height\" content=\"671\" \/>\n\t<meta property=\"og:image:type\" content=\"image\/jpeg\" \/>\n<meta name=\"author\" content=\"Luzimara Fernandes\" \/>\n<meta name=\"twitter:card\" content=\"summary_large_image\" \/>\n<meta name=\"twitter:label1\" content=\"Escrito por\" \/>\n\t<meta name=\"twitter:data1\" content=\"Luzimara Fernandes\" \/>\n\t<meta name=\"twitter:label2\" content=\"Est. tempo de leitura\" \/>\n\t<meta name=\"twitter:data2\" content=\"3 minutos\" \/>\n<script type=\"application\/ld+json\" class=\"yoast-schema-graph\">{\"@context\":\"https:\/\/schema.org\",\"@graph\":[{\"@type\":\"Article\",\"@id\":\"https:\/\/jornalfatosenoticias.com.br\/index.php\/2025\/09\/17\/psicomotricidade-ausente-expoe-lacunas-na-formacao-docente\/#article\",\"isPartOf\":{\"@id\":\"https:\/\/jornalfatosenoticias.com.br\/index.php\/2025\/09\/17\/psicomotricidade-ausente-expoe-lacunas-na-formacao-docente\/\"},\"author\":{\"name\":\"Luzimara Fernandes\",\"@id\":\"https:\/\/jornalfatosenoticias.com.br\/#\/schema\/person\/d63837fa13ac8666eb9e74e0985d6f81\"},\"headline\":\"Psicomotricidade ausente exp\u00f5e lacunas na forma\u00e7\u00e3o docente\",\"datePublished\":\"2025-09-17T20:21:46+00:00\",\"dateModified\":\"2025-09-17T20:21:48+00:00\",\"mainEntityOfPage\":{\"@id\":\"https:\/\/jornalfatosenoticias.com.br\/index.php\/2025\/09\/17\/psicomotricidade-ausente-expoe-lacunas-na-formacao-docente\/\"},\"wordCount\":530,\"commentCount\":0,\"publisher\":{\"@id\":\"https:\/\/jornalfatosenoticias.com.br\/#organization\"},\"image\":{\"@id\":\"https:\/\/jornalfatosenoticias.com.br\/index.php\/2025\/09\/17\/psicomotricidade-ausente-expoe-lacunas-na-formacao-docente\/#primaryimage\"},\"thumbnailUrl\":\"https:\/\/jornalfatosenoticias.com.br\/wp-content\/uploads\/2025\/09\/psicomotricidade_pixabay.jpg\",\"keywords\":[\"alfabetiza\u00e7\u00e3o\",\"c\u00e9rebro infantil\",\"cogni\u00e7\u00e3o\",\"desenvolvimento infantil\",\"forma\u00e7\u00e3o docente\",\"inclus\u00e3o\",\"neurodiversidade\",\"pr\u00e1ticas pedag\u00f3gicas\",\"psicomotricidade\"],\"articleSection\":[\"Educa\u00e7\u00e3o\"],\"inLanguage\":\"pt-BR\",\"potentialAction\":[{\"@type\":\"CommentAction\",\"name\":\"Comment\",\"target\":[\"https:\/\/jornalfatosenoticias.com.br\/index.php\/2025\/09\/17\/psicomotricidade-ausente-expoe-lacunas-na-formacao-docente\/#respond\"]}]},{\"@type\":\"WebPage\",\"@id\":\"https:\/\/jornalfatosenoticias.com.br\/index.php\/2025\/09\/17\/psicomotricidade-ausente-expoe-lacunas-na-formacao-docente\/\",\"url\":\"https:\/\/jornalfatosenoticias.com.br\/index.php\/2025\/09\/17\/psicomotricidade-ausente-expoe-lacunas-na-formacao-docente\/\",\"name\":\"Psicomotricidade ausente exp\u00f5e lacunas na forma\u00e7\u00e3o docente - Jornal Fatos e Not\u00edcias\",\"isPartOf\":{\"@id\":\"https:\/\/jornalfatosenoticias.com.br\/#website\"},\"primaryImageOfPage\":{\"@id\":\"https:\/\/jornalfatosenoticias.com.br\/index.php\/2025\/09\/17\/psicomotricidade-ausente-expoe-lacunas-na-formacao-docente\/#primaryimage\"},\"image\":{\"@id\":\"https:\/\/jornalfatosenoticias.com.br\/index.php\/2025\/09\/17\/psicomotricidade-ausente-expoe-lacunas-na-formacao-docente\/#primaryimage\"},\"thumbnailUrl\":\"https:\/\/jornalfatosenoticias.com.br\/wp-content\/uploads\/2025\/09\/psicomotricidade_pixabay.jpg\",\"datePublished\":\"2025-09-17T20:21:46+00:00\",\"dateModified\":\"2025-09-17T20:21:48+00:00\",\"breadcrumb\":{\"@id\":\"https:\/\/jornalfatosenoticias.com.br\/index.php\/2025\/09\/17\/psicomotricidade-ausente-expoe-lacunas-na-formacao-docente\/#breadcrumb\"},\"inLanguage\":\"pt-BR\",\"potentialAction\":[{\"@type\":\"ReadAction\",\"target\":[\"https:\/\/jornalfatosenoticias.com.br\/index.php\/2025\/09\/17\/psicomotricidade-ausente-expoe-lacunas-na-formacao-docente\/\"]}]},{\"@type\":\"ImageObject\",\"inLanguage\":\"pt-BR\",\"@id\":\"https:\/\/jornalfatosenoticias.com.br\/index.php\/2025\/09\/17\/psicomotricidade-ausente-expoe-lacunas-na-formacao-docente\/#primaryimage\",\"url\":\"https:\/\/jornalfatosenoticias.com.br\/wp-content\/uploads\/2025\/09\/psicomotricidade_pixabay.jpg\",\"contentUrl\":\"https:\/\/jornalfatosenoticias.com.br\/wp-content\/uploads\/2025\/09\/psicomotricidade_pixabay.jpg\",\"width\":1000,\"height\":671},{\"@type\":\"BreadcrumbList\",\"@id\":\"https:\/\/jornalfatosenoticias.com.br\/index.php\/2025\/09\/17\/psicomotricidade-ausente-expoe-lacunas-na-formacao-docente\/#breadcrumb\",\"itemListElement\":[{\"@type\":\"ListItem\",\"position\":1,\"name\":\"In\u00edcio\",\"item\":\"https:\/\/jornalfatosenoticias.com.br\/\"},{\"@type\":\"ListItem\",\"position\":2,\"name\":\"Psicomotricidade ausente exp\u00f5e lacunas na forma\u00e7\u00e3o docente\"}]},{\"@type\":\"WebSite\",\"@id\":\"https:\/\/jornalfatosenoticias.com.br\/#website\",\"url\":\"https:\/\/jornalfatosenoticias.com.br\/\",\"name\":\"Jornal Fatos e Not\u00edcias\",\"description\":\"Not\u00edcias em geral\",\"publisher\":{\"@id\":\"https:\/\/jornalfatosenoticias.com.br\/#organization\"},\"potentialAction\":[{\"@type\":\"SearchAction\",\"target\":{\"@type\":\"EntryPoint\",\"urlTemplate\":\"https:\/\/jornalfatosenoticias.com.br\/?s={search_term_string}\"},\"query-input\":{\"@type\":\"PropertyValueSpecification\",\"valueRequired\":true,\"valueName\":\"search_term_string\"}}],\"inLanguage\":\"pt-BR\"},{\"@type\":\"Organization\",\"@id\":\"https:\/\/jornalfatosenoticias.com.br\/#organization\",\"name\":\"Jornal Fatos e Not\u00edcias\",\"url\":\"https:\/\/jornalfatosenoticias.com.br\/\",\"logo\":{\"@type\":\"ImageObject\",\"inLanguage\":\"pt-BR\",\"@id\":\"https:\/\/jornalfatosenoticias.com.br\/#\/schema\/logo\/image\/\",\"url\":\"https:\/\/jornalfatosenoticias.com.br\/wp-content\/uploads\/2020\/02\/logo120.png\",\"contentUrl\":\"https:\/\/jornalfatosenoticias.com.br\/wp-content\/uploads\/2020\/02\/logo120.png\",\"width\":1227,\"height\":120,\"caption\":\"Jornal Fatos e Not\u00edcias\"},\"image\":{\"@id\":\"https:\/\/jornalfatosenoticias.com.br\/#\/schema\/logo\/image\/\"}},{\"@type\":\"Person\",\"@id\":\"https:\/\/jornalfatosenoticias.com.br\/#\/schema\/person\/d63837fa13ac8666eb9e74e0985d6f81\",\"name\":\"Luzimara Fernandes\",\"image\":{\"@type\":\"ImageObject\",\"inLanguage\":\"pt-BR\",\"@id\":\"https:\/\/jornalfatosenoticias.com.br\/#\/schema\/person\/image\/\",\"url\":\"https:\/\/jornalfatosenoticias.com.br\/wp-content\/uploads\/2025\/05\/EU_portal.jpg\",\"contentUrl\":\"https:\/\/jornalfatosenoticias.com.br\/wp-content\/uploads\/2025\/05\/EU_portal.jpg\",\"caption\":\"Luzimara Fernandes\"},\"description\":\"Jornalista MTB 2358-ES\",\"sameAs\":[\"https:\/\/jornalfatosenoticias.com.br\"],\"url\":\"https:\/\/jornalfatosenoticias.com.br\/index.php\/author\/luzimara\/\"}]}<\/script>\n<!-- \/ Yoast SEO plugin. -->","yoast_head_json":{"title":"Psicomotricidade ausente exp\u00f5e lacunas na forma\u00e7\u00e3o docente - Jornal Fatos e Not\u00edcias","robots":{"index":"index","follow":"follow","max-snippet":"max-snippet:-1","max-image-preview":"max-image-preview:large","max-video-preview":"max-video-preview:-1"},"canonical":"https:\/\/jornalfatosenoticias.com.br\/index.php\/2025\/09\/17\/psicomotricidade-ausente-expoe-lacunas-na-formacao-docente\/","og_locale":"pt_BR","og_type":"article","og_title":"Psicomotricidade ausente exp\u00f5e lacunas na forma\u00e7\u00e3o docente - Jornal Fatos e Not\u00edcias","og_description":"Estrat\u00e9gias que integram corpo e mente ajudam no desenvolvimento infantil e favorecem a inclus\u00e3o, segundo neuropedagoga A psicomotricidade, ci\u00eancia que estuda a rela\u00e7\u00e3o entre movimento, cogni\u00e7\u00e3o e emo\u00e7\u00e3o, tem se mostrado fundamental para o desenvolvimento humano. Dados do Center on the Developing Child, da Universidade Harvard, revelam que o c\u00e9rebro infantil forma at\u00e9 um milh\u00e3o [&hellip;]","og_url":"https:\/\/jornalfatosenoticias.com.br\/index.php\/2025\/09\/17\/psicomotricidade-ausente-expoe-lacunas-na-formacao-docente\/","og_site_name":"Jornal Fatos e Not\u00edcias","article_published_time":"2025-09-17T20:21:46+00:00","article_modified_time":"2025-09-17T20:21:48+00:00","og_image":[{"width":1000,"height":671,"url":"https:\/\/jornalfatosenoticias.com.br\/wp-content\/uploads\/2025\/09\/psicomotricidade_pixabay.jpg","type":"image\/jpeg"}],"author":"Luzimara Fernandes","twitter_card":"summary_large_image","twitter_misc":{"Escrito por":"Luzimara Fernandes","Est. tempo de leitura":"3 minutos"},"schema":{"@context":"https:\/\/schema.org","@graph":[{"@type":"Article","@id":"https:\/\/jornalfatosenoticias.com.br\/index.php\/2025\/09\/17\/psicomotricidade-ausente-expoe-lacunas-na-formacao-docente\/#article","isPartOf":{"@id":"https:\/\/jornalfatosenoticias.com.br\/index.php\/2025\/09\/17\/psicomotricidade-ausente-expoe-lacunas-na-formacao-docente\/"},"author":{"name":"Luzimara Fernandes","@id":"https:\/\/jornalfatosenoticias.com.br\/#\/schema\/person\/d63837fa13ac8666eb9e74e0985d6f81"},"headline":"Psicomotricidade ausente exp\u00f5e lacunas na forma\u00e7\u00e3o docente","datePublished":"2025-09-17T20:21:46+00:00","dateModified":"2025-09-17T20:21:48+00:00","mainEntityOfPage":{"@id":"https:\/\/jornalfatosenoticias.com.br\/index.php\/2025\/09\/17\/psicomotricidade-ausente-expoe-lacunas-na-formacao-docente\/"},"wordCount":530,"commentCount":0,"publisher":{"@id":"https:\/\/jornalfatosenoticias.com.br\/#organization"},"image":{"@id":"https:\/\/jornalfatosenoticias.com.br\/index.php\/2025\/09\/17\/psicomotricidade-ausente-expoe-lacunas-na-formacao-docente\/#primaryimage"},"thumbnailUrl":"https:\/\/jornalfatosenoticias.com.br\/wp-content\/uploads\/2025\/09\/psicomotricidade_pixabay.jpg","keywords":["alfabetiza\u00e7\u00e3o","c\u00e9rebro infantil","cogni\u00e7\u00e3o","desenvolvimento infantil","forma\u00e7\u00e3o docente","inclus\u00e3o","neurodiversidade","pr\u00e1ticas pedag\u00f3gicas","psicomotricidade"],"articleSection":["Educa\u00e7\u00e3o"],"inLanguage":"pt-BR","potentialAction":[{"@type":"CommentAction","name":"Comment","target":["https:\/\/jornalfatosenoticias.com.br\/index.php\/2025\/09\/17\/psicomotricidade-ausente-expoe-lacunas-na-formacao-docente\/#respond"]}]},{"@type":"WebPage","@id":"https:\/\/jornalfatosenoticias.com.br\/index.php\/2025\/09\/17\/psicomotricidade-ausente-expoe-lacunas-na-formacao-docente\/","url":"https:\/\/jornalfatosenoticias.com.br\/index.php\/2025\/09\/17\/psicomotricidade-ausente-expoe-lacunas-na-formacao-docente\/","name":"Psicomotricidade ausente exp\u00f5e lacunas na forma\u00e7\u00e3o docente - Jornal Fatos e Not\u00edcias","isPartOf":{"@id":"https:\/\/jornalfatosenoticias.com.br\/#website"},"primaryImageOfPage":{"@id":"https:\/\/jornalfatosenoticias.com.br\/index.php\/2025\/09\/17\/psicomotricidade-ausente-expoe-lacunas-na-formacao-docente\/#primaryimage"},"image":{"@id":"https:\/\/jornalfatosenoticias.com.br\/index.php\/2025\/09\/17\/psicomotricidade-ausente-expoe-lacunas-na-formacao-docente\/#primaryimage"},"thumbnailUrl":"https:\/\/jornalfatosenoticias.com.br\/wp-content\/uploads\/2025\/09\/psicomotricidade_pixabay.jpg","datePublished":"2025-09-17T20:21:46+00:00","dateModified":"2025-09-17T20:21:48+00:00","breadcrumb":{"@id":"https:\/\/jornalfatosenoticias.com.br\/index.php\/2025\/09\/17\/psicomotricidade-ausente-expoe-lacunas-na-formacao-docente\/#breadcrumb"},"inLanguage":"pt-BR","potentialAction":[{"@type":"ReadAction","target":["https:\/\/jornalfatosenoticias.com.br\/index.php\/2025\/09\/17\/psicomotricidade-ausente-expoe-lacunas-na-formacao-docente\/"]}]},{"@type":"ImageObject","inLanguage":"pt-BR","@id":"https:\/\/jornalfatosenoticias.com.br\/index.php\/2025\/09\/17\/psicomotricidade-ausente-expoe-lacunas-na-formacao-docente\/#primaryimage","url":"https:\/\/jornalfatosenoticias.com.br\/wp-content\/uploads\/2025\/09\/psicomotricidade_pixabay.jpg","contentUrl":"https:\/\/jornalfatosenoticias.com.br\/wp-content\/uploads\/2025\/09\/psicomotricidade_pixabay.jpg","width":1000,"height":671},{"@type":"BreadcrumbList","@id":"https:\/\/jornalfatosenoticias.com.br\/index.php\/2025\/09\/17\/psicomotricidade-ausente-expoe-lacunas-na-formacao-docente\/#breadcrumb","itemListElement":[{"@type":"ListItem","position":1,"name":"In\u00edcio","item":"https:\/\/jornalfatosenoticias.com.br\/"},{"@type":"ListItem","position":2,"name":"Psicomotricidade ausente exp\u00f5e lacunas na forma\u00e7\u00e3o docente"}]},{"@type":"WebSite","@id":"https:\/\/jornalfatosenoticias.com.br\/#website","url":"https:\/\/jornalfatosenoticias.com.br\/","name":"Jornal Fatos e Not\u00edcias","description":"Not\u00edcias em geral","publisher":{"@id":"https:\/\/jornalfatosenoticias.com.br\/#organization"},"potentialAction":[{"@type":"SearchAction","target":{"@type":"EntryPoint","urlTemplate":"https:\/\/jornalfatosenoticias.com.br\/?s={search_term_string}"},"query-input":{"@type":"PropertyValueSpecification","valueRequired":true,"valueName":"search_term_string"}}],"inLanguage":"pt-BR"},{"@type":"Organization","@id":"https:\/\/jornalfatosenoticias.com.br\/#organization","name":"Jornal Fatos e Not\u00edcias","url":"https:\/\/jornalfatosenoticias.com.br\/","logo":{"@type":"ImageObject","inLanguage":"pt-BR","@id":"https:\/\/jornalfatosenoticias.com.br\/#\/schema\/logo\/image\/","url":"https:\/\/jornalfatosenoticias.com.br\/wp-content\/uploads\/2020\/02\/logo120.png","contentUrl":"https:\/\/jornalfatosenoticias.com.br\/wp-content\/uploads\/2020\/02\/logo120.png","width":1227,"height":120,"caption":"Jornal Fatos e Not\u00edcias"},"image":{"@id":"https:\/\/jornalfatosenoticias.com.br\/#\/schema\/logo\/image\/"}},{"@type":"Person","@id":"https:\/\/jornalfatosenoticias.com.br\/#\/schema\/person\/d63837fa13ac8666eb9e74e0985d6f81","name":"Luzimara Fernandes","image":{"@type":"ImageObject","inLanguage":"pt-BR","@id":"https:\/\/jornalfatosenoticias.com.br\/#\/schema\/person\/image\/","url":"https:\/\/jornalfatosenoticias.com.br\/wp-content\/uploads\/2025\/05\/EU_portal.jpg","contentUrl":"https:\/\/jornalfatosenoticias.com.br\/wp-content\/uploads\/2025\/05\/EU_portal.jpg","caption":"Luzimara Fernandes"},"description":"Jornalista MTB 2358-ES","sameAs":["https:\/\/jornalfatosenoticias.com.br"],"url":"https:\/\/jornalfatosenoticias.com.br\/index.php\/author\/luzimara\/"}]}},"cc_featured_image_caption":{"caption_text":"(Foto: Pixabay) ","source_text":"","source_url":""},"jetpack_featured_media_url":"https:\/\/jornalfatosenoticias.com.br\/wp-content\/uploads\/2025\/09\/psicomotricidade_pixabay.jpg","_links":{"self":[{"href":"https:\/\/jornalfatosenoticias.com.br\/index.php\/wp-json\/wp\/v2\/posts\/61955","targetHints":{"allow":["GET"]}}],"collection":[{"href":"https:\/\/jornalfatosenoticias.com.br\/index.php\/wp-json\/wp\/v2\/posts"}],"about":[{"href":"https:\/\/jornalfatosenoticias.com.br\/index.php\/wp-json\/wp\/v2\/types\/post"}],"author":[{"embeddable":true,"href":"https:\/\/jornalfatosenoticias.com.br\/index.php\/wp-json\/wp\/v2\/users\/2"}],"replies":[{"embeddable":true,"href":"https:\/\/jornalfatosenoticias.com.br\/index.php\/wp-json\/wp\/v2\/comments?post=61955"}],"version-history":[{"count":0,"href":"https:\/\/jornalfatosenoticias.com.br\/index.php\/wp-json\/wp\/v2\/posts\/61955\/revisions"}],"wp:featuredmedia":[{"embeddable":true,"href":"https:\/\/jornalfatosenoticias.com.br\/index.php\/wp-json\/wp\/v2\/media\/61956"}],"wp:attachment":[{"href":"https:\/\/jornalfatosenoticias.com.br\/index.php\/wp-json\/wp\/v2\/media?parent=61955"}],"wp:term":[{"taxonomy":"category","embeddable":true,"href":"https:\/\/jornalfatosenoticias.com.br\/index.php\/wp-json\/wp\/v2\/categories?post=61955"},{"taxonomy":"post_tag","embeddable":true,"href":"https:\/\/jornalfatosenoticias.com.br\/index.php\/wp-json\/wp\/v2\/tags?post=61955"}],"curies":[{"name":"wp","href":"https:\/\/api.w.org\/{rel}","templated":true}]}}