{"id":62002,"date":"2025-09-18T20:38:56","date_gmt":"2025-09-18T23:38:56","guid":{"rendered":"https:\/\/jornalfatosenoticias.com.br\/?p=62002"},"modified":"2025-09-18T20:38:57","modified_gmt":"2025-09-18T23:38:57","slug":"devocional-do-dia-oracao-de-fe","status":"publish","type":"post","link":"https:\/\/jornalfatosenoticias.com.br\/index.php\/2025\/09\/18\/devocional-do-dia-oracao-de-fe\/","title":{"rendered":"Devocional do Dia \u2014 ora\u00e7\u00e3o de f\u00e9"},"content":{"rendered":"\n<p><em><span class=\"has-inline-color has-black-color\">\u2018Confessai, pois, os vossos pecados uns aos outros e orai uns pelos outros, para serdes curados. Muito pode, por sua efic\u00e1cia, a s\u00faplica do justo&#8217;, Tiago 5:16<\/span><\/em><\/p>\n\n\n\n<div class=\"wp-block-image\"><figure class=\"aligncenter size-large\"><a href=\"https:\/\/mizu.com.br\/\"><img loading=\"lazy\" decoding=\"async\" width=\"729\" height=\"90\" src=\"https:\/\/jornalfatosenoticias.com.br\/wp-content\/uploads\/2020\/02\/Logo_Mizu.png\" alt=\"\" class=\"wp-image-1441\" srcset=\"https:\/\/jornalfatosenoticias.com.br\/wp-content\/uploads\/2020\/02\/Logo_Mizu.png 729w, https:\/\/jornalfatosenoticias.com.br\/wp-content\/uploads\/2020\/02\/Logo_Mizu-300x37.png 300w\" sizes=\"auto, (max-width: 729px) 100vw, 729px\" \/><\/a><\/figure><\/div>\n\n\n\n<p>\u00c0s vezes estamos distantes do Senhor e at\u00e9 queremos nos aproximar outra vez, mas n\u00e3o encontramos for\u00e7as! Sentimentos de vazio e tristeza tomam conta de n\u00f3s! Quem sabe tamb\u00e9m um sentimento de culpa porque entendemos que estamos andando fora dos caminhos do Senhor. Nossa alma est\u00e1 doente e n\u00e3o sabemos onde encontrar a cura. Mas Tiago nos ensina que ao confessarmos nossos pecados, somos curados. Este \u00e9 um mist\u00e9rio que pertence a Deus, mas podemos entender que isso acontece porque trazemos \u00e0 luz \u00e0quilo que est\u00e1 em oculto. Em outras palavras, ao confessarmos, estamos manifestando a Deus o nosso desejo de abandonar o pecado, e reconhecendo que somente Ele \u00e9 capaz de nos perdoar e curar.<\/p>\n\n\n\n<div class=\"wp-block-image\"><figure class=\"aligncenter size-large is-resized\"><a href=\"https:\/\/www.ithbrasil.com.br\/\"><img loading=\"lazy\" decoding=\"async\" src=\"https:\/\/jornalfatosenoticias.com.br\/wp-content\/uploads\/2023\/08\/ITH.jpeg\" alt=\"\" class=\"wp-image-44638\" width=\"271\" height=\"220\" srcset=\"https:\/\/jornalfatosenoticias.com.br\/wp-content\/uploads\/2023\/08\/ITH.jpeg 800w, https:\/\/jornalfatosenoticias.com.br\/wp-content\/uploads\/2023\/08\/ITH-300x244.jpeg 300w, https:\/\/jornalfatosenoticias.com.br\/wp-content\/uploads\/2023\/08\/ITH-768x624.jpeg 768w\" sizes=\"auto, (max-width: 271px) 100vw, 271px\" \/><\/a><\/figure><\/div>\n\n\n\n<p><strong>ORA\u00c7\u00c3O: <\/strong>Senhor Deus, prepara um momento certo, uma pessoa certa, que seja comprometida com a verdade, que fa\u00e7a a obra do Senhor com compromisso, para que eu possa confessar minha angustia e minhas necessidades. Prepara algu\u00e9m que saiba ouvir, aconselhar e guardar segredos, pois eu preciso receber a cura do Senhor, preciso encontrar descanso para o meu cora\u00e7\u00e3o, preciso do Seu Santo Esp\u00edrito sobre mim, para que eu possa continuar te servindo e adorando cada dia mais. Em nome de Jesus. Am\u00e9m!<br>Baixe voc\u00ea tamb\u00e9m a B\u00edblia Sagrada do Crist\u00e3o <a href=\"https:\/\/goo.gl\/2icbB6\"><strong>https:\/\/goo.gl\/2icbB6<\/strong><\/a>.<\/p>\n\n\n\n<div class=\"wp-block-image\"><figure class=\"aligncenter size-large is-resized\"><a href=\"https:\/\/panper.com.br\/\"><img loading=\"lazy\" decoding=\"async\" src=\"https:\/\/jornalfatosenoticias.com.br\/wp-content\/uploads\/2023\/03\/logo-Panper_portal.jpg\" alt=\"\" class=\"wp-image-40208\" width=\"329\" height=\"228\" srcset=\"https:\/\/jornalfatosenoticias.com.br\/wp-content\/uploads\/2023\/03\/logo-Panper_portal.jpg 400w, https:\/\/jornalfatosenoticias.com.br\/wp-content\/uploads\/2023\/03\/logo-Panper_portal-300x208.jpg 300w\" sizes=\"auto, (max-width: 329px) 100vw, 329px\" \/><\/a><\/figure><\/div>\n","protected":false},"excerpt":{"rendered":"<p>\u2018Confessai, pois, os vossos pecados uns aos outros e orai uns pelos outros, para serdes curados. Muito pode, por sua efic\u00e1cia, a s\u00faplica do justo&#8217;, Tiago 5:16 \u00c0s vezes estamos distantes do Senhor e at\u00e9 queremos nos aproximar outra vez, mas n\u00e3o encontramos for\u00e7as! Sentimentos de vazio e tristeza tomam conta de n\u00f3s! Quem sabe [&hellip;]<\/p>\n","protected":false},"author":40,"featured_media":62003,"comment_status":"open","ping_status":"open","sticky":false,"template":"","format":"standard","meta":{"footnotes":""},"categories":[21140],"tags":[2001,3385,24466,2887,20952,6491],"class_list":["post-62002","post","type-post","status-publish","format-standard","has-post-thumbnail","hentry","category-religiao","tag-culpa","tag-fe","tag-forcas","tag-luz","tag-oracao","tag-palavras"],"yoast_head":"<!-- This site is optimized with the Yoast SEO plugin v26.5 - https:\/\/yoast.com\/wordpress\/plugins\/seo\/ -->\n<title>Devocional do Dia \u2014 ora\u00e7\u00e3o de f\u00e9 - Jornal Fatos e Not\u00edcias<\/title>\n<meta name=\"robots\" content=\"index, follow, max-snippet:-1, max-image-preview:large, max-video-preview:-1\" \/>\n<link rel=\"canonical\" href=\"https:\/\/jornalfatosenoticias.com.br\/index.php\/2025\/09\/18\/devocional-do-dia-oracao-de-fe\/\" \/>\n<meta property=\"og:locale\" content=\"pt_BR\" \/>\n<meta property=\"og:type\" content=\"article\" \/>\n<meta property=\"og:title\" content=\"Devocional do Dia \u2014 ora\u00e7\u00e3o de f\u00e9 - Jornal Fatos e Not\u00edcias\" \/>\n<meta property=\"og:description\" content=\"\u2018Confessai, pois, os vossos pecados uns aos outros e orai uns pelos outros, para serdes curados. Muito pode, por sua efic\u00e1cia, a s\u00faplica do justo&#8217;, Tiago 5:16 \u00c0s vezes estamos distantes do Senhor e at\u00e9 queremos nos aproximar outra vez, mas n\u00e3o encontramos for\u00e7as! Sentimentos de vazio e tristeza tomam conta de n\u00f3s! Quem sabe [&hellip;]\" \/>\n<meta property=\"og:url\" content=\"https:\/\/jornalfatosenoticias.com.br\/index.php\/2025\/09\/18\/devocional-do-dia-oracao-de-fe\/\" \/>\n<meta property=\"og:site_name\" content=\"Jornal Fatos e Not\u00edcias\" \/>\n<meta property=\"article:published_time\" content=\"2025-09-18T23:38:56+00:00\" \/>\n<meta property=\"article:modified_time\" content=\"2025-09-18T23:38:57+00:00\" \/>\n<meta property=\"og:image\" content=\"https:\/\/jornalfatosenoticias.com.br\/wp-content\/uploads\/2025\/09\/devocional_pinterest-1.jpg\" \/>\n\t<meta property=\"og:image:width\" content=\"1200\" \/>\n\t<meta property=\"og:image:height\" content=\"800\" \/>\n\t<meta property=\"og:image:type\" content=\"image\/jpeg\" \/>\n<meta name=\"author\" content=\"Luciene Cordeiro\" \/>\n<meta name=\"twitter:card\" content=\"summary_large_image\" \/>\n<meta name=\"twitter:label1\" content=\"Escrito por\" \/>\n\t<meta name=\"twitter:data1\" content=\"Luciene Cordeiro\" \/>\n\t<meta name=\"twitter:label2\" content=\"Est. tempo de leitura\" \/>\n\t<meta name=\"twitter:data2\" content=\"1 minuto\" \/>\n<script type=\"application\/ld+json\" class=\"yoast-schema-graph\">{\"@context\":\"https:\/\/schema.org\",\"@graph\":[{\"@type\":\"Article\",\"@id\":\"https:\/\/jornalfatosenoticias.com.br\/index.php\/2025\/09\/18\/devocional-do-dia-oracao-de-fe\/#article\",\"isPartOf\":{\"@id\":\"https:\/\/jornalfatosenoticias.com.br\/index.php\/2025\/09\/18\/devocional-do-dia-oracao-de-fe\/\"},\"author\":{\"name\":\"Luciene Cordeiro\",\"@id\":\"https:\/\/jornalfatosenoticias.com.br\/#\/schema\/person\/8275f6d2f10c1e6d8cba9e6304291ee1\"},\"headline\":\"Devocional do Dia \u2014 ora\u00e7\u00e3o de f\u00e9\",\"datePublished\":\"2025-09-18T23:38:56+00:00\",\"dateModified\":\"2025-09-18T23:38:57+00:00\",\"mainEntityOfPage\":{\"@id\":\"https:\/\/jornalfatosenoticias.com.br\/index.php\/2025\/09\/18\/devocional-do-dia-oracao-de-fe\/\"},\"wordCount\":257,\"commentCount\":0,\"publisher\":{\"@id\":\"https:\/\/jornalfatosenoticias.com.br\/#organization\"},\"image\":{\"@id\":\"https:\/\/jornalfatosenoticias.com.br\/index.php\/2025\/09\/18\/devocional-do-dia-oracao-de-fe\/#primaryimage\"},\"thumbnailUrl\":\"https:\/\/jornalfatosenoticias.com.br\/wp-content\/uploads\/2025\/09\/devocional_pinterest-1.jpg\",\"keywords\":[\"culpa\",\"f\u00e9\",\"for\u00e7as\",\"luz\",\"ora\u00e7\u00e3o\",\"palavras\"],\"articleSection\":[\"Religi\u00e3o\"],\"inLanguage\":\"pt-BR\",\"potentialAction\":[{\"@type\":\"CommentAction\",\"name\":\"Comment\",\"target\":[\"https:\/\/jornalfatosenoticias.com.br\/index.php\/2025\/09\/18\/devocional-do-dia-oracao-de-fe\/#respond\"]}]},{\"@type\":\"WebPage\",\"@id\":\"https:\/\/jornalfatosenoticias.com.br\/index.php\/2025\/09\/18\/devocional-do-dia-oracao-de-fe\/\",\"url\":\"https:\/\/jornalfatosenoticias.com.br\/index.php\/2025\/09\/18\/devocional-do-dia-oracao-de-fe\/\",\"name\":\"Devocional do Dia \u2014 ora\u00e7\u00e3o de f\u00e9 - Jornal Fatos e Not\u00edcias\",\"isPartOf\":{\"@id\":\"https:\/\/jornalfatosenoticias.com.br\/#website\"},\"primaryImageOfPage\":{\"@id\":\"https:\/\/jornalfatosenoticias.com.br\/index.php\/2025\/09\/18\/devocional-do-dia-oracao-de-fe\/#primaryimage\"},\"image\":{\"@id\":\"https:\/\/jornalfatosenoticias.com.br\/index.php\/2025\/09\/18\/devocional-do-dia-oracao-de-fe\/#primaryimage\"},\"thumbnailUrl\":\"https:\/\/jornalfatosenoticias.com.br\/wp-content\/uploads\/2025\/09\/devocional_pinterest-1.jpg\",\"datePublished\":\"2025-09-18T23:38:56+00:00\",\"dateModified\":\"2025-09-18T23:38:57+00:00\",\"breadcrumb\":{\"@id\":\"https:\/\/jornalfatosenoticias.com.br\/index.php\/2025\/09\/18\/devocional-do-dia-oracao-de-fe\/#breadcrumb\"},\"inLanguage\":\"pt-BR\",\"potentialAction\":[{\"@type\":\"ReadAction\",\"target\":[\"https:\/\/jornalfatosenoticias.com.br\/index.php\/2025\/09\/18\/devocional-do-dia-oracao-de-fe\/\"]}]},{\"@type\":\"ImageObject\",\"inLanguage\":\"pt-BR\",\"@id\":\"https:\/\/jornalfatosenoticias.com.br\/index.php\/2025\/09\/18\/devocional-do-dia-oracao-de-fe\/#primaryimage\",\"url\":\"https:\/\/jornalfatosenoticias.com.br\/wp-content\/uploads\/2025\/09\/devocional_pinterest-1.jpg\",\"contentUrl\":\"https:\/\/jornalfatosenoticias.com.br\/wp-content\/uploads\/2025\/09\/devocional_pinterest-1.jpg\",\"width\":1200,\"height\":800},{\"@type\":\"BreadcrumbList\",\"@id\":\"https:\/\/jornalfatosenoticias.com.br\/index.php\/2025\/09\/18\/devocional-do-dia-oracao-de-fe\/#breadcrumb\",\"itemListElement\":[{\"@type\":\"ListItem\",\"position\":1,\"name\":\"In\u00edcio\",\"item\":\"https:\/\/jornalfatosenoticias.com.br\/\"},{\"@type\":\"ListItem\",\"position\":2,\"name\":\"Devocional do Dia \u2014 ora\u00e7\u00e3o de f\u00e9\"}]},{\"@type\":\"WebSite\",\"@id\":\"https:\/\/jornalfatosenoticias.com.br\/#website\",\"url\":\"https:\/\/jornalfatosenoticias.com.br\/\",\"name\":\"Jornal Fatos e Not\u00edcias\",\"description\":\"Not\u00edcias em geral\",\"publisher\":{\"@id\":\"https:\/\/jornalfatosenoticias.com.br\/#organization\"},\"potentialAction\":[{\"@type\":\"SearchAction\",\"target\":{\"@type\":\"EntryPoint\",\"urlTemplate\":\"https:\/\/jornalfatosenoticias.com.br\/?s={search_term_string}\"},\"query-input\":{\"@type\":\"PropertyValueSpecification\",\"valueRequired\":true,\"valueName\":\"search_term_string\"}}],\"inLanguage\":\"pt-BR\"},{\"@type\":\"Organization\",\"@id\":\"https:\/\/jornalfatosenoticias.com.br\/#organization\",\"name\":\"Jornal Fatos e Not\u00edcias\",\"url\":\"https:\/\/jornalfatosenoticias.com.br\/\",\"logo\":{\"@type\":\"ImageObject\",\"inLanguage\":\"pt-BR\",\"@id\":\"https:\/\/jornalfatosenoticias.com.br\/#\/schema\/logo\/image\/\",\"url\":\"https:\/\/jornalfatosenoticias.com.br\/wp-content\/uploads\/2020\/02\/logo120.png\",\"contentUrl\":\"https:\/\/jornalfatosenoticias.com.br\/wp-content\/uploads\/2020\/02\/logo120.png\",\"width\":1227,\"height\":120,\"caption\":\"Jornal Fatos e Not\u00edcias\"},\"image\":{\"@id\":\"https:\/\/jornalfatosenoticias.com.br\/#\/schema\/logo\/image\/\"}},{\"@type\":\"Person\",\"@id\":\"https:\/\/jornalfatosenoticias.com.br\/#\/schema\/person\/8275f6d2f10c1e6d8cba9e6304291ee1\",\"name\":\"Luciene Cordeiro\",\"image\":{\"@type\":\"ImageObject\",\"inLanguage\":\"pt-BR\",\"@id\":\"https:\/\/jornalfatosenoticias.com.br\/#\/schema\/person\/image\/\",\"url\":\"https:\/\/jornalfatosenoticias.com.br\/wp-content\/uploads\/2025\/06\/Pra.-Luciene_portal-120x150.jpg\",\"contentUrl\":\"https:\/\/jornalfatosenoticias.com.br\/wp-content\/uploads\/2025\/06\/Pra.-Luciene_portal-120x150.jpg\",\"caption\":\"Luciene Cordeiro\"},\"description\":\"Pastora Luciene da Silva Cordeiro Igreja Minist\u00e9rio Mission\u00e1rio de Intercess\u00e3o a Servi\u00e7o do Reino de Deus\",\"url\":\"https:\/\/jornalfatosenoticias.com.br\/index.php\/author\/luciene\/\"}]}<\/script>\n<!-- \/ Yoast SEO plugin. -->","yoast_head_json":{"title":"Devocional do Dia \u2014 ora\u00e7\u00e3o de f\u00e9 - Jornal Fatos e Not\u00edcias","robots":{"index":"index","follow":"follow","max-snippet":"max-snippet:-1","max-image-preview":"max-image-preview:large","max-video-preview":"max-video-preview:-1"},"canonical":"https:\/\/jornalfatosenoticias.com.br\/index.php\/2025\/09\/18\/devocional-do-dia-oracao-de-fe\/","og_locale":"pt_BR","og_type":"article","og_title":"Devocional do Dia \u2014 ora\u00e7\u00e3o de f\u00e9 - Jornal Fatos e Not\u00edcias","og_description":"\u2018Confessai, pois, os vossos pecados uns aos outros e orai uns pelos outros, para serdes curados. Muito pode, por sua efic\u00e1cia, a s\u00faplica do justo&#8217;, Tiago 5:16 \u00c0s vezes estamos distantes do Senhor e at\u00e9 queremos nos aproximar outra vez, mas n\u00e3o encontramos for\u00e7as! Sentimentos de vazio e tristeza tomam conta de n\u00f3s! Quem sabe [&hellip;]","og_url":"https:\/\/jornalfatosenoticias.com.br\/index.php\/2025\/09\/18\/devocional-do-dia-oracao-de-fe\/","og_site_name":"Jornal Fatos e Not\u00edcias","article_published_time":"2025-09-18T23:38:56+00:00","article_modified_time":"2025-09-18T23:38:57+00:00","og_image":[{"width":1200,"height":800,"url":"https:\/\/jornalfatosenoticias.com.br\/wp-content\/uploads\/2025\/09\/devocional_pinterest-1.jpg","type":"image\/jpeg"}],"author":"Luciene Cordeiro","twitter_card":"summary_large_image","twitter_misc":{"Escrito por":"Luciene Cordeiro","Est. tempo de leitura":"1 minuto"},"schema":{"@context":"https:\/\/schema.org","@graph":[{"@type":"Article","@id":"https:\/\/jornalfatosenoticias.com.br\/index.php\/2025\/09\/18\/devocional-do-dia-oracao-de-fe\/#article","isPartOf":{"@id":"https:\/\/jornalfatosenoticias.com.br\/index.php\/2025\/09\/18\/devocional-do-dia-oracao-de-fe\/"},"author":{"name":"Luciene Cordeiro","@id":"https:\/\/jornalfatosenoticias.com.br\/#\/schema\/person\/8275f6d2f10c1e6d8cba9e6304291ee1"},"headline":"Devocional do Dia \u2014 ora\u00e7\u00e3o de f\u00e9","datePublished":"2025-09-18T23:38:56+00:00","dateModified":"2025-09-18T23:38:57+00:00","mainEntityOfPage":{"@id":"https:\/\/jornalfatosenoticias.com.br\/index.php\/2025\/09\/18\/devocional-do-dia-oracao-de-fe\/"},"wordCount":257,"commentCount":0,"publisher":{"@id":"https:\/\/jornalfatosenoticias.com.br\/#organization"},"image":{"@id":"https:\/\/jornalfatosenoticias.com.br\/index.php\/2025\/09\/18\/devocional-do-dia-oracao-de-fe\/#primaryimage"},"thumbnailUrl":"https:\/\/jornalfatosenoticias.com.br\/wp-content\/uploads\/2025\/09\/devocional_pinterest-1.jpg","keywords":["culpa","f\u00e9","for\u00e7as","luz","ora\u00e7\u00e3o","palavras"],"articleSection":["Religi\u00e3o"],"inLanguage":"pt-BR","potentialAction":[{"@type":"CommentAction","name":"Comment","target":["https:\/\/jornalfatosenoticias.com.br\/index.php\/2025\/09\/18\/devocional-do-dia-oracao-de-fe\/#respond"]}]},{"@type":"WebPage","@id":"https:\/\/jornalfatosenoticias.com.br\/index.php\/2025\/09\/18\/devocional-do-dia-oracao-de-fe\/","url":"https:\/\/jornalfatosenoticias.com.br\/index.php\/2025\/09\/18\/devocional-do-dia-oracao-de-fe\/","name":"Devocional do Dia \u2014 ora\u00e7\u00e3o de f\u00e9 - Jornal Fatos e Not\u00edcias","isPartOf":{"@id":"https:\/\/jornalfatosenoticias.com.br\/#website"},"primaryImageOfPage":{"@id":"https:\/\/jornalfatosenoticias.com.br\/index.php\/2025\/09\/18\/devocional-do-dia-oracao-de-fe\/#primaryimage"},"image":{"@id":"https:\/\/jornalfatosenoticias.com.br\/index.php\/2025\/09\/18\/devocional-do-dia-oracao-de-fe\/#primaryimage"},"thumbnailUrl":"https:\/\/jornalfatosenoticias.com.br\/wp-content\/uploads\/2025\/09\/devocional_pinterest-1.jpg","datePublished":"2025-09-18T23:38:56+00:00","dateModified":"2025-09-18T23:38:57+00:00","breadcrumb":{"@id":"https:\/\/jornalfatosenoticias.com.br\/index.php\/2025\/09\/18\/devocional-do-dia-oracao-de-fe\/#breadcrumb"},"inLanguage":"pt-BR","potentialAction":[{"@type":"ReadAction","target":["https:\/\/jornalfatosenoticias.com.br\/index.php\/2025\/09\/18\/devocional-do-dia-oracao-de-fe\/"]}]},{"@type":"ImageObject","inLanguage":"pt-BR","@id":"https:\/\/jornalfatosenoticias.com.br\/index.php\/2025\/09\/18\/devocional-do-dia-oracao-de-fe\/#primaryimage","url":"https:\/\/jornalfatosenoticias.com.br\/wp-content\/uploads\/2025\/09\/devocional_pinterest-1.jpg","contentUrl":"https:\/\/jornalfatosenoticias.com.br\/wp-content\/uploads\/2025\/09\/devocional_pinterest-1.jpg","width":1200,"height":800},{"@type":"BreadcrumbList","@id":"https:\/\/jornalfatosenoticias.com.br\/index.php\/2025\/09\/18\/devocional-do-dia-oracao-de-fe\/#breadcrumb","itemListElement":[{"@type":"ListItem","position":1,"name":"In\u00edcio","item":"https:\/\/jornalfatosenoticias.com.br\/"},{"@type":"ListItem","position":2,"name":"Devocional do Dia \u2014 ora\u00e7\u00e3o de f\u00e9"}]},{"@type":"WebSite","@id":"https:\/\/jornalfatosenoticias.com.br\/#website","url":"https:\/\/jornalfatosenoticias.com.br\/","name":"Jornal Fatos e Not\u00edcias","description":"Not\u00edcias em geral","publisher":{"@id":"https:\/\/jornalfatosenoticias.com.br\/#organization"},"potentialAction":[{"@type":"SearchAction","target":{"@type":"EntryPoint","urlTemplate":"https:\/\/jornalfatosenoticias.com.br\/?s={search_term_string}"},"query-input":{"@type":"PropertyValueSpecification","valueRequired":true,"valueName":"search_term_string"}}],"inLanguage":"pt-BR"},{"@type":"Organization","@id":"https:\/\/jornalfatosenoticias.com.br\/#organization","name":"Jornal Fatos e Not\u00edcias","url":"https:\/\/jornalfatosenoticias.com.br\/","logo":{"@type":"ImageObject","inLanguage":"pt-BR","@id":"https:\/\/jornalfatosenoticias.com.br\/#\/schema\/logo\/image\/","url":"https:\/\/jornalfatosenoticias.com.br\/wp-content\/uploads\/2020\/02\/logo120.png","contentUrl":"https:\/\/jornalfatosenoticias.com.br\/wp-content\/uploads\/2020\/02\/logo120.png","width":1227,"height":120,"caption":"Jornal Fatos e Not\u00edcias"},"image":{"@id":"https:\/\/jornalfatosenoticias.com.br\/#\/schema\/logo\/image\/"}},{"@type":"Person","@id":"https:\/\/jornalfatosenoticias.com.br\/#\/schema\/person\/8275f6d2f10c1e6d8cba9e6304291ee1","name":"Luciene Cordeiro","image":{"@type":"ImageObject","inLanguage":"pt-BR","@id":"https:\/\/jornalfatosenoticias.com.br\/#\/schema\/person\/image\/","url":"https:\/\/jornalfatosenoticias.com.br\/wp-content\/uploads\/2025\/06\/Pra.-Luciene_portal-120x150.jpg","contentUrl":"https:\/\/jornalfatosenoticias.com.br\/wp-content\/uploads\/2025\/06\/Pra.-Luciene_portal-120x150.jpg","caption":"Luciene Cordeiro"},"description":"Pastora Luciene da Silva Cordeiro Igreja Minist\u00e9rio Mission\u00e1rio de Intercess\u00e3o a Servi\u00e7o do Reino de Deus","url":"https:\/\/jornalfatosenoticias.com.br\/index.php\/author\/luciene\/"}]}},"cc_featured_image_caption":{"caption_text":"(Foto: Pinterest)","source_text":"","source_url":""},"jetpack_featured_media_url":"https:\/\/jornalfatosenoticias.com.br\/wp-content\/uploads\/2025\/09\/devocional_pinterest-1.jpg","_links":{"self":[{"href":"https:\/\/jornalfatosenoticias.com.br\/index.php\/wp-json\/wp\/v2\/posts\/62002","targetHints":{"allow":["GET"]}}],"collection":[{"href":"https:\/\/jornalfatosenoticias.com.br\/index.php\/wp-json\/wp\/v2\/posts"}],"about":[{"href":"https:\/\/jornalfatosenoticias.com.br\/index.php\/wp-json\/wp\/v2\/types\/post"}],"author":[{"embeddable":true,"href":"https:\/\/jornalfatosenoticias.com.br\/index.php\/wp-json\/wp\/v2\/users\/40"}],"replies":[{"embeddable":true,"href":"https:\/\/jornalfatosenoticias.com.br\/index.php\/wp-json\/wp\/v2\/comments?post=62002"}],"version-history":[{"count":0,"href":"https:\/\/jornalfatosenoticias.com.br\/index.php\/wp-json\/wp\/v2\/posts\/62002\/revisions"}],"wp:featuredmedia":[{"embeddable":true,"href":"https:\/\/jornalfatosenoticias.com.br\/index.php\/wp-json\/wp\/v2\/media\/62003"}],"wp:attachment":[{"href":"https:\/\/jornalfatosenoticias.com.br\/index.php\/wp-json\/wp\/v2\/media?parent=62002"}],"wp:term":[{"taxonomy":"category","embeddable":true,"href":"https:\/\/jornalfatosenoticias.com.br\/index.php\/wp-json\/wp\/v2\/categories?post=62002"},{"taxonomy":"post_tag","embeddable":true,"href":"https:\/\/jornalfatosenoticias.com.br\/index.php\/wp-json\/wp\/v2\/tags?post=62002"}],"curies":[{"name":"wp","href":"https:\/\/api.w.org\/{rel}","templated":true}]}}