{"id":62075,"date":"2025-09-23T10:02:00","date_gmt":"2025-09-23T13:02:00","guid":{"rendered":"https:\/\/jornalfatosenoticias.com.br\/?p=62075"},"modified":"2025-09-23T10:02:02","modified_gmt":"2025-09-23T13:02:02","slug":"acaps-trade-show-2025-supera-r-1-bilhao-de-negocios-e-atrai-22-mil-visitantes","status":"publish","type":"post","link":"https:\/\/jornalfatosenoticias.com.br\/index.php\/2025\/09\/23\/acaps-trade-show-2025-supera-r-1-bilhao-de-negocios-e-atrai-22-mil-visitantes\/","title":{"rendered":"Acaps Trade Show 2025 supera R$ 1 bilh\u00e3o de neg\u00f3cios e atrai 22 mil visitantes"},"content":{"rendered":"\n<p><span class=\"has-inline-color has-black-color\">Por <strong>Assessoria de Comunica\u00e7\u00e3o<\/strong><\/span><\/p>\n\n\n\n<div class=\"wp-block-image\"><figure class=\"aligncenter size-large\"><a href=\"https:\/\/mizu.com.br\/\"><img loading=\"lazy\" decoding=\"async\" width=\"729\" height=\"90\" src=\"https:\/\/jornalfatosenoticias.com.br\/wp-content\/uploads\/2020\/02\/Logo_Mizu.png\" alt=\"\" class=\"wp-image-1441\" srcset=\"https:\/\/jornalfatosenoticias.com.br\/wp-content\/uploads\/2020\/02\/Logo_Mizu.png 729w, https:\/\/jornalfatosenoticias.com.br\/wp-content\/uploads\/2020\/02\/Logo_Mizu-300x37.png 300w\" sizes=\"auto, (max-width: 729px) 100vw, 729px\" \/><\/a><\/figure><\/div>\n\n\n\n<p>A 37.\u00aa edi\u00e7\u00e3o da Acaps Trade Show foi encerrada na \u00faltima quinta-feira (18), alcan\u00e7ando as metas de neg\u00f3cios e de p\u00fablico. Durante tr\u00eas dias, no Pavilh\u00e3o de Carapina, na Serra, o maior congresso e feira de neg\u00f3cios do varejo capixaba gerou um volume de neg\u00f3cios superior a R$ 1 bilh\u00e3o e o p\u00fablico totalizou 22 mil visitantes, entre profissionais e empres\u00e1rios de supermercados, panifica\u00e7\u00e3o, bares, hot\u00e9is, postos de combust\u00edveis e outros segmentos.<br>Organizado pela Associa\u00e7\u00e3o Capixaba de Supermercados (Acaps), o evento contou com mais de 200 expositores de produtos, servi\u00e7os e tecnologias e 30 palestras, oficinas e pain\u00e9is, ministradas por palestrantes renomados, abordando aspectos como gest\u00e3o, tecnologia, inova\u00e7\u00e3o e futuro. No palco do audit\u00f3rio principal, passaram refer\u00eancias como o historiador, professor e escritor Leandro Karnal, que falou sobre \u201cRecriar, Reinventar ou Desaparecer\u201d.<\/p>\n\n\n\n<div class=\"wp-block-image\"><figure class=\"aligncenter size-large\"><img loading=\"lazy\" decoding=\"async\" width=\"1000\" height=\"666\" src=\"https:\/\/jornalfatosenoticias.com.br\/wp-content\/uploads\/2025\/09\/FOTO-Acaps-Trade-Show-Palestra-Karol-Babadeira-01.jpg\" alt=\"\" class=\"wp-image-62078\" srcset=\"https:\/\/jornalfatosenoticias.com.br\/wp-content\/uploads\/2025\/09\/FOTO-Acaps-Trade-Show-Palestra-Karol-Babadeira-01.jpg 1000w, https:\/\/jornalfatosenoticias.com.br\/wp-content\/uploads\/2025\/09\/FOTO-Acaps-Trade-Show-Palestra-Karol-Babadeira-01-300x200.jpg 300w, https:\/\/jornalfatosenoticias.com.br\/wp-content\/uploads\/2025\/09\/FOTO-Acaps-Trade-Show-Palestra-Karol-Babadeira-01-768x511.jpg 768w\" sizes=\"auto, (max-width: 1000px) 100vw, 1000px\" \/><figcaption><em><span class=\"has-inline-color has-black-color\">Palestra Karol Babadeira (Foto: Divulga\u00e7\u00e3o)<\/span><\/em><\/figcaption><\/figure><\/div>\n\n\n\n<p>J\u00e1 Karol Chokyu, mais conhecida como Karol Babadeira, a primeira influencer de supermercados do Brasil e refer\u00eancia em marketing digital, tratou do tema \u201cComo se tornar um influenciador do seu pr\u00f3prio neg\u00f3cio\u201d. Outra palestra que lotou o audit\u00f3rio foi \u201cProtagonismo e Felicidade \u2014 A mudan\u00e7a que voc\u00ea faz no mundo\u201d, com Marcos Piangers, escritor com mais de um milh\u00e3o de livros vendidos sobre tecnologia, educa\u00e7\u00e3o e paternidade.<\/p>\n\n\n\n<div class=\"wp-block-image\"><figure class=\"aligncenter size-large is-resized\"><a href=\"https:\/\/www.facebook.com\/profile.php?id=100069289606145\"><img loading=\"lazy\" decoding=\"async\" src=\"https:\/\/jornalfatosenoticias.com.br\/wp-content\/uploads\/2024\/11\/Guaitolini-Contabilidade-1024x714.jpeg\" alt=\"\" class=\"wp-image-55808\" width=\"313\" height=\"218\" srcset=\"https:\/\/jornalfatosenoticias.com.br\/wp-content\/uploads\/2024\/11\/Guaitolini-Contabilidade-1024x714.jpeg 1024w, https:\/\/jornalfatosenoticias.com.br\/wp-content\/uploads\/2024\/11\/Guaitolini-Contabilidade-300x209.jpeg 300w, https:\/\/jornalfatosenoticias.com.br\/wp-content\/uploads\/2024\/11\/Guaitolini-Contabilidade-768x535.jpeg 768w, https:\/\/jornalfatosenoticias.com.br\/wp-content\/uploads\/2024\/11\/Guaitolini-Contabilidade.jpeg 1280w\" sizes=\"auto, (max-width: 313px) 100vw, 313px\" \/><\/a><\/figure><\/div>\n\n\n\n<p>Piangers prendeu a aten\u00e7\u00e3o do p\u00fablico presente no audit\u00f3rio principal no \u00faltimo dia do evento ao compartilhar ensinamentos de como alcan\u00e7ar a plenitude nos dias de hoje. Um deles \u00e9 voltar a olhar para a vida como uma crian\u00e7a. \u201cOs pequenos s\u00e3o seres entusiasmados. Eles mais agradecem do que reclamam e confiam neles mesmos. Todos n\u00f3s dever\u00edamos nos conectar novamente com a crian\u00e7a que um dia j\u00e1 fomos\u201d, provocou. Ele disse ainda que os filhos s\u00e3o disc\u00edpulos dos pais. \u201cSe voc\u00ea quer um filho disciplinado, \u00e9 voc\u00ea quem tem que mudar. O show est\u00e1 acontecendo agora e n\u00e3o tem ensaio. A vida pede da gente coragem\u201d, ressaltou.<\/p>\n\n\n\n<div class=\"wp-block-image\"><figure class=\"aligncenter size-large is-resized\"><a href=\"https:\/\/www.controlsystems.com.br\/\"><img loading=\"lazy\" decoding=\"async\" src=\"https:\/\/jornalfatosenoticias.com.br\/wp-content\/uploads\/2020\/02\/CONTROL-CS.jpg\" alt=\"\" class=\"wp-image-44991\" width=\"326\" height=\"391\" srcset=\"https:\/\/jornalfatosenoticias.com.br\/wp-content\/uploads\/2020\/02\/CONTROL-CS.jpg 834w, https:\/\/jornalfatosenoticias.com.br\/wp-content\/uploads\/2020\/02\/CONTROL-CS-250x300.jpg 250w, https:\/\/jornalfatosenoticias.com.br\/wp-content\/uploads\/2020\/02\/CONTROL-CS-768x921.jpg 768w\" sizes=\"auto, (max-width: 326px) 100vw, 326px\" \/><\/a><\/figure><\/div>\n\n\n\n<p>Durante a feira, o presidente da Associa\u00e7\u00e3o Brasileira de Supermercados (Abras), Jo\u00e3o Galassi, foi homenageado com uma escultura com o mapa do Esp\u00edrito Santo e um carrinho de supermercado, como reconhecimento do seu compromisso com o desenvolvimento do setor. A obra foi assinada pela artista Ana Paula Castro.<\/p>\n\n\n\n<div class=\"wp-block-image\"><figure class=\"aligncenter size-large is-resized\"><a href=\"https:\/\/www.instagram.com\/gruposei\/\"><img loading=\"lazy\" decoding=\"async\" src=\"https:\/\/jornalfatosenoticias.com.br\/wp-content\/uploads\/2022\/07\/Logo-Grupo-SEI.jpg\" alt=\"\" class=\"wp-image-31973\" width=\"343\" height=\"180\" srcset=\"https:\/\/jornalfatosenoticias.com.br\/wp-content\/uploads\/2022\/07\/Logo-Grupo-SEI.jpg 713w, https:\/\/jornalfatosenoticias.com.br\/wp-content\/uploads\/2022\/07\/Logo-Grupo-SEI-300x158.jpg 300w\" sizes=\"auto, (max-width: 343px) 100vw, 343px\" \/><\/a><\/figure><\/div>\n\n\n\n<p>O superintendente da Acaps, H\u00e9lio Schneider, ressaltou que <em>&#8220;a feira confirmou ser um espa\u00e7o diferenciado para o fechamento de neg\u00f3cios e de conex\u00e3o com um p\u00fablico qualificado e diversificado. Possibilitou atualiza\u00e7\u00e3o e aprimoramento profissional e amplia\u00e7\u00e3o da rede de contatos\u201d, <\/em>disse.<\/p>\n\n\n\n<div class=\"wp-block-image\"><figure class=\"aligncenter size-large\"><img loading=\"lazy\" decoding=\"async\" width=\"1000\" height=\"666\" src=\"https:\/\/jornalfatosenoticias.com.br\/wp-content\/uploads\/2025\/09\/Acaps-Trade-Show-Movimento2.jpg\" alt=\"\" class=\"wp-image-62079\" srcset=\"https:\/\/jornalfatosenoticias.com.br\/wp-content\/uploads\/2025\/09\/Acaps-Trade-Show-Movimento2.jpg 1000w, https:\/\/jornalfatosenoticias.com.br\/wp-content\/uploads\/2025\/09\/Acaps-Trade-Show-Movimento2-300x200.jpg 300w, https:\/\/jornalfatosenoticias.com.br\/wp-content\/uploads\/2025\/09\/Acaps-Trade-Show-Movimento2-768x511.jpg 768w\" sizes=\"auto, (max-width: 1000px) 100vw, 1000px\" \/><figcaption><em><span class=\"has-inline-color has-black-color\">Acaps Trade Show 2025 (Foto: Divulga\u00e7\u00e3o)<\/span><\/em><\/figcaption><\/figure><\/div>\n\n\n\n<p><strong><span class=\"has-inline-color has-vivid-purple-color\">Ciclo do Conhecimento e oficinas<br><\/span><\/strong>O Ciclo do Conhecimento contou com 11 encontros nos tr\u00eas dias, abordando temas como seguran\u00e7a alimentar, precifica\u00e7\u00e3o e intelig\u00eancia artificial no varejo. J\u00e1 as oficinas t\u00e9cnicas promoveram a capacita\u00e7\u00e3o com oito oportunidades, com dicas pr\u00e1ticas, entre outros, sobre padaria de sucesso, cortes de carne e aproveitamento integral de alimentos.<\/p>\n\n\n\n<div class=\"wp-block-image\"><figure class=\"aligncenter size-large is-resized\"><a href=\"https:\/\/www.instagram.com\/serra4x4cambioautomatico\/\"><img loading=\"lazy\" decoding=\"async\" src=\"https:\/\/jornalfatosenoticias.com.br\/wp-content\/uploads\/2024\/08\/Serra-4x4-1-886x1024.jpg\" alt=\"\" class=\"wp-image-53632\" width=\"280\" height=\"324\" srcset=\"https:\/\/jornalfatosenoticias.com.br\/wp-content\/uploads\/2024\/08\/Serra-4x4-1-886x1024.jpg 886w, https:\/\/jornalfatosenoticias.com.br\/wp-content\/uploads\/2024\/08\/Serra-4x4-1-260x300.jpg 260w, https:\/\/jornalfatosenoticias.com.br\/wp-content\/uploads\/2024\/08\/Serra-4x4-1-768x888.jpg 768w, https:\/\/jornalfatosenoticias.com.br\/wp-content\/uploads\/2024\/08\/Serra-4x4-1.jpg 1181w\" sizes=\"auto, (max-width: 280px) 100vw, 280px\" \/><\/a><\/figure><\/div>\n\n\n\n<p><strong><span class=\"has-inline-color has-vivid-purple-color\">Rodadas de neg\u00f3cios<br><\/span><\/strong>Mais uma vez, a Acaps Trade Show reservou um espa\u00e7o exclusivo para o fechamento de neg\u00f3cios e o fortalecimento da parceria comercial entre supermercadistas e fornecedores com a realiza\u00e7\u00e3o de rodadas de neg\u00f3cios. Os encontros aconteceram nos dias 17 e 18 de setembro, oferecendo produtos e servi\u00e7os com condi\u00e7\u00f5es exclusivas e pre\u00e7os competitivos.<\/p>\n\n\n\n<div class=\"wp-block-image\"><figure class=\"aligncenter size-large is-resized\"><a href=\"https:\/\/www.instagram.com\/esteio.churrascaria\/\"><img loading=\"lazy\" decoding=\"async\" src=\"https:\/\/jornalfatosenoticias.com.br\/wp-content\/uploads\/2022\/02\/LOGO-ESTEIO-1024x730.png\" alt=\"\" class=\"wp-image-27942\" width=\"321\" height=\"228\" srcset=\"https:\/\/jornalfatosenoticias.com.br\/wp-content\/uploads\/2022\/02\/LOGO-ESTEIO-1024x730.png 1024w, https:\/\/jornalfatosenoticias.com.br\/wp-content\/uploads\/2022\/02\/LOGO-ESTEIO-300x214.png 300w, https:\/\/jornalfatosenoticias.com.br\/wp-content\/uploads\/2022\/02\/LOGO-ESTEIO-768x548.png 768w, https:\/\/jornalfatosenoticias.com.br\/wp-content\/uploads\/2022\/02\/LOGO-ESTEIO.png 1123w\" sizes=\"auto, (max-width: 321px) 100vw, 321px\" \/><\/a><\/figure><\/div>\n\n\n\n<p>Segundo o superintendente da Acaps, H\u00e9lio Schneider, com a iniciativa, a entidade permite que supermercadistas e expositores tenham a oportunidade de ampliar a sua rede de contatos e de fechar neg\u00f3cios de forma r\u00e1pida, objetiva e qualificada.<\/p>\n\n\n\n<div class=\"wp-block-image\"><figure class=\"aligncenter size-large is-resized\"><a href=\"https:\/\/www.instagram.com\/restaurantepegoretti\/\"><img loading=\"lazy\" decoding=\"async\" src=\"https:\/\/jornalfatosenoticias.com.br\/wp-content\/uploads\/2023\/12\/pegoretti-logo-pdf-1024x389.jpg\" alt=\"\" class=\"wp-image-47536\" width=\"483\" height=\"183\" srcset=\"https:\/\/jornalfatosenoticias.com.br\/wp-content\/uploads\/2023\/12\/pegoretti-logo-pdf-1024x389.jpg 1024w, https:\/\/jornalfatosenoticias.com.br\/wp-content\/uploads\/2023\/12\/pegoretti-logo-pdf-300x114.jpg 300w, https:\/\/jornalfatosenoticias.com.br\/wp-content\/uploads\/2023\/12\/pegoretti-logo-pdf-768x291.jpg 768w, https:\/\/jornalfatosenoticias.com.br\/wp-content\/uploads\/2023\/12\/pegoretti-logo-pdf.jpg 1120w\" sizes=\"auto, (max-width: 483px) 100vw, 483px\" \/><\/a><\/figure><\/div>\n\n\n\n<p><strong><span class=\"has-inline-color has-vivid-purple-color\">Concurso Melhor A\u00e7ougueiro do ES<\/span><\/strong><\/p>\n\n\n\n<div class=\"wp-block-image\"><figure class=\"aligncenter size-large\"><img loading=\"lazy\" decoding=\"async\" width=\"1000\" height=\"666\" src=\"https:\/\/jornalfatosenoticias.com.br\/wp-content\/uploads\/2025\/09\/Acaps-Trade-Show-Movimento3.jpg\" alt=\"\" class=\"wp-image-62076\" srcset=\"https:\/\/jornalfatosenoticias.com.br\/wp-content\/uploads\/2025\/09\/Acaps-Trade-Show-Movimento3.jpg 1000w, https:\/\/jornalfatosenoticias.com.br\/wp-content\/uploads\/2025\/09\/Acaps-Trade-Show-Movimento3-300x200.jpg 300w, https:\/\/jornalfatosenoticias.com.br\/wp-content\/uploads\/2025\/09\/Acaps-Trade-Show-Movimento3-768x511.jpg 768w\" sizes=\"auto, (max-width: 1000px) 100vw, 1000px\" \/><figcaption><em><span class=\"has-inline-color has-black-color\">(Foto: Divulga\u00e7\u00e3o)<\/span><\/em><\/figcaption><\/figure><\/div>\n\n\n\n<p>Em uma iniciativa in\u00e9dita para valorizar os profissionais da se\u00e7\u00e3o de a\u00e7ougue, a Acaps realizou o Concurso Melhor A\u00e7ougueiro do Esp\u00edrito Santo, que teve o desafio pr\u00e1tico entre os finalistas e a premia\u00e7\u00e3o durante a Acaps Trade Show 2025. Com a participa\u00e7\u00e3o dos a\u00e7ougueiros de supermercados associados \u00e0 Acaps, a disputa teve mais de 50 inscritos e nove finalistas. O concurso teve como vencedor Rodrigo da Silva Elias, do Supermercado Perim, de Castelo. O segundo lugar ficou com Edivaldo Furtado Ribeiro, do Supermercado Kinkas, em Aracruz, e a terceira coloca\u00e7\u00e3o com Weverton Gon\u00e7alves Fabiano, do Supermercado Bom Pastor, de Pi\u00fama.<\/p>\n\n\n\n<div class=\"wp-block-image\"><figure class=\"aligncenter size-large\"><a href=\"http:\/\/www.ferrarimaquinas.com.br\/\"><img loading=\"lazy\" decoding=\"async\" width=\"300\" height=\"250\" src=\"https:\/\/jornalfatosenoticias.com.br\/wp-content\/uploads\/2022\/02\/FERRARI_MAQUINAS-E-FERRAMENTAS2.jpg\" alt=\"\" class=\"wp-image-27860\"\/><\/a><\/figure><\/div>\n\n\n\n<p><strong><span class=\"has-inline-color has-vivid-purple-color\">Trof\u00e9u Estande de Ouro<br><\/span><\/strong>A programa\u00e7\u00e3o contou ainda com o Trof\u00e9u Estande de Ouro, que tem como finalidade reconhecer os melhores estandes da Acaps Trade Show em dez categorias. A vota\u00e7\u00e3o ficou a cargo de uma comiss\u00e3o formada por supermercadistas diretores da Acaps, que avaliam quesitos como a\u00e7\u00f5es de marketing e comunica\u00e7\u00e3o pr\u00e9-evento, atendimento no estande, a\u00e7\u00f5es e experi\u00eancias diferenciadas para atrair o visitante, coer\u00eancia quanto \u00e0s normas do regulamento do evento, entre outros.<\/p>\n\n\n\n<div class=\"wp-block-image\"><figure class=\"aligncenter size-large is-resized\"><a href=\"https:\/\/hotelmarquetti.com.br\/\"><img loading=\"lazy\" decoding=\"async\" src=\"https:\/\/jornalfatosenoticias.com.br\/wp-content\/uploads\/2020\/02\/LOGO-MQ-1024x680.jpg\" alt=\"\" class=\"wp-image-58299\" width=\"315\" height=\"209\" srcset=\"https:\/\/jornalfatosenoticias.com.br\/wp-content\/uploads\/2020\/02\/LOGO-MQ-1024x680.jpg 1024w, https:\/\/jornalfatosenoticias.com.br\/wp-content\/uploads\/2020\/02\/LOGO-MQ-300x199.jpg 300w, https:\/\/jornalfatosenoticias.com.br\/wp-content\/uploads\/2020\/02\/LOGO-MQ-768x510.jpg 768w, https:\/\/jornalfatosenoticias.com.br\/wp-content\/uploads\/2020\/02\/LOGO-MQ-1536x1020.jpg 1536w, https:\/\/jornalfatosenoticias.com.br\/wp-content\/uploads\/2020\/02\/LOGO-MQ-2048x1360.jpg 2048w\" sizes=\"auto, (max-width: 315px) 100vw, 315px\" \/><\/a><\/figure><\/div>\n\n\n\n<p>Os vencedores foram conhecidos em uma cerim\u00f4nia realizada no \u00faltimo dia do evento. Os representantes das empresas contempladas subiram ao palco para receber o trof\u00e9u das m\u00e3os do presidente da Acaps, Jo\u00e3o Tarc\u00edcio Falqueto, e do superintendente H\u00e9lio Schneider.<\/p>\n\n\n\n<div class=\"wp-block-image\"><figure class=\"aligncenter size-large is-resized\"><a href=\"https:\/\/legisjuris.com.br\/\"><img loading=\"lazy\" decoding=\"async\" src=\"https:\/\/jornalfatosenoticias.com.br\/wp-content\/uploads\/2024\/09\/Legis-Juris-Consultoria_logo.jpg\" alt=\"\" class=\"wp-image-53915\" width=\"475\" height=\"199\" srcset=\"https:\/\/jornalfatosenoticias.com.br\/wp-content\/uploads\/2024\/09\/Legis-Juris-Consultoria_logo.jpg 969w, https:\/\/jornalfatosenoticias.com.br\/wp-content\/uploads\/2024\/09\/Legis-Juris-Consultoria_logo-300x126.jpg 300w, https:\/\/jornalfatosenoticias.com.br\/wp-content\/uploads\/2024\/09\/Legis-Juris-Consultoria_logo-768x322.jpg 768w\" sizes=\"auto, (max-width: 475px) 100vw, 475px\" \/><\/a><\/figure><\/div>\n\n\n\n<p><strong><span class=\"has-inline-color has-vivid-purple-color\">Confira os vencedores:<br><\/span><\/strong>\ud83d\udd39 Categoria at\u00e9 12 metros quadrados \u2013 Portobello e Vin\u00edcola Aurora<br>\ud83d\udd39 Categoria 13 a 18 metros quadrados \u2013 Regex Solutions<br>\ud83d\udd39 Categoria 19 a 24 metros quadrados \u2013 Pipeline<br>\ud83d\udd39 Categoria 25 a 40 metros quadrados \u2013 Bebidas Chiamulera e Fiore<br>\ud83d\udd39 Categoria 41 a 48 metros quadrados \u2013 Sol &amp; Neve e Suinco<br>\ud83d\udd39 Categoria 49 a 68 metros quadrados \u2013 Distrimax<br>\ud83d\udd39 Categoria 69 a 90 metros quadrados \u2013 Cofril e Acimaq<br>\ud83d\udd39 Categoria 91 a 96 metros quadrados \u2013 Frisa<br>\ud83d\udd39 Categoria 97 a 144 metros quadrados \u2013 Eletrofrio Fast<br>\ud83d\udd39 Voto Popular &#8211; Marquespan<\/p>\n\n\n\n<div class=\"wp-block-image\"><figure class=\"aligncenter size-large\"><a href=\"https:\/\/www.cesconetto.com.br\/\"><img loading=\"lazy\" decoding=\"async\" width=\"300\" height=\"250\" src=\"https:\/\/jornalfatosenoticias.com.br\/wp-content\/uploads\/2020\/02\/Banner-2.png\" alt=\"\" class=\"wp-image-43787\"\/><\/a><\/figure><\/div>\n","protected":false},"excerpt":{"rendered":"<p>Por Assessoria de Comunica\u00e7\u00e3o A 37.\u00aa edi\u00e7\u00e3o da Acaps Trade Show foi encerrada na \u00faltima quinta-feira (18), alcan\u00e7ando as metas de neg\u00f3cios e de p\u00fablico. Durante tr\u00eas dias, no Pavilh\u00e3o de Carapina, na Serra, o maior congresso e feira de neg\u00f3cios do varejo capixaba gerou um volume de neg\u00f3cios superior a R$ 1 bilh\u00e3o e [&hellip;]<\/p>\n","protected":false},"author":3,"featured_media":62077,"comment_status":"open","ping_status":"open","sticky":false,"template":"","format":"standard","meta":{"footnotes":""},"categories":[9],"tags":[20213,28313,28312,8954,4361,27692,910,23696,28314],"class_list":["post-62075","post","type-post","status-publish","format-standard","has-post-thumbnail","hentry","category-economia","tag-abras","tag-acaps-trade-show","tag-karol-babadeira","tag-leandro-karnal","tag-negocios","tag-pavilhao-de-carapina","tag-serra","tag-supermercados","tag-varejo-capixaba"],"yoast_head":"<!-- This site is optimized with the Yoast SEO plugin v26.5 - https:\/\/yoast.com\/wordpress\/plugins\/seo\/ -->\n<title>Acaps Trade Show 2025 supera R$ 1 bilh\u00e3o de neg\u00f3cios e atrai 22 mil visitantes - Jornal Fatos e Not\u00edcias<\/title>\n<meta name=\"robots\" content=\"index, follow, max-snippet:-1, max-image-preview:large, max-video-preview:-1\" \/>\n<link rel=\"canonical\" href=\"https:\/\/jornalfatosenoticias.com.br\/index.php\/2025\/09\/23\/acaps-trade-show-2025-supera-r-1-bilhao-de-negocios-e-atrai-22-mil-visitantes\/\" \/>\n<meta property=\"og:locale\" content=\"pt_BR\" \/>\n<meta property=\"og:type\" content=\"article\" \/>\n<meta property=\"og:title\" content=\"Acaps Trade Show 2025 supera R$ 1 bilh\u00e3o de neg\u00f3cios e atrai 22 mil visitantes - Jornal Fatos e Not\u00edcias\" \/>\n<meta property=\"og:description\" content=\"Por Assessoria de Comunica\u00e7\u00e3o A 37.\u00aa edi\u00e7\u00e3o da Acaps Trade Show foi encerrada na \u00faltima quinta-feira (18), alcan\u00e7ando as metas de neg\u00f3cios e de p\u00fablico. Durante tr\u00eas dias, no Pavilh\u00e3o de Carapina, na Serra, o maior congresso e feira de neg\u00f3cios do varejo capixaba gerou um volume de neg\u00f3cios superior a R$ 1 bilh\u00e3o e [&hellip;]\" \/>\n<meta property=\"og:url\" content=\"https:\/\/jornalfatosenoticias.com.br\/index.php\/2025\/09\/23\/acaps-trade-show-2025-supera-r-1-bilhao-de-negocios-e-atrai-22-mil-visitantes\/\" \/>\n<meta property=\"og:site_name\" content=\"Jornal Fatos e Not\u00edcias\" \/>\n<meta property=\"article:published_time\" content=\"2025-09-23T13:02:00+00:00\" \/>\n<meta property=\"article:modified_time\" content=\"2025-09-23T13:02:02+00:00\" \/>\n<meta property=\"og:image\" content=\"https:\/\/jornalfatosenoticias.com.br\/wp-content\/uploads\/2025\/09\/FOTO-Acaps-Trade-Show-Movimento-01.jpg\" \/>\n\t<meta property=\"og:image:width\" content=\"1000\" \/>\n\t<meta property=\"og:image:height\" content=\"666\" \/>\n\t<meta property=\"og:image:type\" content=\"image\/jpeg\" \/>\n<meta name=\"author\" content=\"Haroldo Filho\" \/>\n<meta name=\"twitter:card\" content=\"summary_large_image\" \/>\n<meta name=\"twitter:label1\" content=\"Escrito por\" \/>\n\t<meta name=\"twitter:data1\" content=\"Haroldo Filho\" \/>\n\t<meta name=\"twitter:label2\" content=\"Est. tempo de leitura\" \/>\n\t<meta name=\"twitter:data2\" content=\"5 minutos\" \/>\n<script type=\"application\/ld+json\" class=\"yoast-schema-graph\">{\"@context\":\"https:\/\/schema.org\",\"@graph\":[{\"@type\":\"Article\",\"@id\":\"https:\/\/jornalfatosenoticias.com.br\/index.php\/2025\/09\/23\/acaps-trade-show-2025-supera-r-1-bilhao-de-negocios-e-atrai-22-mil-visitantes\/#article\",\"isPartOf\":{\"@id\":\"https:\/\/jornalfatosenoticias.com.br\/index.php\/2025\/09\/23\/acaps-trade-show-2025-supera-r-1-bilhao-de-negocios-e-atrai-22-mil-visitantes\/\"},\"author\":{\"name\":\"Haroldo Filho\",\"@id\":\"https:\/\/jornalfatosenoticias.com.br\/#\/schema\/person\/05c46cc25b42a5c27e004fb0fa6b4965\"},\"headline\":\"Acaps Trade Show 2025 supera R$ 1 bilh\u00e3o de neg\u00f3cios e atrai 22 mil visitantes\",\"datePublished\":\"2025-09-23T13:02:00+00:00\",\"dateModified\":\"2025-09-23T13:02:02+00:00\",\"mainEntityOfPage\":{\"@id\":\"https:\/\/jornalfatosenoticias.com.br\/index.php\/2025\/09\/23\/acaps-trade-show-2025-supera-r-1-bilhao-de-negocios-e-atrai-22-mil-visitantes\/\"},\"wordCount\":944,\"commentCount\":0,\"publisher\":{\"@id\":\"https:\/\/jornalfatosenoticias.com.br\/#organization\"},\"image\":{\"@id\":\"https:\/\/jornalfatosenoticias.com.br\/index.php\/2025\/09\/23\/acaps-trade-show-2025-supera-r-1-bilhao-de-negocios-e-atrai-22-mil-visitantes\/#primaryimage\"},\"thumbnailUrl\":\"https:\/\/jornalfatosenoticias.com.br\/wp-content\/uploads\/2025\/09\/FOTO-Acaps-Trade-Show-Movimento-01.jpg\",\"keywords\":[\"Abras\",\"Acaps Trade Show\",\"Karol Babadeira\",\"Leandro Karnal\",\"neg\u00f3cios\",\"Pavilh\u00e3o de Carapina\",\"Serra\",\"supermercados\",\"varejo capixaba\"],\"articleSection\":[\"Economia\"],\"inLanguage\":\"pt-BR\",\"potentialAction\":[{\"@type\":\"CommentAction\",\"name\":\"Comment\",\"target\":[\"https:\/\/jornalfatosenoticias.com.br\/index.php\/2025\/09\/23\/acaps-trade-show-2025-supera-r-1-bilhao-de-negocios-e-atrai-22-mil-visitantes\/#respond\"]}]},{\"@type\":\"WebPage\",\"@id\":\"https:\/\/jornalfatosenoticias.com.br\/index.php\/2025\/09\/23\/acaps-trade-show-2025-supera-r-1-bilhao-de-negocios-e-atrai-22-mil-visitantes\/\",\"url\":\"https:\/\/jornalfatosenoticias.com.br\/index.php\/2025\/09\/23\/acaps-trade-show-2025-supera-r-1-bilhao-de-negocios-e-atrai-22-mil-visitantes\/\",\"name\":\"Acaps Trade Show 2025 supera R$ 1 bilh\u00e3o de neg\u00f3cios e atrai 22 mil visitantes - Jornal Fatos e Not\u00edcias\",\"isPartOf\":{\"@id\":\"https:\/\/jornalfatosenoticias.com.br\/#website\"},\"primaryImageOfPage\":{\"@id\":\"https:\/\/jornalfatosenoticias.com.br\/index.php\/2025\/09\/23\/acaps-trade-show-2025-supera-r-1-bilhao-de-negocios-e-atrai-22-mil-visitantes\/#primaryimage\"},\"image\":{\"@id\":\"https:\/\/jornalfatosenoticias.com.br\/index.php\/2025\/09\/23\/acaps-trade-show-2025-supera-r-1-bilhao-de-negocios-e-atrai-22-mil-visitantes\/#primaryimage\"},\"thumbnailUrl\":\"https:\/\/jornalfatosenoticias.com.br\/wp-content\/uploads\/2025\/09\/FOTO-Acaps-Trade-Show-Movimento-01.jpg\",\"datePublished\":\"2025-09-23T13:02:00+00:00\",\"dateModified\":\"2025-09-23T13:02:02+00:00\",\"breadcrumb\":{\"@id\":\"https:\/\/jornalfatosenoticias.com.br\/index.php\/2025\/09\/23\/acaps-trade-show-2025-supera-r-1-bilhao-de-negocios-e-atrai-22-mil-visitantes\/#breadcrumb\"},\"inLanguage\":\"pt-BR\",\"potentialAction\":[{\"@type\":\"ReadAction\",\"target\":[\"https:\/\/jornalfatosenoticias.com.br\/index.php\/2025\/09\/23\/acaps-trade-show-2025-supera-r-1-bilhao-de-negocios-e-atrai-22-mil-visitantes\/\"]}]},{\"@type\":\"ImageObject\",\"inLanguage\":\"pt-BR\",\"@id\":\"https:\/\/jornalfatosenoticias.com.br\/index.php\/2025\/09\/23\/acaps-trade-show-2025-supera-r-1-bilhao-de-negocios-e-atrai-22-mil-visitantes\/#primaryimage\",\"url\":\"https:\/\/jornalfatosenoticias.com.br\/wp-content\/uploads\/2025\/09\/FOTO-Acaps-Trade-Show-Movimento-01.jpg\",\"contentUrl\":\"https:\/\/jornalfatosenoticias.com.br\/wp-content\/uploads\/2025\/09\/FOTO-Acaps-Trade-Show-Movimento-01.jpg\",\"width\":1000,\"height\":666},{\"@type\":\"BreadcrumbList\",\"@id\":\"https:\/\/jornalfatosenoticias.com.br\/index.php\/2025\/09\/23\/acaps-trade-show-2025-supera-r-1-bilhao-de-negocios-e-atrai-22-mil-visitantes\/#breadcrumb\",\"itemListElement\":[{\"@type\":\"ListItem\",\"position\":1,\"name\":\"In\u00edcio\",\"item\":\"https:\/\/jornalfatosenoticias.com.br\/\"},{\"@type\":\"ListItem\",\"position\":2,\"name\":\"Acaps Trade Show 2025 supera R$ 1 bilh\u00e3o de neg\u00f3cios e atrai 22 mil visitantes\"}]},{\"@type\":\"WebSite\",\"@id\":\"https:\/\/jornalfatosenoticias.com.br\/#website\",\"url\":\"https:\/\/jornalfatosenoticias.com.br\/\",\"name\":\"Jornal Fatos e Not\u00edcias\",\"description\":\"Not\u00edcias em geral\",\"publisher\":{\"@id\":\"https:\/\/jornalfatosenoticias.com.br\/#organization\"},\"potentialAction\":[{\"@type\":\"SearchAction\",\"target\":{\"@type\":\"EntryPoint\",\"urlTemplate\":\"https:\/\/jornalfatosenoticias.com.br\/?s={search_term_string}\"},\"query-input\":{\"@type\":\"PropertyValueSpecification\",\"valueRequired\":true,\"valueName\":\"search_term_string\"}}],\"inLanguage\":\"pt-BR\"},{\"@type\":\"Organization\",\"@id\":\"https:\/\/jornalfatosenoticias.com.br\/#organization\",\"name\":\"Jornal Fatos e Not\u00edcias\",\"url\":\"https:\/\/jornalfatosenoticias.com.br\/\",\"logo\":{\"@type\":\"ImageObject\",\"inLanguage\":\"pt-BR\",\"@id\":\"https:\/\/jornalfatosenoticias.com.br\/#\/schema\/logo\/image\/\",\"url\":\"https:\/\/jornalfatosenoticias.com.br\/wp-content\/uploads\/2020\/02\/logo120.png\",\"contentUrl\":\"https:\/\/jornalfatosenoticias.com.br\/wp-content\/uploads\/2020\/02\/logo120.png\",\"width\":1227,\"height\":120,\"caption\":\"Jornal Fatos e Not\u00edcias\"},\"image\":{\"@id\":\"https:\/\/jornalfatosenoticias.com.br\/#\/schema\/logo\/image\/\"}},{\"@type\":\"Person\",\"@id\":\"https:\/\/jornalfatosenoticias.com.br\/#\/schema\/person\/05c46cc25b42a5c27e004fb0fa6b4965\",\"name\":\"Haroldo Filho\",\"image\":{\"@type\":\"ImageObject\",\"inLanguage\":\"pt-BR\",\"@id\":\"https:\/\/jornalfatosenoticias.com.br\/#\/schema\/person\/image\/\",\"url\":\"https:\/\/jornalfatosenoticias.com.br\/wp-content\/uploads\/2025\/08\/WhatsApp-Image-2025-08-18-at-15.30.28-150x150.jpeg\",\"contentUrl\":\"https:\/\/jornalfatosenoticias.com.br\/wp-content\/uploads\/2025\/08\/WhatsApp-Image-2025-08-18-at-15.30.28-150x150.jpeg\",\"caption\":\"Haroldo Filho\"},\"description\":\"Jornalista \u2013 DRT: 0003818\/ES Coordenador-geral da ONG Educar para Crescer\",\"url\":\"https:\/\/jornalfatosenoticias.com.br\/index.php\/author\/haroldo\/\"}]}<\/script>\n<!-- \/ Yoast SEO plugin. -->","yoast_head_json":{"title":"Acaps Trade Show 2025 supera R$ 1 bilh\u00e3o de neg\u00f3cios e atrai 22 mil visitantes - Jornal Fatos e Not\u00edcias","robots":{"index":"index","follow":"follow","max-snippet":"max-snippet:-1","max-image-preview":"max-image-preview:large","max-video-preview":"max-video-preview:-1"},"canonical":"https:\/\/jornalfatosenoticias.com.br\/index.php\/2025\/09\/23\/acaps-trade-show-2025-supera-r-1-bilhao-de-negocios-e-atrai-22-mil-visitantes\/","og_locale":"pt_BR","og_type":"article","og_title":"Acaps Trade Show 2025 supera R$ 1 bilh\u00e3o de neg\u00f3cios e atrai 22 mil visitantes - Jornal Fatos e Not\u00edcias","og_description":"Por Assessoria de Comunica\u00e7\u00e3o A 37.\u00aa edi\u00e7\u00e3o da Acaps Trade Show foi encerrada na \u00faltima quinta-feira (18), alcan\u00e7ando as metas de neg\u00f3cios e de p\u00fablico. Durante tr\u00eas dias, no Pavilh\u00e3o de Carapina, na Serra, o maior congresso e feira de neg\u00f3cios do varejo capixaba gerou um volume de neg\u00f3cios superior a R$ 1 bilh\u00e3o e [&hellip;]","og_url":"https:\/\/jornalfatosenoticias.com.br\/index.php\/2025\/09\/23\/acaps-trade-show-2025-supera-r-1-bilhao-de-negocios-e-atrai-22-mil-visitantes\/","og_site_name":"Jornal Fatos e Not\u00edcias","article_published_time":"2025-09-23T13:02:00+00:00","article_modified_time":"2025-09-23T13:02:02+00:00","og_image":[{"width":1000,"height":666,"url":"https:\/\/jornalfatosenoticias.com.br\/wp-content\/uploads\/2025\/09\/FOTO-Acaps-Trade-Show-Movimento-01.jpg","type":"image\/jpeg"}],"author":"Haroldo Filho","twitter_card":"summary_large_image","twitter_misc":{"Escrito por":"Haroldo Filho","Est. tempo de leitura":"5 minutos"},"schema":{"@context":"https:\/\/schema.org","@graph":[{"@type":"Article","@id":"https:\/\/jornalfatosenoticias.com.br\/index.php\/2025\/09\/23\/acaps-trade-show-2025-supera-r-1-bilhao-de-negocios-e-atrai-22-mil-visitantes\/#article","isPartOf":{"@id":"https:\/\/jornalfatosenoticias.com.br\/index.php\/2025\/09\/23\/acaps-trade-show-2025-supera-r-1-bilhao-de-negocios-e-atrai-22-mil-visitantes\/"},"author":{"name":"Haroldo Filho","@id":"https:\/\/jornalfatosenoticias.com.br\/#\/schema\/person\/05c46cc25b42a5c27e004fb0fa6b4965"},"headline":"Acaps Trade Show 2025 supera R$ 1 bilh\u00e3o de neg\u00f3cios e atrai 22 mil visitantes","datePublished":"2025-09-23T13:02:00+00:00","dateModified":"2025-09-23T13:02:02+00:00","mainEntityOfPage":{"@id":"https:\/\/jornalfatosenoticias.com.br\/index.php\/2025\/09\/23\/acaps-trade-show-2025-supera-r-1-bilhao-de-negocios-e-atrai-22-mil-visitantes\/"},"wordCount":944,"commentCount":0,"publisher":{"@id":"https:\/\/jornalfatosenoticias.com.br\/#organization"},"image":{"@id":"https:\/\/jornalfatosenoticias.com.br\/index.php\/2025\/09\/23\/acaps-trade-show-2025-supera-r-1-bilhao-de-negocios-e-atrai-22-mil-visitantes\/#primaryimage"},"thumbnailUrl":"https:\/\/jornalfatosenoticias.com.br\/wp-content\/uploads\/2025\/09\/FOTO-Acaps-Trade-Show-Movimento-01.jpg","keywords":["Abras","Acaps Trade Show","Karol Babadeira","Leandro Karnal","neg\u00f3cios","Pavilh\u00e3o de Carapina","Serra","supermercados","varejo capixaba"],"articleSection":["Economia"],"inLanguage":"pt-BR","potentialAction":[{"@type":"CommentAction","name":"Comment","target":["https:\/\/jornalfatosenoticias.com.br\/index.php\/2025\/09\/23\/acaps-trade-show-2025-supera-r-1-bilhao-de-negocios-e-atrai-22-mil-visitantes\/#respond"]}]},{"@type":"WebPage","@id":"https:\/\/jornalfatosenoticias.com.br\/index.php\/2025\/09\/23\/acaps-trade-show-2025-supera-r-1-bilhao-de-negocios-e-atrai-22-mil-visitantes\/","url":"https:\/\/jornalfatosenoticias.com.br\/index.php\/2025\/09\/23\/acaps-trade-show-2025-supera-r-1-bilhao-de-negocios-e-atrai-22-mil-visitantes\/","name":"Acaps Trade Show 2025 supera R$ 1 bilh\u00e3o de neg\u00f3cios e atrai 22 mil visitantes - Jornal Fatos e Not\u00edcias","isPartOf":{"@id":"https:\/\/jornalfatosenoticias.com.br\/#website"},"primaryImageOfPage":{"@id":"https:\/\/jornalfatosenoticias.com.br\/index.php\/2025\/09\/23\/acaps-trade-show-2025-supera-r-1-bilhao-de-negocios-e-atrai-22-mil-visitantes\/#primaryimage"},"image":{"@id":"https:\/\/jornalfatosenoticias.com.br\/index.php\/2025\/09\/23\/acaps-trade-show-2025-supera-r-1-bilhao-de-negocios-e-atrai-22-mil-visitantes\/#primaryimage"},"thumbnailUrl":"https:\/\/jornalfatosenoticias.com.br\/wp-content\/uploads\/2025\/09\/FOTO-Acaps-Trade-Show-Movimento-01.jpg","datePublished":"2025-09-23T13:02:00+00:00","dateModified":"2025-09-23T13:02:02+00:00","breadcrumb":{"@id":"https:\/\/jornalfatosenoticias.com.br\/index.php\/2025\/09\/23\/acaps-trade-show-2025-supera-r-1-bilhao-de-negocios-e-atrai-22-mil-visitantes\/#breadcrumb"},"inLanguage":"pt-BR","potentialAction":[{"@type":"ReadAction","target":["https:\/\/jornalfatosenoticias.com.br\/index.php\/2025\/09\/23\/acaps-trade-show-2025-supera-r-1-bilhao-de-negocios-e-atrai-22-mil-visitantes\/"]}]},{"@type":"ImageObject","inLanguage":"pt-BR","@id":"https:\/\/jornalfatosenoticias.com.br\/index.php\/2025\/09\/23\/acaps-trade-show-2025-supera-r-1-bilhao-de-negocios-e-atrai-22-mil-visitantes\/#primaryimage","url":"https:\/\/jornalfatosenoticias.com.br\/wp-content\/uploads\/2025\/09\/FOTO-Acaps-Trade-Show-Movimento-01.jpg","contentUrl":"https:\/\/jornalfatosenoticias.com.br\/wp-content\/uploads\/2025\/09\/FOTO-Acaps-Trade-Show-Movimento-01.jpg","width":1000,"height":666},{"@type":"BreadcrumbList","@id":"https:\/\/jornalfatosenoticias.com.br\/index.php\/2025\/09\/23\/acaps-trade-show-2025-supera-r-1-bilhao-de-negocios-e-atrai-22-mil-visitantes\/#breadcrumb","itemListElement":[{"@type":"ListItem","position":1,"name":"In\u00edcio","item":"https:\/\/jornalfatosenoticias.com.br\/"},{"@type":"ListItem","position":2,"name":"Acaps Trade Show 2025 supera R$ 1 bilh\u00e3o de neg\u00f3cios e atrai 22 mil visitantes"}]},{"@type":"WebSite","@id":"https:\/\/jornalfatosenoticias.com.br\/#website","url":"https:\/\/jornalfatosenoticias.com.br\/","name":"Jornal Fatos e Not\u00edcias","description":"Not\u00edcias em geral","publisher":{"@id":"https:\/\/jornalfatosenoticias.com.br\/#organization"},"potentialAction":[{"@type":"SearchAction","target":{"@type":"EntryPoint","urlTemplate":"https:\/\/jornalfatosenoticias.com.br\/?s={search_term_string}"},"query-input":{"@type":"PropertyValueSpecification","valueRequired":true,"valueName":"search_term_string"}}],"inLanguage":"pt-BR"},{"@type":"Organization","@id":"https:\/\/jornalfatosenoticias.com.br\/#organization","name":"Jornal Fatos e Not\u00edcias","url":"https:\/\/jornalfatosenoticias.com.br\/","logo":{"@type":"ImageObject","inLanguage":"pt-BR","@id":"https:\/\/jornalfatosenoticias.com.br\/#\/schema\/logo\/image\/","url":"https:\/\/jornalfatosenoticias.com.br\/wp-content\/uploads\/2020\/02\/logo120.png","contentUrl":"https:\/\/jornalfatosenoticias.com.br\/wp-content\/uploads\/2020\/02\/logo120.png","width":1227,"height":120,"caption":"Jornal Fatos e Not\u00edcias"},"image":{"@id":"https:\/\/jornalfatosenoticias.com.br\/#\/schema\/logo\/image\/"}},{"@type":"Person","@id":"https:\/\/jornalfatosenoticias.com.br\/#\/schema\/person\/05c46cc25b42a5c27e004fb0fa6b4965","name":"Haroldo Filho","image":{"@type":"ImageObject","inLanguage":"pt-BR","@id":"https:\/\/jornalfatosenoticias.com.br\/#\/schema\/person\/image\/","url":"https:\/\/jornalfatosenoticias.com.br\/wp-content\/uploads\/2025\/08\/WhatsApp-Image-2025-08-18-at-15.30.28-150x150.jpeg","contentUrl":"https:\/\/jornalfatosenoticias.com.br\/wp-content\/uploads\/2025\/08\/WhatsApp-Image-2025-08-18-at-15.30.28-150x150.jpeg","caption":"Haroldo Filho"},"description":"Jornalista \u2013 DRT: 0003818\/ES Coordenador-geral da ONG Educar para Crescer","url":"https:\/\/jornalfatosenoticias.com.br\/index.php\/author\/haroldo\/"}]}},"cc_featured_image_caption":{"caption_text":"Acaps Trade Show 2025 (Foto: Divulga\u00e7\u00e3o)","source_text":"","source_url":""},"jetpack_featured_media_url":"https:\/\/jornalfatosenoticias.com.br\/wp-content\/uploads\/2025\/09\/FOTO-Acaps-Trade-Show-Movimento-01.jpg","_links":{"self":[{"href":"https:\/\/jornalfatosenoticias.com.br\/index.php\/wp-json\/wp\/v2\/posts\/62075","targetHints":{"allow":["GET"]}}],"collection":[{"href":"https:\/\/jornalfatosenoticias.com.br\/index.php\/wp-json\/wp\/v2\/posts"}],"about":[{"href":"https:\/\/jornalfatosenoticias.com.br\/index.php\/wp-json\/wp\/v2\/types\/post"}],"author":[{"embeddable":true,"href":"https:\/\/jornalfatosenoticias.com.br\/index.php\/wp-json\/wp\/v2\/users\/3"}],"replies":[{"embeddable":true,"href":"https:\/\/jornalfatosenoticias.com.br\/index.php\/wp-json\/wp\/v2\/comments?post=62075"}],"version-history":[{"count":0,"href":"https:\/\/jornalfatosenoticias.com.br\/index.php\/wp-json\/wp\/v2\/posts\/62075\/revisions"}],"wp:featuredmedia":[{"embeddable":true,"href":"https:\/\/jornalfatosenoticias.com.br\/index.php\/wp-json\/wp\/v2\/media\/62077"}],"wp:attachment":[{"href":"https:\/\/jornalfatosenoticias.com.br\/index.php\/wp-json\/wp\/v2\/media?parent=62075"}],"wp:term":[{"taxonomy":"category","embeddable":true,"href":"https:\/\/jornalfatosenoticias.com.br\/index.php\/wp-json\/wp\/v2\/categories?post=62075"},{"taxonomy":"post_tag","embeddable":true,"href":"https:\/\/jornalfatosenoticias.com.br\/index.php\/wp-json\/wp\/v2\/tags?post=62075"}],"curies":[{"name":"wp","href":"https:\/\/api.w.org\/{rel}","templated":true}]}}