{"id":62116,"date":"2025-09-23T14:34:12","date_gmt":"2025-09-23T17:34:12","guid":{"rendered":"https:\/\/jornalfatosenoticias.com.br\/?p=62116"},"modified":"2025-09-23T14:34:14","modified_gmt":"2025-09-23T17:34:14","slug":"trump-diz-que-brasil-vai-muito-mal-mas-cita-quimica-e-sinaliza-encontro-com-lula","status":"publish","type":"post","link":"https:\/\/jornalfatosenoticias.com.br\/index.php\/2025\/09\/23\/trump-diz-que-brasil-vai-muito-mal-mas-cita-quimica-e-sinaliza-encontro-com-lula\/","title":{"rendered":"Trump diz que Brasil \u201cvai muito mal\u201d, mas cita \u201cqu\u00edmica\u201d e sinaliza encontro com Lula"},"content":{"rendered":"\n<p><em><span class=\"has-inline-color has-black-color\">O presidente dos EUA, Donald Trump, discursa durante o Debate Geral da 80.\u00aa sess\u00e3o da Assembleia Geral da ONU<\/span><\/em><\/p>\n\n\n\n<p><span class=\"has-inline-color has-black-color\">Por <strong><a href=\"https:\/\/www.gazetadopovo.com.br\/autor\/isabella-de-paula\/\">Isabella de Paula<\/a><\/strong><\/span><\/p>\n\n\n\n<div class=\"wp-block-image\"><figure class=\"aligncenter size-large is-resized\"><a href=\"https:\/\/www.facebook.com\/vetor.vix\/\"><img loading=\"lazy\" decoding=\"async\" src=\"https:\/\/jornalfatosenoticias.com.br\/wp-content\/uploads\/2023\/09\/vetorvix1024_1.jpg\" alt=\"\" class=\"wp-image-44868\" width=\"554\" height=\"147\" srcset=\"https:\/\/jornalfatosenoticias.com.br\/wp-content\/uploads\/2023\/09\/vetorvix1024_1.jpg 1024w, https:\/\/jornalfatosenoticias.com.br\/wp-content\/uploads\/2023\/09\/vetorvix1024_1-300x80.jpg 300w, https:\/\/jornalfatosenoticias.com.br\/wp-content\/uploads\/2023\/09\/vetorvix1024_1-768x205.jpg 768w\" sizes=\"auto, (max-width: 554px) 100vw, 554px\" \/><\/a><\/figure><\/div>\n\n\n\n<p>O presidente dos Estados Unidos, Donald Trump, discursou por quase uma hora na 80.\u00aa reuni\u00e3o da Assembleia Geral da ONU nesta ter\u00e7a-feira (23), logo ap\u00f3s o <a href=\"https:\/\/www.gazetadopovo.com.br\/republica\/lula-ataca-sancoes-e-tarifas-comerciais-dos-eua-em-discurso-na-assembleia-geral-da-onu\/\" target=\"_blank\" rel=\"noreferrer noopener\">tradicional discurso do Brasil<\/a>, que foi lido por Luiz In\u00e1cio Lula da Silva (PT). Caminhando para o final de seu longo pronunciamento, o republicano comentou sua rela\u00e7\u00e3o com o governo brasileiro, citando uma &#8220;qu\u00edmica&#8221; que teve com o hom\u00f3logo brasileiro nos corredores da organiza\u00e7\u00e3o. Trump sinalizou que os dois l\u00edderes devem se encontrar na pr\u00f3xima semana.<\/p>\n\n\n\n<blockquote class=\"wp-block-quote is-layout-flow wp-block-quote-is-layout-flow\"><p><span class=\"has-inline-color has-luminous-vivid-orange-color\">Eu estava entrando e o l\u00edder do Brasil estava saindo. Nos vimos, eu o vi, ele me viu, e n\u00f3s nos abra\u00e7amos. E a\u00ed eu penso: &#8216;voc\u00eas acreditam que vou dizer isso em apenas dois minutos?&#8217;. N\u00f3s realmente combinamos de nos encontrar na pr\u00f3xima semana, se isso for de interesse. N\u00e3o tivemos muito tempo para conversar, uns 20 segundos&#8221;, detalhou o presidente americano durante o discurso. &#8220;Tivemos uma boa conversa, ele pareceu um homem bom, na verdade gostaria de conhec\u00ea-lo. Eu s\u00f3 fa\u00e7o neg\u00f3cios com pessoas de quem gosto&#8221;, acrescentou.<\/span><\/p><\/blockquote>\n\n\n\n<div class=\"wp-block-image\"><figure class=\"aligncenter size-large\"><a href=\"https:\/\/www.cesconetto.com.br\/\"><img loading=\"lazy\" decoding=\"async\" width=\"300\" height=\"250\" src=\"https:\/\/jornalfatosenoticias.com.br\/wp-content\/uploads\/2020\/02\/Banner-2.png\" alt=\"\" class=\"wp-image-43787\"\/><\/a><\/figure><\/div>\n\n\n\n<p><strong><span class=\"has-inline-color has-black-color\">Trump cita viola\u00e7\u00f5es de liberdade no Brasil<br><\/span><\/strong>Por outro lado, Trump renovou suas cr\u00edticas ao Brasil em rela\u00e7\u00e3o \u00e0s viola\u00e7\u00f5es que seu governo vem denunciando nos \u00faltimos meses. De acordo com a autoridade americana, o pa\u00eds sul-americano enfrenta &#8220;grandes tarifas em resposta a seus esfor\u00e7os sem precedentes de interferir nos direitos e nas liberdades de nossos cidad\u00e3os [americanos] e de outros com censura, repress\u00e3o, uso pol\u00edtico das institui\u00e7\u00f5es, corrup\u00e7\u00e3o judicial e persegui\u00e7\u00e3o a cr\u00edticos nos EUA&#8221;.<\/p>\n\n\n\n<div class=\"wp-block-image\"><figure class=\"aligncenter size-large is-resized\"><a href=\"https:\/\/hotelmarquetti.com.br\/\"><img loading=\"lazy\" decoding=\"async\" src=\"https:\/\/jornalfatosenoticias.com.br\/wp-content\/uploads\/2020\/02\/LOGO-MQ-1024x680.jpg\" alt=\"\" class=\"wp-image-58299\" width=\"357\" height=\"237\" srcset=\"https:\/\/jornalfatosenoticias.com.br\/wp-content\/uploads\/2020\/02\/LOGO-MQ-1024x680.jpg 1024w, https:\/\/jornalfatosenoticias.com.br\/wp-content\/uploads\/2020\/02\/LOGO-MQ-300x199.jpg 300w, https:\/\/jornalfatosenoticias.com.br\/wp-content\/uploads\/2020\/02\/LOGO-MQ-768x510.jpg 768w, https:\/\/jornalfatosenoticias.com.br\/wp-content\/uploads\/2020\/02\/LOGO-MQ-1536x1020.jpg 1536w, https:\/\/jornalfatosenoticias.com.br\/wp-content\/uploads\/2020\/02\/LOGO-MQ-2048x1360.jpg 2048w\" sizes=\"auto, (max-width: 357px) 100vw, 357px\" \/><\/a><\/figure><\/div>\n\n\n\n<p>Na segunda-feira, o governo americano anunciou uma san\u00e7\u00e3o contra a esposa do ministro Alexandre de Moraes, do Supremo Tribunal Federal (STF), principal alvo das cr\u00edticas de Washington ao Brasil.<\/p>\n\n\n\n<div class=\"wp-block-image\"><figure class=\"aligncenter size-large\"><a href=\"http:\/\/www.ferrarimaquinas.com.br\/\"><img loading=\"lazy\" decoding=\"async\" width=\"300\" height=\"250\" src=\"https:\/\/jornalfatosenoticias.com.br\/wp-content\/uploads\/2022\/02\/FERRARI_MAQUINAS-E-FERRAMENTAS2.jpg\" alt=\"\" class=\"wp-image-27860\"\/><\/a><\/figure><\/div>\n\n\n\n<p><strong><span class=\"has-inline-color has-black-color\">Guerras, reconhecimento da Palestina e cr\u00edticas \u00e0 ONU<br><\/span><\/strong>Trump tocou em v\u00e1rios assuntos-chave da pol\u00edtica externa americana, incluindo guerras, imigra\u00e7\u00e3o, combate \u00e0s drogas e acordos comerciais. Em determinado momento diante de autoridades internacionais, ele renovou suas cr\u00edticas \u00e0s Na\u00e7\u00f5es Unidas pela inefic\u00e1cia em solucionar conflitos no mundo.<\/p>\n\n\n\n<div class=\"wp-block-image\"><figure class=\"aligncenter size-large is-resized\"><a href=\"https:\/\/www.instagram.com\/esteio.churrascaria\/\"><img loading=\"lazy\" decoding=\"async\" src=\"https:\/\/jornalfatosenoticias.com.br\/wp-content\/uploads\/2022\/02\/LOGO-ESTEIO-1024x730.png\" alt=\"\" class=\"wp-image-27942\" width=\"323\" height=\"230\" srcset=\"https:\/\/jornalfatosenoticias.com.br\/wp-content\/uploads\/2022\/02\/LOGO-ESTEIO-1024x730.png 1024w, https:\/\/jornalfatosenoticias.com.br\/wp-content\/uploads\/2022\/02\/LOGO-ESTEIO-300x214.png 300w, https:\/\/jornalfatosenoticias.com.br\/wp-content\/uploads\/2022\/02\/LOGO-ESTEIO-768x548.png 768w, https:\/\/jornalfatosenoticias.com.br\/wp-content\/uploads\/2022\/02\/LOGO-ESTEIO.png 1123w\" sizes=\"auto, (max-width: 323px) 100vw, 323px\" \/><\/a><\/figure><\/div>\n\n\n\n<blockquote class=\"wp-block-quote is-layout-flow wp-block-quote-is-layout-flow\"><p><span class=\"has-inline-color has-luminous-vivid-orange-color\">\u00c9 triste que eu tenha que fazer essas coisas em vez das Na\u00e7\u00f5es Unidas faz\u00ea-las&#8221;, disse o presidente americano, citando a participa\u00e7\u00e3o dos Estados Unidos na media\u00e7\u00e3o de pelo menos sete guerras ou conflitos ao redor do mundo, incluindo Israel e Ir\u00e3; Camboja e Tail\u00e2ndia; Arm\u00eania e Azerbaij\u00e3o; Kosovo e S\u00e9rvia; Rep\u00fablica Democr\u00e1tica do Congo e Ruanda; Paquist\u00e3o e \u00cdndia; Egito e Eti\u00f3pia. &#8220;Infelizmente, em todos os casos, as Na\u00e7\u00f5es Unidas nem sequer tentaram ajudar em nada&#8221;, disse Trump. &#8220;Tudo o que consegui das Na\u00e7\u00f5es Unidas foi uma escada rolante na subida que parou bem no meio&#8221;, continuou o republicano, acrescentando que a ONU n\u00e3o estava presente quando o pa\u00eds precisou.<\/span><\/p><\/blockquote>\n\n\n\n<div class=\"wp-block-image\"><figure class=\"aligncenter size-large is-resized\"><a href=\"https:\/\/www.controlsystems.com.br\/\"><img loading=\"lazy\" decoding=\"async\" src=\"https:\/\/jornalfatosenoticias.com.br\/wp-content\/uploads\/2020\/02\/CONTROL-CS.jpg\" alt=\"\" class=\"wp-image-44991\" width=\"257\" height=\"308\" srcset=\"https:\/\/jornalfatosenoticias.com.br\/wp-content\/uploads\/2020\/02\/CONTROL-CS.jpg 834w, https:\/\/jornalfatosenoticias.com.br\/wp-content\/uploads\/2020\/02\/CONTROL-CS-250x300.jpg 250w, https:\/\/jornalfatosenoticias.com.br\/wp-content\/uploads\/2020\/02\/CONTROL-CS-768x921.jpg 768w\" sizes=\"auto, (max-width: 257px) 100vw, 257px\" \/><\/a><\/figure><\/div>\n\n\n\n<p>O presidente dos EUA questionou seu p\u00fablico sobre o prop\u00f3sito das Na\u00e7\u00f5es Unidas. Segundo ele, tudo o que a ONU faz \u00e9 escrever &#8220;cartas com palavras fortes&#8221; e falar em &#8220;palavras vazias&#8221;. O presidente americano acrescentou que \u201ctodo mundo\u201d est\u00e1 pedindo que lhe concedam o Pr\u00eamio Nobel da Paz por causa de suas conquistas, mas afirmou que o que ele busca n\u00e3o s\u00e3o pr\u00eamios: \u201co que me importa n\u00e3o \u00e9 ganhar pr\u00eamios, mas salvar vidas\u201d. Trump tamb\u00e9m defendeu as pol\u00edticas migrat\u00f3rias em vigor nos Estados Unidos, citando as recentes opera\u00e7\u00f5es no Caribe para deter o narcotr\u00e1fico proveniente da Venezuela. &#8220;Vamos pegar voc\u00eas&#8221;, disse o presidente.<\/p>\n\n\n\n<div class=\"wp-block-image\"><figure class=\"aligncenter size-large is-resized\"><a href=\"https:\/\/www.instagram.com\/rcradiadores\/\"><img loading=\"lazy\" decoding=\"async\" src=\"https:\/\/jornalfatosenoticias.com.br\/wp-content\/uploads\/2022\/10\/RC_800x750_page-0001.jpg\" alt=\"\" class=\"wp-image-35338\" width=\"280\" height=\"262\" srcset=\"https:\/\/jornalfatosenoticias.com.br\/wp-content\/uploads\/2022\/10\/RC_800x750_page-0001.jpg 400w, https:\/\/jornalfatosenoticias.com.br\/wp-content\/uploads\/2022\/10\/RC_800x750_page-0001-300x281.jpg 300w\" sizes=\"auto, (max-width: 280px) 100vw, 280px\" \/><\/a><\/figure><\/div>\n\n\n\n<p><strong><span class=\"has-inline-color has-black-color\">Trump sugere novas san\u00e7\u00f5es contra a R\u00fassia e apela pela liberta\u00e7\u00e3o de ref\u00e9ns no Oriente M\u00e9dio<br><\/span><\/strong>O presidente Donald Trump fez novas amea\u00e7as de san\u00e7\u00f5es contra a R\u00fassia em seu discurso na ONU, condicionadas \u00e0 suspens\u00e3o por pa\u00edses europeus de todas as suas compras de petr\u00f3leo e g\u00e1s russos. O americano disse ter descoberto h\u00e1 semanas que os pa\u00edses continuam comprando alguns produtos petrol\u00edferos russos. Trump tamb\u00e9m renovou as cr\u00edticas a seu antecessor na presid\u00eancia, Joe Biden, pela pol\u00edtica externa em rela\u00e7\u00e3o \u00e0 Ucr\u00e2nia. Ele tamb\u00e9m acusou China e \u00cdndia de serem os principais financiadores da invas\u00e3o de Moscou.<\/p>\n\n\n\n<div class=\"wp-block-image\"><figure class=\"aligncenter size-large is-resized\"><a href=\"https:\/\/www.instagram.com\/gruposei\/\"><img loading=\"lazy\" decoding=\"async\" src=\"https:\/\/jornalfatosenoticias.com.br\/wp-content\/uploads\/2022\/07\/Logo-Grupo-SEI.jpg\" alt=\"\" class=\"wp-image-31973\" width=\"358\" height=\"188\" srcset=\"https:\/\/jornalfatosenoticias.com.br\/wp-content\/uploads\/2022\/07\/Logo-Grupo-SEI.jpg 713w, https:\/\/jornalfatosenoticias.com.br\/wp-content\/uploads\/2022\/07\/Logo-Grupo-SEI-300x158.jpg 300w\" sizes=\"auto, (max-width: 358px) 100vw, 358px\" \/><\/a><\/figure><\/div>\n\n\n\n<p>O l\u00edder republicano aproveitou o pronunciamento para fazer um novo apelo pela liberta\u00e7\u00e3o de ref\u00e9ns israelenses da Faixa de Gaza. <em>&#8220;Queremos todos os ref\u00e9ns de volta&#8221;, <\/em>declarou Trump, pressionando os aliados dos EUA que est\u00e3o reconhecendo um Estado palestino a se unirem para pressionar o Hamas. Trump fez men\u00e7\u00e3o ao ataque americano a instala\u00e7\u00f5es nucleares no Ir\u00e3 ao falar sobre a prioridade de seu governo em interromper a produ\u00e7\u00e3o de armas nucleares. <\/p>\n\n\n\n<div class=\"wp-block-image\"><figure class=\"aligncenter size-large is-resized\"><a href=\"https:\/\/www.facebook.com\/profile.php?id=100069289606145\"><img loading=\"lazy\" decoding=\"async\" src=\"https:\/\/jornalfatosenoticias.com.br\/wp-content\/uploads\/2024\/11\/Guaitolini-Contabilidade-1024x714.jpeg\" alt=\"\" class=\"wp-image-55808\" width=\"323\" height=\"225\" srcset=\"https:\/\/jornalfatosenoticias.com.br\/wp-content\/uploads\/2024\/11\/Guaitolini-Contabilidade-1024x714.jpeg 1024w, https:\/\/jornalfatosenoticias.com.br\/wp-content\/uploads\/2024\/11\/Guaitolini-Contabilidade-300x209.jpeg 300w, https:\/\/jornalfatosenoticias.com.br\/wp-content\/uploads\/2024\/11\/Guaitolini-Contabilidade-768x535.jpeg 768w, https:\/\/jornalfatosenoticias.com.br\/wp-content\/uploads\/2024\/11\/Guaitolini-Contabilidade.jpeg 1280w\" sizes=\"auto, (max-width: 323px) 100vw, 323px\" \/><\/a><\/figure><\/div>\n\n\n\n<blockquote class=\"wp-block-quote is-layout-flow wp-block-quote-is-layout-flow\"><p><span class=\"has-inline-color has-luminous-vivid-orange-color\">Hoje, a maioria dos comandantes militares do Ir\u00e3 n\u00e3o est\u00e1 mais conosco; eles est\u00e3o mortos&#8221;, enfatizou.<\/span><\/p><\/blockquote>\n\n\n\n<div class=\"wp-block-image\"><figure class=\"aligncenter size-large is-resized\"><a href=\"https:\/\/panper.com.br\/\"><img loading=\"lazy\" decoding=\"async\" src=\"https:\/\/jornalfatosenoticias.com.br\/wp-content\/uploads\/2023\/03\/logo-Panper_portal.jpg\" alt=\"\" class=\"wp-image-40208\" width=\"276\" height=\"191\" srcset=\"https:\/\/jornalfatosenoticias.com.br\/wp-content\/uploads\/2023\/03\/logo-Panper_portal.jpg 400w, https:\/\/jornalfatosenoticias.com.br\/wp-content\/uploads\/2023\/03\/logo-Panper_portal-300x208.jpg 300w\" sizes=\"auto, (max-width: 276px) 100vw, 276px\" \/><\/a><\/figure><\/div>\n\n\n\n<p><strong>Fonte: <a href=\"https:\/\/www.gazetadopovo.com.br\/mundo\/na-onu-trump-critica-onu-encontro-lula\/\">Gazeta do Povo<\/a><\/strong><\/p>\n","protected":false},"excerpt":{"rendered":"<p>O presidente dos EUA, Donald Trump, discursa durante o Debate Geral da 80.\u00aa sess\u00e3o da Assembleia Geral da ONU Por Isabella de Paula O presidente dos Estados Unidos, Donald Trump, discursou por quase uma hora na 80.\u00aa reuni\u00e3o da Assembleia Geral da ONU nesta ter\u00e7a-feira (23), logo ap\u00f3s o tradicional discurso do Brasil, que foi [&hellip;]<\/p>\n","protected":false},"author":2,"featured_media":62117,"comment_status":"open","ping_status":"open","sticky":false,"template":"","format":"standard","meta":{"footnotes":""},"categories":[41],"tags":[597,2147,159,7580,648,2516],"class_list":["post-62116","post","type-post","status-publish","format-standard","has-post-thumbnail","hentry","category-internacional","tag-brasil","tag-donald-trump","tag-eua","tag-lula","tag-onu","tag-palestina"],"yoast_head":"<!-- This site is optimized with the Yoast SEO plugin v26.5 - https:\/\/yoast.com\/wordpress\/plugins\/seo\/ -->\n<title>Trump diz que Brasil \u201cvai muito mal\u201d, mas cita \u201cqu\u00edmica\u201d e sinaliza encontro com Lula - Jornal Fatos e Not\u00edcias<\/title>\n<meta name=\"robots\" content=\"index, follow, max-snippet:-1, max-image-preview:large, max-video-preview:-1\" \/>\n<link rel=\"canonical\" href=\"https:\/\/jornalfatosenoticias.com.br\/index.php\/2025\/09\/23\/trump-diz-que-brasil-vai-muito-mal-mas-cita-quimica-e-sinaliza-encontro-com-lula\/\" \/>\n<meta property=\"og:locale\" content=\"pt_BR\" \/>\n<meta property=\"og:type\" content=\"article\" \/>\n<meta property=\"og:title\" content=\"Trump diz que Brasil \u201cvai muito mal\u201d, mas cita \u201cqu\u00edmica\u201d e sinaliza encontro com Lula - Jornal Fatos e Not\u00edcias\" \/>\n<meta property=\"og:description\" content=\"O presidente dos EUA, Donald Trump, discursa durante o Debate Geral da 80.\u00aa sess\u00e3o da Assembleia Geral da ONU Por Isabella de Paula O presidente dos Estados Unidos, Donald Trump, discursou por quase uma hora na 80.\u00aa reuni\u00e3o da Assembleia Geral da ONU nesta ter\u00e7a-feira (23), logo ap\u00f3s o tradicional discurso do Brasil, que foi [&hellip;]\" \/>\n<meta property=\"og:url\" content=\"https:\/\/jornalfatosenoticias.com.br\/index.php\/2025\/09\/23\/trump-diz-que-brasil-vai-muito-mal-mas-cita-quimica-e-sinaliza-encontro-com-lula\/\" \/>\n<meta property=\"og:site_name\" content=\"Jornal Fatos e Not\u00edcias\" \/>\n<meta property=\"article:published_time\" content=\"2025-09-23T17:34:12+00:00\" \/>\n<meta property=\"article:modified_time\" content=\"2025-09-23T17:34:14+00:00\" \/>\n<meta property=\"og:image\" content=\"https:\/\/jornalfatosenoticias.com.br\/wp-content\/uploads\/2025\/09\/Trump-discursa-na-ONU_gettyimages.jpg\" \/>\n\t<meta property=\"og:image:width\" content=\"612\" \/>\n\t<meta property=\"og:image:height\" content=\"408\" \/>\n\t<meta property=\"og:image:type\" content=\"image\/jpeg\" \/>\n<meta name=\"author\" content=\"Luzimara Fernandes\" \/>\n<meta name=\"twitter:card\" content=\"summary_large_image\" \/>\n<meta name=\"twitter:label1\" content=\"Escrito por\" \/>\n\t<meta name=\"twitter:data1\" content=\"Luzimara Fernandes\" \/>\n\t<meta name=\"twitter:label2\" content=\"Est. tempo de leitura\" \/>\n\t<meta name=\"twitter:data2\" content=\"4 minutos\" \/>\n<script type=\"application\/ld+json\" class=\"yoast-schema-graph\">{\"@context\":\"https:\/\/schema.org\",\"@graph\":[{\"@type\":\"Article\",\"@id\":\"https:\/\/jornalfatosenoticias.com.br\/index.php\/2025\/09\/23\/trump-diz-que-brasil-vai-muito-mal-mas-cita-quimica-e-sinaliza-encontro-com-lula\/#article\",\"isPartOf\":{\"@id\":\"https:\/\/jornalfatosenoticias.com.br\/index.php\/2025\/09\/23\/trump-diz-que-brasil-vai-muito-mal-mas-cita-quimica-e-sinaliza-encontro-com-lula\/\"},\"author\":{\"name\":\"Luzimara Fernandes\",\"@id\":\"https:\/\/jornalfatosenoticias.com.br\/#\/schema\/person\/d63837fa13ac8666eb9e74e0985d6f81\"},\"headline\":\"Trump diz que Brasil \u201cvai muito mal\u201d, mas cita \u201cqu\u00edmica\u201d e sinaliza encontro com Lula\",\"datePublished\":\"2025-09-23T17:34:12+00:00\",\"dateModified\":\"2025-09-23T17:34:14+00:00\",\"mainEntityOfPage\":{\"@id\":\"https:\/\/jornalfatosenoticias.com.br\/index.php\/2025\/09\/23\/trump-diz-que-brasil-vai-muito-mal-mas-cita-quimica-e-sinaliza-encontro-com-lula\/\"},\"wordCount\":867,\"commentCount\":0,\"publisher\":{\"@id\":\"https:\/\/jornalfatosenoticias.com.br\/#organization\"},\"image\":{\"@id\":\"https:\/\/jornalfatosenoticias.com.br\/index.php\/2025\/09\/23\/trump-diz-que-brasil-vai-muito-mal-mas-cita-quimica-e-sinaliza-encontro-com-lula\/#primaryimage\"},\"thumbnailUrl\":\"https:\/\/jornalfatosenoticias.com.br\/wp-content\/uploads\/2025\/09\/Trump-discursa-na-ONU_gettyimages.jpg\",\"keywords\":[\"Brasil\",\"Donald Trump\",\"EUA\",\"Lula\",\"ONU\",\"Palestina\"],\"articleSection\":[\"Internacional\"],\"inLanguage\":\"pt-BR\",\"potentialAction\":[{\"@type\":\"CommentAction\",\"name\":\"Comment\",\"target\":[\"https:\/\/jornalfatosenoticias.com.br\/index.php\/2025\/09\/23\/trump-diz-que-brasil-vai-muito-mal-mas-cita-quimica-e-sinaliza-encontro-com-lula\/#respond\"]}]},{\"@type\":\"WebPage\",\"@id\":\"https:\/\/jornalfatosenoticias.com.br\/index.php\/2025\/09\/23\/trump-diz-que-brasil-vai-muito-mal-mas-cita-quimica-e-sinaliza-encontro-com-lula\/\",\"url\":\"https:\/\/jornalfatosenoticias.com.br\/index.php\/2025\/09\/23\/trump-diz-que-brasil-vai-muito-mal-mas-cita-quimica-e-sinaliza-encontro-com-lula\/\",\"name\":\"Trump diz que Brasil \u201cvai muito mal\u201d, mas cita \u201cqu\u00edmica\u201d e sinaliza encontro com Lula - Jornal Fatos e Not\u00edcias\",\"isPartOf\":{\"@id\":\"https:\/\/jornalfatosenoticias.com.br\/#website\"},\"primaryImageOfPage\":{\"@id\":\"https:\/\/jornalfatosenoticias.com.br\/index.php\/2025\/09\/23\/trump-diz-que-brasil-vai-muito-mal-mas-cita-quimica-e-sinaliza-encontro-com-lula\/#primaryimage\"},\"image\":{\"@id\":\"https:\/\/jornalfatosenoticias.com.br\/index.php\/2025\/09\/23\/trump-diz-que-brasil-vai-muito-mal-mas-cita-quimica-e-sinaliza-encontro-com-lula\/#primaryimage\"},\"thumbnailUrl\":\"https:\/\/jornalfatosenoticias.com.br\/wp-content\/uploads\/2025\/09\/Trump-discursa-na-ONU_gettyimages.jpg\",\"datePublished\":\"2025-09-23T17:34:12+00:00\",\"dateModified\":\"2025-09-23T17:34:14+00:00\",\"breadcrumb\":{\"@id\":\"https:\/\/jornalfatosenoticias.com.br\/index.php\/2025\/09\/23\/trump-diz-que-brasil-vai-muito-mal-mas-cita-quimica-e-sinaliza-encontro-com-lula\/#breadcrumb\"},\"inLanguage\":\"pt-BR\",\"potentialAction\":[{\"@type\":\"ReadAction\",\"target\":[\"https:\/\/jornalfatosenoticias.com.br\/index.php\/2025\/09\/23\/trump-diz-que-brasil-vai-muito-mal-mas-cita-quimica-e-sinaliza-encontro-com-lula\/\"]}]},{\"@type\":\"ImageObject\",\"inLanguage\":\"pt-BR\",\"@id\":\"https:\/\/jornalfatosenoticias.com.br\/index.php\/2025\/09\/23\/trump-diz-que-brasil-vai-muito-mal-mas-cita-quimica-e-sinaliza-encontro-com-lula\/#primaryimage\",\"url\":\"https:\/\/jornalfatosenoticias.com.br\/wp-content\/uploads\/2025\/09\/Trump-discursa-na-ONU_gettyimages.jpg\",\"contentUrl\":\"https:\/\/jornalfatosenoticias.com.br\/wp-content\/uploads\/2025\/09\/Trump-discursa-na-ONU_gettyimages.jpg\",\"width\":612,\"height\":408,\"caption\":\"NEW YORK, NEW YORK - SEPTEMBER 23: U.S. President Donald Trump speaks during the United Nations General Assembly (UNGA) at the United Nations headquarters on September 23, 2025 in New York City. World leaders convened for the 80th Session of UNGA, with this year\u2019s theme for the annual global meeting being \u201cBetter together: 80 years and more for peace, development and human rights.\u201d (Photo by Michael M. Santiago\/Getty Images)\"},{\"@type\":\"BreadcrumbList\",\"@id\":\"https:\/\/jornalfatosenoticias.com.br\/index.php\/2025\/09\/23\/trump-diz-que-brasil-vai-muito-mal-mas-cita-quimica-e-sinaliza-encontro-com-lula\/#breadcrumb\",\"itemListElement\":[{\"@type\":\"ListItem\",\"position\":1,\"name\":\"In\u00edcio\",\"item\":\"https:\/\/jornalfatosenoticias.com.br\/\"},{\"@type\":\"ListItem\",\"position\":2,\"name\":\"Trump diz que Brasil \u201cvai muito mal\u201d, mas cita \u201cqu\u00edmica\u201d e sinaliza encontro com Lula\"}]},{\"@type\":\"WebSite\",\"@id\":\"https:\/\/jornalfatosenoticias.com.br\/#website\",\"url\":\"https:\/\/jornalfatosenoticias.com.br\/\",\"name\":\"Jornal Fatos e Not\u00edcias\",\"description\":\"Not\u00edcias em geral\",\"publisher\":{\"@id\":\"https:\/\/jornalfatosenoticias.com.br\/#organization\"},\"potentialAction\":[{\"@type\":\"SearchAction\",\"target\":{\"@type\":\"EntryPoint\",\"urlTemplate\":\"https:\/\/jornalfatosenoticias.com.br\/?s={search_term_string}\"},\"query-input\":{\"@type\":\"PropertyValueSpecification\",\"valueRequired\":true,\"valueName\":\"search_term_string\"}}],\"inLanguage\":\"pt-BR\"},{\"@type\":\"Organization\",\"@id\":\"https:\/\/jornalfatosenoticias.com.br\/#organization\",\"name\":\"Jornal Fatos e Not\u00edcias\",\"url\":\"https:\/\/jornalfatosenoticias.com.br\/\",\"logo\":{\"@type\":\"ImageObject\",\"inLanguage\":\"pt-BR\",\"@id\":\"https:\/\/jornalfatosenoticias.com.br\/#\/schema\/logo\/image\/\",\"url\":\"https:\/\/jornalfatosenoticias.com.br\/wp-content\/uploads\/2020\/02\/logo120.png\",\"contentUrl\":\"https:\/\/jornalfatosenoticias.com.br\/wp-content\/uploads\/2020\/02\/logo120.png\",\"width\":1227,\"height\":120,\"caption\":\"Jornal Fatos e Not\u00edcias\"},\"image\":{\"@id\":\"https:\/\/jornalfatosenoticias.com.br\/#\/schema\/logo\/image\/\"}},{\"@type\":\"Person\",\"@id\":\"https:\/\/jornalfatosenoticias.com.br\/#\/schema\/person\/d63837fa13ac8666eb9e74e0985d6f81\",\"name\":\"Luzimara Fernandes\",\"image\":{\"@type\":\"ImageObject\",\"inLanguage\":\"pt-BR\",\"@id\":\"https:\/\/jornalfatosenoticias.com.br\/#\/schema\/person\/image\/\",\"url\":\"https:\/\/jornalfatosenoticias.com.br\/wp-content\/uploads\/2025\/05\/EU_portal.jpg\",\"contentUrl\":\"https:\/\/jornalfatosenoticias.com.br\/wp-content\/uploads\/2025\/05\/EU_portal.jpg\",\"caption\":\"Luzimara Fernandes\"},\"description\":\"Jornalista MTB 2358-ES\",\"sameAs\":[\"https:\/\/jornalfatosenoticias.com.br\"],\"url\":\"https:\/\/jornalfatosenoticias.com.br\/index.php\/author\/luzimara\/\"}]}<\/script>\n<!-- \/ Yoast SEO plugin. -->","yoast_head_json":{"title":"Trump diz que Brasil \u201cvai muito mal\u201d, mas cita \u201cqu\u00edmica\u201d e sinaliza encontro com Lula - Jornal Fatos e Not\u00edcias","robots":{"index":"index","follow":"follow","max-snippet":"max-snippet:-1","max-image-preview":"max-image-preview:large","max-video-preview":"max-video-preview:-1"},"canonical":"https:\/\/jornalfatosenoticias.com.br\/index.php\/2025\/09\/23\/trump-diz-que-brasil-vai-muito-mal-mas-cita-quimica-e-sinaliza-encontro-com-lula\/","og_locale":"pt_BR","og_type":"article","og_title":"Trump diz que Brasil \u201cvai muito mal\u201d, mas cita \u201cqu\u00edmica\u201d e sinaliza encontro com Lula - Jornal Fatos e Not\u00edcias","og_description":"O presidente dos EUA, Donald Trump, discursa durante o Debate Geral da 80.\u00aa sess\u00e3o da Assembleia Geral da ONU Por Isabella de Paula O presidente dos Estados Unidos, Donald Trump, discursou por quase uma hora na 80.\u00aa reuni\u00e3o da Assembleia Geral da ONU nesta ter\u00e7a-feira (23), logo ap\u00f3s o tradicional discurso do Brasil, que foi [&hellip;]","og_url":"https:\/\/jornalfatosenoticias.com.br\/index.php\/2025\/09\/23\/trump-diz-que-brasil-vai-muito-mal-mas-cita-quimica-e-sinaliza-encontro-com-lula\/","og_site_name":"Jornal Fatos e Not\u00edcias","article_published_time":"2025-09-23T17:34:12+00:00","article_modified_time":"2025-09-23T17:34:14+00:00","og_image":[{"width":612,"height":408,"url":"https:\/\/jornalfatosenoticias.com.br\/wp-content\/uploads\/2025\/09\/Trump-discursa-na-ONU_gettyimages.jpg","type":"image\/jpeg"}],"author":"Luzimara Fernandes","twitter_card":"summary_large_image","twitter_misc":{"Escrito por":"Luzimara Fernandes","Est. tempo de leitura":"4 minutos"},"schema":{"@context":"https:\/\/schema.org","@graph":[{"@type":"Article","@id":"https:\/\/jornalfatosenoticias.com.br\/index.php\/2025\/09\/23\/trump-diz-que-brasil-vai-muito-mal-mas-cita-quimica-e-sinaliza-encontro-com-lula\/#article","isPartOf":{"@id":"https:\/\/jornalfatosenoticias.com.br\/index.php\/2025\/09\/23\/trump-diz-que-brasil-vai-muito-mal-mas-cita-quimica-e-sinaliza-encontro-com-lula\/"},"author":{"name":"Luzimara Fernandes","@id":"https:\/\/jornalfatosenoticias.com.br\/#\/schema\/person\/d63837fa13ac8666eb9e74e0985d6f81"},"headline":"Trump diz que Brasil \u201cvai muito mal\u201d, mas cita \u201cqu\u00edmica\u201d e sinaliza encontro com Lula","datePublished":"2025-09-23T17:34:12+00:00","dateModified":"2025-09-23T17:34:14+00:00","mainEntityOfPage":{"@id":"https:\/\/jornalfatosenoticias.com.br\/index.php\/2025\/09\/23\/trump-diz-que-brasil-vai-muito-mal-mas-cita-quimica-e-sinaliza-encontro-com-lula\/"},"wordCount":867,"commentCount":0,"publisher":{"@id":"https:\/\/jornalfatosenoticias.com.br\/#organization"},"image":{"@id":"https:\/\/jornalfatosenoticias.com.br\/index.php\/2025\/09\/23\/trump-diz-que-brasil-vai-muito-mal-mas-cita-quimica-e-sinaliza-encontro-com-lula\/#primaryimage"},"thumbnailUrl":"https:\/\/jornalfatosenoticias.com.br\/wp-content\/uploads\/2025\/09\/Trump-discursa-na-ONU_gettyimages.jpg","keywords":["Brasil","Donald Trump","EUA","Lula","ONU","Palestina"],"articleSection":["Internacional"],"inLanguage":"pt-BR","potentialAction":[{"@type":"CommentAction","name":"Comment","target":["https:\/\/jornalfatosenoticias.com.br\/index.php\/2025\/09\/23\/trump-diz-que-brasil-vai-muito-mal-mas-cita-quimica-e-sinaliza-encontro-com-lula\/#respond"]}]},{"@type":"WebPage","@id":"https:\/\/jornalfatosenoticias.com.br\/index.php\/2025\/09\/23\/trump-diz-que-brasil-vai-muito-mal-mas-cita-quimica-e-sinaliza-encontro-com-lula\/","url":"https:\/\/jornalfatosenoticias.com.br\/index.php\/2025\/09\/23\/trump-diz-que-brasil-vai-muito-mal-mas-cita-quimica-e-sinaliza-encontro-com-lula\/","name":"Trump diz que Brasil \u201cvai muito mal\u201d, mas cita \u201cqu\u00edmica\u201d e sinaliza encontro com Lula - Jornal Fatos e Not\u00edcias","isPartOf":{"@id":"https:\/\/jornalfatosenoticias.com.br\/#website"},"primaryImageOfPage":{"@id":"https:\/\/jornalfatosenoticias.com.br\/index.php\/2025\/09\/23\/trump-diz-que-brasil-vai-muito-mal-mas-cita-quimica-e-sinaliza-encontro-com-lula\/#primaryimage"},"image":{"@id":"https:\/\/jornalfatosenoticias.com.br\/index.php\/2025\/09\/23\/trump-diz-que-brasil-vai-muito-mal-mas-cita-quimica-e-sinaliza-encontro-com-lula\/#primaryimage"},"thumbnailUrl":"https:\/\/jornalfatosenoticias.com.br\/wp-content\/uploads\/2025\/09\/Trump-discursa-na-ONU_gettyimages.jpg","datePublished":"2025-09-23T17:34:12+00:00","dateModified":"2025-09-23T17:34:14+00:00","breadcrumb":{"@id":"https:\/\/jornalfatosenoticias.com.br\/index.php\/2025\/09\/23\/trump-diz-que-brasil-vai-muito-mal-mas-cita-quimica-e-sinaliza-encontro-com-lula\/#breadcrumb"},"inLanguage":"pt-BR","potentialAction":[{"@type":"ReadAction","target":["https:\/\/jornalfatosenoticias.com.br\/index.php\/2025\/09\/23\/trump-diz-que-brasil-vai-muito-mal-mas-cita-quimica-e-sinaliza-encontro-com-lula\/"]}]},{"@type":"ImageObject","inLanguage":"pt-BR","@id":"https:\/\/jornalfatosenoticias.com.br\/index.php\/2025\/09\/23\/trump-diz-que-brasil-vai-muito-mal-mas-cita-quimica-e-sinaliza-encontro-com-lula\/#primaryimage","url":"https:\/\/jornalfatosenoticias.com.br\/wp-content\/uploads\/2025\/09\/Trump-discursa-na-ONU_gettyimages.jpg","contentUrl":"https:\/\/jornalfatosenoticias.com.br\/wp-content\/uploads\/2025\/09\/Trump-discursa-na-ONU_gettyimages.jpg","width":612,"height":408,"caption":"NEW YORK, NEW YORK - SEPTEMBER 23: U.S. President Donald Trump speaks during the United Nations General Assembly (UNGA) at the United Nations headquarters on September 23, 2025 in New York City. World leaders convened for the 80th Session of UNGA, with this year\u2019s theme for the annual global meeting being \u201cBetter together: 80 years and more for peace, development and human rights.\u201d (Photo by Michael M. Santiago\/Getty Images)"},{"@type":"BreadcrumbList","@id":"https:\/\/jornalfatosenoticias.com.br\/index.php\/2025\/09\/23\/trump-diz-que-brasil-vai-muito-mal-mas-cita-quimica-e-sinaliza-encontro-com-lula\/#breadcrumb","itemListElement":[{"@type":"ListItem","position":1,"name":"In\u00edcio","item":"https:\/\/jornalfatosenoticias.com.br\/"},{"@type":"ListItem","position":2,"name":"Trump diz que Brasil \u201cvai muito mal\u201d, mas cita \u201cqu\u00edmica\u201d e sinaliza encontro com Lula"}]},{"@type":"WebSite","@id":"https:\/\/jornalfatosenoticias.com.br\/#website","url":"https:\/\/jornalfatosenoticias.com.br\/","name":"Jornal Fatos e Not\u00edcias","description":"Not\u00edcias em geral","publisher":{"@id":"https:\/\/jornalfatosenoticias.com.br\/#organization"},"potentialAction":[{"@type":"SearchAction","target":{"@type":"EntryPoint","urlTemplate":"https:\/\/jornalfatosenoticias.com.br\/?s={search_term_string}"},"query-input":{"@type":"PropertyValueSpecification","valueRequired":true,"valueName":"search_term_string"}}],"inLanguage":"pt-BR"},{"@type":"Organization","@id":"https:\/\/jornalfatosenoticias.com.br\/#organization","name":"Jornal Fatos e Not\u00edcias","url":"https:\/\/jornalfatosenoticias.com.br\/","logo":{"@type":"ImageObject","inLanguage":"pt-BR","@id":"https:\/\/jornalfatosenoticias.com.br\/#\/schema\/logo\/image\/","url":"https:\/\/jornalfatosenoticias.com.br\/wp-content\/uploads\/2020\/02\/logo120.png","contentUrl":"https:\/\/jornalfatosenoticias.com.br\/wp-content\/uploads\/2020\/02\/logo120.png","width":1227,"height":120,"caption":"Jornal Fatos e Not\u00edcias"},"image":{"@id":"https:\/\/jornalfatosenoticias.com.br\/#\/schema\/logo\/image\/"}},{"@type":"Person","@id":"https:\/\/jornalfatosenoticias.com.br\/#\/schema\/person\/d63837fa13ac8666eb9e74e0985d6f81","name":"Luzimara Fernandes","image":{"@type":"ImageObject","inLanguage":"pt-BR","@id":"https:\/\/jornalfatosenoticias.com.br\/#\/schema\/person\/image\/","url":"https:\/\/jornalfatosenoticias.com.br\/wp-content\/uploads\/2025\/05\/EU_portal.jpg","contentUrl":"https:\/\/jornalfatosenoticias.com.br\/wp-content\/uploads\/2025\/05\/EU_portal.jpg","caption":"Luzimara Fernandes"},"description":"Jornalista MTB 2358-ES","sameAs":["https:\/\/jornalfatosenoticias.com.br"],"url":"https:\/\/jornalfatosenoticias.com.br\/index.php\/author\/luzimara\/"}]}},"cc_featured_image_caption":{"caption_text":"(Foto: Getty Images)","source_text":"","source_url":""},"jetpack_featured_media_url":"https:\/\/jornalfatosenoticias.com.br\/wp-content\/uploads\/2025\/09\/Trump-discursa-na-ONU_gettyimages.jpg","_links":{"self":[{"href":"https:\/\/jornalfatosenoticias.com.br\/index.php\/wp-json\/wp\/v2\/posts\/62116","targetHints":{"allow":["GET"]}}],"collection":[{"href":"https:\/\/jornalfatosenoticias.com.br\/index.php\/wp-json\/wp\/v2\/posts"}],"about":[{"href":"https:\/\/jornalfatosenoticias.com.br\/index.php\/wp-json\/wp\/v2\/types\/post"}],"author":[{"embeddable":true,"href":"https:\/\/jornalfatosenoticias.com.br\/index.php\/wp-json\/wp\/v2\/users\/2"}],"replies":[{"embeddable":true,"href":"https:\/\/jornalfatosenoticias.com.br\/index.php\/wp-json\/wp\/v2\/comments?post=62116"}],"version-history":[{"count":0,"href":"https:\/\/jornalfatosenoticias.com.br\/index.php\/wp-json\/wp\/v2\/posts\/62116\/revisions"}],"wp:featuredmedia":[{"embeddable":true,"href":"https:\/\/jornalfatosenoticias.com.br\/index.php\/wp-json\/wp\/v2\/media\/62117"}],"wp:attachment":[{"href":"https:\/\/jornalfatosenoticias.com.br\/index.php\/wp-json\/wp\/v2\/media?parent=62116"}],"wp:term":[{"taxonomy":"category","embeddable":true,"href":"https:\/\/jornalfatosenoticias.com.br\/index.php\/wp-json\/wp\/v2\/categories?post=62116"},{"taxonomy":"post_tag","embeddable":true,"href":"https:\/\/jornalfatosenoticias.com.br\/index.php\/wp-json\/wp\/v2\/tags?post=62116"}],"curies":[{"name":"wp","href":"https:\/\/api.w.org\/{rel}","templated":true}]}}