{"id":62134,"date":"2025-09-25T19:14:21","date_gmt":"2025-09-25T22:14:21","guid":{"rendered":"https:\/\/jornalfatosenoticias.com.br\/?p=62134"},"modified":"2025-09-25T19:14:22","modified_gmt":"2025-09-25T22:14:22","slug":"entre-o-caos-e-a-calma-com-monja-coen","status":"publish","type":"post","link":"https:\/\/jornalfatosenoticias.com.br\/index.php\/2025\/09\/25\/entre-o-caos-e-a-calma-com-monja-coen\/","title":{"rendered":"Entre o caos e a calma, com Monja Coen"},"content":{"rendered":"\n<p><em><span class=\"has-inline-color has-black-color\">Monja palestrou em Vit\u00f3ria nesta quarta (24), no Vit\u00f3ria Grand Hall, com tema sobre equil\u00edbrio entre caos e calma<\/span><\/em><\/p>\n\n\n\n<div class=\"wp-block-image\"><figure class=\"aligncenter size-large\"><a href=\"https:\/\/www.instagram.com\/rcradiadores\/\"><img loading=\"lazy\" decoding=\"async\" width=\"560\" height=\"60\" src=\"https:\/\/jornalfatosenoticias.com.br\/wp-content\/uploads\/2022\/10\/Propaganda-RC-Radiadores-Jornal_page-0001.jpg\" alt=\"\" class=\"wp-image-35270\" srcset=\"https:\/\/jornalfatosenoticias.com.br\/wp-content\/uploads\/2022\/10\/Propaganda-RC-Radiadores-Jornal_page-0001.jpg 560w, https:\/\/jornalfatosenoticias.com.br\/wp-content\/uploads\/2022\/10\/Propaganda-RC-Radiadores-Jornal_page-0001-300x32.jpg 300w\" sizes=\"auto, (max-width: 560px) 100vw, 560px\" \/><\/a><\/figure><\/div>\n\n\n\n<p>Ontem, 24 de setembro, vivi uma experi\u00eancia que ainda pulsa em mim. Fui \u00e0 palestra da Monja Coen \u2014 <em>Entre o caos e a calma: como cultivar o equil\u00edbrio,<\/em> organizada pela Seven \u2014 e sa\u00ed de l\u00e1 com o cora\u00e7\u00e3o mais leve, a mente mais clara e uma certeza \u00edntima: a verdadeira disciplina nasce de dentro e floresce como liberdade.<br>Monja Coen tem o dom raro de traduzir a complexidade da vida em palavras simples, quase brincando com a l\u00edngua para revelar a alma. Ela disse, por exemplo, que <em>\u201cCaos n\u00e3o tem plural. Caos \u00e9 bagun\u00e7a\u201d. <\/em>E que estamos muitas vezes <em>\u201cem um lugar pensando em outro, quando dever\u00edamos estar exatamente no lugar em que estamos para fazer a diferen\u00e7a no agora\u201d.<\/em><\/p>\n\n\n\n<div class=\"wp-block-image\"><figure class=\"aligncenter size-large is-resized\"><a href=\"https:\/\/www.facebook.com\/postobkr\/?locale=pt_BR\"><img loading=\"lazy\" decoding=\"async\" src=\"https:\/\/jornalfatosenoticias.com.br\/wp-content\/uploads\/2023\/08\/BKR-1024x1021.jpg\" alt=\"\" class=\"wp-image-44494\" width=\"299\" height=\"298\" srcset=\"https:\/\/jornalfatosenoticias.com.br\/wp-content\/uploads\/2023\/08\/BKR-1024x1021.jpg 1024w, https:\/\/jornalfatosenoticias.com.br\/wp-content\/uploads\/2023\/08\/BKR-300x300.jpg 300w, https:\/\/jornalfatosenoticias.com.br\/wp-content\/uploads\/2023\/08\/BKR-150x150.jpg 150w, https:\/\/jornalfatosenoticias.com.br\/wp-content\/uploads\/2023\/08\/BKR-768x766.jpg 768w, https:\/\/jornalfatosenoticias.com.br\/wp-content\/uploads\/2023\/08\/BKR.jpg 1080w\" sizes=\"auto, (max-width: 299px) 100vw, 299px\" \/><\/a><\/figure><\/div>\n\n\n\n<p>Essas frases ecoam como pequenos sinos: lembretes de que a vida se dissolve quando fugimos do presente. Somos especialistas em projetar o amanh\u00e3, mas esquecemos que \u00e9 apenas no instante de agora que a transforma\u00e7\u00e3o real acontece.<\/p>\n\n\n\n<div class=\"wp-block-image\"><figure class=\"aligncenter size-large is-resized\"><a href=\"https:\/\/www.facebook.com\/vetor.vix\/\"><img loading=\"lazy\" decoding=\"async\" src=\"https:\/\/jornalfatosenoticias.com.br\/wp-content\/uploads\/2023\/09\/vetorvix1024_1.jpg\" alt=\"\" class=\"wp-image-44868\" width=\"569\" height=\"151\" srcset=\"https:\/\/jornalfatosenoticias.com.br\/wp-content\/uploads\/2023\/09\/vetorvix1024_1.jpg 1024w, https:\/\/jornalfatosenoticias.com.br\/wp-content\/uploads\/2023\/09\/vetorvix1024_1-300x80.jpg 300w, https:\/\/jornalfatosenoticias.com.br\/wp-content\/uploads\/2023\/09\/vetorvix1024_1-768x205.jpg 768w\" sizes=\"auto, (max-width: 569px) 100vw, 569px\" \/><\/a><\/figure><\/div>\n\n\n\n<p>Outro momento que me marcou foi quando ela falou sobre burnout: <em>\u201co burnout vem quando voc\u00ea foca em s\u00f3 bater metas profissionais e para os outros e esquece de bater as suas metas pessoais, que te entregam paz, leveza e qualidade de vida\u201d. <\/em>\u00c9 t\u00e3o \u00f3bvio \u2014 e ainda assim t\u00e3o esquecido \u2014 que a vida pede equil\u00edbrio. N\u00e3o \u00e9 fuga das responsabilidades, \u00e9 um convite a nutrir o que nos d\u00e1 sentido.<\/p>\n\n\n\n<div class=\"wp-block-image\"><figure class=\"aligncenter size-large\"><img loading=\"lazy\" decoding=\"async\" width=\"591\" height=\"1000\" src=\"https:\/\/jornalfatosenoticias.com.br\/wp-content\/uploads\/2025\/09\/Monja-Coen.jpeg\" alt=\"\" class=\"wp-image-62135\" srcset=\"https:\/\/jornalfatosenoticias.com.br\/wp-content\/uploads\/2025\/09\/Monja-Coen.jpeg 591w, https:\/\/jornalfatosenoticias.com.br\/wp-content\/uploads\/2025\/09\/Monja-Coen-177x300.jpeg 177w\" sizes=\"auto, (max-width: 591px) 100vw, 591px\" \/><figcaption><em><span class=\"has-inline-color has-black-color\">Monja Coen (Foto: Milena Rohr)<\/span><\/em><\/figcaption><\/figure><\/div>\n\n\n\n<p><strong><span class=\"has-inline-color has-vivid-cyan-blue-color\">O Daruma e o convite ao despertar<br><\/span><\/strong>Levei comigo um <strong>Daruma, <\/strong>o tradicional boneco japon\u00eas que simboliza persist\u00eancia e realiza\u00e7\u00e3o de metas. O ritual \u00e9 simples e poderoso: voc\u00ea pinta um dos olhos quando faz um pedido ou estabelece um objetivo; o outro olho s\u00f3 \u00e9 preenchido quando o desejo se concretiza. Ele \u00e9 um lembrete silencioso de que a jornada \u00e9 t\u00e3o importante quanto a chegada.<\/p>\n\n\n\n<div class=\"wp-block-image\"><figure class=\"aligncenter size-large\"><a href=\"http:\/\/www.ferrarimaquinas.com.br\/\"><img loading=\"lazy\" decoding=\"async\" width=\"300\" height=\"250\" src=\"https:\/\/jornalfatosenoticias.com.br\/wp-content\/uploads\/2022\/02\/FERRARI_MAQUINAS-E-FERRAMENTAS2.jpg\" alt=\"\" class=\"wp-image-27860\"\/><\/a><\/figure><\/div>\n\n\n\n<p>Levei meu <strong>Daruma<\/strong> \u00e0 Monja para que o aben\u00e7oasse. Ela com uma delicadeza quase sagrada, me disse palavras que n\u00e3o foram s\u00f3 para os meus ouvidos, mas para o meu ser. Com um sorriso tranquilo, trouxe a sabedoria que s\u00f3 quem vive com consci\u00eancia do presente consegue compartilhar. Sa\u00ed dali sentindo que algo em mim havia se reorganizado.<\/p>\n\n\n\n<div class=\"wp-block-image\"><figure class=\"aligncenter size-large\"><img loading=\"lazy\" decoding=\"async\" width=\"646\" height=\"1000\" src=\"https:\/\/jornalfatosenoticias.com.br\/wp-content\/uploads\/2025\/09\/Monja-Coen-2.jpeg\" alt=\"\" class=\"wp-image-62136\" srcset=\"https:\/\/jornalfatosenoticias.com.br\/wp-content\/uploads\/2025\/09\/Monja-Coen-2.jpeg 646w, https:\/\/jornalfatosenoticias.com.br\/wp-content\/uploads\/2025\/09\/Monja-Coen-2-194x300.jpeg 194w\" sizes=\"auto, (max-width: 646px) 100vw, 646px\" \/><figcaption><em><span class=\"has-inline-color has-black-color\">Colunista Milena e Monja Coen (Foto: Milena Rohr)<\/span><\/em><\/figcaption><\/figure><\/div>\n\n\n\n<p><strong><span class=\"has-inline-color has-vivid-cyan-blue-color\">Disciplina que liberta<br><\/span><\/strong>Monja Coen nos convida a uma disciplina que n\u00e3o oprime, mas que nos devolve a n\u00f3s mesmos. Quando ela cita as Regras de S\u00e3o Bento \u2014 <em>\u201cN\u00e3o fale mal dos outros\u201d<\/em> \u2014 n\u00e3o \u00e9 moralismo. \u00c9 um convite \u00e0 higiene da mente. Quando lembra que <em>\u201cvoc\u00ea s\u00f3 pode se aposentar do trabalho e n\u00e3o da vida\u201d,<\/em> ela nos mostra que viver \u00e9 um ato cont\u00ednuo de presen\u00e7a e movimento.<\/p>\n\n\n\n<div class=\"wp-block-image\"><figure class=\"aligncenter size-large is-resized\"><a href=\"https:\/\/www.instagram.com\/serra4x4cambioautomatico\/\"><img loading=\"lazy\" decoding=\"async\" src=\"https:\/\/jornalfatosenoticias.com.br\/wp-content\/uploads\/2024\/08\/Serra-4x4-1-886x1024.jpg\" alt=\"\" class=\"wp-image-53632\" width=\"249\" height=\"288\" srcset=\"https:\/\/jornalfatosenoticias.com.br\/wp-content\/uploads\/2024\/08\/Serra-4x4-1-886x1024.jpg 886w, https:\/\/jornalfatosenoticias.com.br\/wp-content\/uploads\/2024\/08\/Serra-4x4-1-260x300.jpg 260w, https:\/\/jornalfatosenoticias.com.br\/wp-content\/uploads\/2024\/08\/Serra-4x4-1-768x888.jpg 768w, https:\/\/jornalfatosenoticias.com.br\/wp-content\/uploads\/2024\/08\/Serra-4x4-1.jpg 1181w\" sizes=\"auto, (max-width: 249px) 100vw, 249px\" \/><\/a><\/figure><\/div>\n\n\n\n<p>Ela nos faz ver que somos como ondas no mar: \u00e0s vezes pequenas, \u00e0s vezes imensas, sempre em mudan\u00e7a. <em>\u201cToda mudan\u00e7a \u00e9 decis\u00e3o\u201d<\/em>, disse, e nesse ponto percebi que disciplina n\u00e3o \u00e9 rigidez: \u00e9 escolha consciente, vez ap\u00f3s vez, em meio ao caos inevit\u00e1vel.<\/p>\n\n\n\n<div class=\"wp-block-image\"><figure class=\"aligncenter size-large is-resized\"><a href=\"https:\/\/www.instagram.com\/gruposei\/\"><img loading=\"lazy\" decoding=\"async\" src=\"https:\/\/jornalfatosenoticias.com.br\/wp-content\/uploads\/2022\/07\/Logo-Grupo-SEI.jpg\" alt=\"\" class=\"wp-image-31973\" width=\"366\" height=\"192\" srcset=\"https:\/\/jornalfatosenoticias.com.br\/wp-content\/uploads\/2022\/07\/Logo-Grupo-SEI.jpg 713w, https:\/\/jornalfatosenoticias.com.br\/wp-content\/uploads\/2022\/07\/Logo-Grupo-SEI-300x158.jpg 300w\" sizes=\"auto, (max-width: 366px) 100vw, 366px\" \/><\/a><\/figure><\/div>\n\n\n\n<p>No final, entendi que ser feliz \u00e9 poss\u00edvel n\u00e3o porque a vida se torna perfeita, mas porque aprendemos a olhar \u2014 com a<em> \u201cc\u00e2mera de foto com \u00e2ngulo angular\u201d<\/em> que ela descreveu \u2014 e perceber a amplitude do que j\u00e1 existe, aqui e agora. Sa\u00ed da palestra como quem respira depois de uma longa apneia. Renovada, grata e com o Daruma \u00e0 minha frente, um olho pintado, o outro \u00e0 espera. A disciplina que me propus \u00e9 simples: permanecer presente, cultivar o equil\u00edbrio e lembrar, todos os dias, que a verdadeira liberdade nasce do compromisso com o momento. Que possamos, cada um de n\u00f3s, aprender a ser excelentes n\u00e3o para os outros, mas por amor ao que fazemos \u2014 e a quem somos.<\/p>\n\n\n\n<div class=\"wp-block-image\"><figure class=\"aligncenter size-large is-resized\"><a href=\"https:\/\/legisjuris.com.br\/\"><img loading=\"lazy\" decoding=\"async\" src=\"https:\/\/jornalfatosenoticias.com.br\/wp-content\/uploads\/2024\/09\/Legis-Juris-Consultoria_logo.jpg\" alt=\"\" class=\"wp-image-53915\" width=\"513\" height=\"215\" srcset=\"https:\/\/jornalfatosenoticias.com.br\/wp-content\/uploads\/2024\/09\/Legis-Juris-Consultoria_logo.jpg 969w, https:\/\/jornalfatosenoticias.com.br\/wp-content\/uploads\/2024\/09\/Legis-Juris-Consultoria_logo-300x126.jpg 300w, https:\/\/jornalfatosenoticias.com.br\/wp-content\/uploads\/2024\/09\/Legis-Juris-Consultoria_logo-768x322.jpg 768w\" sizes=\"auto, (max-width: 513px) 100vw, 513px\" \/><\/a><\/figure><\/div>\n","protected":false},"excerpt":{"rendered":"<p>Monja palestrou em Vit\u00f3ria nesta quarta (24), no Vit\u00f3ria Grand Hall, com tema sobre equil\u00edbrio entre caos e calma Ontem, 24 de setembro, vivi uma experi\u00eancia que ainda pulsa em mim. Fui \u00e0 palestra da Monja Coen \u2014 Entre o caos e a calma: como cultivar o equil\u00edbrio, organizada pela Seven \u2014 e sa\u00ed de [&hellip;]<\/p>\n","protected":false},"author":37,"featured_media":62137,"comment_status":"open","ping_status":"open","sticky":false,"template":"","format":"standard","meta":{"footnotes":""},"categories":[5],"tags":[23427,8189,28335,386,28334,28333,19667,882],"class_list":["post-62134","post","type-post","status-publish","format-standard","has-post-thumbnail","hentry","category-geral","tag-calma","tag-caos","tag-daruma","tag-equilibrio","tag-monja","tag-monja-coen","tag-palestra","tag-vitoria"],"yoast_head":"<!-- This site is optimized with the Yoast SEO plugin v26.5 - https:\/\/yoast.com\/wordpress\/plugins\/seo\/ -->\n<title>Entre o caos e a calma, com Monja Coen - Jornal Fatos e Not\u00edcias<\/title>\n<meta name=\"robots\" content=\"index, follow, max-snippet:-1, max-image-preview:large, max-video-preview:-1\" \/>\n<link rel=\"canonical\" href=\"https:\/\/jornalfatosenoticias.com.br\/index.php\/2025\/09\/25\/entre-o-caos-e-a-calma-com-monja-coen\/\" \/>\n<meta property=\"og:locale\" content=\"pt_BR\" \/>\n<meta property=\"og:type\" content=\"article\" \/>\n<meta property=\"og:title\" content=\"Entre o caos e a calma, com Monja Coen - Jornal Fatos e Not\u00edcias\" \/>\n<meta property=\"og:description\" content=\"Monja palestrou em Vit\u00f3ria nesta quarta (24), no Vit\u00f3ria Grand Hall, com tema sobre equil\u00edbrio entre caos e calma Ontem, 24 de setembro, vivi uma experi\u00eancia que ainda pulsa em mim. Fui \u00e0 palestra da Monja Coen \u2014 Entre o caos e a calma: como cultivar o equil\u00edbrio, organizada pela Seven \u2014 e sa\u00ed de [&hellip;]\" \/>\n<meta property=\"og:url\" content=\"https:\/\/jornalfatosenoticias.com.br\/index.php\/2025\/09\/25\/entre-o-caos-e-a-calma-com-monja-coen\/\" \/>\n<meta property=\"og:site_name\" content=\"Jornal Fatos e Not\u00edcias\" \/>\n<meta property=\"article:published_time\" content=\"2025-09-25T22:14:21+00:00\" \/>\n<meta property=\"article:modified_time\" content=\"2025-09-25T22:14:22+00:00\" \/>\n<meta property=\"og:image\" content=\"https:\/\/jornalfatosenoticias.com.br\/wp-content\/uploads\/2025\/09\/Monja-Coen_capa.jpg\" \/>\n\t<meta property=\"og:image:width\" content=\"874\" \/>\n\t<meta property=\"og:image:height\" content=\"635\" \/>\n\t<meta property=\"og:image:type\" content=\"image\/jpeg\" \/>\n<meta name=\"author\" content=\"Milena Rohr\" \/>\n<meta name=\"twitter:card\" content=\"summary_large_image\" \/>\n<meta name=\"twitter:label1\" content=\"Escrito por\" \/>\n\t<meta name=\"twitter:data1\" content=\"Milena Rohr\" \/>\n\t<meta name=\"twitter:label2\" content=\"Est. tempo de leitura\" \/>\n\t<meta name=\"twitter:data2\" content=\"3 minutos\" \/>\n<script type=\"application\/ld+json\" class=\"yoast-schema-graph\">{\"@context\":\"https:\/\/schema.org\",\"@graph\":[{\"@type\":\"Article\",\"@id\":\"https:\/\/jornalfatosenoticias.com.br\/index.php\/2025\/09\/25\/entre-o-caos-e-a-calma-com-monja-coen\/#article\",\"isPartOf\":{\"@id\":\"https:\/\/jornalfatosenoticias.com.br\/index.php\/2025\/09\/25\/entre-o-caos-e-a-calma-com-monja-coen\/\"},\"author\":{\"name\":\"Milena Rohr\",\"@id\":\"https:\/\/jornalfatosenoticias.com.br\/#\/schema\/person\/bd76a40517f387e41cc072b0d3c7d627\"},\"headline\":\"Entre o caos e a calma, com Monja Coen\",\"datePublished\":\"2025-09-25T22:14:21+00:00\",\"dateModified\":\"2025-09-25T22:14:22+00:00\",\"mainEntityOfPage\":{\"@id\":\"https:\/\/jornalfatosenoticias.com.br\/index.php\/2025\/09\/25\/entre-o-caos-e-a-calma-com-monja-coen\/\"},\"wordCount\":647,\"commentCount\":0,\"publisher\":{\"@id\":\"https:\/\/jornalfatosenoticias.com.br\/#organization\"},\"image\":{\"@id\":\"https:\/\/jornalfatosenoticias.com.br\/index.php\/2025\/09\/25\/entre-o-caos-e-a-calma-com-monja-coen\/#primaryimage\"},\"thumbnailUrl\":\"https:\/\/jornalfatosenoticias.com.br\/wp-content\/uploads\/2025\/09\/Monja-Coen_capa.jpg\",\"keywords\":[\"calma\",\"caos\",\"Daruma\",\"equil\u00edbrio\",\"monja\",\"Monja Coen\",\"palestra\",\"Vit\u00f3ria\"],\"articleSection\":[\"Geral\"],\"inLanguage\":\"pt-BR\",\"potentialAction\":[{\"@type\":\"CommentAction\",\"name\":\"Comment\",\"target\":[\"https:\/\/jornalfatosenoticias.com.br\/index.php\/2025\/09\/25\/entre-o-caos-e-a-calma-com-monja-coen\/#respond\"]}]},{\"@type\":\"WebPage\",\"@id\":\"https:\/\/jornalfatosenoticias.com.br\/index.php\/2025\/09\/25\/entre-o-caos-e-a-calma-com-monja-coen\/\",\"url\":\"https:\/\/jornalfatosenoticias.com.br\/index.php\/2025\/09\/25\/entre-o-caos-e-a-calma-com-monja-coen\/\",\"name\":\"Entre o caos e a calma, com Monja Coen - Jornal Fatos e Not\u00edcias\",\"isPartOf\":{\"@id\":\"https:\/\/jornalfatosenoticias.com.br\/#website\"},\"primaryImageOfPage\":{\"@id\":\"https:\/\/jornalfatosenoticias.com.br\/index.php\/2025\/09\/25\/entre-o-caos-e-a-calma-com-monja-coen\/#primaryimage\"},\"image\":{\"@id\":\"https:\/\/jornalfatosenoticias.com.br\/index.php\/2025\/09\/25\/entre-o-caos-e-a-calma-com-monja-coen\/#primaryimage\"},\"thumbnailUrl\":\"https:\/\/jornalfatosenoticias.com.br\/wp-content\/uploads\/2025\/09\/Monja-Coen_capa.jpg\",\"datePublished\":\"2025-09-25T22:14:21+00:00\",\"dateModified\":\"2025-09-25T22:14:22+00:00\",\"breadcrumb\":{\"@id\":\"https:\/\/jornalfatosenoticias.com.br\/index.php\/2025\/09\/25\/entre-o-caos-e-a-calma-com-monja-coen\/#breadcrumb\"},\"inLanguage\":\"pt-BR\",\"potentialAction\":[{\"@type\":\"ReadAction\",\"target\":[\"https:\/\/jornalfatosenoticias.com.br\/index.php\/2025\/09\/25\/entre-o-caos-e-a-calma-com-monja-coen\/\"]}]},{\"@type\":\"ImageObject\",\"inLanguage\":\"pt-BR\",\"@id\":\"https:\/\/jornalfatosenoticias.com.br\/index.php\/2025\/09\/25\/entre-o-caos-e-a-calma-com-monja-coen\/#primaryimage\",\"url\":\"https:\/\/jornalfatosenoticias.com.br\/wp-content\/uploads\/2025\/09\/Monja-Coen_capa.jpg\",\"contentUrl\":\"https:\/\/jornalfatosenoticias.com.br\/wp-content\/uploads\/2025\/09\/Monja-Coen_capa.jpg\",\"width\":874,\"height\":635},{\"@type\":\"BreadcrumbList\",\"@id\":\"https:\/\/jornalfatosenoticias.com.br\/index.php\/2025\/09\/25\/entre-o-caos-e-a-calma-com-monja-coen\/#breadcrumb\",\"itemListElement\":[{\"@type\":\"ListItem\",\"position\":1,\"name\":\"In\u00edcio\",\"item\":\"https:\/\/jornalfatosenoticias.com.br\/\"},{\"@type\":\"ListItem\",\"position\":2,\"name\":\"Entre o caos e a calma, com Monja Coen\"}]},{\"@type\":\"WebSite\",\"@id\":\"https:\/\/jornalfatosenoticias.com.br\/#website\",\"url\":\"https:\/\/jornalfatosenoticias.com.br\/\",\"name\":\"Jornal Fatos e Not\u00edcias\",\"description\":\"Not\u00edcias em geral\",\"publisher\":{\"@id\":\"https:\/\/jornalfatosenoticias.com.br\/#organization\"},\"potentialAction\":[{\"@type\":\"SearchAction\",\"target\":{\"@type\":\"EntryPoint\",\"urlTemplate\":\"https:\/\/jornalfatosenoticias.com.br\/?s={search_term_string}\"},\"query-input\":{\"@type\":\"PropertyValueSpecification\",\"valueRequired\":true,\"valueName\":\"search_term_string\"}}],\"inLanguage\":\"pt-BR\"},{\"@type\":\"Organization\",\"@id\":\"https:\/\/jornalfatosenoticias.com.br\/#organization\",\"name\":\"Jornal Fatos e Not\u00edcias\",\"url\":\"https:\/\/jornalfatosenoticias.com.br\/\",\"logo\":{\"@type\":\"ImageObject\",\"inLanguage\":\"pt-BR\",\"@id\":\"https:\/\/jornalfatosenoticias.com.br\/#\/schema\/logo\/image\/\",\"url\":\"https:\/\/jornalfatosenoticias.com.br\/wp-content\/uploads\/2020\/02\/logo120.png\",\"contentUrl\":\"https:\/\/jornalfatosenoticias.com.br\/wp-content\/uploads\/2020\/02\/logo120.png\",\"width\":1227,\"height\":120,\"caption\":\"Jornal Fatos e Not\u00edcias\"},\"image\":{\"@id\":\"https:\/\/jornalfatosenoticias.com.br\/#\/schema\/logo\/image\/\"}},{\"@type\":\"Person\",\"@id\":\"https:\/\/jornalfatosenoticias.com.br\/#\/schema\/person\/bd76a40517f387e41cc072b0d3c7d627\",\"name\":\"Milena Rohr\",\"image\":{\"@type\":\"ImageObject\",\"inLanguage\":\"pt-BR\",\"@id\":\"https:\/\/jornalfatosenoticias.com.br\/#\/schema\/person\/image\/\",\"url\":\"https:\/\/jornalfatosenoticias.com.br\/wp-content\/uploads\/2026\/03\/Milena-Rohr_portal-150x150.jpg\",\"contentUrl\":\"https:\/\/jornalfatosenoticias.com.br\/wp-content\/uploads\/2026\/03\/Milena-Rohr_portal-150x150.jpg\",\"caption\":\"Milena Rohr\"},\"description\":\"Milena Rohr S\u00f3cia e diretora do MasterMind (Funda\u00e7\u00e3o Napoleon Hill), Gestora Empresarial, Embaixadora do BNI, Palestrante, Escritora, Colunista e Mentora FRST do Grupo Falconi\",\"url\":\"https:\/\/jornalfatosenoticias.com.br\/index.php\/author\/milena-rhor\/\"}]}<\/script>\n<!-- \/ Yoast SEO plugin. -->","yoast_head_json":{"title":"Entre o caos e a calma, com Monja Coen - Jornal Fatos e Not\u00edcias","robots":{"index":"index","follow":"follow","max-snippet":"max-snippet:-1","max-image-preview":"max-image-preview:large","max-video-preview":"max-video-preview:-1"},"canonical":"https:\/\/jornalfatosenoticias.com.br\/index.php\/2025\/09\/25\/entre-o-caos-e-a-calma-com-monja-coen\/","og_locale":"pt_BR","og_type":"article","og_title":"Entre o caos e a calma, com Monja Coen - Jornal Fatos e Not\u00edcias","og_description":"Monja palestrou em Vit\u00f3ria nesta quarta (24), no Vit\u00f3ria Grand Hall, com tema sobre equil\u00edbrio entre caos e calma Ontem, 24 de setembro, vivi uma experi\u00eancia que ainda pulsa em mim. Fui \u00e0 palestra da Monja Coen \u2014 Entre o caos e a calma: como cultivar o equil\u00edbrio, organizada pela Seven \u2014 e sa\u00ed de [&hellip;]","og_url":"https:\/\/jornalfatosenoticias.com.br\/index.php\/2025\/09\/25\/entre-o-caos-e-a-calma-com-monja-coen\/","og_site_name":"Jornal Fatos e Not\u00edcias","article_published_time":"2025-09-25T22:14:21+00:00","article_modified_time":"2025-09-25T22:14:22+00:00","og_image":[{"width":874,"height":635,"url":"https:\/\/jornalfatosenoticias.com.br\/wp-content\/uploads\/2025\/09\/Monja-Coen_capa.jpg","type":"image\/jpeg"}],"author":"Milena Rohr","twitter_card":"summary_large_image","twitter_misc":{"Escrito por":"Milena Rohr","Est. tempo de leitura":"3 minutos"},"schema":{"@context":"https:\/\/schema.org","@graph":[{"@type":"Article","@id":"https:\/\/jornalfatosenoticias.com.br\/index.php\/2025\/09\/25\/entre-o-caos-e-a-calma-com-monja-coen\/#article","isPartOf":{"@id":"https:\/\/jornalfatosenoticias.com.br\/index.php\/2025\/09\/25\/entre-o-caos-e-a-calma-com-monja-coen\/"},"author":{"name":"Milena Rohr","@id":"https:\/\/jornalfatosenoticias.com.br\/#\/schema\/person\/bd76a40517f387e41cc072b0d3c7d627"},"headline":"Entre o caos e a calma, com Monja Coen","datePublished":"2025-09-25T22:14:21+00:00","dateModified":"2025-09-25T22:14:22+00:00","mainEntityOfPage":{"@id":"https:\/\/jornalfatosenoticias.com.br\/index.php\/2025\/09\/25\/entre-o-caos-e-a-calma-com-monja-coen\/"},"wordCount":647,"commentCount":0,"publisher":{"@id":"https:\/\/jornalfatosenoticias.com.br\/#organization"},"image":{"@id":"https:\/\/jornalfatosenoticias.com.br\/index.php\/2025\/09\/25\/entre-o-caos-e-a-calma-com-monja-coen\/#primaryimage"},"thumbnailUrl":"https:\/\/jornalfatosenoticias.com.br\/wp-content\/uploads\/2025\/09\/Monja-Coen_capa.jpg","keywords":["calma","caos","Daruma","equil\u00edbrio","monja","Monja Coen","palestra","Vit\u00f3ria"],"articleSection":["Geral"],"inLanguage":"pt-BR","potentialAction":[{"@type":"CommentAction","name":"Comment","target":["https:\/\/jornalfatosenoticias.com.br\/index.php\/2025\/09\/25\/entre-o-caos-e-a-calma-com-monja-coen\/#respond"]}]},{"@type":"WebPage","@id":"https:\/\/jornalfatosenoticias.com.br\/index.php\/2025\/09\/25\/entre-o-caos-e-a-calma-com-monja-coen\/","url":"https:\/\/jornalfatosenoticias.com.br\/index.php\/2025\/09\/25\/entre-o-caos-e-a-calma-com-monja-coen\/","name":"Entre o caos e a calma, com Monja Coen - Jornal Fatos e Not\u00edcias","isPartOf":{"@id":"https:\/\/jornalfatosenoticias.com.br\/#website"},"primaryImageOfPage":{"@id":"https:\/\/jornalfatosenoticias.com.br\/index.php\/2025\/09\/25\/entre-o-caos-e-a-calma-com-monja-coen\/#primaryimage"},"image":{"@id":"https:\/\/jornalfatosenoticias.com.br\/index.php\/2025\/09\/25\/entre-o-caos-e-a-calma-com-monja-coen\/#primaryimage"},"thumbnailUrl":"https:\/\/jornalfatosenoticias.com.br\/wp-content\/uploads\/2025\/09\/Monja-Coen_capa.jpg","datePublished":"2025-09-25T22:14:21+00:00","dateModified":"2025-09-25T22:14:22+00:00","breadcrumb":{"@id":"https:\/\/jornalfatosenoticias.com.br\/index.php\/2025\/09\/25\/entre-o-caos-e-a-calma-com-monja-coen\/#breadcrumb"},"inLanguage":"pt-BR","potentialAction":[{"@type":"ReadAction","target":["https:\/\/jornalfatosenoticias.com.br\/index.php\/2025\/09\/25\/entre-o-caos-e-a-calma-com-monja-coen\/"]}]},{"@type":"ImageObject","inLanguage":"pt-BR","@id":"https:\/\/jornalfatosenoticias.com.br\/index.php\/2025\/09\/25\/entre-o-caos-e-a-calma-com-monja-coen\/#primaryimage","url":"https:\/\/jornalfatosenoticias.com.br\/wp-content\/uploads\/2025\/09\/Monja-Coen_capa.jpg","contentUrl":"https:\/\/jornalfatosenoticias.com.br\/wp-content\/uploads\/2025\/09\/Monja-Coen_capa.jpg","width":874,"height":635},{"@type":"BreadcrumbList","@id":"https:\/\/jornalfatosenoticias.com.br\/index.php\/2025\/09\/25\/entre-o-caos-e-a-calma-com-monja-coen\/#breadcrumb","itemListElement":[{"@type":"ListItem","position":1,"name":"In\u00edcio","item":"https:\/\/jornalfatosenoticias.com.br\/"},{"@type":"ListItem","position":2,"name":"Entre o caos e a calma, com Monja Coen"}]},{"@type":"WebSite","@id":"https:\/\/jornalfatosenoticias.com.br\/#website","url":"https:\/\/jornalfatosenoticias.com.br\/","name":"Jornal Fatos e Not\u00edcias","description":"Not\u00edcias em geral","publisher":{"@id":"https:\/\/jornalfatosenoticias.com.br\/#organization"},"potentialAction":[{"@type":"SearchAction","target":{"@type":"EntryPoint","urlTemplate":"https:\/\/jornalfatosenoticias.com.br\/?s={search_term_string}"},"query-input":{"@type":"PropertyValueSpecification","valueRequired":true,"valueName":"search_term_string"}}],"inLanguage":"pt-BR"},{"@type":"Organization","@id":"https:\/\/jornalfatosenoticias.com.br\/#organization","name":"Jornal Fatos e Not\u00edcias","url":"https:\/\/jornalfatosenoticias.com.br\/","logo":{"@type":"ImageObject","inLanguage":"pt-BR","@id":"https:\/\/jornalfatosenoticias.com.br\/#\/schema\/logo\/image\/","url":"https:\/\/jornalfatosenoticias.com.br\/wp-content\/uploads\/2020\/02\/logo120.png","contentUrl":"https:\/\/jornalfatosenoticias.com.br\/wp-content\/uploads\/2020\/02\/logo120.png","width":1227,"height":120,"caption":"Jornal Fatos e Not\u00edcias"},"image":{"@id":"https:\/\/jornalfatosenoticias.com.br\/#\/schema\/logo\/image\/"}},{"@type":"Person","@id":"https:\/\/jornalfatosenoticias.com.br\/#\/schema\/person\/bd76a40517f387e41cc072b0d3c7d627","name":"Milena Rohr","image":{"@type":"ImageObject","inLanguage":"pt-BR","@id":"https:\/\/jornalfatosenoticias.com.br\/#\/schema\/person\/image\/","url":"https:\/\/jornalfatosenoticias.com.br\/wp-content\/uploads\/2026\/03\/Milena-Rohr_portal-150x150.jpg","contentUrl":"https:\/\/jornalfatosenoticias.com.br\/wp-content\/uploads\/2026\/03\/Milena-Rohr_portal-150x150.jpg","caption":"Milena Rohr"},"description":"Milena Rohr S\u00f3cia e diretora do MasterMind (Funda\u00e7\u00e3o Napoleon Hill), Gestora Empresarial, Embaixadora do BNI, Palestrante, Escritora, Colunista e Mentora FRST do Grupo Falconi","url":"https:\/\/jornalfatosenoticias.com.br\/index.php\/author\/milena-rhor\/"}]}},"cc_featured_image_caption":{"caption_text":"Milena e Monja Coen (Foto: Milena Rohr)","source_text":"","source_url":""},"jetpack_featured_media_url":"https:\/\/jornalfatosenoticias.com.br\/wp-content\/uploads\/2025\/09\/Monja-Coen_capa.jpg","_links":{"self":[{"href":"https:\/\/jornalfatosenoticias.com.br\/index.php\/wp-json\/wp\/v2\/posts\/62134","targetHints":{"allow":["GET"]}}],"collection":[{"href":"https:\/\/jornalfatosenoticias.com.br\/index.php\/wp-json\/wp\/v2\/posts"}],"about":[{"href":"https:\/\/jornalfatosenoticias.com.br\/index.php\/wp-json\/wp\/v2\/types\/post"}],"author":[{"embeddable":true,"href":"https:\/\/jornalfatosenoticias.com.br\/index.php\/wp-json\/wp\/v2\/users\/37"}],"replies":[{"embeddable":true,"href":"https:\/\/jornalfatosenoticias.com.br\/index.php\/wp-json\/wp\/v2\/comments?post=62134"}],"version-history":[{"count":0,"href":"https:\/\/jornalfatosenoticias.com.br\/index.php\/wp-json\/wp\/v2\/posts\/62134\/revisions"}],"wp:featuredmedia":[{"embeddable":true,"href":"https:\/\/jornalfatosenoticias.com.br\/index.php\/wp-json\/wp\/v2\/media\/62137"}],"wp:attachment":[{"href":"https:\/\/jornalfatosenoticias.com.br\/index.php\/wp-json\/wp\/v2\/media?parent=62134"}],"wp:term":[{"taxonomy":"category","embeddable":true,"href":"https:\/\/jornalfatosenoticias.com.br\/index.php\/wp-json\/wp\/v2\/categories?post=62134"},{"taxonomy":"post_tag","embeddable":true,"href":"https:\/\/jornalfatosenoticias.com.br\/index.php\/wp-json\/wp\/v2\/tags?post=62134"}],"curies":[{"name":"wp","href":"https:\/\/api.w.org\/{rel}","templated":true}]}}