{"id":62158,"date":"2025-09-25T20:07:26","date_gmt":"2025-09-25T23:07:26","guid":{"rendered":"https:\/\/jornalfatosenoticias.com.br\/?p=62158"},"modified":"2025-09-25T20:07:27","modified_gmt":"2025-09-25T23:07:27","slug":"o-exodo-brasileiro-economia-em-ruinas-e-um-sistema-corrompido","status":"publish","type":"post","link":"https:\/\/jornalfatosenoticias.com.br\/index.php\/2025\/09\/25\/o-exodo-brasileiro-economia-em-ruinas-e-um-sistema-corrompido\/","title":{"rendered":"O \u00eaxodo brasileiro, economia em ru\u00ednas e um sistema corrompido"},"content":{"rendered":"\n<p><span class=\"has-inline-color has-black-color\">Por <strong><a href=\"https:\/\/jornalfatosenoticias.com.br\/index.php\/2025\/09\/12\/liberdade-de-expressao-em-xeque-o-grito-dos-patriotas-no-7-de-setembro\/\">Ton Costa<\/a><\/strong><\/span><\/p>\n\n\n\n<div class=\"wp-block-image\"><figure class=\"aligncenter size-large\"><a href=\"https:\/\/mizu.com.br\/\"><img loading=\"lazy\" decoding=\"async\" width=\"729\" height=\"90\" src=\"https:\/\/jornalfatosenoticias.com.br\/wp-content\/uploads\/2020\/02\/Logo_Mizu.png\" alt=\"\" class=\"wp-image-1441\" srcset=\"https:\/\/jornalfatosenoticias.com.br\/wp-content\/uploads\/2020\/02\/Logo_Mizu.png 729w, https:\/\/jornalfatosenoticias.com.br\/wp-content\/uploads\/2020\/02\/Logo_Mizu-300x37.png 300w\" sizes=\"auto, (max-width: 729px) 100vw, 729px\" \/><\/a><\/figure><\/div>\n\n\n\n<p>A economia brasileira enfrenta um dos per\u00edodos mais cr\u00edticos de sua hist\u00f3ria recente. O cen\u00e1rio \u00e9 marcado pelo <strong>fechamento constante de empresas,<\/strong> pelo <strong>crescimento do desemprego<\/strong> e por uma onda crescente de brasileiros que buscam em outros pa\u00edses a esperan\u00e7a de um futuro mais digno. Esse movimento n\u00e3o \u00e9 apenas reflexo de crises c\u00edclicas, mas da fal\u00eancia de um sistema que se mostra cada vez mais <strong>corrompido e distante da realidade da popula\u00e7\u00e3o.<\/strong> Nos \u00faltimos anos, milhares de brasileiros deixaram o pa\u00eds em busca de melhores condi\u00e7\u00f5es de trabalho e qualidade de vida. Profissionais altamente qualificados, jovens em in\u00edcio de carreira e at\u00e9 fam\u00edlias inteiras t\u00eam migrado em massa, revelando um fen\u00f4meno que denuncia n\u00e3o apenas a falta de oportunidades, mas tamb\u00e9m o <strong>desencanto com o futuro da na\u00e7\u00e3o.<\/strong><\/p>\n\n\n\n<div class=\"wp-block-image\"><figure class=\"aligncenter size-large\"><a href=\"https:\/\/www.cesconetto.com.br\/\"><img loading=\"lazy\" decoding=\"async\" width=\"300\" height=\"250\" src=\"https:\/\/jornalfatosenoticias.com.br\/wp-content\/uploads\/2020\/02\/Banner-2.png\" alt=\"\" class=\"wp-image-43787\"\/><\/a><\/figure><\/div>\n\n\n\n<p>Paralelamente, o ambiente empresarial sofre com a instabilidade. Pequenos neg\u00f3cios fecham as portas todos os dias diante da <strong>carga tribut\u00e1ria sufocante,<\/strong> da burocracia ineficiente e da aus\u00eancia de pol\u00edticas s\u00e9rias de incentivo \u00e0 produ\u00e7\u00e3o. Enquanto isso, grandes empresas optam por reduzir opera\u00e7\u00f5es ou transferir investimentos para o exterior, ampliando o ciclo de recess\u00e3o interna.<br>O governo, ao inv\u00e9s de oferecer solu\u00e7\u00f5es concretas, mostra-se ref\u00e9m de um <strong>sistema pol\u00edtico chulo, corrompido e distante da \u00e9tica.<\/strong> A corrup\u00e7\u00e3o, que deveria ser combatida com rigor, tornou-se parte da engrenagem do poder. <\/p>\n\n\n\n<div class=\"wp-block-image\"><figure class=\"aligncenter size-large\"><img loading=\"lazy\" decoding=\"async\" width=\"418\" height=\"609\" src=\"https:\/\/jornalfatosenoticias.com.br\/wp-content\/uploads\/2025\/09\/materia-Ton_istock.jpg\" alt=\"\" class=\"wp-image-62160\" srcset=\"https:\/\/jornalfatosenoticias.com.br\/wp-content\/uploads\/2025\/09\/materia-Ton_istock.jpg 418w, https:\/\/jornalfatosenoticias.com.br\/wp-content\/uploads\/2025\/09\/materia-Ton_istock-206x300.jpg 206w\" sizes=\"auto, (max-width: 418px) 100vw, 418px\" \/><figcaption><em><span class=\"has-inline-color has-black-color\">(Foto: iStock)<\/span><\/em><\/figcaption><\/figure><\/div>\n\n\n\n<p>Recursos p\u00fablicos que poderiam fortalecer a economia e gerar empregos s\u00e3o desviados em esquemas il\u00edcitos, deixando o povo \u00e0 merc\u00ea da mis\u00e9ria.<br>Esse modelo falido gera um impacto direto na sociedade: infla\u00e7\u00e3o que corr\u00f3i o poder de compra, desemprego em alta, desvaloriza\u00e7\u00e3o da moeda e desconfian\u00e7a generalizada dos investidores. O brasileiro, cansado de promessas vazias, j\u00e1 n\u00e3o enxerga neste governo a capacidade de conduzir uma verdadeira reforma econ\u00f4mica capaz de devolver esperan\u00e7a \u00e0 na\u00e7\u00e3o.<\/p>\n\n\n\n<div class=\"wp-block-image\"><figure class=\"aligncenter size-large is-resized\"><a href=\"https:\/\/www.instagram.com\/rcradiadores\/\"><img loading=\"lazy\" decoding=\"async\" src=\"https:\/\/jornalfatosenoticias.com.br\/wp-content\/uploads\/2022\/10\/RC_800x750_page-0001.jpg\" alt=\"\" class=\"wp-image-35338\" width=\"282\" height=\"265\" srcset=\"https:\/\/jornalfatosenoticias.com.br\/wp-content\/uploads\/2022\/10\/RC_800x750_page-0001.jpg 400w, https:\/\/jornalfatosenoticias.com.br\/wp-content\/uploads\/2022\/10\/RC_800x750_page-0001-300x281.jpg 300w\" sizes=\"auto, (max-width: 282px) 100vw, 282px\" \/><\/a><\/figure><\/div>\n\n\n\n<p>A sa\u00edda em massa de cidad\u00e3os e o fechamento de empresas n\u00e3o s\u00e3o apenas dados estat\u00edsticos \u2014 s\u00e3o <strong>retratos de um pa\u00eds que expulsa seus talentos e destr\u00f3i suas pr\u00f3prias riquezas.<\/strong> E enquanto a classe pol\u00edtica se beneficia da m\u00e1quina p\u00fablica, a popula\u00e7\u00e3o arca com o peso de um sistema corrupto, que insiste em transformar o Brasil em um lugar de sobreviv\u00eancia, e n\u00e3o de prosperidade.<\/p>\n\n\n\n<div class=\"wp-block-image\"><figure class=\"aligncenter size-large is-resized\"><a href=\"https:\/\/legisjuris.com.br\/\"><img loading=\"lazy\" decoding=\"async\" src=\"https:\/\/jornalfatosenoticias.com.br\/wp-content\/uploads\/2024\/09\/Legis-Juris-Consultoria_logo.jpg\" alt=\"\" class=\"wp-image-53915\" width=\"525\" height=\"220\" srcset=\"https:\/\/jornalfatosenoticias.com.br\/wp-content\/uploads\/2024\/09\/Legis-Juris-Consultoria_logo.jpg 969w, https:\/\/jornalfatosenoticias.com.br\/wp-content\/uploads\/2024\/09\/Legis-Juris-Consultoria_logo-300x126.jpg 300w, https:\/\/jornalfatosenoticias.com.br\/wp-content\/uploads\/2024\/09\/Legis-Juris-Consultoria_logo-768x322.jpg 768w\" sizes=\"auto, (max-width: 525px) 100vw, 525px\" \/><\/a><\/figure><\/div>\n\n\n\n<p>Se n\u00e3o houver uma ruptura s\u00e9ria com esse modelo de governan\u00e7a, a tend\u00eancia \u00e9 clara: <strong>mais fuga de c\u00e9rebros, mais desemprego e mais estagna\u00e7\u00e3o econ\u00f4mica.<\/strong> O Brasil precisa urgentemente resgatar sua dignidade, mas isso s\u00f3 ser\u00e1 poss\u00edvel quando o povo deixar de ser ref\u00e9m de um sistema que insiste em sacrificar seu futuro.<\/p>\n","protected":false},"excerpt":{"rendered":"<p>Por Ton Costa A economia brasileira enfrenta um dos per\u00edodos mais cr\u00edticos de sua hist\u00f3ria recente. O cen\u00e1rio \u00e9 marcado pelo fechamento constante de empresas, pelo crescimento do desemprego e por uma onda crescente de brasileiros que buscam em outros pa\u00edses a esperan\u00e7a de um futuro mais digno. Esse movimento n\u00e3o \u00e9 apenas reflexo de [&hellip;]<\/p>\n","protected":false},"author":2,"featured_media":62159,"comment_status":"open","ping_status":"open","sticky":false,"template":"","format":"standard","meta":{"footnotes":""},"categories":[9],"tags":[15279,28344,2129,28343,240,23405],"class_list":["post-62158","post","type-post","status-publish","format-standard","has-post-thumbnail","hentry","category-economia","tag-burocracia","tag-carga-tributaria-sufocante","tag-corrupcao","tag-crises-ciclicas","tag-economia","tag-economia-brasileira"],"yoast_head":"<!-- This site is optimized with the Yoast SEO plugin v26.5 - https:\/\/yoast.com\/wordpress\/plugins\/seo\/ -->\n<title>O \u00eaxodo brasileiro, economia em ru\u00ednas e um sistema corrompido - Jornal Fatos e Not\u00edcias<\/title>\n<meta name=\"robots\" content=\"index, follow, max-snippet:-1, max-image-preview:large, max-video-preview:-1\" \/>\n<link rel=\"canonical\" href=\"https:\/\/jornalfatosenoticias.com.br\/index.php\/2025\/09\/25\/o-exodo-brasileiro-economia-em-ruinas-e-um-sistema-corrompido\/\" \/>\n<meta property=\"og:locale\" content=\"pt_BR\" \/>\n<meta property=\"og:type\" content=\"article\" \/>\n<meta property=\"og:title\" content=\"O \u00eaxodo brasileiro, economia em ru\u00ednas e um sistema corrompido - Jornal Fatos e Not\u00edcias\" \/>\n<meta property=\"og:description\" content=\"Por Ton Costa A economia brasileira enfrenta um dos per\u00edodos mais cr\u00edticos de sua hist\u00f3ria recente. O cen\u00e1rio \u00e9 marcado pelo fechamento constante de empresas, pelo crescimento do desemprego e por uma onda crescente de brasileiros que buscam em outros pa\u00edses a esperan\u00e7a de um futuro mais digno. Esse movimento n\u00e3o \u00e9 apenas reflexo de [&hellip;]\" \/>\n<meta property=\"og:url\" content=\"https:\/\/jornalfatosenoticias.com.br\/index.php\/2025\/09\/25\/o-exodo-brasileiro-economia-em-ruinas-e-um-sistema-corrompido\/\" \/>\n<meta property=\"og:site_name\" content=\"Jornal Fatos e Not\u00edcias\" \/>\n<meta property=\"article:published_time\" content=\"2025-09-25T23:07:26+00:00\" \/>\n<meta property=\"article:modified_time\" content=\"2025-09-25T23:07:27+00:00\" \/>\n<meta property=\"og:image\" content=\"https:\/\/jornalfatosenoticias.com.br\/wp-content\/uploads\/2025\/09\/foto-materia-Ton.jpg\" \/>\n\t<meta property=\"og:image:width\" content=\"800\" \/>\n\t<meta property=\"og:image:height\" content=\"445\" \/>\n\t<meta property=\"og:image:type\" content=\"image\/jpeg\" \/>\n<meta name=\"author\" content=\"Luzimara Fernandes\" \/>\n<meta name=\"twitter:card\" content=\"summary_large_image\" \/>\n<meta name=\"twitter:label1\" content=\"Escrito por\" \/>\n\t<meta name=\"twitter:data1\" content=\"Luzimara Fernandes\" \/>\n\t<meta name=\"twitter:label2\" content=\"Est. tempo de leitura\" \/>\n\t<meta name=\"twitter:data2\" content=\"2 minutos\" \/>\n<script type=\"application\/ld+json\" class=\"yoast-schema-graph\">{\"@context\":\"https:\/\/schema.org\",\"@graph\":[{\"@type\":\"Article\",\"@id\":\"https:\/\/jornalfatosenoticias.com.br\/index.php\/2025\/09\/25\/o-exodo-brasileiro-economia-em-ruinas-e-um-sistema-corrompido\/#article\",\"isPartOf\":{\"@id\":\"https:\/\/jornalfatosenoticias.com.br\/index.php\/2025\/09\/25\/o-exodo-brasileiro-economia-em-ruinas-e-um-sistema-corrompido\/\"},\"author\":{\"name\":\"Luzimara Fernandes\",\"@id\":\"https:\/\/jornalfatosenoticias.com.br\/#\/schema\/person\/d63837fa13ac8666eb9e74e0985d6f81\"},\"headline\":\"O \u00eaxodo brasileiro, economia em ru\u00ednas e um sistema corrompido\",\"datePublished\":\"2025-09-25T23:07:26+00:00\",\"dateModified\":\"2025-09-25T23:07:27+00:00\",\"mainEntityOfPage\":{\"@id\":\"https:\/\/jornalfatosenoticias.com.br\/index.php\/2025\/09\/25\/o-exodo-brasileiro-economia-em-ruinas-e-um-sistema-corrompido\/\"},\"wordCount\":487,\"commentCount\":0,\"publisher\":{\"@id\":\"https:\/\/jornalfatosenoticias.com.br\/#organization\"},\"image\":{\"@id\":\"https:\/\/jornalfatosenoticias.com.br\/index.php\/2025\/09\/25\/o-exodo-brasileiro-economia-em-ruinas-e-um-sistema-corrompido\/#primaryimage\"},\"thumbnailUrl\":\"https:\/\/jornalfatosenoticias.com.br\/wp-content\/uploads\/2025\/09\/foto-materia-Ton.jpg\",\"keywords\":[\"burocracia\",\"carga tribut\u00e1ria sufocante\",\"corrup\u00e7\u00e3o\",\"crises c\u00edclicas\",\"economia\",\"economia brasileira\"],\"articleSection\":[\"Economia\"],\"inLanguage\":\"pt-BR\",\"potentialAction\":[{\"@type\":\"CommentAction\",\"name\":\"Comment\",\"target\":[\"https:\/\/jornalfatosenoticias.com.br\/index.php\/2025\/09\/25\/o-exodo-brasileiro-economia-em-ruinas-e-um-sistema-corrompido\/#respond\"]}]},{\"@type\":\"WebPage\",\"@id\":\"https:\/\/jornalfatosenoticias.com.br\/index.php\/2025\/09\/25\/o-exodo-brasileiro-economia-em-ruinas-e-um-sistema-corrompido\/\",\"url\":\"https:\/\/jornalfatosenoticias.com.br\/index.php\/2025\/09\/25\/o-exodo-brasileiro-economia-em-ruinas-e-um-sistema-corrompido\/\",\"name\":\"O \u00eaxodo brasileiro, economia em ru\u00ednas e um sistema corrompido - Jornal Fatos e Not\u00edcias\",\"isPartOf\":{\"@id\":\"https:\/\/jornalfatosenoticias.com.br\/#website\"},\"primaryImageOfPage\":{\"@id\":\"https:\/\/jornalfatosenoticias.com.br\/index.php\/2025\/09\/25\/o-exodo-brasileiro-economia-em-ruinas-e-um-sistema-corrompido\/#primaryimage\"},\"image\":{\"@id\":\"https:\/\/jornalfatosenoticias.com.br\/index.php\/2025\/09\/25\/o-exodo-brasileiro-economia-em-ruinas-e-um-sistema-corrompido\/#primaryimage\"},\"thumbnailUrl\":\"https:\/\/jornalfatosenoticias.com.br\/wp-content\/uploads\/2025\/09\/foto-materia-Ton.jpg\",\"datePublished\":\"2025-09-25T23:07:26+00:00\",\"dateModified\":\"2025-09-25T23:07:27+00:00\",\"breadcrumb\":{\"@id\":\"https:\/\/jornalfatosenoticias.com.br\/index.php\/2025\/09\/25\/o-exodo-brasileiro-economia-em-ruinas-e-um-sistema-corrompido\/#breadcrumb\"},\"inLanguage\":\"pt-BR\",\"potentialAction\":[{\"@type\":\"ReadAction\",\"target\":[\"https:\/\/jornalfatosenoticias.com.br\/index.php\/2025\/09\/25\/o-exodo-brasileiro-economia-em-ruinas-e-um-sistema-corrompido\/\"]}]},{\"@type\":\"ImageObject\",\"inLanguage\":\"pt-BR\",\"@id\":\"https:\/\/jornalfatosenoticias.com.br\/index.php\/2025\/09\/25\/o-exodo-brasileiro-economia-em-ruinas-e-um-sistema-corrompido\/#primaryimage\",\"url\":\"https:\/\/jornalfatosenoticias.com.br\/wp-content\/uploads\/2025\/09\/foto-materia-Ton.jpg\",\"contentUrl\":\"https:\/\/jornalfatosenoticias.com.br\/wp-content\/uploads\/2025\/09\/foto-materia-Ton.jpg\",\"width\":800,\"height\":445},{\"@type\":\"BreadcrumbList\",\"@id\":\"https:\/\/jornalfatosenoticias.com.br\/index.php\/2025\/09\/25\/o-exodo-brasileiro-economia-em-ruinas-e-um-sistema-corrompido\/#breadcrumb\",\"itemListElement\":[{\"@type\":\"ListItem\",\"position\":1,\"name\":\"In\u00edcio\",\"item\":\"https:\/\/jornalfatosenoticias.com.br\/\"},{\"@type\":\"ListItem\",\"position\":2,\"name\":\"O \u00eaxodo brasileiro, economia em ru\u00ednas e um sistema corrompido\"}]},{\"@type\":\"WebSite\",\"@id\":\"https:\/\/jornalfatosenoticias.com.br\/#website\",\"url\":\"https:\/\/jornalfatosenoticias.com.br\/\",\"name\":\"Jornal Fatos e Not\u00edcias\",\"description\":\"Not\u00edcias em geral\",\"publisher\":{\"@id\":\"https:\/\/jornalfatosenoticias.com.br\/#organization\"},\"potentialAction\":[{\"@type\":\"SearchAction\",\"target\":{\"@type\":\"EntryPoint\",\"urlTemplate\":\"https:\/\/jornalfatosenoticias.com.br\/?s={search_term_string}\"},\"query-input\":{\"@type\":\"PropertyValueSpecification\",\"valueRequired\":true,\"valueName\":\"search_term_string\"}}],\"inLanguage\":\"pt-BR\"},{\"@type\":\"Organization\",\"@id\":\"https:\/\/jornalfatosenoticias.com.br\/#organization\",\"name\":\"Jornal Fatos e Not\u00edcias\",\"url\":\"https:\/\/jornalfatosenoticias.com.br\/\",\"logo\":{\"@type\":\"ImageObject\",\"inLanguage\":\"pt-BR\",\"@id\":\"https:\/\/jornalfatosenoticias.com.br\/#\/schema\/logo\/image\/\",\"url\":\"https:\/\/jornalfatosenoticias.com.br\/wp-content\/uploads\/2020\/02\/logo120.png\",\"contentUrl\":\"https:\/\/jornalfatosenoticias.com.br\/wp-content\/uploads\/2020\/02\/logo120.png\",\"width\":1227,\"height\":120,\"caption\":\"Jornal Fatos e Not\u00edcias\"},\"image\":{\"@id\":\"https:\/\/jornalfatosenoticias.com.br\/#\/schema\/logo\/image\/\"}},{\"@type\":\"Person\",\"@id\":\"https:\/\/jornalfatosenoticias.com.br\/#\/schema\/person\/d63837fa13ac8666eb9e74e0985d6f81\",\"name\":\"Luzimara Fernandes\",\"image\":{\"@type\":\"ImageObject\",\"inLanguage\":\"pt-BR\",\"@id\":\"https:\/\/jornalfatosenoticias.com.br\/#\/schema\/person\/image\/\",\"url\":\"https:\/\/jornalfatosenoticias.com.br\/wp-content\/uploads\/2025\/05\/EU_portal.jpg\",\"contentUrl\":\"https:\/\/jornalfatosenoticias.com.br\/wp-content\/uploads\/2025\/05\/EU_portal.jpg\",\"caption\":\"Luzimara Fernandes\"},\"description\":\"Jornalista MTB 2358-ES\",\"sameAs\":[\"https:\/\/jornalfatosenoticias.com.br\"],\"url\":\"https:\/\/jornalfatosenoticias.com.br\/index.php\/author\/luzimara\/\"}]}<\/script>\n<!-- \/ Yoast SEO plugin. -->","yoast_head_json":{"title":"O \u00eaxodo brasileiro, economia em ru\u00ednas e um sistema corrompido - Jornal Fatos e Not\u00edcias","robots":{"index":"index","follow":"follow","max-snippet":"max-snippet:-1","max-image-preview":"max-image-preview:large","max-video-preview":"max-video-preview:-1"},"canonical":"https:\/\/jornalfatosenoticias.com.br\/index.php\/2025\/09\/25\/o-exodo-brasileiro-economia-em-ruinas-e-um-sistema-corrompido\/","og_locale":"pt_BR","og_type":"article","og_title":"O \u00eaxodo brasileiro, economia em ru\u00ednas e um sistema corrompido - Jornal Fatos e Not\u00edcias","og_description":"Por Ton Costa A economia brasileira enfrenta um dos per\u00edodos mais cr\u00edticos de sua hist\u00f3ria recente. O cen\u00e1rio \u00e9 marcado pelo fechamento constante de empresas, pelo crescimento do desemprego e por uma onda crescente de brasileiros que buscam em outros pa\u00edses a esperan\u00e7a de um futuro mais digno. Esse movimento n\u00e3o \u00e9 apenas reflexo de [&hellip;]","og_url":"https:\/\/jornalfatosenoticias.com.br\/index.php\/2025\/09\/25\/o-exodo-brasileiro-economia-em-ruinas-e-um-sistema-corrompido\/","og_site_name":"Jornal Fatos e Not\u00edcias","article_published_time":"2025-09-25T23:07:26+00:00","article_modified_time":"2025-09-25T23:07:27+00:00","og_image":[{"width":800,"height":445,"url":"https:\/\/jornalfatosenoticias.com.br\/wp-content\/uploads\/2025\/09\/foto-materia-Ton.jpg","type":"image\/jpeg"}],"author":"Luzimara Fernandes","twitter_card":"summary_large_image","twitter_misc":{"Escrito por":"Luzimara Fernandes","Est. tempo de leitura":"2 minutos"},"schema":{"@context":"https:\/\/schema.org","@graph":[{"@type":"Article","@id":"https:\/\/jornalfatosenoticias.com.br\/index.php\/2025\/09\/25\/o-exodo-brasileiro-economia-em-ruinas-e-um-sistema-corrompido\/#article","isPartOf":{"@id":"https:\/\/jornalfatosenoticias.com.br\/index.php\/2025\/09\/25\/o-exodo-brasileiro-economia-em-ruinas-e-um-sistema-corrompido\/"},"author":{"name":"Luzimara Fernandes","@id":"https:\/\/jornalfatosenoticias.com.br\/#\/schema\/person\/d63837fa13ac8666eb9e74e0985d6f81"},"headline":"O \u00eaxodo brasileiro, economia em ru\u00ednas e um sistema corrompido","datePublished":"2025-09-25T23:07:26+00:00","dateModified":"2025-09-25T23:07:27+00:00","mainEntityOfPage":{"@id":"https:\/\/jornalfatosenoticias.com.br\/index.php\/2025\/09\/25\/o-exodo-brasileiro-economia-em-ruinas-e-um-sistema-corrompido\/"},"wordCount":487,"commentCount":0,"publisher":{"@id":"https:\/\/jornalfatosenoticias.com.br\/#organization"},"image":{"@id":"https:\/\/jornalfatosenoticias.com.br\/index.php\/2025\/09\/25\/o-exodo-brasileiro-economia-em-ruinas-e-um-sistema-corrompido\/#primaryimage"},"thumbnailUrl":"https:\/\/jornalfatosenoticias.com.br\/wp-content\/uploads\/2025\/09\/foto-materia-Ton.jpg","keywords":["burocracia","carga tribut\u00e1ria sufocante","corrup\u00e7\u00e3o","crises c\u00edclicas","economia","economia brasileira"],"articleSection":["Economia"],"inLanguage":"pt-BR","potentialAction":[{"@type":"CommentAction","name":"Comment","target":["https:\/\/jornalfatosenoticias.com.br\/index.php\/2025\/09\/25\/o-exodo-brasileiro-economia-em-ruinas-e-um-sistema-corrompido\/#respond"]}]},{"@type":"WebPage","@id":"https:\/\/jornalfatosenoticias.com.br\/index.php\/2025\/09\/25\/o-exodo-brasileiro-economia-em-ruinas-e-um-sistema-corrompido\/","url":"https:\/\/jornalfatosenoticias.com.br\/index.php\/2025\/09\/25\/o-exodo-brasileiro-economia-em-ruinas-e-um-sistema-corrompido\/","name":"O \u00eaxodo brasileiro, economia em ru\u00ednas e um sistema corrompido - Jornal Fatos e Not\u00edcias","isPartOf":{"@id":"https:\/\/jornalfatosenoticias.com.br\/#website"},"primaryImageOfPage":{"@id":"https:\/\/jornalfatosenoticias.com.br\/index.php\/2025\/09\/25\/o-exodo-brasileiro-economia-em-ruinas-e-um-sistema-corrompido\/#primaryimage"},"image":{"@id":"https:\/\/jornalfatosenoticias.com.br\/index.php\/2025\/09\/25\/o-exodo-brasileiro-economia-em-ruinas-e-um-sistema-corrompido\/#primaryimage"},"thumbnailUrl":"https:\/\/jornalfatosenoticias.com.br\/wp-content\/uploads\/2025\/09\/foto-materia-Ton.jpg","datePublished":"2025-09-25T23:07:26+00:00","dateModified":"2025-09-25T23:07:27+00:00","breadcrumb":{"@id":"https:\/\/jornalfatosenoticias.com.br\/index.php\/2025\/09\/25\/o-exodo-brasileiro-economia-em-ruinas-e-um-sistema-corrompido\/#breadcrumb"},"inLanguage":"pt-BR","potentialAction":[{"@type":"ReadAction","target":["https:\/\/jornalfatosenoticias.com.br\/index.php\/2025\/09\/25\/o-exodo-brasileiro-economia-em-ruinas-e-um-sistema-corrompido\/"]}]},{"@type":"ImageObject","inLanguage":"pt-BR","@id":"https:\/\/jornalfatosenoticias.com.br\/index.php\/2025\/09\/25\/o-exodo-brasileiro-economia-em-ruinas-e-um-sistema-corrompido\/#primaryimage","url":"https:\/\/jornalfatosenoticias.com.br\/wp-content\/uploads\/2025\/09\/foto-materia-Ton.jpg","contentUrl":"https:\/\/jornalfatosenoticias.com.br\/wp-content\/uploads\/2025\/09\/foto-materia-Ton.jpg","width":800,"height":445},{"@type":"BreadcrumbList","@id":"https:\/\/jornalfatosenoticias.com.br\/index.php\/2025\/09\/25\/o-exodo-brasileiro-economia-em-ruinas-e-um-sistema-corrompido\/#breadcrumb","itemListElement":[{"@type":"ListItem","position":1,"name":"In\u00edcio","item":"https:\/\/jornalfatosenoticias.com.br\/"},{"@type":"ListItem","position":2,"name":"O \u00eaxodo brasileiro, economia em ru\u00ednas e um sistema corrompido"}]},{"@type":"WebSite","@id":"https:\/\/jornalfatosenoticias.com.br\/#website","url":"https:\/\/jornalfatosenoticias.com.br\/","name":"Jornal Fatos e Not\u00edcias","description":"Not\u00edcias em geral","publisher":{"@id":"https:\/\/jornalfatosenoticias.com.br\/#organization"},"potentialAction":[{"@type":"SearchAction","target":{"@type":"EntryPoint","urlTemplate":"https:\/\/jornalfatosenoticias.com.br\/?s={search_term_string}"},"query-input":{"@type":"PropertyValueSpecification","valueRequired":true,"valueName":"search_term_string"}}],"inLanguage":"pt-BR"},{"@type":"Organization","@id":"https:\/\/jornalfatosenoticias.com.br\/#organization","name":"Jornal Fatos e Not\u00edcias","url":"https:\/\/jornalfatosenoticias.com.br\/","logo":{"@type":"ImageObject","inLanguage":"pt-BR","@id":"https:\/\/jornalfatosenoticias.com.br\/#\/schema\/logo\/image\/","url":"https:\/\/jornalfatosenoticias.com.br\/wp-content\/uploads\/2020\/02\/logo120.png","contentUrl":"https:\/\/jornalfatosenoticias.com.br\/wp-content\/uploads\/2020\/02\/logo120.png","width":1227,"height":120,"caption":"Jornal Fatos e Not\u00edcias"},"image":{"@id":"https:\/\/jornalfatosenoticias.com.br\/#\/schema\/logo\/image\/"}},{"@type":"Person","@id":"https:\/\/jornalfatosenoticias.com.br\/#\/schema\/person\/d63837fa13ac8666eb9e74e0985d6f81","name":"Luzimara Fernandes","image":{"@type":"ImageObject","inLanguage":"pt-BR","@id":"https:\/\/jornalfatosenoticias.com.br\/#\/schema\/person\/image\/","url":"https:\/\/jornalfatosenoticias.com.br\/wp-content\/uploads\/2025\/05\/EU_portal.jpg","contentUrl":"https:\/\/jornalfatosenoticias.com.br\/wp-content\/uploads\/2025\/05\/EU_portal.jpg","caption":"Luzimara Fernandes"},"description":"Jornalista MTB 2358-ES","sameAs":["https:\/\/jornalfatosenoticias.com.br"],"url":"https:\/\/jornalfatosenoticias.com.br\/index.php\/author\/luzimara\/"}]}},"cc_featured_image_caption":{"caption_text":"(Foto: Reprodu\u00e7\u00e3o Facebook) ","source_text":"","source_url":""},"jetpack_featured_media_url":"https:\/\/jornalfatosenoticias.com.br\/wp-content\/uploads\/2025\/09\/foto-materia-Ton.jpg","_links":{"self":[{"href":"https:\/\/jornalfatosenoticias.com.br\/index.php\/wp-json\/wp\/v2\/posts\/62158","targetHints":{"allow":["GET"]}}],"collection":[{"href":"https:\/\/jornalfatosenoticias.com.br\/index.php\/wp-json\/wp\/v2\/posts"}],"about":[{"href":"https:\/\/jornalfatosenoticias.com.br\/index.php\/wp-json\/wp\/v2\/types\/post"}],"author":[{"embeddable":true,"href":"https:\/\/jornalfatosenoticias.com.br\/index.php\/wp-json\/wp\/v2\/users\/2"}],"replies":[{"embeddable":true,"href":"https:\/\/jornalfatosenoticias.com.br\/index.php\/wp-json\/wp\/v2\/comments?post=62158"}],"version-history":[{"count":0,"href":"https:\/\/jornalfatosenoticias.com.br\/index.php\/wp-json\/wp\/v2\/posts\/62158\/revisions"}],"wp:featuredmedia":[{"embeddable":true,"href":"https:\/\/jornalfatosenoticias.com.br\/index.php\/wp-json\/wp\/v2\/media\/62159"}],"wp:attachment":[{"href":"https:\/\/jornalfatosenoticias.com.br\/index.php\/wp-json\/wp\/v2\/media?parent=62158"}],"wp:term":[{"taxonomy":"category","embeddable":true,"href":"https:\/\/jornalfatosenoticias.com.br\/index.php\/wp-json\/wp\/v2\/categories?post=62158"},{"taxonomy":"post_tag","embeddable":true,"href":"https:\/\/jornalfatosenoticias.com.br\/index.php\/wp-json\/wp\/v2\/tags?post=62158"}],"curies":[{"name":"wp","href":"https:\/\/api.w.org\/{rel}","templated":true}]}}