{"id":62186,"date":"2025-09-29T09:57:10","date_gmt":"2025-09-29T12:57:10","guid":{"rendered":"https:\/\/jornalfatosenoticias.com.br\/?p=62186"},"modified":"2025-09-29T09:57:11","modified_gmt":"2025-09-29T12:57:11","slug":"brasil-e-o-4-o-pais-com-mais-jovens-que-nao-estudam-e-nem-trabalham","status":"publish","type":"post","link":"https:\/\/jornalfatosenoticias.com.br\/index.php\/2025\/09\/29\/brasil-e-o-4-o-pais-com-mais-jovens-que-nao-estudam-e-nem-trabalham\/","title":{"rendered":"Brasil \u00e9 o 4.\u00ba pa\u00eds com mais jovens que n\u00e3o estudam e nem trabalham"},"content":{"rendered":"\n<p><em><span class=\"has-inline-color has-black-color\">Pa\u00eds fica atr\u00e1s apenas da Col\u00f4mbia, \u00c1frica do Sul e Turquia<\/span><\/em><\/p>\n\n\n\n<p><span class=\"has-inline-color has-black-color\">Por <strong>Homework<\/strong><\/span><\/p>\n\n\n\n<div class=\"wp-block-image\"><figure class=\"aligncenter size-large is-resized\"><a href=\"https:\/\/www.facebook.com\/vetor.vix\/\"><img loading=\"lazy\" decoding=\"async\" src=\"https:\/\/jornalfatosenoticias.com.br\/wp-content\/uploads\/2023\/09\/vetorvix1024_1.jpg\" alt=\"\" class=\"wp-image-44868\" width=\"558\" height=\"148\" srcset=\"https:\/\/jornalfatosenoticias.com.br\/wp-content\/uploads\/2023\/09\/vetorvix1024_1.jpg 1024w, https:\/\/jornalfatosenoticias.com.br\/wp-content\/uploads\/2023\/09\/vetorvix1024_1-300x80.jpg 300w, https:\/\/jornalfatosenoticias.com.br\/wp-content\/uploads\/2023\/09\/vetorvix1024_1-768x205.jpg 768w\" sizes=\"auto, (max-width: 558px) 100vw, 558px\" \/><\/a><\/figure><\/div>\n\n\n\n<p>O Brasil ocupa a quarta posi\u00e7\u00e3o no ranking mundial de jovens de 18 a 24 anos que n\u00e3o estudam nem trabalham, a chamada gera\u00e7\u00e3o \u201cnem-nem\u201d. Segundo o relat\u00f3rio Education at a Glance 2025, divulgado pela Organiza\u00e7\u00e3o para a Coopera\u00e7\u00e3o e Desenvolvimento Econ\u00f4mico (OCDE), 24% dos jovens brasileiros nessa faixa et\u00e1ria est\u00e3o fora do sistema educacional e do mercado de trabalho, o que representa um \u00edndice quase duas vezes maior que a m\u00e9dia dos pa\u00edses-membros, de 14%. Apenas Col\u00f4mbia, \u00c1frica do Sul e Turquia apresentam n\u00fameros piores.<br>O estudo traz um alerta sobre como essa etapa pode ser crucial na transi\u00e7\u00e3o entre escola e carreira, e longos per\u00edodos de inatividade podem ampliar desigualdades econ\u00f4micas, sociais e at\u00e9 gerar impactos psicol\u00f3gicos duradouros. Outro dado relevante \u00e9 que o Brasil ainda integra um grupo restrito de cinco pa\u00edses que utilizam exclusivamente exames acad\u00eamicos, como Enem e vestibulares, para o ingresso em universidades p\u00fablicas. Nos demais 29 pa\u00edses avaliados, j\u00e1 s\u00e3o aplicados m\u00e9todos complementares, como entrevistas, an\u00e1lise de experi\u00eancias pr\u00e9vias e desempenho escolar, que buscam valorizar tamb\u00e9m compet\u00eancias socioemocionais e pr\u00e1ticas.<\/p>\n\n\n\n<div class=\"wp-block-image\"><figure class=\"aligncenter size-large\"><a href=\"https:\/\/www.cesconetto.com.br\/\"><img loading=\"lazy\" decoding=\"async\" width=\"300\" height=\"250\" src=\"https:\/\/jornalfatosenoticias.com.br\/wp-content\/uploads\/2022\/02\/Banner-2.png\" alt=\"\" class=\"wp-image-27877\"\/><\/a><\/figure><\/div>\n\n\n\n<p>Especialistas avaliam que reduzir o \u00edndice de jovens \u201cnem-nem\u201d exige uma combina\u00e7\u00e3o de pol\u00edticas p\u00fablicas e iniciativas privadas. A revis\u00e3o do acesso ao ensino superior, a amplia\u00e7\u00e3o do ensino t\u00e9cnico e profissionalizante e a cria\u00e7\u00e3o de programas que conectem empresas e escolas s\u00e3o apontados como caminhos para encurtar a transi\u00e7\u00e3o entre estudo e mercado.<\/p>\n\n\n\n<div class=\"wp-block-image\"><figure class=\"aligncenter size-large is-resized\"><a href=\"https:\/\/hotelmarquetti.com.br\/\"><img loading=\"lazy\" decoding=\"async\" src=\"https:\/\/jornalfatosenoticias.com.br\/wp-content\/uploads\/2020\/02\/LOGO-MQ-1024x680.jpg\" alt=\"\" class=\"wp-image-58299\" width=\"329\" height=\"218\" srcset=\"https:\/\/jornalfatosenoticias.com.br\/wp-content\/uploads\/2020\/02\/LOGO-MQ-1024x680.jpg 1024w, https:\/\/jornalfatosenoticias.com.br\/wp-content\/uploads\/2020\/02\/LOGO-MQ-300x199.jpg 300w, https:\/\/jornalfatosenoticias.com.br\/wp-content\/uploads\/2020\/02\/LOGO-MQ-768x510.jpg 768w, https:\/\/jornalfatosenoticias.com.br\/wp-content\/uploads\/2020\/02\/LOGO-MQ-1536x1020.jpg 1536w, https:\/\/jornalfatosenoticias.com.br\/wp-content\/uploads\/2020\/02\/LOGO-MQ-2048x1360.jpg 2048w\" sizes=\"auto, (max-width: 329px) 100vw, 329px\" \/><\/a><\/figure><\/div>\n\n\n\n<p>A experi\u00eancia de Portugal mostra resultados nesse sentido: um estudo da Funda\u00e7\u00e3o Francisco Manuel dos Santos indica que a expans\u00e3o dos cursos profissionais aumentou a conclus\u00e3o do ensino secund\u00e1rio, melhorou a integra\u00e7\u00e3o dos jovens no mercado e estimulou o empreendedorismo.<\/p>\n\n\n\n<div class=\"wp-block-image\"><figure class=\"aligncenter size-large is-resized\"><a href=\"https:\/\/www.instagram.com\/rcradiadores\/\"><img loading=\"lazy\" decoding=\"async\" src=\"https:\/\/jornalfatosenoticias.com.br\/wp-content\/uploads\/2022\/10\/RC_800x750_page-0001.jpg\" alt=\"\" class=\"wp-image-35338\" width=\"268\" height=\"251\" srcset=\"https:\/\/jornalfatosenoticias.com.br\/wp-content\/uploads\/2022\/10\/RC_800x750_page-0001.jpg 400w, https:\/\/jornalfatosenoticias.com.br\/wp-content\/uploads\/2022\/10\/RC_800x750_page-0001-300x281.jpg 300w\" sizes=\"auto, (max-width: 268px) 100vw, 268px\" \/><\/a><\/figure><\/div>\n\n\n\n<p>Para o especialista Giuliano Amaral, que tamb\u00e9m \u00e9 um dos idealizadores e CEO da Startup Mileto \u2014 que vem atuando fortemente no Brasil para conectar estudantes do ensino m\u00e9dio t\u00e9cnico a pequenas e m\u00e9dias empresas, oferecendo est\u00e1gios, mentorias e trilhas de desenvolvimento em soft skills \u2014 as empresas podem ser grandes aliadas para a transforma\u00e7\u00e3o deste cen\u00e1rio, mas, para isso, \u00e9 preciso mudar a vis\u00e3o sobre essa gera\u00e7\u00e3o de jovens.<\/p>\n\n\n\n<div class=\"wp-block-image\"><figure class=\"aligncenter size-large\"><a href=\"http:\/\/www.ferrarimaquinas.com.br\/\"><img loading=\"lazy\" decoding=\"async\" width=\"300\" height=\"250\" src=\"https:\/\/jornalfatosenoticias.com.br\/wp-content\/uploads\/2022\/02\/FERRARI_MAQUINAS-E-FERRAMENTAS2.jpg\" alt=\"\" class=\"wp-image-27860\"\/><\/a><\/figure><\/div>\n\n\n\n<blockquote class=\"wp-block-quote is-layout-flow wp-block-quote-is-layout-flow\"><p><span class=\"has-inline-color has-luminous-vivid-orange-color\">As empresas precisam enxergar os jovens como protagonistas, e n\u00e3o apenas como m\u00e3o de obra em forma\u00e7\u00e3o. Investir em empregabilidade e no desenvolvimento de soft skills gera impacto social e fortalece a economia\u201d, afirma. Segundo Amaral, o Brasil tem potencial para virar esse jogo. \u201cMas precisamos de pol\u00edticas p\u00fablicas mais robustas, do engajamento das empresas e de solu\u00e7\u00f5es inovadoras que deem visibilidade ao jovem talento\u201d, conclui Amaral.<\/span><\/p><\/blockquote>\n\n\n\n<div class=\"wp-block-image\"><figure class=\"aligncenter size-large is-resized\"><a href=\"https:\/\/www.controlsystems.com.br\/\"><img loading=\"lazy\" decoding=\"async\" src=\"https:\/\/jornalfatosenoticias.com.br\/wp-content\/uploads\/2020\/02\/CONTROL-CS.jpg\" alt=\"\" class=\"wp-image-44991\" width=\"255\" height=\"305\" srcset=\"https:\/\/jornalfatosenoticias.com.br\/wp-content\/uploads\/2020\/02\/CONTROL-CS.jpg 834w, https:\/\/jornalfatosenoticias.com.br\/wp-content\/uploads\/2020\/02\/CONTROL-CS-250x300.jpg 250w, https:\/\/jornalfatosenoticias.com.br\/wp-content\/uploads\/2020\/02\/CONTROL-CS-768x921.jpg 768w\" sizes=\"auto, (max-width: 255px) 100vw, 255px\" \/><\/a><\/figure><\/div>\n\n\n\n<p><strong>Fonte: <a href=\"https:\/\/www.terra.com.br\/economia\/financas-pessoais\/brasil-e-o-4-pais-com-mais-jovens-nem-nem-que-nao-estudam-e-nem-trabalham,b6279ed597b6bce49ce1dadf1c3b21b5uu5f46lf.html\">Terra<\/a><\/strong><\/p>\n","protected":false},"excerpt":{"rendered":"<p>Pa\u00eds fica atr\u00e1s apenas da Col\u00f4mbia, \u00c1frica do Sul e Turquia Por Homework O Brasil ocupa a quarta posi\u00e7\u00e3o no ranking mundial de jovens de 18 a 24 anos que n\u00e3o estudam nem trabalham, a chamada gera\u00e7\u00e3o \u201cnem-nem\u201d. Segundo o relat\u00f3rio Education at a Glance 2025, divulgado pela Organiza\u00e7\u00e3o para a Coopera\u00e7\u00e3o e Desenvolvimento Econ\u00f4mico [&hellip;]<\/p>\n","protected":false},"author":2,"featured_media":62187,"comment_status":"open","ping_status":"open","sticky":false,"template":"","format":"standard","meta":{"footnotes":""},"categories":[7],"tags":[7849,410,28360,3498,18638,388,28359],"class_list":["post-62186","post","type-post","status-publish","format-standard","has-post-thumbnail","hentry","category-educacao","tag-carreira","tag-escola","tag-geracao-nem-nem","tag-jovens","tag-jovens-brasileiros","tag-mercado-de-trabalho","tag-nao-estudam-nem-trabalham"],"yoast_head":"<!-- This site is optimized with the Yoast SEO plugin v26.5 - https:\/\/yoast.com\/wordpress\/plugins\/seo\/ -->\n<title>Brasil \u00e9 o 4.\u00ba pa\u00eds com mais jovens que n\u00e3o estudam e nem trabalham - Jornal Fatos e Not\u00edcias<\/title>\n<meta name=\"robots\" content=\"index, follow, max-snippet:-1, max-image-preview:large, max-video-preview:-1\" \/>\n<link rel=\"canonical\" href=\"https:\/\/jornalfatosenoticias.com.br\/index.php\/2025\/09\/29\/brasil-e-o-4-o-pais-com-mais-jovens-que-nao-estudam-e-nem-trabalham\/\" \/>\n<meta property=\"og:locale\" content=\"pt_BR\" \/>\n<meta property=\"og:type\" content=\"article\" \/>\n<meta property=\"og:title\" content=\"Brasil \u00e9 o 4.\u00ba pa\u00eds com mais jovens que n\u00e3o estudam e nem trabalham - Jornal Fatos e Not\u00edcias\" \/>\n<meta property=\"og:description\" content=\"Pa\u00eds fica atr\u00e1s apenas da Col\u00f4mbia, \u00c1frica do Sul e Turquia Por Homework O Brasil ocupa a quarta posi\u00e7\u00e3o no ranking mundial de jovens de 18 a 24 anos que n\u00e3o estudam nem trabalham, a chamada gera\u00e7\u00e3o \u201cnem-nem\u201d. Segundo o relat\u00f3rio Education at a Glance 2025, divulgado pela Organiza\u00e7\u00e3o para a Coopera\u00e7\u00e3o e Desenvolvimento Econ\u00f4mico [&hellip;]\" \/>\n<meta property=\"og:url\" content=\"https:\/\/jornalfatosenoticias.com.br\/index.php\/2025\/09\/29\/brasil-e-o-4-o-pais-com-mais-jovens-que-nao-estudam-e-nem-trabalham\/\" \/>\n<meta property=\"og:site_name\" content=\"Jornal Fatos e Not\u00edcias\" \/>\n<meta property=\"article:published_time\" content=\"2025-09-29T12:57:10+00:00\" \/>\n<meta property=\"article:modified_time\" content=\"2025-09-29T12:57:11+00:00\" \/>\n<meta property=\"og:image\" content=\"https:\/\/jornalfatosenoticias.com.br\/wp-content\/uploads\/2025\/09\/jovens-nem-nem_istock.jpg\" \/>\n\t<meta property=\"og:image:width\" content=\"612\" \/>\n\t<meta property=\"og:image:height\" content=\"407\" \/>\n\t<meta property=\"og:image:type\" content=\"image\/jpeg\" \/>\n<meta name=\"author\" content=\"Luzimara Fernandes\" \/>\n<meta name=\"twitter:card\" content=\"summary_large_image\" \/>\n<meta name=\"twitter:label1\" content=\"Escrito por\" \/>\n\t<meta name=\"twitter:data1\" content=\"Luzimara Fernandes\" \/>\n\t<meta name=\"twitter:label2\" content=\"Est. tempo de leitura\" \/>\n\t<meta name=\"twitter:data2\" content=\"2 minutos\" \/>\n<script type=\"application\/ld+json\" class=\"yoast-schema-graph\">{\"@context\":\"https:\/\/schema.org\",\"@graph\":[{\"@type\":\"Article\",\"@id\":\"https:\/\/jornalfatosenoticias.com.br\/index.php\/2025\/09\/29\/brasil-e-o-4-o-pais-com-mais-jovens-que-nao-estudam-e-nem-trabalham\/#article\",\"isPartOf\":{\"@id\":\"https:\/\/jornalfatosenoticias.com.br\/index.php\/2025\/09\/29\/brasil-e-o-4-o-pais-com-mais-jovens-que-nao-estudam-e-nem-trabalham\/\"},\"author\":{\"name\":\"Luzimara Fernandes\",\"@id\":\"https:\/\/jornalfatosenoticias.com.br\/#\/schema\/person\/d63837fa13ac8666eb9e74e0985d6f81\"},\"headline\":\"Brasil \u00e9 o 4.\u00ba pa\u00eds com mais jovens que n\u00e3o estudam e nem trabalham\",\"datePublished\":\"2025-09-29T12:57:10+00:00\",\"dateModified\":\"2025-09-29T12:57:11+00:00\",\"mainEntityOfPage\":{\"@id\":\"https:\/\/jornalfatosenoticias.com.br\/index.php\/2025\/09\/29\/brasil-e-o-4-o-pais-com-mais-jovens-que-nao-estudam-e-nem-trabalham\/\"},\"wordCount\":488,\"commentCount\":0,\"publisher\":{\"@id\":\"https:\/\/jornalfatosenoticias.com.br\/#organization\"},\"image\":{\"@id\":\"https:\/\/jornalfatosenoticias.com.br\/index.php\/2025\/09\/29\/brasil-e-o-4-o-pais-com-mais-jovens-que-nao-estudam-e-nem-trabalham\/#primaryimage\"},\"thumbnailUrl\":\"https:\/\/jornalfatosenoticias.com.br\/wp-content\/uploads\/2025\/09\/jovens-nem-nem_istock.jpg\",\"keywords\":[\"carreira\",\"escola\",\"gera\u00e7\u00e3o \u201cnem-nem\u201d\",\"jovens\",\"jovens brasileiros\",\"mercado de trabalho\",\"n\u00e3o estudam nem trabalham\"],\"articleSection\":[\"Educa\u00e7\u00e3o\"],\"inLanguage\":\"pt-BR\",\"potentialAction\":[{\"@type\":\"CommentAction\",\"name\":\"Comment\",\"target\":[\"https:\/\/jornalfatosenoticias.com.br\/index.php\/2025\/09\/29\/brasil-e-o-4-o-pais-com-mais-jovens-que-nao-estudam-e-nem-trabalham\/#respond\"]}]},{\"@type\":\"WebPage\",\"@id\":\"https:\/\/jornalfatosenoticias.com.br\/index.php\/2025\/09\/29\/brasil-e-o-4-o-pais-com-mais-jovens-que-nao-estudam-e-nem-trabalham\/\",\"url\":\"https:\/\/jornalfatosenoticias.com.br\/index.php\/2025\/09\/29\/brasil-e-o-4-o-pais-com-mais-jovens-que-nao-estudam-e-nem-trabalham\/\",\"name\":\"Brasil \u00e9 o 4.\u00ba pa\u00eds com mais jovens que n\u00e3o estudam e nem trabalham - Jornal Fatos e Not\u00edcias\",\"isPartOf\":{\"@id\":\"https:\/\/jornalfatosenoticias.com.br\/#website\"},\"primaryImageOfPage\":{\"@id\":\"https:\/\/jornalfatosenoticias.com.br\/index.php\/2025\/09\/29\/brasil-e-o-4-o-pais-com-mais-jovens-que-nao-estudam-e-nem-trabalham\/#primaryimage\"},\"image\":{\"@id\":\"https:\/\/jornalfatosenoticias.com.br\/index.php\/2025\/09\/29\/brasil-e-o-4-o-pais-com-mais-jovens-que-nao-estudam-e-nem-trabalham\/#primaryimage\"},\"thumbnailUrl\":\"https:\/\/jornalfatosenoticias.com.br\/wp-content\/uploads\/2025\/09\/jovens-nem-nem_istock.jpg\",\"datePublished\":\"2025-09-29T12:57:10+00:00\",\"dateModified\":\"2025-09-29T12:57:11+00:00\",\"breadcrumb\":{\"@id\":\"https:\/\/jornalfatosenoticias.com.br\/index.php\/2025\/09\/29\/brasil-e-o-4-o-pais-com-mais-jovens-que-nao-estudam-e-nem-trabalham\/#breadcrumb\"},\"inLanguage\":\"pt-BR\",\"potentialAction\":[{\"@type\":\"ReadAction\",\"target\":[\"https:\/\/jornalfatosenoticias.com.br\/index.php\/2025\/09\/29\/brasil-e-o-4-o-pais-com-mais-jovens-que-nao-estudam-e-nem-trabalham\/\"]}]},{\"@type\":\"ImageObject\",\"inLanguage\":\"pt-BR\",\"@id\":\"https:\/\/jornalfatosenoticias.com.br\/index.php\/2025\/09\/29\/brasil-e-o-4-o-pais-com-mais-jovens-que-nao-estudam-e-nem-trabalham\/#primaryimage\",\"url\":\"https:\/\/jornalfatosenoticias.com.br\/wp-content\/uploads\/2025\/09\/jovens-nem-nem_istock.jpg\",\"contentUrl\":\"https:\/\/jornalfatosenoticias.com.br\/wp-content\/uploads\/2025\/09\/jovens-nem-nem_istock.jpg\",\"width\":612,\"height\":407,\"caption\":\"A teenager using his cell phone at home sitting on the couch with his dog close to him.\"},{\"@type\":\"BreadcrumbList\",\"@id\":\"https:\/\/jornalfatosenoticias.com.br\/index.php\/2025\/09\/29\/brasil-e-o-4-o-pais-com-mais-jovens-que-nao-estudam-e-nem-trabalham\/#breadcrumb\",\"itemListElement\":[{\"@type\":\"ListItem\",\"position\":1,\"name\":\"In\u00edcio\",\"item\":\"https:\/\/jornalfatosenoticias.com.br\/\"},{\"@type\":\"ListItem\",\"position\":2,\"name\":\"Brasil \u00e9 o 4.\u00ba pa\u00eds com mais jovens que n\u00e3o estudam e nem trabalham\"}]},{\"@type\":\"WebSite\",\"@id\":\"https:\/\/jornalfatosenoticias.com.br\/#website\",\"url\":\"https:\/\/jornalfatosenoticias.com.br\/\",\"name\":\"Jornal Fatos e Not\u00edcias\",\"description\":\"Not\u00edcias em geral\",\"publisher\":{\"@id\":\"https:\/\/jornalfatosenoticias.com.br\/#organization\"},\"potentialAction\":[{\"@type\":\"SearchAction\",\"target\":{\"@type\":\"EntryPoint\",\"urlTemplate\":\"https:\/\/jornalfatosenoticias.com.br\/?s={search_term_string}\"},\"query-input\":{\"@type\":\"PropertyValueSpecification\",\"valueRequired\":true,\"valueName\":\"search_term_string\"}}],\"inLanguage\":\"pt-BR\"},{\"@type\":\"Organization\",\"@id\":\"https:\/\/jornalfatosenoticias.com.br\/#organization\",\"name\":\"Jornal Fatos e Not\u00edcias\",\"url\":\"https:\/\/jornalfatosenoticias.com.br\/\",\"logo\":{\"@type\":\"ImageObject\",\"inLanguage\":\"pt-BR\",\"@id\":\"https:\/\/jornalfatosenoticias.com.br\/#\/schema\/logo\/image\/\",\"url\":\"https:\/\/jornalfatosenoticias.com.br\/wp-content\/uploads\/2020\/02\/logo120.png\",\"contentUrl\":\"https:\/\/jornalfatosenoticias.com.br\/wp-content\/uploads\/2020\/02\/logo120.png\",\"width\":1227,\"height\":120,\"caption\":\"Jornal Fatos e Not\u00edcias\"},\"image\":{\"@id\":\"https:\/\/jornalfatosenoticias.com.br\/#\/schema\/logo\/image\/\"}},{\"@type\":\"Person\",\"@id\":\"https:\/\/jornalfatosenoticias.com.br\/#\/schema\/person\/d63837fa13ac8666eb9e74e0985d6f81\",\"name\":\"Luzimara Fernandes\",\"image\":{\"@type\":\"ImageObject\",\"inLanguage\":\"pt-BR\",\"@id\":\"https:\/\/jornalfatosenoticias.com.br\/#\/schema\/person\/image\/\",\"url\":\"https:\/\/jornalfatosenoticias.com.br\/wp-content\/uploads\/2025\/05\/EU_portal.jpg\",\"contentUrl\":\"https:\/\/jornalfatosenoticias.com.br\/wp-content\/uploads\/2025\/05\/EU_portal.jpg\",\"caption\":\"Luzimara Fernandes\"},\"description\":\"Jornalista MTB 2358-ES\",\"sameAs\":[\"https:\/\/jornalfatosenoticias.com.br\"],\"url\":\"https:\/\/jornalfatosenoticias.com.br\/index.php\/author\/luzimara\/\"}]}<\/script>\n<!-- \/ Yoast SEO plugin. -->","yoast_head_json":{"title":"Brasil \u00e9 o 4.\u00ba pa\u00eds com mais jovens que n\u00e3o estudam e nem trabalham - Jornal Fatos e Not\u00edcias","robots":{"index":"index","follow":"follow","max-snippet":"max-snippet:-1","max-image-preview":"max-image-preview:large","max-video-preview":"max-video-preview:-1"},"canonical":"https:\/\/jornalfatosenoticias.com.br\/index.php\/2025\/09\/29\/brasil-e-o-4-o-pais-com-mais-jovens-que-nao-estudam-e-nem-trabalham\/","og_locale":"pt_BR","og_type":"article","og_title":"Brasil \u00e9 o 4.\u00ba pa\u00eds com mais jovens que n\u00e3o estudam e nem trabalham - Jornal Fatos e Not\u00edcias","og_description":"Pa\u00eds fica atr\u00e1s apenas da Col\u00f4mbia, \u00c1frica do Sul e Turquia Por Homework O Brasil ocupa a quarta posi\u00e7\u00e3o no ranking mundial de jovens de 18 a 24 anos que n\u00e3o estudam nem trabalham, a chamada gera\u00e7\u00e3o \u201cnem-nem\u201d. Segundo o relat\u00f3rio Education at a Glance 2025, divulgado pela Organiza\u00e7\u00e3o para a Coopera\u00e7\u00e3o e Desenvolvimento Econ\u00f4mico [&hellip;]","og_url":"https:\/\/jornalfatosenoticias.com.br\/index.php\/2025\/09\/29\/brasil-e-o-4-o-pais-com-mais-jovens-que-nao-estudam-e-nem-trabalham\/","og_site_name":"Jornal Fatos e Not\u00edcias","article_published_time":"2025-09-29T12:57:10+00:00","article_modified_time":"2025-09-29T12:57:11+00:00","og_image":[{"width":612,"height":407,"url":"https:\/\/jornalfatosenoticias.com.br\/wp-content\/uploads\/2025\/09\/jovens-nem-nem_istock.jpg","type":"image\/jpeg"}],"author":"Luzimara Fernandes","twitter_card":"summary_large_image","twitter_misc":{"Escrito por":"Luzimara Fernandes","Est. tempo de leitura":"2 minutos"},"schema":{"@context":"https:\/\/schema.org","@graph":[{"@type":"Article","@id":"https:\/\/jornalfatosenoticias.com.br\/index.php\/2025\/09\/29\/brasil-e-o-4-o-pais-com-mais-jovens-que-nao-estudam-e-nem-trabalham\/#article","isPartOf":{"@id":"https:\/\/jornalfatosenoticias.com.br\/index.php\/2025\/09\/29\/brasil-e-o-4-o-pais-com-mais-jovens-que-nao-estudam-e-nem-trabalham\/"},"author":{"name":"Luzimara Fernandes","@id":"https:\/\/jornalfatosenoticias.com.br\/#\/schema\/person\/d63837fa13ac8666eb9e74e0985d6f81"},"headline":"Brasil \u00e9 o 4.\u00ba pa\u00eds com mais jovens que n\u00e3o estudam e nem trabalham","datePublished":"2025-09-29T12:57:10+00:00","dateModified":"2025-09-29T12:57:11+00:00","mainEntityOfPage":{"@id":"https:\/\/jornalfatosenoticias.com.br\/index.php\/2025\/09\/29\/brasil-e-o-4-o-pais-com-mais-jovens-que-nao-estudam-e-nem-trabalham\/"},"wordCount":488,"commentCount":0,"publisher":{"@id":"https:\/\/jornalfatosenoticias.com.br\/#organization"},"image":{"@id":"https:\/\/jornalfatosenoticias.com.br\/index.php\/2025\/09\/29\/brasil-e-o-4-o-pais-com-mais-jovens-que-nao-estudam-e-nem-trabalham\/#primaryimage"},"thumbnailUrl":"https:\/\/jornalfatosenoticias.com.br\/wp-content\/uploads\/2025\/09\/jovens-nem-nem_istock.jpg","keywords":["carreira","escola","gera\u00e7\u00e3o \u201cnem-nem\u201d","jovens","jovens brasileiros","mercado de trabalho","n\u00e3o estudam nem trabalham"],"articleSection":["Educa\u00e7\u00e3o"],"inLanguage":"pt-BR","potentialAction":[{"@type":"CommentAction","name":"Comment","target":["https:\/\/jornalfatosenoticias.com.br\/index.php\/2025\/09\/29\/brasil-e-o-4-o-pais-com-mais-jovens-que-nao-estudam-e-nem-trabalham\/#respond"]}]},{"@type":"WebPage","@id":"https:\/\/jornalfatosenoticias.com.br\/index.php\/2025\/09\/29\/brasil-e-o-4-o-pais-com-mais-jovens-que-nao-estudam-e-nem-trabalham\/","url":"https:\/\/jornalfatosenoticias.com.br\/index.php\/2025\/09\/29\/brasil-e-o-4-o-pais-com-mais-jovens-que-nao-estudam-e-nem-trabalham\/","name":"Brasil \u00e9 o 4.\u00ba pa\u00eds com mais jovens que n\u00e3o estudam e nem trabalham - Jornal Fatos e Not\u00edcias","isPartOf":{"@id":"https:\/\/jornalfatosenoticias.com.br\/#website"},"primaryImageOfPage":{"@id":"https:\/\/jornalfatosenoticias.com.br\/index.php\/2025\/09\/29\/brasil-e-o-4-o-pais-com-mais-jovens-que-nao-estudam-e-nem-trabalham\/#primaryimage"},"image":{"@id":"https:\/\/jornalfatosenoticias.com.br\/index.php\/2025\/09\/29\/brasil-e-o-4-o-pais-com-mais-jovens-que-nao-estudam-e-nem-trabalham\/#primaryimage"},"thumbnailUrl":"https:\/\/jornalfatosenoticias.com.br\/wp-content\/uploads\/2025\/09\/jovens-nem-nem_istock.jpg","datePublished":"2025-09-29T12:57:10+00:00","dateModified":"2025-09-29T12:57:11+00:00","breadcrumb":{"@id":"https:\/\/jornalfatosenoticias.com.br\/index.php\/2025\/09\/29\/brasil-e-o-4-o-pais-com-mais-jovens-que-nao-estudam-e-nem-trabalham\/#breadcrumb"},"inLanguage":"pt-BR","potentialAction":[{"@type":"ReadAction","target":["https:\/\/jornalfatosenoticias.com.br\/index.php\/2025\/09\/29\/brasil-e-o-4-o-pais-com-mais-jovens-que-nao-estudam-e-nem-trabalham\/"]}]},{"@type":"ImageObject","inLanguage":"pt-BR","@id":"https:\/\/jornalfatosenoticias.com.br\/index.php\/2025\/09\/29\/brasil-e-o-4-o-pais-com-mais-jovens-que-nao-estudam-e-nem-trabalham\/#primaryimage","url":"https:\/\/jornalfatosenoticias.com.br\/wp-content\/uploads\/2025\/09\/jovens-nem-nem_istock.jpg","contentUrl":"https:\/\/jornalfatosenoticias.com.br\/wp-content\/uploads\/2025\/09\/jovens-nem-nem_istock.jpg","width":612,"height":407,"caption":"A teenager using his cell phone at home sitting on the couch with his dog close to him."},{"@type":"BreadcrumbList","@id":"https:\/\/jornalfatosenoticias.com.br\/index.php\/2025\/09\/29\/brasil-e-o-4-o-pais-com-mais-jovens-que-nao-estudam-e-nem-trabalham\/#breadcrumb","itemListElement":[{"@type":"ListItem","position":1,"name":"In\u00edcio","item":"https:\/\/jornalfatosenoticias.com.br\/"},{"@type":"ListItem","position":2,"name":"Brasil \u00e9 o 4.\u00ba pa\u00eds com mais jovens que n\u00e3o estudam e nem trabalham"}]},{"@type":"WebSite","@id":"https:\/\/jornalfatosenoticias.com.br\/#website","url":"https:\/\/jornalfatosenoticias.com.br\/","name":"Jornal Fatos e Not\u00edcias","description":"Not\u00edcias em geral","publisher":{"@id":"https:\/\/jornalfatosenoticias.com.br\/#organization"},"potentialAction":[{"@type":"SearchAction","target":{"@type":"EntryPoint","urlTemplate":"https:\/\/jornalfatosenoticias.com.br\/?s={search_term_string}"},"query-input":{"@type":"PropertyValueSpecification","valueRequired":true,"valueName":"search_term_string"}}],"inLanguage":"pt-BR"},{"@type":"Organization","@id":"https:\/\/jornalfatosenoticias.com.br\/#organization","name":"Jornal Fatos e Not\u00edcias","url":"https:\/\/jornalfatosenoticias.com.br\/","logo":{"@type":"ImageObject","inLanguage":"pt-BR","@id":"https:\/\/jornalfatosenoticias.com.br\/#\/schema\/logo\/image\/","url":"https:\/\/jornalfatosenoticias.com.br\/wp-content\/uploads\/2020\/02\/logo120.png","contentUrl":"https:\/\/jornalfatosenoticias.com.br\/wp-content\/uploads\/2020\/02\/logo120.png","width":1227,"height":120,"caption":"Jornal Fatos e Not\u00edcias"},"image":{"@id":"https:\/\/jornalfatosenoticias.com.br\/#\/schema\/logo\/image\/"}},{"@type":"Person","@id":"https:\/\/jornalfatosenoticias.com.br\/#\/schema\/person\/d63837fa13ac8666eb9e74e0985d6f81","name":"Luzimara Fernandes","image":{"@type":"ImageObject","inLanguage":"pt-BR","@id":"https:\/\/jornalfatosenoticias.com.br\/#\/schema\/person\/image\/","url":"https:\/\/jornalfatosenoticias.com.br\/wp-content\/uploads\/2025\/05\/EU_portal.jpg","contentUrl":"https:\/\/jornalfatosenoticias.com.br\/wp-content\/uploads\/2025\/05\/EU_portal.jpg","caption":"Luzimara Fernandes"},"description":"Jornalista MTB 2358-ES","sameAs":["https:\/\/jornalfatosenoticias.com.br"],"url":"https:\/\/jornalfatosenoticias.com.br\/index.php\/author\/luzimara\/"}]}},"cc_featured_image_caption":{"caption_text":"(Foto: iStock)  ","source_text":"","source_url":""},"jetpack_featured_media_url":"https:\/\/jornalfatosenoticias.com.br\/wp-content\/uploads\/2025\/09\/jovens-nem-nem_istock.jpg","_links":{"self":[{"href":"https:\/\/jornalfatosenoticias.com.br\/index.php\/wp-json\/wp\/v2\/posts\/62186","targetHints":{"allow":["GET"]}}],"collection":[{"href":"https:\/\/jornalfatosenoticias.com.br\/index.php\/wp-json\/wp\/v2\/posts"}],"about":[{"href":"https:\/\/jornalfatosenoticias.com.br\/index.php\/wp-json\/wp\/v2\/types\/post"}],"author":[{"embeddable":true,"href":"https:\/\/jornalfatosenoticias.com.br\/index.php\/wp-json\/wp\/v2\/users\/2"}],"replies":[{"embeddable":true,"href":"https:\/\/jornalfatosenoticias.com.br\/index.php\/wp-json\/wp\/v2\/comments?post=62186"}],"version-history":[{"count":0,"href":"https:\/\/jornalfatosenoticias.com.br\/index.php\/wp-json\/wp\/v2\/posts\/62186\/revisions"}],"wp:featuredmedia":[{"embeddable":true,"href":"https:\/\/jornalfatosenoticias.com.br\/index.php\/wp-json\/wp\/v2\/media\/62187"}],"wp:attachment":[{"href":"https:\/\/jornalfatosenoticias.com.br\/index.php\/wp-json\/wp\/v2\/media?parent=62186"}],"wp:term":[{"taxonomy":"category","embeddable":true,"href":"https:\/\/jornalfatosenoticias.com.br\/index.php\/wp-json\/wp\/v2\/categories?post=62186"},{"taxonomy":"post_tag","embeddable":true,"href":"https:\/\/jornalfatosenoticias.com.br\/index.php\/wp-json\/wp\/v2\/tags?post=62186"}],"curies":[{"name":"wp","href":"https:\/\/api.w.org\/{rel}","templated":true}]}}