{"id":62195,"date":"2025-09-29T10:29:09","date_gmt":"2025-09-29T13:29:09","guid":{"rendered":"https:\/\/jornalfatosenoticias.com.br\/?p=62195"},"modified":"2025-09-29T10:29:12","modified_gmt":"2025-09-29T13:29:12","slug":"o-que-e-a-paralisia-do-sono-e-como-ela-e-explicada-pela-ciencia","status":"publish","type":"post","link":"https:\/\/jornalfatosenoticias.com.br\/index.php\/2025\/09\/29\/o-que-e-a-paralisia-do-sono-e-como-ela-e-explicada-pela-ciencia\/","title":{"rendered":"O que \u00e9 a paralisia do sono e como ela \u00e9 explicada pela ci\u00eancia?"},"content":{"rendered":"\n<p><em><span class=\"has-inline-color has-black-color\">Sensa\u00e7\u00e3o de sufocamento, alucina\u00e7\u00f5es e incapacidade de se mover podem indicar paralisia do sono, um dist\u00farbio assustador, mas que a ci\u00eancia j\u00e1 explica<\/span><\/em><\/p>\n\n\n\n<p><span class=\"has-inline-color has-black-color\">Por <strong><a href=\"https:\/\/www.bonsfluidos.com.br\/author\/isabella-bisordi\">Isabella Bisordi<\/a><\/strong><\/span><\/p>\n\n\n\n<div class=\"wp-block-image\"><figure class=\"aligncenter size-large\"><a href=\"https:\/\/mizu.com.br\/\"><img loading=\"lazy\" decoding=\"async\" width=\"729\" height=\"90\" src=\"https:\/\/jornalfatosenoticias.com.br\/wp-content\/uploads\/2020\/02\/Logo_Mizu.png\" alt=\"\" class=\"wp-image-1441\" srcset=\"https:\/\/jornalfatosenoticias.com.br\/wp-content\/uploads\/2020\/02\/Logo_Mizu.png 729w, https:\/\/jornalfatosenoticias.com.br\/wp-content\/uploads\/2020\/02\/Logo_Mizu-300x37.png 300w\" sizes=\"auto, (max-width: 729px) 100vw, 729px\" \/><\/a><\/figure><\/div>\n\n\n\n<p>Acordar e perceber que n\u00e3o consegue mover o corpo, nem pedir por ajuda, pode ser uma experi\u00eancia aterrorizante. Essa sensa\u00e7\u00e3o, muitas vezes acompanhada de sufocamento, alucina\u00e7\u00f5es ou medo intenso, \u00e9 conhecida como paralisia do sono, um <a href=\"https:\/\/www.bonsfluidos.com.br\/comportamento\/dormir-mal-eleva-os-riscos-de-alzheimer-revela-estudo.phtml\">fen\u00f4meno<\/a> que intriga e assusta, mas que tem explica\u00e7\u00f5es cient\u00edficas.<br>Trata-se de um <a href=\"https:\/\/www.bonsfluidos.com.br\/comportamento\/ronco-pode-indicar-disturbios-do-sono-confira-dicas-de-como-tratar.phtml\">dist\u00farbio<\/a> caracterizado pela incapacidade tempor\u00e1ria de se movimentar no momento de adormecer ou ao despertar. Durante o epis\u00f3dio, a pessoa pode vivenciar sintomas como press\u00e3o no peito, sensa\u00e7\u00e3o de estar flutuando ou de estar fora do corpo, al\u00e9m de ouvir ou ver coisas que n\u00e3o est\u00e3o realmente ali.<br>Apesar de angustiante, a paralisia do sono n\u00e3o representa risco \u00e0 vida. Os m\u00fasculos respirat\u00f3rios continuam funcionando, assim como os <a href=\"https:\/\/www.bonsfluidos.com.br\/saude\/8-habitos-para-garantir-uma-melhor-saude-cardiovascular-e-longevidade-segundo-pesquisas.phtml\">\u00f3rg\u00e3os<\/a> vitais. O que acontece, na pr\u00e1tica, \u00e9 um desencontro entre a ativa\u00e7\u00e3o cerebral e a libera\u00e7\u00e3o dos movimentos musculares. Embora as causas exatas ainda n\u00e3o sejam totalmente compreendidas, especialistas afirmam que a condi\u00e7\u00e3o est\u00e1 ligada a altera\u00e7\u00f5es no <a href=\"https:\/\/www.bonsfluidos.com.br\/bem-estar\/luz-azul-como-as-telas-afetam-seu-sono-ritmo-circadiano-e-saude.phtml\">ciclo<\/a> do sono, especialmente durante a fase REM \u2014 momento em que os sonhos acontecem e os m\u00fasculos permanecem relaxados.<\/p>\n\n\n\n<div class=\"wp-block-image\"><figure class=\"aligncenter size-large is-resized\"><a href=\"https:\/\/www.instagram.com\/esteio.churrascaria\/\"><img loading=\"lazy\" decoding=\"async\" src=\"https:\/\/jornalfatosenoticias.com.br\/wp-content\/uploads\/2022\/02\/LOGO-ESTEIO-1024x730.png\" alt=\"\" class=\"wp-image-27942\" width=\"302\" height=\"215\" srcset=\"https:\/\/jornalfatosenoticias.com.br\/wp-content\/uploads\/2022\/02\/LOGO-ESTEIO-1024x730.png 1024w, https:\/\/jornalfatosenoticias.com.br\/wp-content\/uploads\/2022\/02\/LOGO-ESTEIO-300x214.png 300w, https:\/\/jornalfatosenoticias.com.br\/wp-content\/uploads\/2022\/02\/LOGO-ESTEIO-768x548.png 768w, https:\/\/jornalfatosenoticias.com.br\/wp-content\/uploads\/2022\/02\/LOGO-ESTEIO.png 1123w\" sizes=\"auto, (max-width: 302px) 100vw, 302px\" \/><\/a><\/figure><\/div>\n\n\n\n<p>Estudos indicam que entre 8% e 20% das pessoas saud\u00e1veis j\u00e1 passaram por ao menos um epis\u00f3dio na vida. A condi\u00e7\u00e3o \u00e9 mais comum em jovens adultos, especialmente aqueles que dormem pouco, t\u00eam rotinas irregulares ou sofrem com <a href=\"https:\/\/www.bonsfluidos.com.br\/no-prato\/5-chas-que-ajudam-a-aliviar-a-ansiedade-e-o-estresse-confira.phtml\">ansiedade<\/a>. O uso de \u00e1lcool e certos medicamentos tamb\u00e9m pode favorecer a ocorr\u00eancia.<\/p>\n\n\n\n<div class=\"wp-block-image\"><figure class=\"aligncenter size-large is-resized\"><a href=\"https:\/\/www.facebook.com\/postobkr\/?locale=pt_BR\"><img loading=\"lazy\" decoding=\"async\" src=\"https:\/\/jornalfatosenoticias.com.br\/wp-content\/uploads\/2023\/08\/BKR-1024x1021.jpg\" alt=\"\" class=\"wp-image-44494\" width=\"275\" height=\"274\" srcset=\"https:\/\/jornalfatosenoticias.com.br\/wp-content\/uploads\/2023\/08\/BKR-1024x1021.jpg 1024w, https:\/\/jornalfatosenoticias.com.br\/wp-content\/uploads\/2023\/08\/BKR-300x300.jpg 300w, https:\/\/jornalfatosenoticias.com.br\/wp-content\/uploads\/2023\/08\/BKR-150x150.jpg 150w, https:\/\/jornalfatosenoticias.com.br\/wp-content\/uploads\/2023\/08\/BKR-768x766.jpg 768w, https:\/\/jornalfatosenoticias.com.br\/wp-content\/uploads\/2023\/08\/BKR.jpg 1080w\" sizes=\"auto, (max-width: 275px) 100vw, 275px\" \/><\/a><\/figure><\/div>\n\n\n\n<p><strong><span class=\"has-inline-color has-vivid-purple-color\">Sintomas mais comuns<br><\/span>\u2022<\/strong> Impossibilidade de\u00a0<a href=\"https:\/\/www.bonsfluidos.com.br\/saude\/carlinhos-de-jesus-se-emociona-ao-falar-sobre-diagnostico-de-doenca-autoimune-dificil.phtml\">falar<\/a> ou se mover, mesmo estando consciente;<br><strong>\u2022<\/strong> Sensa\u00e7\u00e3o de\u00a0<a href=\"https:\/\/www.bonsfluidos.com.br\/bem-estar\/tres-mantras-que-podem-te-ajudar-a-aliviar-as-crises-de-ansiedade.phtml\">sufocamento<\/a> ou press\u00e3o no peito;<br><strong>\u2022<\/strong> Medo intenso ou <a href=\"https:\/\/www.bonsfluidos.com.br\/inspiracao\/mes-das-maes-brasileira-conta-os-prazeres-e-as-angustias-de-ser-mae-no-exterior.phtml\">ang\u00fastia<\/a>;<br><strong>\u2022<\/strong> <a href=\"https:\/\/www.bonsfluidos.com.br\/comportamento\/o-que-se-sabe-sobre-disturbio-que-fazia-mulher-ver-dragoes-no-rosto-das-pessoas.phtml\">Alucina\u00e7\u00f5es<\/a> auditivas ou visuais;<br><strong>\u2022<\/strong> Sensa\u00e7\u00e3o de estar fora do corpo.<\/p>\n\n\n\n<div class=\"wp-block-image\"><figure class=\"aligncenter size-large is-resized\"><a href=\"https:\/\/www.instagram.com\/restaurantepegoretti\/\"><img loading=\"lazy\" decoding=\"async\" src=\"https:\/\/jornalfatosenoticias.com.br\/wp-content\/uploads\/2023\/12\/pegoretti-logo-pdf-1024x389.jpg\" alt=\"\" class=\"wp-image-47536\" width=\"488\" height=\"185\" srcset=\"https:\/\/jornalfatosenoticias.com.br\/wp-content\/uploads\/2023\/12\/pegoretti-logo-pdf-1024x389.jpg 1024w, https:\/\/jornalfatosenoticias.com.br\/wp-content\/uploads\/2023\/12\/pegoretti-logo-pdf-300x114.jpg 300w, https:\/\/jornalfatosenoticias.com.br\/wp-content\/uploads\/2023\/12\/pegoretti-logo-pdf-768x291.jpg 768w, https:\/\/jornalfatosenoticias.com.br\/wp-content\/uploads\/2023\/12\/pegoretti-logo-pdf.jpg 1120w\" sizes=\"auto, (max-width: 488px) 100vw, 488px\" \/><\/a><\/figure><\/div>\n\n\n\n<p>Na maioria das vezes, os sintomas duram apenas alguns segundos ou minutos, desaparecendo espontaneamente ou quando algu\u00e9m toca ou chama a pessoa. O momento \u00e9 assustador, mas \u00e9 importante lembrar que o epis\u00f3dio \u00e9 passageiro. Procure focar no <a href=\"https:\/\/www.bonsfluidos.com.br\/bem-estar\/casa-como-um-santuario-dicas-de-feng-shui-e-minimalismo-para-criar-um-ambiente-relaxante.phtml\">ambiente<\/a> que o cerca e controlar as emo\u00e7\u00f5es, sabendo que trata-se de um evento transit\u00f3rio.<\/p>\n\n\n\n<div class=\"wp-block-image\"><figure class=\"aligncenter size-large is-resized\"><a href=\"https:\/\/www.instagram.com\/rcradiadores\/\"><img loading=\"lazy\" decoding=\"async\" src=\"https:\/\/jornalfatosenoticias.com.br\/wp-content\/uploads\/2022\/10\/RC_800x750_page-0001.jpg\" alt=\"\" class=\"wp-image-35338\" width=\"278\" height=\"260\" srcset=\"https:\/\/jornalfatosenoticias.com.br\/wp-content\/uploads\/2022\/10\/RC_800x750_page-0001.jpg 400w, https:\/\/jornalfatosenoticias.com.br\/wp-content\/uploads\/2022\/10\/RC_800x750_page-0001-300x281.jpg 300w\" sizes=\"auto, (max-width: 278px) 100vw, 278px\" \/><\/a><\/figure><\/div>\n\n\n\n<p>Sozinha, a paralisia do sono n\u00e3o \u00e9 fatal. No entanto, quando ocorre com frequ\u00eancia, pode indicar a presen\u00e7a de outros <a href=\"https:\/\/www.bonsfluidos.com.br\/comportamento\/o-que-se-sabe-sobre-disturbio-que-fazia-mulher-ver-dragoes-no-rosto-das-pessoas.phtml\">dist\u00farbios<\/a>, como a narcolepsia \u2014 doen\u00e7a que altera profundamente o ciclo do sono e pode trazer riscos s\u00e9rios \u00e0 sa\u00fade se n\u00e3o tratada.<\/p>\n\n\n\n<div class=\"wp-block-image\"><figure class=\"aligncenter size-large is-resized\"><a href=\"https:\/\/hotelmarquetti.com.br\/\"><img loading=\"lazy\" decoding=\"async\" src=\"https:\/\/jornalfatosenoticias.com.br\/wp-content\/uploads\/2020\/02\/LOGO-MQ-1024x680.jpg\" alt=\"\" class=\"wp-image-58299\" width=\"302\" height=\"200\" srcset=\"https:\/\/jornalfatosenoticias.com.br\/wp-content\/uploads\/2020\/02\/LOGO-MQ-1024x680.jpg 1024w, https:\/\/jornalfatosenoticias.com.br\/wp-content\/uploads\/2020\/02\/LOGO-MQ-300x199.jpg 300w, https:\/\/jornalfatosenoticias.com.br\/wp-content\/uploads\/2020\/02\/LOGO-MQ-768x510.jpg 768w, https:\/\/jornalfatosenoticias.com.br\/wp-content\/uploads\/2020\/02\/LOGO-MQ-1536x1020.jpg 1536w, https:\/\/jornalfatosenoticias.com.br\/wp-content\/uploads\/2020\/02\/LOGO-MQ-2048x1360.jpg 2048w\" sizes=\"auto, (max-width: 302px) 100vw, 302px\" \/><\/a><\/figure><\/div>\n\n\n\n<p><strong><span class=\"has-inline-color has-vivid-purple-color\">Diagn\u00f3stico e tratamento<br><\/span><\/strong>O <a href=\"https:\/\/www.bonsfluidos.com.br\/saude\/transtorno-opositivo-desafiador-veja-o-que-e-o-disturbio-e-quais-sao-os-sintomas.phtml\">diagn\u00f3stico<\/a> costuma ser feito por um psiquiatra ou cl\u00ednico geral a partir da an\u00e1lise dos sintomas, hist\u00f3rico de sa\u00fade e uso de medicamentos. Em alguns casos, exames como polissonografia ou eletroencefalograma s\u00e3o solicitados para descartar epilepsia ou outras condi\u00e7\u00f5es neurol\u00f3gicas. N\u00e3o h\u00e1 uma cura definitiva, mas o tratamento busca reduzir a frequ\u00eancia dos epis\u00f3dios. Entre as medidas recomendadas <strong>est\u00e3o:<\/strong><\/p>\n\n\n\n<div class=\"wp-block-image\"><figure class=\"aligncenter size-large is-resized\"><a href=\"https:\/\/www.facebook.com\/profile.php?id=100069289606145\"><img loading=\"lazy\" decoding=\"async\" src=\"https:\/\/jornalfatosenoticias.com.br\/wp-content\/uploads\/2024\/11\/Guaitolini-Contabilidade-1024x714.jpeg\" alt=\"\" class=\"wp-image-55808\" width=\"287\" height=\"200\" srcset=\"https:\/\/jornalfatosenoticias.com.br\/wp-content\/uploads\/2024\/11\/Guaitolini-Contabilidade-1024x714.jpeg 1024w, https:\/\/jornalfatosenoticias.com.br\/wp-content\/uploads\/2024\/11\/Guaitolini-Contabilidade-300x209.jpeg 300w, https:\/\/jornalfatosenoticias.com.br\/wp-content\/uploads\/2024\/11\/Guaitolini-Contabilidade-768x535.jpeg 768w, https:\/\/jornalfatosenoticias.com.br\/wp-content\/uploads\/2024\/11\/Guaitolini-Contabilidade.jpeg 1280w\" sizes=\"auto, (max-width: 287px) 100vw, 287px\" \/><\/a><\/figure><\/div>\n\n\n\n<p><strong>\u2022<\/strong> Manter <a href=\"https:\/\/www.bonsfluidos.com.br\/bem-estar\/ritmo-circadiano-entenda-como-a-luz-azul-a-alimentacao-e-a-rotina-afetam-a-qualidade-do-seu-sono.phtml\">hor\u00e1rios regulares<\/a> de sono;<br><strong>\u2022<\/strong> Dormir entre seis e oito horas por noite;<br><strong>\u2022<\/strong> Evitar <a href=\"https:\/\/www.bonsfluidos.com.br\/no-prato\/evite-antes-de-dirigir-saiba-quais-alimentos-podem-conter-alcool.phtml\">\u00e1lcool<\/a>, cafe\u00edna e energ\u00e9ticos antes de dormir;<br><strong>\u2022<\/strong> Adotar um <a href=\"https:\/\/www.bonsfluidos.com.br\/bem-estar\/confira-dicas-para-transformar-o-ambiente-com-plantas.phtml\">ambiente<\/a> calmo e confort\u00e1vel no quarto.<\/p>\n\n\n\n<div class=\"wp-block-image\"><figure class=\"aligncenter size-large is-resized\"><a href=\"https:\/\/legisjuris.com.br\/\"><img loading=\"lazy\" decoding=\"async\" src=\"https:\/\/jornalfatosenoticias.com.br\/wp-content\/uploads\/2024\/09\/Legis-Juris-Consultoria_logo.jpg\" alt=\"\" class=\"wp-image-53915\" width=\"475\" height=\"199\" srcset=\"https:\/\/jornalfatosenoticias.com.br\/wp-content\/uploads\/2024\/09\/Legis-Juris-Consultoria_logo.jpg 969w, https:\/\/jornalfatosenoticias.com.br\/wp-content\/uploads\/2024\/09\/Legis-Juris-Consultoria_logo-300x126.jpg 300w, https:\/\/jornalfatosenoticias.com.br\/wp-content\/uploads\/2024\/09\/Legis-Juris-Consultoria_logo-768x322.jpg 768w\" sizes=\"auto, (max-width: 475px) 100vw, 475px\" \/><\/a><\/figure><\/div>\n\n\n\n<p>Se os epis\u00f3dios acontecerem mais de duas vezes por semestre ou se provocarem medo constante de dormir, \u00e9 recomend\u00e1vel buscar aux\u00edlio m\u00e9dico. Isso porque a paralisia pode estar associada a transtornos de ansiedade, estresse p\u00f3s-traum\u00e1tico ou outros dist\u00farbios do sono.<\/p>\n\n\n\n<div class=\"wp-block-image\"><figure class=\"aligncenter size-large is-resized\"><a href=\"https:\/\/panper.com.br\/\"><img loading=\"lazy\" decoding=\"async\" src=\"https:\/\/jornalfatosenoticias.com.br\/wp-content\/uploads\/2023\/03\/logo-Panper_portal.jpg\" alt=\"\" class=\"wp-image-40208\" width=\"315\" height=\"218\" srcset=\"https:\/\/jornalfatosenoticias.com.br\/wp-content\/uploads\/2023\/03\/logo-Panper_portal.jpg 400w, https:\/\/jornalfatosenoticias.com.br\/wp-content\/uploads\/2023\/03\/logo-Panper_portal-300x208.jpg 300w\" sizes=\"auto, (max-width: 315px) 100vw, 315px\" \/><\/a><\/figure><\/div>\n\n\n\n<p><strong>Fonte: <a href=\"https:\/\/www.bonsfluidos.com.br\/comportamento\/o-que-e-a-paralisia-do-sono-e-como-ela-e-explicada-pela-ciencia.phtml\">Bons Fluidos<\/a><\/strong><\/p>\n","protected":false},"excerpt":{"rendered":"<p>Sensa\u00e7\u00e3o de sufocamento, alucina\u00e7\u00f5es e incapacidade de se mover podem indicar paralisia do sono, um dist\u00farbio assustador, mas que a ci\u00eancia j\u00e1 explica Por Isabella Bisordi Acordar e perceber que n\u00e3o consegue mover o corpo, nem pedir por ajuda, pode ser uma experi\u00eancia aterrorizante. Essa sensa\u00e7\u00e3o, muitas vezes acompanhada de sufocamento, alucina\u00e7\u00f5es ou medo intenso, [&hellip;]<\/p>\n","protected":false},"author":2,"featured_media":62196,"comment_status":"open","ping_status":"open","sticky":false,"template":"","format":"standard","meta":{"footnotes":""},"categories":[2522],"tags":[385,2336,166,1400,15080,16938,28364,717,1138],"class_list":["post-62195","post","type-post","status-publish","format-standard","has-post-thumbnail","hentry","category-comportamento","tag-bem-estar","tag-cerebro","tag-ciencia","tag-comportamento","tag-disturbio-do-sono","tag-paralisia","tag-paralisia-do-sono","tag-sintomas","tag-sono"],"yoast_head":"<!-- This site is optimized with the Yoast SEO plugin v26.5 - https:\/\/yoast.com\/wordpress\/plugins\/seo\/ -->\n<title>O que \u00e9 a paralisia do sono e como ela \u00e9 explicada pela ci\u00eancia? - Jornal Fatos e Not\u00edcias<\/title>\n<meta name=\"robots\" content=\"index, follow, max-snippet:-1, max-image-preview:large, max-video-preview:-1\" \/>\n<link rel=\"canonical\" href=\"https:\/\/jornalfatosenoticias.com.br\/index.php\/2025\/09\/29\/o-que-e-a-paralisia-do-sono-e-como-ela-e-explicada-pela-ciencia\/\" \/>\n<meta property=\"og:locale\" content=\"pt_BR\" \/>\n<meta property=\"og:type\" content=\"article\" \/>\n<meta property=\"og:title\" content=\"O que \u00e9 a paralisia do sono e como ela \u00e9 explicada pela ci\u00eancia? - Jornal Fatos e Not\u00edcias\" \/>\n<meta property=\"og:description\" content=\"Sensa\u00e7\u00e3o de sufocamento, alucina\u00e7\u00f5es e incapacidade de se mover podem indicar paralisia do sono, um dist\u00farbio assustador, mas que a ci\u00eancia j\u00e1 explica Por Isabella Bisordi Acordar e perceber que n\u00e3o consegue mover o corpo, nem pedir por ajuda, pode ser uma experi\u00eancia aterrorizante. Essa sensa\u00e7\u00e3o, muitas vezes acompanhada de sufocamento, alucina\u00e7\u00f5es ou medo intenso, [&hellip;]\" \/>\n<meta property=\"og:url\" content=\"https:\/\/jornalfatosenoticias.com.br\/index.php\/2025\/09\/29\/o-que-e-a-paralisia-do-sono-e-como-ela-e-explicada-pela-ciencia\/\" \/>\n<meta property=\"og:site_name\" content=\"Jornal Fatos e Not\u00edcias\" \/>\n<meta property=\"article:published_time\" content=\"2025-09-29T13:29:09+00:00\" \/>\n<meta property=\"article:modified_time\" content=\"2025-09-29T13:29:12+00:00\" \/>\n<meta property=\"og:image\" content=\"https:\/\/jornalfatosenoticias.com.br\/wp-content\/uploads\/2025\/09\/paralisia-do-sono_istock.jpg\" \/>\n\t<meta property=\"og:image:width\" content=\"612\" \/>\n\t<meta property=\"og:image:height\" content=\"323\" \/>\n\t<meta property=\"og:image:type\" content=\"image\/jpeg\" \/>\n<meta name=\"author\" content=\"Luzimara Fernandes\" \/>\n<meta name=\"twitter:card\" content=\"summary_large_image\" \/>\n<meta name=\"twitter:label1\" content=\"Escrito por\" \/>\n\t<meta name=\"twitter:data1\" content=\"Luzimara Fernandes\" \/>\n\t<meta name=\"twitter:label2\" content=\"Est. tempo de leitura\" \/>\n\t<meta name=\"twitter:data2\" content=\"3 minutos\" \/>\n<script type=\"application\/ld+json\" class=\"yoast-schema-graph\">{\"@context\":\"https:\/\/schema.org\",\"@graph\":[{\"@type\":\"Article\",\"@id\":\"https:\/\/jornalfatosenoticias.com.br\/index.php\/2025\/09\/29\/o-que-e-a-paralisia-do-sono-e-como-ela-e-explicada-pela-ciencia\/#article\",\"isPartOf\":{\"@id\":\"https:\/\/jornalfatosenoticias.com.br\/index.php\/2025\/09\/29\/o-que-e-a-paralisia-do-sono-e-como-ela-e-explicada-pela-ciencia\/\"},\"author\":{\"name\":\"Luzimara Fernandes\",\"@id\":\"https:\/\/jornalfatosenoticias.com.br\/#\/schema\/person\/d63837fa13ac8666eb9e74e0985d6f81\"},\"headline\":\"O que \u00e9 a paralisia do sono e como ela \u00e9 explicada pela ci\u00eancia?\",\"datePublished\":\"2025-09-29T13:29:09+00:00\",\"dateModified\":\"2025-09-29T13:29:12+00:00\",\"mainEntityOfPage\":{\"@id\":\"https:\/\/jornalfatosenoticias.com.br\/index.php\/2025\/09\/29\/o-que-e-a-paralisia-do-sono-e-como-ela-e-explicada-pela-ciencia\/\"},\"wordCount\":593,\"commentCount\":0,\"publisher\":{\"@id\":\"https:\/\/jornalfatosenoticias.com.br\/#organization\"},\"image\":{\"@id\":\"https:\/\/jornalfatosenoticias.com.br\/index.php\/2025\/09\/29\/o-que-e-a-paralisia-do-sono-e-como-ela-e-explicada-pela-ciencia\/#primaryimage\"},\"thumbnailUrl\":\"https:\/\/jornalfatosenoticias.com.br\/wp-content\/uploads\/2025\/09\/paralisia-do-sono_istock.jpg\",\"keywords\":[\"bem-estar\",\"c\u00e9rebro\",\"ci\u00eancia\",\"comportamento\",\"dist\u00farbio do sono\",\"paralisia\",\"paralisia do sono\",\"sintomas\",\"sono\"],\"articleSection\":[\"Comportamento &amp; Equil\u00edbrio\"],\"inLanguage\":\"pt-BR\",\"potentialAction\":[{\"@type\":\"CommentAction\",\"name\":\"Comment\",\"target\":[\"https:\/\/jornalfatosenoticias.com.br\/index.php\/2025\/09\/29\/o-que-e-a-paralisia-do-sono-e-como-ela-e-explicada-pela-ciencia\/#respond\"]}]},{\"@type\":\"WebPage\",\"@id\":\"https:\/\/jornalfatosenoticias.com.br\/index.php\/2025\/09\/29\/o-que-e-a-paralisia-do-sono-e-como-ela-e-explicada-pela-ciencia\/\",\"url\":\"https:\/\/jornalfatosenoticias.com.br\/index.php\/2025\/09\/29\/o-que-e-a-paralisia-do-sono-e-como-ela-e-explicada-pela-ciencia\/\",\"name\":\"O que \u00e9 a paralisia do sono e como ela \u00e9 explicada pela ci\u00eancia? - Jornal Fatos e Not\u00edcias\",\"isPartOf\":{\"@id\":\"https:\/\/jornalfatosenoticias.com.br\/#website\"},\"primaryImageOfPage\":{\"@id\":\"https:\/\/jornalfatosenoticias.com.br\/index.php\/2025\/09\/29\/o-que-e-a-paralisia-do-sono-e-como-ela-e-explicada-pela-ciencia\/#primaryimage\"},\"image\":{\"@id\":\"https:\/\/jornalfatosenoticias.com.br\/index.php\/2025\/09\/29\/o-que-e-a-paralisia-do-sono-e-como-ela-e-explicada-pela-ciencia\/#primaryimage\"},\"thumbnailUrl\":\"https:\/\/jornalfatosenoticias.com.br\/wp-content\/uploads\/2025\/09\/paralisia-do-sono_istock.jpg\",\"datePublished\":\"2025-09-29T13:29:09+00:00\",\"dateModified\":\"2025-09-29T13:29:12+00:00\",\"breadcrumb\":{\"@id\":\"https:\/\/jornalfatosenoticias.com.br\/index.php\/2025\/09\/29\/o-que-e-a-paralisia-do-sono-e-como-ela-e-explicada-pela-ciencia\/#breadcrumb\"},\"inLanguage\":\"pt-BR\",\"potentialAction\":[{\"@type\":\"ReadAction\",\"target\":[\"https:\/\/jornalfatosenoticias.com.br\/index.php\/2025\/09\/29\/o-que-e-a-paralisia-do-sono-e-como-ela-e-explicada-pela-ciencia\/\"]}]},{\"@type\":\"ImageObject\",\"inLanguage\":\"pt-BR\",\"@id\":\"https:\/\/jornalfatosenoticias.com.br\/index.php\/2025\/09\/29\/o-que-e-a-paralisia-do-sono-e-como-ela-e-explicada-pela-ciencia\/#primaryimage\",\"url\":\"https:\/\/jornalfatosenoticias.com.br\/wp-content\/uploads\/2025\/09\/paralisia-do-sono_istock.jpg\",\"contentUrl\":\"https:\/\/jornalfatosenoticias.com.br\/wp-content\/uploads\/2025\/09\/paralisia-do-sono_istock.jpg\",\"width\":612,\"height\":323,\"caption\":\"Man With Sleep Paralysis And Sleepwalking At Night\"},{\"@type\":\"BreadcrumbList\",\"@id\":\"https:\/\/jornalfatosenoticias.com.br\/index.php\/2025\/09\/29\/o-que-e-a-paralisia-do-sono-e-como-ela-e-explicada-pela-ciencia\/#breadcrumb\",\"itemListElement\":[{\"@type\":\"ListItem\",\"position\":1,\"name\":\"In\u00edcio\",\"item\":\"https:\/\/jornalfatosenoticias.com.br\/\"},{\"@type\":\"ListItem\",\"position\":2,\"name\":\"O que \u00e9 a paralisia do sono e como ela \u00e9 explicada pela ci\u00eancia?\"}]},{\"@type\":\"WebSite\",\"@id\":\"https:\/\/jornalfatosenoticias.com.br\/#website\",\"url\":\"https:\/\/jornalfatosenoticias.com.br\/\",\"name\":\"Jornal Fatos e Not\u00edcias\",\"description\":\"Not\u00edcias em geral\",\"publisher\":{\"@id\":\"https:\/\/jornalfatosenoticias.com.br\/#organization\"},\"potentialAction\":[{\"@type\":\"SearchAction\",\"target\":{\"@type\":\"EntryPoint\",\"urlTemplate\":\"https:\/\/jornalfatosenoticias.com.br\/?s={search_term_string}\"},\"query-input\":{\"@type\":\"PropertyValueSpecification\",\"valueRequired\":true,\"valueName\":\"search_term_string\"}}],\"inLanguage\":\"pt-BR\"},{\"@type\":\"Organization\",\"@id\":\"https:\/\/jornalfatosenoticias.com.br\/#organization\",\"name\":\"Jornal Fatos e Not\u00edcias\",\"url\":\"https:\/\/jornalfatosenoticias.com.br\/\",\"logo\":{\"@type\":\"ImageObject\",\"inLanguage\":\"pt-BR\",\"@id\":\"https:\/\/jornalfatosenoticias.com.br\/#\/schema\/logo\/image\/\",\"url\":\"https:\/\/jornalfatosenoticias.com.br\/wp-content\/uploads\/2020\/02\/logo120.png\",\"contentUrl\":\"https:\/\/jornalfatosenoticias.com.br\/wp-content\/uploads\/2020\/02\/logo120.png\",\"width\":1227,\"height\":120,\"caption\":\"Jornal Fatos e Not\u00edcias\"},\"image\":{\"@id\":\"https:\/\/jornalfatosenoticias.com.br\/#\/schema\/logo\/image\/\"}},{\"@type\":\"Person\",\"@id\":\"https:\/\/jornalfatosenoticias.com.br\/#\/schema\/person\/d63837fa13ac8666eb9e74e0985d6f81\",\"name\":\"Luzimara Fernandes\",\"image\":{\"@type\":\"ImageObject\",\"inLanguage\":\"pt-BR\",\"@id\":\"https:\/\/jornalfatosenoticias.com.br\/#\/schema\/person\/image\/\",\"url\":\"https:\/\/jornalfatosenoticias.com.br\/wp-content\/uploads\/2025\/05\/EU_portal.jpg\",\"contentUrl\":\"https:\/\/jornalfatosenoticias.com.br\/wp-content\/uploads\/2025\/05\/EU_portal.jpg\",\"caption\":\"Luzimara Fernandes\"},\"description\":\"Jornalista MTB 2358-ES\",\"sameAs\":[\"https:\/\/jornalfatosenoticias.com.br\"],\"url\":\"https:\/\/jornalfatosenoticias.com.br\/index.php\/author\/luzimara\/\"}]}<\/script>\n<!-- \/ Yoast SEO plugin. -->","yoast_head_json":{"title":"O que \u00e9 a paralisia do sono e como ela \u00e9 explicada pela ci\u00eancia? - Jornal Fatos e Not\u00edcias","robots":{"index":"index","follow":"follow","max-snippet":"max-snippet:-1","max-image-preview":"max-image-preview:large","max-video-preview":"max-video-preview:-1"},"canonical":"https:\/\/jornalfatosenoticias.com.br\/index.php\/2025\/09\/29\/o-que-e-a-paralisia-do-sono-e-como-ela-e-explicada-pela-ciencia\/","og_locale":"pt_BR","og_type":"article","og_title":"O que \u00e9 a paralisia do sono e como ela \u00e9 explicada pela ci\u00eancia? - Jornal Fatos e Not\u00edcias","og_description":"Sensa\u00e7\u00e3o de sufocamento, alucina\u00e7\u00f5es e incapacidade de se mover podem indicar paralisia do sono, um dist\u00farbio assustador, mas que a ci\u00eancia j\u00e1 explica Por Isabella Bisordi Acordar e perceber que n\u00e3o consegue mover o corpo, nem pedir por ajuda, pode ser uma experi\u00eancia aterrorizante. Essa sensa\u00e7\u00e3o, muitas vezes acompanhada de sufocamento, alucina\u00e7\u00f5es ou medo intenso, [&hellip;]","og_url":"https:\/\/jornalfatosenoticias.com.br\/index.php\/2025\/09\/29\/o-que-e-a-paralisia-do-sono-e-como-ela-e-explicada-pela-ciencia\/","og_site_name":"Jornal Fatos e Not\u00edcias","article_published_time":"2025-09-29T13:29:09+00:00","article_modified_time":"2025-09-29T13:29:12+00:00","og_image":[{"width":612,"height":323,"url":"https:\/\/jornalfatosenoticias.com.br\/wp-content\/uploads\/2025\/09\/paralisia-do-sono_istock.jpg","type":"image\/jpeg"}],"author":"Luzimara Fernandes","twitter_card":"summary_large_image","twitter_misc":{"Escrito por":"Luzimara Fernandes","Est. tempo de leitura":"3 minutos"},"schema":{"@context":"https:\/\/schema.org","@graph":[{"@type":"Article","@id":"https:\/\/jornalfatosenoticias.com.br\/index.php\/2025\/09\/29\/o-que-e-a-paralisia-do-sono-e-como-ela-e-explicada-pela-ciencia\/#article","isPartOf":{"@id":"https:\/\/jornalfatosenoticias.com.br\/index.php\/2025\/09\/29\/o-que-e-a-paralisia-do-sono-e-como-ela-e-explicada-pela-ciencia\/"},"author":{"name":"Luzimara Fernandes","@id":"https:\/\/jornalfatosenoticias.com.br\/#\/schema\/person\/d63837fa13ac8666eb9e74e0985d6f81"},"headline":"O que \u00e9 a paralisia do sono e como ela \u00e9 explicada pela ci\u00eancia?","datePublished":"2025-09-29T13:29:09+00:00","dateModified":"2025-09-29T13:29:12+00:00","mainEntityOfPage":{"@id":"https:\/\/jornalfatosenoticias.com.br\/index.php\/2025\/09\/29\/o-que-e-a-paralisia-do-sono-e-como-ela-e-explicada-pela-ciencia\/"},"wordCount":593,"commentCount":0,"publisher":{"@id":"https:\/\/jornalfatosenoticias.com.br\/#organization"},"image":{"@id":"https:\/\/jornalfatosenoticias.com.br\/index.php\/2025\/09\/29\/o-que-e-a-paralisia-do-sono-e-como-ela-e-explicada-pela-ciencia\/#primaryimage"},"thumbnailUrl":"https:\/\/jornalfatosenoticias.com.br\/wp-content\/uploads\/2025\/09\/paralisia-do-sono_istock.jpg","keywords":["bem-estar","c\u00e9rebro","ci\u00eancia","comportamento","dist\u00farbio do sono","paralisia","paralisia do sono","sintomas","sono"],"articleSection":["Comportamento &amp; Equil\u00edbrio"],"inLanguage":"pt-BR","potentialAction":[{"@type":"CommentAction","name":"Comment","target":["https:\/\/jornalfatosenoticias.com.br\/index.php\/2025\/09\/29\/o-que-e-a-paralisia-do-sono-e-como-ela-e-explicada-pela-ciencia\/#respond"]}]},{"@type":"WebPage","@id":"https:\/\/jornalfatosenoticias.com.br\/index.php\/2025\/09\/29\/o-que-e-a-paralisia-do-sono-e-como-ela-e-explicada-pela-ciencia\/","url":"https:\/\/jornalfatosenoticias.com.br\/index.php\/2025\/09\/29\/o-que-e-a-paralisia-do-sono-e-como-ela-e-explicada-pela-ciencia\/","name":"O que \u00e9 a paralisia do sono e como ela \u00e9 explicada pela ci\u00eancia? - Jornal Fatos e Not\u00edcias","isPartOf":{"@id":"https:\/\/jornalfatosenoticias.com.br\/#website"},"primaryImageOfPage":{"@id":"https:\/\/jornalfatosenoticias.com.br\/index.php\/2025\/09\/29\/o-que-e-a-paralisia-do-sono-e-como-ela-e-explicada-pela-ciencia\/#primaryimage"},"image":{"@id":"https:\/\/jornalfatosenoticias.com.br\/index.php\/2025\/09\/29\/o-que-e-a-paralisia-do-sono-e-como-ela-e-explicada-pela-ciencia\/#primaryimage"},"thumbnailUrl":"https:\/\/jornalfatosenoticias.com.br\/wp-content\/uploads\/2025\/09\/paralisia-do-sono_istock.jpg","datePublished":"2025-09-29T13:29:09+00:00","dateModified":"2025-09-29T13:29:12+00:00","breadcrumb":{"@id":"https:\/\/jornalfatosenoticias.com.br\/index.php\/2025\/09\/29\/o-que-e-a-paralisia-do-sono-e-como-ela-e-explicada-pela-ciencia\/#breadcrumb"},"inLanguage":"pt-BR","potentialAction":[{"@type":"ReadAction","target":["https:\/\/jornalfatosenoticias.com.br\/index.php\/2025\/09\/29\/o-que-e-a-paralisia-do-sono-e-como-ela-e-explicada-pela-ciencia\/"]}]},{"@type":"ImageObject","inLanguage":"pt-BR","@id":"https:\/\/jornalfatosenoticias.com.br\/index.php\/2025\/09\/29\/o-que-e-a-paralisia-do-sono-e-como-ela-e-explicada-pela-ciencia\/#primaryimage","url":"https:\/\/jornalfatosenoticias.com.br\/wp-content\/uploads\/2025\/09\/paralisia-do-sono_istock.jpg","contentUrl":"https:\/\/jornalfatosenoticias.com.br\/wp-content\/uploads\/2025\/09\/paralisia-do-sono_istock.jpg","width":612,"height":323,"caption":"Man With Sleep Paralysis And Sleepwalking At Night"},{"@type":"BreadcrumbList","@id":"https:\/\/jornalfatosenoticias.com.br\/index.php\/2025\/09\/29\/o-que-e-a-paralisia-do-sono-e-como-ela-e-explicada-pela-ciencia\/#breadcrumb","itemListElement":[{"@type":"ListItem","position":1,"name":"In\u00edcio","item":"https:\/\/jornalfatosenoticias.com.br\/"},{"@type":"ListItem","position":2,"name":"O que \u00e9 a paralisia do sono e como ela \u00e9 explicada pela ci\u00eancia?"}]},{"@type":"WebSite","@id":"https:\/\/jornalfatosenoticias.com.br\/#website","url":"https:\/\/jornalfatosenoticias.com.br\/","name":"Jornal Fatos e Not\u00edcias","description":"Not\u00edcias em geral","publisher":{"@id":"https:\/\/jornalfatosenoticias.com.br\/#organization"},"potentialAction":[{"@type":"SearchAction","target":{"@type":"EntryPoint","urlTemplate":"https:\/\/jornalfatosenoticias.com.br\/?s={search_term_string}"},"query-input":{"@type":"PropertyValueSpecification","valueRequired":true,"valueName":"search_term_string"}}],"inLanguage":"pt-BR"},{"@type":"Organization","@id":"https:\/\/jornalfatosenoticias.com.br\/#organization","name":"Jornal Fatos e Not\u00edcias","url":"https:\/\/jornalfatosenoticias.com.br\/","logo":{"@type":"ImageObject","inLanguage":"pt-BR","@id":"https:\/\/jornalfatosenoticias.com.br\/#\/schema\/logo\/image\/","url":"https:\/\/jornalfatosenoticias.com.br\/wp-content\/uploads\/2020\/02\/logo120.png","contentUrl":"https:\/\/jornalfatosenoticias.com.br\/wp-content\/uploads\/2020\/02\/logo120.png","width":1227,"height":120,"caption":"Jornal Fatos e Not\u00edcias"},"image":{"@id":"https:\/\/jornalfatosenoticias.com.br\/#\/schema\/logo\/image\/"}},{"@type":"Person","@id":"https:\/\/jornalfatosenoticias.com.br\/#\/schema\/person\/d63837fa13ac8666eb9e74e0985d6f81","name":"Luzimara Fernandes","image":{"@type":"ImageObject","inLanguage":"pt-BR","@id":"https:\/\/jornalfatosenoticias.com.br\/#\/schema\/person\/image\/","url":"https:\/\/jornalfatosenoticias.com.br\/wp-content\/uploads\/2025\/05\/EU_portal.jpg","contentUrl":"https:\/\/jornalfatosenoticias.com.br\/wp-content\/uploads\/2025\/05\/EU_portal.jpg","caption":"Luzimara Fernandes"},"description":"Jornalista MTB 2358-ES","sameAs":["https:\/\/jornalfatosenoticias.com.br"],"url":"https:\/\/jornalfatosenoticias.com.br\/index.php\/author\/luzimara\/"}]}},"cc_featured_image_caption":{"caption_text":"(Foto: iStock)  ","source_text":"","source_url":""},"jetpack_featured_media_url":"https:\/\/jornalfatosenoticias.com.br\/wp-content\/uploads\/2025\/09\/paralisia-do-sono_istock.jpg","_links":{"self":[{"href":"https:\/\/jornalfatosenoticias.com.br\/index.php\/wp-json\/wp\/v2\/posts\/62195","targetHints":{"allow":["GET"]}}],"collection":[{"href":"https:\/\/jornalfatosenoticias.com.br\/index.php\/wp-json\/wp\/v2\/posts"}],"about":[{"href":"https:\/\/jornalfatosenoticias.com.br\/index.php\/wp-json\/wp\/v2\/types\/post"}],"author":[{"embeddable":true,"href":"https:\/\/jornalfatosenoticias.com.br\/index.php\/wp-json\/wp\/v2\/users\/2"}],"replies":[{"embeddable":true,"href":"https:\/\/jornalfatosenoticias.com.br\/index.php\/wp-json\/wp\/v2\/comments?post=62195"}],"version-history":[{"count":0,"href":"https:\/\/jornalfatosenoticias.com.br\/index.php\/wp-json\/wp\/v2\/posts\/62195\/revisions"}],"wp:featuredmedia":[{"embeddable":true,"href":"https:\/\/jornalfatosenoticias.com.br\/index.php\/wp-json\/wp\/v2\/media\/62196"}],"wp:attachment":[{"href":"https:\/\/jornalfatosenoticias.com.br\/index.php\/wp-json\/wp\/v2\/media?parent=62195"}],"wp:term":[{"taxonomy":"category","embeddable":true,"href":"https:\/\/jornalfatosenoticias.com.br\/index.php\/wp-json\/wp\/v2\/categories?post=62195"},{"taxonomy":"post_tag","embeddable":true,"href":"https:\/\/jornalfatosenoticias.com.br\/index.php\/wp-json\/wp\/v2\/tags?post=62195"}],"curies":[{"name":"wp","href":"https:\/\/api.w.org\/{rel}","templated":true}]}}