{"id":62223,"date":"2025-09-30T10:00:19","date_gmt":"2025-09-30T13:00:19","guid":{"rendered":"https:\/\/jornalfatosenoticias.com.br\/?p=62223"},"modified":"2025-09-30T10:00:20","modified_gmt":"2025-09-30T13:00:20","slug":"por-que-e-tao-importante-investir-na-educacao-na-primeira-infancia","status":"publish","type":"post","link":"https:\/\/jornalfatosenoticias.com.br\/index.php\/2025\/09\/30\/por-que-e-tao-importante-investir-na-educacao-na-primeira-infancia\/","title":{"rendered":"Por que \u00e9 t\u00e3o importante investir na educa\u00e7\u00e3o na primeira inf\u00e2ncia"},"content":{"rendered":"\n<p><em><span class=\"has-inline-color has-black-color\">Fase que vai do nascimento at\u00e9 os seis anos foi tema do ciclo de debates &#8220;Educa\u00e7\u00e3o em Transforma\u00e7\u00e3o&#8221;, promovido pelo &#8216;Estad\u00e3o&#8217;<\/span><\/em><\/p>\n\n\n\n<p><span class=\"has-inline-color has-black-color\">Por <strong>Isabella Siqueira<\/strong><\/span><\/p>\n\n\n\n<div class=\"wp-block-image\"><figure class=\"aligncenter size-large\"><a href=\"https:\/\/panper.com.br\/\"><img loading=\"lazy\" decoding=\"async\" width=\"1024\" height=\"111\" src=\"https:\/\/jornalfatosenoticias.com.br\/wp-content\/uploads\/2020\/02\/WhatsApp-Image-2022-09-23-at-12.09.18-1024x111.jpeg\" alt=\"\" class=\"wp-image-34527\" srcset=\"https:\/\/jornalfatosenoticias.com.br\/wp-content\/uploads\/2020\/02\/WhatsApp-Image-2022-09-23-at-12.09.18-1024x111.jpeg 1024w, https:\/\/jornalfatosenoticias.com.br\/wp-content\/uploads\/2020\/02\/WhatsApp-Image-2022-09-23-at-12.09.18-300x32.jpeg 300w, https:\/\/jornalfatosenoticias.com.br\/wp-content\/uploads\/2020\/02\/WhatsApp-Image-2022-09-23-at-12.09.18-768x83.jpeg 768w, https:\/\/jornalfatosenoticias.com.br\/wp-content\/uploads\/2020\/02\/WhatsApp-Image-2022-09-23-at-12.09.18.jpeg 1121w\" sizes=\"auto, (max-width: 1024px) 100vw, 1024px\" \/><\/a><\/figure><\/div>\n\n\n\n<p>Os primeiros anos da crian\u00e7a, fase que vai do nascimento at\u00e9 os seis anos, s\u00e3o um per\u00edodo complexo e crucial de desenvolvimento para as aprendizagens. A valoriza\u00e7\u00e3o da primeira inf\u00e2ncia, o acesso, a oferta de qualidade e a avalia\u00e7\u00e3o da etapa, especialmente para as popula\u00e7\u00f5es mais vulner\u00e1veis, s\u00e3o alguns dos desafios enfrentados pelo Brasil.<br>Este tema foi debatido por K\u00e1tia Schweickardt, secret\u00e1ria de educa\u00e7\u00e3o b\u00e1sica do Minist\u00e9rio da Educa\u00e7\u00e3o (MEC), Gabriel Corr\u00eaa, diretor de pol\u00edticas p\u00fablicas do Todos pela Educa\u00e7\u00e3o, e Filomena Silva, diretora de projetos da Funda\u00e7\u00e3o Bracell, no painel &#8220;O consenso da import\u00e2ncia dos primeiros anos&#8221;, que integra o ciclo de debates &#8220;Educa\u00e7\u00e3o em Transforma\u00e7\u00e3o&#8221;, promovido pelo Estad\u00e3o, no Museu do Ipiranga, em S\u00e3o Paulo, nesta segunda-feira (29).<\/p>\n\n\n\n<div class=\"wp-block-image\"><figure class=\"aligncenter size-large\"><a href=\"http:\/\/www.ferrarimaquinas.com.br\/\"><img loading=\"lazy\" decoding=\"async\" width=\"300\" height=\"250\" src=\"https:\/\/jornalfatosenoticias.com.br\/wp-content\/uploads\/2022\/02\/FERRARI_MAQUINAS-E-FERRAMENTAS2.jpg\" alt=\"\" class=\"wp-image-27860\"\/><\/a><\/figure><\/div>\n\n\n\n<blockquote class=\"wp-block-quote is-layout-flow wp-block-quote-is-layout-flow\"><p><span class=\"has-inline-color has-luminous-vivid-orange-color\">A educa\u00e7\u00e3o infantil \u00e9 importante se tiver minimamente qualidade. Se n\u00e3o tiver, ela n\u00e3o \u00e9 t\u00e3o boa&#8221;, disse K\u00e1tia. A secret\u00e1ria do MEC lembrou que a oferta de vagas em creches e pr\u00e9-escolas ainda \u00e9 concentrada, n\u00e3o atingindo as fam\u00edlias que mais precisam, e destacou a necessidade da governan\u00e7a nos territ\u00f3rios, que deve estar integrada a outras \u00e1reas, como a sa\u00fade. &#8220;Tem todo um processo de entender essa etapa da pr\u00e9-escola, que j\u00e1 \u00e9 obrigat\u00f3ria e em que se esperam processos de desenvolvimento e aprendizagem&#8221;, disse Filomena Silva, que citou a Base Nacional Comum Curricular (BNCC) e os campos de experi\u00eancia, que orientam professores e escolas sobre os est\u00edmulos a serem ofertados \u00e0s crian\u00e7as.<\/span><\/p><\/blockquote>\n\n\n\n<div class=\"wp-block-image\"><figure class=\"aligncenter size-large is-resized\"><a href=\"https:\/\/www.instagram.com\/restaurantepegoretti\/\"><img loading=\"lazy\" decoding=\"async\" src=\"https:\/\/jornalfatosenoticias.com.br\/wp-content\/uploads\/2023\/12\/pegoretti-logo-pdf-1024x389.jpg\" alt=\"\" class=\"wp-image-47536\" width=\"496\" height=\"188\" srcset=\"https:\/\/jornalfatosenoticias.com.br\/wp-content\/uploads\/2023\/12\/pegoretti-logo-pdf-1024x389.jpg 1024w, https:\/\/jornalfatosenoticias.com.br\/wp-content\/uploads\/2023\/12\/pegoretti-logo-pdf-300x114.jpg 300w, https:\/\/jornalfatosenoticias.com.br\/wp-content\/uploads\/2023\/12\/pegoretti-logo-pdf-768x291.jpg 768w, https:\/\/jornalfatosenoticias.com.br\/wp-content\/uploads\/2023\/12\/pegoretti-logo-pdf.jpg 1120w\" sizes=\"auto, (max-width: 496px) 100vw, 496px\" \/><\/a><\/figure><\/div>\n\n\n\n<p>No desafio do acesso \u00e0 creche, Gabriel Corr\u00eaa pontuou que a elabora\u00e7\u00e3o de pol\u00edticas p\u00fablicas precisa considerar o recorte pela faixa et\u00e1ria de zero a um ano. De acordo com estudo do Todos Pela Educa\u00e7\u00e3o, no Brasil, apenas 18,6% das crian\u00e7as desta faixa et\u00e1ria frequentam a creche. <strong><em>&#8220;Sem olhar para isso, o Brasil n\u00e3o vai avan\u00e7ar&#8221;, <\/em><\/strong>afirmou Gabriel.<\/p>\n\n\n\n<div class=\"wp-block-image\"><figure class=\"aligncenter size-large is-resized\"><a href=\"https:\/\/www.facebook.com\/profile.php?id=100069289606145\"><img loading=\"lazy\" decoding=\"async\" src=\"https:\/\/jornalfatosenoticias.com.br\/wp-content\/uploads\/2024\/11\/Guaitolini-Contabilidade-1024x714.jpeg\" alt=\"\" class=\"wp-image-55808\" width=\"320\" height=\"223\" srcset=\"https:\/\/jornalfatosenoticias.com.br\/wp-content\/uploads\/2024\/11\/Guaitolini-Contabilidade-1024x714.jpeg 1024w, https:\/\/jornalfatosenoticias.com.br\/wp-content\/uploads\/2024\/11\/Guaitolini-Contabilidade-300x209.jpeg 300w, https:\/\/jornalfatosenoticias.com.br\/wp-content\/uploads\/2024\/11\/Guaitolini-Contabilidade-768x535.jpeg 768w, https:\/\/jornalfatosenoticias.com.br\/wp-content\/uploads\/2024\/11\/Guaitolini-Contabilidade.jpeg 1280w\" sizes=\"auto, (max-width: 320px) 100vw, 320px\" \/><\/a><\/figure><\/div>\n\n\n\n<p><strong><span class=\"has-inline-color has-vivid-purple-color\">Intersetorialidade e integra\u00e7\u00e3o com outras \u00e1reas<br><\/span><\/strong>Os especialistas refor\u00e7aram a import\u00e2ncia da intersetorialidade para assegurar que a oferta da educa\u00e7\u00e3o infantil tenha qualidade. Estudos da \u00e1rea de neuroci\u00eancia sobre o processo de desenvolvimento infantil colocam essa faixa de zero a seis anos como uma &#8220;janela de oportunidades fundamental&#8221;, lembrou Filomena. Por\u00e9m, as interven\u00e7\u00f5es para diminuir as desigualdades no desenvolvimento cognitivo de aprendizagem ocorre apenas nas etapas posteriores \u00e0 educa\u00e7\u00e3o infantil.<\/p>\n\n\n\n<div class=\"wp-block-image\"><figure class=\"aligncenter size-large is-resized\"><a href=\"https:\/\/www.facebook.com\/postobkr\/?locale=pt_BR\"><img loading=\"lazy\" decoding=\"async\" src=\"https:\/\/jornalfatosenoticias.com.br\/wp-content\/uploads\/2023\/08\/BKR-1024x1021.jpg\" alt=\"\" class=\"wp-image-44494\" width=\"282\" height=\"281\" srcset=\"https:\/\/jornalfatosenoticias.com.br\/wp-content\/uploads\/2023\/08\/BKR-1024x1021.jpg 1024w, https:\/\/jornalfatosenoticias.com.br\/wp-content\/uploads\/2023\/08\/BKR-300x300.jpg 300w, https:\/\/jornalfatosenoticias.com.br\/wp-content\/uploads\/2023\/08\/BKR-150x150.jpg 150w, https:\/\/jornalfatosenoticias.com.br\/wp-content\/uploads\/2023\/08\/BKR-768x766.jpg 768w, https:\/\/jornalfatosenoticias.com.br\/wp-content\/uploads\/2023\/08\/BKR.jpg 1080w\" sizes=\"auto, (max-width: 282px) 100vw, 282px\" \/><\/a><\/figure><\/div>\n\n\n\n<p>Para ela, a\u00e7\u00f5es de envolvimento com as fam\u00edlias s\u00e3o uma forma de oferecer os est\u00edmulos necess\u00e1rios \u00e0 essa etapa de desenvolvimento. <em>&#8220;A gente trabalha pouco esse entendimento com as fam\u00edlias. Acho que esse \u00e9 um dos motivos pela qual a educa\u00e7\u00e3o \u00e9 pouco valorizada, por n\u00e3o entendermos a magnitude (desse momento)&#8221;,<\/em> disse.<\/p>\n\n\n\n<div class=\"wp-block-image\"><figure class=\"aligncenter size-large is-resized\"><a href=\"https:\/\/www.instagram.com\/gruposei\/\"><img loading=\"lazy\" decoding=\"async\" src=\"https:\/\/jornalfatosenoticias.com.br\/wp-content\/uploads\/2022\/07\/Logo-Grupo-SEI.jpg\" alt=\"\" class=\"wp-image-31973\" width=\"335\" height=\"176\" srcset=\"https:\/\/jornalfatosenoticias.com.br\/wp-content\/uploads\/2022\/07\/Logo-Grupo-SEI.jpg 713w, https:\/\/jornalfatosenoticias.com.br\/wp-content\/uploads\/2022\/07\/Logo-Grupo-SEI-300x158.jpg 300w\" sizes=\"auto, (max-width: 335px) 100vw, 335px\" \/><\/a><\/figure><\/div>\n\n\n\n<p><em>&#8220;\u00c9 fundamental entender que a educa\u00e7\u00e3o n\u00e3o vai contemplar todas as demandas sociais&#8221;,<\/em> enfatizou Gabriel, que destacou a integra\u00e7\u00e3o da educa\u00e7\u00e3o com outras \u00e1reas, como a sa\u00fade. Ele ressaltou a Pol\u00edtica Nacional Integrada da Primeira Inf\u00e2ncia, lan\u00e7ada pelo governo em 2025, e outras pol\u00edticas intersetoriais que j\u00e1 existem nos Estados e munic\u00edpios.<\/p>\n\n\n\n<div class=\"wp-block-image\"><figure class=\"aligncenter size-large is-resized\"><a href=\"https:\/\/www.controlsystems.com.br\/\"><img loading=\"lazy\" decoding=\"async\" src=\"https:\/\/jornalfatosenoticias.com.br\/wp-content\/uploads\/2020\/02\/CONTROL-CS.jpg\" alt=\"\" class=\"wp-image-44991\" width=\"252\" height=\"301\" srcset=\"https:\/\/jornalfatosenoticias.com.br\/wp-content\/uploads\/2020\/02\/CONTROL-CS.jpg 834w, https:\/\/jornalfatosenoticias.com.br\/wp-content\/uploads\/2020\/02\/CONTROL-CS-250x300.jpg 250w, https:\/\/jornalfatosenoticias.com.br\/wp-content\/uploads\/2020\/02\/CONTROL-CS-768x921.jpg 768w\" sizes=\"auto, (max-width: 252px) 100vw, 252px\" \/><\/a><\/figure><\/div>\n\n\n\n<p><strong><span class=\"has-inline-color has-vivid-purple-color\">Como avaliar a educa\u00e7\u00e3o infantil<br><\/span><\/strong>Para Filomena, qualificar a avalia\u00e7\u00e3o \u00e9 um desafio que se torna &#8220;mais latente&#8221; na educa\u00e7\u00e3o infantil, na qual n\u00e3o h\u00e1 m\u00e9tricas objetivas de desempenho. Ela apontou que a avalia\u00e7\u00e3o da educa\u00e7\u00e3o infantil \u00e9 um &#8220;processo de acompanhamento, monitoramento, feedback e interven\u00e7\u00e3o&#8221;.<\/p>\n\n\n\n<div class=\"wp-block-image\"><figure class=\"aligncenter size-large is-resized\"><a href=\"https:\/\/www.instagram.com\/rcradiadores\/\"><img loading=\"lazy\" decoding=\"async\" src=\"https:\/\/jornalfatosenoticias.com.br\/wp-content\/uploads\/2022\/10\/RC_800x750_page-0001.jpg\" alt=\"\" class=\"wp-image-35338\" width=\"279\" height=\"262\" srcset=\"https:\/\/jornalfatosenoticias.com.br\/wp-content\/uploads\/2022\/10\/RC_800x750_page-0001.jpg 400w, https:\/\/jornalfatosenoticias.com.br\/wp-content\/uploads\/2022\/10\/RC_800x750_page-0001-300x281.jpg 300w\" sizes=\"auto, (max-width: 279px) 100vw, 279px\" \/><\/a><\/figure><\/div>\n\n\n\n<p>K\u00e1tia afirmou ainda que um prot\u00f3tipo de sistema de filas, desenvolvido pelo MEC, est\u00e1 sendo testado em Estados e munic\u00edpios. De acordo com a secret\u00e1ria, a ferramenta, que far\u00e1 parte da plataforma Gest\u00e3o Presente, ficar\u00e1 \u00e0 disposi\u00e7\u00e3o como ferramenta aos sistemas de ensino.<\/p>\n\n\n\n<div class=\"wp-block-image\"><figure class=\"aligncenter size-large is-resized\"><a href=\"https:\/\/legisjuris.com.br\/\"><img loading=\"lazy\" decoding=\"async\" src=\"https:\/\/jornalfatosenoticias.com.br\/wp-content\/uploads\/2024\/09\/Legis-Juris-Consultoria_logo.jpg\" alt=\"\" class=\"wp-image-53915\" width=\"475\" height=\"199\" srcset=\"https:\/\/jornalfatosenoticias.com.br\/wp-content\/uploads\/2024\/09\/Legis-Juris-Consultoria_logo.jpg 969w, https:\/\/jornalfatosenoticias.com.br\/wp-content\/uploads\/2024\/09\/Legis-Juris-Consultoria_logo-300x126.jpg 300w, https:\/\/jornalfatosenoticias.com.br\/wp-content\/uploads\/2024\/09\/Legis-Juris-Consultoria_logo-768x322.jpg 768w\" sizes=\"auto, (max-width: 475px) 100vw, 475px\" \/><\/a><\/figure><\/div>\n\n\n\n<p><strong>Fonte: <a href=\"https:\/\/www.terra.com.br\/noticias\/educacao\/por-que-e-tao-importante-investir-na-educacao-na-primeira-infancia,a7386bae0c08ce9ad9affb105599dc87bl6h6a8x.html\">Terra<\/a><\/strong><\/p>\n","protected":false},"excerpt":{"rendered":"<p>Fase que vai do nascimento at\u00e9 os seis anos foi tema do ciclo de debates &#8220;Educa\u00e7\u00e3o em Transforma\u00e7\u00e3o&#8221;, promovido pelo &#8216;Estad\u00e3o&#8217; Por Isabella Siqueira Os primeiros anos da crian\u00e7a, fase que vai do nascimento at\u00e9 os seis anos, s\u00e3o um per\u00edodo complexo e crucial de desenvolvimento para as aprendizagens. A valoriza\u00e7\u00e3o da primeira inf\u00e2ncia, o [&hellip;]<\/p>\n","protected":false},"author":2,"featured_media":62224,"comment_status":"open","ping_status":"open","sticky":false,"template":"","format":"standard","meta":{"footnotes":""},"categories":[7],"tags":[28374,6591,597,1042,1870,28376,28375,283,463],"class_list":["post-62223","post","type-post","status-publish","format-standard","has-post-thumbnail","hentry","category-educacao","tag-educacao-em-transformacao","tag-bncc","tag-brasil","tag-desenvolvimento-infantil","tag-educacao-infantil","tag-especialistas-educacao-infantil","tag-intersetorialidade","tag-mec","tag-politicas-publicas"],"yoast_head":"<!-- This site is optimized with the Yoast SEO plugin v26.5 - https:\/\/yoast.com\/wordpress\/plugins\/seo\/ -->\n<title>Por que \u00e9 t\u00e3o importante investir na educa\u00e7\u00e3o na primeira inf\u00e2ncia - Jornal Fatos e Not\u00edcias<\/title>\n<meta name=\"robots\" content=\"index, follow, max-snippet:-1, max-image-preview:large, max-video-preview:-1\" \/>\n<link rel=\"canonical\" href=\"https:\/\/jornalfatosenoticias.com.br\/index.php\/2025\/09\/30\/por-que-e-tao-importante-investir-na-educacao-na-primeira-infancia\/\" \/>\n<meta property=\"og:locale\" content=\"pt_BR\" \/>\n<meta property=\"og:type\" content=\"article\" \/>\n<meta property=\"og:title\" content=\"Por que \u00e9 t\u00e3o importante investir na educa\u00e7\u00e3o na primeira inf\u00e2ncia - Jornal Fatos e Not\u00edcias\" \/>\n<meta property=\"og:description\" content=\"Fase que vai do nascimento at\u00e9 os seis anos foi tema do ciclo de debates &#8220;Educa\u00e7\u00e3o em Transforma\u00e7\u00e3o&#8221;, promovido pelo &#8216;Estad\u00e3o&#8217; Por Isabella Siqueira Os primeiros anos da crian\u00e7a, fase que vai do nascimento at\u00e9 os seis anos, s\u00e3o um per\u00edodo complexo e crucial de desenvolvimento para as aprendizagens. A valoriza\u00e7\u00e3o da primeira inf\u00e2ncia, o [&hellip;]\" \/>\n<meta property=\"og:url\" content=\"https:\/\/jornalfatosenoticias.com.br\/index.php\/2025\/09\/30\/por-que-e-tao-importante-investir-na-educacao-na-primeira-infancia\/\" \/>\n<meta property=\"og:site_name\" content=\"Jornal Fatos e Not\u00edcias\" \/>\n<meta property=\"article:published_time\" content=\"2025-09-30T13:00:19+00:00\" \/>\n<meta property=\"article:modified_time\" content=\"2025-09-30T13:00:20+00:00\" \/>\n<meta property=\"og:image\" content=\"https:\/\/jornalfatosenoticias.com.br\/wp-content\/uploads\/2025\/09\/educacao-na-primeira-infancia-sala-de-aula_pexels.jpg\" \/>\n\t<meta property=\"og:image:width\" content=\"1000\" \/>\n\t<meta property=\"og:image:height\" content=\"667\" \/>\n\t<meta property=\"og:image:type\" content=\"image\/jpeg\" \/>\n<meta name=\"author\" content=\"Luzimara Fernandes\" \/>\n<meta name=\"twitter:card\" content=\"summary_large_image\" \/>\n<meta name=\"twitter:label1\" content=\"Escrito por\" \/>\n\t<meta name=\"twitter:data1\" content=\"Luzimara Fernandes\" \/>\n\t<meta name=\"twitter:label2\" content=\"Est. tempo de leitura\" \/>\n\t<meta name=\"twitter:data2\" content=\"3 minutos\" \/>\n<script type=\"application\/ld+json\" class=\"yoast-schema-graph\">{\"@context\":\"https:\/\/schema.org\",\"@graph\":[{\"@type\":\"Article\",\"@id\":\"https:\/\/jornalfatosenoticias.com.br\/index.php\/2025\/09\/30\/por-que-e-tao-importante-investir-na-educacao-na-primeira-infancia\/#article\",\"isPartOf\":{\"@id\":\"https:\/\/jornalfatosenoticias.com.br\/index.php\/2025\/09\/30\/por-que-e-tao-importante-investir-na-educacao-na-primeira-infancia\/\"},\"author\":{\"name\":\"Luzimara Fernandes\",\"@id\":\"https:\/\/jornalfatosenoticias.com.br\/#\/schema\/person\/d63837fa13ac8666eb9e74e0985d6f81\"},\"headline\":\"Por que \u00e9 t\u00e3o importante investir na educa\u00e7\u00e3o na primeira inf\u00e2ncia\",\"datePublished\":\"2025-09-30T13:00:19+00:00\",\"dateModified\":\"2025-09-30T13:00:20+00:00\",\"mainEntityOfPage\":{\"@id\":\"https:\/\/jornalfatosenoticias.com.br\/index.php\/2025\/09\/30\/por-que-e-tao-importante-investir-na-educacao-na-primeira-infancia\/\"},\"wordCount\":673,\"commentCount\":0,\"publisher\":{\"@id\":\"https:\/\/jornalfatosenoticias.com.br\/#organization\"},\"image\":{\"@id\":\"https:\/\/jornalfatosenoticias.com.br\/index.php\/2025\/09\/30\/por-que-e-tao-importante-investir-na-educacao-na-primeira-infancia\/#primaryimage\"},\"thumbnailUrl\":\"https:\/\/jornalfatosenoticias.com.br\/wp-content\/uploads\/2025\/09\/educacao-na-primeira-infancia-sala-de-aula_pexels.jpg\",\"keywords\":[\"&quot;Educa\u00e7\u00e3o em Transforma\u00e7\u00e3o&quot;\",\"BNCC\",\"Brasil\",\"desenvolvimento infantil\",\"educa\u00e7\u00e3o infantil\",\"especialistas educa\u00e7\u00e3o infantil\",\"intersetorialidade\",\"MEC\",\"pol\u00edticas p\u00fablicas\"],\"articleSection\":[\"Educa\u00e7\u00e3o\"],\"inLanguage\":\"pt-BR\",\"potentialAction\":[{\"@type\":\"CommentAction\",\"name\":\"Comment\",\"target\":[\"https:\/\/jornalfatosenoticias.com.br\/index.php\/2025\/09\/30\/por-que-e-tao-importante-investir-na-educacao-na-primeira-infancia\/#respond\"]}]},{\"@type\":\"WebPage\",\"@id\":\"https:\/\/jornalfatosenoticias.com.br\/index.php\/2025\/09\/30\/por-que-e-tao-importante-investir-na-educacao-na-primeira-infancia\/\",\"url\":\"https:\/\/jornalfatosenoticias.com.br\/index.php\/2025\/09\/30\/por-que-e-tao-importante-investir-na-educacao-na-primeira-infancia\/\",\"name\":\"Por que \u00e9 t\u00e3o importante investir na educa\u00e7\u00e3o na primeira inf\u00e2ncia - Jornal Fatos e Not\u00edcias\",\"isPartOf\":{\"@id\":\"https:\/\/jornalfatosenoticias.com.br\/#website\"},\"primaryImageOfPage\":{\"@id\":\"https:\/\/jornalfatosenoticias.com.br\/index.php\/2025\/09\/30\/por-que-e-tao-importante-investir-na-educacao-na-primeira-infancia\/#primaryimage\"},\"image\":{\"@id\":\"https:\/\/jornalfatosenoticias.com.br\/index.php\/2025\/09\/30\/por-que-e-tao-importante-investir-na-educacao-na-primeira-infancia\/#primaryimage\"},\"thumbnailUrl\":\"https:\/\/jornalfatosenoticias.com.br\/wp-content\/uploads\/2025\/09\/educacao-na-primeira-infancia-sala-de-aula_pexels.jpg\",\"datePublished\":\"2025-09-30T13:00:19+00:00\",\"dateModified\":\"2025-09-30T13:00:20+00:00\",\"breadcrumb\":{\"@id\":\"https:\/\/jornalfatosenoticias.com.br\/index.php\/2025\/09\/30\/por-que-e-tao-importante-investir-na-educacao-na-primeira-infancia\/#breadcrumb\"},\"inLanguage\":\"pt-BR\",\"potentialAction\":[{\"@type\":\"ReadAction\",\"target\":[\"https:\/\/jornalfatosenoticias.com.br\/index.php\/2025\/09\/30\/por-que-e-tao-importante-investir-na-educacao-na-primeira-infancia\/\"]}]},{\"@type\":\"ImageObject\",\"inLanguage\":\"pt-BR\",\"@id\":\"https:\/\/jornalfatosenoticias.com.br\/index.php\/2025\/09\/30\/por-que-e-tao-importante-investir-na-educacao-na-primeira-infancia\/#primaryimage\",\"url\":\"https:\/\/jornalfatosenoticias.com.br\/wp-content\/uploads\/2025\/09\/educacao-na-primeira-infancia-sala-de-aula_pexels.jpg\",\"contentUrl\":\"https:\/\/jornalfatosenoticias.com.br\/wp-content\/uploads\/2025\/09\/educacao-na-primeira-infancia-sala-de-aula_pexels.jpg\",\"width\":1000,\"height\":667},{\"@type\":\"BreadcrumbList\",\"@id\":\"https:\/\/jornalfatosenoticias.com.br\/index.php\/2025\/09\/30\/por-que-e-tao-importante-investir-na-educacao-na-primeira-infancia\/#breadcrumb\",\"itemListElement\":[{\"@type\":\"ListItem\",\"position\":1,\"name\":\"In\u00edcio\",\"item\":\"https:\/\/jornalfatosenoticias.com.br\/\"},{\"@type\":\"ListItem\",\"position\":2,\"name\":\"Por que \u00e9 t\u00e3o importante investir na educa\u00e7\u00e3o na primeira inf\u00e2ncia\"}]},{\"@type\":\"WebSite\",\"@id\":\"https:\/\/jornalfatosenoticias.com.br\/#website\",\"url\":\"https:\/\/jornalfatosenoticias.com.br\/\",\"name\":\"Jornal Fatos e Not\u00edcias\",\"description\":\"Not\u00edcias em geral\",\"publisher\":{\"@id\":\"https:\/\/jornalfatosenoticias.com.br\/#organization\"},\"potentialAction\":[{\"@type\":\"SearchAction\",\"target\":{\"@type\":\"EntryPoint\",\"urlTemplate\":\"https:\/\/jornalfatosenoticias.com.br\/?s={search_term_string}\"},\"query-input\":{\"@type\":\"PropertyValueSpecification\",\"valueRequired\":true,\"valueName\":\"search_term_string\"}}],\"inLanguage\":\"pt-BR\"},{\"@type\":\"Organization\",\"@id\":\"https:\/\/jornalfatosenoticias.com.br\/#organization\",\"name\":\"Jornal Fatos e Not\u00edcias\",\"url\":\"https:\/\/jornalfatosenoticias.com.br\/\",\"logo\":{\"@type\":\"ImageObject\",\"inLanguage\":\"pt-BR\",\"@id\":\"https:\/\/jornalfatosenoticias.com.br\/#\/schema\/logo\/image\/\",\"url\":\"https:\/\/jornalfatosenoticias.com.br\/wp-content\/uploads\/2020\/02\/logo120.png\",\"contentUrl\":\"https:\/\/jornalfatosenoticias.com.br\/wp-content\/uploads\/2020\/02\/logo120.png\",\"width\":1227,\"height\":120,\"caption\":\"Jornal Fatos e Not\u00edcias\"},\"image\":{\"@id\":\"https:\/\/jornalfatosenoticias.com.br\/#\/schema\/logo\/image\/\"}},{\"@type\":\"Person\",\"@id\":\"https:\/\/jornalfatosenoticias.com.br\/#\/schema\/person\/d63837fa13ac8666eb9e74e0985d6f81\",\"name\":\"Luzimara Fernandes\",\"image\":{\"@type\":\"ImageObject\",\"inLanguage\":\"pt-BR\",\"@id\":\"https:\/\/jornalfatosenoticias.com.br\/#\/schema\/person\/image\/\",\"url\":\"https:\/\/jornalfatosenoticias.com.br\/wp-content\/uploads\/2025\/05\/EU_portal.jpg\",\"contentUrl\":\"https:\/\/jornalfatosenoticias.com.br\/wp-content\/uploads\/2025\/05\/EU_portal.jpg\",\"caption\":\"Luzimara Fernandes\"},\"description\":\"Jornalista MTB 2358-ES\",\"sameAs\":[\"https:\/\/jornalfatosenoticias.com.br\"],\"url\":\"https:\/\/jornalfatosenoticias.com.br\/index.php\/author\/luzimara\/\"}]}<\/script>\n<!-- \/ Yoast SEO plugin. -->","yoast_head_json":{"title":"Por que \u00e9 t\u00e3o importante investir na educa\u00e7\u00e3o na primeira inf\u00e2ncia - Jornal Fatos e Not\u00edcias","robots":{"index":"index","follow":"follow","max-snippet":"max-snippet:-1","max-image-preview":"max-image-preview:large","max-video-preview":"max-video-preview:-1"},"canonical":"https:\/\/jornalfatosenoticias.com.br\/index.php\/2025\/09\/30\/por-que-e-tao-importante-investir-na-educacao-na-primeira-infancia\/","og_locale":"pt_BR","og_type":"article","og_title":"Por que \u00e9 t\u00e3o importante investir na educa\u00e7\u00e3o na primeira inf\u00e2ncia - Jornal Fatos e Not\u00edcias","og_description":"Fase que vai do nascimento at\u00e9 os seis anos foi tema do ciclo de debates &#8220;Educa\u00e7\u00e3o em Transforma\u00e7\u00e3o&#8221;, promovido pelo &#8216;Estad\u00e3o&#8217; Por Isabella Siqueira Os primeiros anos da crian\u00e7a, fase que vai do nascimento at\u00e9 os seis anos, s\u00e3o um per\u00edodo complexo e crucial de desenvolvimento para as aprendizagens. A valoriza\u00e7\u00e3o da primeira inf\u00e2ncia, o [&hellip;]","og_url":"https:\/\/jornalfatosenoticias.com.br\/index.php\/2025\/09\/30\/por-que-e-tao-importante-investir-na-educacao-na-primeira-infancia\/","og_site_name":"Jornal Fatos e Not\u00edcias","article_published_time":"2025-09-30T13:00:19+00:00","article_modified_time":"2025-09-30T13:00:20+00:00","og_image":[{"width":1000,"height":667,"url":"https:\/\/jornalfatosenoticias.com.br\/wp-content\/uploads\/2025\/09\/educacao-na-primeira-infancia-sala-de-aula_pexels.jpg","type":"image\/jpeg"}],"author":"Luzimara Fernandes","twitter_card":"summary_large_image","twitter_misc":{"Escrito por":"Luzimara Fernandes","Est. tempo de leitura":"3 minutos"},"schema":{"@context":"https:\/\/schema.org","@graph":[{"@type":"Article","@id":"https:\/\/jornalfatosenoticias.com.br\/index.php\/2025\/09\/30\/por-que-e-tao-importante-investir-na-educacao-na-primeira-infancia\/#article","isPartOf":{"@id":"https:\/\/jornalfatosenoticias.com.br\/index.php\/2025\/09\/30\/por-que-e-tao-importante-investir-na-educacao-na-primeira-infancia\/"},"author":{"name":"Luzimara Fernandes","@id":"https:\/\/jornalfatosenoticias.com.br\/#\/schema\/person\/d63837fa13ac8666eb9e74e0985d6f81"},"headline":"Por que \u00e9 t\u00e3o importante investir na educa\u00e7\u00e3o na primeira inf\u00e2ncia","datePublished":"2025-09-30T13:00:19+00:00","dateModified":"2025-09-30T13:00:20+00:00","mainEntityOfPage":{"@id":"https:\/\/jornalfatosenoticias.com.br\/index.php\/2025\/09\/30\/por-que-e-tao-importante-investir-na-educacao-na-primeira-infancia\/"},"wordCount":673,"commentCount":0,"publisher":{"@id":"https:\/\/jornalfatosenoticias.com.br\/#organization"},"image":{"@id":"https:\/\/jornalfatosenoticias.com.br\/index.php\/2025\/09\/30\/por-que-e-tao-importante-investir-na-educacao-na-primeira-infancia\/#primaryimage"},"thumbnailUrl":"https:\/\/jornalfatosenoticias.com.br\/wp-content\/uploads\/2025\/09\/educacao-na-primeira-infancia-sala-de-aula_pexels.jpg","keywords":["&quot;Educa\u00e7\u00e3o em Transforma\u00e7\u00e3o&quot;","BNCC","Brasil","desenvolvimento infantil","educa\u00e7\u00e3o infantil","especialistas educa\u00e7\u00e3o infantil","intersetorialidade","MEC","pol\u00edticas p\u00fablicas"],"articleSection":["Educa\u00e7\u00e3o"],"inLanguage":"pt-BR","potentialAction":[{"@type":"CommentAction","name":"Comment","target":["https:\/\/jornalfatosenoticias.com.br\/index.php\/2025\/09\/30\/por-que-e-tao-importante-investir-na-educacao-na-primeira-infancia\/#respond"]}]},{"@type":"WebPage","@id":"https:\/\/jornalfatosenoticias.com.br\/index.php\/2025\/09\/30\/por-que-e-tao-importante-investir-na-educacao-na-primeira-infancia\/","url":"https:\/\/jornalfatosenoticias.com.br\/index.php\/2025\/09\/30\/por-que-e-tao-importante-investir-na-educacao-na-primeira-infancia\/","name":"Por que \u00e9 t\u00e3o importante investir na educa\u00e7\u00e3o na primeira inf\u00e2ncia - Jornal Fatos e Not\u00edcias","isPartOf":{"@id":"https:\/\/jornalfatosenoticias.com.br\/#website"},"primaryImageOfPage":{"@id":"https:\/\/jornalfatosenoticias.com.br\/index.php\/2025\/09\/30\/por-que-e-tao-importante-investir-na-educacao-na-primeira-infancia\/#primaryimage"},"image":{"@id":"https:\/\/jornalfatosenoticias.com.br\/index.php\/2025\/09\/30\/por-que-e-tao-importante-investir-na-educacao-na-primeira-infancia\/#primaryimage"},"thumbnailUrl":"https:\/\/jornalfatosenoticias.com.br\/wp-content\/uploads\/2025\/09\/educacao-na-primeira-infancia-sala-de-aula_pexels.jpg","datePublished":"2025-09-30T13:00:19+00:00","dateModified":"2025-09-30T13:00:20+00:00","breadcrumb":{"@id":"https:\/\/jornalfatosenoticias.com.br\/index.php\/2025\/09\/30\/por-que-e-tao-importante-investir-na-educacao-na-primeira-infancia\/#breadcrumb"},"inLanguage":"pt-BR","potentialAction":[{"@type":"ReadAction","target":["https:\/\/jornalfatosenoticias.com.br\/index.php\/2025\/09\/30\/por-que-e-tao-importante-investir-na-educacao-na-primeira-infancia\/"]}]},{"@type":"ImageObject","inLanguage":"pt-BR","@id":"https:\/\/jornalfatosenoticias.com.br\/index.php\/2025\/09\/30\/por-que-e-tao-importante-investir-na-educacao-na-primeira-infancia\/#primaryimage","url":"https:\/\/jornalfatosenoticias.com.br\/wp-content\/uploads\/2025\/09\/educacao-na-primeira-infancia-sala-de-aula_pexels.jpg","contentUrl":"https:\/\/jornalfatosenoticias.com.br\/wp-content\/uploads\/2025\/09\/educacao-na-primeira-infancia-sala-de-aula_pexels.jpg","width":1000,"height":667},{"@type":"BreadcrumbList","@id":"https:\/\/jornalfatosenoticias.com.br\/index.php\/2025\/09\/30\/por-que-e-tao-importante-investir-na-educacao-na-primeira-infancia\/#breadcrumb","itemListElement":[{"@type":"ListItem","position":1,"name":"In\u00edcio","item":"https:\/\/jornalfatosenoticias.com.br\/"},{"@type":"ListItem","position":2,"name":"Por que \u00e9 t\u00e3o importante investir na educa\u00e7\u00e3o na primeira inf\u00e2ncia"}]},{"@type":"WebSite","@id":"https:\/\/jornalfatosenoticias.com.br\/#website","url":"https:\/\/jornalfatosenoticias.com.br\/","name":"Jornal Fatos e Not\u00edcias","description":"Not\u00edcias em geral","publisher":{"@id":"https:\/\/jornalfatosenoticias.com.br\/#organization"},"potentialAction":[{"@type":"SearchAction","target":{"@type":"EntryPoint","urlTemplate":"https:\/\/jornalfatosenoticias.com.br\/?s={search_term_string}"},"query-input":{"@type":"PropertyValueSpecification","valueRequired":true,"valueName":"search_term_string"}}],"inLanguage":"pt-BR"},{"@type":"Organization","@id":"https:\/\/jornalfatosenoticias.com.br\/#organization","name":"Jornal Fatos e Not\u00edcias","url":"https:\/\/jornalfatosenoticias.com.br\/","logo":{"@type":"ImageObject","inLanguage":"pt-BR","@id":"https:\/\/jornalfatosenoticias.com.br\/#\/schema\/logo\/image\/","url":"https:\/\/jornalfatosenoticias.com.br\/wp-content\/uploads\/2020\/02\/logo120.png","contentUrl":"https:\/\/jornalfatosenoticias.com.br\/wp-content\/uploads\/2020\/02\/logo120.png","width":1227,"height":120,"caption":"Jornal Fatos e Not\u00edcias"},"image":{"@id":"https:\/\/jornalfatosenoticias.com.br\/#\/schema\/logo\/image\/"}},{"@type":"Person","@id":"https:\/\/jornalfatosenoticias.com.br\/#\/schema\/person\/d63837fa13ac8666eb9e74e0985d6f81","name":"Luzimara Fernandes","image":{"@type":"ImageObject","inLanguage":"pt-BR","@id":"https:\/\/jornalfatosenoticias.com.br\/#\/schema\/person\/image\/","url":"https:\/\/jornalfatosenoticias.com.br\/wp-content\/uploads\/2025\/05\/EU_portal.jpg","contentUrl":"https:\/\/jornalfatosenoticias.com.br\/wp-content\/uploads\/2025\/05\/EU_portal.jpg","caption":"Luzimara Fernandes"},"description":"Jornalista MTB 2358-ES","sameAs":["https:\/\/jornalfatosenoticias.com.br"],"url":"https:\/\/jornalfatosenoticias.com.br\/index.php\/author\/luzimara\/"}]}},"cc_featured_image_caption":{"caption_text":"(Foto: Pexels)","source_text":"","source_url":""},"jetpack_featured_media_url":"https:\/\/jornalfatosenoticias.com.br\/wp-content\/uploads\/2025\/09\/educacao-na-primeira-infancia-sala-de-aula_pexels.jpg","_links":{"self":[{"href":"https:\/\/jornalfatosenoticias.com.br\/index.php\/wp-json\/wp\/v2\/posts\/62223","targetHints":{"allow":["GET"]}}],"collection":[{"href":"https:\/\/jornalfatosenoticias.com.br\/index.php\/wp-json\/wp\/v2\/posts"}],"about":[{"href":"https:\/\/jornalfatosenoticias.com.br\/index.php\/wp-json\/wp\/v2\/types\/post"}],"author":[{"embeddable":true,"href":"https:\/\/jornalfatosenoticias.com.br\/index.php\/wp-json\/wp\/v2\/users\/2"}],"replies":[{"embeddable":true,"href":"https:\/\/jornalfatosenoticias.com.br\/index.php\/wp-json\/wp\/v2\/comments?post=62223"}],"version-history":[{"count":0,"href":"https:\/\/jornalfatosenoticias.com.br\/index.php\/wp-json\/wp\/v2\/posts\/62223\/revisions"}],"wp:featuredmedia":[{"embeddable":true,"href":"https:\/\/jornalfatosenoticias.com.br\/index.php\/wp-json\/wp\/v2\/media\/62224"}],"wp:attachment":[{"href":"https:\/\/jornalfatosenoticias.com.br\/index.php\/wp-json\/wp\/v2\/media?parent=62223"}],"wp:term":[{"taxonomy":"category","embeddable":true,"href":"https:\/\/jornalfatosenoticias.com.br\/index.php\/wp-json\/wp\/v2\/categories?post=62223"},{"taxonomy":"post_tag","embeddable":true,"href":"https:\/\/jornalfatosenoticias.com.br\/index.php\/wp-json\/wp\/v2\/tags?post=62223"}],"curies":[{"name":"wp","href":"https:\/\/api.w.org\/{rel}","templated":true}]}}