{"id":62249,"date":"2025-09-30T14:05:59","date_gmt":"2025-09-30T17:05:59","guid":{"rendered":"https:\/\/jornalfatosenoticias.com.br\/?p=62249"},"modified":"2025-09-30T14:06:00","modified_gmt":"2025-09-30T17:06:00","slug":"por-que-adolescentes-sao-tao-rebeldes","status":"publish","type":"post","link":"https:\/\/jornalfatosenoticias.com.br\/index.php\/2025\/09\/30\/por-que-adolescentes-sao-tao-rebeldes\/","title":{"rendered":"Por que adolescentes s\u00e3o t\u00e3o \u201crebeldes\u201d?"},"content":{"rendered":"\n<p><span class=\"has-inline-color has-black-color\"><em>Nesta fase, os filhos come\u00e7am a contrariar quase tudo o que os pais dizem e parecem nunca estar contentes com nada. Acontece na sua casa? Saiba que existe uma explica\u00e7\u00e3o<\/em><\/span><\/p>\n\n\n\n<p><span class=\"has-inline-color has-black-color\">Por <strong><a href=\"https:\/\/revistacrescer.globo.com\/autores\/vanessa-lima\/\">Vanessa Lima<\/a><\/strong><\/span><\/p>\n\n\n\n<div class=\"wp-block-image\"><figure class=\"aligncenter size-large\"><a href=\"https:\/\/mizu.com.br\/\"><img loading=\"lazy\" decoding=\"async\" width=\"729\" height=\"90\" src=\"https:\/\/jornalfatosenoticias.com.br\/wp-content\/uploads\/2020\/02\/Logo_Mizu.png\" alt=\"\" class=\"wp-image-1441\" srcset=\"https:\/\/jornalfatosenoticias.com.br\/wp-content\/uploads\/2020\/02\/Logo_Mizu.png 729w, https:\/\/jornalfatosenoticias.com.br\/wp-content\/uploads\/2020\/02\/Logo_Mizu-300x37.png 300w\" sizes=\"auto, (max-width: 729px) 100vw, 729px\" \/><\/a><\/figure><\/div>\n\n\n\n<p>Onde foi parar aquela crian\u00e7a risonha, que se divertia com tudo o que voc\u00ea falava e topava qualquer programa? Por que tanto <strong><a class=\"\" href=\"https:\/\/revistacrescer.globo.com\/pre-adolescentes\/comportamento\/noticia\/2025\/02\/mudancas-de-humor-na-adolescencia-como-lidar-com-essa-fase-dos-filhos-com-empatia-e-equilibrio.ghtml\">mau humor<\/a>?<\/strong> Por que tanta rebeldia? S\u00e3o algumas das perguntas que a maioria dos pais de adolescentes faz, todos os dias. \u00c9 normal e esperado que alguns comportamentos mudem, como explica a hebiatra Luiza Silva, pediatra especialista em adolescentes e orientadora parental de Palmas (TO).<br><em>\u201cOs adolescentes vivem diversas transforma\u00e7\u00f5es e mudan\u00e7as intensas que envolvem psique, corpo e c\u00e9rebro\u201d, <\/em>afirma a m\u00e9dica. Embora seja comum associarmos as oscila\u00e7\u00f5es de humor e o aumento da impulsividade \u00e0s <strong><a class=\"\" href=\"https:\/\/revistacrescer.globo.com\/criancas\/desenvolvimento\/noticia\/2024\/06\/puberdade-o-que-e-e-quais-sao-os-sinais-em-meninos-e-meninas.ghtml\">oscila\u00e7\u00f5es hormonais<\/a><\/strong>, hoje, j\u00e1 se sabe que o c\u00e9rebro \u00e9 que est\u00e1 envolvido nesses comportamentos.<\/p>\n\n\n\n<div class=\"wp-block-image\"><figure class=\"aligncenter size-large is-resized\"><a href=\"https:\/\/www.instagram.com\/esteio.churrascaria\/\"><img loading=\"lazy\" decoding=\"async\" src=\"https:\/\/jornalfatosenoticias.com.br\/wp-content\/uploads\/2022\/02\/LOGO-ESTEIO-1024x730.png\" alt=\"\" class=\"wp-image-27942\" width=\"340\" height=\"242\" srcset=\"https:\/\/jornalfatosenoticias.com.br\/wp-content\/uploads\/2022\/02\/LOGO-ESTEIO-1024x730.png 1024w, https:\/\/jornalfatosenoticias.com.br\/wp-content\/uploads\/2022\/02\/LOGO-ESTEIO-300x214.png 300w, https:\/\/jornalfatosenoticias.com.br\/wp-content\/uploads\/2022\/02\/LOGO-ESTEIO-768x548.png 768w, https:\/\/jornalfatosenoticias.com.br\/wp-content\/uploads\/2022\/02\/LOGO-ESTEIO.png 1123w\" sizes=\"auto, (max-width: 340px) 100vw, 340px\" \/><\/a><\/figure><\/div>\n\n\n\n<blockquote class=\"wp-block-quote is-layout-flow wp-block-quote-is-layout-flow\"><p><span class=\"has-inline-color has-luminous-vivid-orange-color\">Na adolesc\u00eancia, o <strong><a class=\"\" href=\"https:\/\/revistacrescer.globo.com\/pre-adolescentes\/comportamento\/noticia\/2025\/07\/4-coisas-que-os-adolescentes-precisam-saber-sobre-o-proprio-cerebro.ghtml\">c\u00f3rtex pr\u00e9-frontal<\/a><\/strong>, que \u00e9 a \u00e1rea do c\u00e9rebro respons\u00e1vel por an\u00e1lises de risco, fun\u00e7\u00f5es executivas e controle inibit\u00f3rio, por exemplo, ainda est\u00e1 em desenvolvimento\u201d, afirma a hebiatra. Enquanto isso, regi\u00f5es mais internas como as am\u00edgdalas cerebrais, o hipocampo e o sistema dopamin\u00e9rgico est\u00e3o superestimuladas. \u201cS\u00e3o regi\u00f5es que est\u00e3o intimamente associadas com comportamento mais impulsivo, explosivo e imediatista\u201d, aponta. O resultado \u00e9 o aumento das chances de decis\u00f5es tomadas mais rapidamente, sem medir tanto as consequ\u00eancias, em muitas situa\u00e7\u00f5es.<\/span><\/p><\/blockquote>\n\n\n\n<div class=\"wp-block-image\"><figure class=\"aligncenter size-large is-resized\"><a href=\"https:\/\/www.instagram.com\/rcradiadores\/\"><img loading=\"lazy\" decoding=\"async\" src=\"https:\/\/jornalfatosenoticias.com.br\/wp-content\/uploads\/2022\/10\/RC_800x750_page-0001.jpg\" alt=\"\" class=\"wp-image-35338\" width=\"288\" height=\"270\" srcset=\"https:\/\/jornalfatosenoticias.com.br\/wp-content\/uploads\/2022\/10\/RC_800x750_page-0001.jpg 400w, https:\/\/jornalfatosenoticias.com.br\/wp-content\/uploads\/2022\/10\/RC_800x750_page-0001-300x281.jpg 300w\" sizes=\"auto, (max-width: 288px) 100vw, 288px\" \/><\/a><\/figure><\/div>\n\n\n\n<p>Apesar disso, a especialista lembra que a fam\u00edlia e os adultos respons\u00e1veis t\u00eam um papel importante, ajudando a estabelecer limites e oferecendo as orienta\u00e7\u00f5es necess\u00e1rias.<em> \u201cOs adolescentes podem e devem ser ensinados e estimulados desde cedo a desenvolver habilidades de <strong><a class=\"\" href=\"https:\/\/revistacrescer.globo.com\/Criancas\/Comportamento\/noticia\/2015\/05\/seu-filho-tem-autocontrole.html\">autocontrole<\/a><\/strong>, autocuidado e an\u00e1lise de riscos e consequ\u00eancias\u201d,<\/em> completa. O di\u00e1logo \u2014 com muita escuta ativa \u2014 e o refor\u00e7o da conex\u00e3o, com tempo de qualidade, s\u00e3o sempre as melhores estrat\u00e9gias.<\/p>\n\n\n\n<div class=\"wp-block-image\"><figure class=\"aligncenter size-large is-resized\"><a href=\"https:\/\/legisjuris.com.br\/\"><img loading=\"lazy\" decoding=\"async\" src=\"https:\/\/jornalfatosenoticias.com.br\/wp-content\/uploads\/2024\/09\/Legis-Juris-Consultoria_logo.jpg\" alt=\"\" class=\"wp-image-53915\" width=\"498\" height=\"209\" srcset=\"https:\/\/jornalfatosenoticias.com.br\/wp-content\/uploads\/2024\/09\/Legis-Juris-Consultoria_logo.jpg 969w, https:\/\/jornalfatosenoticias.com.br\/wp-content\/uploads\/2024\/09\/Legis-Juris-Consultoria_logo-300x126.jpg 300w, https:\/\/jornalfatosenoticias.com.br\/wp-content\/uploads\/2024\/09\/Legis-Juris-Consultoria_logo-768x322.jpg 768w\" sizes=\"auto, (max-width: 498px) 100vw, 498px\" \/><\/a><\/figure><\/div>\n\n\n\n<p><strong>Fonte: <a href=\"https:\/\/revistacrescer.globo.com\/pre-adolescentes\/comportamento\/noticia\/2025\/09\/por-que-adolescentes-sao-tao-rebeldes.ghtml\">Crescer<\/a><\/strong><\/p>\n","protected":false},"excerpt":{"rendered":"<p>Nesta fase, os filhos come\u00e7am a contrariar quase tudo o que os pais dizem e parecem nunca estar contentes com nada. Acontece na sua casa? Saiba que existe uma explica\u00e7\u00e3o Por Vanessa Lima Onde foi parar aquela crian\u00e7a risonha, que se divertia com tudo o que voc\u00ea falava e topava qualquer programa? Por que tanto [&hellip;]<\/p>\n","protected":false},"author":2,"featured_media":62250,"comment_status":"open","ping_status":"open","sticky":false,"template":"","format":"standard","meta":{"footnotes":""},"categories":[2522],"tags":[28389,5214,14504,2336,16476,6672,28388,12102,2693],"class_list":["post-62249","post","type-post","status-publish","format-standard","has-post-thumbnail","hentry","category-comportamento","tag-adolescentes-rebeldes","tag-autocontrole","tag-autocuidado","tag-cerebro","tag-cortex-pre-frontal","tag-mau-humor","tag-oscilacoes-hormonais","tag-rebeldes","tag-rebeldia"],"yoast_head":"<!-- This site is optimized with the Yoast SEO plugin v26.5 - https:\/\/yoast.com\/wordpress\/plugins\/seo\/ -->\n<title>Por que adolescentes s\u00e3o t\u00e3o \u201crebeldes\u201d? - Jornal Fatos e Not\u00edcias<\/title>\n<meta name=\"robots\" content=\"index, follow, max-snippet:-1, max-image-preview:large, max-video-preview:-1\" \/>\n<link rel=\"canonical\" href=\"https:\/\/jornalfatosenoticias.com.br\/index.php\/2025\/09\/30\/por-que-adolescentes-sao-tao-rebeldes\/\" \/>\n<meta property=\"og:locale\" content=\"pt_BR\" \/>\n<meta property=\"og:type\" content=\"article\" \/>\n<meta property=\"og:title\" content=\"Por que adolescentes s\u00e3o t\u00e3o \u201crebeldes\u201d? - Jornal Fatos e Not\u00edcias\" \/>\n<meta property=\"og:description\" content=\"Nesta fase, os filhos come\u00e7am a contrariar quase tudo o que os pais dizem e parecem nunca estar contentes com nada. Acontece na sua casa? Saiba que existe uma explica\u00e7\u00e3o Por Vanessa Lima Onde foi parar aquela crian\u00e7a risonha, que se divertia com tudo o que voc\u00ea falava e topava qualquer programa? Por que tanto [&hellip;]\" \/>\n<meta property=\"og:url\" content=\"https:\/\/jornalfatosenoticias.com.br\/index.php\/2025\/09\/30\/por-que-adolescentes-sao-tao-rebeldes\/\" \/>\n<meta property=\"og:site_name\" content=\"Jornal Fatos e Not\u00edcias\" \/>\n<meta property=\"article:published_time\" content=\"2025-09-30T17:05:59+00:00\" \/>\n<meta property=\"article:modified_time\" content=\"2025-09-30T17:06:00+00:00\" \/>\n<meta property=\"og:image\" content=\"https:\/\/jornalfatosenoticias.com.br\/wp-content\/uploads\/2025\/09\/adolescentes-REBELDES-COM-OS-PAIS_istock.jpg\" \/>\n\t<meta property=\"og:image:width\" content=\"1000\" \/>\n\t<meta property=\"og:image:height\" content=\"666\" \/>\n\t<meta property=\"og:image:type\" content=\"image\/jpeg\" \/>\n<meta name=\"author\" content=\"Luzimara Fernandes\" \/>\n<meta name=\"twitter:card\" content=\"summary_large_image\" \/>\n<meta name=\"twitter:label1\" content=\"Escrito por\" \/>\n\t<meta name=\"twitter:data1\" content=\"Luzimara Fernandes\" \/>\n\t<meta name=\"twitter:label2\" content=\"Est. tempo de leitura\" \/>\n\t<meta name=\"twitter:data2\" content=\"2 minutos\" \/>\n<script type=\"application\/ld+json\" class=\"yoast-schema-graph\">{\"@context\":\"https:\/\/schema.org\",\"@graph\":[{\"@type\":\"Article\",\"@id\":\"https:\/\/jornalfatosenoticias.com.br\/index.php\/2025\/09\/30\/por-que-adolescentes-sao-tao-rebeldes\/#article\",\"isPartOf\":{\"@id\":\"https:\/\/jornalfatosenoticias.com.br\/index.php\/2025\/09\/30\/por-que-adolescentes-sao-tao-rebeldes\/\"},\"author\":{\"name\":\"Luzimara Fernandes\",\"@id\":\"https:\/\/jornalfatosenoticias.com.br\/#\/schema\/person\/d63837fa13ac8666eb9e74e0985d6f81\"},\"headline\":\"Por que adolescentes s\u00e3o t\u00e3o \u201crebeldes\u201d?\",\"datePublished\":\"2025-09-30T17:05:59+00:00\",\"dateModified\":\"2025-09-30T17:06:00+00:00\",\"mainEntityOfPage\":{\"@id\":\"https:\/\/jornalfatosenoticias.com.br\/index.php\/2025\/09\/30\/por-que-adolescentes-sao-tao-rebeldes\/\"},\"wordCount\":343,\"commentCount\":0,\"publisher\":{\"@id\":\"https:\/\/jornalfatosenoticias.com.br\/#organization\"},\"image\":{\"@id\":\"https:\/\/jornalfatosenoticias.com.br\/index.php\/2025\/09\/30\/por-que-adolescentes-sao-tao-rebeldes\/#primaryimage\"},\"thumbnailUrl\":\"https:\/\/jornalfatosenoticias.com.br\/wp-content\/uploads\/2025\/09\/adolescentes-REBELDES-COM-OS-PAIS_istock.jpg\",\"keywords\":[\"adolescentes rebeldes\",\"autocontrole\",\"autocuidado\",\"c\u00e9rebro\",\"c\u00f3rtex pr\u00e9-frontal\",\"mau humor\",\"oscila\u00e7\u00f5es hormonais\",\"rebeldes\",\"rebeldia\"],\"articleSection\":[\"Comportamento &amp; Equil\u00edbrio\"],\"inLanguage\":\"pt-BR\",\"potentialAction\":[{\"@type\":\"CommentAction\",\"name\":\"Comment\",\"target\":[\"https:\/\/jornalfatosenoticias.com.br\/index.php\/2025\/09\/30\/por-que-adolescentes-sao-tao-rebeldes\/#respond\"]}]},{\"@type\":\"WebPage\",\"@id\":\"https:\/\/jornalfatosenoticias.com.br\/index.php\/2025\/09\/30\/por-que-adolescentes-sao-tao-rebeldes\/\",\"url\":\"https:\/\/jornalfatosenoticias.com.br\/index.php\/2025\/09\/30\/por-que-adolescentes-sao-tao-rebeldes\/\",\"name\":\"Por que adolescentes s\u00e3o t\u00e3o \u201crebeldes\u201d? - Jornal Fatos e Not\u00edcias\",\"isPartOf\":{\"@id\":\"https:\/\/jornalfatosenoticias.com.br\/#website\"},\"primaryImageOfPage\":{\"@id\":\"https:\/\/jornalfatosenoticias.com.br\/index.php\/2025\/09\/30\/por-que-adolescentes-sao-tao-rebeldes\/#primaryimage\"},\"image\":{\"@id\":\"https:\/\/jornalfatosenoticias.com.br\/index.php\/2025\/09\/30\/por-que-adolescentes-sao-tao-rebeldes\/#primaryimage\"},\"thumbnailUrl\":\"https:\/\/jornalfatosenoticias.com.br\/wp-content\/uploads\/2025\/09\/adolescentes-REBELDES-COM-OS-PAIS_istock.jpg\",\"datePublished\":\"2025-09-30T17:05:59+00:00\",\"dateModified\":\"2025-09-30T17:06:00+00:00\",\"breadcrumb\":{\"@id\":\"https:\/\/jornalfatosenoticias.com.br\/index.php\/2025\/09\/30\/por-que-adolescentes-sao-tao-rebeldes\/#breadcrumb\"},\"inLanguage\":\"pt-BR\",\"potentialAction\":[{\"@type\":\"ReadAction\",\"target\":[\"https:\/\/jornalfatosenoticias.com.br\/index.php\/2025\/09\/30\/por-que-adolescentes-sao-tao-rebeldes\/\"]}]},{\"@type\":\"ImageObject\",\"inLanguage\":\"pt-BR\",\"@id\":\"https:\/\/jornalfatosenoticias.com.br\/index.php\/2025\/09\/30\/por-que-adolescentes-sao-tao-rebeldes\/#primaryimage\",\"url\":\"https:\/\/jornalfatosenoticias.com.br\/wp-content\/uploads\/2025\/09\/adolescentes-REBELDES-COM-OS-PAIS_istock.jpg\",\"contentUrl\":\"https:\/\/jornalfatosenoticias.com.br\/wp-content\/uploads\/2025\/09\/adolescentes-REBELDES-COM-OS-PAIS_istock.jpg\",\"width\":1000,\"height\":666},{\"@type\":\"BreadcrumbList\",\"@id\":\"https:\/\/jornalfatosenoticias.com.br\/index.php\/2025\/09\/30\/por-que-adolescentes-sao-tao-rebeldes\/#breadcrumb\",\"itemListElement\":[{\"@type\":\"ListItem\",\"position\":1,\"name\":\"In\u00edcio\",\"item\":\"https:\/\/jornalfatosenoticias.com.br\/\"},{\"@type\":\"ListItem\",\"position\":2,\"name\":\"Por que adolescentes s\u00e3o t\u00e3o \u201crebeldes\u201d?\"}]},{\"@type\":\"WebSite\",\"@id\":\"https:\/\/jornalfatosenoticias.com.br\/#website\",\"url\":\"https:\/\/jornalfatosenoticias.com.br\/\",\"name\":\"Jornal Fatos e Not\u00edcias\",\"description\":\"Not\u00edcias em geral\",\"publisher\":{\"@id\":\"https:\/\/jornalfatosenoticias.com.br\/#organization\"},\"potentialAction\":[{\"@type\":\"SearchAction\",\"target\":{\"@type\":\"EntryPoint\",\"urlTemplate\":\"https:\/\/jornalfatosenoticias.com.br\/?s={search_term_string}\"},\"query-input\":{\"@type\":\"PropertyValueSpecification\",\"valueRequired\":true,\"valueName\":\"search_term_string\"}}],\"inLanguage\":\"pt-BR\"},{\"@type\":\"Organization\",\"@id\":\"https:\/\/jornalfatosenoticias.com.br\/#organization\",\"name\":\"Jornal Fatos e Not\u00edcias\",\"url\":\"https:\/\/jornalfatosenoticias.com.br\/\",\"logo\":{\"@type\":\"ImageObject\",\"inLanguage\":\"pt-BR\",\"@id\":\"https:\/\/jornalfatosenoticias.com.br\/#\/schema\/logo\/image\/\",\"url\":\"https:\/\/jornalfatosenoticias.com.br\/wp-content\/uploads\/2020\/02\/logo120.png\",\"contentUrl\":\"https:\/\/jornalfatosenoticias.com.br\/wp-content\/uploads\/2020\/02\/logo120.png\",\"width\":1227,\"height\":120,\"caption\":\"Jornal Fatos e Not\u00edcias\"},\"image\":{\"@id\":\"https:\/\/jornalfatosenoticias.com.br\/#\/schema\/logo\/image\/\"}},{\"@type\":\"Person\",\"@id\":\"https:\/\/jornalfatosenoticias.com.br\/#\/schema\/person\/d63837fa13ac8666eb9e74e0985d6f81\",\"name\":\"Luzimara Fernandes\",\"image\":{\"@type\":\"ImageObject\",\"inLanguage\":\"pt-BR\",\"@id\":\"https:\/\/jornalfatosenoticias.com.br\/#\/schema\/person\/image\/\",\"url\":\"https:\/\/jornalfatosenoticias.com.br\/wp-content\/uploads\/2025\/05\/EU_portal.jpg\",\"contentUrl\":\"https:\/\/jornalfatosenoticias.com.br\/wp-content\/uploads\/2025\/05\/EU_portal.jpg\",\"caption\":\"Luzimara Fernandes\"},\"description\":\"Jornalista MTB 2358-ES\",\"sameAs\":[\"https:\/\/jornalfatosenoticias.com.br\"],\"url\":\"https:\/\/jornalfatosenoticias.com.br\/index.php\/author\/luzimara\/\"}]}<\/script>\n<!-- \/ Yoast SEO plugin. -->","yoast_head_json":{"title":"Por que adolescentes s\u00e3o t\u00e3o \u201crebeldes\u201d? - Jornal Fatos e Not\u00edcias","robots":{"index":"index","follow":"follow","max-snippet":"max-snippet:-1","max-image-preview":"max-image-preview:large","max-video-preview":"max-video-preview:-1"},"canonical":"https:\/\/jornalfatosenoticias.com.br\/index.php\/2025\/09\/30\/por-que-adolescentes-sao-tao-rebeldes\/","og_locale":"pt_BR","og_type":"article","og_title":"Por que adolescentes s\u00e3o t\u00e3o \u201crebeldes\u201d? - Jornal Fatos e Not\u00edcias","og_description":"Nesta fase, os filhos come\u00e7am a contrariar quase tudo o que os pais dizem e parecem nunca estar contentes com nada. Acontece na sua casa? Saiba que existe uma explica\u00e7\u00e3o Por Vanessa Lima Onde foi parar aquela crian\u00e7a risonha, que se divertia com tudo o que voc\u00ea falava e topava qualquer programa? Por que tanto [&hellip;]","og_url":"https:\/\/jornalfatosenoticias.com.br\/index.php\/2025\/09\/30\/por-que-adolescentes-sao-tao-rebeldes\/","og_site_name":"Jornal Fatos e Not\u00edcias","article_published_time":"2025-09-30T17:05:59+00:00","article_modified_time":"2025-09-30T17:06:00+00:00","og_image":[{"width":1000,"height":666,"url":"https:\/\/jornalfatosenoticias.com.br\/wp-content\/uploads\/2025\/09\/adolescentes-REBELDES-COM-OS-PAIS_istock.jpg","type":"image\/jpeg"}],"author":"Luzimara Fernandes","twitter_card":"summary_large_image","twitter_misc":{"Escrito por":"Luzimara Fernandes","Est. tempo de leitura":"2 minutos"},"schema":{"@context":"https:\/\/schema.org","@graph":[{"@type":"Article","@id":"https:\/\/jornalfatosenoticias.com.br\/index.php\/2025\/09\/30\/por-que-adolescentes-sao-tao-rebeldes\/#article","isPartOf":{"@id":"https:\/\/jornalfatosenoticias.com.br\/index.php\/2025\/09\/30\/por-que-adolescentes-sao-tao-rebeldes\/"},"author":{"name":"Luzimara Fernandes","@id":"https:\/\/jornalfatosenoticias.com.br\/#\/schema\/person\/d63837fa13ac8666eb9e74e0985d6f81"},"headline":"Por que adolescentes s\u00e3o t\u00e3o \u201crebeldes\u201d?","datePublished":"2025-09-30T17:05:59+00:00","dateModified":"2025-09-30T17:06:00+00:00","mainEntityOfPage":{"@id":"https:\/\/jornalfatosenoticias.com.br\/index.php\/2025\/09\/30\/por-que-adolescentes-sao-tao-rebeldes\/"},"wordCount":343,"commentCount":0,"publisher":{"@id":"https:\/\/jornalfatosenoticias.com.br\/#organization"},"image":{"@id":"https:\/\/jornalfatosenoticias.com.br\/index.php\/2025\/09\/30\/por-que-adolescentes-sao-tao-rebeldes\/#primaryimage"},"thumbnailUrl":"https:\/\/jornalfatosenoticias.com.br\/wp-content\/uploads\/2025\/09\/adolescentes-REBELDES-COM-OS-PAIS_istock.jpg","keywords":["adolescentes rebeldes","autocontrole","autocuidado","c\u00e9rebro","c\u00f3rtex pr\u00e9-frontal","mau humor","oscila\u00e7\u00f5es hormonais","rebeldes","rebeldia"],"articleSection":["Comportamento &amp; Equil\u00edbrio"],"inLanguage":"pt-BR","potentialAction":[{"@type":"CommentAction","name":"Comment","target":["https:\/\/jornalfatosenoticias.com.br\/index.php\/2025\/09\/30\/por-que-adolescentes-sao-tao-rebeldes\/#respond"]}]},{"@type":"WebPage","@id":"https:\/\/jornalfatosenoticias.com.br\/index.php\/2025\/09\/30\/por-que-adolescentes-sao-tao-rebeldes\/","url":"https:\/\/jornalfatosenoticias.com.br\/index.php\/2025\/09\/30\/por-que-adolescentes-sao-tao-rebeldes\/","name":"Por que adolescentes s\u00e3o t\u00e3o \u201crebeldes\u201d? - Jornal Fatos e Not\u00edcias","isPartOf":{"@id":"https:\/\/jornalfatosenoticias.com.br\/#website"},"primaryImageOfPage":{"@id":"https:\/\/jornalfatosenoticias.com.br\/index.php\/2025\/09\/30\/por-que-adolescentes-sao-tao-rebeldes\/#primaryimage"},"image":{"@id":"https:\/\/jornalfatosenoticias.com.br\/index.php\/2025\/09\/30\/por-que-adolescentes-sao-tao-rebeldes\/#primaryimage"},"thumbnailUrl":"https:\/\/jornalfatosenoticias.com.br\/wp-content\/uploads\/2025\/09\/adolescentes-REBELDES-COM-OS-PAIS_istock.jpg","datePublished":"2025-09-30T17:05:59+00:00","dateModified":"2025-09-30T17:06:00+00:00","breadcrumb":{"@id":"https:\/\/jornalfatosenoticias.com.br\/index.php\/2025\/09\/30\/por-que-adolescentes-sao-tao-rebeldes\/#breadcrumb"},"inLanguage":"pt-BR","potentialAction":[{"@type":"ReadAction","target":["https:\/\/jornalfatosenoticias.com.br\/index.php\/2025\/09\/30\/por-que-adolescentes-sao-tao-rebeldes\/"]}]},{"@type":"ImageObject","inLanguage":"pt-BR","@id":"https:\/\/jornalfatosenoticias.com.br\/index.php\/2025\/09\/30\/por-que-adolescentes-sao-tao-rebeldes\/#primaryimage","url":"https:\/\/jornalfatosenoticias.com.br\/wp-content\/uploads\/2025\/09\/adolescentes-REBELDES-COM-OS-PAIS_istock.jpg","contentUrl":"https:\/\/jornalfatosenoticias.com.br\/wp-content\/uploads\/2025\/09\/adolescentes-REBELDES-COM-OS-PAIS_istock.jpg","width":1000,"height":666},{"@type":"BreadcrumbList","@id":"https:\/\/jornalfatosenoticias.com.br\/index.php\/2025\/09\/30\/por-que-adolescentes-sao-tao-rebeldes\/#breadcrumb","itemListElement":[{"@type":"ListItem","position":1,"name":"In\u00edcio","item":"https:\/\/jornalfatosenoticias.com.br\/"},{"@type":"ListItem","position":2,"name":"Por que adolescentes s\u00e3o t\u00e3o \u201crebeldes\u201d?"}]},{"@type":"WebSite","@id":"https:\/\/jornalfatosenoticias.com.br\/#website","url":"https:\/\/jornalfatosenoticias.com.br\/","name":"Jornal Fatos e Not\u00edcias","description":"Not\u00edcias em geral","publisher":{"@id":"https:\/\/jornalfatosenoticias.com.br\/#organization"},"potentialAction":[{"@type":"SearchAction","target":{"@type":"EntryPoint","urlTemplate":"https:\/\/jornalfatosenoticias.com.br\/?s={search_term_string}"},"query-input":{"@type":"PropertyValueSpecification","valueRequired":true,"valueName":"search_term_string"}}],"inLanguage":"pt-BR"},{"@type":"Organization","@id":"https:\/\/jornalfatosenoticias.com.br\/#organization","name":"Jornal Fatos e Not\u00edcias","url":"https:\/\/jornalfatosenoticias.com.br\/","logo":{"@type":"ImageObject","inLanguage":"pt-BR","@id":"https:\/\/jornalfatosenoticias.com.br\/#\/schema\/logo\/image\/","url":"https:\/\/jornalfatosenoticias.com.br\/wp-content\/uploads\/2020\/02\/logo120.png","contentUrl":"https:\/\/jornalfatosenoticias.com.br\/wp-content\/uploads\/2020\/02\/logo120.png","width":1227,"height":120,"caption":"Jornal Fatos e Not\u00edcias"},"image":{"@id":"https:\/\/jornalfatosenoticias.com.br\/#\/schema\/logo\/image\/"}},{"@type":"Person","@id":"https:\/\/jornalfatosenoticias.com.br\/#\/schema\/person\/d63837fa13ac8666eb9e74e0985d6f81","name":"Luzimara Fernandes","image":{"@type":"ImageObject","inLanguage":"pt-BR","@id":"https:\/\/jornalfatosenoticias.com.br\/#\/schema\/person\/image\/","url":"https:\/\/jornalfatosenoticias.com.br\/wp-content\/uploads\/2025\/05\/EU_portal.jpg","contentUrl":"https:\/\/jornalfatosenoticias.com.br\/wp-content\/uploads\/2025\/05\/EU_portal.jpg","caption":"Luzimara Fernandes"},"description":"Jornalista MTB 2358-ES","sameAs":["https:\/\/jornalfatosenoticias.com.br"],"url":"https:\/\/jornalfatosenoticias.com.br\/index.php\/author\/luzimara\/"}]}},"cc_featured_image_caption":{"caption_text":"(Foto: iStock)","source_text":"","source_url":""},"jetpack_featured_media_url":"https:\/\/jornalfatosenoticias.com.br\/wp-content\/uploads\/2025\/09\/adolescentes-REBELDES-COM-OS-PAIS_istock.jpg","_links":{"self":[{"href":"https:\/\/jornalfatosenoticias.com.br\/index.php\/wp-json\/wp\/v2\/posts\/62249","targetHints":{"allow":["GET"]}}],"collection":[{"href":"https:\/\/jornalfatosenoticias.com.br\/index.php\/wp-json\/wp\/v2\/posts"}],"about":[{"href":"https:\/\/jornalfatosenoticias.com.br\/index.php\/wp-json\/wp\/v2\/types\/post"}],"author":[{"embeddable":true,"href":"https:\/\/jornalfatosenoticias.com.br\/index.php\/wp-json\/wp\/v2\/users\/2"}],"replies":[{"embeddable":true,"href":"https:\/\/jornalfatosenoticias.com.br\/index.php\/wp-json\/wp\/v2\/comments?post=62249"}],"version-history":[{"count":0,"href":"https:\/\/jornalfatosenoticias.com.br\/index.php\/wp-json\/wp\/v2\/posts\/62249\/revisions"}],"wp:featuredmedia":[{"embeddable":true,"href":"https:\/\/jornalfatosenoticias.com.br\/index.php\/wp-json\/wp\/v2\/media\/62250"}],"wp:attachment":[{"href":"https:\/\/jornalfatosenoticias.com.br\/index.php\/wp-json\/wp\/v2\/media?parent=62249"}],"wp:term":[{"taxonomy":"category","embeddable":true,"href":"https:\/\/jornalfatosenoticias.com.br\/index.php\/wp-json\/wp\/v2\/categories?post=62249"},{"taxonomy":"post_tag","embeddable":true,"href":"https:\/\/jornalfatosenoticias.com.br\/index.php\/wp-json\/wp\/v2\/tags?post=62249"}],"curies":[{"name":"wp","href":"https:\/\/api.w.org\/{rel}","templated":true}]}}