{"id":62252,"date":"2025-09-30T14:32:44","date_gmt":"2025-09-30T17:32:44","guid":{"rendered":"https:\/\/jornalfatosenoticias.com.br\/?p=62252"},"modified":"2025-09-30T14:32:45","modified_gmt":"2025-09-30T17:32:45","slug":"codigo-civil-de-pacheco-avanca-no-senado-e-pode-implodir-conceito-de-familia-no-brasil","status":"publish","type":"post","link":"https:\/\/jornalfatosenoticias.com.br\/index.php\/2025\/09\/30\/codigo-civil-de-pacheco-avanca-no-senado-e-pode-implodir-conceito-de-familia-no-brasil\/","title":{"rendered":"C\u00f3digo Civil de Pacheco avan\u00e7a no Senado e pode implodir conceito de fam\u00edlia no Brasil"},"content":{"rendered":"\n<p><em><span class=\"has-inline-color has-black-color\">O senador Rodrigo Pacheco \u00e9 o autor do projeto do novo C\u00f3digo Civil<\/span><\/em><\/p>\n\n\n\n<p><span class=\"has-inline-color has-black-color\">Por <strong><a href=\"https:\/\/www.gazetadopovo.com.br\/autor\/leonardo-desideri\/\">Leonardo Desideri<\/a><\/strong><\/span><\/p>\n\n\n\n<div class=\"wp-block-image\"><figure class=\"aligncenter size-large is-resized\"><a href=\"https:\/\/www.facebook.com\/vetor.vix\/\"><img loading=\"lazy\" decoding=\"async\" src=\"https:\/\/jornalfatosenoticias.com.br\/wp-content\/uploads\/2023\/09\/vetorvix1024_1.jpg\" alt=\"\" class=\"wp-image-44868\" width=\"543\" height=\"144\" srcset=\"https:\/\/jornalfatosenoticias.com.br\/wp-content\/uploads\/2023\/09\/vetorvix1024_1.jpg 1024w, https:\/\/jornalfatosenoticias.com.br\/wp-content\/uploads\/2023\/09\/vetorvix1024_1-300x80.jpg 300w, https:\/\/jornalfatosenoticias.com.br\/wp-content\/uploads\/2023\/09\/vetorvix1024_1-768x205.jpg 768w\" sizes=\"auto, (max-width: 543px) 100vw, 543px\" \/><\/a><\/figure><\/div>\n\n\n\n<p>O projeto do novo C\u00f3digo Civil de autoria do senador Rodrigo Pacheco (PSD-MG) avan\u00e7ou no Senado nesta semana com a <a href=\"https:\/\/www.gazetadopovo.com.br\/vida-e-cidadania\/senado-cria-comissao-para-analisar-projeto-do-novo-codigo-civil-veja-membros\/\">cria\u00e7\u00e3o de uma comiss\u00e3o tempor\u00e1ria para discuti-lo<\/a>. O texto mexe em regras que afetam diretamente pilares da vida familiar dos brasileiros: casamento, uni\u00e3o est\u00e1vel, ado\u00e7\u00e3o, filhos, heran\u00e7as e registros em cart\u00f3rio.<br>A Associa\u00e7\u00e3o de Direito de Fam\u00edlia e das Sucess\u00f5es (ADFAS), presidida pela jurista Regina Beatriz Tavares da Silva, fez um levantamento dos principais pontos de risco. O documento, que pode ser visto na \u00edntegra ao final deste texto, mostra como o projeto pode desorganizar as bases da fam\u00edlia no Brasil e criar inseguran\u00e7a jur\u00eddica nas rela\u00e7\u00f5es. <\/p>\n\n\n\n<div class=\"wp-block-image\"><figure class=\"aligncenter size-large is-resized\"><a href=\"https:\/\/www.facebook.com\/postobkr\/?locale=pt_BR\"><img loading=\"lazy\" decoding=\"async\" src=\"https:\/\/jornalfatosenoticias.com.br\/wp-content\/uploads\/2023\/08\/BKR-1024x1021.jpg\" alt=\"\" class=\"wp-image-44494\" width=\"288\" height=\"287\" srcset=\"https:\/\/jornalfatosenoticias.com.br\/wp-content\/uploads\/2023\/08\/BKR-1024x1021.jpg 1024w, https:\/\/jornalfatosenoticias.com.br\/wp-content\/uploads\/2023\/08\/BKR-300x300.jpg 300w, https:\/\/jornalfatosenoticias.com.br\/wp-content\/uploads\/2023\/08\/BKR-150x150.jpg 150w, https:\/\/jornalfatosenoticias.com.br\/wp-content\/uploads\/2023\/08\/BKR-768x766.jpg 768w, https:\/\/jornalfatosenoticias.com.br\/wp-content\/uploads\/2023\/08\/BKR.jpg 1080w\" sizes=\"auto, (max-width: 288px) 100vw, 288px\" \/><\/a><\/figure><\/div>\n\n\n\n<h4 class=\"wp-block-heading\"><span class=\"has-inline-color has-black-color\">Entre os principais problemas est\u00e3o:<\/span><\/h4>\n\n\n\n<ul class=\"wp-block-list\"><li>Cria\u00e7\u00e3o de um novo estado civil chamado &#8220;convivente&#8221; para quem registrar a uni\u00e3o est\u00e1vel.<\/li><li>Conceito de &#8220;fam\u00edlia parental&#8221;, que pode gerar confus\u00e3o como est\u00e1 previsto, ao impor deveres de sustento entre parentes e abrir brechas para arranjos sem tradi\u00e7\u00e3o jur\u00eddica serem tratados como fam\u00edlia.<\/li><li>Reconhecimento de filhos socioafetivos em cart\u00f3rio, sem necessidade de decis\u00e3o judicial.<\/li><li>Possibilidade de que uma pessoa seja registrada como filha de um &#8220;trisal&#8221;, isto \u00e9, de participantes de uma rela\u00e7\u00e3o de poligamia.<\/li><li>Em casos de reprodu\u00e7\u00e3o assistida, o filho n\u00e3o teria garantido o direito de conhecer seu pai biol\u00f3gico.<\/li><\/ul>\n\n\n\n<div class=\"wp-block-image\"><figure class=\"aligncenter size-large is-resized\"><a href=\"https:\/\/www.instagram.com\/restaurantepegoretti\/\"><img loading=\"lazy\" decoding=\"async\" src=\"https:\/\/jornalfatosenoticias.com.br\/wp-content\/uploads\/2023\/12\/pegoretti-logo-pdf-1024x389.jpg\" alt=\"\" class=\"wp-image-47536\" width=\"496\" height=\"188\" srcset=\"https:\/\/jornalfatosenoticias.com.br\/wp-content\/uploads\/2023\/12\/pegoretti-logo-pdf-1024x389.jpg 1024w, https:\/\/jornalfatosenoticias.com.br\/wp-content\/uploads\/2023\/12\/pegoretti-logo-pdf-300x114.jpg 300w, https:\/\/jornalfatosenoticias.com.br\/wp-content\/uploads\/2023\/12\/pegoretti-logo-pdf-768x291.jpg 768w, https:\/\/jornalfatosenoticias.com.br\/wp-content\/uploads\/2023\/12\/pegoretti-logo-pdf.jpg 1120w\" sizes=\"auto, (max-width: 496px) 100vw, 496px\" \/><\/a><\/figure><\/div>\n\n\n\n<p>Uma das principais cr\u00edticas amplas feitas pela ADFAS ao projeto \u00e9 o uso vago da afetividade como fundamento para definir o que \u00e9 ou n\u00e3o uma fam\u00edlia. No documento, a entidade faz uma cr\u00edtica conceitual ao projeto nesse sentido, ao afirmar que &#8220;o Direito de Fam\u00edlia n\u00e3o pode se perder em um &#8216;mar de afetos'&#8221;. Para a ADFAS, apoiar-se excessivamente no afeto na hora de criar balizas legais pode abrir brechas para que qualquer tipo de rela\u00e7\u00e3o, como namoro, noivado ou at\u00e9 amizades, seja considerado fam\u00edlia, bastando alegar a exist\u00eancia de afeto. Isso, segundo a entidade, poderia acabar envolvendo instrumentos jur\u00eddicos como pens\u00e3o aliment\u00edcia, heran\u00e7a e comunh\u00e3o de bens para situa\u00e7\u00f5es que nunca foram pensadas como familiares.<\/p>\n\n\n\n<div class=\"wp-block-image\"><figure class=\"aligncenter size-large is-resized\"><a href=\"https:\/\/www.controlsystems.com.br\/\"><img loading=\"lazy\" decoding=\"async\" src=\"https:\/\/jornalfatosenoticias.com.br\/wp-content\/uploads\/2020\/02\/CONTROL-CS.jpg\" alt=\"\" class=\"wp-image-44991\" width=\"266\" height=\"319\" srcset=\"https:\/\/jornalfatosenoticias.com.br\/wp-content\/uploads\/2020\/02\/CONTROL-CS.jpg 834w, https:\/\/jornalfatosenoticias.com.br\/wp-content\/uploads\/2020\/02\/CONTROL-CS-250x300.jpg 250w, https:\/\/jornalfatosenoticias.com.br\/wp-content\/uploads\/2020\/02\/CONTROL-CS-768x921.jpg 768w\" sizes=\"auto, (max-width: 266px) 100vw, 266px\" \/><\/a><\/figure><\/div>\n\n\n\n<p>A entidade tamb\u00e9m chama a aten\u00e7\u00e3o para o risco inverso: a falta de afeto poderia ser usada para justificar a quebra de v\u00ednculos que hoje s\u00e3o protegidos pela lei, como a obriga\u00e7\u00e3o de um pai de sustentar um filho. Na pr\u00e1tica, a abertura para interpreta\u00e7\u00f5es t\u00e3o amplas poderia gerar uma onda de judicializa\u00e7\u00f5es, com pessoas acionando a Justi\u00e7a para tentar reconhecer ou desmanchar v\u00ednculos baseados apenas em sentimentos subjetivos, o que traria inseguran\u00e7a jur\u00eddica e desorganizaria os fundamentos da vida familiar no pa\u00eds.<\/p>\n\n\n\n<div class=\"wp-block-image\"><figure class=\"aligncenter size-large is-resized\"><a href=\"https:\/\/www.instagram.com\/esteio.churrascaria\/\"><img loading=\"lazy\" decoding=\"async\" src=\"https:\/\/jornalfatosenoticias.com.br\/wp-content\/uploads\/2022\/02\/LOGO-ESTEIO-1024x730.png\" alt=\"\" class=\"wp-image-27942\" width=\"301\" height=\"214\" srcset=\"https:\/\/jornalfatosenoticias.com.br\/wp-content\/uploads\/2022\/02\/LOGO-ESTEIO-1024x730.png 1024w, https:\/\/jornalfatosenoticias.com.br\/wp-content\/uploads\/2022\/02\/LOGO-ESTEIO-300x214.png 300w, https:\/\/jornalfatosenoticias.com.br\/wp-content\/uploads\/2022\/02\/LOGO-ESTEIO-768x548.png 768w, https:\/\/jornalfatosenoticias.com.br\/wp-content\/uploads\/2022\/02\/LOGO-ESTEIO.png 1123w\" sizes=\"auto, (max-width: 301px) 100vw, 301px\" \/><\/a><\/figure><\/div>\n\n\n\n<blockquote class=\"wp-block-quote is-layout-flow wp-block-quote-is-layout-flow\"><p><span class=\"has-inline-color has-luminous-vivid-orange-color\">Devem ser mantidas as fronteiras entre o amor e a lei, porque exce\u00e7\u00f5es somente confirmam a regra: &#8216;o amor n\u00e3o pode ser o novo deus laico'&#8221;, afirma a ADFAS.<\/span><\/p><\/blockquote>\n\n\n\n<div class=\"wp-block-image\"><figure class=\"aligncenter size-large is-resized\"><a href=\"https:\/\/www.instagram.com\/gruposei\/\"><img loading=\"lazy\" decoding=\"async\" src=\"https:\/\/jornalfatosenoticias.com.br\/wp-content\/uploads\/2022\/07\/Logo-Grupo-SEI.jpg\" alt=\"\" class=\"wp-image-31973\" width=\"337\" height=\"177\" srcset=\"https:\/\/jornalfatosenoticias.com.br\/wp-content\/uploads\/2022\/07\/Logo-Grupo-SEI.jpg 713w, https:\/\/jornalfatosenoticias.com.br\/wp-content\/uploads\/2022\/07\/Logo-Grupo-SEI-300x158.jpg 300w\" sizes=\"auto, (max-width: 337px) 100vw, 337px\" \/><\/a><\/figure><\/div>\n\n\n\n<p><strong><span class=\"has-inline-color has-black-color\">&#8220;Convivente&#8221; se tornaria novo estado civil<br><\/span><\/strong>Uma das mudan\u00e7as mais radicais propostas \u00e9 a cria\u00e7\u00e3o de um novo estado civil. Hoje, os estados poss\u00edveis s\u00e3o solteiro, casado, divorciado e vi\u00favo. Quem vive em uni\u00e3o est\u00e1vel n\u00e3o tem um estado civil espec\u00edfico \u2014 somente pode provar a rela\u00e7\u00e3o em ju\u00edzo ou por escritura p\u00fablica. O projeto de Pacheco institui a figura do &#8220;convivente&#8221;, que passaria a constar em documentos e cadastros. Para a ADFAS, essa proposta \u00e9 &#8220;um erro crasso&#8221;.<\/p>\n\n\n\n<div class=\"wp-block-image\"><figure class=\"aligncenter size-large\"><a href=\"https:\/\/www.cesconetto.com.br\/\"><img loading=\"lazy\" decoding=\"async\" width=\"300\" height=\"250\" src=\"https:\/\/jornalfatosenoticias.com.br\/wp-content\/uploads\/2020\/02\/Banner-2.png\" alt=\"\" class=\"wp-image-43787\"\/><\/a><\/figure><\/div>\n\n\n\n<blockquote class=\"wp-block-quote is-layout-flow wp-block-quote-is-layout-flow\"><p><span class=\"has-inline-color has-luminous-vivid-orange-color\">O estado civil \u00e9 o atributo jur\u00eddico que recebe a pessoa com base em um crit\u00e9rio formal: a celebra\u00e7\u00e3o do casamento ou sua extin\u00e7\u00e3o em vida por outro ato formal. Como ensina a doutrinadora Rosa Nery, &#8216;Estado \u00e9 uma palavra cristalina&#8217;; o verbo latino stare significa o que se sabe e se v\u00ea como um cristal, ou seja, faz transparecer o &#8216;sentido de firmeza&#8217; daquilo que indiscutivelmente existe. Esse atributo do estado civil importa porque rela\u00e7\u00f5es de casamento, que s\u00e3o formais, impactam profundamente em outras rela\u00e7\u00f5es jur\u00eddicas, por exemplo, a presun\u00e7\u00e3o da paternidade&#8221;, explica a ADFAS.<\/span><\/p><\/blockquote>\n\n\n\n<div class=\"wp-block-image\"><figure class=\"aligncenter size-large is-resized\"><a href=\"https:\/\/legisjuris.com.br\/\"><img loading=\"lazy\" decoding=\"async\" src=\"https:\/\/jornalfatosenoticias.com.br\/wp-content\/uploads\/2024\/09\/Legis-Juris-Consultoria_logo.jpg\" alt=\"\" class=\"wp-image-53915\" width=\"494\" height=\"207\" srcset=\"https:\/\/jornalfatosenoticias.com.br\/wp-content\/uploads\/2024\/09\/Legis-Juris-Consultoria_logo.jpg 969w, https:\/\/jornalfatosenoticias.com.br\/wp-content\/uploads\/2024\/09\/Legis-Juris-Consultoria_logo-300x126.jpg 300w, https:\/\/jornalfatosenoticias.com.br\/wp-content\/uploads\/2024\/09\/Legis-Juris-Consultoria_logo-768x322.jpg 768w\" sizes=\"auto, (max-width: 494px) 100vw, 494px\" \/><\/a><\/figure><\/div>\n\n\n\n<p>Se a uni\u00e3o est\u00e1vel virar um estado civil, o r\u00f3tulo poder\u00e1 continuar valendo mesmo depois de o casal se separar de fato. Na pr\u00e1tica, por exemplo, algu\u00e9m poderia usar essa condi\u00e7\u00e3o no cart\u00f3rio para atribuir um filho que teve em outra rela\u00e7\u00e3o a um ex-companheiro, obrigando-o a pagar pens\u00e3o at\u00e9 que conseguisse provar em ju\u00edzo que n\u00e3o era o pai.<\/p>\n\n\n\n<div class=\"wp-block-image\"><figure class=\"aligncenter size-large\"><a href=\"http:\/\/www.ferrarimaquinas.com.br\/\"><img loading=\"lazy\" decoding=\"async\" width=\"300\" height=\"250\" src=\"https:\/\/jornalfatosenoticias.com.br\/wp-content\/uploads\/2022\/02\/FERRARI_MAQUINAS-E-FERRAMENTAS2.jpg\" alt=\"\" class=\"wp-image-27860\"\/><\/a><\/figure><\/div>\n\n\n\n<p><strong><span class=\"has-inline-color has-black-color\">Uni\u00e3o est\u00e1vel poderia se transformar em casamento diretamente no cart\u00f3rio, sem decis\u00e3o judicial<br><\/span><\/strong>O projeto prev\u00ea ainda que a uni\u00e3o est\u00e1vel possa ser transformada em casamento diretamente no cart\u00f3rio, por simples solicita\u00e7\u00e3o dos parceiros. O oficial de registro apenas verificaria se n\u00e3o h\u00e1 impedimentos legais. Essa convers\u00e3o autom\u00e1tica elimina solenidades e aproxima ainda mais a uni\u00e3o est\u00e1vel do casamento. Para a ADFAS, esse ponto refor\u00e7a a tend\u00eancia de equiparar os dois institutos, que at\u00e9 hoje tiveram naturezas distintas. O casamento, hoje, \u00e9 visto como um ato formal e solene. Se ambos passam a ter o mesmo peso, a diferen\u00e7a entre eles pode desaparecer na pr\u00e1tica.<\/p>\n\n\n\n<div class=\"wp-block-image\"><figure class=\"aligncenter size-large is-resized\"><a href=\"https:\/\/www.instagram.com\/serra4x4cambioautomatico\/\"><img loading=\"lazy\" decoding=\"async\" src=\"https:\/\/jornalfatosenoticias.com.br\/wp-content\/uploads\/2024\/08\/Serra-4x4-1-886x1024.jpg\" alt=\"\" class=\"wp-image-53632\" width=\"254\" height=\"293\" srcset=\"https:\/\/jornalfatosenoticias.com.br\/wp-content\/uploads\/2024\/08\/Serra-4x4-1-886x1024.jpg 886w, https:\/\/jornalfatosenoticias.com.br\/wp-content\/uploads\/2024\/08\/Serra-4x4-1-260x300.jpg 260w, https:\/\/jornalfatosenoticias.com.br\/wp-content\/uploads\/2024\/08\/Serra-4x4-1-768x888.jpg 768w, https:\/\/jornalfatosenoticias.com.br\/wp-content\/uploads\/2024\/08\/Serra-4x4-1.jpg 1181w\" sizes=\"auto, (max-width: 254px) 100vw, 254px\" \/><\/a><\/figure><\/div>\n\n\n\n<p>Hoje, no Brasil, casamento e uni\u00e3o est\u00e1vel t\u00eam semelhan\u00e7as, mas ainda guardam diferen\u00e7as importantes, como a forma de constitui\u00e7\u00e3o: o casamento exige habilita\u00e7\u00e3o, cerim\u00f4nia e registro civil, enquanto a uni\u00e3o est\u00e1vel nasce da prova da conviv\u00eancia p\u00fablica e duradoura, dispensando formalidades. Isso tem implica\u00e7\u00f5es jur\u00eddicas: no casamento, os direitos patrimoniais e sucess\u00f3rios s\u00e3o autom\u00e1ticos; na uni\u00e3o est\u00e1vel, podem depender de prova ou de registro em cart\u00f3rio para evitar disputas.<\/p>\n\n\n\n<div class=\"wp-block-image\"><figure class=\"aligncenter size-large is-resized\"><a href=\"https:\/\/www.controlsystems.com.br\/\"><img loading=\"lazy\" decoding=\"async\" src=\"https:\/\/jornalfatosenoticias.com.br\/wp-content\/uploads\/2024\/11\/Guaitolini-Contabilidade-1024x714.jpeg\" alt=\"\" class=\"wp-image-55808\" width=\"319\" height=\"222\" srcset=\"https:\/\/jornalfatosenoticias.com.br\/wp-content\/uploads\/2024\/11\/Guaitolini-Contabilidade-1024x714.jpeg 1024w, https:\/\/jornalfatosenoticias.com.br\/wp-content\/uploads\/2024\/11\/Guaitolini-Contabilidade-300x209.jpeg 300w, https:\/\/jornalfatosenoticias.com.br\/wp-content\/uploads\/2024\/11\/Guaitolini-Contabilidade-768x535.jpeg 768w, https:\/\/jornalfatosenoticias.com.br\/wp-content\/uploads\/2024\/11\/Guaitolini-Contabilidade.jpeg 1280w\" sizes=\"auto, (max-width: 319px) 100vw, 319px\" \/><\/a><\/figure><\/div>\n\n\n\n<p><strong><span class=\"has-inline-color has-black-color\">C\u00f3digo civil de Pacheco dispensa decis\u00e3o judicial tamb\u00e9m para o reconhecimento de filia\u00e7\u00e3o socioafetiva<br><\/span><\/strong>As mudan\u00e7as tamb\u00e9m afetam profundamente a forma como se reconhece a filia\u00e7\u00e3o no Brasil. O projeto permite que maiores de idade tenham um novo pai socioafetivo ou m\u00e3e socioafetiva reconhecido diretamente no cart\u00f3rio. Para isso, basta que haja concord\u00e2ncia das partes. Isso significa que algu\u00e9m poderia ter, oficialmente, mais de dois pais ou m\u00e3es em sua certid\u00e3o de nascimento sem necessidade de passar por um juiz.<\/p>\n\n\n\n<div class=\"wp-block-image\"><figure class=\"aligncenter size-large is-resized\"><a href=\"https:\/\/hotelmarquetti.com.br\/\"><img loading=\"lazy\" decoding=\"async\" src=\"https:\/\/jornalfatosenoticias.com.br\/wp-content\/uploads\/2020\/02\/LOGO-MQ-1024x680.jpg\" alt=\"\" class=\"wp-image-58299\" width=\"351\" height=\"233\" srcset=\"https:\/\/jornalfatosenoticias.com.br\/wp-content\/uploads\/2020\/02\/LOGO-MQ-1024x680.jpg 1024w, https:\/\/jornalfatosenoticias.com.br\/wp-content\/uploads\/2020\/02\/LOGO-MQ-300x199.jpg 300w, https:\/\/jornalfatosenoticias.com.br\/wp-content\/uploads\/2020\/02\/LOGO-MQ-768x510.jpg 768w, https:\/\/jornalfatosenoticias.com.br\/wp-content\/uploads\/2020\/02\/LOGO-MQ-1536x1020.jpg 1536w, https:\/\/jornalfatosenoticias.com.br\/wp-content\/uploads\/2020\/02\/LOGO-MQ-2048x1360.jpg 2048w\" sizes=\"auto, (max-width: 351px) 100vw, 351px\" \/><\/a><\/figure><\/div>\n\n\n\n<p>A ADFAS cr\u00ea que abrir a possibilidade de multiparentalidade sem an\u00e1lise judicial pode gerar inseguran\u00e7a jur\u00eddica. Mais do que isso, a entidade considera que h\u00e1 brechas para que uma pessoa seja registrada como filha de um &#8220;trisal&#8221;, isto \u00e9, de pessoas que integram uma uni\u00e3o polig\u00e2mica. Na proposta enviada ao Senado, a ADFAS prop\u00f5e deixar expl\u00edcito que casos de multiparentalidade s\u00f3 seriam poss\u00edveis em situa\u00e7\u00f5es como a de um padrasto que, junto com o pai biol\u00f3gico, assumisse a cria\u00e7\u00e3o e educa\u00e7\u00e3o de um filho.<\/p>\n\n\n\n<div class=\"wp-block-image\"><figure class=\"aligncenter size-large is-resized\"><a href=\"https:\/\/www.instagram.com\/rcradiadores\/\"><img loading=\"lazy\" decoding=\"async\" src=\"https:\/\/jornalfatosenoticias.com.br\/wp-content\/uploads\/2022\/10\/RC_800x750_page-0001.jpg\" alt=\"\" class=\"wp-image-35338\" width=\"283\" height=\"265\" srcset=\"https:\/\/jornalfatosenoticias.com.br\/wp-content\/uploads\/2022\/10\/RC_800x750_page-0001.jpg 400w, https:\/\/jornalfatosenoticias.com.br\/wp-content\/uploads\/2022\/10\/RC_800x750_page-0001-300x281.jpg 300w\" sizes=\"auto, (max-width: 283px) 100vw, 283px\" \/><\/a><\/figure><\/div>\n\n\n\n<p>A proposta tamb\u00e9m permite a ado\u00e7\u00e3o de maiores de idade diretamente no cart\u00f3rio. Hoje, mesmo para adultos, a ado\u00e7\u00e3o s\u00f3 pode ocorrer por senten\u00e7a judicial. O projeto cria a possibilidade de que essa ado\u00e7\u00e3o seja feita por escritura p\u00fablica, sem juiz. Isso abriria caminho para que pessoas fossem adotadas em balc\u00f5es de cart\u00f3rio, com todos os efeitos jur\u00eddicos que a ado\u00e7\u00e3o implica: mudan\u00e7a de sobrenome, heran\u00e7a e la\u00e7os familiares plenos. Para a ADFAS, a medida \u00e9 &#8220;inadmiss\u00edvel&#8221;. A entidade prop\u00f5e que &#8220;somente sob o crivo do Poder Judici\u00e1rio possa haver o reconhecimento do parentesco civil, tanto por socioafetividade, como por ado\u00e7\u00e3o, seja de menor, seja de maior de idade&#8221;.<\/p>\n\n\n\n<div class=\"wp-block-image\"><figure class=\"aligncenter size-large is-resized\"><a href=\"https:\/\/www.facebook.com\/vetor.vix\/\"><img loading=\"lazy\" decoding=\"async\" src=\"https:\/\/jornalfatosenoticias.com.br\/wp-content\/uploads\/2023\/09\/vetorvix1024_1.jpg\" alt=\"\" class=\"wp-image-44868\" width=\"546\" height=\"145\" srcset=\"https:\/\/jornalfatosenoticias.com.br\/wp-content\/uploads\/2023\/09\/vetorvix1024_1.jpg 1024w, https:\/\/jornalfatosenoticias.com.br\/wp-content\/uploads\/2023\/09\/vetorvix1024_1-300x80.jpg 300w, https:\/\/jornalfatosenoticias.com.br\/wp-content\/uploads\/2023\/09\/vetorvix1024_1-768x205.jpg 768w\" sizes=\"auto, (max-width: 546px) 100vw, 546px\" \/><\/a><\/figure><\/div>\n\n\n\n<p><strong><span class=\"has-inline-color has-black-color\">No\u00e7\u00e3o de &#8220;fam\u00edlia parental&#8221; do C\u00f3digo Civil de Pacheco pode criar confus\u00e3o no conceito de fam\u00edlia<br><\/span><\/strong>O projeto prev\u00ea a cria\u00e7\u00e3o da &#8220;fam\u00edlia parental&#8221;, nova entidade que reconhece como fam\u00edlia parentes que moram juntos \u2014 tanto ascendentes e descendentes (pais, av\u00f3s, filhos e netos, sejam biol\u00f3gicos, adotivos ou socioafetivos) como parentes colaterais (irm\u00e3os, primos e tios\/sobrinhos) \u2014 e permite formalizar isso no cart\u00f3rio, com registro e deveres de apoio e sustento entre eles.<\/p>\n\n\n\n<div class=\"wp-block-image\"><figure class=\"aligncenter size-large is-resized\"><a href=\"https:\/\/panper.com.br\/\"><img loading=\"lazy\" decoding=\"async\" src=\"https:\/\/jornalfatosenoticias.com.br\/wp-content\/uploads\/2023\/03\/logo-Panper_portal.jpg\" alt=\"\" class=\"wp-image-40208\" width=\"349\" height=\"242\" srcset=\"https:\/\/jornalfatosenoticias.com.br\/wp-content\/uploads\/2023\/03\/logo-Panper_portal.jpg 400w, https:\/\/jornalfatosenoticias.com.br\/wp-content\/uploads\/2023\/03\/logo-Panper_portal-300x208.jpg 300w\" sizes=\"auto, (max-width: 349px) 100vw, 349px\" \/><\/a><\/figure><\/div>\n\n\n\n<p>A ADFAS diz que, do jeito que est\u00e1, a proposta tende a causar confus\u00e3o, por exemplo, pode gerar cobran\u00e7as de pens\u00e3o e brigas por patrim\u00f4nio entre parentes que hoje n\u00e3o t\u00eam esses deveres. Como a pr\u00f3pria lei facilita criar parentesco por caminhos r\u00e1pidos (como filia\u00e7\u00e3o socioafetiva e ado\u00e7\u00e3o direto em cart\u00f3rio), a fam\u00edlia parental poderia acabar servindo como um guarda-chuva para todo tipo de arranjo entre pessoas.<\/p>\n\n\n\n<div class=\"wp-block-image\"><figure class=\"aligncenter size-large is-resized\"><a href=\"https:\/\/www.instagram.com\/restaurantepegoretti\/\"><img loading=\"lazy\" decoding=\"async\" src=\"https:\/\/jornalfatosenoticias.com.br\/wp-content\/uploads\/2023\/12\/pegoretti-logo-pdf-1024x389.jpg\" alt=\"\" class=\"wp-image-47536\" width=\"525\" height=\"199\" srcset=\"https:\/\/jornalfatosenoticias.com.br\/wp-content\/uploads\/2023\/12\/pegoretti-logo-pdf-1024x389.jpg 1024w, https:\/\/jornalfatosenoticias.com.br\/wp-content\/uploads\/2023\/12\/pegoretti-logo-pdf-300x114.jpg 300w, https:\/\/jornalfatosenoticias.com.br\/wp-content\/uploads\/2023\/12\/pegoretti-logo-pdf-768x291.jpg 768w, https:\/\/jornalfatosenoticias.com.br\/wp-content\/uploads\/2023\/12\/pegoretti-logo-pdf.jpg 1120w\" sizes=\"auto, (max-width: 525px) 100vw, 525px\" \/><\/a><\/figure><\/div>\n\n\n\n<p>Por isso, a entidade pede travas claras: deixar expl\u00edcito que a nova categoria de &#8220;fam\u00edlia parental&#8221; s\u00f3 serve para parentes, sem espa\u00e7o, por exemplo, para leituras polig\u00e2micas ou poliafetivas, e exigindo escritura p\u00fablica e decis\u00e3o judicial, para n\u00e3o tornar a fam\u00edlia um conceito fluido.<\/p>\n\n\n\n<div class=\"wp-block-image\"><figure class=\"aligncenter size-large\"><a href=\"https:\/\/mizu.com.br\/\"><img loading=\"lazy\" decoding=\"async\" width=\"729\" height=\"90\" src=\"https:\/\/jornalfatosenoticias.com.br\/wp-content\/uploads\/2020\/02\/Logo_Mizu.png\" alt=\"\" class=\"wp-image-1441\" srcset=\"https:\/\/jornalfatosenoticias.com.br\/wp-content\/uploads\/2020\/02\/Logo_Mizu.png 729w, https:\/\/jornalfatosenoticias.com.br\/wp-content\/uploads\/2020\/02\/Logo_Mizu-300x37.png 300w\" sizes=\"auto, (max-width: 729px) 100vw, 729px\" \/><\/a><\/figure><\/div>\n\n\n\n<p><strong><span class=\"has-inline-color has-black-color\">Pai biol\u00f3gico de algu\u00e9m concebido por reprodu\u00e7\u00e3o assistida poderia ocultar identidade para o pr\u00f3prio filho<br><\/span><\/strong>Outro aspecto pol\u00eamico do projeto do C\u00f3digo Civil de Pacheco est\u00e1 no tratamento dado \u00e0 reprodu\u00e7\u00e3o assistida. A ADFAS critica o artigo 1.629-K do projeto, que confere sigilo ao doador de gametas nesses casos, abrindo espa\u00e7o apenas para algumas exce\u00e7\u00f5es que dependeriam de decis\u00e3o judicial.<\/p>\n\n\n\n<div class=\"wp-block-image\"><figure class=\"aligncenter size-large is-resized\"><a href=\"https:\/\/www.controlsystems.com.br\/\"><img loading=\"lazy\" decoding=\"async\" src=\"https:\/\/jornalfatosenoticias.com.br\/wp-content\/uploads\/2020\/02\/CONTROL-CS.jpg\" alt=\"\" class=\"wp-image-44991\" width=\"281\" height=\"336\" srcset=\"https:\/\/jornalfatosenoticias.com.br\/wp-content\/uploads\/2020\/02\/CONTROL-CS.jpg 834w, https:\/\/jornalfatosenoticias.com.br\/wp-content\/uploads\/2020\/02\/CONTROL-CS-250x300.jpg 250w, https:\/\/jornalfatosenoticias.com.br\/wp-content\/uploads\/2020\/02\/CONTROL-CS-768x921.jpg 768w\" sizes=\"auto, (max-width: 281px) 100vw, 281px\" \/><\/a><\/figure><\/div>\n\n\n\n<p>Para a entidade, a lei deveria garantir o direito absoluto de o filho conhecer sua origem biol\u00f3gica, sem condicion\u00e1-lo ao crivo de um juiz. O prazo de funcionamento da comiss\u00e3o tempor\u00e1ria que analisa o projeto do novo C\u00f3digo Civil de Pacheco \u00e9 de oito meses. Depois disso, o projeto ainda precisaria passar por comiss\u00f5es do Senado e pelo Plen\u00e1rio. Em seguida, iria para a C\u00e2mara.<\/p>\n\n\n\n<div class=\"wp-block-image\"><figure class=\"aligncenter size-large is-resized\"><a href=\"https:\/\/www.facebook.com\/postobkr\/?locale=pt_BR\"><img loading=\"lazy\" decoding=\"async\" src=\"https:\/\/jornalfatosenoticias.com.br\/wp-content\/uploads\/2023\/08\/BKR-1024x1021.jpg\" alt=\"\" class=\"wp-image-44494\" width=\"294\" height=\"293\" srcset=\"https:\/\/jornalfatosenoticias.com.br\/wp-content\/uploads\/2023\/08\/BKR-1024x1021.jpg 1024w, https:\/\/jornalfatosenoticias.com.br\/wp-content\/uploads\/2023\/08\/BKR-300x300.jpg 300w, https:\/\/jornalfatosenoticias.com.br\/wp-content\/uploads\/2023\/08\/BKR-150x150.jpg 150w, https:\/\/jornalfatosenoticias.com.br\/wp-content\/uploads\/2023\/08\/BKR-768x766.jpg 768w, https:\/\/jornalfatosenoticias.com.br\/wp-content\/uploads\/2023\/08\/BKR.jpg 1080w\" sizes=\"auto, (max-width: 294px) 100vw, 294px\" \/><\/a><\/figure><\/div>\n\n\n\n<p><strong>Fonte: <a href=\"https:\/\/www.gazetadopovo.com.br\/vida-e-cidadania\/codigo-civil-de-pacheco-avanca-no-senado-e-pode-implodir-conceito-de-familia-no-brasil\/\">Gazeta do Povo<\/a><\/strong><\/p>\n","protected":false},"excerpt":{"rendered":"<p>O senador Rodrigo Pacheco \u00e9 o autor do projeto do novo C\u00f3digo Civil Por Leonardo Desideri O projeto do novo C\u00f3digo Civil de autoria do senador Rodrigo Pacheco (PSD-MG) avan\u00e7ou no Senado nesta semana com a cria\u00e7\u00e3o de uma comiss\u00e3o tempor\u00e1ria para discuti-lo. O texto mexe em regras que afetam diretamente pilares da vida familiar [&hellip;]<\/p>\n","protected":false},"author":2,"featured_media":62253,"comment_status":"open","ping_status":"open","sticky":false,"template":"","format":"standard","meta":{"footnotes":""},"categories":[5],"tags":[28391,2878,28390,1009,22875,1043,17895,8580,486],"class_list":["post-62252","post","type-post","status-publish","format-standard","has-post-thumbnail","hentry","category-geral","tag-adfas","tag-adocao","tag-bomba-ideologica","tag-casamento","tag-codigo-civil","tag-familia","tag-judiciario","tag-rodrigo-pacheco","tag-senado"],"yoast_head":"<!-- This site is optimized with the Yoast SEO plugin v26.5 - https:\/\/yoast.com\/wordpress\/plugins\/seo\/ -->\n<title>C\u00f3digo Civil de Pacheco avan\u00e7a no Senado e pode implodir conceito de fam\u00edlia no Brasil - Jornal Fatos e Not\u00edcias<\/title>\n<meta name=\"robots\" content=\"index, follow, max-snippet:-1, max-image-preview:large, max-video-preview:-1\" \/>\n<link rel=\"canonical\" href=\"https:\/\/jornalfatosenoticias.com.br\/index.php\/2025\/09\/30\/codigo-civil-de-pacheco-avanca-no-senado-e-pode-implodir-conceito-de-familia-no-brasil\/\" \/>\n<meta property=\"og:locale\" content=\"pt_BR\" \/>\n<meta property=\"og:type\" content=\"article\" \/>\n<meta property=\"og:title\" content=\"C\u00f3digo Civil de Pacheco avan\u00e7a no Senado e pode implodir conceito de fam\u00edlia no Brasil - Jornal Fatos e Not\u00edcias\" \/>\n<meta property=\"og:description\" content=\"O senador Rodrigo Pacheco \u00e9 o autor do projeto do novo C\u00f3digo Civil Por Leonardo Desideri O projeto do novo C\u00f3digo Civil de autoria do senador Rodrigo Pacheco (PSD-MG) avan\u00e7ou no Senado nesta semana com a cria\u00e7\u00e3o de uma comiss\u00e3o tempor\u00e1ria para discuti-lo. O texto mexe em regras que afetam diretamente pilares da vida familiar [&hellip;]\" \/>\n<meta property=\"og:url\" content=\"https:\/\/jornalfatosenoticias.com.br\/index.php\/2025\/09\/30\/codigo-civil-de-pacheco-avanca-no-senado-e-pode-implodir-conceito-de-familia-no-brasil\/\" \/>\n<meta property=\"og:site_name\" content=\"Jornal Fatos e Not\u00edcias\" \/>\n<meta property=\"article:published_time\" content=\"2025-09-30T17:32:44+00:00\" \/>\n<meta property=\"article:modified_time\" content=\"2025-09-30T17:32:45+00:00\" \/>\n<meta property=\"og:image\" content=\"https:\/\/jornalfatosenoticias.com.br\/wp-content\/uploads\/2025\/09\/Rodrigo-Pacheco_gettyimages.jpg\" \/>\n\t<meta property=\"og:image:width\" content=\"612\" \/>\n\t<meta property=\"og:image:height\" content=\"408\" \/>\n\t<meta property=\"og:image:type\" content=\"image\/jpeg\" \/>\n<meta name=\"author\" content=\"Luzimara Fernandes\" \/>\n<meta name=\"twitter:card\" content=\"summary_large_image\" \/>\n<meta name=\"twitter:label1\" content=\"Escrito por\" \/>\n\t<meta name=\"twitter:data1\" content=\"Luzimara Fernandes\" \/>\n\t<meta name=\"twitter:label2\" content=\"Est. tempo de leitura\" \/>\n\t<meta name=\"twitter:data2\" content=\"8 minutos\" \/>\n<script type=\"application\/ld+json\" class=\"yoast-schema-graph\">{\"@context\":\"https:\/\/schema.org\",\"@graph\":[{\"@type\":\"Article\",\"@id\":\"https:\/\/jornalfatosenoticias.com.br\/index.php\/2025\/09\/30\/codigo-civil-de-pacheco-avanca-no-senado-e-pode-implodir-conceito-de-familia-no-brasil\/#article\",\"isPartOf\":{\"@id\":\"https:\/\/jornalfatosenoticias.com.br\/index.php\/2025\/09\/30\/codigo-civil-de-pacheco-avanca-no-senado-e-pode-implodir-conceito-de-familia-no-brasil\/\"},\"author\":{\"name\":\"Luzimara Fernandes\",\"@id\":\"https:\/\/jornalfatosenoticias.com.br\/#\/schema\/person\/d63837fa13ac8666eb9e74e0985d6f81\"},\"headline\":\"C\u00f3digo Civil de Pacheco avan\u00e7a no Senado e pode implodir conceito de fam\u00edlia no Brasil\",\"datePublished\":\"2025-09-30T17:32:44+00:00\",\"dateModified\":\"2025-09-30T17:32:45+00:00\",\"mainEntityOfPage\":{\"@id\":\"https:\/\/jornalfatosenoticias.com.br\/index.php\/2025\/09\/30\/codigo-civil-de-pacheco-avanca-no-senado-e-pode-implodir-conceito-de-familia-no-brasil\/\"},\"wordCount\":1674,\"commentCount\":0,\"publisher\":{\"@id\":\"https:\/\/jornalfatosenoticias.com.br\/#organization\"},\"image\":{\"@id\":\"https:\/\/jornalfatosenoticias.com.br\/index.php\/2025\/09\/30\/codigo-civil-de-pacheco-avanca-no-senado-e-pode-implodir-conceito-de-familia-no-brasil\/#primaryimage\"},\"thumbnailUrl\":\"https:\/\/jornalfatosenoticias.com.br\/wp-content\/uploads\/2025\/09\/Rodrigo-Pacheco_gettyimages.jpg\",\"keywords\":[\"ADFAS\",\"ado\u00e7\u00e3o\",\"bomba ideol\u00f3gica\",\"casamento\",\"C\u00f3digo Civil\",\"fam\u00edlia\",\"Judici\u00e1rio\",\"Rodrigo Pacheco\",\"Senado\"],\"articleSection\":[\"Geral\"],\"inLanguage\":\"pt-BR\",\"potentialAction\":[{\"@type\":\"CommentAction\",\"name\":\"Comment\",\"target\":[\"https:\/\/jornalfatosenoticias.com.br\/index.php\/2025\/09\/30\/codigo-civil-de-pacheco-avanca-no-senado-e-pode-implodir-conceito-de-familia-no-brasil\/#respond\"]}]},{\"@type\":\"WebPage\",\"@id\":\"https:\/\/jornalfatosenoticias.com.br\/index.php\/2025\/09\/30\/codigo-civil-de-pacheco-avanca-no-senado-e-pode-implodir-conceito-de-familia-no-brasil\/\",\"url\":\"https:\/\/jornalfatosenoticias.com.br\/index.php\/2025\/09\/30\/codigo-civil-de-pacheco-avanca-no-senado-e-pode-implodir-conceito-de-familia-no-brasil\/\",\"name\":\"C\u00f3digo Civil de Pacheco avan\u00e7a no Senado e pode implodir conceito de fam\u00edlia no Brasil - Jornal Fatos e Not\u00edcias\",\"isPartOf\":{\"@id\":\"https:\/\/jornalfatosenoticias.com.br\/#website\"},\"primaryImageOfPage\":{\"@id\":\"https:\/\/jornalfatosenoticias.com.br\/index.php\/2025\/09\/30\/codigo-civil-de-pacheco-avanca-no-senado-e-pode-implodir-conceito-de-familia-no-brasil\/#primaryimage\"},\"image\":{\"@id\":\"https:\/\/jornalfatosenoticias.com.br\/index.php\/2025\/09\/30\/codigo-civil-de-pacheco-avanca-no-senado-e-pode-implodir-conceito-de-familia-no-brasil\/#primaryimage\"},\"thumbnailUrl\":\"https:\/\/jornalfatosenoticias.com.br\/wp-content\/uploads\/2025\/09\/Rodrigo-Pacheco_gettyimages.jpg\",\"datePublished\":\"2025-09-30T17:32:44+00:00\",\"dateModified\":\"2025-09-30T17:32:45+00:00\",\"breadcrumb\":{\"@id\":\"https:\/\/jornalfatosenoticias.com.br\/index.php\/2025\/09\/30\/codigo-civil-de-pacheco-avanca-no-senado-e-pode-implodir-conceito-de-familia-no-brasil\/#breadcrumb\"},\"inLanguage\":\"pt-BR\",\"potentialAction\":[{\"@type\":\"ReadAction\",\"target\":[\"https:\/\/jornalfatosenoticias.com.br\/index.php\/2025\/09\/30\/codigo-civil-de-pacheco-avanca-no-senado-e-pode-implodir-conceito-de-familia-no-brasil\/\"]}]},{\"@type\":\"ImageObject\",\"inLanguage\":\"pt-BR\",\"@id\":\"https:\/\/jornalfatosenoticias.com.br\/index.php\/2025\/09\/30\/codigo-civil-de-pacheco-avanca-no-senado-e-pode-implodir-conceito-de-familia-no-brasil\/#primaryimage\",\"url\":\"https:\/\/jornalfatosenoticias.com.br\/wp-content\/uploads\/2025\/09\/Rodrigo-Pacheco_gettyimages.jpg\",\"contentUrl\":\"https:\/\/jornalfatosenoticias.com.br\/wp-content\/uploads\/2025\/09\/Rodrigo-Pacheco_gettyimages.jpg\",\"width\":612,\"height\":408,\"caption\":\"President of Federal Senate Rodrigo Pacheco gestures during the vote on the Constitutional Amendment Bill (PEC) on the plenary of the Senate in Brasilia on December 7, 2022. - Brazil's Senate handed a small victory to Luiz In\u00e1cio Lula da Silva on December 7 when it approved a constitutional amendment that will allow him to keep his promise to maintain millions in social benefits during the first two years of his government. (Photo by EVARISTO SA \/ AFP) (Photo by EVARISTO SA\/AFP via Getty Images)\"},{\"@type\":\"BreadcrumbList\",\"@id\":\"https:\/\/jornalfatosenoticias.com.br\/index.php\/2025\/09\/30\/codigo-civil-de-pacheco-avanca-no-senado-e-pode-implodir-conceito-de-familia-no-brasil\/#breadcrumb\",\"itemListElement\":[{\"@type\":\"ListItem\",\"position\":1,\"name\":\"In\u00edcio\",\"item\":\"https:\/\/jornalfatosenoticias.com.br\/\"},{\"@type\":\"ListItem\",\"position\":2,\"name\":\"C\u00f3digo Civil de Pacheco avan\u00e7a no Senado e pode implodir conceito de fam\u00edlia no Brasil\"}]},{\"@type\":\"WebSite\",\"@id\":\"https:\/\/jornalfatosenoticias.com.br\/#website\",\"url\":\"https:\/\/jornalfatosenoticias.com.br\/\",\"name\":\"Jornal Fatos e Not\u00edcias\",\"description\":\"Not\u00edcias em geral\",\"publisher\":{\"@id\":\"https:\/\/jornalfatosenoticias.com.br\/#organization\"},\"potentialAction\":[{\"@type\":\"SearchAction\",\"target\":{\"@type\":\"EntryPoint\",\"urlTemplate\":\"https:\/\/jornalfatosenoticias.com.br\/?s={search_term_string}\"},\"query-input\":{\"@type\":\"PropertyValueSpecification\",\"valueRequired\":true,\"valueName\":\"search_term_string\"}}],\"inLanguage\":\"pt-BR\"},{\"@type\":\"Organization\",\"@id\":\"https:\/\/jornalfatosenoticias.com.br\/#organization\",\"name\":\"Jornal Fatos e Not\u00edcias\",\"url\":\"https:\/\/jornalfatosenoticias.com.br\/\",\"logo\":{\"@type\":\"ImageObject\",\"inLanguage\":\"pt-BR\",\"@id\":\"https:\/\/jornalfatosenoticias.com.br\/#\/schema\/logo\/image\/\",\"url\":\"https:\/\/jornalfatosenoticias.com.br\/wp-content\/uploads\/2020\/02\/logo120.png\",\"contentUrl\":\"https:\/\/jornalfatosenoticias.com.br\/wp-content\/uploads\/2020\/02\/logo120.png\",\"width\":1227,\"height\":120,\"caption\":\"Jornal Fatos e Not\u00edcias\"},\"image\":{\"@id\":\"https:\/\/jornalfatosenoticias.com.br\/#\/schema\/logo\/image\/\"}},{\"@type\":\"Person\",\"@id\":\"https:\/\/jornalfatosenoticias.com.br\/#\/schema\/person\/d63837fa13ac8666eb9e74e0985d6f81\",\"name\":\"Luzimara Fernandes\",\"image\":{\"@type\":\"ImageObject\",\"inLanguage\":\"pt-BR\",\"@id\":\"https:\/\/jornalfatosenoticias.com.br\/#\/schema\/person\/image\/\",\"url\":\"https:\/\/jornalfatosenoticias.com.br\/wp-content\/uploads\/2025\/05\/EU_portal.jpg\",\"contentUrl\":\"https:\/\/jornalfatosenoticias.com.br\/wp-content\/uploads\/2025\/05\/EU_portal.jpg\",\"caption\":\"Luzimara Fernandes\"},\"description\":\"Jornalista MTB 2358-ES\",\"sameAs\":[\"https:\/\/jornalfatosenoticias.com.br\"],\"url\":\"https:\/\/jornalfatosenoticias.com.br\/index.php\/author\/luzimara\/\"}]}<\/script>\n<!-- \/ Yoast SEO plugin. -->","yoast_head_json":{"title":"C\u00f3digo Civil de Pacheco avan\u00e7a no Senado e pode implodir conceito de fam\u00edlia no Brasil - Jornal Fatos e Not\u00edcias","robots":{"index":"index","follow":"follow","max-snippet":"max-snippet:-1","max-image-preview":"max-image-preview:large","max-video-preview":"max-video-preview:-1"},"canonical":"https:\/\/jornalfatosenoticias.com.br\/index.php\/2025\/09\/30\/codigo-civil-de-pacheco-avanca-no-senado-e-pode-implodir-conceito-de-familia-no-brasil\/","og_locale":"pt_BR","og_type":"article","og_title":"C\u00f3digo Civil de Pacheco avan\u00e7a no Senado e pode implodir conceito de fam\u00edlia no Brasil - Jornal Fatos e Not\u00edcias","og_description":"O senador Rodrigo Pacheco \u00e9 o autor do projeto do novo C\u00f3digo Civil Por Leonardo Desideri O projeto do novo C\u00f3digo Civil de autoria do senador Rodrigo Pacheco (PSD-MG) avan\u00e7ou no Senado nesta semana com a cria\u00e7\u00e3o de uma comiss\u00e3o tempor\u00e1ria para discuti-lo. O texto mexe em regras que afetam diretamente pilares da vida familiar [&hellip;]","og_url":"https:\/\/jornalfatosenoticias.com.br\/index.php\/2025\/09\/30\/codigo-civil-de-pacheco-avanca-no-senado-e-pode-implodir-conceito-de-familia-no-brasil\/","og_site_name":"Jornal Fatos e Not\u00edcias","article_published_time":"2025-09-30T17:32:44+00:00","article_modified_time":"2025-09-30T17:32:45+00:00","og_image":[{"width":612,"height":408,"url":"https:\/\/jornalfatosenoticias.com.br\/wp-content\/uploads\/2025\/09\/Rodrigo-Pacheco_gettyimages.jpg","type":"image\/jpeg"}],"author":"Luzimara Fernandes","twitter_card":"summary_large_image","twitter_misc":{"Escrito por":"Luzimara Fernandes","Est. tempo de leitura":"8 minutos"},"schema":{"@context":"https:\/\/schema.org","@graph":[{"@type":"Article","@id":"https:\/\/jornalfatosenoticias.com.br\/index.php\/2025\/09\/30\/codigo-civil-de-pacheco-avanca-no-senado-e-pode-implodir-conceito-de-familia-no-brasil\/#article","isPartOf":{"@id":"https:\/\/jornalfatosenoticias.com.br\/index.php\/2025\/09\/30\/codigo-civil-de-pacheco-avanca-no-senado-e-pode-implodir-conceito-de-familia-no-brasil\/"},"author":{"name":"Luzimara Fernandes","@id":"https:\/\/jornalfatosenoticias.com.br\/#\/schema\/person\/d63837fa13ac8666eb9e74e0985d6f81"},"headline":"C\u00f3digo Civil de Pacheco avan\u00e7a no Senado e pode implodir conceito de fam\u00edlia no Brasil","datePublished":"2025-09-30T17:32:44+00:00","dateModified":"2025-09-30T17:32:45+00:00","mainEntityOfPage":{"@id":"https:\/\/jornalfatosenoticias.com.br\/index.php\/2025\/09\/30\/codigo-civil-de-pacheco-avanca-no-senado-e-pode-implodir-conceito-de-familia-no-brasil\/"},"wordCount":1674,"commentCount":0,"publisher":{"@id":"https:\/\/jornalfatosenoticias.com.br\/#organization"},"image":{"@id":"https:\/\/jornalfatosenoticias.com.br\/index.php\/2025\/09\/30\/codigo-civil-de-pacheco-avanca-no-senado-e-pode-implodir-conceito-de-familia-no-brasil\/#primaryimage"},"thumbnailUrl":"https:\/\/jornalfatosenoticias.com.br\/wp-content\/uploads\/2025\/09\/Rodrigo-Pacheco_gettyimages.jpg","keywords":["ADFAS","ado\u00e7\u00e3o","bomba ideol\u00f3gica","casamento","C\u00f3digo Civil","fam\u00edlia","Judici\u00e1rio","Rodrigo Pacheco","Senado"],"articleSection":["Geral"],"inLanguage":"pt-BR","potentialAction":[{"@type":"CommentAction","name":"Comment","target":["https:\/\/jornalfatosenoticias.com.br\/index.php\/2025\/09\/30\/codigo-civil-de-pacheco-avanca-no-senado-e-pode-implodir-conceito-de-familia-no-brasil\/#respond"]}]},{"@type":"WebPage","@id":"https:\/\/jornalfatosenoticias.com.br\/index.php\/2025\/09\/30\/codigo-civil-de-pacheco-avanca-no-senado-e-pode-implodir-conceito-de-familia-no-brasil\/","url":"https:\/\/jornalfatosenoticias.com.br\/index.php\/2025\/09\/30\/codigo-civil-de-pacheco-avanca-no-senado-e-pode-implodir-conceito-de-familia-no-brasil\/","name":"C\u00f3digo Civil de Pacheco avan\u00e7a no Senado e pode implodir conceito de fam\u00edlia no Brasil - Jornal Fatos e Not\u00edcias","isPartOf":{"@id":"https:\/\/jornalfatosenoticias.com.br\/#website"},"primaryImageOfPage":{"@id":"https:\/\/jornalfatosenoticias.com.br\/index.php\/2025\/09\/30\/codigo-civil-de-pacheco-avanca-no-senado-e-pode-implodir-conceito-de-familia-no-brasil\/#primaryimage"},"image":{"@id":"https:\/\/jornalfatosenoticias.com.br\/index.php\/2025\/09\/30\/codigo-civil-de-pacheco-avanca-no-senado-e-pode-implodir-conceito-de-familia-no-brasil\/#primaryimage"},"thumbnailUrl":"https:\/\/jornalfatosenoticias.com.br\/wp-content\/uploads\/2025\/09\/Rodrigo-Pacheco_gettyimages.jpg","datePublished":"2025-09-30T17:32:44+00:00","dateModified":"2025-09-30T17:32:45+00:00","breadcrumb":{"@id":"https:\/\/jornalfatosenoticias.com.br\/index.php\/2025\/09\/30\/codigo-civil-de-pacheco-avanca-no-senado-e-pode-implodir-conceito-de-familia-no-brasil\/#breadcrumb"},"inLanguage":"pt-BR","potentialAction":[{"@type":"ReadAction","target":["https:\/\/jornalfatosenoticias.com.br\/index.php\/2025\/09\/30\/codigo-civil-de-pacheco-avanca-no-senado-e-pode-implodir-conceito-de-familia-no-brasil\/"]}]},{"@type":"ImageObject","inLanguage":"pt-BR","@id":"https:\/\/jornalfatosenoticias.com.br\/index.php\/2025\/09\/30\/codigo-civil-de-pacheco-avanca-no-senado-e-pode-implodir-conceito-de-familia-no-brasil\/#primaryimage","url":"https:\/\/jornalfatosenoticias.com.br\/wp-content\/uploads\/2025\/09\/Rodrigo-Pacheco_gettyimages.jpg","contentUrl":"https:\/\/jornalfatosenoticias.com.br\/wp-content\/uploads\/2025\/09\/Rodrigo-Pacheco_gettyimages.jpg","width":612,"height":408,"caption":"President of Federal Senate Rodrigo Pacheco gestures during the vote on the Constitutional Amendment Bill (PEC) on the plenary of the Senate in Brasilia on December 7, 2022. - Brazil's Senate handed a small victory to Luiz In\u00e1cio Lula da Silva on December 7 when it approved a constitutional amendment that will allow him to keep his promise to maintain millions in social benefits during the first two years of his government. (Photo by EVARISTO SA \/ AFP) (Photo by EVARISTO SA\/AFP via Getty Images)"},{"@type":"BreadcrumbList","@id":"https:\/\/jornalfatosenoticias.com.br\/index.php\/2025\/09\/30\/codigo-civil-de-pacheco-avanca-no-senado-e-pode-implodir-conceito-de-familia-no-brasil\/#breadcrumb","itemListElement":[{"@type":"ListItem","position":1,"name":"In\u00edcio","item":"https:\/\/jornalfatosenoticias.com.br\/"},{"@type":"ListItem","position":2,"name":"C\u00f3digo Civil de Pacheco avan\u00e7a no Senado e pode implodir conceito de fam\u00edlia no Brasil"}]},{"@type":"WebSite","@id":"https:\/\/jornalfatosenoticias.com.br\/#website","url":"https:\/\/jornalfatosenoticias.com.br\/","name":"Jornal Fatos e Not\u00edcias","description":"Not\u00edcias em geral","publisher":{"@id":"https:\/\/jornalfatosenoticias.com.br\/#organization"},"potentialAction":[{"@type":"SearchAction","target":{"@type":"EntryPoint","urlTemplate":"https:\/\/jornalfatosenoticias.com.br\/?s={search_term_string}"},"query-input":{"@type":"PropertyValueSpecification","valueRequired":true,"valueName":"search_term_string"}}],"inLanguage":"pt-BR"},{"@type":"Organization","@id":"https:\/\/jornalfatosenoticias.com.br\/#organization","name":"Jornal Fatos e Not\u00edcias","url":"https:\/\/jornalfatosenoticias.com.br\/","logo":{"@type":"ImageObject","inLanguage":"pt-BR","@id":"https:\/\/jornalfatosenoticias.com.br\/#\/schema\/logo\/image\/","url":"https:\/\/jornalfatosenoticias.com.br\/wp-content\/uploads\/2020\/02\/logo120.png","contentUrl":"https:\/\/jornalfatosenoticias.com.br\/wp-content\/uploads\/2020\/02\/logo120.png","width":1227,"height":120,"caption":"Jornal Fatos e Not\u00edcias"},"image":{"@id":"https:\/\/jornalfatosenoticias.com.br\/#\/schema\/logo\/image\/"}},{"@type":"Person","@id":"https:\/\/jornalfatosenoticias.com.br\/#\/schema\/person\/d63837fa13ac8666eb9e74e0985d6f81","name":"Luzimara Fernandes","image":{"@type":"ImageObject","inLanguage":"pt-BR","@id":"https:\/\/jornalfatosenoticias.com.br\/#\/schema\/person\/image\/","url":"https:\/\/jornalfatosenoticias.com.br\/wp-content\/uploads\/2025\/05\/EU_portal.jpg","contentUrl":"https:\/\/jornalfatosenoticias.com.br\/wp-content\/uploads\/2025\/05\/EU_portal.jpg","caption":"Luzimara Fernandes"},"description":"Jornalista MTB 2358-ES","sameAs":["https:\/\/jornalfatosenoticias.com.br"],"url":"https:\/\/jornalfatosenoticias.com.br\/index.php\/author\/luzimara\/"}]}},"cc_featured_image_caption":{"caption_text":"(Foto: Getty Images)","source_text":"","source_url":""},"jetpack_featured_media_url":"https:\/\/jornalfatosenoticias.com.br\/wp-content\/uploads\/2025\/09\/Rodrigo-Pacheco_gettyimages.jpg","_links":{"self":[{"href":"https:\/\/jornalfatosenoticias.com.br\/index.php\/wp-json\/wp\/v2\/posts\/62252","targetHints":{"allow":["GET"]}}],"collection":[{"href":"https:\/\/jornalfatosenoticias.com.br\/index.php\/wp-json\/wp\/v2\/posts"}],"about":[{"href":"https:\/\/jornalfatosenoticias.com.br\/index.php\/wp-json\/wp\/v2\/types\/post"}],"author":[{"embeddable":true,"href":"https:\/\/jornalfatosenoticias.com.br\/index.php\/wp-json\/wp\/v2\/users\/2"}],"replies":[{"embeddable":true,"href":"https:\/\/jornalfatosenoticias.com.br\/index.php\/wp-json\/wp\/v2\/comments?post=62252"}],"version-history":[{"count":0,"href":"https:\/\/jornalfatosenoticias.com.br\/index.php\/wp-json\/wp\/v2\/posts\/62252\/revisions"}],"wp:featuredmedia":[{"embeddable":true,"href":"https:\/\/jornalfatosenoticias.com.br\/index.php\/wp-json\/wp\/v2\/media\/62253"}],"wp:attachment":[{"href":"https:\/\/jornalfatosenoticias.com.br\/index.php\/wp-json\/wp\/v2\/media?parent=62252"}],"wp:term":[{"taxonomy":"category","embeddable":true,"href":"https:\/\/jornalfatosenoticias.com.br\/index.php\/wp-json\/wp\/v2\/categories?post=62252"},{"taxonomy":"post_tag","embeddable":true,"href":"https:\/\/jornalfatosenoticias.com.br\/index.php\/wp-json\/wp\/v2\/tags?post=62252"}],"curies":[{"name":"wp","href":"https:\/\/api.w.org\/{rel}","templated":true}]}}