{"id":62255,"date":"2025-09-30T14:47:28","date_gmt":"2025-09-30T17:47:28","guid":{"rendered":"https:\/\/jornalfatosenoticias.com.br\/?p=62255"},"modified":"2025-09-30T14:47:54","modified_gmt":"2025-09-30T17:47:54","slug":"secretario-de-guerra-dos-eua-declara-fim-da-agenda-woke-nas-forcas-armadas","status":"publish","type":"post","link":"https:\/\/jornalfatosenoticias.com.br\/index.php\/2025\/09\/30\/secretario-de-guerra-dos-eua-declara-fim-da-agenda-woke-nas-forcas-armadas\/","title":{"rendered":"Secret\u00e1rio de guerra dos EUA declara fim da agenda woke nas For\u00e7as Armadas"},"content":{"rendered":"\n<p><em><span class=\"has-inline-color has-black-color\">O Secret\u00e1rio de Guerra dos EUA, Pete Hegseth, com o presidente dos EUA, Donald Trump, em cerim\u00f4nia no Pent\u00e1gono neste m\u00eas<\/span><\/em><\/p>\n\n\n\n<p><span class=\"has-inline-color has-black-color\">Por <strong><a href=\"https:\/\/www.gazetadopovo.com.br\/autor\/isabella-de-paula\/\">Isabella de Paula<\/a><\/strong><\/span><\/p>\n\n\n\n<div class=\"wp-block-image\"><figure class=\"aligncenter size-large\"><a href=\"https:\/\/mizu.com.br\/\"><img loading=\"lazy\" decoding=\"async\" width=\"729\" height=\"90\" src=\"https:\/\/jornalfatosenoticias.com.br\/wp-content\/uploads\/2020\/02\/Logo_Mizu.png\" alt=\"\" class=\"wp-image-1441\" srcset=\"https:\/\/jornalfatosenoticias.com.br\/wp-content\/uploads\/2020\/02\/Logo_Mizu.png 729w, https:\/\/jornalfatosenoticias.com.br\/wp-content\/uploads\/2020\/02\/Logo_Mizu-300x37.png 300w\" sizes=\"auto, (max-width: 729px) 100vw, 729px\" \/><\/a><\/figure><\/div>\n\n\n\n<p>O secret\u00e1rio de guerra dos EUA, Pete Hegseth, abriu uma reuni\u00e3o emergencial na Virg\u00ednia, nesta ter\u00e7a-feira (30), com um discurso feroz contra a agenda woke que, segundo ele, tomou conta das For\u00e7as Armadas americanas nos \u00faltimos anos. A convoca\u00e7\u00e3o incomum, feita na semana passada, re\u00fane os principais generais e oficiais superiores do Ex\u00e9rcito que atuam dentro e fora do pa\u00eds.<\/p>\n\n\n\n<blockquote class=\"wp-block-quote is-layout-flow wp-block-quote-is-layout-flow\"><p><span class=\"has-inline-color has-luminous-vivid-orange-color\">A era da lideran\u00e7a politicamente correta, excessivamente sens\u00edvel e que n\u00e3o fere os sentimentos de ningu\u00e9m termina agora em todos os n\u00edveis\u201d, declarou Hegseth.<\/span><\/p><\/blockquote>\n\n\n\n<div class=\"wp-block-image\"><figure class=\"aligncenter size-large is-resized\"><a href=\"https:\/\/hotelmarquetti.com.br\/\"><img loading=\"lazy\" decoding=\"async\" src=\"https:\/\/jornalfatosenoticias.com.br\/wp-content\/uploads\/2020\/02\/LOGO-MQ-1024x680.jpg\" alt=\"\" class=\"wp-image-58299\" width=\"312\" height=\"207\" srcset=\"https:\/\/jornalfatosenoticias.com.br\/wp-content\/uploads\/2020\/02\/LOGO-MQ-1024x680.jpg 1024w, https:\/\/jornalfatosenoticias.com.br\/wp-content\/uploads\/2020\/02\/LOGO-MQ-300x199.jpg 300w, https:\/\/jornalfatosenoticias.com.br\/wp-content\/uploads\/2020\/02\/LOGO-MQ-768x510.jpg 768w, https:\/\/jornalfatosenoticias.com.br\/wp-content\/uploads\/2020\/02\/LOGO-MQ-1536x1020.jpg 1536w, https:\/\/jornalfatosenoticias.com.br\/wp-content\/uploads\/2020\/02\/LOGO-MQ-2048x1360.jpg 2048w\" sizes=\"auto, (max-width: 312px) 100vw, 312px\" \/><\/a><\/figure><\/div>\n\n\n\n<p>O secret\u00e1rio americano criticou em seu discurso os padr\u00f5es atuais de condicionamento f\u00edsico exigidos, pol\u00edcias de diversidade aplicadas \u00e0s For\u00e7as Armadas e outras diretrizes consideradas por ele como parte da cultura woke. A partir de agora, anunciou Hegseth, ser\u00e3o impostas diretrizes que visam restaurar o &#8220;mais alto padr\u00e3o masculino&#8221;.<\/p>\n\n\n\n<div class=\"wp-block-image\"><figure class=\"aligncenter size-large\"><a href=\"http:\/\/www.ferrarimaquinas.com.br\/\"><img loading=\"lazy\" decoding=\"async\" width=\"300\" height=\"250\" src=\"https:\/\/jornalfatosenoticias.com.br\/wp-content\/uploads\/2022\/02\/FERRARI_MAQUINAS-E-FERRAMENTAS2.jpg\" alt=\"\" class=\"wp-image-27860\"\/><\/a><\/figure><\/div>\n\n\n\n<p>Hegseth enfatizou aos l\u00edderes militares que, caso alguma autoridade estivesse de desacordo com sua nova abordagem para as For\u00e7as Armadas, deveria &#8220;fazer a coisa honrosa e renunciar&#8221;. O secret\u00e1rio da gest\u00e3o de Donald Trump acrescentou que o Departamento de Guerra ouviu de administra\u00e7\u00f5es anteriores que \u201cnossa diversidade \u00e9 nossa for\u00e7a\u201d, o que ele chamou de \u201cfal\u00e1cia insana\u201d.<\/p>\n\n\n\n<div class=\"wp-block-image\"><figure class=\"aligncenter size-large is-resized\"><a href=\"https:\/\/legisjuris.com.br\/\"><img loading=\"lazy\" decoding=\"async\" src=\"https:\/\/jornalfatosenoticias.com.br\/wp-content\/uploads\/2024\/09\/Legis-Juris-Consultoria_logo.jpg\" alt=\"\" class=\"wp-image-53915\" width=\"539\" height=\"226\" srcset=\"https:\/\/jornalfatosenoticias.com.br\/wp-content\/uploads\/2024\/09\/Legis-Juris-Consultoria_logo.jpg 969w, https:\/\/jornalfatosenoticias.com.br\/wp-content\/uploads\/2024\/09\/Legis-Juris-Consultoria_logo-300x126.jpg 300w, https:\/\/jornalfatosenoticias.com.br\/wp-content\/uploads\/2024\/09\/Legis-Juris-Consultoria_logo-768x322.jpg 768w\" sizes=\"auto, (max-width: 539px) 100vw, 539px\" \/><\/a><\/figure><\/div>\n\n\n\n<p>Hegseth ressaltou em seu discurso a autoridades militares americanas que o \u00f3rg\u00e3o de fiscaliza\u00e7\u00e3o do Pent\u00e1gono foi &#8220;transformado em arma&#8221; e, portanto, ser\u00e1 reformulado com novas pol\u00edticas. Ele apelidou a nova abordagem de &#8220;pol\u00edtica de n\u00e3o mais pisar em ovos&#8221;.<\/p>\n\n\n\n<div class=\"wp-block-image\"><figure class=\"aligncenter size-large\"><a href=\"https:\/\/www.cesconetto.com.br\/\"><img loading=\"lazy\" decoding=\"async\" width=\"300\" height=\"250\" src=\"https:\/\/jornalfatosenoticias.com.br\/wp-content\/uploads\/2020\/02\/Banner-2.png\" alt=\"\" class=\"wp-image-43787\"\/><\/a><\/figure><\/div>\n\n\n\n<p>Entre as mudan\u00e7as apresentadas pelo secret\u00e1rio est\u00e1 um novo teste de campo de combate aplicado a certas unidades, semelhante \u00e0 avalia\u00e7\u00e3o de aptid\u00e3o f\u00edsica especializada do Ex\u00e9rcito ou ao teste de aptid\u00e3o para combate do Corpo de Fuzileiros Navais. Segundo Hegseth, todos os membros da for\u00e7a conjunta dever\u00e3o atender aos requisitos de altura e peso.<\/p>\n\n\n\n<div class=\"wp-block-image\"><figure class=\"aligncenter size-large is-resized\"><a href=\"https:\/\/panper.com.br\/\"><img loading=\"lazy\" decoding=\"async\" src=\"https:\/\/jornalfatosenoticias.com.br\/wp-content\/uploads\/2023\/03\/logo-Panper_portal.jpg\" alt=\"\" class=\"wp-image-40208\" width=\"334\" height=\"231\" srcset=\"https:\/\/jornalfatosenoticias.com.br\/wp-content\/uploads\/2023\/03\/logo-Panper_portal.jpg 400w, https:\/\/jornalfatosenoticias.com.br\/wp-content\/uploads\/2023\/03\/logo-Panper_portal-300x208.jpg 300w\" sizes=\"auto, (max-width: 334px) 100vw, 334px\" \/><\/a><\/figure><\/div>\n\n\n\n<p>O chefe do Pent\u00e1gono criticou a exist\u00eancia de &#8220;soldados gordos&#8221; nas forma\u00e7\u00f5es e advertiu que \u00e9 &#8220;completamente inaceit\u00e1vel&#8221; e &#8220;passa uma imagem ruim&#8221; ver &#8220;generais e almirantes gordos&#8221;, por isso ele ordenou que todos os membros do Ex\u00e9rcito, independentemente da patente, devem se submeter a exames f\u00edsicos e medi\u00e7\u00f5es &#8220;duas vezes ao ano&#8221;.<\/p>\n\n\n\n<div class=\"wp-block-image\"><figure class=\"aligncenter size-large is-resized\"><a href=\"https:\/\/www.instagram.com\/esteio.churrascaria\/\"><img loading=\"lazy\" decoding=\"async\" src=\"https:\/\/jornalfatosenoticias.com.br\/wp-content\/uploads\/2022\/02\/LOGO-ESTEIO-1024x730.png\" alt=\"\" class=\"wp-image-27942\" width=\"345\" height=\"245\" srcset=\"https:\/\/jornalfatosenoticias.com.br\/wp-content\/uploads\/2022\/02\/LOGO-ESTEIO-1024x730.png 1024w, https:\/\/jornalfatosenoticias.com.br\/wp-content\/uploads\/2022\/02\/LOGO-ESTEIO-300x214.png 300w, https:\/\/jornalfatosenoticias.com.br\/wp-content\/uploads\/2022\/02\/LOGO-ESTEIO-768x548.png 768w, https:\/\/jornalfatosenoticias.com.br\/wp-content\/uploads\/2022\/02\/LOGO-ESTEIO.png 1123w\" sizes=\"auto, (max-width: 345px) 100vw, 345px\" \/><\/a><\/figure><\/div>\n\n\n\n<blockquote class=\"wp-block-quote is-layout-flow wp-block-quote-is-layout-flow\"><p><span class=\"has-inline-color has-luminous-vivid-orange-color\">Francamente, \u00e9 frustrante olhar para forma\u00e7\u00f5es de combate, ou qualquer forma\u00e7\u00e3o, e ver tropas gordas\u201d, disse ele, acrescentando que tamb\u00e9m aumentar\u00e1 a press\u00e3o para outros requisitos, como pelos faciais. &#8220;Chega de barbas, cabelos longos, express\u00f5es individuais superficiais. N\u00e3o temos um ex\u00e9rcito cheio de pag\u00e3os n\u00f3rdicos&#8221;, declarou.<\/span><\/p><\/blockquote>\n\n\n\n<div class=\"wp-block-image\"><figure class=\"aligncenter size-large is-resized\"><a href=\"https:\/\/www.facebook.com\/vetor.vix\/\"><img loading=\"lazy\" decoding=\"async\" src=\"https:\/\/jornalfatosenoticias.com.br\/wp-content\/uploads\/2023\/09\/vetorvix1024_1.jpg\" alt=\"\" class=\"wp-image-44868\" width=\"543\" height=\"144\" srcset=\"https:\/\/jornalfatosenoticias.com.br\/wp-content\/uploads\/2023\/09\/vetorvix1024_1.jpg 1024w, https:\/\/jornalfatosenoticias.com.br\/wp-content\/uploads\/2023\/09\/vetorvix1024_1-300x80.jpg 300w, https:\/\/jornalfatosenoticias.com.br\/wp-content\/uploads\/2023\/09\/vetorvix1024_1-768x205.jpg 768w\" sizes=\"auto, (max-width: 543px) 100vw, 543px\" \/><\/a><\/figure><\/div>\n\n\n\n<p>Ele tamb\u00e9m pareceu sugerir mais mudan\u00e7as na lideran\u00e7a militar dos EUA, advertindo que &#8220;por muito tempo, muitos l\u00edderes uniformizados foram promovidos pelos motivos errados: por causa de sua ra\u00e7a, cotas de g\u00eanero e por causa de supostas conquistas hist\u00f3ricas&#8221;.<\/p>\n\n\n\n<div class=\"wp-block-image\"><figure class=\"aligncenter size-large is-resized\"><a href=\"https:\/\/www.facebook.com\/postobkr\/?locale=pt_BR\"><img loading=\"lazy\" decoding=\"async\" src=\"https:\/\/jornalfatosenoticias.com.br\/wp-content\/uploads\/2023\/08\/BKR-1024x1021.jpg\" alt=\"\" class=\"wp-image-44494\" width=\"292\" height=\"291\" srcset=\"https:\/\/jornalfatosenoticias.com.br\/wp-content\/uploads\/2023\/08\/BKR-1024x1021.jpg 1024w, https:\/\/jornalfatosenoticias.com.br\/wp-content\/uploads\/2023\/08\/BKR-300x300.jpg 300w, https:\/\/jornalfatosenoticias.com.br\/wp-content\/uploads\/2023\/08\/BKR-150x150.jpg 150w, https:\/\/jornalfatosenoticias.com.br\/wp-content\/uploads\/2023\/08\/BKR-768x766.jpg 768w, https:\/\/jornalfatosenoticias.com.br\/wp-content\/uploads\/2023\/08\/BKR.jpg 1080w\" sizes=\"auto, (max-width: 292px) 100vw, 292px\" \/><\/a><\/figure><\/div>\n\n\n\n<blockquote class=\"wp-block-quote is-layout-flow wp-block-quote-is-layout-flow\"><p><span class=\"has-inline-color has-luminous-vivid-orange-color\">Chega de mudan\u00e7as clim\u00e1ticas. Chega de divis\u00e3o, chega de distra\u00e7\u00e3o, chega de ilus\u00f5es de g\u00eanero, chega de escombros. Como eu j\u00e1 disse antes e vou dizer novamente, estamos fartos dessa m*&#8221;, disse ainda o secret\u00e1rio de guerra.<\/span><\/p><\/blockquote>\n\n\n\n<div class=\"wp-block-image\"><figure class=\"aligncenter size-large is-resized\"><a href=\"https:\/\/www.facebook.com\/profile.php?id=100069289606145\"><img loading=\"lazy\" decoding=\"async\" src=\"https:\/\/jornalfatosenoticias.com.br\/wp-content\/uploads\/2024\/11\/Guaitolini-Contabilidade-1024x714.jpeg\" alt=\"\" class=\"wp-image-55808\" width=\"321\" height=\"224\" srcset=\"https:\/\/jornalfatosenoticias.com.br\/wp-content\/uploads\/2024\/11\/Guaitolini-Contabilidade-1024x714.jpeg 1024w, https:\/\/jornalfatosenoticias.com.br\/wp-content\/uploads\/2024\/11\/Guaitolini-Contabilidade-300x209.jpeg 300w, https:\/\/jornalfatosenoticias.com.br\/wp-content\/uploads\/2024\/11\/Guaitolini-Contabilidade-768x535.jpeg 768w, https:\/\/jornalfatosenoticias.com.br\/wp-content\/uploads\/2024\/11\/Guaitolini-Contabilidade.jpeg 1280w\" sizes=\"auto, (max-width: 321px) 100vw, 321px\" \/><\/a><\/figure><\/div>\n\n\n\n<p>O presidente Donald Trump tamb\u00e9m discursou na reuni\u00e3o sem precedentes, realizada em uma base do Corpo de Fuzileiros Navais em Quantico, no estado da Virg\u00ednia, a cerca de 60 quil\u00f4metros de Washington.<\/p>\n\n\n\n<p><strong>Fonte: <a href=\"https:\/\/www.gazetadopovo.com.br\/mundo\/secretario-guerra-eua-declara-fim-agenda-woke-forcas-armadas\/\">Gazeta do Povo<\/a><\/strong><\/p>\n","protected":false},"excerpt":{"rendered":"<p>O Secret\u00e1rio de Guerra dos EUA, Pete Hegseth, com o presidente dos EUA, Donald Trump, em cerim\u00f4nia no Pent\u00e1gono neste m\u00eas Por Isabella de Paula O secret\u00e1rio de guerra dos EUA, Pete Hegseth, abriu uma reuni\u00e3o emergencial na Virg\u00ednia, nesta ter\u00e7a-feira (30), com um discurso feroz contra a agenda woke que, segundo ele, tomou conta [&hellip;]<\/p>\n","protected":false},"author":2,"featured_media":62256,"comment_status":"open","ping_status":"open","sticky":false,"template":"","format":"standard","meta":{"footnotes":""},"categories":[41],"tags":[28392,2147,159,28393,11585,28394],"class_list":["post-62255","post","type-post","status-publish","format-standard","has-post-thumbnail","hentry","category-internacional","tag-agenda-woke","tag-donald-trump","tag-eua","tag-forcas-armadas-eua","tag-pentagono","tag-pete-hegseth"],"yoast_head":"<!-- This site is optimized with the Yoast SEO plugin v26.5 - https:\/\/yoast.com\/wordpress\/plugins\/seo\/ -->\n<title>Secret\u00e1rio de guerra dos EUA declara fim da agenda woke nas For\u00e7as Armadas - Jornal Fatos e Not\u00edcias<\/title>\n<meta name=\"robots\" content=\"index, follow, max-snippet:-1, max-image-preview:large, max-video-preview:-1\" \/>\n<link rel=\"canonical\" href=\"https:\/\/jornalfatosenoticias.com.br\/index.php\/2025\/09\/30\/secretario-de-guerra-dos-eua-declara-fim-da-agenda-woke-nas-forcas-armadas\/\" \/>\n<meta property=\"og:locale\" content=\"pt_BR\" \/>\n<meta property=\"og:type\" content=\"article\" \/>\n<meta property=\"og:title\" content=\"Secret\u00e1rio de guerra dos EUA declara fim da agenda woke nas For\u00e7as Armadas - Jornal Fatos e Not\u00edcias\" \/>\n<meta property=\"og:description\" content=\"O Secret\u00e1rio de Guerra dos EUA, Pete Hegseth, com o presidente dos EUA, Donald Trump, em cerim\u00f4nia no Pent\u00e1gono neste m\u00eas Por Isabella de Paula O secret\u00e1rio de guerra dos EUA, Pete Hegseth, abriu uma reuni\u00e3o emergencial na Virg\u00ednia, nesta ter\u00e7a-feira (30), com um discurso feroz contra a agenda woke que, segundo ele, tomou conta [&hellip;]\" \/>\n<meta property=\"og:url\" content=\"https:\/\/jornalfatosenoticias.com.br\/index.php\/2025\/09\/30\/secretario-de-guerra-dos-eua-declara-fim-da-agenda-woke-nas-forcas-armadas\/\" \/>\n<meta property=\"og:site_name\" content=\"Jornal Fatos e Not\u00edcias\" \/>\n<meta property=\"article:published_time\" content=\"2025-09-30T17:47:28+00:00\" \/>\n<meta property=\"article:modified_time\" content=\"2025-09-30T17:47:54+00:00\" \/>\n<meta property=\"og:image\" content=\"https:\/\/jornalfatosenoticias.com.br\/wp-content\/uploads\/2025\/09\/trump-e-Pete-Hegseth_gettyimages.jpg\" \/>\n\t<meta property=\"og:image:width\" content=\"612\" \/>\n\t<meta property=\"og:image:height\" content=\"408\" \/>\n\t<meta property=\"og:image:type\" content=\"image\/jpeg\" \/>\n<meta name=\"author\" content=\"Luzimara Fernandes\" \/>\n<meta name=\"twitter:card\" content=\"summary_large_image\" \/>\n<meta name=\"twitter:label1\" content=\"Escrito por\" \/>\n\t<meta name=\"twitter:data1\" content=\"Luzimara Fernandes\" \/>\n\t<meta name=\"twitter:label2\" content=\"Est. tempo de leitura\" \/>\n\t<meta name=\"twitter:data2\" content=\"3 minutos\" \/>\n<script type=\"application\/ld+json\" class=\"yoast-schema-graph\">{\"@context\":\"https:\/\/schema.org\",\"@graph\":[{\"@type\":\"Article\",\"@id\":\"https:\/\/jornalfatosenoticias.com.br\/index.php\/2025\/09\/30\/secretario-de-guerra-dos-eua-declara-fim-da-agenda-woke-nas-forcas-armadas\/#article\",\"isPartOf\":{\"@id\":\"https:\/\/jornalfatosenoticias.com.br\/index.php\/2025\/09\/30\/secretario-de-guerra-dos-eua-declara-fim-da-agenda-woke-nas-forcas-armadas\/\"},\"author\":{\"name\":\"Luzimara Fernandes\",\"@id\":\"https:\/\/jornalfatosenoticias.com.br\/#\/schema\/person\/d63837fa13ac8666eb9e74e0985d6f81\"},\"headline\":\"Secret\u00e1rio de guerra dos EUA declara fim da agenda woke nas For\u00e7as Armadas\",\"datePublished\":\"2025-09-30T17:47:28+00:00\",\"dateModified\":\"2025-09-30T17:47:54+00:00\",\"mainEntityOfPage\":{\"@id\":\"https:\/\/jornalfatosenoticias.com.br\/index.php\/2025\/09\/30\/secretario-de-guerra-dos-eua-declara-fim-da-agenda-woke-nas-forcas-armadas\/\"},\"wordCount\":611,\"commentCount\":0,\"publisher\":{\"@id\":\"https:\/\/jornalfatosenoticias.com.br\/#organization\"},\"image\":{\"@id\":\"https:\/\/jornalfatosenoticias.com.br\/index.php\/2025\/09\/30\/secretario-de-guerra-dos-eua-declara-fim-da-agenda-woke-nas-forcas-armadas\/#primaryimage\"},\"thumbnailUrl\":\"https:\/\/jornalfatosenoticias.com.br\/wp-content\/uploads\/2025\/09\/trump-e-Pete-Hegseth_gettyimages.jpg\",\"keywords\":[\"agenda woke\",\"Donald Trump\",\"EUA\",\"For\u00e7as Armadas EUA\",\"Pent\u00e1gono\",\"Pete Hegseth\"],\"articleSection\":[\"Internacional\"],\"inLanguage\":\"pt-BR\",\"potentialAction\":[{\"@type\":\"CommentAction\",\"name\":\"Comment\",\"target\":[\"https:\/\/jornalfatosenoticias.com.br\/index.php\/2025\/09\/30\/secretario-de-guerra-dos-eua-declara-fim-da-agenda-woke-nas-forcas-armadas\/#respond\"]}]},{\"@type\":\"WebPage\",\"@id\":\"https:\/\/jornalfatosenoticias.com.br\/index.php\/2025\/09\/30\/secretario-de-guerra-dos-eua-declara-fim-da-agenda-woke-nas-forcas-armadas\/\",\"url\":\"https:\/\/jornalfatosenoticias.com.br\/index.php\/2025\/09\/30\/secretario-de-guerra-dos-eua-declara-fim-da-agenda-woke-nas-forcas-armadas\/\",\"name\":\"Secret\u00e1rio de guerra dos EUA declara fim da agenda woke nas For\u00e7as Armadas - Jornal Fatos e Not\u00edcias\",\"isPartOf\":{\"@id\":\"https:\/\/jornalfatosenoticias.com.br\/#website\"},\"primaryImageOfPage\":{\"@id\":\"https:\/\/jornalfatosenoticias.com.br\/index.php\/2025\/09\/30\/secretario-de-guerra-dos-eua-declara-fim-da-agenda-woke-nas-forcas-armadas\/#primaryimage\"},\"image\":{\"@id\":\"https:\/\/jornalfatosenoticias.com.br\/index.php\/2025\/09\/30\/secretario-de-guerra-dos-eua-declara-fim-da-agenda-woke-nas-forcas-armadas\/#primaryimage\"},\"thumbnailUrl\":\"https:\/\/jornalfatosenoticias.com.br\/wp-content\/uploads\/2025\/09\/trump-e-Pete-Hegseth_gettyimages.jpg\",\"datePublished\":\"2025-09-30T17:47:28+00:00\",\"dateModified\":\"2025-09-30T17:47:54+00:00\",\"breadcrumb\":{\"@id\":\"https:\/\/jornalfatosenoticias.com.br\/index.php\/2025\/09\/30\/secretario-de-guerra-dos-eua-declara-fim-da-agenda-woke-nas-forcas-armadas\/#breadcrumb\"},\"inLanguage\":\"pt-BR\",\"potentialAction\":[{\"@type\":\"ReadAction\",\"target\":[\"https:\/\/jornalfatosenoticias.com.br\/index.php\/2025\/09\/30\/secretario-de-guerra-dos-eua-declara-fim-da-agenda-woke-nas-forcas-armadas\/\"]}]},{\"@type\":\"ImageObject\",\"inLanguage\":\"pt-BR\",\"@id\":\"https:\/\/jornalfatosenoticias.com.br\/index.php\/2025\/09\/30\/secretario-de-guerra-dos-eua-declara-fim-da-agenda-woke-nas-forcas-armadas\/#primaryimage\",\"url\":\"https:\/\/jornalfatosenoticias.com.br\/wp-content\/uploads\/2025\/09\/trump-e-Pete-Hegseth_gettyimages.jpg\",\"contentUrl\":\"https:\/\/jornalfatosenoticias.com.br\/wp-content\/uploads\/2025\/09\/trump-e-Pete-Hegseth_gettyimages.jpg\",\"width\":612,\"height\":408,\"caption\":\"US President Donald Trump shakes hands with US Secretary of Defense Pete Hegseth (R) during a 9\/11 observance ceremony at the National 9\/11 Pentagon Memorial in Washington, DC on September 11, 2025. (Photo by SAUL LOEB \/ AFP) (Photo by SAUL LOEB\/AFP via Getty Images)\"},{\"@type\":\"BreadcrumbList\",\"@id\":\"https:\/\/jornalfatosenoticias.com.br\/index.php\/2025\/09\/30\/secretario-de-guerra-dos-eua-declara-fim-da-agenda-woke-nas-forcas-armadas\/#breadcrumb\",\"itemListElement\":[{\"@type\":\"ListItem\",\"position\":1,\"name\":\"In\u00edcio\",\"item\":\"https:\/\/jornalfatosenoticias.com.br\/\"},{\"@type\":\"ListItem\",\"position\":2,\"name\":\"Secret\u00e1rio de guerra dos EUA declara fim da agenda woke nas For\u00e7as Armadas\"}]},{\"@type\":\"WebSite\",\"@id\":\"https:\/\/jornalfatosenoticias.com.br\/#website\",\"url\":\"https:\/\/jornalfatosenoticias.com.br\/\",\"name\":\"Jornal Fatos e Not\u00edcias\",\"description\":\"Not\u00edcias em geral\",\"publisher\":{\"@id\":\"https:\/\/jornalfatosenoticias.com.br\/#organization\"},\"potentialAction\":[{\"@type\":\"SearchAction\",\"target\":{\"@type\":\"EntryPoint\",\"urlTemplate\":\"https:\/\/jornalfatosenoticias.com.br\/?s={search_term_string}\"},\"query-input\":{\"@type\":\"PropertyValueSpecification\",\"valueRequired\":true,\"valueName\":\"search_term_string\"}}],\"inLanguage\":\"pt-BR\"},{\"@type\":\"Organization\",\"@id\":\"https:\/\/jornalfatosenoticias.com.br\/#organization\",\"name\":\"Jornal Fatos e Not\u00edcias\",\"url\":\"https:\/\/jornalfatosenoticias.com.br\/\",\"logo\":{\"@type\":\"ImageObject\",\"inLanguage\":\"pt-BR\",\"@id\":\"https:\/\/jornalfatosenoticias.com.br\/#\/schema\/logo\/image\/\",\"url\":\"https:\/\/jornalfatosenoticias.com.br\/wp-content\/uploads\/2020\/02\/logo120.png\",\"contentUrl\":\"https:\/\/jornalfatosenoticias.com.br\/wp-content\/uploads\/2020\/02\/logo120.png\",\"width\":1227,\"height\":120,\"caption\":\"Jornal Fatos e Not\u00edcias\"},\"image\":{\"@id\":\"https:\/\/jornalfatosenoticias.com.br\/#\/schema\/logo\/image\/\"}},{\"@type\":\"Person\",\"@id\":\"https:\/\/jornalfatosenoticias.com.br\/#\/schema\/person\/d63837fa13ac8666eb9e74e0985d6f81\",\"name\":\"Luzimara Fernandes\",\"image\":{\"@type\":\"ImageObject\",\"inLanguage\":\"pt-BR\",\"@id\":\"https:\/\/jornalfatosenoticias.com.br\/#\/schema\/person\/image\/\",\"url\":\"https:\/\/jornalfatosenoticias.com.br\/wp-content\/uploads\/2025\/05\/EU_portal.jpg\",\"contentUrl\":\"https:\/\/jornalfatosenoticias.com.br\/wp-content\/uploads\/2025\/05\/EU_portal.jpg\",\"caption\":\"Luzimara Fernandes\"},\"description\":\"Jornalista MTB 2358-ES\",\"sameAs\":[\"https:\/\/jornalfatosenoticias.com.br\"],\"url\":\"https:\/\/jornalfatosenoticias.com.br\/index.php\/author\/luzimara\/\"}]}<\/script>\n<!-- \/ Yoast SEO plugin. -->","yoast_head_json":{"title":"Secret\u00e1rio de guerra dos EUA declara fim da agenda woke nas For\u00e7as Armadas - Jornal Fatos e Not\u00edcias","robots":{"index":"index","follow":"follow","max-snippet":"max-snippet:-1","max-image-preview":"max-image-preview:large","max-video-preview":"max-video-preview:-1"},"canonical":"https:\/\/jornalfatosenoticias.com.br\/index.php\/2025\/09\/30\/secretario-de-guerra-dos-eua-declara-fim-da-agenda-woke-nas-forcas-armadas\/","og_locale":"pt_BR","og_type":"article","og_title":"Secret\u00e1rio de guerra dos EUA declara fim da agenda woke nas For\u00e7as Armadas - Jornal Fatos e Not\u00edcias","og_description":"O Secret\u00e1rio de Guerra dos EUA, Pete Hegseth, com o presidente dos EUA, Donald Trump, em cerim\u00f4nia no Pent\u00e1gono neste m\u00eas Por Isabella de Paula O secret\u00e1rio de guerra dos EUA, Pete Hegseth, abriu uma reuni\u00e3o emergencial na Virg\u00ednia, nesta ter\u00e7a-feira (30), com um discurso feroz contra a agenda woke que, segundo ele, tomou conta [&hellip;]","og_url":"https:\/\/jornalfatosenoticias.com.br\/index.php\/2025\/09\/30\/secretario-de-guerra-dos-eua-declara-fim-da-agenda-woke-nas-forcas-armadas\/","og_site_name":"Jornal Fatos e Not\u00edcias","article_published_time":"2025-09-30T17:47:28+00:00","article_modified_time":"2025-09-30T17:47:54+00:00","og_image":[{"width":612,"height":408,"url":"https:\/\/jornalfatosenoticias.com.br\/wp-content\/uploads\/2025\/09\/trump-e-Pete-Hegseth_gettyimages.jpg","type":"image\/jpeg"}],"author":"Luzimara Fernandes","twitter_card":"summary_large_image","twitter_misc":{"Escrito por":"Luzimara Fernandes","Est. tempo de leitura":"3 minutos"},"schema":{"@context":"https:\/\/schema.org","@graph":[{"@type":"Article","@id":"https:\/\/jornalfatosenoticias.com.br\/index.php\/2025\/09\/30\/secretario-de-guerra-dos-eua-declara-fim-da-agenda-woke-nas-forcas-armadas\/#article","isPartOf":{"@id":"https:\/\/jornalfatosenoticias.com.br\/index.php\/2025\/09\/30\/secretario-de-guerra-dos-eua-declara-fim-da-agenda-woke-nas-forcas-armadas\/"},"author":{"name":"Luzimara Fernandes","@id":"https:\/\/jornalfatosenoticias.com.br\/#\/schema\/person\/d63837fa13ac8666eb9e74e0985d6f81"},"headline":"Secret\u00e1rio de guerra dos EUA declara fim da agenda woke nas For\u00e7as Armadas","datePublished":"2025-09-30T17:47:28+00:00","dateModified":"2025-09-30T17:47:54+00:00","mainEntityOfPage":{"@id":"https:\/\/jornalfatosenoticias.com.br\/index.php\/2025\/09\/30\/secretario-de-guerra-dos-eua-declara-fim-da-agenda-woke-nas-forcas-armadas\/"},"wordCount":611,"commentCount":0,"publisher":{"@id":"https:\/\/jornalfatosenoticias.com.br\/#organization"},"image":{"@id":"https:\/\/jornalfatosenoticias.com.br\/index.php\/2025\/09\/30\/secretario-de-guerra-dos-eua-declara-fim-da-agenda-woke-nas-forcas-armadas\/#primaryimage"},"thumbnailUrl":"https:\/\/jornalfatosenoticias.com.br\/wp-content\/uploads\/2025\/09\/trump-e-Pete-Hegseth_gettyimages.jpg","keywords":["agenda woke","Donald Trump","EUA","For\u00e7as Armadas EUA","Pent\u00e1gono","Pete Hegseth"],"articleSection":["Internacional"],"inLanguage":"pt-BR","potentialAction":[{"@type":"CommentAction","name":"Comment","target":["https:\/\/jornalfatosenoticias.com.br\/index.php\/2025\/09\/30\/secretario-de-guerra-dos-eua-declara-fim-da-agenda-woke-nas-forcas-armadas\/#respond"]}]},{"@type":"WebPage","@id":"https:\/\/jornalfatosenoticias.com.br\/index.php\/2025\/09\/30\/secretario-de-guerra-dos-eua-declara-fim-da-agenda-woke-nas-forcas-armadas\/","url":"https:\/\/jornalfatosenoticias.com.br\/index.php\/2025\/09\/30\/secretario-de-guerra-dos-eua-declara-fim-da-agenda-woke-nas-forcas-armadas\/","name":"Secret\u00e1rio de guerra dos EUA declara fim da agenda woke nas For\u00e7as Armadas - Jornal Fatos e Not\u00edcias","isPartOf":{"@id":"https:\/\/jornalfatosenoticias.com.br\/#website"},"primaryImageOfPage":{"@id":"https:\/\/jornalfatosenoticias.com.br\/index.php\/2025\/09\/30\/secretario-de-guerra-dos-eua-declara-fim-da-agenda-woke-nas-forcas-armadas\/#primaryimage"},"image":{"@id":"https:\/\/jornalfatosenoticias.com.br\/index.php\/2025\/09\/30\/secretario-de-guerra-dos-eua-declara-fim-da-agenda-woke-nas-forcas-armadas\/#primaryimage"},"thumbnailUrl":"https:\/\/jornalfatosenoticias.com.br\/wp-content\/uploads\/2025\/09\/trump-e-Pete-Hegseth_gettyimages.jpg","datePublished":"2025-09-30T17:47:28+00:00","dateModified":"2025-09-30T17:47:54+00:00","breadcrumb":{"@id":"https:\/\/jornalfatosenoticias.com.br\/index.php\/2025\/09\/30\/secretario-de-guerra-dos-eua-declara-fim-da-agenda-woke-nas-forcas-armadas\/#breadcrumb"},"inLanguage":"pt-BR","potentialAction":[{"@type":"ReadAction","target":["https:\/\/jornalfatosenoticias.com.br\/index.php\/2025\/09\/30\/secretario-de-guerra-dos-eua-declara-fim-da-agenda-woke-nas-forcas-armadas\/"]}]},{"@type":"ImageObject","inLanguage":"pt-BR","@id":"https:\/\/jornalfatosenoticias.com.br\/index.php\/2025\/09\/30\/secretario-de-guerra-dos-eua-declara-fim-da-agenda-woke-nas-forcas-armadas\/#primaryimage","url":"https:\/\/jornalfatosenoticias.com.br\/wp-content\/uploads\/2025\/09\/trump-e-Pete-Hegseth_gettyimages.jpg","contentUrl":"https:\/\/jornalfatosenoticias.com.br\/wp-content\/uploads\/2025\/09\/trump-e-Pete-Hegseth_gettyimages.jpg","width":612,"height":408,"caption":"US President Donald Trump shakes hands with US Secretary of Defense Pete Hegseth (R) during a 9\/11 observance ceremony at the National 9\/11 Pentagon Memorial in Washington, DC on September 11, 2025. (Photo by SAUL LOEB \/ AFP) (Photo by SAUL LOEB\/AFP via Getty Images)"},{"@type":"BreadcrumbList","@id":"https:\/\/jornalfatosenoticias.com.br\/index.php\/2025\/09\/30\/secretario-de-guerra-dos-eua-declara-fim-da-agenda-woke-nas-forcas-armadas\/#breadcrumb","itemListElement":[{"@type":"ListItem","position":1,"name":"In\u00edcio","item":"https:\/\/jornalfatosenoticias.com.br\/"},{"@type":"ListItem","position":2,"name":"Secret\u00e1rio de guerra dos EUA declara fim da agenda woke nas For\u00e7as Armadas"}]},{"@type":"WebSite","@id":"https:\/\/jornalfatosenoticias.com.br\/#website","url":"https:\/\/jornalfatosenoticias.com.br\/","name":"Jornal Fatos e Not\u00edcias","description":"Not\u00edcias em geral","publisher":{"@id":"https:\/\/jornalfatosenoticias.com.br\/#organization"},"potentialAction":[{"@type":"SearchAction","target":{"@type":"EntryPoint","urlTemplate":"https:\/\/jornalfatosenoticias.com.br\/?s={search_term_string}"},"query-input":{"@type":"PropertyValueSpecification","valueRequired":true,"valueName":"search_term_string"}}],"inLanguage":"pt-BR"},{"@type":"Organization","@id":"https:\/\/jornalfatosenoticias.com.br\/#organization","name":"Jornal Fatos e Not\u00edcias","url":"https:\/\/jornalfatosenoticias.com.br\/","logo":{"@type":"ImageObject","inLanguage":"pt-BR","@id":"https:\/\/jornalfatosenoticias.com.br\/#\/schema\/logo\/image\/","url":"https:\/\/jornalfatosenoticias.com.br\/wp-content\/uploads\/2020\/02\/logo120.png","contentUrl":"https:\/\/jornalfatosenoticias.com.br\/wp-content\/uploads\/2020\/02\/logo120.png","width":1227,"height":120,"caption":"Jornal Fatos e Not\u00edcias"},"image":{"@id":"https:\/\/jornalfatosenoticias.com.br\/#\/schema\/logo\/image\/"}},{"@type":"Person","@id":"https:\/\/jornalfatosenoticias.com.br\/#\/schema\/person\/d63837fa13ac8666eb9e74e0985d6f81","name":"Luzimara Fernandes","image":{"@type":"ImageObject","inLanguage":"pt-BR","@id":"https:\/\/jornalfatosenoticias.com.br\/#\/schema\/person\/image\/","url":"https:\/\/jornalfatosenoticias.com.br\/wp-content\/uploads\/2025\/05\/EU_portal.jpg","contentUrl":"https:\/\/jornalfatosenoticias.com.br\/wp-content\/uploads\/2025\/05\/EU_portal.jpg","caption":"Luzimara Fernandes"},"description":"Jornalista MTB 2358-ES","sameAs":["https:\/\/jornalfatosenoticias.com.br"],"url":"https:\/\/jornalfatosenoticias.com.br\/index.php\/author\/luzimara\/"}]}},"cc_featured_image_caption":{"caption_text":"(Foto: Getty Images)","source_text":"","source_url":""},"jetpack_featured_media_url":"https:\/\/jornalfatosenoticias.com.br\/wp-content\/uploads\/2025\/09\/trump-e-Pete-Hegseth_gettyimages.jpg","_links":{"self":[{"href":"https:\/\/jornalfatosenoticias.com.br\/index.php\/wp-json\/wp\/v2\/posts\/62255","targetHints":{"allow":["GET"]}}],"collection":[{"href":"https:\/\/jornalfatosenoticias.com.br\/index.php\/wp-json\/wp\/v2\/posts"}],"about":[{"href":"https:\/\/jornalfatosenoticias.com.br\/index.php\/wp-json\/wp\/v2\/types\/post"}],"author":[{"embeddable":true,"href":"https:\/\/jornalfatosenoticias.com.br\/index.php\/wp-json\/wp\/v2\/users\/2"}],"replies":[{"embeddable":true,"href":"https:\/\/jornalfatosenoticias.com.br\/index.php\/wp-json\/wp\/v2\/comments?post=62255"}],"version-history":[{"count":0,"href":"https:\/\/jornalfatosenoticias.com.br\/index.php\/wp-json\/wp\/v2\/posts\/62255\/revisions"}],"wp:featuredmedia":[{"embeddable":true,"href":"https:\/\/jornalfatosenoticias.com.br\/index.php\/wp-json\/wp\/v2\/media\/62256"}],"wp:attachment":[{"href":"https:\/\/jornalfatosenoticias.com.br\/index.php\/wp-json\/wp\/v2\/media?parent=62255"}],"wp:term":[{"taxonomy":"category","embeddable":true,"href":"https:\/\/jornalfatosenoticias.com.br\/index.php\/wp-json\/wp\/v2\/categories?post=62255"},{"taxonomy":"post_tag","embeddable":true,"href":"https:\/\/jornalfatosenoticias.com.br\/index.php\/wp-json\/wp\/v2\/tags?post=62255"}],"curies":[{"name":"wp","href":"https:\/\/api.w.org\/{rel}","templated":true}]}}