{"id":62261,"date":"2025-10-01T10:41:36","date_gmt":"2025-10-01T13:41:36","guid":{"rendered":"https:\/\/jornalfatosenoticias.com.br\/?p=62261"},"modified":"2025-10-01T10:41:37","modified_gmt":"2025-10-01T13:41:37","slug":"brasil-pode-aprovar-maior-carga-tributaria-do-mundo-com-isencao-do-irpf-alertam-empresas","status":"publish","type":"post","link":"https:\/\/jornalfatosenoticias.com.br\/index.php\/2025\/10\/01\/brasil-pode-aprovar-maior-carga-tributaria-do-mundo-com-isencao-do-irpf-alertam-empresas\/","title":{"rendered":"Brasil pode aprovar maior carga tribut\u00e1ria do mundo com isen\u00e7\u00e3o do IRPF, alertam empresas"},"content":{"rendered":"\n<p><em><span class=\"has-inline-color has-black-color\">Brasil pode aprovar maior carga tribut\u00e1ria do mundo para empresas junto \u00e0 isen\u00e7\u00e3o do IRPF<\/span><\/em><\/p>\n\n\n\n<p><span class=\"has-inline-color has-black-color\">Por <strong><a href=\"https:\/\/www.gazetadopovo.com.br\/autor\/hermano-freitas\/\">Hermano Freitas<\/a><\/strong><\/span><\/p>\n\n\n\n<div class=\"wp-block-image\"><figure class=\"aligncenter size-large is-resized\"><a href=\"https:\/\/legisjuris.com.br\/\"><img loading=\"lazy\" decoding=\"async\" src=\"https:\/\/jornalfatosenoticias.com.br\/wp-content\/uploads\/2024\/09\/Legis-Juris-Consultoria_logo.jpg\" alt=\"\" class=\"wp-image-53915\" width=\"506\" height=\"212\" srcset=\"https:\/\/jornalfatosenoticias.com.br\/wp-content\/uploads\/2024\/09\/Legis-Juris-Consultoria_logo.jpg 969w, https:\/\/jornalfatosenoticias.com.br\/wp-content\/uploads\/2024\/09\/Legis-Juris-Consultoria_logo-300x126.jpg 300w, https:\/\/jornalfatosenoticias.com.br\/wp-content\/uploads\/2024\/09\/Legis-Juris-Consultoria_logo-768x322.jpg 768w\" sizes=\"auto, (max-width: 506px) 100vw, 506px\" \/><\/a><\/figure><\/div>\n\n\n\n<p>O <strong>Congresso Nacional<\/strong> pode aprovar nesta semana a <strong>maior carga tribut\u00e1ria do mundo para empresas<\/strong>. O alerta \u00e9 de entidades empresariais, que chegaram a essa conclus\u00e3o por meio de um estudo que investigou os impactos do <strong>Projeto de Lei (PL) 1.087\/2025.<\/strong> O PL tem como objetivo ampliar a faixa de isen\u00e7\u00e3o do <strong>Imposto de Renda (IRPF)<\/strong> para quem ganha at\u00e9 <strong>R$ 5 mil.<\/strong><br>Segundo estudo encomendado pela <strong>Associa\u00e7\u00e3o Brasileira das Empresas de Capital Aberto (Abrasca), <\/strong>caso o PL seja aprovado como est\u00e1, o pa\u00eds pode atingir um patamar de <strong>mais de 40% de tributa\u00e7\u00e3o<\/strong> sobre o lucro empresarial. Uma al\u00edquota que <strong>desalinharia<\/strong> o Brasil em rela\u00e7\u00e3o \u00e0 <strong>Organiza\u00e7\u00e3o para a Coopera\u00e7\u00e3o e Desenvolvimento Econ\u00f4mico (OCDE),<\/strong> f\u00f3rum internacional que re\u00fane 38 pa\u00edses para promover o desenvolvimento econ\u00f4mico e social.<\/p>\n\n\n\n<div class=\"wp-block-image\"><figure class=\"aligncenter size-large is-resized\"><a href=\"https:\/\/www.facebook.com\/profile.php?id=100069289606145\"><img loading=\"lazy\" decoding=\"async\" src=\"https:\/\/jornalfatosenoticias.com.br\/wp-content\/uploads\/2024\/11\/Guaitolini-Contabilidade-1024x714.jpeg\" alt=\"\" class=\"wp-image-55808\" width=\"290\" height=\"202\" srcset=\"https:\/\/jornalfatosenoticias.com.br\/wp-content\/uploads\/2024\/11\/Guaitolini-Contabilidade-1024x714.jpeg 1024w, https:\/\/jornalfatosenoticias.com.br\/wp-content\/uploads\/2024\/11\/Guaitolini-Contabilidade-300x209.jpeg 300w, https:\/\/jornalfatosenoticias.com.br\/wp-content\/uploads\/2024\/11\/Guaitolini-Contabilidade-768x535.jpeg 768w, https:\/\/jornalfatosenoticias.com.br\/wp-content\/uploads\/2024\/11\/Guaitolini-Contabilidade.jpeg 1280w\" sizes=\"auto, (max-width: 290px) 100vw, 290px\" \/><\/a><\/figure><\/div>\n\n\n\n<p>O estudo foca nas empresas sujeitas ao regime do <strong>Lucro Real,<\/strong> nas <strong>Companhias Abertas e no Investimento Estrangeiro Direto (IED),<\/strong> setores que seriam desproporcionalmente afetados pela mudan\u00e7a. A principal conclus\u00e3o do relat\u00f3rio \u00e9 a proje\u00e7\u00e3o de um aumento significativo nas al\u00edquotas. No caso de institui\u00e7\u00f5es financeiras o imposto sobre o lucro poderia chegar at\u00e9 a <strong>48%.<\/strong><\/p>\n\n\n\n<div class=\"wp-block-image\"><figure class=\"aligncenter size-large is-resized\"><a href=\"https:\/\/www.facebook.com\/postobkr\/?locale=pt_BR\"><img loading=\"lazy\" decoding=\"async\" src=\"https:\/\/jornalfatosenoticias.com.br\/wp-content\/uploads\/2023\/08\/BKR-1024x1021.jpg\" alt=\"\" class=\"wp-image-44494\" width=\"299\" height=\"298\" srcset=\"https:\/\/jornalfatosenoticias.com.br\/wp-content\/uploads\/2023\/08\/BKR-1024x1021.jpg 1024w, https:\/\/jornalfatosenoticias.com.br\/wp-content\/uploads\/2023\/08\/BKR-300x300.jpg 300w, https:\/\/jornalfatosenoticias.com.br\/wp-content\/uploads\/2023\/08\/BKR-150x150.jpg 150w, https:\/\/jornalfatosenoticias.com.br\/wp-content\/uploads\/2023\/08\/BKR-768x766.jpg 768w, https:\/\/jornalfatosenoticias.com.br\/wp-content\/uploads\/2023\/08\/BKR.jpg 1080w\" sizes=\"auto, (max-width: 299px) 100vw, 299px\" \/><\/a><\/figure><\/div>\n\n\n\n<p>Para as pessoas jur\u00eddicas brasileiras n\u00e3o financeiras que apuram pelo Lucro Real, a al\u00edquota efetiva m\u00e9dia de tributa\u00e7\u00e3o (IRPJ\/CSLL + Novo IRRF) saltaria para mais de 30,77%. Este percentual efetivo equivaleria a uma al\u00edquota nominal de 40,6%, superando os atuais 34% e se tornando o maior \u00edndice global, segundo o estudo. Em contraste, a m\u00e9dia dos pa\u00edses da OCDE \u00e9 de uma tarifa de cerca de 23% sobre os lucros.<\/p>\n\n\n\n<div class=\"wp-block-image\"><figure class=\"aligncenter size-large\"><img loading=\"lazy\" decoding=\"async\" width=\"612\" height=\"408\" src=\"https:\/\/jornalfatosenoticias.com.br\/wp-content\/uploads\/2025\/10\/bets_istock.jpg\" alt=\"\" class=\"wp-image-62262\" srcset=\"https:\/\/jornalfatosenoticias.com.br\/wp-content\/uploads\/2025\/10\/bets_istock.jpg 612w, https:\/\/jornalfatosenoticias.com.br\/wp-content\/uploads\/2025\/10\/bets_istock-300x200.jpg 300w\" sizes=\"auto, (max-width: 612px) 100vw, 612px\" \/><figcaption><em><span class=\"has-inline-color has-black-color\">(Foto: iStock)<\/span><\/em><\/figcaption><\/figure><\/div>\n\n\n\n<p><strong><span class=\"has-inline-color has-black-color\">Fiep sugere compensa\u00e7\u00e3o com bets<br><\/span><\/strong>Para a Federa\u00e7\u00e3o das Ind\u00fastrias do Paran\u00e1 (Fiep), um aumento t\u00e3o grande da tributa\u00e7\u00e3o resulta no comprometimento da iniciativa privada e do investimento produtivo. Embora apoie uma revis\u00e3o na faixa, alerta para riscos de prejudicar o ambiente de neg\u00f3cios e os investimentos.<\/p>\n\n\n\n<div class=\"wp-block-image\"><figure class=\"aligncenter size-large is-resized\"><a href=\"https:\/\/www.instagram.com\/esteio.churrascaria\/\"><img loading=\"lazy\" decoding=\"async\" src=\"https:\/\/jornalfatosenoticias.com.br\/wp-content\/uploads\/2022\/02\/LOGO-ESTEIO-1024x730.png\" alt=\"\" class=\"wp-image-27942\" width=\"310\" height=\"221\" srcset=\"https:\/\/jornalfatosenoticias.com.br\/wp-content\/uploads\/2022\/02\/LOGO-ESTEIO-1024x730.png 1024w, https:\/\/jornalfatosenoticias.com.br\/wp-content\/uploads\/2022\/02\/LOGO-ESTEIO-300x214.png 300w, https:\/\/jornalfatosenoticias.com.br\/wp-content\/uploads\/2022\/02\/LOGO-ESTEIO-768x548.png 768w, https:\/\/jornalfatosenoticias.com.br\/wp-content\/uploads\/2022\/02\/LOGO-ESTEIO.png 1123w\" sizes=\"auto, (max-width: 310px) 100vw, 310px\" \/><\/a><\/figure><\/div>\n\n\n\n<blockquote class=\"wp-block-quote is-layout-flow wp-block-quote-is-layout-flow\"><p><span class=\"has-inline-color has-luminous-vivid-orange-color\">A Fiep reconhece a import\u00e2ncia de ampliar a faixa de isen\u00e7\u00e3o do IRPF, (\u2026) No entanto, a entidade alerta para os riscos de compensar essa medida com o aumento da carga sobre a renda corporativa, (\u2026) prejudicar o ambiente de neg\u00f3cios e afastar investimentos\u201d, escreveu a entidade.<\/span><\/p><\/blockquote>\n\n\n\n<div class=\"wp-block-image\"><figure class=\"aligncenter size-large is-resized\"><a href=\"https:\/\/panper.com.br\/\"><img loading=\"lazy\" decoding=\"async\" src=\"https:\/\/jornalfatosenoticias.com.br\/wp-content\/uploads\/2023\/03\/logo-Panper_portal.jpg\" alt=\"\" class=\"wp-image-40208\" width=\"293\" height=\"203\" srcset=\"https:\/\/jornalfatosenoticias.com.br\/wp-content\/uploads\/2023\/03\/logo-Panper_portal.jpg 400w, https:\/\/jornalfatosenoticias.com.br\/wp-content\/uploads\/2023\/03\/logo-Panper_portal-300x208.jpg 300w\" sizes=\"auto, (max-width: 293px) 100vw, 293px\" \/><\/a><\/figure><\/div>\n\n\n\n<p>Como forma de compensa\u00e7\u00e3o para a perda de arrecada\u00e7\u00e3o, a sugest\u00e3o da Fiep \u00e9 de taxar 15% sobre a receita bruta das apostas virtuais de cota fixa, conhecidas como bets.<\/p>\n\n\n\n<p><strong>Fonte: <a href=\"https:\/\/www.gazetadopovo.com.br\/economia\/brasil-pode-aprovar-maior-carga-tributaria-do-mundo-com-isencao-do-irpf-alertam-empresas\/\">Gazeta do Povo<\/a><\/strong><\/p>\n","protected":false},"excerpt":{"rendered":"<p>Brasil pode aprovar maior carga tribut\u00e1ria do mundo para empresas junto \u00e0 isen\u00e7\u00e3o do IRPF Por Hermano Freitas O Congresso Nacional pode aprovar nesta semana a maior carga tribut\u00e1ria do mundo para empresas. O alerta \u00e9 de entidades empresariais, que chegaram a essa conclus\u00e3o por meio de um estudo que investigou os impactos do Projeto [&hellip;]<\/p>\n","protected":false},"author":2,"featured_media":62263,"comment_status":"open","ping_status":"open","sticky":false,"template":"","format":"standard","meta":{"footnotes":""},"categories":[9],"tags":[5674,597,4047,28399,7771,28398,8611],"class_list":["post-62261","post","type-post","status-publish","format-standard","has-post-thumbnail","hentry","category-economia","tag-arrecadacao","tag-brasil","tag-carga-tributaria","tag-fiep","tag-irpf","tag-receita-bruta","tag-tributacao"],"yoast_head":"<!-- This site is optimized with the Yoast SEO plugin v26.5 - https:\/\/yoast.com\/wordpress\/plugins\/seo\/ -->\n<title>Brasil pode aprovar maior carga tribut\u00e1ria do mundo com isen\u00e7\u00e3o do IRPF, alertam empresas - Jornal Fatos e Not\u00edcias<\/title>\n<meta name=\"robots\" content=\"index, follow, max-snippet:-1, max-image-preview:large, max-video-preview:-1\" \/>\n<link rel=\"canonical\" href=\"https:\/\/jornalfatosenoticias.com.br\/index.php\/2025\/10\/01\/brasil-pode-aprovar-maior-carga-tributaria-do-mundo-com-isencao-do-irpf-alertam-empresas\/\" \/>\n<meta property=\"og:locale\" content=\"pt_BR\" \/>\n<meta property=\"og:type\" content=\"article\" \/>\n<meta property=\"og:title\" content=\"Brasil pode aprovar maior carga tribut\u00e1ria do mundo com isen\u00e7\u00e3o do IRPF, alertam empresas - Jornal Fatos e Not\u00edcias\" \/>\n<meta property=\"og:description\" content=\"Brasil pode aprovar maior carga tribut\u00e1ria do mundo para empresas junto \u00e0 isen\u00e7\u00e3o do IRPF Por Hermano Freitas O Congresso Nacional pode aprovar nesta semana a maior carga tribut\u00e1ria do mundo para empresas. O alerta \u00e9 de entidades empresariais, que chegaram a essa conclus\u00e3o por meio de um estudo que investigou os impactos do Projeto [&hellip;]\" \/>\n<meta property=\"og:url\" content=\"https:\/\/jornalfatosenoticias.com.br\/index.php\/2025\/10\/01\/brasil-pode-aprovar-maior-carga-tributaria-do-mundo-com-isencao-do-irpf-alertam-empresas\/\" \/>\n<meta property=\"og:site_name\" content=\"Jornal Fatos e Not\u00edcias\" \/>\n<meta property=\"article:published_time\" content=\"2025-10-01T13:41:36+00:00\" \/>\n<meta property=\"article:modified_time\" content=\"2025-10-01T13:41:37+00:00\" \/>\n<meta property=\"og:image\" content=\"https:\/\/jornalfatosenoticias.com.br\/wp-content\/uploads\/2025\/10\/IRPF2_istock.jpg\" \/>\n\t<meta property=\"og:image:width\" content=\"612\" \/>\n\t<meta property=\"og:image:height\" content=\"408\" \/>\n\t<meta property=\"og:image:type\" content=\"image\/jpeg\" \/>\n<meta name=\"author\" content=\"Luzimara Fernandes\" \/>\n<meta name=\"twitter:card\" content=\"summary_large_image\" \/>\n<meta name=\"twitter:label1\" content=\"Escrito por\" \/>\n\t<meta name=\"twitter:data1\" content=\"Luzimara Fernandes\" \/>\n\t<meta name=\"twitter:label2\" content=\"Est. tempo de leitura\" \/>\n\t<meta name=\"twitter:data2\" content=\"2 minutos\" \/>\n<script type=\"application\/ld+json\" class=\"yoast-schema-graph\">{\"@context\":\"https:\/\/schema.org\",\"@graph\":[{\"@type\":\"Article\",\"@id\":\"https:\/\/jornalfatosenoticias.com.br\/index.php\/2025\/10\/01\/brasil-pode-aprovar-maior-carga-tributaria-do-mundo-com-isencao-do-irpf-alertam-empresas\/#article\",\"isPartOf\":{\"@id\":\"https:\/\/jornalfatosenoticias.com.br\/index.php\/2025\/10\/01\/brasil-pode-aprovar-maior-carga-tributaria-do-mundo-com-isencao-do-irpf-alertam-empresas\/\"},\"author\":{\"name\":\"Luzimara Fernandes\",\"@id\":\"https:\/\/jornalfatosenoticias.com.br\/#\/schema\/person\/d63837fa13ac8666eb9e74e0985d6f81\"},\"headline\":\"Brasil pode aprovar maior carga tribut\u00e1ria do mundo com isen\u00e7\u00e3o do IRPF, alertam empresas\",\"datePublished\":\"2025-10-01T13:41:36+00:00\",\"dateModified\":\"2025-10-01T13:41:37+00:00\",\"mainEntityOfPage\":{\"@id\":\"https:\/\/jornalfatosenoticias.com.br\/index.php\/2025\/10\/01\/brasil-pode-aprovar-maior-carga-tributaria-do-mundo-com-isencao-do-irpf-alertam-empresas\/\"},\"wordCount\":444,\"commentCount\":0,\"publisher\":{\"@id\":\"https:\/\/jornalfatosenoticias.com.br\/#organization\"},\"image\":{\"@id\":\"https:\/\/jornalfatosenoticias.com.br\/index.php\/2025\/10\/01\/brasil-pode-aprovar-maior-carga-tributaria-do-mundo-com-isencao-do-irpf-alertam-empresas\/#primaryimage\"},\"thumbnailUrl\":\"https:\/\/jornalfatosenoticias.com.br\/wp-content\/uploads\/2025\/10\/IRPF2_istock.jpg\",\"keywords\":[\"arrecada\u00e7\u00e3o\",\"Brasil\",\"carga tribut\u00e1ria\",\"Fiep\",\"IRPF\",\"receita bruta\",\"tributa\u00e7\u00e3o\"],\"articleSection\":[\"Economia\"],\"inLanguage\":\"pt-BR\",\"potentialAction\":[{\"@type\":\"CommentAction\",\"name\":\"Comment\",\"target\":[\"https:\/\/jornalfatosenoticias.com.br\/index.php\/2025\/10\/01\/brasil-pode-aprovar-maior-carga-tributaria-do-mundo-com-isencao-do-irpf-alertam-empresas\/#respond\"]}]},{\"@type\":\"WebPage\",\"@id\":\"https:\/\/jornalfatosenoticias.com.br\/index.php\/2025\/10\/01\/brasil-pode-aprovar-maior-carga-tributaria-do-mundo-com-isencao-do-irpf-alertam-empresas\/\",\"url\":\"https:\/\/jornalfatosenoticias.com.br\/index.php\/2025\/10\/01\/brasil-pode-aprovar-maior-carga-tributaria-do-mundo-com-isencao-do-irpf-alertam-empresas\/\",\"name\":\"Brasil pode aprovar maior carga tribut\u00e1ria do mundo com isen\u00e7\u00e3o do IRPF, alertam empresas - Jornal Fatos e Not\u00edcias\",\"isPartOf\":{\"@id\":\"https:\/\/jornalfatosenoticias.com.br\/#website\"},\"primaryImageOfPage\":{\"@id\":\"https:\/\/jornalfatosenoticias.com.br\/index.php\/2025\/10\/01\/brasil-pode-aprovar-maior-carga-tributaria-do-mundo-com-isencao-do-irpf-alertam-empresas\/#primaryimage\"},\"image\":{\"@id\":\"https:\/\/jornalfatosenoticias.com.br\/index.php\/2025\/10\/01\/brasil-pode-aprovar-maior-carga-tributaria-do-mundo-com-isencao-do-irpf-alertam-empresas\/#primaryimage\"},\"thumbnailUrl\":\"https:\/\/jornalfatosenoticias.com.br\/wp-content\/uploads\/2025\/10\/IRPF2_istock.jpg\",\"datePublished\":\"2025-10-01T13:41:36+00:00\",\"dateModified\":\"2025-10-01T13:41:37+00:00\",\"breadcrumb\":{\"@id\":\"https:\/\/jornalfatosenoticias.com.br\/index.php\/2025\/10\/01\/brasil-pode-aprovar-maior-carga-tributaria-do-mundo-com-isencao-do-irpf-alertam-empresas\/#breadcrumb\"},\"inLanguage\":\"pt-BR\",\"potentialAction\":[{\"@type\":\"ReadAction\",\"target\":[\"https:\/\/jornalfatosenoticias.com.br\/index.php\/2025\/10\/01\/brasil-pode-aprovar-maior-carga-tributaria-do-mundo-com-isencao-do-irpf-alertam-empresas\/\"]}]},{\"@type\":\"ImageObject\",\"inLanguage\":\"pt-BR\",\"@id\":\"https:\/\/jornalfatosenoticias.com.br\/index.php\/2025\/10\/01\/brasil-pode-aprovar-maior-carga-tributaria-do-mundo-com-isencao-do-irpf-alertam-empresas\/#primaryimage\",\"url\":\"https:\/\/jornalfatosenoticias.com.br\/wp-content\/uploads\/2025\/10\/IRPF2_istock.jpg\",\"contentUrl\":\"https:\/\/jornalfatosenoticias.com.br\/wp-content\/uploads\/2025\/10\/IRPF2_istock.jpg\",\"width\":612,\"height\":408,\"caption\":\"The abbreviation IRPF for Personal Income Tax written on wooden dice in the Brazilian Portuguese language.\"},{\"@type\":\"BreadcrumbList\",\"@id\":\"https:\/\/jornalfatosenoticias.com.br\/index.php\/2025\/10\/01\/brasil-pode-aprovar-maior-carga-tributaria-do-mundo-com-isencao-do-irpf-alertam-empresas\/#breadcrumb\",\"itemListElement\":[{\"@type\":\"ListItem\",\"position\":1,\"name\":\"In\u00edcio\",\"item\":\"https:\/\/jornalfatosenoticias.com.br\/\"},{\"@type\":\"ListItem\",\"position\":2,\"name\":\"Brasil pode aprovar maior carga tribut\u00e1ria do mundo com isen\u00e7\u00e3o do IRPF, alertam empresas\"}]},{\"@type\":\"WebSite\",\"@id\":\"https:\/\/jornalfatosenoticias.com.br\/#website\",\"url\":\"https:\/\/jornalfatosenoticias.com.br\/\",\"name\":\"Jornal Fatos e Not\u00edcias\",\"description\":\"Not\u00edcias em geral\",\"publisher\":{\"@id\":\"https:\/\/jornalfatosenoticias.com.br\/#organization\"},\"potentialAction\":[{\"@type\":\"SearchAction\",\"target\":{\"@type\":\"EntryPoint\",\"urlTemplate\":\"https:\/\/jornalfatosenoticias.com.br\/?s={search_term_string}\"},\"query-input\":{\"@type\":\"PropertyValueSpecification\",\"valueRequired\":true,\"valueName\":\"search_term_string\"}}],\"inLanguage\":\"pt-BR\"},{\"@type\":\"Organization\",\"@id\":\"https:\/\/jornalfatosenoticias.com.br\/#organization\",\"name\":\"Jornal Fatos e Not\u00edcias\",\"url\":\"https:\/\/jornalfatosenoticias.com.br\/\",\"logo\":{\"@type\":\"ImageObject\",\"inLanguage\":\"pt-BR\",\"@id\":\"https:\/\/jornalfatosenoticias.com.br\/#\/schema\/logo\/image\/\",\"url\":\"https:\/\/jornalfatosenoticias.com.br\/wp-content\/uploads\/2020\/02\/logo120.png\",\"contentUrl\":\"https:\/\/jornalfatosenoticias.com.br\/wp-content\/uploads\/2020\/02\/logo120.png\",\"width\":1227,\"height\":120,\"caption\":\"Jornal Fatos e Not\u00edcias\"},\"image\":{\"@id\":\"https:\/\/jornalfatosenoticias.com.br\/#\/schema\/logo\/image\/\"}},{\"@type\":\"Person\",\"@id\":\"https:\/\/jornalfatosenoticias.com.br\/#\/schema\/person\/d63837fa13ac8666eb9e74e0985d6f81\",\"name\":\"Luzimara Fernandes\",\"image\":{\"@type\":\"ImageObject\",\"inLanguage\":\"pt-BR\",\"@id\":\"https:\/\/jornalfatosenoticias.com.br\/#\/schema\/person\/image\/\",\"url\":\"https:\/\/jornalfatosenoticias.com.br\/wp-content\/uploads\/2025\/05\/EU_portal.jpg\",\"contentUrl\":\"https:\/\/jornalfatosenoticias.com.br\/wp-content\/uploads\/2025\/05\/EU_portal.jpg\",\"caption\":\"Luzimara Fernandes\"},\"description\":\"Jornalista MTB 2358-ES\",\"sameAs\":[\"https:\/\/jornalfatosenoticias.com.br\"],\"url\":\"https:\/\/jornalfatosenoticias.com.br\/index.php\/author\/luzimara\/\"}]}<\/script>\n<!-- \/ Yoast SEO plugin. -->","yoast_head_json":{"title":"Brasil pode aprovar maior carga tribut\u00e1ria do mundo com isen\u00e7\u00e3o do IRPF, alertam empresas - Jornal Fatos e Not\u00edcias","robots":{"index":"index","follow":"follow","max-snippet":"max-snippet:-1","max-image-preview":"max-image-preview:large","max-video-preview":"max-video-preview:-1"},"canonical":"https:\/\/jornalfatosenoticias.com.br\/index.php\/2025\/10\/01\/brasil-pode-aprovar-maior-carga-tributaria-do-mundo-com-isencao-do-irpf-alertam-empresas\/","og_locale":"pt_BR","og_type":"article","og_title":"Brasil pode aprovar maior carga tribut\u00e1ria do mundo com isen\u00e7\u00e3o do IRPF, alertam empresas - Jornal Fatos e Not\u00edcias","og_description":"Brasil pode aprovar maior carga tribut\u00e1ria do mundo para empresas junto \u00e0 isen\u00e7\u00e3o do IRPF Por Hermano Freitas O Congresso Nacional pode aprovar nesta semana a maior carga tribut\u00e1ria do mundo para empresas. O alerta \u00e9 de entidades empresariais, que chegaram a essa conclus\u00e3o por meio de um estudo que investigou os impactos do Projeto [&hellip;]","og_url":"https:\/\/jornalfatosenoticias.com.br\/index.php\/2025\/10\/01\/brasil-pode-aprovar-maior-carga-tributaria-do-mundo-com-isencao-do-irpf-alertam-empresas\/","og_site_name":"Jornal Fatos e Not\u00edcias","article_published_time":"2025-10-01T13:41:36+00:00","article_modified_time":"2025-10-01T13:41:37+00:00","og_image":[{"width":612,"height":408,"url":"https:\/\/jornalfatosenoticias.com.br\/wp-content\/uploads\/2025\/10\/IRPF2_istock.jpg","type":"image\/jpeg"}],"author":"Luzimara Fernandes","twitter_card":"summary_large_image","twitter_misc":{"Escrito por":"Luzimara Fernandes","Est. tempo de leitura":"2 minutos"},"schema":{"@context":"https:\/\/schema.org","@graph":[{"@type":"Article","@id":"https:\/\/jornalfatosenoticias.com.br\/index.php\/2025\/10\/01\/brasil-pode-aprovar-maior-carga-tributaria-do-mundo-com-isencao-do-irpf-alertam-empresas\/#article","isPartOf":{"@id":"https:\/\/jornalfatosenoticias.com.br\/index.php\/2025\/10\/01\/brasil-pode-aprovar-maior-carga-tributaria-do-mundo-com-isencao-do-irpf-alertam-empresas\/"},"author":{"name":"Luzimara Fernandes","@id":"https:\/\/jornalfatosenoticias.com.br\/#\/schema\/person\/d63837fa13ac8666eb9e74e0985d6f81"},"headline":"Brasil pode aprovar maior carga tribut\u00e1ria do mundo com isen\u00e7\u00e3o do IRPF, alertam empresas","datePublished":"2025-10-01T13:41:36+00:00","dateModified":"2025-10-01T13:41:37+00:00","mainEntityOfPage":{"@id":"https:\/\/jornalfatosenoticias.com.br\/index.php\/2025\/10\/01\/brasil-pode-aprovar-maior-carga-tributaria-do-mundo-com-isencao-do-irpf-alertam-empresas\/"},"wordCount":444,"commentCount":0,"publisher":{"@id":"https:\/\/jornalfatosenoticias.com.br\/#organization"},"image":{"@id":"https:\/\/jornalfatosenoticias.com.br\/index.php\/2025\/10\/01\/brasil-pode-aprovar-maior-carga-tributaria-do-mundo-com-isencao-do-irpf-alertam-empresas\/#primaryimage"},"thumbnailUrl":"https:\/\/jornalfatosenoticias.com.br\/wp-content\/uploads\/2025\/10\/IRPF2_istock.jpg","keywords":["arrecada\u00e7\u00e3o","Brasil","carga tribut\u00e1ria","Fiep","IRPF","receita bruta","tributa\u00e7\u00e3o"],"articleSection":["Economia"],"inLanguage":"pt-BR","potentialAction":[{"@type":"CommentAction","name":"Comment","target":["https:\/\/jornalfatosenoticias.com.br\/index.php\/2025\/10\/01\/brasil-pode-aprovar-maior-carga-tributaria-do-mundo-com-isencao-do-irpf-alertam-empresas\/#respond"]}]},{"@type":"WebPage","@id":"https:\/\/jornalfatosenoticias.com.br\/index.php\/2025\/10\/01\/brasil-pode-aprovar-maior-carga-tributaria-do-mundo-com-isencao-do-irpf-alertam-empresas\/","url":"https:\/\/jornalfatosenoticias.com.br\/index.php\/2025\/10\/01\/brasil-pode-aprovar-maior-carga-tributaria-do-mundo-com-isencao-do-irpf-alertam-empresas\/","name":"Brasil pode aprovar maior carga tribut\u00e1ria do mundo com isen\u00e7\u00e3o do IRPF, alertam empresas - Jornal Fatos e Not\u00edcias","isPartOf":{"@id":"https:\/\/jornalfatosenoticias.com.br\/#website"},"primaryImageOfPage":{"@id":"https:\/\/jornalfatosenoticias.com.br\/index.php\/2025\/10\/01\/brasil-pode-aprovar-maior-carga-tributaria-do-mundo-com-isencao-do-irpf-alertam-empresas\/#primaryimage"},"image":{"@id":"https:\/\/jornalfatosenoticias.com.br\/index.php\/2025\/10\/01\/brasil-pode-aprovar-maior-carga-tributaria-do-mundo-com-isencao-do-irpf-alertam-empresas\/#primaryimage"},"thumbnailUrl":"https:\/\/jornalfatosenoticias.com.br\/wp-content\/uploads\/2025\/10\/IRPF2_istock.jpg","datePublished":"2025-10-01T13:41:36+00:00","dateModified":"2025-10-01T13:41:37+00:00","breadcrumb":{"@id":"https:\/\/jornalfatosenoticias.com.br\/index.php\/2025\/10\/01\/brasil-pode-aprovar-maior-carga-tributaria-do-mundo-com-isencao-do-irpf-alertam-empresas\/#breadcrumb"},"inLanguage":"pt-BR","potentialAction":[{"@type":"ReadAction","target":["https:\/\/jornalfatosenoticias.com.br\/index.php\/2025\/10\/01\/brasil-pode-aprovar-maior-carga-tributaria-do-mundo-com-isencao-do-irpf-alertam-empresas\/"]}]},{"@type":"ImageObject","inLanguage":"pt-BR","@id":"https:\/\/jornalfatosenoticias.com.br\/index.php\/2025\/10\/01\/brasil-pode-aprovar-maior-carga-tributaria-do-mundo-com-isencao-do-irpf-alertam-empresas\/#primaryimage","url":"https:\/\/jornalfatosenoticias.com.br\/wp-content\/uploads\/2025\/10\/IRPF2_istock.jpg","contentUrl":"https:\/\/jornalfatosenoticias.com.br\/wp-content\/uploads\/2025\/10\/IRPF2_istock.jpg","width":612,"height":408,"caption":"The abbreviation IRPF for Personal Income Tax written on wooden dice in the Brazilian Portuguese language."},{"@type":"BreadcrumbList","@id":"https:\/\/jornalfatosenoticias.com.br\/index.php\/2025\/10\/01\/brasil-pode-aprovar-maior-carga-tributaria-do-mundo-com-isencao-do-irpf-alertam-empresas\/#breadcrumb","itemListElement":[{"@type":"ListItem","position":1,"name":"In\u00edcio","item":"https:\/\/jornalfatosenoticias.com.br\/"},{"@type":"ListItem","position":2,"name":"Brasil pode aprovar maior carga tribut\u00e1ria do mundo com isen\u00e7\u00e3o do IRPF, alertam empresas"}]},{"@type":"WebSite","@id":"https:\/\/jornalfatosenoticias.com.br\/#website","url":"https:\/\/jornalfatosenoticias.com.br\/","name":"Jornal Fatos e Not\u00edcias","description":"Not\u00edcias em geral","publisher":{"@id":"https:\/\/jornalfatosenoticias.com.br\/#organization"},"potentialAction":[{"@type":"SearchAction","target":{"@type":"EntryPoint","urlTemplate":"https:\/\/jornalfatosenoticias.com.br\/?s={search_term_string}"},"query-input":{"@type":"PropertyValueSpecification","valueRequired":true,"valueName":"search_term_string"}}],"inLanguage":"pt-BR"},{"@type":"Organization","@id":"https:\/\/jornalfatosenoticias.com.br\/#organization","name":"Jornal Fatos e Not\u00edcias","url":"https:\/\/jornalfatosenoticias.com.br\/","logo":{"@type":"ImageObject","inLanguage":"pt-BR","@id":"https:\/\/jornalfatosenoticias.com.br\/#\/schema\/logo\/image\/","url":"https:\/\/jornalfatosenoticias.com.br\/wp-content\/uploads\/2020\/02\/logo120.png","contentUrl":"https:\/\/jornalfatosenoticias.com.br\/wp-content\/uploads\/2020\/02\/logo120.png","width":1227,"height":120,"caption":"Jornal Fatos e Not\u00edcias"},"image":{"@id":"https:\/\/jornalfatosenoticias.com.br\/#\/schema\/logo\/image\/"}},{"@type":"Person","@id":"https:\/\/jornalfatosenoticias.com.br\/#\/schema\/person\/d63837fa13ac8666eb9e74e0985d6f81","name":"Luzimara Fernandes","image":{"@type":"ImageObject","inLanguage":"pt-BR","@id":"https:\/\/jornalfatosenoticias.com.br\/#\/schema\/person\/image\/","url":"https:\/\/jornalfatosenoticias.com.br\/wp-content\/uploads\/2025\/05\/EU_portal.jpg","contentUrl":"https:\/\/jornalfatosenoticias.com.br\/wp-content\/uploads\/2025\/05\/EU_portal.jpg","caption":"Luzimara Fernandes"},"description":"Jornalista MTB 2358-ES","sameAs":["https:\/\/jornalfatosenoticias.com.br"],"url":"https:\/\/jornalfatosenoticias.com.br\/index.php\/author\/luzimara\/"}]}},"cc_featured_image_caption":{"caption_text":"(Foto: iStock)","source_text":"","source_url":""},"jetpack_featured_media_url":"https:\/\/jornalfatosenoticias.com.br\/wp-content\/uploads\/2025\/10\/IRPF2_istock.jpg","_links":{"self":[{"href":"https:\/\/jornalfatosenoticias.com.br\/index.php\/wp-json\/wp\/v2\/posts\/62261","targetHints":{"allow":["GET"]}}],"collection":[{"href":"https:\/\/jornalfatosenoticias.com.br\/index.php\/wp-json\/wp\/v2\/posts"}],"about":[{"href":"https:\/\/jornalfatosenoticias.com.br\/index.php\/wp-json\/wp\/v2\/types\/post"}],"author":[{"embeddable":true,"href":"https:\/\/jornalfatosenoticias.com.br\/index.php\/wp-json\/wp\/v2\/users\/2"}],"replies":[{"embeddable":true,"href":"https:\/\/jornalfatosenoticias.com.br\/index.php\/wp-json\/wp\/v2\/comments?post=62261"}],"version-history":[{"count":0,"href":"https:\/\/jornalfatosenoticias.com.br\/index.php\/wp-json\/wp\/v2\/posts\/62261\/revisions"}],"wp:featuredmedia":[{"embeddable":true,"href":"https:\/\/jornalfatosenoticias.com.br\/index.php\/wp-json\/wp\/v2\/media\/62263"}],"wp:attachment":[{"href":"https:\/\/jornalfatosenoticias.com.br\/index.php\/wp-json\/wp\/v2\/media?parent=62261"}],"wp:term":[{"taxonomy":"category","embeddable":true,"href":"https:\/\/jornalfatosenoticias.com.br\/index.php\/wp-json\/wp\/v2\/categories?post=62261"},{"taxonomy":"post_tag","embeddable":true,"href":"https:\/\/jornalfatosenoticias.com.br\/index.php\/wp-json\/wp\/v2\/tags?post=62261"}],"curies":[{"name":"wp","href":"https:\/\/api.w.org\/{rel}","templated":true}]}}