{"id":62271,"date":"2025-10-01T11:32:46","date_gmt":"2025-10-01T14:32:46","guid":{"rendered":"https:\/\/jornalfatosenoticias.com.br\/?p=62271"},"modified":"2025-10-01T11:32:48","modified_gmt":"2025-10-01T14:32:48","slug":"milei-assina-decreto-que-autoriza-entrada-de-militares-dos-eua-na-argentina","status":"publish","type":"post","link":"https:\/\/jornalfatosenoticias.com.br\/index.php\/2025\/10\/01\/milei-assina-decreto-que-autoriza-entrada-de-militares-dos-eua-na-argentina\/","title":{"rendered":"Milei assina decreto que autoriza entrada de militares dos EUA na Argentina"},"content":{"rendered":"\n<p><em><span class=\"has-inline-color has-black-color\">O presidente da Argentina, Javier Milei, durante encontro com o presidente dos EUA, Donald Trump, no dia 23 de setembro<\/span><\/em><\/p>\n\n\n\n<p><span class=\"has-inline-color has-black-color\">Por <strong><a href=\"https:\/\/www.gazetadopovo.com.br\/autor\/isabella-de-paula\/\">Isabella de Paula<\/a><\/strong><\/span><\/p>\n\n\n\n<div class=\"wp-block-image\"><figure class=\"aligncenter size-large\"><a href=\"https:\/\/mizu.com.br\/\"><img loading=\"lazy\" decoding=\"async\" width=\"729\" height=\"90\" src=\"https:\/\/jornalfatosenoticias.com.br\/wp-content\/uploads\/2020\/02\/Logo_Mizu.png\" alt=\"\" class=\"wp-image-1441\" srcset=\"https:\/\/jornalfatosenoticias.com.br\/wp-content\/uploads\/2020\/02\/Logo_Mizu.png 729w, https:\/\/jornalfatosenoticias.com.br\/wp-content\/uploads\/2020\/02\/Logo_Mizu-300x37.png 300w\" sizes=\"auto, (max-width: 729px) 100vw, 729px\" \/><\/a><\/figure><\/div>\n\n\n\n<p>O presidente da Argentina, Javier Milei, autorizou nesta ter\u00e7a-feira (30), por decreto, a entrada de militares dos EUA no pa\u00eds para participar de um exerc\u00edcio conjunto. O treinamento envolvendo for\u00e7as navais especiais americanas e argentinas ser\u00e1 realizado nas bases navais de Mar del Plata, Ushuaia e Puerto Belgrano, e outros espa\u00e7os destinados para instru\u00e7\u00e3o militar, mar\u00edtimos e terrestres, entre 20 de outubro e 15 de novembro.<br>O decreto informa que o governo enviou &#8220;oportunamente&#8221; ao Congresso o projeto de autoriza\u00e7\u00e3o de entrada de tropas estrangeiras, mas que a iniciativa ainda n\u00e3o foi tratada pelos deputados. Entre outros argumentos para autorizar por decreto a entrada de militares americanos, o governo Milei justificou que a n\u00e3o participa\u00e7\u00e3o no exerc\u00edcio &#8220;afetaria significativamente o adestramento naval em opera\u00e7\u00f5es combinadas com a Marinha dos EUA&#8221;.<\/p>\n\n\n\n<div class=\"wp-block-image\"><figure class=\"aligncenter size-large\"><a href=\"http:\/\/www.ferrarimaquinas.com.br\/\"><img loading=\"lazy\" decoding=\"async\" width=\"300\" height=\"250\" src=\"https:\/\/jornalfatosenoticias.com.br\/wp-content\/uploads\/2022\/02\/FERRARI_MAQUINAS-E-FERRAMENTAS2.jpg\" alt=\"\" class=\"wp-image-27860\"\/><\/a><\/figure><\/div>\n\n\n\n<p>O decreto tamb\u00e9m diz que &#8220;a natureza excepcional da situa\u00e7\u00e3o apresentada torna imposs\u00edvel seguir os tr\u00e2mites ordin\u00e1rios previstos na Constitui\u00e7\u00e3o&#8221; argentina, que estabelece em seu artigo 75 que \u00e9 atribui\u00e7\u00e3o do Congresso permitir a entrada de tropas estrangeiras no territ\u00f3rio nacional.<\/p>\n\n\n\n<div class=\"wp-block-image\"><figure class=\"aligncenter size-large is-resized\"><a href=\"https:\/\/hotelmarquetti.com.br\/\"><img loading=\"lazy\" decoding=\"async\" src=\"https:\/\/jornalfatosenoticias.com.br\/wp-content\/uploads\/2020\/02\/LOGO-MQ-1024x680.jpg\" alt=\"\" class=\"wp-image-58299\" width=\"329\" height=\"219\" srcset=\"https:\/\/jornalfatosenoticias.com.br\/wp-content\/uploads\/2020\/02\/LOGO-MQ-1024x680.jpg 1024w, https:\/\/jornalfatosenoticias.com.br\/wp-content\/uploads\/2020\/02\/LOGO-MQ-300x199.jpg 300w, https:\/\/jornalfatosenoticias.com.br\/wp-content\/uploads\/2020\/02\/LOGO-MQ-768x510.jpg 768w, https:\/\/jornalfatosenoticias.com.br\/wp-content\/uploads\/2020\/02\/LOGO-MQ-1536x1020.jpg 1536w, https:\/\/jornalfatosenoticias.com.br\/wp-content\/uploads\/2020\/02\/LOGO-MQ-2048x1360.jpg 2048w\" sizes=\"auto, (max-width: 329px) 100vw, 329px\" \/><\/a><\/figure><\/div>\n\n\n\n<p>De acordo com o texto, o exerc\u00edcio tem como objetivo &#8220;trocar procedimentos, t\u00e9cnicas e t\u00e1ticas de treinamento entre for\u00e7as especiais para operar em cen\u00e1rios complexos que exigem coordena\u00e7\u00e3o multinacional, capacidade de resposta imediata e o uso efetivo de tecnologias avan\u00e7adas com a contribui\u00e7\u00e3o doutrin\u00e1ria e t\u00e9cnica inovadora da Marinha dos EUA&#8221;.<\/p>\n\n\n\n<div class=\"wp-block-image\"><figure class=\"aligncenter size-large is-resized\"><a href=\"https:\/\/www.facebook.com\/postobkr\/?locale=pt_BR\"><img loading=\"lazy\" decoding=\"async\" src=\"https:\/\/jornalfatosenoticias.com.br\/wp-content\/uploads\/2023\/08\/BKR-1024x1021.jpg\" alt=\"\" class=\"wp-image-44494\" width=\"271\" height=\"270\" srcset=\"https:\/\/jornalfatosenoticias.com.br\/wp-content\/uploads\/2023\/08\/BKR-1024x1021.jpg 1024w, https:\/\/jornalfatosenoticias.com.br\/wp-content\/uploads\/2023\/08\/BKR-300x300.jpg 300w, https:\/\/jornalfatosenoticias.com.br\/wp-content\/uploads\/2023\/08\/BKR-150x150.jpg 150w, https:\/\/jornalfatosenoticias.com.br\/wp-content\/uploads\/2023\/08\/BKR-768x766.jpg 768w, https:\/\/jornalfatosenoticias.com.br\/wp-content\/uploads\/2023\/08\/BKR.jpg 1080w\" sizes=\"auto, (max-width: 271px) 100vw, 271px\" \/><\/a><\/figure><\/div>\n\n\n\n<blockquote class=\"wp-block-quote is-layout-flow wp-block-quote-is-layout-flow\"><p><span class=\"has-inline-color has-luminous-vivid-orange-color\">Tamb\u00e9m se pretende melhorar o processo de planejamento, prepara\u00e7\u00e3o e manejo de riscos em opera\u00e7\u00f5es combinadas de nossas for\u00e7as especiais, tanto em contextos de combate como de assist\u00eancia humanit\u00e1ria nos cen\u00e1rios complexos, mar\u00edtimos e terrestres, que nosso continente possui&#8221;, acrescenta o decreto, que destaca que a experi\u00eancia acumulada pelas for\u00e7as especiais dos EUA constitui um &#8220;recurso inestim\u00e1vel&#8221; para potencializar as &#8220;capacidades&#8221; das for\u00e7as argentinas.<\/span><\/p><\/blockquote>\n\n\n\n<div class=\"wp-block-image\"><figure class=\"aligncenter size-large is-resized\"><a href=\"https:\/\/www.instagram.com\/gruposei\/\"><img loading=\"lazy\" decoding=\"async\" src=\"https:\/\/jornalfatosenoticias.com.br\/wp-content\/uploads\/2022\/07\/Logo-Grupo-SEI.jpg\" alt=\"\" class=\"wp-image-31973\" width=\"324\" height=\"170\" srcset=\"https:\/\/jornalfatosenoticias.com.br\/wp-content\/uploads\/2022\/07\/Logo-Grupo-SEI.jpg 713w, https:\/\/jornalfatosenoticias.com.br\/wp-content\/uploads\/2022\/07\/Logo-Grupo-SEI-300x158.jpg 300w\" sizes=\"auto, (max-width: 324px) 100vw, 324px\" \/><\/a><\/figure><\/div>\n\n\n\n<p>Milei assinou o decreto nesta ter\u00e7a-feira, mesmo dia em que foi divulgado o an\u00fancio de um novo encontro em 14 de outubro com o presidente Donald Trump, na Casa Branca pelo, com quem j\u00e1 esteve na semana passada em Nova York, em uma reuni\u00e3o \u00e0 margem da Assembleia Geral da ONU. O presidente da Argentina considera os EUA e Israel como seus principais aliados em mat\u00e9ria de pol\u00edtica externa.<\/p>\n\n\n\n<div class=\"wp-block-image\"><figure class=\"aligncenter size-large is-resized\"><a href=\"https:\/\/www.facebook.com\/vetor.vix\/\"><img loading=\"lazy\" decoding=\"async\" src=\"https:\/\/jornalfatosenoticias.com.br\/wp-content\/uploads\/2023\/09\/vetorvix1024_1.jpg\" alt=\"\" class=\"wp-image-44868\" width=\"550\" height=\"146\" srcset=\"https:\/\/jornalfatosenoticias.com.br\/wp-content\/uploads\/2023\/09\/vetorvix1024_1.jpg 1024w, https:\/\/jornalfatosenoticias.com.br\/wp-content\/uploads\/2023\/09\/vetorvix1024_1-300x80.jpg 300w, https:\/\/jornalfatosenoticias.com.br\/wp-content\/uploads\/2023\/09\/vetorvix1024_1-768x205.jpg 768w\" sizes=\"auto, (max-width: 550px) 100vw, 550px\" \/><\/a><\/figure><\/div>\n\n\n\n<p><strong>Fonte: <a href=\"https:\/\/www.gazetadopovo.com.br\/mundo\/milei-assina-decreto-autoriza-entrada-militares-dos-eua-argentina\/\">Gazeta do Povo<\/a><\/strong><\/p>\n","protected":false},"excerpt":{"rendered":"<p>O presidente da Argentina, Javier Milei, durante encontro com o presidente dos EUA, Donald Trump, no dia 23 de setembro Por Isabella de Paula O presidente da Argentina, Javier Milei, autorizou nesta ter\u00e7a-feira (30), por decreto, a entrada de militares dos EUA no pa\u00eds para participar de um exerc\u00edcio conjunto. O treinamento envolvendo for\u00e7as navais [&hellip;]<\/p>\n","protected":false},"author":2,"featured_media":62272,"comment_status":"open","ping_status":"open","sticky":false,"template":"","format":"standard","meta":{"footnotes":""},"categories":[41],"tags":[5995,2147,18616,7935],"class_list":["post-62271","post","type-post","status-publish","format-standard","has-post-thumbnail","hentry","category-internacional","tag-argentina","tag-donald-trump","tag-javier-milei","tag-nova-york"],"yoast_head":"<!-- This site is optimized with the Yoast SEO plugin v26.5 - https:\/\/yoast.com\/wordpress\/plugins\/seo\/ -->\n<title>Milei assina decreto que autoriza entrada de militares dos EUA na Argentina - Jornal Fatos e Not\u00edcias<\/title>\n<meta name=\"robots\" content=\"index, follow, max-snippet:-1, max-image-preview:large, max-video-preview:-1\" \/>\n<link rel=\"canonical\" href=\"https:\/\/jornalfatosenoticias.com.br\/index.php\/2025\/10\/01\/milei-assina-decreto-que-autoriza-entrada-de-militares-dos-eua-na-argentina\/\" \/>\n<meta property=\"og:locale\" content=\"pt_BR\" \/>\n<meta property=\"og:type\" content=\"article\" \/>\n<meta property=\"og:title\" content=\"Milei assina decreto que autoriza entrada de militares dos EUA na Argentina - Jornal Fatos e Not\u00edcias\" \/>\n<meta property=\"og:description\" content=\"O presidente da Argentina, Javier Milei, durante encontro com o presidente dos EUA, Donald Trump, no dia 23 de setembro Por Isabella de Paula O presidente da Argentina, Javier Milei, autorizou nesta ter\u00e7a-feira (30), por decreto, a entrada de militares dos EUA no pa\u00eds para participar de um exerc\u00edcio conjunto. O treinamento envolvendo for\u00e7as navais [&hellip;]\" \/>\n<meta property=\"og:url\" content=\"https:\/\/jornalfatosenoticias.com.br\/index.php\/2025\/10\/01\/milei-assina-decreto-que-autoriza-entrada-de-militares-dos-eua-na-argentina\/\" \/>\n<meta property=\"og:site_name\" content=\"Jornal Fatos e Not\u00edcias\" \/>\n<meta property=\"article:published_time\" content=\"2025-10-01T14:32:46+00:00\" \/>\n<meta property=\"article:modified_time\" content=\"2025-10-01T14:32:48+00:00\" \/>\n<meta property=\"og:image\" content=\"https:\/\/jornalfatosenoticias.com.br\/wp-content\/uploads\/2025\/10\/Javier-Milei-e-Donald-Trump_gettyimages.jpg\" \/>\n\t<meta property=\"og:image:width\" content=\"612\" \/>\n\t<meta property=\"og:image:height\" content=\"408\" \/>\n\t<meta property=\"og:image:type\" content=\"image\/jpeg\" \/>\n<meta name=\"author\" content=\"Luzimara Fernandes\" \/>\n<meta name=\"twitter:card\" content=\"summary_large_image\" \/>\n<meta name=\"twitter:label1\" content=\"Escrito por\" \/>\n\t<meta name=\"twitter:data1\" content=\"Luzimara Fernandes\" \/>\n\t<meta name=\"twitter:label2\" content=\"Est. tempo de leitura\" \/>\n\t<meta name=\"twitter:data2\" content=\"2 minutos\" \/>\n<script type=\"application\/ld+json\" class=\"yoast-schema-graph\">{\"@context\":\"https:\/\/schema.org\",\"@graph\":[{\"@type\":\"Article\",\"@id\":\"https:\/\/jornalfatosenoticias.com.br\/index.php\/2025\/10\/01\/milei-assina-decreto-que-autoriza-entrada-de-militares-dos-eua-na-argentina\/#article\",\"isPartOf\":{\"@id\":\"https:\/\/jornalfatosenoticias.com.br\/index.php\/2025\/10\/01\/milei-assina-decreto-que-autoriza-entrada-de-militares-dos-eua-na-argentina\/\"},\"author\":{\"name\":\"Luzimara Fernandes\",\"@id\":\"https:\/\/jornalfatosenoticias.com.br\/#\/schema\/person\/d63837fa13ac8666eb9e74e0985d6f81\"},\"headline\":\"Milei assina decreto que autoriza entrada de militares dos EUA na Argentina\",\"datePublished\":\"2025-10-01T14:32:46+00:00\",\"dateModified\":\"2025-10-01T14:32:48+00:00\",\"mainEntityOfPage\":{\"@id\":\"https:\/\/jornalfatosenoticias.com.br\/index.php\/2025\/10\/01\/milei-assina-decreto-que-autoriza-entrada-de-militares-dos-eua-na-argentina\/\"},\"wordCount\":435,\"commentCount\":0,\"publisher\":{\"@id\":\"https:\/\/jornalfatosenoticias.com.br\/#organization\"},\"image\":{\"@id\":\"https:\/\/jornalfatosenoticias.com.br\/index.php\/2025\/10\/01\/milei-assina-decreto-que-autoriza-entrada-de-militares-dos-eua-na-argentina\/#primaryimage\"},\"thumbnailUrl\":\"https:\/\/jornalfatosenoticias.com.br\/wp-content\/uploads\/2025\/10\/Javier-Milei-e-Donald-Trump_gettyimages.jpg\",\"keywords\":[\"Argentina\",\"Donald Trump\",\"Javier Milei\",\"Nova York\"],\"articleSection\":[\"Internacional\"],\"inLanguage\":\"pt-BR\",\"potentialAction\":[{\"@type\":\"CommentAction\",\"name\":\"Comment\",\"target\":[\"https:\/\/jornalfatosenoticias.com.br\/index.php\/2025\/10\/01\/milei-assina-decreto-que-autoriza-entrada-de-militares-dos-eua-na-argentina\/#respond\"]}]},{\"@type\":\"WebPage\",\"@id\":\"https:\/\/jornalfatosenoticias.com.br\/index.php\/2025\/10\/01\/milei-assina-decreto-que-autoriza-entrada-de-militares-dos-eua-na-argentina\/\",\"url\":\"https:\/\/jornalfatosenoticias.com.br\/index.php\/2025\/10\/01\/milei-assina-decreto-que-autoriza-entrada-de-militares-dos-eua-na-argentina\/\",\"name\":\"Milei assina decreto que autoriza entrada de militares dos EUA na Argentina - Jornal Fatos e Not\u00edcias\",\"isPartOf\":{\"@id\":\"https:\/\/jornalfatosenoticias.com.br\/#website\"},\"primaryImageOfPage\":{\"@id\":\"https:\/\/jornalfatosenoticias.com.br\/index.php\/2025\/10\/01\/milei-assina-decreto-que-autoriza-entrada-de-militares-dos-eua-na-argentina\/#primaryimage\"},\"image\":{\"@id\":\"https:\/\/jornalfatosenoticias.com.br\/index.php\/2025\/10\/01\/milei-assina-decreto-que-autoriza-entrada-de-militares-dos-eua-na-argentina\/#primaryimage\"},\"thumbnailUrl\":\"https:\/\/jornalfatosenoticias.com.br\/wp-content\/uploads\/2025\/10\/Javier-Milei-e-Donald-Trump_gettyimages.jpg\",\"datePublished\":\"2025-10-01T14:32:46+00:00\",\"dateModified\":\"2025-10-01T14:32:48+00:00\",\"breadcrumb\":{\"@id\":\"https:\/\/jornalfatosenoticias.com.br\/index.php\/2025\/10\/01\/milei-assina-decreto-que-autoriza-entrada-de-militares-dos-eua-na-argentina\/#breadcrumb\"},\"inLanguage\":\"pt-BR\",\"potentialAction\":[{\"@type\":\"ReadAction\",\"target\":[\"https:\/\/jornalfatosenoticias.com.br\/index.php\/2025\/10\/01\/milei-assina-decreto-que-autoriza-entrada-de-militares-dos-eua-na-argentina\/\"]}]},{\"@type\":\"ImageObject\",\"inLanguage\":\"pt-BR\",\"@id\":\"https:\/\/jornalfatosenoticias.com.br\/index.php\/2025\/10\/01\/milei-assina-decreto-que-autoriza-entrada-de-militares-dos-eua-na-argentina\/#primaryimage\",\"url\":\"https:\/\/jornalfatosenoticias.com.br\/wp-content\/uploads\/2025\/10\/Javier-Milei-e-Donald-Trump_gettyimages.jpg\",\"contentUrl\":\"https:\/\/jornalfatosenoticias.com.br\/wp-content\/uploads\/2025\/10\/Javier-Milei-e-Donald-Trump_gettyimages.jpg\",\"width\":612,\"height\":408,\"caption\":\"NEW YORK, NEW YORK - SEPTEMBER 23: U.S. President Donald Trump (R) shakes hands with President of Argentina Javier Milei during a bilateral meeting at the 80th session of the UN\u2019s General Assembly (UNGA) at the United Nations headquarters on September 23, 2025 in New York City. World leaders convened for the 80th Session of UNGA, with this year\u2019s theme for the annual global meeting being \u201cBetter together: 80 years and more for peace, development and human rights.\u201d (Photo by Chip Somodevilla\/Getty Images)\"},{\"@type\":\"BreadcrumbList\",\"@id\":\"https:\/\/jornalfatosenoticias.com.br\/index.php\/2025\/10\/01\/milei-assina-decreto-que-autoriza-entrada-de-militares-dos-eua-na-argentina\/#breadcrumb\",\"itemListElement\":[{\"@type\":\"ListItem\",\"position\":1,\"name\":\"In\u00edcio\",\"item\":\"https:\/\/jornalfatosenoticias.com.br\/\"},{\"@type\":\"ListItem\",\"position\":2,\"name\":\"Milei assina decreto que autoriza entrada de militares dos EUA na Argentina\"}]},{\"@type\":\"WebSite\",\"@id\":\"https:\/\/jornalfatosenoticias.com.br\/#website\",\"url\":\"https:\/\/jornalfatosenoticias.com.br\/\",\"name\":\"Jornal Fatos e Not\u00edcias\",\"description\":\"Not\u00edcias em geral\",\"publisher\":{\"@id\":\"https:\/\/jornalfatosenoticias.com.br\/#organization\"},\"potentialAction\":[{\"@type\":\"SearchAction\",\"target\":{\"@type\":\"EntryPoint\",\"urlTemplate\":\"https:\/\/jornalfatosenoticias.com.br\/?s={search_term_string}\"},\"query-input\":{\"@type\":\"PropertyValueSpecification\",\"valueRequired\":true,\"valueName\":\"search_term_string\"}}],\"inLanguage\":\"pt-BR\"},{\"@type\":\"Organization\",\"@id\":\"https:\/\/jornalfatosenoticias.com.br\/#organization\",\"name\":\"Jornal Fatos e Not\u00edcias\",\"url\":\"https:\/\/jornalfatosenoticias.com.br\/\",\"logo\":{\"@type\":\"ImageObject\",\"inLanguage\":\"pt-BR\",\"@id\":\"https:\/\/jornalfatosenoticias.com.br\/#\/schema\/logo\/image\/\",\"url\":\"https:\/\/jornalfatosenoticias.com.br\/wp-content\/uploads\/2020\/02\/logo120.png\",\"contentUrl\":\"https:\/\/jornalfatosenoticias.com.br\/wp-content\/uploads\/2020\/02\/logo120.png\",\"width\":1227,\"height\":120,\"caption\":\"Jornal Fatos e Not\u00edcias\"},\"image\":{\"@id\":\"https:\/\/jornalfatosenoticias.com.br\/#\/schema\/logo\/image\/\"}},{\"@type\":\"Person\",\"@id\":\"https:\/\/jornalfatosenoticias.com.br\/#\/schema\/person\/d63837fa13ac8666eb9e74e0985d6f81\",\"name\":\"Luzimara Fernandes\",\"image\":{\"@type\":\"ImageObject\",\"inLanguage\":\"pt-BR\",\"@id\":\"https:\/\/jornalfatosenoticias.com.br\/#\/schema\/person\/image\/\",\"url\":\"https:\/\/jornalfatosenoticias.com.br\/wp-content\/uploads\/2025\/05\/EU_portal.jpg\",\"contentUrl\":\"https:\/\/jornalfatosenoticias.com.br\/wp-content\/uploads\/2025\/05\/EU_portal.jpg\",\"caption\":\"Luzimara Fernandes\"},\"description\":\"Jornalista MTB 2358-ES\",\"sameAs\":[\"https:\/\/jornalfatosenoticias.com.br\"],\"url\":\"https:\/\/jornalfatosenoticias.com.br\/index.php\/author\/luzimara\/\"}]}<\/script>\n<!-- \/ Yoast SEO plugin. -->","yoast_head_json":{"title":"Milei assina decreto que autoriza entrada de militares dos EUA na Argentina - Jornal Fatos e Not\u00edcias","robots":{"index":"index","follow":"follow","max-snippet":"max-snippet:-1","max-image-preview":"max-image-preview:large","max-video-preview":"max-video-preview:-1"},"canonical":"https:\/\/jornalfatosenoticias.com.br\/index.php\/2025\/10\/01\/milei-assina-decreto-que-autoriza-entrada-de-militares-dos-eua-na-argentina\/","og_locale":"pt_BR","og_type":"article","og_title":"Milei assina decreto que autoriza entrada de militares dos EUA na Argentina - Jornal Fatos e Not\u00edcias","og_description":"O presidente da Argentina, Javier Milei, durante encontro com o presidente dos EUA, Donald Trump, no dia 23 de setembro Por Isabella de Paula O presidente da Argentina, Javier Milei, autorizou nesta ter\u00e7a-feira (30), por decreto, a entrada de militares dos EUA no pa\u00eds para participar de um exerc\u00edcio conjunto. O treinamento envolvendo for\u00e7as navais [&hellip;]","og_url":"https:\/\/jornalfatosenoticias.com.br\/index.php\/2025\/10\/01\/milei-assina-decreto-que-autoriza-entrada-de-militares-dos-eua-na-argentina\/","og_site_name":"Jornal Fatos e Not\u00edcias","article_published_time":"2025-10-01T14:32:46+00:00","article_modified_time":"2025-10-01T14:32:48+00:00","og_image":[{"width":612,"height":408,"url":"https:\/\/jornalfatosenoticias.com.br\/wp-content\/uploads\/2025\/10\/Javier-Milei-e-Donald-Trump_gettyimages.jpg","type":"image\/jpeg"}],"author":"Luzimara Fernandes","twitter_card":"summary_large_image","twitter_misc":{"Escrito por":"Luzimara Fernandes","Est. tempo de leitura":"2 minutos"},"schema":{"@context":"https:\/\/schema.org","@graph":[{"@type":"Article","@id":"https:\/\/jornalfatosenoticias.com.br\/index.php\/2025\/10\/01\/milei-assina-decreto-que-autoriza-entrada-de-militares-dos-eua-na-argentina\/#article","isPartOf":{"@id":"https:\/\/jornalfatosenoticias.com.br\/index.php\/2025\/10\/01\/milei-assina-decreto-que-autoriza-entrada-de-militares-dos-eua-na-argentina\/"},"author":{"name":"Luzimara Fernandes","@id":"https:\/\/jornalfatosenoticias.com.br\/#\/schema\/person\/d63837fa13ac8666eb9e74e0985d6f81"},"headline":"Milei assina decreto que autoriza entrada de militares dos EUA na Argentina","datePublished":"2025-10-01T14:32:46+00:00","dateModified":"2025-10-01T14:32:48+00:00","mainEntityOfPage":{"@id":"https:\/\/jornalfatosenoticias.com.br\/index.php\/2025\/10\/01\/milei-assina-decreto-que-autoriza-entrada-de-militares-dos-eua-na-argentina\/"},"wordCount":435,"commentCount":0,"publisher":{"@id":"https:\/\/jornalfatosenoticias.com.br\/#organization"},"image":{"@id":"https:\/\/jornalfatosenoticias.com.br\/index.php\/2025\/10\/01\/milei-assina-decreto-que-autoriza-entrada-de-militares-dos-eua-na-argentina\/#primaryimage"},"thumbnailUrl":"https:\/\/jornalfatosenoticias.com.br\/wp-content\/uploads\/2025\/10\/Javier-Milei-e-Donald-Trump_gettyimages.jpg","keywords":["Argentina","Donald Trump","Javier Milei","Nova York"],"articleSection":["Internacional"],"inLanguage":"pt-BR","potentialAction":[{"@type":"CommentAction","name":"Comment","target":["https:\/\/jornalfatosenoticias.com.br\/index.php\/2025\/10\/01\/milei-assina-decreto-que-autoriza-entrada-de-militares-dos-eua-na-argentina\/#respond"]}]},{"@type":"WebPage","@id":"https:\/\/jornalfatosenoticias.com.br\/index.php\/2025\/10\/01\/milei-assina-decreto-que-autoriza-entrada-de-militares-dos-eua-na-argentina\/","url":"https:\/\/jornalfatosenoticias.com.br\/index.php\/2025\/10\/01\/milei-assina-decreto-que-autoriza-entrada-de-militares-dos-eua-na-argentina\/","name":"Milei assina decreto que autoriza entrada de militares dos EUA na Argentina - Jornal Fatos e Not\u00edcias","isPartOf":{"@id":"https:\/\/jornalfatosenoticias.com.br\/#website"},"primaryImageOfPage":{"@id":"https:\/\/jornalfatosenoticias.com.br\/index.php\/2025\/10\/01\/milei-assina-decreto-que-autoriza-entrada-de-militares-dos-eua-na-argentina\/#primaryimage"},"image":{"@id":"https:\/\/jornalfatosenoticias.com.br\/index.php\/2025\/10\/01\/milei-assina-decreto-que-autoriza-entrada-de-militares-dos-eua-na-argentina\/#primaryimage"},"thumbnailUrl":"https:\/\/jornalfatosenoticias.com.br\/wp-content\/uploads\/2025\/10\/Javier-Milei-e-Donald-Trump_gettyimages.jpg","datePublished":"2025-10-01T14:32:46+00:00","dateModified":"2025-10-01T14:32:48+00:00","breadcrumb":{"@id":"https:\/\/jornalfatosenoticias.com.br\/index.php\/2025\/10\/01\/milei-assina-decreto-que-autoriza-entrada-de-militares-dos-eua-na-argentina\/#breadcrumb"},"inLanguage":"pt-BR","potentialAction":[{"@type":"ReadAction","target":["https:\/\/jornalfatosenoticias.com.br\/index.php\/2025\/10\/01\/milei-assina-decreto-que-autoriza-entrada-de-militares-dos-eua-na-argentina\/"]}]},{"@type":"ImageObject","inLanguage":"pt-BR","@id":"https:\/\/jornalfatosenoticias.com.br\/index.php\/2025\/10\/01\/milei-assina-decreto-que-autoriza-entrada-de-militares-dos-eua-na-argentina\/#primaryimage","url":"https:\/\/jornalfatosenoticias.com.br\/wp-content\/uploads\/2025\/10\/Javier-Milei-e-Donald-Trump_gettyimages.jpg","contentUrl":"https:\/\/jornalfatosenoticias.com.br\/wp-content\/uploads\/2025\/10\/Javier-Milei-e-Donald-Trump_gettyimages.jpg","width":612,"height":408,"caption":"NEW YORK, NEW YORK - SEPTEMBER 23: U.S. President Donald Trump (R) shakes hands with President of Argentina Javier Milei during a bilateral meeting at the 80th session of the UN\u2019s General Assembly (UNGA) at the United Nations headquarters on September 23, 2025 in New York City. World leaders convened for the 80th Session of UNGA, with this year\u2019s theme for the annual global meeting being \u201cBetter together: 80 years and more for peace, development and human rights.\u201d (Photo by Chip Somodevilla\/Getty Images)"},{"@type":"BreadcrumbList","@id":"https:\/\/jornalfatosenoticias.com.br\/index.php\/2025\/10\/01\/milei-assina-decreto-que-autoriza-entrada-de-militares-dos-eua-na-argentina\/#breadcrumb","itemListElement":[{"@type":"ListItem","position":1,"name":"In\u00edcio","item":"https:\/\/jornalfatosenoticias.com.br\/"},{"@type":"ListItem","position":2,"name":"Milei assina decreto que autoriza entrada de militares dos EUA na Argentina"}]},{"@type":"WebSite","@id":"https:\/\/jornalfatosenoticias.com.br\/#website","url":"https:\/\/jornalfatosenoticias.com.br\/","name":"Jornal Fatos e Not\u00edcias","description":"Not\u00edcias em geral","publisher":{"@id":"https:\/\/jornalfatosenoticias.com.br\/#organization"},"potentialAction":[{"@type":"SearchAction","target":{"@type":"EntryPoint","urlTemplate":"https:\/\/jornalfatosenoticias.com.br\/?s={search_term_string}"},"query-input":{"@type":"PropertyValueSpecification","valueRequired":true,"valueName":"search_term_string"}}],"inLanguage":"pt-BR"},{"@type":"Organization","@id":"https:\/\/jornalfatosenoticias.com.br\/#organization","name":"Jornal Fatos e Not\u00edcias","url":"https:\/\/jornalfatosenoticias.com.br\/","logo":{"@type":"ImageObject","inLanguage":"pt-BR","@id":"https:\/\/jornalfatosenoticias.com.br\/#\/schema\/logo\/image\/","url":"https:\/\/jornalfatosenoticias.com.br\/wp-content\/uploads\/2020\/02\/logo120.png","contentUrl":"https:\/\/jornalfatosenoticias.com.br\/wp-content\/uploads\/2020\/02\/logo120.png","width":1227,"height":120,"caption":"Jornal Fatos e Not\u00edcias"},"image":{"@id":"https:\/\/jornalfatosenoticias.com.br\/#\/schema\/logo\/image\/"}},{"@type":"Person","@id":"https:\/\/jornalfatosenoticias.com.br\/#\/schema\/person\/d63837fa13ac8666eb9e74e0985d6f81","name":"Luzimara Fernandes","image":{"@type":"ImageObject","inLanguage":"pt-BR","@id":"https:\/\/jornalfatosenoticias.com.br\/#\/schema\/person\/image\/","url":"https:\/\/jornalfatosenoticias.com.br\/wp-content\/uploads\/2025\/05\/EU_portal.jpg","contentUrl":"https:\/\/jornalfatosenoticias.com.br\/wp-content\/uploads\/2025\/05\/EU_portal.jpg","caption":"Luzimara Fernandes"},"description":"Jornalista MTB 2358-ES","sameAs":["https:\/\/jornalfatosenoticias.com.br"],"url":"https:\/\/jornalfatosenoticias.com.br\/index.php\/author\/luzimara\/"}]}},"cc_featured_image_caption":{"caption_text":"(Foto: Getty Images)","source_text":"","source_url":""},"jetpack_featured_media_url":"https:\/\/jornalfatosenoticias.com.br\/wp-content\/uploads\/2025\/10\/Javier-Milei-e-Donald-Trump_gettyimages.jpg","_links":{"self":[{"href":"https:\/\/jornalfatosenoticias.com.br\/index.php\/wp-json\/wp\/v2\/posts\/62271","targetHints":{"allow":["GET"]}}],"collection":[{"href":"https:\/\/jornalfatosenoticias.com.br\/index.php\/wp-json\/wp\/v2\/posts"}],"about":[{"href":"https:\/\/jornalfatosenoticias.com.br\/index.php\/wp-json\/wp\/v2\/types\/post"}],"author":[{"embeddable":true,"href":"https:\/\/jornalfatosenoticias.com.br\/index.php\/wp-json\/wp\/v2\/users\/2"}],"replies":[{"embeddable":true,"href":"https:\/\/jornalfatosenoticias.com.br\/index.php\/wp-json\/wp\/v2\/comments?post=62271"}],"version-history":[{"count":0,"href":"https:\/\/jornalfatosenoticias.com.br\/index.php\/wp-json\/wp\/v2\/posts\/62271\/revisions"}],"wp:featuredmedia":[{"embeddable":true,"href":"https:\/\/jornalfatosenoticias.com.br\/index.php\/wp-json\/wp\/v2\/media\/62272"}],"wp:attachment":[{"href":"https:\/\/jornalfatosenoticias.com.br\/index.php\/wp-json\/wp\/v2\/media?parent=62271"}],"wp:term":[{"taxonomy":"category","embeddable":true,"href":"https:\/\/jornalfatosenoticias.com.br\/index.php\/wp-json\/wp\/v2\/categories?post=62271"},{"taxonomy":"post_tag","embeddable":true,"href":"https:\/\/jornalfatosenoticias.com.br\/index.php\/wp-json\/wp\/v2\/tags?post=62271"}],"curies":[{"name":"wp","href":"https:\/\/api.w.org\/{rel}","templated":true}]}}