{"id":62274,"date":"2025-10-01T12:12:17","date_gmt":"2025-10-01T15:12:17","guid":{"rendered":"https:\/\/jornalfatosenoticias.com.br\/?p=62274"},"modified":"2025-10-01T12:12:21","modified_gmt":"2025-10-01T15:12:21","slug":"po-extraido-de-plantas-tem-efeito-anti-inflamatorio-na-saude-bucal","status":"publish","type":"post","link":"https:\/\/jornalfatosenoticias.com.br\/index.php\/2025\/10\/01\/po-extraido-de-plantas-tem-efeito-anti-inflamatorio-na-saude-bucal\/","title":{"rendered":"P\u00f3 extra\u00eddo de plantas tem efeito anti-inflamat\u00f3rio na sa\u00fade bucal"},"content":{"rendered":"\n<p><em><span class=\"has-inline-color has-black-color\">Composto encontrado na folha da goiabeira, casca da ma\u00e7\u00e3 e do figo pode ser alternativa a antibi\u00f3ticos contra doen\u00e7as periodontais<\/span><\/em><\/p>\n\n\n\n<div class=\"wp-block-image\"><figure class=\"aligncenter size-large\"><a href=\"https:\/\/panper.com.br\/\"><img loading=\"lazy\" decoding=\"async\" width=\"1024\" height=\"111\" src=\"https:\/\/jornalfatosenoticias.com.br\/wp-content\/uploads\/2020\/02\/WhatsApp-Image-2022-09-23-at-12.09.18-1024x111.jpeg\" alt=\"\" class=\"wp-image-34527\" srcset=\"https:\/\/jornalfatosenoticias.com.br\/wp-content\/uploads\/2020\/02\/WhatsApp-Image-2022-09-23-at-12.09.18-1024x111.jpeg 1024w, https:\/\/jornalfatosenoticias.com.br\/wp-content\/uploads\/2020\/02\/WhatsApp-Image-2022-09-23-at-12.09.18-300x32.jpeg 300w, https:\/\/jornalfatosenoticias.com.br\/wp-content\/uploads\/2020\/02\/WhatsApp-Image-2022-09-23-at-12.09.18-768x83.jpeg 768w, https:\/\/jornalfatosenoticias.com.br\/wp-content\/uploads\/2020\/02\/WhatsApp-Image-2022-09-23-at-12.09.18.jpeg 1121w\" sizes=\"auto, (max-width: 1024px) 100vw, 1024px\" \/><\/a><\/figure><\/div>\n\n\n\n<p>Pesquisadores da Faculdade de Odontologia da Universidade Estadual Paulista (Unesp) identificaram que a morina, um composto natural extra\u00eddo de plantas como a folha da goiabeira, a casca da ma\u00e7\u00e3 e o figo, possui a\u00e7\u00e3o antimicrobiana, anti-inflamat\u00f3ria e antioxidante contra bact\u00e9rias associadas \u00e0 doen\u00e7a periodontal, que inclui a gengivite e a periodontite.<br>O composto foi testado in vitro em laborat\u00f3rio, em um modelo que simula o ambiente da gengiva infectada. Os resultados apontam que a morina pode se tornar uma alternativa natural aos antibi\u00f3ticos em tratamentos n\u00e3o cir\u00fargicos da doen\u00e7a, com aplica\u00e7\u00e3o controlada por meio de pol\u00edmeros. Essa abordagem abre caminho para novos tratamentos naturais para gengivite e inflama\u00e7\u00f5es bucais.<br>Os resultados foram <a href=\"https:\/\/www.sciencedirect.com\/science\/article\/abs\/pii\/S0003996925001712\" target=\"_blank\" rel=\"noreferrer noopener\"><strong>publicados<\/strong><\/a>\u00a0nos\u00a0<em>Archives of Oral Biology<\/em>. O estudo foi realizado por\u00a0<a href=\"https:\/\/bv.fapesp.br\/pt\/pesquisador\/712299\/luciana-solera-sales\/\" target=\"_blank\" rel=\"noreferrer noopener\"><strong>Luciana Solera Sales<\/strong><\/a>\u00a0durante o doutorado na Faculdade de Odontologia da Unesp, campus de Araraquara, sob a orienta\u00e7\u00e3o de\u00a0<a href=\"https:\/\/bv.fapesp.br\/pt\/pesquisador\/39385\/fernanda-lourencao-brighenti\/\" target=\"_blank\" rel=\"noreferrer noopener\"><strong>Fernanda Louren\u00e7\u00e3o Brighenti<\/strong><\/a>\u00a0com apoio Fapesp (<a href=\"https:\/\/bv.fapesp.br\/pt\/bolsas\/195203\/sistemas-multiparticulados-mucoadesivos-para-liberacao-controlada-de-substancias-naturais\/\" target=\"_blank\" rel=\"noreferrer noopener\"><strong>doutorado<\/strong><\/a>\u00a0e\u00a0<a href=\"https:\/\/bv.fapesp.br\/pt\/bolsas\/202000\/avaliacao-anti-inflamatoria-antioxidante-e-antimicrobiana-do-sistema-multiparticulado-mucoadesivo-co\/\" target=\"_blank\" rel=\"noreferrer noopener\"><strong>est\u00e1gio de pesquisa no exterior<\/strong><\/a>).<\/p>\n\n\n\n<div class=\"wp-block-image\"><figure class=\"aligncenter size-large is-resized\"><a href=\"https:\/\/www.instagram.com\/restaurantepegoretti\/\"><img loading=\"lazy\" decoding=\"async\" src=\"https:\/\/jornalfatosenoticias.com.br\/wp-content\/uploads\/2023\/12\/pegoretti-logo-pdf-1024x389.jpg\" alt=\"\" class=\"wp-image-47536\" width=\"488\" height=\"185\" srcset=\"https:\/\/jornalfatosenoticias.com.br\/wp-content\/uploads\/2023\/12\/pegoretti-logo-pdf-1024x389.jpg 1024w, https:\/\/jornalfatosenoticias.com.br\/wp-content\/uploads\/2023\/12\/pegoretti-logo-pdf-300x114.jpg 300w, https:\/\/jornalfatosenoticias.com.br\/wp-content\/uploads\/2023\/12\/pegoretti-logo-pdf-768x291.jpg 768w, https:\/\/jornalfatosenoticias.com.br\/wp-content\/uploads\/2023\/12\/pegoretti-logo-pdf.jpg 1120w\" sizes=\"auto, (max-width: 488px) 100vw, 488px\" \/><\/a><\/figure><\/div>\n\n\n\n<p>A pesquisa tamb\u00e9m contou com a participa\u00e7\u00e3o de Andr\u00e9ia Bagliotti Meneguin, da Faculdade de Ci\u00eancias Farmac\u00eauticas (FCFAR) da Unesp de Araraquara, Hernane da Silva Barud, da Universidade de Araraquara (Uniara) e Michael Robert Milward, da Faculdade de Odontologia da Universidade de Birmingham, na Inglaterra.<\/p>\n\n\n\n<div class=\"wp-block-image\"><figure class=\"aligncenter size-large\"><a href=\"https:\/\/www.cesconetto.com.br\/\"><img loading=\"lazy\" decoding=\"async\" width=\"300\" height=\"250\" src=\"https:\/\/jornalfatosenoticias.com.br\/wp-content\/uploads\/2022\/02\/Banner-2.png\" alt=\"\" class=\"wp-image-27877\"\/><\/a><\/figure><\/div>\n\n\n\n<blockquote class=\"wp-block-quote is-layout-flow wp-block-quote-is-layout-flow\"><p><span class=\"has-inline-color has-luminous-vivid-orange-color\">Nesse momento a gente tem um p\u00f3 fino, obtido por secagem por aspers\u00e3o, que \u00e9 o mesmo equipamento utilizado para fazer leite em p\u00f3, que pode ser utilizado para compor diversos tipos de produtos de higiene bucal. A ideia \u00e9 fornecer uma plataforma que aja de maneira coadjuvante e que possa ser \u00fatil, por exemplo, para pessoas que t\u00eam motricidade reduzida, que n\u00e3o conseguem escovar os dentes adequadamente, como idosos e pacientes com necessidades especiais\u201d, diz Brighenti.<\/span><\/p><\/blockquote>\n\n\n\n<div class=\"wp-block-image\"><figure class=\"aligncenter size-large is-resized\"><a href=\"https:\/\/www.instagram.com\/rcradiadores\/\"><img loading=\"lazy\" decoding=\"async\" src=\"https:\/\/jornalfatosenoticias.com.br\/wp-content\/uploads\/2022\/10\/RC_800x750_page-0001.jpg\" alt=\"\" class=\"wp-image-35338\" width=\"322\" height=\"302\" srcset=\"https:\/\/jornalfatosenoticias.com.br\/wp-content\/uploads\/2022\/10\/RC_800x750_page-0001.jpg 400w, https:\/\/jornalfatosenoticias.com.br\/wp-content\/uploads\/2022\/10\/RC_800x750_page-0001-300x281.jpg 300w\" sizes=\"auto, (max-width: 322px) 100vw, 322px\" \/><\/a><\/figure><\/div>\n\n\n\n<p><strong><span class=\"has-inline-color has-black-color\">Morina<br><\/span><\/strong>A morina foi escolhida por ser um composto natural, barato e de f\u00e1cil acesso. \u201cA morina \u00e9 um flavonoide, ela pode ser obtida a partir de v\u00e1rias frutas. Mas n\u00e3o adianta s\u00f3 comer, \u00e9 preciso processar a subst\u00e2ncia. A ideia \u00e9 aproveitar esse composto natural, os seus benef\u00edcios, as suas vantagens, e transformar tudo isso para que possa ser utilizado para prevenir e tratar a c\u00e1rie e a doen\u00e7a periodontal\u201d, destaca Sales.<\/p>\n\n\n\n<div class=\"wp-block-image\"><figure class=\"aligncenter size-large is-resized\"><a href=\"https:\/\/www.controlsystems.com.br\/\"><img loading=\"lazy\" decoding=\"async\" src=\"https:\/\/jornalfatosenoticias.com.br\/wp-content\/uploads\/2020\/02\/CONTROL-CS.jpg\" alt=\"\" class=\"wp-image-44991\" width=\"267\" height=\"320\" srcset=\"https:\/\/jornalfatosenoticias.com.br\/wp-content\/uploads\/2020\/02\/CONTROL-CS.jpg 834w, https:\/\/jornalfatosenoticias.com.br\/wp-content\/uploads\/2020\/02\/CONTROL-CS-250x300.jpg 250w, https:\/\/jornalfatosenoticias.com.br\/wp-content\/uploads\/2020\/02\/CONTROL-CS-768x921.jpg 768w\" sizes=\"auto, (max-width: 267px) 100vw, 267px\" \/><\/a><\/figure><\/div>\n\n\n\n<p>Dentro do grupo de pesquisa, Brighenti vem desenvolvendo, com outros pesquisadores, o que chama de plataformas para que diferentes tipos de subst\u00e2ncias possam agir nas doen\u00e7as que est\u00e3o sendo estudadas atualmente. De acordo com Brighenti, isso \u00e9 necess\u00e1rio porque geralmente os produtos naturais n\u00e3o apresentam uma boa dissolu\u00e7\u00e3o na \u00e1gua.<\/p>\n\n\n\n<div class=\"wp-block-image\"><figure class=\"aligncenter size-large is-resized\"><a href=\"https:\/\/www.instagram.com\/esteio.churrascaria\/\"><img loading=\"lazy\" decoding=\"async\" src=\"https:\/\/jornalfatosenoticias.com.br\/wp-content\/uploads\/2022\/02\/LOGO-ESTEIO-1024x730.png\" alt=\"\" class=\"wp-image-27942\" width=\"337\" height=\"240\" srcset=\"https:\/\/jornalfatosenoticias.com.br\/wp-content\/uploads\/2022\/02\/LOGO-ESTEIO-1024x730.png 1024w, https:\/\/jornalfatosenoticias.com.br\/wp-content\/uploads\/2022\/02\/LOGO-ESTEIO-300x214.png 300w, https:\/\/jornalfatosenoticias.com.br\/wp-content\/uploads\/2022\/02\/LOGO-ESTEIO-768x548.png 768w, https:\/\/jornalfatosenoticias.com.br\/wp-content\/uploads\/2022\/02\/LOGO-ESTEIO.png 1123w\" sizes=\"auto, (max-width: 337px) 100vw, 337px\" \/><\/a><\/figure><\/div>\n\n\n\n<blockquote class=\"wp-block-quote is-layout-flow wp-block-quote-is-layout-flow\"><p><span class=\"has-inline-color has-luminous-vivid-orange-color\">N\u00f3s temos um fluxo salivar constante. Produzimos, em m\u00e9dia, um mililitro de saliva por minuto. Qualquer coisa que colocamos na boca \u00e9 rapidamente removida pela saliva, especialmente porque tem cheiro, tem gosto, e isso estimula o fluxo salivar. Quando temos alguma coisa que gruda tanto na mucosa da boca, na parte de dentro da nossa bochecha, quanto nos dentes, isso nos d\u00e1 uma vantagem adicional. E essa libera\u00e7\u00e3o controlada tamb\u00e9m nos ajuda no controle da toxicidade e da estabilidade da subst\u00e2ncia\u201d, explica a professora.<\/span><\/p><\/blockquote>\n\n\n\n<div class=\"wp-block-image\"><figure class=\"aligncenter size-large is-resized\"><a href=\"https:\/\/www.instagram.com\/serra4x4cambioautomatico\/\"><img loading=\"lazy\" decoding=\"async\" src=\"https:\/\/jornalfatosenoticias.com.br\/wp-content\/uploads\/2024\/08\/Serra-4x4-1-886x1024.jpg\" alt=\"\" class=\"wp-image-53632\" width=\"269\" height=\"310\" srcset=\"https:\/\/jornalfatosenoticias.com.br\/wp-content\/uploads\/2024\/08\/Serra-4x4-1-886x1024.jpg 886w, https:\/\/jornalfatosenoticias.com.br\/wp-content\/uploads\/2024\/08\/Serra-4x4-1-260x300.jpg 260w, https:\/\/jornalfatosenoticias.com.br\/wp-content\/uploads\/2024\/08\/Serra-4x4-1-768x888.jpg 768w, https:\/\/jornalfatosenoticias.com.br\/wp-content\/uploads\/2024\/08\/Serra-4x4-1.jpg 1181w\" sizes=\"auto, (max-width: 269px) 100vw, 269px\" \/><\/a><\/figure><\/div>\n\n\n\n<p>No caso da morina, o desafio foi justamente tentar otimizar o que o grupo j\u00e1 tinha desenvolvido at\u00e9 aqui, deixando mais agrad\u00e1veis alguns aspectos para os poss\u00edveis pacientes e, ao mesmo tempo, desenvolvendo algo que pudesse ser escalon\u00e1vel para a ind\u00fastria futuramente. \u201cA gente visa tamb\u00e9m trazer uma alternativa aos produtos que est\u00e3o atualmente dispon\u00edveis no mercado e que n\u00e3o atendem \u00e0 demanda, porque t\u00eam alguns efeitos colaterais relatados pelos pacientes, como a altera\u00e7\u00e3o do paladar e o aumento da deposi\u00e7\u00e3o do t\u00e1rtaro, al\u00e9m de manchas nos dentes com o uso prolongado\u201d, complementa Brighenti.<\/p>\n\n\n\n<div class=\"wp-block-image\"><figure class=\"aligncenter size-large\"><a href=\"http:\/\/www.ferrarimaquinas.com.br\/\"><img loading=\"lazy\" decoding=\"async\" width=\"300\" height=\"250\" src=\"https:\/\/jornalfatosenoticias.com.br\/wp-content\/uploads\/2022\/02\/FERRARI_MAQUINAS-E-FERRAMENTAS2.jpg\" alt=\"\" class=\"wp-image-27860\"\/><\/a><\/figure><\/div>\n\n\n\n<blockquote class=\"wp-block-quote is-layout-flow wp-block-quote-is-layout-flow\"><p><span class=\"has-inline-color has-luminous-vivid-orange-color\">N\u00f3s come\u00e7amos a desenvolver esses sistemas na forma de comprimidos, filmes e micropart\u00edculas. Mas, at\u00e9 ent\u00e3o, eram muito grandes, invi\u00e1veis para o uso oral. No meu doutorado n\u00f3s tentamos melhorar esses produtos, tentando deix\u00e1-los menores. Por isso desenvolvi esse formato, que se parece com um leite em p\u00f3. Eu preparava uma solu\u00e7\u00e3o contendo alginato de s\u00f3dio e goma gelana para encapsular a morina em um sistema de libera\u00e7\u00e3o controlada, que j\u00e1 \u00e9 muito utilizado para f\u00e1rmacos, mas ainda n\u00e3o \u00e9 muito utilizado na odontologia\u201d, explica Sales.<\/span><\/p><\/blockquote>\n\n\n\n<div class=\"wp-block-image\"><figure class=\"aligncenter size-large is-resized\"><a href=\"https:\/\/legisjuris.com.br\/\"><img loading=\"lazy\" decoding=\"async\" src=\"https:\/\/jornalfatosenoticias.com.br\/wp-content\/uploads\/2024\/09\/Legis-Juris-Consultoria_logo.jpg\" alt=\"\" class=\"wp-image-53915\" width=\"496\" height=\"208\" srcset=\"https:\/\/jornalfatosenoticias.com.br\/wp-content\/uploads\/2024\/09\/Legis-Juris-Consultoria_logo.jpg 969w, https:\/\/jornalfatosenoticias.com.br\/wp-content\/uploads\/2024\/09\/Legis-Juris-Consultoria_logo-300x126.jpg 300w, https:\/\/jornalfatosenoticias.com.br\/wp-content\/uploads\/2024\/09\/Legis-Juris-Consultoria_logo-768x322.jpg 768w\" sizes=\"auto, (max-width: 496px) 100vw, 496px\" \/><\/a><\/figure><\/div>\n\n\n\n<p><strong><span class=\"has-inline-color has-black-color\">Doen\u00e7a periodontal<br><\/span><\/strong>A doen\u00e7a periodontal acontece quando h\u00e1 o ac\u00famulo do biofilme ou da placa bacteriana, uma pel\u00edcula pegajosa formada por bact\u00e9rias e res\u00edduos de alimentos que se depositam sobre os dentes. A periodontite, a forma grave da doen\u00e7a periodontal, \u00e9 considerada a sexta condi\u00e7\u00e3o cr\u00f4nica que mais ocorre no mundo. Nos casos leves, pode haver sangramento. Conforme a doen\u00e7a avan\u00e7a, pode ocorrer at\u00e9 a perda dos dentes. <\/p>\n\n\n\n<div class=\"wp-block-image\"><figure class=\"aligncenter size-large is-resized\"><a href=\"https:\/\/www.instagram.com\/gruposei\/\"><img loading=\"lazy\" decoding=\"async\" src=\"https:\/\/jornalfatosenoticias.com.br\/wp-content\/uploads\/2022\/07\/Logo-Grupo-SEI.jpg\" alt=\"\" class=\"wp-image-31973\" width=\"421\" height=\"221\" srcset=\"https:\/\/jornalfatosenoticias.com.br\/wp-content\/uploads\/2022\/07\/Logo-Grupo-SEI.jpg 713w, https:\/\/jornalfatosenoticias.com.br\/wp-content\/uploads\/2022\/07\/Logo-Grupo-SEI-300x158.jpg 300w\" sizes=\"auto, (max-width: 421px) 100vw, 421px\" \/><\/a><\/figure><\/div>\n\n\n\n<p>Quando a higiene bucal \u00e9 feita da maneira adequada, com escova\u00e7\u00e3o, uso do fio dental e pasta de dente com fl\u00faor, esse risco diminui de forma consider\u00e1vel. De acordo com dados da Organiza\u00e7\u00e3o Mundial da Sa\u00fade (OMS) de 2022, quase metade (45%) da popula\u00e7\u00e3o mundial sofre com doen\u00e7as bucais \u2014 cerca de 3,5 bilh\u00f5es de pessoas. Segundo as pesquisadoras, os pr\u00f3ximos passos ser\u00e3o continuar testando a morina primeiro em modelo animal e, depois, em estudos cl\u00ednicos, para testar outras propriedades. <\/p>\n\n\n\n<div class=\"wp-block-image\"><figure class=\"aligncenter size-large is-resized\"><a href=\"https:\/\/www.facebook.com\/postobkr\/?locale=pt_BR\"><img loading=\"lazy\" decoding=\"async\" src=\"https:\/\/jornalfatosenoticias.com.br\/wp-content\/uploads\/2023\/08\/BKR-1024x1021.jpg\" alt=\"\" class=\"wp-image-44494\" width=\"306\" height=\"305\" srcset=\"https:\/\/jornalfatosenoticias.com.br\/wp-content\/uploads\/2023\/08\/BKR-1024x1021.jpg 1024w, https:\/\/jornalfatosenoticias.com.br\/wp-content\/uploads\/2023\/08\/BKR-300x300.jpg 300w, https:\/\/jornalfatosenoticias.com.br\/wp-content\/uploads\/2023\/08\/BKR-150x150.jpg 150w, https:\/\/jornalfatosenoticias.com.br\/wp-content\/uploads\/2023\/08\/BKR-768x766.jpg 768w, https:\/\/jornalfatosenoticias.com.br\/wp-content\/uploads\/2023\/08\/BKR.jpg 1080w\" sizes=\"auto, (max-width: 306px) 100vw, 306px\" \/><\/a><\/figure><\/div>\n\n\n\n<blockquote class=\"wp-block-quote is-layout-flow wp-block-quote-is-layout-flow\"><p><span class=\"has-inline-color has-luminous-vivid-orange-color\">Observamos, a olho nu, que o biofilme in vitro tratado com a morina em laborat\u00f3rio fica menos corado do que quando \u00e9 tratado na sua forma livre. Ent\u00e3o, \u00e9 poss\u00edvel que haja uma vantagem, que esse sistema ajude a impedir a descolora\u00e7\u00e3o do dente. Tamb\u00e9m precisamos testar, por exemplo, se a morina mant\u00e9m o equil\u00edbrio da cavidade bucal, porque n\u00e3o queremos eliminar todas as bact\u00e9rias da boca dos pacientes\u201d, afirma Brighenti.<\/span><\/p><\/blockquote>\n\n\n\n<div class=\"wp-block-image\"><figure class=\"aligncenter size-large is-resized\"><a href=\"https:\/\/www.facebook.com\/vetor.vix\/\"><img loading=\"lazy\" decoding=\"async\" src=\"https:\/\/jornalfatosenoticias.com.br\/wp-content\/uploads\/2023\/09\/vetorvix1024_1.jpg\" alt=\"\" class=\"wp-image-44868\" width=\"543\" height=\"144\" srcset=\"https:\/\/jornalfatosenoticias.com.br\/wp-content\/uploads\/2023\/09\/vetorvix1024_1.jpg 1024w, https:\/\/jornalfatosenoticias.com.br\/wp-content\/uploads\/2023\/09\/vetorvix1024_1-300x80.jpg 300w, https:\/\/jornalfatosenoticias.com.br\/wp-content\/uploads\/2023\/09\/vetorvix1024_1-768x205.jpg 768w\" sizes=\"auto, (max-width: 543px) 100vw, 543px\" \/><\/a><\/figure><\/div>\n\n\n\n<p>Confira o\u00a0artigo\u00a0<em><a href=\"https:\/\/www.sciencedirect.com\/science\/article\/abs\/pii\/S0003996925001712\" target=\"_blank\" rel=\"noreferrer noopener\">Anti-inflammatory, antioxidant, and antimicrobial evaluation of morin<\/a>.<\/em><\/p>\n\n\n\n<p><strong>Fonte: <a href=\"https:\/\/ciclovivo.com.br\/inovacao\/inspiracao\/po-extraido-de-plantas-tem-efeito-anti-inflamatorio-na-saude-bucal\/\">CicloVivo<\/a><\/strong><\/p>\n","protected":false},"excerpt":{"rendered":"<p>Composto encontrado na folha da goiabeira, casca da ma\u00e7\u00e3 e do figo pode ser alternativa a antibi\u00f3ticos contra doen\u00e7as periodontais Pesquisadores da Faculdade de Odontologia da Universidade Estadual Paulista (Unesp) identificaram que a morina, um composto natural extra\u00eddo de plantas como a folha da goiabeira, a casca da ma\u00e7\u00e3 e o figo, possui a\u00e7\u00e3o antimicrobiana, [&hellip;]<\/p>\n","protected":false},"author":2,"featured_media":62275,"comment_status":"open","ping_status":"open","sticky":false,"template":"","format":"standard","meta":{"footnotes":""},"categories":[11],"tags":[4308,28402,2900,55,28403,9352],"class_list":["post-62274","post","type-post","status-publish","format-standard","has-post-thumbnail","hentry","category-saude","tag-anti-inflamatorio","tag-antimicrobiana","tag-antioxidante","tag-bacterias","tag-morina","tag-saude-bucal"],"yoast_head":"<!-- This site is optimized with the Yoast SEO plugin v26.5 - https:\/\/yoast.com\/wordpress\/plugins\/seo\/ -->\n<title>P\u00f3 extra\u00eddo de plantas tem efeito anti-inflamat\u00f3rio na sa\u00fade bucal - Jornal Fatos e Not\u00edcias<\/title>\n<meta name=\"robots\" content=\"index, follow, max-snippet:-1, max-image-preview:large, max-video-preview:-1\" \/>\n<link rel=\"canonical\" href=\"https:\/\/jornalfatosenoticias.com.br\/index.php\/2025\/10\/01\/po-extraido-de-plantas-tem-efeito-anti-inflamatorio-na-saude-bucal\/\" \/>\n<meta property=\"og:locale\" content=\"pt_BR\" \/>\n<meta property=\"og:type\" content=\"article\" \/>\n<meta property=\"og:title\" content=\"P\u00f3 extra\u00eddo de plantas tem efeito anti-inflamat\u00f3rio na sa\u00fade bucal - Jornal Fatos e Not\u00edcias\" \/>\n<meta property=\"og:description\" content=\"Composto encontrado na folha da goiabeira, casca da ma\u00e7\u00e3 e do figo pode ser alternativa a antibi\u00f3ticos contra doen\u00e7as periodontais Pesquisadores da Faculdade de Odontologia da Universidade Estadual Paulista (Unesp) identificaram que a morina, um composto natural extra\u00eddo de plantas como a folha da goiabeira, a casca da ma\u00e7\u00e3 e o figo, possui a\u00e7\u00e3o antimicrobiana, [&hellip;]\" \/>\n<meta property=\"og:url\" content=\"https:\/\/jornalfatosenoticias.com.br\/index.php\/2025\/10\/01\/po-extraido-de-plantas-tem-efeito-anti-inflamatorio-na-saude-bucal\/\" \/>\n<meta property=\"og:site_name\" content=\"Jornal Fatos e Not\u00edcias\" \/>\n<meta property=\"article:published_time\" content=\"2025-10-01T15:12:17+00:00\" \/>\n<meta property=\"article:modified_time\" content=\"2025-10-01T15:12:21+00:00\" \/>\n<meta property=\"og:image\" content=\"https:\/\/jornalfatosenoticias.com.br\/wp-content\/uploads\/2025\/10\/Po-extraido-de-plantas-tem-efeito-anti-inflamatorio-na-saude-bucal_istock.jpg\" \/>\n\t<meta property=\"og:image:width\" content=\"612\" \/>\n\t<meta property=\"og:image:height\" content=\"408\" \/>\n\t<meta property=\"og:image:type\" content=\"image\/jpeg\" \/>\n<meta name=\"author\" content=\"Luzimara Fernandes\" \/>\n<meta name=\"twitter:card\" content=\"summary_large_image\" \/>\n<meta name=\"twitter:label1\" content=\"Escrito por\" \/>\n\t<meta name=\"twitter:data1\" content=\"Luzimara Fernandes\" \/>\n\t<meta name=\"twitter:label2\" content=\"Est. tempo de leitura\" \/>\n\t<meta name=\"twitter:data2\" content=\"5 minutos\" \/>\n<script type=\"application\/ld+json\" class=\"yoast-schema-graph\">{\"@context\":\"https:\/\/schema.org\",\"@graph\":[{\"@type\":\"Article\",\"@id\":\"https:\/\/jornalfatosenoticias.com.br\/index.php\/2025\/10\/01\/po-extraido-de-plantas-tem-efeito-anti-inflamatorio-na-saude-bucal\/#article\",\"isPartOf\":{\"@id\":\"https:\/\/jornalfatosenoticias.com.br\/index.php\/2025\/10\/01\/po-extraido-de-plantas-tem-efeito-anti-inflamatorio-na-saude-bucal\/\"},\"author\":{\"name\":\"Luzimara Fernandes\",\"@id\":\"https:\/\/jornalfatosenoticias.com.br\/#\/schema\/person\/d63837fa13ac8666eb9e74e0985d6f81\"},\"headline\":\"P\u00f3 extra\u00eddo de plantas tem efeito anti-inflamat\u00f3rio na sa\u00fade bucal\",\"datePublished\":\"2025-10-01T15:12:17+00:00\",\"dateModified\":\"2025-10-01T15:12:21+00:00\",\"mainEntityOfPage\":{\"@id\":\"https:\/\/jornalfatosenoticias.com.br\/index.php\/2025\/10\/01\/po-extraido-de-plantas-tem-efeito-anti-inflamatorio-na-saude-bucal\/\"},\"wordCount\":1008,\"commentCount\":0,\"publisher\":{\"@id\":\"https:\/\/jornalfatosenoticias.com.br\/#organization\"},\"image\":{\"@id\":\"https:\/\/jornalfatosenoticias.com.br\/index.php\/2025\/10\/01\/po-extraido-de-plantas-tem-efeito-anti-inflamatorio-na-saude-bucal\/#primaryimage\"},\"thumbnailUrl\":\"https:\/\/jornalfatosenoticias.com.br\/wp-content\/uploads\/2025\/10\/Po-extraido-de-plantas-tem-efeito-anti-inflamatorio-na-saude-bucal_istock.jpg\",\"keywords\":[\"anti-inflamat\u00f3rio\",\"antimicrobiana\",\"antioxidante\",\"bact\u00e9rias\",\"morina\",\"sa\u00fade bucal\"],\"articleSection\":[\"Sa\u00fade\"],\"inLanguage\":\"pt-BR\",\"potentialAction\":[{\"@type\":\"CommentAction\",\"name\":\"Comment\",\"target\":[\"https:\/\/jornalfatosenoticias.com.br\/index.php\/2025\/10\/01\/po-extraido-de-plantas-tem-efeito-anti-inflamatorio-na-saude-bucal\/#respond\"]}]},{\"@type\":\"WebPage\",\"@id\":\"https:\/\/jornalfatosenoticias.com.br\/index.php\/2025\/10\/01\/po-extraido-de-plantas-tem-efeito-anti-inflamatorio-na-saude-bucal\/\",\"url\":\"https:\/\/jornalfatosenoticias.com.br\/index.php\/2025\/10\/01\/po-extraido-de-plantas-tem-efeito-anti-inflamatorio-na-saude-bucal\/\",\"name\":\"P\u00f3 extra\u00eddo de plantas tem efeito anti-inflamat\u00f3rio na sa\u00fade bucal - Jornal Fatos e Not\u00edcias\",\"isPartOf\":{\"@id\":\"https:\/\/jornalfatosenoticias.com.br\/#website\"},\"primaryImageOfPage\":{\"@id\":\"https:\/\/jornalfatosenoticias.com.br\/index.php\/2025\/10\/01\/po-extraido-de-plantas-tem-efeito-anti-inflamatorio-na-saude-bucal\/#primaryimage\"},\"image\":{\"@id\":\"https:\/\/jornalfatosenoticias.com.br\/index.php\/2025\/10\/01\/po-extraido-de-plantas-tem-efeito-anti-inflamatorio-na-saude-bucal\/#primaryimage\"},\"thumbnailUrl\":\"https:\/\/jornalfatosenoticias.com.br\/wp-content\/uploads\/2025\/10\/Po-extraido-de-plantas-tem-efeito-anti-inflamatorio-na-saude-bucal_istock.jpg\",\"datePublished\":\"2025-10-01T15:12:17+00:00\",\"dateModified\":\"2025-10-01T15:12:21+00:00\",\"breadcrumb\":{\"@id\":\"https:\/\/jornalfatosenoticias.com.br\/index.php\/2025\/10\/01\/po-extraido-de-plantas-tem-efeito-anti-inflamatorio-na-saude-bucal\/#breadcrumb\"},\"inLanguage\":\"pt-BR\",\"potentialAction\":[{\"@type\":\"ReadAction\",\"target\":[\"https:\/\/jornalfatosenoticias.com.br\/index.php\/2025\/10\/01\/po-extraido-de-plantas-tem-efeito-anti-inflamatorio-na-saude-bucal\/\"]}]},{\"@type\":\"ImageObject\",\"inLanguage\":\"pt-BR\",\"@id\":\"https:\/\/jornalfatosenoticias.com.br\/index.php\/2025\/10\/01\/po-extraido-de-plantas-tem-efeito-anti-inflamatorio-na-saude-bucal\/#primaryimage\",\"url\":\"https:\/\/jornalfatosenoticias.com.br\/wp-content\/uploads\/2025\/10\/Po-extraido-de-plantas-tem-efeito-anti-inflamatorio-na-saude-bucal_istock.jpg\",\"contentUrl\":\"https:\/\/jornalfatosenoticias.com.br\/wp-content\/uploads\/2025\/10\/Po-extraido-de-plantas-tem-efeito-anti-inflamatorio-na-saude-bucal_istock.jpg\",\"width\":612,\"height\":408,\"caption\":\"photo of flowers from guava fruit trees isolated on blue background\"},{\"@type\":\"BreadcrumbList\",\"@id\":\"https:\/\/jornalfatosenoticias.com.br\/index.php\/2025\/10\/01\/po-extraido-de-plantas-tem-efeito-anti-inflamatorio-na-saude-bucal\/#breadcrumb\",\"itemListElement\":[{\"@type\":\"ListItem\",\"position\":1,\"name\":\"In\u00edcio\",\"item\":\"https:\/\/jornalfatosenoticias.com.br\/\"},{\"@type\":\"ListItem\",\"position\":2,\"name\":\"P\u00f3 extra\u00eddo de plantas tem efeito anti-inflamat\u00f3rio na sa\u00fade bucal\"}]},{\"@type\":\"WebSite\",\"@id\":\"https:\/\/jornalfatosenoticias.com.br\/#website\",\"url\":\"https:\/\/jornalfatosenoticias.com.br\/\",\"name\":\"Jornal Fatos e Not\u00edcias\",\"description\":\"Not\u00edcias em geral\",\"publisher\":{\"@id\":\"https:\/\/jornalfatosenoticias.com.br\/#organization\"},\"potentialAction\":[{\"@type\":\"SearchAction\",\"target\":{\"@type\":\"EntryPoint\",\"urlTemplate\":\"https:\/\/jornalfatosenoticias.com.br\/?s={search_term_string}\"},\"query-input\":{\"@type\":\"PropertyValueSpecification\",\"valueRequired\":true,\"valueName\":\"search_term_string\"}}],\"inLanguage\":\"pt-BR\"},{\"@type\":\"Organization\",\"@id\":\"https:\/\/jornalfatosenoticias.com.br\/#organization\",\"name\":\"Jornal Fatos e Not\u00edcias\",\"url\":\"https:\/\/jornalfatosenoticias.com.br\/\",\"logo\":{\"@type\":\"ImageObject\",\"inLanguage\":\"pt-BR\",\"@id\":\"https:\/\/jornalfatosenoticias.com.br\/#\/schema\/logo\/image\/\",\"url\":\"https:\/\/jornalfatosenoticias.com.br\/wp-content\/uploads\/2020\/02\/logo120.png\",\"contentUrl\":\"https:\/\/jornalfatosenoticias.com.br\/wp-content\/uploads\/2020\/02\/logo120.png\",\"width\":1227,\"height\":120,\"caption\":\"Jornal Fatos e Not\u00edcias\"},\"image\":{\"@id\":\"https:\/\/jornalfatosenoticias.com.br\/#\/schema\/logo\/image\/\"}},{\"@type\":\"Person\",\"@id\":\"https:\/\/jornalfatosenoticias.com.br\/#\/schema\/person\/d63837fa13ac8666eb9e74e0985d6f81\",\"name\":\"Luzimara Fernandes\",\"image\":{\"@type\":\"ImageObject\",\"inLanguage\":\"pt-BR\",\"@id\":\"https:\/\/jornalfatosenoticias.com.br\/#\/schema\/person\/image\/\",\"url\":\"https:\/\/jornalfatosenoticias.com.br\/wp-content\/uploads\/2025\/05\/EU_portal.jpg\",\"contentUrl\":\"https:\/\/jornalfatosenoticias.com.br\/wp-content\/uploads\/2025\/05\/EU_portal.jpg\",\"caption\":\"Luzimara Fernandes\"},\"description\":\"Jornalista MTB 2358-ES\",\"sameAs\":[\"https:\/\/jornalfatosenoticias.com.br\"],\"url\":\"https:\/\/jornalfatosenoticias.com.br\/index.php\/author\/luzimara\/\"}]}<\/script>\n<!-- \/ Yoast SEO plugin. -->","yoast_head_json":{"title":"P\u00f3 extra\u00eddo de plantas tem efeito anti-inflamat\u00f3rio na sa\u00fade bucal - Jornal Fatos e Not\u00edcias","robots":{"index":"index","follow":"follow","max-snippet":"max-snippet:-1","max-image-preview":"max-image-preview:large","max-video-preview":"max-video-preview:-1"},"canonical":"https:\/\/jornalfatosenoticias.com.br\/index.php\/2025\/10\/01\/po-extraido-de-plantas-tem-efeito-anti-inflamatorio-na-saude-bucal\/","og_locale":"pt_BR","og_type":"article","og_title":"P\u00f3 extra\u00eddo de plantas tem efeito anti-inflamat\u00f3rio na sa\u00fade bucal - Jornal Fatos e Not\u00edcias","og_description":"Composto encontrado na folha da goiabeira, casca da ma\u00e7\u00e3 e do figo pode ser alternativa a antibi\u00f3ticos contra doen\u00e7as periodontais Pesquisadores da Faculdade de Odontologia da Universidade Estadual Paulista (Unesp) identificaram que a morina, um composto natural extra\u00eddo de plantas como a folha da goiabeira, a casca da ma\u00e7\u00e3 e o figo, possui a\u00e7\u00e3o antimicrobiana, [&hellip;]","og_url":"https:\/\/jornalfatosenoticias.com.br\/index.php\/2025\/10\/01\/po-extraido-de-plantas-tem-efeito-anti-inflamatorio-na-saude-bucal\/","og_site_name":"Jornal Fatos e Not\u00edcias","article_published_time":"2025-10-01T15:12:17+00:00","article_modified_time":"2025-10-01T15:12:21+00:00","og_image":[{"width":612,"height":408,"url":"https:\/\/jornalfatosenoticias.com.br\/wp-content\/uploads\/2025\/10\/Po-extraido-de-plantas-tem-efeito-anti-inflamatorio-na-saude-bucal_istock.jpg","type":"image\/jpeg"}],"author":"Luzimara Fernandes","twitter_card":"summary_large_image","twitter_misc":{"Escrito por":"Luzimara Fernandes","Est. tempo de leitura":"5 minutos"},"schema":{"@context":"https:\/\/schema.org","@graph":[{"@type":"Article","@id":"https:\/\/jornalfatosenoticias.com.br\/index.php\/2025\/10\/01\/po-extraido-de-plantas-tem-efeito-anti-inflamatorio-na-saude-bucal\/#article","isPartOf":{"@id":"https:\/\/jornalfatosenoticias.com.br\/index.php\/2025\/10\/01\/po-extraido-de-plantas-tem-efeito-anti-inflamatorio-na-saude-bucal\/"},"author":{"name":"Luzimara Fernandes","@id":"https:\/\/jornalfatosenoticias.com.br\/#\/schema\/person\/d63837fa13ac8666eb9e74e0985d6f81"},"headline":"P\u00f3 extra\u00eddo de plantas tem efeito anti-inflamat\u00f3rio na sa\u00fade bucal","datePublished":"2025-10-01T15:12:17+00:00","dateModified":"2025-10-01T15:12:21+00:00","mainEntityOfPage":{"@id":"https:\/\/jornalfatosenoticias.com.br\/index.php\/2025\/10\/01\/po-extraido-de-plantas-tem-efeito-anti-inflamatorio-na-saude-bucal\/"},"wordCount":1008,"commentCount":0,"publisher":{"@id":"https:\/\/jornalfatosenoticias.com.br\/#organization"},"image":{"@id":"https:\/\/jornalfatosenoticias.com.br\/index.php\/2025\/10\/01\/po-extraido-de-plantas-tem-efeito-anti-inflamatorio-na-saude-bucal\/#primaryimage"},"thumbnailUrl":"https:\/\/jornalfatosenoticias.com.br\/wp-content\/uploads\/2025\/10\/Po-extraido-de-plantas-tem-efeito-anti-inflamatorio-na-saude-bucal_istock.jpg","keywords":["anti-inflamat\u00f3rio","antimicrobiana","antioxidante","bact\u00e9rias","morina","sa\u00fade bucal"],"articleSection":["Sa\u00fade"],"inLanguage":"pt-BR","potentialAction":[{"@type":"CommentAction","name":"Comment","target":["https:\/\/jornalfatosenoticias.com.br\/index.php\/2025\/10\/01\/po-extraido-de-plantas-tem-efeito-anti-inflamatorio-na-saude-bucal\/#respond"]}]},{"@type":"WebPage","@id":"https:\/\/jornalfatosenoticias.com.br\/index.php\/2025\/10\/01\/po-extraido-de-plantas-tem-efeito-anti-inflamatorio-na-saude-bucal\/","url":"https:\/\/jornalfatosenoticias.com.br\/index.php\/2025\/10\/01\/po-extraido-de-plantas-tem-efeito-anti-inflamatorio-na-saude-bucal\/","name":"P\u00f3 extra\u00eddo de plantas tem efeito anti-inflamat\u00f3rio na sa\u00fade bucal - Jornal Fatos e Not\u00edcias","isPartOf":{"@id":"https:\/\/jornalfatosenoticias.com.br\/#website"},"primaryImageOfPage":{"@id":"https:\/\/jornalfatosenoticias.com.br\/index.php\/2025\/10\/01\/po-extraido-de-plantas-tem-efeito-anti-inflamatorio-na-saude-bucal\/#primaryimage"},"image":{"@id":"https:\/\/jornalfatosenoticias.com.br\/index.php\/2025\/10\/01\/po-extraido-de-plantas-tem-efeito-anti-inflamatorio-na-saude-bucal\/#primaryimage"},"thumbnailUrl":"https:\/\/jornalfatosenoticias.com.br\/wp-content\/uploads\/2025\/10\/Po-extraido-de-plantas-tem-efeito-anti-inflamatorio-na-saude-bucal_istock.jpg","datePublished":"2025-10-01T15:12:17+00:00","dateModified":"2025-10-01T15:12:21+00:00","breadcrumb":{"@id":"https:\/\/jornalfatosenoticias.com.br\/index.php\/2025\/10\/01\/po-extraido-de-plantas-tem-efeito-anti-inflamatorio-na-saude-bucal\/#breadcrumb"},"inLanguage":"pt-BR","potentialAction":[{"@type":"ReadAction","target":["https:\/\/jornalfatosenoticias.com.br\/index.php\/2025\/10\/01\/po-extraido-de-plantas-tem-efeito-anti-inflamatorio-na-saude-bucal\/"]}]},{"@type":"ImageObject","inLanguage":"pt-BR","@id":"https:\/\/jornalfatosenoticias.com.br\/index.php\/2025\/10\/01\/po-extraido-de-plantas-tem-efeito-anti-inflamatorio-na-saude-bucal\/#primaryimage","url":"https:\/\/jornalfatosenoticias.com.br\/wp-content\/uploads\/2025\/10\/Po-extraido-de-plantas-tem-efeito-anti-inflamatorio-na-saude-bucal_istock.jpg","contentUrl":"https:\/\/jornalfatosenoticias.com.br\/wp-content\/uploads\/2025\/10\/Po-extraido-de-plantas-tem-efeito-anti-inflamatorio-na-saude-bucal_istock.jpg","width":612,"height":408,"caption":"photo of flowers from guava fruit trees isolated on blue background"},{"@type":"BreadcrumbList","@id":"https:\/\/jornalfatosenoticias.com.br\/index.php\/2025\/10\/01\/po-extraido-de-plantas-tem-efeito-anti-inflamatorio-na-saude-bucal\/#breadcrumb","itemListElement":[{"@type":"ListItem","position":1,"name":"In\u00edcio","item":"https:\/\/jornalfatosenoticias.com.br\/"},{"@type":"ListItem","position":2,"name":"P\u00f3 extra\u00eddo de plantas tem efeito anti-inflamat\u00f3rio na sa\u00fade bucal"}]},{"@type":"WebSite","@id":"https:\/\/jornalfatosenoticias.com.br\/#website","url":"https:\/\/jornalfatosenoticias.com.br\/","name":"Jornal Fatos e Not\u00edcias","description":"Not\u00edcias em geral","publisher":{"@id":"https:\/\/jornalfatosenoticias.com.br\/#organization"},"potentialAction":[{"@type":"SearchAction","target":{"@type":"EntryPoint","urlTemplate":"https:\/\/jornalfatosenoticias.com.br\/?s={search_term_string}"},"query-input":{"@type":"PropertyValueSpecification","valueRequired":true,"valueName":"search_term_string"}}],"inLanguage":"pt-BR"},{"@type":"Organization","@id":"https:\/\/jornalfatosenoticias.com.br\/#organization","name":"Jornal Fatos e Not\u00edcias","url":"https:\/\/jornalfatosenoticias.com.br\/","logo":{"@type":"ImageObject","inLanguage":"pt-BR","@id":"https:\/\/jornalfatosenoticias.com.br\/#\/schema\/logo\/image\/","url":"https:\/\/jornalfatosenoticias.com.br\/wp-content\/uploads\/2020\/02\/logo120.png","contentUrl":"https:\/\/jornalfatosenoticias.com.br\/wp-content\/uploads\/2020\/02\/logo120.png","width":1227,"height":120,"caption":"Jornal Fatos e Not\u00edcias"},"image":{"@id":"https:\/\/jornalfatosenoticias.com.br\/#\/schema\/logo\/image\/"}},{"@type":"Person","@id":"https:\/\/jornalfatosenoticias.com.br\/#\/schema\/person\/d63837fa13ac8666eb9e74e0985d6f81","name":"Luzimara Fernandes","image":{"@type":"ImageObject","inLanguage":"pt-BR","@id":"https:\/\/jornalfatosenoticias.com.br\/#\/schema\/person\/image\/","url":"https:\/\/jornalfatosenoticias.com.br\/wp-content\/uploads\/2025\/05\/EU_portal.jpg","contentUrl":"https:\/\/jornalfatosenoticias.com.br\/wp-content\/uploads\/2025\/05\/EU_portal.jpg","caption":"Luzimara Fernandes"},"description":"Jornalista MTB 2358-ES","sameAs":["https:\/\/jornalfatosenoticias.com.br"],"url":"https:\/\/jornalfatosenoticias.com.br\/index.php\/author\/luzimara\/"}]}},"cc_featured_image_caption":{"caption_text":"Flor de goiabeira (Foto: iStock) ","source_text":"","source_url":""},"jetpack_featured_media_url":"https:\/\/jornalfatosenoticias.com.br\/wp-content\/uploads\/2025\/10\/Po-extraido-de-plantas-tem-efeito-anti-inflamatorio-na-saude-bucal_istock.jpg","_links":{"self":[{"href":"https:\/\/jornalfatosenoticias.com.br\/index.php\/wp-json\/wp\/v2\/posts\/62274","targetHints":{"allow":["GET"]}}],"collection":[{"href":"https:\/\/jornalfatosenoticias.com.br\/index.php\/wp-json\/wp\/v2\/posts"}],"about":[{"href":"https:\/\/jornalfatosenoticias.com.br\/index.php\/wp-json\/wp\/v2\/types\/post"}],"author":[{"embeddable":true,"href":"https:\/\/jornalfatosenoticias.com.br\/index.php\/wp-json\/wp\/v2\/users\/2"}],"replies":[{"embeddable":true,"href":"https:\/\/jornalfatosenoticias.com.br\/index.php\/wp-json\/wp\/v2\/comments?post=62274"}],"version-history":[{"count":0,"href":"https:\/\/jornalfatosenoticias.com.br\/index.php\/wp-json\/wp\/v2\/posts\/62274\/revisions"}],"wp:featuredmedia":[{"embeddable":true,"href":"https:\/\/jornalfatosenoticias.com.br\/index.php\/wp-json\/wp\/v2\/media\/62275"}],"wp:attachment":[{"href":"https:\/\/jornalfatosenoticias.com.br\/index.php\/wp-json\/wp\/v2\/media?parent=62274"}],"wp:term":[{"taxonomy":"category","embeddable":true,"href":"https:\/\/jornalfatosenoticias.com.br\/index.php\/wp-json\/wp\/v2\/categories?post=62274"},{"taxonomy":"post_tag","embeddable":true,"href":"https:\/\/jornalfatosenoticias.com.br\/index.php\/wp-json\/wp\/v2\/tags?post=62274"}],"curies":[{"name":"wp","href":"https:\/\/api.w.org\/{rel}","templated":true}]}}