{"id":62282,"date":"2025-10-01T12:40:59","date_gmt":"2025-10-01T15:40:59","guid":{"rendered":"https:\/\/jornalfatosenoticias.com.br\/?p=62282"},"modified":"2025-10-01T12:41:00","modified_gmt":"2025-10-01T15:41:00","slug":"menos-da-metade-das-escolas-publicas-brasileiras-esta-conectada-a-rede-de-esgoto","status":"publish","type":"post","link":"https:\/\/jornalfatosenoticias.com.br\/index.php\/2025\/10\/01\/menos-da-metade-das-escolas-publicas-brasileiras-esta-conectada-a-rede-de-esgoto\/","title":{"rendered":"Menos da metade das escolas p\u00fablicas brasileiras est\u00e1 conectada \u00e0 rede de esgoto"},"content":{"rendered":"\n<p><em><span class=\"has-inline-color has-black-color\">Anu\u00e1rio de Educa\u00e7\u00e3o B\u00e1sica 2025 mostra que falta de infraestrutura compromete aprendizagem e amplia desigualdades na educa\u00e7\u00e3o<\/span><\/em><\/p>\n\n\n\n<p><span class=\"has-inline-color has-black-color\">Por <strong>Maria Luiza Valeriano<\/strong><\/span><\/p>\n\n\n\n<div class=\"wp-block-image\"><figure class=\"aligncenter size-large\"><a href=\"https:\/\/mizu.com.br\/\"><img loading=\"lazy\" decoding=\"async\" width=\"729\" height=\"90\" src=\"https:\/\/jornalfatosenoticias.com.br\/wp-content\/uploads\/2020\/02\/Logo_Mizu.png\" alt=\"\" class=\"wp-image-1441\" srcset=\"https:\/\/jornalfatosenoticias.com.br\/wp-content\/uploads\/2020\/02\/Logo_Mizu.png 729w, https:\/\/jornalfatosenoticias.com.br\/wp-content\/uploads\/2020\/02\/Logo_Mizu-300x37.png 300w\" sizes=\"auto, (max-width: 729px) 100vw, 729px\" \/><\/a><\/figure><\/div>\n\n\n\n<p>Menos da metade das escolas p\u00fablicas brasileiras est\u00e1 conectada \u00e0 <a href=\"https:\/\/www.terra.com.br\/noticias\/brasil\/um-em-cada-4-brasileiros-nao-tem-acesso-a-coleta-de-esgoto,04becb438728673ffc1749d455f44de1q6tt6cm8.html\">rede de esgoto<\/a> (48,2%) e apenas 38,7% das salas de aula contam com algum tipo de climatiza\u00e7\u00e3o. Os dados, divulgados pelo Anu\u00e1rio Brasileiro da Educa\u00e7\u00e3o B\u00e1sica 2025, evidenciam que a precariedade estrutural vai al\u00e9m da aus\u00eancia de recursos pedag\u00f3gicos e afeta diretamente o processo de aprendizagem.<br>Daniele Mendes, coordenadora de Pol\u00edticas Educacionais da Todos Pela Educa\u00e7\u00e3o, explica ao Terra que os n\u00fameros revelam que a educa\u00e7\u00e3o est\u00e1 intrinsecamente ligada \u00e0s condi\u00e7\u00f5es sociais do Pa\u00eds. &#8220;A educa\u00e7\u00e3o n\u00e3o \u00e9 um mundo \u00e0 parte. Quando falamos que as escolas n\u00e3o t\u00eam esgotamento, estamos falando de territ\u00f3rios inteiros que n\u00e3o t\u00eam acesso a esse servi\u00e7o. Isso mostra que muitas escolas est\u00e3o em \u00e1reas de vulnerabilidade social, e isso precisa ser priorizado por pol\u00edticas p\u00fablicas&#8221;, afirma.<\/p>\n\n\n\n<div class=\"wp-block-image\"><figure class=\"aligncenter size-large\"><a href=\"https:\/\/www.cesconetto.com.br\/\"><img loading=\"lazy\" decoding=\"async\" width=\"300\" height=\"250\" src=\"https:\/\/jornalfatosenoticias.com.br\/wp-content\/uploads\/2020\/02\/Banner-2.png\" alt=\"\" class=\"wp-image-43787\"\/><\/a><\/figure><\/div>\n\n\n\n<p>Segundo o anu\u00e1rio, cerca de 95% das escolas p\u00fablicas contam com itens b\u00e1sicos como energia el\u00e9trica, \u00e1gua pot\u00e1vel e banheiros. Mas a aus\u00eancia de saneamento, climatiza\u00e7\u00e3o e bibliotecas compromete o ambiente escolar. <\/p>\n\n\n\n<blockquote class=\"wp-block-quote is-layout-flow wp-block-quote-is-layout-flow\"><p><span class=\"has-inline-color has-luminous-vivid-orange-color\">O aluno que est\u00e1 numa escola sem esgoto ou at\u00e9 mesmo sem \u00e1gua pot\u00e1vel tem seu bem-estar afetado. E se o bem-estar n\u00e3o est\u00e1 garantido, n\u00e3o h\u00e1 como ter a aten\u00e7\u00e3o e dedica\u00e7\u00e3o necess\u00e1rias ao processo de ensino-aprendizagem&#8221;, explica Mendes.<\/span><\/p><\/blockquote>\n\n\n\n<div class=\"wp-block-image\"><figure class=\"aligncenter size-large is-resized\"><a href=\"https:\/\/www.instagram.com\/esteio.churrascaria\/\"><img loading=\"lazy\" decoding=\"async\" src=\"https:\/\/jornalfatosenoticias.com.br\/wp-content\/uploads\/2022\/02\/LOGO-ESTEIO-1024x730.png\" alt=\"\" class=\"wp-image-27942\" width=\"355\" height=\"253\" srcset=\"https:\/\/jornalfatosenoticias.com.br\/wp-content\/uploads\/2022\/02\/LOGO-ESTEIO-1024x730.png 1024w, https:\/\/jornalfatosenoticias.com.br\/wp-content\/uploads\/2022\/02\/LOGO-ESTEIO-300x214.png 300w, https:\/\/jornalfatosenoticias.com.br\/wp-content\/uploads\/2022\/02\/LOGO-ESTEIO-768x548.png 768w, https:\/\/jornalfatosenoticias.com.br\/wp-content\/uploads\/2022\/02\/LOGO-ESTEIO.png 1123w\" sizes=\"auto, (max-width: 355px) 100vw, 355px\" \/><\/a><\/figure><\/div>\n\n\n\n<p>A coordenadora destaca ainda que infraestrutura escolar n\u00e3o se resume a laborat\u00f3rios ou bibliotecas: trata-se de condi\u00e7\u00f5es m\u00ednimas de conforto e sa\u00fade que impactam diretamente o desempenho. Pesquisas j\u00e1 apontam, por exemplo, que <a href=\"https:\/\/www.terra.com.br\/noticias\/brasil\/o-cotidiano-de-calor-nas-escolas-brasileiras-onde-grande-parte-das-salas-de-aula-nao-tem-ar-condicionado,a1b226fbba7ce74fd3576c78d5457d24il3q7aaw.html\">temperaturas elevadas reduzem o rendimento dos estudantes<\/a>. No Brasil, o Estado com menor estrutura \u00e9 Minas Gerais (11,7%), enquanto Rond\u00f4nia lidera com 91,4%.<\/p>\n\n\n\n<div class=\"wp-block-image\"><figure class=\"aligncenter size-large is-resized\"><a href=\"https:\/\/legisjuris.com.br\/\"><img loading=\"lazy\" decoding=\"async\" src=\"https:\/\/jornalfatosenoticias.com.br\/wp-content\/uploads\/2024\/09\/Legis-Juris-Consultoria_logo.jpg\" alt=\"\" class=\"wp-image-53915\" width=\"508\" height=\"213\" srcset=\"https:\/\/jornalfatosenoticias.com.br\/wp-content\/uploads\/2024\/09\/Legis-Juris-Consultoria_logo.jpg 969w, https:\/\/jornalfatosenoticias.com.br\/wp-content\/uploads\/2024\/09\/Legis-Juris-Consultoria_logo-300x126.jpg 300w, https:\/\/jornalfatosenoticias.com.br\/wp-content\/uploads\/2024\/09\/Legis-Juris-Consultoria_logo-768x322.jpg 768w\" sizes=\"auto, (max-width: 508px) 100vw, 508px\" \/><\/a><\/figure><\/div>\n\n\n\n<p><strong><span class=\"has-inline-color has-vivid-purple-color\">Desigualdade regional e social<br><\/span><\/strong>As disparidades se tornam ainda mais vis\u00edveis quando comparadas escolas urbanas e rurais. Enquanto 71,3% das escolas p\u00fablicas urbanas t\u00eam acesso a esgoto, apenas 8,8% das rurais contam com o servi\u00e7o. O acesso n\u00e3o avan\u00e7a quando se considera as escolas privadas rurais (9,1%). Em uma escala nacional, o cen\u00e1rio \u00e9 mais cr\u00edtico no Norte, onde o \u00edndice cai para 9,3%, com destaque negativo para o Amap\u00e1 (7,3%).<\/p>\n\n\n\n<div class=\"wp-block-image\"><figure class=\"aligncenter size-large is-resized\"><a href=\"https:\/\/www.instagram.com\/serra4x4cambioautomatico\/\"><img loading=\"lazy\" decoding=\"async\" src=\"https:\/\/jornalfatosenoticias.com.br\/wp-content\/uploads\/2024\/08\/Serra-4x4-1-886x1024.jpg\" alt=\"\" class=\"wp-image-53632\" width=\"296\" height=\"342\" srcset=\"https:\/\/jornalfatosenoticias.com.br\/wp-content\/uploads\/2024\/08\/Serra-4x4-1-886x1024.jpg 886w, https:\/\/jornalfatosenoticias.com.br\/wp-content\/uploads\/2024\/08\/Serra-4x4-1-260x300.jpg 260w, https:\/\/jornalfatosenoticias.com.br\/wp-content\/uploads\/2024\/08\/Serra-4x4-1-768x888.jpg 768w, https:\/\/jornalfatosenoticias.com.br\/wp-content\/uploads\/2024\/08\/Serra-4x4-1.jpg 1181w\" sizes=\"auto, (max-width: 296px) 100vw, 296px\" \/><\/a><\/figure><\/div>\n\n\n\n<p>Para Mendes, a resposta passa pela equidade na formula\u00e7\u00e3o de pol\u00edticas p\u00fablicas: &#8220;n\u00e3o basta investir mais em educa\u00e7\u00e3o sem focalizar. As regi\u00f5es que mais precisam devem receber mais apoio t\u00e9cnico e financeiro. A regi\u00e3o Norte, por exemplo, enfrenta desafios log\u00edsticos e operacionais que encarecem a oferta de educa\u00e7\u00e3o de qualidade. Isso precisa ser considerado como diretriz&#8221;.<\/p>\n\n\n\n<div class=\"wp-block-image\"><figure class=\"aligncenter size-large is-resized\"><a href=\"https:\/\/www.instagram.com\/restaurantepegoretti\/\"><img loading=\"lazy\" decoding=\"async\" src=\"https:\/\/jornalfatosenoticias.com.br\/wp-content\/uploads\/2023\/12\/pegoretti-logo-pdf-1024x389.jpg\" alt=\"\" class=\"wp-image-47536\" width=\"514\" height=\"195\" srcset=\"https:\/\/jornalfatosenoticias.com.br\/wp-content\/uploads\/2023\/12\/pegoretti-logo-pdf-1024x389.jpg 1024w, https:\/\/jornalfatosenoticias.com.br\/wp-content\/uploads\/2023\/12\/pegoretti-logo-pdf-300x114.jpg 300w, https:\/\/jornalfatosenoticias.com.br\/wp-content\/uploads\/2023\/12\/pegoretti-logo-pdf-768x291.jpg 768w, https:\/\/jornalfatosenoticias.com.br\/wp-content\/uploads\/2023\/12\/pegoretti-logo-pdf.jpg 1120w\" sizes=\"auto, (max-width: 514px) 100vw, 514px\" \/><\/a><\/figure><\/div>\n\n\n\n<p>Outro dado preocupante \u00e9 a aus\u00eancia de espa\u00e7os de est\u00edmulo \u00e0 aprendizagem. Menos da metade das escolas de ensino m\u00e9dio contam com laborat\u00f3rios de Ci\u00eancias (46,9%), e apenas 47,2% das unidades de ensino fundamental possuem bibliotecas ou salas de leitura. <\/p>\n\n\n\n<blockquote class=\"wp-block-quote is-layout-flow wp-block-quote-is-layout-flow\"><p><span class=\"has-inline-color has-luminous-vivid-orange-color\">A falta de ambientes que incentivem leitura e tecnologia torna a escola menos atrativa para os jovens. Sem esses espa\u00e7os, o engajamento dos estudantes cai e os professores tamb\u00e9m perdem recursos fundamentais para dar aulas mais eficazes&#8221;.<\/span><\/p><\/blockquote>\n\n\n\n<div class=\"wp-block-image\"><figure class=\"aligncenter size-large is-resized\"><a href=\"https:\/\/panper.com.br\/\"><img loading=\"lazy\" decoding=\"async\" src=\"https:\/\/jornalfatosenoticias.com.br\/wp-content\/uploads\/2023\/03\/logo-Panper_portal.jpg\" alt=\"\" class=\"wp-image-40208\" width=\"312\" height=\"216\" srcset=\"https:\/\/jornalfatosenoticias.com.br\/wp-content\/uploads\/2023\/03\/logo-Panper_portal.jpg 400w, https:\/\/jornalfatosenoticias.com.br\/wp-content\/uploads\/2023\/03\/logo-Panper_portal-300x208.jpg 300w\" sizes=\"auto, (max-width: 312px) 100vw, 312px\" \/><\/a><\/figure><\/div>\n\n\n\n<p>Essa car\u00eancia se reflete no aumento da evas\u00e3o escolar. &#8220;Quanto mais a escola for acolhedora e atrativa, menores s\u00e3o os riscos de abandono. Mas se faltam bibliotecas, laborat\u00f3rios, saneamento ou climatiza\u00e7\u00e3o, o jovem encontra maiores dificuldades, e isso eleva as chances de distor\u00e7\u00e3o idade-s\u00e9rie e evas\u00e3o&#8221;, explica.<br>Embora 95,4% das escolas p\u00fablicas estejam conectadas \u00e0 internet, <a href=\"https:\/\/www.terra.com.br\/byte\/pos-pandemia-tecnologia-avanca-nas-escolas-mas-causa-abismo-entre-classes-sociais,3c4a4fbe61f676d60daaf5cf441a480aal0cjk1t.html\">apenas 44,5% possuem conex\u00e3o adequada para uso pedag\u00f3gico.<\/a> <\/p>\n\n\n\n<div class=\"wp-block-image\"><figure class=\"aligncenter size-large is-resized\"><a href=\"https:\/\/www.facebook.com\/postobkr\/?locale=pt_BR\"><img loading=\"lazy\" decoding=\"async\" src=\"https:\/\/jornalfatosenoticias.com.br\/wp-content\/uploads\/2023\/08\/BKR-1024x1021.jpg\" alt=\"\" class=\"wp-image-44494\" width=\"287\" height=\"286\" srcset=\"https:\/\/jornalfatosenoticias.com.br\/wp-content\/uploads\/2023\/08\/BKR-1024x1021.jpg 1024w, https:\/\/jornalfatosenoticias.com.br\/wp-content\/uploads\/2023\/08\/BKR-300x300.jpg 300w, https:\/\/jornalfatosenoticias.com.br\/wp-content\/uploads\/2023\/08\/BKR-150x150.jpg 150w, https:\/\/jornalfatosenoticias.com.br\/wp-content\/uploads\/2023\/08\/BKR-768x766.jpg 768w, https:\/\/jornalfatosenoticias.com.br\/wp-content\/uploads\/2023\/08\/BKR.jpg 1080w\" sizes=\"auto, (max-width: 287px) 100vw, 287px\" \/><\/a><\/figure><\/div>\n\n\n\n<blockquote class=\"wp-block-quote is-layout-flow wp-block-quote-is-layout-flow\"><p><span class=\"has-inline-color has-luminous-vivid-orange-color\">Esse \u00e9 um grande problema, porque estamos formando jovens para o s\u00e9culo XXI sem que eles tenham acesso a tecnologias de forma cr\u00edtica e pedag\u00f3gica. Muitas vezes a conex\u00e3o existe, mas n\u00e3o h\u00e1 manuten\u00e7\u00e3o, dispositivos adequados ou estrutura para receber a rede&#8221;, aponta a coordenadora. <\/span><\/p><\/blockquote>\n\n\n\n<p>Segundo ela, \u00e9 necess\u00e1rio realizar diagn\u00f3sticos locais para identificar os gargalos e formular planos que assegurem a efetividade da conectividade nas escolas.<\/p>\n\n\n\n<div class=\"wp-block-image\"><figure class=\"aligncenter size-large is-resized\"><a href=\"https:\/\/www.facebook.com\/vetor.vix\/\"><img loading=\"lazy\" decoding=\"async\" src=\"https:\/\/jornalfatosenoticias.com.br\/wp-content\/uploads\/2023\/09\/vetorvix1024_1.jpg\" alt=\"\" class=\"wp-image-44868\" width=\"528\" height=\"140\" srcset=\"https:\/\/jornalfatosenoticias.com.br\/wp-content\/uploads\/2023\/09\/vetorvix1024_1.jpg 1024w, https:\/\/jornalfatosenoticias.com.br\/wp-content\/uploads\/2023\/09\/vetorvix1024_1-300x80.jpg 300w, https:\/\/jornalfatosenoticias.com.br\/wp-content\/uploads\/2023\/09\/vetorvix1024_1-768x205.jpg 768w\" sizes=\"auto, (max-width: 528px) 100vw, 528px\" \/><\/a><\/figure><\/div>\n\n\n\n<p><strong><span class=\"has-inline-color has-vivid-purple-color\">Avan\u00e7os e desafios<br><\/span><\/strong>O anu\u00e1rio mostra que os investimentos em educa\u00e7\u00e3o cresceram 13% entre 2014 e 2023, somando R$ 540 bilh\u00f5es em 2023, o equivalente a 4,9% do PIB. Ainda assim, o gasto por aluno no Brasil \u00e9 de US$ 3.668 (cerca de R$ 19,6 mil) e est\u00e1 muito abaixo da m\u00e9dia da OCDE, de US$ 11.914 (R$ 63,7 mil). Para Mendes, n\u00e3o se trata apenas de aumentar recursos, mas de melhorar a gest\u00e3o. <\/p>\n\n\n\n<div class=\"wp-block-image\"><figure class=\"aligncenter size-large is-resized\"><a href=\"https:\/\/www.controlsystems.com.br\/\"><img loading=\"lazy\" decoding=\"async\" src=\"https:\/\/jornalfatosenoticias.com.br\/wp-content\/uploads\/2020\/02\/CONTROL-CS.jpg\" alt=\"\" class=\"wp-image-44991\" width=\"289\" height=\"347\" srcset=\"https:\/\/jornalfatosenoticias.com.br\/wp-content\/uploads\/2020\/02\/CONTROL-CS.jpg 834w, https:\/\/jornalfatosenoticias.com.br\/wp-content\/uploads\/2020\/02\/CONTROL-CS-250x300.jpg 250w, https:\/\/jornalfatosenoticias.com.br\/wp-content\/uploads\/2020\/02\/CONTROL-CS-768x921.jpg 768w\" sizes=\"auto, (max-width: 289px) 100vw, 289px\" \/><\/a><\/figure><\/div>\n\n\n\n<blockquote class=\"wp-block-quote is-layout-flow wp-block-quote-is-layout-flow\"><p><span class=\"has-inline-color has-luminous-vivid-orange-color\">O Brasil avan\u00e7ou, mas ainda falta prioridade pol\u00edtica. Muitas secretarias de educa\u00e7\u00e3o n\u00e3o possuem capacidade t\u00e9cnica para definir estrat\u00e9gias de combate \u00e0 desigualdade. Analisar dados e identificar onde investir \u00e9 um desafio que n\u00e3o depende s\u00f3 de or\u00e7amento, mas de gest\u00e3o educacional&#8221;.<\/span><\/p><\/blockquote>\n\n\n\n<div class=\"wp-block-image\"><figure class=\"aligncenter size-large is-resized\"><a href=\"https:\/\/www.instagram.com\/gruposei\/\"><img loading=\"lazy\" decoding=\"async\" src=\"https:\/\/jornalfatosenoticias.com.br\/wp-content\/uploads\/2022\/07\/Logo-Grupo-SEI.jpg\" alt=\"\" class=\"wp-image-31973\" width=\"339\" height=\"178\" srcset=\"https:\/\/jornalfatosenoticias.com.br\/wp-content\/uploads\/2022\/07\/Logo-Grupo-SEI.jpg 713w, https:\/\/jornalfatosenoticias.com.br\/wp-content\/uploads\/2022\/07\/Logo-Grupo-SEI-300x158.jpg 300w\" sizes=\"auto, (max-width: 339px) 100vw, 339px\" \/><\/a><\/figure><\/div>\n\n\n\n<p><strong>Fonte: <a href=\"https:\/\/www.terra.com.br\/noticias\/educacao\/menos-da-metade-das-escolas-publicas-brasileiras-esta-conectada-a-rede-de-esgoto,7cb6d4268b17b6199d9a65199a8d134fyoso55qh.html\">Terra<\/a><\/strong><\/p>\n","protected":false},"excerpt":{"rendered":"<p>Anu\u00e1rio de Educa\u00e7\u00e3o B\u00e1sica 2025 mostra que falta de infraestrutura compromete aprendizagem e amplia desigualdades na educa\u00e7\u00e3o Por Maria Luiza Valeriano Menos da metade das escolas p\u00fablicas brasileiras est\u00e1 conectada \u00e0 rede de esgoto (48,2%) e apenas 38,7% das salas de aula contam com algum tipo de climatiza\u00e7\u00e3o. Os dados, divulgados pelo Anu\u00e1rio Brasileiro da [&hellip;]<\/p>\n","protected":false},"author":2,"featured_media":62283,"comment_status":"open","ping_status":"open","sticky":false,"template":"","format":"standard","meta":{"footnotes":""},"categories":[7],"tags":[28406,2463,28405,345,3424,463,3942,16289],"class_list":["post-62282","post","type-post","status-publish","format-standard","has-post-thumbnail","hentry","category-educacao","tag-anuario-brasileiro-da-educacao-basica-2025","tag-aprendizagem","tag-desigualdades-na-educacao","tag-educacao","tag-escolas-publicas","tag-politicas-publicas","tag-rede-de-esgoto","tag-salas-de-aula"],"yoast_head":"<!-- This site is optimized with the Yoast SEO plugin v26.5 - https:\/\/yoast.com\/wordpress\/plugins\/seo\/ -->\n<title>Menos da metade das escolas p\u00fablicas brasileiras est\u00e1 conectada \u00e0 rede de esgoto - Jornal Fatos e Not\u00edcias<\/title>\n<meta name=\"robots\" content=\"index, follow, max-snippet:-1, max-image-preview:large, max-video-preview:-1\" \/>\n<link rel=\"canonical\" href=\"https:\/\/jornalfatosenoticias.com.br\/index.php\/2025\/10\/01\/menos-da-metade-das-escolas-publicas-brasileiras-esta-conectada-a-rede-de-esgoto\/\" \/>\n<meta property=\"og:locale\" content=\"pt_BR\" \/>\n<meta property=\"og:type\" content=\"article\" \/>\n<meta property=\"og:title\" content=\"Menos da metade das escolas p\u00fablicas brasileiras est\u00e1 conectada \u00e0 rede de esgoto - Jornal Fatos e Not\u00edcias\" \/>\n<meta property=\"og:description\" content=\"Anu\u00e1rio de Educa\u00e7\u00e3o B\u00e1sica 2025 mostra que falta de infraestrutura compromete aprendizagem e amplia desigualdades na educa\u00e7\u00e3o Por Maria Luiza Valeriano Menos da metade das escolas p\u00fablicas brasileiras est\u00e1 conectada \u00e0 rede de esgoto (48,2%) e apenas 38,7% das salas de aula contam com algum tipo de climatiza\u00e7\u00e3o. Os dados, divulgados pelo Anu\u00e1rio Brasileiro da [&hellip;]\" \/>\n<meta property=\"og:url\" content=\"https:\/\/jornalfatosenoticias.com.br\/index.php\/2025\/10\/01\/menos-da-metade-das-escolas-publicas-brasileiras-esta-conectada-a-rede-de-esgoto\/\" \/>\n<meta property=\"og:site_name\" content=\"Jornal Fatos e Not\u00edcias\" \/>\n<meta property=\"article:published_time\" content=\"2025-10-01T15:40:59+00:00\" \/>\n<meta property=\"article:modified_time\" content=\"2025-10-01T15:41:00+00:00\" \/>\n<meta property=\"og:image\" content=\"https:\/\/jornalfatosenoticias.com.br\/wp-content\/uploads\/2025\/10\/escolas-publicas-brasileiras-rede-de-esgoto_istock.jpg\" \/>\n\t<meta property=\"og:image:width\" content=\"612\" \/>\n\t<meta property=\"og:image:height\" content=\"409\" \/>\n\t<meta property=\"og:image:type\" content=\"image\/jpeg\" \/>\n<meta name=\"author\" content=\"Luzimara Fernandes\" \/>\n<meta name=\"twitter:card\" content=\"summary_large_image\" \/>\n<meta name=\"twitter:label1\" content=\"Escrito por\" \/>\n\t<meta name=\"twitter:data1\" content=\"Luzimara Fernandes\" \/>\n\t<meta name=\"twitter:label2\" content=\"Est. tempo de leitura\" \/>\n\t<meta name=\"twitter:data2\" content=\"4 minutos\" \/>\n<script type=\"application\/ld+json\" class=\"yoast-schema-graph\">{\"@context\":\"https:\/\/schema.org\",\"@graph\":[{\"@type\":\"Article\",\"@id\":\"https:\/\/jornalfatosenoticias.com.br\/index.php\/2025\/10\/01\/menos-da-metade-das-escolas-publicas-brasileiras-esta-conectada-a-rede-de-esgoto\/#article\",\"isPartOf\":{\"@id\":\"https:\/\/jornalfatosenoticias.com.br\/index.php\/2025\/10\/01\/menos-da-metade-das-escolas-publicas-brasileiras-esta-conectada-a-rede-de-esgoto\/\"},\"author\":{\"name\":\"Luzimara Fernandes\",\"@id\":\"https:\/\/jornalfatosenoticias.com.br\/#\/schema\/person\/d63837fa13ac8666eb9e74e0985d6f81\"},\"headline\":\"Menos da metade das escolas p\u00fablicas brasileiras est\u00e1 conectada \u00e0 rede de esgoto\",\"datePublished\":\"2025-10-01T15:40:59+00:00\",\"dateModified\":\"2025-10-01T15:41:00+00:00\",\"mainEntityOfPage\":{\"@id\":\"https:\/\/jornalfatosenoticias.com.br\/index.php\/2025\/10\/01\/menos-da-metade-das-escolas-publicas-brasileiras-esta-conectada-a-rede-de-esgoto\/\"},\"wordCount\":817,\"commentCount\":0,\"publisher\":{\"@id\":\"https:\/\/jornalfatosenoticias.com.br\/#organization\"},\"image\":{\"@id\":\"https:\/\/jornalfatosenoticias.com.br\/index.php\/2025\/10\/01\/menos-da-metade-das-escolas-publicas-brasileiras-esta-conectada-a-rede-de-esgoto\/#primaryimage\"},\"thumbnailUrl\":\"https:\/\/jornalfatosenoticias.com.br\/wp-content\/uploads\/2025\/10\/escolas-publicas-brasileiras-rede-de-esgoto_istock.jpg\",\"keywords\":[\"Anu\u00e1rio Brasileiro da Educa\u00e7\u00e3o B\u00e1sica 2025\",\"aprendizagem\",\"desigualdades na educa\u00e7\u00e3o\",\"educa\u00e7\u00e3o\",\"escolas p\u00fablicas\",\"pol\u00edticas p\u00fablicas\",\"rede de esgoto\",\"salas de aula\"],\"articleSection\":[\"Educa\u00e7\u00e3o\"],\"inLanguage\":\"pt-BR\",\"potentialAction\":[{\"@type\":\"CommentAction\",\"name\":\"Comment\",\"target\":[\"https:\/\/jornalfatosenoticias.com.br\/index.php\/2025\/10\/01\/menos-da-metade-das-escolas-publicas-brasileiras-esta-conectada-a-rede-de-esgoto\/#respond\"]}]},{\"@type\":\"WebPage\",\"@id\":\"https:\/\/jornalfatosenoticias.com.br\/index.php\/2025\/10\/01\/menos-da-metade-das-escolas-publicas-brasileiras-esta-conectada-a-rede-de-esgoto\/\",\"url\":\"https:\/\/jornalfatosenoticias.com.br\/index.php\/2025\/10\/01\/menos-da-metade-das-escolas-publicas-brasileiras-esta-conectada-a-rede-de-esgoto\/\",\"name\":\"Menos da metade das escolas p\u00fablicas brasileiras est\u00e1 conectada \u00e0 rede de esgoto - Jornal Fatos e Not\u00edcias\",\"isPartOf\":{\"@id\":\"https:\/\/jornalfatosenoticias.com.br\/#website\"},\"primaryImageOfPage\":{\"@id\":\"https:\/\/jornalfatosenoticias.com.br\/index.php\/2025\/10\/01\/menos-da-metade-das-escolas-publicas-brasileiras-esta-conectada-a-rede-de-esgoto\/#primaryimage\"},\"image\":{\"@id\":\"https:\/\/jornalfatosenoticias.com.br\/index.php\/2025\/10\/01\/menos-da-metade-das-escolas-publicas-brasileiras-esta-conectada-a-rede-de-esgoto\/#primaryimage\"},\"thumbnailUrl\":\"https:\/\/jornalfatosenoticias.com.br\/wp-content\/uploads\/2025\/10\/escolas-publicas-brasileiras-rede-de-esgoto_istock.jpg\",\"datePublished\":\"2025-10-01T15:40:59+00:00\",\"dateModified\":\"2025-10-01T15:41:00+00:00\",\"breadcrumb\":{\"@id\":\"https:\/\/jornalfatosenoticias.com.br\/index.php\/2025\/10\/01\/menos-da-metade-das-escolas-publicas-brasileiras-esta-conectada-a-rede-de-esgoto\/#breadcrumb\"},\"inLanguage\":\"pt-BR\",\"potentialAction\":[{\"@type\":\"ReadAction\",\"target\":[\"https:\/\/jornalfatosenoticias.com.br\/index.php\/2025\/10\/01\/menos-da-metade-das-escolas-publicas-brasileiras-esta-conectada-a-rede-de-esgoto\/\"]}]},{\"@type\":\"ImageObject\",\"inLanguage\":\"pt-BR\",\"@id\":\"https:\/\/jornalfatosenoticias.com.br\/index.php\/2025\/10\/01\/menos-da-metade-das-escolas-publicas-brasileiras-esta-conectada-a-rede-de-esgoto\/#primaryimage\",\"url\":\"https:\/\/jornalfatosenoticias.com.br\/wp-content\/uploads\/2025\/10\/escolas-publicas-brasileiras-rede-de-esgoto_istock.jpg\",\"contentUrl\":\"https:\/\/jornalfatosenoticias.com.br\/wp-content\/uploads\/2025\/10\/escolas-publicas-brasileiras-rede-de-esgoto_istock.jpg\",\"width\":612,\"height\":409,\"caption\":\"Students running on schoolyard\"},{\"@type\":\"BreadcrumbList\",\"@id\":\"https:\/\/jornalfatosenoticias.com.br\/index.php\/2025\/10\/01\/menos-da-metade-das-escolas-publicas-brasileiras-esta-conectada-a-rede-de-esgoto\/#breadcrumb\",\"itemListElement\":[{\"@type\":\"ListItem\",\"position\":1,\"name\":\"In\u00edcio\",\"item\":\"https:\/\/jornalfatosenoticias.com.br\/\"},{\"@type\":\"ListItem\",\"position\":2,\"name\":\"Menos da metade das escolas p\u00fablicas brasileiras est\u00e1 conectada \u00e0 rede de esgoto\"}]},{\"@type\":\"WebSite\",\"@id\":\"https:\/\/jornalfatosenoticias.com.br\/#website\",\"url\":\"https:\/\/jornalfatosenoticias.com.br\/\",\"name\":\"Jornal Fatos e Not\u00edcias\",\"description\":\"Not\u00edcias em geral\",\"publisher\":{\"@id\":\"https:\/\/jornalfatosenoticias.com.br\/#organization\"},\"potentialAction\":[{\"@type\":\"SearchAction\",\"target\":{\"@type\":\"EntryPoint\",\"urlTemplate\":\"https:\/\/jornalfatosenoticias.com.br\/?s={search_term_string}\"},\"query-input\":{\"@type\":\"PropertyValueSpecification\",\"valueRequired\":true,\"valueName\":\"search_term_string\"}}],\"inLanguage\":\"pt-BR\"},{\"@type\":\"Organization\",\"@id\":\"https:\/\/jornalfatosenoticias.com.br\/#organization\",\"name\":\"Jornal Fatos e Not\u00edcias\",\"url\":\"https:\/\/jornalfatosenoticias.com.br\/\",\"logo\":{\"@type\":\"ImageObject\",\"inLanguage\":\"pt-BR\",\"@id\":\"https:\/\/jornalfatosenoticias.com.br\/#\/schema\/logo\/image\/\",\"url\":\"https:\/\/jornalfatosenoticias.com.br\/wp-content\/uploads\/2020\/02\/logo120.png\",\"contentUrl\":\"https:\/\/jornalfatosenoticias.com.br\/wp-content\/uploads\/2020\/02\/logo120.png\",\"width\":1227,\"height\":120,\"caption\":\"Jornal Fatos e Not\u00edcias\"},\"image\":{\"@id\":\"https:\/\/jornalfatosenoticias.com.br\/#\/schema\/logo\/image\/\"}},{\"@type\":\"Person\",\"@id\":\"https:\/\/jornalfatosenoticias.com.br\/#\/schema\/person\/d63837fa13ac8666eb9e74e0985d6f81\",\"name\":\"Luzimara Fernandes\",\"image\":{\"@type\":\"ImageObject\",\"inLanguage\":\"pt-BR\",\"@id\":\"https:\/\/jornalfatosenoticias.com.br\/#\/schema\/person\/image\/\",\"url\":\"https:\/\/jornalfatosenoticias.com.br\/wp-content\/uploads\/2025\/05\/EU_portal.jpg\",\"contentUrl\":\"https:\/\/jornalfatosenoticias.com.br\/wp-content\/uploads\/2025\/05\/EU_portal.jpg\",\"caption\":\"Luzimara Fernandes\"},\"description\":\"Jornalista MTB 2358-ES\",\"sameAs\":[\"https:\/\/jornalfatosenoticias.com.br\"],\"url\":\"https:\/\/jornalfatosenoticias.com.br\/index.php\/author\/luzimara\/\"}]}<\/script>\n<!-- \/ Yoast SEO plugin. -->","yoast_head_json":{"title":"Menos da metade das escolas p\u00fablicas brasileiras est\u00e1 conectada \u00e0 rede de esgoto - Jornal Fatos e Not\u00edcias","robots":{"index":"index","follow":"follow","max-snippet":"max-snippet:-1","max-image-preview":"max-image-preview:large","max-video-preview":"max-video-preview:-1"},"canonical":"https:\/\/jornalfatosenoticias.com.br\/index.php\/2025\/10\/01\/menos-da-metade-das-escolas-publicas-brasileiras-esta-conectada-a-rede-de-esgoto\/","og_locale":"pt_BR","og_type":"article","og_title":"Menos da metade das escolas p\u00fablicas brasileiras est\u00e1 conectada \u00e0 rede de esgoto - Jornal Fatos e Not\u00edcias","og_description":"Anu\u00e1rio de Educa\u00e7\u00e3o B\u00e1sica 2025 mostra que falta de infraestrutura compromete aprendizagem e amplia desigualdades na educa\u00e7\u00e3o Por Maria Luiza Valeriano Menos da metade das escolas p\u00fablicas brasileiras est\u00e1 conectada \u00e0 rede de esgoto (48,2%) e apenas 38,7% das salas de aula contam com algum tipo de climatiza\u00e7\u00e3o. Os dados, divulgados pelo Anu\u00e1rio Brasileiro da [&hellip;]","og_url":"https:\/\/jornalfatosenoticias.com.br\/index.php\/2025\/10\/01\/menos-da-metade-das-escolas-publicas-brasileiras-esta-conectada-a-rede-de-esgoto\/","og_site_name":"Jornal Fatos e Not\u00edcias","article_published_time":"2025-10-01T15:40:59+00:00","article_modified_time":"2025-10-01T15:41:00+00:00","og_image":[{"width":612,"height":409,"url":"https:\/\/jornalfatosenoticias.com.br\/wp-content\/uploads\/2025\/10\/escolas-publicas-brasileiras-rede-de-esgoto_istock.jpg","type":"image\/jpeg"}],"author":"Luzimara Fernandes","twitter_card":"summary_large_image","twitter_misc":{"Escrito por":"Luzimara Fernandes","Est. tempo de leitura":"4 minutos"},"schema":{"@context":"https:\/\/schema.org","@graph":[{"@type":"Article","@id":"https:\/\/jornalfatosenoticias.com.br\/index.php\/2025\/10\/01\/menos-da-metade-das-escolas-publicas-brasileiras-esta-conectada-a-rede-de-esgoto\/#article","isPartOf":{"@id":"https:\/\/jornalfatosenoticias.com.br\/index.php\/2025\/10\/01\/menos-da-metade-das-escolas-publicas-brasileiras-esta-conectada-a-rede-de-esgoto\/"},"author":{"name":"Luzimara Fernandes","@id":"https:\/\/jornalfatosenoticias.com.br\/#\/schema\/person\/d63837fa13ac8666eb9e74e0985d6f81"},"headline":"Menos da metade das escolas p\u00fablicas brasileiras est\u00e1 conectada \u00e0 rede de esgoto","datePublished":"2025-10-01T15:40:59+00:00","dateModified":"2025-10-01T15:41:00+00:00","mainEntityOfPage":{"@id":"https:\/\/jornalfatosenoticias.com.br\/index.php\/2025\/10\/01\/menos-da-metade-das-escolas-publicas-brasileiras-esta-conectada-a-rede-de-esgoto\/"},"wordCount":817,"commentCount":0,"publisher":{"@id":"https:\/\/jornalfatosenoticias.com.br\/#organization"},"image":{"@id":"https:\/\/jornalfatosenoticias.com.br\/index.php\/2025\/10\/01\/menos-da-metade-das-escolas-publicas-brasileiras-esta-conectada-a-rede-de-esgoto\/#primaryimage"},"thumbnailUrl":"https:\/\/jornalfatosenoticias.com.br\/wp-content\/uploads\/2025\/10\/escolas-publicas-brasileiras-rede-de-esgoto_istock.jpg","keywords":["Anu\u00e1rio Brasileiro da Educa\u00e7\u00e3o B\u00e1sica 2025","aprendizagem","desigualdades na educa\u00e7\u00e3o","educa\u00e7\u00e3o","escolas p\u00fablicas","pol\u00edticas p\u00fablicas","rede de esgoto","salas de aula"],"articleSection":["Educa\u00e7\u00e3o"],"inLanguage":"pt-BR","potentialAction":[{"@type":"CommentAction","name":"Comment","target":["https:\/\/jornalfatosenoticias.com.br\/index.php\/2025\/10\/01\/menos-da-metade-das-escolas-publicas-brasileiras-esta-conectada-a-rede-de-esgoto\/#respond"]}]},{"@type":"WebPage","@id":"https:\/\/jornalfatosenoticias.com.br\/index.php\/2025\/10\/01\/menos-da-metade-das-escolas-publicas-brasileiras-esta-conectada-a-rede-de-esgoto\/","url":"https:\/\/jornalfatosenoticias.com.br\/index.php\/2025\/10\/01\/menos-da-metade-das-escolas-publicas-brasileiras-esta-conectada-a-rede-de-esgoto\/","name":"Menos da metade das escolas p\u00fablicas brasileiras est\u00e1 conectada \u00e0 rede de esgoto - Jornal Fatos e Not\u00edcias","isPartOf":{"@id":"https:\/\/jornalfatosenoticias.com.br\/#website"},"primaryImageOfPage":{"@id":"https:\/\/jornalfatosenoticias.com.br\/index.php\/2025\/10\/01\/menos-da-metade-das-escolas-publicas-brasileiras-esta-conectada-a-rede-de-esgoto\/#primaryimage"},"image":{"@id":"https:\/\/jornalfatosenoticias.com.br\/index.php\/2025\/10\/01\/menos-da-metade-das-escolas-publicas-brasileiras-esta-conectada-a-rede-de-esgoto\/#primaryimage"},"thumbnailUrl":"https:\/\/jornalfatosenoticias.com.br\/wp-content\/uploads\/2025\/10\/escolas-publicas-brasileiras-rede-de-esgoto_istock.jpg","datePublished":"2025-10-01T15:40:59+00:00","dateModified":"2025-10-01T15:41:00+00:00","breadcrumb":{"@id":"https:\/\/jornalfatosenoticias.com.br\/index.php\/2025\/10\/01\/menos-da-metade-das-escolas-publicas-brasileiras-esta-conectada-a-rede-de-esgoto\/#breadcrumb"},"inLanguage":"pt-BR","potentialAction":[{"@type":"ReadAction","target":["https:\/\/jornalfatosenoticias.com.br\/index.php\/2025\/10\/01\/menos-da-metade-das-escolas-publicas-brasileiras-esta-conectada-a-rede-de-esgoto\/"]}]},{"@type":"ImageObject","inLanguage":"pt-BR","@id":"https:\/\/jornalfatosenoticias.com.br\/index.php\/2025\/10\/01\/menos-da-metade-das-escolas-publicas-brasileiras-esta-conectada-a-rede-de-esgoto\/#primaryimage","url":"https:\/\/jornalfatosenoticias.com.br\/wp-content\/uploads\/2025\/10\/escolas-publicas-brasileiras-rede-de-esgoto_istock.jpg","contentUrl":"https:\/\/jornalfatosenoticias.com.br\/wp-content\/uploads\/2025\/10\/escolas-publicas-brasileiras-rede-de-esgoto_istock.jpg","width":612,"height":409,"caption":"Students running on schoolyard"},{"@type":"BreadcrumbList","@id":"https:\/\/jornalfatosenoticias.com.br\/index.php\/2025\/10\/01\/menos-da-metade-das-escolas-publicas-brasileiras-esta-conectada-a-rede-de-esgoto\/#breadcrumb","itemListElement":[{"@type":"ListItem","position":1,"name":"In\u00edcio","item":"https:\/\/jornalfatosenoticias.com.br\/"},{"@type":"ListItem","position":2,"name":"Menos da metade das escolas p\u00fablicas brasileiras est\u00e1 conectada \u00e0 rede de esgoto"}]},{"@type":"WebSite","@id":"https:\/\/jornalfatosenoticias.com.br\/#website","url":"https:\/\/jornalfatosenoticias.com.br\/","name":"Jornal Fatos e Not\u00edcias","description":"Not\u00edcias em geral","publisher":{"@id":"https:\/\/jornalfatosenoticias.com.br\/#organization"},"potentialAction":[{"@type":"SearchAction","target":{"@type":"EntryPoint","urlTemplate":"https:\/\/jornalfatosenoticias.com.br\/?s={search_term_string}"},"query-input":{"@type":"PropertyValueSpecification","valueRequired":true,"valueName":"search_term_string"}}],"inLanguage":"pt-BR"},{"@type":"Organization","@id":"https:\/\/jornalfatosenoticias.com.br\/#organization","name":"Jornal Fatos e Not\u00edcias","url":"https:\/\/jornalfatosenoticias.com.br\/","logo":{"@type":"ImageObject","inLanguage":"pt-BR","@id":"https:\/\/jornalfatosenoticias.com.br\/#\/schema\/logo\/image\/","url":"https:\/\/jornalfatosenoticias.com.br\/wp-content\/uploads\/2020\/02\/logo120.png","contentUrl":"https:\/\/jornalfatosenoticias.com.br\/wp-content\/uploads\/2020\/02\/logo120.png","width":1227,"height":120,"caption":"Jornal Fatos e Not\u00edcias"},"image":{"@id":"https:\/\/jornalfatosenoticias.com.br\/#\/schema\/logo\/image\/"}},{"@type":"Person","@id":"https:\/\/jornalfatosenoticias.com.br\/#\/schema\/person\/d63837fa13ac8666eb9e74e0985d6f81","name":"Luzimara Fernandes","image":{"@type":"ImageObject","inLanguage":"pt-BR","@id":"https:\/\/jornalfatosenoticias.com.br\/#\/schema\/person\/image\/","url":"https:\/\/jornalfatosenoticias.com.br\/wp-content\/uploads\/2025\/05\/EU_portal.jpg","contentUrl":"https:\/\/jornalfatosenoticias.com.br\/wp-content\/uploads\/2025\/05\/EU_portal.jpg","caption":"Luzimara Fernandes"},"description":"Jornalista MTB 2358-ES","sameAs":["https:\/\/jornalfatosenoticias.com.br"],"url":"https:\/\/jornalfatosenoticias.com.br\/index.php\/author\/luzimara\/"}]}},"cc_featured_image_caption":{"caption_text":"(Foto: iStock) ","source_text":"","source_url":""},"jetpack_featured_media_url":"https:\/\/jornalfatosenoticias.com.br\/wp-content\/uploads\/2025\/10\/escolas-publicas-brasileiras-rede-de-esgoto_istock.jpg","_links":{"self":[{"href":"https:\/\/jornalfatosenoticias.com.br\/index.php\/wp-json\/wp\/v2\/posts\/62282","targetHints":{"allow":["GET"]}}],"collection":[{"href":"https:\/\/jornalfatosenoticias.com.br\/index.php\/wp-json\/wp\/v2\/posts"}],"about":[{"href":"https:\/\/jornalfatosenoticias.com.br\/index.php\/wp-json\/wp\/v2\/types\/post"}],"author":[{"embeddable":true,"href":"https:\/\/jornalfatosenoticias.com.br\/index.php\/wp-json\/wp\/v2\/users\/2"}],"replies":[{"embeddable":true,"href":"https:\/\/jornalfatosenoticias.com.br\/index.php\/wp-json\/wp\/v2\/comments?post=62282"}],"version-history":[{"count":0,"href":"https:\/\/jornalfatosenoticias.com.br\/index.php\/wp-json\/wp\/v2\/posts\/62282\/revisions"}],"wp:featuredmedia":[{"embeddable":true,"href":"https:\/\/jornalfatosenoticias.com.br\/index.php\/wp-json\/wp\/v2\/media\/62283"}],"wp:attachment":[{"href":"https:\/\/jornalfatosenoticias.com.br\/index.php\/wp-json\/wp\/v2\/media?parent=62282"}],"wp:term":[{"taxonomy":"category","embeddable":true,"href":"https:\/\/jornalfatosenoticias.com.br\/index.php\/wp-json\/wp\/v2\/categories?post=62282"},{"taxonomy":"post_tag","embeddable":true,"href":"https:\/\/jornalfatosenoticias.com.br\/index.php\/wp-json\/wp\/v2\/tags?post=62282"}],"curies":[{"name":"wp","href":"https:\/\/api.w.org\/{rel}","templated":true}]}}