{"id":62285,"date":"2025-10-01T12:54:54","date_gmt":"2025-10-01T15:54:54","guid":{"rendered":"https:\/\/jornalfatosenoticias.com.br\/?p=62285"},"modified":"2025-10-01T12:54:56","modified_gmt":"2025-10-01T15:54:56","slug":"alecrim-descubra-os-beneficios-da-planta-para-o-cabelo","status":"publish","type":"post","link":"https:\/\/jornalfatosenoticias.com.br\/index.php\/2025\/10\/01\/alecrim-descubra-os-beneficios-da-planta-para-o-cabelo\/","title":{"rendered":"Alecrim, descubra os benef\u00edcios da planta para o cabelo"},"content":{"rendered":"\n<p><em><span class=\"has-inline-color has-black-color\">Conhecido desde a Antiguidade, o alecrim ganhou espa\u00e7o nos rituais de beleza atuais e se tornou aliado poderoso contra queda, oleosidade e envelhecimento dos fios<\/span><\/em><\/p>\n\n\n\n<p><span class=\"has-inline-color has-black-color\">Por <a href=\"https:\/\/www.bonsfluidos.com.br\/author\/isabella-bisordi\"><strong>Isabella Bisordi<\/strong><\/a><\/span><\/p>\n\n\n\n<div class=\"wp-block-image\"><figure class=\"aligncenter size-large\"><a href=\"http:\/\/www.ferrarimaquinas.com.br\/\"><img loading=\"lazy\" decoding=\"async\" width=\"1024\" height=\"100\" src=\"https:\/\/jornalfatosenoticias.com.br\/wp-content\/uploads\/2020\/02\/banner_ferramentas-1024x100.jpg\" alt=\"\" class=\"wp-image-1258\" srcset=\"https:\/\/jornalfatosenoticias.com.br\/wp-content\/uploads\/2020\/02\/banner_ferramentas-1024x100.jpg 1024w, https:\/\/jornalfatosenoticias.com.br\/wp-content\/uploads\/2020\/02\/banner_ferramentas-300x29.jpg 300w, https:\/\/jornalfatosenoticias.com.br\/wp-content\/uploads\/2020\/02\/banner_ferramentas-768x75.jpg 768w, https:\/\/jornalfatosenoticias.com.br\/wp-content\/uploads\/2020\/02\/banner_ferramentas.jpg 1227w\" sizes=\"auto, (max-width: 1024px) 100vw, 1024px\" \/><\/a><\/figure><\/div>\n\n\n\n<p>O alecrim (<em>Rosmarinus officinalis<\/em>) \u00e9 uma planta milenar que atravessou gera\u00e7\u00f5es, passando da medicina tradicional de povos antigos at\u00e9 os rituais de beleza atuais. Ent\u00e3o, presente em\u00a0<a href=\"https:\/\/www.bonsfluidos.com.br\/esoterismo\/cinco-incensos-para-deixar-seu-ano-novo-cheio-de-alto-astral.phtml\">incensos<\/a>, receitas culin\u00e1rias e tratamentos naturais, a erva ganhou espa\u00e7o especial nos cuidados capilares por sua a\u00e7\u00e3o fortalecedora e revitalizante.<br>Al\u00e9m do aroma marcante, o alecrim concentra <a href=\"https:\/\/www.bonsfluidos.com.br\/bem-estar\/qual-e-o-impacto-dos-antioxidantes-na-saude-e-como-encontra-lo.phtml\">antioxidantes<\/a>, vitaminas e minerais que favorecem tanto a sa\u00fade do couro cabeludo quanto o crescimento dos fios. Mas aten\u00e7\u00e3o: para obter resultados, \u00e9 preciso usar a planta da maneira correta, seja em \u00f3leo, ch\u00e1 ou incorporada a shampoos e t\u00f4nicos caseiros.<\/p>\n\n\n\n<div class=\"wp-block-image\"><figure class=\"aligncenter size-large is-resized\"><a href=\"https:\/\/www.instagram.com\/esteio.churrascaria\/\"><img loading=\"lazy\" decoding=\"async\" src=\"https:\/\/jornalfatosenoticias.com.br\/wp-content\/uploads\/2022\/02\/LOGO-ESTEIO-1024x730.png\" alt=\"\" class=\"wp-image-27942\" width=\"329\" height=\"234\" srcset=\"https:\/\/jornalfatosenoticias.com.br\/wp-content\/uploads\/2022\/02\/LOGO-ESTEIO-1024x730.png 1024w, https:\/\/jornalfatosenoticias.com.br\/wp-content\/uploads\/2022\/02\/LOGO-ESTEIO-300x214.png 300w, https:\/\/jornalfatosenoticias.com.br\/wp-content\/uploads\/2022\/02\/LOGO-ESTEIO-768x548.png 768w, https:\/\/jornalfatosenoticias.com.br\/wp-content\/uploads\/2022\/02\/LOGO-ESTEIO.png 1123w\" sizes=\"auto, (max-width: 329px) 100vw, 329px\" \/><\/a><\/figure><\/div>\n\n\n\n<h4 class=\"wp-block-heading\"><span class=\"has-inline-color has-vivid-purple-color\">Principais benef\u00edcios do alecrim para o cabelo<\/span><\/h4>\n\n\n\n<ol class=\"wp-block-list\"><li><strong>Fortalece os fios e combate a queda<br><\/strong>O \u00f3leo de alecrim estimula a circula\u00e7\u00e3o sangu\u00ednea no couro cabeludo, nutre os fol\u00edculos e reduz inflama\u00e7\u00f5es que podem causar queda. Seu efeito <a href=\"https:\/\/www.bonsfluidos.com.br\/no-prato\/camomila-erva-cidreira-e-flor-de-maracuja-entenda-os-efeitos-calmantes-destes-chas.phtml\">calmante<\/a> tamb\u00e9m ajuda a minimizar a perda de fios associada ao estresse.<\/li><li><strong>Previne o envelhecimento precoce dos cabelos<br><\/strong>Ricos em antioxidantes, seus compostos ainda protegem contra os <a href=\"https:\/\/www.bonsfluidos.com.br\/bem-estar\/para-a-pele-exercicios-fisicos-combatem-radicais-livres-e-conferem-acao-antienvelhecimento.phtml\">radicais livres<\/a> e contra a a\u00e7\u00e3o excessiva do sol. Ademais, o alecrim ainda pode escurecer os fios naturalmente, disfar\u00e7ando grisalhos.<\/li><li><strong>A\u00e7\u00e3o antioxidante e anti-inflamat\u00f3ria<br><\/strong>Os <a href=\"https:\/\/www.bonsfluidos.com.br\/no-prato\/paprica-um-tempero-feito-com-pimentao-e-todos-os-seus-nutrientes.phtml\">nutrientes<\/a> da planta blindam o couro cabeludo de agress\u00f5es externas, reduzem danos oxidativos e auxiliam na sa\u00fade geral dos fios.<\/li><li><strong>Controle da oleosidade e a\u00e7\u00e3o anticaspa<br><\/strong>Com propriedades antif\u00fangicas e antibacterianas, o alecrim ajuda a manter a regi\u00e3o limpa, prevenindo caspa, coceira e <a href=\"https:\/\/www.bonsfluidos.com.br\/beleza\/saiba-como-proteger-o-rosto-e-evitar-o-excesso-de-oleosidade.phtml\">oleosidade<\/a> em excesso.<\/li><li><strong>Est\u00edmulo ao crescimento capilar<br><\/strong>Ao melhorar a oxigena\u00e7\u00e3o do <a href=\"https:\/\/www.bonsfluidos.com.br\/bem-estar\/como-combater-disfuncoes-do-couro-cabeludo-causadas-por-problemas-emocionais.phtml\">couro cabeludo<\/a>, favorece o crescimento de fios mais fortes e resistentes, al\u00e9m de aumentar a densidade capilar.<\/li><li><strong>Reduz frizz e melhora a textura<br><\/strong>O \u00f3leo de alecrim sela as cut\u00edculas e ret\u00e9m a <a href=\"https:\/\/www.bonsfluidos.com.br\/bem-estar\/alerta-verao-calor-e-umidade-podem-aumentar-a-incidencia-de-sapinho-em-bebes.phtml\">umidade<\/a>, mantendo o cabelo hidratado sem deix\u00e1-lo pesado.<\/li><\/ol>\n\n\n\n<div class=\"wp-block-image\"><figure class=\"aligncenter size-large is-resized\"><a href=\"https:\/\/www.instagram.com\/rcradiadores\/\"><img loading=\"lazy\" decoding=\"async\" src=\"https:\/\/jornalfatosenoticias.com.br\/wp-content\/uploads\/2022\/10\/RC_800x750_page-0001.jpg\" alt=\"\" class=\"wp-image-35338\" width=\"285\" height=\"267\" srcset=\"https:\/\/jornalfatosenoticias.com.br\/wp-content\/uploads\/2022\/10\/RC_800x750_page-0001.jpg 400w, https:\/\/jornalfatosenoticias.com.br\/wp-content\/uploads\/2022\/10\/RC_800x750_page-0001-300x281.jpg 300w\" sizes=\"auto, (max-width: 285px) 100vw, 285px\" \/><\/a><\/figure><\/div>\n\n\n\n<p><strong><span class=\"has-inline-color has-vivid-purple-color\">Como usar o alecrim nos cabelos<br><\/span><\/strong>\u2705 <strong>\u00d3leo de alecrim caseiro:<\/strong>\u00a0misture folhas frescas em azeite ou\u00a0<a href=\"https:\/\/www.bonsfluidos.com.br\/no-prato\/carne-do-futuro-cientistas-criam-proteina-vegana-com-girassol.phtml\">\u00f3leo de girassol<\/a> aquecido e utilize no couro cabeludo, sempre dilu\u00eddo;<br>\u2705 <strong><a href=\"https:\/\/www.bonsfluidos.com.br\/bem-estar\/cha-de-capim-limao-confira-os-beneficios-da-bebida-para-a-saude.phtml\">Ch\u00e1<\/a>\u00a0de alecrim:<\/strong> pode ser ingerido ou aplicado diretamente nos fios como enx\u00e1gue, auxiliando na vitalidade capilar;<br>\u2705 <strong><a href=\"https:\/\/www.bonsfluidos.com.br\/beleza\/voce-usa-shampoo-corretamente-especialista-lista-5-erros-comuns.phtml\">Shampoo<\/a>\u00a0bomba:<\/strong> adicionar alecrim (junto a especiarias como cravo e canela) ao shampoo potencializa seus efeitos fortificantes;<br>\u2705 <strong><a href=\"https:\/\/www.bonsfluidos.com.br\/bem-estar\/hidrata-e-acalma-saiba-como-fazer-tonico-oleo-de-rosa-mosqueta-para-os-cuidados-com-a-pele.phtml\">T\u00f4nico<\/a>\u00a0natural:<\/strong> borrifar ch\u00e1 ou infus\u00e3o de alecrim no couro cabeludo ajuda no controle da oleosidade e no brilho dos fios.<\/p>\n\n\n\n<div class=\"wp-block-image\"><figure class=\"aligncenter size-large is-resized\"><a href=\"https:\/\/www.instagram.com\/serra4x4cambioautomatico\/\"><img loading=\"lazy\" decoding=\"async\" src=\"https:\/\/jornalfatosenoticias.com.br\/wp-content\/uploads\/2024\/08\/Serra-4x4-1-886x1024.jpg\" alt=\"\" class=\"wp-image-53632\" width=\"284\" height=\"328\" srcset=\"https:\/\/jornalfatosenoticias.com.br\/wp-content\/uploads\/2024\/08\/Serra-4x4-1-886x1024.jpg 886w, https:\/\/jornalfatosenoticias.com.br\/wp-content\/uploads\/2024\/08\/Serra-4x4-1-260x300.jpg 260w, https:\/\/jornalfatosenoticias.com.br\/wp-content\/uploads\/2024\/08\/Serra-4x4-1-768x888.jpg 768w, https:\/\/jornalfatosenoticias.com.br\/wp-content\/uploads\/2024\/08\/Serra-4x4-1.jpg 1181w\" sizes=\"auto, (max-width: 284px) 100vw, 284px\" \/><\/a><\/figure><\/div>\n\n\n\n<p><strong><span class=\"has-inline-color has-vivid-purple-color\">Cuidados e contraindica\u00e7\u00f5es<br><\/span><\/strong>Apesar de natural, o uso do alecrim exige cautela. Seu \u00f3leo essencial deve sempre ser dilu\u00eddo antes da aplica\u00e7\u00e3o para evitar irrita\u00e7\u00f5es. Gestantes, lactantes e pessoas em tratamento com certos medicamentos devem consultar um m\u00e9dico antes de usar a erva. O excesso tamb\u00e9m pode provocar rea\u00e7\u00f5es adversas como n\u00e1usea, diarreia e alergias. A planta pode ser uma grande aliada no fortalecimento e na <a href=\"https:\/\/www.bonsfluidos.com.br\/bem-estar\/fase-lunar-impacta-no-crescimento-do-cabelo-especialista-aponta-mitos-e-verdades-sobre-saude-capilar.phtml\">sa\u00fade capilar<\/a>, mas n\u00e3o substitui tratamentos dermatol\u00f3gicos. Para quedas intensas ou persistentes, o ideal \u00e9 buscar orienta\u00e7\u00e3o m\u00e9dica.<\/p>\n\n\n\n<div class=\"wp-block-image\"><figure class=\"aligncenter size-large is-resized\"><a href=\"https:\/\/www.facebook.com\/profile.php?id=100069289606145\"><img loading=\"lazy\" decoding=\"async\" src=\"https:\/\/jornalfatosenoticias.com.br\/wp-content\/uploads\/2024\/11\/Guaitolini-Contabilidade-1024x714.jpeg\" alt=\"\" class=\"wp-image-55808\" width=\"337\" height=\"235\" srcset=\"https:\/\/jornalfatosenoticias.com.br\/wp-content\/uploads\/2024\/11\/Guaitolini-Contabilidade-1024x714.jpeg 1024w, https:\/\/jornalfatosenoticias.com.br\/wp-content\/uploads\/2024\/11\/Guaitolini-Contabilidade-300x209.jpeg 300w, https:\/\/jornalfatosenoticias.com.br\/wp-content\/uploads\/2024\/11\/Guaitolini-Contabilidade-768x535.jpeg 768w, https:\/\/jornalfatosenoticias.com.br\/wp-content\/uploads\/2024\/11\/Guaitolini-Contabilidade.jpeg 1280w\" sizes=\"auto, (max-width: 337px) 100vw, 337px\" \/><\/a><\/figure><\/div>\n\n\n\n<p><strong>Fonte: <a href=\"https:\/\/www.bonsfluidos.com.br\/beleza\/alecrim-descubra-os-beneficios-da-planta-para-o-cabelo.phtml\">Bons Fluidos<\/a><\/strong><\/p>\n","protected":false},"excerpt":{"rendered":"<p>Conhecido desde a Antiguidade, o alecrim ganhou espa\u00e7o nos rituais de beleza atuais e se tornou aliado poderoso contra queda, oleosidade e envelhecimento dos fios Por Isabella Bisordi O alecrim (Rosmarinus officinalis) \u00e9 uma planta milenar que atravessou gera\u00e7\u00f5es, passando da medicina tradicional de povos antigos at\u00e9 os rituais de beleza atuais. Ent\u00e3o, presente em\u00a0incensos, [&hellip;]<\/p>\n","protected":false},"author":2,"featured_media":62286,"comment_status":"open","ping_status":"open","sticky":false,"template":"","format":"standard","meta":{"footnotes":""},"categories":[42],"tags":[4379,385,5273,19166,28409,28407,28408,28410],"class_list":["post-62285","post","type-post","status-publish","format-standard","has-post-thumbnail","hentry","category-bem-estar","tag-alecrim","tag-bem-estar","tag-cabelo","tag-cha-de-alecrim","tag-cuidados-capilares","tag-cuidados-com-o-cabelo","tag-oleo-de-alecrim","tag-saude-capilar"],"yoast_head":"<!-- This site is optimized with the Yoast SEO plugin v26.5 - https:\/\/yoast.com\/wordpress\/plugins\/seo\/ -->\n<title>Alecrim, descubra os benef\u00edcios da planta para o cabelo - Jornal Fatos e Not\u00edcias<\/title>\n<meta name=\"robots\" content=\"index, follow, max-snippet:-1, max-image-preview:large, max-video-preview:-1\" \/>\n<link rel=\"canonical\" href=\"https:\/\/jornalfatosenoticias.com.br\/index.php\/2025\/10\/01\/alecrim-descubra-os-beneficios-da-planta-para-o-cabelo\/\" \/>\n<meta property=\"og:locale\" content=\"pt_BR\" \/>\n<meta property=\"og:type\" content=\"article\" \/>\n<meta property=\"og:title\" content=\"Alecrim, descubra os benef\u00edcios da planta para o cabelo - Jornal Fatos e Not\u00edcias\" \/>\n<meta property=\"og:description\" content=\"Conhecido desde a Antiguidade, o alecrim ganhou espa\u00e7o nos rituais de beleza atuais e se tornou aliado poderoso contra queda, oleosidade e envelhecimento dos fios Por Isabella Bisordi O alecrim (Rosmarinus officinalis) \u00e9 uma planta milenar que atravessou gera\u00e7\u00f5es, passando da medicina tradicional de povos antigos at\u00e9 os rituais de beleza atuais. Ent\u00e3o, presente em\u00a0incensos, [&hellip;]\" \/>\n<meta property=\"og:url\" content=\"https:\/\/jornalfatosenoticias.com.br\/index.php\/2025\/10\/01\/alecrim-descubra-os-beneficios-da-planta-para-o-cabelo\/\" \/>\n<meta property=\"og:site_name\" content=\"Jornal Fatos e Not\u00edcias\" \/>\n<meta property=\"article:published_time\" content=\"2025-10-01T15:54:54+00:00\" \/>\n<meta property=\"article:modified_time\" content=\"2025-10-01T15:54:56+00:00\" \/>\n<meta property=\"og:image\" content=\"https:\/\/jornalfatosenoticias.com.br\/wp-content\/uploads\/2025\/10\/oleo-de-alecrim-cabelo_freepik.jpg\" \/>\n\t<meta property=\"og:image:width\" content=\"1000\" \/>\n\t<meta property=\"og:image:height\" content=\"666\" \/>\n\t<meta property=\"og:image:type\" content=\"image\/jpeg\" \/>\n<meta name=\"author\" content=\"Luzimara Fernandes\" \/>\n<meta name=\"twitter:card\" content=\"summary_large_image\" \/>\n<meta name=\"twitter:label1\" content=\"Escrito por\" \/>\n\t<meta name=\"twitter:data1\" content=\"Luzimara Fernandes\" \/>\n\t<meta name=\"twitter:label2\" content=\"Est. tempo de leitura\" \/>\n\t<meta name=\"twitter:data2\" content=\"3 minutos\" \/>\n<script type=\"application\/ld+json\" class=\"yoast-schema-graph\">{\"@context\":\"https:\/\/schema.org\",\"@graph\":[{\"@type\":\"Article\",\"@id\":\"https:\/\/jornalfatosenoticias.com.br\/index.php\/2025\/10\/01\/alecrim-descubra-os-beneficios-da-planta-para-o-cabelo\/#article\",\"isPartOf\":{\"@id\":\"https:\/\/jornalfatosenoticias.com.br\/index.php\/2025\/10\/01\/alecrim-descubra-os-beneficios-da-planta-para-o-cabelo\/\"},\"author\":{\"name\":\"Luzimara Fernandes\",\"@id\":\"https:\/\/jornalfatosenoticias.com.br\/#\/schema\/person\/d63837fa13ac8666eb9e74e0985d6f81\"},\"headline\":\"Alecrim, descubra os benef\u00edcios da planta para o cabelo\",\"datePublished\":\"2025-10-01T15:54:54+00:00\",\"dateModified\":\"2025-10-01T15:54:56+00:00\",\"mainEntityOfPage\":{\"@id\":\"https:\/\/jornalfatosenoticias.com.br\/index.php\/2025\/10\/01\/alecrim-descubra-os-beneficios-da-planta-para-o-cabelo\/\"},\"wordCount\":532,\"commentCount\":0,\"publisher\":{\"@id\":\"https:\/\/jornalfatosenoticias.com.br\/#organization\"},\"image\":{\"@id\":\"https:\/\/jornalfatosenoticias.com.br\/index.php\/2025\/10\/01\/alecrim-descubra-os-beneficios-da-planta-para-o-cabelo\/#primaryimage\"},\"thumbnailUrl\":\"https:\/\/jornalfatosenoticias.com.br\/wp-content\/uploads\/2025\/10\/oleo-de-alecrim-cabelo_freepik.jpg\",\"keywords\":[\"alecrim\",\"bem-estar\",\"cabelo\",\"ch\u00e1 de alecrim\",\"cuidados capilares\",\"cuidados com o cabelo\",\"\u00f3leo de alecrim\",\"sa\u00fade capilar\"],\"articleSection\":[\"Bem-estar\"],\"inLanguage\":\"pt-BR\",\"potentialAction\":[{\"@type\":\"CommentAction\",\"name\":\"Comment\",\"target\":[\"https:\/\/jornalfatosenoticias.com.br\/index.php\/2025\/10\/01\/alecrim-descubra-os-beneficios-da-planta-para-o-cabelo\/#respond\"]}]},{\"@type\":\"WebPage\",\"@id\":\"https:\/\/jornalfatosenoticias.com.br\/index.php\/2025\/10\/01\/alecrim-descubra-os-beneficios-da-planta-para-o-cabelo\/\",\"url\":\"https:\/\/jornalfatosenoticias.com.br\/index.php\/2025\/10\/01\/alecrim-descubra-os-beneficios-da-planta-para-o-cabelo\/\",\"name\":\"Alecrim, descubra os benef\u00edcios da planta para o cabelo - Jornal Fatos e Not\u00edcias\",\"isPartOf\":{\"@id\":\"https:\/\/jornalfatosenoticias.com.br\/#website\"},\"primaryImageOfPage\":{\"@id\":\"https:\/\/jornalfatosenoticias.com.br\/index.php\/2025\/10\/01\/alecrim-descubra-os-beneficios-da-planta-para-o-cabelo\/#primaryimage\"},\"image\":{\"@id\":\"https:\/\/jornalfatosenoticias.com.br\/index.php\/2025\/10\/01\/alecrim-descubra-os-beneficios-da-planta-para-o-cabelo\/#primaryimage\"},\"thumbnailUrl\":\"https:\/\/jornalfatosenoticias.com.br\/wp-content\/uploads\/2025\/10\/oleo-de-alecrim-cabelo_freepik.jpg\",\"datePublished\":\"2025-10-01T15:54:54+00:00\",\"dateModified\":\"2025-10-01T15:54:56+00:00\",\"breadcrumb\":{\"@id\":\"https:\/\/jornalfatosenoticias.com.br\/index.php\/2025\/10\/01\/alecrim-descubra-os-beneficios-da-planta-para-o-cabelo\/#breadcrumb\"},\"inLanguage\":\"pt-BR\",\"potentialAction\":[{\"@type\":\"ReadAction\",\"target\":[\"https:\/\/jornalfatosenoticias.com.br\/index.php\/2025\/10\/01\/alecrim-descubra-os-beneficios-da-planta-para-o-cabelo\/\"]}]},{\"@type\":\"ImageObject\",\"inLanguage\":\"pt-BR\",\"@id\":\"https:\/\/jornalfatosenoticias.com.br\/index.php\/2025\/10\/01\/alecrim-descubra-os-beneficios-da-planta-para-o-cabelo\/#primaryimage\",\"url\":\"https:\/\/jornalfatosenoticias.com.br\/wp-content\/uploads\/2025\/10\/oleo-de-alecrim-cabelo_freepik.jpg\",\"contentUrl\":\"https:\/\/jornalfatosenoticias.com.br\/wp-content\/uploads\/2025\/10\/oleo-de-alecrim-cabelo_freepik.jpg\",\"width\":1000,\"height\":666,\"caption\":\"Rosemary oil in bottle with rosemary plants\"},{\"@type\":\"BreadcrumbList\",\"@id\":\"https:\/\/jornalfatosenoticias.com.br\/index.php\/2025\/10\/01\/alecrim-descubra-os-beneficios-da-planta-para-o-cabelo\/#breadcrumb\",\"itemListElement\":[{\"@type\":\"ListItem\",\"position\":1,\"name\":\"In\u00edcio\",\"item\":\"https:\/\/jornalfatosenoticias.com.br\/\"},{\"@type\":\"ListItem\",\"position\":2,\"name\":\"Alecrim, descubra os benef\u00edcios da planta para o cabelo\"}]},{\"@type\":\"WebSite\",\"@id\":\"https:\/\/jornalfatosenoticias.com.br\/#website\",\"url\":\"https:\/\/jornalfatosenoticias.com.br\/\",\"name\":\"Jornal Fatos e Not\u00edcias\",\"description\":\"Not\u00edcias em geral\",\"publisher\":{\"@id\":\"https:\/\/jornalfatosenoticias.com.br\/#organization\"},\"potentialAction\":[{\"@type\":\"SearchAction\",\"target\":{\"@type\":\"EntryPoint\",\"urlTemplate\":\"https:\/\/jornalfatosenoticias.com.br\/?s={search_term_string}\"},\"query-input\":{\"@type\":\"PropertyValueSpecification\",\"valueRequired\":true,\"valueName\":\"search_term_string\"}}],\"inLanguage\":\"pt-BR\"},{\"@type\":\"Organization\",\"@id\":\"https:\/\/jornalfatosenoticias.com.br\/#organization\",\"name\":\"Jornal Fatos e Not\u00edcias\",\"url\":\"https:\/\/jornalfatosenoticias.com.br\/\",\"logo\":{\"@type\":\"ImageObject\",\"inLanguage\":\"pt-BR\",\"@id\":\"https:\/\/jornalfatosenoticias.com.br\/#\/schema\/logo\/image\/\",\"url\":\"https:\/\/jornalfatosenoticias.com.br\/wp-content\/uploads\/2020\/02\/logo120.png\",\"contentUrl\":\"https:\/\/jornalfatosenoticias.com.br\/wp-content\/uploads\/2020\/02\/logo120.png\",\"width\":1227,\"height\":120,\"caption\":\"Jornal Fatos e Not\u00edcias\"},\"image\":{\"@id\":\"https:\/\/jornalfatosenoticias.com.br\/#\/schema\/logo\/image\/\"}},{\"@type\":\"Person\",\"@id\":\"https:\/\/jornalfatosenoticias.com.br\/#\/schema\/person\/d63837fa13ac8666eb9e74e0985d6f81\",\"name\":\"Luzimara Fernandes\",\"image\":{\"@type\":\"ImageObject\",\"inLanguage\":\"pt-BR\",\"@id\":\"https:\/\/jornalfatosenoticias.com.br\/#\/schema\/person\/image\/\",\"url\":\"https:\/\/jornalfatosenoticias.com.br\/wp-content\/uploads\/2025\/05\/EU_portal.jpg\",\"contentUrl\":\"https:\/\/jornalfatosenoticias.com.br\/wp-content\/uploads\/2025\/05\/EU_portal.jpg\",\"caption\":\"Luzimara Fernandes\"},\"description\":\"Jornalista MTB 2358-ES\",\"sameAs\":[\"https:\/\/jornalfatosenoticias.com.br\"],\"url\":\"https:\/\/jornalfatosenoticias.com.br\/index.php\/author\/luzimara\/\"}]}<\/script>\n<!-- \/ Yoast SEO plugin. -->","yoast_head_json":{"title":"Alecrim, descubra os benef\u00edcios da planta para o cabelo - Jornal Fatos e Not\u00edcias","robots":{"index":"index","follow":"follow","max-snippet":"max-snippet:-1","max-image-preview":"max-image-preview:large","max-video-preview":"max-video-preview:-1"},"canonical":"https:\/\/jornalfatosenoticias.com.br\/index.php\/2025\/10\/01\/alecrim-descubra-os-beneficios-da-planta-para-o-cabelo\/","og_locale":"pt_BR","og_type":"article","og_title":"Alecrim, descubra os benef\u00edcios da planta para o cabelo - Jornal Fatos e Not\u00edcias","og_description":"Conhecido desde a Antiguidade, o alecrim ganhou espa\u00e7o nos rituais de beleza atuais e se tornou aliado poderoso contra queda, oleosidade e envelhecimento dos fios Por Isabella Bisordi O alecrim (Rosmarinus officinalis) \u00e9 uma planta milenar que atravessou gera\u00e7\u00f5es, passando da medicina tradicional de povos antigos at\u00e9 os rituais de beleza atuais. Ent\u00e3o, presente em\u00a0incensos, [&hellip;]","og_url":"https:\/\/jornalfatosenoticias.com.br\/index.php\/2025\/10\/01\/alecrim-descubra-os-beneficios-da-planta-para-o-cabelo\/","og_site_name":"Jornal Fatos e Not\u00edcias","article_published_time":"2025-10-01T15:54:54+00:00","article_modified_time":"2025-10-01T15:54:56+00:00","og_image":[{"width":1000,"height":666,"url":"https:\/\/jornalfatosenoticias.com.br\/wp-content\/uploads\/2025\/10\/oleo-de-alecrim-cabelo_freepik.jpg","type":"image\/jpeg"}],"author":"Luzimara Fernandes","twitter_card":"summary_large_image","twitter_misc":{"Escrito por":"Luzimara Fernandes","Est. tempo de leitura":"3 minutos"},"schema":{"@context":"https:\/\/schema.org","@graph":[{"@type":"Article","@id":"https:\/\/jornalfatosenoticias.com.br\/index.php\/2025\/10\/01\/alecrim-descubra-os-beneficios-da-planta-para-o-cabelo\/#article","isPartOf":{"@id":"https:\/\/jornalfatosenoticias.com.br\/index.php\/2025\/10\/01\/alecrim-descubra-os-beneficios-da-planta-para-o-cabelo\/"},"author":{"name":"Luzimara Fernandes","@id":"https:\/\/jornalfatosenoticias.com.br\/#\/schema\/person\/d63837fa13ac8666eb9e74e0985d6f81"},"headline":"Alecrim, descubra os benef\u00edcios da planta para o cabelo","datePublished":"2025-10-01T15:54:54+00:00","dateModified":"2025-10-01T15:54:56+00:00","mainEntityOfPage":{"@id":"https:\/\/jornalfatosenoticias.com.br\/index.php\/2025\/10\/01\/alecrim-descubra-os-beneficios-da-planta-para-o-cabelo\/"},"wordCount":532,"commentCount":0,"publisher":{"@id":"https:\/\/jornalfatosenoticias.com.br\/#organization"},"image":{"@id":"https:\/\/jornalfatosenoticias.com.br\/index.php\/2025\/10\/01\/alecrim-descubra-os-beneficios-da-planta-para-o-cabelo\/#primaryimage"},"thumbnailUrl":"https:\/\/jornalfatosenoticias.com.br\/wp-content\/uploads\/2025\/10\/oleo-de-alecrim-cabelo_freepik.jpg","keywords":["alecrim","bem-estar","cabelo","ch\u00e1 de alecrim","cuidados capilares","cuidados com o cabelo","\u00f3leo de alecrim","sa\u00fade capilar"],"articleSection":["Bem-estar"],"inLanguage":"pt-BR","potentialAction":[{"@type":"CommentAction","name":"Comment","target":["https:\/\/jornalfatosenoticias.com.br\/index.php\/2025\/10\/01\/alecrim-descubra-os-beneficios-da-planta-para-o-cabelo\/#respond"]}]},{"@type":"WebPage","@id":"https:\/\/jornalfatosenoticias.com.br\/index.php\/2025\/10\/01\/alecrim-descubra-os-beneficios-da-planta-para-o-cabelo\/","url":"https:\/\/jornalfatosenoticias.com.br\/index.php\/2025\/10\/01\/alecrim-descubra-os-beneficios-da-planta-para-o-cabelo\/","name":"Alecrim, descubra os benef\u00edcios da planta para o cabelo - Jornal Fatos e Not\u00edcias","isPartOf":{"@id":"https:\/\/jornalfatosenoticias.com.br\/#website"},"primaryImageOfPage":{"@id":"https:\/\/jornalfatosenoticias.com.br\/index.php\/2025\/10\/01\/alecrim-descubra-os-beneficios-da-planta-para-o-cabelo\/#primaryimage"},"image":{"@id":"https:\/\/jornalfatosenoticias.com.br\/index.php\/2025\/10\/01\/alecrim-descubra-os-beneficios-da-planta-para-o-cabelo\/#primaryimage"},"thumbnailUrl":"https:\/\/jornalfatosenoticias.com.br\/wp-content\/uploads\/2025\/10\/oleo-de-alecrim-cabelo_freepik.jpg","datePublished":"2025-10-01T15:54:54+00:00","dateModified":"2025-10-01T15:54:56+00:00","breadcrumb":{"@id":"https:\/\/jornalfatosenoticias.com.br\/index.php\/2025\/10\/01\/alecrim-descubra-os-beneficios-da-planta-para-o-cabelo\/#breadcrumb"},"inLanguage":"pt-BR","potentialAction":[{"@type":"ReadAction","target":["https:\/\/jornalfatosenoticias.com.br\/index.php\/2025\/10\/01\/alecrim-descubra-os-beneficios-da-planta-para-o-cabelo\/"]}]},{"@type":"ImageObject","inLanguage":"pt-BR","@id":"https:\/\/jornalfatosenoticias.com.br\/index.php\/2025\/10\/01\/alecrim-descubra-os-beneficios-da-planta-para-o-cabelo\/#primaryimage","url":"https:\/\/jornalfatosenoticias.com.br\/wp-content\/uploads\/2025\/10\/oleo-de-alecrim-cabelo_freepik.jpg","contentUrl":"https:\/\/jornalfatosenoticias.com.br\/wp-content\/uploads\/2025\/10\/oleo-de-alecrim-cabelo_freepik.jpg","width":1000,"height":666,"caption":"Rosemary oil in bottle with rosemary plants"},{"@type":"BreadcrumbList","@id":"https:\/\/jornalfatosenoticias.com.br\/index.php\/2025\/10\/01\/alecrim-descubra-os-beneficios-da-planta-para-o-cabelo\/#breadcrumb","itemListElement":[{"@type":"ListItem","position":1,"name":"In\u00edcio","item":"https:\/\/jornalfatosenoticias.com.br\/"},{"@type":"ListItem","position":2,"name":"Alecrim, descubra os benef\u00edcios da planta para o cabelo"}]},{"@type":"WebSite","@id":"https:\/\/jornalfatosenoticias.com.br\/#website","url":"https:\/\/jornalfatosenoticias.com.br\/","name":"Jornal Fatos e Not\u00edcias","description":"Not\u00edcias em geral","publisher":{"@id":"https:\/\/jornalfatosenoticias.com.br\/#organization"},"potentialAction":[{"@type":"SearchAction","target":{"@type":"EntryPoint","urlTemplate":"https:\/\/jornalfatosenoticias.com.br\/?s={search_term_string}"},"query-input":{"@type":"PropertyValueSpecification","valueRequired":true,"valueName":"search_term_string"}}],"inLanguage":"pt-BR"},{"@type":"Organization","@id":"https:\/\/jornalfatosenoticias.com.br\/#organization","name":"Jornal Fatos e Not\u00edcias","url":"https:\/\/jornalfatosenoticias.com.br\/","logo":{"@type":"ImageObject","inLanguage":"pt-BR","@id":"https:\/\/jornalfatosenoticias.com.br\/#\/schema\/logo\/image\/","url":"https:\/\/jornalfatosenoticias.com.br\/wp-content\/uploads\/2020\/02\/logo120.png","contentUrl":"https:\/\/jornalfatosenoticias.com.br\/wp-content\/uploads\/2020\/02\/logo120.png","width":1227,"height":120,"caption":"Jornal Fatos e Not\u00edcias"},"image":{"@id":"https:\/\/jornalfatosenoticias.com.br\/#\/schema\/logo\/image\/"}},{"@type":"Person","@id":"https:\/\/jornalfatosenoticias.com.br\/#\/schema\/person\/d63837fa13ac8666eb9e74e0985d6f81","name":"Luzimara Fernandes","image":{"@type":"ImageObject","inLanguage":"pt-BR","@id":"https:\/\/jornalfatosenoticias.com.br\/#\/schema\/person\/image\/","url":"https:\/\/jornalfatosenoticias.com.br\/wp-content\/uploads\/2025\/05\/EU_portal.jpg","contentUrl":"https:\/\/jornalfatosenoticias.com.br\/wp-content\/uploads\/2025\/05\/EU_portal.jpg","caption":"Luzimara Fernandes"},"description":"Jornalista MTB 2358-ES","sameAs":["https:\/\/jornalfatosenoticias.com.br"],"url":"https:\/\/jornalfatosenoticias.com.br\/index.php\/author\/luzimara\/"}]}},"cc_featured_image_caption":{"caption_text":"(Foto: Freepik)  ","source_text":"","source_url":""},"jetpack_featured_media_url":"https:\/\/jornalfatosenoticias.com.br\/wp-content\/uploads\/2025\/10\/oleo-de-alecrim-cabelo_freepik.jpg","_links":{"self":[{"href":"https:\/\/jornalfatosenoticias.com.br\/index.php\/wp-json\/wp\/v2\/posts\/62285","targetHints":{"allow":["GET"]}}],"collection":[{"href":"https:\/\/jornalfatosenoticias.com.br\/index.php\/wp-json\/wp\/v2\/posts"}],"about":[{"href":"https:\/\/jornalfatosenoticias.com.br\/index.php\/wp-json\/wp\/v2\/types\/post"}],"author":[{"embeddable":true,"href":"https:\/\/jornalfatosenoticias.com.br\/index.php\/wp-json\/wp\/v2\/users\/2"}],"replies":[{"embeddable":true,"href":"https:\/\/jornalfatosenoticias.com.br\/index.php\/wp-json\/wp\/v2\/comments?post=62285"}],"version-history":[{"count":0,"href":"https:\/\/jornalfatosenoticias.com.br\/index.php\/wp-json\/wp\/v2\/posts\/62285\/revisions"}],"wp:featuredmedia":[{"embeddable":true,"href":"https:\/\/jornalfatosenoticias.com.br\/index.php\/wp-json\/wp\/v2\/media\/62286"}],"wp:attachment":[{"href":"https:\/\/jornalfatosenoticias.com.br\/index.php\/wp-json\/wp\/v2\/media?parent=62285"}],"wp:term":[{"taxonomy":"category","embeddable":true,"href":"https:\/\/jornalfatosenoticias.com.br\/index.php\/wp-json\/wp\/v2\/categories?post=62285"},{"taxonomy":"post_tag","embeddable":true,"href":"https:\/\/jornalfatosenoticias.com.br\/index.php\/wp-json\/wp\/v2\/tags?post=62285"}],"curies":[{"name":"wp","href":"https:\/\/api.w.org\/{rel}","templated":true}]}}