{"id":62295,"date":"2025-10-01T13:22:20","date_gmt":"2025-10-01T16:22:20","guid":{"rendered":"https:\/\/jornalfatosenoticias.com.br\/?p=62295"},"modified":"2025-10-01T13:22:22","modified_gmt":"2025-10-01T16:22:22","slug":"oito-fatos-sobre-os-sonhos-que-voce-ainda-nao-sabe","status":"publish","type":"post","link":"https:\/\/jornalfatosenoticias.com.br\/index.php\/2025\/10\/01\/oito-fatos-sobre-os-sonhos-que-voce-ainda-nao-sabe\/","title":{"rendered":"Oito fatos sobre os sonhos que voc\u00ea ainda n\u00e3o sabe"},"content":{"rendered":"\n<p><em><span class=\"has-inline-color has-black-color\">Destacamos oito curiosidades sobre esse ato t\u00e3o recorrente e comum, mas ainda enigm\u00e1tico, que ocorre quando dormimos<\/span><\/em><\/p>\n\n\n\n<p><span class=\"has-inline-color has-black-color\">Por <strong><a href=\"https:\/\/olhardigital.com.br\/author\/kelvin-costa\/\">Kelvin Le\u00e3o Nunes da Costa<\/a><\/strong><\/span><\/p>\n\n\n\n<div class=\"wp-block-image\"><figure class=\"aligncenter size-large\"><a href=\"https:\/\/panper.com.br\/\"><img loading=\"lazy\" decoding=\"async\" width=\"1024\" height=\"111\" src=\"https:\/\/jornalfatosenoticias.com.br\/wp-content\/uploads\/2020\/02\/WhatsApp-Image-2022-09-23-at-12.09.18-1024x111.jpeg\" alt=\"\" class=\"wp-image-34527\" srcset=\"https:\/\/jornalfatosenoticias.com.br\/wp-content\/uploads\/2020\/02\/WhatsApp-Image-2022-09-23-at-12.09.18-1024x111.jpeg 1024w, https:\/\/jornalfatosenoticias.com.br\/wp-content\/uploads\/2020\/02\/WhatsApp-Image-2022-09-23-at-12.09.18-300x32.jpeg 300w, https:\/\/jornalfatosenoticias.com.br\/wp-content\/uploads\/2020\/02\/WhatsApp-Image-2022-09-23-at-12.09.18-768x83.jpeg 768w, https:\/\/jornalfatosenoticias.com.br\/wp-content\/uploads\/2020\/02\/WhatsApp-Image-2022-09-23-at-12.09.18.jpeg 1121w\" sizes=\"auto, (max-width: 1024px) 100vw, 1024px\" \/><\/a><\/figure><\/div>\n\n\n\n<p>Os <a href=\"https:\/\/olhardigital.com.br\/2022\/08\/29\/medicina-e-saude\/sonhos-tem-mesmo-significado-psicologo-esclarece-mitos-e-verdades\/\" target=\"_blank\" rel=\"noreferrer noopener\"><strong>sonhos<\/strong><\/a>\u00a0sempre despertaram curiosidade e\u00a0<a href=\"https:\/\/olhardigital.com.br\/2024\/10\/22\/ciencia-e-espaco\/o-que-esta-por-tras-do-fascinio-humano-por-sentir-medo\/\" target=\"_blank\" rel=\"noreferrer noopener\"><strong>fasc\u00ednio<\/strong><\/a> ao longo da hist\u00f3ria. Eles aparecem nas artes, inspirando quadros, filmes, m\u00fasicas e poemas que tentam traduzir suas imagens e sensa\u00e7\u00f5es. De forma geral, sonhos s\u00e3o experi\u00eancias mentais que acontecem durante o sono, combinando emo\u00e7\u00f5es, sons e imagens de maneira intensa e muitas vezes imprevis\u00edvel. Nosso c\u00e9rebro processa mem\u00f3rias, sentimentos e experi\u00eancias do dia a dia, criando cen\u00e1rios que podem ser realistas ou totalmente surreais.<br>Os mist\u00e9rios que cercam os sonhos continuam intrigando cientistas e curiosos, mostrando que ainda h\u00e1 muito a descobrir sobre o que se passa em nossas mentes enquanto dormimos. A seguir, listamos oito fatos sobre os sonhos que voc\u00ea talvez ainda n\u00e3o conhe\u00e7a, revelando sua complexidade e fasc\u00ednio.<\/p>\n\n\n\n<div class=\"wp-block-image\"><figure class=\"aligncenter size-large is-resized\"><a href=\"https:\/\/www.facebook.com\/postobkr\/?locale=pt_BR\"><img loading=\"lazy\" decoding=\"async\" src=\"https:\/\/jornalfatosenoticias.com.br\/wp-content\/uploads\/2023\/08\/BKR-1024x1021.jpg\" alt=\"\" class=\"wp-image-44494\" width=\"288\" height=\"287\" srcset=\"https:\/\/jornalfatosenoticias.com.br\/wp-content\/uploads\/2023\/08\/BKR-1024x1021.jpg 1024w, https:\/\/jornalfatosenoticias.com.br\/wp-content\/uploads\/2023\/08\/BKR-300x300.jpg 300w, https:\/\/jornalfatosenoticias.com.br\/wp-content\/uploads\/2023\/08\/BKR-150x150.jpg 150w, https:\/\/jornalfatosenoticias.com.br\/wp-content\/uploads\/2023\/08\/BKR-768x766.jpg 768w, https:\/\/jornalfatosenoticias.com.br\/wp-content\/uploads\/2023\/08\/BKR.jpg 1080w\" sizes=\"auto, (max-width: 288px) 100vw, 288px\" \/><\/a><\/figure><\/div>\n\n\n\n<p><strong><span class=\"has-inline-color has-vivid-purple-color\">1. Sonhos podem ser em preto e branco<br><\/span><\/strong>Atualmente, a maioria das pessoas sonha em cores. Por\u00e9m, estudos sugerem que as experi\u00eancias visuais ao longo da vida influenciam a percep\u00e7\u00e3o que temos ao sonhar. Por exemplo, em 2008, uma pesquisa da Universidade de Dundee revelou que indiv\u00edduos mais velhos, que cresceram assistindo a programas na \u00e9poca da TV em preto e branco, tendem a ter mais sonhos monocrom\u00e1ticos.<\/p>\n\n\n\n<div class=\"wp-block-image\"><figure class=\"aligncenter size-large is-resized\"><a href=\"https:\/\/legisjuris.com.br\/\"><img loading=\"lazy\" decoding=\"async\" src=\"https:\/\/jornalfatosenoticias.com.br\/wp-content\/uploads\/2024\/09\/Legis-Juris-Consultoria_logo.jpg\" alt=\"\" class=\"wp-image-53915\" width=\"458\" height=\"192\" srcset=\"https:\/\/jornalfatosenoticias.com.br\/wp-content\/uploads\/2024\/09\/Legis-Juris-Consultoria_logo.jpg 969w, https:\/\/jornalfatosenoticias.com.br\/wp-content\/uploads\/2024\/09\/Legis-Juris-Consultoria_logo-300x126.jpg 300w, https:\/\/jornalfatosenoticias.com.br\/wp-content\/uploads\/2024\/09\/Legis-Juris-Consultoria_logo-768x322.jpg 768w\" sizes=\"auto, (max-width: 458px) 100vw, 458px\" \/><\/a><\/figure><\/div>\n\n\n\n<p><strong><span class=\"has-inline-color has-vivid-purple-color\">2. Voc\u00ea n\u00e3o pode sonhar com um rosto que nunca conheceu<br><\/span><\/strong>Provavelmente voc\u00ea se lembra de j\u00e1 ter sonhado com pessoas que nunca viu na vida. Por\u00e9m, voc\u00ea sabia que o c\u00e9rebro humano n\u00e3o cria rostos totalmente novos nos sonhos? As faces dessas pessoas desconhecidas nos sonhos s\u00e3o combina\u00e7\u00f5es de rostos que j\u00e1 vimos ou lembramos de alguma forma. Isso significa que, mesmo que voc\u00ea nunca tenha encontrado aquela pessoa na vida real, seu c\u00e9rebro consegue juntar tra\u00e7os de diversas mem\u00f3rias para criar uma apar\u00eancia \u201cnova\u201d durante o sonho.<\/p>\n\n\n\n<div class=\"wp-block-image\"><figure class=\"aligncenter size-large is-resized\"><a href=\"https:\/\/www.instagram.com\/rcradiadores\/\"><img loading=\"lazy\" decoding=\"async\" src=\"https:\/\/jornalfatosenoticias.com.br\/wp-content\/uploads\/2022\/10\/RC_800x750_page-0001.jpg\" alt=\"\" class=\"wp-image-35338\" width=\"287\" height=\"269\" srcset=\"https:\/\/jornalfatosenoticias.com.br\/wp-content\/uploads\/2022\/10\/RC_800x750_page-0001.jpg 400w, https:\/\/jornalfatosenoticias.com.br\/wp-content\/uploads\/2022\/10\/RC_800x750_page-0001-300x281.jpg 300w\" sizes=\"auto, (max-width: 287px) 100vw, 287px\" \/><\/a><\/figure><\/div>\n\n\n\n<p><strong><span class=\"has-inline-color has-vivid-purple-color\">3. Todos sonham, mesmo sem lembrar<br><\/span><\/strong>Muitas pessoas afirmam que nunca sonham, mas isso n\u00e3o \u00e9 verdade. Todas sonham v\u00e1rias vezes por noite, mesmo que n\u00e3o percebam. A diferen\u00e7a est\u00e1 na lembran\u00e7a: quando o despertar acontece fora da fase REM, o sonho se perde rapidamente. \u00c9 por isso que alguns acreditam que n\u00e3o sonham, quando na realidade apenas n\u00e3o conseguem se lembrar.<\/p>\n\n\n\n<div class=\"wp-block-image\"><figure class=\"aligncenter size-large is-resized\"><a href=\"https:\/\/www.instagram.com\/restaurantepegoretti\/\"><img loading=\"lazy\" decoding=\"async\" src=\"https:\/\/jornalfatosenoticias.com.br\/wp-content\/uploads\/2023\/12\/pegoretti-logo-pdf-1024x389.jpg\" alt=\"\" class=\"wp-image-47536\" width=\"496\" height=\"188\" srcset=\"https:\/\/jornalfatosenoticias.com.br\/wp-content\/uploads\/2023\/12\/pegoretti-logo-pdf-1024x389.jpg 1024w, https:\/\/jornalfatosenoticias.com.br\/wp-content\/uploads\/2023\/12\/pegoretti-logo-pdf-300x114.jpg 300w, https:\/\/jornalfatosenoticias.com.br\/wp-content\/uploads\/2023\/12\/pegoretti-logo-pdf-768x291.jpg 768w, https:\/\/jornalfatosenoticias.com.br\/wp-content\/uploads\/2023\/12\/pegoretti-logo-pdf.jpg 1120w\" sizes=\"auto, (max-width: 496px) 100vw, 496px\" \/><\/a><\/figure><\/div>\n\n\n\n<p><strong><span class=\"has-inline-color has-vivid-purple-color\">4. \u00c9 poss\u00edvel controlar um sonho<br><\/span><\/strong>Algumas pessoas conseguem perceber que est\u00e3o dentro de um sonho enquanto ele acontece. Esse fen\u00f4meno \u00e9 chamado de sonho l\u00facido, j\u00e1 ouviu falar? Durante um sonho l\u00facido, \u00e9 poss\u00edvel influenciar o que acontece: mudar cen\u00e1rios, interagir com personagens ou tomar decis\u00f5es dentro do pr\u00f3prio sonho. No entanto, nem todos conseguem ter sonhos l\u00facidos. Eles exigem aten\u00e7\u00e3o ao pr\u00f3prio estado mental durante o sono e, muitas vezes, pr\u00e1tica e t\u00e9cnicas espec\u00edficas.<\/p>\n\n\n\n<div class=\"wp-block-image\"><figure class=\"aligncenter size-large is-resized\"><a href=\"https:\/\/www.instagram.com\/serra4x4cambioautomatico\/\"><img loading=\"lazy\" decoding=\"async\" src=\"https:\/\/jornalfatosenoticias.com.br\/wp-content\/uploads\/2024\/08\/Serra-4x4-1-886x1024.jpg\" alt=\"\" class=\"wp-image-53632\" width=\"265\" height=\"306\" srcset=\"https:\/\/jornalfatosenoticias.com.br\/wp-content\/uploads\/2024\/08\/Serra-4x4-1-886x1024.jpg 886w, https:\/\/jornalfatosenoticias.com.br\/wp-content\/uploads\/2024\/08\/Serra-4x4-1-260x300.jpg 260w, https:\/\/jornalfatosenoticias.com.br\/wp-content\/uploads\/2024\/08\/Serra-4x4-1-768x888.jpg 768w, https:\/\/jornalfatosenoticias.com.br\/wp-content\/uploads\/2024\/08\/Serra-4x4-1.jpg 1181w\" sizes=\"auto, (max-width: 265px) 100vw, 265px\" \/><\/a><\/figure><\/div>\n\n\n\n<p><strong><span class=\"has-inline-color has-vivid-purple-color\">5. Pesadelos podem nos ajudar<br><\/span><\/strong>Apesar de serem desagrad\u00e1veis, os pesadelos t\u00eam uma fun\u00e7\u00e3o importante. Eles podem preparar o c\u00e9rebro para lidar com situa\u00e7\u00f5es de estresse ou medo. Durante um pesadelo, enfrentamos emo\u00e7\u00f5es intensas que ajudam a processar ansiedades e traumas. Psic\u00f3logos afirmam que, de certa forma, os pesadelos funcionam como um treino emocional.<\/p>\n\n\n\n<div class=\"wp-block-image\"><figure class=\"aligncenter size-large is-resized\"><a href=\"https:\/\/www.facebook.com\/profile.php?id=100069289606145\"><img loading=\"lazy\" decoding=\"async\" src=\"https:\/\/jornalfatosenoticias.com.br\/wp-content\/uploads\/2024\/11\/Guaitolini-Contabilidade-1024x714.jpeg\" alt=\"\" class=\"wp-image-55808\" width=\"331\" height=\"230\" srcset=\"https:\/\/jornalfatosenoticias.com.br\/wp-content\/uploads\/2024\/11\/Guaitolini-Contabilidade-1024x714.jpeg 1024w, https:\/\/jornalfatosenoticias.com.br\/wp-content\/uploads\/2024\/11\/Guaitolini-Contabilidade-300x209.jpeg 300w, https:\/\/jornalfatosenoticias.com.br\/wp-content\/uploads\/2024\/11\/Guaitolini-Contabilidade-768x535.jpeg 768w, https:\/\/jornalfatosenoticias.com.br\/wp-content\/uploads\/2024\/11\/Guaitolini-Contabilidade.jpeg 1280w\" sizes=\"auto, (max-width: 331px) 100vw, 331px\" \/><\/a><\/figure><\/div>\n\n\n\n<p><strong><span class=\"has-inline-color has-vivid-purple-color\">6. Sonhar pode melhorar a mem\u00f3ria<br><\/span><\/strong>O sono desempenha um papel essencial na consolida\u00e7\u00e3o da mem\u00f3ria. Sonhar, especialmente durante a fase REM, ajuda o c\u00e9rebro a organizar e fortalecer lembran\u00e7as recentes. \u00c9 nesse per\u00edodo que aprendemos melhor e conseguimos reter informa\u00e7\u00f5es. Por isso, pessoas que t\u00eam um sono mais consistente e sonhos frequentes tendem a se lembrar melhor de fatos e experi\u00eancias do dia a dia.<\/p>\n\n\n\n<div class=\"wp-block-image\"><figure class=\"aligncenter size-large is-resized\"><a href=\"https:\/\/www.instagram.com\/gruposei\/\"><img loading=\"lazy\" decoding=\"async\" src=\"https:\/\/jornalfatosenoticias.com.br\/wp-content\/uploads\/2022\/07\/Logo-Grupo-SEI.jpg\" alt=\"\" class=\"wp-image-31973\" width=\"360\" height=\"189\" srcset=\"https:\/\/jornalfatosenoticias.com.br\/wp-content\/uploads\/2022\/07\/Logo-Grupo-SEI.jpg 713w, https:\/\/jornalfatosenoticias.com.br\/wp-content\/uploads\/2022\/07\/Logo-Grupo-SEI-300x158.jpg 300w\" sizes=\"auto, (max-width: 360px) 100vw, 360px\" \/><\/a><\/figure><\/div>\n\n\n\n<p><strong><span class=\"has-inline-color has-vivid-purple-color\">7. Sonhar pode filtrar mem\u00f3rias in\u00fateis<br><\/span><\/strong>Al\u00e9m de melhorar a mem\u00f3ria, o sonho tamb\u00e9m \u00e9 \u00fatil para eliminar lembran\u00e7as in\u00fateis. Durante o sono, o c\u00e9rebro n\u00e3o apenas fortalece mem\u00f3rias importantes, como tamb\u00e9m filtra informa\u00e7\u00f5es irrelevantes. Isso significa que, ao sonhar, voc\u00ea ajuda seu c\u00e9rebro a descartar detalhes desnecess\u00e1rios acumulados ao longo do dia.<\/p>\n\n\n\n<div class=\"wp-block-image\"><figure class=\"aligncenter size-large\"><a href=\"https:\/\/www.cesconetto.com.br\/\"><img loading=\"lazy\" decoding=\"async\" width=\"300\" height=\"250\" src=\"https:\/\/jornalfatosenoticias.com.br\/wp-content\/uploads\/2022\/02\/Banner-2.png\" alt=\"\" class=\"wp-image-27877\"\/><\/a><\/figure><\/div>\n\n\n\n<p><strong><span class=\"has-inline-color has-vivid-purple-color\">8. Sonhos podem influenciar decis\u00f5es<br><\/span><\/strong>Mesmo que voc\u00ea n\u00e3o perceba, sonhos podem afetar escolhas e julgamentos. Pesquisas mostram que ideias e solu\u00e7\u00f5es podem surgir a partir de experi\u00eancias sonhadas. Por isso, \u00e9 comum acordar com insights que pareciam imposs\u00edveis durante o dia.<\/p>\n\n\n\n<div class=\"wp-block-image\"><figure class=\"aligncenter size-large is-resized\"><a href=\"https:\/\/hotelmarquetti.com.br\/\"><img loading=\"lazy\" decoding=\"async\" src=\"https:\/\/jornalfatosenoticias.com.br\/wp-content\/uploads\/2020\/02\/LOGO-MQ-1024x680.jpg\" alt=\"\" class=\"wp-image-58299\" width=\"331\" height=\"220\" srcset=\"https:\/\/jornalfatosenoticias.com.br\/wp-content\/uploads\/2020\/02\/LOGO-MQ-1024x680.jpg 1024w, https:\/\/jornalfatosenoticias.com.br\/wp-content\/uploads\/2020\/02\/LOGO-MQ-300x199.jpg 300w, https:\/\/jornalfatosenoticias.com.br\/wp-content\/uploads\/2020\/02\/LOGO-MQ-768x510.jpg 768w, https:\/\/jornalfatosenoticias.com.br\/wp-content\/uploads\/2020\/02\/LOGO-MQ-1536x1020.jpg 1536w, https:\/\/jornalfatosenoticias.com.br\/wp-content\/uploads\/2020\/02\/LOGO-MQ-2048x1360.jpg 2048w\" sizes=\"auto, (max-width: 331px) 100vw, 331px\" \/><\/a><\/figure><\/div>\n\n\n\n<p>Um exemplo disso \u00e9 a chamada incuba\u00e7\u00e3o dos sonhos, estudada pela psic\u00f3loga Deirdre Barrett, da Harvard Medical School. Trata-se de uma t\u00e9cnica em que a pessoa foca em um problema ou quest\u00e3o antes de dormir, aumentando as chances de o tema aparecer nos sonhos. Em alguns casos, esse processo pode gerar novas perspectivas ou at\u00e9 solu\u00e7\u00f5es criativas ao acordar.<\/p>\n\n\n\n<div class=\"wp-block-image\"><figure class=\"aligncenter size-large\"><a href=\"http:\/\/www.ferrarimaquinas.com.br\/\"><img loading=\"lazy\" decoding=\"async\" width=\"300\" height=\"250\" src=\"https:\/\/jornalfatosenoticias.com.br\/wp-content\/uploads\/2022\/02\/FERRARI_MAQUINAS-E-FERRAMENTAS2.jpg\" alt=\"\" class=\"wp-image-27860\"\/><\/a><\/figure><\/div>\n\n\n\n<p><strong>Fonte: <a href=\"https:\/\/olhardigital.com.br\/2025\/09\/29\/ciencia-e-espaco\/8-fatos-sobre-os-sonhos-que-voce-ainda-nao-sabe\/\">Olhar Digital<\/a><\/strong><\/p>\n","protected":false},"excerpt":{"rendered":"<p>Destacamos oito curiosidades sobre esse ato t\u00e3o recorrente e comum, mas ainda enigm\u00e1tico, que ocorre quando dormimos Por Kelvin Le\u00e3o Nunes da Costa Os sonhos\u00a0sempre despertaram curiosidade e\u00a0fasc\u00ednio ao longo da hist\u00f3ria. Eles aparecem nas artes, inspirando quadros, filmes, m\u00fasicas e poemas que tentam traduzir suas imagens e sensa\u00e7\u00f5es. De forma geral, sonhos s\u00e3o experi\u00eancias [&hellip;]<\/p>\n","protected":false},"author":2,"featured_media":62297,"comment_status":"open","ping_status":"open","sticky":false,"template":"","format":"standard","meta":{"footnotes":""},"categories":[2522],"tags":[2336,15081,28413,3247,2373,2251],"class_list":["post-62295","post","type-post","status-publish","format-standard","has-post-thumbnail","hentry","category-comportamento","tag-cerebro","tag-estudo-do-sono","tag-estudo-dos-sonhos","tag-memoria","tag-mente","tag-sonhos"],"yoast_head":"<!-- This site is optimized with the Yoast SEO plugin v26.5 - https:\/\/yoast.com\/wordpress\/plugins\/seo\/ -->\n<title>Oito fatos sobre os sonhos que voc\u00ea ainda n\u00e3o sabe - Jornal Fatos e Not\u00edcias<\/title>\n<meta name=\"robots\" content=\"index, follow, max-snippet:-1, max-image-preview:large, max-video-preview:-1\" \/>\n<link rel=\"canonical\" href=\"https:\/\/jornalfatosenoticias.com.br\/index.php\/2025\/10\/01\/oito-fatos-sobre-os-sonhos-que-voce-ainda-nao-sabe\/\" \/>\n<meta property=\"og:locale\" content=\"pt_BR\" \/>\n<meta property=\"og:type\" content=\"article\" \/>\n<meta property=\"og:title\" content=\"Oito fatos sobre os sonhos que voc\u00ea ainda n\u00e3o sabe - Jornal Fatos e Not\u00edcias\" \/>\n<meta property=\"og:description\" content=\"Destacamos oito curiosidades sobre esse ato t\u00e3o recorrente e comum, mas ainda enigm\u00e1tico, que ocorre quando dormimos Por Kelvin Le\u00e3o Nunes da Costa Os sonhos\u00a0sempre despertaram curiosidade e\u00a0fasc\u00ednio ao longo da hist\u00f3ria. Eles aparecem nas artes, inspirando quadros, filmes, m\u00fasicas e poemas que tentam traduzir suas imagens e sensa\u00e7\u00f5es. De forma geral, sonhos s\u00e3o experi\u00eancias [&hellip;]\" \/>\n<meta property=\"og:url\" content=\"https:\/\/jornalfatosenoticias.com.br\/index.php\/2025\/10\/01\/oito-fatos-sobre-os-sonhos-que-voce-ainda-nao-sabe\/\" \/>\n<meta property=\"og:site_name\" content=\"Jornal Fatos e Not\u00edcias\" \/>\n<meta property=\"article:published_time\" content=\"2025-10-01T16:22:20+00:00\" \/>\n<meta property=\"article:modified_time\" content=\"2025-10-01T16:22:22+00:00\" \/>\n<meta property=\"og:image\" content=\"https:\/\/jornalfatosenoticias.com.br\/wp-content\/uploads\/2025\/10\/SONHOS_FREEPIK-IA.jpg\" \/>\n\t<meta property=\"og:image:width\" content=\"1000\" \/>\n\t<meta property=\"og:image:height\" content=\"759\" \/>\n\t<meta property=\"og:image:type\" content=\"image\/jpeg\" \/>\n<meta name=\"author\" content=\"Luzimara Fernandes\" \/>\n<meta name=\"twitter:card\" content=\"summary_large_image\" \/>\n<meta name=\"twitter:label1\" content=\"Escrito por\" \/>\n\t<meta name=\"twitter:data1\" content=\"Luzimara Fernandes\" \/>\n\t<meta name=\"twitter:label2\" content=\"Est. tempo de leitura\" \/>\n\t<meta name=\"twitter:data2\" content=\"4 minutos\" \/>\n<script type=\"application\/ld+json\" class=\"yoast-schema-graph\">{\"@context\":\"https:\/\/schema.org\",\"@graph\":[{\"@type\":\"Article\",\"@id\":\"https:\/\/jornalfatosenoticias.com.br\/index.php\/2025\/10\/01\/oito-fatos-sobre-os-sonhos-que-voce-ainda-nao-sabe\/#article\",\"isPartOf\":{\"@id\":\"https:\/\/jornalfatosenoticias.com.br\/index.php\/2025\/10\/01\/oito-fatos-sobre-os-sonhos-que-voce-ainda-nao-sabe\/\"},\"author\":{\"name\":\"Luzimara Fernandes\",\"@id\":\"https:\/\/jornalfatosenoticias.com.br\/#\/schema\/person\/d63837fa13ac8666eb9e74e0985d6f81\"},\"headline\":\"Oito fatos sobre os sonhos que voc\u00ea ainda n\u00e3o sabe\",\"datePublished\":\"2025-10-01T16:22:20+00:00\",\"dateModified\":\"2025-10-01T16:22:22+00:00\",\"mainEntityOfPage\":{\"@id\":\"https:\/\/jornalfatosenoticias.com.br\/index.php\/2025\/10\/01\/oito-fatos-sobre-os-sonhos-que-voce-ainda-nao-sabe\/\"},\"wordCount\":803,\"commentCount\":0,\"publisher\":{\"@id\":\"https:\/\/jornalfatosenoticias.com.br\/#organization\"},\"image\":{\"@id\":\"https:\/\/jornalfatosenoticias.com.br\/index.php\/2025\/10\/01\/oito-fatos-sobre-os-sonhos-que-voce-ainda-nao-sabe\/#primaryimage\"},\"thumbnailUrl\":\"https:\/\/jornalfatosenoticias.com.br\/wp-content\/uploads\/2025\/10\/SONHOS_FREEPIK-IA.jpg\",\"keywords\":[\"c\u00e9rebro\",\"estudo do sono\",\"estudo dos sonhos\",\"mem\u00f3ria\",\"mente\",\"sonhos\"],\"articleSection\":[\"Comportamento &amp; Equil\u00edbrio\"],\"inLanguage\":\"pt-BR\",\"potentialAction\":[{\"@type\":\"CommentAction\",\"name\":\"Comment\",\"target\":[\"https:\/\/jornalfatosenoticias.com.br\/index.php\/2025\/10\/01\/oito-fatos-sobre-os-sonhos-que-voce-ainda-nao-sabe\/#respond\"]}]},{\"@type\":\"WebPage\",\"@id\":\"https:\/\/jornalfatosenoticias.com.br\/index.php\/2025\/10\/01\/oito-fatos-sobre-os-sonhos-que-voce-ainda-nao-sabe\/\",\"url\":\"https:\/\/jornalfatosenoticias.com.br\/index.php\/2025\/10\/01\/oito-fatos-sobre-os-sonhos-que-voce-ainda-nao-sabe\/\",\"name\":\"Oito fatos sobre os sonhos que voc\u00ea ainda n\u00e3o sabe - Jornal Fatos e Not\u00edcias\",\"isPartOf\":{\"@id\":\"https:\/\/jornalfatosenoticias.com.br\/#website\"},\"primaryImageOfPage\":{\"@id\":\"https:\/\/jornalfatosenoticias.com.br\/index.php\/2025\/10\/01\/oito-fatos-sobre-os-sonhos-que-voce-ainda-nao-sabe\/#primaryimage\"},\"image\":{\"@id\":\"https:\/\/jornalfatosenoticias.com.br\/index.php\/2025\/10\/01\/oito-fatos-sobre-os-sonhos-que-voce-ainda-nao-sabe\/#primaryimage\"},\"thumbnailUrl\":\"https:\/\/jornalfatosenoticias.com.br\/wp-content\/uploads\/2025\/10\/SONHOS_FREEPIK-IA.jpg\",\"datePublished\":\"2025-10-01T16:22:20+00:00\",\"dateModified\":\"2025-10-01T16:22:22+00:00\",\"breadcrumb\":{\"@id\":\"https:\/\/jornalfatosenoticias.com.br\/index.php\/2025\/10\/01\/oito-fatos-sobre-os-sonhos-que-voce-ainda-nao-sabe\/#breadcrumb\"},\"inLanguage\":\"pt-BR\",\"potentialAction\":[{\"@type\":\"ReadAction\",\"target\":[\"https:\/\/jornalfatosenoticias.com.br\/index.php\/2025\/10\/01\/oito-fatos-sobre-os-sonhos-que-voce-ainda-nao-sabe\/\"]}]},{\"@type\":\"ImageObject\",\"inLanguage\":\"pt-BR\",\"@id\":\"https:\/\/jornalfatosenoticias.com.br\/index.php\/2025\/10\/01\/oito-fatos-sobre-os-sonhos-que-voce-ainda-nao-sabe\/#primaryimage\",\"url\":\"https:\/\/jornalfatosenoticias.com.br\/wp-content\/uploads\/2025\/10\/SONHOS_FREEPIK-IA.jpg\",\"contentUrl\":\"https:\/\/jornalfatosenoticias.com.br\/wp-content\/uploads\/2025\/10\/SONHOS_FREEPIK-IA.jpg\",\"width\":1000,\"height\":759},{\"@type\":\"BreadcrumbList\",\"@id\":\"https:\/\/jornalfatosenoticias.com.br\/index.php\/2025\/10\/01\/oito-fatos-sobre-os-sonhos-que-voce-ainda-nao-sabe\/#breadcrumb\",\"itemListElement\":[{\"@type\":\"ListItem\",\"position\":1,\"name\":\"In\u00edcio\",\"item\":\"https:\/\/jornalfatosenoticias.com.br\/\"},{\"@type\":\"ListItem\",\"position\":2,\"name\":\"Oito fatos sobre os sonhos que voc\u00ea ainda n\u00e3o sabe\"}]},{\"@type\":\"WebSite\",\"@id\":\"https:\/\/jornalfatosenoticias.com.br\/#website\",\"url\":\"https:\/\/jornalfatosenoticias.com.br\/\",\"name\":\"Jornal Fatos e Not\u00edcias\",\"description\":\"Not\u00edcias em geral\",\"publisher\":{\"@id\":\"https:\/\/jornalfatosenoticias.com.br\/#organization\"},\"potentialAction\":[{\"@type\":\"SearchAction\",\"target\":{\"@type\":\"EntryPoint\",\"urlTemplate\":\"https:\/\/jornalfatosenoticias.com.br\/?s={search_term_string}\"},\"query-input\":{\"@type\":\"PropertyValueSpecification\",\"valueRequired\":true,\"valueName\":\"search_term_string\"}}],\"inLanguage\":\"pt-BR\"},{\"@type\":\"Organization\",\"@id\":\"https:\/\/jornalfatosenoticias.com.br\/#organization\",\"name\":\"Jornal Fatos e Not\u00edcias\",\"url\":\"https:\/\/jornalfatosenoticias.com.br\/\",\"logo\":{\"@type\":\"ImageObject\",\"inLanguage\":\"pt-BR\",\"@id\":\"https:\/\/jornalfatosenoticias.com.br\/#\/schema\/logo\/image\/\",\"url\":\"https:\/\/jornalfatosenoticias.com.br\/wp-content\/uploads\/2020\/02\/logo120.png\",\"contentUrl\":\"https:\/\/jornalfatosenoticias.com.br\/wp-content\/uploads\/2020\/02\/logo120.png\",\"width\":1227,\"height\":120,\"caption\":\"Jornal Fatos e Not\u00edcias\"},\"image\":{\"@id\":\"https:\/\/jornalfatosenoticias.com.br\/#\/schema\/logo\/image\/\"}},{\"@type\":\"Person\",\"@id\":\"https:\/\/jornalfatosenoticias.com.br\/#\/schema\/person\/d63837fa13ac8666eb9e74e0985d6f81\",\"name\":\"Luzimara Fernandes\",\"image\":{\"@type\":\"ImageObject\",\"inLanguage\":\"pt-BR\",\"@id\":\"https:\/\/jornalfatosenoticias.com.br\/#\/schema\/person\/image\/\",\"url\":\"https:\/\/jornalfatosenoticias.com.br\/wp-content\/uploads\/2025\/05\/EU_portal.jpg\",\"contentUrl\":\"https:\/\/jornalfatosenoticias.com.br\/wp-content\/uploads\/2025\/05\/EU_portal.jpg\",\"caption\":\"Luzimara Fernandes\"},\"description\":\"Jornalista MTB 2358-ES\",\"sameAs\":[\"https:\/\/jornalfatosenoticias.com.br\"],\"url\":\"https:\/\/jornalfatosenoticias.com.br\/index.php\/author\/luzimara\/\"}]}<\/script>\n<!-- \/ Yoast SEO plugin. -->","yoast_head_json":{"title":"Oito fatos sobre os sonhos que voc\u00ea ainda n\u00e3o sabe - Jornal Fatos e Not\u00edcias","robots":{"index":"index","follow":"follow","max-snippet":"max-snippet:-1","max-image-preview":"max-image-preview:large","max-video-preview":"max-video-preview:-1"},"canonical":"https:\/\/jornalfatosenoticias.com.br\/index.php\/2025\/10\/01\/oito-fatos-sobre-os-sonhos-que-voce-ainda-nao-sabe\/","og_locale":"pt_BR","og_type":"article","og_title":"Oito fatos sobre os sonhos que voc\u00ea ainda n\u00e3o sabe - Jornal Fatos e Not\u00edcias","og_description":"Destacamos oito curiosidades sobre esse ato t\u00e3o recorrente e comum, mas ainda enigm\u00e1tico, que ocorre quando dormimos Por Kelvin Le\u00e3o Nunes da Costa Os sonhos\u00a0sempre despertaram curiosidade e\u00a0fasc\u00ednio ao longo da hist\u00f3ria. Eles aparecem nas artes, inspirando quadros, filmes, m\u00fasicas e poemas que tentam traduzir suas imagens e sensa\u00e7\u00f5es. De forma geral, sonhos s\u00e3o experi\u00eancias [&hellip;]","og_url":"https:\/\/jornalfatosenoticias.com.br\/index.php\/2025\/10\/01\/oito-fatos-sobre-os-sonhos-que-voce-ainda-nao-sabe\/","og_site_name":"Jornal Fatos e Not\u00edcias","article_published_time":"2025-10-01T16:22:20+00:00","article_modified_time":"2025-10-01T16:22:22+00:00","og_image":[{"width":1000,"height":759,"url":"https:\/\/jornalfatosenoticias.com.br\/wp-content\/uploads\/2025\/10\/SONHOS_FREEPIK-IA.jpg","type":"image\/jpeg"}],"author":"Luzimara Fernandes","twitter_card":"summary_large_image","twitter_misc":{"Escrito por":"Luzimara Fernandes","Est. tempo de leitura":"4 minutos"},"schema":{"@context":"https:\/\/schema.org","@graph":[{"@type":"Article","@id":"https:\/\/jornalfatosenoticias.com.br\/index.php\/2025\/10\/01\/oito-fatos-sobre-os-sonhos-que-voce-ainda-nao-sabe\/#article","isPartOf":{"@id":"https:\/\/jornalfatosenoticias.com.br\/index.php\/2025\/10\/01\/oito-fatos-sobre-os-sonhos-que-voce-ainda-nao-sabe\/"},"author":{"name":"Luzimara Fernandes","@id":"https:\/\/jornalfatosenoticias.com.br\/#\/schema\/person\/d63837fa13ac8666eb9e74e0985d6f81"},"headline":"Oito fatos sobre os sonhos que voc\u00ea ainda n\u00e3o sabe","datePublished":"2025-10-01T16:22:20+00:00","dateModified":"2025-10-01T16:22:22+00:00","mainEntityOfPage":{"@id":"https:\/\/jornalfatosenoticias.com.br\/index.php\/2025\/10\/01\/oito-fatos-sobre-os-sonhos-que-voce-ainda-nao-sabe\/"},"wordCount":803,"commentCount":0,"publisher":{"@id":"https:\/\/jornalfatosenoticias.com.br\/#organization"},"image":{"@id":"https:\/\/jornalfatosenoticias.com.br\/index.php\/2025\/10\/01\/oito-fatos-sobre-os-sonhos-que-voce-ainda-nao-sabe\/#primaryimage"},"thumbnailUrl":"https:\/\/jornalfatosenoticias.com.br\/wp-content\/uploads\/2025\/10\/SONHOS_FREEPIK-IA.jpg","keywords":["c\u00e9rebro","estudo do sono","estudo dos sonhos","mem\u00f3ria","mente","sonhos"],"articleSection":["Comportamento &amp; Equil\u00edbrio"],"inLanguage":"pt-BR","potentialAction":[{"@type":"CommentAction","name":"Comment","target":["https:\/\/jornalfatosenoticias.com.br\/index.php\/2025\/10\/01\/oito-fatos-sobre-os-sonhos-que-voce-ainda-nao-sabe\/#respond"]}]},{"@type":"WebPage","@id":"https:\/\/jornalfatosenoticias.com.br\/index.php\/2025\/10\/01\/oito-fatos-sobre-os-sonhos-que-voce-ainda-nao-sabe\/","url":"https:\/\/jornalfatosenoticias.com.br\/index.php\/2025\/10\/01\/oito-fatos-sobre-os-sonhos-que-voce-ainda-nao-sabe\/","name":"Oito fatos sobre os sonhos que voc\u00ea ainda n\u00e3o sabe - Jornal Fatos e Not\u00edcias","isPartOf":{"@id":"https:\/\/jornalfatosenoticias.com.br\/#website"},"primaryImageOfPage":{"@id":"https:\/\/jornalfatosenoticias.com.br\/index.php\/2025\/10\/01\/oito-fatos-sobre-os-sonhos-que-voce-ainda-nao-sabe\/#primaryimage"},"image":{"@id":"https:\/\/jornalfatosenoticias.com.br\/index.php\/2025\/10\/01\/oito-fatos-sobre-os-sonhos-que-voce-ainda-nao-sabe\/#primaryimage"},"thumbnailUrl":"https:\/\/jornalfatosenoticias.com.br\/wp-content\/uploads\/2025\/10\/SONHOS_FREEPIK-IA.jpg","datePublished":"2025-10-01T16:22:20+00:00","dateModified":"2025-10-01T16:22:22+00:00","breadcrumb":{"@id":"https:\/\/jornalfatosenoticias.com.br\/index.php\/2025\/10\/01\/oito-fatos-sobre-os-sonhos-que-voce-ainda-nao-sabe\/#breadcrumb"},"inLanguage":"pt-BR","potentialAction":[{"@type":"ReadAction","target":["https:\/\/jornalfatosenoticias.com.br\/index.php\/2025\/10\/01\/oito-fatos-sobre-os-sonhos-que-voce-ainda-nao-sabe\/"]}]},{"@type":"ImageObject","inLanguage":"pt-BR","@id":"https:\/\/jornalfatosenoticias.com.br\/index.php\/2025\/10\/01\/oito-fatos-sobre-os-sonhos-que-voce-ainda-nao-sabe\/#primaryimage","url":"https:\/\/jornalfatosenoticias.com.br\/wp-content\/uploads\/2025\/10\/SONHOS_FREEPIK-IA.jpg","contentUrl":"https:\/\/jornalfatosenoticias.com.br\/wp-content\/uploads\/2025\/10\/SONHOS_FREEPIK-IA.jpg","width":1000,"height":759},{"@type":"BreadcrumbList","@id":"https:\/\/jornalfatosenoticias.com.br\/index.php\/2025\/10\/01\/oito-fatos-sobre-os-sonhos-que-voce-ainda-nao-sabe\/#breadcrumb","itemListElement":[{"@type":"ListItem","position":1,"name":"In\u00edcio","item":"https:\/\/jornalfatosenoticias.com.br\/"},{"@type":"ListItem","position":2,"name":"Oito fatos sobre os sonhos que voc\u00ea ainda n\u00e3o sabe"}]},{"@type":"WebSite","@id":"https:\/\/jornalfatosenoticias.com.br\/#website","url":"https:\/\/jornalfatosenoticias.com.br\/","name":"Jornal Fatos e Not\u00edcias","description":"Not\u00edcias em geral","publisher":{"@id":"https:\/\/jornalfatosenoticias.com.br\/#organization"},"potentialAction":[{"@type":"SearchAction","target":{"@type":"EntryPoint","urlTemplate":"https:\/\/jornalfatosenoticias.com.br\/?s={search_term_string}"},"query-input":{"@type":"PropertyValueSpecification","valueRequired":true,"valueName":"search_term_string"}}],"inLanguage":"pt-BR"},{"@type":"Organization","@id":"https:\/\/jornalfatosenoticias.com.br\/#organization","name":"Jornal Fatos e Not\u00edcias","url":"https:\/\/jornalfatosenoticias.com.br\/","logo":{"@type":"ImageObject","inLanguage":"pt-BR","@id":"https:\/\/jornalfatosenoticias.com.br\/#\/schema\/logo\/image\/","url":"https:\/\/jornalfatosenoticias.com.br\/wp-content\/uploads\/2020\/02\/logo120.png","contentUrl":"https:\/\/jornalfatosenoticias.com.br\/wp-content\/uploads\/2020\/02\/logo120.png","width":1227,"height":120,"caption":"Jornal Fatos e Not\u00edcias"},"image":{"@id":"https:\/\/jornalfatosenoticias.com.br\/#\/schema\/logo\/image\/"}},{"@type":"Person","@id":"https:\/\/jornalfatosenoticias.com.br\/#\/schema\/person\/d63837fa13ac8666eb9e74e0985d6f81","name":"Luzimara Fernandes","image":{"@type":"ImageObject","inLanguage":"pt-BR","@id":"https:\/\/jornalfatosenoticias.com.br\/#\/schema\/person\/image\/","url":"https:\/\/jornalfatosenoticias.com.br\/wp-content\/uploads\/2025\/05\/EU_portal.jpg","contentUrl":"https:\/\/jornalfatosenoticias.com.br\/wp-content\/uploads\/2025\/05\/EU_portal.jpg","caption":"Luzimara Fernandes"},"description":"Jornalista MTB 2358-ES","sameAs":["https:\/\/jornalfatosenoticias.com.br"],"url":"https:\/\/jornalfatosenoticias.com.br\/index.php\/author\/luzimara\/"}]}},"cc_featured_image_caption":{"caption_text":"(Foto: Freepik com IA) ","source_text":"","source_url":""},"jetpack_featured_media_url":"https:\/\/jornalfatosenoticias.com.br\/wp-content\/uploads\/2025\/10\/SONHOS_FREEPIK-IA.jpg","_links":{"self":[{"href":"https:\/\/jornalfatosenoticias.com.br\/index.php\/wp-json\/wp\/v2\/posts\/62295","targetHints":{"allow":["GET"]}}],"collection":[{"href":"https:\/\/jornalfatosenoticias.com.br\/index.php\/wp-json\/wp\/v2\/posts"}],"about":[{"href":"https:\/\/jornalfatosenoticias.com.br\/index.php\/wp-json\/wp\/v2\/types\/post"}],"author":[{"embeddable":true,"href":"https:\/\/jornalfatosenoticias.com.br\/index.php\/wp-json\/wp\/v2\/users\/2"}],"replies":[{"embeddable":true,"href":"https:\/\/jornalfatosenoticias.com.br\/index.php\/wp-json\/wp\/v2\/comments?post=62295"}],"version-history":[{"count":0,"href":"https:\/\/jornalfatosenoticias.com.br\/index.php\/wp-json\/wp\/v2\/posts\/62295\/revisions"}],"wp:featuredmedia":[{"embeddable":true,"href":"https:\/\/jornalfatosenoticias.com.br\/index.php\/wp-json\/wp\/v2\/media\/62297"}],"wp:attachment":[{"href":"https:\/\/jornalfatosenoticias.com.br\/index.php\/wp-json\/wp\/v2\/media?parent=62295"}],"wp:term":[{"taxonomy":"category","embeddable":true,"href":"https:\/\/jornalfatosenoticias.com.br\/index.php\/wp-json\/wp\/v2\/categories?post=62295"},{"taxonomy":"post_tag","embeddable":true,"href":"https:\/\/jornalfatosenoticias.com.br\/index.php\/wp-json\/wp\/v2\/tags?post=62295"}],"curies":[{"name":"wp","href":"https:\/\/api.w.org\/{rel}","templated":true}]}}