{"id":62302,"date":"2025-10-02T14:39:21","date_gmt":"2025-10-02T17:39:21","guid":{"rendered":"https:\/\/jornalfatosenoticias.com.br\/?p=62302"},"modified":"2025-10-02T14:39:23","modified_gmt":"2025-10-02T17:39:23","slug":"a-semana-no-brasil-e-no-mundo-efeito-lula-divida-publica-sobe-259-em-agosto-e-alcanca-r-81-tri","status":"publish","type":"post","link":"https:\/\/jornalfatosenoticias.com.br\/index.php\/2025\/10\/02\/a-semana-no-brasil-e-no-mundo-efeito-lula-divida-publica-sobe-259-em-agosto-e-alcanca-r-81-tri\/","title":{"rendered":"A Semana no Brasil e no Mundo \u2014 Efeito Lula: d\u00edvida p\u00fablica sobe 2,59% em agosto e alcan\u00e7a R$ 8,1 tri"},"content":{"rendered":"\n<div class=\"wp-block-image\"><figure class=\"aligncenter size-large\"><a href=\"https:\/\/mizu.com.br\/\"><img loading=\"lazy\" decoding=\"async\" width=\"729\" height=\"90\" src=\"https:\/\/jornalfatosenoticias.com.br\/wp-content\/uploads\/2020\/02\/Logo_Mizu.png\" alt=\"\" class=\"wp-image-1441\" srcset=\"https:\/\/jornalfatosenoticias.com.br\/wp-content\/uploads\/2020\/02\/Logo_Mizu.png 729w, https:\/\/jornalfatosenoticias.com.br\/wp-content\/uploads\/2020\/02\/Logo_Mizu-300x37.png 300w\" sizes=\"auto, (max-width: 729px) 100vw, 729px\" \/><\/a><\/figure><\/div>\n\n\n\n<p>A D\u00edvida P\u00fablica Federal (DPF) aumentou 2,59% em agosto e fechou o m\u00eas em R$ 8,10 trilh\u00f5es, ante R$ 7,94 trilh\u00f5es em julho, mostra o Relat\u00f3rio Mensal da D\u00edvida divulgado, na ter\u00e7a-feira (30), pelo Tesouro Nacional.<\/p>\n\n\n\n<p><strong><span class=\"has-inline-color has-black-color\">O que explica a alta<br><\/span>\u2022 Emiss\u00e3o l\u00edquida:<\/strong> R$ 136,94 bilh\u00f5es.<br><strong>\u2022 Apropria\u00e7\u00e3o de juros: <\/strong>R$ 76,85 bilh\u00f5es.<br>Com esse desempenho, o estoque da DPF ficou fora do intervalo projetado no PAF 2025 (R$ 8,5 trilh\u00f5es a R$ 8,8 trilh\u00f5es no ano), ao situar-se abaixo do piso. O prazo m\u00e9dio caiu de 4,16 para 4,09 anos, permanecendo dentro da banda do PAF (entre 3,8 e 4,2 anos). Segundo o coordenador-geral de Opera\u00e7\u00f5es da D\u00edvida P\u00fablica, Helano Borges Dias, agosto deu continuidade ao quadro dos \u00faltimos meses, com maior propens\u00e3o a risco por parte dos investidores. <\/p>\n\n\n\n<div class=\"wp-block-image\"><figure class=\"aligncenter size-large is-resized\"><a href=\"https:\/\/panper.com.br\/\"><img loading=\"lazy\" decoding=\"async\" src=\"https:\/\/jornalfatosenoticias.com.br\/wp-content\/uploads\/2023\/03\/logo-Panper_portal.jpg\" alt=\"\" class=\"wp-image-40208\" width=\"313\" height=\"217\" srcset=\"https:\/\/jornalfatosenoticias.com.br\/wp-content\/uploads\/2023\/03\/logo-Panper_portal.jpg 400w, https:\/\/jornalfatosenoticias.com.br\/wp-content\/uploads\/2023\/03\/logo-Panper_portal-300x208.jpg 300w\" sizes=\"auto, (max-width: 313px) 100vw, 313px\" \/><\/a><\/figure><\/div>\n\n\n\n<p><strong><span class=\"has-inline-color has-black-color\">Entre os fatores citados est\u00e3o:<br><\/span>\u2022 A pol\u00edtica monet\u00e1ria <\/strong>dos EUA, com queda recente dos juros pelo Federal Reserve;<br><strong>\u2022 A manuten\u00e7\u00e3o da Selic<\/strong> pelo Banco Central no Brasil.<\/p>\n\n\n\n<div class=\"wp-block-image\"><figure class=\"aligncenter size-large is-resized\"><a href=\"https:\/\/www.instagram.com\/restaurantepegoretti\/\"><img loading=\"lazy\" decoding=\"async\" src=\"https:\/\/jornalfatosenoticias.com.br\/wp-content\/uploads\/2023\/12\/pegoretti-logo-pdf-1024x389.jpg\" alt=\"\" class=\"wp-image-47536\" width=\"469\" height=\"178\" srcset=\"https:\/\/jornalfatosenoticias.com.br\/wp-content\/uploads\/2023\/12\/pegoretti-logo-pdf-1024x389.jpg 1024w, https:\/\/jornalfatosenoticias.com.br\/wp-content\/uploads\/2023\/12\/pegoretti-logo-pdf-300x114.jpg 300w, https:\/\/jornalfatosenoticias.com.br\/wp-content\/uploads\/2023\/12\/pegoretti-logo-pdf-768x291.jpg 768w, https:\/\/jornalfatosenoticias.com.br\/wp-content\/uploads\/2023\/12\/pegoretti-logo-pdf.jpg 1120w\" sizes=\"auto, (max-width: 469px) 100vw, 469px\" \/><\/a><\/figure><\/div>\n\n\n\n<p><strong><span class=\"has-inline-color has-black-color\"><span style=\"text-decoration: underline;\">Quadro geral<br><\/span><\/span>\u2022 Estoque: <\/strong>R$ 8,10 tri (\u2191 2,59% no m\u00eas).<br><strong>\u2022 Fluxos: <\/strong>R$ 136,94 bi de emiss\u00e3o l\u00edquida + R$ 76,85 bi de juros.<br><strong>\u2022 PAF 2025: <\/strong>estoque ainda abaixo do intervalo anual (R$ 8,5\u20138,8 tri).<br><strong>\u2022 Prazo m\u00e9dio: <\/strong>4,09 anos (dentro do alvo).<br>O Tesouro refor\u00e7ou que seguir\u00e1 ajustando volume e prazos dos leil\u00f5es para administrar riscos de refinanciamento e suavizar vencimentos ao longo do ano. <strong>(Fonte: Hora Bras\u00edlia)<\/strong><\/p>\n\n\n\n<div class=\"wp-block-image\"><figure class=\"aligncenter size-large is-resized\"><a href=\"https:\/\/www.facebook.com\/profile.php?id=100069289606145\"><img loading=\"lazy\" decoding=\"async\" src=\"https:\/\/jornalfatosenoticias.com.br\/wp-content\/uploads\/2024\/11\/Guaitolini-Contabilidade-1024x714.jpeg\" alt=\"\" class=\"wp-image-55808\" width=\"326\" height=\"227\" srcset=\"https:\/\/jornalfatosenoticias.com.br\/wp-content\/uploads\/2024\/11\/Guaitolini-Contabilidade-1024x714.jpeg 1024w, https:\/\/jornalfatosenoticias.com.br\/wp-content\/uploads\/2024\/11\/Guaitolini-Contabilidade-300x209.jpeg 300w, https:\/\/jornalfatosenoticias.com.br\/wp-content\/uploads\/2024\/11\/Guaitolini-Contabilidade-768x535.jpeg 768w, https:\/\/jornalfatosenoticias.com.br\/wp-content\/uploads\/2024\/11\/Guaitolini-Contabilidade.jpeg 1280w\" sizes=\"auto, (max-width: 326px) 100vw, 326px\" \/><\/a><\/figure><\/div>\n\n\n\n<hr class=\"wp-block-separator\"\/>\n\n\n\n<h4 class=\"wp-block-heading\"><span class=\"has-inline-color has-black-color\">Venezuela decreta estado de exce\u00e7\u00e3o e amplia poderes de Maduro<\/span><\/h4>\n\n\n\n<div class=\"wp-block-image\"><figure class=\"aligncenter size-large\"><img loading=\"lazy\" decoding=\"async\" width=\"612\" height=\"408\" src=\"https:\/\/jornalfatosenoticias.com.br\/wp-content\/uploads\/2025\/10\/fruta-podre_gettyimages.jpg\" alt=\"\" class=\"wp-image-62307\" srcset=\"https:\/\/jornalfatosenoticias.com.br\/wp-content\/uploads\/2025\/10\/fruta-podre_gettyimages.jpg 612w, https:\/\/jornalfatosenoticias.com.br\/wp-content\/uploads\/2025\/10\/fruta-podre_gettyimages-300x200.jpg 300w\" sizes=\"auto, (max-width: 612px) 100vw, 612px\" \/><figcaption><em><span class=\"has-inline-color has-black-color\">(Foto: Getty Images)<\/span><\/em><\/figcaption><\/figure><\/div>\n\n\n\n<p>O governo da Venezuela decretou, na segunda-feira (29), estado de exce\u00e7\u00e3o, medida que amplia os poderes do ditador Nicol\u00e1s Maduro diante do que classifica como \u201cagress\u00e3o externa\u201d. O an\u00fancio foi feito pela vice-presidente Delcy Rodr\u00edguez a diplomatas em Caracas. Segundo ela, a decis\u00e3o busca \u201cgarantir a defesa do pa\u00eds\u201d em meio \u00e0 escalada de atritos com os Estados Unidos.<\/p>\n\n\n\n<div class=\"wp-block-image\"><figure class=\"aligncenter size-large\"><a href=\"http:\/\/www.ferrarimaquinas.com.br\/\"><img loading=\"lazy\" decoding=\"async\" width=\"300\" height=\"250\" src=\"https:\/\/jornalfatosenoticias.com.br\/wp-content\/uploads\/2022\/02\/FERRARI_MAQUINAS-E-FERRAMENTAS2.jpg\" alt=\"\" class=\"wp-image-27860\"\/><\/a><\/figure><\/div>\n\n\n\n<p>A medida ocorre ap\u00f3s maior presen\u00e7a militar norte-americana no Caribe. Nas \u00faltimas semanas, Washington intensificou opera\u00e7\u00f5es navais na regi\u00e3o sob o argumento de combate a cart\u00e9is de drogas. Em resposta, o governo Maduro comunicou a realiza\u00e7\u00e3o do exerc\u00edcio \u201cCaribe Soberano 200\u201d.<\/p>\n\n\n\n<div class=\"wp-block-image\"><figure class=\"aligncenter size-large is-resized\"><a href=\"https:\/\/legisjuris.com.br\/\"><img loading=\"lazy\" decoding=\"async\" src=\"https:\/\/jornalfatosenoticias.com.br\/wp-content\/uploads\/2024\/09\/Legis-Juris-Consultoria_logo.jpg\" alt=\"\" class=\"wp-image-53915\" width=\"487\" height=\"204\" srcset=\"https:\/\/jornalfatosenoticias.com.br\/wp-content\/uploads\/2024\/09\/Legis-Juris-Consultoria_logo.jpg 969w, https:\/\/jornalfatosenoticias.com.br\/wp-content\/uploads\/2024\/09\/Legis-Juris-Consultoria_logo-300x126.jpg 300w, https:\/\/jornalfatosenoticias.com.br\/wp-content\/uploads\/2024\/09\/Legis-Juris-Consultoria_logo-768x322.jpg 768w\" sizes=\"auto, (max-width: 487px) 100vw, 487px\" \/><\/a><\/figure><\/div>\n\n\n\n<p>Desde agosto, a administra\u00e7\u00e3o Donald Trump deslocou tropas e navios de guerra para o Caribe \u2014 movimento que Caracas descreve como amea\u00e7a direta \u00e0 soberania venezuelana. Nesse per\u00edodo, os EUA tamb\u00e9m realizaram ataques contra embarca\u00e7\u00f5es venezuelanas acusadas de liga\u00e7\u00e3o com o narcotr\u00e1fico; ao menos tr\u00eas barcos foram destru\u00eddos em a\u00e7\u00f5es que, segundo autoridades venezuelanas, deixaram 11 mortos. A Casa Branca nega qualquer plano de interven\u00e7\u00e3o para derrubar Maduro.<\/p>\n\n\n\n<div class=\"wp-block-image\"><figure class=\"aligncenter size-large is-resized\"><a href=\"https:\/\/www.controlsystems.com.br\/\"><img loading=\"lazy\" decoding=\"async\" src=\"https:\/\/jornalfatosenoticias.com.br\/wp-content\/uploads\/2020\/02\/CONTROL-CS.jpg\" alt=\"\" class=\"wp-image-44991\" width=\"276\" height=\"330\" srcset=\"https:\/\/jornalfatosenoticias.com.br\/wp-content\/uploads\/2020\/02\/CONTROL-CS.jpg 834w, https:\/\/jornalfatosenoticias.com.br\/wp-content\/uploads\/2020\/02\/CONTROL-CS-250x300.jpg 250w, https:\/\/jornalfatosenoticias.com.br\/wp-content\/uploads\/2020\/02\/CONTROL-CS-768x921.jpg 768w\" sizes=\"auto, (max-width: 276px) 100vw, 276px\" \/><\/a><\/figure><\/div>\n\n\n\n<p>Os atritos se acirraram ap\u00f3s acusa\u00e7\u00f5es de que o presidente venezuelano lideraria o chamado \u201cCartel dos S\u00f3is\u201d, organiza\u00e7\u00e3o criminosa associada a setores das For\u00e7as Armadas. Os EUA chegaram a oferecer US$ 50 milh\u00f5es por informa\u00e7\u00f5es que levassem \u00e0 sua captura. Caracas rejeita as acusa\u00e7\u00f5es e as classifica como parte de uma campanha de desestabiliza\u00e7\u00e3o. Como rea\u00e7\u00e3o, o governo colocou as For\u00e7as Armadas em alerta, convocou exerc\u00edcios militares, treinamentos com armas de fogo e simula\u00e7\u00f5es de combate. O Pal\u00e1cio de Miraflores afirma que milh\u00f5es de cidad\u00e3os aderiram a mil\u00edcias volunt\u00e1rias para refor\u00e7ar a defesa territorial. <strong>(Fonte: Hora Bras\u00edlia)<\/strong><\/p>\n\n\n\n<div class=\"wp-block-image\"><figure class=\"aligncenter size-large is-resized\"><a href=\"https:\/\/www.instagram.com\/gruposei\/\"><img loading=\"lazy\" decoding=\"async\" src=\"https:\/\/jornalfatosenoticias.com.br\/wp-content\/uploads\/2022\/07\/Logo-Grupo-SEI.jpg\" alt=\"\" class=\"wp-image-31973\" width=\"383\" height=\"201\" srcset=\"https:\/\/jornalfatosenoticias.com.br\/wp-content\/uploads\/2022\/07\/Logo-Grupo-SEI.jpg 713w, https:\/\/jornalfatosenoticias.com.br\/wp-content\/uploads\/2022\/07\/Logo-Grupo-SEI-300x158.jpg 300w\" sizes=\"auto, (max-width: 383px) 100vw, 383px\" \/><\/a><\/figure><\/div>\n\n\n\n<hr class=\"wp-block-separator\"\/>\n\n\n\n<h4 class=\"wp-block-heading\"><span class=\"has-inline-color has-black-color\">Ex-contador de Lulinha \u00e9 alvo de opera\u00e7\u00e3o do MPSP contra lavagem ligada ao PCC<\/span><\/h4>\n\n\n\n<div class=\"wp-block-image\"><figure class=\"aligncenter size-large\"><img loading=\"lazy\" decoding=\"async\" width=\"1000\" height=\"665\" src=\"https:\/\/jornalfatosenoticias.com.br\/wp-content\/uploads\/2025\/10\/ex-contador-de-lulinha-Joao-Muniz-Leite.jpg\" alt=\"\" class=\"wp-image-62306\" srcset=\"https:\/\/jornalfatosenoticias.com.br\/wp-content\/uploads\/2025\/10\/ex-contador-de-lulinha-Joao-Muniz-Leite.jpg 1000w, https:\/\/jornalfatosenoticias.com.br\/wp-content\/uploads\/2025\/10\/ex-contador-de-lulinha-Joao-Muniz-Leite-300x200.jpg 300w, https:\/\/jornalfatosenoticias.com.br\/wp-content\/uploads\/2025\/10\/ex-contador-de-lulinha-Joao-Muniz-Leite-768x511.jpg 768w\" sizes=\"auto, (max-width: 1000px) 100vw, 1000px\" \/><figcaption><em><span class=\"has-inline-color has-black-color\">(Foto: O Poder)<\/span><\/em><\/figcaption><\/figure><\/div>\n\n\n\n<p>O Minist\u00e9rio P\u00fablico de S\u00e3o Paulo deflagrou a Opera\u00e7\u00e3o Spare, que apura um esquema de lavagem de dinheiro por meio de postos de combust\u00edveis e outros ramos ligados ao PCC. Entre os alvos est\u00e1 o contador Jo\u00e3o Muniz Leite, que j\u00e1 respondeu pela contabilidade de empresas de F\u00e1bio Lu\u00eds Lula da Silva (Lulinha). As informa\u00e7\u00f5es s\u00e3o do <em>Metr\u00f3poles<\/em>.<\/p>\n\n\n\n<div class=\"wp-block-image\"><figure class=\"aligncenter size-large is-resized\"><a href=\"https:\/\/www.instagram.com\/rcradiadores\/\"><img loading=\"lazy\" decoding=\"async\" src=\"https:\/\/jornalfatosenoticias.com.br\/wp-content\/uploads\/2022\/10\/RC_800x750_page-0001.jpg\" alt=\"\" class=\"wp-image-35338\" width=\"288\" height=\"270\" srcset=\"https:\/\/jornalfatosenoticias.com.br\/wp-content\/uploads\/2022\/10\/RC_800x750_page-0001.jpg 400w, https:\/\/jornalfatosenoticias.com.br\/wp-content\/uploads\/2022\/10\/RC_800x750_page-0001-300x281.jpg 300w\" sizes=\"auto, (max-width: 288px) 100vw, 288px\" \/><\/a><\/figure><\/div>\n\n\n\n<p>Mandados de busca e apreens\u00e3o foram cumpridos na resid\u00eancia de Leite e em seu escrit\u00f3rio, localizado no mesmo pr\u00e9dio onde funcionaram empresas de Lulinha, em Pinheiros (zona oeste de S\u00e3o Paulo). Segundo interlocutores do filho do petista, o v\u00ednculo profissional com Leite foi encerrado no ano passado, ap\u00f3s ele figurar como alvo da Opera\u00e7\u00e3o Fim da Linha, que investiga a infiltra\u00e7\u00e3o do PCC em empresas de \u00f4nibus na capital.<\/p>\n\n\n\n<div class=\"wp-block-image\"><figure class=\"aligncenter size-large is-resized\"><a href=\"https:\/\/hotelmarquetti.com.br\/\"><img loading=\"lazy\" decoding=\"async\" src=\"https:\/\/jornalfatosenoticias.com.br\/wp-content\/uploads\/2020\/02\/LOGO-MQ-1024x680.jpg\" alt=\"\" class=\"wp-image-58299\" width=\"330\" height=\"219\" srcset=\"https:\/\/jornalfatosenoticias.com.br\/wp-content\/uploads\/2020\/02\/LOGO-MQ-1024x680.jpg 1024w, https:\/\/jornalfatosenoticias.com.br\/wp-content\/uploads\/2020\/02\/LOGO-MQ-300x199.jpg 300w, https:\/\/jornalfatosenoticias.com.br\/wp-content\/uploads\/2020\/02\/LOGO-MQ-768x510.jpg 768w, https:\/\/jornalfatosenoticias.com.br\/wp-content\/uploads\/2020\/02\/LOGO-MQ-1536x1020.jpg 1536w, https:\/\/jornalfatosenoticias.com.br\/wp-content\/uploads\/2020\/02\/LOGO-MQ-2048x1360.jpg 2048w\" sizes=\"auto, (max-width: 330px) 100vw, 330px\" \/><\/a><\/figure><\/div>\n\n\n\n<p>De acordo com o MPSP, Leite \u00e9 investigado por prestar declara\u00e7\u00f5es de Imposto de Renda para Fl\u00e1vio Silv\u00e9rio Siqueira (\u201cFlavinho\u201d), apontado como coordenador de uma rede de \u201claranjas\u201d que atuaria em postos de combust\u00edveis, casas de jogos, mercado imobili\u00e1rio e mot\u00e9is. Para os promotores, h\u00e1 ind\u00edcios de participa\u00e7\u00e3o ativa do contador em estrat\u00e9gias para ocultar crescimento patrimonial de investigados.<\/p>\n\n\n\n<div class=\"wp-block-image\"><figure class=\"aligncenter size-large is-resized\"><a href=\"https:\/\/www.facebook.com\/postobkr\/?locale=pt_BR\"><img loading=\"lazy\" decoding=\"async\" src=\"https:\/\/jornalfatosenoticias.com.br\/wp-content\/uploads\/2023\/08\/BKR-1024x1021.jpg\" alt=\"\" class=\"wp-image-44494\" width=\"286\" height=\"285\" srcset=\"https:\/\/jornalfatosenoticias.com.br\/wp-content\/uploads\/2023\/08\/BKR-1024x1021.jpg 1024w, https:\/\/jornalfatosenoticias.com.br\/wp-content\/uploads\/2023\/08\/BKR-300x300.jpg 300w, https:\/\/jornalfatosenoticias.com.br\/wp-content\/uploads\/2023\/08\/BKR-150x150.jpg 150w, https:\/\/jornalfatosenoticias.com.br\/wp-content\/uploads\/2023\/08\/BKR-768x766.jpg 768w, https:\/\/jornalfatosenoticias.com.br\/wp-content\/uploads\/2023\/08\/BKR.jpg 1080w\" sizes=\"auto, (max-width: 286px) 100vw, 286px\" \/><\/a><\/figure><\/div>\n\n\n\n<p>Relat\u00f3rios da Receita Federal citam Leite como comparsa de Flavinho e o apontam como respons\u00e1vel por declara\u00e7\u00f5es de Adriana Siqueira de Oliveira e Eduardo Silv\u00e9rio, tamb\u00e9m investigados, al\u00e9m do uso de terceiros e empresas de fachada para movimenta\u00e7\u00f5es financeiras. Em nota, os advogados Jorge Delmanto e Marcelo Delmanto, que defendem Jo\u00e3o Muniz Leite, afirmaram que a investiga\u00e7\u00e3o \u201cn\u00e3o recai sobre o cliente\u201d e que sua cita\u00e7\u00e3o decorre de \u201cequ\u00edvoco de an\u00e1lise de datas\u201d. <strong>(Fonte: Hora Bras\u00edlia)<\/strong><\/p>\n\n\n\n<div class=\"wp-block-image\"><figure class=\"aligncenter size-large is-resized\"><a href=\"https:\/\/www.facebook.com\/vetor.vix\/\"><img loading=\"lazy\" decoding=\"async\" src=\"https:\/\/jornalfatosenoticias.com.br\/wp-content\/uploads\/2023\/09\/vetorvix1024_1.jpg\" alt=\"\" class=\"wp-image-44868\" width=\"565\" height=\"150\" srcset=\"https:\/\/jornalfatosenoticias.com.br\/wp-content\/uploads\/2023\/09\/vetorvix1024_1.jpg 1024w, https:\/\/jornalfatosenoticias.com.br\/wp-content\/uploads\/2023\/09\/vetorvix1024_1-300x80.jpg 300w, https:\/\/jornalfatosenoticias.com.br\/wp-content\/uploads\/2023\/09\/vetorvix1024_1-768x205.jpg 768w\" sizes=\"auto, (max-width: 565px) 100vw, 565px\" \/><\/a><\/figure><\/div>\n\n\n\n<hr class=\"wp-block-separator\"\/>\n\n\n\n<h4 class=\"wp-block-heading\"><span class=\"has-inline-color has-black-color\">EUA colocam Brasil e \u00c1frica do Sul em \u201clista de observa\u00e7\u00e3o\u201d do tr\u00e1fico de pessoas<\/span><\/h4>\n\n\n\n<div class=\"wp-block-image\"><figure class=\"aligncenter size-large\"><img loading=\"lazy\" decoding=\"async\" width=\"865\" height=\"500\" src=\"https:\/\/jornalfatosenoticias.com.br\/wp-content\/uploads\/2025\/10\/brasil-eua-trafico-de-pessoas_canva.jpg\" alt=\"\" class=\"wp-image-62305\" srcset=\"https:\/\/jornalfatosenoticias.com.br\/wp-content\/uploads\/2025\/10\/brasil-eua-trafico-de-pessoas_canva.jpg 865w, https:\/\/jornalfatosenoticias.com.br\/wp-content\/uploads\/2025\/10\/brasil-eua-trafico-de-pessoas_canva-300x173.jpg 300w, https:\/\/jornalfatosenoticias.com.br\/wp-content\/uploads\/2025\/10\/brasil-eua-trafico-de-pessoas_canva-768x444.jpg 768w\" sizes=\"auto, (max-width: 865px) 100vw, 865px\" \/><figcaption><em><span class=\"has-inline-color has-black-color\">(Foto: Canva)<\/span><\/em><\/figcaption><\/figure><\/div>\n\n\n\n<p>O Departamento de Estado dos Estados Unidos incluiu, na segunda-feira (29), Brasil e \u00c1frica do Sul na \u201cLista de Vigil\u00e2ncia N\u00edvel 2\u201d do relat\u00f3rio anual Trafficking in Persons (TIP), que monitora o combate ao tr\u00e1fico de pessoas. A classifica\u00e7\u00e3o indica que os pa\u00edses precisam demonstrar avan\u00e7os mensur\u00e1veis ou poder\u00e3o enfrentar san\u00e7\u00f5es impostas por Washington.<\/p>\n\n\n\n<div class=\"wp-block-image\"><figure class=\"aligncenter size-large\"><a href=\"https:\/\/www.cesconetto.com.br\/\"><img loading=\"lazy\" decoding=\"async\" width=\"300\" height=\"250\" src=\"https:\/\/jornalfatosenoticias.com.br\/wp-content\/uploads\/2022\/02\/Banner-2.png\" alt=\"\" class=\"wp-image-27877\"\/><\/a><\/figure><\/div>\n\n\n\n<p>A publica\u00e7\u00e3o do TIP ocorre em meio \u00e0 eleva\u00e7\u00e3o das tens\u00f5es entre os governos brasileiro e sul-africano e a administra\u00e7\u00e3o Donald Trump. O documento avalia esfor\u00e7os contra trabalho for\u00e7ado, tr\u00e1fico sexual e outras formas de escravid\u00e3o moderna. Segundo o relat\u00f3rio, o Brasil registrou menos investiga\u00e7\u00f5es e processos do que em anos anteriores, e os tribunais proferiram menos condena\u00e7\u00f5es iniciais por tr\u00e1fico. Apesar de reconhecer a\u00e7\u00f5es do governo, o texto aponta falhas nos resultados.<\/p>\n\n\n\n<div class=\"wp-block-image\"><figure class=\"aligncenter size-large is-resized\"><a href=\"https:\/\/www.ithbrasil.com.br\/\"><img loading=\"lazy\" decoding=\"async\" src=\"https:\/\/jornalfatosenoticias.com.br\/wp-content\/uploads\/2023\/08\/ITH.jpeg\" alt=\"\" class=\"wp-image-44638\" width=\"316\" height=\"257\" srcset=\"https:\/\/jornalfatosenoticias.com.br\/wp-content\/uploads\/2023\/08\/ITH.jpeg 800w, https:\/\/jornalfatosenoticias.com.br\/wp-content\/uploads\/2023\/08\/ITH-300x244.jpeg 300w, https:\/\/jornalfatosenoticias.com.br\/wp-content\/uploads\/2023\/08\/ITH-768x624.jpeg 768w\" sizes=\"auto, (max-width: 316px) 100vw, 316px\" \/><\/a><\/figure><\/div>\n\n\n\n<p>No caso da \u00c1frica do Sul, o TIP cita como avan\u00e7os o lan\u00e7amento da primeira for\u00e7a-tarefa subnacional e o aumento de condena\u00e7\u00f5es de traficantes. Ainda assim, o pa\u00eds identificou menos v\u00edtimas, abriu menos inqu\u00e9ritos e iniciou menos processos. A inclus\u00e3o na lista de observa\u00e7\u00e3o n\u00e3o implica puni\u00e7\u00f5es autom\u00e1ticas, mas eleva o risco de restri\u00e7\u00f5es diplom\u00e1ticas e financeiras caso n\u00e3o haja progressos no curto prazo. At\u00e9 o momento, n\u00e3o houve manifesta\u00e7\u00e3o oficial dos governos citados sobre a nova classifica\u00e7\u00e3o. <strong>(Fonte: Hora Bras\u00edlia)<\/strong><\/p>\n\n\n\n<div class=\"wp-block-image\"><figure class=\"aligncenter size-large is-resized\"><a href=\"https:\/\/www.instagram.com\/restaurantepegoretti\/\"><img loading=\"lazy\" decoding=\"async\" src=\"https:\/\/jornalfatosenoticias.com.br\/wp-content\/uploads\/2023\/12\/pegoretti-logo-pdf-1024x389.jpg\" alt=\"\" class=\"wp-image-47536\" width=\"533\" height=\"202\" srcset=\"https:\/\/jornalfatosenoticias.com.br\/wp-content\/uploads\/2023\/12\/pegoretti-logo-pdf-1024x389.jpg 1024w, https:\/\/jornalfatosenoticias.com.br\/wp-content\/uploads\/2023\/12\/pegoretti-logo-pdf-300x114.jpg 300w, https:\/\/jornalfatosenoticias.com.br\/wp-content\/uploads\/2023\/12\/pegoretti-logo-pdf-768x291.jpg 768w, https:\/\/jornalfatosenoticias.com.br\/wp-content\/uploads\/2023\/12\/pegoretti-logo-pdf.jpg 1120w\" sizes=\"auto, (max-width: 533px) 100vw, 533px\" \/><\/a><\/figure><\/div>\n\n\n\n<hr class=\"wp-block-separator\"\/>\n\n\n\n<h4 class=\"wp-block-heading\"><span class=\"has-inline-color has-black-color\">Governo Lula suspende inclus\u00e3o da JBS Aves na \u201clista suja\u201d do trabalho escravo<\/span><\/h4>\n\n\n\n<div class=\"wp-block-image\"><figure class=\"aligncenter size-large\"><img loading=\"lazy\" decoding=\"async\" width=\"1000\" height=\"635\" src=\"https:\/\/jornalfatosenoticias.com.br\/wp-content\/uploads\/2025\/10\/irmaos-batista-e-lula_trabalho-escravo.jpg\" alt=\"\" class=\"wp-image-62304\" srcset=\"https:\/\/jornalfatosenoticias.com.br\/wp-content\/uploads\/2025\/10\/irmaos-batista-e-lula_trabalho-escravo.jpg 1000w, https:\/\/jornalfatosenoticias.com.br\/wp-content\/uploads\/2025\/10\/irmaos-batista-e-lula_trabalho-escravo-300x191.jpg 300w, https:\/\/jornalfatosenoticias.com.br\/wp-content\/uploads\/2025\/10\/irmaos-batista-e-lula_trabalho-escravo-768x488.jpg 768w\" sizes=\"auto, (max-width: 1000px) 100vw, 1000px\" \/><figcaption><em><span class=\"has-inline-color has-black-color\">(Foto: Blog do Botelho)<\/span><\/em><\/figcaption><\/figure><\/div>\n\n\n\n<p>Uma decis\u00e3o in\u00e9dita do ministro do Trabalho, Luiz Marinho (PT), suspendeu a inclus\u00e3o da JBS Aves na \u201clista suja do trabalho escravo\u201d e concentrou no gabinete do ministro a palavra final sobre o caso. A avoca\u00e7\u00e3o, prevista na CLT, foi chancelada por parecer jur\u00eddico de 9 de setembro e, desde ent\u00e3o, adiou eventuais san\u00e7\u00f5es que o cadastro imp\u00f5e (restri\u00e7\u00e3o a cr\u00e9dito p\u00fablico e a contratos com o governo).<\/p>\n\n\n\n<div class=\"wp-block-image\"><figure class=\"aligncenter size-large is-resized\"><a href=\"https:\/\/www.instagram.com\/serra4x4cambioautomatico\/\"><img loading=\"lazy\" decoding=\"async\" src=\"https:\/\/jornalfatosenoticias.com.br\/wp-content\/uploads\/2024\/08\/Serra-4x4-1-886x1024.jpg\" alt=\"\" class=\"wp-image-53632\" width=\"296\" height=\"342\" srcset=\"https:\/\/jornalfatosenoticias.com.br\/wp-content\/uploads\/2024\/08\/Serra-4x4-1-886x1024.jpg 886w, https:\/\/jornalfatosenoticias.com.br\/wp-content\/uploads\/2024\/08\/Serra-4x4-1-260x300.jpg 260w, https:\/\/jornalfatosenoticias.com.br\/wp-content\/uploads\/2024\/08\/Serra-4x4-1-768x888.jpg 768w, https:\/\/jornalfatosenoticias.com.br\/wp-content\/uploads\/2024\/08\/Serra-4x4-1.jpg 1181w\" sizes=\"auto, (max-width: 296px) 100vw, 296px\" \/><\/a><\/figure><\/div>\n\n\n\n<p>A apura\u00e7\u00e3o decorre de fiscaliza\u00e7\u00e3o em abril, em granjas fornecedoras no RS, que resultou no resgate de ao menos 10 trabalhadores. Auditores relataram jornadas de at\u00e9 16 horas e condi\u00e7\u00f5es degradantes. Pela pr\u00e1tica usual desde 2003, a decis\u00e3o sobre a inclus\u00e3o \u00e9 t\u00e9cnica e colegiada; a avoca\u00e7\u00e3o ministerial nunca havia sido usada, segundo a <em>ONG Rep\u00f3rter Brasil.<\/em><\/p>\n\n\n\n<div class=\"wp-block-image\"><figure class=\"aligncenter size-large is-resized\"><a href=\"https:\/\/www.instagram.com\/esteio.churrascaria\/\"><img loading=\"lazy\" decoding=\"async\" src=\"https:\/\/jornalfatosenoticias.com.br\/wp-content\/uploads\/2022\/02\/LOGO-ESTEIO-1024x730.png\" alt=\"\" class=\"wp-image-27942\" width=\"324\" height=\"231\" srcset=\"https:\/\/jornalfatosenoticias.com.br\/wp-content\/uploads\/2022\/02\/LOGO-ESTEIO-1024x730.png 1024w, https:\/\/jornalfatosenoticias.com.br\/wp-content\/uploads\/2022\/02\/LOGO-ESTEIO-300x214.png 300w, https:\/\/jornalfatosenoticias.com.br\/wp-content\/uploads\/2022\/02\/LOGO-ESTEIO-768x548.png 768w, https:\/\/jornalfatosenoticias.com.br\/wp-content\/uploads\/2022\/02\/LOGO-ESTEIO.png 1123w\" sizes=\"auto, (max-width: 324px) 100vw, 324px\" \/><\/a><\/figure><\/div>\n\n\n\n<p>No despacho que endossou a medida, o procurador federal Ricardo Augusto Panquestor Nogueira apontou \u201ccomplexidade f\u00e1tica e jur\u00eddica\u201d e \u201cpotencial de alcance nacional\u201d como raz\u00f5es para o exerc\u00edcio do poder avocat\u00f3rio. N\u00e3o h\u00e1 prazo divulgado para a decis\u00e3o final. A interven\u00e7\u00e3o provocou a ren\u00fancia coletiva de nove auditores-fiscais em cargos de chefia, em protesto contra o que consideram interfer\u00eancia pol\u00edtica no rito de fiscaliza\u00e7\u00e3o. A categoria defende a manuten\u00e7\u00e3o da autonomia t\u00e9cnica do processo.<\/p>\n\n\n\n<div class=\"wp-block-image\"><figure class=\"aligncenter size-large is-resized\"><a href=\"https:\/\/panper.com.br\/\"><img loading=\"lazy\" decoding=\"async\" src=\"https:\/\/jornalfatosenoticias.com.br\/wp-content\/uploads\/2023\/03\/logo-Panper_portal.jpg\" alt=\"\" class=\"wp-image-40208\" width=\"347\" height=\"240\" srcset=\"https:\/\/jornalfatosenoticias.com.br\/wp-content\/uploads\/2023\/03\/logo-Panper_portal.jpg 400w, https:\/\/jornalfatosenoticias.com.br\/wp-content\/uploads\/2023\/03\/logo-Panper_portal-300x208.jpg 300w\" sizes=\"auto, (max-width: 347px) 100vw, 347px\" \/><\/a><\/figure><\/div>\n\n\n\n<p>Desde o in\u00edcio do governo, representantes da JBS participaram de ao menos dez agendas no minist\u00e9rio; em outubro de 2023, Marinho visitou a unidade da empresa em Lins (SP). Tais encontros s\u00e3o institucionais e, por si, n\u00e3o configuram irregularidade, mas alimentaram cr\u00edticas ap\u00f3s a avoca\u00e7\u00e3o. <strong>(Fonte: Hora Bras\u00edlia)<\/strong><\/p>\n\n\n\n<div class=\"wp-block-image\"><figure class=\"aligncenter size-large\"><a href=\"https:\/\/mizu.com.br\/\"><img loading=\"lazy\" decoding=\"async\" width=\"729\" height=\"90\" src=\"https:\/\/jornalfatosenoticias.com.br\/wp-content\/uploads\/2020\/02\/Logo_Mizu.png\" alt=\"\" class=\"wp-image-1441\" srcset=\"https:\/\/jornalfatosenoticias.com.br\/wp-content\/uploads\/2020\/02\/Logo_Mizu.png 729w, https:\/\/jornalfatosenoticias.com.br\/wp-content\/uploads\/2020\/02\/Logo_Mizu-300x37.png 300w\" sizes=\"auto, (max-width: 729px) 100vw, 729px\" \/><\/a><\/figure><\/div>\n\n\n\n<hr class=\"wp-block-separator\"\/>\n\n\n\n<h4 class=\"wp-block-heading\"><span class=\"has-inline-color has-black-color\">Plano de paz apresentado por Trump envolve anistia a membros do Hamas e cria\u00e7\u00e3o de Estado Palestino; Israel aceita<\/span><\/h4>\n\n\n\n<div class=\"wp-block-image\"><figure class=\"aligncenter size-large\"><img loading=\"lazy\" decoding=\"async\" width=\"612\" height=\"408\" src=\"https:\/\/jornalfatosenoticias.com.br\/wp-content\/uploads\/2025\/10\/trump-e-netanyahu_gettyimages.jpg\" alt=\"\" class=\"wp-image-62303\" srcset=\"https:\/\/jornalfatosenoticias.com.br\/wp-content\/uploads\/2025\/10\/trump-e-netanyahu_gettyimages.jpg 612w, https:\/\/jornalfatosenoticias.com.br\/wp-content\/uploads\/2025\/10\/trump-e-netanyahu_gettyimages-300x200.jpg 300w\" sizes=\"auto, (max-width: 612px) 100vw, 612px\" \/><figcaption><em><span class=\"has-inline-color has-black-color\"> Presidente Donald Trump e o primeiro-ministro de Israel, Benjamin Netanyahu (Foto: Getty Images)<\/span><\/em><\/figcaption><\/figure><\/div>\n\n\n\n<p><span class=\"has-inline-color has-black-color\">Por <strong>Raul Holderf Nascimento<\/strong><br><\/span>O presidente dos Estados Unidos, Donald Trump (Partido Republicano), anunciou, na segunda-feira (29), um plano de paz para encerrar a guerra entre Israel e Hamas, com a previs\u00e3o de cria\u00e7\u00e3o de um Estado Palestino. O an\u00fancio foi feito na Casa Branca, em Washington, ao lado do primeiro-ministro israelense Benjamin Netanyahu (Likud), que, segundo Trump, aceitou os termos da proposta norte-americana.<\/p>\n\n\n\n<div class=\"wp-block-image\"><figure class=\"aligncenter size-large is-resized\"><a href=\"https:\/\/www.facebook.com\/postobkr\/?locale=pt_BR\"><img loading=\"lazy\" decoding=\"async\" src=\"https:\/\/jornalfatosenoticias.com.br\/wp-content\/uploads\/2023\/08\/BKR-1024x1021.jpg\" alt=\"\" class=\"wp-image-44494\" width=\"293\" height=\"292\" srcset=\"https:\/\/jornalfatosenoticias.com.br\/wp-content\/uploads\/2023\/08\/BKR-1024x1021.jpg 1024w, https:\/\/jornalfatosenoticias.com.br\/wp-content\/uploads\/2023\/08\/BKR-300x300.jpg 300w, https:\/\/jornalfatosenoticias.com.br\/wp-content\/uploads\/2023\/08\/BKR-150x150.jpg 150w, https:\/\/jornalfatosenoticias.com.br\/wp-content\/uploads\/2023\/08\/BKR-768x766.jpg 768w, https:\/\/jornalfatosenoticias.com.br\/wp-content\/uploads\/2023\/08\/BKR.jpg 1080w\" sizes=\"auto, (max-width: 293px) 100vw, 293px\" \/><\/a><\/figure><\/div>\n\n\n\n<blockquote class=\"wp-block-quote is-layout-flow wp-block-quote-is-layout-flow\"><p><span class=\"has-inline-color has-luminous-vivid-orange-color\">O plano que apresentamos hoje est\u00e1 focado em acabar com a guerra imediatamente, resgatar todos os nossos ref\u00e9ns e criar condi\u00e7\u00f5es para a seguran\u00e7a israelense duradoura e o sucesso palestino\u201d, declarou Trump. \u201cHoje \u00e9 um dia hist\u00f3rico para a paz\u201d, acrescentou.<\/span><\/p><\/blockquote>\n\n\n\n<div class=\"wp-block-image\"><figure class=\"aligncenter size-large is-resized\"><a href=\"https:\/\/legisjuris.com.br\/\"><img loading=\"lazy\" decoding=\"async\" src=\"https:\/\/jornalfatosenoticias.com.br\/wp-content\/uploads\/2024\/09\/Legis-Juris-Consultoria_logo.jpg\" alt=\"\" class=\"wp-image-53915\" width=\"487\" height=\"204\" srcset=\"https:\/\/jornalfatosenoticias.com.br\/wp-content\/uploads\/2024\/09\/Legis-Juris-Consultoria_logo.jpg 969w, https:\/\/jornalfatosenoticias.com.br\/wp-content\/uploads\/2024\/09\/Legis-Juris-Consultoria_logo-300x126.jpg 300w, https:\/\/jornalfatosenoticias.com.br\/wp-content\/uploads\/2024\/09\/Legis-Juris-Consultoria_logo-768x322.jpg 768w\" sizes=\"auto, (max-width: 487px) 100vw, 487px\" \/><\/a><\/figure><\/div>\n\n\n\n<p>Pelo plano, a partir do aval israelense, o Hamas ter\u00e1 72 horas para libertar os ref\u00e9ns vivos e entregar os corpos ainda em sua posse. Nesse per\u00edodo, opera\u00e7\u00f5es militares ser\u00e3o suspensas e as tropas israelenses iniciar\u00e3o a retirada gradual da Faixa de Gaza. Em contrapartida, Israel se compromete a libertar 250 prisioneiros condenados \u00e0 morte e 1.700 detidos ap\u00f3s os ataques de 7 de outubro de 2023, al\u00e9m de devolver 15 corpos para cada ref\u00e9m solto.<\/p>\n\n\n\n<div class=\"wp-block-image\"><figure class=\"aligncenter size-large is-resized\"><a href=\"https:\/\/www.facebook.com\/profile.php?id=100069289606145\"><img loading=\"lazy\" decoding=\"async\" src=\"https:\/\/jornalfatosenoticias.com.br\/wp-content\/uploads\/2024\/11\/Guaitolini-Contabilidade-1024x714.jpeg\" alt=\"\" class=\"wp-image-55808\" width=\"359\" height=\"250\" srcset=\"https:\/\/jornalfatosenoticias.com.br\/wp-content\/uploads\/2024\/11\/Guaitolini-Contabilidade-1024x714.jpeg 1024w, https:\/\/jornalfatosenoticias.com.br\/wp-content\/uploads\/2024\/11\/Guaitolini-Contabilidade-300x209.jpeg 300w, https:\/\/jornalfatosenoticias.com.br\/wp-content\/uploads\/2024\/11\/Guaitolini-Contabilidade-768x535.jpeg 768w, https:\/\/jornalfatosenoticias.com.br\/wp-content\/uploads\/2024\/11\/Guaitolini-Contabilidade.jpeg 1280w\" sizes=\"auto, (max-width: 359px) 100vw, 359px\" \/><\/a><\/figure><\/div>\n\n\n\n<p>A proposta tamb\u00e9m prev\u00ea anistia para combatentes do Hamas que aceitarem coexistir pacificamente na regi\u00e3o. Aqueles que optarem por deixar a Palestina poder\u00e3o faz\u00ea-lo em seguran\u00e7a. A desmilitariza\u00e7\u00e3o, segundo a Casa Branca, abrir\u00e1 caminho para a entrada de ajuda humanit\u00e1ria, sob supervis\u00e3o da ONU, da Cruz Vermelha e de outras organiza\u00e7\u00f5es internacionais. O plano inclui a cria\u00e7\u00e3o de um governo de transi\u00e7\u00e3o palestino de car\u00e1ter \u201ctecnocr\u00e1tico e apol\u00edtico\u201d, supervisionado por um \u201cConselho da Paz\u201d liderado por Trump e com participa\u00e7\u00e3o do ex-primeiro-ministro brit\u00e2nico Tony Blair e de outros l\u00edderes a serem definidos. <strong>(Fonte: Conex\u00e3o Pol\u00edtica)<\/strong><\/p>\n\n\n\n<div class=\"wp-block-image\"><figure class=\"aligncenter size-large is-resized\"><a href=\"https:\/\/www.facebook.com\/vetor.vix\/\"><img loading=\"lazy\" decoding=\"async\" src=\"https:\/\/jornalfatosenoticias.com.br\/wp-content\/uploads\/2023\/09\/vetorvix1024_1.jpg\" alt=\"\" class=\"wp-image-44868\" width=\"539\" height=\"143\" srcset=\"https:\/\/jornalfatosenoticias.com.br\/wp-content\/uploads\/2023\/09\/vetorvix1024_1.jpg 1024w, https:\/\/jornalfatosenoticias.com.br\/wp-content\/uploads\/2023\/09\/vetorvix1024_1-300x80.jpg 300w, https:\/\/jornalfatosenoticias.com.br\/wp-content\/uploads\/2023\/09\/vetorvix1024_1-768x205.jpg 768w\" sizes=\"auto, (max-width: 539px) 100vw, 539px\" \/><\/a><\/figure><\/div>\n\n\n\n<hr class=\"wp-block-separator\"\/>\n","protected":false},"excerpt":{"rendered":"<p>A D\u00edvida P\u00fablica Federal (DPF) aumentou 2,59% em agosto e fechou o m\u00eas em R$ 8,10 trilh\u00f5es, ante R$ 7,94 trilh\u00f5es em julho, mostra o Relat\u00f3rio Mensal da D\u00edvida divulgado, na ter\u00e7a-feira (30), pelo Tesouro Nacional. O que explica a alta\u2022 Emiss\u00e3o l\u00edquida: R$ 136,94 bilh\u00f5es.\u2022 Apropria\u00e7\u00e3o de juros: R$ 76,85 bilh\u00f5es.Com esse desempenho, o [&hellip;]<\/p>\n","protected":false},"author":3,"featured_media":62308,"comment_status":"open","ping_status":"open","sticky":false,"template":"","format":"standard","meta":{"footnotes":""},"categories":[10],"tags":[681,22480,597,14448,2147,28420,21582,20574,28422,28421,28418,28417,7580,21686,19097,18253,28416,28415,28419,8605],"class_list":["post-62302","post","type-post","status-publish","format-standard","has-post-thumbnail","hentry","category-politica","tag-africa-do-sul","tag-benjamin-netanyahu","tag-brasil","tag-divida-publica","tag-donald-trump","tag-estado-palestino","tag-hamas","tag-irmaos-batista","tag-jbs","tag-jbs-aves","tag-joao-muniz-leite","tag-luiz-marinho-pt","tag-lula","tag-lulinha","tag-nicolas-maduro","tag-pcc","tag-stados-unidos","tag-trabalho-escravo","tag-trafico-de-pessoas","tag-venezuela"],"yoast_head":"<!-- This site is optimized with the Yoast SEO plugin v26.5 - https:\/\/yoast.com\/wordpress\/plugins\/seo\/ -->\n<title>A Semana no Brasil e no Mundo \u2014 Efeito Lula: d\u00edvida p\u00fablica sobe 2,59% em agosto e alcan\u00e7a R$ 8,1 tri - Jornal Fatos e Not\u00edcias<\/title>\n<meta name=\"robots\" content=\"index, follow, max-snippet:-1, max-image-preview:large, max-video-preview:-1\" \/>\n<link rel=\"canonical\" href=\"https:\/\/jornalfatosenoticias.com.br\/index.php\/2025\/10\/02\/a-semana-no-brasil-e-no-mundo-efeito-lula-divida-publica-sobe-259-em-agosto-e-alcanca-r-81-tri\/\" \/>\n<meta property=\"og:locale\" content=\"pt_BR\" \/>\n<meta property=\"og:type\" content=\"article\" \/>\n<meta property=\"og:title\" content=\"A Semana no Brasil e no Mundo \u2014 Efeito Lula: d\u00edvida p\u00fablica sobe 2,59% em agosto e alcan\u00e7a R$ 8,1 tri - Jornal Fatos e Not\u00edcias\" \/>\n<meta property=\"og:description\" content=\"A D\u00edvida P\u00fablica Federal (DPF) aumentou 2,59% em agosto e fechou o m\u00eas em R$ 8,10 trilh\u00f5es, ante R$ 7,94 trilh\u00f5es em julho, mostra o Relat\u00f3rio Mensal da D\u00edvida divulgado, na ter\u00e7a-feira (30), pelo Tesouro Nacional. O que explica a alta\u2022 Emiss\u00e3o l\u00edquida: R$ 136,94 bilh\u00f5es.\u2022 Apropria\u00e7\u00e3o de juros: R$ 76,85 bilh\u00f5es.Com esse desempenho, o [&hellip;]\" \/>\n<meta property=\"og:url\" content=\"https:\/\/jornalfatosenoticias.com.br\/index.php\/2025\/10\/02\/a-semana-no-brasil-e-no-mundo-efeito-lula-divida-publica-sobe-259-em-agosto-e-alcanca-r-81-tri\/\" \/>\n<meta property=\"og:site_name\" content=\"Jornal Fatos e Not\u00edcias\" \/>\n<meta property=\"article:published_time\" content=\"2025-10-02T17:39:21+00:00\" \/>\n<meta property=\"article:modified_time\" content=\"2025-10-02T17:39:23+00:00\" \/>\n<meta property=\"og:image\" content=\"https:\/\/jornalfatosenoticias.com.br\/wp-content\/uploads\/2025\/10\/lula-divida-publica-federal-foto-shutterstock.jpg\" \/>\n\t<meta property=\"og:image:width\" content=\"1000\" \/>\n\t<meta property=\"og:image:height\" content=\"561\" \/>\n\t<meta property=\"og:image:type\" content=\"image\/jpeg\" \/>\n<meta name=\"author\" content=\"Haroldo Filho\" \/>\n<meta name=\"twitter:card\" content=\"summary_large_image\" \/>\n<meta name=\"twitter:label1\" content=\"Escrito por\" \/>\n\t<meta name=\"twitter:data1\" content=\"Haroldo Filho\" \/>\n\t<meta name=\"twitter:label2\" content=\"Est. tempo de leitura\" \/>\n\t<meta name=\"twitter:data2\" content=\"9 minutos\" \/>\n<script type=\"application\/ld+json\" class=\"yoast-schema-graph\">{\"@context\":\"https:\/\/schema.org\",\"@graph\":[{\"@type\":\"Article\",\"@id\":\"https:\/\/jornalfatosenoticias.com.br\/index.php\/2025\/10\/02\/a-semana-no-brasil-e-no-mundo-efeito-lula-divida-publica-sobe-259-em-agosto-e-alcanca-r-81-tri\/#article\",\"isPartOf\":{\"@id\":\"https:\/\/jornalfatosenoticias.com.br\/index.php\/2025\/10\/02\/a-semana-no-brasil-e-no-mundo-efeito-lula-divida-publica-sobe-259-em-agosto-e-alcanca-r-81-tri\/\"},\"author\":{\"name\":\"Haroldo Filho\",\"@id\":\"https:\/\/jornalfatosenoticias.com.br\/#\/schema\/person\/05c46cc25b42a5c27e004fb0fa6b4965\"},\"headline\":\"A Semana no Brasil e no Mundo \u2014 Efeito Lula: d\u00edvida p\u00fablica sobe 2,59% em agosto e alcan\u00e7a R$ 8,1 tri\",\"datePublished\":\"2025-10-02T17:39:21+00:00\",\"dateModified\":\"2025-10-02T17:39:23+00:00\",\"mainEntityOfPage\":{\"@id\":\"https:\/\/jornalfatosenoticias.com.br\/index.php\/2025\/10\/02\/a-semana-no-brasil-e-no-mundo-efeito-lula-divida-publica-sobe-259-em-agosto-e-alcanca-r-81-tri\/\"},\"wordCount\":1791,\"commentCount\":0,\"publisher\":{\"@id\":\"https:\/\/jornalfatosenoticias.com.br\/#organization\"},\"image\":{\"@id\":\"https:\/\/jornalfatosenoticias.com.br\/index.php\/2025\/10\/02\/a-semana-no-brasil-e-no-mundo-efeito-lula-divida-publica-sobe-259-em-agosto-e-alcanca-r-81-tri\/#primaryimage\"},\"thumbnailUrl\":\"https:\/\/jornalfatosenoticias.com.br\/wp-content\/uploads\/2025\/10\/lula-divida-publica-federal-foto-shutterstock.jpg\",\"keywords\":[\"\u00c1frica do Sul\",\"Benjamin Netanyahu\",\"Brasil\",\"d\u00edvida p\u00fablica\",\"Donald Trump\",\"Estado Palestino\",\"Hamas\",\"irm\u00e3os Batista\",\"JBS\",\"JBS Aves\",\"Jo\u00e3o Muniz Leite\",\"Luiz Marinho (PT)\",\"Lula\",\"Lulinha\",\"Nicol\u00e1s Maduro\",\"PCC\",\"stados Unidos\",\"trabalho escravo\",\"tr\u00e1fico de pessoas\",\"Venezuela\"],\"articleSection\":[\"Pol\u00edtica\"],\"inLanguage\":\"pt-BR\",\"potentialAction\":[{\"@type\":\"CommentAction\",\"name\":\"Comment\",\"target\":[\"https:\/\/jornalfatosenoticias.com.br\/index.php\/2025\/10\/02\/a-semana-no-brasil-e-no-mundo-efeito-lula-divida-publica-sobe-259-em-agosto-e-alcanca-r-81-tri\/#respond\"]}]},{\"@type\":\"WebPage\",\"@id\":\"https:\/\/jornalfatosenoticias.com.br\/index.php\/2025\/10\/02\/a-semana-no-brasil-e-no-mundo-efeito-lula-divida-publica-sobe-259-em-agosto-e-alcanca-r-81-tri\/\",\"url\":\"https:\/\/jornalfatosenoticias.com.br\/index.php\/2025\/10\/02\/a-semana-no-brasil-e-no-mundo-efeito-lula-divida-publica-sobe-259-em-agosto-e-alcanca-r-81-tri\/\",\"name\":\"A Semana no Brasil e no Mundo \u2014 Efeito Lula: d\u00edvida p\u00fablica sobe 2,59% em agosto e alcan\u00e7a R$ 8,1 tri - Jornal Fatos e Not\u00edcias\",\"isPartOf\":{\"@id\":\"https:\/\/jornalfatosenoticias.com.br\/#website\"},\"primaryImageOfPage\":{\"@id\":\"https:\/\/jornalfatosenoticias.com.br\/index.php\/2025\/10\/02\/a-semana-no-brasil-e-no-mundo-efeito-lula-divida-publica-sobe-259-em-agosto-e-alcanca-r-81-tri\/#primaryimage\"},\"image\":{\"@id\":\"https:\/\/jornalfatosenoticias.com.br\/index.php\/2025\/10\/02\/a-semana-no-brasil-e-no-mundo-efeito-lula-divida-publica-sobe-259-em-agosto-e-alcanca-r-81-tri\/#primaryimage\"},\"thumbnailUrl\":\"https:\/\/jornalfatosenoticias.com.br\/wp-content\/uploads\/2025\/10\/lula-divida-publica-federal-foto-shutterstock.jpg\",\"datePublished\":\"2025-10-02T17:39:21+00:00\",\"dateModified\":\"2025-10-02T17:39:23+00:00\",\"breadcrumb\":{\"@id\":\"https:\/\/jornalfatosenoticias.com.br\/index.php\/2025\/10\/02\/a-semana-no-brasil-e-no-mundo-efeito-lula-divida-publica-sobe-259-em-agosto-e-alcanca-r-81-tri\/#breadcrumb\"},\"inLanguage\":\"pt-BR\",\"potentialAction\":[{\"@type\":\"ReadAction\",\"target\":[\"https:\/\/jornalfatosenoticias.com.br\/index.php\/2025\/10\/02\/a-semana-no-brasil-e-no-mundo-efeito-lula-divida-publica-sobe-259-em-agosto-e-alcanca-r-81-tri\/\"]}]},{\"@type\":\"ImageObject\",\"inLanguage\":\"pt-BR\",\"@id\":\"https:\/\/jornalfatosenoticias.com.br\/index.php\/2025\/10\/02\/a-semana-no-brasil-e-no-mundo-efeito-lula-divida-publica-sobe-259-em-agosto-e-alcanca-r-81-tri\/#primaryimage\",\"url\":\"https:\/\/jornalfatosenoticias.com.br\/wp-content\/uploads\/2025\/10\/lula-divida-publica-federal-foto-shutterstock.jpg\",\"contentUrl\":\"https:\/\/jornalfatosenoticias.com.br\/wp-content\/uploads\/2025\/10\/lula-divida-publica-federal-foto-shutterstock.jpg\",\"width\":1000,\"height\":561},{\"@type\":\"BreadcrumbList\",\"@id\":\"https:\/\/jornalfatosenoticias.com.br\/index.php\/2025\/10\/02\/a-semana-no-brasil-e-no-mundo-efeito-lula-divida-publica-sobe-259-em-agosto-e-alcanca-r-81-tri\/#breadcrumb\",\"itemListElement\":[{\"@type\":\"ListItem\",\"position\":1,\"name\":\"In\u00edcio\",\"item\":\"https:\/\/jornalfatosenoticias.com.br\/\"},{\"@type\":\"ListItem\",\"position\":2,\"name\":\"A Semana no Brasil e no Mundo \u2014 Efeito Lula: d\u00edvida p\u00fablica sobe 2,59% em agosto e alcan\u00e7a R$ 8,1 tri\"}]},{\"@type\":\"WebSite\",\"@id\":\"https:\/\/jornalfatosenoticias.com.br\/#website\",\"url\":\"https:\/\/jornalfatosenoticias.com.br\/\",\"name\":\"Jornal Fatos e Not\u00edcias\",\"description\":\"Not\u00edcias em geral\",\"publisher\":{\"@id\":\"https:\/\/jornalfatosenoticias.com.br\/#organization\"},\"potentialAction\":[{\"@type\":\"SearchAction\",\"target\":{\"@type\":\"EntryPoint\",\"urlTemplate\":\"https:\/\/jornalfatosenoticias.com.br\/?s={search_term_string}\"},\"query-input\":{\"@type\":\"PropertyValueSpecification\",\"valueRequired\":true,\"valueName\":\"search_term_string\"}}],\"inLanguage\":\"pt-BR\"},{\"@type\":\"Organization\",\"@id\":\"https:\/\/jornalfatosenoticias.com.br\/#organization\",\"name\":\"Jornal Fatos e Not\u00edcias\",\"url\":\"https:\/\/jornalfatosenoticias.com.br\/\",\"logo\":{\"@type\":\"ImageObject\",\"inLanguage\":\"pt-BR\",\"@id\":\"https:\/\/jornalfatosenoticias.com.br\/#\/schema\/logo\/image\/\",\"url\":\"https:\/\/jornalfatosenoticias.com.br\/wp-content\/uploads\/2020\/02\/logo120.png\",\"contentUrl\":\"https:\/\/jornalfatosenoticias.com.br\/wp-content\/uploads\/2020\/02\/logo120.png\",\"width\":1227,\"height\":120,\"caption\":\"Jornal Fatos e Not\u00edcias\"},\"image\":{\"@id\":\"https:\/\/jornalfatosenoticias.com.br\/#\/schema\/logo\/image\/\"}},{\"@type\":\"Person\",\"@id\":\"https:\/\/jornalfatosenoticias.com.br\/#\/schema\/person\/05c46cc25b42a5c27e004fb0fa6b4965\",\"name\":\"Haroldo Filho\",\"image\":{\"@type\":\"ImageObject\",\"inLanguage\":\"pt-BR\",\"@id\":\"https:\/\/jornalfatosenoticias.com.br\/#\/schema\/person\/image\/\",\"url\":\"https:\/\/jornalfatosenoticias.com.br\/wp-content\/uploads\/2025\/08\/WhatsApp-Image-2025-08-18-at-15.30.28-150x150.jpeg\",\"contentUrl\":\"https:\/\/jornalfatosenoticias.com.br\/wp-content\/uploads\/2025\/08\/WhatsApp-Image-2025-08-18-at-15.30.28-150x150.jpeg\",\"caption\":\"Haroldo Filho\"},\"description\":\"Jornalista \u2013 DRT: 0003818\/ES Coordenador-geral da ONG Educar para Crescer\",\"url\":\"https:\/\/jornalfatosenoticias.com.br\/index.php\/author\/haroldo\/\"}]}<\/script>\n<!-- \/ Yoast SEO plugin. -->","yoast_head_json":{"title":"A Semana no Brasil e no Mundo \u2014 Efeito Lula: d\u00edvida p\u00fablica sobe 2,59% em agosto e alcan\u00e7a R$ 8,1 tri - Jornal Fatos e Not\u00edcias","robots":{"index":"index","follow":"follow","max-snippet":"max-snippet:-1","max-image-preview":"max-image-preview:large","max-video-preview":"max-video-preview:-1"},"canonical":"https:\/\/jornalfatosenoticias.com.br\/index.php\/2025\/10\/02\/a-semana-no-brasil-e-no-mundo-efeito-lula-divida-publica-sobe-259-em-agosto-e-alcanca-r-81-tri\/","og_locale":"pt_BR","og_type":"article","og_title":"A Semana no Brasil e no Mundo \u2014 Efeito Lula: d\u00edvida p\u00fablica sobe 2,59% em agosto e alcan\u00e7a R$ 8,1 tri - Jornal Fatos e Not\u00edcias","og_description":"A D\u00edvida P\u00fablica Federal (DPF) aumentou 2,59% em agosto e fechou o m\u00eas em R$ 8,10 trilh\u00f5es, ante R$ 7,94 trilh\u00f5es em julho, mostra o Relat\u00f3rio Mensal da D\u00edvida divulgado, na ter\u00e7a-feira (30), pelo Tesouro Nacional. O que explica a alta\u2022 Emiss\u00e3o l\u00edquida: R$ 136,94 bilh\u00f5es.\u2022 Apropria\u00e7\u00e3o de juros: R$ 76,85 bilh\u00f5es.Com esse desempenho, o [&hellip;]","og_url":"https:\/\/jornalfatosenoticias.com.br\/index.php\/2025\/10\/02\/a-semana-no-brasil-e-no-mundo-efeito-lula-divida-publica-sobe-259-em-agosto-e-alcanca-r-81-tri\/","og_site_name":"Jornal Fatos e Not\u00edcias","article_published_time":"2025-10-02T17:39:21+00:00","article_modified_time":"2025-10-02T17:39:23+00:00","og_image":[{"width":1000,"height":561,"url":"https:\/\/jornalfatosenoticias.com.br\/wp-content\/uploads\/2025\/10\/lula-divida-publica-federal-foto-shutterstock.jpg","type":"image\/jpeg"}],"author":"Haroldo Filho","twitter_card":"summary_large_image","twitter_misc":{"Escrito por":"Haroldo Filho","Est. tempo de leitura":"9 minutos"},"schema":{"@context":"https:\/\/schema.org","@graph":[{"@type":"Article","@id":"https:\/\/jornalfatosenoticias.com.br\/index.php\/2025\/10\/02\/a-semana-no-brasil-e-no-mundo-efeito-lula-divida-publica-sobe-259-em-agosto-e-alcanca-r-81-tri\/#article","isPartOf":{"@id":"https:\/\/jornalfatosenoticias.com.br\/index.php\/2025\/10\/02\/a-semana-no-brasil-e-no-mundo-efeito-lula-divida-publica-sobe-259-em-agosto-e-alcanca-r-81-tri\/"},"author":{"name":"Haroldo Filho","@id":"https:\/\/jornalfatosenoticias.com.br\/#\/schema\/person\/05c46cc25b42a5c27e004fb0fa6b4965"},"headline":"A Semana no Brasil e no Mundo \u2014 Efeito Lula: d\u00edvida p\u00fablica sobe 2,59% em agosto e alcan\u00e7a R$ 8,1 tri","datePublished":"2025-10-02T17:39:21+00:00","dateModified":"2025-10-02T17:39:23+00:00","mainEntityOfPage":{"@id":"https:\/\/jornalfatosenoticias.com.br\/index.php\/2025\/10\/02\/a-semana-no-brasil-e-no-mundo-efeito-lula-divida-publica-sobe-259-em-agosto-e-alcanca-r-81-tri\/"},"wordCount":1791,"commentCount":0,"publisher":{"@id":"https:\/\/jornalfatosenoticias.com.br\/#organization"},"image":{"@id":"https:\/\/jornalfatosenoticias.com.br\/index.php\/2025\/10\/02\/a-semana-no-brasil-e-no-mundo-efeito-lula-divida-publica-sobe-259-em-agosto-e-alcanca-r-81-tri\/#primaryimage"},"thumbnailUrl":"https:\/\/jornalfatosenoticias.com.br\/wp-content\/uploads\/2025\/10\/lula-divida-publica-federal-foto-shutterstock.jpg","keywords":["\u00c1frica do Sul","Benjamin Netanyahu","Brasil","d\u00edvida p\u00fablica","Donald Trump","Estado Palestino","Hamas","irm\u00e3os Batista","JBS","JBS Aves","Jo\u00e3o Muniz Leite","Luiz Marinho (PT)","Lula","Lulinha","Nicol\u00e1s Maduro","PCC","stados Unidos","trabalho escravo","tr\u00e1fico de pessoas","Venezuela"],"articleSection":["Pol\u00edtica"],"inLanguage":"pt-BR","potentialAction":[{"@type":"CommentAction","name":"Comment","target":["https:\/\/jornalfatosenoticias.com.br\/index.php\/2025\/10\/02\/a-semana-no-brasil-e-no-mundo-efeito-lula-divida-publica-sobe-259-em-agosto-e-alcanca-r-81-tri\/#respond"]}]},{"@type":"WebPage","@id":"https:\/\/jornalfatosenoticias.com.br\/index.php\/2025\/10\/02\/a-semana-no-brasil-e-no-mundo-efeito-lula-divida-publica-sobe-259-em-agosto-e-alcanca-r-81-tri\/","url":"https:\/\/jornalfatosenoticias.com.br\/index.php\/2025\/10\/02\/a-semana-no-brasil-e-no-mundo-efeito-lula-divida-publica-sobe-259-em-agosto-e-alcanca-r-81-tri\/","name":"A Semana no Brasil e no Mundo \u2014 Efeito Lula: d\u00edvida p\u00fablica sobe 2,59% em agosto e alcan\u00e7a R$ 8,1 tri - Jornal Fatos e Not\u00edcias","isPartOf":{"@id":"https:\/\/jornalfatosenoticias.com.br\/#website"},"primaryImageOfPage":{"@id":"https:\/\/jornalfatosenoticias.com.br\/index.php\/2025\/10\/02\/a-semana-no-brasil-e-no-mundo-efeito-lula-divida-publica-sobe-259-em-agosto-e-alcanca-r-81-tri\/#primaryimage"},"image":{"@id":"https:\/\/jornalfatosenoticias.com.br\/index.php\/2025\/10\/02\/a-semana-no-brasil-e-no-mundo-efeito-lula-divida-publica-sobe-259-em-agosto-e-alcanca-r-81-tri\/#primaryimage"},"thumbnailUrl":"https:\/\/jornalfatosenoticias.com.br\/wp-content\/uploads\/2025\/10\/lula-divida-publica-federal-foto-shutterstock.jpg","datePublished":"2025-10-02T17:39:21+00:00","dateModified":"2025-10-02T17:39:23+00:00","breadcrumb":{"@id":"https:\/\/jornalfatosenoticias.com.br\/index.php\/2025\/10\/02\/a-semana-no-brasil-e-no-mundo-efeito-lula-divida-publica-sobe-259-em-agosto-e-alcanca-r-81-tri\/#breadcrumb"},"inLanguage":"pt-BR","potentialAction":[{"@type":"ReadAction","target":["https:\/\/jornalfatosenoticias.com.br\/index.php\/2025\/10\/02\/a-semana-no-brasil-e-no-mundo-efeito-lula-divida-publica-sobe-259-em-agosto-e-alcanca-r-81-tri\/"]}]},{"@type":"ImageObject","inLanguage":"pt-BR","@id":"https:\/\/jornalfatosenoticias.com.br\/index.php\/2025\/10\/02\/a-semana-no-brasil-e-no-mundo-efeito-lula-divida-publica-sobe-259-em-agosto-e-alcanca-r-81-tri\/#primaryimage","url":"https:\/\/jornalfatosenoticias.com.br\/wp-content\/uploads\/2025\/10\/lula-divida-publica-federal-foto-shutterstock.jpg","contentUrl":"https:\/\/jornalfatosenoticias.com.br\/wp-content\/uploads\/2025\/10\/lula-divida-publica-federal-foto-shutterstock.jpg","width":1000,"height":561},{"@type":"BreadcrumbList","@id":"https:\/\/jornalfatosenoticias.com.br\/index.php\/2025\/10\/02\/a-semana-no-brasil-e-no-mundo-efeito-lula-divida-publica-sobe-259-em-agosto-e-alcanca-r-81-tri\/#breadcrumb","itemListElement":[{"@type":"ListItem","position":1,"name":"In\u00edcio","item":"https:\/\/jornalfatosenoticias.com.br\/"},{"@type":"ListItem","position":2,"name":"A Semana no Brasil e no Mundo \u2014 Efeito Lula: d\u00edvida p\u00fablica sobe 2,59% em agosto e alcan\u00e7a R$ 8,1 tri"}]},{"@type":"WebSite","@id":"https:\/\/jornalfatosenoticias.com.br\/#website","url":"https:\/\/jornalfatosenoticias.com.br\/","name":"Jornal Fatos e Not\u00edcias","description":"Not\u00edcias em geral","publisher":{"@id":"https:\/\/jornalfatosenoticias.com.br\/#organization"},"potentialAction":[{"@type":"SearchAction","target":{"@type":"EntryPoint","urlTemplate":"https:\/\/jornalfatosenoticias.com.br\/?s={search_term_string}"},"query-input":{"@type":"PropertyValueSpecification","valueRequired":true,"valueName":"search_term_string"}}],"inLanguage":"pt-BR"},{"@type":"Organization","@id":"https:\/\/jornalfatosenoticias.com.br\/#organization","name":"Jornal Fatos e Not\u00edcias","url":"https:\/\/jornalfatosenoticias.com.br\/","logo":{"@type":"ImageObject","inLanguage":"pt-BR","@id":"https:\/\/jornalfatosenoticias.com.br\/#\/schema\/logo\/image\/","url":"https:\/\/jornalfatosenoticias.com.br\/wp-content\/uploads\/2020\/02\/logo120.png","contentUrl":"https:\/\/jornalfatosenoticias.com.br\/wp-content\/uploads\/2020\/02\/logo120.png","width":1227,"height":120,"caption":"Jornal Fatos e Not\u00edcias"},"image":{"@id":"https:\/\/jornalfatosenoticias.com.br\/#\/schema\/logo\/image\/"}},{"@type":"Person","@id":"https:\/\/jornalfatosenoticias.com.br\/#\/schema\/person\/05c46cc25b42a5c27e004fb0fa6b4965","name":"Haroldo Filho","image":{"@type":"ImageObject","inLanguage":"pt-BR","@id":"https:\/\/jornalfatosenoticias.com.br\/#\/schema\/person\/image\/","url":"https:\/\/jornalfatosenoticias.com.br\/wp-content\/uploads\/2025\/08\/WhatsApp-Image-2025-08-18-at-15.30.28-150x150.jpeg","contentUrl":"https:\/\/jornalfatosenoticias.com.br\/wp-content\/uploads\/2025\/08\/WhatsApp-Image-2025-08-18-at-15.30.28-150x150.jpeg","caption":"Haroldo Filho"},"description":"Jornalista \u2013 DRT: 0003818\/ES Coordenador-geral da ONG Educar para Crescer","url":"https:\/\/jornalfatosenoticias.com.br\/index.php\/author\/haroldo\/"}]}},"cc_featured_image_caption":{"caption_text":"(Foto: Shutterstock)  ","source_text":"","source_url":""},"jetpack_featured_media_url":"https:\/\/jornalfatosenoticias.com.br\/wp-content\/uploads\/2025\/10\/lula-divida-publica-federal-foto-shutterstock.jpg","_links":{"self":[{"href":"https:\/\/jornalfatosenoticias.com.br\/index.php\/wp-json\/wp\/v2\/posts\/62302","targetHints":{"allow":["GET"]}}],"collection":[{"href":"https:\/\/jornalfatosenoticias.com.br\/index.php\/wp-json\/wp\/v2\/posts"}],"about":[{"href":"https:\/\/jornalfatosenoticias.com.br\/index.php\/wp-json\/wp\/v2\/types\/post"}],"author":[{"embeddable":true,"href":"https:\/\/jornalfatosenoticias.com.br\/index.php\/wp-json\/wp\/v2\/users\/3"}],"replies":[{"embeddable":true,"href":"https:\/\/jornalfatosenoticias.com.br\/index.php\/wp-json\/wp\/v2\/comments?post=62302"}],"version-history":[{"count":0,"href":"https:\/\/jornalfatosenoticias.com.br\/index.php\/wp-json\/wp\/v2\/posts\/62302\/revisions"}],"wp:featuredmedia":[{"embeddable":true,"href":"https:\/\/jornalfatosenoticias.com.br\/index.php\/wp-json\/wp\/v2\/media\/62308"}],"wp:attachment":[{"href":"https:\/\/jornalfatosenoticias.com.br\/index.php\/wp-json\/wp\/v2\/media?parent=62302"}],"wp:term":[{"taxonomy":"category","embeddable":true,"href":"https:\/\/jornalfatosenoticias.com.br\/index.php\/wp-json\/wp\/v2\/categories?post=62302"},{"taxonomy":"post_tag","embeddable":true,"href":"https:\/\/jornalfatosenoticias.com.br\/index.php\/wp-json\/wp\/v2\/tags?post=62302"}],"curies":[{"name":"wp","href":"https:\/\/api.w.org\/{rel}","templated":true}]}}