{"id":62313,"date":"2025-10-02T14:51:13","date_gmt":"2025-10-02T17:51:13","guid":{"rendered":"https:\/\/jornalfatosenoticias.com.br\/?p=62313"},"modified":"2025-10-02T14:51:16","modified_gmt":"2025-10-02T17:51:16","slug":"as-aparencias-enganam-um-serial-estuprador-parte-ii","status":"publish","type":"post","link":"https:\/\/jornalfatosenoticias.com.br\/index.php\/2025\/10\/02\/as-aparencias-enganam-um-serial-estuprador-parte-ii\/","title":{"rendered":"As apar\u00eancias enganam, um serial estuprador \u2014 Parte II"},"content":{"rendered":"\n<p><em><span class=\"has-inline-color has-black-color\">O professor se mostrou muito poderoso, absoluto, para todas as suas v\u00edtimas. E excedia esse gozo de Poder ao dopar as alunas e outras mo\u00e7as, para ter um peda\u00e7o de carne que n\u00e3o reagia a nada<\/span><\/em><\/p>\n\n\n\n<div class=\"wp-block-image\"><figure class=\"aligncenter size-large\"><a href=\"https:\/\/www.instagram.com\/rcradiadores\/\"><img loading=\"lazy\" decoding=\"async\" width=\"560\" height=\"60\" src=\"https:\/\/jornalfatosenoticias.com.br\/wp-content\/uploads\/2022\/10\/Propaganda-RC-Radiadores-Jornal_page-0001.jpg\" alt=\"\" class=\"wp-image-35270\" srcset=\"https:\/\/jornalfatosenoticias.com.br\/wp-content\/uploads\/2022\/10\/Propaganda-RC-Radiadores-Jornal_page-0001.jpg 560w, https:\/\/jornalfatosenoticias.com.br\/wp-content\/uploads\/2022\/10\/Propaganda-RC-Radiadores-Jornal_page-0001-300x32.jpg 300w\" sizes=\"auto, (max-width: 560px) 100vw, 560px\" \/><\/a><\/figure><\/div>\n\n\n\n<p>E o Serial Estuprador teve medidas restritivas e tornozeleira. Mas, ainda bem que a Delegada, encarregada do inqu\u00e9rito, entendeu que ele precisava ser preso. Ela pensou nas v\u00edtimas que n\u00e3o iam denunci\u00e1-lo enquanto ele estivesse livre. Essa \u00e9 a situa\u00e7\u00e3o mais comum: a v\u00edtima fica acuada, intimidada, recebendo amea\u00e7as do predador e, muitas vezes, das Institui\u00e7\u00f5es que levam t\u00edtulos de \u201cprotetoras\u201d, s\u00f3 t\u00edtulo.<br>O professor de Direito de Fam\u00edlia est\u00e1 preso. E agora que as den\u00fancias n\u00e3o param de chegar \u00e0 Delegacia, as Institui\u00e7\u00f5es que o abrigavam, garantindo legitimidade, prest\u00edgio, autoridade t\u00e9cnica, tentam se desvencilhar do fato de o terem em alto em seus quadros. \u00c9 incr\u00edvel. Mas insistem em dizer que n\u00e3o tinham nada a ver com as suas pr\u00e1ticas macabras e b\u00e1rbaras. Trabalharam juntos por mais de uma d\u00e9cada, eram compadres e comadres sociais tamb\u00e9m, mas apressam-se em dizer que \u201cas m\u00e3es\u201d \u2014 estigma das pessoas que ousam denunciar os estupros de vulner\u00e1veis intrafamiliares, portanto, incestuosos \u2014 ousam \u201ctentar macular\u201d a reputa\u00e7\u00e3o ilibada de criminosos sexuais. Mas, seguem dobrando a aposta de que as m\u00e3es s\u00e3o loucas, afirmando que as Institui\u00e7\u00f5es \u00e0s quais pertencem, continuam \u201cilibadas\u201d, se esquivando de se pronunciar claramente contra as pr\u00e1ticas criminosas que se avizinhavam, e estavam no \u201cdeep solo\u201d em que todos pisavam.<\/p>\n\n\n\n<div class=\"wp-block-image\"><figure class=\"aligncenter size-large\"><a href=\"http:\/\/www.ferrarimaquinas.com.br\/\"><img loading=\"lazy\" decoding=\"async\" width=\"300\" height=\"250\" src=\"https:\/\/jornalfatosenoticias.com.br\/wp-content\/uploads\/2022\/02\/FERRARI_MAQUINAS-E-FERRAMENTAS2.jpg\" alt=\"\" class=\"wp-image-27860\"\/><\/a><\/figure><\/div>\n\n\n\n<p>O Serial Estuprador seguiu altivo, investido de sua postura arrogante, sem algemas, para a pris\u00e3o tempor\u00e1ria, para que outras v\u00edtimas possam se encorajar para ir at\u00e9 a Delegacia. Tenho certeza que algumas delas, mesmo com sua pris\u00e3o e depois com sua condena\u00e7\u00e3o, n\u00e3o far\u00e3o a den\u00fancia do estupro brutal sofrido. A dor de uma mand\u00edbula deslocada ou fraturada, de in\u00fameros hematomas, de um corte na regi\u00e3o vaginal que precisou ser suturado e permanecer em hospitaliza\u00e7\u00e3o, n\u00e3o permite que se experimente a seguran\u00e7a de ir relatar para a Pol\u00edcia e, tomara, para a Justi\u00e7a. O professor se mostrou muito poderoso, absoluto, para todas as suas v\u00edtimas. E excedia esse gozo de Poder ao dopar as alunas e outras mo\u00e7as, para ter um peda\u00e7o de carne que n\u00e3o reagia a nada. Nunca saberemos sobre suas ferramentas, seus instrumentos de tortura, os concretos. S\u00f3 imaginamos por esse simulacro de Necrofilia, o primitivismo e a barb\u00e1rie de sua mente que planejava e executava sequencialmente esse ritual ultraperverso.<\/p>\n\n\n\n<div class=\"wp-block-image\"><figure class=\"aligncenter size-large\"><img loading=\"lazy\" decoding=\"async\" width=\"612\" height=\"408\" src=\"https:\/\/jornalfatosenoticias.com.br\/wp-content\/uploads\/2025\/10\/Iencarelli1_istock.jpg\" alt=\"\" class=\"wp-image-62315\" srcset=\"https:\/\/jornalfatosenoticias.com.br\/wp-content\/uploads\/2025\/10\/Iencarelli1_istock.jpg 612w, https:\/\/jornalfatosenoticias.com.br\/wp-content\/uploads\/2025\/10\/Iencarelli1_istock-300x200.jpg 300w\" sizes=\"auto, (max-width: 612px) 100vw, 612px\" \/><figcaption><em><span class=\"has-inline-color has-black-color\">(Foto: iStock)<\/span><\/em><\/figcaption><\/figure><\/div>\n\n\n\n<p>Assisti a um v\u00eddeo do colunista Paulo Germano que, brilhantemente, falou sobre o que chamou de \u201cvitrine de ca\u00e7a\u201d, montada por professores para \u201cpegar\u201d alunas. E, precisamente, entre outras coisas que apontam para sua lucidez \u00c9tica, chama aten\u00e7\u00e3o para o uso da hierarquia por criminosos sexuais. As v\u00edtimas do referido professor tinham essa assimetria com a figura de autoridade, a autoridade de conhecimento e a autoridade da retalia\u00e7\u00e3o nas notas do curso. J\u00e1 vimos isso algum tempo atr\u00e1s com um tal Jo\u00e3o, l\u00edder religioso, outra hierarquia muito usada por predadores, dos pequenos aos severos. Aquele Jo\u00e3o foi denunciado por anos a fio por uma filha a quem abusava, e que nada era considerado de suas queixas. Foi necess\u00e1rio que uma mulher estrangeira fizesse uma den\u00fancia de fora para dentro e uma institui\u00e7\u00e3o s\u00e9ria de defesa de mulheres v\u00edtimas de viol\u00eancia, se dedicasse na insist\u00eancia das muitas den\u00fancias que n\u00e3o atravessavam a blindagem do predador.<\/p>\n\n\n\n<div class=\"wp-block-image\"><figure class=\"aligncenter size-large is-resized\"><a href=\"https:\/\/www.instagram.com\/serra4x4cambioautomatico\/\"><img loading=\"lazy\" decoding=\"async\" src=\"https:\/\/jornalfatosenoticias.com.br\/wp-content\/uploads\/2024\/08\/Serra-4x4-1-886x1024.jpg\" alt=\"\" class=\"wp-image-53632\" width=\"286\" height=\"331\" srcset=\"https:\/\/jornalfatosenoticias.com.br\/wp-content\/uploads\/2024\/08\/Serra-4x4-1-886x1024.jpg 886w, https:\/\/jornalfatosenoticias.com.br\/wp-content\/uploads\/2024\/08\/Serra-4x4-1-260x300.jpg 260w, https:\/\/jornalfatosenoticias.com.br\/wp-content\/uploads\/2024\/08\/Serra-4x4-1-768x888.jpg 768w, https:\/\/jornalfatosenoticias.com.br\/wp-content\/uploads\/2024\/08\/Serra-4x4-1.jpg 1181w\" sizes=\"auto, (max-width: 286px) 100vw, 286px\" \/><\/a><\/figure><\/div>\n\n\n\n<p>Com a Maria da Penha tamb\u00e9m foi necess\u00e1rio que a Corte Interamericana de Direitos Humanos condenasse o Brasil pela omiss\u00e3o na prote\u00e7\u00e3o daquela mulher que entre outros atentados intrafamiliares, tomou um tiro que a levou para a cadeira de rodas para sempre. E, dentro da condena\u00e7\u00e3o ao pa\u00eds, havia a exig\u00eancia de uma Lei de Prote\u00e7\u00e3o de Combate \u00e0 viol\u00eancia contra as Mulheres brasileiras. Foi assim que constru\u00edmos a Lei Maria da Penha.<\/p>\n\n\n\n<div class=\"wp-block-image\"><figure class=\"aligncenter size-large is-resized\"><a href=\"https:\/\/hotelmarquetti.com.br\/\"><img loading=\"lazy\" decoding=\"async\" src=\"https:\/\/jornalfatosenoticias.com.br\/wp-content\/uploads\/2020\/02\/LOGO-MQ-1024x680.jpg\" alt=\"\" class=\"wp-image-58299\" width=\"337\" height=\"224\" srcset=\"https:\/\/jornalfatosenoticias.com.br\/wp-content\/uploads\/2020\/02\/LOGO-MQ-1024x680.jpg 1024w, https:\/\/jornalfatosenoticias.com.br\/wp-content\/uploads\/2020\/02\/LOGO-MQ-300x199.jpg 300w, https:\/\/jornalfatosenoticias.com.br\/wp-content\/uploads\/2020\/02\/LOGO-MQ-768x510.jpg 768w, https:\/\/jornalfatosenoticias.com.br\/wp-content\/uploads\/2020\/02\/LOGO-MQ-1536x1020.jpg 1536w, https:\/\/jornalfatosenoticias.com.br\/wp-content\/uploads\/2020\/02\/LOGO-MQ-2048x1360.jpg 2048w\" sizes=\"auto, (max-width: 337px) 100vw, 337px\" \/><\/a><\/figure><\/div>\n\n\n\n<p>No entanto, temos consci\u00eancia que a exist\u00eancia de uma Lei, por melhor que ela seja, como no caso, n\u00e3o \u00e9 suficiente para homens violentos e inescrupulosos, precisamos demolir essa cultura do estupro como prazer masculino. Os \u00edndices de Feminic\u00eddio crescem em progress\u00e3o geom\u00e9trica, apesar da Lei. Quantas mulheres s\u00e3o assassinadas com a Medida Protetiva de Urg\u00eancia nas m\u00e3os. E quantas s\u00e3o espancadas at\u00e9 a morte depois que um juiz revoga sua Medida Protetiva, sob o argumento de que o indiv\u00edduo violento j\u00e1 \u201cmelhorou\u201d. Deveria haver cobran\u00e7a de Responsabiliza\u00e7\u00e3o para os agentes que cometem erros t\u00e3o grosseiros, ou os que induzem aos erros grosseiros com laudos psicol\u00f3gicos vendidos.<\/p>\n\n\n\n<div class=\"wp-block-image\"><figure class=\"aligncenter size-large\"><img loading=\"lazy\" decoding=\"async\" width=\"612\" height=\"344\" src=\"https:\/\/jornalfatosenoticias.com.br\/wp-content\/uploads\/2025\/10\/iencarelli2_istock.jpg\" alt=\"\" class=\"wp-image-62316\" srcset=\"https:\/\/jornalfatosenoticias.com.br\/wp-content\/uploads\/2025\/10\/iencarelli2_istock.jpg 612w, https:\/\/jornalfatosenoticias.com.br\/wp-content\/uploads\/2025\/10\/iencarelli2_istock-300x169.jpg 300w\" sizes=\"auto, (max-width: 612px) 100vw, 612px\" \/><figcaption><em><span class=\"has-inline-color has-black-color\">(Foto: iStock)<\/span><\/em><\/figcaption><\/figure><\/div>\n\n\n\n<p>Os homens podem ser bons e n\u00e3o deixam de ser homens, n\u00e3o perdem, ao contr\u00e1rio, ganham masculinidade. E as mulheres\/m\u00e3es n\u00e3o s\u00e3o loucas quando buscam prote\u00e7\u00e3o para um filho ou filha, obedecendo ao Art. 13 do ECA. A den\u00fancia de suspeita ou confirma\u00e7\u00e3o de crime contra a crian\u00e7a, \u00e9 obrigat\u00f3ria.<br>O uso da hierarquia numa pretensa conquista amorosa, a torna uma trapa\u00e7a, como falou o colunista, uma arma violenta. N\u00e3o precisa de muitos neur\u00f4nios para localizar o prazer maior do professor de Direito de Fam\u00edlia. Como venho refletindo, apesar dos estupros, o que inclui todos os comportamentos lascivos, inclusive sexo oral numa crian\u00e7a, h\u00e1 uma profissional que minimiza essa pr\u00e1tica afirmando que n\u00e3o \u00e9 nada, se efetivarem no campo sexual, o Prazer buscado pelo estuprador \u00e9 o do Poder. \u00c9 com a sensa\u00e7\u00e3o gloriosa e recheada de onipot\u00eancia, que inclui enganar a todos com uma postura \u201cilibada\u201d, que leva ao Gozo Supremo. Essa sensa\u00e7\u00e3o de ser superior aos pobres mortais, ludibriados debaixo do nariz, \u00e9 o saldo do estupro. Para o predador, o regozijo total.<\/p>\n\n\n\n<div class=\"wp-block-image\"><figure class=\"aligncenter size-large is-resized\"><a href=\"https:\/\/www.controlsystems.com.br\/\"><img loading=\"lazy\" decoding=\"async\" src=\"https:\/\/jornalfatosenoticias.com.br\/wp-content\/uploads\/2020\/02\/CONTROL-CS.jpg\" alt=\"\" class=\"wp-image-44991\" width=\"286\" height=\"342\" srcset=\"https:\/\/jornalfatosenoticias.com.br\/wp-content\/uploads\/2020\/02\/CONTROL-CS.jpg 834w, https:\/\/jornalfatosenoticias.com.br\/wp-content\/uploads\/2020\/02\/CONTROL-CS-250x300.jpg 250w, https:\/\/jornalfatosenoticias.com.br\/wp-content\/uploads\/2020\/02\/CONTROL-CS-768x921.jpg 768w\" sizes=\"auto, (max-width: 286px) 100vw, 286px\" \/><\/a><\/figure><\/div>\n\n\n\n<p>No caso do Professor de Direito de Fam\u00edlia, fun\u00e7\u00e3o de lideran\u00e7a e de forma\u00e7\u00e3o de profissionais, advogado renomado, fica a suspeita de que, talvez, houvesse um \u201cclubinho de estupradores\u201d. Afinal levar cenas dessa magnitude para seus pares, seria mais uma condecora\u00e7\u00e3o, entre tantas que j\u00e1 recebia. Ele j\u00e1 defendia abertamente, uma tese, que pais violentos e abusadores deveriam permanecer em \u201cconviv\u00eancia normal\u201d com seus filhos v\u00edtimas. Ao que era, \u00e9, seguido pelos seus correligion\u00e1rios em credo desse tipo de Direito de Fam\u00edlia. Em causa pr\u00f3pria? Em causas pr\u00f3prias? Uma Seita de desqualifica\u00e7\u00e3o da mulher e das crian\u00e7as. Tudo sob os ausp\u00edcios da justi\u00e7a e de defensores do Direito de Fam\u00edlia? Quando teremos Responsabiliza\u00e7\u00f5es?<\/p>\n\n\n\n<div class=\"wp-block-image\"><figure class=\"aligncenter size-large is-resized\"><a href=\"https:\/\/www.instagram.com\/esteio.churrascaria\/\"><img loading=\"lazy\" decoding=\"async\" src=\"https:\/\/jornalfatosenoticias.com.br\/wp-content\/uploads\/2022\/02\/LOGO-ESTEIO-1024x730.png\" alt=\"\" class=\"wp-image-27942\" width=\"291\" height=\"207\" srcset=\"https:\/\/jornalfatosenoticias.com.br\/wp-content\/uploads\/2022\/02\/LOGO-ESTEIO-1024x730.png 1024w, https:\/\/jornalfatosenoticias.com.br\/wp-content\/uploads\/2022\/02\/LOGO-ESTEIO-300x214.png 300w, https:\/\/jornalfatosenoticias.com.br\/wp-content\/uploads\/2022\/02\/LOGO-ESTEIO-768x548.png 768w, https:\/\/jornalfatosenoticias.com.br\/wp-content\/uploads\/2022\/02\/LOGO-ESTEIO.png 1123w\" sizes=\"auto, (max-width: 291px) 100vw, 291px\" \/><\/a><\/figure><\/div>\n","protected":false},"excerpt":{"rendered":"<p>O professor se mostrou muito poderoso, absoluto, para todas as suas v\u00edtimas. E excedia esse gozo de Poder ao dopar as alunas e outras mo\u00e7as, para ter um peda\u00e7o de carne que n\u00e3o reagia a nada E o Serial Estuprador teve medidas restritivas e tornozeleira. Mas, ainda bem que a Delegada, encarregada do inqu\u00e9rito, entendeu [&hellip;]<\/p>\n","protected":false},"author":8,"featured_media":62314,"comment_status":"open","ping_status":"open","sticky":false,"template":"","format":"standard","meta":{"footnotes":""},"categories":[2522],"tags":[28425,28426,28427,4417,1327,12163],"class_list":["post-62313","post","type-post","status-publish","format-standard","has-post-thumbnail","hentry","category-comportamento","tag-crime-contra-a-crianca","tag-criminosos-sexuais","tag-estuprador-em-serie","tag-estupro","tag-professor","tag-violencia-contra-as-mulheres"],"yoast_head":"<!-- This site is optimized with the Yoast SEO plugin v26.5 - https:\/\/yoast.com\/wordpress\/plugins\/seo\/ -->\n<title>As apar\u00eancias enganam, um serial estuprador \u2014 Parte II - Jornal Fatos e Not\u00edcias<\/title>\n<meta name=\"robots\" content=\"index, follow, max-snippet:-1, max-image-preview:large, max-video-preview:-1\" \/>\n<link rel=\"canonical\" href=\"https:\/\/jornalfatosenoticias.com.br\/index.php\/2025\/10\/02\/as-aparencias-enganam-um-serial-estuprador-parte-ii\/\" \/>\n<meta property=\"og:locale\" content=\"pt_BR\" \/>\n<meta property=\"og:type\" content=\"article\" \/>\n<meta property=\"og:title\" content=\"As apar\u00eancias enganam, um serial estuprador \u2014 Parte II - Jornal Fatos e Not\u00edcias\" \/>\n<meta property=\"og:description\" content=\"O professor se mostrou muito poderoso, absoluto, para todas as suas v\u00edtimas. E excedia esse gozo de Poder ao dopar as alunas e outras mo\u00e7as, para ter um peda\u00e7o de carne que n\u00e3o reagia a nada E o Serial Estuprador teve medidas restritivas e tornozeleira. Mas, ainda bem que a Delegada, encarregada do inqu\u00e9rito, entendeu [&hellip;]\" \/>\n<meta property=\"og:url\" content=\"https:\/\/jornalfatosenoticias.com.br\/index.php\/2025\/10\/02\/as-aparencias-enganam-um-serial-estuprador-parte-ii\/\" \/>\n<meta property=\"og:site_name\" content=\"Jornal Fatos e Not\u00edcias\" \/>\n<meta property=\"article:published_time\" content=\"2025-10-02T17:51:13+00:00\" \/>\n<meta property=\"article:modified_time\" content=\"2025-10-02T17:51:16+00:00\" \/>\n<meta property=\"og:image\" content=\"https:\/\/jornalfatosenoticias.com.br\/wp-content\/uploads\/2025\/10\/Iencarelli3_istock.jpeg\" \/>\n\t<meta property=\"og:image:width\" content=\"768\" \/>\n\t<meta property=\"og:image:height\" content=\"432\" \/>\n\t<meta property=\"og:image:type\" content=\"image\/jpeg\" \/>\n<meta name=\"author\" content=\"Ana Maria Iencarelli\" \/>\n<meta name=\"twitter:card\" content=\"summary_large_image\" \/>\n<meta name=\"twitter:label1\" content=\"Escrito por\" \/>\n\t<meta name=\"twitter:data1\" content=\"Ana Maria Iencarelli\" \/>\n\t<meta name=\"twitter:label2\" content=\"Est. tempo de leitura\" \/>\n\t<meta name=\"twitter:data2\" content=\"6 minutos\" \/>\n<script type=\"application\/ld+json\" class=\"yoast-schema-graph\">{\"@context\":\"https:\/\/schema.org\",\"@graph\":[{\"@type\":\"Article\",\"@id\":\"https:\/\/jornalfatosenoticias.com.br\/index.php\/2025\/10\/02\/as-aparencias-enganam-um-serial-estuprador-parte-ii\/#article\",\"isPartOf\":{\"@id\":\"https:\/\/jornalfatosenoticias.com.br\/index.php\/2025\/10\/02\/as-aparencias-enganam-um-serial-estuprador-parte-ii\/\"},\"author\":{\"name\":\"Ana Maria Iencarelli\",\"@id\":\"https:\/\/jornalfatosenoticias.com.br\/#\/schema\/person\/c33fcf5fb02d729d3fec92c6737a22d1\"},\"headline\":\"As apar\u00eancias enganam, um serial estuprador \u2014 Parte II\",\"datePublished\":\"2025-10-02T17:51:13+00:00\",\"dateModified\":\"2025-10-02T17:51:16+00:00\",\"mainEntityOfPage\":{\"@id\":\"https:\/\/jornalfatosenoticias.com.br\/index.php\/2025\/10\/02\/as-aparencias-enganam-um-serial-estuprador-parte-ii\/\"},\"wordCount\":1166,\"commentCount\":0,\"publisher\":{\"@id\":\"https:\/\/jornalfatosenoticias.com.br\/#organization\"},\"image\":{\"@id\":\"https:\/\/jornalfatosenoticias.com.br\/index.php\/2025\/10\/02\/as-aparencias-enganam-um-serial-estuprador-parte-ii\/#primaryimage\"},\"thumbnailUrl\":\"https:\/\/jornalfatosenoticias.com.br\/wp-content\/uploads\/2025\/10\/Iencarelli3_istock.jpeg\",\"keywords\":[\"crime contra a crian\u00e7a\",\"criminosos sexuais\",\"estuprador em s\u00e9rie\",\"estupro\",\"professor\",\"viol\u00eancia contra as mulheres\"],\"articleSection\":[\"Comportamento &amp; Equil\u00edbrio\"],\"inLanguage\":\"pt-BR\",\"potentialAction\":[{\"@type\":\"CommentAction\",\"name\":\"Comment\",\"target\":[\"https:\/\/jornalfatosenoticias.com.br\/index.php\/2025\/10\/02\/as-aparencias-enganam-um-serial-estuprador-parte-ii\/#respond\"]}]},{\"@type\":\"WebPage\",\"@id\":\"https:\/\/jornalfatosenoticias.com.br\/index.php\/2025\/10\/02\/as-aparencias-enganam-um-serial-estuprador-parte-ii\/\",\"url\":\"https:\/\/jornalfatosenoticias.com.br\/index.php\/2025\/10\/02\/as-aparencias-enganam-um-serial-estuprador-parte-ii\/\",\"name\":\"As apar\u00eancias enganam, um serial estuprador \u2014 Parte II - Jornal Fatos e Not\u00edcias\",\"isPartOf\":{\"@id\":\"https:\/\/jornalfatosenoticias.com.br\/#website\"},\"primaryImageOfPage\":{\"@id\":\"https:\/\/jornalfatosenoticias.com.br\/index.php\/2025\/10\/02\/as-aparencias-enganam-um-serial-estuprador-parte-ii\/#primaryimage\"},\"image\":{\"@id\":\"https:\/\/jornalfatosenoticias.com.br\/index.php\/2025\/10\/02\/as-aparencias-enganam-um-serial-estuprador-parte-ii\/#primaryimage\"},\"thumbnailUrl\":\"https:\/\/jornalfatosenoticias.com.br\/wp-content\/uploads\/2025\/10\/Iencarelli3_istock.jpeg\",\"datePublished\":\"2025-10-02T17:51:13+00:00\",\"dateModified\":\"2025-10-02T17:51:16+00:00\",\"breadcrumb\":{\"@id\":\"https:\/\/jornalfatosenoticias.com.br\/index.php\/2025\/10\/02\/as-aparencias-enganam-um-serial-estuprador-parte-ii\/#breadcrumb\"},\"inLanguage\":\"pt-BR\",\"potentialAction\":[{\"@type\":\"ReadAction\",\"target\":[\"https:\/\/jornalfatosenoticias.com.br\/index.php\/2025\/10\/02\/as-aparencias-enganam-um-serial-estuprador-parte-ii\/\"]}]},{\"@type\":\"ImageObject\",\"inLanguage\":\"pt-BR\",\"@id\":\"https:\/\/jornalfatosenoticias.com.br\/index.php\/2025\/10\/02\/as-aparencias-enganam-um-serial-estuprador-parte-ii\/#primaryimage\",\"url\":\"https:\/\/jornalfatosenoticias.com.br\/wp-content\/uploads\/2025\/10\/Iencarelli3_istock.jpeg\",\"contentUrl\":\"https:\/\/jornalfatosenoticias.com.br\/wp-content\/uploads\/2025\/10\/Iencarelli3_istock.jpeg\",\"width\":768,\"height\":432},{\"@type\":\"BreadcrumbList\",\"@id\":\"https:\/\/jornalfatosenoticias.com.br\/index.php\/2025\/10\/02\/as-aparencias-enganam-um-serial-estuprador-parte-ii\/#breadcrumb\",\"itemListElement\":[{\"@type\":\"ListItem\",\"position\":1,\"name\":\"In\u00edcio\",\"item\":\"https:\/\/jornalfatosenoticias.com.br\/\"},{\"@type\":\"ListItem\",\"position\":2,\"name\":\"As apar\u00eancias enganam, um serial estuprador \u2014 Parte II\"}]},{\"@type\":\"WebSite\",\"@id\":\"https:\/\/jornalfatosenoticias.com.br\/#website\",\"url\":\"https:\/\/jornalfatosenoticias.com.br\/\",\"name\":\"Jornal Fatos e Not\u00edcias\",\"description\":\"Not\u00edcias em geral\",\"publisher\":{\"@id\":\"https:\/\/jornalfatosenoticias.com.br\/#organization\"},\"potentialAction\":[{\"@type\":\"SearchAction\",\"target\":{\"@type\":\"EntryPoint\",\"urlTemplate\":\"https:\/\/jornalfatosenoticias.com.br\/?s={search_term_string}\"},\"query-input\":{\"@type\":\"PropertyValueSpecification\",\"valueRequired\":true,\"valueName\":\"search_term_string\"}}],\"inLanguage\":\"pt-BR\"},{\"@type\":\"Organization\",\"@id\":\"https:\/\/jornalfatosenoticias.com.br\/#organization\",\"name\":\"Jornal Fatos e Not\u00edcias\",\"url\":\"https:\/\/jornalfatosenoticias.com.br\/\",\"logo\":{\"@type\":\"ImageObject\",\"inLanguage\":\"pt-BR\",\"@id\":\"https:\/\/jornalfatosenoticias.com.br\/#\/schema\/logo\/image\/\",\"url\":\"https:\/\/jornalfatosenoticias.com.br\/wp-content\/uploads\/2020\/02\/logo120.png\",\"contentUrl\":\"https:\/\/jornalfatosenoticias.com.br\/wp-content\/uploads\/2020\/02\/logo120.png\",\"width\":1227,\"height\":120,\"caption\":\"Jornal Fatos e Not\u00edcias\"},\"image\":{\"@id\":\"https:\/\/jornalfatosenoticias.com.br\/#\/schema\/logo\/image\/\"}},{\"@type\":\"Person\",\"@id\":\"https:\/\/jornalfatosenoticias.com.br\/#\/schema\/person\/c33fcf5fb02d729d3fec92c6737a22d1\",\"name\":\"Ana Maria Iencarelli\",\"image\":{\"@type\":\"ImageObject\",\"inLanguage\":\"pt-BR\",\"@id\":\"https:\/\/jornalfatosenoticias.com.br\/#\/schema\/person\/image\/\",\"url\":\"https:\/\/jornalfatosenoticias.com.br\/wp-content\/uploads\/2020\/02\/Ana-Maria-Iencarelli-1-150x150.jpg\",\"contentUrl\":\"https:\/\/jornalfatosenoticias.com.br\/wp-content\/uploads\/2020\/02\/Ana-Maria-Iencarelli-1-150x150.jpg\",\"caption\":\"Ana Maria Iencarelli\"},\"description\":\"Psicanalista Cl\u00ednica, especializada no atendimento a Crian\u00e7as e Adolescentes. Presidente da ONG Vozes de Anjos.\",\"url\":\"https:\/\/jornalfatosenoticias.com.br\/index.php\/author\/anamaria\/\"}]}<\/script>\n<!-- \/ Yoast SEO plugin. -->","yoast_head_json":{"title":"As apar\u00eancias enganam, um serial estuprador \u2014 Parte II - Jornal Fatos e Not\u00edcias","robots":{"index":"index","follow":"follow","max-snippet":"max-snippet:-1","max-image-preview":"max-image-preview:large","max-video-preview":"max-video-preview:-1"},"canonical":"https:\/\/jornalfatosenoticias.com.br\/index.php\/2025\/10\/02\/as-aparencias-enganam-um-serial-estuprador-parte-ii\/","og_locale":"pt_BR","og_type":"article","og_title":"As apar\u00eancias enganam, um serial estuprador \u2014 Parte II - Jornal Fatos e Not\u00edcias","og_description":"O professor se mostrou muito poderoso, absoluto, para todas as suas v\u00edtimas. E excedia esse gozo de Poder ao dopar as alunas e outras mo\u00e7as, para ter um peda\u00e7o de carne que n\u00e3o reagia a nada E o Serial Estuprador teve medidas restritivas e tornozeleira. Mas, ainda bem que a Delegada, encarregada do inqu\u00e9rito, entendeu [&hellip;]","og_url":"https:\/\/jornalfatosenoticias.com.br\/index.php\/2025\/10\/02\/as-aparencias-enganam-um-serial-estuprador-parte-ii\/","og_site_name":"Jornal Fatos e Not\u00edcias","article_published_time":"2025-10-02T17:51:13+00:00","article_modified_time":"2025-10-02T17:51:16+00:00","og_image":[{"width":768,"height":432,"url":"https:\/\/jornalfatosenoticias.com.br\/wp-content\/uploads\/2025\/10\/Iencarelli3_istock.jpeg","type":"image\/jpeg"}],"author":"Ana Maria Iencarelli","twitter_card":"summary_large_image","twitter_misc":{"Escrito por":"Ana Maria Iencarelli","Est. tempo de leitura":"6 minutos"},"schema":{"@context":"https:\/\/schema.org","@graph":[{"@type":"Article","@id":"https:\/\/jornalfatosenoticias.com.br\/index.php\/2025\/10\/02\/as-aparencias-enganam-um-serial-estuprador-parte-ii\/#article","isPartOf":{"@id":"https:\/\/jornalfatosenoticias.com.br\/index.php\/2025\/10\/02\/as-aparencias-enganam-um-serial-estuprador-parte-ii\/"},"author":{"name":"Ana Maria Iencarelli","@id":"https:\/\/jornalfatosenoticias.com.br\/#\/schema\/person\/c33fcf5fb02d729d3fec92c6737a22d1"},"headline":"As apar\u00eancias enganam, um serial estuprador \u2014 Parte II","datePublished":"2025-10-02T17:51:13+00:00","dateModified":"2025-10-02T17:51:16+00:00","mainEntityOfPage":{"@id":"https:\/\/jornalfatosenoticias.com.br\/index.php\/2025\/10\/02\/as-aparencias-enganam-um-serial-estuprador-parte-ii\/"},"wordCount":1166,"commentCount":0,"publisher":{"@id":"https:\/\/jornalfatosenoticias.com.br\/#organization"},"image":{"@id":"https:\/\/jornalfatosenoticias.com.br\/index.php\/2025\/10\/02\/as-aparencias-enganam-um-serial-estuprador-parte-ii\/#primaryimage"},"thumbnailUrl":"https:\/\/jornalfatosenoticias.com.br\/wp-content\/uploads\/2025\/10\/Iencarelli3_istock.jpeg","keywords":["crime contra a crian\u00e7a","criminosos sexuais","estuprador em s\u00e9rie","estupro","professor","viol\u00eancia contra as mulheres"],"articleSection":["Comportamento &amp; Equil\u00edbrio"],"inLanguage":"pt-BR","potentialAction":[{"@type":"CommentAction","name":"Comment","target":["https:\/\/jornalfatosenoticias.com.br\/index.php\/2025\/10\/02\/as-aparencias-enganam-um-serial-estuprador-parte-ii\/#respond"]}]},{"@type":"WebPage","@id":"https:\/\/jornalfatosenoticias.com.br\/index.php\/2025\/10\/02\/as-aparencias-enganam-um-serial-estuprador-parte-ii\/","url":"https:\/\/jornalfatosenoticias.com.br\/index.php\/2025\/10\/02\/as-aparencias-enganam-um-serial-estuprador-parte-ii\/","name":"As apar\u00eancias enganam, um serial estuprador \u2014 Parte II - Jornal Fatos e Not\u00edcias","isPartOf":{"@id":"https:\/\/jornalfatosenoticias.com.br\/#website"},"primaryImageOfPage":{"@id":"https:\/\/jornalfatosenoticias.com.br\/index.php\/2025\/10\/02\/as-aparencias-enganam-um-serial-estuprador-parte-ii\/#primaryimage"},"image":{"@id":"https:\/\/jornalfatosenoticias.com.br\/index.php\/2025\/10\/02\/as-aparencias-enganam-um-serial-estuprador-parte-ii\/#primaryimage"},"thumbnailUrl":"https:\/\/jornalfatosenoticias.com.br\/wp-content\/uploads\/2025\/10\/Iencarelli3_istock.jpeg","datePublished":"2025-10-02T17:51:13+00:00","dateModified":"2025-10-02T17:51:16+00:00","breadcrumb":{"@id":"https:\/\/jornalfatosenoticias.com.br\/index.php\/2025\/10\/02\/as-aparencias-enganam-um-serial-estuprador-parte-ii\/#breadcrumb"},"inLanguage":"pt-BR","potentialAction":[{"@type":"ReadAction","target":["https:\/\/jornalfatosenoticias.com.br\/index.php\/2025\/10\/02\/as-aparencias-enganam-um-serial-estuprador-parte-ii\/"]}]},{"@type":"ImageObject","inLanguage":"pt-BR","@id":"https:\/\/jornalfatosenoticias.com.br\/index.php\/2025\/10\/02\/as-aparencias-enganam-um-serial-estuprador-parte-ii\/#primaryimage","url":"https:\/\/jornalfatosenoticias.com.br\/wp-content\/uploads\/2025\/10\/Iencarelli3_istock.jpeg","contentUrl":"https:\/\/jornalfatosenoticias.com.br\/wp-content\/uploads\/2025\/10\/Iencarelli3_istock.jpeg","width":768,"height":432},{"@type":"BreadcrumbList","@id":"https:\/\/jornalfatosenoticias.com.br\/index.php\/2025\/10\/02\/as-aparencias-enganam-um-serial-estuprador-parte-ii\/#breadcrumb","itemListElement":[{"@type":"ListItem","position":1,"name":"In\u00edcio","item":"https:\/\/jornalfatosenoticias.com.br\/"},{"@type":"ListItem","position":2,"name":"As apar\u00eancias enganam, um serial estuprador \u2014 Parte II"}]},{"@type":"WebSite","@id":"https:\/\/jornalfatosenoticias.com.br\/#website","url":"https:\/\/jornalfatosenoticias.com.br\/","name":"Jornal Fatos e Not\u00edcias","description":"Not\u00edcias em geral","publisher":{"@id":"https:\/\/jornalfatosenoticias.com.br\/#organization"},"potentialAction":[{"@type":"SearchAction","target":{"@type":"EntryPoint","urlTemplate":"https:\/\/jornalfatosenoticias.com.br\/?s={search_term_string}"},"query-input":{"@type":"PropertyValueSpecification","valueRequired":true,"valueName":"search_term_string"}}],"inLanguage":"pt-BR"},{"@type":"Organization","@id":"https:\/\/jornalfatosenoticias.com.br\/#organization","name":"Jornal Fatos e Not\u00edcias","url":"https:\/\/jornalfatosenoticias.com.br\/","logo":{"@type":"ImageObject","inLanguage":"pt-BR","@id":"https:\/\/jornalfatosenoticias.com.br\/#\/schema\/logo\/image\/","url":"https:\/\/jornalfatosenoticias.com.br\/wp-content\/uploads\/2020\/02\/logo120.png","contentUrl":"https:\/\/jornalfatosenoticias.com.br\/wp-content\/uploads\/2020\/02\/logo120.png","width":1227,"height":120,"caption":"Jornal Fatos e Not\u00edcias"},"image":{"@id":"https:\/\/jornalfatosenoticias.com.br\/#\/schema\/logo\/image\/"}},{"@type":"Person","@id":"https:\/\/jornalfatosenoticias.com.br\/#\/schema\/person\/c33fcf5fb02d729d3fec92c6737a22d1","name":"Ana Maria Iencarelli","image":{"@type":"ImageObject","inLanguage":"pt-BR","@id":"https:\/\/jornalfatosenoticias.com.br\/#\/schema\/person\/image\/","url":"https:\/\/jornalfatosenoticias.com.br\/wp-content\/uploads\/2020\/02\/Ana-Maria-Iencarelli-1-150x150.jpg","contentUrl":"https:\/\/jornalfatosenoticias.com.br\/wp-content\/uploads\/2020\/02\/Ana-Maria-Iencarelli-1-150x150.jpg","caption":"Ana Maria Iencarelli"},"description":"Psicanalista Cl\u00ednica, especializada no atendimento a Crian\u00e7as e Adolescentes. Presidente da ONG Vozes de Anjos.","url":"https:\/\/jornalfatosenoticias.com.br\/index.php\/author\/anamaria\/"}]}},"cc_featured_image_caption":{"caption_text":"(Foto: iStock)  ","source_text":"","source_url":""},"jetpack_featured_media_url":"https:\/\/jornalfatosenoticias.com.br\/wp-content\/uploads\/2025\/10\/Iencarelli3_istock.jpeg","_links":{"self":[{"href":"https:\/\/jornalfatosenoticias.com.br\/index.php\/wp-json\/wp\/v2\/posts\/62313","targetHints":{"allow":["GET"]}}],"collection":[{"href":"https:\/\/jornalfatosenoticias.com.br\/index.php\/wp-json\/wp\/v2\/posts"}],"about":[{"href":"https:\/\/jornalfatosenoticias.com.br\/index.php\/wp-json\/wp\/v2\/types\/post"}],"author":[{"embeddable":true,"href":"https:\/\/jornalfatosenoticias.com.br\/index.php\/wp-json\/wp\/v2\/users\/8"}],"replies":[{"embeddable":true,"href":"https:\/\/jornalfatosenoticias.com.br\/index.php\/wp-json\/wp\/v2\/comments?post=62313"}],"version-history":[{"count":0,"href":"https:\/\/jornalfatosenoticias.com.br\/index.php\/wp-json\/wp\/v2\/posts\/62313\/revisions"}],"wp:featuredmedia":[{"embeddable":true,"href":"https:\/\/jornalfatosenoticias.com.br\/index.php\/wp-json\/wp\/v2\/media\/62314"}],"wp:attachment":[{"href":"https:\/\/jornalfatosenoticias.com.br\/index.php\/wp-json\/wp\/v2\/media?parent=62313"}],"wp:term":[{"taxonomy":"category","embeddable":true,"href":"https:\/\/jornalfatosenoticias.com.br\/index.php\/wp-json\/wp\/v2\/categories?post=62313"},{"taxonomy":"post_tag","embeddable":true,"href":"https:\/\/jornalfatosenoticias.com.br\/index.php\/wp-json\/wp\/v2\/tags?post=62313"}],"curies":[{"name":"wp","href":"https:\/\/api.w.org\/{rel}","templated":true}]}}