{"id":62341,"date":"2025-10-02T16:03:16","date_gmt":"2025-10-02T19:03:16","guid":{"rendered":"https:\/\/jornalfatosenoticias.com.br\/?p=62341"},"modified":"2025-10-02T16:03:17","modified_gmt":"2025-10-02T19:03:17","slug":"china-ainda-esta-entre-os-piores-criminosos-por-trafico-de-pessoas-dizem-os-eua","status":"publish","type":"post","link":"https:\/\/jornalfatosenoticias.com.br\/index.php\/2025\/10\/02\/china-ainda-esta-entre-os-piores-criminosos-por-trafico-de-pessoas-dizem-os-eua\/","title":{"rendered":"China ainda est\u00e1 entre os piores criminosos por tr\u00e1fico de pessoas, dizem os EUA"},"content":{"rendered":"\n<p><em><span class=\"has-inline-color has-black-color\">O Departamento de Estado dos EUA identificou a China como um dos pa\u00edses envolvidos no tr\u00e1fico de pessoas patrocinado pelo Estado pelo sexto ano consecutivo<\/span><\/em><\/p>\n\n\n\n<p><span class=\"has-inline-color has-black-color\">Por <strong><a href=\"https:\/\/www.epochtimes.com.br\/author\/dorothy-li\">Dorothy Li<\/a>\/<a href=\"https:\/\/www.epochtimes.com.br\/china\/china-ainda-esta-entre-os-piores-criminosos-por-trafico-de-pessoas-dizem-os-eua-215164.html\">Epoch Times Brasil<\/a>\/<a href=\"https:\/\/jovempan.com.br\/noticias\/brasil\/mais-de-160-chineses-em-trabalho-analogo-a-escravidao-sao-resgatados-na-bahia.html\">Jovem Pan<\/a><\/strong><\/span><\/p>\n\n\n\n<div class=\"wp-block-image\"><figure class=\"aligncenter size-large\"><a href=\"https:\/\/mizu.com.br\/\"><img loading=\"lazy\" decoding=\"async\" width=\"729\" height=\"90\" src=\"https:\/\/jornalfatosenoticias.com.br\/wp-content\/uploads\/2020\/02\/Logo_Mizu.png\" alt=\"\" class=\"wp-image-1441\" srcset=\"https:\/\/jornalfatosenoticias.com.br\/wp-content\/uploads\/2020\/02\/Logo_Mizu.png 729w, https:\/\/jornalfatosenoticias.com.br\/wp-content\/uploads\/2020\/02\/Logo_Mizu-300x37.png 300w\" sizes=\"auto, (max-width: 729px) 100vw, 729px\" \/><\/a><\/figure><\/div>\n\n\n\n<p>O regime comunista chin\u00eas continua explorando o povo em trabalhos for\u00e7ados, qualificando o pa\u00eds como um dos piores infratores do <a href=\"https:\/\/www.epochtimes.com.br\/focus\/trafico\" target=\"_blank\" rel=\"noreferrer noopener\">tr\u00e1fico<\/a> de pessoas do mundo, de acordo com um <a href=\"https:\/\/www.state.gov\/reports\/2025-trafficking-in-persons-report\/\" target=\"_blank\" rel=\"noreferrer noopener\">relat\u00f3rio do<\/a> Departamento de Estado dos EUA, divulgado em 29 de setembro. Em uma avalia\u00e7\u00e3o anual dos esfor\u00e7os globais para combater a <a href=\"https:\/\/www.epochtimes.com.br\/focus\/escravidao\" target=\"_blank\" rel=\"noreferrer noopener\">escravid\u00e3o<\/a> moderna, o Departamento de Estado manteve a <a href=\"https:\/\/www.epochtimes.com.br\/focus\/china\" target=\"_blank\" rel=\"noreferrer noopener\">China<\/a> comunista na categoria mais baixa, N\u00edvel 3 \u2014 uma designa\u00e7\u00e3o que pode levar a san\u00e7\u00f5es dos EUA.<br>O regime chin\u00eas \u201cn\u00e3o cumpre totalmente os padr\u00f5es m\u00ednimos para a elimina\u00e7\u00e3o do tr\u00e1fico e n\u00e3o est\u00e1 fazendo esfor\u00e7os significativos para isso\u201d, afirmou o <a href=\"https:\/\/www.state.gov\/reports\/2025-trafficking-in-persons-report-38\/\" target=\"_blank\" rel=\"noreferrer noopener\">cap\u00edtulo sobre<\/a> a China do relat\u00f3rio. O relat\u00f3rio citou a \u201cpol\u00edtica ou padr\u00e3o\u201d do <a href=\"https:\/\/www.epochtimes.com.br\/focus\/partido-comunista-chines\" target=\"_blank\" rel=\"noreferrer noopener\">Partido Comunista Chin\u00eas<\/a> (PCCh) de \u201c<a href=\"https:\/\/www.epochtimes.com.br\/focus\/trabalho\" target=\"_blank\" rel=\"noreferrer noopener\">trabalho<\/a> for\u00e7ado generalizado\u201d em setores afiliados ao Estado, incluindo a deten\u00e7\u00e3o em massa de <a href=\"https:\/\/www.epochtimes.com.br\/focus\/uigures\" target=\"_blank\" rel=\"noreferrer noopener\">uigures<\/a> e outros grupos \u00e9tnicos e religiosos minorit\u00e1rios na regi\u00e3o Extremo-Oeste de <a href=\"https:\/\/www.epochtimes.com.br\/focus\/xinjiang\" target=\"_blank\" rel=\"noreferrer noopener\">Xinjiang<\/a>.<\/p>\n\n\n\n<div class=\"wp-block-image\"><figure class=\"aligncenter size-large is-resized\"><a href=\"https:\/\/www.instagram.com\/serra4x4cambioautomatico\/\"><img loading=\"lazy\" decoding=\"async\" src=\"https:\/\/jornalfatosenoticias.com.br\/wp-content\/uploads\/2024\/08\/Serra-4x4-1-886x1024.jpg\" alt=\"\" class=\"wp-image-53632\" width=\"319\" height=\"369\" srcset=\"https:\/\/jornalfatosenoticias.com.br\/wp-content\/uploads\/2024\/08\/Serra-4x4-1-886x1024.jpg 886w, https:\/\/jornalfatosenoticias.com.br\/wp-content\/uploads\/2024\/08\/Serra-4x4-1-260x300.jpg 260w, https:\/\/jornalfatosenoticias.com.br\/wp-content\/uploads\/2024\/08\/Serra-4x4-1-768x888.jpg 768w, https:\/\/jornalfatosenoticias.com.br\/wp-content\/uploads\/2024\/08\/Serra-4x4-1.jpg 1181w\" sizes=\"auto, (max-width: 319px) 100vw, 319px\" \/><\/a><\/figure><\/div>\n\n\n\n<p>O relat\u00f3rio tamb\u00e9m destacou o uso crescente da <a href=\"https:\/\/www.epochtimes.com.br\/focus\/repressao\" target=\"_blank\" rel=\"noreferrer noopener\">repress\u00e3o<\/a> transnacional pelo PCCh para \u201ccoagir a repatria\u00e7\u00e3o e a interna\u00e7\u00e3o\u201d de minorias religiosas e \u00e9tnicas fora de suas fronteiras. As t\u00e1ticas empregadas incluem vigil\u00e2ncia, ass\u00e9dio e amea\u00e7as contra indiv\u00edduos e seus familiares. Tais pr\u00e1ticas, segundo o relat\u00f3rio, exacerbam sua vulnerabilidade \u00e0s pr\u00e1ticas generalizadas de trabalho for\u00e7ado do regime.<\/p>\n\n\n\n<div class=\"wp-block-image\"><figure class=\"aligncenter size-large is-resized\"><a href=\"https:\/\/www.facebook.com\/postobkr\/?locale=pt_BR\"><img loading=\"lazy\" decoding=\"async\" src=\"https:\/\/jornalfatosenoticias.com.br\/wp-content\/uploads\/2023\/08\/BKR-1024x1021.jpg\" alt=\"\" class=\"wp-image-44494\" width=\"322\" height=\"321\" srcset=\"https:\/\/jornalfatosenoticias.com.br\/wp-content\/uploads\/2023\/08\/BKR-1024x1021.jpg 1024w, https:\/\/jornalfatosenoticias.com.br\/wp-content\/uploads\/2023\/08\/BKR-300x300.jpg 300w, https:\/\/jornalfatosenoticias.com.br\/wp-content\/uploads\/2023\/08\/BKR-150x150.jpg 150w, https:\/\/jornalfatosenoticias.com.br\/wp-content\/uploads\/2023\/08\/BKR-768x766.jpg 768w, https:\/\/jornalfatosenoticias.com.br\/wp-content\/uploads\/2023\/08\/BKR.jpg 1080w\" sizes=\"auto, (max-width: 322px) 100vw, 322px\" \/><\/a><\/figure><\/div>\n\n\n\n<p>Desde 2020, o Departamento de Estado vem declarando governos com \u201cpol\u00edticas ou padr\u00f5es\u201d de <a href=\"https:\/\/www.epochtimes.com.br\/focus\/trafico-de-pessoas\" target=\"_blank\" rel=\"noreferrer noopener\">tr\u00e1fico de pessoas<\/a>, trabalho for\u00e7ado em setores afiliados ao Estado, escravid\u00e3o sexual em campos administrados pelo Estado ou recrutamento de crian\u00e7as-soldados sob um mandato do Congresso. A China aparece nessa lista todos os anos. O relat\u00f3rio de 2025 marcou o <a href=\"https:\/\/www.atlanticcouncil.org\/blogs\/new-atlanticist\/how-to-stop-governments-from-trafficking-people\/\" target=\"_blank\" rel=\"noreferrer noopener\">sexto<\/a> ano consecutivo em que o Departamento de Estado rotulou o regime chin\u00eas como traficante de pessoas. Outros pa\u00edses cujos governos foram identificados no \u00faltimo relat\u00f3rio como apoiadores do tr\u00e1fico de pessoas foram Afeganist\u00e3o, Bielorr\u00fassia, Birm\u00e2nia, Camboja, Cuba, Eritreia, Ir\u00e3, Coreia do Norte, R\u00fassia, Sud\u00e3o do Sul, Sud\u00e3o e S\u00edria.<\/p>\n\n\n\n<div class=\"wp-block-image\"><figure class=\"aligncenter size-large is-resized\"><a href=\"https:\/\/www.instagram.com\/rcradiadores\/\"><img loading=\"lazy\" decoding=\"async\" src=\"https:\/\/jornalfatosenoticias.com.br\/wp-content\/uploads\/2022\/10\/RC_800x750_page-0001.jpg\" alt=\"\" class=\"wp-image-35338\" width=\"296\" height=\"278\" srcset=\"https:\/\/jornalfatosenoticias.com.br\/wp-content\/uploads\/2022\/10\/RC_800x750_page-0001.jpg 400w, https:\/\/jornalfatosenoticias.com.br\/wp-content\/uploads\/2022\/10\/RC_800x750_page-0001-300x281.jpg 300w\" sizes=\"auto, (max-width: 296px) 100vw, 296px\" \/><\/a><\/figure><\/div>\n\n\n\n<p>Estima-se que 3,9 milh\u00f5es de pessoas sejam submetidas \u00e0 <a href=\"https:\/\/www.epochtimes.com.br\/focus\/exploracao\" target=\"_blank\" rel=\"noreferrer noopener\">explora\u00e7\u00e3o<\/a> do trabalho for\u00e7ado imposto pelo Estado na China e em v\u00e1rios outros pa\u00edses, disse o relat\u00f3rio, citando <a href=\"https:\/\/www.ilo.org\/topics\/forced-labour-modern-slavery-and-trafficking-persons\/data-and-research-forced-labour#:~:text=Victims%20of%20forced%20labour%20include,forced%20labour%20imposed%20by%20State.\" target=\"_blank\" rel=\"noreferrer noopener\">avalia\u00e7\u00f5es<\/a> da Organiza\u00e7\u00e3o Internacional do Trabalho.<br>Em uma introdu\u00e7\u00e3o <a href=\"https:\/\/www.state.gov\/releases\/2025\/09\/on-the-release-of-the-2025-trafficking-in-persons-report\/\" target=\"_blank\" rel=\"noreferrer noopener\">por escrito<\/a> \u00e0 \u00faltima edi\u00e7\u00e3o do Relat\u00f3rio sobre Tr\u00e1fico de Pessoas, o secret\u00e1rio de Estado dos EUA, Marco Rubio, disse que o estudo tinha como objetivo pressionar os pa\u00edses a tomarem \u201cmedidas s\u00e9rias\u201d para coibir o trabalho for\u00e7ado e o tr\u00e1fico sexual e garantir que \u201caqueles que n\u00e3o agirem enfrentem as consequ\u00eancias\u201d. <\/p>\n\n\n\n<div class=\"wp-block-image\"><figure class=\"aligncenter size-large\"><img loading=\"lazy\" decoding=\"async\" width=\"540\" height=\"720\" src=\"https:\/\/jornalfatosenoticias.com.br\/wp-content\/uploads\/2025\/10\/trabalho-escravo-China.jpg\" alt=\"\" class=\"wp-image-62343\" srcset=\"https:\/\/jornalfatosenoticias.com.br\/wp-content\/uploads\/2025\/10\/trabalho-escravo-China.jpg 540w, https:\/\/jornalfatosenoticias.com.br\/wp-content\/uploads\/2025\/10\/trabalho-escravo-China-225x300.jpg 225w\" sizes=\"auto, (max-width: 540px) 100vw, 540px\" \/><figcaption><em><span class=\"has-inline-color has-black-color\">Trabalho escravo na China (Foto: Reprodu\u00e7\u00e3o internet)<\/span><\/em><\/figcaption><\/figure><\/div>\n\n\n\n<blockquote class=\"wp-block-quote is-layout-flow wp-block-quote-is-layout-flow\"><p><span class=\"has-inline-color has-luminous-vivid-orange-color\">O tr\u00e1fico de pessoas \u00e9 um crime horr\u00edvel e devastador que tamb\u00e9m enriquece organiza\u00e7\u00f5es criminosas transnacionais e regimes imorais e antiamericanos\u201d, disse Rubio. \u201cO governo Trump est\u00e1 empenhado em defender os valores americanos, proteger os trabalhadores americanos e defender nossas comunidades\u201d.<\/span><\/p><\/blockquote>\n\n\n\n<div class=\"wp-block-image\"><figure class=\"aligncenter size-large is-resized\"><a href=\"https:\/\/legisjuris.com.br\/\"><img loading=\"lazy\" decoding=\"async\" src=\"https:\/\/jornalfatosenoticias.com.br\/wp-content\/uploads\/2024\/09\/Legis-Juris-Consultoria_logo.jpg\" alt=\"\" class=\"wp-image-53915\" width=\"525\" height=\"220\" srcset=\"https:\/\/jornalfatosenoticias.com.br\/wp-content\/uploads\/2024\/09\/Legis-Juris-Consultoria_logo.jpg 969w, https:\/\/jornalfatosenoticias.com.br\/wp-content\/uploads\/2024\/09\/Legis-Juris-Consultoria_logo-300x126.jpg 300w, https:\/\/jornalfatosenoticias.com.br\/wp-content\/uploads\/2024\/09\/Legis-Juris-Consultoria_logo-768x322.jpg 768w\" sizes=\"auto, (max-width: 525px) 100vw, 525px\" \/><\/a><\/figure><\/div>\n\n\n\n<p>O deputado Chris Smith (R-N.J.), presidente da Comiss\u00e3o Executiva do Congresso sobre a China, aplaudiu o relat\u00f3rio por denunciar as na\u00e7\u00f5es que n\u00e3o conseguem impedir o tr\u00e1fico de pessoas. <\/p>\n\n\n\n<blockquote class=\"wp-block-quote is-layout-flow wp-block-quote-is-layout-flow\"><p><span class=\"has-inline-color has-luminous-vivid-orange-color\">O trabalho for\u00e7ado patrocinado pelo Estado na China, Cuba e outros lugares, juntamente com a explos\u00e3o de centros de golpes no Sudeste Asi\u00e1tico, est\u00e1 devastando vidas e fam\u00edlias em todo o mundo \u2014 incluindo aqui nos Estados Unidos, onde traficantes enganaram americanos em mais de US$ 12,5 bilh\u00f5es somente em 2024\u201d, disse Smith em uma <a href=\"https:\/\/chrissmith.house.gov\/news\/documentsingle.aspx?DocumentID=415025\" target=\"_blank\" rel=\"noreferrer noopener\">declara\u00e7\u00e3o<\/a>. \u201cO tr\u00e1fico continua sendo um crime oculto. Devemos redobrar nossos esfor\u00e7os, garantir cuidados coordenados e informados pelas v\u00edtimas e nunca permitir que os traficantes operem com impunidade\u201d, acrescentou.<\/span><\/p><\/blockquote>\n\n\n\n<div class=\"wp-block-image\"><figure class=\"aligncenter size-large is-resized\"><a href=\"https:\/\/panper.com.br\/\"><img loading=\"lazy\" decoding=\"async\" src=\"https:\/\/jornalfatosenoticias.com.br\/wp-content\/uploads\/2023\/03\/logo-Panper_portal.jpg\" alt=\"\" class=\"wp-image-40208\" width=\"321\" height=\"222\" srcset=\"https:\/\/jornalfatosenoticias.com.br\/wp-content\/uploads\/2023\/03\/logo-Panper_portal.jpg 400w, https:\/\/jornalfatosenoticias.com.br\/wp-content\/uploads\/2023\/03\/logo-Panper_portal-300x208.jpg 300w\" sizes=\"auto, (max-width: 321px) 100vw, 321px\" \/><\/a><\/figure><\/div>\n\n\n\n<h4 class=\"wp-block-heading\"><span class=\"has-inline-color has-black-color\">No Brasil, chineses em trabalho an\u00e1logo \u00e0 escravid\u00e3o s\u00e3o resgatados na Bahia<\/span><\/h4>\n\n\n\n<div class=\"wp-block-image\"><figure class=\"aligncenter size-large\"><img loading=\"lazy\" decoding=\"async\" width=\"750\" height=\"435\" src=\"https:\/\/jornalfatosenoticias.com.br\/wp-content\/uploads\/2025\/10\/trabalho-escravo-chines-bahia_MPT.jpg\" alt=\"\" class=\"wp-image-62342\" srcset=\"https:\/\/jornalfatosenoticias.com.br\/wp-content\/uploads\/2025\/10\/trabalho-escravo-chines-bahia_MPT.jpg 750w, https:\/\/jornalfatosenoticias.com.br\/wp-content\/uploads\/2025\/10\/trabalho-escravo-chines-bahia_MPT-300x174.jpg 300w\" sizes=\"auto, (max-width: 750px) 100vw, 750px\" \/><figcaption><em><span class=\"has-inline-color has-black-color\">Trabalhadores \u201cdormiam em camas sem colch\u00f5es e n\u00e3o possu\u00edam arm\u00e1rios para guardar seus pertences pessoais&#8221;, disse o MPT (Foto: MPT\/Jovem Pan)<\/span><\/em><\/figcaption><\/figure><\/div>\n\n\n\n<p>Em dezembro do ano passado, mais de 160 trabalhadores chineses foram resgatados \u201cem condi\u00e7\u00f5es an\u00e1logas \u00e0 de escravos\u201d no canteiro de obras de uma f\u00e1brica da gigante de carros el\u00e9tricos <strong><a href=\"http:\/\/jovempan.com.br\/tag\/byd\"><strong>BYD<\/strong><\/a><\/strong> em Cama\u00e7ari, na regi\u00e3o metropolitana de Salvador (<strong><a href=\"https:\/\/jovempan.com.br\/tag\/bahia\"><strong>BA<\/strong><\/a><\/strong>), informaram as autoridades locais. A filial brasileira da montadora chinesa, BYD Auto do Brasil, anunciou, na \u00e9poca, que rescindiu com efeito imediato o contrato da empresa terceirizada respons\u00e1vel pela obra, a Jinjiang Construction Brazil Ltda.<\/p>\n\n\n\n<div class=\"wp-block-image\"><figure class=\"aligncenter size-large is-resized\"><a href=\"https:\/\/www.controlsystems.com.br\/\"><img loading=\"lazy\" decoding=\"async\" src=\"https:\/\/jornalfatosenoticias.com.br\/wp-content\/uploads\/2020\/02\/CONTROL-CS.jpg\" alt=\"\" class=\"wp-image-44991\" width=\"301\" height=\"361\" srcset=\"https:\/\/jornalfatosenoticias.com.br\/wp-content\/uploads\/2020\/02\/CONTROL-CS.jpg 834w, https:\/\/jornalfatosenoticias.com.br\/wp-content\/uploads\/2020\/02\/CONTROL-CS-250x300.jpg 250w, https:\/\/jornalfatosenoticias.com.br\/wp-content\/uploads\/2020\/02\/CONTROL-CS-768x921.jpg 768w\" sizes=\"auto, (max-width: 301px) 100vw, 301px\" \/><\/a><\/figure><\/div>\n\n\n\n<p>As obras foram suspensas em parte do canteiro por determina\u00e7\u00e3o do Minist\u00e9rio P\u00fablico do Trabalho (MPT) da Bahia. Desde novembro, o MPT, juntamente com outras ag\u00eancias governamentais, <strong><a href=\"https:\/\/jovempan.com.br\/noticias\/brasil\/mpt-investiga-condicoes-de-trabalho-na-fabrica-da-byd-em-camacari.html\"><strong>realizou verifica\u00e7\u00f5es<\/strong><\/a><\/strong> que levaram \u00e0 identifica\u00e7\u00e3o de \u201c163 trabalhadores em condi\u00e7\u00f5es an\u00e1logas \u00e0 de escravid\u00e3o na empresa terceirizada Jinjiang, uma prestadora de servi\u00e7os para a BYD\u201d. No comunicado, o MPT denunciou \u201cum quadro alarmante de precariedade e degrad\u00e2ncia\u201d para os trabalhadores.<\/p>\n\n\n\n<div class=\"wp-block-image\"><figure class=\"aligncenter size-large is-resized\"><a href=\"https:\/\/www.instagram.com\/gruposei\/\"><img loading=\"lazy\" decoding=\"async\" src=\"https:\/\/jornalfatosenoticias.com.br\/wp-content\/uploads\/2022\/07\/Logo-Grupo-SEI.jpg\" alt=\"\" class=\"wp-image-31973\" width=\"358\" height=\"188\" srcset=\"https:\/\/jornalfatosenoticias.com.br\/wp-content\/uploads\/2022\/07\/Logo-Grupo-SEI.jpg 713w, https:\/\/jornalfatosenoticias.com.br\/wp-content\/uploads\/2022\/07\/Logo-Grupo-SEI-300x158.jpg 300w\" sizes=\"auto, (max-width: 358px) 100vw, 358px\" \/><\/a><\/figure><\/div>\n\n\n\n<p>Em um dos alojamentos, os trabalhadores \u201cdormiam em camas sem colch\u00f5es e n\u00e3o possu\u00edam arm\u00e1rios para guardar seus pertences pessoais, que ficavam misturados com materiais de alimenta\u00e7\u00e3o\u201d, acrescentou. O MPT reportou que a \u201csitua\u00e7\u00e3o sanit\u00e1ria era especialmente cr\u00edtica, com apenas um banheiro para cada 31 trabalhadores, for\u00e7ando-os acordar \u00e0s 4h para formar fila e conseguir se preparar para sair ao trabalho \u00e0s 5h30\u201d.<\/p>\n\n\n\n<div class=\"wp-block-image\"><figure class=\"aligncenter size-large\"><a href=\"https:\/\/www.cesconetto.com.br\/\"><img loading=\"lazy\" decoding=\"async\" width=\"300\" height=\"250\" src=\"https:\/\/jornalfatosenoticias.com.br\/wp-content\/uploads\/2020\/02\/Banner-2.png\" alt=\"\" class=\"wp-image-43787\"\/><\/a><\/figure><\/div>\n\n\n\n<p>Durante a obra, os \u201ctrabalhadores estavam expostos a intensa radia\u00e7\u00e3o solar, apresentando sinais vis\u00edveis de danos \u00e0 pele\u201d. O MPT tamb\u00e9m informou suspeitas de \u201ctrabalho for\u00e7ado\u201d, j\u00e1 que os trabalhadores da China \u201ctiveram seus passaportes retidos\u201d e seu empregador confiscava \u201c60% de seus sal\u00e1rios\u201d, ficando com os oper\u00e1rios \u201capenas 40% em moeda chinesa\u201d.<\/p>\n\n\n\n<div class=\"wp-block-image\"><figure class=\"aligncenter size-large is-resized\"><a href=\"https:\/\/www.instagram.com\/esteio.churrascaria\/\"><img loading=\"lazy\" decoding=\"async\" src=\"https:\/\/jornalfatosenoticias.com.br\/wp-content\/uploads\/2022\/02\/LOGO-ESTEIO-1024x730.png\" alt=\"\" class=\"wp-image-27942\" width=\"305\" height=\"217\" srcset=\"https:\/\/jornalfatosenoticias.com.br\/wp-content\/uploads\/2022\/02\/LOGO-ESTEIO-1024x730.png 1024w, https:\/\/jornalfatosenoticias.com.br\/wp-content\/uploads\/2022\/02\/LOGO-ESTEIO-300x214.png 300w, https:\/\/jornalfatosenoticias.com.br\/wp-content\/uploads\/2022\/02\/LOGO-ESTEIO-768x548.png 768w, https:\/\/jornalfatosenoticias.com.br\/wp-content\/uploads\/2022\/02\/LOGO-ESTEIO.png 1123w\" sizes=\"auto, (max-width: 305px) 100vw, 305px\" \/><\/a><\/figure><\/div>\n\n\n\n<p>Na \u00e9poca, o Minist\u00e9rio das Rela\u00e7\u00f5es Exteriores da China afirmou que sua embaixada e consulados no Brasil \u201cest\u00e3o em contato com as autoridades brasileiras para verificar a situa\u00e7\u00e3o e administr\u00e1-la da maneira adequada\u201d. \u201cO governo chin\u00eas sempre deu a maior import\u00e2ncia \u00e0 prote\u00e7\u00e3o dos direitos leg\u00edtimos e aos interesses dos trabalhadores, e pede \u00e0s empresas chinesas que cumpram a lei e as normas\u201d, disse a porta-voz da diplomacia chinesa, Mao Ning, em Pequim.<\/p>\n\n\n\n<div class=\"wp-block-image\"><figure class=\"aligncenter size-large is-resized\"><a href=\"https:\/\/www.facebook.com\/vetor.vix\/\"><img loading=\"lazy\" decoding=\"async\" src=\"https:\/\/jornalfatosenoticias.com.br\/wp-content\/uploads\/2023\/09\/vetorvix1024_1.jpg\" alt=\"\" class=\"wp-image-44868\" width=\"558\" height=\"148\" srcset=\"https:\/\/jornalfatosenoticias.com.br\/wp-content\/uploads\/2023\/09\/vetorvix1024_1.jpg 1024w, https:\/\/jornalfatosenoticias.com.br\/wp-content\/uploads\/2023\/09\/vetorvix1024_1-300x80.jpg 300w, https:\/\/jornalfatosenoticias.com.br\/wp-content\/uploads\/2023\/09\/vetorvix1024_1-768x205.jpg 768w\" sizes=\"auto, (max-width: 558px) 100vw, 558px\" \/><\/a><\/figure><\/div>\n","protected":false},"excerpt":{"rendered":"<p>O Departamento de Estado dos EUA identificou a China como um dos pa\u00edses envolvidos no tr\u00e1fico de pessoas patrocinado pelo Estado pelo sexto ano consecutivo Por Dorothy Li\/Epoch Times Brasil\/Jovem Pan O regime comunista chin\u00eas continua explorando o povo em trabalhos for\u00e7ados, qualificando o pa\u00eds como um dos piores infratores do tr\u00e1fico de pessoas do [&hellip;]<\/p>\n","protected":false},"author":3,"featured_media":62344,"comment_status":"open","ping_status":"open","sticky":false,"template":"","format":"standard","meta":{"footnotes":""},"categories":[41],"tags":[2729,85,19673,28441,6471,24968,20945,28419],"class_list":["post-62341","post","type-post","status-publish","format-standard","has-post-thumbnail","hentry","category-internacional","tag-bahia","tag-china","tag-escravidao-moderna","tag-escravidao-sexual","tag-exploracao","tag-partido-comunista-chines","tag-repressao","tag-trafico-de-pessoas"],"yoast_head":"<!-- This site is optimized with the Yoast SEO plugin v26.5 - https:\/\/yoast.com\/wordpress\/plugins\/seo\/ -->\n<title>China ainda est\u00e1 entre os piores criminosos por tr\u00e1fico de pessoas, dizem os EUA - Jornal Fatos e Not\u00edcias<\/title>\n<meta name=\"robots\" content=\"index, follow, max-snippet:-1, max-image-preview:large, max-video-preview:-1\" \/>\n<link rel=\"canonical\" href=\"https:\/\/jornalfatosenoticias.com.br\/index.php\/2025\/10\/02\/china-ainda-esta-entre-os-piores-criminosos-por-trafico-de-pessoas-dizem-os-eua\/\" \/>\n<meta property=\"og:locale\" content=\"pt_BR\" \/>\n<meta property=\"og:type\" content=\"article\" \/>\n<meta property=\"og:title\" content=\"China ainda est\u00e1 entre os piores criminosos por tr\u00e1fico de pessoas, dizem os EUA - Jornal Fatos e Not\u00edcias\" \/>\n<meta property=\"og:description\" content=\"O Departamento de Estado dos EUA identificou a China como um dos pa\u00edses envolvidos no tr\u00e1fico de pessoas patrocinado pelo Estado pelo sexto ano consecutivo Por Dorothy Li\/Epoch Times Brasil\/Jovem Pan O regime comunista chin\u00eas continua explorando o povo em trabalhos for\u00e7ados, qualificando o pa\u00eds como um dos piores infratores do tr\u00e1fico de pessoas do [&hellip;]\" \/>\n<meta property=\"og:url\" content=\"https:\/\/jornalfatosenoticias.com.br\/index.php\/2025\/10\/02\/china-ainda-esta-entre-os-piores-criminosos-por-trafico-de-pessoas-dizem-os-eua\/\" \/>\n<meta property=\"og:site_name\" content=\"Jornal Fatos e Not\u00edcias\" \/>\n<meta property=\"article:published_time\" content=\"2025-10-02T19:03:16+00:00\" \/>\n<meta property=\"article:modified_time\" content=\"2025-10-02T19:03:17+00:00\" \/>\n<meta property=\"og:image\" content=\"https:\/\/jornalfatosenoticias.com.br\/wp-content\/uploads\/2025\/10\/trabalho-escravo-china_GettyImages.jpg\" \/>\n\t<meta property=\"og:image:width\" content=\"795\" \/>\n\t<meta property=\"og:image:height\" content=\"447\" \/>\n\t<meta property=\"og:image:type\" content=\"image\/jpeg\" \/>\n<meta name=\"author\" content=\"Haroldo Filho\" \/>\n<meta name=\"twitter:card\" content=\"summary_large_image\" \/>\n<meta name=\"twitter:label1\" content=\"Escrito por\" \/>\n\t<meta name=\"twitter:data1\" content=\"Haroldo Filho\" \/>\n\t<meta name=\"twitter:label2\" content=\"Est. tempo de leitura\" \/>\n\t<meta name=\"twitter:data2\" content=\"5 minutos\" \/>\n<script type=\"application\/ld+json\" class=\"yoast-schema-graph\">{\"@context\":\"https:\/\/schema.org\",\"@graph\":[{\"@type\":\"Article\",\"@id\":\"https:\/\/jornalfatosenoticias.com.br\/index.php\/2025\/10\/02\/china-ainda-esta-entre-os-piores-criminosos-por-trafico-de-pessoas-dizem-os-eua\/#article\",\"isPartOf\":{\"@id\":\"https:\/\/jornalfatosenoticias.com.br\/index.php\/2025\/10\/02\/china-ainda-esta-entre-os-piores-criminosos-por-trafico-de-pessoas-dizem-os-eua\/\"},\"author\":{\"name\":\"Haroldo Filho\",\"@id\":\"https:\/\/jornalfatosenoticias.com.br\/#\/schema\/person\/05c46cc25b42a5c27e004fb0fa6b4965\"},\"headline\":\"China ainda est\u00e1 entre os piores criminosos por tr\u00e1fico de pessoas, dizem os EUA\",\"datePublished\":\"2025-10-02T19:03:16+00:00\",\"dateModified\":\"2025-10-02T19:03:17+00:00\",\"mainEntityOfPage\":{\"@id\":\"https:\/\/jornalfatosenoticias.com.br\/index.php\/2025\/10\/02\/china-ainda-esta-entre-os-piores-criminosos-por-trafico-de-pessoas-dizem-os-eua\/\"},\"wordCount\":1098,\"commentCount\":0,\"publisher\":{\"@id\":\"https:\/\/jornalfatosenoticias.com.br\/#organization\"},\"image\":{\"@id\":\"https:\/\/jornalfatosenoticias.com.br\/index.php\/2025\/10\/02\/china-ainda-esta-entre-os-piores-criminosos-por-trafico-de-pessoas-dizem-os-eua\/#primaryimage\"},\"thumbnailUrl\":\"https:\/\/jornalfatosenoticias.com.br\/wp-content\/uploads\/2025\/10\/trabalho-escravo-china_GettyImages.jpg\",\"keywords\":[\"Bahia\",\"china\",\"escravid\u00e3o moderna\",\"escravid\u00e3o sexual\",\"explora\u00e7\u00e3o\",\"Partido Comunista Chin\u00eas\",\"repress\u00e3o\",\"tr\u00e1fico de pessoas\"],\"articleSection\":[\"Internacional\"],\"inLanguage\":\"pt-BR\",\"potentialAction\":[{\"@type\":\"CommentAction\",\"name\":\"Comment\",\"target\":[\"https:\/\/jornalfatosenoticias.com.br\/index.php\/2025\/10\/02\/china-ainda-esta-entre-os-piores-criminosos-por-trafico-de-pessoas-dizem-os-eua\/#respond\"]}]},{\"@type\":\"WebPage\",\"@id\":\"https:\/\/jornalfatosenoticias.com.br\/index.php\/2025\/10\/02\/china-ainda-esta-entre-os-piores-criminosos-por-trafico-de-pessoas-dizem-os-eua\/\",\"url\":\"https:\/\/jornalfatosenoticias.com.br\/index.php\/2025\/10\/02\/china-ainda-esta-entre-os-piores-criminosos-por-trafico-de-pessoas-dizem-os-eua\/\",\"name\":\"China ainda est\u00e1 entre os piores criminosos por tr\u00e1fico de pessoas, dizem os EUA - Jornal Fatos e Not\u00edcias\",\"isPartOf\":{\"@id\":\"https:\/\/jornalfatosenoticias.com.br\/#website\"},\"primaryImageOfPage\":{\"@id\":\"https:\/\/jornalfatosenoticias.com.br\/index.php\/2025\/10\/02\/china-ainda-esta-entre-os-piores-criminosos-por-trafico-de-pessoas-dizem-os-eua\/#primaryimage\"},\"image\":{\"@id\":\"https:\/\/jornalfatosenoticias.com.br\/index.php\/2025\/10\/02\/china-ainda-esta-entre-os-piores-criminosos-por-trafico-de-pessoas-dizem-os-eua\/#primaryimage\"},\"thumbnailUrl\":\"https:\/\/jornalfatosenoticias.com.br\/wp-content\/uploads\/2025\/10\/trabalho-escravo-china_GettyImages.jpg\",\"datePublished\":\"2025-10-02T19:03:16+00:00\",\"dateModified\":\"2025-10-02T19:03:17+00:00\",\"breadcrumb\":{\"@id\":\"https:\/\/jornalfatosenoticias.com.br\/index.php\/2025\/10\/02\/china-ainda-esta-entre-os-piores-criminosos-por-trafico-de-pessoas-dizem-os-eua\/#breadcrumb\"},\"inLanguage\":\"pt-BR\",\"potentialAction\":[{\"@type\":\"ReadAction\",\"target\":[\"https:\/\/jornalfatosenoticias.com.br\/index.php\/2025\/10\/02\/china-ainda-esta-entre-os-piores-criminosos-por-trafico-de-pessoas-dizem-os-eua\/\"]}]},{\"@type\":\"ImageObject\",\"inLanguage\":\"pt-BR\",\"@id\":\"https:\/\/jornalfatosenoticias.com.br\/index.php\/2025\/10\/02\/china-ainda-esta-entre-os-piores-criminosos-por-trafico-de-pessoas-dizem-os-eua\/#primaryimage\",\"url\":\"https:\/\/jornalfatosenoticias.com.br\/wp-content\/uploads\/2025\/10\/trabalho-escravo-china_GettyImages.jpg\",\"contentUrl\":\"https:\/\/jornalfatosenoticias.com.br\/wp-content\/uploads\/2025\/10\/trabalho-escravo-china_GettyImages.jpg\",\"width\":795,\"height\":447},{\"@type\":\"BreadcrumbList\",\"@id\":\"https:\/\/jornalfatosenoticias.com.br\/index.php\/2025\/10\/02\/china-ainda-esta-entre-os-piores-criminosos-por-trafico-de-pessoas-dizem-os-eua\/#breadcrumb\",\"itemListElement\":[{\"@type\":\"ListItem\",\"position\":1,\"name\":\"In\u00edcio\",\"item\":\"https:\/\/jornalfatosenoticias.com.br\/\"},{\"@type\":\"ListItem\",\"position\":2,\"name\":\"China ainda est\u00e1 entre os piores criminosos por tr\u00e1fico de pessoas, dizem os EUA\"}]},{\"@type\":\"WebSite\",\"@id\":\"https:\/\/jornalfatosenoticias.com.br\/#website\",\"url\":\"https:\/\/jornalfatosenoticias.com.br\/\",\"name\":\"Jornal Fatos e Not\u00edcias\",\"description\":\"Not\u00edcias em geral\",\"publisher\":{\"@id\":\"https:\/\/jornalfatosenoticias.com.br\/#organization\"},\"potentialAction\":[{\"@type\":\"SearchAction\",\"target\":{\"@type\":\"EntryPoint\",\"urlTemplate\":\"https:\/\/jornalfatosenoticias.com.br\/?s={search_term_string}\"},\"query-input\":{\"@type\":\"PropertyValueSpecification\",\"valueRequired\":true,\"valueName\":\"search_term_string\"}}],\"inLanguage\":\"pt-BR\"},{\"@type\":\"Organization\",\"@id\":\"https:\/\/jornalfatosenoticias.com.br\/#organization\",\"name\":\"Jornal Fatos e Not\u00edcias\",\"url\":\"https:\/\/jornalfatosenoticias.com.br\/\",\"logo\":{\"@type\":\"ImageObject\",\"inLanguage\":\"pt-BR\",\"@id\":\"https:\/\/jornalfatosenoticias.com.br\/#\/schema\/logo\/image\/\",\"url\":\"https:\/\/jornalfatosenoticias.com.br\/wp-content\/uploads\/2020\/02\/logo120.png\",\"contentUrl\":\"https:\/\/jornalfatosenoticias.com.br\/wp-content\/uploads\/2020\/02\/logo120.png\",\"width\":1227,\"height\":120,\"caption\":\"Jornal Fatos e Not\u00edcias\"},\"image\":{\"@id\":\"https:\/\/jornalfatosenoticias.com.br\/#\/schema\/logo\/image\/\"}},{\"@type\":\"Person\",\"@id\":\"https:\/\/jornalfatosenoticias.com.br\/#\/schema\/person\/05c46cc25b42a5c27e004fb0fa6b4965\",\"name\":\"Haroldo Filho\",\"image\":{\"@type\":\"ImageObject\",\"inLanguage\":\"pt-BR\",\"@id\":\"https:\/\/jornalfatosenoticias.com.br\/#\/schema\/person\/image\/\",\"url\":\"https:\/\/jornalfatosenoticias.com.br\/wp-content\/uploads\/2025\/08\/WhatsApp-Image-2025-08-18-at-15.30.28-150x150.jpeg\",\"contentUrl\":\"https:\/\/jornalfatosenoticias.com.br\/wp-content\/uploads\/2025\/08\/WhatsApp-Image-2025-08-18-at-15.30.28-150x150.jpeg\",\"caption\":\"Haroldo Filho\"},\"description\":\"Jornalista \u2013 DRT: 0003818\/ES Coordenador-geral da ONG Educar para Crescer\",\"url\":\"https:\/\/jornalfatosenoticias.com.br\/index.php\/author\/haroldo\/\"}]}<\/script>\n<!-- \/ Yoast SEO plugin. -->","yoast_head_json":{"title":"China ainda est\u00e1 entre os piores criminosos por tr\u00e1fico de pessoas, dizem os EUA - Jornal Fatos e Not\u00edcias","robots":{"index":"index","follow":"follow","max-snippet":"max-snippet:-1","max-image-preview":"max-image-preview:large","max-video-preview":"max-video-preview:-1"},"canonical":"https:\/\/jornalfatosenoticias.com.br\/index.php\/2025\/10\/02\/china-ainda-esta-entre-os-piores-criminosos-por-trafico-de-pessoas-dizem-os-eua\/","og_locale":"pt_BR","og_type":"article","og_title":"China ainda est\u00e1 entre os piores criminosos por tr\u00e1fico de pessoas, dizem os EUA - Jornal Fatos e Not\u00edcias","og_description":"O Departamento de Estado dos EUA identificou a China como um dos pa\u00edses envolvidos no tr\u00e1fico de pessoas patrocinado pelo Estado pelo sexto ano consecutivo Por Dorothy Li\/Epoch Times Brasil\/Jovem Pan O regime comunista chin\u00eas continua explorando o povo em trabalhos for\u00e7ados, qualificando o pa\u00eds como um dos piores infratores do tr\u00e1fico de pessoas do [&hellip;]","og_url":"https:\/\/jornalfatosenoticias.com.br\/index.php\/2025\/10\/02\/china-ainda-esta-entre-os-piores-criminosos-por-trafico-de-pessoas-dizem-os-eua\/","og_site_name":"Jornal Fatos e Not\u00edcias","article_published_time":"2025-10-02T19:03:16+00:00","article_modified_time":"2025-10-02T19:03:17+00:00","og_image":[{"width":795,"height":447,"url":"https:\/\/jornalfatosenoticias.com.br\/wp-content\/uploads\/2025\/10\/trabalho-escravo-china_GettyImages.jpg","type":"image\/jpeg"}],"author":"Haroldo Filho","twitter_card":"summary_large_image","twitter_misc":{"Escrito por":"Haroldo Filho","Est. tempo de leitura":"5 minutos"},"schema":{"@context":"https:\/\/schema.org","@graph":[{"@type":"Article","@id":"https:\/\/jornalfatosenoticias.com.br\/index.php\/2025\/10\/02\/china-ainda-esta-entre-os-piores-criminosos-por-trafico-de-pessoas-dizem-os-eua\/#article","isPartOf":{"@id":"https:\/\/jornalfatosenoticias.com.br\/index.php\/2025\/10\/02\/china-ainda-esta-entre-os-piores-criminosos-por-trafico-de-pessoas-dizem-os-eua\/"},"author":{"name":"Haroldo Filho","@id":"https:\/\/jornalfatosenoticias.com.br\/#\/schema\/person\/05c46cc25b42a5c27e004fb0fa6b4965"},"headline":"China ainda est\u00e1 entre os piores criminosos por tr\u00e1fico de pessoas, dizem os EUA","datePublished":"2025-10-02T19:03:16+00:00","dateModified":"2025-10-02T19:03:17+00:00","mainEntityOfPage":{"@id":"https:\/\/jornalfatosenoticias.com.br\/index.php\/2025\/10\/02\/china-ainda-esta-entre-os-piores-criminosos-por-trafico-de-pessoas-dizem-os-eua\/"},"wordCount":1098,"commentCount":0,"publisher":{"@id":"https:\/\/jornalfatosenoticias.com.br\/#organization"},"image":{"@id":"https:\/\/jornalfatosenoticias.com.br\/index.php\/2025\/10\/02\/china-ainda-esta-entre-os-piores-criminosos-por-trafico-de-pessoas-dizem-os-eua\/#primaryimage"},"thumbnailUrl":"https:\/\/jornalfatosenoticias.com.br\/wp-content\/uploads\/2025\/10\/trabalho-escravo-china_GettyImages.jpg","keywords":["Bahia","china","escravid\u00e3o moderna","escravid\u00e3o sexual","explora\u00e7\u00e3o","Partido Comunista Chin\u00eas","repress\u00e3o","tr\u00e1fico de pessoas"],"articleSection":["Internacional"],"inLanguage":"pt-BR","potentialAction":[{"@type":"CommentAction","name":"Comment","target":["https:\/\/jornalfatosenoticias.com.br\/index.php\/2025\/10\/02\/china-ainda-esta-entre-os-piores-criminosos-por-trafico-de-pessoas-dizem-os-eua\/#respond"]}]},{"@type":"WebPage","@id":"https:\/\/jornalfatosenoticias.com.br\/index.php\/2025\/10\/02\/china-ainda-esta-entre-os-piores-criminosos-por-trafico-de-pessoas-dizem-os-eua\/","url":"https:\/\/jornalfatosenoticias.com.br\/index.php\/2025\/10\/02\/china-ainda-esta-entre-os-piores-criminosos-por-trafico-de-pessoas-dizem-os-eua\/","name":"China ainda est\u00e1 entre os piores criminosos por tr\u00e1fico de pessoas, dizem os EUA - Jornal Fatos e Not\u00edcias","isPartOf":{"@id":"https:\/\/jornalfatosenoticias.com.br\/#website"},"primaryImageOfPage":{"@id":"https:\/\/jornalfatosenoticias.com.br\/index.php\/2025\/10\/02\/china-ainda-esta-entre-os-piores-criminosos-por-trafico-de-pessoas-dizem-os-eua\/#primaryimage"},"image":{"@id":"https:\/\/jornalfatosenoticias.com.br\/index.php\/2025\/10\/02\/china-ainda-esta-entre-os-piores-criminosos-por-trafico-de-pessoas-dizem-os-eua\/#primaryimage"},"thumbnailUrl":"https:\/\/jornalfatosenoticias.com.br\/wp-content\/uploads\/2025\/10\/trabalho-escravo-china_GettyImages.jpg","datePublished":"2025-10-02T19:03:16+00:00","dateModified":"2025-10-02T19:03:17+00:00","breadcrumb":{"@id":"https:\/\/jornalfatosenoticias.com.br\/index.php\/2025\/10\/02\/china-ainda-esta-entre-os-piores-criminosos-por-trafico-de-pessoas-dizem-os-eua\/#breadcrumb"},"inLanguage":"pt-BR","potentialAction":[{"@type":"ReadAction","target":["https:\/\/jornalfatosenoticias.com.br\/index.php\/2025\/10\/02\/china-ainda-esta-entre-os-piores-criminosos-por-trafico-de-pessoas-dizem-os-eua\/"]}]},{"@type":"ImageObject","inLanguage":"pt-BR","@id":"https:\/\/jornalfatosenoticias.com.br\/index.php\/2025\/10\/02\/china-ainda-esta-entre-os-piores-criminosos-por-trafico-de-pessoas-dizem-os-eua\/#primaryimage","url":"https:\/\/jornalfatosenoticias.com.br\/wp-content\/uploads\/2025\/10\/trabalho-escravo-china_GettyImages.jpg","contentUrl":"https:\/\/jornalfatosenoticias.com.br\/wp-content\/uploads\/2025\/10\/trabalho-escravo-china_GettyImages.jpg","width":795,"height":447},{"@type":"BreadcrumbList","@id":"https:\/\/jornalfatosenoticias.com.br\/index.php\/2025\/10\/02\/china-ainda-esta-entre-os-piores-criminosos-por-trafico-de-pessoas-dizem-os-eua\/#breadcrumb","itemListElement":[{"@type":"ListItem","position":1,"name":"In\u00edcio","item":"https:\/\/jornalfatosenoticias.com.br\/"},{"@type":"ListItem","position":2,"name":"China ainda est\u00e1 entre os piores criminosos por tr\u00e1fico de pessoas, dizem os EUA"}]},{"@type":"WebSite","@id":"https:\/\/jornalfatosenoticias.com.br\/#website","url":"https:\/\/jornalfatosenoticias.com.br\/","name":"Jornal Fatos e Not\u00edcias","description":"Not\u00edcias em geral","publisher":{"@id":"https:\/\/jornalfatosenoticias.com.br\/#organization"},"potentialAction":[{"@type":"SearchAction","target":{"@type":"EntryPoint","urlTemplate":"https:\/\/jornalfatosenoticias.com.br\/?s={search_term_string}"},"query-input":{"@type":"PropertyValueSpecification","valueRequired":true,"valueName":"search_term_string"}}],"inLanguage":"pt-BR"},{"@type":"Organization","@id":"https:\/\/jornalfatosenoticias.com.br\/#organization","name":"Jornal Fatos e Not\u00edcias","url":"https:\/\/jornalfatosenoticias.com.br\/","logo":{"@type":"ImageObject","inLanguage":"pt-BR","@id":"https:\/\/jornalfatosenoticias.com.br\/#\/schema\/logo\/image\/","url":"https:\/\/jornalfatosenoticias.com.br\/wp-content\/uploads\/2020\/02\/logo120.png","contentUrl":"https:\/\/jornalfatosenoticias.com.br\/wp-content\/uploads\/2020\/02\/logo120.png","width":1227,"height":120,"caption":"Jornal Fatos e Not\u00edcias"},"image":{"@id":"https:\/\/jornalfatosenoticias.com.br\/#\/schema\/logo\/image\/"}},{"@type":"Person","@id":"https:\/\/jornalfatosenoticias.com.br\/#\/schema\/person\/05c46cc25b42a5c27e004fb0fa6b4965","name":"Haroldo Filho","image":{"@type":"ImageObject","inLanguage":"pt-BR","@id":"https:\/\/jornalfatosenoticias.com.br\/#\/schema\/person\/image\/","url":"https:\/\/jornalfatosenoticias.com.br\/wp-content\/uploads\/2025\/08\/WhatsApp-Image-2025-08-18-at-15.30.28-150x150.jpeg","contentUrl":"https:\/\/jornalfatosenoticias.com.br\/wp-content\/uploads\/2025\/08\/WhatsApp-Image-2025-08-18-at-15.30.28-150x150.jpeg","caption":"Haroldo Filho"},"description":"Jornalista \u2013 DRT: 0003818\/ES Coordenador-geral da ONG Educar para Crescer","url":"https:\/\/jornalfatosenoticias.com.br\/index.php\/author\/haroldo\/"}]}},"cc_featured_image_caption":{"caption_text":"(Foto: Getty Images) ","source_text":"","source_url":""},"jetpack_featured_media_url":"https:\/\/jornalfatosenoticias.com.br\/wp-content\/uploads\/2025\/10\/trabalho-escravo-china_GettyImages.jpg","_links":{"self":[{"href":"https:\/\/jornalfatosenoticias.com.br\/index.php\/wp-json\/wp\/v2\/posts\/62341","targetHints":{"allow":["GET"]}}],"collection":[{"href":"https:\/\/jornalfatosenoticias.com.br\/index.php\/wp-json\/wp\/v2\/posts"}],"about":[{"href":"https:\/\/jornalfatosenoticias.com.br\/index.php\/wp-json\/wp\/v2\/types\/post"}],"author":[{"embeddable":true,"href":"https:\/\/jornalfatosenoticias.com.br\/index.php\/wp-json\/wp\/v2\/users\/3"}],"replies":[{"embeddable":true,"href":"https:\/\/jornalfatosenoticias.com.br\/index.php\/wp-json\/wp\/v2\/comments?post=62341"}],"version-history":[{"count":0,"href":"https:\/\/jornalfatosenoticias.com.br\/index.php\/wp-json\/wp\/v2\/posts\/62341\/revisions"}],"wp:featuredmedia":[{"embeddable":true,"href":"https:\/\/jornalfatosenoticias.com.br\/index.php\/wp-json\/wp\/v2\/media\/62344"}],"wp:attachment":[{"href":"https:\/\/jornalfatosenoticias.com.br\/index.php\/wp-json\/wp\/v2\/media?parent=62341"}],"wp:term":[{"taxonomy":"category","embeddable":true,"href":"https:\/\/jornalfatosenoticias.com.br\/index.php\/wp-json\/wp\/v2\/categories?post=62341"},{"taxonomy":"post_tag","embeddable":true,"href":"https:\/\/jornalfatosenoticias.com.br\/index.php\/wp-json\/wp\/v2\/tags?post=62341"}],"curies":[{"name":"wp","href":"https:\/\/api.w.org\/{rel}","templated":true}]}}