{"id":62350,"date":"2025-10-02T16:31:07","date_gmt":"2025-10-02T19:31:07","guid":{"rendered":"https:\/\/jornalfatosenoticias.com.br\/?p=62350"},"modified":"2026-03-23T10:51:13","modified_gmt":"2026-03-23T13:51:13","slug":"liderar-e-deixar-um-caminho-nao-apenas-pegadas","status":"publish","type":"post","link":"https:\/\/jornalfatosenoticias.com.br\/index.php\/2025\/10\/02\/liderar-e-deixar-um-caminho-nao-apenas-pegadas\/","title":{"rendered":"Liderar \u00e9 deixar um caminho, n\u00e3o apenas pegadas"},"content":{"rendered":"\n<div class=\"wp-block-image\"><figure class=\"aligncenter size-large\"><a href=\"https:\/\/mizu.com.br\/\"><img loading=\"lazy\" decoding=\"async\" width=\"729\" height=\"90\" src=\"https:\/\/jornalfatosenoticias.com.br\/wp-content\/uploads\/2020\/02\/Logo_Mizu.png\" alt=\"\" class=\"wp-image-1441\" srcset=\"https:\/\/jornalfatosenoticias.com.br\/wp-content\/uploads\/2020\/02\/Logo_Mizu.png 729w, https:\/\/jornalfatosenoticias.com.br\/wp-content\/uploads\/2020\/02\/Logo_Mizu-300x37.png 300w\" sizes=\"auto, (max-width: 729px) 100vw, 729px\" \/><\/a><\/figure><\/div>\n\n\n\n<p>Quando fui convidado para ser colunista deste estimado jornal, sempre vislumbrei que meu primeiro texto seria sobre lideran\u00e7a, afinal estou convicto de que n\u00e3o existe bom empreendimento sem um l\u00edder forte. E a\u00ed, naturalmente, lembrei de um aspecto muito importante que um l\u00edder desenvolve: a habilidade em lidar com a press\u00e3o dos resultados. Se \u00e9 verdade que o s\u00e9culo XXI apresenta a exig\u00eancia de performance quase em tempo real, a hist\u00f3ria nos mostra tamb\u00e9m exemplos fartos de que resultados sustent\u00e1veis ou transformadores surgiram, principalmente, quando a lideran\u00e7a entendeu a import\u00e2ncia de n\u00e3o sucumbir ao imediatismo ef\u00eamero visando sempre o m\u00e9rito duradouro. O livro <a href=\"https:\/\/pt.wikipedia.org\/wiki\/A_Arte_da_Guerra\">\u201cA Arte da Guerra\u201d<\/a> (500 anos a.C.) j\u00e1 estabelece logo em seu primeiro cap\u00edtulo: <em><span class=\"has-inline-color has-black-color\">\u201co general que vence uma batalha faz muitos c\u00e1lculos em seu templo antes da batalha ser travada. O general que perde uma batalha faz poucos c\u00e1lculos de antem\u00e3o. <strong>Assim, muitos c\u00e1lculos levam \u00e0 vit\u00f3ria, e poucos \u00e0 derrota\u201d.<\/strong><\/span><\/em><\/p>\n\n\n\n<div class=\"wp-block-image\"><figure class=\"aligncenter size-large\"><img loading=\"lazy\" decoding=\"async\" width=\"1000\" height=\"750\" src=\"https:\/\/jornalfatosenoticias.com.br\/wp-content\/uploads\/2025\/10\/Steve-Jobs_materia-francisco.jpg\" alt=\"\" class=\"wp-image-62352\" srcset=\"https:\/\/jornalfatosenoticias.com.br\/wp-content\/uploads\/2025\/10\/Steve-Jobs_materia-francisco.jpg 1000w, https:\/\/jornalfatosenoticias.com.br\/wp-content\/uploads\/2025\/10\/Steve-Jobs_materia-francisco-300x225.jpg 300w, https:\/\/jornalfatosenoticias.com.br\/wp-content\/uploads\/2025\/10\/Steve-Jobs_materia-francisco-768x576.jpg 768w\" sizes=\"auto, (max-width: 1000px) 100vw, 1000px\" \/><figcaption><em><span class=\"has-inline-color has-black-color\">Steve Jobs (Foto: Creative Commons)<\/span><\/em><\/figcaption><\/figure><\/div>\n\n\n\n<p>Em maio de 1976, a Microsoft j\u00e1 despontava como a maior empresa de computadores do mundo e praticamente ditava sozinha as tend\u00eancias de mercado. A Apple, ainda que j\u00e1 tivesse obtido sucesso com o Apple I, n\u00e3o conseguia amea\u00e7ar este dom\u00ednio at\u00e9 que Steve Jobs, um dos fundadores, liderou o processo de cria\u00e7\u00e3o de um novo produto. Veja bem, n\u00e3o estou defendendo a forma pela qual Jobs (conhecido por ser egoc\u00eantrico, arrogante e controlador) exerceu esta lideran\u00e7a. Entretanto, <strong><span class=\"has-inline-color has-black-color\">\u00e9 importante ressaltar o conte\u00fado de suas a\u00e7\u00f5es:<\/span><\/strong> suportou press\u00f5es internas \u00e0 Apple (que precisava de um produto para sobreviver), os ataques dos concorrentes (como seu colega\/rival Bill Gates) e o descr\u00e9dito do mercado para, em junho de 1977 (pouco mais de um ano depois), lan\u00e7ar o Apple II, revolucionando o mercado de <em>personal computers<\/em> (PCs) e colocando a empresa como o player mais diferenciado do mercado.<\/p>\n\n\n\n<div class=\"wp-block-image\"><figure class=\"aligncenter size-large\"><img loading=\"lazy\" decoding=\"async\" width=\"924\" height=\"807\" src=\"https:\/\/jornalfatosenoticias.com.br\/wp-content\/uploads\/2025\/10\/gustavo-kuerten_materia-francisco.jpg\" alt=\"\" class=\"wp-image-62353\" srcset=\"https:\/\/jornalfatosenoticias.com.br\/wp-content\/uploads\/2025\/10\/gustavo-kuerten_materia-francisco.jpg 924w, https:\/\/jornalfatosenoticias.com.br\/wp-content\/uploads\/2025\/10\/gustavo-kuerten_materia-francisco-300x262.jpg 300w, https:\/\/jornalfatosenoticias.com.br\/wp-content\/uploads\/2025\/10\/gustavo-kuerten_materia-francisco-768x671.jpg 768w\" sizes=\"auto, (max-width: 924px) 100vw, 924px\" \/><figcaption><em><span class=\"has-inline-color has-black-color\">Gustavo Kuerten (Foto: Getty Images)<\/span><\/em><\/figcaption><\/figure><\/div>\n\n\n\n<p>Em 1997, ap\u00f3s ganhar seu primeiro trof\u00e9u em Roland Garros, Gustavo Kuerten se tornou o primeiro tenista masculino do Brasil a ser campe\u00e3o de um dos quatro maiores torneios do circuito, gerando enorme expectativa no Brasil. Na sua biografia \u201cGuga, um brasileiro\u201d, o tenista revelou que aquele t\u00edtulo, ainda que muito bem-vindo, n\u00e3o era algo dentro do planejamento inicial que tinha com seu treinador, pois ainda acreditavam que havia uma curva de aprendizado e evolu\u00e7\u00e3o para poder alcan\u00e7ar voos mais altos. O impacto entre o planejamento de Guga e a frustra\u00e7\u00e3o dos brasileiros com o sucesso imediato que n\u00e3o ocorreu, n\u00e3o abalou em nada a convic\u00e7\u00e3o do tenista brasileiro, <strong><span class=\"has-inline-color has-black-color\">l\u00edder de seu pr\u00f3prio destino. <\/span><\/strong>Tr\u00eas anos depois, em 2000, bicampe\u00e3o de Roland Garros e do Masters Cup, Gustavo Kuerten se tornou o primeiro e \u00fanico tenista masculino brasileiro a assumir o topo do ranking, nos mostrando que sua perseveran\u00e7a estava correta.<\/p>\n\n\n\n<div class=\"wp-block-image\"><figure class=\"aligncenter size-large\"><img loading=\"lazy\" decoding=\"async\" width=\"1000\" height=\"666\" src=\"https:\/\/jornalfatosenoticias.com.br\/wp-content\/uploads\/2025\/10\/materia-francisco3.jpg\" alt=\"\" class=\"wp-image-62354\" srcset=\"https:\/\/jornalfatosenoticias.com.br\/wp-content\/uploads\/2025\/10\/materia-francisco3.jpg 1000w, https:\/\/jornalfatosenoticias.com.br\/wp-content\/uploads\/2025\/10\/materia-francisco3-300x200.jpg 300w, https:\/\/jornalfatosenoticias.com.br\/wp-content\/uploads\/2025\/10\/materia-francisco3-768x511.jpg 768w\" sizes=\"auto, (max-width: 1000px) 100vw, 1000px\" \/><figcaption><em><span class=\"has-inline-color has-black-color\">(Foto: Reprodu\u00e7\u00e3o Internet)<\/span><\/em><\/figcaption><\/figure><\/div>\n\n\n\n<p>Em 25 de abril de 2025, ocorreu um grande apag\u00e3o no sistema el\u00e9trico da Espanha. Em tempos de X, TikTok, burnout e <em>marketing<\/em> do absurdo, sobraram \u201cespecialistas\u201d para determinar, um dia ap\u00f3s o evento, as causas raiz do evento (cujas falhas ainda estavam gerando impactos).<\/p>\n\n\n\n<div class=\"wp-block-image\"><figure class=\"aligncenter size-large is-resized\"><a href=\"https:\/\/www.controlsystems.com.br\/\"><img loading=\"lazy\" decoding=\"async\" src=\"https:\/\/jornalfatosenoticias.com.br\/wp-content\/uploads\/2020\/02\/CONTROL-CS.jpg\" alt=\"\" class=\"wp-image-44991\" width=\"314\" height=\"376\" srcset=\"https:\/\/jornalfatosenoticias.com.br\/wp-content\/uploads\/2020\/02\/CONTROL-CS.jpg 834w, https:\/\/jornalfatosenoticias.com.br\/wp-content\/uploads\/2020\/02\/CONTROL-CS-250x300.jpg 250w, https:\/\/jornalfatosenoticias.com.br\/wp-content\/uploads\/2020\/02\/CONTROL-CS-768x921.jpg 768w\" sizes=\"auto, (max-width: 314px) 100vw, 314px\" \/><\/a><\/figure><\/div>\n\n\n\n<p>Hip\u00f3teses diversas foram divulgadas (ciberataque, terrorismo, sobrecarga por energias renov\u00e1veis e teste de armas altamente tecnol\u00f3gicas), causando desinforma\u00e7\u00e3o e p\u00e2nico. Liderando um processo de an\u00e1lises para determinar o motivo do evento indesejado, os agentes federais e o operador do sistema el\u00e9trico espanhol procederam com suas devidas etapas de investiga\u00e7\u00e3o e avalia\u00e7\u00e3o, seguindo processos de qualidade com metodologia validada ao longo de d\u00e9cadas de estudos. A divulga\u00e7\u00e3o da conclus\u00e3o de sua an\u00e1lise quase dois meses depois do evento afastou de vez qualquer uma das especula\u00e7\u00f5es anteriores e tratou os motivos reais de forma objetiva.<\/p>\n\n\n\n<div class=\"wp-block-image\"><figure class=\"aligncenter size-large is-resized\"><a href=\"https:\/\/www.instagram.com\/gruposei\/\"><img loading=\"lazy\" decoding=\"async\" src=\"https:\/\/jornalfatosenoticias.com.br\/wp-content\/uploads\/2022\/07\/Logo-Grupo-SEI.jpg\" alt=\"\" class=\"wp-image-31973\" width=\"343\" height=\"180\" srcset=\"https:\/\/jornalfatosenoticias.com.br\/wp-content\/uploads\/2022\/07\/Logo-Grupo-SEI.jpg 713w, https:\/\/jornalfatosenoticias.com.br\/wp-content\/uploads\/2022\/07\/Logo-Grupo-SEI-300x158.jpg 300w\" sizes=\"auto, (max-width: 343px) 100vw, 343px\" \/><\/a><\/figure><\/div>\n\n\n\n<h4 class=\"wp-block-heading\"><span class=\"has-inline-color has-black-color\">O que um empreendedor de tecnologia, um tenista e agentes federais mostraram em comum nestes exemplos?<\/span><\/h4>\n\n\n\n<ol class=\"wp-block-list\"><li><strong>Planejamento:<\/strong> houve cuidado em seguir um plano, buscar uma meta, almejar o resultado;<\/li><li><strong>Expertise: <\/strong>todos sabiam exatamente aonde chegar. O alvo n\u00e3o era apenas &#8216;um resultado&#8217;, mas &#8216;o resultado&#8217;, aquele inegoci\u00e1vel, sonhado. N\u00e3o era uma aventura, mas uma miss\u00e3o com prop\u00f3sito definido;<\/li><li><strong>Resili\u00eancia: <\/strong>fatores externos n\u00e3o abalaram as convic\u00e7\u00f5es originais;<\/li><li><strong>Persist\u00eancia:<\/strong> o sucesso da empreitada s\u00f3 ocorreu pela sinergia inabal\u00e1vel entre os itens anteriores.<\/li><\/ol>\n\n\n\n<div class=\"wp-block-image\"><figure class=\"aligncenter size-large\"><a href=\"http:\/\/www.ferrarimaquinas.com.br\/\"><img loading=\"lazy\" decoding=\"async\" width=\"300\" height=\"250\" src=\"https:\/\/jornalfatosenoticias.com.br\/wp-content\/uploads\/2022\/02\/FERRARI_MAQUINAS-E-FERRAMENTAS2.jpg\" alt=\"\" class=\"wp-image-27860\"\/><\/a><\/figure><\/div>\n\n\n\n<p>Liderar n\u00e3o \u00e9 sempre chegar em primeiro lugar; \u00e9 chegar quando todas as condi\u00e7\u00f5es se tornam favor\u00e1veis para o resultado de excel\u00eancia. A capacidade de distinguir entre esses dois momentos \u00e9 a verdadeira marca de um grande l\u00edder. \u00c9 a diferen\u00e7a entre uma vit\u00f3ria passageira e um legado que transforma pessoas, mercados e gera\u00e7\u00f5es. E voc\u00ea, como tem equilibrado sua lideran\u00e7a? O que voc\u00ea tem levado mais em considera\u00e7\u00e3o quando lidera uma equipe rumo aos resultados?<\/p>\n\n\n\n<div class=\"wp-block-image\"><figure class=\"aligncenter size-large is-resized\"><a href=\"https:\/\/www.facebook.com\/vetor.vix\/\"><img loading=\"lazy\" decoding=\"async\" src=\"https:\/\/jornalfatosenoticias.com.br\/wp-content\/uploads\/2023\/09\/vetorvix1024_1.jpg\" alt=\"\" class=\"wp-image-44868\" width=\"528\" height=\"140\" srcset=\"https:\/\/jornalfatosenoticias.com.br\/wp-content\/uploads\/2023\/09\/vetorvix1024_1.jpg 1024w, https:\/\/jornalfatosenoticias.com.br\/wp-content\/uploads\/2023\/09\/vetorvix1024_1-300x80.jpg 300w, https:\/\/jornalfatosenoticias.com.br\/wp-content\/uploads\/2023\/09\/vetorvix1024_1-768x205.jpg 768w\" sizes=\"auto, (max-width: 528px) 100vw, 528px\" \/><\/a><\/figure><\/div>\n\n\n\n<p><\/p>\n","protected":false},"excerpt":{"rendered":"<p>Quando fui convidado para ser colunista deste estimado jornal, sempre vislumbrei que meu primeiro texto seria sobre lideran\u00e7a, afinal estou convicto de que n\u00e3o existe bom empreendimento sem um l\u00edder forte. E a\u00ed, naturalmente, lembrei de um aspecto muito importante que um l\u00edder desenvolve: a habilidade em lidar com a press\u00e3o dos resultados. Se \u00e9 [&hellip;]<\/p>\n","protected":false},"author":44,"featured_media":62355,"comment_status":"open","ping_status":"open","sticky":false,"template":"","format":"standard","meta":{"footnotes":""},"categories":[30078],"tags":[2634,28442,370,11159,25830,28443,12822,5664],"class_list":["post-62350","post","type-post","status-publish","format-standard","has-post-thumbnail","hentry","category-carreiras-negocios","tag-capacidade","tag-expertise","tag-habilidade","tag-lideranca","tag-liderar","tag-persistencia","tag-planejamento","tag-resiliencia"],"yoast_head":"<!-- This site is optimized with the Yoast SEO plugin v26.5 - https:\/\/yoast.com\/wordpress\/plugins\/seo\/ -->\n<title>Liderar \u00e9 deixar um caminho, n\u00e3o apenas pegadas - Jornal Fatos e Not\u00edcias<\/title>\n<meta name=\"robots\" content=\"index, follow, max-snippet:-1, max-image-preview:large, max-video-preview:-1\" \/>\n<link rel=\"canonical\" href=\"https:\/\/jornalfatosenoticias.com.br\/index.php\/2025\/10\/02\/liderar-e-deixar-um-caminho-nao-apenas-pegadas\/\" \/>\n<meta property=\"og:locale\" content=\"pt_BR\" \/>\n<meta property=\"og:type\" content=\"article\" \/>\n<meta property=\"og:title\" content=\"Liderar \u00e9 deixar um caminho, n\u00e3o apenas pegadas - Jornal Fatos e Not\u00edcias\" \/>\n<meta property=\"og:description\" content=\"Quando fui convidado para ser colunista deste estimado jornal, sempre vislumbrei que meu primeiro texto seria sobre lideran\u00e7a, afinal estou convicto de que n\u00e3o existe bom empreendimento sem um l\u00edder forte. E a\u00ed, naturalmente, lembrei de um aspecto muito importante que um l\u00edder desenvolve: a habilidade em lidar com a press\u00e3o dos resultados. Se \u00e9 [&hellip;]\" \/>\n<meta property=\"og:url\" content=\"https:\/\/jornalfatosenoticias.com.br\/index.php\/2025\/10\/02\/liderar-e-deixar-um-caminho-nao-apenas-pegadas\/\" \/>\n<meta property=\"og:site_name\" content=\"Jornal Fatos e Not\u00edcias\" \/>\n<meta property=\"article:published_time\" content=\"2025-10-02T19:31:07+00:00\" \/>\n<meta property=\"article:modified_time\" content=\"2026-03-23T13:51:13+00:00\" \/>\n<meta property=\"og:image\" content=\"https:\/\/jornalfatosenoticias.com.br\/wp-content\/uploads\/2025\/10\/lideranca_freepik.jpg\" \/>\n\t<meta property=\"og:image:width\" content=\"1000\" \/>\n\t<meta property=\"og:image:height\" content=\"717\" \/>\n\t<meta property=\"og:image:type\" content=\"image\/jpeg\" \/>\n<meta name=\"author\" content=\"Francisco Neto\" \/>\n<meta name=\"twitter:card\" content=\"summary_large_image\" \/>\n<meta name=\"twitter:label1\" content=\"Escrito por\" \/>\n\t<meta name=\"twitter:data1\" content=\"Francisco Neto\" \/>\n\t<meta name=\"twitter:label2\" content=\"Est. tempo de leitura\" \/>\n\t<meta name=\"twitter:data2\" content=\"6 minutos\" \/>\n<script type=\"application\/ld+json\" class=\"yoast-schema-graph\">{\"@context\":\"https:\/\/schema.org\",\"@graph\":[{\"@type\":\"Article\",\"@id\":\"https:\/\/jornalfatosenoticias.com.br\/index.php\/2025\/10\/02\/liderar-e-deixar-um-caminho-nao-apenas-pegadas\/#article\",\"isPartOf\":{\"@id\":\"https:\/\/jornalfatosenoticias.com.br\/index.php\/2025\/10\/02\/liderar-e-deixar-um-caminho-nao-apenas-pegadas\/\"},\"author\":{\"name\":\"Francisco Neto\",\"@id\":\"https:\/\/jornalfatosenoticias.com.br\/#\/schema\/person\/d3d464ddbcaf3c3ddfb099ca10ab2cc6\"},\"headline\":\"Liderar \u00e9 deixar um caminho, n\u00e3o apenas pegadas\",\"datePublished\":\"2025-10-02T19:31:07+00:00\",\"dateModified\":\"2026-03-23T13:51:13+00:00\",\"mainEntityOfPage\":{\"@id\":\"https:\/\/jornalfatosenoticias.com.br\/index.php\/2025\/10\/02\/liderar-e-deixar-um-caminho-nao-apenas-pegadas\/\"},\"wordCount\":840,\"commentCount\":0,\"publisher\":{\"@id\":\"https:\/\/jornalfatosenoticias.com.br\/#organization\"},\"image\":{\"@id\":\"https:\/\/jornalfatosenoticias.com.br\/index.php\/2025\/10\/02\/liderar-e-deixar-um-caminho-nao-apenas-pegadas\/#primaryimage\"},\"thumbnailUrl\":\"https:\/\/jornalfatosenoticias.com.br\/wp-content\/uploads\/2025\/10\/lideranca_freepik.jpg\",\"keywords\":[\"capacidade\",\"expertise\",\"habilidade\",\"lideran\u00e7a\",\"liderar\",\"persist\u00eancia\",\"planejamento\",\"resili\u00eancia\"],\"articleSection\":[\"Carreiras &amp; Neg\u00f3cios\"],\"inLanguage\":\"pt-BR\",\"potentialAction\":[{\"@type\":\"CommentAction\",\"name\":\"Comment\",\"target\":[\"https:\/\/jornalfatosenoticias.com.br\/index.php\/2025\/10\/02\/liderar-e-deixar-um-caminho-nao-apenas-pegadas\/#respond\"]}]},{\"@type\":\"WebPage\",\"@id\":\"https:\/\/jornalfatosenoticias.com.br\/index.php\/2025\/10\/02\/liderar-e-deixar-um-caminho-nao-apenas-pegadas\/\",\"url\":\"https:\/\/jornalfatosenoticias.com.br\/index.php\/2025\/10\/02\/liderar-e-deixar-um-caminho-nao-apenas-pegadas\/\",\"name\":\"Liderar \u00e9 deixar um caminho, n\u00e3o apenas pegadas - Jornal Fatos e Not\u00edcias\",\"isPartOf\":{\"@id\":\"https:\/\/jornalfatosenoticias.com.br\/#website\"},\"primaryImageOfPage\":{\"@id\":\"https:\/\/jornalfatosenoticias.com.br\/index.php\/2025\/10\/02\/liderar-e-deixar-um-caminho-nao-apenas-pegadas\/#primaryimage\"},\"image\":{\"@id\":\"https:\/\/jornalfatosenoticias.com.br\/index.php\/2025\/10\/02\/liderar-e-deixar-um-caminho-nao-apenas-pegadas\/#primaryimage\"},\"thumbnailUrl\":\"https:\/\/jornalfatosenoticias.com.br\/wp-content\/uploads\/2025\/10\/lideranca_freepik.jpg\",\"datePublished\":\"2025-10-02T19:31:07+00:00\",\"dateModified\":\"2026-03-23T13:51:13+00:00\",\"breadcrumb\":{\"@id\":\"https:\/\/jornalfatosenoticias.com.br\/index.php\/2025\/10\/02\/liderar-e-deixar-um-caminho-nao-apenas-pegadas\/#breadcrumb\"},\"inLanguage\":\"pt-BR\",\"potentialAction\":[{\"@type\":\"ReadAction\",\"target\":[\"https:\/\/jornalfatosenoticias.com.br\/index.php\/2025\/10\/02\/liderar-e-deixar-um-caminho-nao-apenas-pegadas\/\"]}]},{\"@type\":\"ImageObject\",\"inLanguage\":\"pt-BR\",\"@id\":\"https:\/\/jornalfatosenoticias.com.br\/index.php\/2025\/10\/02\/liderar-e-deixar-um-caminho-nao-apenas-pegadas\/#primaryimage\",\"url\":\"https:\/\/jornalfatosenoticias.com.br\/wp-content\/uploads\/2025\/10\/lideranca_freepik.jpg\",\"contentUrl\":\"https:\/\/jornalfatosenoticias.com.br\/wp-content\/uploads\/2025\/10\/lideranca_freepik.jpg\",\"width\":1000,\"height\":717,\"caption\":\"Leader Authority Boss Coach Director Manager Concept\"},{\"@type\":\"BreadcrumbList\",\"@id\":\"https:\/\/jornalfatosenoticias.com.br\/index.php\/2025\/10\/02\/liderar-e-deixar-um-caminho-nao-apenas-pegadas\/#breadcrumb\",\"itemListElement\":[{\"@type\":\"ListItem\",\"position\":1,\"name\":\"In\u00edcio\",\"item\":\"https:\/\/jornalfatosenoticias.com.br\/\"},{\"@type\":\"ListItem\",\"position\":2,\"name\":\"Liderar \u00e9 deixar um caminho, n\u00e3o apenas pegadas\"}]},{\"@type\":\"WebSite\",\"@id\":\"https:\/\/jornalfatosenoticias.com.br\/#website\",\"url\":\"https:\/\/jornalfatosenoticias.com.br\/\",\"name\":\"Jornal Fatos e Not\u00edcias\",\"description\":\"Not\u00edcias em geral\",\"publisher\":{\"@id\":\"https:\/\/jornalfatosenoticias.com.br\/#organization\"},\"potentialAction\":[{\"@type\":\"SearchAction\",\"target\":{\"@type\":\"EntryPoint\",\"urlTemplate\":\"https:\/\/jornalfatosenoticias.com.br\/?s={search_term_string}\"},\"query-input\":{\"@type\":\"PropertyValueSpecification\",\"valueRequired\":true,\"valueName\":\"search_term_string\"}}],\"inLanguage\":\"pt-BR\"},{\"@type\":\"Organization\",\"@id\":\"https:\/\/jornalfatosenoticias.com.br\/#organization\",\"name\":\"Jornal Fatos e Not\u00edcias\",\"url\":\"https:\/\/jornalfatosenoticias.com.br\/\",\"logo\":{\"@type\":\"ImageObject\",\"inLanguage\":\"pt-BR\",\"@id\":\"https:\/\/jornalfatosenoticias.com.br\/#\/schema\/logo\/image\/\",\"url\":\"https:\/\/jornalfatosenoticias.com.br\/wp-content\/uploads\/2020\/02\/logo120.png\",\"contentUrl\":\"https:\/\/jornalfatosenoticias.com.br\/wp-content\/uploads\/2020\/02\/logo120.png\",\"width\":1227,\"height\":120,\"caption\":\"Jornal Fatos e Not\u00edcias\"},\"image\":{\"@id\":\"https:\/\/jornalfatosenoticias.com.br\/#\/schema\/logo\/image\/\"}},{\"@type\":\"Person\",\"@id\":\"https:\/\/jornalfatosenoticias.com.br\/#\/schema\/person\/d3d464ddbcaf3c3ddfb099ca10ab2cc6\",\"name\":\"Francisco Neto\",\"image\":{\"@type\":\"ImageObject\",\"inLanguage\":\"pt-BR\",\"@id\":\"https:\/\/jornalfatosenoticias.com.br\/#\/schema\/person\/image\/\",\"url\":\"https:\/\/jornalfatosenoticias.com.br\/wp-content\/uploads\/2025\/10\/Francisco.jpeg\",\"contentUrl\":\"https:\/\/jornalfatosenoticias.com.br\/wp-content\/uploads\/2025\/10\/Francisco.jpeg\",\"caption\":\"Francisco Neto\"},\"description\":\"Engenheiro eletricista da Conexa Engenharia Transformo solu\u00e7\u00f5es inteligentes em energia, efici\u00eancia e seguran\u00e7a. Instagram: @sou.conexa\",\"url\":\"https:\/\/jornalfatosenoticias.com.br\/index.php\/author\/francisco-neto\/\"}]}<\/script>\n<!-- \/ Yoast SEO plugin. -->","yoast_head_json":{"title":"Liderar \u00e9 deixar um caminho, n\u00e3o apenas pegadas - Jornal Fatos e Not\u00edcias","robots":{"index":"index","follow":"follow","max-snippet":"max-snippet:-1","max-image-preview":"max-image-preview:large","max-video-preview":"max-video-preview:-1"},"canonical":"https:\/\/jornalfatosenoticias.com.br\/index.php\/2025\/10\/02\/liderar-e-deixar-um-caminho-nao-apenas-pegadas\/","og_locale":"pt_BR","og_type":"article","og_title":"Liderar \u00e9 deixar um caminho, n\u00e3o apenas pegadas - Jornal Fatos e Not\u00edcias","og_description":"Quando fui convidado para ser colunista deste estimado jornal, sempre vislumbrei que meu primeiro texto seria sobre lideran\u00e7a, afinal estou convicto de que n\u00e3o existe bom empreendimento sem um l\u00edder forte. E a\u00ed, naturalmente, lembrei de um aspecto muito importante que um l\u00edder desenvolve: a habilidade em lidar com a press\u00e3o dos resultados. Se \u00e9 [&hellip;]","og_url":"https:\/\/jornalfatosenoticias.com.br\/index.php\/2025\/10\/02\/liderar-e-deixar-um-caminho-nao-apenas-pegadas\/","og_site_name":"Jornal Fatos e Not\u00edcias","article_published_time":"2025-10-02T19:31:07+00:00","article_modified_time":"2026-03-23T13:51:13+00:00","og_image":[{"width":1000,"height":717,"url":"https:\/\/jornalfatosenoticias.com.br\/wp-content\/uploads\/2025\/10\/lideranca_freepik.jpg","type":"image\/jpeg"}],"author":"Francisco Neto","twitter_card":"summary_large_image","twitter_misc":{"Escrito por":"Francisco Neto","Est. tempo de leitura":"6 minutos"},"schema":{"@context":"https:\/\/schema.org","@graph":[{"@type":"Article","@id":"https:\/\/jornalfatosenoticias.com.br\/index.php\/2025\/10\/02\/liderar-e-deixar-um-caminho-nao-apenas-pegadas\/#article","isPartOf":{"@id":"https:\/\/jornalfatosenoticias.com.br\/index.php\/2025\/10\/02\/liderar-e-deixar-um-caminho-nao-apenas-pegadas\/"},"author":{"name":"Francisco Neto","@id":"https:\/\/jornalfatosenoticias.com.br\/#\/schema\/person\/d3d464ddbcaf3c3ddfb099ca10ab2cc6"},"headline":"Liderar \u00e9 deixar um caminho, n\u00e3o apenas pegadas","datePublished":"2025-10-02T19:31:07+00:00","dateModified":"2026-03-23T13:51:13+00:00","mainEntityOfPage":{"@id":"https:\/\/jornalfatosenoticias.com.br\/index.php\/2025\/10\/02\/liderar-e-deixar-um-caminho-nao-apenas-pegadas\/"},"wordCount":840,"commentCount":0,"publisher":{"@id":"https:\/\/jornalfatosenoticias.com.br\/#organization"},"image":{"@id":"https:\/\/jornalfatosenoticias.com.br\/index.php\/2025\/10\/02\/liderar-e-deixar-um-caminho-nao-apenas-pegadas\/#primaryimage"},"thumbnailUrl":"https:\/\/jornalfatosenoticias.com.br\/wp-content\/uploads\/2025\/10\/lideranca_freepik.jpg","keywords":["capacidade","expertise","habilidade","lideran\u00e7a","liderar","persist\u00eancia","planejamento","resili\u00eancia"],"articleSection":["Carreiras &amp; Neg\u00f3cios"],"inLanguage":"pt-BR","potentialAction":[{"@type":"CommentAction","name":"Comment","target":["https:\/\/jornalfatosenoticias.com.br\/index.php\/2025\/10\/02\/liderar-e-deixar-um-caminho-nao-apenas-pegadas\/#respond"]}]},{"@type":"WebPage","@id":"https:\/\/jornalfatosenoticias.com.br\/index.php\/2025\/10\/02\/liderar-e-deixar-um-caminho-nao-apenas-pegadas\/","url":"https:\/\/jornalfatosenoticias.com.br\/index.php\/2025\/10\/02\/liderar-e-deixar-um-caminho-nao-apenas-pegadas\/","name":"Liderar \u00e9 deixar um caminho, n\u00e3o apenas pegadas - Jornal Fatos e Not\u00edcias","isPartOf":{"@id":"https:\/\/jornalfatosenoticias.com.br\/#website"},"primaryImageOfPage":{"@id":"https:\/\/jornalfatosenoticias.com.br\/index.php\/2025\/10\/02\/liderar-e-deixar-um-caminho-nao-apenas-pegadas\/#primaryimage"},"image":{"@id":"https:\/\/jornalfatosenoticias.com.br\/index.php\/2025\/10\/02\/liderar-e-deixar-um-caminho-nao-apenas-pegadas\/#primaryimage"},"thumbnailUrl":"https:\/\/jornalfatosenoticias.com.br\/wp-content\/uploads\/2025\/10\/lideranca_freepik.jpg","datePublished":"2025-10-02T19:31:07+00:00","dateModified":"2026-03-23T13:51:13+00:00","breadcrumb":{"@id":"https:\/\/jornalfatosenoticias.com.br\/index.php\/2025\/10\/02\/liderar-e-deixar-um-caminho-nao-apenas-pegadas\/#breadcrumb"},"inLanguage":"pt-BR","potentialAction":[{"@type":"ReadAction","target":["https:\/\/jornalfatosenoticias.com.br\/index.php\/2025\/10\/02\/liderar-e-deixar-um-caminho-nao-apenas-pegadas\/"]}]},{"@type":"ImageObject","inLanguage":"pt-BR","@id":"https:\/\/jornalfatosenoticias.com.br\/index.php\/2025\/10\/02\/liderar-e-deixar-um-caminho-nao-apenas-pegadas\/#primaryimage","url":"https:\/\/jornalfatosenoticias.com.br\/wp-content\/uploads\/2025\/10\/lideranca_freepik.jpg","contentUrl":"https:\/\/jornalfatosenoticias.com.br\/wp-content\/uploads\/2025\/10\/lideranca_freepik.jpg","width":1000,"height":717,"caption":"Leader Authority Boss Coach Director Manager Concept"},{"@type":"BreadcrumbList","@id":"https:\/\/jornalfatosenoticias.com.br\/index.php\/2025\/10\/02\/liderar-e-deixar-um-caminho-nao-apenas-pegadas\/#breadcrumb","itemListElement":[{"@type":"ListItem","position":1,"name":"In\u00edcio","item":"https:\/\/jornalfatosenoticias.com.br\/"},{"@type":"ListItem","position":2,"name":"Liderar \u00e9 deixar um caminho, n\u00e3o apenas pegadas"}]},{"@type":"WebSite","@id":"https:\/\/jornalfatosenoticias.com.br\/#website","url":"https:\/\/jornalfatosenoticias.com.br\/","name":"Jornal Fatos e Not\u00edcias","description":"Not\u00edcias em geral","publisher":{"@id":"https:\/\/jornalfatosenoticias.com.br\/#organization"},"potentialAction":[{"@type":"SearchAction","target":{"@type":"EntryPoint","urlTemplate":"https:\/\/jornalfatosenoticias.com.br\/?s={search_term_string}"},"query-input":{"@type":"PropertyValueSpecification","valueRequired":true,"valueName":"search_term_string"}}],"inLanguage":"pt-BR"},{"@type":"Organization","@id":"https:\/\/jornalfatosenoticias.com.br\/#organization","name":"Jornal Fatos e Not\u00edcias","url":"https:\/\/jornalfatosenoticias.com.br\/","logo":{"@type":"ImageObject","inLanguage":"pt-BR","@id":"https:\/\/jornalfatosenoticias.com.br\/#\/schema\/logo\/image\/","url":"https:\/\/jornalfatosenoticias.com.br\/wp-content\/uploads\/2020\/02\/logo120.png","contentUrl":"https:\/\/jornalfatosenoticias.com.br\/wp-content\/uploads\/2020\/02\/logo120.png","width":1227,"height":120,"caption":"Jornal Fatos e Not\u00edcias"},"image":{"@id":"https:\/\/jornalfatosenoticias.com.br\/#\/schema\/logo\/image\/"}},{"@type":"Person","@id":"https:\/\/jornalfatosenoticias.com.br\/#\/schema\/person\/d3d464ddbcaf3c3ddfb099ca10ab2cc6","name":"Francisco Neto","image":{"@type":"ImageObject","inLanguage":"pt-BR","@id":"https:\/\/jornalfatosenoticias.com.br\/#\/schema\/person\/image\/","url":"https:\/\/jornalfatosenoticias.com.br\/wp-content\/uploads\/2025\/10\/Francisco.jpeg","contentUrl":"https:\/\/jornalfatosenoticias.com.br\/wp-content\/uploads\/2025\/10\/Francisco.jpeg","caption":"Francisco Neto"},"description":"Engenheiro eletricista da Conexa Engenharia Transformo solu\u00e7\u00f5es inteligentes em energia, efici\u00eancia e seguran\u00e7a. Instagram: @sou.conexa","url":"https:\/\/jornalfatosenoticias.com.br\/index.php\/author\/francisco-neto\/"}]}},"cc_featured_image_caption":{"caption_text":"(Foto: Freepik)","source_text":"","source_url":""},"jetpack_featured_media_url":"https:\/\/jornalfatosenoticias.com.br\/wp-content\/uploads\/2025\/10\/lideranca_freepik.jpg","_links":{"self":[{"href":"https:\/\/jornalfatosenoticias.com.br\/index.php\/wp-json\/wp\/v2\/posts\/62350","targetHints":{"allow":["GET"]}}],"collection":[{"href":"https:\/\/jornalfatosenoticias.com.br\/index.php\/wp-json\/wp\/v2\/posts"}],"about":[{"href":"https:\/\/jornalfatosenoticias.com.br\/index.php\/wp-json\/wp\/v2\/types\/post"}],"author":[{"embeddable":true,"href":"https:\/\/jornalfatosenoticias.com.br\/index.php\/wp-json\/wp\/v2\/users\/44"}],"replies":[{"embeddable":true,"href":"https:\/\/jornalfatosenoticias.com.br\/index.php\/wp-json\/wp\/v2\/comments?post=62350"}],"version-history":[{"count":1,"href":"https:\/\/jornalfatosenoticias.com.br\/index.php\/wp-json\/wp\/v2\/posts\/62350\/revisions"}],"predecessor-version":[{"id":66143,"href":"https:\/\/jornalfatosenoticias.com.br\/index.php\/wp-json\/wp\/v2\/posts\/62350\/revisions\/66143"}],"wp:featuredmedia":[{"embeddable":true,"href":"https:\/\/jornalfatosenoticias.com.br\/index.php\/wp-json\/wp\/v2\/media\/62355"}],"wp:attachment":[{"href":"https:\/\/jornalfatosenoticias.com.br\/index.php\/wp-json\/wp\/v2\/media?parent=62350"}],"wp:term":[{"taxonomy":"category","embeddable":true,"href":"https:\/\/jornalfatosenoticias.com.br\/index.php\/wp-json\/wp\/v2\/categories?post=62350"},{"taxonomy":"post_tag","embeddable":true,"href":"https:\/\/jornalfatosenoticias.com.br\/index.php\/wp-json\/wp\/v2\/tags?post=62350"}],"curies":[{"name":"wp","href":"https:\/\/api.w.org\/{rel}","templated":true}]}}