{"id":6236,"date":"2020-07-08T09:34:12","date_gmt":"2020-07-08T12:34:12","guid":{"rendered":"https:\/\/jornalfatosenoticias.com.br\/?p=6236"},"modified":"2020-07-08T09:34:20","modified_gmt":"2020-07-08T12:34:20","slug":"campo-magnetico-da-terra-pode-mudar-mais-rapido-do-que-se-imagina","status":"publish","type":"post","link":"https:\/\/jornalfatosenoticias.com.br\/index.php\/2020\/07\/08\/campo-magnetico-da-terra-pode-mudar-mais-rapido-do-que-se-imagina\/","title":{"rendered":"Campo magn\u00e9tico da Terra pode mudar mais r\u00e1pido do que se imagina"},"content":{"rendered":"\n<h6 class=\"wp-block-heading\"><em>Estudo aponta que altera\u00e7\u00e3o ocorre 10 vezes mais r\u00e1pido do que se acreditava e est\u00e1 associada ao enfraquecimento local do campo magn\u00e9tico<\/em><\/h6>\n\n\n\n<p>A Terra tem um n\u00facleo formado por ferro e n\u00edquel que est\u00e1 h\u00e1 2800 quil\u00f4metros abaixo da superf\u00edcie. Devido \u00e0 rota\u00e7\u00e3o do planeta, essas subst\u00e2ncias est\u00e3o em constante movimento e criam correntes el\u00e9tricas, formando um campo magn\u00e9tico. Al\u00e9m de ajudar a guiar os sistemas de navega\u00e7\u00e3o (como a b\u00fassola e o GPS), esse fen\u00f4meno protege a Terra contra part\u00edculas emitidas pelo Sol e mant\u00e9m a atmosfera no lugar.<br>Pensando na import\u00e2ncia desse sistema, pesquisadores da Universidade de Leeds, na Inglaterra, e da Universidade da Calif\u00f3rnia, nos Estados Unidos, simularam, por meio de computadores, o comportamento do n\u00facleo do planeta durante os \u00faltimos 100 mil anos para mostrar sua influ\u00eancia sobre o campo magn\u00e9tico.<br>O estudo, publicado na segunda-feira (6) na revista cient\u00edfica Nature Communications, revela que as mudan\u00e7as na dire\u00e7\u00e3o do campo magn\u00e9tico podem ocorrer at\u00e9 10 vezes mais r\u00e1pido do que se acreditava, atingindo at\u00e9 um grau por ano. Segundo os cientistas, isso ocorre devido a um enfraquecimento local da for\u00e7a do campo magn\u00e9tico.<br>Essas altera\u00e7\u00f5es geralmente acontecem quando o campo magn\u00e9tico inverte a polaridade ou quando o eixo dipolo \u2014 linhas do campo magn\u00e9tico que emergem de um polo e convergem no outro \u2014 se afasta dos polos Norte e Sul. O exemplo mais claro identificado na pesquisa foi uma mudan\u00e7a acentuada de aproximadamente 2,5 graus por ano, 39 mil anos atr\u00e1s.<br>O autor do artigo, Chris Davies, afirmou, em comunicado, que ainda h\u00e1 pouco conhecimento sobre o assunto em per\u00edodos anteriores h\u00e1 400 anos, mas essas informa\u00e7\u00f5es s\u00e3o importantes para entender o funcionamento do n\u00facleo do planeta.<br>J\u00e1 Catherine Constable, coautora da pesquisa, explica que estudos mais aprofundados ainda s\u00e3o necess\u00e1rios. &#8220;Eles podem oferecer uma estrat\u00e9gia \u00fatil para documentar como mudan\u00e7as t\u00e3o r\u00e1pidas ocorrem e se elas tamb\u00e9m s\u00e3o encontradas durante per\u00edodos de polaridade magn\u00e9tica est\u00e1vel como o que estamos experimentando hoje&#8221;, afirma Constable.<\/p>\n\n\n\n<p><strong><em>Fonte: <a href=\"https:\/\/revistagalileu.globo.com\/Ciencia\/noticia\/2020\/07\/campo-magnetico-da-terra-pode-mudar-mais-rapido-do-que-se-imagina.html\">Revista Galileu<\/a><\/em><\/strong><\/p>\n","protected":false},"excerpt":{"rendered":"<p>Estudo aponta que altera\u00e7\u00e3o ocorre 10 vezes mais r\u00e1pido do que se acreditava e est\u00e1 associada ao enfraquecimento local do campo magn\u00e9tico A Terra tem um n\u00facleo formado por ferro e n\u00edquel que est\u00e1 h\u00e1 2800 quil\u00f4metros abaixo da superf\u00edcie. Devido \u00e0 rota\u00e7\u00e3o do planeta, essas subst\u00e2ncias est\u00e3o em constante movimento e criam correntes el\u00e9tricas, [&hellip;]<\/p>\n","protected":false},"author":2,"featured_media":6237,"comment_status":"open","ping_status":"open","sticky":false,"template":"","format":"standard","meta":{"footnotes":""},"categories":[2],"tags":[427,2598,165,466,94],"class_list":["post-6236","post","type-post","status-publish","format-standard","has-post-thumbnail","hentry","category-ciencia","tag-atmosfera","tag-campo-magnetico","tag-planeta","tag-sol","tag-terra"],"yoast_head":"<!-- This site is optimized with the Yoast SEO plugin v26.5 - https:\/\/yoast.com\/wordpress\/plugins\/seo\/ -->\n<title>Campo magn\u00e9tico da Terra pode mudar mais r\u00e1pido do que se imagina - Jornal Fatos e Not\u00edcias<\/title>\n<meta name=\"robots\" content=\"index, follow, max-snippet:-1, max-image-preview:large, max-video-preview:-1\" \/>\n<link rel=\"canonical\" href=\"https:\/\/jornalfatosenoticias.com.br\/index.php\/2020\/07\/08\/campo-magnetico-da-terra-pode-mudar-mais-rapido-do-que-se-imagina\/\" \/>\n<meta property=\"og:locale\" content=\"pt_BR\" \/>\n<meta property=\"og:type\" content=\"article\" \/>\n<meta property=\"og:title\" content=\"Campo magn\u00e9tico da Terra pode mudar mais r\u00e1pido do que se imagina - Jornal Fatos e Not\u00edcias\" \/>\n<meta property=\"og:description\" content=\"Estudo aponta que altera\u00e7\u00e3o ocorre 10 vezes mais r\u00e1pido do que se acreditava e est\u00e1 associada ao enfraquecimento local do campo magn\u00e9tico A Terra tem um n\u00facleo formado por ferro e n\u00edquel que est\u00e1 h\u00e1 2800 quil\u00f4metros abaixo da superf\u00edcie. Devido \u00e0 rota\u00e7\u00e3o do planeta, essas subst\u00e2ncias est\u00e3o em constante movimento e criam correntes el\u00e9tricas, [&hellip;]\" \/>\n<meta property=\"og:url\" content=\"https:\/\/jornalfatosenoticias.com.br\/index.php\/2020\/07\/08\/campo-magnetico-da-terra-pode-mudar-mais-rapido-do-que-se-imagina\/\" \/>\n<meta property=\"og:site_name\" content=\"Jornal Fatos e Not\u00edcias\" \/>\n<meta property=\"article:published_time\" content=\"2020-07-08T12:34:12+00:00\" \/>\n<meta property=\"article:modified_time\" content=\"2020-07-08T12:34:20+00:00\" \/>\n<meta property=\"og:image\" content=\"https:\/\/jornalfatosenoticias.com.br\/wp-content\/uploads\/2020\/07\/aurora-photo.jpg\" \/>\n\t<meta property=\"og:image:width\" content=\"1000\" \/>\n\t<meta property=\"og:image:height\" content=\"562\" \/>\n\t<meta property=\"og:image:type\" content=\"image\/jpeg\" \/>\n<meta name=\"author\" content=\"Luzimara Fernandes\" \/>\n<meta name=\"twitter:card\" content=\"summary_large_image\" \/>\n<meta name=\"twitter:label1\" content=\"Escrito por\" \/>\n\t<meta name=\"twitter:data1\" content=\"Luzimara Fernandes\" \/>\n\t<meta name=\"twitter:label2\" content=\"Est. tempo de leitura\" \/>\n\t<meta name=\"twitter:data2\" content=\"2 minutos\" \/>\n<script type=\"application\/ld+json\" class=\"yoast-schema-graph\">{\"@context\":\"https:\/\/schema.org\",\"@graph\":[{\"@type\":\"Article\",\"@id\":\"https:\/\/jornalfatosenoticias.com.br\/index.php\/2020\/07\/08\/campo-magnetico-da-terra-pode-mudar-mais-rapido-do-que-se-imagina\/#article\",\"isPartOf\":{\"@id\":\"https:\/\/jornalfatosenoticias.com.br\/index.php\/2020\/07\/08\/campo-magnetico-da-terra-pode-mudar-mais-rapido-do-que-se-imagina\/\"},\"author\":{\"name\":\"Luzimara Fernandes\",\"@id\":\"https:\/\/jornalfatosenoticias.com.br\/#\/schema\/person\/d63837fa13ac8666eb9e74e0985d6f81\"},\"headline\":\"Campo magn\u00e9tico da Terra pode mudar mais r\u00e1pido do que se imagina\",\"datePublished\":\"2020-07-08T12:34:12+00:00\",\"dateModified\":\"2020-07-08T12:34:20+00:00\",\"mainEntityOfPage\":{\"@id\":\"https:\/\/jornalfatosenoticias.com.br\/index.php\/2020\/07\/08\/campo-magnetico-da-terra-pode-mudar-mais-rapido-do-que-se-imagina\/\"},\"wordCount\":385,\"commentCount\":0,\"publisher\":{\"@id\":\"https:\/\/jornalfatosenoticias.com.br\/#organization\"},\"image\":{\"@id\":\"https:\/\/jornalfatosenoticias.com.br\/index.php\/2020\/07\/08\/campo-magnetico-da-terra-pode-mudar-mais-rapido-do-que-se-imagina\/#primaryimage\"},\"thumbnailUrl\":\"https:\/\/jornalfatosenoticias.com.br\/wp-content\/uploads\/2020\/07\/aurora-photo.jpg\",\"keywords\":[\"atmosfera\",\"campo magn\u00e9tico\",\"planeta\",\"Sol\",\"Terra\"],\"articleSection\":[\"Ci\u00eancia\"],\"inLanguage\":\"pt-BR\",\"potentialAction\":[{\"@type\":\"CommentAction\",\"name\":\"Comment\",\"target\":[\"https:\/\/jornalfatosenoticias.com.br\/index.php\/2020\/07\/08\/campo-magnetico-da-terra-pode-mudar-mais-rapido-do-que-se-imagina\/#respond\"]}]},{\"@type\":\"WebPage\",\"@id\":\"https:\/\/jornalfatosenoticias.com.br\/index.php\/2020\/07\/08\/campo-magnetico-da-terra-pode-mudar-mais-rapido-do-que-se-imagina\/\",\"url\":\"https:\/\/jornalfatosenoticias.com.br\/index.php\/2020\/07\/08\/campo-magnetico-da-terra-pode-mudar-mais-rapido-do-que-se-imagina\/\",\"name\":\"Campo magn\u00e9tico da Terra pode mudar mais r\u00e1pido do que se imagina - Jornal Fatos e Not\u00edcias\",\"isPartOf\":{\"@id\":\"https:\/\/jornalfatosenoticias.com.br\/#website\"},\"primaryImageOfPage\":{\"@id\":\"https:\/\/jornalfatosenoticias.com.br\/index.php\/2020\/07\/08\/campo-magnetico-da-terra-pode-mudar-mais-rapido-do-que-se-imagina\/#primaryimage\"},\"image\":{\"@id\":\"https:\/\/jornalfatosenoticias.com.br\/index.php\/2020\/07\/08\/campo-magnetico-da-terra-pode-mudar-mais-rapido-do-que-se-imagina\/#primaryimage\"},\"thumbnailUrl\":\"https:\/\/jornalfatosenoticias.com.br\/wp-content\/uploads\/2020\/07\/aurora-photo.jpg\",\"datePublished\":\"2020-07-08T12:34:12+00:00\",\"dateModified\":\"2020-07-08T12:34:20+00:00\",\"breadcrumb\":{\"@id\":\"https:\/\/jornalfatosenoticias.com.br\/index.php\/2020\/07\/08\/campo-magnetico-da-terra-pode-mudar-mais-rapido-do-que-se-imagina\/#breadcrumb\"},\"inLanguage\":\"pt-BR\",\"potentialAction\":[{\"@type\":\"ReadAction\",\"target\":[\"https:\/\/jornalfatosenoticias.com.br\/index.php\/2020\/07\/08\/campo-magnetico-da-terra-pode-mudar-mais-rapido-do-que-se-imagina\/\"]}]},{\"@type\":\"ImageObject\",\"inLanguage\":\"pt-BR\",\"@id\":\"https:\/\/jornalfatosenoticias.com.br\/index.php\/2020\/07\/08\/campo-magnetico-da-terra-pode-mudar-mais-rapido-do-que-se-imagina\/#primaryimage\",\"url\":\"https:\/\/jornalfatosenoticias.com.br\/wp-content\/uploads\/2020\/07\/aurora-photo.jpg\",\"contentUrl\":\"https:\/\/jornalfatosenoticias.com.br\/wp-content\/uploads\/2020\/07\/aurora-photo.jpg\",\"width\":1000,\"height\":562},{\"@type\":\"BreadcrumbList\",\"@id\":\"https:\/\/jornalfatosenoticias.com.br\/index.php\/2020\/07\/08\/campo-magnetico-da-terra-pode-mudar-mais-rapido-do-que-se-imagina\/#breadcrumb\",\"itemListElement\":[{\"@type\":\"ListItem\",\"position\":1,\"name\":\"In\u00edcio\",\"item\":\"https:\/\/jornalfatosenoticias.com.br\/\"},{\"@type\":\"ListItem\",\"position\":2,\"name\":\"Campo magn\u00e9tico da Terra pode mudar mais r\u00e1pido do que se imagina\"}]},{\"@type\":\"WebSite\",\"@id\":\"https:\/\/jornalfatosenoticias.com.br\/#website\",\"url\":\"https:\/\/jornalfatosenoticias.com.br\/\",\"name\":\"Jornal Fatos e Not\u00edcias\",\"description\":\"Not\u00edcias em geral\",\"publisher\":{\"@id\":\"https:\/\/jornalfatosenoticias.com.br\/#organization\"},\"potentialAction\":[{\"@type\":\"SearchAction\",\"target\":{\"@type\":\"EntryPoint\",\"urlTemplate\":\"https:\/\/jornalfatosenoticias.com.br\/?s={search_term_string}\"},\"query-input\":{\"@type\":\"PropertyValueSpecification\",\"valueRequired\":true,\"valueName\":\"search_term_string\"}}],\"inLanguage\":\"pt-BR\"},{\"@type\":\"Organization\",\"@id\":\"https:\/\/jornalfatosenoticias.com.br\/#organization\",\"name\":\"Jornal Fatos e Not\u00edcias\",\"url\":\"https:\/\/jornalfatosenoticias.com.br\/\",\"logo\":{\"@type\":\"ImageObject\",\"inLanguage\":\"pt-BR\",\"@id\":\"https:\/\/jornalfatosenoticias.com.br\/#\/schema\/logo\/image\/\",\"url\":\"https:\/\/jornalfatosenoticias.com.br\/wp-content\/uploads\/2020\/02\/logo120.png\",\"contentUrl\":\"https:\/\/jornalfatosenoticias.com.br\/wp-content\/uploads\/2020\/02\/logo120.png\",\"width\":1227,\"height\":120,\"caption\":\"Jornal Fatos e Not\u00edcias\"},\"image\":{\"@id\":\"https:\/\/jornalfatosenoticias.com.br\/#\/schema\/logo\/image\/\"}},{\"@type\":\"Person\",\"@id\":\"https:\/\/jornalfatosenoticias.com.br\/#\/schema\/person\/d63837fa13ac8666eb9e74e0985d6f81\",\"name\":\"Luzimara Fernandes\",\"image\":{\"@type\":\"ImageObject\",\"inLanguage\":\"pt-BR\",\"@id\":\"https:\/\/jornalfatosenoticias.com.br\/#\/schema\/person\/image\/\",\"url\":\"https:\/\/jornalfatosenoticias.com.br\/wp-content\/uploads\/2025\/05\/EU_portal.jpg\",\"contentUrl\":\"https:\/\/jornalfatosenoticias.com.br\/wp-content\/uploads\/2025\/05\/EU_portal.jpg\",\"caption\":\"Luzimara Fernandes\"},\"description\":\"Jornalista MTB 2358-ES\",\"sameAs\":[\"https:\/\/jornalfatosenoticias.com.br\"],\"url\":\"https:\/\/jornalfatosenoticias.com.br\/index.php\/author\/luzimara\/\"}]}<\/script>\n<!-- \/ Yoast SEO plugin. -->","yoast_head_json":{"title":"Campo magn\u00e9tico da Terra pode mudar mais r\u00e1pido do que se imagina - Jornal Fatos e Not\u00edcias","robots":{"index":"index","follow":"follow","max-snippet":"max-snippet:-1","max-image-preview":"max-image-preview:large","max-video-preview":"max-video-preview:-1"},"canonical":"https:\/\/jornalfatosenoticias.com.br\/index.php\/2020\/07\/08\/campo-magnetico-da-terra-pode-mudar-mais-rapido-do-que-se-imagina\/","og_locale":"pt_BR","og_type":"article","og_title":"Campo magn\u00e9tico da Terra pode mudar mais r\u00e1pido do que se imagina - Jornal Fatos e Not\u00edcias","og_description":"Estudo aponta que altera\u00e7\u00e3o ocorre 10 vezes mais r\u00e1pido do que se acreditava e est\u00e1 associada ao enfraquecimento local do campo magn\u00e9tico A Terra tem um n\u00facleo formado por ferro e n\u00edquel que est\u00e1 h\u00e1 2800 quil\u00f4metros abaixo da superf\u00edcie. Devido \u00e0 rota\u00e7\u00e3o do planeta, essas subst\u00e2ncias est\u00e3o em constante movimento e criam correntes el\u00e9tricas, [&hellip;]","og_url":"https:\/\/jornalfatosenoticias.com.br\/index.php\/2020\/07\/08\/campo-magnetico-da-terra-pode-mudar-mais-rapido-do-que-se-imagina\/","og_site_name":"Jornal Fatos e Not\u00edcias","article_published_time":"2020-07-08T12:34:12+00:00","article_modified_time":"2020-07-08T12:34:20+00:00","og_image":[{"width":1000,"height":562,"url":"https:\/\/jornalfatosenoticias.com.br\/wp-content\/uploads\/2020\/07\/aurora-photo.jpg","type":"image\/jpeg"}],"author":"Luzimara Fernandes","twitter_card":"summary_large_image","twitter_misc":{"Escrito por":"Luzimara Fernandes","Est. tempo de leitura":"2 minutos"},"schema":{"@context":"https:\/\/schema.org","@graph":[{"@type":"Article","@id":"https:\/\/jornalfatosenoticias.com.br\/index.php\/2020\/07\/08\/campo-magnetico-da-terra-pode-mudar-mais-rapido-do-que-se-imagina\/#article","isPartOf":{"@id":"https:\/\/jornalfatosenoticias.com.br\/index.php\/2020\/07\/08\/campo-magnetico-da-terra-pode-mudar-mais-rapido-do-que-se-imagina\/"},"author":{"name":"Luzimara Fernandes","@id":"https:\/\/jornalfatosenoticias.com.br\/#\/schema\/person\/d63837fa13ac8666eb9e74e0985d6f81"},"headline":"Campo magn\u00e9tico da Terra pode mudar mais r\u00e1pido do que se imagina","datePublished":"2020-07-08T12:34:12+00:00","dateModified":"2020-07-08T12:34:20+00:00","mainEntityOfPage":{"@id":"https:\/\/jornalfatosenoticias.com.br\/index.php\/2020\/07\/08\/campo-magnetico-da-terra-pode-mudar-mais-rapido-do-que-se-imagina\/"},"wordCount":385,"commentCount":0,"publisher":{"@id":"https:\/\/jornalfatosenoticias.com.br\/#organization"},"image":{"@id":"https:\/\/jornalfatosenoticias.com.br\/index.php\/2020\/07\/08\/campo-magnetico-da-terra-pode-mudar-mais-rapido-do-que-se-imagina\/#primaryimage"},"thumbnailUrl":"https:\/\/jornalfatosenoticias.com.br\/wp-content\/uploads\/2020\/07\/aurora-photo.jpg","keywords":["atmosfera","campo magn\u00e9tico","planeta","Sol","Terra"],"articleSection":["Ci\u00eancia"],"inLanguage":"pt-BR","potentialAction":[{"@type":"CommentAction","name":"Comment","target":["https:\/\/jornalfatosenoticias.com.br\/index.php\/2020\/07\/08\/campo-magnetico-da-terra-pode-mudar-mais-rapido-do-que-se-imagina\/#respond"]}]},{"@type":"WebPage","@id":"https:\/\/jornalfatosenoticias.com.br\/index.php\/2020\/07\/08\/campo-magnetico-da-terra-pode-mudar-mais-rapido-do-que-se-imagina\/","url":"https:\/\/jornalfatosenoticias.com.br\/index.php\/2020\/07\/08\/campo-magnetico-da-terra-pode-mudar-mais-rapido-do-que-se-imagina\/","name":"Campo magn\u00e9tico da Terra pode mudar mais r\u00e1pido do que se imagina - Jornal Fatos e Not\u00edcias","isPartOf":{"@id":"https:\/\/jornalfatosenoticias.com.br\/#website"},"primaryImageOfPage":{"@id":"https:\/\/jornalfatosenoticias.com.br\/index.php\/2020\/07\/08\/campo-magnetico-da-terra-pode-mudar-mais-rapido-do-que-se-imagina\/#primaryimage"},"image":{"@id":"https:\/\/jornalfatosenoticias.com.br\/index.php\/2020\/07\/08\/campo-magnetico-da-terra-pode-mudar-mais-rapido-do-que-se-imagina\/#primaryimage"},"thumbnailUrl":"https:\/\/jornalfatosenoticias.com.br\/wp-content\/uploads\/2020\/07\/aurora-photo.jpg","datePublished":"2020-07-08T12:34:12+00:00","dateModified":"2020-07-08T12:34:20+00:00","breadcrumb":{"@id":"https:\/\/jornalfatosenoticias.com.br\/index.php\/2020\/07\/08\/campo-magnetico-da-terra-pode-mudar-mais-rapido-do-que-se-imagina\/#breadcrumb"},"inLanguage":"pt-BR","potentialAction":[{"@type":"ReadAction","target":["https:\/\/jornalfatosenoticias.com.br\/index.php\/2020\/07\/08\/campo-magnetico-da-terra-pode-mudar-mais-rapido-do-que-se-imagina\/"]}]},{"@type":"ImageObject","inLanguage":"pt-BR","@id":"https:\/\/jornalfatosenoticias.com.br\/index.php\/2020\/07\/08\/campo-magnetico-da-terra-pode-mudar-mais-rapido-do-que-se-imagina\/#primaryimage","url":"https:\/\/jornalfatosenoticias.com.br\/wp-content\/uploads\/2020\/07\/aurora-photo.jpg","contentUrl":"https:\/\/jornalfatosenoticias.com.br\/wp-content\/uploads\/2020\/07\/aurora-photo.jpg","width":1000,"height":562},{"@type":"BreadcrumbList","@id":"https:\/\/jornalfatosenoticias.com.br\/index.php\/2020\/07\/08\/campo-magnetico-da-terra-pode-mudar-mais-rapido-do-que-se-imagina\/#breadcrumb","itemListElement":[{"@type":"ListItem","position":1,"name":"In\u00edcio","item":"https:\/\/jornalfatosenoticias.com.br\/"},{"@type":"ListItem","position":2,"name":"Campo magn\u00e9tico da Terra pode mudar mais r\u00e1pido do que se imagina"}]},{"@type":"WebSite","@id":"https:\/\/jornalfatosenoticias.com.br\/#website","url":"https:\/\/jornalfatosenoticias.com.br\/","name":"Jornal Fatos e Not\u00edcias","description":"Not\u00edcias em geral","publisher":{"@id":"https:\/\/jornalfatosenoticias.com.br\/#organization"},"potentialAction":[{"@type":"SearchAction","target":{"@type":"EntryPoint","urlTemplate":"https:\/\/jornalfatosenoticias.com.br\/?s={search_term_string}"},"query-input":{"@type":"PropertyValueSpecification","valueRequired":true,"valueName":"search_term_string"}}],"inLanguage":"pt-BR"},{"@type":"Organization","@id":"https:\/\/jornalfatosenoticias.com.br\/#organization","name":"Jornal Fatos e Not\u00edcias","url":"https:\/\/jornalfatosenoticias.com.br\/","logo":{"@type":"ImageObject","inLanguage":"pt-BR","@id":"https:\/\/jornalfatosenoticias.com.br\/#\/schema\/logo\/image\/","url":"https:\/\/jornalfatosenoticias.com.br\/wp-content\/uploads\/2020\/02\/logo120.png","contentUrl":"https:\/\/jornalfatosenoticias.com.br\/wp-content\/uploads\/2020\/02\/logo120.png","width":1227,"height":120,"caption":"Jornal Fatos e Not\u00edcias"},"image":{"@id":"https:\/\/jornalfatosenoticias.com.br\/#\/schema\/logo\/image\/"}},{"@type":"Person","@id":"https:\/\/jornalfatosenoticias.com.br\/#\/schema\/person\/d63837fa13ac8666eb9e74e0985d6f81","name":"Luzimara Fernandes","image":{"@type":"ImageObject","inLanguage":"pt-BR","@id":"https:\/\/jornalfatosenoticias.com.br\/#\/schema\/person\/image\/","url":"https:\/\/jornalfatosenoticias.com.br\/wp-content\/uploads\/2025\/05\/EU_portal.jpg","contentUrl":"https:\/\/jornalfatosenoticias.com.br\/wp-content\/uploads\/2025\/05\/EU_portal.jpg","caption":"Luzimara Fernandes"},"description":"Jornalista MTB 2358-ES","sameAs":["https:\/\/jornalfatosenoticias.com.br"],"url":"https:\/\/jornalfatosenoticias.com.br\/index.php\/author\/luzimara\/"}]}},"cc_featured_image_caption":{"caption_text":"Campo magn\u00e9tico da Terra (Foto: Nasa)","source_text":"","source_url":""},"jetpack_featured_media_url":"https:\/\/jornalfatosenoticias.com.br\/wp-content\/uploads\/2020\/07\/aurora-photo.jpg","_links":{"self":[{"href":"https:\/\/jornalfatosenoticias.com.br\/index.php\/wp-json\/wp\/v2\/posts\/6236","targetHints":{"allow":["GET"]}}],"collection":[{"href":"https:\/\/jornalfatosenoticias.com.br\/index.php\/wp-json\/wp\/v2\/posts"}],"about":[{"href":"https:\/\/jornalfatosenoticias.com.br\/index.php\/wp-json\/wp\/v2\/types\/post"}],"author":[{"embeddable":true,"href":"https:\/\/jornalfatosenoticias.com.br\/index.php\/wp-json\/wp\/v2\/users\/2"}],"replies":[{"embeddable":true,"href":"https:\/\/jornalfatosenoticias.com.br\/index.php\/wp-json\/wp\/v2\/comments?post=6236"}],"version-history":[{"count":0,"href":"https:\/\/jornalfatosenoticias.com.br\/index.php\/wp-json\/wp\/v2\/posts\/6236\/revisions"}],"wp:featuredmedia":[{"embeddable":true,"href":"https:\/\/jornalfatosenoticias.com.br\/index.php\/wp-json\/wp\/v2\/media\/6237"}],"wp:attachment":[{"href":"https:\/\/jornalfatosenoticias.com.br\/index.php\/wp-json\/wp\/v2\/media?parent=6236"}],"wp:term":[{"taxonomy":"category","embeddable":true,"href":"https:\/\/jornalfatosenoticias.com.br\/index.php\/wp-json\/wp\/v2\/categories?post=6236"},{"taxonomy":"post_tag","embeddable":true,"href":"https:\/\/jornalfatosenoticias.com.br\/index.php\/wp-json\/wp\/v2\/tags?post=6236"}],"curies":[{"name":"wp","href":"https:\/\/api.w.org\/{rel}","templated":true}]}}