{"id":62375,"date":"2025-10-07T15:15:11","date_gmt":"2025-10-07T18:15:11","guid":{"rendered":"https:\/\/jornalfatosenoticias.com.br\/?p=62375"},"modified":"2025-10-07T15:15:13","modified_gmt":"2025-10-07T18:15:13","slug":"misterio-de-380-anos-envolvendo-quadro-de-rembrandt-e-finalmente-resolvido","status":"publish","type":"post","link":"https:\/\/jornalfatosenoticias.com.br\/index.php\/2025\/10\/07\/misterio-de-380-anos-envolvendo-quadro-de-rembrandt-e-finalmente-resolvido\/","title":{"rendered":"Mist\u00e9rio de 380 anos envolvendo quadro de Rembrandt \u00e9 finalmente resolvido"},"content":{"rendered":"\n<p><em><span class=\"has-inline-color has-black-color\">Descoberta de curadora esclarece um antigo enigma que, por s\u00e9culos, intrigou especialistas do per\u00edodo da Idade de Ouro Holandesa<\/span><\/em><\/p>\n\n\n\n<p><span class=\"has-inline-color has-black-color\">Por <strong><a href=\"https:\/\/aventurasnahistoria.com.br\/noticias\/author\/giovanna-gomes\">Giovanna Gomes<\/a><\/strong><\/span><\/p>\n\n\n\n<div class=\"wp-block-image\"><figure class=\"aligncenter size-large is-resized\"><a href=\"https:\/\/www.facebook.com\/vetor.vix\/\"><img loading=\"lazy\" decoding=\"async\" src=\"https:\/\/jornalfatosenoticias.com.br\/wp-content\/uploads\/2023\/09\/vetorvix1024_1.jpg\" alt=\"\" class=\"wp-image-44868\" width=\"554\" height=\"147\" srcset=\"https:\/\/jornalfatosenoticias.com.br\/wp-content\/uploads\/2023\/09\/vetorvix1024_1.jpg 1024w, https:\/\/jornalfatosenoticias.com.br\/wp-content\/uploads\/2023\/09\/vetorvix1024_1-300x80.jpg 300w, https:\/\/jornalfatosenoticias.com.br\/wp-content\/uploads\/2023\/09\/vetorvix1024_1-768x205.jpg 768w\" sizes=\"auto, (max-width: 554px) 100vw, 554px\" \/><\/a><\/figure><\/div>\n\n\n\n<p>Uma curadora do <a href=\"https:\/\/www.rijksmuseum.nl\/en\/visit?msclkid=473e7edfc04a1c3ef1f1160bd7747e80\">Rijksmuseum de Amsterd\u00e3<\/a>\u00a0realizou uma nova descoberta relacionada \u00e0 famosa obra\u00a0<mark>A Ronda Noturna de Rembrandt van Rijn<\/mark>.\u00a0<strong>Anne Lenders<\/strong>\u00a0anunciou nesta ter\u00e7a-feira, 23, que o cachorro que aparece na ic\u00f4nica pintura \u00e9 uma\u00a0<mark>reprodu\u00e7\u00e3o quase id\u00eantica de um c\u00e3o retratado em um desenho<\/mark>\u00a0a caneta e tinta de 1619, feito pelo artista holand\u00eas\u00a0<strong>Adriaen van de Venne<\/strong>.<br>A descoberta, considerada acidental, esclarece um antigo \u201c<mark>enigma canino<\/mark>\u201d que intrigava especialistas do per\u00edodo da Idade de Ouro Holandesa. \u201cEu n\u00e3o estava procurando por isso; foi realmente inesperado\u201d, declarou <strong>Lenders<\/strong> na sala de vidro onde A Ronda Noturna est\u00e1 passando por um processo de restaura\u00e7\u00e3o intensivo.<\/p>\n\n\n\n<div class=\"wp-block-image\"><figure class=\"aligncenter size-large\"><a href=\"https:\/\/www.cesconetto.com.br\/\"><img loading=\"lazy\" decoding=\"async\" width=\"300\" height=\"250\" src=\"https:\/\/jornalfatosenoticias.com.br\/wp-content\/uploads\/2022\/02\/Banner-2.png\" alt=\"\" class=\"wp-image-27877\"\/><\/a><\/figure><\/div>\n\n\n\n<p>A curadora se deparou com uma imagem do c\u00e3o de <strong>Van de Venne<\/strong>\u00a0enquanto visitava uma exposi\u00e7\u00e3o no\u00a0<a href=\"https:\/\/www.zeeuwsmuseum.nl\/nl\">Zeeuws Museum<\/a>, localizado no sul dos Pa\u00edses Baixos. O desenho original, que mais tarde se revelou parte da vasta cole\u00e7\u00e3o do Rijksmuseum, tamb\u00e9m estava em exibi\u00e7\u00e3o. \u201cA semelhan\u00e7a \u00e9 t\u00e3o forte que no primeiro momento pensei que ele (Rembrandt) deveria ter usado isso\u201d, acrescentou, segundo o portal Independent.<\/p>\n\n\n\n<div class=\"wp-block-image\"><figure class=\"aligncenter size-large is-resized\"><a href=\"https:\/\/panper.com.br\/\"><img loading=\"lazy\" decoding=\"async\" src=\"https:\/\/jornalfatosenoticias.com.br\/wp-content\/uploads\/2023\/03\/logo-Panper_portal.jpg\" alt=\"\" class=\"wp-image-40208\" width=\"319\" height=\"221\" srcset=\"https:\/\/jornalfatosenoticias.com.br\/wp-content\/uploads\/2023\/03\/logo-Panper_portal.jpg 400w, https:\/\/jornalfatosenoticias.com.br\/wp-content\/uploads\/2023\/03\/logo-Panper_portal-300x208.jpg 300w\" sizes=\"auto, (max-width: 319px) 100vw, 319px\" \/><\/a><\/figure><\/div>\n\n\n\n<p>Foi a partir desse ponto que Lenders iniciou sua pesquisa, comparando os c\u00e3es das obras de Van de Venne e Rembrandt; observando suas poses e at\u00e9 mesmo as coleiras que usavam. <em>\u201cA cabe\u00e7a se vira exatamente no mesmo \u00e2ngulo com a boca levemente aberta. Ambos os c\u00e3es t\u00eam pelos longos e orelhas que pendem verticalmente\u201d, <\/em>explicou Lenders.<\/p>\n\n\n\n<div class=\"wp-block-image\"><figure class=\"aligncenter size-large is-resized\"><a href=\"https:\/\/hotelmarquetti.com.br\/\"><img loading=\"lazy\" decoding=\"async\" src=\"https:\/\/jornalfatosenoticias.com.br\/wp-content\/uploads\/2020\/02\/LOGO-MQ-1024x680.jpg\" alt=\"\" class=\"wp-image-58299\" width=\"311\" height=\"207\" srcset=\"https:\/\/jornalfatosenoticias.com.br\/wp-content\/uploads\/2020\/02\/LOGO-MQ-1024x680.jpg 1024w, https:\/\/jornalfatosenoticias.com.br\/wp-content\/uploads\/2020\/02\/LOGO-MQ-300x199.jpg 300w, https:\/\/jornalfatosenoticias.com.br\/wp-content\/uploads\/2020\/02\/LOGO-MQ-768x510.jpg 768w, https:\/\/jornalfatosenoticias.com.br\/wp-content\/uploads\/2020\/02\/LOGO-MQ-1536x1020.jpg 1536w, https:\/\/jornalfatosenoticias.com.br\/wp-content\/uploads\/2020\/02\/LOGO-MQ-2048x1360.jpg 2048w\" sizes=\"auto, (max-width: 311px) 100vw, 311px\" \/><\/a><\/figure><\/div>\n\n\n\n<p>No contexto da pintura A Ronda Noturna, o cachorro desempenha um papel importante ao adicionar tens\u00e3o a um canto escuro da composi\u00e7\u00e3o, agachando-se e aparentemente latindo perto de um percussionista chamado Jacob Jorisz, logo atr\u00e1s de um dos personagens principais da pintura de 1642, o tenente Willem van Ruytenburch.<\/p>\n\n\n\n<div class=\"wp-block-image\"><figure class=\"aligncenter size-large is-resized\"><a href=\"https:\/\/www.instagram.com\/serra4x4cambioautomatico\/\"><img loading=\"lazy\" decoding=\"async\" src=\"https:\/\/jornalfatosenoticias.com.br\/wp-content\/uploads\/2024\/08\/Serra-4x4-1-886x1024.jpg\" alt=\"\" class=\"wp-image-53632\" width=\"283\" height=\"327\" srcset=\"https:\/\/jornalfatosenoticias.com.br\/wp-content\/uploads\/2024\/08\/Serra-4x4-1-886x1024.jpg 886w, https:\/\/jornalfatosenoticias.com.br\/wp-content\/uploads\/2024\/08\/Serra-4x4-1-260x300.jpg 260w, https:\/\/jornalfatosenoticias.com.br\/wp-content\/uploads\/2024\/08\/Serra-4x4-1-768x888.jpg 768w, https:\/\/jornalfatosenoticias.com.br\/wp-content\/uploads\/2024\/08\/Serra-4x4-1.jpg 1181w\" sizes=\"auto, (max-width: 283px) 100vw, 283px\" \/><\/a><\/figure><\/div>\n\n\n\n<p>Essa <a href=\"https:\/\/aventurasnahistoria.com.br\/noticias\/almanaque\/cidade-submersa-descoberta-em-cuba-desafia-historia-mas-permanece-ignorada-por-25-anos.phtml\">descoberta<\/a> \u00e9 a mais recente entre v\u00e1rias revela\u00e7\u00f5es obtidas durante um projeto de anos para reexaminar a tela utilizando t\u00e9cnicas modernas. A \u201cOpera\u00e7\u00e3o Ronda Noturna\u201d teve in\u00edcio em 2019 com um estudo abrangente da obra e continua com trabalhos de restaura\u00e7\u00e3o que devem levar anos para serem conclu\u00eddos.<\/p>\n\n\n\n<div class=\"wp-block-image\"><figure class=\"aligncenter size-large is-resized\"><a href=\"https:\/\/legisjuris.com.br\/\"><img loading=\"lazy\" decoding=\"async\" src=\"https:\/\/jornalfatosenoticias.com.br\/wp-content\/uploads\/2024\/09\/Legis-Juris-Consultoria_logo.jpg\" alt=\"\" class=\"wp-image-53915\" width=\"518\" height=\"217\" srcset=\"https:\/\/jornalfatosenoticias.com.br\/wp-content\/uploads\/2024\/09\/Legis-Juris-Consultoria_logo.jpg 969w, https:\/\/jornalfatosenoticias.com.br\/wp-content\/uploads\/2024\/09\/Legis-Juris-Consultoria_logo-300x126.jpg 300w, https:\/\/jornalfatosenoticias.com.br\/wp-content\/uploads\/2024\/09\/Legis-Juris-Consultoria_logo-768x322.jpg 768w\" sizes=\"auto, (max-width: 518px) 100vw, 518px\" \/><\/a><\/figure><\/div>\n\n\n\n<p><strong>Fonte: <a href=\"https:\/\/aventurasnahistoria.com.br\/noticias\/historia-hoje\/misterio-de-380-anos-envolvendo-quadro-de-rembrandt-e-finalmente-resolvido.phtml\">Aventuras na Hist\u00f3ria<\/a><\/strong><\/p>\n","protected":false},"excerpt":{"rendered":"<p>Descoberta de curadora esclarece um antigo enigma que, por s\u00e9culos, intrigou especialistas do per\u00edodo da Idade de Ouro Holandesa Por Giovanna Gomes Uma curadora do Rijksmuseum de Amsterd\u00e3\u00a0realizou uma nova descoberta relacionada \u00e0 famosa obra\u00a0A Ronda Noturna de Rembrandt van Rijn.\u00a0Anne Lenders\u00a0anunciou nesta ter\u00e7a-feira, 23, que o cachorro que aparece na ic\u00f4nica pintura \u00e9 uma\u00a0reprodu\u00e7\u00e3o [&hellip;]<\/p>\n","protected":false},"author":2,"featured_media":62376,"comment_status":"open","ping_status":"open","sticky":false,"template":"","format":"standard","meta":{"footnotes":""},"categories":[4],"tags":[28459,28460,1495,15244,4703,10258,4704],"class_list":["post-62375","post","type-post","status-publish","format-standard","has-post-thumbnail","hentry","category-cultura","tag-a-ronda-noturna","tag-adriaen-van-de-venne","tag-cachorro","tag-enigma","tag-pintura","tag-quadro","tag-rembrandt"],"yoast_head":"<!-- This site is optimized with the Yoast SEO plugin v26.5 - https:\/\/yoast.com\/wordpress\/plugins\/seo\/ -->\n<title>Mist\u00e9rio de 380 anos envolvendo quadro de Rembrandt \u00e9 finalmente resolvido - Jornal Fatos e Not\u00edcias<\/title>\n<meta name=\"robots\" content=\"index, follow, max-snippet:-1, max-image-preview:large, max-video-preview:-1\" \/>\n<link rel=\"canonical\" href=\"https:\/\/jornalfatosenoticias.com.br\/index.php\/2025\/10\/07\/misterio-de-380-anos-envolvendo-quadro-de-rembrandt-e-finalmente-resolvido\/\" \/>\n<meta property=\"og:locale\" content=\"pt_BR\" \/>\n<meta property=\"og:type\" content=\"article\" \/>\n<meta property=\"og:title\" content=\"Mist\u00e9rio de 380 anos envolvendo quadro de Rembrandt \u00e9 finalmente resolvido - Jornal Fatos e Not\u00edcias\" \/>\n<meta property=\"og:description\" content=\"Descoberta de curadora esclarece um antigo enigma que, por s\u00e9culos, intrigou especialistas do per\u00edodo da Idade de Ouro Holandesa Por Giovanna Gomes Uma curadora do Rijksmuseum de Amsterd\u00e3\u00a0realizou uma nova descoberta relacionada \u00e0 famosa obra\u00a0A Ronda Noturna de Rembrandt van Rijn.\u00a0Anne Lenders\u00a0anunciou nesta ter\u00e7a-feira, 23, que o cachorro que aparece na ic\u00f4nica pintura \u00e9 uma\u00a0reprodu\u00e7\u00e3o [&hellip;]\" \/>\n<meta property=\"og:url\" content=\"https:\/\/jornalfatosenoticias.com.br\/index.php\/2025\/10\/07\/misterio-de-380-anos-envolvendo-quadro-de-rembrandt-e-finalmente-resolvido\/\" \/>\n<meta property=\"og:site_name\" content=\"Jornal Fatos e Not\u00edcias\" \/>\n<meta property=\"article:published_time\" content=\"2025-10-07T18:15:11+00:00\" \/>\n<meta property=\"article:modified_time\" content=\"2025-10-07T18:15:13+00:00\" \/>\n<meta property=\"og:image\" content=\"https:\/\/jornalfatosenoticias.com.br\/wp-content\/uploads\/2025\/10\/quadro-de-Rembrandt_gettyimages.jpg\" \/>\n\t<meta property=\"og:image:width\" content=\"800\" \/>\n\t<meta property=\"og:image:height\" content=\"450\" \/>\n\t<meta property=\"og:image:type\" content=\"image\/jpeg\" \/>\n<meta name=\"author\" content=\"Luzimara Fernandes\" \/>\n<meta name=\"twitter:card\" content=\"summary_large_image\" \/>\n<meta name=\"twitter:label1\" content=\"Escrito por\" \/>\n\t<meta name=\"twitter:data1\" content=\"Luzimara Fernandes\" \/>\n\t<meta name=\"twitter:label2\" content=\"Est. tempo de leitura\" \/>\n\t<meta name=\"twitter:data2\" content=\"2 minutos\" \/>\n<script type=\"application\/ld+json\" class=\"yoast-schema-graph\">{\"@context\":\"https:\/\/schema.org\",\"@graph\":[{\"@type\":\"Article\",\"@id\":\"https:\/\/jornalfatosenoticias.com.br\/index.php\/2025\/10\/07\/misterio-de-380-anos-envolvendo-quadro-de-rembrandt-e-finalmente-resolvido\/#article\",\"isPartOf\":{\"@id\":\"https:\/\/jornalfatosenoticias.com.br\/index.php\/2025\/10\/07\/misterio-de-380-anos-envolvendo-quadro-de-rembrandt-e-finalmente-resolvido\/\"},\"author\":{\"name\":\"Luzimara Fernandes\",\"@id\":\"https:\/\/jornalfatosenoticias.com.br\/#\/schema\/person\/d63837fa13ac8666eb9e74e0985d6f81\"},\"headline\":\"Mist\u00e9rio de 380 anos envolvendo quadro de Rembrandt \u00e9 finalmente resolvido\",\"datePublished\":\"2025-10-07T18:15:11+00:00\",\"dateModified\":\"2025-10-07T18:15:13+00:00\",\"mainEntityOfPage\":{\"@id\":\"https:\/\/jornalfatosenoticias.com.br\/index.php\/2025\/10\/07\/misterio-de-380-anos-envolvendo-quadro-de-rembrandt-e-finalmente-resolvido\/\"},\"wordCount\":390,\"commentCount\":0,\"publisher\":{\"@id\":\"https:\/\/jornalfatosenoticias.com.br\/#organization\"},\"image\":{\"@id\":\"https:\/\/jornalfatosenoticias.com.br\/index.php\/2025\/10\/07\/misterio-de-380-anos-envolvendo-quadro-de-rembrandt-e-finalmente-resolvido\/#primaryimage\"},\"thumbnailUrl\":\"https:\/\/jornalfatosenoticias.com.br\/wp-content\/uploads\/2025\/10\/quadro-de-Rembrandt_gettyimages.jpg\",\"keywords\":[\"A Ronda Noturna\",\"Adriaen van de Venne\",\"cachorro\",\"enigma\",\"pintura\",\"quadro\",\"Rembrandt\"],\"articleSection\":[\"Cultura\"],\"inLanguage\":\"pt-BR\",\"potentialAction\":[{\"@type\":\"CommentAction\",\"name\":\"Comment\",\"target\":[\"https:\/\/jornalfatosenoticias.com.br\/index.php\/2025\/10\/07\/misterio-de-380-anos-envolvendo-quadro-de-rembrandt-e-finalmente-resolvido\/#respond\"]}]},{\"@type\":\"WebPage\",\"@id\":\"https:\/\/jornalfatosenoticias.com.br\/index.php\/2025\/10\/07\/misterio-de-380-anos-envolvendo-quadro-de-rembrandt-e-finalmente-resolvido\/\",\"url\":\"https:\/\/jornalfatosenoticias.com.br\/index.php\/2025\/10\/07\/misterio-de-380-anos-envolvendo-quadro-de-rembrandt-e-finalmente-resolvido\/\",\"name\":\"Mist\u00e9rio de 380 anos envolvendo quadro de Rembrandt \u00e9 finalmente resolvido - Jornal Fatos e Not\u00edcias\",\"isPartOf\":{\"@id\":\"https:\/\/jornalfatosenoticias.com.br\/#website\"},\"primaryImageOfPage\":{\"@id\":\"https:\/\/jornalfatosenoticias.com.br\/index.php\/2025\/10\/07\/misterio-de-380-anos-envolvendo-quadro-de-rembrandt-e-finalmente-resolvido\/#primaryimage\"},\"image\":{\"@id\":\"https:\/\/jornalfatosenoticias.com.br\/index.php\/2025\/10\/07\/misterio-de-380-anos-envolvendo-quadro-de-rembrandt-e-finalmente-resolvido\/#primaryimage\"},\"thumbnailUrl\":\"https:\/\/jornalfatosenoticias.com.br\/wp-content\/uploads\/2025\/10\/quadro-de-Rembrandt_gettyimages.jpg\",\"datePublished\":\"2025-10-07T18:15:11+00:00\",\"dateModified\":\"2025-10-07T18:15:13+00:00\",\"breadcrumb\":{\"@id\":\"https:\/\/jornalfatosenoticias.com.br\/index.php\/2025\/10\/07\/misterio-de-380-anos-envolvendo-quadro-de-rembrandt-e-finalmente-resolvido\/#breadcrumb\"},\"inLanguage\":\"pt-BR\",\"potentialAction\":[{\"@type\":\"ReadAction\",\"target\":[\"https:\/\/jornalfatosenoticias.com.br\/index.php\/2025\/10\/07\/misterio-de-380-anos-envolvendo-quadro-de-rembrandt-e-finalmente-resolvido\/\"]}]},{\"@type\":\"ImageObject\",\"inLanguage\":\"pt-BR\",\"@id\":\"https:\/\/jornalfatosenoticias.com.br\/index.php\/2025\/10\/07\/misterio-de-380-anos-envolvendo-quadro-de-rembrandt-e-finalmente-resolvido\/#primaryimage\",\"url\":\"https:\/\/jornalfatosenoticias.com.br\/wp-content\/uploads\/2025\/10\/quadro-de-Rembrandt_gettyimages.jpg\",\"contentUrl\":\"https:\/\/jornalfatosenoticias.com.br\/wp-content\/uploads\/2025\/10\/quadro-de-Rembrandt_gettyimages.jpg\",\"width\":800,\"height\":450},{\"@type\":\"BreadcrumbList\",\"@id\":\"https:\/\/jornalfatosenoticias.com.br\/index.php\/2025\/10\/07\/misterio-de-380-anos-envolvendo-quadro-de-rembrandt-e-finalmente-resolvido\/#breadcrumb\",\"itemListElement\":[{\"@type\":\"ListItem\",\"position\":1,\"name\":\"In\u00edcio\",\"item\":\"https:\/\/jornalfatosenoticias.com.br\/\"},{\"@type\":\"ListItem\",\"position\":2,\"name\":\"Mist\u00e9rio de 380 anos envolvendo quadro de Rembrandt \u00e9 finalmente resolvido\"}]},{\"@type\":\"WebSite\",\"@id\":\"https:\/\/jornalfatosenoticias.com.br\/#website\",\"url\":\"https:\/\/jornalfatosenoticias.com.br\/\",\"name\":\"Jornal Fatos e Not\u00edcias\",\"description\":\"Not\u00edcias em geral\",\"publisher\":{\"@id\":\"https:\/\/jornalfatosenoticias.com.br\/#organization\"},\"potentialAction\":[{\"@type\":\"SearchAction\",\"target\":{\"@type\":\"EntryPoint\",\"urlTemplate\":\"https:\/\/jornalfatosenoticias.com.br\/?s={search_term_string}\"},\"query-input\":{\"@type\":\"PropertyValueSpecification\",\"valueRequired\":true,\"valueName\":\"search_term_string\"}}],\"inLanguage\":\"pt-BR\"},{\"@type\":\"Organization\",\"@id\":\"https:\/\/jornalfatosenoticias.com.br\/#organization\",\"name\":\"Jornal Fatos e Not\u00edcias\",\"url\":\"https:\/\/jornalfatosenoticias.com.br\/\",\"logo\":{\"@type\":\"ImageObject\",\"inLanguage\":\"pt-BR\",\"@id\":\"https:\/\/jornalfatosenoticias.com.br\/#\/schema\/logo\/image\/\",\"url\":\"https:\/\/jornalfatosenoticias.com.br\/wp-content\/uploads\/2020\/02\/logo120.png\",\"contentUrl\":\"https:\/\/jornalfatosenoticias.com.br\/wp-content\/uploads\/2020\/02\/logo120.png\",\"width\":1227,\"height\":120,\"caption\":\"Jornal Fatos e Not\u00edcias\"},\"image\":{\"@id\":\"https:\/\/jornalfatosenoticias.com.br\/#\/schema\/logo\/image\/\"}},{\"@type\":\"Person\",\"@id\":\"https:\/\/jornalfatosenoticias.com.br\/#\/schema\/person\/d63837fa13ac8666eb9e74e0985d6f81\",\"name\":\"Luzimara Fernandes\",\"image\":{\"@type\":\"ImageObject\",\"inLanguage\":\"pt-BR\",\"@id\":\"https:\/\/jornalfatosenoticias.com.br\/#\/schema\/person\/image\/\",\"url\":\"https:\/\/jornalfatosenoticias.com.br\/wp-content\/uploads\/2025\/05\/EU_portal.jpg\",\"contentUrl\":\"https:\/\/jornalfatosenoticias.com.br\/wp-content\/uploads\/2025\/05\/EU_portal.jpg\",\"caption\":\"Luzimara Fernandes\"},\"description\":\"Jornalista MTB 2358-ES\",\"sameAs\":[\"https:\/\/jornalfatosenoticias.com.br\"],\"url\":\"https:\/\/jornalfatosenoticias.com.br\/index.php\/author\/luzimara\/\"}]}<\/script>\n<!-- \/ Yoast SEO plugin. -->","yoast_head_json":{"title":"Mist\u00e9rio de 380 anos envolvendo quadro de Rembrandt \u00e9 finalmente resolvido - Jornal Fatos e Not\u00edcias","robots":{"index":"index","follow":"follow","max-snippet":"max-snippet:-1","max-image-preview":"max-image-preview:large","max-video-preview":"max-video-preview:-1"},"canonical":"https:\/\/jornalfatosenoticias.com.br\/index.php\/2025\/10\/07\/misterio-de-380-anos-envolvendo-quadro-de-rembrandt-e-finalmente-resolvido\/","og_locale":"pt_BR","og_type":"article","og_title":"Mist\u00e9rio de 380 anos envolvendo quadro de Rembrandt \u00e9 finalmente resolvido - Jornal Fatos e Not\u00edcias","og_description":"Descoberta de curadora esclarece um antigo enigma que, por s\u00e9culos, intrigou especialistas do per\u00edodo da Idade de Ouro Holandesa Por Giovanna Gomes Uma curadora do Rijksmuseum de Amsterd\u00e3\u00a0realizou uma nova descoberta relacionada \u00e0 famosa obra\u00a0A Ronda Noturna de Rembrandt van Rijn.\u00a0Anne Lenders\u00a0anunciou nesta ter\u00e7a-feira, 23, que o cachorro que aparece na ic\u00f4nica pintura \u00e9 uma\u00a0reprodu\u00e7\u00e3o [&hellip;]","og_url":"https:\/\/jornalfatosenoticias.com.br\/index.php\/2025\/10\/07\/misterio-de-380-anos-envolvendo-quadro-de-rembrandt-e-finalmente-resolvido\/","og_site_name":"Jornal Fatos e Not\u00edcias","article_published_time":"2025-10-07T18:15:11+00:00","article_modified_time":"2025-10-07T18:15:13+00:00","og_image":[{"width":800,"height":450,"url":"https:\/\/jornalfatosenoticias.com.br\/wp-content\/uploads\/2025\/10\/quadro-de-Rembrandt_gettyimages.jpg","type":"image\/jpeg"}],"author":"Luzimara Fernandes","twitter_card":"summary_large_image","twitter_misc":{"Escrito por":"Luzimara Fernandes","Est. tempo de leitura":"2 minutos"},"schema":{"@context":"https:\/\/schema.org","@graph":[{"@type":"Article","@id":"https:\/\/jornalfatosenoticias.com.br\/index.php\/2025\/10\/07\/misterio-de-380-anos-envolvendo-quadro-de-rembrandt-e-finalmente-resolvido\/#article","isPartOf":{"@id":"https:\/\/jornalfatosenoticias.com.br\/index.php\/2025\/10\/07\/misterio-de-380-anos-envolvendo-quadro-de-rembrandt-e-finalmente-resolvido\/"},"author":{"name":"Luzimara Fernandes","@id":"https:\/\/jornalfatosenoticias.com.br\/#\/schema\/person\/d63837fa13ac8666eb9e74e0985d6f81"},"headline":"Mist\u00e9rio de 380 anos envolvendo quadro de Rembrandt \u00e9 finalmente resolvido","datePublished":"2025-10-07T18:15:11+00:00","dateModified":"2025-10-07T18:15:13+00:00","mainEntityOfPage":{"@id":"https:\/\/jornalfatosenoticias.com.br\/index.php\/2025\/10\/07\/misterio-de-380-anos-envolvendo-quadro-de-rembrandt-e-finalmente-resolvido\/"},"wordCount":390,"commentCount":0,"publisher":{"@id":"https:\/\/jornalfatosenoticias.com.br\/#organization"},"image":{"@id":"https:\/\/jornalfatosenoticias.com.br\/index.php\/2025\/10\/07\/misterio-de-380-anos-envolvendo-quadro-de-rembrandt-e-finalmente-resolvido\/#primaryimage"},"thumbnailUrl":"https:\/\/jornalfatosenoticias.com.br\/wp-content\/uploads\/2025\/10\/quadro-de-Rembrandt_gettyimages.jpg","keywords":["A Ronda Noturna","Adriaen van de Venne","cachorro","enigma","pintura","quadro","Rembrandt"],"articleSection":["Cultura"],"inLanguage":"pt-BR","potentialAction":[{"@type":"CommentAction","name":"Comment","target":["https:\/\/jornalfatosenoticias.com.br\/index.php\/2025\/10\/07\/misterio-de-380-anos-envolvendo-quadro-de-rembrandt-e-finalmente-resolvido\/#respond"]}]},{"@type":"WebPage","@id":"https:\/\/jornalfatosenoticias.com.br\/index.php\/2025\/10\/07\/misterio-de-380-anos-envolvendo-quadro-de-rembrandt-e-finalmente-resolvido\/","url":"https:\/\/jornalfatosenoticias.com.br\/index.php\/2025\/10\/07\/misterio-de-380-anos-envolvendo-quadro-de-rembrandt-e-finalmente-resolvido\/","name":"Mist\u00e9rio de 380 anos envolvendo quadro de Rembrandt \u00e9 finalmente resolvido - Jornal Fatos e Not\u00edcias","isPartOf":{"@id":"https:\/\/jornalfatosenoticias.com.br\/#website"},"primaryImageOfPage":{"@id":"https:\/\/jornalfatosenoticias.com.br\/index.php\/2025\/10\/07\/misterio-de-380-anos-envolvendo-quadro-de-rembrandt-e-finalmente-resolvido\/#primaryimage"},"image":{"@id":"https:\/\/jornalfatosenoticias.com.br\/index.php\/2025\/10\/07\/misterio-de-380-anos-envolvendo-quadro-de-rembrandt-e-finalmente-resolvido\/#primaryimage"},"thumbnailUrl":"https:\/\/jornalfatosenoticias.com.br\/wp-content\/uploads\/2025\/10\/quadro-de-Rembrandt_gettyimages.jpg","datePublished":"2025-10-07T18:15:11+00:00","dateModified":"2025-10-07T18:15:13+00:00","breadcrumb":{"@id":"https:\/\/jornalfatosenoticias.com.br\/index.php\/2025\/10\/07\/misterio-de-380-anos-envolvendo-quadro-de-rembrandt-e-finalmente-resolvido\/#breadcrumb"},"inLanguage":"pt-BR","potentialAction":[{"@type":"ReadAction","target":["https:\/\/jornalfatosenoticias.com.br\/index.php\/2025\/10\/07\/misterio-de-380-anos-envolvendo-quadro-de-rembrandt-e-finalmente-resolvido\/"]}]},{"@type":"ImageObject","inLanguage":"pt-BR","@id":"https:\/\/jornalfatosenoticias.com.br\/index.php\/2025\/10\/07\/misterio-de-380-anos-envolvendo-quadro-de-rembrandt-e-finalmente-resolvido\/#primaryimage","url":"https:\/\/jornalfatosenoticias.com.br\/wp-content\/uploads\/2025\/10\/quadro-de-Rembrandt_gettyimages.jpg","contentUrl":"https:\/\/jornalfatosenoticias.com.br\/wp-content\/uploads\/2025\/10\/quadro-de-Rembrandt_gettyimages.jpg","width":800,"height":450},{"@type":"BreadcrumbList","@id":"https:\/\/jornalfatosenoticias.com.br\/index.php\/2025\/10\/07\/misterio-de-380-anos-envolvendo-quadro-de-rembrandt-e-finalmente-resolvido\/#breadcrumb","itemListElement":[{"@type":"ListItem","position":1,"name":"In\u00edcio","item":"https:\/\/jornalfatosenoticias.com.br\/"},{"@type":"ListItem","position":2,"name":"Mist\u00e9rio de 380 anos envolvendo quadro de Rembrandt \u00e9 finalmente resolvido"}]},{"@type":"WebSite","@id":"https:\/\/jornalfatosenoticias.com.br\/#website","url":"https:\/\/jornalfatosenoticias.com.br\/","name":"Jornal Fatos e Not\u00edcias","description":"Not\u00edcias em geral","publisher":{"@id":"https:\/\/jornalfatosenoticias.com.br\/#organization"},"potentialAction":[{"@type":"SearchAction","target":{"@type":"EntryPoint","urlTemplate":"https:\/\/jornalfatosenoticias.com.br\/?s={search_term_string}"},"query-input":{"@type":"PropertyValueSpecification","valueRequired":true,"valueName":"search_term_string"}}],"inLanguage":"pt-BR"},{"@type":"Organization","@id":"https:\/\/jornalfatosenoticias.com.br\/#organization","name":"Jornal Fatos e Not\u00edcias","url":"https:\/\/jornalfatosenoticias.com.br\/","logo":{"@type":"ImageObject","inLanguage":"pt-BR","@id":"https:\/\/jornalfatosenoticias.com.br\/#\/schema\/logo\/image\/","url":"https:\/\/jornalfatosenoticias.com.br\/wp-content\/uploads\/2020\/02\/logo120.png","contentUrl":"https:\/\/jornalfatosenoticias.com.br\/wp-content\/uploads\/2020\/02\/logo120.png","width":1227,"height":120,"caption":"Jornal Fatos e Not\u00edcias"},"image":{"@id":"https:\/\/jornalfatosenoticias.com.br\/#\/schema\/logo\/image\/"}},{"@type":"Person","@id":"https:\/\/jornalfatosenoticias.com.br\/#\/schema\/person\/d63837fa13ac8666eb9e74e0985d6f81","name":"Luzimara Fernandes","image":{"@type":"ImageObject","inLanguage":"pt-BR","@id":"https:\/\/jornalfatosenoticias.com.br\/#\/schema\/person\/image\/","url":"https:\/\/jornalfatosenoticias.com.br\/wp-content\/uploads\/2025\/05\/EU_portal.jpg","contentUrl":"https:\/\/jornalfatosenoticias.com.br\/wp-content\/uploads\/2025\/05\/EU_portal.jpg","caption":"Luzimara Fernandes"},"description":"Jornalista MTB 2358-ES","sameAs":["https:\/\/jornalfatosenoticias.com.br"],"url":"https:\/\/jornalfatosenoticias.com.br\/index.php\/author\/luzimara\/"}]}},"cc_featured_image_caption":{"caption_text":"(Foto: Getty Images)","source_text":"","source_url":""},"jetpack_featured_media_url":"https:\/\/jornalfatosenoticias.com.br\/wp-content\/uploads\/2025\/10\/quadro-de-Rembrandt_gettyimages.jpg","_links":{"self":[{"href":"https:\/\/jornalfatosenoticias.com.br\/index.php\/wp-json\/wp\/v2\/posts\/62375","targetHints":{"allow":["GET"]}}],"collection":[{"href":"https:\/\/jornalfatosenoticias.com.br\/index.php\/wp-json\/wp\/v2\/posts"}],"about":[{"href":"https:\/\/jornalfatosenoticias.com.br\/index.php\/wp-json\/wp\/v2\/types\/post"}],"author":[{"embeddable":true,"href":"https:\/\/jornalfatosenoticias.com.br\/index.php\/wp-json\/wp\/v2\/users\/2"}],"replies":[{"embeddable":true,"href":"https:\/\/jornalfatosenoticias.com.br\/index.php\/wp-json\/wp\/v2\/comments?post=62375"}],"version-history":[{"count":0,"href":"https:\/\/jornalfatosenoticias.com.br\/index.php\/wp-json\/wp\/v2\/posts\/62375\/revisions"}],"wp:featuredmedia":[{"embeddable":true,"href":"https:\/\/jornalfatosenoticias.com.br\/index.php\/wp-json\/wp\/v2\/media\/62376"}],"wp:attachment":[{"href":"https:\/\/jornalfatosenoticias.com.br\/index.php\/wp-json\/wp\/v2\/media?parent=62375"}],"wp:term":[{"taxonomy":"category","embeddable":true,"href":"https:\/\/jornalfatosenoticias.com.br\/index.php\/wp-json\/wp\/v2\/categories?post=62375"},{"taxonomy":"post_tag","embeddable":true,"href":"https:\/\/jornalfatosenoticias.com.br\/index.php\/wp-json\/wp\/v2\/tags?post=62375"}],"curies":[{"name":"wp","href":"https:\/\/api.w.org\/{rel}","templated":true}]}}