{"id":62378,"date":"2025-10-07T15:25:45","date_gmt":"2025-10-07T18:25:45","guid":{"rendered":"https:\/\/jornalfatosenoticias.com.br\/?p=62378"},"modified":"2025-10-07T15:25:47","modified_gmt":"2025-10-07T18:25:47","slug":"japao-inaugura-usina-que-gera-energia-com-aguas-doce-e-salgada","status":"publish","type":"post","link":"https:\/\/jornalfatosenoticias.com.br\/index.php\/2025\/10\/07\/japao-inaugura-usina-que-gera-energia-com-aguas-doce-e-salgada\/","title":{"rendered":"Jap\u00e3o inaugura usina que gera energia com \u00e1guas doce e salgada"},"content":{"rendered":"\n<p><em><span class=\"has-inline-color has-black-color\">Instala\u00e7\u00e3o osm\u00f3tica em Fukuoka mostra como o encontro entre \u00e1gua doce e salgada pode gerar energia limpa e cont\u00ednua<\/span><\/em><\/p>\n\n\n\n<div class=\"wp-block-image\"><figure class=\"aligncenter size-large is-resized\"><a href=\"https:\/\/www.facebook.com\/vetor.vix\/\"><img loading=\"lazy\" decoding=\"async\" src=\"https:\/\/jornalfatosenoticias.com.br\/wp-content\/uploads\/2023\/09\/vetorvix1024_1.jpg\" alt=\"\" class=\"wp-image-44868\" width=\"569\" height=\"151\" srcset=\"https:\/\/jornalfatosenoticias.com.br\/wp-content\/uploads\/2023\/09\/vetorvix1024_1.jpg 1024w, https:\/\/jornalfatosenoticias.com.br\/wp-content\/uploads\/2023\/09\/vetorvix1024_1-300x80.jpg 300w, https:\/\/jornalfatosenoticias.com.br\/wp-content\/uploads\/2023\/09\/vetorvix1024_1-768x205.jpg 768w\" sizes=\"auto, (max-width: 569px) 100vw, 569px\" \/><\/a><\/figure><\/div>\n\n\n\n<p>Fukuoka, no Jap\u00e3o, inaugurou uma instala\u00e7\u00e3o que pode representar um marco para o <strong>futuro da\u00a0<a href=\"https:\/\/ciclovivo.com.br\/inovacao\/tecnologia\/energia-solar-reator-limpa-agua-co%e2%82%82-etanol\/\" target=\"_blank\" rel=\"noreferrer noopener\">energia<\/a>\u00a0renov\u00e1vel<\/strong>. Trata-se da primeira usina osm\u00f3tica do pa\u00eds \u2014 e apenas a segunda em opera\u00e7\u00e3o em todo o mundo. O projeto tem capacidade de gerar cerca de 880.000 quilowatts-hora de eletricidade por ano, energia suficiente para alimentar a pr\u00f3pria usina de dessaliniza\u00e7\u00e3o da cidade e garantir o fornecimento de \u00e1gua pot\u00e1vel \u00e0s resid\u00eancias da regi\u00e3o. Segundo o Dr. Ali Altaee, pesquisador da Universidade de Tecnologia de Sydney, essa quantidade de eletricidade equivale a manter cerca de 220 lares japoneses abastecidos.<br>Embora os n\u00fameros ainda pare\u00e7am modestos, o conceito por tr\u00e1s da usina osm\u00f3tica \u00e9 extremamente promissor. Diferentemente da energia solar ou da e\u00f3lica, que dependem de fatores clim\u00e1ticos e da luz do dia, a osmose pode funcionar de maneira ininterrupta, 24 horas por dia. Tudo o que ela exige \u00e9 o contato entre \u00e1gua doce e \u00e1gua salgada.<\/p>\n\n\n\n<div class=\"wp-block-image\"><figure class=\"aligncenter size-large is-resized\"><a href=\"https:\/\/www.facebook.com\/postobkr\/?locale=pt_BR\"><img loading=\"lazy\" decoding=\"async\" src=\"https:\/\/jornalfatosenoticias.com.br\/wp-content\/uploads\/2023\/08\/BKR-1024x1021.jpg\" alt=\"\" class=\"wp-image-44494\" width=\"276\" height=\"275\" srcset=\"https:\/\/jornalfatosenoticias.com.br\/wp-content\/uploads\/2023\/08\/BKR-1024x1021.jpg 1024w, https:\/\/jornalfatosenoticias.com.br\/wp-content\/uploads\/2023\/08\/BKR-300x300.jpg 300w, https:\/\/jornalfatosenoticias.com.br\/wp-content\/uploads\/2023\/08\/BKR-150x150.jpg 150w, https:\/\/jornalfatosenoticias.com.br\/wp-content\/uploads\/2023\/08\/BKR-768x766.jpg 768w, https:\/\/jornalfatosenoticias.com.br\/wp-content\/uploads\/2023\/08\/BKR.jpg 1080w\" sizes=\"auto, (max-width: 276px) 100vw, 276px\" \/><\/a><\/figure><\/div>\n\n\n\n<p>A osmose, princ\u00edpio natural que sustenta esse processo, ocorre quando duas solu\u00e7\u00f5es com diferentes concentra\u00e7\u00f5es de sal s\u00e3o separadas por uma membrana. A \u00e1gua naturalmente flui do lado menos salino para o mais salino, buscando equil\u00edbrio. As usinas utilizam essa movimenta\u00e7\u00e3o: de um lado, coloca-se \u00e1gua doce ou tratada; do outro, \u00e1gua do mar levemente pressurizada. <\/p>\n\n\n\n<div class=\"wp-block-image\"><figure class=\"aligncenter size-large is-resized\"><a href=\"https:\/\/www.instagram.com\/esteio.churrascaria\/\"><img loading=\"lazy\" decoding=\"async\" src=\"https:\/\/jornalfatosenoticias.com.br\/wp-content\/uploads\/2022\/02\/LOGO-ESTEIO-1024x730.png\" alt=\"\" class=\"wp-image-27942\" width=\"344\" height=\"245\" srcset=\"https:\/\/jornalfatosenoticias.com.br\/wp-content\/uploads\/2022\/02\/LOGO-ESTEIO-1024x730.png 1024w, https:\/\/jornalfatosenoticias.com.br\/wp-content\/uploads\/2022\/02\/LOGO-ESTEIO-300x214.png 300w, https:\/\/jornalfatosenoticias.com.br\/wp-content\/uploads\/2022\/02\/LOGO-ESTEIO-768x548.png 768w, https:\/\/jornalfatosenoticias.com.br\/wp-content\/uploads\/2022\/02\/LOGO-ESTEIO.png 1123w\" sizes=\"auto, (max-width: 344px) 100vw, 344px\" \/><\/a><\/figure><\/div>\n\n\n\n<p>O fluxo resultante aumenta a press\u00e3o, que ent\u00e3o aciona uma turbina respons\u00e1vel por gerar eletricidade. No caso de Fukuoka, existe ainda uma solu\u00e7\u00e3o engenhosa: al\u00e9m da \u00e1gua doce convencional, a usina pode aproveitar \u00e1guas residuais tratadas, combinando-as com o mar para produzir energia. Esse detalhe amplia o potencial da tecnologia e mostra como ela pode ser integrada a sistemas urbanos j\u00e1 existentes.<\/p>\n\n\n\n<div class=\"wp-block-image\"><figure class=\"aligncenter size-large is-resized\"><a href=\"https:\/\/www.facebook.com\/profile.php?id=100069289606145\"><img loading=\"lazy\" decoding=\"async\" src=\"https:\/\/jornalfatosenoticias.com.br\/wp-content\/uploads\/2024\/11\/Guaitolini-Contabilidade-1024x714.jpeg\" alt=\"\" class=\"wp-image-55808\" width=\"328\" height=\"228\" srcset=\"https:\/\/jornalfatosenoticias.com.br\/wp-content\/uploads\/2024\/11\/Guaitolini-Contabilidade-1024x714.jpeg 1024w, https:\/\/jornalfatosenoticias.com.br\/wp-content\/uploads\/2024\/11\/Guaitolini-Contabilidade-300x209.jpeg 300w, https:\/\/jornalfatosenoticias.com.br\/wp-content\/uploads\/2024\/11\/Guaitolini-Contabilidade-768x535.jpeg 768w, https:\/\/jornalfatosenoticias.com.br\/wp-content\/uploads\/2024\/11\/Guaitolini-Contabilidade.jpeg 1280w\" sizes=\"auto, (max-width: 328px) 100vw, 328px\" \/><\/a><\/figure><\/div>\n\n\n\n<p>Com a inaugura\u00e7\u00e3o japonesa, apenas dois pa\u00edses no mundo contam com usinas de energia osm\u00f3tica em funcionamento: Jap\u00e3o e Dinamarca. A primeira foi constru\u00edda em 2023, em Mariager, pela empresa SaltPower. De acordo com a professora Sandra Kentish, da Universidade de Melbourne, a instala\u00e7\u00e3o de Fukuoka \u00e9 maior, embora ambas operem com capacidade semelhante. Outros pa\u00edses tamb\u00e9m j\u00e1 exploraram projetos-piloto. <\/p>\n\n\n\n<div class=\"wp-block-image\"><figure class=\"aligncenter size-large\"><a href=\"http:\/\/www.ferrarimaquinas.com.br\/\"><img loading=\"lazy\" decoding=\"async\" width=\"300\" height=\"250\" src=\"https:\/\/jornalfatosenoticias.com.br\/wp-content\/uploads\/2022\/02\/FERRARI_MAQUINAS-E-FERRAMENTAS2.jpg\" alt=\"\" class=\"wp-image-27860\"\/><\/a><\/figure><\/div>\n\n\n\n<p>A Noruega e a Coreia do Sul realizaram testes experimentais, enquanto o pr\u00f3prio Altaee desenvolveu prot\u00f3tipos na Espanha, no Catar e em Sydney. Na Austr\u00e1lia, os avan\u00e7os foram interrompidos pela pandemia, mas o pesquisador afirma que a expertise necess\u00e1ria ainda est\u00e1 dispon\u00edvel para ser retomada.<\/p>\n\n\n\n<div class=\"wp-block-image\"><figure class=\"aligncenter size-large is-resized\"><a href=\"https:\/\/www.instagram.com\/restaurantepegoretti\/\"><img loading=\"lazy\" decoding=\"async\" src=\"https:\/\/jornalfatosenoticias.com.br\/wp-content\/uploads\/2023\/12\/pegoretti-logo-pdf-1024x389.jpg\" alt=\"\" class=\"wp-image-47536\" width=\"482\" height=\"183\" srcset=\"https:\/\/jornalfatosenoticias.com.br\/wp-content\/uploads\/2023\/12\/pegoretti-logo-pdf-1024x389.jpg 1024w, https:\/\/jornalfatosenoticias.com.br\/wp-content\/uploads\/2023\/12\/pegoretti-logo-pdf-300x114.jpg 300w, https:\/\/jornalfatosenoticias.com.br\/wp-content\/uploads\/2023\/12\/pegoretti-logo-pdf-768x291.jpg 768w, https:\/\/jornalfatosenoticias.com.br\/wp-content\/uploads\/2023\/12\/pegoretti-logo-pdf.jpg 1120w\" sizes=\"auto, (max-width: 482px) 100vw, 482px\" \/><\/a><\/figure><\/div>\n\n\n\n<p>Apesar do potencial, transformar a osmose em fonte pr\u00e1tica de energia n\u00e3o \u00e9 simples. Kentish explica que, embora a mistura de \u00e1gua doce com \u00e1gua salgada libere energia, parte significativa se perde no bombeamento dos fluxos at\u00e9 a usina e no atrito atrav\u00e9s das membranas. Isso reduz a energia l\u00edquida realmente aproveit\u00e1vel. Mesmo assim, h\u00e1 progresso. Novos designs de bombas e membranas est\u00e3o ajudando a diminuir as perdas. A pr\u00f3pria usina de Fukuoka apresenta uma inova\u00e7\u00e3o relevante: ela utiliza a salmoura \u2014 \u00e1gua do mar concentrada que sobra do processo de dessaliniza\u00e7\u00e3o. Essa solu\u00e7\u00e3o mais salgada amplia a diferen\u00e7a de concentra\u00e7\u00e3o entre os lados da membrana, o que potencializa a gera\u00e7\u00e3o de eletricidade.<\/p>\n\n\n\n<div class=\"wp-block-image\"><figure class=\"aligncenter size-large is-resized\"><a href=\"https:\/\/www.controlsystems.com.br\/\"><img loading=\"lazy\" decoding=\"async\" src=\"https:\/\/jornalfatosenoticias.com.br\/wp-content\/uploads\/2020\/02\/CONTROL-CS.jpg\" alt=\"\" class=\"wp-image-44991\" width=\"257\" height=\"307\" srcset=\"https:\/\/jornalfatosenoticias.com.br\/wp-content\/uploads\/2020\/02\/CONTROL-CS.jpg 834w, https:\/\/jornalfatosenoticias.com.br\/wp-content\/uploads\/2020\/02\/CONTROL-CS-250x300.jpg 250w, https:\/\/jornalfatosenoticias.com.br\/wp-content\/uploads\/2020\/02\/CONTROL-CS-768x921.jpg 768w\" sizes=\"auto, (max-width: 257px) 100vw, 257px\" \/><\/a><\/figure><\/div>\n\n\n\n<p>Pesquisadores consideram a usina japonesa um divisor de \u00e1guas. Altaee destaca que a Austr\u00e1lia, por exemplo, possui lagos salgados pr\u00f3ximos a Nova Gales do Sul e Sydney que poderiam ser aproveitados para instala\u00e7\u00f5es semelhantes. Caso haja investimento, o prot\u00f3tipo desenvolvido pela UTS poderia ser reativado em escala maior, acompanhando os avan\u00e7os vistos no Jap\u00e3o. <\/p>\n\n\n\n<div class=\"wp-block-image\"><figure class=\"aligncenter size-large is-resized\"><a href=\"https:\/\/www.instagram.com\/serra4x4cambioautomatico\/\"><img loading=\"lazy\" decoding=\"async\" src=\"https:\/\/jornalfatosenoticias.com.br\/wp-content\/uploads\/2024\/08\/Serra-4x4-1-886x1024.jpg\" alt=\"\" class=\"wp-image-53632\" width=\"266\" height=\"308\" srcset=\"https:\/\/jornalfatosenoticias.com.br\/wp-content\/uploads\/2024\/08\/Serra-4x4-1-886x1024.jpg 886w, https:\/\/jornalfatosenoticias.com.br\/wp-content\/uploads\/2024\/08\/Serra-4x4-1-260x300.jpg 260w, https:\/\/jornalfatosenoticias.com.br\/wp-content\/uploads\/2024\/08\/Serra-4x4-1-768x888.jpg 768w, https:\/\/jornalfatosenoticias.com.br\/wp-content\/uploads\/2024\/08\/Serra-4x4-1.jpg 1181w\" sizes=\"auto, (max-width: 266px) 100vw, 266px\" \/><\/a><\/figure><\/div>\n\n\n\n<p>Por enquanto, a contribui\u00e7\u00e3o de Fukuoka ainda \u00e9 modesta, mas o valor simb\u00f3lico e tecnol\u00f3gico \u00e9 enorme. A energia osm\u00f3tica \u00e9 uma das poucas fontes renov\u00e1veis capazes de operar de forma est\u00e1vel e cont\u00ednua: sem depender do sol, do vento ou de varia\u00e7\u00f5es sazonais. Cada novo prot\u00f3tipo aproxima a tecnologia de integrar de forma concreta a matriz energ\u00e9tica limpa do planeta.<\/p>\n\n\n\n<div class=\"wp-block-image\"><figure class=\"aligncenter size-large is-resized\"><a href=\"https:\/\/www.instagram.com\/gruposei\/\"><img loading=\"lazy\" decoding=\"async\" src=\"https:\/\/jornalfatosenoticias.com.br\/wp-content\/uploads\/2022\/07\/Logo-Grupo-SEI.jpg\" alt=\"\" class=\"wp-image-31973\" width=\"354\" height=\"186\" srcset=\"https:\/\/jornalfatosenoticias.com.br\/wp-content\/uploads\/2022\/07\/Logo-Grupo-SEI.jpg 713w, https:\/\/jornalfatosenoticias.com.br\/wp-content\/uploads\/2022\/07\/Logo-Grupo-SEI-300x158.jpg 300w\" sizes=\"auto, (max-width: 354px) 100vw, 354px\" \/><\/a><\/figure><\/div>\n\n\n\n<p>Como funciona a energia osm\u00f3tica em tr\u00eas passos simples: primeiro, \u00e1gua doce (ou tratada) e \u00e1gua do mar s\u00e3o colocadas em lados opostos de uma membrana semiperme\u00e1vel. Em seguida, a \u00e1gua doce atravessa a membrana em dire\u00e7\u00e3o \u00e0 solu\u00e7\u00e3o salgada, aumentando a press\u00e3o. Por fim, essa press\u00e3o extra move uma turbina conectada a um gerador, produzindo eletricidade constante e renov\u00e1vel.<\/p>\n\n\n\n<div class=\"wp-block-image\"><figure class=\"aligncenter size-large is-resized\"><a href=\"https:\/\/www.instagram.com\/rcradiadores\/\"><img loading=\"lazy\" decoding=\"async\" src=\"https:\/\/jornalfatosenoticias.com.br\/wp-content\/uploads\/2022\/10\/RC_800x750_page-0001.jpg\" alt=\"\" class=\"wp-image-35338\" width=\"275\" height=\"258\" srcset=\"https:\/\/jornalfatosenoticias.com.br\/wp-content\/uploads\/2022\/10\/RC_800x750_page-0001.jpg 400w, https:\/\/jornalfatosenoticias.com.br\/wp-content\/uploads\/2022\/10\/RC_800x750_page-0001-300x281.jpg 300w\" sizes=\"auto, (max-width: 275px) 100vw, 275px\" \/><\/a><\/figure><\/div>\n\n\n\n<p><strong>Fonte: <a href=\"https:\/\/ciclovivo.com.br\/planeta\/energia\/japao-inaugura-usina-que-gera-energia-com-aguas-doce-e-salgada\/\">CicloVivo<\/a><\/strong><\/p>\n","protected":false},"excerpt":{"rendered":"<p>Instala\u00e7\u00e3o osm\u00f3tica em Fukuoka mostra como o encontro entre \u00e1gua doce e salgada pode gerar energia limpa e cont\u00ednua Fukuoka, no Jap\u00e3o, inaugurou uma instala\u00e7\u00e3o que pode representar um marco para o futuro da\u00a0energia\u00a0renov\u00e1vel. Trata-se da primeira usina osm\u00f3tica do pa\u00eds \u2014 e apenas a segunda em opera\u00e7\u00e3o em todo o mundo. O projeto tem [&hellip;]<\/p>\n","protected":false},"author":2,"featured_media":62379,"comment_status":"open","ping_status":"open","sticky":false,"template":"","format":"standard","meta":{"footnotes":""},"categories":[3],"tags":[1094,2938,233,28089],"class_list":["post-62378","post","type-post","status-publish","format-standard","has-post-thumbnail","hentry","category-tecnologia","tag-energia-limpa","tag-energia-renovavel","tag-japao","tag-usina-osmotica"],"yoast_head":"<!-- This site is optimized with the Yoast SEO plugin v26.5 - https:\/\/yoast.com\/wordpress\/plugins\/seo\/ -->\n<title>Jap\u00e3o inaugura usina que gera energia com \u00e1guas doce e salgada - Jornal Fatos e Not\u00edcias<\/title>\n<meta name=\"robots\" content=\"index, follow, max-snippet:-1, max-image-preview:large, max-video-preview:-1\" \/>\n<link rel=\"canonical\" href=\"https:\/\/jornalfatosenoticias.com.br\/index.php\/2025\/10\/07\/japao-inaugura-usina-que-gera-energia-com-aguas-doce-e-salgada\/\" \/>\n<meta property=\"og:locale\" content=\"pt_BR\" \/>\n<meta property=\"og:type\" content=\"article\" \/>\n<meta property=\"og:title\" content=\"Jap\u00e3o inaugura usina que gera energia com \u00e1guas doce e salgada - Jornal Fatos e Not\u00edcias\" \/>\n<meta property=\"og:description\" content=\"Instala\u00e7\u00e3o osm\u00f3tica em Fukuoka mostra como o encontro entre \u00e1gua doce e salgada pode gerar energia limpa e cont\u00ednua Fukuoka, no Jap\u00e3o, inaugurou uma instala\u00e7\u00e3o que pode representar um marco para o futuro da\u00a0energia\u00a0renov\u00e1vel. Trata-se da primeira usina osm\u00f3tica do pa\u00eds \u2014 e apenas a segunda em opera\u00e7\u00e3o em todo o mundo. O projeto tem [&hellip;]\" \/>\n<meta property=\"og:url\" content=\"https:\/\/jornalfatosenoticias.com.br\/index.php\/2025\/10\/07\/japao-inaugura-usina-que-gera-energia-com-aguas-doce-e-salgada\/\" \/>\n<meta property=\"og:site_name\" content=\"Jornal Fatos e Not\u00edcias\" \/>\n<meta property=\"article:published_time\" content=\"2025-10-07T18:25:45+00:00\" \/>\n<meta property=\"article:modified_time\" content=\"2025-10-07T18:25:47+00:00\" \/>\n<meta property=\"og:image\" content=\"https:\/\/jornalfatosenoticias.com.br\/wp-content\/uploads\/2025\/10\/Japao-inaugura-usina-que-gera-energia-com-aguas-doce-e-salgada.jpg\" \/>\n\t<meta property=\"og:image:width\" content=\"960\" \/>\n\t<meta property=\"og:image:height\" content=\"540\" \/>\n\t<meta property=\"og:image:type\" content=\"image\/jpeg\" \/>\n<meta name=\"author\" content=\"Luzimara Fernandes\" \/>\n<meta name=\"twitter:card\" content=\"summary_large_image\" \/>\n<meta name=\"twitter:label1\" content=\"Escrito por\" \/>\n\t<meta name=\"twitter:data1\" content=\"Luzimara Fernandes\" \/>\n\t<meta name=\"twitter:label2\" content=\"Est. tempo de leitura\" \/>\n\t<meta name=\"twitter:data2\" content=\"4 minutos\" \/>\n<script type=\"application\/ld+json\" class=\"yoast-schema-graph\">{\"@context\":\"https:\/\/schema.org\",\"@graph\":[{\"@type\":\"Article\",\"@id\":\"https:\/\/jornalfatosenoticias.com.br\/index.php\/2025\/10\/07\/japao-inaugura-usina-que-gera-energia-com-aguas-doce-e-salgada\/#article\",\"isPartOf\":{\"@id\":\"https:\/\/jornalfatosenoticias.com.br\/index.php\/2025\/10\/07\/japao-inaugura-usina-que-gera-energia-com-aguas-doce-e-salgada\/\"},\"author\":{\"name\":\"Luzimara Fernandes\",\"@id\":\"https:\/\/jornalfatosenoticias.com.br\/#\/schema\/person\/d63837fa13ac8666eb9e74e0985d6f81\"},\"headline\":\"Jap\u00e3o inaugura usina que gera energia com \u00e1guas doce e salgada\",\"datePublished\":\"2025-10-07T18:25:45+00:00\",\"dateModified\":\"2025-10-07T18:25:47+00:00\",\"mainEntityOfPage\":{\"@id\":\"https:\/\/jornalfatosenoticias.com.br\/index.php\/2025\/10\/07\/japao-inaugura-usina-que-gera-energia-com-aguas-doce-e-salgada\/\"},\"wordCount\":767,\"commentCount\":0,\"publisher\":{\"@id\":\"https:\/\/jornalfatosenoticias.com.br\/#organization\"},\"image\":{\"@id\":\"https:\/\/jornalfatosenoticias.com.br\/index.php\/2025\/10\/07\/japao-inaugura-usina-que-gera-energia-com-aguas-doce-e-salgada\/#primaryimage\"},\"thumbnailUrl\":\"https:\/\/jornalfatosenoticias.com.br\/wp-content\/uploads\/2025\/10\/Japao-inaugura-usina-que-gera-energia-com-aguas-doce-e-salgada.jpg\",\"keywords\":[\"energia limpa\",\"energia renov\u00e1vel\",\"jap\u00e3o\",\"usina osm\u00f3tica\"],\"articleSection\":[\"Tecnologia &amp; Inova\u00e7\u00e3o\"],\"inLanguage\":\"pt-BR\",\"potentialAction\":[{\"@type\":\"CommentAction\",\"name\":\"Comment\",\"target\":[\"https:\/\/jornalfatosenoticias.com.br\/index.php\/2025\/10\/07\/japao-inaugura-usina-que-gera-energia-com-aguas-doce-e-salgada\/#respond\"]}]},{\"@type\":\"WebPage\",\"@id\":\"https:\/\/jornalfatosenoticias.com.br\/index.php\/2025\/10\/07\/japao-inaugura-usina-que-gera-energia-com-aguas-doce-e-salgada\/\",\"url\":\"https:\/\/jornalfatosenoticias.com.br\/index.php\/2025\/10\/07\/japao-inaugura-usina-que-gera-energia-com-aguas-doce-e-salgada\/\",\"name\":\"Jap\u00e3o inaugura usina que gera energia com \u00e1guas doce e salgada - Jornal Fatos e Not\u00edcias\",\"isPartOf\":{\"@id\":\"https:\/\/jornalfatosenoticias.com.br\/#website\"},\"primaryImageOfPage\":{\"@id\":\"https:\/\/jornalfatosenoticias.com.br\/index.php\/2025\/10\/07\/japao-inaugura-usina-que-gera-energia-com-aguas-doce-e-salgada\/#primaryimage\"},\"image\":{\"@id\":\"https:\/\/jornalfatosenoticias.com.br\/index.php\/2025\/10\/07\/japao-inaugura-usina-que-gera-energia-com-aguas-doce-e-salgada\/#primaryimage\"},\"thumbnailUrl\":\"https:\/\/jornalfatosenoticias.com.br\/wp-content\/uploads\/2025\/10\/Japao-inaugura-usina-que-gera-energia-com-aguas-doce-e-salgada.jpg\",\"datePublished\":\"2025-10-07T18:25:45+00:00\",\"dateModified\":\"2025-10-07T18:25:47+00:00\",\"breadcrumb\":{\"@id\":\"https:\/\/jornalfatosenoticias.com.br\/index.php\/2025\/10\/07\/japao-inaugura-usina-que-gera-energia-com-aguas-doce-e-salgada\/#breadcrumb\"},\"inLanguage\":\"pt-BR\",\"potentialAction\":[{\"@type\":\"ReadAction\",\"target\":[\"https:\/\/jornalfatosenoticias.com.br\/index.php\/2025\/10\/07\/japao-inaugura-usina-que-gera-energia-com-aguas-doce-e-salgada\/\"]}]},{\"@type\":\"ImageObject\",\"inLanguage\":\"pt-BR\",\"@id\":\"https:\/\/jornalfatosenoticias.com.br\/index.php\/2025\/10\/07\/japao-inaugura-usina-que-gera-energia-com-aguas-doce-e-salgada\/#primaryimage\",\"url\":\"https:\/\/jornalfatosenoticias.com.br\/wp-content\/uploads\/2025\/10\/Japao-inaugura-usina-que-gera-energia-com-aguas-doce-e-salgada.jpg\",\"contentUrl\":\"https:\/\/jornalfatosenoticias.com.br\/wp-content\/uploads\/2025\/10\/Japao-inaugura-usina-que-gera-energia-com-aguas-doce-e-salgada.jpg\",\"width\":960,\"height\":540},{\"@type\":\"BreadcrumbList\",\"@id\":\"https:\/\/jornalfatosenoticias.com.br\/index.php\/2025\/10\/07\/japao-inaugura-usina-que-gera-energia-com-aguas-doce-e-salgada\/#breadcrumb\",\"itemListElement\":[{\"@type\":\"ListItem\",\"position\":1,\"name\":\"In\u00edcio\",\"item\":\"https:\/\/jornalfatosenoticias.com.br\/\"},{\"@type\":\"ListItem\",\"position\":2,\"name\":\"Jap\u00e3o inaugura usina que gera energia com \u00e1guas doce e salgada\"}]},{\"@type\":\"WebSite\",\"@id\":\"https:\/\/jornalfatosenoticias.com.br\/#website\",\"url\":\"https:\/\/jornalfatosenoticias.com.br\/\",\"name\":\"Jornal Fatos e Not\u00edcias\",\"description\":\"Not\u00edcias em geral\",\"publisher\":{\"@id\":\"https:\/\/jornalfatosenoticias.com.br\/#organization\"},\"potentialAction\":[{\"@type\":\"SearchAction\",\"target\":{\"@type\":\"EntryPoint\",\"urlTemplate\":\"https:\/\/jornalfatosenoticias.com.br\/?s={search_term_string}\"},\"query-input\":{\"@type\":\"PropertyValueSpecification\",\"valueRequired\":true,\"valueName\":\"search_term_string\"}}],\"inLanguage\":\"pt-BR\"},{\"@type\":\"Organization\",\"@id\":\"https:\/\/jornalfatosenoticias.com.br\/#organization\",\"name\":\"Jornal Fatos e Not\u00edcias\",\"url\":\"https:\/\/jornalfatosenoticias.com.br\/\",\"logo\":{\"@type\":\"ImageObject\",\"inLanguage\":\"pt-BR\",\"@id\":\"https:\/\/jornalfatosenoticias.com.br\/#\/schema\/logo\/image\/\",\"url\":\"https:\/\/jornalfatosenoticias.com.br\/wp-content\/uploads\/2020\/02\/logo120.png\",\"contentUrl\":\"https:\/\/jornalfatosenoticias.com.br\/wp-content\/uploads\/2020\/02\/logo120.png\",\"width\":1227,\"height\":120,\"caption\":\"Jornal Fatos e Not\u00edcias\"},\"image\":{\"@id\":\"https:\/\/jornalfatosenoticias.com.br\/#\/schema\/logo\/image\/\"}},{\"@type\":\"Person\",\"@id\":\"https:\/\/jornalfatosenoticias.com.br\/#\/schema\/person\/d63837fa13ac8666eb9e74e0985d6f81\",\"name\":\"Luzimara Fernandes\",\"image\":{\"@type\":\"ImageObject\",\"inLanguage\":\"pt-BR\",\"@id\":\"https:\/\/jornalfatosenoticias.com.br\/#\/schema\/person\/image\/\",\"url\":\"https:\/\/jornalfatosenoticias.com.br\/wp-content\/uploads\/2025\/05\/EU_portal.jpg\",\"contentUrl\":\"https:\/\/jornalfatosenoticias.com.br\/wp-content\/uploads\/2025\/05\/EU_portal.jpg\",\"caption\":\"Luzimara Fernandes\"},\"description\":\"Jornalista MTB 2358-ES\",\"sameAs\":[\"https:\/\/jornalfatosenoticias.com.br\"],\"url\":\"https:\/\/jornalfatosenoticias.com.br\/index.php\/author\/luzimara\/\"}]}<\/script>\n<!-- \/ Yoast SEO plugin. -->","yoast_head_json":{"title":"Jap\u00e3o inaugura usina que gera energia com \u00e1guas doce e salgada - Jornal Fatos e Not\u00edcias","robots":{"index":"index","follow":"follow","max-snippet":"max-snippet:-1","max-image-preview":"max-image-preview:large","max-video-preview":"max-video-preview:-1"},"canonical":"https:\/\/jornalfatosenoticias.com.br\/index.php\/2025\/10\/07\/japao-inaugura-usina-que-gera-energia-com-aguas-doce-e-salgada\/","og_locale":"pt_BR","og_type":"article","og_title":"Jap\u00e3o inaugura usina que gera energia com \u00e1guas doce e salgada - Jornal Fatos e Not\u00edcias","og_description":"Instala\u00e7\u00e3o osm\u00f3tica em Fukuoka mostra como o encontro entre \u00e1gua doce e salgada pode gerar energia limpa e cont\u00ednua Fukuoka, no Jap\u00e3o, inaugurou uma instala\u00e7\u00e3o que pode representar um marco para o futuro da\u00a0energia\u00a0renov\u00e1vel. Trata-se da primeira usina osm\u00f3tica do pa\u00eds \u2014 e apenas a segunda em opera\u00e7\u00e3o em todo o mundo. O projeto tem [&hellip;]","og_url":"https:\/\/jornalfatosenoticias.com.br\/index.php\/2025\/10\/07\/japao-inaugura-usina-que-gera-energia-com-aguas-doce-e-salgada\/","og_site_name":"Jornal Fatos e Not\u00edcias","article_published_time":"2025-10-07T18:25:45+00:00","article_modified_time":"2025-10-07T18:25:47+00:00","og_image":[{"width":960,"height":540,"url":"https:\/\/jornalfatosenoticias.com.br\/wp-content\/uploads\/2025\/10\/Japao-inaugura-usina-que-gera-energia-com-aguas-doce-e-salgada.jpg","type":"image\/jpeg"}],"author":"Luzimara Fernandes","twitter_card":"summary_large_image","twitter_misc":{"Escrito por":"Luzimara Fernandes","Est. tempo de leitura":"4 minutos"},"schema":{"@context":"https:\/\/schema.org","@graph":[{"@type":"Article","@id":"https:\/\/jornalfatosenoticias.com.br\/index.php\/2025\/10\/07\/japao-inaugura-usina-que-gera-energia-com-aguas-doce-e-salgada\/#article","isPartOf":{"@id":"https:\/\/jornalfatosenoticias.com.br\/index.php\/2025\/10\/07\/japao-inaugura-usina-que-gera-energia-com-aguas-doce-e-salgada\/"},"author":{"name":"Luzimara Fernandes","@id":"https:\/\/jornalfatosenoticias.com.br\/#\/schema\/person\/d63837fa13ac8666eb9e74e0985d6f81"},"headline":"Jap\u00e3o inaugura usina que gera energia com \u00e1guas doce e salgada","datePublished":"2025-10-07T18:25:45+00:00","dateModified":"2025-10-07T18:25:47+00:00","mainEntityOfPage":{"@id":"https:\/\/jornalfatosenoticias.com.br\/index.php\/2025\/10\/07\/japao-inaugura-usina-que-gera-energia-com-aguas-doce-e-salgada\/"},"wordCount":767,"commentCount":0,"publisher":{"@id":"https:\/\/jornalfatosenoticias.com.br\/#organization"},"image":{"@id":"https:\/\/jornalfatosenoticias.com.br\/index.php\/2025\/10\/07\/japao-inaugura-usina-que-gera-energia-com-aguas-doce-e-salgada\/#primaryimage"},"thumbnailUrl":"https:\/\/jornalfatosenoticias.com.br\/wp-content\/uploads\/2025\/10\/Japao-inaugura-usina-que-gera-energia-com-aguas-doce-e-salgada.jpg","keywords":["energia limpa","energia renov\u00e1vel","jap\u00e3o","usina osm\u00f3tica"],"articleSection":["Tecnologia &amp; Inova\u00e7\u00e3o"],"inLanguage":"pt-BR","potentialAction":[{"@type":"CommentAction","name":"Comment","target":["https:\/\/jornalfatosenoticias.com.br\/index.php\/2025\/10\/07\/japao-inaugura-usina-que-gera-energia-com-aguas-doce-e-salgada\/#respond"]}]},{"@type":"WebPage","@id":"https:\/\/jornalfatosenoticias.com.br\/index.php\/2025\/10\/07\/japao-inaugura-usina-que-gera-energia-com-aguas-doce-e-salgada\/","url":"https:\/\/jornalfatosenoticias.com.br\/index.php\/2025\/10\/07\/japao-inaugura-usina-que-gera-energia-com-aguas-doce-e-salgada\/","name":"Jap\u00e3o inaugura usina que gera energia com \u00e1guas doce e salgada - Jornal Fatos e Not\u00edcias","isPartOf":{"@id":"https:\/\/jornalfatosenoticias.com.br\/#website"},"primaryImageOfPage":{"@id":"https:\/\/jornalfatosenoticias.com.br\/index.php\/2025\/10\/07\/japao-inaugura-usina-que-gera-energia-com-aguas-doce-e-salgada\/#primaryimage"},"image":{"@id":"https:\/\/jornalfatosenoticias.com.br\/index.php\/2025\/10\/07\/japao-inaugura-usina-que-gera-energia-com-aguas-doce-e-salgada\/#primaryimage"},"thumbnailUrl":"https:\/\/jornalfatosenoticias.com.br\/wp-content\/uploads\/2025\/10\/Japao-inaugura-usina-que-gera-energia-com-aguas-doce-e-salgada.jpg","datePublished":"2025-10-07T18:25:45+00:00","dateModified":"2025-10-07T18:25:47+00:00","breadcrumb":{"@id":"https:\/\/jornalfatosenoticias.com.br\/index.php\/2025\/10\/07\/japao-inaugura-usina-que-gera-energia-com-aguas-doce-e-salgada\/#breadcrumb"},"inLanguage":"pt-BR","potentialAction":[{"@type":"ReadAction","target":["https:\/\/jornalfatosenoticias.com.br\/index.php\/2025\/10\/07\/japao-inaugura-usina-que-gera-energia-com-aguas-doce-e-salgada\/"]}]},{"@type":"ImageObject","inLanguage":"pt-BR","@id":"https:\/\/jornalfatosenoticias.com.br\/index.php\/2025\/10\/07\/japao-inaugura-usina-que-gera-energia-com-aguas-doce-e-salgada\/#primaryimage","url":"https:\/\/jornalfatosenoticias.com.br\/wp-content\/uploads\/2025\/10\/Japao-inaugura-usina-que-gera-energia-com-aguas-doce-e-salgada.jpg","contentUrl":"https:\/\/jornalfatosenoticias.com.br\/wp-content\/uploads\/2025\/10\/Japao-inaugura-usina-que-gera-energia-com-aguas-doce-e-salgada.jpg","width":960,"height":540},{"@type":"BreadcrumbList","@id":"https:\/\/jornalfatosenoticias.com.br\/index.php\/2025\/10\/07\/japao-inaugura-usina-que-gera-energia-com-aguas-doce-e-salgada\/#breadcrumb","itemListElement":[{"@type":"ListItem","position":1,"name":"In\u00edcio","item":"https:\/\/jornalfatosenoticias.com.br\/"},{"@type":"ListItem","position":2,"name":"Jap\u00e3o inaugura usina que gera energia com \u00e1guas doce e salgada"}]},{"@type":"WebSite","@id":"https:\/\/jornalfatosenoticias.com.br\/#website","url":"https:\/\/jornalfatosenoticias.com.br\/","name":"Jornal Fatos e Not\u00edcias","description":"Not\u00edcias em geral","publisher":{"@id":"https:\/\/jornalfatosenoticias.com.br\/#organization"},"potentialAction":[{"@type":"SearchAction","target":{"@type":"EntryPoint","urlTemplate":"https:\/\/jornalfatosenoticias.com.br\/?s={search_term_string}"},"query-input":{"@type":"PropertyValueSpecification","valueRequired":true,"valueName":"search_term_string"}}],"inLanguage":"pt-BR"},{"@type":"Organization","@id":"https:\/\/jornalfatosenoticias.com.br\/#organization","name":"Jornal Fatos e Not\u00edcias","url":"https:\/\/jornalfatosenoticias.com.br\/","logo":{"@type":"ImageObject","inLanguage":"pt-BR","@id":"https:\/\/jornalfatosenoticias.com.br\/#\/schema\/logo\/image\/","url":"https:\/\/jornalfatosenoticias.com.br\/wp-content\/uploads\/2020\/02\/logo120.png","contentUrl":"https:\/\/jornalfatosenoticias.com.br\/wp-content\/uploads\/2020\/02\/logo120.png","width":1227,"height":120,"caption":"Jornal Fatos e Not\u00edcias"},"image":{"@id":"https:\/\/jornalfatosenoticias.com.br\/#\/schema\/logo\/image\/"}},{"@type":"Person","@id":"https:\/\/jornalfatosenoticias.com.br\/#\/schema\/person\/d63837fa13ac8666eb9e74e0985d6f81","name":"Luzimara Fernandes","image":{"@type":"ImageObject","inLanguage":"pt-BR","@id":"https:\/\/jornalfatosenoticias.com.br\/#\/schema\/person\/image\/","url":"https:\/\/jornalfatosenoticias.com.br\/wp-content\/uploads\/2025\/05\/EU_portal.jpg","contentUrl":"https:\/\/jornalfatosenoticias.com.br\/wp-content\/uploads\/2025\/05\/EU_portal.jpg","caption":"Luzimara Fernandes"},"description":"Jornalista MTB 2358-ES","sameAs":["https:\/\/jornalfatosenoticias.com.br"],"url":"https:\/\/jornalfatosenoticias.com.br\/index.php\/author\/luzimara\/"}]}},"cc_featured_image_caption":{"caption_text":"(Foto: Fukuoka Regional Waterworks) ","source_text":"","source_url":""},"jetpack_featured_media_url":"https:\/\/jornalfatosenoticias.com.br\/wp-content\/uploads\/2025\/10\/Japao-inaugura-usina-que-gera-energia-com-aguas-doce-e-salgada.jpg","_links":{"self":[{"href":"https:\/\/jornalfatosenoticias.com.br\/index.php\/wp-json\/wp\/v2\/posts\/62378","targetHints":{"allow":["GET"]}}],"collection":[{"href":"https:\/\/jornalfatosenoticias.com.br\/index.php\/wp-json\/wp\/v2\/posts"}],"about":[{"href":"https:\/\/jornalfatosenoticias.com.br\/index.php\/wp-json\/wp\/v2\/types\/post"}],"author":[{"embeddable":true,"href":"https:\/\/jornalfatosenoticias.com.br\/index.php\/wp-json\/wp\/v2\/users\/2"}],"replies":[{"embeddable":true,"href":"https:\/\/jornalfatosenoticias.com.br\/index.php\/wp-json\/wp\/v2\/comments?post=62378"}],"version-history":[{"count":0,"href":"https:\/\/jornalfatosenoticias.com.br\/index.php\/wp-json\/wp\/v2\/posts\/62378\/revisions"}],"wp:featuredmedia":[{"embeddable":true,"href":"https:\/\/jornalfatosenoticias.com.br\/index.php\/wp-json\/wp\/v2\/media\/62379"}],"wp:attachment":[{"href":"https:\/\/jornalfatosenoticias.com.br\/index.php\/wp-json\/wp\/v2\/media?parent=62378"}],"wp:term":[{"taxonomy":"category","embeddable":true,"href":"https:\/\/jornalfatosenoticias.com.br\/index.php\/wp-json\/wp\/v2\/categories?post=62378"},{"taxonomy":"post_tag","embeddable":true,"href":"https:\/\/jornalfatosenoticias.com.br\/index.php\/wp-json\/wp\/v2\/tags?post=62378"}],"curies":[{"name":"wp","href":"https:\/\/api.w.org\/{rel}","templated":true}]}}