{"id":62381,"date":"2025-10-07T15:31:58","date_gmt":"2025-10-07T18:31:58","guid":{"rendered":"https:\/\/jornalfatosenoticias.com.br\/?p=62381"},"modified":"2025-10-07T15:31:59","modified_gmt":"2025-10-07T18:31:59","slug":"descoberta-sobre-neuronios-pode-revolucionar-tratamento-do-alzheimer","status":"publish","type":"post","link":"https:\/\/jornalfatosenoticias.com.br\/index.php\/2025\/10\/07\/descoberta-sobre-neuronios-pode-revolucionar-tratamento-do-alzheimer\/","title":{"rendered":"Descoberta sobre neur\u00f4nios pode revolucionar tratamento do Alzheimer"},"content":{"rendered":"\n<p><em><span class=\"has-inline-color has-black-color\">Estudo revelou que a doen\u00e7a n\u00e3o \u00e9 causada pela morte dos neur\u00f4nios, mas sim pela queda de efici\u00eancia dos genes que mant\u00eam as c\u00e9lulas<\/span><\/em><\/p>\n\n\n\n<p><span class=\"has-inline-color has-black-color\">Por <strong><a href=\"https:\/\/olhardigital.com.br\/author\/alessandro-lorenzo\/\">Alessandro Di Lorenzo<\/a><\/strong><\/span><\/p>\n\n\n\n<div class=\"wp-block-image\"><figure class=\"aligncenter size-large\"><a href=\"https:\/\/panper.com.br\/\"><img loading=\"lazy\" decoding=\"async\" width=\"1024\" height=\"111\" src=\"https:\/\/jornalfatosenoticias.com.br\/wp-content\/uploads\/2020\/02\/WhatsApp-Image-2022-09-23-at-12.09.18-1024x111.jpeg\" alt=\"\" class=\"wp-image-34527\" srcset=\"https:\/\/jornalfatosenoticias.com.br\/wp-content\/uploads\/2020\/02\/WhatsApp-Image-2022-09-23-at-12.09.18-1024x111.jpeg 1024w, https:\/\/jornalfatosenoticias.com.br\/wp-content\/uploads\/2020\/02\/WhatsApp-Image-2022-09-23-at-12.09.18-300x32.jpeg 300w, https:\/\/jornalfatosenoticias.com.br\/wp-content\/uploads\/2020\/02\/WhatsApp-Image-2022-09-23-at-12.09.18-768x83.jpeg 768w, https:\/\/jornalfatosenoticias.com.br\/wp-content\/uploads\/2020\/02\/WhatsApp-Image-2022-09-23-at-12.09.18.jpeg 1121w\" sizes=\"auto, (max-width: 1024px) 100vw, 1024px\" \/><\/a><\/figure><\/div>\n\n\n\n<p>O <strong><a href=\"https:\/\/olhardigital.com.br\/tag\/alzheimer\/\" target=\"_blank\" rel=\"noreferrer noopener\">Alzheimer<\/a><\/strong> \u00e9 uma doen\u00e7a neurodegenerativa caracterizada pela perda gradual de fun\u00e7\u00f5es cognitivas, como mem\u00f3ria, linguagem e racioc\u00ednio. Al\u00e9m disso, ela est\u00e1 ligada a altera\u00e7\u00f5es comportamentais e de humor, afetando milh\u00f5es de pessoas em todo o mundo. Apesar de diversos tratamentos dispon\u00edveis, ainda existem muitas d\u00favidas sobre esta que \u00e9 considerada a forma mais comum de dem\u00eancia. Um cen\u00e1rio que pode mudar a partir de um estudo que criou o mapa mais detalhado j\u00e1 feito do envelhecimento cerebral humano.<br>Em pesquisa publicada na revista cient\u00edfica <em>Nature,<\/em> cientistas analisaram mais de 360 mil c\u00e9lulas do c\u00f3rtex pr\u00e9-frontal, regi\u00e3o ligada \u00e0 mem\u00f3ria, aten\u00e7\u00e3o e tomada de decis\u00f5es, em c\u00e9rebros de pessoas de idades que v\u00e3o de rec\u00e9m-nascidos a centen\u00e1rios. At\u00e9 agora, a ci\u00eancia explicava o envelhecimento cerebral sobretudo por dois mecanismos: a perda de neur\u00f4nios ao longo da vida, o que reduziria a capacidade de processamento do c\u00e9rebro, e o ac\u00famulo de prote\u00ednas t\u00f3xicas, como beta-amiloide e tau, associadas a doen\u00e7as como Alzheimer.<\/p>\n\n\n\n<div class=\"wp-block-image\"><figure class=\"aligncenter size-large\"><a href=\"https:\/\/www.cesconetto.com.br\/\"><img loading=\"lazy\" decoding=\"async\" width=\"300\" height=\"250\" src=\"https:\/\/jornalfatosenoticias.com.br\/wp-content\/uploads\/2022\/02\/Banner-2.png\" alt=\"\" class=\"wp-image-27877\"\/><\/a><\/figure><\/div>\n\n\n\n<p>O novo trabalho, no entanto, revelou que a condi\u00e7\u00e3o n\u00e3o ocorre em fun\u00e7\u00e3o da perda de neur\u00f4nios, mas sim pela queda de efici\u00eancia dos genes que mant\u00eam essas c\u00e9lulas funcionando. Esse preju\u00edzo fica mais evidente ap\u00f3s os 40 anos de idade. Segundo a equipe respons\u00e1vel pelo trabalho, as descobertas abrem novas possibilidades de tratamento contra a doen\u00e7a. Os pesquisadores afirmam que os resultados do estudo demonstram que os cuidados com o c\u00e9rebro precisam come\u00e7ar cedo, especialmente a partir dos 40 anos.<\/p>\n\n\n\n<div class=\"wp-block-image\"><figure class=\"aligncenter size-large is-resized\"><a href=\"https:\/\/hotelmarquetti.com.br\/\"><img loading=\"lazy\" decoding=\"async\" src=\"https:\/\/jornalfatosenoticias.com.br\/wp-content\/uploads\/2020\/02\/LOGO-MQ-1024x680.jpg\" alt=\"\" class=\"wp-image-58299\" width=\"317\" height=\"211\" srcset=\"https:\/\/jornalfatosenoticias.com.br\/wp-content\/uploads\/2020\/02\/LOGO-MQ-1024x680.jpg 1024w, https:\/\/jornalfatosenoticias.com.br\/wp-content\/uploads\/2020\/02\/LOGO-MQ-300x199.jpg 300w, https:\/\/jornalfatosenoticias.com.br\/wp-content\/uploads\/2020\/02\/LOGO-MQ-768x510.jpg 768w, https:\/\/jornalfatosenoticias.com.br\/wp-content\/uploads\/2020\/02\/LOGO-MQ-1536x1020.jpg 1536w, https:\/\/jornalfatosenoticias.com.br\/wp-content\/uploads\/2020\/02\/LOGO-MQ-2048x1360.jpg 2048w\" sizes=\"auto, (max-width: 317px) 100vw, 317px\" \/><\/a><\/figure><\/div>\n\n\n\n<p>Outro ponto \u00e9 a identifica\u00e7\u00e3o de novos alvos terap\u00eauticos. Ao mostrar que os genes de manuten\u00e7\u00e3o celular s\u00e3o os mais afetados pelo envelhecimento, o estudo indica que futuras drogas podem ser desenhadas para preservar ou restaurar a efici\u00eancia desse processo. Os cientistas ainda observam que os resultados da pesquisa ajudam a explicar por que alguns indiv\u00edduos desenvolvem Alzheimer enquanto outros envelhecem sem apresentar um decl\u00ednio t\u00e3o acentuado. Dessa forma, \u00e9 poss\u00edvel pensar em formas de diagn\u00f3sticos mais precoces, estrat\u00e9gias de acompanhamento personalizadas e, no futuro, terapias voltadas \u00e0 causa biol\u00f3gica do envelhecimento cerebral.<\/p>\n\n\n\n<div class=\"wp-block-image\"><figure class=\"aligncenter size-large is-resized\"><a href=\"https:\/\/www.instagram.com\/esteio.churrascaria\/\"><img loading=\"lazy\" decoding=\"async\" src=\"https:\/\/jornalfatosenoticias.com.br\/wp-content\/uploads\/2022\/02\/LOGO-ESTEIO-1024x730.png\" alt=\"\" class=\"wp-image-27942\" width=\"315\" height=\"224\" srcset=\"https:\/\/jornalfatosenoticias.com.br\/wp-content\/uploads\/2022\/02\/LOGO-ESTEIO-1024x730.png 1024w, https:\/\/jornalfatosenoticias.com.br\/wp-content\/uploads\/2022\/02\/LOGO-ESTEIO-300x214.png 300w, https:\/\/jornalfatosenoticias.com.br\/wp-content\/uploads\/2022\/02\/LOGO-ESTEIO-768x548.png 768w, https:\/\/jornalfatosenoticias.com.br\/wp-content\/uploads\/2022\/02\/LOGO-ESTEIO.png 1123w\" sizes=\"auto, (max-width: 315px) 100vw, 315px\" \/><\/a><\/figure><\/div>\n\n\n\n<p><strong>Fonte: <a href=\"https:\/\/olhardigital.com.br\/2025\/09\/27\/medicina-e-saude\/descoberta-sobre-neuronios-pode-revolucionar-tratamento-do-alzheimer\/\">Olhar Digital<\/a><\/strong><\/p>\n","protected":false},"excerpt":{"rendered":"<p>Estudo revelou que a doen\u00e7a n\u00e3o \u00e9 causada pela morte dos neur\u00f4nios, mas sim pela queda de efici\u00eancia dos genes que mant\u00eam as c\u00e9lulas Por Alessandro Di Lorenzo O Alzheimer \u00e9 uma doen\u00e7a neurodegenerativa caracterizada pela perda gradual de fun\u00e7\u00f5es cognitivas, como mem\u00f3ria, linguagem e racioc\u00ednio. Al\u00e9m disso, ela est\u00e1 ligada a altera\u00e7\u00f5es comportamentais e [&hellip;]<\/p>\n","protected":false},"author":2,"featured_media":62382,"comment_status":"open","ping_status":"open","sticky":false,"template":"","format":"standard","meta":{"footnotes":""},"categories":[11],"tags":[2501,3402,394,14099,24432,21525,3247,2699,8765],"class_list":["post-62381","post","type-post","status-publish","format-standard","has-post-thumbnail","hentry","category-saude","tag-alzheimer","tag-demencia","tag-doenca","tag-doenca-neurodegenerativa","tag-envelhecimento-cerebral","tag-funcoes-cognitivas","tag-memoria","tag-neuronios","tag-raciocinio"],"yoast_head":"<!-- This site is optimized with the Yoast SEO plugin v26.5 - https:\/\/yoast.com\/wordpress\/plugins\/seo\/ -->\n<title>Descoberta sobre neur\u00f4nios pode revolucionar tratamento do Alzheimer - Jornal Fatos e Not\u00edcias<\/title>\n<meta name=\"robots\" content=\"index, follow, max-snippet:-1, max-image-preview:large, max-video-preview:-1\" \/>\n<link rel=\"canonical\" href=\"https:\/\/jornalfatosenoticias.com.br\/index.php\/2025\/10\/07\/descoberta-sobre-neuronios-pode-revolucionar-tratamento-do-alzheimer\/\" \/>\n<meta property=\"og:locale\" content=\"pt_BR\" \/>\n<meta property=\"og:type\" content=\"article\" \/>\n<meta property=\"og:title\" content=\"Descoberta sobre neur\u00f4nios pode revolucionar tratamento do Alzheimer - Jornal Fatos e Not\u00edcias\" \/>\n<meta property=\"og:description\" content=\"Estudo revelou que a doen\u00e7a n\u00e3o \u00e9 causada pela morte dos neur\u00f4nios, mas sim pela queda de efici\u00eancia dos genes que mant\u00eam as c\u00e9lulas Por Alessandro Di Lorenzo O Alzheimer \u00e9 uma doen\u00e7a neurodegenerativa caracterizada pela perda gradual de fun\u00e7\u00f5es cognitivas, como mem\u00f3ria, linguagem e racioc\u00ednio. Al\u00e9m disso, ela est\u00e1 ligada a altera\u00e7\u00f5es comportamentais e [&hellip;]\" \/>\n<meta property=\"og:url\" content=\"https:\/\/jornalfatosenoticias.com.br\/index.php\/2025\/10\/07\/descoberta-sobre-neuronios-pode-revolucionar-tratamento-do-alzheimer\/\" \/>\n<meta property=\"og:site_name\" content=\"Jornal Fatos e Not\u00edcias\" \/>\n<meta property=\"article:published_time\" content=\"2025-10-07T18:31:58+00:00\" \/>\n<meta property=\"article:modified_time\" content=\"2025-10-07T18:31:59+00:00\" \/>\n<meta property=\"og:image\" content=\"https:\/\/jornalfatosenoticias.com.br\/wp-content\/uploads\/2025\/10\/Alzheimer_Pixabay.jpg\" \/>\n\t<meta property=\"og:image:width\" content=\"1000\" \/>\n\t<meta property=\"og:image:height\" content=\"623\" \/>\n\t<meta property=\"og:image:type\" content=\"image\/jpeg\" \/>\n<meta name=\"author\" content=\"Luzimara Fernandes\" \/>\n<meta name=\"twitter:card\" content=\"summary_large_image\" \/>\n<meta name=\"twitter:label1\" content=\"Escrito por\" \/>\n\t<meta name=\"twitter:data1\" content=\"Luzimara Fernandes\" \/>\n\t<meta name=\"twitter:label2\" content=\"Est. tempo de leitura\" \/>\n\t<meta name=\"twitter:data2\" content=\"2 minutos\" \/>\n<script type=\"application\/ld+json\" class=\"yoast-schema-graph\">{\"@context\":\"https:\/\/schema.org\",\"@graph\":[{\"@type\":\"Article\",\"@id\":\"https:\/\/jornalfatosenoticias.com.br\/index.php\/2025\/10\/07\/descoberta-sobre-neuronios-pode-revolucionar-tratamento-do-alzheimer\/#article\",\"isPartOf\":{\"@id\":\"https:\/\/jornalfatosenoticias.com.br\/index.php\/2025\/10\/07\/descoberta-sobre-neuronios-pode-revolucionar-tratamento-do-alzheimer\/\"},\"author\":{\"name\":\"Luzimara Fernandes\",\"@id\":\"https:\/\/jornalfatosenoticias.com.br\/#\/schema\/person\/d63837fa13ac8666eb9e74e0985d6f81\"},\"headline\":\"Descoberta sobre neur\u00f4nios pode revolucionar tratamento do Alzheimer\",\"datePublished\":\"2025-10-07T18:31:58+00:00\",\"dateModified\":\"2025-10-07T18:31:59+00:00\",\"mainEntityOfPage\":{\"@id\":\"https:\/\/jornalfatosenoticias.com.br\/index.php\/2025\/10\/07\/descoberta-sobre-neuronios-pode-revolucionar-tratamento-do-alzheimer\/\"},\"wordCount\":426,\"commentCount\":0,\"publisher\":{\"@id\":\"https:\/\/jornalfatosenoticias.com.br\/#organization\"},\"image\":{\"@id\":\"https:\/\/jornalfatosenoticias.com.br\/index.php\/2025\/10\/07\/descoberta-sobre-neuronios-pode-revolucionar-tratamento-do-alzheimer\/#primaryimage\"},\"thumbnailUrl\":\"https:\/\/jornalfatosenoticias.com.br\/wp-content\/uploads\/2025\/10\/Alzheimer_Pixabay.jpg\",\"keywords\":[\"Alzheimer\",\"dem\u00eancia\",\"doen\u00e7a\",\"doen\u00e7a neurodegenerativa\",\"envelhecimento cerebral\",\"fun\u00e7\u00f5es cognitivas\",\"mem\u00f3ria\",\"neur\u00f4nios\",\"racioc\u00ednio\"],\"articleSection\":[\"Sa\u00fade\"],\"inLanguage\":\"pt-BR\",\"potentialAction\":[{\"@type\":\"CommentAction\",\"name\":\"Comment\",\"target\":[\"https:\/\/jornalfatosenoticias.com.br\/index.php\/2025\/10\/07\/descoberta-sobre-neuronios-pode-revolucionar-tratamento-do-alzheimer\/#respond\"]}]},{\"@type\":\"WebPage\",\"@id\":\"https:\/\/jornalfatosenoticias.com.br\/index.php\/2025\/10\/07\/descoberta-sobre-neuronios-pode-revolucionar-tratamento-do-alzheimer\/\",\"url\":\"https:\/\/jornalfatosenoticias.com.br\/index.php\/2025\/10\/07\/descoberta-sobre-neuronios-pode-revolucionar-tratamento-do-alzheimer\/\",\"name\":\"Descoberta sobre neur\u00f4nios pode revolucionar tratamento do Alzheimer - Jornal Fatos e Not\u00edcias\",\"isPartOf\":{\"@id\":\"https:\/\/jornalfatosenoticias.com.br\/#website\"},\"primaryImageOfPage\":{\"@id\":\"https:\/\/jornalfatosenoticias.com.br\/index.php\/2025\/10\/07\/descoberta-sobre-neuronios-pode-revolucionar-tratamento-do-alzheimer\/#primaryimage\"},\"image\":{\"@id\":\"https:\/\/jornalfatosenoticias.com.br\/index.php\/2025\/10\/07\/descoberta-sobre-neuronios-pode-revolucionar-tratamento-do-alzheimer\/#primaryimage\"},\"thumbnailUrl\":\"https:\/\/jornalfatosenoticias.com.br\/wp-content\/uploads\/2025\/10\/Alzheimer_Pixabay.jpg\",\"datePublished\":\"2025-10-07T18:31:58+00:00\",\"dateModified\":\"2025-10-07T18:31:59+00:00\",\"breadcrumb\":{\"@id\":\"https:\/\/jornalfatosenoticias.com.br\/index.php\/2025\/10\/07\/descoberta-sobre-neuronios-pode-revolucionar-tratamento-do-alzheimer\/#breadcrumb\"},\"inLanguage\":\"pt-BR\",\"potentialAction\":[{\"@type\":\"ReadAction\",\"target\":[\"https:\/\/jornalfatosenoticias.com.br\/index.php\/2025\/10\/07\/descoberta-sobre-neuronios-pode-revolucionar-tratamento-do-alzheimer\/\"]}]},{\"@type\":\"ImageObject\",\"inLanguage\":\"pt-BR\",\"@id\":\"https:\/\/jornalfatosenoticias.com.br\/index.php\/2025\/10\/07\/descoberta-sobre-neuronios-pode-revolucionar-tratamento-do-alzheimer\/#primaryimage\",\"url\":\"https:\/\/jornalfatosenoticias.com.br\/wp-content\/uploads\/2025\/10\/Alzheimer_Pixabay.jpg\",\"contentUrl\":\"https:\/\/jornalfatosenoticias.com.br\/wp-content\/uploads\/2025\/10\/Alzheimer_Pixabay.jpg\",\"width\":1000,\"height\":623},{\"@type\":\"BreadcrumbList\",\"@id\":\"https:\/\/jornalfatosenoticias.com.br\/index.php\/2025\/10\/07\/descoberta-sobre-neuronios-pode-revolucionar-tratamento-do-alzheimer\/#breadcrumb\",\"itemListElement\":[{\"@type\":\"ListItem\",\"position\":1,\"name\":\"In\u00edcio\",\"item\":\"https:\/\/jornalfatosenoticias.com.br\/\"},{\"@type\":\"ListItem\",\"position\":2,\"name\":\"Descoberta sobre neur\u00f4nios pode revolucionar tratamento do Alzheimer\"}]},{\"@type\":\"WebSite\",\"@id\":\"https:\/\/jornalfatosenoticias.com.br\/#website\",\"url\":\"https:\/\/jornalfatosenoticias.com.br\/\",\"name\":\"Jornal Fatos e Not\u00edcias\",\"description\":\"Not\u00edcias em geral\",\"publisher\":{\"@id\":\"https:\/\/jornalfatosenoticias.com.br\/#organization\"},\"potentialAction\":[{\"@type\":\"SearchAction\",\"target\":{\"@type\":\"EntryPoint\",\"urlTemplate\":\"https:\/\/jornalfatosenoticias.com.br\/?s={search_term_string}\"},\"query-input\":{\"@type\":\"PropertyValueSpecification\",\"valueRequired\":true,\"valueName\":\"search_term_string\"}}],\"inLanguage\":\"pt-BR\"},{\"@type\":\"Organization\",\"@id\":\"https:\/\/jornalfatosenoticias.com.br\/#organization\",\"name\":\"Jornal Fatos e Not\u00edcias\",\"url\":\"https:\/\/jornalfatosenoticias.com.br\/\",\"logo\":{\"@type\":\"ImageObject\",\"inLanguage\":\"pt-BR\",\"@id\":\"https:\/\/jornalfatosenoticias.com.br\/#\/schema\/logo\/image\/\",\"url\":\"https:\/\/jornalfatosenoticias.com.br\/wp-content\/uploads\/2020\/02\/logo120.png\",\"contentUrl\":\"https:\/\/jornalfatosenoticias.com.br\/wp-content\/uploads\/2020\/02\/logo120.png\",\"width\":1227,\"height\":120,\"caption\":\"Jornal Fatos e Not\u00edcias\"},\"image\":{\"@id\":\"https:\/\/jornalfatosenoticias.com.br\/#\/schema\/logo\/image\/\"}},{\"@type\":\"Person\",\"@id\":\"https:\/\/jornalfatosenoticias.com.br\/#\/schema\/person\/d63837fa13ac8666eb9e74e0985d6f81\",\"name\":\"Luzimara Fernandes\",\"image\":{\"@type\":\"ImageObject\",\"inLanguage\":\"pt-BR\",\"@id\":\"https:\/\/jornalfatosenoticias.com.br\/#\/schema\/person\/image\/\",\"url\":\"https:\/\/jornalfatosenoticias.com.br\/wp-content\/uploads\/2025\/05\/EU_portal.jpg\",\"contentUrl\":\"https:\/\/jornalfatosenoticias.com.br\/wp-content\/uploads\/2025\/05\/EU_portal.jpg\",\"caption\":\"Luzimara Fernandes\"},\"description\":\"Jornalista MTB 2358-ES\",\"sameAs\":[\"https:\/\/jornalfatosenoticias.com.br\"],\"url\":\"https:\/\/jornalfatosenoticias.com.br\/index.php\/author\/luzimara\/\"}]}<\/script>\n<!-- \/ Yoast SEO plugin. -->","yoast_head_json":{"title":"Descoberta sobre neur\u00f4nios pode revolucionar tratamento do Alzheimer - Jornal Fatos e Not\u00edcias","robots":{"index":"index","follow":"follow","max-snippet":"max-snippet:-1","max-image-preview":"max-image-preview:large","max-video-preview":"max-video-preview:-1"},"canonical":"https:\/\/jornalfatosenoticias.com.br\/index.php\/2025\/10\/07\/descoberta-sobre-neuronios-pode-revolucionar-tratamento-do-alzheimer\/","og_locale":"pt_BR","og_type":"article","og_title":"Descoberta sobre neur\u00f4nios pode revolucionar tratamento do Alzheimer - Jornal Fatos e Not\u00edcias","og_description":"Estudo revelou que a doen\u00e7a n\u00e3o \u00e9 causada pela morte dos neur\u00f4nios, mas sim pela queda de efici\u00eancia dos genes que mant\u00eam as c\u00e9lulas Por Alessandro Di Lorenzo O Alzheimer \u00e9 uma doen\u00e7a neurodegenerativa caracterizada pela perda gradual de fun\u00e7\u00f5es cognitivas, como mem\u00f3ria, linguagem e racioc\u00ednio. Al\u00e9m disso, ela est\u00e1 ligada a altera\u00e7\u00f5es comportamentais e [&hellip;]","og_url":"https:\/\/jornalfatosenoticias.com.br\/index.php\/2025\/10\/07\/descoberta-sobre-neuronios-pode-revolucionar-tratamento-do-alzheimer\/","og_site_name":"Jornal Fatos e Not\u00edcias","article_published_time":"2025-10-07T18:31:58+00:00","article_modified_time":"2025-10-07T18:31:59+00:00","og_image":[{"width":1000,"height":623,"url":"https:\/\/jornalfatosenoticias.com.br\/wp-content\/uploads\/2025\/10\/Alzheimer_Pixabay.jpg","type":"image\/jpeg"}],"author":"Luzimara Fernandes","twitter_card":"summary_large_image","twitter_misc":{"Escrito por":"Luzimara Fernandes","Est. tempo de leitura":"2 minutos"},"schema":{"@context":"https:\/\/schema.org","@graph":[{"@type":"Article","@id":"https:\/\/jornalfatosenoticias.com.br\/index.php\/2025\/10\/07\/descoberta-sobre-neuronios-pode-revolucionar-tratamento-do-alzheimer\/#article","isPartOf":{"@id":"https:\/\/jornalfatosenoticias.com.br\/index.php\/2025\/10\/07\/descoberta-sobre-neuronios-pode-revolucionar-tratamento-do-alzheimer\/"},"author":{"name":"Luzimara Fernandes","@id":"https:\/\/jornalfatosenoticias.com.br\/#\/schema\/person\/d63837fa13ac8666eb9e74e0985d6f81"},"headline":"Descoberta sobre neur\u00f4nios pode revolucionar tratamento do Alzheimer","datePublished":"2025-10-07T18:31:58+00:00","dateModified":"2025-10-07T18:31:59+00:00","mainEntityOfPage":{"@id":"https:\/\/jornalfatosenoticias.com.br\/index.php\/2025\/10\/07\/descoberta-sobre-neuronios-pode-revolucionar-tratamento-do-alzheimer\/"},"wordCount":426,"commentCount":0,"publisher":{"@id":"https:\/\/jornalfatosenoticias.com.br\/#organization"},"image":{"@id":"https:\/\/jornalfatosenoticias.com.br\/index.php\/2025\/10\/07\/descoberta-sobre-neuronios-pode-revolucionar-tratamento-do-alzheimer\/#primaryimage"},"thumbnailUrl":"https:\/\/jornalfatosenoticias.com.br\/wp-content\/uploads\/2025\/10\/Alzheimer_Pixabay.jpg","keywords":["Alzheimer","dem\u00eancia","doen\u00e7a","doen\u00e7a neurodegenerativa","envelhecimento cerebral","fun\u00e7\u00f5es cognitivas","mem\u00f3ria","neur\u00f4nios","racioc\u00ednio"],"articleSection":["Sa\u00fade"],"inLanguage":"pt-BR","potentialAction":[{"@type":"CommentAction","name":"Comment","target":["https:\/\/jornalfatosenoticias.com.br\/index.php\/2025\/10\/07\/descoberta-sobre-neuronios-pode-revolucionar-tratamento-do-alzheimer\/#respond"]}]},{"@type":"WebPage","@id":"https:\/\/jornalfatosenoticias.com.br\/index.php\/2025\/10\/07\/descoberta-sobre-neuronios-pode-revolucionar-tratamento-do-alzheimer\/","url":"https:\/\/jornalfatosenoticias.com.br\/index.php\/2025\/10\/07\/descoberta-sobre-neuronios-pode-revolucionar-tratamento-do-alzheimer\/","name":"Descoberta sobre neur\u00f4nios pode revolucionar tratamento do Alzheimer - Jornal Fatos e Not\u00edcias","isPartOf":{"@id":"https:\/\/jornalfatosenoticias.com.br\/#website"},"primaryImageOfPage":{"@id":"https:\/\/jornalfatosenoticias.com.br\/index.php\/2025\/10\/07\/descoberta-sobre-neuronios-pode-revolucionar-tratamento-do-alzheimer\/#primaryimage"},"image":{"@id":"https:\/\/jornalfatosenoticias.com.br\/index.php\/2025\/10\/07\/descoberta-sobre-neuronios-pode-revolucionar-tratamento-do-alzheimer\/#primaryimage"},"thumbnailUrl":"https:\/\/jornalfatosenoticias.com.br\/wp-content\/uploads\/2025\/10\/Alzheimer_Pixabay.jpg","datePublished":"2025-10-07T18:31:58+00:00","dateModified":"2025-10-07T18:31:59+00:00","breadcrumb":{"@id":"https:\/\/jornalfatosenoticias.com.br\/index.php\/2025\/10\/07\/descoberta-sobre-neuronios-pode-revolucionar-tratamento-do-alzheimer\/#breadcrumb"},"inLanguage":"pt-BR","potentialAction":[{"@type":"ReadAction","target":["https:\/\/jornalfatosenoticias.com.br\/index.php\/2025\/10\/07\/descoberta-sobre-neuronios-pode-revolucionar-tratamento-do-alzheimer\/"]}]},{"@type":"ImageObject","inLanguage":"pt-BR","@id":"https:\/\/jornalfatosenoticias.com.br\/index.php\/2025\/10\/07\/descoberta-sobre-neuronios-pode-revolucionar-tratamento-do-alzheimer\/#primaryimage","url":"https:\/\/jornalfatosenoticias.com.br\/wp-content\/uploads\/2025\/10\/Alzheimer_Pixabay.jpg","contentUrl":"https:\/\/jornalfatosenoticias.com.br\/wp-content\/uploads\/2025\/10\/Alzheimer_Pixabay.jpg","width":1000,"height":623},{"@type":"BreadcrumbList","@id":"https:\/\/jornalfatosenoticias.com.br\/index.php\/2025\/10\/07\/descoberta-sobre-neuronios-pode-revolucionar-tratamento-do-alzheimer\/#breadcrumb","itemListElement":[{"@type":"ListItem","position":1,"name":"In\u00edcio","item":"https:\/\/jornalfatosenoticias.com.br\/"},{"@type":"ListItem","position":2,"name":"Descoberta sobre neur\u00f4nios pode revolucionar tratamento do Alzheimer"}]},{"@type":"WebSite","@id":"https:\/\/jornalfatosenoticias.com.br\/#website","url":"https:\/\/jornalfatosenoticias.com.br\/","name":"Jornal Fatos e Not\u00edcias","description":"Not\u00edcias em geral","publisher":{"@id":"https:\/\/jornalfatosenoticias.com.br\/#organization"},"potentialAction":[{"@type":"SearchAction","target":{"@type":"EntryPoint","urlTemplate":"https:\/\/jornalfatosenoticias.com.br\/?s={search_term_string}"},"query-input":{"@type":"PropertyValueSpecification","valueRequired":true,"valueName":"search_term_string"}}],"inLanguage":"pt-BR"},{"@type":"Organization","@id":"https:\/\/jornalfatosenoticias.com.br\/#organization","name":"Jornal Fatos e Not\u00edcias","url":"https:\/\/jornalfatosenoticias.com.br\/","logo":{"@type":"ImageObject","inLanguage":"pt-BR","@id":"https:\/\/jornalfatosenoticias.com.br\/#\/schema\/logo\/image\/","url":"https:\/\/jornalfatosenoticias.com.br\/wp-content\/uploads\/2020\/02\/logo120.png","contentUrl":"https:\/\/jornalfatosenoticias.com.br\/wp-content\/uploads\/2020\/02\/logo120.png","width":1227,"height":120,"caption":"Jornal Fatos e Not\u00edcias"},"image":{"@id":"https:\/\/jornalfatosenoticias.com.br\/#\/schema\/logo\/image\/"}},{"@type":"Person","@id":"https:\/\/jornalfatosenoticias.com.br\/#\/schema\/person\/d63837fa13ac8666eb9e74e0985d6f81","name":"Luzimara Fernandes","image":{"@type":"ImageObject","inLanguage":"pt-BR","@id":"https:\/\/jornalfatosenoticias.com.br\/#\/schema\/person\/image\/","url":"https:\/\/jornalfatosenoticias.com.br\/wp-content\/uploads\/2025\/05\/EU_portal.jpg","contentUrl":"https:\/\/jornalfatosenoticias.com.br\/wp-content\/uploads\/2025\/05\/EU_portal.jpg","caption":"Luzimara Fernandes"},"description":"Jornalista MTB 2358-ES","sameAs":["https:\/\/jornalfatosenoticias.com.br"],"url":"https:\/\/jornalfatosenoticias.com.br\/index.php\/author\/luzimara\/"}]}},"cc_featured_image_caption":{"caption_text":"(Foto: Pixabay) ","source_text":"","source_url":""},"jetpack_featured_media_url":"https:\/\/jornalfatosenoticias.com.br\/wp-content\/uploads\/2025\/10\/Alzheimer_Pixabay.jpg","_links":{"self":[{"href":"https:\/\/jornalfatosenoticias.com.br\/index.php\/wp-json\/wp\/v2\/posts\/62381","targetHints":{"allow":["GET"]}}],"collection":[{"href":"https:\/\/jornalfatosenoticias.com.br\/index.php\/wp-json\/wp\/v2\/posts"}],"about":[{"href":"https:\/\/jornalfatosenoticias.com.br\/index.php\/wp-json\/wp\/v2\/types\/post"}],"author":[{"embeddable":true,"href":"https:\/\/jornalfatosenoticias.com.br\/index.php\/wp-json\/wp\/v2\/users\/2"}],"replies":[{"embeddable":true,"href":"https:\/\/jornalfatosenoticias.com.br\/index.php\/wp-json\/wp\/v2\/comments?post=62381"}],"version-history":[{"count":0,"href":"https:\/\/jornalfatosenoticias.com.br\/index.php\/wp-json\/wp\/v2\/posts\/62381\/revisions"}],"wp:featuredmedia":[{"embeddable":true,"href":"https:\/\/jornalfatosenoticias.com.br\/index.php\/wp-json\/wp\/v2\/media\/62382"}],"wp:attachment":[{"href":"https:\/\/jornalfatosenoticias.com.br\/index.php\/wp-json\/wp\/v2\/media?parent=62381"}],"wp:term":[{"taxonomy":"category","embeddable":true,"href":"https:\/\/jornalfatosenoticias.com.br\/index.php\/wp-json\/wp\/v2\/categories?post=62381"},{"taxonomy":"post_tag","embeddable":true,"href":"https:\/\/jornalfatosenoticias.com.br\/index.php\/wp-json\/wp\/v2\/tags?post=62381"}],"curies":[{"name":"wp","href":"https:\/\/api.w.org\/{rel}","templated":true}]}}