{"id":62384,"date":"2025-10-07T16:07:16","date_gmt":"2025-10-07T19:07:16","guid":{"rendered":"https:\/\/jornalfatosenoticias.com.br\/?p=62384"},"modified":"2025-10-07T16:07:18","modified_gmt":"2025-10-07T19:07:18","slug":"stf-custa-r-908-milhoes-com-cerca-de-40-de-gastos-relacionados-a-penduricalhos","status":"publish","type":"post","link":"https:\/\/jornalfatosenoticias.com.br\/index.php\/2025\/10\/07\/stf-custa-r-908-milhoes-com-cerca-de-40-de-gastos-relacionados-a-penduricalhos\/","title":{"rendered":"STF custa R$ 908 milh\u00f5es com cerca de 40% de gastos relacionados a \u201cpenduricalhos\u201d"},"content":{"rendered":"\n<p><em><span class=\"has-inline-color has-black-color\">Gastos o Judici\u00e1rio s\u00e3o os maiores da hist\u00f3ria e forma como STF lan\u00e7a despesas gera questionamentos \u00e0 transpar\u00eancia<\/span><\/em><\/p>\n\n\n\n<p><span class=\"has-inline-color has-black-color\">Por <strong><a href=\"https:\/\/www.gazetadopovo.com.br\/autor\/juliet-manfrin\/\">Juliet Manfrin<\/a>\/<a href=\"https:\/\/www.gazetadopovo.com.br\/autor\/camila-abrao\/\">Camila Abr\u00e3o<\/a><\/strong><\/span><\/p>\n\n\n\n<div class=\"wp-block-image\"><figure class=\"aligncenter size-large\"><a href=\"https:\/\/mizu.com.br\/\"><img loading=\"lazy\" decoding=\"async\" width=\"729\" height=\"90\" src=\"https:\/\/jornalfatosenoticias.com.br\/wp-content\/uploads\/2020\/02\/Logo_Mizu.png\" alt=\"\" class=\"wp-image-1441\" srcset=\"https:\/\/jornalfatosenoticias.com.br\/wp-content\/uploads\/2020\/02\/Logo_Mizu.png 729w, https:\/\/jornalfatosenoticias.com.br\/wp-content\/uploads\/2020\/02\/Logo_Mizu-300x37.png 300w\" sizes=\"auto, (max-width: 729px) 100vw, 729px\" \/><\/a><\/figure><\/div>\n\n\n\n<p>O Relat\u00f3rio Justi\u00e7a em N\u00fameros 2025 (ano-base 2024), publicado pelo Conselho Nacional de Justi\u00e7a (<a href=\"https:\/\/www.gazetadopovo.com.br\/tudo-sobre\/cnj\/\" target=\"_blank\" rel=\"noreferrer noopener\">CNJ<\/a>) no fim de setembro, revelou que o Supremo Tribunal Federal (<a href=\"https:\/\/www.gazetadopovo.com.br\/tudo-sobre\/stf\/\" target=\"_blank\" rel=\"noreferrer noopener\">STF<\/a>) aumentou seus gastos em geral pelo segundo ano consecutivo. O aumento de 2023 para 2024 foi de 8,8%, alcan\u00e7ando R$ 908,63 milh\u00f5es. Essa eleva\u00e7\u00e3o nos custos, no entanto, n\u00e3o acompanhou no mesmo ritmo os casos solucionados na Corte, que registrou crescimento de cerca de 6% no per\u00edodo. Em 2023, foram 81.844 processos conclu\u00eddos e 86.562 solucionados em 2024.<br>O mesmo relat\u00f3rio apontou falta de transpar\u00eancia na informa\u00e7\u00e3o de gastos com pessoal, tamb\u00e9m conhecidos como \u201cpenduricalhos\u201d, como di\u00e1rias, viagens, indeniza\u00e7\u00f5es, despesas com alimenta\u00e7\u00e3o, sa\u00fade e aux\u00edlio-moradia. A Gazeta do Povo procurou o STF, mas at\u00e9 a publica\u00e7\u00e3o da reportagem n\u00e3o obteve retorno. O espa\u00e7o segue aberto. A t\u00edtulo de compara\u00e7\u00e3o, os gastos do STF em 2024 foram superiores ao or\u00e7amento de sete dos 39 minist\u00e9rios do governo de Luiz In\u00e1cio Lula da Silva (PT) em 2024 (Igualdade Racial, Mulheres, Turismo, Pesca e Aquicultura, Direitos Humanos e Cidadania e Esporte) e superiores a cerca de um ter\u00e7o dos or\u00e7amentos dos munic\u00edpios brasileiros.<\/p>\n\n\n\n<div class=\"wp-block-image\"><figure class=\"aligncenter size-large is-resized\"><a href=\"https:\/\/www.facebook.com\/postobkr\/?locale=pt_BR\"><img loading=\"lazy\" decoding=\"async\" src=\"https:\/\/jornalfatosenoticias.com.br\/wp-content\/uploads\/2023\/08\/BKR-1024x1021.jpg\" alt=\"\" class=\"wp-image-44494\" width=\"276\" height=\"275\" srcset=\"https:\/\/jornalfatosenoticias.com.br\/wp-content\/uploads\/2023\/08\/BKR-1024x1021.jpg 1024w, https:\/\/jornalfatosenoticias.com.br\/wp-content\/uploads\/2023\/08\/BKR-300x300.jpg 300w, https:\/\/jornalfatosenoticias.com.br\/wp-content\/uploads\/2023\/08\/BKR-150x150.jpg 150w, https:\/\/jornalfatosenoticias.com.br\/wp-content\/uploads\/2023\/08\/BKR-768x766.jpg 768w, https:\/\/jornalfatosenoticias.com.br\/wp-content\/uploads\/2023\/08\/BKR.jpg 1080w\" sizes=\"auto, (max-width: 276px) 100vw, 276px\" \/><\/a><\/figure><\/div>\n\n\n\n<p>Isso porque, dos mais de R$ 908 milh\u00f5es quase 40%, o equivalente a R$ 352,84 milh\u00f5es, foi contabilizado como \u201coutras despesas correntes\u201d incluindo nesta rela\u00e7\u00e3o os chamados benef\u00edcios para ministros e servidores, os &#8220;penduricalhos&#8221;. Diferente de outras estruturas do Judici\u00e1rio brasileiro que incluem essas despesas em \u201cgastos com pessoal\u201d, no STF esses benef\u00edcios n\u00e3o est\u00e3o elencados como despesas com o funcionalismo. <\/p>\n\n\n\n<div class=\"wp-block-image\"><figure class=\"aligncenter size-large is-resized\"><a href=\"https:\/\/www.instagram.com\/restaurantepegoretti\/\"><img loading=\"lazy\" decoding=\"async\" src=\"https:\/\/jornalfatosenoticias.com.br\/wp-content\/uploads\/2023\/12\/pegoretti-logo-pdf-1024x389.jpg\" alt=\"\" class=\"wp-image-47536\" width=\"469\" height=\"178\" srcset=\"https:\/\/jornalfatosenoticias.com.br\/wp-content\/uploads\/2023\/12\/pegoretti-logo-pdf-1024x389.jpg 1024w, https:\/\/jornalfatosenoticias.com.br\/wp-content\/uploads\/2023\/12\/pegoretti-logo-pdf-300x114.jpg 300w, https:\/\/jornalfatosenoticias.com.br\/wp-content\/uploads\/2023\/12\/pegoretti-logo-pdf-768x291.jpg 768w, https:\/\/jornalfatosenoticias.com.br\/wp-content\/uploads\/2023\/12\/pegoretti-logo-pdf.jpg 1120w\" sizes=\"auto, (max-width: 469px) 100vw, 469px\" \/><\/a><\/figure><\/div>\n\n\n\n<p>Na categoria espec\u00edfica \u201cgastos com pessoal\u201d, que envolve a folha de pagamento dos 11 ministros e de pouco mais de 1,2 mil servidores na estrutura em Bras\u00edlia, os custos diretos aos cofres p\u00fablicos em 2024 foram de R$ 513,49 milh\u00f5es, o equivalente a 56,5% das despesas totais do STF. O levantamento trouxe, pela primeira vez, uma se\u00e7\u00e3o espec\u00edfica dedicada aos n\u00fameros do Supremo, compilados a partir de fontes como o Portal de Transpar\u00eancia e Relat\u00f3rios de Gest\u00e3o e Atividades da pr\u00f3pria Corte.<\/p>\n\n\n\n<div class=\"wp-block-image\"><figure class=\"aligncenter size-large is-resized\"><a href=\"https:\/\/www.instagram.com\/esteio.churrascaria\/\"><img loading=\"lazy\" decoding=\"async\" src=\"https:\/\/jornalfatosenoticias.com.br\/wp-content\/uploads\/2022\/02\/LOGO-ESTEIO-1024x730.png\" alt=\"\" class=\"wp-image-27942\" width=\"312\" height=\"222\" srcset=\"https:\/\/jornalfatosenoticias.com.br\/wp-content\/uploads\/2022\/02\/LOGO-ESTEIO-1024x730.png 1024w, https:\/\/jornalfatosenoticias.com.br\/wp-content\/uploads\/2022\/02\/LOGO-ESTEIO-300x214.png 300w, https:\/\/jornalfatosenoticias.com.br\/wp-content\/uploads\/2022\/02\/LOGO-ESTEIO-768x548.png 768w, https:\/\/jornalfatosenoticias.com.br\/wp-content\/uploads\/2022\/02\/LOGO-ESTEIO.png 1123w\" sizes=\"auto, (max-width: 312px) 100vw, 312px\" \/><\/a><\/figure><\/div>\n\n\n\n<blockquote class=\"wp-block-quote is-layout-flow wp-block-quote-is-layout-flow\"><p><span class=\"has-inline-color has-luminous-vivid-orange-color\">Diferentemente da metodologia adotada para os demais segmentos que integram o Sistema de Estat\u00edstica do Poder Judici\u00e1rio (SIESPJ), nos gastos com pessoal do STF n\u00e3o est\u00e3o contabilizados benef\u00edcios como aux\u00edlio-alimenta\u00e7\u00e3o e aux\u00edlio-sa\u00fade, tampouco o pagamento de despesas em car\u00e1ter eventual e indenizat\u00f3rio, como di\u00e1rias, passagens e aux\u00edlio-moradia\u201d, alerta o documento do CNJ.<\/span><\/p><\/blockquote>\n\n\n\n<div class=\"wp-block-image\"><figure class=\"aligncenter size-large is-resized\"><a href=\"https:\/\/legisjuris.com.br\/\"><img loading=\"lazy\" decoding=\"async\" src=\"https:\/\/jornalfatosenoticias.com.br\/wp-content\/uploads\/2024\/09\/Legis-Juris-Consultoria_logo.jpg\" alt=\"\" class=\"wp-image-53915\" width=\"494\" height=\"207\" srcset=\"https:\/\/jornalfatosenoticias.com.br\/wp-content\/uploads\/2024\/09\/Legis-Juris-Consultoria_logo.jpg 969w, https:\/\/jornalfatosenoticias.com.br\/wp-content\/uploads\/2024\/09\/Legis-Juris-Consultoria_logo-300x126.jpg 300w, https:\/\/jornalfatosenoticias.com.br\/wp-content\/uploads\/2024\/09\/Legis-Juris-Consultoria_logo-768x322.jpg 768w\" sizes=\"auto, (max-width: 494px) 100vw, 494px\" \/><\/a><\/figure><\/div>\n\n\n\n<p>Para especialistas, essas informa\u00e7\u00f5es podem mascarar as reais despesas envolvendo os servidores e magistrados da Corte e n\u00e3o deixam claro quanto custa aos brasileiros cada gabinete, abrindo margem para aumento de benef\u00edcios sem a devida identifica\u00e7\u00e3o e controle. O constitucionalista Andr\u00e9 Marsiglia criticou a forma como o STF informa suas despesas, especialmente no que se refere a indeniza\u00e7\u00f5es, di\u00e1rias e benef\u00edcios pagos a ministros, ju\u00edzes auxiliares e servidores. Segundo ele, excluir esses valores da categoria de gastos com pessoal compromete o princ\u00edpio da transpar\u00eancia e distorce a percep\u00e7\u00e3o sobre o real peso das despesas do tribunal, sem que haja a poss\u00edvel identifica\u00e7\u00e3o de quanto se gasta com os famosos \u201cpenduricalhos\u201d.<\/p>\n\n\n\n<div class=\"wp-block-image\"><figure class=\"aligncenter size-large is-resized\"><a href=\"https:\/\/www.facebook.com\/profile.php?id=100069289606145\"><img loading=\"lazy\" decoding=\"async\" src=\"https:\/\/jornalfatosenoticias.com.br\/wp-content\/uploads\/2024\/11\/Guaitolini-Contabilidade-1024x714.jpeg\" alt=\"\" class=\"wp-image-55808\" width=\"281\" height=\"196\" srcset=\"https:\/\/jornalfatosenoticias.com.br\/wp-content\/uploads\/2024\/11\/Guaitolini-Contabilidade-1024x714.jpeg 1024w, https:\/\/jornalfatosenoticias.com.br\/wp-content\/uploads\/2024\/11\/Guaitolini-Contabilidade-300x209.jpeg 300w, https:\/\/jornalfatosenoticias.com.br\/wp-content\/uploads\/2024\/11\/Guaitolini-Contabilidade-768x535.jpeg 768w, https:\/\/jornalfatosenoticias.com.br\/wp-content\/uploads\/2024\/11\/Guaitolini-Contabilidade.jpeg 1280w\" sizes=\"auto, (max-width: 281px) 100vw, 281px\" \/><\/a><\/figure><\/div>\n\n\n\n<blockquote class=\"wp-block-quote is-layout-flow wp-block-quote-is-layout-flow\"><p><span class=\"has-inline-color has-luminous-vivid-orange-color\">N\u00e3o existe gasto maior, melhor ou pior. Tudo \u00e9 gasto e tudo \u00e9 pago com dinheiro p\u00fablico. Quando o STF retira indeniza\u00e7\u00f5es, di\u00e1rias e outros penduricalhos daquilo que chama de despesas com pessoal, passa a impress\u00e3o falsa de que saem dos caixas menos do que realmente saiu em despesas com servidores\u201d, afirmou Marsiglia.<\/span><\/p><\/blockquote>\n\n\n\n<div class=\"wp-block-image\"><figure class=\"aligncenter size-large is-resized\"><a href=\"https:\/\/www.facebook.com\/vetor.vix\/\"><img loading=\"lazy\" decoding=\"async\" src=\"https:\/\/jornalfatosenoticias.com.br\/wp-content\/uploads\/2023\/09\/vetorvix1024_1.jpg\" alt=\"\" class=\"wp-image-44868\" width=\"535\" height=\"142\" srcset=\"https:\/\/jornalfatosenoticias.com.br\/wp-content\/uploads\/2023\/09\/vetorvix1024_1.jpg 1024w, https:\/\/jornalfatosenoticias.com.br\/wp-content\/uploads\/2023\/09\/vetorvix1024_1-300x80.jpg 300w, https:\/\/jornalfatosenoticias.com.br\/wp-content\/uploads\/2023\/09\/vetorvix1024_1-768x205.jpg 768w\" sizes=\"auto, (max-width: 535px) 100vw, 535px\" \/><\/a><\/figure><\/div>\n\n\n\n<p>Para o constitucionalista, esse tipo de metodologia n\u00e3o apenas esconde informa\u00e7\u00f5es relevantes como pode ser caracterizado como \u201cdesinforma\u00e7\u00e3o\u201d. \u201c\u00c9 pior do que n\u00e3o divulgar os n\u00fameros. Isso fere o princ\u00edpio da transpar\u00eancia e, na pr\u00e1tica, equivale a uma burla, o que considero totalmente inconstitucional\u201d, destacou.<\/p>\n\n\n\n<div class=\"wp-block-image\"><figure class=\"aligncenter size-large\"><a href=\"https:\/\/www.cesconetto.com.br\/\"><img loading=\"lazy\" decoding=\"async\" width=\"300\" height=\"250\" src=\"https:\/\/jornalfatosenoticias.com.br\/wp-content\/uploads\/2022\/02\/Banner-2.png\" alt=\"\" class=\"wp-image-27877\"\/><\/a><\/figure><\/div>\n\n\n\n<p><strong><span class=\"has-inline-color has-black-color\">Quanto ganha cada ministro, o funcionalismo e os gastos do STF<br><\/span><\/strong>No fim de 2024, o STF registrava em sua estrutura de pessoal um total de 1.227 integrantes, segundo o CNJ. O quadro era composto por 11 ministros ocupando os cargos mais elevados. No ano passado o sal\u00e1rio-base de cada um deles estava fixado em R$ 44.008,52 \u2014 sem considerar os benef\u00edcios. Neste ano a folha foi reajustada para R$ 46.366,19, eleva\u00e7\u00e3o de 5,4%, com corre\u00e7\u00e3o acima da infla\u00e7\u00e3o, que em 2023 foi de 4,62%.<\/p>\n\n\n\n<div class=\"wp-block-image\"><figure class=\"aligncenter size-large is-resized\"><a href=\"https:\/\/hotelmarquetti.com.br\/\"><img loading=\"lazy\" decoding=\"async\" src=\"https:\/\/jornalfatosenoticias.com.br\/wp-content\/uploads\/2020\/02\/LOGO-MQ-1024x680.jpg\" alt=\"\" class=\"wp-image-58299\" width=\"313\" height=\"208\" srcset=\"https:\/\/jornalfatosenoticias.com.br\/wp-content\/uploads\/2020\/02\/LOGO-MQ-1024x680.jpg 1024w, https:\/\/jornalfatosenoticias.com.br\/wp-content\/uploads\/2020\/02\/LOGO-MQ-300x199.jpg 300w, https:\/\/jornalfatosenoticias.com.br\/wp-content\/uploads\/2020\/02\/LOGO-MQ-768x510.jpg 768w, https:\/\/jornalfatosenoticias.com.br\/wp-content\/uploads\/2020\/02\/LOGO-MQ-1536x1020.jpg 1536w, https:\/\/jornalfatosenoticias.com.br\/wp-content\/uploads\/2020\/02\/LOGO-MQ-2048x1360.jpg 2048w\" sizes=\"auto, (max-width: 313px) 100vw, 313px\" \/><\/a><\/figure><\/div>\n\n\n\n<p>H\u00e1 tamb\u00e9m 1.177 servidores com sal\u00e1rios m\u00e9dios na faixa dos R$ 12 mil. Nesta categoria est\u00e3o inclusos os servidores que durante as sess\u00f5es plen\u00e1rias do STF auxiliam os ministros na coloca\u00e7\u00e3o ou retirada da toga e t\u00eam sal\u00e1rios de cerca de R$ 6,5 mil. Esses profissionais, conhecidos tradicionalmente como continu\u00edstas, tamb\u00e9m podem ser identificados como assistentes de plen\u00e1rio ou integrantes da equipe de cerimonial da Corte e tamb\u00e9m s\u00e3o respons\u00e1veis por garantir que o plen\u00e1rio esteja organizado antes do in\u00edcio das sess\u00f5es.<\/p>\n\n\n\n<div class=\"wp-block-image\"><figure class=\"aligncenter size-large is-resized\"><a href=\"https:\/\/www.controlsystems.com.br\/\"><img loading=\"lazy\" decoding=\"async\" src=\"https:\/\/jornalfatosenoticias.com.br\/wp-content\/uploads\/2020\/02\/CONTROL-CS.jpg\" alt=\"\" class=\"wp-image-44991\" width=\"277\" height=\"332\" srcset=\"https:\/\/jornalfatosenoticias.com.br\/wp-content\/uploads\/2020\/02\/CONTROL-CS.jpg 834w, https:\/\/jornalfatosenoticias.com.br\/wp-content\/uploads\/2020\/02\/CONTROL-CS-250x300.jpg 250w, https:\/\/jornalfatosenoticias.com.br\/wp-content\/uploads\/2020\/02\/CONTROL-CS-768x921.jpg 768w\" sizes=\"auto, (max-width: 277px) 100vw, 277px\" \/><\/a><\/figure><\/div>\n\n\n\n<p>Al\u00e9m deles, havia 39 ju\u00edzes instrutores ou auxiliares designados para atuar na Corte que possuem sal\u00e1rios que variam de R$ 14 mil a R$ 35 mil. Entre os servidores, a maioria \u2014 999, o equivalente a 84,9% \u2014 ocupava cargos efetivos. Outros 125 (10,6%) estavam cedidos ao STF, 52 (4,4%) exerciam fun\u00e7\u00f5es comissionadas sem v\u00ednculo efetivo e um servidor se encontrava em situa\u00e7\u00e3o de lota\u00e7\u00e3o provis\u00f3ria.<\/p>\n\n\n\n<div class=\"wp-block-image\"><figure class=\"aligncenter size-large is-resized\"><a href=\"https:\/\/www.instagram.com\/gruposei\/\"><img loading=\"lazy\" decoding=\"async\" src=\"https:\/\/jornalfatosenoticias.com.br\/wp-content\/uploads\/2022\/07\/Logo-Grupo-SEI.jpg\" alt=\"\" class=\"wp-image-31973\" width=\"320\" height=\"168\" srcset=\"https:\/\/jornalfatosenoticias.com.br\/wp-content\/uploads\/2022\/07\/Logo-Grupo-SEI.jpg 713w, https:\/\/jornalfatosenoticias.com.br\/wp-content\/uploads\/2022\/07\/Logo-Grupo-SEI-300x158.jpg 300w\" sizes=\"auto, (max-width: 320px) 100vw, 320px\" \/><\/a><\/figure><\/div>\n\n\n\n<p>Os R$ 513,49 milh\u00f5es com pessoal representaram em 2024 um crescimento de 3,2% em rela\u00e7\u00e3o aos gastos com funcion\u00e1rios do ano de 2023. As chamadas \u201coutras despesas correntes\u201d, \u00e0s quais foram elencadas outras despesas com pessoal, tiveram forte impacto nas contas do tribunal. A soma dos R$ 352,84 milh\u00f5es foi for\u00e7ada pela eleva\u00e7\u00e3o de 29,4% neste tipo de despesa, em compara\u00e7\u00e3o a 2023.<\/p>\n\n\n\n<div class=\"wp-block-image\"><figure class=\"aligncenter size-large\"><a href=\"http:\/\/www.ferrarimaquinas.com.br\/\"><img loading=\"lazy\" decoding=\"async\" width=\"300\" height=\"250\" src=\"https:\/\/jornalfatosenoticias.com.br\/wp-content\/uploads\/2022\/02\/FERRARI_MAQUINAS-E-FERRAMENTAS2.jpg\" alt=\"\" class=\"wp-image-27860\"\/><\/a><\/figure><\/div>\n\n\n\n<blockquote class=\"wp-block-quote is-layout-flow wp-block-quote-is-layout-flow\"><p><span class=\"has-inline-color has-luminous-vivid-orange-color\">Esse percentual de aumento precisa ser criteriosamente analisado, afinal de contas, aqui tamb\u00e9m est\u00e3o gastos que se referem diretamente ao funcionalismo, como aux\u00edlio-moradia, viagens\u201d, ressalta o economista, especialista em Gest\u00e3o P\u00fablica, Rui S\u00e3o Pedro.<\/span><\/p><\/blockquote>\n\n\n\n<div class=\"wp-block-image\"><figure class=\"aligncenter size-large is-resized\"><a href=\"https:\/\/panper.com.br\/\"><img loading=\"lazy\" decoding=\"async\" src=\"https:\/\/jornalfatosenoticias.com.br\/wp-content\/uploads\/2023\/03\/logo-Panper_portal.jpg\" alt=\"\" class=\"wp-image-40208\" width=\"308\" height=\"213\" srcset=\"https:\/\/jornalfatosenoticias.com.br\/wp-content\/uploads\/2023\/03\/logo-Panper_portal.jpg 400w, https:\/\/jornalfatosenoticias.com.br\/wp-content\/uploads\/2023\/03\/logo-Panper_portal-300x208.jpg 300w\" sizes=\"auto, (max-width: 308px) 100vw, 308px\" \/><\/a><\/figure><\/div>\n\n\n\n<p>Por outro lado, os investimentos representaram a menor fatia do or\u00e7amento em 2024 e apresentaram queda, na compara\u00e7\u00e3o com 2023, de 34,4% somando R$ 42,31 milh\u00f5es. N\u00e3o h\u00e1 especifica\u00e7\u00f5es no relat\u00f3rio de quais s\u00e3o esses investimentos. \u201cPara garantir mais transpar\u00eancia, o correto seria incluir os dados que se referem a pessoal diretamente nos gastos com profissionais e n\u00e3o em outras despesas correntes. Isso afeta a leitura dos n\u00fameros e n\u00e3o revela com efic\u00e1cia e transpar\u00eancia quanto cada servidor custa efetivamente\u201d, completa o economista. O especialista avalia que a forma como o STF classifica parte de suas despesas compromete a transpar\u00eancia e mascara o real volume de recursos gastos pela Corte e seus integrantes.<\/p>\n\n\n\n<div class=\"wp-block-image\"><figure class=\"aligncenter size-large is-resized\"><a href=\"https:\/\/www.instagram.com\/serra4x4cambioautomatico\/\"><img loading=\"lazy\" decoding=\"async\" src=\"https:\/\/jornalfatosenoticias.com.br\/wp-content\/uploads\/2024\/08\/Serra-4x4-1-886x1024.jpg\" alt=\"\" class=\"wp-image-53632\" width=\"271\" height=\"313\" srcset=\"https:\/\/jornalfatosenoticias.com.br\/wp-content\/uploads\/2024\/08\/Serra-4x4-1-886x1024.jpg 886w, https:\/\/jornalfatosenoticias.com.br\/wp-content\/uploads\/2024\/08\/Serra-4x4-1-260x300.jpg 260w, https:\/\/jornalfatosenoticias.com.br\/wp-content\/uploads\/2024\/08\/Serra-4x4-1-768x888.jpg 768w, https:\/\/jornalfatosenoticias.com.br\/wp-content\/uploads\/2024\/08\/Serra-4x4-1.jpg 1181w\" sizes=\"auto, (max-width: 271px) 100vw, 271px\" \/><\/a><\/figure><\/div>\n\n\n\n<p>Segundo ele, ao incluir benef\u00edcios como aux\u00edlios, di\u00e1rias e indeniza\u00e7\u00f5es na categoria de \u201coutras despesas correntes\u201d, o STF acaba ocultando o peso desses custos na folha de pessoal. \u201cEsses dados, quando n\u00e3o s\u00e3o tratados com clareza, mascaram o total de gastos e acabam criando mecanismos, no futuro, para justificar novos aumentos de aux\u00edlios, inclusive para ju\u00edzes e ministros sem que se insiram a tetos de gastos com pessoal\u201d, afirmou.<\/p>\n\n\n\n<div class=\"wp-block-image\"><figure class=\"aligncenter size-large is-resized\"><a href=\"https:\/\/www.instagram.com\/rcradiadores\/\"><img loading=\"lazy\" decoding=\"async\" src=\"https:\/\/jornalfatosenoticias.com.br\/wp-content\/uploads\/2022\/10\/RC_800x750_page-0001.jpg\" alt=\"\" class=\"wp-image-35338\" width=\"286\" height=\"268\" srcset=\"https:\/\/jornalfatosenoticias.com.br\/wp-content\/uploads\/2022\/10\/RC_800x750_page-0001.jpg 400w, https:\/\/jornalfatosenoticias.com.br\/wp-content\/uploads\/2022\/10\/RC_800x750_page-0001-300x281.jpg 300w\" sizes=\"auto, (max-width: 286px) 100vw, 286px\" \/><\/a><\/figure><\/div>\n\n\n\n<p><strong><span class=\"has-inline-color has-black-color\">Pr\u00e1tica mina os canais p\u00fablicos de transpar\u00eancia, alerta especialista<br><\/span><\/strong>Para Rui S\u00e3o Pedro, a pr\u00e1tica mina os canais de transpar\u00eancia e refor\u00e7a a dificuldade de controle social sobre o custo do Judici\u00e1rio. \u201cAs estruturas p\u00fablicas n\u00e3o t\u00eam interesse em reduzir despesas. Ao classificar parte significativa dos custos em \u2018outras despesas\u2019, cria-se no STF uma falsa ilus\u00e3o de que esses valores s\u00e3o menos relevantes, quando, na realidade, s\u00e3o respons\u00e1veis por grande parte do d\u00e9ficit que pressiona as contas em toda a estrutura p\u00fablica\u201d, criticou.<\/p>\n\n\n\n<div class=\"wp-block-image\"><figure class=\"aligncenter size-large is-resized\"><a href=\"https:\/\/www.facebook.com\/postobkr\/?locale=pt_BR\"><img loading=\"lazy\" decoding=\"async\" src=\"https:\/\/jornalfatosenoticias.com.br\/wp-content\/uploads\/2023\/08\/BKR-1024x1021.jpg\" alt=\"\" class=\"wp-image-44494\" width=\"268\" height=\"267\" srcset=\"https:\/\/jornalfatosenoticias.com.br\/wp-content\/uploads\/2023\/08\/BKR-1024x1021.jpg 1024w, https:\/\/jornalfatosenoticias.com.br\/wp-content\/uploads\/2023\/08\/BKR-300x300.jpg 300w, https:\/\/jornalfatosenoticias.com.br\/wp-content\/uploads\/2023\/08\/BKR-150x150.jpg 150w, https:\/\/jornalfatosenoticias.com.br\/wp-content\/uploads\/2023\/08\/BKR-768x766.jpg 768w, https:\/\/jornalfatosenoticias.com.br\/wp-content\/uploads\/2023\/08\/BKR.jpg 1080w\" sizes=\"auto, (max-width: 268px) 100vw, 268px\" \/><\/a><\/figure><\/div>\n\n\n\n<p>Na pr\u00e1tica, a designa\u00e7\u00e3o permite que o tribunal mantenha a apar\u00eancia de maior equil\u00edbrio fiscal sem de fato cortar custos. <em>\u201cA classifica\u00e7\u00e3o deveria seguir crit\u00e9rios mais claros de transpar\u00eancia, j\u00e1 que essas despesas s\u00e3o parte do pacote de benef\u00edcios pagos aos magistrados e servidores\u201d<\/em>, avalia a advogada, doutora em Direito P\u00fablico Clarisse Andrade.<\/p>\n\n\n\n<div class=\"wp-block-image\"><figure class=\"aligncenter size-large\"><a href=\"https:\/\/mizu.com.br\/\"><img loading=\"lazy\" decoding=\"async\" width=\"729\" height=\"90\" src=\"https:\/\/jornalfatosenoticias.com.br\/wp-content\/uploads\/2020\/02\/Logo_Mizu.png\" alt=\"\" class=\"wp-image-1441\" srcset=\"https:\/\/jornalfatosenoticias.com.br\/wp-content\/uploads\/2020\/02\/Logo_Mizu.png 729w, https:\/\/jornalfatosenoticias.com.br\/wp-content\/uploads\/2020\/02\/Logo_Mizu-300x37.png 300w\" sizes=\"auto, (max-width: 729px) 100vw, 729px\" \/><\/a><\/figure><\/div>\n\n\n\n<p><strong><span class=\"has-inline-color has-black-color\">Gastos do STF n\u00e3o podem ser comparados com outras estruturas do Judici\u00e1rio<br><\/span><\/strong>Ainda segundo o CNJ, os percentuais de despesas com pessoal apresentados pelo STF n\u00e3o podem ser comparados \u00e0 m\u00e9dia do Poder Judici\u00e1rio, \u201cque seguem uma metodologia pr\u00f3pria definida pela Resolu\u00e7\u00e3o CNJ n.\u00ba 76\/2009\u201d. Vale destacar que o STF, diferentemente das outras cortes, n\u00e3o est\u00e1 submetido ao controle do CNJ. Outra diferen\u00e7a nas informa\u00e7\u00f5es sobre os gastos do STF est\u00e1 na forma como eles s\u00e3o calculados.<\/p>\n\n\n\n<div class=\"wp-block-image\"><figure class=\"aligncenter size-large is-resized\"><a href=\"https:\/\/www.facebook.com\/profile.php?id=100069289606145\"><img loading=\"lazy\" decoding=\"async\" src=\"https:\/\/jornalfatosenoticias.com.br\/wp-content\/uploads\/2024\/11\/Guaitolini-Contabilidade-1024x714.jpeg\" alt=\"\" class=\"wp-image-55808\" width=\"332\" height=\"231\" srcset=\"https:\/\/jornalfatosenoticias.com.br\/wp-content\/uploads\/2024\/11\/Guaitolini-Contabilidade-1024x714.jpeg 1024w, https:\/\/jornalfatosenoticias.com.br\/wp-content\/uploads\/2024\/11\/Guaitolini-Contabilidade-300x209.jpeg 300w, https:\/\/jornalfatosenoticias.com.br\/wp-content\/uploads\/2024\/11\/Guaitolini-Contabilidade-768x535.jpeg 768w, https:\/\/jornalfatosenoticias.com.br\/wp-content\/uploads\/2024\/11\/Guaitolini-Contabilidade.jpeg 1280w\" sizes=\"auto, (max-width: 332px) 100vw, 332px\" \/><\/a><\/figure><\/div>\n\n\n\n<p>No caso do Sistema de Estat\u00edsticas do Poder Judici\u00e1rio, s\u00e3o somadas as despesas feitas no ano analisado, os valores que ficaram pendentes de anos anteriores e tamb\u00e9m d\u00edvidas antigas pagas no per\u00edodo. J\u00e1 no levantamento espec\u00edfico sobre os gastos do STF, foram considerados apenas os valores realmente pagos pela Corte em cada ano, sem incluir d\u00edvidas ou pend\u00eancias de anos anteriores. \u201cOu seja, esses dados n\u00e3o s\u00e3o claros e podem n\u00e3o representar uma realidade dos fatos\u201d, completa Rui S\u00e3o Pedro.<\/p>\n\n\n\n<div class=\"wp-block-image\"><figure class=\"aligncenter size-large is-resized\"><a href=\"https:\/\/www.ithbrasil.com.br\/\"><img loading=\"lazy\" decoding=\"async\" src=\"https:\/\/jornalfatosenoticias.com.br\/wp-content\/uploads\/2023\/08\/ITH.jpeg\" alt=\"\" class=\"wp-image-44638\" width=\"304\" height=\"247\" srcset=\"https:\/\/jornalfatosenoticias.com.br\/wp-content\/uploads\/2023\/08\/ITH.jpeg 800w, https:\/\/jornalfatosenoticias.com.br\/wp-content\/uploads\/2023\/08\/ITH-300x244.jpeg 300w, https:\/\/jornalfatosenoticias.com.br\/wp-content\/uploads\/2023\/08\/ITH-768x624.jpeg 768w\" sizes=\"auto, (max-width: 304px) 100vw, 304px\" \/><\/a><\/figure><\/div>\n\n\n\n<p>Os custos que n\u00e3o aparecem na planilha de gastos com pessoal no STF est\u00e3o, em outros tribunais, integrados \u00e0s despesas com recursos humanos. Essa distin\u00e7\u00e3o metodol\u00f3gica gera um resultado que o pr\u00f3prio relat\u00f3rio classifica como \u201cn\u00e3o compar\u00e1vel para compara\u00e7\u00f5es\u201d.<\/p>\n\n\n\n<blockquote class=\"wp-block-quote is-layout-flow wp-block-quote-is-layout-flow\"><p><span class=\"has-inline-color has-luminous-vivid-orange-color\">Ent\u00e3o, na pr\u00e1tica, n\u00e3o podemos saber ao certo quanto se gasta com recursos humanos no STF, em compara\u00e7\u00e3o com outras cortes ou outros tribunais\u201d, avalia Clarisse Andrade.<\/span><\/p><\/blockquote>\n\n\n\n<div class=\"wp-block-image\"><figure class=\"aligncenter size-large is-resized\"><a href=\"https:\/\/legisjuris.com.br\/\"><img loading=\"lazy\" decoding=\"async\" src=\"https:\/\/jornalfatosenoticias.com.br\/wp-content\/uploads\/2024\/09\/Legis-Juris-Consultoria_logo.jpg\" alt=\"\" class=\"wp-image-53915\" width=\"492\" height=\"206\" srcset=\"https:\/\/jornalfatosenoticias.com.br\/wp-content\/uploads\/2024\/09\/Legis-Juris-Consultoria_logo.jpg 969w, https:\/\/jornalfatosenoticias.com.br\/wp-content\/uploads\/2024\/09\/Legis-Juris-Consultoria_logo-300x126.jpg 300w, https:\/\/jornalfatosenoticias.com.br\/wp-content\/uploads\/2024\/09\/Legis-Juris-Consultoria_logo-768x322.jpg 768w\" sizes=\"auto, (max-width: 492px) 100vw, 492px\" \/><\/a><\/figure><\/div>\n\n\n\n<p>Quem ratifica isso \u00e9 o pr\u00f3prio CNJ. No relat\u00f3rio, o Conselho afirma que, por esse motivo, os percentuais de despesas com pessoal apresentados para o STF \u201cs\u00e3o inferiores \u00e0 m\u00e9dia do Poder Judici\u00e1rio e n\u00e3o podem ser comparadas\u201d a outras estruturas do Judici\u00e1rio. Embora o percentual de gastos com pessoal do STF em 2024 tenha sido o menor da s\u00e9rie hist\u00f3rica analisada desde 2016, atingindo 56,5% \u2014 apesar do aumento em valores totais, o relat\u00f3rio sugere que a desagrega\u00e7\u00e3o das informa\u00e7\u00f5es em &#8220;outras despesas correntes&#8221; impede que se tenha clareza total sobre o custo real da for\u00e7a de trabalho do Supremo.<\/p>\n\n\n\n<div class=\"wp-block-image\"><figure class=\"aligncenter size-large is-resized\"><a href=\"https:\/\/www.instagram.com\/esteio.churrascaria\/\"><img loading=\"lazy\" decoding=\"async\" src=\"https:\/\/jornalfatosenoticias.com.br\/wp-content\/uploads\/2022\/02\/LOGO-ESTEIO-1024x730.png\" alt=\"\" class=\"wp-image-27942\" width=\"326\" height=\"232\" srcset=\"https:\/\/jornalfatosenoticias.com.br\/wp-content\/uploads\/2022\/02\/LOGO-ESTEIO-1024x730.png 1024w, https:\/\/jornalfatosenoticias.com.br\/wp-content\/uploads\/2022\/02\/LOGO-ESTEIO-300x214.png 300w, https:\/\/jornalfatosenoticias.com.br\/wp-content\/uploads\/2022\/02\/LOGO-ESTEIO-768x548.png 768w, https:\/\/jornalfatosenoticias.com.br\/wp-content\/uploads\/2022\/02\/LOGO-ESTEIO.png 1123w\" sizes=\"auto, (max-width: 326px) 100vw, 326px\" \/><\/a><\/figure><\/div>\n\n\n\n<blockquote class=\"wp-block-quote is-layout-flow wp-block-quote-is-layout-flow\"><p><span class=\"has-inline-color has-luminous-vivid-orange-color\">A inclus\u00e3o de dados do STF no Justi\u00e7a em N\u00fameros \u00e9 um avan\u00e7o na publicidade do Judici\u00e1rio, mas a metodologia interna do STF para classificar despesas de car\u00e1ter indenizat\u00f3rio e benef\u00edcios dificulta a compreens\u00e3o plena do custo e a compara\u00e7\u00e3o com outros tribunais do pa\u00eds, isso n\u00e3o \u00e9 um avan\u00e7o\u201d, refor\u00e7a Rui S\u00e3o Pedro.<\/span><\/p><\/blockquote>\n\n\n\n<div class=\"wp-block-image\"><figure class=\"aligncenter size-large is-resized\"><a href=\"https:\/\/www.instagram.com\/restaurantepegoretti\/\"><img loading=\"lazy\" decoding=\"async\" src=\"https:\/\/jornalfatosenoticias.com.br\/wp-content\/uploads\/2023\/12\/pegoretti-logo-pdf-1024x389.jpg\" alt=\"\" class=\"wp-image-47536\" width=\"469\" height=\"178\" srcset=\"https:\/\/jornalfatosenoticias.com.br\/wp-content\/uploads\/2023\/12\/pegoretti-logo-pdf-1024x389.jpg 1024w, https:\/\/jornalfatosenoticias.com.br\/wp-content\/uploads\/2023\/12\/pegoretti-logo-pdf-300x114.jpg 300w, https:\/\/jornalfatosenoticias.com.br\/wp-content\/uploads\/2023\/12\/pegoretti-logo-pdf-768x291.jpg 768w, https:\/\/jornalfatosenoticias.com.br\/wp-content\/uploads\/2023\/12\/pegoretti-logo-pdf.jpg 1120w\" sizes=\"auto, (max-width: 469px) 100vw, 469px\" \/><\/a><\/figure><\/div>\n\n\n\n<p><strong><span class=\"has-inline-color has-black-color\">Despesas do Judici\u00e1rio chegam ao maior n\u00edvel da hist\u00f3ria<br><\/span><\/strong>De modo geral, o Poder Judici\u00e1rio brasileiro registrou em 2024 o maior volume de despesas desde o in\u00edcio da s\u00e9rie hist\u00f3rica, segundo o Conselho Nacional de Justi\u00e7a. O levantamento analisou dados de 91 \u00f3rg\u00e3os do sistema, incluindo pela primeira vez informa\u00e7\u00f5es detalhadas sobre o STF.<\/p>\n\n\n\n<div class=\"wp-block-image\"><figure class=\"aligncenter size-large\"><a href=\"http:\/\/www.ferrarimaquinas.com.br\/\"><img loading=\"lazy\" decoding=\"async\" width=\"300\" height=\"250\" src=\"https:\/\/jornalfatosenoticias.com.br\/wp-content\/uploads\/2022\/02\/FERRARI_MAQUINAS-E-FERRAMENTAS2.jpg\" alt=\"\" class=\"wp-image-27860\"\/><\/a><\/figure><\/div>\n\n\n\n<p>Segundo o CNJ, <a href=\"https:\/\/www.gazetadopovo.com.br\/republica\/gastos-do-judiciario-brasileiro-atingem-r-1465-bilhoes-diz-cnj\/\" target=\"_blank\" rel=\"noreferrer noopener\">gastos totais chegaram a R$ 146,5 bilh\u00f5es<\/a>, alta de 5,5% em compara\u00e7\u00e3o a 2023. O valor equivale a um custo m\u00e9dio de R$ 689,34 por habitante e representa aproximadamente 1,2% do Produto Interno Bruto (PIB). Quando desconsideradas as despesas com aposentados e pensionistas \u2014 que somam 15,4% do total \u2014 o custo efetivo do funcionamento do Judici\u00e1rio foi de R$ 124 bilh\u00f5es, ou R$ 583,07 por cidad\u00e3o.<\/p>\n\n\n\n<div class=\"wp-block-image\"><figure class=\"aligncenter size-large is-resized\"><a href=\"https:\/\/www.controlsystems.com.br\/\"><img loading=\"lazy\" decoding=\"async\" src=\"https:\/\/jornalfatosenoticias.com.br\/wp-content\/uploads\/2020\/02\/CONTROL-CS.jpg\" alt=\"\" class=\"wp-image-44991\" width=\"284\" height=\"341\" srcset=\"https:\/\/jornalfatosenoticias.com.br\/wp-content\/uploads\/2020\/02\/CONTROL-CS.jpg 834w, https:\/\/jornalfatosenoticias.com.br\/wp-content\/uploads\/2020\/02\/CONTROL-CS-250x300.jpg 250w, https:\/\/jornalfatosenoticias.com.br\/wp-content\/uploads\/2020\/02\/CONTROL-CS-768x921.jpg 768w\" sizes=\"auto, (max-width: 284px) 100vw, 284px\" \/><\/a><\/figure><\/div>\n\n\n\n<p>A maior parte da despesa se concentra em pessoal, respons\u00e1vel por 89,2% do total (R$ 130,6 bilh\u00f5es). Dentro desse montante, 80,2% correspondem a sal\u00e1rios e subs\u00eddios de magistrados e servidores ativos e inativos, enquanto 9,9% se referem a benef\u00edcios como aux\u00edlio-alimenta\u00e7\u00e3o e sa\u00fade. Gastos com di\u00e1rias, passagens e aux\u00edlio-moradia representam 4,8%, e fun\u00e7\u00f5es comissionadas somam 13,4%. Os outros 10,8% do or\u00e7amento foram destinados a despesas correntes (R$ 12,1 bilh\u00f5es) e de capital (R$ 3,8 bilh\u00f5es).<\/p>\n\n\n\n<div class=\"wp-block-image\"><figure class=\"aligncenter size-large is-resized\"><a href=\"https:\/\/www.instagram.com\/gruposei\/\"><img loading=\"lazy\" decoding=\"async\" src=\"https:\/\/jornalfatosenoticias.com.br\/wp-content\/uploads\/2022\/07\/Logo-Grupo-SEI.jpg\" alt=\"\" class=\"wp-image-31973\" width=\"381\" height=\"200\" srcset=\"https:\/\/jornalfatosenoticias.com.br\/wp-content\/uploads\/2022\/07\/Logo-Grupo-SEI.jpg 713w, https:\/\/jornalfatosenoticias.com.br\/wp-content\/uploads\/2022\/07\/Logo-Grupo-SEI-300x158.jpg 300w\" sizes=\"auto, (max-width: 381px) 100vw, 381px\" \/><\/a><\/figure><\/div>\n\n\n\n<p>As despesas correntes s\u00e3o os gastos rotineiros e de manuten\u00e7\u00e3o do funcionamento de um \u00f3rg\u00e3o ou entidade p\u00fablica. O relat\u00f3rio detalha ainda o custo m\u00e9dio mensal por integrante do sistema. Nos Tribunais Superiores, cada magistrado custa em m\u00e9dia R$ 101,6 mil por m\u00eas, enquanto servidores recebem R$ 27,3 mil. Na Justi\u00e7a Estadual, os valores s\u00e3o de R$ 92,8 mil para magistrados e R$ 19,4 mil para servidores. J\u00e1 na Justi\u00e7a do Trabalho, o custo \u00e9 de R$ 68,7 mil por magistrado e R$ 26,7 mil por servidor.<\/p>\n\n\n\n<div class=\"wp-block-image\"><figure class=\"aligncenter size-large is-resized\"><a href=\"https:\/\/www.instagram.com\/rcradiadores\/\"><img loading=\"lazy\" decoding=\"async\" src=\"https:\/\/jornalfatosenoticias.com.br\/wp-content\/uploads\/2022\/10\/RC_800x750_page-0001.jpg\" alt=\"\" class=\"wp-image-35338\" width=\"288\" height=\"270\" srcset=\"https:\/\/jornalfatosenoticias.com.br\/wp-content\/uploads\/2022\/10\/RC_800x750_page-0001.jpg 400w, https:\/\/jornalfatosenoticias.com.br\/wp-content\/uploads\/2022\/10\/RC_800x750_page-0001-300x281.jpg 300w\" sizes=\"auto, (max-width: 288px) 100vw, 288px\" \/><\/a><\/figure><\/div>\n\n\n\n<p>A an\u00e1lise tamb\u00e9m evidencia desequil\u00edbrios entre a carga de processos e os recursos empregados. A Justi\u00e7a Estadual, que concentra 68,6% dos novos casos, responde por 62,6% das despesas. A Justi\u00e7a do Trabalho, por sua vez, representa apenas 12,3% das a\u00e7\u00f5es, mas absorve 17,4% do or\u00e7amento, sendo 95,2% voltados para pessoal. A Justi\u00e7a Federal aparece como exce\u00e7\u00e3o, arrecadando mais do que gasta, especialmente por meio da execu\u00e7\u00e3o fiscal, que gerou cerca de R$ 20 bilh\u00f5es em receitas.<\/p>\n\n\n\n<div class=\"wp-block-image\"><figure class=\"aligncenter size-large is-resized\"><a href=\"https:\/\/hotelmarquetti.com.br\/\"><img loading=\"lazy\" decoding=\"async\" src=\"https:\/\/jornalfatosenoticias.com.br\/wp-content\/uploads\/2020\/02\/LOGO-MQ-1024x680.jpg\" alt=\"\" class=\"wp-image-58299\" width=\"336\" height=\"223\" srcset=\"https:\/\/jornalfatosenoticias.com.br\/wp-content\/uploads\/2020\/02\/LOGO-MQ-1024x680.jpg 1024w, https:\/\/jornalfatosenoticias.com.br\/wp-content\/uploads\/2020\/02\/LOGO-MQ-300x199.jpg 300w, https:\/\/jornalfatosenoticias.com.br\/wp-content\/uploads\/2020\/02\/LOGO-MQ-768x510.jpg 768w, https:\/\/jornalfatosenoticias.com.br\/wp-content\/uploads\/2020\/02\/LOGO-MQ-1536x1020.jpg 1536w, https:\/\/jornalfatosenoticias.com.br\/wp-content\/uploads\/2020\/02\/LOGO-MQ-2048x1360.jpg 2048w\" sizes=\"auto, (max-width: 336px) 100vw, 336px\" \/><\/a><\/figure><\/div>\n\n\n\n<p>Para o CNJ, os n\u00fameros confirmam a trajet\u00f3ria de expans\u00e3o cont\u00ednua dos gastos do Judici\u00e1rio e refor\u00e7am a urg\u00eancia de pol\u00edticas de efici\u00eancia e monitoramento, diante do peso dessas despesas sobre o or\u00e7amento p\u00fablico e seus reflexos para a sociedade.<\/p>\n\n\n\n<div class=\"wp-block-image\"><figure class=\"aligncenter size-large is-resized\"><a href=\"https:\/\/www.facebook.com\/vetor.vix\/\"><img loading=\"lazy\" decoding=\"async\" src=\"https:\/\/jornalfatosenoticias.com.br\/wp-content\/uploads\/2023\/09\/vetorvix1024_1.jpg\" alt=\"\" class=\"wp-image-44868\" width=\"554\" height=\"147\" srcset=\"https:\/\/jornalfatosenoticias.com.br\/wp-content\/uploads\/2023\/09\/vetorvix1024_1.jpg 1024w, https:\/\/jornalfatosenoticias.com.br\/wp-content\/uploads\/2023\/09\/vetorvix1024_1-300x80.jpg 300w, https:\/\/jornalfatosenoticias.com.br\/wp-content\/uploads\/2023\/09\/vetorvix1024_1-768x205.jpg 768w\" sizes=\"auto, (max-width: 554px) 100vw, 554px\" \/><\/a><\/figure><\/div>\n\n\n\n<p><strong><span class=\"has-inline-color has-black-color\">Fachin diz que STF n\u00e3o aceitar\u00e1 reforma administrativa no Poder Judici\u00e1rio<br><\/span><\/strong>O presidente do Supremo Tribunal Federal (STF), Edson Fachin, afirmou que a Corte n\u00e3o concordar\u00e1 com uma <a href=\"https:\/\/www.gazetadopovo.com.br\/republica\/fachin-diz-que-stf-nao-aceitara-reforma-administrativa-no-poder-judiciario\/\">reforma administrativa que mude as regras de autonomia e independ\u00eancia da magistratura<\/a>. O deputado Pedro Paulo (PSD-RJ), relator do projeto, prop\u00f4s crit\u00e9rios para o pagamento de\u00a0<a href=\"https:\/\/www.gazetadopovo.com.br\/vozes\/lucio-vaz\/justica-torra-r-136-bilhoes-com-salarios-e-penduricalhos-em-sete-anos\/\" target=\"_blank\" rel=\"noreferrer noopener\">\u201cpenduricalhos\u201d<\/a> e o fim da aposentadoria compuls\u00f3ria para ju\u00edzes e membros do Minist\u00e9rio P\u00fablico.<\/p>\n\n\n\n<div class=\"wp-block-image\"><figure class=\"aligncenter size-large\"><a href=\"https:\/\/www.cesconetto.com.br\/\"><img loading=\"lazy\" decoding=\"async\" width=\"300\" height=\"250\" src=\"https:\/\/jornalfatosenoticias.com.br\/wp-content\/uploads\/2022\/02\/Banner-2.png\" alt=\"\" class=\"wp-image-27877\"\/><\/a><\/figure><\/div>\n\n\n\n<p>\u201cNingu\u00e9m pense que far\u00e1 por cima do Judici\u00e1rio uma reforma contra o Poder Judici\u00e1rio brasileiro. N\u00e3o permitiremos e estarei vigilante para que haja respeito \u00e0 magistratura brasileira. N\u00e3o concordamos com circunst\u00e2ncias eventualmente abusivas, mas \u00e9 fundamental que todos os Poderes sejam chamados\u201d, disse Fachin.<\/p>\n\n\n\n<div class=\"wp-block-image\"><figure class=\"aligncenter size-large is-resized\"><a href=\"https:\/\/www.instagram.com\/serra4x4cambioautomatico\/\"><img loading=\"lazy\" decoding=\"async\" src=\"https:\/\/jornalfatosenoticias.com.br\/wp-content\/uploads\/2024\/08\/Serra-4x4-1-886x1024.jpg\" alt=\"\" class=\"wp-image-53632\" width=\"276\" height=\"320\" srcset=\"https:\/\/jornalfatosenoticias.com.br\/wp-content\/uploads\/2024\/08\/Serra-4x4-1-886x1024.jpg 886w, https:\/\/jornalfatosenoticias.com.br\/wp-content\/uploads\/2024\/08\/Serra-4x4-1-260x300.jpg 260w, https:\/\/jornalfatosenoticias.com.br\/wp-content\/uploads\/2024\/08\/Serra-4x4-1-768x888.jpg 768w, https:\/\/jornalfatosenoticias.com.br\/wp-content\/uploads\/2024\/08\/Serra-4x4-1.jpg 1181w\" sizes=\"auto, (max-width: 276px) 100vw, 276px\" \/><\/a><\/figure><\/div>\n\n\n\n<p>A declara\u00e7\u00e3o ocorreu na \u00faltima sexta-feira (3) durante XXV Congresso Brasileiro da Magistratura promovido pela Associa\u00e7\u00e3o dos Magistrados Brasileiros (AMB) e pela Associa\u00e7\u00e3o dos Magistrados do Paran\u00e1 (Amapar), em Foz do Igua\u00e7u (PR). O ministro disse ver o debate sobre a reforma \u201ccom preocupa\u00e7\u00e3o, para n\u00e3o dizer com sentimento de perturba\u00e7\u00e3o\u201d.<\/p>\n\n\n\n<div class=\"wp-block-image\"><figure class=\"aligncenter size-large is-resized\"><a href=\"https:\/\/legisjuris.com.br\/\"><img loading=\"lazy\" decoding=\"async\" src=\"https:\/\/jornalfatosenoticias.com.br\/wp-content\/uploads\/2024\/09\/Legis-Juris-Consultoria_logo.jpg\" alt=\"\" class=\"wp-image-53915\" width=\"523\" height=\"219\" srcset=\"https:\/\/jornalfatosenoticias.com.br\/wp-content\/uploads\/2024\/09\/Legis-Juris-Consultoria_logo.jpg 969w, https:\/\/jornalfatosenoticias.com.br\/wp-content\/uploads\/2024\/09\/Legis-Juris-Consultoria_logo-300x126.jpg 300w, https:\/\/jornalfatosenoticias.com.br\/wp-content\/uploads\/2024\/09\/Legis-Juris-Consultoria_logo-768x322.jpg 768w\" sizes=\"auto, (max-width: 523px) 100vw, 523px\" \/><\/a><\/figure><\/div>\n\n\n\n<p><strong>Fonte: <a href=\"https:\/\/www.gazetadopovo.com.br\/republica\/stf-custa-r-908-milhoes-com-cerca-de-40-de-gastos-relacionados-a-penduricalhos\/\">Gazeta do Povo<\/a><\/strong><\/p>\n","protected":false},"excerpt":{"rendered":"<p>Gastos o Judici\u00e1rio s\u00e3o os maiores da hist\u00f3ria e forma como STF lan\u00e7a despesas gera questionamentos \u00e0 transpar\u00eancia Por Juliet Manfrin\/Camila Abr\u00e3o O Relat\u00f3rio Justi\u00e7a em N\u00fameros 2025 (ano-base 2024), publicado pelo Conselho Nacional de Justi\u00e7a (CNJ) no fim de setembro, revelou que o Supremo Tribunal Federal (STF) aumentou seus gastos em geral pelo segundo [&hellip;]<\/p>\n","protected":false},"author":2,"featured_media":62385,"comment_status":"open","ping_status":"open","sticky":false,"template":"","format":"standard","meta":{"footnotes":""},"categories":[5],"tags":[20523,23844,18749,4522,946,17895,1345,278,294,245],"class_list":["post-62384","post","type-post","status-publish","format-standard","has-post-thumbnail","hentry","category-geral","tag-conselho-nacional-de-justica","tag-desinformacao","tag-edson-fachin","tag-gestao-publica","tag-investimentos","tag-judiciario","tag-justica","tag-pib","tag-stf","tag-trabalho"],"yoast_head":"<!-- This site is optimized with the Yoast SEO plugin v26.5 - https:\/\/yoast.com\/wordpress\/plugins\/seo\/ -->\n<title>STF custa R$ 908 milh\u00f5es com cerca de 40% de gastos relacionados a \u201cpenduricalhos\u201d - Jornal Fatos e Not\u00edcias<\/title>\n<meta name=\"robots\" content=\"index, follow, max-snippet:-1, max-image-preview:large, max-video-preview:-1\" \/>\n<link rel=\"canonical\" href=\"https:\/\/jornalfatosenoticias.com.br\/index.php\/2025\/10\/07\/stf-custa-r-908-milhoes-com-cerca-de-40-de-gastos-relacionados-a-penduricalhos\/\" \/>\n<meta property=\"og:locale\" content=\"pt_BR\" \/>\n<meta property=\"og:type\" content=\"article\" \/>\n<meta property=\"og:title\" content=\"STF custa R$ 908 milh\u00f5es com cerca de 40% de gastos relacionados a \u201cpenduricalhos\u201d - Jornal Fatos e Not\u00edcias\" \/>\n<meta property=\"og:description\" content=\"Gastos o Judici\u00e1rio s\u00e3o os maiores da hist\u00f3ria e forma como STF lan\u00e7a despesas gera questionamentos \u00e0 transpar\u00eancia Por Juliet Manfrin\/Camila Abr\u00e3o O Relat\u00f3rio Justi\u00e7a em N\u00fameros 2025 (ano-base 2024), publicado pelo Conselho Nacional de Justi\u00e7a (CNJ) no fim de setembro, revelou que o Supremo Tribunal Federal (STF) aumentou seus gastos em geral pelo segundo [&hellip;]\" \/>\n<meta property=\"og:url\" content=\"https:\/\/jornalfatosenoticias.com.br\/index.php\/2025\/10\/07\/stf-custa-r-908-milhoes-com-cerca-de-40-de-gastos-relacionados-a-penduricalhos\/\" \/>\n<meta property=\"og:site_name\" content=\"Jornal Fatos e Not\u00edcias\" \/>\n<meta property=\"article:published_time\" content=\"2025-10-07T19:07:16+00:00\" \/>\n<meta property=\"article:modified_time\" content=\"2025-10-07T19:07:18+00:00\" \/>\n<meta property=\"og:image\" content=\"https:\/\/jornalfatosenoticias.com.br\/wp-content\/uploads\/2025\/10\/stf.jpg\" \/>\n\t<meta property=\"og:image:width\" content=\"919\" \/>\n\t<meta property=\"og:image:height\" content=\"745\" \/>\n\t<meta property=\"og:image:type\" content=\"image\/jpeg\" \/>\n<meta name=\"author\" content=\"Luzimara Fernandes\" \/>\n<meta name=\"twitter:card\" content=\"summary_large_image\" \/>\n<meta name=\"twitter:label1\" content=\"Escrito por\" \/>\n\t<meta name=\"twitter:data1\" content=\"Luzimara Fernandes\" \/>\n\t<meta name=\"twitter:label2\" content=\"Est. tempo de leitura\" \/>\n\t<meta name=\"twitter:data2\" content=\"12 minutos\" \/>\n<script type=\"application\/ld+json\" class=\"yoast-schema-graph\">{\"@context\":\"https:\/\/schema.org\",\"@graph\":[{\"@type\":\"Article\",\"@id\":\"https:\/\/jornalfatosenoticias.com.br\/index.php\/2025\/10\/07\/stf-custa-r-908-milhoes-com-cerca-de-40-de-gastos-relacionados-a-penduricalhos\/#article\",\"isPartOf\":{\"@id\":\"https:\/\/jornalfatosenoticias.com.br\/index.php\/2025\/10\/07\/stf-custa-r-908-milhoes-com-cerca-de-40-de-gastos-relacionados-a-penduricalhos\/\"},\"author\":{\"name\":\"Luzimara Fernandes\",\"@id\":\"https:\/\/jornalfatosenoticias.com.br\/#\/schema\/person\/d63837fa13ac8666eb9e74e0985d6f81\"},\"headline\":\"STF custa R$ 908 milh\u00f5es com cerca de 40% de gastos relacionados a \u201cpenduricalhos\u201d\",\"datePublished\":\"2025-10-07T19:07:16+00:00\",\"dateModified\":\"2025-10-07T19:07:18+00:00\",\"mainEntityOfPage\":{\"@id\":\"https:\/\/jornalfatosenoticias.com.br\/index.php\/2025\/10\/07\/stf-custa-r-908-milhoes-com-cerca-de-40-de-gastos-relacionados-a-penduricalhos\/\"},\"wordCount\":2451,\"commentCount\":0,\"publisher\":{\"@id\":\"https:\/\/jornalfatosenoticias.com.br\/#organization\"},\"image\":{\"@id\":\"https:\/\/jornalfatosenoticias.com.br\/index.php\/2025\/10\/07\/stf-custa-r-908-milhoes-com-cerca-de-40-de-gastos-relacionados-a-penduricalhos\/#primaryimage\"},\"thumbnailUrl\":\"https:\/\/jornalfatosenoticias.com.br\/wp-content\/uploads\/2025\/10\/stf.jpg\",\"keywords\":[\"Conselho Nacional de Justi\u00e7a\",\"desinforma\u00e7\u00e3o\",\"Edson Fachin\",\"gest\u00e3o p\u00fablica\",\"investimentos\",\"Judici\u00e1rio\",\"justi\u00e7a\",\"PIB\",\"STF\",\"trabalho\"],\"articleSection\":[\"Geral\"],\"inLanguage\":\"pt-BR\",\"potentialAction\":[{\"@type\":\"CommentAction\",\"name\":\"Comment\",\"target\":[\"https:\/\/jornalfatosenoticias.com.br\/index.php\/2025\/10\/07\/stf-custa-r-908-milhoes-com-cerca-de-40-de-gastos-relacionados-a-penduricalhos\/#respond\"]}]},{\"@type\":\"WebPage\",\"@id\":\"https:\/\/jornalfatosenoticias.com.br\/index.php\/2025\/10\/07\/stf-custa-r-908-milhoes-com-cerca-de-40-de-gastos-relacionados-a-penduricalhos\/\",\"url\":\"https:\/\/jornalfatosenoticias.com.br\/index.php\/2025\/10\/07\/stf-custa-r-908-milhoes-com-cerca-de-40-de-gastos-relacionados-a-penduricalhos\/\",\"name\":\"STF custa R$ 908 milh\u00f5es com cerca de 40% de gastos relacionados a \u201cpenduricalhos\u201d - Jornal Fatos e Not\u00edcias\",\"isPartOf\":{\"@id\":\"https:\/\/jornalfatosenoticias.com.br\/#website\"},\"primaryImageOfPage\":{\"@id\":\"https:\/\/jornalfatosenoticias.com.br\/index.php\/2025\/10\/07\/stf-custa-r-908-milhoes-com-cerca-de-40-de-gastos-relacionados-a-penduricalhos\/#primaryimage\"},\"image\":{\"@id\":\"https:\/\/jornalfatosenoticias.com.br\/index.php\/2025\/10\/07\/stf-custa-r-908-milhoes-com-cerca-de-40-de-gastos-relacionados-a-penduricalhos\/#primaryimage\"},\"thumbnailUrl\":\"https:\/\/jornalfatosenoticias.com.br\/wp-content\/uploads\/2025\/10\/stf.jpg\",\"datePublished\":\"2025-10-07T19:07:16+00:00\",\"dateModified\":\"2025-10-07T19:07:18+00:00\",\"breadcrumb\":{\"@id\":\"https:\/\/jornalfatosenoticias.com.br\/index.php\/2025\/10\/07\/stf-custa-r-908-milhoes-com-cerca-de-40-de-gastos-relacionados-a-penduricalhos\/#breadcrumb\"},\"inLanguage\":\"pt-BR\",\"potentialAction\":[{\"@type\":\"ReadAction\",\"target\":[\"https:\/\/jornalfatosenoticias.com.br\/index.php\/2025\/10\/07\/stf-custa-r-908-milhoes-com-cerca-de-40-de-gastos-relacionados-a-penduricalhos\/\"]}]},{\"@type\":\"ImageObject\",\"inLanguage\":\"pt-BR\",\"@id\":\"https:\/\/jornalfatosenoticias.com.br\/index.php\/2025\/10\/07\/stf-custa-r-908-milhoes-com-cerca-de-40-de-gastos-relacionados-a-penduricalhos\/#primaryimage\",\"url\":\"https:\/\/jornalfatosenoticias.com.br\/wp-content\/uploads\/2025\/10\/stf.jpg\",\"contentUrl\":\"https:\/\/jornalfatosenoticias.com.br\/wp-content\/uploads\/2025\/10\/stf.jpg\",\"width\":919,\"height\":745},{\"@type\":\"BreadcrumbList\",\"@id\":\"https:\/\/jornalfatosenoticias.com.br\/index.php\/2025\/10\/07\/stf-custa-r-908-milhoes-com-cerca-de-40-de-gastos-relacionados-a-penduricalhos\/#breadcrumb\",\"itemListElement\":[{\"@type\":\"ListItem\",\"position\":1,\"name\":\"In\u00edcio\",\"item\":\"https:\/\/jornalfatosenoticias.com.br\/\"},{\"@type\":\"ListItem\",\"position\":2,\"name\":\"STF custa R$ 908 milh\u00f5es com cerca de 40% de gastos relacionados a \u201cpenduricalhos\u201d\"}]},{\"@type\":\"WebSite\",\"@id\":\"https:\/\/jornalfatosenoticias.com.br\/#website\",\"url\":\"https:\/\/jornalfatosenoticias.com.br\/\",\"name\":\"Jornal Fatos e Not\u00edcias\",\"description\":\"Not\u00edcias em geral\",\"publisher\":{\"@id\":\"https:\/\/jornalfatosenoticias.com.br\/#organization\"},\"potentialAction\":[{\"@type\":\"SearchAction\",\"target\":{\"@type\":\"EntryPoint\",\"urlTemplate\":\"https:\/\/jornalfatosenoticias.com.br\/?s={search_term_string}\"},\"query-input\":{\"@type\":\"PropertyValueSpecification\",\"valueRequired\":true,\"valueName\":\"search_term_string\"}}],\"inLanguage\":\"pt-BR\"},{\"@type\":\"Organization\",\"@id\":\"https:\/\/jornalfatosenoticias.com.br\/#organization\",\"name\":\"Jornal Fatos e Not\u00edcias\",\"url\":\"https:\/\/jornalfatosenoticias.com.br\/\",\"logo\":{\"@type\":\"ImageObject\",\"inLanguage\":\"pt-BR\",\"@id\":\"https:\/\/jornalfatosenoticias.com.br\/#\/schema\/logo\/image\/\",\"url\":\"https:\/\/jornalfatosenoticias.com.br\/wp-content\/uploads\/2020\/02\/logo120.png\",\"contentUrl\":\"https:\/\/jornalfatosenoticias.com.br\/wp-content\/uploads\/2020\/02\/logo120.png\",\"width\":1227,\"height\":120,\"caption\":\"Jornal Fatos e Not\u00edcias\"},\"image\":{\"@id\":\"https:\/\/jornalfatosenoticias.com.br\/#\/schema\/logo\/image\/\"}},{\"@type\":\"Person\",\"@id\":\"https:\/\/jornalfatosenoticias.com.br\/#\/schema\/person\/d63837fa13ac8666eb9e74e0985d6f81\",\"name\":\"Luzimara Fernandes\",\"image\":{\"@type\":\"ImageObject\",\"inLanguage\":\"pt-BR\",\"@id\":\"https:\/\/jornalfatosenoticias.com.br\/#\/schema\/person\/image\/\",\"url\":\"https:\/\/jornalfatosenoticias.com.br\/wp-content\/uploads\/2025\/05\/EU_portal.jpg\",\"contentUrl\":\"https:\/\/jornalfatosenoticias.com.br\/wp-content\/uploads\/2025\/05\/EU_portal.jpg\",\"caption\":\"Luzimara Fernandes\"},\"description\":\"Jornalista MTB 2358-ES\",\"sameAs\":[\"https:\/\/jornalfatosenoticias.com.br\"],\"url\":\"https:\/\/jornalfatosenoticias.com.br\/index.php\/author\/luzimara\/\"}]}<\/script>\n<!-- \/ Yoast SEO plugin. -->","yoast_head_json":{"title":"STF custa R$ 908 milh\u00f5es com cerca de 40% de gastos relacionados a \u201cpenduricalhos\u201d - Jornal Fatos e Not\u00edcias","robots":{"index":"index","follow":"follow","max-snippet":"max-snippet:-1","max-image-preview":"max-image-preview:large","max-video-preview":"max-video-preview:-1"},"canonical":"https:\/\/jornalfatosenoticias.com.br\/index.php\/2025\/10\/07\/stf-custa-r-908-milhoes-com-cerca-de-40-de-gastos-relacionados-a-penduricalhos\/","og_locale":"pt_BR","og_type":"article","og_title":"STF custa R$ 908 milh\u00f5es com cerca de 40% de gastos relacionados a \u201cpenduricalhos\u201d - Jornal Fatos e Not\u00edcias","og_description":"Gastos o Judici\u00e1rio s\u00e3o os maiores da hist\u00f3ria e forma como STF lan\u00e7a despesas gera questionamentos \u00e0 transpar\u00eancia Por Juliet Manfrin\/Camila Abr\u00e3o O Relat\u00f3rio Justi\u00e7a em N\u00fameros 2025 (ano-base 2024), publicado pelo Conselho Nacional de Justi\u00e7a (CNJ) no fim de setembro, revelou que o Supremo Tribunal Federal (STF) aumentou seus gastos em geral pelo segundo [&hellip;]","og_url":"https:\/\/jornalfatosenoticias.com.br\/index.php\/2025\/10\/07\/stf-custa-r-908-milhoes-com-cerca-de-40-de-gastos-relacionados-a-penduricalhos\/","og_site_name":"Jornal Fatos e Not\u00edcias","article_published_time":"2025-10-07T19:07:16+00:00","article_modified_time":"2025-10-07T19:07:18+00:00","og_image":[{"width":919,"height":745,"url":"https:\/\/jornalfatosenoticias.com.br\/wp-content\/uploads\/2025\/10\/stf.jpg","type":"image\/jpeg"}],"author":"Luzimara Fernandes","twitter_card":"summary_large_image","twitter_misc":{"Escrito por":"Luzimara Fernandes","Est. tempo de leitura":"12 minutos"},"schema":{"@context":"https:\/\/schema.org","@graph":[{"@type":"Article","@id":"https:\/\/jornalfatosenoticias.com.br\/index.php\/2025\/10\/07\/stf-custa-r-908-milhoes-com-cerca-de-40-de-gastos-relacionados-a-penduricalhos\/#article","isPartOf":{"@id":"https:\/\/jornalfatosenoticias.com.br\/index.php\/2025\/10\/07\/stf-custa-r-908-milhoes-com-cerca-de-40-de-gastos-relacionados-a-penduricalhos\/"},"author":{"name":"Luzimara Fernandes","@id":"https:\/\/jornalfatosenoticias.com.br\/#\/schema\/person\/d63837fa13ac8666eb9e74e0985d6f81"},"headline":"STF custa R$ 908 milh\u00f5es com cerca de 40% de gastos relacionados a \u201cpenduricalhos\u201d","datePublished":"2025-10-07T19:07:16+00:00","dateModified":"2025-10-07T19:07:18+00:00","mainEntityOfPage":{"@id":"https:\/\/jornalfatosenoticias.com.br\/index.php\/2025\/10\/07\/stf-custa-r-908-milhoes-com-cerca-de-40-de-gastos-relacionados-a-penduricalhos\/"},"wordCount":2451,"commentCount":0,"publisher":{"@id":"https:\/\/jornalfatosenoticias.com.br\/#organization"},"image":{"@id":"https:\/\/jornalfatosenoticias.com.br\/index.php\/2025\/10\/07\/stf-custa-r-908-milhoes-com-cerca-de-40-de-gastos-relacionados-a-penduricalhos\/#primaryimage"},"thumbnailUrl":"https:\/\/jornalfatosenoticias.com.br\/wp-content\/uploads\/2025\/10\/stf.jpg","keywords":["Conselho Nacional de Justi\u00e7a","desinforma\u00e7\u00e3o","Edson Fachin","gest\u00e3o p\u00fablica","investimentos","Judici\u00e1rio","justi\u00e7a","PIB","STF","trabalho"],"articleSection":["Geral"],"inLanguage":"pt-BR","potentialAction":[{"@type":"CommentAction","name":"Comment","target":["https:\/\/jornalfatosenoticias.com.br\/index.php\/2025\/10\/07\/stf-custa-r-908-milhoes-com-cerca-de-40-de-gastos-relacionados-a-penduricalhos\/#respond"]}]},{"@type":"WebPage","@id":"https:\/\/jornalfatosenoticias.com.br\/index.php\/2025\/10\/07\/stf-custa-r-908-milhoes-com-cerca-de-40-de-gastos-relacionados-a-penduricalhos\/","url":"https:\/\/jornalfatosenoticias.com.br\/index.php\/2025\/10\/07\/stf-custa-r-908-milhoes-com-cerca-de-40-de-gastos-relacionados-a-penduricalhos\/","name":"STF custa R$ 908 milh\u00f5es com cerca de 40% de gastos relacionados a \u201cpenduricalhos\u201d - Jornal Fatos e Not\u00edcias","isPartOf":{"@id":"https:\/\/jornalfatosenoticias.com.br\/#website"},"primaryImageOfPage":{"@id":"https:\/\/jornalfatosenoticias.com.br\/index.php\/2025\/10\/07\/stf-custa-r-908-milhoes-com-cerca-de-40-de-gastos-relacionados-a-penduricalhos\/#primaryimage"},"image":{"@id":"https:\/\/jornalfatosenoticias.com.br\/index.php\/2025\/10\/07\/stf-custa-r-908-milhoes-com-cerca-de-40-de-gastos-relacionados-a-penduricalhos\/#primaryimage"},"thumbnailUrl":"https:\/\/jornalfatosenoticias.com.br\/wp-content\/uploads\/2025\/10\/stf.jpg","datePublished":"2025-10-07T19:07:16+00:00","dateModified":"2025-10-07T19:07:18+00:00","breadcrumb":{"@id":"https:\/\/jornalfatosenoticias.com.br\/index.php\/2025\/10\/07\/stf-custa-r-908-milhoes-com-cerca-de-40-de-gastos-relacionados-a-penduricalhos\/#breadcrumb"},"inLanguage":"pt-BR","potentialAction":[{"@type":"ReadAction","target":["https:\/\/jornalfatosenoticias.com.br\/index.php\/2025\/10\/07\/stf-custa-r-908-milhoes-com-cerca-de-40-de-gastos-relacionados-a-penduricalhos\/"]}]},{"@type":"ImageObject","inLanguage":"pt-BR","@id":"https:\/\/jornalfatosenoticias.com.br\/index.php\/2025\/10\/07\/stf-custa-r-908-milhoes-com-cerca-de-40-de-gastos-relacionados-a-penduricalhos\/#primaryimage","url":"https:\/\/jornalfatosenoticias.com.br\/wp-content\/uploads\/2025\/10\/stf.jpg","contentUrl":"https:\/\/jornalfatosenoticias.com.br\/wp-content\/uploads\/2025\/10\/stf.jpg","width":919,"height":745},{"@type":"BreadcrumbList","@id":"https:\/\/jornalfatosenoticias.com.br\/index.php\/2025\/10\/07\/stf-custa-r-908-milhoes-com-cerca-de-40-de-gastos-relacionados-a-penduricalhos\/#breadcrumb","itemListElement":[{"@type":"ListItem","position":1,"name":"In\u00edcio","item":"https:\/\/jornalfatosenoticias.com.br\/"},{"@type":"ListItem","position":2,"name":"STF custa R$ 908 milh\u00f5es com cerca de 40% de gastos relacionados a \u201cpenduricalhos\u201d"}]},{"@type":"WebSite","@id":"https:\/\/jornalfatosenoticias.com.br\/#website","url":"https:\/\/jornalfatosenoticias.com.br\/","name":"Jornal Fatos e Not\u00edcias","description":"Not\u00edcias em geral","publisher":{"@id":"https:\/\/jornalfatosenoticias.com.br\/#organization"},"potentialAction":[{"@type":"SearchAction","target":{"@type":"EntryPoint","urlTemplate":"https:\/\/jornalfatosenoticias.com.br\/?s={search_term_string}"},"query-input":{"@type":"PropertyValueSpecification","valueRequired":true,"valueName":"search_term_string"}}],"inLanguage":"pt-BR"},{"@type":"Organization","@id":"https:\/\/jornalfatosenoticias.com.br\/#organization","name":"Jornal Fatos e Not\u00edcias","url":"https:\/\/jornalfatosenoticias.com.br\/","logo":{"@type":"ImageObject","inLanguage":"pt-BR","@id":"https:\/\/jornalfatosenoticias.com.br\/#\/schema\/logo\/image\/","url":"https:\/\/jornalfatosenoticias.com.br\/wp-content\/uploads\/2020\/02\/logo120.png","contentUrl":"https:\/\/jornalfatosenoticias.com.br\/wp-content\/uploads\/2020\/02\/logo120.png","width":1227,"height":120,"caption":"Jornal Fatos e Not\u00edcias"},"image":{"@id":"https:\/\/jornalfatosenoticias.com.br\/#\/schema\/logo\/image\/"}},{"@type":"Person","@id":"https:\/\/jornalfatosenoticias.com.br\/#\/schema\/person\/d63837fa13ac8666eb9e74e0985d6f81","name":"Luzimara Fernandes","image":{"@type":"ImageObject","inLanguage":"pt-BR","@id":"https:\/\/jornalfatosenoticias.com.br\/#\/schema\/person\/image\/","url":"https:\/\/jornalfatosenoticias.com.br\/wp-content\/uploads\/2025\/05\/EU_portal.jpg","contentUrl":"https:\/\/jornalfatosenoticias.com.br\/wp-content\/uploads\/2025\/05\/EU_portal.jpg","caption":"Luzimara Fernandes"},"description":"Jornalista MTB 2358-ES","sameAs":["https:\/\/jornalfatosenoticias.com.br"],"url":"https:\/\/jornalfatosenoticias.com.br\/index.php\/author\/luzimara\/"}]}},"cc_featured_image_caption":{"caption_text":"(Foto: Pedro Fran\u00e7a\/Ag\u00eancia Senado)","source_text":"","source_url":""},"jetpack_featured_media_url":"https:\/\/jornalfatosenoticias.com.br\/wp-content\/uploads\/2025\/10\/stf.jpg","_links":{"self":[{"href":"https:\/\/jornalfatosenoticias.com.br\/index.php\/wp-json\/wp\/v2\/posts\/62384","targetHints":{"allow":["GET"]}}],"collection":[{"href":"https:\/\/jornalfatosenoticias.com.br\/index.php\/wp-json\/wp\/v2\/posts"}],"about":[{"href":"https:\/\/jornalfatosenoticias.com.br\/index.php\/wp-json\/wp\/v2\/types\/post"}],"author":[{"embeddable":true,"href":"https:\/\/jornalfatosenoticias.com.br\/index.php\/wp-json\/wp\/v2\/users\/2"}],"replies":[{"embeddable":true,"href":"https:\/\/jornalfatosenoticias.com.br\/index.php\/wp-json\/wp\/v2\/comments?post=62384"}],"version-history":[{"count":0,"href":"https:\/\/jornalfatosenoticias.com.br\/index.php\/wp-json\/wp\/v2\/posts\/62384\/revisions"}],"wp:featuredmedia":[{"embeddable":true,"href":"https:\/\/jornalfatosenoticias.com.br\/index.php\/wp-json\/wp\/v2\/media\/62385"}],"wp:attachment":[{"href":"https:\/\/jornalfatosenoticias.com.br\/index.php\/wp-json\/wp\/v2\/media?parent=62384"}],"wp:term":[{"taxonomy":"category","embeddable":true,"href":"https:\/\/jornalfatosenoticias.com.br\/index.php\/wp-json\/wp\/v2\/categories?post=62384"},{"taxonomy":"post_tag","embeddable":true,"href":"https:\/\/jornalfatosenoticias.com.br\/index.php\/wp-json\/wp\/v2\/tags?post=62384"}],"curies":[{"name":"wp","href":"https:\/\/api.w.org\/{rel}","templated":true}]}}