{"id":62391,"date":"2025-10-08T09:28:35","date_gmt":"2025-10-08T12:28:35","guid":{"rendered":"https:\/\/jornalfatosenoticias.com.br\/?p=62391"},"modified":"2025-10-08T09:28:36","modified_gmt":"2025-10-08T12:28:36","slug":"criancas-cristas-sao-forcadas-a-fingir-ser-muculmanas-nas-escolas-no-ira","status":"publish","type":"post","link":"https:\/\/jornalfatosenoticias.com.br\/index.php\/2025\/10\/08\/criancas-cristas-sao-forcadas-a-fingir-ser-muculmanas-nas-escolas-no-ira\/","title":{"rendered":"Crian\u00e7as crist\u00e3s s\u00e3o for\u00e7adas a fingir ser mu\u00e7ulmanas nas escolas no Ir\u00e3"},"content":{"rendered":"\n<p><em><span class=\"has-inline-color has-black-color\">Na escola, crian\u00e7as crist\u00e3s aprendem ora\u00e7\u00f5es isl\u00e2micas e \u201cvers\u00f5es editadas\u201d da B\u00edblia<\/span><\/em><\/p>\n\n\n\n<p><span class=\"has-inline-color has-black-color\">Por <strong>Mission Network News<\/strong><\/span><\/p>\n\n\n\n<div class=\"wp-block-image\"><figure class=\"aligncenter size-large\"><a href=\"https:\/\/panper.com.br\/\"><img loading=\"lazy\" decoding=\"async\" width=\"1024\" height=\"111\" src=\"https:\/\/jornalfatosenoticias.com.br\/wp-content\/uploads\/2020\/02\/WhatsApp-Image-2022-09-23-at-12.09.18-1024x111.jpeg\" alt=\"\" class=\"wp-image-34527\" srcset=\"https:\/\/jornalfatosenoticias.com.br\/wp-content\/uploads\/2020\/02\/WhatsApp-Image-2022-09-23-at-12.09.18-1024x111.jpeg 1024w, https:\/\/jornalfatosenoticias.com.br\/wp-content\/uploads\/2020\/02\/WhatsApp-Image-2022-09-23-at-12.09.18-300x32.jpeg 300w, https:\/\/jornalfatosenoticias.com.br\/wp-content\/uploads\/2020\/02\/WhatsApp-Image-2022-09-23-at-12.09.18-768x83.jpeg 768w, https:\/\/jornalfatosenoticias.com.br\/wp-content\/uploads\/2020\/02\/WhatsApp-Image-2022-09-23-at-12.09.18.jpeg 1121w\" sizes=\"auto, (max-width: 1024px) 100vw, 1024px\" \/><\/a><\/figure><\/div>\n\n\n\n<p>Com a B\u00edblia em casa e o Alcor\u00e3o na escola, crian\u00e7as crist\u00e3s no <a href=\"https:\/\/www.guiame.com.br\/busca?termo=ir%C3%A3\"><strong>Ir\u00e3<\/strong><\/a> aprendem desde cedo a viver uma vida dupla. Sob press\u00e3o para parecer mu\u00e7ulmanas, elas precisam recitar ora\u00e7\u00f5es isl\u00e2micas e aprender vers\u00f5es modificadas de hist\u00f3rias b\u00edblicas, enquanto em casa, seus pais tentam ensin\u00e1-las o Evangelho em segredo.<br>Conforme Lana Silk, da miss\u00e3o Transform Iran (<em>\u201cTransforma\u00e7\u00e3o do Ir\u00e3\u201d<\/em>), todo o sistema educacional do pa\u00eds \u00e9 fortemente influenciado pelo islamismo. &#8220;Todo material tem um toque isl\u00e2mico. Mesmo que voc\u00ea esteja estudando matem\u00e1tica ou artes&#8221;, disse Lana ao Mission Network News.<\/p>\n\n\n\n<div class=\"wp-block-image\"><figure class=\"aligncenter size-large\"><a href=\"https:\/\/www.cesconetto.com.br\/\"><img loading=\"lazy\" decoding=\"async\" width=\"300\" height=\"250\" src=\"https:\/\/jornalfatosenoticias.com.br\/wp-content\/uploads\/2022\/02\/Banner-2.png\" alt=\"\" class=\"wp-image-27877\"\/><\/a><\/figure><\/div>\n\n\n\n<p>Al\u00e9m das disciplinas regulares, os alunos t\u00eam aulas de religi\u00e3o e de \u00e1rabe para aprender a recitar as ora\u00e7\u00f5es isl\u00e2micas (Namaz) e se tornarem \u201cmu\u00e7ulmanos verdadeiros\u201d. At\u00e9 mesmo hist\u00f3rias b\u00edblicas conhecidas s\u00e3o adaptadas para refletir uma vis\u00e3o isl\u00e2mica. <em>&#8220;Eles precisam ser capazes de falar sobre a vers\u00e3o isl\u00e2mica na escola, participar e fingir que essa \u00e9 a realidade deles \u2014 tudo isso mantendo as diferen\u00e7as claras em suas mentes e sem mistur\u00e1-las. \u00c9 muita press\u00e3o para as crian\u00e7as&#8221;,<\/em> explica Lana.<\/p>\n\n\n\n<div class=\"wp-block-image\"><figure class=\"aligncenter size-large is-resized\"><a href=\"https:\/\/hotelmarquetti.com.br\/\"><img loading=\"lazy\" decoding=\"async\" src=\"https:\/\/jornalfatosenoticias.com.br\/wp-content\/uploads\/2020\/02\/LOGO-MQ-1024x680.jpg\" alt=\"\" class=\"wp-image-58299\" width=\"300\" height=\"199\" srcset=\"https:\/\/jornalfatosenoticias.com.br\/wp-content\/uploads\/2020\/02\/LOGO-MQ-1024x680.jpg 1024w, https:\/\/jornalfatosenoticias.com.br\/wp-content\/uploads\/2020\/02\/LOGO-MQ-300x199.jpg 300w, https:\/\/jornalfatosenoticias.com.br\/wp-content\/uploads\/2020\/02\/LOGO-MQ-768x510.jpg 768w, https:\/\/jornalfatosenoticias.com.br\/wp-content\/uploads\/2020\/02\/LOGO-MQ-1536x1020.jpg 1536w, https:\/\/jornalfatosenoticias.com.br\/wp-content\/uploads\/2020\/02\/LOGO-MQ-2048x1360.jpg 2048w\" sizes=\"auto, (max-width: 300px) 100vw, 300px\" \/><\/a><\/figure><\/div>\n\n\n\n<p>Em casa, os pais buscam manter os filhos firmes na Palavra de Deus, mas muitos n\u00e3o t\u00eam forma\u00e7\u00e3o para isso. Por isso, a Transform Iran tem atuado para suprir essa necessidade por meio de materiais b\u00edblicos infantis e programas de apoio \u00e0s fam\u00edlias. <em>\u201cTemos muitos minist\u00e9rios focados em crian\u00e7as e criamos recursos focados nelas para dar aos pais as ferramentas necess\u00e1rias para ajudar a incutir essas bases em seus filhos desde cedo, para que cres\u00e7am sabendo a verdade\u201d, <\/em>afirmou Lana.<\/p>\n\n\n\n<div class=\"wp-block-image\"><figure class=\"aligncenter size-large is-resized\"><a href=\"https:\/\/www.instagram.com\/rcradiadores\/\"><img loading=\"lazy\" decoding=\"async\" src=\"https:\/\/jornalfatosenoticias.com.br\/wp-content\/uploads\/2022\/10\/RC_800x750_page-0001.jpg\" alt=\"\" class=\"wp-image-35338\" width=\"272\" height=\"255\" srcset=\"https:\/\/jornalfatosenoticias.com.br\/wp-content\/uploads\/2022\/10\/RC_800x750_page-0001.jpg 400w, https:\/\/jornalfatosenoticias.com.br\/wp-content\/uploads\/2022\/10\/RC_800x750_page-0001-300x281.jpg 300w\" sizes=\"auto, (max-width: 272px) 100vw, 272px\" \/><\/a><\/figure><\/div>\n\n\n\n<p>Sempre que poss\u00edvel, o minist\u00e9rio tamb\u00e9m promove encontros discretos entre pequenos grupos familiares, liderados por professores treinados. As reuni\u00f5es, realizadas a cada poucas semanas, utilizam materiais b\u00edblicos adaptados \u00e0 faixa et\u00e1ria das crian\u00e7as. Mesmo diante das restri\u00e7\u00f5es, Lana destacou que muitas crian\u00e7as percebem de forma clara a diferen\u00e7a entre o ambiente escolar e o lar crist\u00e3o. <\/p>\n\n\n\n<div class=\"wp-block-image\"><figure class=\"aligncenter size-large is-resized\"><a href=\"https:\/\/www.instagram.com\/esteio.churrascaria\/\"><img loading=\"lazy\" decoding=\"async\" src=\"https:\/\/jornalfatosenoticias.com.br\/wp-content\/uploads\/2022\/02\/LOGO-ESTEIO-1024x730.png\" alt=\"\" class=\"wp-image-27942\" width=\"341\" height=\"243\" srcset=\"https:\/\/jornalfatosenoticias.com.br\/wp-content\/uploads\/2022\/02\/LOGO-ESTEIO-1024x730.png 1024w, https:\/\/jornalfatosenoticias.com.br\/wp-content\/uploads\/2022\/02\/LOGO-ESTEIO-300x214.png 300w, https:\/\/jornalfatosenoticias.com.br\/wp-content\/uploads\/2022\/02\/LOGO-ESTEIO-768x548.png 768w, https:\/\/jornalfatosenoticias.com.br\/wp-content\/uploads\/2022\/02\/LOGO-ESTEIO.png 1123w\" sizes=\"auto, (max-width: 341px) 100vw, 341px\" \/><\/a><\/figure><\/div>\n\n\n\n<blockquote class=\"wp-block-quote is-layout-flow wp-block-quote-is-layout-flow\"><p><span class=\"has-inline-color has-luminous-vivid-orange-color\">Eles experimentam o amor de Deus muito cedo em suas vidas em lares crist\u00e3os e, particularmente no clima t\u00f3xico do Ir\u00e3, eles reconhecem que em casa h\u00e1 <a href=\"https:\/\/www.guiame.com.br\/gospel\/testemunhos\/ex-muculmana-encontra-esperanca-em-jesus-apos-anos-de-abusos-no-ira-ele-me-deu-alegria.html\"><strong>alegria e paz<\/strong><\/a> \u2014 algo que falta fora de seu lar\u201d.<\/span><\/p><\/blockquote>\n\n\n\n<div class=\"wp-block-image\"><figure class=\"aligncenter size-large is-resized\"><a href=\"https:\/\/legisjuris.com.br\/\"><img loading=\"lazy\" decoding=\"async\" src=\"https:\/\/jornalfatosenoticias.com.br\/wp-content\/uploads\/2024\/09\/Legis-Juris-Consultoria_logo.jpg\" alt=\"\" class=\"wp-image-53915\" width=\"432\" height=\"181\" srcset=\"https:\/\/jornalfatosenoticias.com.br\/wp-content\/uploads\/2024\/09\/Legis-Juris-Consultoria_logo.jpg 969w, https:\/\/jornalfatosenoticias.com.br\/wp-content\/uploads\/2024\/09\/Legis-Juris-Consultoria_logo-300x126.jpg 300w, https:\/\/jornalfatosenoticias.com.br\/wp-content\/uploads\/2024\/09\/Legis-Juris-Consultoria_logo-768x322.jpg 768w\" sizes=\"auto, (max-width: 432px) 100vw, 432px\" \/><\/a><\/figure><\/div>\n\n\n\n<p>No entanto, essa vida dupla traz consequ\u00eancias. Muitas crian\u00e7as lutam contra a ansiedade, depress\u00e3o e baixa autoestima enquanto tentam conciliar dois mundos em conflito. <\/p>\n\n\n\n<blockquote class=\"wp-block-quote is-layout-flow wp-block-quote-is-layout-flow\"><p><span class=\"has-inline-color has-luminous-vivid-orange-color\">Elas precisam das suas ora\u00e7\u00f5es. Ore para que os pais iranianos guiem sabiamente seus filhos em meio \u00e0 tens\u00e3o emocional do ambiente em que vivem. Ore para que as crian\u00e7as se apeguem \u00e0 Verdade que conhecem em casa\u201d, concluiu Lana.<\/span><\/p><\/blockquote>\n\n\n\n<div class=\"wp-block-image\"><figure class=\"aligncenter size-large is-resized\"><a href=\"https:\/\/www.instagram.com\/restaurantepegoretti\/\"><img loading=\"lazy\" decoding=\"async\" src=\"https:\/\/jornalfatosenoticias.com.br\/wp-content\/uploads\/2023\/12\/pegoretti-logo-pdf-1024x389.jpg\" alt=\"\" class=\"wp-image-47536\" width=\"480\" height=\"182\" srcset=\"https:\/\/jornalfatosenoticias.com.br\/wp-content\/uploads\/2023\/12\/pegoretti-logo-pdf-1024x389.jpg 1024w, https:\/\/jornalfatosenoticias.com.br\/wp-content\/uploads\/2023\/12\/pegoretti-logo-pdf-300x114.jpg 300w, https:\/\/jornalfatosenoticias.com.br\/wp-content\/uploads\/2023\/12\/pegoretti-logo-pdf-768x291.jpg 768w, https:\/\/jornalfatosenoticias.com.br\/wp-content\/uploads\/2023\/12\/pegoretti-logo-pdf.jpg 1120w\" sizes=\"auto, (max-width: 480px) 100vw, 480px\" \/><\/a><\/figure><\/div>\n\n\n\n<p>A Transforma\u00e7\u00e3o do Ir\u00e3 come\u00e7ou em 1991, quando os pastores iranianos Maggie e Lazarus Yeghnazar seguiram o chamado de Deus. Desde ent\u00e3o, mais de cem mil pessoas aceitaram Jesus e milhares de l\u00edderes se desenvolveram. O minist\u00e9rio tem o objetivo de pregar o Evangelho a todos os iranianos, plantar igrejas, discipular novos convertidos, capacitar l\u00edderes, traduzir B\u00edblias e ativar o corpo de Cristo.<\/p>\n\n\n\n<div class=\"wp-block-image\"><figure class=\"aligncenter size-large is-resized\"><a href=\"https:\/\/www.ithbrasil.com.br\/\"><img loading=\"lazy\" decoding=\"async\" src=\"https:\/\/jornalfatosenoticias.com.br\/wp-content\/uploads\/2023\/08\/ITH.jpeg\" alt=\"\" class=\"wp-image-44638\" width=\"263\" height=\"214\" srcset=\"https:\/\/jornalfatosenoticias.com.br\/wp-content\/uploads\/2023\/08\/ITH.jpeg 800w, https:\/\/jornalfatosenoticias.com.br\/wp-content\/uploads\/2023\/08\/ITH-300x244.jpeg 300w, https:\/\/jornalfatosenoticias.com.br\/wp-content\/uploads\/2023\/08\/ITH-768x624.jpeg 768w\" sizes=\"auto, (max-width: 263px) 100vw, 263px\" \/><\/a><\/figure><\/div>\n\n\n\n<p><strong>Fonte: <a href=\"https:\/\/www.guiame.com.br\/gospel\/missoes-acao-social\/criancas-cristas-sao-forcadas-fingir-ser-muculmanas-nas-escolas-no-ira.html\">Guiame<\/a><\/strong><\/p>\n","protected":false},"excerpt":{"rendered":"<p>Na escola, crian\u00e7as crist\u00e3s aprendem ora\u00e7\u00f5es isl\u00e2micas e \u201cvers\u00f5es editadas\u201d da B\u00edblia Por Mission Network News Com a B\u00edblia em casa e o Alcor\u00e3o na escola, crian\u00e7as crist\u00e3s no Ir\u00e3 aprendem desde cedo a viver uma vida dupla. Sob press\u00e3o para parecer mu\u00e7ulmanas, elas precisam recitar ora\u00e7\u00f5es isl\u00e2micas e aprender vers\u00f5es modificadas de hist\u00f3rias b\u00edblicas, [&hellip;]<\/p>\n","protected":false},"author":2,"featured_media":62392,"comment_status":"open","ping_status":"open","sticky":false,"template":"","format":"standard","meta":{"footnotes":""},"categories":[7,21140],"tags":[670,14161,1440,356,1407,3385,5107,26340,17643,14619],"class_list":["post-62391","post","type-post","status-publish","format-standard","has-post-thumbnail","hentry","category-educacao","category-religiao","tag-criancas","tag-cristaos","tag-desafios","tag-escolas","tag-familias","tag-fe","tag-ira","tag-islamismo","tag-missoes","tag-perseguicao-religiosa"],"yoast_head":"<!-- This site is optimized with the Yoast SEO plugin v26.5 - https:\/\/yoast.com\/wordpress\/plugins\/seo\/ -->\n<title>Crian\u00e7as crist\u00e3s s\u00e3o for\u00e7adas a fingir ser mu\u00e7ulmanas nas escolas no Ir\u00e3 - Jornal Fatos e Not\u00edcias<\/title>\n<meta name=\"robots\" content=\"index, follow, max-snippet:-1, max-image-preview:large, max-video-preview:-1\" \/>\n<link rel=\"canonical\" href=\"https:\/\/jornalfatosenoticias.com.br\/index.php\/2025\/10\/08\/criancas-cristas-sao-forcadas-a-fingir-ser-muculmanas-nas-escolas-no-ira\/\" \/>\n<meta property=\"og:locale\" content=\"pt_BR\" \/>\n<meta property=\"og:type\" content=\"article\" \/>\n<meta property=\"og:title\" content=\"Crian\u00e7as crist\u00e3s s\u00e3o for\u00e7adas a fingir ser mu\u00e7ulmanas nas escolas no Ir\u00e3 - Jornal Fatos e Not\u00edcias\" \/>\n<meta property=\"og:description\" content=\"Na escola, crian\u00e7as crist\u00e3s aprendem ora\u00e7\u00f5es isl\u00e2micas e \u201cvers\u00f5es editadas\u201d da B\u00edblia Por Mission Network News Com a B\u00edblia em casa e o Alcor\u00e3o na escola, crian\u00e7as crist\u00e3s no Ir\u00e3 aprendem desde cedo a viver uma vida dupla. Sob press\u00e3o para parecer mu\u00e7ulmanas, elas precisam recitar ora\u00e7\u00f5es isl\u00e2micas e aprender vers\u00f5es modificadas de hist\u00f3rias b\u00edblicas, [&hellip;]\" \/>\n<meta property=\"og:url\" content=\"https:\/\/jornalfatosenoticias.com.br\/index.php\/2025\/10\/08\/criancas-cristas-sao-forcadas-a-fingir-ser-muculmanas-nas-escolas-no-ira\/\" \/>\n<meta property=\"og:site_name\" content=\"Jornal Fatos e Not\u00edcias\" \/>\n<meta property=\"article:published_time\" content=\"2025-10-08T12:28:35+00:00\" \/>\n<meta property=\"article:modified_time\" content=\"2025-10-08T12:28:36+00:00\" \/>\n<meta property=\"og:image\" content=\"https:\/\/jornalfatosenoticias.com.br\/wp-content\/uploads\/2025\/10\/Criancas-cristas-nas-escolas-no-Ira.jpg\" \/>\n\t<meta property=\"og:image:width\" content=\"840\" \/>\n\t<meta property=\"og:image:height\" content=\"500\" \/>\n\t<meta property=\"og:image:type\" content=\"image\/jpeg\" \/>\n<meta name=\"author\" content=\"Luzimara Fernandes\" \/>\n<meta name=\"twitter:card\" content=\"summary_large_image\" \/>\n<meta name=\"twitter:label1\" content=\"Escrito por\" \/>\n\t<meta name=\"twitter:data1\" content=\"Luzimara Fernandes\" \/>\n\t<meta name=\"twitter:label2\" content=\"Est. tempo de leitura\" \/>\n\t<meta name=\"twitter:data2\" content=\"3 minutos\" \/>\n<script type=\"application\/ld+json\" class=\"yoast-schema-graph\">{\"@context\":\"https:\/\/schema.org\",\"@graph\":[{\"@type\":\"Article\",\"@id\":\"https:\/\/jornalfatosenoticias.com.br\/index.php\/2025\/10\/08\/criancas-cristas-sao-forcadas-a-fingir-ser-muculmanas-nas-escolas-no-ira\/#article\",\"isPartOf\":{\"@id\":\"https:\/\/jornalfatosenoticias.com.br\/index.php\/2025\/10\/08\/criancas-cristas-sao-forcadas-a-fingir-ser-muculmanas-nas-escolas-no-ira\/\"},\"author\":{\"name\":\"Luzimara Fernandes\",\"@id\":\"https:\/\/jornalfatosenoticias.com.br\/#\/schema\/person\/d63837fa13ac8666eb9e74e0985d6f81\"},\"headline\":\"Crian\u00e7as crist\u00e3s s\u00e3o for\u00e7adas a fingir ser mu\u00e7ulmanas nas escolas no Ir\u00e3\",\"datePublished\":\"2025-10-08T12:28:35+00:00\",\"dateModified\":\"2025-10-08T12:28:36+00:00\",\"mainEntityOfPage\":{\"@id\":\"https:\/\/jornalfatosenoticias.com.br\/index.php\/2025\/10\/08\/criancas-cristas-sao-forcadas-a-fingir-ser-muculmanas-nas-escolas-no-ira\/\"},\"wordCount\":573,\"commentCount\":0,\"publisher\":{\"@id\":\"https:\/\/jornalfatosenoticias.com.br\/#organization\"},\"image\":{\"@id\":\"https:\/\/jornalfatosenoticias.com.br\/index.php\/2025\/10\/08\/criancas-cristas-sao-forcadas-a-fingir-ser-muculmanas-nas-escolas-no-ira\/#primaryimage\"},\"thumbnailUrl\":\"https:\/\/jornalfatosenoticias.com.br\/wp-content\/uploads\/2025\/10\/Criancas-cristas-nas-escolas-no-Ira.jpg\",\"keywords\":[\"crian\u00e7as\",\"crist\u00e3os\",\"desafios\",\"escolas\",\"fam\u00edlias\",\"f\u00e9\",\"Ir\u00e3\",\"islamismo\",\"miss\u00f5es\",\"persegui\u00e7\u00e3o religiosa\"],\"articleSection\":[\"Educa\u00e7\u00e3o\",\"Religi\u00e3o\"],\"inLanguage\":\"pt-BR\",\"potentialAction\":[{\"@type\":\"CommentAction\",\"name\":\"Comment\",\"target\":[\"https:\/\/jornalfatosenoticias.com.br\/index.php\/2025\/10\/08\/criancas-cristas-sao-forcadas-a-fingir-ser-muculmanas-nas-escolas-no-ira\/#respond\"]}]},{\"@type\":\"WebPage\",\"@id\":\"https:\/\/jornalfatosenoticias.com.br\/index.php\/2025\/10\/08\/criancas-cristas-sao-forcadas-a-fingir-ser-muculmanas-nas-escolas-no-ira\/\",\"url\":\"https:\/\/jornalfatosenoticias.com.br\/index.php\/2025\/10\/08\/criancas-cristas-sao-forcadas-a-fingir-ser-muculmanas-nas-escolas-no-ira\/\",\"name\":\"Crian\u00e7as crist\u00e3s s\u00e3o for\u00e7adas a fingir ser mu\u00e7ulmanas nas escolas no Ir\u00e3 - Jornal Fatos e Not\u00edcias\",\"isPartOf\":{\"@id\":\"https:\/\/jornalfatosenoticias.com.br\/#website\"},\"primaryImageOfPage\":{\"@id\":\"https:\/\/jornalfatosenoticias.com.br\/index.php\/2025\/10\/08\/criancas-cristas-sao-forcadas-a-fingir-ser-muculmanas-nas-escolas-no-ira\/#primaryimage\"},\"image\":{\"@id\":\"https:\/\/jornalfatosenoticias.com.br\/index.php\/2025\/10\/08\/criancas-cristas-sao-forcadas-a-fingir-ser-muculmanas-nas-escolas-no-ira\/#primaryimage\"},\"thumbnailUrl\":\"https:\/\/jornalfatosenoticias.com.br\/wp-content\/uploads\/2025\/10\/Criancas-cristas-nas-escolas-no-Ira.jpg\",\"datePublished\":\"2025-10-08T12:28:35+00:00\",\"dateModified\":\"2025-10-08T12:28:36+00:00\",\"breadcrumb\":{\"@id\":\"https:\/\/jornalfatosenoticias.com.br\/index.php\/2025\/10\/08\/criancas-cristas-sao-forcadas-a-fingir-ser-muculmanas-nas-escolas-no-ira\/#breadcrumb\"},\"inLanguage\":\"pt-BR\",\"potentialAction\":[{\"@type\":\"ReadAction\",\"target\":[\"https:\/\/jornalfatosenoticias.com.br\/index.php\/2025\/10\/08\/criancas-cristas-sao-forcadas-a-fingir-ser-muculmanas-nas-escolas-no-ira\/\"]}]},{\"@type\":\"ImageObject\",\"inLanguage\":\"pt-BR\",\"@id\":\"https:\/\/jornalfatosenoticias.com.br\/index.php\/2025\/10\/08\/criancas-cristas-sao-forcadas-a-fingir-ser-muculmanas-nas-escolas-no-ira\/#primaryimage\",\"url\":\"https:\/\/jornalfatosenoticias.com.br\/wp-content\/uploads\/2025\/10\/Criancas-cristas-nas-escolas-no-Ira.jpg\",\"contentUrl\":\"https:\/\/jornalfatosenoticias.com.br\/wp-content\/uploads\/2025\/10\/Criancas-cristas-nas-escolas-no-Ira.jpg\",\"width\":840,\"height\":500},{\"@type\":\"BreadcrumbList\",\"@id\":\"https:\/\/jornalfatosenoticias.com.br\/index.php\/2025\/10\/08\/criancas-cristas-sao-forcadas-a-fingir-ser-muculmanas-nas-escolas-no-ira\/#breadcrumb\",\"itemListElement\":[{\"@type\":\"ListItem\",\"position\":1,\"name\":\"In\u00edcio\",\"item\":\"https:\/\/jornalfatosenoticias.com.br\/\"},{\"@type\":\"ListItem\",\"position\":2,\"name\":\"Crian\u00e7as crist\u00e3s s\u00e3o for\u00e7adas a fingir ser mu\u00e7ulmanas nas escolas no Ir\u00e3\"}]},{\"@type\":\"WebSite\",\"@id\":\"https:\/\/jornalfatosenoticias.com.br\/#website\",\"url\":\"https:\/\/jornalfatosenoticias.com.br\/\",\"name\":\"Jornal Fatos e Not\u00edcias\",\"description\":\"Not\u00edcias em geral\",\"publisher\":{\"@id\":\"https:\/\/jornalfatosenoticias.com.br\/#organization\"},\"potentialAction\":[{\"@type\":\"SearchAction\",\"target\":{\"@type\":\"EntryPoint\",\"urlTemplate\":\"https:\/\/jornalfatosenoticias.com.br\/?s={search_term_string}\"},\"query-input\":{\"@type\":\"PropertyValueSpecification\",\"valueRequired\":true,\"valueName\":\"search_term_string\"}}],\"inLanguage\":\"pt-BR\"},{\"@type\":\"Organization\",\"@id\":\"https:\/\/jornalfatosenoticias.com.br\/#organization\",\"name\":\"Jornal Fatos e Not\u00edcias\",\"url\":\"https:\/\/jornalfatosenoticias.com.br\/\",\"logo\":{\"@type\":\"ImageObject\",\"inLanguage\":\"pt-BR\",\"@id\":\"https:\/\/jornalfatosenoticias.com.br\/#\/schema\/logo\/image\/\",\"url\":\"https:\/\/jornalfatosenoticias.com.br\/wp-content\/uploads\/2020\/02\/logo120.png\",\"contentUrl\":\"https:\/\/jornalfatosenoticias.com.br\/wp-content\/uploads\/2020\/02\/logo120.png\",\"width\":1227,\"height\":120,\"caption\":\"Jornal Fatos e Not\u00edcias\"},\"image\":{\"@id\":\"https:\/\/jornalfatosenoticias.com.br\/#\/schema\/logo\/image\/\"}},{\"@type\":\"Person\",\"@id\":\"https:\/\/jornalfatosenoticias.com.br\/#\/schema\/person\/d63837fa13ac8666eb9e74e0985d6f81\",\"name\":\"Luzimara Fernandes\",\"image\":{\"@type\":\"ImageObject\",\"inLanguage\":\"pt-BR\",\"@id\":\"https:\/\/jornalfatosenoticias.com.br\/#\/schema\/person\/image\/\",\"url\":\"https:\/\/jornalfatosenoticias.com.br\/wp-content\/uploads\/2025\/05\/EU_portal.jpg\",\"contentUrl\":\"https:\/\/jornalfatosenoticias.com.br\/wp-content\/uploads\/2025\/05\/EU_portal.jpg\",\"caption\":\"Luzimara Fernandes\"},\"description\":\"Jornalista MTB 2358-ES\",\"sameAs\":[\"https:\/\/jornalfatosenoticias.com.br\"],\"url\":\"https:\/\/jornalfatosenoticias.com.br\/index.php\/author\/luzimara\/\"}]}<\/script>\n<!-- \/ Yoast SEO plugin. -->","yoast_head_json":{"title":"Crian\u00e7as crist\u00e3s s\u00e3o for\u00e7adas a fingir ser mu\u00e7ulmanas nas escolas no Ir\u00e3 - Jornal Fatos e Not\u00edcias","robots":{"index":"index","follow":"follow","max-snippet":"max-snippet:-1","max-image-preview":"max-image-preview:large","max-video-preview":"max-video-preview:-1"},"canonical":"https:\/\/jornalfatosenoticias.com.br\/index.php\/2025\/10\/08\/criancas-cristas-sao-forcadas-a-fingir-ser-muculmanas-nas-escolas-no-ira\/","og_locale":"pt_BR","og_type":"article","og_title":"Crian\u00e7as crist\u00e3s s\u00e3o for\u00e7adas a fingir ser mu\u00e7ulmanas nas escolas no Ir\u00e3 - Jornal Fatos e Not\u00edcias","og_description":"Na escola, crian\u00e7as crist\u00e3s aprendem ora\u00e7\u00f5es isl\u00e2micas e \u201cvers\u00f5es editadas\u201d da B\u00edblia Por Mission Network News Com a B\u00edblia em casa e o Alcor\u00e3o na escola, crian\u00e7as crist\u00e3s no Ir\u00e3 aprendem desde cedo a viver uma vida dupla. Sob press\u00e3o para parecer mu\u00e7ulmanas, elas precisam recitar ora\u00e7\u00f5es isl\u00e2micas e aprender vers\u00f5es modificadas de hist\u00f3rias b\u00edblicas, [&hellip;]","og_url":"https:\/\/jornalfatosenoticias.com.br\/index.php\/2025\/10\/08\/criancas-cristas-sao-forcadas-a-fingir-ser-muculmanas-nas-escolas-no-ira\/","og_site_name":"Jornal Fatos e Not\u00edcias","article_published_time":"2025-10-08T12:28:35+00:00","article_modified_time":"2025-10-08T12:28:36+00:00","og_image":[{"width":840,"height":500,"url":"https:\/\/jornalfatosenoticias.com.br\/wp-content\/uploads\/2025\/10\/Criancas-cristas-nas-escolas-no-Ira.jpg","type":"image\/jpeg"}],"author":"Luzimara Fernandes","twitter_card":"summary_large_image","twitter_misc":{"Escrito por":"Luzimara Fernandes","Est. tempo de leitura":"3 minutos"},"schema":{"@context":"https:\/\/schema.org","@graph":[{"@type":"Article","@id":"https:\/\/jornalfatosenoticias.com.br\/index.php\/2025\/10\/08\/criancas-cristas-sao-forcadas-a-fingir-ser-muculmanas-nas-escolas-no-ira\/#article","isPartOf":{"@id":"https:\/\/jornalfatosenoticias.com.br\/index.php\/2025\/10\/08\/criancas-cristas-sao-forcadas-a-fingir-ser-muculmanas-nas-escolas-no-ira\/"},"author":{"name":"Luzimara Fernandes","@id":"https:\/\/jornalfatosenoticias.com.br\/#\/schema\/person\/d63837fa13ac8666eb9e74e0985d6f81"},"headline":"Crian\u00e7as crist\u00e3s s\u00e3o for\u00e7adas a fingir ser mu\u00e7ulmanas nas escolas no Ir\u00e3","datePublished":"2025-10-08T12:28:35+00:00","dateModified":"2025-10-08T12:28:36+00:00","mainEntityOfPage":{"@id":"https:\/\/jornalfatosenoticias.com.br\/index.php\/2025\/10\/08\/criancas-cristas-sao-forcadas-a-fingir-ser-muculmanas-nas-escolas-no-ira\/"},"wordCount":573,"commentCount":0,"publisher":{"@id":"https:\/\/jornalfatosenoticias.com.br\/#organization"},"image":{"@id":"https:\/\/jornalfatosenoticias.com.br\/index.php\/2025\/10\/08\/criancas-cristas-sao-forcadas-a-fingir-ser-muculmanas-nas-escolas-no-ira\/#primaryimage"},"thumbnailUrl":"https:\/\/jornalfatosenoticias.com.br\/wp-content\/uploads\/2025\/10\/Criancas-cristas-nas-escolas-no-Ira.jpg","keywords":["crian\u00e7as","crist\u00e3os","desafios","escolas","fam\u00edlias","f\u00e9","Ir\u00e3","islamismo","miss\u00f5es","persegui\u00e7\u00e3o religiosa"],"articleSection":["Educa\u00e7\u00e3o","Religi\u00e3o"],"inLanguage":"pt-BR","potentialAction":[{"@type":"CommentAction","name":"Comment","target":["https:\/\/jornalfatosenoticias.com.br\/index.php\/2025\/10\/08\/criancas-cristas-sao-forcadas-a-fingir-ser-muculmanas-nas-escolas-no-ira\/#respond"]}]},{"@type":"WebPage","@id":"https:\/\/jornalfatosenoticias.com.br\/index.php\/2025\/10\/08\/criancas-cristas-sao-forcadas-a-fingir-ser-muculmanas-nas-escolas-no-ira\/","url":"https:\/\/jornalfatosenoticias.com.br\/index.php\/2025\/10\/08\/criancas-cristas-sao-forcadas-a-fingir-ser-muculmanas-nas-escolas-no-ira\/","name":"Crian\u00e7as crist\u00e3s s\u00e3o for\u00e7adas a fingir ser mu\u00e7ulmanas nas escolas no Ir\u00e3 - Jornal Fatos e Not\u00edcias","isPartOf":{"@id":"https:\/\/jornalfatosenoticias.com.br\/#website"},"primaryImageOfPage":{"@id":"https:\/\/jornalfatosenoticias.com.br\/index.php\/2025\/10\/08\/criancas-cristas-sao-forcadas-a-fingir-ser-muculmanas-nas-escolas-no-ira\/#primaryimage"},"image":{"@id":"https:\/\/jornalfatosenoticias.com.br\/index.php\/2025\/10\/08\/criancas-cristas-sao-forcadas-a-fingir-ser-muculmanas-nas-escolas-no-ira\/#primaryimage"},"thumbnailUrl":"https:\/\/jornalfatosenoticias.com.br\/wp-content\/uploads\/2025\/10\/Criancas-cristas-nas-escolas-no-Ira.jpg","datePublished":"2025-10-08T12:28:35+00:00","dateModified":"2025-10-08T12:28:36+00:00","breadcrumb":{"@id":"https:\/\/jornalfatosenoticias.com.br\/index.php\/2025\/10\/08\/criancas-cristas-sao-forcadas-a-fingir-ser-muculmanas-nas-escolas-no-ira\/#breadcrumb"},"inLanguage":"pt-BR","potentialAction":[{"@type":"ReadAction","target":["https:\/\/jornalfatosenoticias.com.br\/index.php\/2025\/10\/08\/criancas-cristas-sao-forcadas-a-fingir-ser-muculmanas-nas-escolas-no-ira\/"]}]},{"@type":"ImageObject","inLanguage":"pt-BR","@id":"https:\/\/jornalfatosenoticias.com.br\/index.php\/2025\/10\/08\/criancas-cristas-sao-forcadas-a-fingir-ser-muculmanas-nas-escolas-no-ira\/#primaryimage","url":"https:\/\/jornalfatosenoticias.com.br\/wp-content\/uploads\/2025\/10\/Criancas-cristas-nas-escolas-no-Ira.jpg","contentUrl":"https:\/\/jornalfatosenoticias.com.br\/wp-content\/uploads\/2025\/10\/Criancas-cristas-nas-escolas-no-Ira.jpg","width":840,"height":500},{"@type":"BreadcrumbList","@id":"https:\/\/jornalfatosenoticias.com.br\/index.php\/2025\/10\/08\/criancas-cristas-sao-forcadas-a-fingir-ser-muculmanas-nas-escolas-no-ira\/#breadcrumb","itemListElement":[{"@type":"ListItem","position":1,"name":"In\u00edcio","item":"https:\/\/jornalfatosenoticias.com.br\/"},{"@type":"ListItem","position":2,"name":"Crian\u00e7as crist\u00e3s s\u00e3o for\u00e7adas a fingir ser mu\u00e7ulmanas nas escolas no Ir\u00e3"}]},{"@type":"WebSite","@id":"https:\/\/jornalfatosenoticias.com.br\/#website","url":"https:\/\/jornalfatosenoticias.com.br\/","name":"Jornal Fatos e Not\u00edcias","description":"Not\u00edcias em geral","publisher":{"@id":"https:\/\/jornalfatosenoticias.com.br\/#organization"},"potentialAction":[{"@type":"SearchAction","target":{"@type":"EntryPoint","urlTemplate":"https:\/\/jornalfatosenoticias.com.br\/?s={search_term_string}"},"query-input":{"@type":"PropertyValueSpecification","valueRequired":true,"valueName":"search_term_string"}}],"inLanguage":"pt-BR"},{"@type":"Organization","@id":"https:\/\/jornalfatosenoticias.com.br\/#organization","name":"Jornal Fatos e Not\u00edcias","url":"https:\/\/jornalfatosenoticias.com.br\/","logo":{"@type":"ImageObject","inLanguage":"pt-BR","@id":"https:\/\/jornalfatosenoticias.com.br\/#\/schema\/logo\/image\/","url":"https:\/\/jornalfatosenoticias.com.br\/wp-content\/uploads\/2020\/02\/logo120.png","contentUrl":"https:\/\/jornalfatosenoticias.com.br\/wp-content\/uploads\/2020\/02\/logo120.png","width":1227,"height":120,"caption":"Jornal Fatos e Not\u00edcias"},"image":{"@id":"https:\/\/jornalfatosenoticias.com.br\/#\/schema\/logo\/image\/"}},{"@type":"Person","@id":"https:\/\/jornalfatosenoticias.com.br\/#\/schema\/person\/d63837fa13ac8666eb9e74e0985d6f81","name":"Luzimara Fernandes","image":{"@type":"ImageObject","inLanguage":"pt-BR","@id":"https:\/\/jornalfatosenoticias.com.br\/#\/schema\/person\/image\/","url":"https:\/\/jornalfatosenoticias.com.br\/wp-content\/uploads\/2025\/05\/EU_portal.jpg","contentUrl":"https:\/\/jornalfatosenoticias.com.br\/wp-content\/uploads\/2025\/05\/EU_portal.jpg","caption":"Luzimara Fernandes"},"description":"Jornalista MTB 2358-ES","sameAs":["https:\/\/jornalfatosenoticias.com.br"],"url":"https:\/\/jornalfatosenoticias.com.br\/index.php\/author\/luzimara\/"}]}},"cc_featured_image_caption":{"caption_text":"Imagem ilustrativa (Foto: Unsplash)","source_text":"","source_url":""},"jetpack_featured_media_url":"https:\/\/jornalfatosenoticias.com.br\/wp-content\/uploads\/2025\/10\/Criancas-cristas-nas-escolas-no-Ira.jpg","_links":{"self":[{"href":"https:\/\/jornalfatosenoticias.com.br\/index.php\/wp-json\/wp\/v2\/posts\/62391","targetHints":{"allow":["GET"]}}],"collection":[{"href":"https:\/\/jornalfatosenoticias.com.br\/index.php\/wp-json\/wp\/v2\/posts"}],"about":[{"href":"https:\/\/jornalfatosenoticias.com.br\/index.php\/wp-json\/wp\/v2\/types\/post"}],"author":[{"embeddable":true,"href":"https:\/\/jornalfatosenoticias.com.br\/index.php\/wp-json\/wp\/v2\/users\/2"}],"replies":[{"embeddable":true,"href":"https:\/\/jornalfatosenoticias.com.br\/index.php\/wp-json\/wp\/v2\/comments?post=62391"}],"version-history":[{"count":0,"href":"https:\/\/jornalfatosenoticias.com.br\/index.php\/wp-json\/wp\/v2\/posts\/62391\/revisions"}],"wp:featuredmedia":[{"embeddable":true,"href":"https:\/\/jornalfatosenoticias.com.br\/index.php\/wp-json\/wp\/v2\/media\/62392"}],"wp:attachment":[{"href":"https:\/\/jornalfatosenoticias.com.br\/index.php\/wp-json\/wp\/v2\/media?parent=62391"}],"wp:term":[{"taxonomy":"category","embeddable":true,"href":"https:\/\/jornalfatosenoticias.com.br\/index.php\/wp-json\/wp\/v2\/categories?post=62391"},{"taxonomy":"post_tag","embeddable":true,"href":"https:\/\/jornalfatosenoticias.com.br\/index.php\/wp-json\/wp\/v2\/tags?post=62391"}],"curies":[{"name":"wp","href":"https:\/\/api.w.org\/{rel}","templated":true}]}}