{"id":62395,"date":"2025-10-08T10:22:39","date_gmt":"2025-10-08T13:22:39","guid":{"rendered":"https:\/\/jornalfatosenoticias.com.br\/?p=62395"},"modified":"2025-10-08T10:22:40","modified_gmt":"2025-10-08T13:22:40","slug":"jequitiba-rosa-quincentenario-e-registrado-em-parque-no-rio","status":"publish","type":"post","link":"https:\/\/jornalfatosenoticias.com.br\/index.php\/2025\/10\/08\/jequitiba-rosa-quincentenario-e-registrado-em-parque-no-rio\/","title":{"rendered":"Jequitib\u00e1-rosa quincenten\u00e1rio \u00e9 registrado em parque no Rio"},"content":{"rendered":"\n<p><em><span class=\"has-inline-color has-black-color\">Exemplar de jequitib\u00e1-rosa foi registrado por pesquisadores da Fiocruz no interior do Parque Estadual da Pedra Branca<\/span><\/em><\/p>\n\n\n\n<p><span class=\"has-inline-color has-black-color\">Por <strong><a href=\"https:\/\/ciclovivo.com.br\/author\/marcia-sousa\/\">Marcia Sousa<\/a><\/strong><\/span><\/p>\n\n\n\n<div class=\"wp-block-image\"><figure class=\"aligncenter size-large is-resized\"><a href=\"https:\/\/www.facebook.com\/vetor.vix\/\"><img loading=\"lazy\" decoding=\"async\" src=\"https:\/\/jornalfatosenoticias.com.br\/wp-content\/uploads\/2023\/09\/vetorvix1024_1.jpg\" alt=\"\" class=\"wp-image-44868\" width=\"565\" height=\"150\" srcset=\"https:\/\/jornalfatosenoticias.com.br\/wp-content\/uploads\/2023\/09\/vetorvix1024_1.jpg 1024w, https:\/\/jornalfatosenoticias.com.br\/wp-content\/uploads\/2023\/09\/vetorvix1024_1-300x80.jpg 300w, https:\/\/jornalfatosenoticias.com.br\/wp-content\/uploads\/2023\/09\/vetorvix1024_1-768x205.jpg 768w\" sizes=\"auto, (max-width: 565px) 100vw, 565px\" \/><\/a><\/figure><\/div>\n\n\n\n<p>Imagine-se no 13.\u00ba andar de um pr\u00e9dio. \u00c9 mais ou menos esta a altura de um jequitib\u00e1-rosa presente no Parque Estadual da Pedra Branca, em Guaratiba, zona oeste do Rio de Janeiro. \u00c9 mais alto que o famoso Cristo Redentor no morro do Corcovado. Para al\u00e9m de seus imponentes 40 metros de altura e sete metros de circunfer\u00eancia, chama a aten\u00e7\u00e3o o fato de que a \u00e1rvore tenha cerca de 500 anos.<br>O registro foi feito pelos bi\u00f3logos Monique Medeiros Gabriel e Ja\u00edlton Costa, da Funda\u00e7\u00e3o Oswaldo Cruz (Fiocruz Mata Atl\u00e2ntica). Segundo explicam os pesquisadores, o jequitib\u00e1-rosa est\u00e1 localizado a apenas um quil\u00f4metro no interior da mata, mas o dif\u00edcil acesso ao local pode explicar a preserva\u00e7\u00e3o da \u00e1rvore.<\/p>\n\n\n\n<div class=\"wp-block-image\"><figure class=\"aligncenter size-large\"><a href=\"http:\/\/www.ferrarimaquinas.com.br\/\"><img loading=\"lazy\" decoding=\"async\" width=\"300\" height=\"250\" src=\"https:\/\/jornalfatosenoticias.com.br\/wp-content\/uploads\/2022\/02\/FERRARI_MAQUINAS-E-FERRAMENTAS2.jpg\" alt=\"\" class=\"wp-image-27860\"\/><\/a><\/figure><\/div>\n\n\n\n<blockquote class=\"wp-block-quote is-layout-flow wp-block-quote-is-layout-flow\"><p><span class=\"has-inline-color has-luminous-vivid-orange-color\">O jequitib\u00e1-rosa est\u00e1 localizado na \u00e1rea do Parque Estadual da Pedra Branca. Sua conserva\u00e7\u00e3o \u00e9 atribu\u00edda ao acesso restrito por meio do S\u00edtio Jequitib\u00e1-Rosa, propriedade particular mantida por Carlos Sergio Raposo, que tamb\u00e9m preserva outros exemplares da esp\u00e9cie. O local abriga um importante remanescente da Floresta da Pedra Branca, com grande diversidade de plantas e \u00e1rvores de grande porte\u201d, detalham Monique e Ja\u00edlton. A Floresta da Pedra Branca \u00e9 o maior remanescente de Mata Atl\u00e2ntica na cidade do Rio de Janeiro.<\/span><\/p><\/blockquote>\n\n\n\n<div class=\"wp-block-image\"><figure class=\"aligncenter size-large is-resized\"><a href=\"https:\/\/www.instagram.com\/gruposei\/\"><img loading=\"lazy\" decoding=\"async\" src=\"https:\/\/jornalfatosenoticias.com.br\/wp-content\/uploads\/2022\/07\/Logo-Grupo-SEI.jpg\" alt=\"\" class=\"wp-image-31973\" width=\"390\" height=\"205\" srcset=\"https:\/\/jornalfatosenoticias.com.br\/wp-content\/uploads\/2022\/07\/Logo-Grupo-SEI.jpg 713w, https:\/\/jornalfatosenoticias.com.br\/wp-content\/uploads\/2022\/07\/Logo-Grupo-SEI-300x158.jpg 300w\" sizes=\"auto, (max-width: 390px) 100vw, 390px\" \/><\/a><\/figure><\/div>\n\n\n\n<p>A mais alta \u00e1rvore da esp\u00e9cie jequitib\u00e1-rosa j\u00e1 catalogada no Brasil possui 65 metros de altura e est\u00e1 na Reserva Biol\u00f3gica da Mata Escura, no Vale do Jequitinhonha, em Minas Gerais. A \u00e1rea \u00e9 gerida pelo Instituto Chico Mendes de Conserva\u00e7\u00e3o da Biodiversidade (ICMBio). A esp\u00e9cie foi descoberta durante uma expedi\u00e7\u00e3o de monitoramento de muriquis-do-norte (<em>Brachyteles hypoxanthus<\/em>), <a href=\"https:\/\/ciclovivo.com.br\/planeta\/meio-ambiente\/jequitiba-rosa-de-65-metros-e-descoberto-no-vale-do-jequitinhonha\/\" target=\"_blank\" rel=\"noreferrer noopener\">saiba mais aqui<\/a>.<\/p>\n\n\n\n<div class=\"wp-block-image\"><figure class=\"aligncenter size-large is-resized\"><a href=\"https:\/\/www.controlsystems.com.br\/\"><img loading=\"lazy\" decoding=\"async\" src=\"https:\/\/jornalfatosenoticias.com.br\/wp-content\/uploads\/2020\/02\/CONTROL-CS.jpg\" alt=\"\" class=\"wp-image-44991\" width=\"279\" height=\"334\" srcset=\"https:\/\/jornalfatosenoticias.com.br\/wp-content\/uploads\/2020\/02\/CONTROL-CS.jpg 834w, https:\/\/jornalfatosenoticias.com.br\/wp-content\/uploads\/2020\/02\/CONTROL-CS-250x300.jpg 250w, https:\/\/jornalfatosenoticias.com.br\/wp-content\/uploads\/2020\/02\/CONTROL-CS-768x921.jpg 768w\" sizes=\"auto, (max-width: 279px) 100vw, 279px\" \/><\/a><\/figure><\/div>\n\n\n\n<p><strong><span class=\"has-inline-color has-vivid-green-cyan-color\">A gigante jequitib\u00e1-rosa no RJ<br><\/span><\/strong>Outro profissional da Fiocruz Mata Atl\u00e2ntica, o bi\u00f3logo Thiago Fernandes, destaca que o jequitib\u00e1-rosa \u00e9 exclusivo da Mata Atl\u00e2ntica e est\u00e1 amea\u00e7ado de extin\u00e7\u00e3o devido \u00e0 extra\u00e7\u00e3o de madeira e \u00e0 perda de h\u00e1bitat. Para ajudar a reverter esse cen\u00e1rio, a esp\u00e9cie ser\u00e1 usada para a coleta de sementes e produ\u00e7\u00e3o de mudas no horto da institui\u00e7\u00e3o.<\/p>\n\n\n\n<div class=\"wp-block-image\"><figure class=\"aligncenter size-large is-resized\"><a href=\"https:\/\/www.facebook.com\/postobkr\/?locale=pt_BR\"><img loading=\"lazy\" decoding=\"async\" src=\"https:\/\/jornalfatosenoticias.com.br\/wp-content\/uploads\/2023\/08\/BKR-1024x1021.jpg\" alt=\"\" class=\"wp-image-44494\" width=\"298\" height=\"297\" srcset=\"https:\/\/jornalfatosenoticias.com.br\/wp-content\/uploads\/2023\/08\/BKR-1024x1021.jpg 1024w, https:\/\/jornalfatosenoticias.com.br\/wp-content\/uploads\/2023\/08\/BKR-300x300.jpg 300w, https:\/\/jornalfatosenoticias.com.br\/wp-content\/uploads\/2023\/08\/BKR-150x150.jpg 150w, https:\/\/jornalfatosenoticias.com.br\/wp-content\/uploads\/2023\/08\/BKR-768x766.jpg 768w, https:\/\/jornalfatosenoticias.com.br\/wp-content\/uploads\/2023\/08\/BKR.jpg 1080w\" sizes=\"auto, (max-width: 298px) 100vw, 298px\" \/><\/a><\/figure><\/div>\n\n\n\n<blockquote class=\"wp-block-quote is-layout-flow wp-block-quote-is-layout-flow\"><p><span class=\"has-inline-color has-luminous-vivid-orange-color\">Essa a\u00e7\u00e3o segue as recomenda\u00e7\u00f5es de \u00f3rg\u00e3os oficiais de conserva\u00e7\u00e3o, como o Centro Nacional de Conserva\u00e7\u00e3o da Flora [CNCFlora]\u201d, explica o pesquisador.<\/span><\/p><\/blockquote>\n\n\n\n<div class=\"wp-block-image\"><figure class=\"aligncenter size-large is-resized\"><a href=\"https:\/\/www.instagram.com\/serra4x4cambioautomatico\/\"><img loading=\"lazy\" decoding=\"async\" src=\"https:\/\/jornalfatosenoticias.com.br\/wp-content\/uploads\/2024\/08\/Serra-4x4-1-886x1024.jpg\" alt=\"\" class=\"wp-image-53632\" width=\"277\" height=\"320\" srcset=\"https:\/\/jornalfatosenoticias.com.br\/wp-content\/uploads\/2024\/08\/Serra-4x4-1-886x1024.jpg 886w, https:\/\/jornalfatosenoticias.com.br\/wp-content\/uploads\/2024\/08\/Serra-4x4-1-260x300.jpg 260w, https:\/\/jornalfatosenoticias.com.br\/wp-content\/uploads\/2024\/08\/Serra-4x4-1-768x888.jpg 768w, https:\/\/jornalfatosenoticias.com.br\/wp-content\/uploads\/2024\/08\/Serra-4x4-1.jpg 1181w\" sizes=\"auto, (max-width: 277px) 100vw, 277px\" \/><\/a><\/figure><\/div>\n\n\n\n<p>Ainda segundo a Fiocruz Mata Atl\u00e2ntica, o registro faz parte das atividades de campo do projeto Biota Pedra Branca cujo objetivo \u00e9 colaborar com o conhecimento da biodiversidade e com a conserva\u00e7\u00e3o da Floresta da Pedra Branca. Al\u00e9m disso, visa auxiliar na constru\u00e7\u00e3o de um sistema de vigil\u00e2ncia em zoonoses silvestres para a regi\u00e3o, levantar e mapear a ocorr\u00eancia de animais, plantas e pat\u00f3genos na floresta, e estruturar o programa de monitoramento de longo prazo da biodiversidade e de zoonoses na Esta\u00e7\u00e3o Biol\u00f3gica Fiocruz Mata Atl\u00e2ntica (EBFMT). Fundada em 2016, a Esta\u00e7\u00e3o Biol\u00f3gica \u00e9 a primeira do mundo com foco prim\u00e1rio em biodiversidade e sa\u00fade.<\/p>\n\n\n\n<div class=\"wp-block-image\"><figure class=\"aligncenter size-large is-resized\"><a href=\"https:\/\/www.facebook.com\/postobkr\/?locale=pt_BR\"><img loading=\"lazy\" decoding=\"async\" src=\"https:\/\/jornalfatosenoticias.com.br\/wp-content\/uploads\/2024\/11\/Guaitolini-Contabilidade-1024x714.jpeg\" alt=\"\" class=\"wp-image-55808\" width=\"332\" height=\"231\" srcset=\"https:\/\/jornalfatosenoticias.com.br\/wp-content\/uploads\/2024\/11\/Guaitolini-Contabilidade-1024x714.jpeg 1024w, https:\/\/jornalfatosenoticias.com.br\/wp-content\/uploads\/2024\/11\/Guaitolini-Contabilidade-300x209.jpeg 300w, https:\/\/jornalfatosenoticias.com.br\/wp-content\/uploads\/2024\/11\/Guaitolini-Contabilidade-768x535.jpeg 768w, https:\/\/jornalfatosenoticias.com.br\/wp-content\/uploads\/2024\/11\/Guaitolini-Contabilidade.jpeg 1280w\" sizes=\"auto, (max-width: 332px) 100vw, 332px\" \/><\/a><\/figure><\/div>\n\n\n\n<p><strong>Fonte: <a href=\"https:\/\/ciclovivo.com.br\/planeta\/meio-ambiente\/jequitiba-rosa-quincentenario-parque-rio\/\">CicloVivo<\/a><\/strong><\/p>\n","protected":false},"excerpt":{"rendered":"<p>Exemplar de jequitib\u00e1-rosa foi registrado por pesquisadores da Fiocruz no interior do Parque Estadual da Pedra Branca Por Marcia Sousa Imagine-se no 13.\u00ba andar de um pr\u00e9dio. \u00c9 mais ou menos esta a altura de um jequitib\u00e1-rosa presente no Parque Estadual da Pedra Branca, em Guaratiba, zona oeste do Rio de Janeiro. \u00c9 mais alto [&hellip;]<\/p>\n","protected":false},"author":2,"featured_media":62396,"comment_status":"open","ping_status":"open","sticky":false,"template":"","format":"standard","meta":{"footnotes":""},"categories":[8],"tags":[130,27376,258],"class_list":["post-62395","post","type-post","status-publish","format-standard","has-post-thumbnail","hentry","category-meio-ambiente","tag-fiocruz","tag-jequitiba-rosa","tag-mata-atlantica"],"yoast_head":"<!-- This site is optimized with the Yoast SEO plugin v26.5 - https:\/\/yoast.com\/wordpress\/plugins\/seo\/ -->\n<title>Jequitib\u00e1-rosa quincenten\u00e1rio \u00e9 registrado em parque no Rio - Jornal Fatos e Not\u00edcias<\/title>\n<meta name=\"robots\" content=\"index, follow, max-snippet:-1, max-image-preview:large, max-video-preview:-1\" \/>\n<link rel=\"canonical\" href=\"https:\/\/jornalfatosenoticias.com.br\/index.php\/2025\/10\/08\/jequitiba-rosa-quincentenario-e-registrado-em-parque-no-rio\/\" \/>\n<meta property=\"og:locale\" content=\"pt_BR\" \/>\n<meta property=\"og:type\" content=\"article\" \/>\n<meta property=\"og:title\" content=\"Jequitib\u00e1-rosa quincenten\u00e1rio \u00e9 registrado em parque no Rio - Jornal Fatos e Not\u00edcias\" \/>\n<meta property=\"og:description\" content=\"Exemplar de jequitib\u00e1-rosa foi registrado por pesquisadores da Fiocruz no interior do Parque Estadual da Pedra Branca Por Marcia Sousa Imagine-se no 13.\u00ba andar de um pr\u00e9dio. \u00c9 mais ou menos esta a altura de um jequitib\u00e1-rosa presente no Parque Estadual da Pedra Branca, em Guaratiba, zona oeste do Rio de Janeiro. \u00c9 mais alto [&hellip;]\" \/>\n<meta property=\"og:url\" content=\"https:\/\/jornalfatosenoticias.com.br\/index.php\/2025\/10\/08\/jequitiba-rosa-quincentenario-e-registrado-em-parque-no-rio\/\" \/>\n<meta property=\"og:site_name\" content=\"Jornal Fatos e Not\u00edcias\" \/>\n<meta property=\"article:published_time\" content=\"2025-10-08T13:22:39+00:00\" \/>\n<meta property=\"article:modified_time\" content=\"2025-10-08T13:22:40+00:00\" \/>\n<meta property=\"og:image\" content=\"https:\/\/jornalfatosenoticias.com.br\/wp-content\/uploads\/2025\/10\/Jequitiba-rosa-rj-Fiocruz-Mata-Atlantica.jpg\" \/>\n\t<meta property=\"og:image:width\" content=\"1000\" \/>\n\t<meta property=\"og:image:height\" content=\"666\" \/>\n\t<meta property=\"og:image:type\" content=\"image\/jpeg\" \/>\n<meta name=\"author\" content=\"Luzimara Fernandes\" \/>\n<meta name=\"twitter:card\" content=\"summary_large_image\" \/>\n<meta name=\"twitter:label1\" content=\"Escrito por\" \/>\n\t<meta name=\"twitter:data1\" content=\"Luzimara Fernandes\" \/>\n\t<meta name=\"twitter:label2\" content=\"Est. tempo de leitura\" \/>\n\t<meta name=\"twitter:data2\" content=\"3 minutos\" \/>\n<script type=\"application\/ld+json\" class=\"yoast-schema-graph\">{\"@context\":\"https:\/\/schema.org\",\"@graph\":[{\"@type\":\"Article\",\"@id\":\"https:\/\/jornalfatosenoticias.com.br\/index.php\/2025\/10\/08\/jequitiba-rosa-quincentenario-e-registrado-em-parque-no-rio\/#article\",\"isPartOf\":{\"@id\":\"https:\/\/jornalfatosenoticias.com.br\/index.php\/2025\/10\/08\/jequitiba-rosa-quincentenario-e-registrado-em-parque-no-rio\/\"},\"author\":{\"name\":\"Luzimara Fernandes\",\"@id\":\"https:\/\/jornalfatosenoticias.com.br\/#\/schema\/person\/d63837fa13ac8666eb9e74e0985d6f81\"},\"headline\":\"Jequitib\u00e1-rosa quincenten\u00e1rio \u00e9 registrado em parque no Rio\",\"datePublished\":\"2025-10-08T13:22:39+00:00\",\"dateModified\":\"2025-10-08T13:22:40+00:00\",\"mainEntityOfPage\":{\"@id\":\"https:\/\/jornalfatosenoticias.com.br\/index.php\/2025\/10\/08\/jequitiba-rosa-quincentenario-e-registrado-em-parque-no-rio\/\"},\"wordCount\":527,\"commentCount\":0,\"publisher\":{\"@id\":\"https:\/\/jornalfatosenoticias.com.br\/#organization\"},\"image\":{\"@id\":\"https:\/\/jornalfatosenoticias.com.br\/index.php\/2025\/10\/08\/jequitiba-rosa-quincentenario-e-registrado-em-parque-no-rio\/#primaryimage\"},\"thumbnailUrl\":\"https:\/\/jornalfatosenoticias.com.br\/wp-content\/uploads\/2025\/10\/Jequitiba-rosa-rj-Fiocruz-Mata-Atlantica.jpg\",\"keywords\":[\"fiocruz\",\"jequitib\u00e1-rosa\",\"mata atl\u00e2ntica\"],\"articleSection\":[\"Meio ambiente\"],\"inLanguage\":\"pt-BR\",\"potentialAction\":[{\"@type\":\"CommentAction\",\"name\":\"Comment\",\"target\":[\"https:\/\/jornalfatosenoticias.com.br\/index.php\/2025\/10\/08\/jequitiba-rosa-quincentenario-e-registrado-em-parque-no-rio\/#respond\"]}]},{\"@type\":\"WebPage\",\"@id\":\"https:\/\/jornalfatosenoticias.com.br\/index.php\/2025\/10\/08\/jequitiba-rosa-quincentenario-e-registrado-em-parque-no-rio\/\",\"url\":\"https:\/\/jornalfatosenoticias.com.br\/index.php\/2025\/10\/08\/jequitiba-rosa-quincentenario-e-registrado-em-parque-no-rio\/\",\"name\":\"Jequitib\u00e1-rosa quincenten\u00e1rio \u00e9 registrado em parque no Rio - Jornal Fatos e Not\u00edcias\",\"isPartOf\":{\"@id\":\"https:\/\/jornalfatosenoticias.com.br\/#website\"},\"primaryImageOfPage\":{\"@id\":\"https:\/\/jornalfatosenoticias.com.br\/index.php\/2025\/10\/08\/jequitiba-rosa-quincentenario-e-registrado-em-parque-no-rio\/#primaryimage\"},\"image\":{\"@id\":\"https:\/\/jornalfatosenoticias.com.br\/index.php\/2025\/10\/08\/jequitiba-rosa-quincentenario-e-registrado-em-parque-no-rio\/#primaryimage\"},\"thumbnailUrl\":\"https:\/\/jornalfatosenoticias.com.br\/wp-content\/uploads\/2025\/10\/Jequitiba-rosa-rj-Fiocruz-Mata-Atlantica.jpg\",\"datePublished\":\"2025-10-08T13:22:39+00:00\",\"dateModified\":\"2025-10-08T13:22:40+00:00\",\"breadcrumb\":{\"@id\":\"https:\/\/jornalfatosenoticias.com.br\/index.php\/2025\/10\/08\/jequitiba-rosa-quincentenario-e-registrado-em-parque-no-rio\/#breadcrumb\"},\"inLanguage\":\"pt-BR\",\"potentialAction\":[{\"@type\":\"ReadAction\",\"target\":[\"https:\/\/jornalfatosenoticias.com.br\/index.php\/2025\/10\/08\/jequitiba-rosa-quincentenario-e-registrado-em-parque-no-rio\/\"]}]},{\"@type\":\"ImageObject\",\"inLanguage\":\"pt-BR\",\"@id\":\"https:\/\/jornalfatosenoticias.com.br\/index.php\/2025\/10\/08\/jequitiba-rosa-quincentenario-e-registrado-em-parque-no-rio\/#primaryimage\",\"url\":\"https:\/\/jornalfatosenoticias.com.br\/wp-content\/uploads\/2025\/10\/Jequitiba-rosa-rj-Fiocruz-Mata-Atlantica.jpg\",\"contentUrl\":\"https:\/\/jornalfatosenoticias.com.br\/wp-content\/uploads\/2025\/10\/Jequitiba-rosa-rj-Fiocruz-Mata-Atlantica.jpg\",\"width\":1000,\"height\":666},{\"@type\":\"BreadcrumbList\",\"@id\":\"https:\/\/jornalfatosenoticias.com.br\/index.php\/2025\/10\/08\/jequitiba-rosa-quincentenario-e-registrado-em-parque-no-rio\/#breadcrumb\",\"itemListElement\":[{\"@type\":\"ListItem\",\"position\":1,\"name\":\"In\u00edcio\",\"item\":\"https:\/\/jornalfatosenoticias.com.br\/\"},{\"@type\":\"ListItem\",\"position\":2,\"name\":\"Jequitib\u00e1-rosa quincenten\u00e1rio \u00e9 registrado em parque no Rio\"}]},{\"@type\":\"WebSite\",\"@id\":\"https:\/\/jornalfatosenoticias.com.br\/#website\",\"url\":\"https:\/\/jornalfatosenoticias.com.br\/\",\"name\":\"Jornal Fatos e Not\u00edcias\",\"description\":\"Not\u00edcias em geral\",\"publisher\":{\"@id\":\"https:\/\/jornalfatosenoticias.com.br\/#organization\"},\"potentialAction\":[{\"@type\":\"SearchAction\",\"target\":{\"@type\":\"EntryPoint\",\"urlTemplate\":\"https:\/\/jornalfatosenoticias.com.br\/?s={search_term_string}\"},\"query-input\":{\"@type\":\"PropertyValueSpecification\",\"valueRequired\":true,\"valueName\":\"search_term_string\"}}],\"inLanguage\":\"pt-BR\"},{\"@type\":\"Organization\",\"@id\":\"https:\/\/jornalfatosenoticias.com.br\/#organization\",\"name\":\"Jornal Fatos e Not\u00edcias\",\"url\":\"https:\/\/jornalfatosenoticias.com.br\/\",\"logo\":{\"@type\":\"ImageObject\",\"inLanguage\":\"pt-BR\",\"@id\":\"https:\/\/jornalfatosenoticias.com.br\/#\/schema\/logo\/image\/\",\"url\":\"https:\/\/jornalfatosenoticias.com.br\/wp-content\/uploads\/2020\/02\/logo120.png\",\"contentUrl\":\"https:\/\/jornalfatosenoticias.com.br\/wp-content\/uploads\/2020\/02\/logo120.png\",\"width\":1227,\"height\":120,\"caption\":\"Jornal Fatos e Not\u00edcias\"},\"image\":{\"@id\":\"https:\/\/jornalfatosenoticias.com.br\/#\/schema\/logo\/image\/\"}},{\"@type\":\"Person\",\"@id\":\"https:\/\/jornalfatosenoticias.com.br\/#\/schema\/person\/d63837fa13ac8666eb9e74e0985d6f81\",\"name\":\"Luzimara Fernandes\",\"image\":{\"@type\":\"ImageObject\",\"inLanguage\":\"pt-BR\",\"@id\":\"https:\/\/jornalfatosenoticias.com.br\/#\/schema\/person\/image\/\",\"url\":\"https:\/\/jornalfatosenoticias.com.br\/wp-content\/uploads\/2025\/05\/EU_portal.jpg\",\"contentUrl\":\"https:\/\/jornalfatosenoticias.com.br\/wp-content\/uploads\/2025\/05\/EU_portal.jpg\",\"caption\":\"Luzimara Fernandes\"},\"description\":\"Jornalista MTB 2358-ES\",\"sameAs\":[\"https:\/\/jornalfatosenoticias.com.br\"],\"url\":\"https:\/\/jornalfatosenoticias.com.br\/index.php\/author\/luzimara\/\"}]}<\/script>\n<!-- \/ Yoast SEO plugin. -->","yoast_head_json":{"title":"Jequitib\u00e1-rosa quincenten\u00e1rio \u00e9 registrado em parque no Rio - Jornal Fatos e Not\u00edcias","robots":{"index":"index","follow":"follow","max-snippet":"max-snippet:-1","max-image-preview":"max-image-preview:large","max-video-preview":"max-video-preview:-1"},"canonical":"https:\/\/jornalfatosenoticias.com.br\/index.php\/2025\/10\/08\/jequitiba-rosa-quincentenario-e-registrado-em-parque-no-rio\/","og_locale":"pt_BR","og_type":"article","og_title":"Jequitib\u00e1-rosa quincenten\u00e1rio \u00e9 registrado em parque no Rio - Jornal Fatos e Not\u00edcias","og_description":"Exemplar de jequitib\u00e1-rosa foi registrado por pesquisadores da Fiocruz no interior do Parque Estadual da Pedra Branca Por Marcia Sousa Imagine-se no 13.\u00ba andar de um pr\u00e9dio. \u00c9 mais ou menos esta a altura de um jequitib\u00e1-rosa presente no Parque Estadual da Pedra Branca, em Guaratiba, zona oeste do Rio de Janeiro. \u00c9 mais alto [&hellip;]","og_url":"https:\/\/jornalfatosenoticias.com.br\/index.php\/2025\/10\/08\/jequitiba-rosa-quincentenario-e-registrado-em-parque-no-rio\/","og_site_name":"Jornal Fatos e Not\u00edcias","article_published_time":"2025-10-08T13:22:39+00:00","article_modified_time":"2025-10-08T13:22:40+00:00","og_image":[{"width":1000,"height":666,"url":"https:\/\/jornalfatosenoticias.com.br\/wp-content\/uploads\/2025\/10\/Jequitiba-rosa-rj-Fiocruz-Mata-Atlantica.jpg","type":"image\/jpeg"}],"author":"Luzimara Fernandes","twitter_card":"summary_large_image","twitter_misc":{"Escrito por":"Luzimara Fernandes","Est. tempo de leitura":"3 minutos"},"schema":{"@context":"https:\/\/schema.org","@graph":[{"@type":"Article","@id":"https:\/\/jornalfatosenoticias.com.br\/index.php\/2025\/10\/08\/jequitiba-rosa-quincentenario-e-registrado-em-parque-no-rio\/#article","isPartOf":{"@id":"https:\/\/jornalfatosenoticias.com.br\/index.php\/2025\/10\/08\/jequitiba-rosa-quincentenario-e-registrado-em-parque-no-rio\/"},"author":{"name":"Luzimara Fernandes","@id":"https:\/\/jornalfatosenoticias.com.br\/#\/schema\/person\/d63837fa13ac8666eb9e74e0985d6f81"},"headline":"Jequitib\u00e1-rosa quincenten\u00e1rio \u00e9 registrado em parque no Rio","datePublished":"2025-10-08T13:22:39+00:00","dateModified":"2025-10-08T13:22:40+00:00","mainEntityOfPage":{"@id":"https:\/\/jornalfatosenoticias.com.br\/index.php\/2025\/10\/08\/jequitiba-rosa-quincentenario-e-registrado-em-parque-no-rio\/"},"wordCount":527,"commentCount":0,"publisher":{"@id":"https:\/\/jornalfatosenoticias.com.br\/#organization"},"image":{"@id":"https:\/\/jornalfatosenoticias.com.br\/index.php\/2025\/10\/08\/jequitiba-rosa-quincentenario-e-registrado-em-parque-no-rio\/#primaryimage"},"thumbnailUrl":"https:\/\/jornalfatosenoticias.com.br\/wp-content\/uploads\/2025\/10\/Jequitiba-rosa-rj-Fiocruz-Mata-Atlantica.jpg","keywords":["fiocruz","jequitib\u00e1-rosa","mata atl\u00e2ntica"],"articleSection":["Meio ambiente"],"inLanguage":"pt-BR","potentialAction":[{"@type":"CommentAction","name":"Comment","target":["https:\/\/jornalfatosenoticias.com.br\/index.php\/2025\/10\/08\/jequitiba-rosa-quincentenario-e-registrado-em-parque-no-rio\/#respond"]}]},{"@type":"WebPage","@id":"https:\/\/jornalfatosenoticias.com.br\/index.php\/2025\/10\/08\/jequitiba-rosa-quincentenario-e-registrado-em-parque-no-rio\/","url":"https:\/\/jornalfatosenoticias.com.br\/index.php\/2025\/10\/08\/jequitiba-rosa-quincentenario-e-registrado-em-parque-no-rio\/","name":"Jequitib\u00e1-rosa quincenten\u00e1rio \u00e9 registrado em parque no Rio - Jornal Fatos e Not\u00edcias","isPartOf":{"@id":"https:\/\/jornalfatosenoticias.com.br\/#website"},"primaryImageOfPage":{"@id":"https:\/\/jornalfatosenoticias.com.br\/index.php\/2025\/10\/08\/jequitiba-rosa-quincentenario-e-registrado-em-parque-no-rio\/#primaryimage"},"image":{"@id":"https:\/\/jornalfatosenoticias.com.br\/index.php\/2025\/10\/08\/jequitiba-rosa-quincentenario-e-registrado-em-parque-no-rio\/#primaryimage"},"thumbnailUrl":"https:\/\/jornalfatosenoticias.com.br\/wp-content\/uploads\/2025\/10\/Jequitiba-rosa-rj-Fiocruz-Mata-Atlantica.jpg","datePublished":"2025-10-08T13:22:39+00:00","dateModified":"2025-10-08T13:22:40+00:00","breadcrumb":{"@id":"https:\/\/jornalfatosenoticias.com.br\/index.php\/2025\/10\/08\/jequitiba-rosa-quincentenario-e-registrado-em-parque-no-rio\/#breadcrumb"},"inLanguage":"pt-BR","potentialAction":[{"@type":"ReadAction","target":["https:\/\/jornalfatosenoticias.com.br\/index.php\/2025\/10\/08\/jequitiba-rosa-quincentenario-e-registrado-em-parque-no-rio\/"]}]},{"@type":"ImageObject","inLanguage":"pt-BR","@id":"https:\/\/jornalfatosenoticias.com.br\/index.php\/2025\/10\/08\/jequitiba-rosa-quincentenario-e-registrado-em-parque-no-rio\/#primaryimage","url":"https:\/\/jornalfatosenoticias.com.br\/wp-content\/uploads\/2025\/10\/Jequitiba-rosa-rj-Fiocruz-Mata-Atlantica.jpg","contentUrl":"https:\/\/jornalfatosenoticias.com.br\/wp-content\/uploads\/2025\/10\/Jequitiba-rosa-rj-Fiocruz-Mata-Atlantica.jpg","width":1000,"height":666},{"@type":"BreadcrumbList","@id":"https:\/\/jornalfatosenoticias.com.br\/index.php\/2025\/10\/08\/jequitiba-rosa-quincentenario-e-registrado-em-parque-no-rio\/#breadcrumb","itemListElement":[{"@type":"ListItem","position":1,"name":"In\u00edcio","item":"https:\/\/jornalfatosenoticias.com.br\/"},{"@type":"ListItem","position":2,"name":"Jequitib\u00e1-rosa quincenten\u00e1rio \u00e9 registrado em parque no Rio"}]},{"@type":"WebSite","@id":"https:\/\/jornalfatosenoticias.com.br\/#website","url":"https:\/\/jornalfatosenoticias.com.br\/","name":"Jornal Fatos e Not\u00edcias","description":"Not\u00edcias em geral","publisher":{"@id":"https:\/\/jornalfatosenoticias.com.br\/#organization"},"potentialAction":[{"@type":"SearchAction","target":{"@type":"EntryPoint","urlTemplate":"https:\/\/jornalfatosenoticias.com.br\/?s={search_term_string}"},"query-input":{"@type":"PropertyValueSpecification","valueRequired":true,"valueName":"search_term_string"}}],"inLanguage":"pt-BR"},{"@type":"Organization","@id":"https:\/\/jornalfatosenoticias.com.br\/#organization","name":"Jornal Fatos e Not\u00edcias","url":"https:\/\/jornalfatosenoticias.com.br\/","logo":{"@type":"ImageObject","inLanguage":"pt-BR","@id":"https:\/\/jornalfatosenoticias.com.br\/#\/schema\/logo\/image\/","url":"https:\/\/jornalfatosenoticias.com.br\/wp-content\/uploads\/2020\/02\/logo120.png","contentUrl":"https:\/\/jornalfatosenoticias.com.br\/wp-content\/uploads\/2020\/02\/logo120.png","width":1227,"height":120,"caption":"Jornal Fatos e Not\u00edcias"},"image":{"@id":"https:\/\/jornalfatosenoticias.com.br\/#\/schema\/logo\/image\/"}},{"@type":"Person","@id":"https:\/\/jornalfatosenoticias.com.br\/#\/schema\/person\/d63837fa13ac8666eb9e74e0985d6f81","name":"Luzimara Fernandes","image":{"@type":"ImageObject","inLanguage":"pt-BR","@id":"https:\/\/jornalfatosenoticias.com.br\/#\/schema\/person\/image\/","url":"https:\/\/jornalfatosenoticias.com.br\/wp-content\/uploads\/2025\/05\/EU_portal.jpg","contentUrl":"https:\/\/jornalfatosenoticias.com.br\/wp-content\/uploads\/2025\/05\/EU_portal.jpg","caption":"Luzimara Fernandes"},"description":"Jornalista MTB 2358-ES","sameAs":["https:\/\/jornalfatosenoticias.com.br"],"url":"https:\/\/jornalfatosenoticias.com.br\/index.php\/author\/luzimara\/"}]}},"cc_featured_image_caption":{"caption_text":"(Foto: Fiocruz Mata Atl\u00e2ntica)","source_text":"","source_url":""},"jetpack_featured_media_url":"https:\/\/jornalfatosenoticias.com.br\/wp-content\/uploads\/2025\/10\/Jequitiba-rosa-rj-Fiocruz-Mata-Atlantica.jpg","_links":{"self":[{"href":"https:\/\/jornalfatosenoticias.com.br\/index.php\/wp-json\/wp\/v2\/posts\/62395","targetHints":{"allow":["GET"]}}],"collection":[{"href":"https:\/\/jornalfatosenoticias.com.br\/index.php\/wp-json\/wp\/v2\/posts"}],"about":[{"href":"https:\/\/jornalfatosenoticias.com.br\/index.php\/wp-json\/wp\/v2\/types\/post"}],"author":[{"embeddable":true,"href":"https:\/\/jornalfatosenoticias.com.br\/index.php\/wp-json\/wp\/v2\/users\/2"}],"replies":[{"embeddable":true,"href":"https:\/\/jornalfatosenoticias.com.br\/index.php\/wp-json\/wp\/v2\/comments?post=62395"}],"version-history":[{"count":0,"href":"https:\/\/jornalfatosenoticias.com.br\/index.php\/wp-json\/wp\/v2\/posts\/62395\/revisions"}],"wp:featuredmedia":[{"embeddable":true,"href":"https:\/\/jornalfatosenoticias.com.br\/index.php\/wp-json\/wp\/v2\/media\/62396"}],"wp:attachment":[{"href":"https:\/\/jornalfatosenoticias.com.br\/index.php\/wp-json\/wp\/v2\/media?parent=62395"}],"wp:term":[{"taxonomy":"category","embeddable":true,"href":"https:\/\/jornalfatosenoticias.com.br\/index.php\/wp-json\/wp\/v2\/categories?post=62395"},{"taxonomy":"post_tag","embeddable":true,"href":"https:\/\/jornalfatosenoticias.com.br\/index.php\/wp-json\/wp\/v2\/tags?post=62395"}],"curies":[{"name":"wp","href":"https:\/\/api.w.org\/{rel}","templated":true}]}}