{"id":62402,"date":"2025-10-08T11:10:57","date_gmt":"2025-10-08T14:10:57","guid":{"rendered":"https:\/\/jornalfatosenoticias.com.br\/?p=62402"},"modified":"2025-10-08T11:10:58","modified_gmt":"2025-10-08T14:10:58","slug":"cohousing-novo-modelo-de-moradia-para-idosos-vira-tendencia","status":"publish","type":"post","link":"https:\/\/jornalfatosenoticias.com.br\/index.php\/2025\/10\/08\/cohousing-novo-modelo-de-moradia-para-idosos-vira-tendencia\/","title":{"rendered":"Cohousing: novo modelo de moradia para idosos vira tend\u00eancia"},"content":{"rendered":"\n<p><em><span class=\"has-inline-color has-black-color\">O cohousing prop\u00f5e envelhecer com companhia, prop\u00f3sito e bem-estar; saiba como funciona esse modelo de moradia coletiva e seus benef\u00edcios<\/span><\/em><\/p>\n\n\n\n<p><span class=\"has-inline-color has-black-color\">Por <strong><a href=\"https:\/\/www.bonsfluidos.com.br\/author\/isabella-bisordi\">Isabella Bisordi<\/a><\/strong><\/span><\/p>\n\n\n\n<div class=\"wp-block-image\"><figure class=\"aligncenter size-large\"><a href=\"https:\/\/mizu.com.br\/\"><img loading=\"lazy\" decoding=\"async\" width=\"729\" height=\"90\" src=\"https:\/\/jornalfatosenoticias.com.br\/wp-content\/uploads\/2020\/02\/Logo_Mizu.png\" alt=\"\" class=\"wp-image-1441\" srcset=\"https:\/\/jornalfatosenoticias.com.br\/wp-content\/uploads\/2020\/02\/Logo_Mizu.png 729w, https:\/\/jornalfatosenoticias.com.br\/wp-content\/uploads\/2020\/02\/Logo_Mizu-300x37.png 300w\" sizes=\"auto, (max-width: 729px) 100vw, 729px\" \/><\/a><\/figure><\/div>\n\n\n\n<p><a href=\"https:\/\/www.bonsfluidos.com.br\/diversos\/viviane-araujo-rebate-criticas-sobre-idade-estou-vivona.phtml\">Envelhecer<\/a> com qualidade de vida vai muito al\u00e9m de cuidar da sa\u00fade f\u00edsica \u2014 passa tamb\u00e9m por manter v\u00ednculos afetivos e um senso de comunidade. \u00c9 pensando nisso que, cada vez mais, idosos buscam um modelo de moradia pouco conhecido no <strong>Brasil<\/strong>: o <strong>cohousing.<\/strong><br>A ideia, que surgiu na <a href=\"https:\/\/www.bonsfluidos.com.br\/comportamento\/segundo-estudos-criancas-da-dinamarca-sao-as-mais-felizes-do-mundo-conheca-costumes.phtml\"><strong>Dinamarca<\/strong><\/a>\u00a0nos anos 1970 e ganhou for\u00e7a em pa\u00edses como\u00a0<strong>Espanha<\/strong>,\u00a0<strong>Inglaterra<\/strong>\u00a0e\u00a0<strong>Estados Unidos<\/strong>, \u00e9 simples, mas transformadora: criar comunidades autogeridas, onde cada pessoa tem sua casa privativa, mas compartilha espa\u00e7os coletivos, como cozinhas, hortas e salas de conviv\u00eancia. O diferencial do cohousing \u00e9 que a afinidade entre os moradores \u00e9 crit\u00e9rio essencial. Afinal, o objetivo \u00e9 construir la\u00e7os de confian\u00e7a e apoio m\u00fatuo. Isso \u00e9 especialmente relevante na <a href=\"https:\/\/www.bonsfluidos.com.br\/bem-estar\/longevidade-saiba-como-a-meditacao-transforma-a-terceira-idade.phtml\">terceira idade<\/a>, quando o risco de isolamento \u00e9 maior.<\/p>\n\n\n\n<div class=\"wp-block-image\"><figure class=\"aligncenter size-large is-resized\"><a href=\"https:\/\/www.instagram.com\/esteio.churrascaria\/\"><img loading=\"lazy\" decoding=\"async\" src=\"https:\/\/jornalfatosenoticias.com.br\/wp-content\/uploads\/2022\/02\/LOGO-ESTEIO-1024x730.png\" alt=\"\" class=\"wp-image-27942\" width=\"351\" height=\"250\" srcset=\"https:\/\/jornalfatosenoticias.com.br\/wp-content\/uploads\/2022\/02\/LOGO-ESTEIO-1024x730.png 1024w, https:\/\/jornalfatosenoticias.com.br\/wp-content\/uploads\/2022\/02\/LOGO-ESTEIO-300x214.png 300w, https:\/\/jornalfatosenoticias.com.br\/wp-content\/uploads\/2022\/02\/LOGO-ESTEIO-768x548.png 768w, https:\/\/jornalfatosenoticias.com.br\/wp-content\/uploads\/2022\/02\/LOGO-ESTEIO.png 1123w\" sizes=\"auto, (max-width: 351px) 100vw, 351px\" \/><\/a><\/figure><\/div>\n\n\n\n<blockquote class=\"wp-block-quote is-layout-flow wp-block-quote-is-layout-flow\"><p><span class=\"has-inline-color has-luminous-vivid-orange-color\">Trata-se de uma filosofia que nutre a seguran\u00e7a emocional e surge como resposta ao <em><a href=\"https:\/\/www.bonsfluidos.com.br\/esoterismo\/um-momento-para-isolamento-meditacao-e-quietude-veja-o-que-dizem-as-cartas-do-dia.phtml\">isolamento<\/a>,<\/em> conferindo senso de pertencimento e prop\u00f3sito, al\u00e9m de combater a solid\u00e3o, um dos maiores fatores de risco para a depress\u00e3o em idosos\u201d, explica a psic\u00f3loga Mariana Sim\u00f5es, do Grupo Valsa, em entrevista \u00e0 Veja.<\/span><\/p><\/blockquote>\n\n\n\n<div class=\"wp-block-image\"><figure class=\"aligncenter size-large is-resized\"><a href=\"https:\/\/www.instagram.com\/restaurantepegoretti\/\"><img loading=\"lazy\" decoding=\"async\" src=\"https:\/\/jornalfatosenoticias.com.br\/wp-content\/uploads\/2023\/12\/pegoretti-logo-pdf-1024x389.jpg\" alt=\"\" class=\"wp-image-47536\" width=\"488\" height=\"185\" srcset=\"https:\/\/jornalfatosenoticias.com.br\/wp-content\/uploads\/2023\/12\/pegoretti-logo-pdf-1024x389.jpg 1024w, https:\/\/jornalfatosenoticias.com.br\/wp-content\/uploads\/2023\/12\/pegoretti-logo-pdf-300x114.jpg 300w, https:\/\/jornalfatosenoticias.com.br\/wp-content\/uploads\/2023\/12\/pegoretti-logo-pdf-768x291.jpg 768w, https:\/\/jornalfatosenoticias.com.br\/wp-content\/uploads\/2023\/12\/pegoretti-logo-pdf.jpg 1120w\" sizes=\"auto, (max-width: 488px) 100vw, 488px\" \/><\/a><\/figure><\/div>\n\n\n\n<p>Vera Vital Brasil, 79, psic\u00f3loga e futura moradora da Vila Puri, enxerga no projeto uma continuidade de valores que sempre defendeu.<em> \u201cSou de uma gera\u00e7\u00e3o que lutou por uma vida coletiva, solid\u00e1ria e fraterna. Gosto da ideia de ter uma casa privativa, mas estar entre pessoas conhecidas, vivendo uma experi\u00eancia coletiva\u201d,<\/em> afirma.<\/p>\n\n\n\n<div class=\"wp-block-image\"><figure class=\"aligncenter size-large is-resized\"><a href=\"https:\/\/www.facebook.com\/profile.php?id=100069289606145\"><img loading=\"lazy\" decoding=\"async\" src=\"https:\/\/jornalfatosenoticias.com.br\/wp-content\/uploads\/2024\/11\/Guaitolini-Contabilidade-1024x714.jpeg\" alt=\"\" class=\"wp-image-55808\" width=\"336\" height=\"234\" srcset=\"https:\/\/jornalfatosenoticias.com.br\/wp-content\/uploads\/2024\/11\/Guaitolini-Contabilidade-1024x714.jpeg 1024w, https:\/\/jornalfatosenoticias.com.br\/wp-content\/uploads\/2024\/11\/Guaitolini-Contabilidade-300x209.jpeg 300w, https:\/\/jornalfatosenoticias.com.br\/wp-content\/uploads\/2024\/11\/Guaitolini-Contabilidade-768x535.jpeg 768w, https:\/\/jornalfatosenoticias.com.br\/wp-content\/uploads\/2024\/11\/Guaitolini-Contabilidade.jpeg 1280w\" sizes=\"auto, (max-width: 336px) 100vw, 336px\" \/><\/a><\/figure><\/div>\n\n\n\n<p>O cohousing j\u00e1 inspira comunidades em diversos pa\u00edses. Em Madri, o projeto Trabensol re\u00fane <a href=\"https:\/\/www.bonsfluidos.com.br\/bem-estar\/aromaterapia-para-idosos-melhora-o-sono-com-abordagens-suaves.phtml\">idosos<\/a> em um complexo cooperativo que compartilha refei\u00e7\u00f5es e decis\u00f5es. Em Londres, mulheres do grupo OWCH criaram sua pr\u00f3pria comunidade, baseada em independ\u00eancia e apoio m\u00fatuo.<\/p>\n\n\n\n<div class=\"wp-block-image\"><figure class=\"aligncenter size-large is-resized\"><a href=\"https:\/\/hotelmarquetti.com.br\/\"><img loading=\"lazy\" decoding=\"async\" src=\"https:\/\/jornalfatosenoticias.com.br\/wp-content\/uploads\/2020\/02\/LOGO-MQ-1024x680.jpg\" alt=\"\" class=\"wp-image-58299\" width=\"348\" height=\"231\" srcset=\"https:\/\/jornalfatosenoticias.com.br\/wp-content\/uploads\/2020\/02\/LOGO-MQ-1024x680.jpg 1024w, https:\/\/jornalfatosenoticias.com.br\/wp-content\/uploads\/2020\/02\/LOGO-MQ-300x199.jpg 300w, https:\/\/jornalfatosenoticias.com.br\/wp-content\/uploads\/2020\/02\/LOGO-MQ-768x510.jpg 768w, https:\/\/jornalfatosenoticias.com.br\/wp-content\/uploads\/2020\/02\/LOGO-MQ-1536x1020.jpg 1536w, https:\/\/jornalfatosenoticias.com.br\/wp-content\/uploads\/2020\/02\/LOGO-MQ-2048x1360.jpg 2048w\" sizes=\"auto, (max-width: 348px) 100vw, 348px\" \/><\/a><\/figure><\/div>\n\n\n\n<p>No Uruguai, o Carpe Diem se organiza em torno de assembleias sobre detalhes do dia a dia, como a horta ou a cor das paredes. Nos Estados Unidos, o Silver Sage Village promove jantares coletivos e encontros culturais. Em comum, todos esses exemplos mostram que o verdadeiro luxo est\u00e1 na conviv\u00eancia. Como resume Charles Durrett, arquiteto que cunhou o termo:<em> \u201co luxo n\u00e3o \u00e9 a piscina aquecida, mas o lugar onde <a href=\"https:\/\/www.bonsfluidos.com.br\/jardim\/como-a-jardinagem-pode-ser-terapeutica-e-reduzir-sintomas-de-ansiedade.phtml\">vizinhos<\/a> administram suas vidas em conjunto\u201d.<\/em><\/p>\n\n\n\n<div class=\"wp-block-image\"><figure class=\"aligncenter size-large\"><a href=\"https:\/\/www.cesconetto.com.br\/\"><img loading=\"lazy\" decoding=\"async\" width=\"300\" height=\"250\" src=\"https:\/\/jornalfatosenoticias.com.br\/wp-content\/uploads\/2022\/02\/Banner-2.png\" alt=\"\" class=\"wp-image-27877\"\/><\/a><\/figure><\/div>\n\n\n\n<p>Ainda em fase inicial no pa\u00eds, o cohousing desperta cada vez mais interesse. Projetos como o Vilarejo S\u00eanior Vale do \u00c9den, em Saquarema (RJ), apontam para um futuro em que envelhecer poder\u00e1 ser sin\u00f4nimo de compartilhar: hist\u00f3rias, afetos, responsabilidades e tamb\u00e9m alegrias. Mais do que um modelo de moradia, o cohousing representa um novo jeito de viver a <a href=\"https:\/\/www.bonsfluidos.com.br\/saude\/saude-dos-ossos-a-relacao-entre-dieta-exercicio-e-longevidade-ossea.phtml\">longevidade<\/a>: cercado de amigos, cercado de prop\u00f3sito e, sobretudo, longe da solid\u00e3o.<\/p>\n\n\n\n<div class=\"wp-block-image\"><figure class=\"aligncenter size-large is-resized\"><a href=\"https:\/\/legisjuris.com.br\/\"><img loading=\"lazy\" decoding=\"async\" src=\"https:\/\/jornalfatosenoticias.com.br\/wp-content\/uploads\/2024\/09\/Legis-Juris-Consultoria_logo.jpg\" alt=\"\" class=\"wp-image-53915\" width=\"506\" height=\"212\" srcset=\"https:\/\/jornalfatosenoticias.com.br\/wp-content\/uploads\/2024\/09\/Legis-Juris-Consultoria_logo.jpg 969w, https:\/\/jornalfatosenoticias.com.br\/wp-content\/uploads\/2024\/09\/Legis-Juris-Consultoria_logo-300x126.jpg 300w, https:\/\/jornalfatosenoticias.com.br\/wp-content\/uploads\/2024\/09\/Legis-Juris-Consultoria_logo-768x322.jpg 768w\" sizes=\"auto, (max-width: 506px) 100vw, 506px\" \/><\/a><\/figure><\/div>\n\n\n\n<p><strong>Fonte: <a href=\"https:\/\/www.bonsfluidos.com.br\/bem-estar\/cohousing-novo-modelo-de-moradia-para-idosos-vira-tendencia.phtml\">Bons Fluidos<\/a><\/strong><\/p>\n","protected":false},"excerpt":{"rendered":"<p>O cohousing prop\u00f5e envelhecer com companhia, prop\u00f3sito e bem-estar; saiba como funciona esse modelo de moradia coletiva e seus benef\u00edcios Por Isabella Bisordi Envelhecer com qualidade de vida vai muito al\u00e9m de cuidar da sa\u00fade f\u00edsica \u2014 passa tamb\u00e9m por manter v\u00ednculos afetivos e um senso de comunidade. \u00c9 pensando nisso que, cada vez mais, [&hellip;]<\/p>\n","protected":false},"author":2,"featured_media":62403,"comment_status":"open","ping_status":"open","sticky":false,"template":"","format":"standard","meta":{"footnotes":""},"categories":[42],"tags":[28465,1400,27771,2586,850,5867,688,2622],"class_list":["post-62402","post","type-post","status-publish","format-standard","has-post-thumbnail","hentry","category-bem-estar","tag-cohousin","tag-comportamento","tag-convivencia","tag-envelhecimento","tag-idosos","tag-longevidade","tag-saude-mental","tag-solidao"],"yoast_head":"<!-- This site is optimized with the Yoast SEO plugin v26.5 - https:\/\/yoast.com\/wordpress\/plugins\/seo\/ -->\n<title>Cohousing: novo modelo de moradia para idosos vira tend\u00eancia - Jornal Fatos e Not\u00edcias<\/title>\n<meta name=\"robots\" content=\"index, follow, max-snippet:-1, max-image-preview:large, max-video-preview:-1\" \/>\n<link rel=\"canonical\" href=\"https:\/\/jornalfatosenoticias.com.br\/index.php\/2025\/10\/08\/cohousing-novo-modelo-de-moradia-para-idosos-vira-tendencia\/\" \/>\n<meta property=\"og:locale\" content=\"pt_BR\" \/>\n<meta property=\"og:type\" content=\"article\" \/>\n<meta property=\"og:title\" content=\"Cohousing: novo modelo de moradia para idosos vira tend\u00eancia - Jornal Fatos e Not\u00edcias\" \/>\n<meta property=\"og:description\" content=\"O cohousing prop\u00f5e envelhecer com companhia, prop\u00f3sito e bem-estar; saiba como funciona esse modelo de moradia coletiva e seus benef\u00edcios Por Isabella Bisordi Envelhecer com qualidade de vida vai muito al\u00e9m de cuidar da sa\u00fade f\u00edsica \u2014 passa tamb\u00e9m por manter v\u00ednculos afetivos e um senso de comunidade. \u00c9 pensando nisso que, cada vez mais, [&hellip;]\" \/>\n<meta property=\"og:url\" content=\"https:\/\/jornalfatosenoticias.com.br\/index.php\/2025\/10\/08\/cohousing-novo-modelo-de-moradia-para-idosos-vira-tendencia\/\" \/>\n<meta property=\"og:site_name\" content=\"Jornal Fatos e Not\u00edcias\" \/>\n<meta property=\"article:published_time\" content=\"2025-10-08T14:10:57+00:00\" \/>\n<meta property=\"article:modified_time\" content=\"2025-10-08T14:10:58+00:00\" \/>\n<meta property=\"og:image\" content=\"https:\/\/jornalfatosenoticias.com.br\/wp-content\/uploads\/2025\/10\/cohousing_canva.jpg\" \/>\n\t<meta property=\"og:image:width\" content=\"1000\" \/>\n\t<meta property=\"og:image:height\" content=\"562\" \/>\n\t<meta property=\"og:image:type\" content=\"image\/jpeg\" \/>\n<meta name=\"author\" content=\"Luzimara Fernandes\" \/>\n<meta name=\"twitter:card\" content=\"summary_large_image\" \/>\n<meta name=\"twitter:label1\" content=\"Escrito por\" \/>\n\t<meta name=\"twitter:data1\" content=\"Luzimara Fernandes\" \/>\n\t<meta name=\"twitter:label2\" content=\"Est. tempo de leitura\" \/>\n\t<meta name=\"twitter:data2\" content=\"2 minutos\" \/>\n<script type=\"application\/ld+json\" class=\"yoast-schema-graph\">{\"@context\":\"https:\/\/schema.org\",\"@graph\":[{\"@type\":\"Article\",\"@id\":\"https:\/\/jornalfatosenoticias.com.br\/index.php\/2025\/10\/08\/cohousing-novo-modelo-de-moradia-para-idosos-vira-tendencia\/#article\",\"isPartOf\":{\"@id\":\"https:\/\/jornalfatosenoticias.com.br\/index.php\/2025\/10\/08\/cohousing-novo-modelo-de-moradia-para-idosos-vira-tendencia\/\"},\"author\":{\"name\":\"Luzimara Fernandes\",\"@id\":\"https:\/\/jornalfatosenoticias.com.br\/#\/schema\/person\/d63837fa13ac8666eb9e74e0985d6f81\"},\"headline\":\"Cohousing: novo modelo de moradia para idosos vira tend\u00eancia\",\"datePublished\":\"2025-10-08T14:10:57+00:00\",\"dateModified\":\"2025-10-08T14:10:58+00:00\",\"mainEntityOfPage\":{\"@id\":\"https:\/\/jornalfatosenoticias.com.br\/index.php\/2025\/10\/08\/cohousing-novo-modelo-de-moradia-para-idosos-vira-tendencia\/\"},\"wordCount\":483,\"commentCount\":0,\"publisher\":{\"@id\":\"https:\/\/jornalfatosenoticias.com.br\/#organization\"},\"image\":{\"@id\":\"https:\/\/jornalfatosenoticias.com.br\/index.php\/2025\/10\/08\/cohousing-novo-modelo-de-moradia-para-idosos-vira-tendencia\/#primaryimage\"},\"thumbnailUrl\":\"https:\/\/jornalfatosenoticias.com.br\/wp-content\/uploads\/2025\/10\/cohousing_canva.jpg\",\"keywords\":[\"Cohousin\",\"comportamento\",\"conviv\u00eancia\",\"envelhecimento\",\"idosos\",\"longevidade\",\"sa\u00fade mental\",\"solid\u00e3o\"],\"articleSection\":[\"Bem-estar\"],\"inLanguage\":\"pt-BR\",\"potentialAction\":[{\"@type\":\"CommentAction\",\"name\":\"Comment\",\"target\":[\"https:\/\/jornalfatosenoticias.com.br\/index.php\/2025\/10\/08\/cohousing-novo-modelo-de-moradia-para-idosos-vira-tendencia\/#respond\"]}]},{\"@type\":\"WebPage\",\"@id\":\"https:\/\/jornalfatosenoticias.com.br\/index.php\/2025\/10\/08\/cohousing-novo-modelo-de-moradia-para-idosos-vira-tendencia\/\",\"url\":\"https:\/\/jornalfatosenoticias.com.br\/index.php\/2025\/10\/08\/cohousing-novo-modelo-de-moradia-para-idosos-vira-tendencia\/\",\"name\":\"Cohousing: novo modelo de moradia para idosos vira tend\u00eancia - Jornal Fatos e Not\u00edcias\",\"isPartOf\":{\"@id\":\"https:\/\/jornalfatosenoticias.com.br\/#website\"},\"primaryImageOfPage\":{\"@id\":\"https:\/\/jornalfatosenoticias.com.br\/index.php\/2025\/10\/08\/cohousing-novo-modelo-de-moradia-para-idosos-vira-tendencia\/#primaryimage\"},\"image\":{\"@id\":\"https:\/\/jornalfatosenoticias.com.br\/index.php\/2025\/10\/08\/cohousing-novo-modelo-de-moradia-para-idosos-vira-tendencia\/#primaryimage\"},\"thumbnailUrl\":\"https:\/\/jornalfatosenoticias.com.br\/wp-content\/uploads\/2025\/10\/cohousing_canva.jpg\",\"datePublished\":\"2025-10-08T14:10:57+00:00\",\"dateModified\":\"2025-10-08T14:10:58+00:00\",\"breadcrumb\":{\"@id\":\"https:\/\/jornalfatosenoticias.com.br\/index.php\/2025\/10\/08\/cohousing-novo-modelo-de-moradia-para-idosos-vira-tendencia\/#breadcrumb\"},\"inLanguage\":\"pt-BR\",\"potentialAction\":[{\"@type\":\"ReadAction\",\"target\":[\"https:\/\/jornalfatosenoticias.com.br\/index.php\/2025\/10\/08\/cohousing-novo-modelo-de-moradia-para-idosos-vira-tendencia\/\"]}]},{\"@type\":\"ImageObject\",\"inLanguage\":\"pt-BR\",\"@id\":\"https:\/\/jornalfatosenoticias.com.br\/index.php\/2025\/10\/08\/cohousing-novo-modelo-de-moradia-para-idosos-vira-tendencia\/#primaryimage\",\"url\":\"https:\/\/jornalfatosenoticias.com.br\/wp-content\/uploads\/2025\/10\/cohousing_canva.jpg\",\"contentUrl\":\"https:\/\/jornalfatosenoticias.com.br\/wp-content\/uploads\/2025\/10\/cohousing_canva.jpg\",\"width\":1000,\"height\":562},{\"@type\":\"BreadcrumbList\",\"@id\":\"https:\/\/jornalfatosenoticias.com.br\/index.php\/2025\/10\/08\/cohousing-novo-modelo-de-moradia-para-idosos-vira-tendencia\/#breadcrumb\",\"itemListElement\":[{\"@type\":\"ListItem\",\"position\":1,\"name\":\"In\u00edcio\",\"item\":\"https:\/\/jornalfatosenoticias.com.br\/\"},{\"@type\":\"ListItem\",\"position\":2,\"name\":\"Cohousing: novo modelo de moradia para idosos vira tend\u00eancia\"}]},{\"@type\":\"WebSite\",\"@id\":\"https:\/\/jornalfatosenoticias.com.br\/#website\",\"url\":\"https:\/\/jornalfatosenoticias.com.br\/\",\"name\":\"Jornal Fatos e Not\u00edcias\",\"description\":\"Not\u00edcias em geral\",\"publisher\":{\"@id\":\"https:\/\/jornalfatosenoticias.com.br\/#organization\"},\"potentialAction\":[{\"@type\":\"SearchAction\",\"target\":{\"@type\":\"EntryPoint\",\"urlTemplate\":\"https:\/\/jornalfatosenoticias.com.br\/?s={search_term_string}\"},\"query-input\":{\"@type\":\"PropertyValueSpecification\",\"valueRequired\":true,\"valueName\":\"search_term_string\"}}],\"inLanguage\":\"pt-BR\"},{\"@type\":\"Organization\",\"@id\":\"https:\/\/jornalfatosenoticias.com.br\/#organization\",\"name\":\"Jornal Fatos e Not\u00edcias\",\"url\":\"https:\/\/jornalfatosenoticias.com.br\/\",\"logo\":{\"@type\":\"ImageObject\",\"inLanguage\":\"pt-BR\",\"@id\":\"https:\/\/jornalfatosenoticias.com.br\/#\/schema\/logo\/image\/\",\"url\":\"https:\/\/jornalfatosenoticias.com.br\/wp-content\/uploads\/2020\/02\/logo120.png\",\"contentUrl\":\"https:\/\/jornalfatosenoticias.com.br\/wp-content\/uploads\/2020\/02\/logo120.png\",\"width\":1227,\"height\":120,\"caption\":\"Jornal Fatos e Not\u00edcias\"},\"image\":{\"@id\":\"https:\/\/jornalfatosenoticias.com.br\/#\/schema\/logo\/image\/\"}},{\"@type\":\"Person\",\"@id\":\"https:\/\/jornalfatosenoticias.com.br\/#\/schema\/person\/d63837fa13ac8666eb9e74e0985d6f81\",\"name\":\"Luzimara Fernandes\",\"image\":{\"@type\":\"ImageObject\",\"inLanguage\":\"pt-BR\",\"@id\":\"https:\/\/jornalfatosenoticias.com.br\/#\/schema\/person\/image\/\",\"url\":\"https:\/\/jornalfatosenoticias.com.br\/wp-content\/uploads\/2025\/05\/EU_portal.jpg\",\"contentUrl\":\"https:\/\/jornalfatosenoticias.com.br\/wp-content\/uploads\/2025\/05\/EU_portal.jpg\",\"caption\":\"Luzimara Fernandes\"},\"description\":\"Jornalista MTB 2358-ES\",\"sameAs\":[\"https:\/\/jornalfatosenoticias.com.br\"],\"url\":\"https:\/\/jornalfatosenoticias.com.br\/index.php\/author\/luzimara\/\"}]}<\/script>\n<!-- \/ Yoast SEO plugin. -->","yoast_head_json":{"title":"Cohousing: novo modelo de moradia para idosos vira tend\u00eancia - Jornal Fatos e Not\u00edcias","robots":{"index":"index","follow":"follow","max-snippet":"max-snippet:-1","max-image-preview":"max-image-preview:large","max-video-preview":"max-video-preview:-1"},"canonical":"https:\/\/jornalfatosenoticias.com.br\/index.php\/2025\/10\/08\/cohousing-novo-modelo-de-moradia-para-idosos-vira-tendencia\/","og_locale":"pt_BR","og_type":"article","og_title":"Cohousing: novo modelo de moradia para idosos vira tend\u00eancia - Jornal Fatos e Not\u00edcias","og_description":"O cohousing prop\u00f5e envelhecer com companhia, prop\u00f3sito e bem-estar; saiba como funciona esse modelo de moradia coletiva e seus benef\u00edcios Por Isabella Bisordi Envelhecer com qualidade de vida vai muito al\u00e9m de cuidar da sa\u00fade f\u00edsica \u2014 passa tamb\u00e9m por manter v\u00ednculos afetivos e um senso de comunidade. \u00c9 pensando nisso que, cada vez mais, [&hellip;]","og_url":"https:\/\/jornalfatosenoticias.com.br\/index.php\/2025\/10\/08\/cohousing-novo-modelo-de-moradia-para-idosos-vira-tendencia\/","og_site_name":"Jornal Fatos e Not\u00edcias","article_published_time":"2025-10-08T14:10:57+00:00","article_modified_time":"2025-10-08T14:10:58+00:00","og_image":[{"width":1000,"height":562,"url":"https:\/\/jornalfatosenoticias.com.br\/wp-content\/uploads\/2025\/10\/cohousing_canva.jpg","type":"image\/jpeg"}],"author":"Luzimara Fernandes","twitter_card":"summary_large_image","twitter_misc":{"Escrito por":"Luzimara Fernandes","Est. tempo de leitura":"2 minutos"},"schema":{"@context":"https:\/\/schema.org","@graph":[{"@type":"Article","@id":"https:\/\/jornalfatosenoticias.com.br\/index.php\/2025\/10\/08\/cohousing-novo-modelo-de-moradia-para-idosos-vira-tendencia\/#article","isPartOf":{"@id":"https:\/\/jornalfatosenoticias.com.br\/index.php\/2025\/10\/08\/cohousing-novo-modelo-de-moradia-para-idosos-vira-tendencia\/"},"author":{"name":"Luzimara Fernandes","@id":"https:\/\/jornalfatosenoticias.com.br\/#\/schema\/person\/d63837fa13ac8666eb9e74e0985d6f81"},"headline":"Cohousing: novo modelo de moradia para idosos vira tend\u00eancia","datePublished":"2025-10-08T14:10:57+00:00","dateModified":"2025-10-08T14:10:58+00:00","mainEntityOfPage":{"@id":"https:\/\/jornalfatosenoticias.com.br\/index.php\/2025\/10\/08\/cohousing-novo-modelo-de-moradia-para-idosos-vira-tendencia\/"},"wordCount":483,"commentCount":0,"publisher":{"@id":"https:\/\/jornalfatosenoticias.com.br\/#organization"},"image":{"@id":"https:\/\/jornalfatosenoticias.com.br\/index.php\/2025\/10\/08\/cohousing-novo-modelo-de-moradia-para-idosos-vira-tendencia\/#primaryimage"},"thumbnailUrl":"https:\/\/jornalfatosenoticias.com.br\/wp-content\/uploads\/2025\/10\/cohousing_canva.jpg","keywords":["Cohousin","comportamento","conviv\u00eancia","envelhecimento","idosos","longevidade","sa\u00fade mental","solid\u00e3o"],"articleSection":["Bem-estar"],"inLanguage":"pt-BR","potentialAction":[{"@type":"CommentAction","name":"Comment","target":["https:\/\/jornalfatosenoticias.com.br\/index.php\/2025\/10\/08\/cohousing-novo-modelo-de-moradia-para-idosos-vira-tendencia\/#respond"]}]},{"@type":"WebPage","@id":"https:\/\/jornalfatosenoticias.com.br\/index.php\/2025\/10\/08\/cohousing-novo-modelo-de-moradia-para-idosos-vira-tendencia\/","url":"https:\/\/jornalfatosenoticias.com.br\/index.php\/2025\/10\/08\/cohousing-novo-modelo-de-moradia-para-idosos-vira-tendencia\/","name":"Cohousing: novo modelo de moradia para idosos vira tend\u00eancia - Jornal Fatos e Not\u00edcias","isPartOf":{"@id":"https:\/\/jornalfatosenoticias.com.br\/#website"},"primaryImageOfPage":{"@id":"https:\/\/jornalfatosenoticias.com.br\/index.php\/2025\/10\/08\/cohousing-novo-modelo-de-moradia-para-idosos-vira-tendencia\/#primaryimage"},"image":{"@id":"https:\/\/jornalfatosenoticias.com.br\/index.php\/2025\/10\/08\/cohousing-novo-modelo-de-moradia-para-idosos-vira-tendencia\/#primaryimage"},"thumbnailUrl":"https:\/\/jornalfatosenoticias.com.br\/wp-content\/uploads\/2025\/10\/cohousing_canva.jpg","datePublished":"2025-10-08T14:10:57+00:00","dateModified":"2025-10-08T14:10:58+00:00","breadcrumb":{"@id":"https:\/\/jornalfatosenoticias.com.br\/index.php\/2025\/10\/08\/cohousing-novo-modelo-de-moradia-para-idosos-vira-tendencia\/#breadcrumb"},"inLanguage":"pt-BR","potentialAction":[{"@type":"ReadAction","target":["https:\/\/jornalfatosenoticias.com.br\/index.php\/2025\/10\/08\/cohousing-novo-modelo-de-moradia-para-idosos-vira-tendencia\/"]}]},{"@type":"ImageObject","inLanguage":"pt-BR","@id":"https:\/\/jornalfatosenoticias.com.br\/index.php\/2025\/10\/08\/cohousing-novo-modelo-de-moradia-para-idosos-vira-tendencia\/#primaryimage","url":"https:\/\/jornalfatosenoticias.com.br\/wp-content\/uploads\/2025\/10\/cohousing_canva.jpg","contentUrl":"https:\/\/jornalfatosenoticias.com.br\/wp-content\/uploads\/2025\/10\/cohousing_canva.jpg","width":1000,"height":562},{"@type":"BreadcrumbList","@id":"https:\/\/jornalfatosenoticias.com.br\/index.php\/2025\/10\/08\/cohousing-novo-modelo-de-moradia-para-idosos-vira-tendencia\/#breadcrumb","itemListElement":[{"@type":"ListItem","position":1,"name":"In\u00edcio","item":"https:\/\/jornalfatosenoticias.com.br\/"},{"@type":"ListItem","position":2,"name":"Cohousing: novo modelo de moradia para idosos vira tend\u00eancia"}]},{"@type":"WebSite","@id":"https:\/\/jornalfatosenoticias.com.br\/#website","url":"https:\/\/jornalfatosenoticias.com.br\/","name":"Jornal Fatos e Not\u00edcias","description":"Not\u00edcias em geral","publisher":{"@id":"https:\/\/jornalfatosenoticias.com.br\/#organization"},"potentialAction":[{"@type":"SearchAction","target":{"@type":"EntryPoint","urlTemplate":"https:\/\/jornalfatosenoticias.com.br\/?s={search_term_string}"},"query-input":{"@type":"PropertyValueSpecification","valueRequired":true,"valueName":"search_term_string"}}],"inLanguage":"pt-BR"},{"@type":"Organization","@id":"https:\/\/jornalfatosenoticias.com.br\/#organization","name":"Jornal Fatos e Not\u00edcias","url":"https:\/\/jornalfatosenoticias.com.br\/","logo":{"@type":"ImageObject","inLanguage":"pt-BR","@id":"https:\/\/jornalfatosenoticias.com.br\/#\/schema\/logo\/image\/","url":"https:\/\/jornalfatosenoticias.com.br\/wp-content\/uploads\/2020\/02\/logo120.png","contentUrl":"https:\/\/jornalfatosenoticias.com.br\/wp-content\/uploads\/2020\/02\/logo120.png","width":1227,"height":120,"caption":"Jornal Fatos e Not\u00edcias"},"image":{"@id":"https:\/\/jornalfatosenoticias.com.br\/#\/schema\/logo\/image\/"}},{"@type":"Person","@id":"https:\/\/jornalfatosenoticias.com.br\/#\/schema\/person\/d63837fa13ac8666eb9e74e0985d6f81","name":"Luzimara Fernandes","image":{"@type":"ImageObject","inLanguage":"pt-BR","@id":"https:\/\/jornalfatosenoticias.com.br\/#\/schema\/person\/image\/","url":"https:\/\/jornalfatosenoticias.com.br\/wp-content\/uploads\/2025\/05\/EU_portal.jpg","contentUrl":"https:\/\/jornalfatosenoticias.com.br\/wp-content\/uploads\/2025\/05\/EU_portal.jpg","caption":"Luzimara Fernandes"},"description":"Jornalista MTB 2358-ES","sameAs":["https:\/\/jornalfatosenoticias.com.br"],"url":"https:\/\/jornalfatosenoticias.com.br\/index.php\/author\/luzimara\/"}]}},"cc_featured_image_caption":{"caption_text":"(Foto: Canva)","source_text":"","source_url":""},"jetpack_featured_media_url":"https:\/\/jornalfatosenoticias.com.br\/wp-content\/uploads\/2025\/10\/cohousing_canva.jpg","_links":{"self":[{"href":"https:\/\/jornalfatosenoticias.com.br\/index.php\/wp-json\/wp\/v2\/posts\/62402","targetHints":{"allow":["GET"]}}],"collection":[{"href":"https:\/\/jornalfatosenoticias.com.br\/index.php\/wp-json\/wp\/v2\/posts"}],"about":[{"href":"https:\/\/jornalfatosenoticias.com.br\/index.php\/wp-json\/wp\/v2\/types\/post"}],"author":[{"embeddable":true,"href":"https:\/\/jornalfatosenoticias.com.br\/index.php\/wp-json\/wp\/v2\/users\/2"}],"replies":[{"embeddable":true,"href":"https:\/\/jornalfatosenoticias.com.br\/index.php\/wp-json\/wp\/v2\/comments?post=62402"}],"version-history":[{"count":0,"href":"https:\/\/jornalfatosenoticias.com.br\/index.php\/wp-json\/wp\/v2\/posts\/62402\/revisions"}],"wp:featuredmedia":[{"embeddable":true,"href":"https:\/\/jornalfatosenoticias.com.br\/index.php\/wp-json\/wp\/v2\/media\/62403"}],"wp:attachment":[{"href":"https:\/\/jornalfatosenoticias.com.br\/index.php\/wp-json\/wp\/v2\/media?parent=62402"}],"wp:term":[{"taxonomy":"category","embeddable":true,"href":"https:\/\/jornalfatosenoticias.com.br\/index.php\/wp-json\/wp\/v2\/categories?post=62402"},{"taxonomy":"post_tag","embeddable":true,"href":"https:\/\/jornalfatosenoticias.com.br\/index.php\/wp-json\/wp\/v2\/tags?post=62402"}],"curies":[{"name":"wp","href":"https:\/\/api.w.org\/{rel}","templated":true}]}}