{"id":62412,"date":"2025-10-08T12:29:24","date_gmt":"2025-10-08T15:29:24","guid":{"rendered":"https:\/\/jornalfatosenoticias.com.br\/?p=62412"},"modified":"2025-10-08T12:29:25","modified_gmt":"2025-10-08T15:29:25","slug":"visitante-interestelar-e-fotografado-por-rover-da-nasa-sobrevoando-marte","status":"publish","type":"post","link":"https:\/\/jornalfatosenoticias.com.br\/index.php\/2025\/10\/08\/visitante-interestelar-e-fotografado-por-rover-da-nasa-sobrevoando-marte\/","title":{"rendered":"Visitante interestelar \u00e9 fotografado por rover da Nasa sobrevoando Marte"},"content":{"rendered":"\n<p><em><span class=\"has-inline-color has-black-color\">Imagem capturada pelo rover Perseverance mostrando um feixe de luz no c\u00e9u de Marte \u00e9 do visitante interestelar 3I\/ATLAS, segundo especialistas<\/span><\/em><\/p>\n\n\n\n<p><span class=\"has-inline-color has-black-color\">Por <strong><a href=\"https:\/\/olhardigital.com.br\/author\/flavia-correia\/\">Flavia Correia<\/a><\/strong><\/span><\/p>\n\n\n\n<div class=\"wp-block-image\"><figure class=\"aligncenter size-large\"><a href=\"https:\/\/mizu.com.br\/\"><img loading=\"lazy\" decoding=\"async\" width=\"729\" height=\"90\" src=\"https:\/\/jornalfatosenoticias.com.br\/wp-content\/uploads\/2020\/02\/Logo_Mizu.png\" alt=\"\" class=\"wp-image-1441\" srcset=\"https:\/\/jornalfatosenoticias.com.br\/wp-content\/uploads\/2020\/02\/Logo_Mizu.png 729w, https:\/\/jornalfatosenoticias.com.br\/wp-content\/uploads\/2020\/02\/Logo_Mizu-300x37.png 300w\" sizes=\"auto, (max-width: 729px) 100vw, 729px\" \/><\/a><\/figure><\/div>\n\n\n\n<p>No \u00faltimo dia 4, o rover Perseverance, que explora Marte <strong><a href=\"https:\/\/olhardigital.com.br\/2021\/02\/18\/ciencia-e-espaco\/rover-perseverance-da-nasa-pousa-com-sucesso-em-marte\/\" target=\"_blank\" rel=\"noreferrer noopener\">desde 2021<\/a><\/strong>, registrou um curioso feixe de luz riscando o c\u00e9u do planeta. A imagem, feita pela c\u00e2mera de navega\u00e7\u00e3o do rob\u00f4 (Navcam), chamou aten\u00e7\u00e3o por ter sido capturada poucas horas ap\u00f3s a passagem mais pr\u00f3xima do visitante interestelar <a href=\"https:\/\/olhardigital.com.br\/2025\/10\/01\/ciencia-e-espaco\/visitante-interestelar-quebra-padroes-da-astronomia\/\" target=\"_blank\" rel=\"noreferrer noopener\"><strong>3I\/ATLAS<\/strong><\/a>\u00a0pelo planeta,\u00a0<strong><a href=\"https:\/\/www.esa.int\/ESA_Multimedia\/Images\/2025\/09\/ESA_s_Mars_and_Jupiter_missions_observe_comet_3I_ATLAS\" target=\"_blank\" rel=\"noreferrer noopener\">de acordo<\/a> <\/strong>com as previs\u00f5es divulgadas pela Ag\u00eancia Espacial Europeia (ESA).<br>Nem a Nasa nem o Laborat\u00f3rio de Propuls\u00e3o a Jato (JPL), respons\u00e1vel pela opera\u00e7\u00e3o do Perseverance, confirmaram se o brilho captado corresponde de fato ao cometa. A indefini\u00e7\u00e3o ocorre em meio \u00e0 paralisa\u00e7\u00e3o do governo dos EUA, que <strong><a href=\"https:\/\/olhardigital.com.br\/2025\/10\/01\/ciencia-e-espaco\/mais-de-15-mil-funcionarios-da-nasa-entram-em-licenca-entenda\/\">suspendeu boa parte das atividades<\/a><\/strong> da ag\u00eancia espacial \u2014 que j\u00e1 <strong><a href=\"https:\/\/science.nasa.gov\/solar-system\/comets\/3i-atlas\/\" target=\"_blank\" rel=\"noreferrer noopener\">havia informado<\/a><\/strong> anteriormente que o rover estava entre os equipamentos preparados para observar a passagem do \u201cintruso\u201d pelo Sistema Solar.<\/p>\n\n\n\n<div class=\"wp-block-image\"><figure class=\"aligncenter size-large is-resized\"><a href=\"https:\/\/www.controlsystems.com.br\/\"><img loading=\"lazy\" decoding=\"async\" src=\"https:\/\/jornalfatosenoticias.com.br\/wp-content\/uploads\/2020\/02\/CONTROL-CS.jpg\" alt=\"\" class=\"wp-image-44991\" width=\"261\" height=\"313\" srcset=\"https:\/\/jornalfatosenoticias.com.br\/wp-content\/uploads\/2020\/02\/CONTROL-CS.jpg 834w, https:\/\/jornalfatosenoticias.com.br\/wp-content\/uploads\/2020\/02\/CONTROL-CS-250x300.jpg 250w, https:\/\/jornalfatosenoticias.com.br\/wp-content\/uploads\/2020\/02\/CONTROL-CS-768x921.jpg 768w\" sizes=\"auto, (max-width: 261px) 100vw, 261px\" \/><\/a><\/figure><\/div>\n\n\n\n<p>A divulga\u00e7\u00e3o das imagens e o \u201csil\u00eancio\u201d da Nasa repercutiram nas redes sociais, com especula\u00e7\u00f5es de que o objeto cil\u00edndrico vis\u00edvel na imagem seria uma nave alien\u00edgena. Especialistas, no entanto, garantem que n\u00e3o h\u00e1 mist\u00e9rio algum. At\u00e9 mesmo o astrof\u00edsico Avi Loeb, do Centro de Astrof\u00edsica Harvard-Smithsonian, que j\u00e1 <strong><a href=\"https:\/\/olhardigital.com.br\/2025\/07\/22\/ciencia-e-espaco\/pesquisa-duvidosa-classifica-novo-objeto-interestelar-como-possivel-tecnologia-alienigena-hostil-disfarcada\/\">cogitou essa hip\u00f3tese<\/a>,<\/strong> descartou a possibilidade. Em seu\u00a0<strong><a href=\"https:\/\/avi-loeb.medium.com\/interpretation-of-the-stripe-in-the-new-image-of-3i-atlas-from-the-perseverance-rover-camera-7c5332c60ff1\" target=\"_blank\" rel=\"noreferrer noopener\">blog<\/a>, <\/strong>ele explicou que o formato alongado do tra\u00e7o foi causado pelo tempo de exposi\u00e7\u00e3o da c\u00e2mera, enquanto o cometa se movia rapidamente pelo c\u00e9u marciano.<\/p>\n\n\n\n<figure class=\"wp-block-embed-twitter wp-block-embed is-type-rich is-provider-twitter\"><div class=\"wp-block-embed__wrapper\">\n<blockquote class=\"twitter-tweet\" data-width=\"550\" data-dnt=\"true\"><p lang=\"en\" dir=\"ltr\">NEW IMAGE FROM MARS: <br>3I\/ATLAS spotted again  and this time, it doesn\u2019t look like a comet.  A perfect glowing cylinder drifting across the Martian sky. No dust plume. No fragmentation. Just\u2026 structure.  <br><br>What are we really looking at here? <br> <a href=\"https:\/\/twitter.com\/hashtag\/3IATLAS?src=hash&amp;ref_src=twsrc%5Etfw\">#3IATLAS<\/a> <a href=\"https:\/\/twitter.com\/hashtag\/Anomaly?src=hash&amp;ref_src=twsrc%5Etfw\">#Anomaly<\/a> <a href=\"https:\/\/twitter.com\/hashtag\/Mars?src=hash&amp;ref_src=twsrc%5Etfw\">#Mars<\/a> <a href=\"https:\/\/twitter.com\/hashtag\/UAP?src=hash&amp;ref_src=twsrc%5Etfw\">#UAP<\/a> <a href=\"https:\/\/t.co\/TGYhKww0rD\">pic.twitter.com\/TGYhKww0rD<\/a><\/p>&mdash; Rajkumar (@rajtalksalways) <a href=\"https:\/\/twitter.com\/rajtalksalways\/status\/1974728840468398517?ref_src=twsrc%5Etfw\">October 5, 2025<\/a><\/blockquote><script async src=\"https:\/\/platform.twitter.com\/widgets.js\" charset=\"utf-8\"><\/script>\n<\/div><\/figure>\n\n\n\n<p>Segundo Loeb, a c\u00e2mera levou cerca de dez minutos para gerar a imagem final, a partir do empilhamento de centenas de capturas individuais. Nesse intervalo, o 3I\/ATLAS percorreu uma longa trajet\u00f3ria, o que resultou no efeito luminoso observado. <em>\u201cO cometa teria parecido um ponto circular em uma foto \u00fanica, que tem um tempo m\u00e1ximo de exposi\u00e7\u00e3o de 3,28 segundos para a Navcam\u201d.<\/em><\/p>\n\n\n\n<div class=\"wp-block-image\"><figure class=\"aligncenter size-large is-resized\"><a href=\"https:\/\/www.instagram.com\/gruposei\/\"><img loading=\"lazy\" decoding=\"async\" src=\"https:\/\/jornalfatosenoticias.com.br\/wp-content\/uploads\/2022\/07\/Logo-Grupo-SEI.jpg\" alt=\"\" class=\"wp-image-31973\" width=\"328\" height=\"172\" srcset=\"https:\/\/jornalfatosenoticias.com.br\/wp-content\/uploads\/2022\/07\/Logo-Grupo-SEI.jpg 713w, https:\/\/jornalfatosenoticias.com.br\/wp-content\/uploads\/2022\/07\/Logo-Grupo-SEI-300x158.jpg 300w\" sizes=\"auto, (max-width: 328px) 100vw, 328px\" \/><\/a><\/figure><\/div>\n\n\n\n<p><strong><span class=\"has-inline-color has-black-color\">Observa\u00e7\u00f5es do objeto pela Nasa dependem da situa\u00e7\u00e3o pol\u00edtica<br><\/span><\/strong>Descoberto em julho deste ano, o cometa 3I\/ATLAS \u00e9 o terceiro objeto vindo de fora do Sistema Solar j\u00e1 identificado \u201cna nossa \u00e1rea\u201d. Sua m\u00e1xima aproxima\u00e7\u00e3o de Marte aconteceu no dia 3, quando ele passou a uma dist\u00e2ncia de cerca de 30 milh\u00f5es de km do planeta. A ESA confirmou que tamb\u00e9m direcionou as sondas Mars Express e ExoMars Trace Gas Orbiter (TGO) para acompanhar o fen\u00f4meno.<\/p>\n\n\n\n<div class=\"wp-block-image\"><figure class=\"aligncenter size-large is-resized\"><a href=\"https:\/\/www.facebook.com\/postobkr\/?locale=pt_BR\"><img loading=\"lazy\" decoding=\"async\" src=\"https:\/\/jornalfatosenoticias.com.br\/wp-content\/uploads\/2023\/08\/BKR-1024x1021.jpg\" alt=\"\" class=\"wp-image-44494\" width=\"311\" height=\"310\" srcset=\"https:\/\/jornalfatosenoticias.com.br\/wp-content\/uploads\/2023\/08\/BKR-1024x1021.jpg 1024w, https:\/\/jornalfatosenoticias.com.br\/wp-content\/uploads\/2023\/08\/BKR-300x300.jpg 300w, https:\/\/jornalfatosenoticias.com.br\/wp-content\/uploads\/2023\/08\/BKR-150x150.jpg 150w, https:\/\/jornalfatosenoticias.com.br\/wp-content\/uploads\/2023\/08\/BKR-768x766.jpg 768w, https:\/\/jornalfatosenoticias.com.br\/wp-content\/uploads\/2023\/08\/BKR.jpg 1080w\" sizes=\"auto, (max-width: 311px) 100vw, 311px\" \/><\/a><\/figure><\/div>\n\n\n\n<p>A Nasa pretendia realizar observa\u00e7\u00f5es adicionais com telesc\u00f3pios como o Hubble, o James Webb e o TESS. No entanto, com mais de 80% de seus funcion\u00e1rios afastados devido \u00e0 paralisa\u00e7\u00e3o, parte dessas opera\u00e7\u00f5es poder\u00e1 ser adiada at\u00e9 que a situa\u00e7\u00e3o pol\u00edtica seja resolvida.<\/p>\n\n\n\n<p><strong>Fonte: <a href=\"https:\/\/olhardigital.com.br\/2025\/10\/06\/ciencia-e-espaco\/visitante-interestelar-e-fotografado-por-rover-da-nasa-sobrevoando-marte\/\">Olhar Digital<\/a><\/strong><\/p>\n","protected":false},"excerpt":{"rendered":"<p>Imagem capturada pelo rover Perseverance mostrando um feixe de luz no c\u00e9u de Marte \u00e9 do visitante interestelar 3I\/ATLAS, segundo especialistas Por Flavia Correia No \u00faltimo dia 4, o rover Perseverance, que explora Marte desde 2021, registrou um curioso feixe de luz riscando o c\u00e9u do planeta. A imagem, feita pela c\u00e2mera de navega\u00e7\u00e3o do [&hellip;]<\/p>\n","protected":false},"author":2,"featured_media":62413,"comment_status":"open","ping_status":"open","sticky":false,"template":"","format":"standard","meta":{"footnotes":""},"categories":[2],"tags":[28466,28467,434,164,28468,4076],"class_list":["post-62412","post","type-post","status-publish","format-standard","has-post-thumbnail","hentry","category-ciencia","tag-cometa-3i-atlas","tag-cometas-interestelares","tag-marte","tag-nasa","tag-objeto-interestelar","tag-perseverance"],"yoast_head":"<!-- This site is optimized with the Yoast SEO plugin v26.5 - https:\/\/yoast.com\/wordpress\/plugins\/seo\/ -->\n<title>Visitante interestelar \u00e9 fotografado por rover da Nasa sobrevoando Marte - Jornal Fatos e Not\u00edcias<\/title>\n<meta name=\"robots\" content=\"index, follow, max-snippet:-1, max-image-preview:large, max-video-preview:-1\" \/>\n<link rel=\"canonical\" href=\"https:\/\/jornalfatosenoticias.com.br\/index.php\/2025\/10\/08\/visitante-interestelar-e-fotografado-por-rover-da-nasa-sobrevoando-marte\/\" \/>\n<meta property=\"og:locale\" content=\"pt_BR\" \/>\n<meta property=\"og:type\" content=\"article\" \/>\n<meta property=\"og:title\" content=\"Visitante interestelar \u00e9 fotografado por rover da Nasa sobrevoando Marte - Jornal Fatos e Not\u00edcias\" \/>\n<meta property=\"og:description\" content=\"Imagem capturada pelo rover Perseverance mostrando um feixe de luz no c\u00e9u de Marte \u00e9 do visitante interestelar 3I\/ATLAS, segundo especialistas Por Flavia Correia No \u00faltimo dia 4, o rover Perseverance, que explora Marte desde 2021, registrou um curioso feixe de luz riscando o c\u00e9u do planeta. A imagem, feita pela c\u00e2mera de navega\u00e7\u00e3o do [&hellip;]\" \/>\n<meta property=\"og:url\" content=\"https:\/\/jornalfatosenoticias.com.br\/index.php\/2025\/10\/08\/visitante-interestelar-e-fotografado-por-rover-da-nasa-sobrevoando-marte\/\" \/>\n<meta property=\"og:site_name\" content=\"Jornal Fatos e Not\u00edcias\" \/>\n<meta property=\"article:published_time\" content=\"2025-10-08T15:29:24+00:00\" \/>\n<meta property=\"article:modified_time\" content=\"2025-10-08T15:29:25+00:00\" \/>\n<meta property=\"og:image\" content=\"https:\/\/jornalfatosenoticias.com.br\/wp-content\/uploads\/2025\/10\/marte-cometa-3iatlas.jpg\" \/>\n\t<meta property=\"og:image:width\" content=\"1000\" \/>\n\t<meta property=\"og:image:height\" content=\"698\" \/>\n\t<meta property=\"og:image:type\" content=\"image\/jpeg\" \/>\n<meta name=\"author\" content=\"Luzimara Fernandes\" \/>\n<meta name=\"twitter:card\" content=\"summary_large_image\" \/>\n<meta name=\"twitter:label1\" content=\"Escrito por\" \/>\n\t<meta name=\"twitter:data1\" content=\"Luzimara Fernandes\" \/>\n\t<meta name=\"twitter:label2\" content=\"Est. tempo de leitura\" \/>\n\t<meta name=\"twitter:data2\" content=\"3 minutos\" \/>\n<script type=\"application\/ld+json\" class=\"yoast-schema-graph\">{\"@context\":\"https:\/\/schema.org\",\"@graph\":[{\"@type\":\"Article\",\"@id\":\"https:\/\/jornalfatosenoticias.com.br\/index.php\/2025\/10\/08\/visitante-interestelar-e-fotografado-por-rover-da-nasa-sobrevoando-marte\/#article\",\"isPartOf\":{\"@id\":\"https:\/\/jornalfatosenoticias.com.br\/index.php\/2025\/10\/08\/visitante-interestelar-e-fotografado-por-rover-da-nasa-sobrevoando-marte\/\"},\"author\":{\"name\":\"Luzimara Fernandes\",\"@id\":\"https:\/\/jornalfatosenoticias.com.br\/#\/schema\/person\/d63837fa13ac8666eb9e74e0985d6f81\"},\"headline\":\"Visitante interestelar \u00e9 fotografado por rover da Nasa sobrevoando Marte\",\"datePublished\":\"2025-10-08T15:29:24+00:00\",\"dateModified\":\"2025-10-08T15:29:25+00:00\",\"mainEntityOfPage\":{\"@id\":\"https:\/\/jornalfatosenoticias.com.br\/index.php\/2025\/10\/08\/visitante-interestelar-e-fotografado-por-rover-da-nasa-sobrevoando-marte\/\"},\"wordCount\":516,\"commentCount\":0,\"publisher\":{\"@id\":\"https:\/\/jornalfatosenoticias.com.br\/#organization\"},\"image\":{\"@id\":\"https:\/\/jornalfatosenoticias.com.br\/index.php\/2025\/10\/08\/visitante-interestelar-e-fotografado-por-rover-da-nasa-sobrevoando-marte\/#primaryimage\"},\"thumbnailUrl\":\"https:\/\/jornalfatosenoticias.com.br\/wp-content\/uploads\/2025\/10\/marte-cometa-3iatlas.jpg\",\"keywords\":[\"cometa 3I\/ATLAS\",\"cometas interestelares\",\"Marte\",\"Nasa\",\"objeto interestelar\",\"Perseverance\"],\"articleSection\":[\"Ci\u00eancia\"],\"inLanguage\":\"pt-BR\",\"potentialAction\":[{\"@type\":\"CommentAction\",\"name\":\"Comment\",\"target\":[\"https:\/\/jornalfatosenoticias.com.br\/index.php\/2025\/10\/08\/visitante-interestelar-e-fotografado-por-rover-da-nasa-sobrevoando-marte\/#respond\"]}]},{\"@type\":\"WebPage\",\"@id\":\"https:\/\/jornalfatosenoticias.com.br\/index.php\/2025\/10\/08\/visitante-interestelar-e-fotografado-por-rover-da-nasa-sobrevoando-marte\/\",\"url\":\"https:\/\/jornalfatosenoticias.com.br\/index.php\/2025\/10\/08\/visitante-interestelar-e-fotografado-por-rover-da-nasa-sobrevoando-marte\/\",\"name\":\"Visitante interestelar \u00e9 fotografado por rover da Nasa sobrevoando Marte - Jornal Fatos e Not\u00edcias\",\"isPartOf\":{\"@id\":\"https:\/\/jornalfatosenoticias.com.br\/#website\"},\"primaryImageOfPage\":{\"@id\":\"https:\/\/jornalfatosenoticias.com.br\/index.php\/2025\/10\/08\/visitante-interestelar-e-fotografado-por-rover-da-nasa-sobrevoando-marte\/#primaryimage\"},\"image\":{\"@id\":\"https:\/\/jornalfatosenoticias.com.br\/index.php\/2025\/10\/08\/visitante-interestelar-e-fotografado-por-rover-da-nasa-sobrevoando-marte\/#primaryimage\"},\"thumbnailUrl\":\"https:\/\/jornalfatosenoticias.com.br\/wp-content\/uploads\/2025\/10\/marte-cometa-3iatlas.jpg\",\"datePublished\":\"2025-10-08T15:29:24+00:00\",\"dateModified\":\"2025-10-08T15:29:25+00:00\",\"breadcrumb\":{\"@id\":\"https:\/\/jornalfatosenoticias.com.br\/index.php\/2025\/10\/08\/visitante-interestelar-e-fotografado-por-rover-da-nasa-sobrevoando-marte\/#breadcrumb\"},\"inLanguage\":\"pt-BR\",\"potentialAction\":[{\"@type\":\"ReadAction\",\"target\":[\"https:\/\/jornalfatosenoticias.com.br\/index.php\/2025\/10\/08\/visitante-interestelar-e-fotografado-por-rover-da-nasa-sobrevoando-marte\/\"]}]},{\"@type\":\"ImageObject\",\"inLanguage\":\"pt-BR\",\"@id\":\"https:\/\/jornalfatosenoticias.com.br\/index.php\/2025\/10\/08\/visitante-interestelar-e-fotografado-por-rover-da-nasa-sobrevoando-marte\/#primaryimage\",\"url\":\"https:\/\/jornalfatosenoticias.com.br\/wp-content\/uploads\/2025\/10\/marte-cometa-3iatlas.jpg\",\"contentUrl\":\"https:\/\/jornalfatosenoticias.com.br\/wp-content\/uploads\/2025\/10\/marte-cometa-3iatlas.jpg\",\"width\":1000,\"height\":698},{\"@type\":\"BreadcrumbList\",\"@id\":\"https:\/\/jornalfatosenoticias.com.br\/index.php\/2025\/10\/08\/visitante-interestelar-e-fotografado-por-rover-da-nasa-sobrevoando-marte\/#breadcrumb\",\"itemListElement\":[{\"@type\":\"ListItem\",\"position\":1,\"name\":\"In\u00edcio\",\"item\":\"https:\/\/jornalfatosenoticias.com.br\/\"},{\"@type\":\"ListItem\",\"position\":2,\"name\":\"Visitante interestelar \u00e9 fotografado por rover da Nasa sobrevoando Marte\"}]},{\"@type\":\"WebSite\",\"@id\":\"https:\/\/jornalfatosenoticias.com.br\/#website\",\"url\":\"https:\/\/jornalfatosenoticias.com.br\/\",\"name\":\"Jornal Fatos e Not\u00edcias\",\"description\":\"Not\u00edcias em geral\",\"publisher\":{\"@id\":\"https:\/\/jornalfatosenoticias.com.br\/#organization\"},\"potentialAction\":[{\"@type\":\"SearchAction\",\"target\":{\"@type\":\"EntryPoint\",\"urlTemplate\":\"https:\/\/jornalfatosenoticias.com.br\/?s={search_term_string}\"},\"query-input\":{\"@type\":\"PropertyValueSpecification\",\"valueRequired\":true,\"valueName\":\"search_term_string\"}}],\"inLanguage\":\"pt-BR\"},{\"@type\":\"Organization\",\"@id\":\"https:\/\/jornalfatosenoticias.com.br\/#organization\",\"name\":\"Jornal Fatos e Not\u00edcias\",\"url\":\"https:\/\/jornalfatosenoticias.com.br\/\",\"logo\":{\"@type\":\"ImageObject\",\"inLanguage\":\"pt-BR\",\"@id\":\"https:\/\/jornalfatosenoticias.com.br\/#\/schema\/logo\/image\/\",\"url\":\"https:\/\/jornalfatosenoticias.com.br\/wp-content\/uploads\/2020\/02\/logo120.png\",\"contentUrl\":\"https:\/\/jornalfatosenoticias.com.br\/wp-content\/uploads\/2020\/02\/logo120.png\",\"width\":1227,\"height\":120,\"caption\":\"Jornal Fatos e Not\u00edcias\"},\"image\":{\"@id\":\"https:\/\/jornalfatosenoticias.com.br\/#\/schema\/logo\/image\/\"}},{\"@type\":\"Person\",\"@id\":\"https:\/\/jornalfatosenoticias.com.br\/#\/schema\/person\/d63837fa13ac8666eb9e74e0985d6f81\",\"name\":\"Luzimara Fernandes\",\"image\":{\"@type\":\"ImageObject\",\"inLanguage\":\"pt-BR\",\"@id\":\"https:\/\/jornalfatosenoticias.com.br\/#\/schema\/person\/image\/\",\"url\":\"https:\/\/jornalfatosenoticias.com.br\/wp-content\/uploads\/2025\/05\/EU_portal.jpg\",\"contentUrl\":\"https:\/\/jornalfatosenoticias.com.br\/wp-content\/uploads\/2025\/05\/EU_portal.jpg\",\"caption\":\"Luzimara Fernandes\"},\"description\":\"Jornalista MTB 2358-ES\",\"sameAs\":[\"https:\/\/jornalfatosenoticias.com.br\"],\"url\":\"https:\/\/jornalfatosenoticias.com.br\/index.php\/author\/luzimara\/\"}]}<\/script>\n<!-- \/ Yoast SEO plugin. -->","yoast_head_json":{"title":"Visitante interestelar \u00e9 fotografado por rover da Nasa sobrevoando Marte - Jornal Fatos e Not\u00edcias","robots":{"index":"index","follow":"follow","max-snippet":"max-snippet:-1","max-image-preview":"max-image-preview:large","max-video-preview":"max-video-preview:-1"},"canonical":"https:\/\/jornalfatosenoticias.com.br\/index.php\/2025\/10\/08\/visitante-interestelar-e-fotografado-por-rover-da-nasa-sobrevoando-marte\/","og_locale":"pt_BR","og_type":"article","og_title":"Visitante interestelar \u00e9 fotografado por rover da Nasa sobrevoando Marte - Jornal Fatos e Not\u00edcias","og_description":"Imagem capturada pelo rover Perseverance mostrando um feixe de luz no c\u00e9u de Marte \u00e9 do visitante interestelar 3I\/ATLAS, segundo especialistas Por Flavia Correia No \u00faltimo dia 4, o rover Perseverance, que explora Marte desde 2021, registrou um curioso feixe de luz riscando o c\u00e9u do planeta. A imagem, feita pela c\u00e2mera de navega\u00e7\u00e3o do [&hellip;]","og_url":"https:\/\/jornalfatosenoticias.com.br\/index.php\/2025\/10\/08\/visitante-interestelar-e-fotografado-por-rover-da-nasa-sobrevoando-marte\/","og_site_name":"Jornal Fatos e Not\u00edcias","article_published_time":"2025-10-08T15:29:24+00:00","article_modified_time":"2025-10-08T15:29:25+00:00","og_image":[{"width":1000,"height":698,"url":"https:\/\/jornalfatosenoticias.com.br\/wp-content\/uploads\/2025\/10\/marte-cometa-3iatlas.jpg","type":"image\/jpeg"}],"author":"Luzimara Fernandes","twitter_card":"summary_large_image","twitter_misc":{"Escrito por":"Luzimara Fernandes","Est. tempo de leitura":"3 minutos"},"schema":{"@context":"https:\/\/schema.org","@graph":[{"@type":"Article","@id":"https:\/\/jornalfatosenoticias.com.br\/index.php\/2025\/10\/08\/visitante-interestelar-e-fotografado-por-rover-da-nasa-sobrevoando-marte\/#article","isPartOf":{"@id":"https:\/\/jornalfatosenoticias.com.br\/index.php\/2025\/10\/08\/visitante-interestelar-e-fotografado-por-rover-da-nasa-sobrevoando-marte\/"},"author":{"name":"Luzimara Fernandes","@id":"https:\/\/jornalfatosenoticias.com.br\/#\/schema\/person\/d63837fa13ac8666eb9e74e0985d6f81"},"headline":"Visitante interestelar \u00e9 fotografado por rover da Nasa sobrevoando Marte","datePublished":"2025-10-08T15:29:24+00:00","dateModified":"2025-10-08T15:29:25+00:00","mainEntityOfPage":{"@id":"https:\/\/jornalfatosenoticias.com.br\/index.php\/2025\/10\/08\/visitante-interestelar-e-fotografado-por-rover-da-nasa-sobrevoando-marte\/"},"wordCount":516,"commentCount":0,"publisher":{"@id":"https:\/\/jornalfatosenoticias.com.br\/#organization"},"image":{"@id":"https:\/\/jornalfatosenoticias.com.br\/index.php\/2025\/10\/08\/visitante-interestelar-e-fotografado-por-rover-da-nasa-sobrevoando-marte\/#primaryimage"},"thumbnailUrl":"https:\/\/jornalfatosenoticias.com.br\/wp-content\/uploads\/2025\/10\/marte-cometa-3iatlas.jpg","keywords":["cometa 3I\/ATLAS","cometas interestelares","Marte","Nasa","objeto interestelar","Perseverance"],"articleSection":["Ci\u00eancia"],"inLanguage":"pt-BR","potentialAction":[{"@type":"CommentAction","name":"Comment","target":["https:\/\/jornalfatosenoticias.com.br\/index.php\/2025\/10\/08\/visitante-interestelar-e-fotografado-por-rover-da-nasa-sobrevoando-marte\/#respond"]}]},{"@type":"WebPage","@id":"https:\/\/jornalfatosenoticias.com.br\/index.php\/2025\/10\/08\/visitante-interestelar-e-fotografado-por-rover-da-nasa-sobrevoando-marte\/","url":"https:\/\/jornalfatosenoticias.com.br\/index.php\/2025\/10\/08\/visitante-interestelar-e-fotografado-por-rover-da-nasa-sobrevoando-marte\/","name":"Visitante interestelar \u00e9 fotografado por rover da Nasa sobrevoando Marte - Jornal Fatos e Not\u00edcias","isPartOf":{"@id":"https:\/\/jornalfatosenoticias.com.br\/#website"},"primaryImageOfPage":{"@id":"https:\/\/jornalfatosenoticias.com.br\/index.php\/2025\/10\/08\/visitante-interestelar-e-fotografado-por-rover-da-nasa-sobrevoando-marte\/#primaryimage"},"image":{"@id":"https:\/\/jornalfatosenoticias.com.br\/index.php\/2025\/10\/08\/visitante-interestelar-e-fotografado-por-rover-da-nasa-sobrevoando-marte\/#primaryimage"},"thumbnailUrl":"https:\/\/jornalfatosenoticias.com.br\/wp-content\/uploads\/2025\/10\/marte-cometa-3iatlas.jpg","datePublished":"2025-10-08T15:29:24+00:00","dateModified":"2025-10-08T15:29:25+00:00","breadcrumb":{"@id":"https:\/\/jornalfatosenoticias.com.br\/index.php\/2025\/10\/08\/visitante-interestelar-e-fotografado-por-rover-da-nasa-sobrevoando-marte\/#breadcrumb"},"inLanguage":"pt-BR","potentialAction":[{"@type":"ReadAction","target":["https:\/\/jornalfatosenoticias.com.br\/index.php\/2025\/10\/08\/visitante-interestelar-e-fotografado-por-rover-da-nasa-sobrevoando-marte\/"]}]},{"@type":"ImageObject","inLanguage":"pt-BR","@id":"https:\/\/jornalfatosenoticias.com.br\/index.php\/2025\/10\/08\/visitante-interestelar-e-fotografado-por-rover-da-nasa-sobrevoando-marte\/#primaryimage","url":"https:\/\/jornalfatosenoticias.com.br\/wp-content\/uploads\/2025\/10\/marte-cometa-3iatlas.jpg","contentUrl":"https:\/\/jornalfatosenoticias.com.br\/wp-content\/uploads\/2025\/10\/marte-cometa-3iatlas.jpg","width":1000,"height":698},{"@type":"BreadcrumbList","@id":"https:\/\/jornalfatosenoticias.com.br\/index.php\/2025\/10\/08\/visitante-interestelar-e-fotografado-por-rover-da-nasa-sobrevoando-marte\/#breadcrumb","itemListElement":[{"@type":"ListItem","position":1,"name":"In\u00edcio","item":"https:\/\/jornalfatosenoticias.com.br\/"},{"@type":"ListItem","position":2,"name":"Visitante interestelar \u00e9 fotografado por rover da Nasa sobrevoando Marte"}]},{"@type":"WebSite","@id":"https:\/\/jornalfatosenoticias.com.br\/#website","url":"https:\/\/jornalfatosenoticias.com.br\/","name":"Jornal Fatos e Not\u00edcias","description":"Not\u00edcias em geral","publisher":{"@id":"https:\/\/jornalfatosenoticias.com.br\/#organization"},"potentialAction":[{"@type":"SearchAction","target":{"@type":"EntryPoint","urlTemplate":"https:\/\/jornalfatosenoticias.com.br\/?s={search_term_string}"},"query-input":{"@type":"PropertyValueSpecification","valueRequired":true,"valueName":"search_term_string"}}],"inLanguage":"pt-BR"},{"@type":"Organization","@id":"https:\/\/jornalfatosenoticias.com.br\/#organization","name":"Jornal Fatos e Not\u00edcias","url":"https:\/\/jornalfatosenoticias.com.br\/","logo":{"@type":"ImageObject","inLanguage":"pt-BR","@id":"https:\/\/jornalfatosenoticias.com.br\/#\/schema\/logo\/image\/","url":"https:\/\/jornalfatosenoticias.com.br\/wp-content\/uploads\/2020\/02\/logo120.png","contentUrl":"https:\/\/jornalfatosenoticias.com.br\/wp-content\/uploads\/2020\/02\/logo120.png","width":1227,"height":120,"caption":"Jornal Fatos e Not\u00edcias"},"image":{"@id":"https:\/\/jornalfatosenoticias.com.br\/#\/schema\/logo\/image\/"}},{"@type":"Person","@id":"https:\/\/jornalfatosenoticias.com.br\/#\/schema\/person\/d63837fa13ac8666eb9e74e0985d6f81","name":"Luzimara Fernandes","image":{"@type":"ImageObject","inLanguage":"pt-BR","@id":"https:\/\/jornalfatosenoticias.com.br\/#\/schema\/person\/image\/","url":"https:\/\/jornalfatosenoticias.com.br\/wp-content\/uploads\/2025\/05\/EU_portal.jpg","contentUrl":"https:\/\/jornalfatosenoticias.com.br\/wp-content\/uploads\/2025\/05\/EU_portal.jpg","caption":"Luzimara Fernandes"},"description":"Jornalista MTB 2358-ES","sameAs":["https:\/\/jornalfatosenoticias.com.br"],"url":"https:\/\/jornalfatosenoticias.com.br\/index.php\/author\/luzimara\/"}]}},"cc_featured_image_caption":{"caption_text":"(Foto: Imagem gerada por IA\/Gemini)","source_text":"","source_url":""},"jetpack_featured_media_url":"https:\/\/jornalfatosenoticias.com.br\/wp-content\/uploads\/2025\/10\/marte-cometa-3iatlas.jpg","_links":{"self":[{"href":"https:\/\/jornalfatosenoticias.com.br\/index.php\/wp-json\/wp\/v2\/posts\/62412","targetHints":{"allow":["GET"]}}],"collection":[{"href":"https:\/\/jornalfatosenoticias.com.br\/index.php\/wp-json\/wp\/v2\/posts"}],"about":[{"href":"https:\/\/jornalfatosenoticias.com.br\/index.php\/wp-json\/wp\/v2\/types\/post"}],"author":[{"embeddable":true,"href":"https:\/\/jornalfatosenoticias.com.br\/index.php\/wp-json\/wp\/v2\/users\/2"}],"replies":[{"embeddable":true,"href":"https:\/\/jornalfatosenoticias.com.br\/index.php\/wp-json\/wp\/v2\/comments?post=62412"}],"version-history":[{"count":0,"href":"https:\/\/jornalfatosenoticias.com.br\/index.php\/wp-json\/wp\/v2\/posts\/62412\/revisions"}],"wp:featuredmedia":[{"embeddable":true,"href":"https:\/\/jornalfatosenoticias.com.br\/index.php\/wp-json\/wp\/v2\/media\/62413"}],"wp:attachment":[{"href":"https:\/\/jornalfatosenoticias.com.br\/index.php\/wp-json\/wp\/v2\/media?parent=62412"}],"wp:term":[{"taxonomy":"category","embeddable":true,"href":"https:\/\/jornalfatosenoticias.com.br\/index.php\/wp-json\/wp\/v2\/categories?post=62412"},{"taxonomy":"post_tag","embeddable":true,"href":"https:\/\/jornalfatosenoticias.com.br\/index.php\/wp-json\/wp\/v2\/tags?post=62412"}],"curies":[{"name":"wp","href":"https:\/\/api.w.org\/{rel}","templated":true}]}}