{"id":62420,"date":"2025-10-08T15:11:31","date_gmt":"2025-10-08T18:11:31","guid":{"rendered":"https:\/\/jornalfatosenoticias.com.br\/?p=62420"},"modified":"2025-10-08T15:11:33","modified_gmt":"2025-10-08T18:11:33","slug":"unesco-reconhece-homeschooling-como-um-direito-das-familias","status":"publish","type":"post","link":"https:\/\/jornalfatosenoticias.com.br\/index.php\/2025\/10\/08\/unesco-reconhece-homeschooling-como-um-direito-das-familias\/","title":{"rendered":"Unesco reconhece homeschooling como um direito das fam\u00edlias"},"content":{"rendered":"\n<p><em><span class=\"has-inline-color has-black-color\">Em relat\u00f3rio, a organiza\u00e7\u00e3o da ONU afirmou que o ensino domiciliar \u00e9 um modelo leg\u00edtimo de educa\u00e7\u00e3o que pode ser aplicado pelos pais<\/span><\/em><\/p>\n\n\n\n<div class=\"wp-block-image\"><figure class=\"aligncenter size-large\"><a href=\"https:\/\/panper.com.br\/\"><img loading=\"lazy\" decoding=\"async\" width=\"1024\" height=\"111\" src=\"https:\/\/jornalfatosenoticias.com.br\/wp-content\/uploads\/2020\/02\/WhatsApp-Image-2022-09-23-at-12.09.18-1024x111.jpeg\" alt=\"\" class=\"wp-image-34527\" srcset=\"https:\/\/jornalfatosenoticias.com.br\/wp-content\/uploads\/2020\/02\/WhatsApp-Image-2022-09-23-at-12.09.18-1024x111.jpeg 1024w, https:\/\/jornalfatosenoticias.com.br\/wp-content\/uploads\/2020\/02\/WhatsApp-Image-2022-09-23-at-12.09.18-300x32.jpeg 300w, https:\/\/jornalfatosenoticias.com.br\/wp-content\/uploads\/2020\/02\/WhatsApp-Image-2022-09-23-at-12.09.18-768x83.jpeg 768w, https:\/\/jornalfatosenoticias.com.br\/wp-content\/uploads\/2020\/02\/WhatsApp-Image-2022-09-23-at-12.09.18.jpeg 1121w\" sizes=\"auto, (max-width: 1024px) 100vw, 1024px\" \/><\/a><\/figure><\/div>\n\n\n\n<p>A Organiza\u00e7\u00e3o das Na\u00e7\u00f5es Unidas para a Educa\u00e7\u00e3o, a Ci\u00eancia e a Cultura (Unesco) reconheceu o <a href=\"https:\/\/guiame.com.br\/gospel\/leitura\/pastor-ensina-como-aplicar-o-homeschooling-no-cotidiano-das-criancas.html\"><strong>homeschooling<\/strong><\/a>\u00a0como um\u00a0<a href=\"https:\/\/guiame.com.br\/colunistas\/marisa-lobo\/autoridade-dos-pais-sob-ataque-mae-de-sc-e-ameacada-por-ensino-domiciliar-do-filho.html\"><strong>direito das fam\u00edlias<\/strong><\/a>. No relat\u00f3rio \u201cHomeschooling through a Human Rights Lens\u201d (Homeschooling sob a \u00f3tica dos Direitos Humanos), publicado no final de setembro, a organiza\u00e7\u00e3o analisou o crescimento de adeptos do ensino domiciliar e estabeleceu que \u00e9 um modelo poss\u00edvel de <a href=\"https:\/\/guiame.com.br\/gospel\/noticias\/pais-precisarao-ter-ensino-superior-ao-adotar-homeschooling-para-os-filhos.html\"><strong>educa\u00e7\u00e3o<\/strong><\/a>.<br>No documento, a Unesco descreve as motiva\u00e7\u00f5es das fam\u00edlias que aderem ao homeschooling e as estrat\u00e9gias que os governos podem adotar para garantir que a modalidade alcance os melhores resultados para os alunos. \u201c\u00c0 medida que o homeschooling continua a evoluir, adotar uma abordagem baseada em direitos se torna crucial, equilibrando a liberdade de escolha com a necessidade de educa\u00e7\u00e3o de qualidade (por meio de padr\u00f5es m\u00ednimos de educa\u00e7\u00e3o estabelecidos) e responsabilidade\u201d, afirma o relat\u00f3rio, que faz parte de um projeto de pesquisa que teve in\u00edcio em 2023.<\/p>\n\n\n\n<div class=\"wp-block-image\"><figure class=\"aligncenter size-large is-resized\"><a href=\"https:\/\/www.facebook.com\/profile.php?id=100069289606145\"><img loading=\"lazy\" decoding=\"async\" src=\"https:\/\/jornalfatosenoticias.com.br\/wp-content\/uploads\/2024\/11\/Guaitolini-Contabilidade-1024x714.jpeg\" alt=\"\" class=\"wp-image-55808\" width=\"293\" height=\"204\" srcset=\"https:\/\/jornalfatosenoticias.com.br\/wp-content\/uploads\/2024\/11\/Guaitolini-Contabilidade-1024x714.jpeg 1024w, https:\/\/jornalfatosenoticias.com.br\/wp-content\/uploads\/2024\/11\/Guaitolini-Contabilidade-300x209.jpeg 300w, https:\/\/jornalfatosenoticias.com.br\/wp-content\/uploads\/2024\/11\/Guaitolini-Contabilidade-768x535.jpeg 768w, https:\/\/jornalfatosenoticias.com.br\/wp-content\/uploads\/2024\/11\/Guaitolini-Contabilidade.jpeg 1280w\" sizes=\"auto, (max-width: 293px) 100vw, 293px\" \/><\/a><\/figure><\/div>\n\n\n\n<p>A Unesco reconheceu o direito internacionalmente reconhecido das fam\u00edlias escolherem o modelo de educa\u00e7\u00e3o para seus filhos. \u201cMuitas vezes, as motiva\u00e7\u00f5es t\u00eam origem em cren\u00e7as religiosas. Em outros casos, a op\u00e7\u00e3o pelo ensino dom\u00e9stico se d\u00e1 porque os respons\u00e1veis acreditam que o sistema educacional n\u00e3o prepara adequadamente seus filhos para a vida no s\u00e9culo 21, ou est\u00e3o convencidos de que as escolas n\u00e3o oferecem ensino de qualidade\u201d, explicou o relat\u00f3rio.<\/p>\n\n\n\n<div class=\"wp-block-image\"><figure class=\"aligncenter size-large\"><a href=\"https:\/\/www.cesconetto.com.br\/\"><img loading=\"lazy\" decoding=\"async\" width=\"300\" height=\"250\" src=\"https:\/\/jornalfatosenoticias.com.br\/wp-content\/uploads\/2022\/02\/Banner-2.png\" alt=\"\" class=\"wp-image-27877\"\/><\/a><\/figure><\/div>\n\n\n\n<blockquote class=\"wp-block-quote is-layout-flow wp-block-quote-is-layout-flow\"><p><span class=\"has-inline-color has-luminous-vivid-orange-color\">Desde o final da d\u00e9cada de 1960, muitos t\u00eam criticado a escola como uma institui\u00e7\u00e3o altamente estruturada com consequ\u00eancias negativas \u2014 desde a reprodu\u00e7\u00e3o das desigualdades sociais at\u00e9 a inefici\u00eancia em termos de resultados de aprendizagem at\u00e9 a gera\u00e7\u00e3o de v\u00e1rias experi\u00eancias sociais negativas para as crian\u00e7as. A cr\u00edtica inicial \u00e0s escolas esteve na origem do atual movimento de educa\u00e7\u00e3o domiciliar nos Estados Unidos\u201d, acrescentou.<\/span><\/p><\/blockquote>\n\n\n\n<div class=\"wp-block-image\"><figure class=\"aligncenter size-large\"><a href=\"http:\/\/www.ferrarimaquinas.com.br\/\"><img loading=\"lazy\" decoding=\"async\" width=\"300\" height=\"250\" src=\"https:\/\/jornalfatosenoticias.com.br\/wp-content\/uploads\/2022\/02\/FERRARI_MAQUINAS-E-FERRAMENTAS2.jpg\" alt=\"\" class=\"wp-image-27860\"\/><\/a><\/figure><\/div>\n\n\n\n<p>O documento definiu o ensino dom\u00e9stico como: \u201ceduca\u00e7\u00e3o dirigida pelos pais (ou respons\u00e1veis legais ou cuidadores) para crian\u00e7as em idade escolar obrigat\u00f3ria e, possivelmente, crian\u00e7as de outras fam\u00edlias, realizada em casa na maior parte do tempo. Isso substitui a frequ\u00eancia em tempo integral em uma escola f\u00edsica, pelo menos por um determinado per\u00edodo\u201d.<\/p>\n\n\n\n<div class=\"wp-block-image\"><figure class=\"aligncenter size-large is-resized\"><a href=\"https:\/\/www.controlsystems.com.br\/\"><img loading=\"lazy\" decoding=\"async\" src=\"https:\/\/jornalfatosenoticias.com.br\/wp-content\/uploads\/2020\/02\/CONTROL-CS.jpg\" alt=\"\" class=\"wp-image-44991\" width=\"269\" height=\"322\" srcset=\"https:\/\/jornalfatosenoticias.com.br\/wp-content\/uploads\/2020\/02\/CONTROL-CS.jpg 834w, https:\/\/jornalfatosenoticias.com.br\/wp-content\/uploads\/2020\/02\/CONTROL-CS-250x300.jpg 250w, https:\/\/jornalfatosenoticias.com.br\/wp-content\/uploads\/2020\/02\/CONTROL-CS-768x921.jpg 768w\" sizes=\"auto, (max-width: 269px) 100vw, 269px\" \/><\/a><\/figure><\/div>\n\n\n\n<p><strong><span class=\"has-inline-color has-vivid-purple-color\">Ensino virtual como ferramenta<br><\/span><\/strong>A organiza\u00e7\u00e3o da ONU ainda sugeriu o ensino virtual como uma ferramenta de suporte aos pais que desejam educar as crian\u00e7as em casa. \u201cEmbora muitas atividades ocorram em casa, os pais que praticam o ensino dom\u00e9stico podem usar recursos e ambientes comunit\u00e1rios, bem como instala\u00e7\u00f5es p\u00fablicas, para enriquecer o aprendizado das crian\u00e7as\u201d. E atestou: \u201cas crian\u00e7as que estudam em casa n\u00e3o s\u00e3o consideradas crian\u00e7as fora da escola\u201d.<\/p>\n\n\n\n<div class=\"wp-block-image\"><figure class=\"aligncenter size-large is-resized\"><a href=\"https:\/\/www.instagram.com\/restaurantepegoretti\/\"><img loading=\"lazy\" decoding=\"async\" src=\"https:\/\/jornalfatosenoticias.com.br\/wp-content\/uploads\/2023\/12\/pegoretti-logo-pdf-1024x389.jpg\" alt=\"\" class=\"wp-image-47536\" width=\"488\" height=\"185\" srcset=\"https:\/\/jornalfatosenoticias.com.br\/wp-content\/uploads\/2023\/12\/pegoretti-logo-pdf-1024x389.jpg 1024w, https:\/\/jornalfatosenoticias.com.br\/wp-content\/uploads\/2023\/12\/pegoretti-logo-pdf-300x114.jpg 300w, https:\/\/jornalfatosenoticias.com.br\/wp-content\/uploads\/2023\/12\/pegoretti-logo-pdf-768x291.jpg 768w, https:\/\/jornalfatosenoticias.com.br\/wp-content\/uploads\/2023\/12\/pegoretti-logo-pdf.jpg 1120w\" sizes=\"auto, (max-width: 488px) 100vw, 488px\" \/><\/a><\/figure><\/div>\n\n\n\n<p><strong><span class=\"has-inline-color has-vivid-purple-color\">Necessidade de acompanhamento<br><\/span><\/strong>O relat\u00f3rio tamb\u00e9m ressaltou a necessidade do homeschooling estar alinhado com o curr\u00edculo estabelecido pelo Estado e a necessidade de o governo estabelecer formas de acompanhar o desenvolvimento dos estudantes. \u201cIgualmente importante \u00e9 a necessidade de estabelecer diretrizes claras e acess\u00edveis para que os pais e respons\u00e1veis estejam cientes de seus deveres e responsabilidades\u201d, defendeu a Unesco.<\/p>\n\n\n\n<div class=\"wp-block-image\"><figure class=\"aligncenter size-large is-resized\"><a href=\"ttps:\/\/www.facebook.com\/postobkr\/?locale=pt_BR\"><img loading=\"lazy\" decoding=\"async\" src=\"https:\/\/jornalfatosenoticias.com.br\/wp-content\/uploads\/2023\/08\/BKR-1024x1021.jpg\" alt=\"\" class=\"wp-image-44494\" width=\"297\" height=\"296\" srcset=\"https:\/\/jornalfatosenoticias.com.br\/wp-content\/uploads\/2023\/08\/BKR-1024x1021.jpg 1024w, https:\/\/jornalfatosenoticias.com.br\/wp-content\/uploads\/2023\/08\/BKR-300x300.jpg 300w, https:\/\/jornalfatosenoticias.com.br\/wp-content\/uploads\/2023\/08\/BKR-150x150.jpg 150w, https:\/\/jornalfatosenoticias.com.br\/wp-content\/uploads\/2023\/08\/BKR-768x766.jpg 768w, https:\/\/jornalfatosenoticias.com.br\/wp-content\/uploads\/2023\/08\/BKR.jpg 1080w\" sizes=\"auto, (max-width: 297px) 100vw, 297px\" \/><\/a><\/figure><\/div>\n\n\n\n<blockquote class=\"wp-block-quote is-layout-flow wp-block-quote-is-layout-flow\"><p><span class=\"has-inline-color has-luminous-vivid-orange-color\">Al\u00e9m disso, os pais devem ter acesso a materiais did\u00e1ticos e de aprendizagem de qualidade, o que pode ser facilitado por meio de recursos educacionais de acesso aberto. Com funcion\u00e1rios p\u00fablicos treinados e orienta\u00e7\u00f5es claras, todas as partes interessadas (comunidades, associa\u00e7\u00f5es, institui\u00e7\u00f5es de ensino superior) podem garantir uma maior responsabiliza\u00e7\u00e3o\u201d.<\/span><\/p><\/blockquote>\n\n\n\n<div class=\"wp-block-image\"><figure class=\"aligncenter size-large is-resized\"><a href=\"https:\/\/www.instagram.com\/serra4x4cambioautomatico\/\"><img loading=\"lazy\" decoding=\"async\" src=\"https:\/\/jornalfatosenoticias.com.br\/wp-content\/uploads\/2024\/08\/Serra-4x4-1-886x1024.jpg\" alt=\"\" class=\"wp-image-53632\" width=\"257\" height=\"297\" srcset=\"https:\/\/jornalfatosenoticias.com.br\/wp-content\/uploads\/2024\/08\/Serra-4x4-1-886x1024.jpg 886w, https:\/\/jornalfatosenoticias.com.br\/wp-content\/uploads\/2024\/08\/Serra-4x4-1-260x300.jpg 260w, https:\/\/jornalfatosenoticias.com.br\/wp-content\/uploads\/2024\/08\/Serra-4x4-1-768x888.jpg 768w, https:\/\/jornalfatosenoticias.com.br\/wp-content\/uploads\/2024\/08\/Serra-4x4-1.jpg 1181w\" sizes=\"auto, (max-width: 257px) 100vw, 257px\" \/><\/a><\/figure><\/div>\n\n\n\n<p><strong><span class=\"has-inline-color has-vivid-purple-color\">Homeschooling no Brasil<br><\/span><\/strong>No Brasil, o homeschooling ainda n\u00e3o \u00e9 regulamentado por lei. O projeto de lei 1338\/2022, que permite o ensino domiciliar, foi <a href=\"https:\/\/guiame.com.br\/gospel\/noticias\/camara-dos-deputados-aprova-homeschooling-e-pais-poderao-educar-filhos-em-casa.html\"><strong>aprovado pela C\u00e2mara dos Deputados<\/strong><\/a> em maio de 2022, mas ainda tramita no Senado.<\/p>\n\n\n\n<blockquote class=\"wp-block-quote is-layout-flow wp-block-quote-is-layout-flow\"><p><span class=\"has-inline-color has-luminous-vivid-orange-color\">H\u00e1 um movimento amplo de resist\u00eancia, mas essa regulamenta\u00e7\u00e3o precisa acontecer. Ele n\u00e3o pode ser proibido, nem criminalizado, mas h\u00e1 uma necessidade de proporcionar seguran\u00e7a jur\u00eddica para as fam\u00edlias, que hoje s\u00e3o perseguidas por conselho tutelar, Minist\u00e9rio P\u00fablico e at\u00e9 ju\u00edzes que s\u00e3o adeptos das doutrinas marxistas veem o ensino domiciliar como uma grande amea\u00e7a\u201d, explicou a advogada Andrea Hoffmann, presidente do Instituto Isabel, ONG voltada \u00e0 defesa dos valores fundamentais.<\/span><\/p><\/blockquote>\n\n\n\n<div class=\"wp-block-image\"><figure class=\"aligncenter size-large is-resized\"><a href=\"https:\/\/legisjuris.com.br\/\"><img loading=\"lazy\" decoding=\"async\" src=\"https:\/\/jornalfatosenoticias.com.br\/wp-content\/uploads\/2024\/09\/Legis-Juris-Consultoria_logo.jpg\" alt=\"\" class=\"wp-image-53915\" width=\"475\" height=\"199\" srcset=\"https:\/\/jornalfatosenoticias.com.br\/wp-content\/uploads\/2024\/09\/Legis-Juris-Consultoria_logo.jpg 969w, https:\/\/jornalfatosenoticias.com.br\/wp-content\/uploads\/2024\/09\/Legis-Juris-Consultoria_logo-300x126.jpg 300w, https:\/\/jornalfatosenoticias.com.br\/wp-content\/uploads\/2024\/09\/Legis-Juris-Consultoria_logo-768x322.jpg 768w\" sizes=\"auto, (max-width: 475px) 100vw, 475px\" \/><\/a><\/figure><\/div>\n\n\n\n<p>E avaliou: \u201ccom este documento, a Unesco atesta o homeschooling como op\u00e7\u00e3o educativa leg\u00edtima, que traz v\u00e1rios benef\u00edcios, incluindo a possibilidade de proporcionar uma educa\u00e7\u00e3o extremamente personalizada, aproveitando ao m\u00e1ximo os talentos de cada crian\u00e7a\u201d.<\/p>\n\n\n\n<p><strong>Fonte: <a href=\"https:\/\/www.guiame.com.br\/gospel\/noticias\/unesco-reconhece-homeschooling-como-um-direito-das-familias.html\">Guiame<\/a><\/strong><\/p>\n","protected":false},"excerpt":{"rendered":"<p>Em relat\u00f3rio, a organiza\u00e7\u00e3o da ONU afirmou que o ensino domiciliar \u00e9 um modelo leg\u00edtimo de educa\u00e7\u00e3o que pode ser aplicado pelos pais A Organiza\u00e7\u00e3o das Na\u00e7\u00f5es Unidas para a Educa\u00e7\u00e3o, a Ci\u00eancia e a Cultura (Unesco) reconheceu o homeschooling\u00a0como um\u00a0direito das fam\u00edlias. No relat\u00f3rio \u201cHomeschooling through a Human Rights Lens\u201d (Homeschooling sob a \u00f3tica [&hellip;]<\/p>\n","protected":false},"author":2,"featured_media":62421,"comment_status":"open","ping_status":"open","sticky":false,"template":"","format":"standard","meta":{"footnotes":""},"categories":[7],"tags":[1484,22264,1043,9074,4438,3634,496],"class_list":["post-62420","post","type-post","status-publish","format-standard","has-post-thumbnail","hentry","category-educacao","tag-direito","tag-ensino-domiciliar","tag-familia","tag-homeschooling","tag-pais","tag-relatorio","tag-unesco"],"yoast_head":"<!-- This site is optimized with the Yoast SEO plugin v26.5 - https:\/\/yoast.com\/wordpress\/plugins\/seo\/ -->\n<title>Unesco reconhece homeschooling como um direito das fam\u00edlias - Jornal Fatos e Not\u00edcias<\/title>\n<meta name=\"robots\" content=\"index, follow, max-snippet:-1, max-image-preview:large, max-video-preview:-1\" \/>\n<link rel=\"canonical\" href=\"https:\/\/jornalfatosenoticias.com.br\/index.php\/2025\/10\/08\/unesco-reconhece-homeschooling-como-um-direito-das-familias\/\" \/>\n<meta property=\"og:locale\" content=\"pt_BR\" \/>\n<meta property=\"og:type\" content=\"article\" \/>\n<meta property=\"og:title\" content=\"Unesco reconhece homeschooling como um direito das fam\u00edlias - Jornal Fatos e Not\u00edcias\" \/>\n<meta property=\"og:description\" content=\"Em relat\u00f3rio, a organiza\u00e7\u00e3o da ONU afirmou que o ensino domiciliar \u00e9 um modelo leg\u00edtimo de educa\u00e7\u00e3o que pode ser aplicado pelos pais A Organiza\u00e7\u00e3o das Na\u00e7\u00f5es Unidas para a Educa\u00e7\u00e3o, a Ci\u00eancia e a Cultura (Unesco) reconheceu o homeschooling\u00a0como um\u00a0direito das fam\u00edlias. No relat\u00f3rio \u201cHomeschooling through a Human Rights Lens\u201d (Homeschooling sob a \u00f3tica [&hellip;]\" \/>\n<meta property=\"og:url\" content=\"https:\/\/jornalfatosenoticias.com.br\/index.php\/2025\/10\/08\/unesco-reconhece-homeschooling-como-um-direito-das-familias\/\" \/>\n<meta property=\"og:site_name\" content=\"Jornal Fatos e Not\u00edcias\" \/>\n<meta property=\"article:published_time\" content=\"2025-10-08T18:11:31+00:00\" \/>\n<meta property=\"article:modified_time\" content=\"2025-10-08T18:11:33+00:00\" \/>\n<meta property=\"og:image\" content=\"https:\/\/jornalfatosenoticias.com.br\/wp-content\/uploads\/2025\/10\/homeschooling_Pixabay.jpg\" \/>\n\t<meta property=\"og:image:width\" content=\"1000\" \/>\n\t<meta property=\"og:image:height\" content=\"694\" \/>\n\t<meta property=\"og:image:type\" content=\"image\/jpeg\" \/>\n<meta name=\"author\" content=\"Luzimara Fernandes\" \/>\n<meta name=\"twitter:card\" content=\"summary_large_image\" \/>\n<meta name=\"twitter:label1\" content=\"Escrito por\" \/>\n\t<meta name=\"twitter:data1\" content=\"Luzimara Fernandes\" \/>\n\t<meta name=\"twitter:label2\" content=\"Est. tempo de leitura\" \/>\n\t<meta name=\"twitter:data2\" content=\"4 minutos\" \/>\n<script type=\"application\/ld+json\" class=\"yoast-schema-graph\">{\"@context\":\"https:\/\/schema.org\",\"@graph\":[{\"@type\":\"Article\",\"@id\":\"https:\/\/jornalfatosenoticias.com.br\/index.php\/2025\/10\/08\/unesco-reconhece-homeschooling-como-um-direito-das-familias\/#article\",\"isPartOf\":{\"@id\":\"https:\/\/jornalfatosenoticias.com.br\/index.php\/2025\/10\/08\/unesco-reconhece-homeschooling-como-um-direito-das-familias\/\"},\"author\":{\"name\":\"Luzimara Fernandes\",\"@id\":\"https:\/\/jornalfatosenoticias.com.br\/#\/schema\/person\/d63837fa13ac8666eb9e74e0985d6f81\"},\"headline\":\"Unesco reconhece homeschooling como um direito das fam\u00edlias\",\"datePublished\":\"2025-10-08T18:11:31+00:00\",\"dateModified\":\"2025-10-08T18:11:33+00:00\",\"mainEntityOfPage\":{\"@id\":\"https:\/\/jornalfatosenoticias.com.br\/index.php\/2025\/10\/08\/unesco-reconhece-homeschooling-como-um-direito-das-familias\/\"},\"wordCount\":786,\"commentCount\":0,\"publisher\":{\"@id\":\"https:\/\/jornalfatosenoticias.com.br\/#organization\"},\"image\":{\"@id\":\"https:\/\/jornalfatosenoticias.com.br\/index.php\/2025\/10\/08\/unesco-reconhece-homeschooling-como-um-direito-das-familias\/#primaryimage\"},\"thumbnailUrl\":\"https:\/\/jornalfatosenoticias.com.br\/wp-content\/uploads\/2025\/10\/homeschooling_Pixabay.jpg\",\"keywords\":[\"direito\",\"ensino domiciliar\",\"fam\u00edlia\",\"homeschooling\",\"pais\",\"relat\u00f3rio\",\"Unesco\"],\"articleSection\":[\"Educa\u00e7\u00e3o\"],\"inLanguage\":\"pt-BR\",\"potentialAction\":[{\"@type\":\"CommentAction\",\"name\":\"Comment\",\"target\":[\"https:\/\/jornalfatosenoticias.com.br\/index.php\/2025\/10\/08\/unesco-reconhece-homeschooling-como-um-direito-das-familias\/#respond\"]}]},{\"@type\":\"WebPage\",\"@id\":\"https:\/\/jornalfatosenoticias.com.br\/index.php\/2025\/10\/08\/unesco-reconhece-homeschooling-como-um-direito-das-familias\/\",\"url\":\"https:\/\/jornalfatosenoticias.com.br\/index.php\/2025\/10\/08\/unesco-reconhece-homeschooling-como-um-direito-das-familias\/\",\"name\":\"Unesco reconhece homeschooling como um direito das fam\u00edlias - Jornal Fatos e Not\u00edcias\",\"isPartOf\":{\"@id\":\"https:\/\/jornalfatosenoticias.com.br\/#website\"},\"primaryImageOfPage\":{\"@id\":\"https:\/\/jornalfatosenoticias.com.br\/index.php\/2025\/10\/08\/unesco-reconhece-homeschooling-como-um-direito-das-familias\/#primaryimage\"},\"image\":{\"@id\":\"https:\/\/jornalfatosenoticias.com.br\/index.php\/2025\/10\/08\/unesco-reconhece-homeschooling-como-um-direito-das-familias\/#primaryimage\"},\"thumbnailUrl\":\"https:\/\/jornalfatosenoticias.com.br\/wp-content\/uploads\/2025\/10\/homeschooling_Pixabay.jpg\",\"datePublished\":\"2025-10-08T18:11:31+00:00\",\"dateModified\":\"2025-10-08T18:11:33+00:00\",\"breadcrumb\":{\"@id\":\"https:\/\/jornalfatosenoticias.com.br\/index.php\/2025\/10\/08\/unesco-reconhece-homeschooling-como-um-direito-das-familias\/#breadcrumb\"},\"inLanguage\":\"pt-BR\",\"potentialAction\":[{\"@type\":\"ReadAction\",\"target\":[\"https:\/\/jornalfatosenoticias.com.br\/index.php\/2025\/10\/08\/unesco-reconhece-homeschooling-como-um-direito-das-familias\/\"]}]},{\"@type\":\"ImageObject\",\"inLanguage\":\"pt-BR\",\"@id\":\"https:\/\/jornalfatosenoticias.com.br\/index.php\/2025\/10\/08\/unesco-reconhece-homeschooling-como-um-direito-das-familias\/#primaryimage\",\"url\":\"https:\/\/jornalfatosenoticias.com.br\/wp-content\/uploads\/2025\/10\/homeschooling_Pixabay.jpg\",\"contentUrl\":\"https:\/\/jornalfatosenoticias.com.br\/wp-content\/uploads\/2025\/10\/homeschooling_Pixabay.jpg\",\"width\":1000,\"height\":694},{\"@type\":\"BreadcrumbList\",\"@id\":\"https:\/\/jornalfatosenoticias.com.br\/index.php\/2025\/10\/08\/unesco-reconhece-homeschooling-como-um-direito-das-familias\/#breadcrumb\",\"itemListElement\":[{\"@type\":\"ListItem\",\"position\":1,\"name\":\"In\u00edcio\",\"item\":\"https:\/\/jornalfatosenoticias.com.br\/\"},{\"@type\":\"ListItem\",\"position\":2,\"name\":\"Unesco reconhece homeschooling como um direito das fam\u00edlias\"}]},{\"@type\":\"WebSite\",\"@id\":\"https:\/\/jornalfatosenoticias.com.br\/#website\",\"url\":\"https:\/\/jornalfatosenoticias.com.br\/\",\"name\":\"Jornal Fatos e Not\u00edcias\",\"description\":\"Not\u00edcias em geral\",\"publisher\":{\"@id\":\"https:\/\/jornalfatosenoticias.com.br\/#organization\"},\"potentialAction\":[{\"@type\":\"SearchAction\",\"target\":{\"@type\":\"EntryPoint\",\"urlTemplate\":\"https:\/\/jornalfatosenoticias.com.br\/?s={search_term_string}\"},\"query-input\":{\"@type\":\"PropertyValueSpecification\",\"valueRequired\":true,\"valueName\":\"search_term_string\"}}],\"inLanguage\":\"pt-BR\"},{\"@type\":\"Organization\",\"@id\":\"https:\/\/jornalfatosenoticias.com.br\/#organization\",\"name\":\"Jornal Fatos e Not\u00edcias\",\"url\":\"https:\/\/jornalfatosenoticias.com.br\/\",\"logo\":{\"@type\":\"ImageObject\",\"inLanguage\":\"pt-BR\",\"@id\":\"https:\/\/jornalfatosenoticias.com.br\/#\/schema\/logo\/image\/\",\"url\":\"https:\/\/jornalfatosenoticias.com.br\/wp-content\/uploads\/2020\/02\/logo120.png\",\"contentUrl\":\"https:\/\/jornalfatosenoticias.com.br\/wp-content\/uploads\/2020\/02\/logo120.png\",\"width\":1227,\"height\":120,\"caption\":\"Jornal Fatos e Not\u00edcias\"},\"image\":{\"@id\":\"https:\/\/jornalfatosenoticias.com.br\/#\/schema\/logo\/image\/\"}},{\"@type\":\"Person\",\"@id\":\"https:\/\/jornalfatosenoticias.com.br\/#\/schema\/person\/d63837fa13ac8666eb9e74e0985d6f81\",\"name\":\"Luzimara Fernandes\",\"image\":{\"@type\":\"ImageObject\",\"inLanguage\":\"pt-BR\",\"@id\":\"https:\/\/jornalfatosenoticias.com.br\/#\/schema\/person\/image\/\",\"url\":\"https:\/\/jornalfatosenoticias.com.br\/wp-content\/uploads\/2025\/05\/EU_portal.jpg\",\"contentUrl\":\"https:\/\/jornalfatosenoticias.com.br\/wp-content\/uploads\/2025\/05\/EU_portal.jpg\",\"caption\":\"Luzimara Fernandes\"},\"description\":\"Jornalista MTB 2358-ES\",\"sameAs\":[\"https:\/\/jornalfatosenoticias.com.br\"],\"url\":\"https:\/\/jornalfatosenoticias.com.br\/index.php\/author\/luzimara\/\"}]}<\/script>\n<!-- \/ Yoast SEO plugin. -->","yoast_head_json":{"title":"Unesco reconhece homeschooling como um direito das fam\u00edlias - Jornal Fatos e Not\u00edcias","robots":{"index":"index","follow":"follow","max-snippet":"max-snippet:-1","max-image-preview":"max-image-preview:large","max-video-preview":"max-video-preview:-1"},"canonical":"https:\/\/jornalfatosenoticias.com.br\/index.php\/2025\/10\/08\/unesco-reconhece-homeschooling-como-um-direito-das-familias\/","og_locale":"pt_BR","og_type":"article","og_title":"Unesco reconhece homeschooling como um direito das fam\u00edlias - Jornal Fatos e Not\u00edcias","og_description":"Em relat\u00f3rio, a organiza\u00e7\u00e3o da ONU afirmou que o ensino domiciliar \u00e9 um modelo leg\u00edtimo de educa\u00e7\u00e3o que pode ser aplicado pelos pais A Organiza\u00e7\u00e3o das Na\u00e7\u00f5es Unidas para a Educa\u00e7\u00e3o, a Ci\u00eancia e a Cultura (Unesco) reconheceu o homeschooling\u00a0como um\u00a0direito das fam\u00edlias. No relat\u00f3rio \u201cHomeschooling through a Human Rights Lens\u201d (Homeschooling sob a \u00f3tica [&hellip;]","og_url":"https:\/\/jornalfatosenoticias.com.br\/index.php\/2025\/10\/08\/unesco-reconhece-homeschooling-como-um-direito-das-familias\/","og_site_name":"Jornal Fatos e Not\u00edcias","article_published_time":"2025-10-08T18:11:31+00:00","article_modified_time":"2025-10-08T18:11:33+00:00","og_image":[{"width":1000,"height":694,"url":"https:\/\/jornalfatosenoticias.com.br\/wp-content\/uploads\/2025\/10\/homeschooling_Pixabay.jpg","type":"image\/jpeg"}],"author":"Luzimara Fernandes","twitter_card":"summary_large_image","twitter_misc":{"Escrito por":"Luzimara Fernandes","Est. tempo de leitura":"4 minutos"},"schema":{"@context":"https:\/\/schema.org","@graph":[{"@type":"Article","@id":"https:\/\/jornalfatosenoticias.com.br\/index.php\/2025\/10\/08\/unesco-reconhece-homeschooling-como-um-direito-das-familias\/#article","isPartOf":{"@id":"https:\/\/jornalfatosenoticias.com.br\/index.php\/2025\/10\/08\/unesco-reconhece-homeschooling-como-um-direito-das-familias\/"},"author":{"name":"Luzimara Fernandes","@id":"https:\/\/jornalfatosenoticias.com.br\/#\/schema\/person\/d63837fa13ac8666eb9e74e0985d6f81"},"headline":"Unesco reconhece homeschooling como um direito das fam\u00edlias","datePublished":"2025-10-08T18:11:31+00:00","dateModified":"2025-10-08T18:11:33+00:00","mainEntityOfPage":{"@id":"https:\/\/jornalfatosenoticias.com.br\/index.php\/2025\/10\/08\/unesco-reconhece-homeschooling-como-um-direito-das-familias\/"},"wordCount":786,"commentCount":0,"publisher":{"@id":"https:\/\/jornalfatosenoticias.com.br\/#organization"},"image":{"@id":"https:\/\/jornalfatosenoticias.com.br\/index.php\/2025\/10\/08\/unesco-reconhece-homeschooling-como-um-direito-das-familias\/#primaryimage"},"thumbnailUrl":"https:\/\/jornalfatosenoticias.com.br\/wp-content\/uploads\/2025\/10\/homeschooling_Pixabay.jpg","keywords":["direito","ensino domiciliar","fam\u00edlia","homeschooling","pais","relat\u00f3rio","Unesco"],"articleSection":["Educa\u00e7\u00e3o"],"inLanguage":"pt-BR","potentialAction":[{"@type":"CommentAction","name":"Comment","target":["https:\/\/jornalfatosenoticias.com.br\/index.php\/2025\/10\/08\/unesco-reconhece-homeschooling-como-um-direito-das-familias\/#respond"]}]},{"@type":"WebPage","@id":"https:\/\/jornalfatosenoticias.com.br\/index.php\/2025\/10\/08\/unesco-reconhece-homeschooling-como-um-direito-das-familias\/","url":"https:\/\/jornalfatosenoticias.com.br\/index.php\/2025\/10\/08\/unesco-reconhece-homeschooling-como-um-direito-das-familias\/","name":"Unesco reconhece homeschooling como um direito das fam\u00edlias - Jornal Fatos e Not\u00edcias","isPartOf":{"@id":"https:\/\/jornalfatosenoticias.com.br\/#website"},"primaryImageOfPage":{"@id":"https:\/\/jornalfatosenoticias.com.br\/index.php\/2025\/10\/08\/unesco-reconhece-homeschooling-como-um-direito-das-familias\/#primaryimage"},"image":{"@id":"https:\/\/jornalfatosenoticias.com.br\/index.php\/2025\/10\/08\/unesco-reconhece-homeschooling-como-um-direito-das-familias\/#primaryimage"},"thumbnailUrl":"https:\/\/jornalfatosenoticias.com.br\/wp-content\/uploads\/2025\/10\/homeschooling_Pixabay.jpg","datePublished":"2025-10-08T18:11:31+00:00","dateModified":"2025-10-08T18:11:33+00:00","breadcrumb":{"@id":"https:\/\/jornalfatosenoticias.com.br\/index.php\/2025\/10\/08\/unesco-reconhece-homeschooling-como-um-direito-das-familias\/#breadcrumb"},"inLanguage":"pt-BR","potentialAction":[{"@type":"ReadAction","target":["https:\/\/jornalfatosenoticias.com.br\/index.php\/2025\/10\/08\/unesco-reconhece-homeschooling-como-um-direito-das-familias\/"]}]},{"@type":"ImageObject","inLanguage":"pt-BR","@id":"https:\/\/jornalfatosenoticias.com.br\/index.php\/2025\/10\/08\/unesco-reconhece-homeschooling-como-um-direito-das-familias\/#primaryimage","url":"https:\/\/jornalfatosenoticias.com.br\/wp-content\/uploads\/2025\/10\/homeschooling_Pixabay.jpg","contentUrl":"https:\/\/jornalfatosenoticias.com.br\/wp-content\/uploads\/2025\/10\/homeschooling_Pixabay.jpg","width":1000,"height":694},{"@type":"BreadcrumbList","@id":"https:\/\/jornalfatosenoticias.com.br\/index.php\/2025\/10\/08\/unesco-reconhece-homeschooling-como-um-direito-das-familias\/#breadcrumb","itemListElement":[{"@type":"ListItem","position":1,"name":"In\u00edcio","item":"https:\/\/jornalfatosenoticias.com.br\/"},{"@type":"ListItem","position":2,"name":"Unesco reconhece homeschooling como um direito das fam\u00edlias"}]},{"@type":"WebSite","@id":"https:\/\/jornalfatosenoticias.com.br\/#website","url":"https:\/\/jornalfatosenoticias.com.br\/","name":"Jornal Fatos e Not\u00edcias","description":"Not\u00edcias em geral","publisher":{"@id":"https:\/\/jornalfatosenoticias.com.br\/#organization"},"potentialAction":[{"@type":"SearchAction","target":{"@type":"EntryPoint","urlTemplate":"https:\/\/jornalfatosenoticias.com.br\/?s={search_term_string}"},"query-input":{"@type":"PropertyValueSpecification","valueRequired":true,"valueName":"search_term_string"}}],"inLanguage":"pt-BR"},{"@type":"Organization","@id":"https:\/\/jornalfatosenoticias.com.br\/#organization","name":"Jornal Fatos e Not\u00edcias","url":"https:\/\/jornalfatosenoticias.com.br\/","logo":{"@type":"ImageObject","inLanguage":"pt-BR","@id":"https:\/\/jornalfatosenoticias.com.br\/#\/schema\/logo\/image\/","url":"https:\/\/jornalfatosenoticias.com.br\/wp-content\/uploads\/2020\/02\/logo120.png","contentUrl":"https:\/\/jornalfatosenoticias.com.br\/wp-content\/uploads\/2020\/02\/logo120.png","width":1227,"height":120,"caption":"Jornal Fatos e Not\u00edcias"},"image":{"@id":"https:\/\/jornalfatosenoticias.com.br\/#\/schema\/logo\/image\/"}},{"@type":"Person","@id":"https:\/\/jornalfatosenoticias.com.br\/#\/schema\/person\/d63837fa13ac8666eb9e74e0985d6f81","name":"Luzimara Fernandes","image":{"@type":"ImageObject","inLanguage":"pt-BR","@id":"https:\/\/jornalfatosenoticias.com.br\/#\/schema\/person\/image\/","url":"https:\/\/jornalfatosenoticias.com.br\/wp-content\/uploads\/2025\/05\/EU_portal.jpg","contentUrl":"https:\/\/jornalfatosenoticias.com.br\/wp-content\/uploads\/2025\/05\/EU_portal.jpg","caption":"Luzimara Fernandes"},"description":"Jornalista MTB 2358-ES","sameAs":["https:\/\/jornalfatosenoticias.com.br"],"url":"https:\/\/jornalfatosenoticias.com.br\/index.php\/author\/luzimara\/"}]}},"cc_featured_image_caption":{"caption_text":"(Foto: Pixabay)","source_text":"","source_url":""},"jetpack_featured_media_url":"https:\/\/jornalfatosenoticias.com.br\/wp-content\/uploads\/2025\/10\/homeschooling_Pixabay.jpg","_links":{"self":[{"href":"https:\/\/jornalfatosenoticias.com.br\/index.php\/wp-json\/wp\/v2\/posts\/62420","targetHints":{"allow":["GET"]}}],"collection":[{"href":"https:\/\/jornalfatosenoticias.com.br\/index.php\/wp-json\/wp\/v2\/posts"}],"about":[{"href":"https:\/\/jornalfatosenoticias.com.br\/index.php\/wp-json\/wp\/v2\/types\/post"}],"author":[{"embeddable":true,"href":"https:\/\/jornalfatosenoticias.com.br\/index.php\/wp-json\/wp\/v2\/users\/2"}],"replies":[{"embeddable":true,"href":"https:\/\/jornalfatosenoticias.com.br\/index.php\/wp-json\/wp\/v2\/comments?post=62420"}],"version-history":[{"count":0,"href":"https:\/\/jornalfatosenoticias.com.br\/index.php\/wp-json\/wp\/v2\/posts\/62420\/revisions"}],"wp:featuredmedia":[{"embeddable":true,"href":"https:\/\/jornalfatosenoticias.com.br\/index.php\/wp-json\/wp\/v2\/media\/62421"}],"wp:attachment":[{"href":"https:\/\/jornalfatosenoticias.com.br\/index.php\/wp-json\/wp\/v2\/media?parent=62420"}],"wp:term":[{"taxonomy":"category","embeddable":true,"href":"https:\/\/jornalfatosenoticias.com.br\/index.php\/wp-json\/wp\/v2\/categories?post=62420"},{"taxonomy":"post_tag","embeddable":true,"href":"https:\/\/jornalfatosenoticias.com.br\/index.php\/wp-json\/wp\/v2\/tags?post=62420"}],"curies":[{"name":"wp","href":"https:\/\/api.w.org\/{rel}","templated":true}]}}