{"id":62423,"date":"2025-10-08T15:30:36","date_gmt":"2025-10-08T18:30:36","guid":{"rendered":"https:\/\/jornalfatosenoticias.com.br\/?p=62423"},"modified":"2025-10-08T15:30:37","modified_gmt":"2025-10-08T18:30:37","slug":"bebes-que-ficam-ao-ar-livre-tem-menos-risco-para-ansiedade","status":"publish","type":"post","link":"https:\/\/jornalfatosenoticias.com.br\/index.php\/2025\/10\/08\/bebes-que-ficam-ao-ar-livre-tem-menos-risco-para-ansiedade\/","title":{"rendered":"Beb\u00eas que ficam ao ar livre t\u00eam menos risco para ansiedade"},"content":{"rendered":"\n<p><span class=\"has-inline-color has-black-color\"><em>Estudo analisou quase 70 mil crian\u00e7as de zero a tr\u00eas anos que vivem em \u00e1reas urbanas na China<\/em><\/span><\/p>\n\n\n\n<div class=\"wp-block-image\"><figure class=\"aligncenter size-large\"><a href=\"https:\/\/mizu.com.br\/\"><img loading=\"lazy\" decoding=\"async\" width=\"729\" height=\"90\" src=\"https:\/\/jornalfatosenoticias.com.br\/wp-content\/uploads\/2020\/02\/Logo_Mizu.png\" alt=\"\" class=\"wp-image-1441\" srcset=\"https:\/\/jornalfatosenoticias.com.br\/wp-content\/uploads\/2020\/02\/Logo_Mizu.png 729w, https:\/\/jornalfatosenoticias.com.br\/wp-content\/uploads\/2020\/02\/Logo_Mizu-300x37.png 300w\" sizes=\"auto, (max-width: 729px) 100vw, 729px\" \/><\/a><\/figure><\/div>\n\n\n\n<p>Pisar na grama, crescer com os <a href=\"https:\/\/ciclovivo.com.br\/vida-sustentavel\/bem-estar\/6-beneficios-do-contato-com-a-natureza-para-saude-fisica-e-mental\/\" target=\"_blank\" rel=\"noreferrer noopener\">p\u00e9s no ch\u00e3o<\/a> e com a liberdade que ambientes abertos trazem. Se h\u00e1 algum tempo essa era uma realidade comum para crian\u00e7as de diversas idades, hoje em dia, a conex\u00e3o com a natureza tem se tornado mais rara, sendo substitu\u00edda por telas e dias em ambientes fechados. Essa \u00e9 uma das conclus\u00f5es de um estudo publicado na revista inglesa <em>BMC Psychiatry, <\/em>pelos pesquisadores chineses Jian-Bo Wu e Yan Zhang, dentre outros, do Departamento de Psicologia Cl\u00ednica do Hospital de Sa\u00fade Maternal e Infantil de Shenzhen Longhua.<br>Foram analisadas quase 70 mil crian\u00e7as em de zero a tr\u00eas anos que vivem no distrito urbano de Longhua, em Shenzhen, na China. Os cientistas identificaram uma liga\u00e7\u00e3o clara entre a frequ\u00eancia e a dura\u00e7\u00e3o das atividades ao ar livre na primeira inf\u00e2ncia e a redu\u00e7\u00e3o dos sintomas de ansiedade. <\/p>\n\n\n\n<div class=\"wp-block-image\"><figure class=\"aligncenter size-large\"><a href=\"https:\/\/www.cesconetto.com.br\/\"><img loading=\"lazy\" decoding=\"async\" width=\"300\" height=\"250\" src=\"https:\/\/jornalfatosenoticias.com.br\/wp-content\/uploads\/2020\/02\/Banner-2.png\" alt=\"\" class=\"wp-image-43787\"\/><\/a><\/figure><\/div>\n\n\n\n<p>O estudo traz dados alarmantes: <em>\u201ccrian\u00e7as com exposi\u00e7\u00e3o m\u00ednima a ambientes externos t\u00eam risco triplicado de desenvolver sintomas ansiosos em idade pr\u00e9-escolar\u201d,<\/em> destaca o m\u00e9dico psiquiatra <a href=\"https:\/\/www.instagram.com\/dr.rodolfodamiano\/\" target=\"_blank\" rel=\"noreferrer noopener\">Rodolfo Damiano<\/a>, professor da USP, membro da Associa\u00e7\u00e3o Brasileira de Psiquiatria.<\/p>\n\n\n\n<div class=\"wp-block-image\"><figure class=\"aligncenter size-large is-resized\"><a href=\"https:\/\/panper.com.br\/\"><img loading=\"lazy\" decoding=\"async\" src=\"https:\/\/jornalfatosenoticias.com.br\/wp-content\/uploads\/2023\/03\/logo-Panper_portal.jpg\" alt=\"\" class=\"wp-image-40208\" width=\"325\" height=\"225\" srcset=\"https:\/\/jornalfatosenoticias.com.br\/wp-content\/uploads\/2023\/03\/logo-Panper_portal.jpg 400w, https:\/\/jornalfatosenoticias.com.br\/wp-content\/uploads\/2023\/03\/logo-Panper_portal-300x208.jpg 300w\" sizes=\"auto, (max-width: 325px) 100vw, 325px\" \/><\/a><\/figure><\/div>\n\n\n\n<p>Os dados mostram que o tempo fora de casa aumenta a estimula\u00e7\u00e3o sensorial, a atividade f\u00edsica e o v\u00ednculo emocional. Os resultados s\u00e3o contundentes: beb\u00eas de zero a um ano que participam de atividades ao ar livre menos de uma vez por semana apresentam risco 2,55 vezes maior de desenvolver sintomas de <a href=\"https:\/\/ciclovivo.com.br\/vida-sustentavel\/equilibrio\/psicologo-da-7-dicas-para-quem-sofre-com-ansiedade\/\" target=\"_blank\" rel=\"noreferrer noopener\">ansiedade<\/a> na idade pr\u00e9-escolar, comparados \u00e0queles que t\u00eam atividades externas pelo menos sete vezes por semana.<\/p>\n\n\n\n<div class=\"wp-block-image\"><figure class=\"aligncenter size-large is-resized\"><a href=\"https:\/\/www.instagram.com\/esteio.churrascaria\/\"><img loading=\"lazy\" decoding=\"async\" src=\"https:\/\/jornalfatosenoticias.com.br\/wp-content\/uploads\/2022\/02\/LOGO-ESTEIO-1024x730.png\" alt=\"\" class=\"wp-image-27942\" width=\"335\" height=\"238\" srcset=\"https:\/\/jornalfatosenoticias.com.br\/wp-content\/uploads\/2022\/02\/LOGO-ESTEIO-1024x730.png 1024w, https:\/\/jornalfatosenoticias.com.br\/wp-content\/uploads\/2022\/02\/LOGO-ESTEIO-300x214.png 300w, https:\/\/jornalfatosenoticias.com.br\/wp-content\/uploads\/2022\/02\/LOGO-ESTEIO-768x548.png 768w, https:\/\/jornalfatosenoticias.com.br\/wp-content\/uploads\/2022\/02\/LOGO-ESTEIO.png 1123w\" sizes=\"auto, (max-width: 335px) 100vw, 335px\" \/><\/a><\/figure><\/div>\n\n\n\n<p>O mesmo ocorre quando essas crian\u00e7as ficam menos de 30 minutos por per\u00edodo ao ar livre, com risco 1,62 vezes maior. Na faixa et\u00e1ria de um a tr\u00eas anos, crian\u00e7as com menos de uma atividade externa semanal t\u00eam risco 3,10 vezes maior de desenvolver sintomas de ansiedade e aquelas com sess\u00f5es inferiores a 30 minutos apresentam risco 2,07 vezes maior. Segundo a pesquisa, contato com a natureza aumenta a estimula\u00e7\u00e3o sensorial, a atividade f\u00edsica e o v\u00ednculo emocional dos pequenos.<\/p>\n\n\n\n<div class=\"wp-block-image\"><figure class=\"aligncenter size-large is-resized\"><a href=\"https:\/\/www.instagram.com\/gruposei\/\"><img loading=\"lazy\" decoding=\"async\" src=\"https:\/\/jornalfatosenoticias.com.br\/wp-content\/uploads\/2022\/07\/Logo-Grupo-SEI.jpg\" alt=\"\" class=\"wp-image-31973\" width=\"368\" height=\"193\" srcset=\"https:\/\/jornalfatosenoticias.com.br\/wp-content\/uploads\/2022\/07\/Logo-Grupo-SEI.jpg 713w, https:\/\/jornalfatosenoticias.com.br\/wp-content\/uploads\/2022\/07\/Logo-Grupo-SEI-300x158.jpg 300w\" sizes=\"auto, (max-width: 368px) 100vw, 368px\" \/><\/a><\/figure><\/div>\n\n\n\n<p>J\u00e1 \u00e9 consenso que o contato com a natureza est\u00e1 intimamente ligado \u00e0 sa\u00fade. Diversos estudos mostram que a exposi\u00e7\u00e3o regular \u00e0 natureza \u00e9 associada a um aumento na atividade das c\u00e9lulas do nosso sistema imunol\u00f3gico. Esse contato reduz os n\u00edveis de cortisol, regula a frequ\u00eancia card\u00edaca e diminui a press\u00e3o arterial, al\u00e9m de oxigenar o c\u00e9rebro e os pulm\u00f5es. Mas esta \u00e9 a primeira vez que um estudo mostra a rela\u00e7\u00e3o direta da natureza com a sa\u00fade mental entre beb\u00eas e crian\u00e7as em seus primeiros anos de vida.<\/p>\n\n\n\n<div class=\"wp-block-image\"><figure class=\"aligncenter size-large is-resized\"><a href=\"https:\/\/www.facebook.com\/postobkr\/?locale=pt_BR\"><img loading=\"lazy\" decoding=\"async\" src=\"https:\/\/jornalfatosenoticias.com.br\/wp-content\/uploads\/2023\/08\/BKR-1024x1021.jpg\" alt=\"\" class=\"wp-image-44494\" width=\"278\" height=\"277\" srcset=\"https:\/\/jornalfatosenoticias.com.br\/wp-content\/uploads\/2023\/08\/BKR-1024x1021.jpg 1024w, https:\/\/jornalfatosenoticias.com.br\/wp-content\/uploads\/2023\/08\/BKR-300x300.jpg 300w, https:\/\/jornalfatosenoticias.com.br\/wp-content\/uploads\/2023\/08\/BKR-150x150.jpg 150w, https:\/\/jornalfatosenoticias.com.br\/wp-content\/uploads\/2023\/08\/BKR-768x766.jpg 768w, https:\/\/jornalfatosenoticias.com.br\/wp-content\/uploads\/2023\/08\/BKR.jpg 1080w\" sizes=\"auto, (max-width: 278px) 100vw, 278px\" \/><\/a><\/figure><\/div>\n\n\n\n<blockquote class=\"wp-block-quote is-layout-flow wp-block-quote-is-layout-flow\"><p><span class=\"has-inline-color has-luminous-vivid-orange-color\">N\u00e3o existe sa\u00fade sem sa\u00fade mental. Como psiquiatra, observo com preocupa\u00e7\u00e3o a mudan\u00e7a dr\u00e1stica no estilo de vida infantil atual. Crian\u00e7as passam cada vez mais tempo em ambientes fechados, expostas a telas e com rotinas altamente estruturadas\u201d, afirma Rodolfo. Ele explica ainda que crian\u00e7as que crescem fechadas em apartamentos e condom\u00ednios t\u00eam mais probabilidade de desenvolver transtornos de ansiedade.<\/span><\/p><\/blockquote>\n\n\n\n<div class=\"wp-block-image\"><figure class=\"aligncenter size-large is-resized\"><a href=\"https:\/\/hotelmarquetti.com.br\/\"><img loading=\"lazy\" decoding=\"async\" src=\"https:\/\/jornalfatosenoticias.com.br\/wp-content\/uploads\/2020\/02\/LOGO-MQ-1024x680.jpg\" alt=\"\" class=\"wp-image-58299\" width=\"332\" height=\"220\" srcset=\"https:\/\/jornalfatosenoticias.com.br\/wp-content\/uploads\/2020\/02\/LOGO-MQ-1024x680.jpg 1024w, https:\/\/jornalfatosenoticias.com.br\/wp-content\/uploads\/2020\/02\/LOGO-MQ-300x199.jpg 300w, https:\/\/jornalfatosenoticias.com.br\/wp-content\/uploads\/2020\/02\/LOGO-MQ-768x510.jpg 768w, https:\/\/jornalfatosenoticias.com.br\/wp-content\/uploads\/2020\/02\/LOGO-MQ-1536x1020.jpg 1536w, https:\/\/jornalfatosenoticias.com.br\/wp-content\/uploads\/2020\/02\/LOGO-MQ-2048x1360.jpg 2048w\" sizes=\"auto, (max-width: 332px) 100vw, 332px\" \/><\/a><\/figure><\/div>\n\n\n\n<p>No caso de adolescentes, o quadro psicopatol\u00f3gico \u00e9 agravado pela imers\u00e3o digital, com o uso de smartphones, computadores e acesso a plataformas online como Discord e outras redes sociais. <em>\u201cO c\u00e9rebro adolescente encontra-se em fase cr\u00edtica de matura\u00e7\u00e3o, o que os torna particularmente vulner\u00e1veis a mecanismos de recompensa social imediata, capacidade reduzida de avalia\u00e7\u00e3o de riscos em contextos de alta carga emocional e, sobretudo, busca por aceita\u00e7\u00e3o e pertencimento social\u201d,<\/em> alerta o psiquiatra, que tem visto, em suas cl\u00ednicas em S\u00e3o Paulo e no Rio de Janeiro, um crescimento de pacientes nessa faixa et\u00e1ria e com esse perfil.<\/p>\n\n\n\n<div class=\"wp-block-image\"><figure class=\"aligncenter size-large is-resized\"><a href=\"https:\/\/www.instagram.com\/serra4x4cambioautomatico\/\"><img loading=\"lazy\" decoding=\"async\" src=\"https:\/\/jornalfatosenoticias.com.br\/wp-content\/uploads\/2024\/08\/Serra-4x4-1-886x1024.jpg\" alt=\"\" class=\"wp-image-53632\" width=\"236\" height=\"272\" srcset=\"https:\/\/jornalfatosenoticias.com.br\/wp-content\/uploads\/2024\/08\/Serra-4x4-1-886x1024.jpg 886w, https:\/\/jornalfatosenoticias.com.br\/wp-content\/uploads\/2024\/08\/Serra-4x4-1-260x300.jpg 260w, https:\/\/jornalfatosenoticias.com.br\/wp-content\/uploads\/2024\/08\/Serra-4x4-1-768x888.jpg 768w, https:\/\/jornalfatosenoticias.com.br\/wp-content\/uploads\/2024\/08\/Serra-4x4-1.jpg 1181w\" sizes=\"auto, (max-width: 236px) 100vw, 236px\" \/><\/a><\/figure><\/div>\n\n\n\n<p>O estudo chin\u00eas, in\u00e9dito pela abrang\u00eancia da mostra e pela faixa et\u00e1ria, revela como a primeira inf\u00e2ncia \u00e9 um per\u00edodo cr\u00edtico, pois promove o desenvolvimento de circuitos neurais que governam a resposta ao estresse durante toda a fase da vida. Agora, pais e educadores, al\u00e9m das preocupa\u00e7\u00f5es com a restri\u00e7\u00e3o de celulares e uso de telas, precisam incluir como dica de sa\u00fade mais brincadeiras ao ar livre aos pequenos. Afinal, <strong><a href=\"https:\/\/ciclovivo.com.br\/vida-sustentavel\/bem-estar\/da-saude-cardiovascular-a-mental-os-efeitos-positivos-da-natureza\/\" target=\"_blank\" rel=\"noreferrer noopener\">natureza\u00a0\u00e9 sa\u00fade<\/a><\/strong>.<br><strong>Clique\u00a0<a href=\"https:\/\/bmcpsychiatry.biomedcentral.com\/articles\/10.1186\/s12888-025-06831-2\" target=\"_blank\" rel=\"noreferrer noopener\">AQUI<\/a>\u00a0para ver o estudo completo.<\/strong><\/p>\n\n\n\n<div class=\"wp-block-image\"><figure class=\"aligncenter size-large is-resized\"><a href=\"https:\/\/www.instagram.com\/restaurantepegoretti\/\"><img loading=\"lazy\" decoding=\"async\" src=\"https:\/\/jornalfatosenoticias.com.br\/wp-content\/uploads\/2023\/12\/pegoretti-logo-pdf-1024x389.jpg\" alt=\"\" class=\"wp-image-47536\" width=\"429\" height=\"163\" srcset=\"https:\/\/jornalfatosenoticias.com.br\/wp-content\/uploads\/2023\/12\/pegoretti-logo-pdf-1024x389.jpg 1024w, https:\/\/jornalfatosenoticias.com.br\/wp-content\/uploads\/2023\/12\/pegoretti-logo-pdf-300x114.jpg 300w, https:\/\/jornalfatosenoticias.com.br\/wp-content\/uploads\/2023\/12\/pegoretti-logo-pdf-768x291.jpg 768w, https:\/\/jornalfatosenoticias.com.br\/wp-content\/uploads\/2023\/12\/pegoretti-logo-pdf.jpg 1120w\" sizes=\"auto, (max-width: 429px) 100vw, 429px\" \/><\/a><\/figure><\/div>\n\n\n\n<p><strong>Fonte: <a href=\"https:\/\/ciclovivo.com.br\/vida-sustentavel\/equilibrio\/bebes-que-ficam-ao-ar-livre-tem-menos-risco-para-ansiedade\/\">CicloVivo<\/a><\/strong><\/p>\n","protected":false},"excerpt":{"rendered":"<p>Estudo analisou quase 70 mil crian\u00e7as de zero a tr\u00eas anos que vivem em \u00e1reas urbanas na China Pisar na grama, crescer com os p\u00e9s no ch\u00e3o e com a liberdade que ambientes abertos trazem. Se h\u00e1 algum tempo essa era uma realidade comum para crian\u00e7as de diversas idades, hoje em dia, a conex\u00e3o com [&hellip;]<\/p>\n","protected":false},"author":2,"featured_media":62424,"comment_status":"open","ping_status":"open","sticky":false,"template":"","format":"standard","meta":{"footnotes":""},"categories":[2522],"tags":[3214,15473,15474,670,1042,655,688],"class_list":["post-62423","post","type-post","status-publish","format-standard","has-post-thumbnail","hentry","category-comportamento","tag-bebes","tag-beneficios-da-natureza","tag-conexao-com-a-natureza","tag-criancas","tag-desenvolvimento-infantil","tag-natureza","tag-saude-mental"],"yoast_head":"<!-- This site is optimized with the Yoast SEO plugin v26.5 - https:\/\/yoast.com\/wordpress\/plugins\/seo\/ -->\n<title>Beb\u00eas que ficam ao ar livre t\u00eam menos risco para ansiedade - Jornal Fatos e Not\u00edcias<\/title>\n<meta name=\"robots\" content=\"index, follow, max-snippet:-1, max-image-preview:large, max-video-preview:-1\" \/>\n<link rel=\"canonical\" href=\"https:\/\/jornalfatosenoticias.com.br\/index.php\/2025\/10\/08\/bebes-que-ficam-ao-ar-livre-tem-menos-risco-para-ansiedade\/\" \/>\n<meta property=\"og:locale\" content=\"pt_BR\" \/>\n<meta property=\"og:type\" content=\"article\" \/>\n<meta property=\"og:title\" content=\"Beb\u00eas que ficam ao ar livre t\u00eam menos risco para ansiedade - Jornal Fatos e Not\u00edcias\" \/>\n<meta property=\"og:description\" content=\"Estudo analisou quase 70 mil crian\u00e7as de zero a tr\u00eas anos que vivem em \u00e1reas urbanas na China Pisar na grama, crescer com os p\u00e9s no ch\u00e3o e com a liberdade que ambientes abertos trazem. Se h\u00e1 algum tempo essa era uma realidade comum para crian\u00e7as de diversas idades, hoje em dia, a conex\u00e3o com [&hellip;]\" \/>\n<meta property=\"og:url\" content=\"https:\/\/jornalfatosenoticias.com.br\/index.php\/2025\/10\/08\/bebes-que-ficam-ao-ar-livre-tem-menos-risco-para-ansiedade\/\" \/>\n<meta property=\"og:site_name\" content=\"Jornal Fatos e Not\u00edcias\" \/>\n<meta property=\"article:published_time\" content=\"2025-10-08T18:30:36+00:00\" \/>\n<meta property=\"article:modified_time\" content=\"2025-10-08T18:30:37+00:00\" \/>\n<meta property=\"og:image\" content=\"https:\/\/jornalfatosenoticias.com.br\/wp-content\/uploads\/2025\/10\/Bebes-ao-ar-livre_pixabay.jpg\" \/>\n\t<meta property=\"og:image:width\" content=\"1000\" \/>\n\t<meta property=\"og:image:height\" content=\"666\" \/>\n\t<meta property=\"og:image:type\" content=\"image\/jpeg\" \/>\n<meta name=\"author\" content=\"Luzimara Fernandes\" \/>\n<meta name=\"twitter:card\" content=\"summary_large_image\" \/>\n<meta name=\"twitter:label1\" content=\"Escrito por\" \/>\n\t<meta name=\"twitter:data1\" content=\"Luzimara Fernandes\" \/>\n\t<meta name=\"twitter:label2\" content=\"Est. tempo de leitura\" \/>\n\t<meta name=\"twitter:data2\" content=\"4 minutos\" \/>\n<script type=\"application\/ld+json\" class=\"yoast-schema-graph\">{\"@context\":\"https:\/\/schema.org\",\"@graph\":[{\"@type\":\"Article\",\"@id\":\"https:\/\/jornalfatosenoticias.com.br\/index.php\/2025\/10\/08\/bebes-que-ficam-ao-ar-livre-tem-menos-risco-para-ansiedade\/#article\",\"isPartOf\":{\"@id\":\"https:\/\/jornalfatosenoticias.com.br\/index.php\/2025\/10\/08\/bebes-que-ficam-ao-ar-livre-tem-menos-risco-para-ansiedade\/\"},\"author\":{\"name\":\"Luzimara Fernandes\",\"@id\":\"https:\/\/jornalfatosenoticias.com.br\/#\/schema\/person\/d63837fa13ac8666eb9e74e0985d6f81\"},\"headline\":\"Beb\u00eas que ficam ao ar livre t\u00eam menos risco para ansiedade\",\"datePublished\":\"2025-10-08T18:30:36+00:00\",\"dateModified\":\"2025-10-08T18:30:37+00:00\",\"mainEntityOfPage\":{\"@id\":\"https:\/\/jornalfatosenoticias.com.br\/index.php\/2025\/10\/08\/bebes-que-ficam-ao-ar-livre-tem-menos-risco-para-ansiedade\/\"},\"wordCount\":758,\"commentCount\":0,\"publisher\":{\"@id\":\"https:\/\/jornalfatosenoticias.com.br\/#organization\"},\"image\":{\"@id\":\"https:\/\/jornalfatosenoticias.com.br\/index.php\/2025\/10\/08\/bebes-que-ficam-ao-ar-livre-tem-menos-risco-para-ansiedade\/#primaryimage\"},\"thumbnailUrl\":\"https:\/\/jornalfatosenoticias.com.br\/wp-content\/uploads\/2025\/10\/Bebes-ao-ar-livre_pixabay.jpg\",\"keywords\":[\"beb\u00eas\",\"benef\u00edcios da natureza\",\"conex\u00e3o com a natureza\",\"crian\u00e7as\",\"desenvolvimento infantil\",\"natureza\",\"sa\u00fade mental\"],\"articleSection\":[\"Comportamento &amp; Equil\u00edbrio\"],\"inLanguage\":\"pt-BR\",\"potentialAction\":[{\"@type\":\"CommentAction\",\"name\":\"Comment\",\"target\":[\"https:\/\/jornalfatosenoticias.com.br\/index.php\/2025\/10\/08\/bebes-que-ficam-ao-ar-livre-tem-menos-risco-para-ansiedade\/#respond\"]}]},{\"@type\":\"WebPage\",\"@id\":\"https:\/\/jornalfatosenoticias.com.br\/index.php\/2025\/10\/08\/bebes-que-ficam-ao-ar-livre-tem-menos-risco-para-ansiedade\/\",\"url\":\"https:\/\/jornalfatosenoticias.com.br\/index.php\/2025\/10\/08\/bebes-que-ficam-ao-ar-livre-tem-menos-risco-para-ansiedade\/\",\"name\":\"Beb\u00eas que ficam ao ar livre t\u00eam menos risco para ansiedade - Jornal Fatos e Not\u00edcias\",\"isPartOf\":{\"@id\":\"https:\/\/jornalfatosenoticias.com.br\/#website\"},\"primaryImageOfPage\":{\"@id\":\"https:\/\/jornalfatosenoticias.com.br\/index.php\/2025\/10\/08\/bebes-que-ficam-ao-ar-livre-tem-menos-risco-para-ansiedade\/#primaryimage\"},\"image\":{\"@id\":\"https:\/\/jornalfatosenoticias.com.br\/index.php\/2025\/10\/08\/bebes-que-ficam-ao-ar-livre-tem-menos-risco-para-ansiedade\/#primaryimage\"},\"thumbnailUrl\":\"https:\/\/jornalfatosenoticias.com.br\/wp-content\/uploads\/2025\/10\/Bebes-ao-ar-livre_pixabay.jpg\",\"datePublished\":\"2025-10-08T18:30:36+00:00\",\"dateModified\":\"2025-10-08T18:30:37+00:00\",\"breadcrumb\":{\"@id\":\"https:\/\/jornalfatosenoticias.com.br\/index.php\/2025\/10\/08\/bebes-que-ficam-ao-ar-livre-tem-menos-risco-para-ansiedade\/#breadcrumb\"},\"inLanguage\":\"pt-BR\",\"potentialAction\":[{\"@type\":\"ReadAction\",\"target\":[\"https:\/\/jornalfatosenoticias.com.br\/index.php\/2025\/10\/08\/bebes-que-ficam-ao-ar-livre-tem-menos-risco-para-ansiedade\/\"]}]},{\"@type\":\"ImageObject\",\"inLanguage\":\"pt-BR\",\"@id\":\"https:\/\/jornalfatosenoticias.com.br\/index.php\/2025\/10\/08\/bebes-que-ficam-ao-ar-livre-tem-menos-risco-para-ansiedade\/#primaryimage\",\"url\":\"https:\/\/jornalfatosenoticias.com.br\/wp-content\/uploads\/2025\/10\/Bebes-ao-ar-livre_pixabay.jpg\",\"contentUrl\":\"https:\/\/jornalfatosenoticias.com.br\/wp-content\/uploads\/2025\/10\/Bebes-ao-ar-livre_pixabay.jpg\",\"width\":1000,\"height\":666},{\"@type\":\"BreadcrumbList\",\"@id\":\"https:\/\/jornalfatosenoticias.com.br\/index.php\/2025\/10\/08\/bebes-que-ficam-ao-ar-livre-tem-menos-risco-para-ansiedade\/#breadcrumb\",\"itemListElement\":[{\"@type\":\"ListItem\",\"position\":1,\"name\":\"In\u00edcio\",\"item\":\"https:\/\/jornalfatosenoticias.com.br\/\"},{\"@type\":\"ListItem\",\"position\":2,\"name\":\"Beb\u00eas que ficam ao ar livre t\u00eam menos risco para ansiedade\"}]},{\"@type\":\"WebSite\",\"@id\":\"https:\/\/jornalfatosenoticias.com.br\/#website\",\"url\":\"https:\/\/jornalfatosenoticias.com.br\/\",\"name\":\"Jornal Fatos e Not\u00edcias\",\"description\":\"Not\u00edcias em geral\",\"publisher\":{\"@id\":\"https:\/\/jornalfatosenoticias.com.br\/#organization\"},\"potentialAction\":[{\"@type\":\"SearchAction\",\"target\":{\"@type\":\"EntryPoint\",\"urlTemplate\":\"https:\/\/jornalfatosenoticias.com.br\/?s={search_term_string}\"},\"query-input\":{\"@type\":\"PropertyValueSpecification\",\"valueRequired\":true,\"valueName\":\"search_term_string\"}}],\"inLanguage\":\"pt-BR\"},{\"@type\":\"Organization\",\"@id\":\"https:\/\/jornalfatosenoticias.com.br\/#organization\",\"name\":\"Jornal Fatos e Not\u00edcias\",\"url\":\"https:\/\/jornalfatosenoticias.com.br\/\",\"logo\":{\"@type\":\"ImageObject\",\"inLanguage\":\"pt-BR\",\"@id\":\"https:\/\/jornalfatosenoticias.com.br\/#\/schema\/logo\/image\/\",\"url\":\"https:\/\/jornalfatosenoticias.com.br\/wp-content\/uploads\/2020\/02\/logo120.png\",\"contentUrl\":\"https:\/\/jornalfatosenoticias.com.br\/wp-content\/uploads\/2020\/02\/logo120.png\",\"width\":1227,\"height\":120,\"caption\":\"Jornal Fatos e Not\u00edcias\"},\"image\":{\"@id\":\"https:\/\/jornalfatosenoticias.com.br\/#\/schema\/logo\/image\/\"}},{\"@type\":\"Person\",\"@id\":\"https:\/\/jornalfatosenoticias.com.br\/#\/schema\/person\/d63837fa13ac8666eb9e74e0985d6f81\",\"name\":\"Luzimara Fernandes\",\"image\":{\"@type\":\"ImageObject\",\"inLanguage\":\"pt-BR\",\"@id\":\"https:\/\/jornalfatosenoticias.com.br\/#\/schema\/person\/image\/\",\"url\":\"https:\/\/jornalfatosenoticias.com.br\/wp-content\/uploads\/2025\/05\/EU_portal.jpg\",\"contentUrl\":\"https:\/\/jornalfatosenoticias.com.br\/wp-content\/uploads\/2025\/05\/EU_portal.jpg\",\"caption\":\"Luzimara Fernandes\"},\"description\":\"Jornalista MTB 2358-ES\",\"sameAs\":[\"https:\/\/jornalfatosenoticias.com.br\"],\"url\":\"https:\/\/jornalfatosenoticias.com.br\/index.php\/author\/luzimara\/\"}]}<\/script>\n<!-- \/ Yoast SEO plugin. -->","yoast_head_json":{"title":"Beb\u00eas que ficam ao ar livre t\u00eam menos risco para ansiedade - Jornal Fatos e Not\u00edcias","robots":{"index":"index","follow":"follow","max-snippet":"max-snippet:-1","max-image-preview":"max-image-preview:large","max-video-preview":"max-video-preview:-1"},"canonical":"https:\/\/jornalfatosenoticias.com.br\/index.php\/2025\/10\/08\/bebes-que-ficam-ao-ar-livre-tem-menos-risco-para-ansiedade\/","og_locale":"pt_BR","og_type":"article","og_title":"Beb\u00eas que ficam ao ar livre t\u00eam menos risco para ansiedade - Jornal Fatos e Not\u00edcias","og_description":"Estudo analisou quase 70 mil crian\u00e7as de zero a tr\u00eas anos que vivem em \u00e1reas urbanas na China Pisar na grama, crescer com os p\u00e9s no ch\u00e3o e com a liberdade que ambientes abertos trazem. Se h\u00e1 algum tempo essa era uma realidade comum para crian\u00e7as de diversas idades, hoje em dia, a conex\u00e3o com [&hellip;]","og_url":"https:\/\/jornalfatosenoticias.com.br\/index.php\/2025\/10\/08\/bebes-que-ficam-ao-ar-livre-tem-menos-risco-para-ansiedade\/","og_site_name":"Jornal Fatos e Not\u00edcias","article_published_time":"2025-10-08T18:30:36+00:00","article_modified_time":"2025-10-08T18:30:37+00:00","og_image":[{"width":1000,"height":666,"url":"https:\/\/jornalfatosenoticias.com.br\/wp-content\/uploads\/2025\/10\/Bebes-ao-ar-livre_pixabay.jpg","type":"image\/jpeg"}],"author":"Luzimara Fernandes","twitter_card":"summary_large_image","twitter_misc":{"Escrito por":"Luzimara Fernandes","Est. tempo de leitura":"4 minutos"},"schema":{"@context":"https:\/\/schema.org","@graph":[{"@type":"Article","@id":"https:\/\/jornalfatosenoticias.com.br\/index.php\/2025\/10\/08\/bebes-que-ficam-ao-ar-livre-tem-menos-risco-para-ansiedade\/#article","isPartOf":{"@id":"https:\/\/jornalfatosenoticias.com.br\/index.php\/2025\/10\/08\/bebes-que-ficam-ao-ar-livre-tem-menos-risco-para-ansiedade\/"},"author":{"name":"Luzimara Fernandes","@id":"https:\/\/jornalfatosenoticias.com.br\/#\/schema\/person\/d63837fa13ac8666eb9e74e0985d6f81"},"headline":"Beb\u00eas que ficam ao ar livre t\u00eam menos risco para ansiedade","datePublished":"2025-10-08T18:30:36+00:00","dateModified":"2025-10-08T18:30:37+00:00","mainEntityOfPage":{"@id":"https:\/\/jornalfatosenoticias.com.br\/index.php\/2025\/10\/08\/bebes-que-ficam-ao-ar-livre-tem-menos-risco-para-ansiedade\/"},"wordCount":758,"commentCount":0,"publisher":{"@id":"https:\/\/jornalfatosenoticias.com.br\/#organization"},"image":{"@id":"https:\/\/jornalfatosenoticias.com.br\/index.php\/2025\/10\/08\/bebes-que-ficam-ao-ar-livre-tem-menos-risco-para-ansiedade\/#primaryimage"},"thumbnailUrl":"https:\/\/jornalfatosenoticias.com.br\/wp-content\/uploads\/2025\/10\/Bebes-ao-ar-livre_pixabay.jpg","keywords":["beb\u00eas","benef\u00edcios da natureza","conex\u00e3o com a natureza","crian\u00e7as","desenvolvimento infantil","natureza","sa\u00fade mental"],"articleSection":["Comportamento &amp; Equil\u00edbrio"],"inLanguage":"pt-BR","potentialAction":[{"@type":"CommentAction","name":"Comment","target":["https:\/\/jornalfatosenoticias.com.br\/index.php\/2025\/10\/08\/bebes-que-ficam-ao-ar-livre-tem-menos-risco-para-ansiedade\/#respond"]}]},{"@type":"WebPage","@id":"https:\/\/jornalfatosenoticias.com.br\/index.php\/2025\/10\/08\/bebes-que-ficam-ao-ar-livre-tem-menos-risco-para-ansiedade\/","url":"https:\/\/jornalfatosenoticias.com.br\/index.php\/2025\/10\/08\/bebes-que-ficam-ao-ar-livre-tem-menos-risco-para-ansiedade\/","name":"Beb\u00eas que ficam ao ar livre t\u00eam menos risco para ansiedade - Jornal Fatos e Not\u00edcias","isPartOf":{"@id":"https:\/\/jornalfatosenoticias.com.br\/#website"},"primaryImageOfPage":{"@id":"https:\/\/jornalfatosenoticias.com.br\/index.php\/2025\/10\/08\/bebes-que-ficam-ao-ar-livre-tem-menos-risco-para-ansiedade\/#primaryimage"},"image":{"@id":"https:\/\/jornalfatosenoticias.com.br\/index.php\/2025\/10\/08\/bebes-que-ficam-ao-ar-livre-tem-menos-risco-para-ansiedade\/#primaryimage"},"thumbnailUrl":"https:\/\/jornalfatosenoticias.com.br\/wp-content\/uploads\/2025\/10\/Bebes-ao-ar-livre_pixabay.jpg","datePublished":"2025-10-08T18:30:36+00:00","dateModified":"2025-10-08T18:30:37+00:00","breadcrumb":{"@id":"https:\/\/jornalfatosenoticias.com.br\/index.php\/2025\/10\/08\/bebes-que-ficam-ao-ar-livre-tem-menos-risco-para-ansiedade\/#breadcrumb"},"inLanguage":"pt-BR","potentialAction":[{"@type":"ReadAction","target":["https:\/\/jornalfatosenoticias.com.br\/index.php\/2025\/10\/08\/bebes-que-ficam-ao-ar-livre-tem-menos-risco-para-ansiedade\/"]}]},{"@type":"ImageObject","inLanguage":"pt-BR","@id":"https:\/\/jornalfatosenoticias.com.br\/index.php\/2025\/10\/08\/bebes-que-ficam-ao-ar-livre-tem-menos-risco-para-ansiedade\/#primaryimage","url":"https:\/\/jornalfatosenoticias.com.br\/wp-content\/uploads\/2025\/10\/Bebes-ao-ar-livre_pixabay.jpg","contentUrl":"https:\/\/jornalfatosenoticias.com.br\/wp-content\/uploads\/2025\/10\/Bebes-ao-ar-livre_pixabay.jpg","width":1000,"height":666},{"@type":"BreadcrumbList","@id":"https:\/\/jornalfatosenoticias.com.br\/index.php\/2025\/10\/08\/bebes-que-ficam-ao-ar-livre-tem-menos-risco-para-ansiedade\/#breadcrumb","itemListElement":[{"@type":"ListItem","position":1,"name":"In\u00edcio","item":"https:\/\/jornalfatosenoticias.com.br\/"},{"@type":"ListItem","position":2,"name":"Beb\u00eas que ficam ao ar livre t\u00eam menos risco para ansiedade"}]},{"@type":"WebSite","@id":"https:\/\/jornalfatosenoticias.com.br\/#website","url":"https:\/\/jornalfatosenoticias.com.br\/","name":"Jornal Fatos e Not\u00edcias","description":"Not\u00edcias em geral","publisher":{"@id":"https:\/\/jornalfatosenoticias.com.br\/#organization"},"potentialAction":[{"@type":"SearchAction","target":{"@type":"EntryPoint","urlTemplate":"https:\/\/jornalfatosenoticias.com.br\/?s={search_term_string}"},"query-input":{"@type":"PropertyValueSpecification","valueRequired":true,"valueName":"search_term_string"}}],"inLanguage":"pt-BR"},{"@type":"Organization","@id":"https:\/\/jornalfatosenoticias.com.br\/#organization","name":"Jornal Fatos e Not\u00edcias","url":"https:\/\/jornalfatosenoticias.com.br\/","logo":{"@type":"ImageObject","inLanguage":"pt-BR","@id":"https:\/\/jornalfatosenoticias.com.br\/#\/schema\/logo\/image\/","url":"https:\/\/jornalfatosenoticias.com.br\/wp-content\/uploads\/2020\/02\/logo120.png","contentUrl":"https:\/\/jornalfatosenoticias.com.br\/wp-content\/uploads\/2020\/02\/logo120.png","width":1227,"height":120,"caption":"Jornal Fatos e Not\u00edcias"},"image":{"@id":"https:\/\/jornalfatosenoticias.com.br\/#\/schema\/logo\/image\/"}},{"@type":"Person","@id":"https:\/\/jornalfatosenoticias.com.br\/#\/schema\/person\/d63837fa13ac8666eb9e74e0985d6f81","name":"Luzimara Fernandes","image":{"@type":"ImageObject","inLanguage":"pt-BR","@id":"https:\/\/jornalfatosenoticias.com.br\/#\/schema\/person\/image\/","url":"https:\/\/jornalfatosenoticias.com.br\/wp-content\/uploads\/2025\/05\/EU_portal.jpg","contentUrl":"https:\/\/jornalfatosenoticias.com.br\/wp-content\/uploads\/2025\/05\/EU_portal.jpg","caption":"Luzimara Fernandes"},"description":"Jornalista MTB 2358-ES","sameAs":["https:\/\/jornalfatosenoticias.com.br"],"url":"https:\/\/jornalfatosenoticias.com.br\/index.php\/author\/luzimara\/"}]}},"cc_featured_image_caption":{"caption_text":"(Foto: Pixabay)","source_text":"","source_url":""},"jetpack_featured_media_url":"https:\/\/jornalfatosenoticias.com.br\/wp-content\/uploads\/2025\/10\/Bebes-ao-ar-livre_pixabay.jpg","_links":{"self":[{"href":"https:\/\/jornalfatosenoticias.com.br\/index.php\/wp-json\/wp\/v2\/posts\/62423","targetHints":{"allow":["GET"]}}],"collection":[{"href":"https:\/\/jornalfatosenoticias.com.br\/index.php\/wp-json\/wp\/v2\/posts"}],"about":[{"href":"https:\/\/jornalfatosenoticias.com.br\/index.php\/wp-json\/wp\/v2\/types\/post"}],"author":[{"embeddable":true,"href":"https:\/\/jornalfatosenoticias.com.br\/index.php\/wp-json\/wp\/v2\/users\/2"}],"replies":[{"embeddable":true,"href":"https:\/\/jornalfatosenoticias.com.br\/index.php\/wp-json\/wp\/v2\/comments?post=62423"}],"version-history":[{"count":0,"href":"https:\/\/jornalfatosenoticias.com.br\/index.php\/wp-json\/wp\/v2\/posts\/62423\/revisions"}],"wp:featuredmedia":[{"embeddable":true,"href":"https:\/\/jornalfatosenoticias.com.br\/index.php\/wp-json\/wp\/v2\/media\/62424"}],"wp:attachment":[{"href":"https:\/\/jornalfatosenoticias.com.br\/index.php\/wp-json\/wp\/v2\/media?parent=62423"}],"wp:term":[{"taxonomy":"category","embeddable":true,"href":"https:\/\/jornalfatosenoticias.com.br\/index.php\/wp-json\/wp\/v2\/categories?post=62423"},{"taxonomy":"post_tag","embeddable":true,"href":"https:\/\/jornalfatosenoticias.com.br\/index.php\/wp-json\/wp\/v2\/tags?post=62423"}],"curies":[{"name":"wp","href":"https:\/\/api.w.org\/{rel}","templated":true}]}}