{"id":62429,"date":"2025-10-08T16:10:10","date_gmt":"2025-10-08T19:10:10","guid":{"rendered":"https:\/\/jornalfatosenoticias.com.br\/?p=62429"},"modified":"2025-10-08T16:10:12","modified_gmt":"2025-10-08T19:10:12","slug":"haddad-diz-que-tarifa-zero-no-transporte-publico-pode-ser-bandeira-de-lula-em-2026","status":"publish","type":"post","link":"https:\/\/jornalfatosenoticias.com.br\/index.php\/2025\/10\/08\/haddad-diz-que-tarifa-zero-no-transporte-publico-pode-ser-bandeira-de-lula-em-2026\/","title":{"rendered":"Haddad diz que tarifa zero no transporte p\u00fablico pode ser bandeira de Lula em 2026"},"content":{"rendered":"\n<p><em><span class=\"has-inline-color has-black-color\">Haddad afirmou que a equipe econ\u00f4mica est\u00e1 fazendo uma &#8220;radiografia&#8221; do setor para avaliar a viabilidade da tarifa zero no transporte p\u00fablico<\/span><\/em><\/p>\n\n\n\n<p><span class=\"has-inline-color has-black-color\">Por <strong><a href=\"https:\/\/www.gazetadopovo.com.br\/autor\/camila-abrao\/\">Camila Abr\u00e3o<\/a><\/strong><\/span><\/p>\n\n\n\n<div class=\"wp-block-image\"><figure class=\"aligncenter size-large is-resized\"><a href=\"https:\/\/www.facebook.com\/vetor.vix\/\"><img loading=\"lazy\" decoding=\"async\" src=\"https:\/\/jornalfatosenoticias.com.br\/wp-content\/uploads\/2023\/09\/vetorvix1024_1.jpg\" alt=\"\" class=\"wp-image-44868\" width=\"539\" height=\"143\" srcset=\"https:\/\/jornalfatosenoticias.com.br\/wp-content\/uploads\/2023\/09\/vetorvix1024_1.jpg 1024w, https:\/\/jornalfatosenoticias.com.br\/wp-content\/uploads\/2023\/09\/vetorvix1024_1-300x80.jpg 300w, https:\/\/jornalfatosenoticias.com.br\/wp-content\/uploads\/2023\/09\/vetorvix1024_1-768x205.jpg 768w\" sizes=\"auto, (max-width: 539px) 100vw, 539px\" \/><\/a><\/figure><\/div>\n\n\n\n<p>O ministro da Fazenda, <a href=\"https:\/\/www.gazetadopovo.com.br\/tudo-sobre\/fernando-haddad\/\" target=\"_blank\" rel=\"noreferrer noopener\">Fernando Haddad<\/a>, afirmou nesta ter\u00e7a-feira (7) que a proposta de tarifa zero no transporte p\u00fablico pode ser uma das bandeiras da campanha de Luiz In\u00e1cio Lula da Silva (PT) para a reelei\u00e7\u00e3o em 2026. &#8220;N\u00f3s estamos fazendo nesse momento uma radiografia do setor a pedido do presidente Lula. Ele sabe que esse tema \u00e9 importante para os trabalhadores, para o meio ambiente e para a mobilidade urbana&#8221;, disse Haddad em entrevista ao <em>Jornal da Record<\/em>, da <em>TV Record.<\/em><br>O presidente da Confedera\u00e7\u00e3o Nacional do Transporte (CNT), Vander Costa, afirmou \u00e0 <em>CNN Brasil<\/em> que a gratuidade do transporte p\u00fablico em todo o pa\u00eds pode custar cerca de R$ 90 bilh\u00f5es por ano. Segundo o ministro, a avalia\u00e7\u00e3o est\u00e1 sendo feita \u201ccom calma e tranquilidade\u201d e ainda n\u00e3o h\u00e1 uma estimativa inicial de quanto custar\u00e1 a medida.<\/p>\n\n\n\n<div class=\"wp-block-image\"><figure class=\"aligncenter size-large is-resized\"><a href=\"https:\/\/www.facebook.com\/profile.php?id=100069289606145\"><img loading=\"lazy\" decoding=\"async\" src=\"https:\/\/jornalfatosenoticias.com.br\/wp-content\/uploads\/2024\/11\/Guaitolini-Contabilidade-1024x714.jpeg\" alt=\"\" class=\"wp-image-55808\" width=\"309\" height=\"215\" srcset=\"https:\/\/jornalfatosenoticias.com.br\/wp-content\/uploads\/2024\/11\/Guaitolini-Contabilidade-1024x714.jpeg 1024w, https:\/\/jornalfatosenoticias.com.br\/wp-content\/uploads\/2024\/11\/Guaitolini-Contabilidade-300x209.jpeg 300w, https:\/\/jornalfatosenoticias.com.br\/wp-content\/uploads\/2024\/11\/Guaitolini-Contabilidade-768x535.jpeg 768w, https:\/\/jornalfatosenoticias.com.br\/wp-content\/uploads\/2024\/11\/Guaitolini-Contabilidade.jpeg 1280w\" sizes=\"auto, (max-width: 309px) 100vw, 309px\" \/><\/a><\/figure><\/div>\n\n\n\n<p>Questionado se a cria\u00e7\u00e3o de uma nova despesa fixa n\u00e3o resultaria numa piora da situa\u00e7\u00e3o fiscal do pa\u00eds, Haddad comparou com as cr\u00edticas recebidas pela <a href=\"https:\/\/www.gazetadopovo.com.br\/economia\/camara-aprova-isencao-do-ir-e-taxacao-de-alta-renda\/\" target=\"_blank\" rel=\"noreferrer noopener\">isen\u00e7\u00e3o<\/a> do Imposto de Renda para quem ganha at\u00e9 R$ 5 mil. \u201cNo caso do IR aconteceu a mesma coisa e n\u00f3s aprovamos um projeto fiscalmente respons\u00e1vel, porque ele \u00e9 neutro do ponto de vista fiscal\u201d, disse. \u201cTem muita coisa no Brasil para ser feita de reequil\u00edbrio de contas que n\u00e3o impacta as contas p\u00fablicas\u201d, acrescentou.<\/p>\n\n\n\n<div class=\"wp-block-image\"><figure class=\"aligncenter size-large\"><a href=\"http:\/\/www.ferrarimaquinas.com.br\/\"><img loading=\"lazy\" decoding=\"async\" width=\"300\" height=\"250\" src=\"https:\/\/jornalfatosenoticias.com.br\/wp-content\/uploads\/2022\/02\/FERRARI_MAQUINAS-E-FERRAMENTAS2.jpg\" alt=\"\" class=\"wp-image-27860\"\/><\/a><\/figure><\/div>\n\n\n\n<p>Haddad voltou a falar sobre o estudo sobre o tema durante sua participa\u00e7\u00e3o no programa \u201cBom dia, ministro\u201d, na EBC. \u201cTem v\u00e1rios estudos que est\u00e3o sendo recuperados pela Fazenda para verificar se existem outras formas mais adequadas de financiar o setor, mas estamos neste momento fazendo uma grande radiografia\u201d, destacou.<\/p>\n\n\n\n<div class=\"wp-block-image\"><figure class=\"aligncenter size-large is-resized\"><a href=\"https:\/\/www.instagram.com\/rcradiadores\/\"><img loading=\"lazy\" decoding=\"async\" src=\"https:\/\/jornalfatosenoticias.com.br\/wp-content\/uploads\/2022\/10\/RC_800x750_page-0001.jpg\" alt=\"\" class=\"wp-image-35338\" width=\"278\" height=\"261\" srcset=\"https:\/\/jornalfatosenoticias.com.br\/wp-content\/uploads\/2022\/10\/RC_800x750_page-0001.jpg 400w, https:\/\/jornalfatosenoticias.com.br\/wp-content\/uploads\/2022\/10\/RC_800x750_page-0001-300x281.jpg 300w\" sizes=\"auto, (max-width: 278px) 100vw, 278px\" \/><\/a><\/figure><\/div>\n\n\n\n<p>O estudo t\u00e9cnico deve trazer dados sobre o custo do setor, quanto o governo gasta em subs\u00eddio, o valor aportado pelas empresas com o vale transporte, quanto o trabalhador paga e quais s\u00e3o os gargalos tecnol\u00f3gicos. \u201cEstamos fazendo um mapeamento. Vamos perseverar nesse estudo para apresentar uma radiografia do setor e verificarmos quais as possibilidades de melhorar isso que tem um apelo social muito forte\u201d, ressaltou o ministro.<\/p>\n\n\n\n<div class=\"wp-block-image\"><figure class=\"aligncenter size-large\"><a href=\"https:\/\/www.controlsystems.com.br\/\"><img loading=\"lazy\" decoding=\"async\" width=\"1024\" height=\"109\" src=\"https:\/\/jornalfatosenoticias.com.br\/wp-content\/uploads\/2020\/02\/CONTROL-CS2-1024x109.jpg\" alt=\"\" class=\"wp-image-44989\" srcset=\"https:\/\/jornalfatosenoticias.com.br\/wp-content\/uploads\/2020\/02\/CONTROL-CS2-1024x109.jpg 1024w, https:\/\/jornalfatosenoticias.com.br\/wp-content\/uploads\/2020\/02\/CONTROL-CS2-300x32.jpg 300w, https:\/\/jornalfatosenoticias.com.br\/wp-content\/uploads\/2020\/02\/CONTROL-CS2-768x82.jpg 768w, https:\/\/jornalfatosenoticias.com.br\/wp-content\/uploads\/2020\/02\/CONTROL-CS2.jpg 1120w\" sizes=\"auto, (max-width: 1024px) 100vw, 1024px\" \/><\/a><\/figure><\/div>\n\n\n\n<p><strong>Fonte: <a href=\"https:\/\/www.gazetadopovo.com.br\/economia\/haddad-tarifa-zero-no-transporte-publico-pode-ser-bandeira-lula-2026\/\">Gazeta do Povo<\/a><\/strong><\/p>\n","protected":false},"excerpt":{"rendered":"<p>Haddad afirmou que a equipe econ\u00f4mica est\u00e1 fazendo uma &#8220;radiografia&#8221; do setor para avaliar a viabilidade da tarifa zero no transporte p\u00fablico Por Camila Abr\u00e3o O ministro da Fazenda, Fernando Haddad, afirmou nesta ter\u00e7a-feira (7) que a proposta de tarifa zero no transporte p\u00fablico pode ser uma das bandeiras da campanha de Luiz In\u00e1cio Lula [&hellip;]<\/p>\n","protected":false},"author":2,"featured_media":62430,"comment_status":"open","ping_status":"open","sticky":false,"template":"","format":"standard","meta":{"footnotes":""},"categories":[9,10],"tags":[28471,8163,19047,18155,7580,6833],"class_list":["post-62429","post","type-post","status-publish","format-standard","has-post-thumbnail","hentry","category-economia","category-politica","tag-campanha-antecipada","tag-contas-publicas","tag-eleicoes-2026","tag-fernando-haddad","tag-lula","tag-transporte-publico"],"yoast_head":"<!-- This site is optimized with the Yoast SEO plugin v26.5 - https:\/\/yoast.com\/wordpress\/plugins\/seo\/ -->\n<title>Haddad diz que tarifa zero no transporte p\u00fablico pode ser bandeira de Lula em 2026 - Jornal Fatos e Not\u00edcias<\/title>\n<meta name=\"robots\" content=\"index, follow, max-snippet:-1, max-image-preview:large, max-video-preview:-1\" \/>\n<link rel=\"canonical\" href=\"https:\/\/jornalfatosenoticias.com.br\/index.php\/2025\/10\/08\/haddad-diz-que-tarifa-zero-no-transporte-publico-pode-ser-bandeira-de-lula-em-2026\/\" \/>\n<meta property=\"og:locale\" content=\"pt_BR\" \/>\n<meta property=\"og:type\" content=\"article\" \/>\n<meta property=\"og:title\" content=\"Haddad diz que tarifa zero no transporte p\u00fablico pode ser bandeira de Lula em 2026 - Jornal Fatos e Not\u00edcias\" \/>\n<meta property=\"og:description\" content=\"Haddad afirmou que a equipe econ\u00f4mica est\u00e1 fazendo uma &#8220;radiografia&#8221; do setor para avaliar a viabilidade da tarifa zero no transporte p\u00fablico Por Camila Abr\u00e3o O ministro da Fazenda, Fernando Haddad, afirmou nesta ter\u00e7a-feira (7) que a proposta de tarifa zero no transporte p\u00fablico pode ser uma das bandeiras da campanha de Luiz In\u00e1cio Lula [&hellip;]\" \/>\n<meta property=\"og:url\" content=\"https:\/\/jornalfatosenoticias.com.br\/index.php\/2025\/10\/08\/haddad-diz-que-tarifa-zero-no-transporte-publico-pode-ser-bandeira-de-lula-em-2026\/\" \/>\n<meta property=\"og:site_name\" content=\"Jornal Fatos e Not\u00edcias\" \/>\n<meta property=\"article:published_time\" content=\"2025-10-08T19:10:10+00:00\" \/>\n<meta property=\"article:modified_time\" content=\"2025-10-08T19:10:12+00:00\" \/>\n<meta property=\"og:image\" content=\"https:\/\/jornalfatosenoticias.com.br\/wp-content\/uploads\/2025\/10\/poste-e-molusco_gettyimages.jpg\" \/>\n\t<meta property=\"og:image:width\" content=\"612\" \/>\n\t<meta property=\"og:image:height\" content=\"408\" \/>\n\t<meta property=\"og:image:type\" content=\"image\/jpeg\" \/>\n<meta name=\"author\" content=\"Luzimara Fernandes\" \/>\n<meta name=\"twitter:card\" content=\"summary_large_image\" \/>\n<meta name=\"twitter:label1\" content=\"Escrito por\" \/>\n\t<meta name=\"twitter:data1\" content=\"Luzimara Fernandes\" \/>\n\t<meta name=\"twitter:label2\" content=\"Est. tempo de leitura\" \/>\n\t<meta name=\"twitter:data2\" content=\"2 minutos\" \/>\n<script type=\"application\/ld+json\" class=\"yoast-schema-graph\">{\"@context\":\"https:\/\/schema.org\",\"@graph\":[{\"@type\":\"Article\",\"@id\":\"https:\/\/jornalfatosenoticias.com.br\/index.php\/2025\/10\/08\/haddad-diz-que-tarifa-zero-no-transporte-publico-pode-ser-bandeira-de-lula-em-2026\/#article\",\"isPartOf\":{\"@id\":\"https:\/\/jornalfatosenoticias.com.br\/index.php\/2025\/10\/08\/haddad-diz-que-tarifa-zero-no-transporte-publico-pode-ser-bandeira-de-lula-em-2026\/\"},\"author\":{\"name\":\"Luzimara Fernandes\",\"@id\":\"https:\/\/jornalfatosenoticias.com.br\/#\/schema\/person\/d63837fa13ac8666eb9e74e0985d6f81\"},\"headline\":\"Haddad diz que tarifa zero no transporte p\u00fablico pode ser bandeira de Lula em 2026\",\"datePublished\":\"2025-10-08T19:10:10+00:00\",\"dateModified\":\"2025-10-08T19:10:12+00:00\",\"mainEntityOfPage\":{\"@id\":\"https:\/\/jornalfatosenoticias.com.br\/index.php\/2025\/10\/08\/haddad-diz-que-tarifa-zero-no-transporte-publico-pode-ser-bandeira-de-lula-em-2026\/\"},\"wordCount\":407,\"commentCount\":0,\"publisher\":{\"@id\":\"https:\/\/jornalfatosenoticias.com.br\/#organization\"},\"image\":{\"@id\":\"https:\/\/jornalfatosenoticias.com.br\/index.php\/2025\/10\/08\/haddad-diz-que-tarifa-zero-no-transporte-publico-pode-ser-bandeira-de-lula-em-2026\/#primaryimage\"},\"thumbnailUrl\":\"https:\/\/jornalfatosenoticias.com.br\/wp-content\/uploads\/2025\/10\/poste-e-molusco_gettyimages.jpg\",\"keywords\":[\"campanha antecipada\",\"contas p\u00fablicas\",\"Elei\u00e7\u00f5es 2026\",\"Fernando Haddad\",\"Lula\",\"transporte p\u00fablico\"],\"articleSection\":[\"Economia\",\"Pol\u00edtica\"],\"inLanguage\":\"pt-BR\",\"potentialAction\":[{\"@type\":\"CommentAction\",\"name\":\"Comment\",\"target\":[\"https:\/\/jornalfatosenoticias.com.br\/index.php\/2025\/10\/08\/haddad-diz-que-tarifa-zero-no-transporte-publico-pode-ser-bandeira-de-lula-em-2026\/#respond\"]}]},{\"@type\":\"WebPage\",\"@id\":\"https:\/\/jornalfatosenoticias.com.br\/index.php\/2025\/10\/08\/haddad-diz-que-tarifa-zero-no-transporte-publico-pode-ser-bandeira-de-lula-em-2026\/\",\"url\":\"https:\/\/jornalfatosenoticias.com.br\/index.php\/2025\/10\/08\/haddad-diz-que-tarifa-zero-no-transporte-publico-pode-ser-bandeira-de-lula-em-2026\/\",\"name\":\"Haddad diz que tarifa zero no transporte p\u00fablico pode ser bandeira de Lula em 2026 - Jornal Fatos e Not\u00edcias\",\"isPartOf\":{\"@id\":\"https:\/\/jornalfatosenoticias.com.br\/#website\"},\"primaryImageOfPage\":{\"@id\":\"https:\/\/jornalfatosenoticias.com.br\/index.php\/2025\/10\/08\/haddad-diz-que-tarifa-zero-no-transporte-publico-pode-ser-bandeira-de-lula-em-2026\/#primaryimage\"},\"image\":{\"@id\":\"https:\/\/jornalfatosenoticias.com.br\/index.php\/2025\/10\/08\/haddad-diz-que-tarifa-zero-no-transporte-publico-pode-ser-bandeira-de-lula-em-2026\/#primaryimage\"},\"thumbnailUrl\":\"https:\/\/jornalfatosenoticias.com.br\/wp-content\/uploads\/2025\/10\/poste-e-molusco_gettyimages.jpg\",\"datePublished\":\"2025-10-08T19:10:10+00:00\",\"dateModified\":\"2025-10-08T19:10:12+00:00\",\"breadcrumb\":{\"@id\":\"https:\/\/jornalfatosenoticias.com.br\/index.php\/2025\/10\/08\/haddad-diz-que-tarifa-zero-no-transporte-publico-pode-ser-bandeira-de-lula-em-2026\/#breadcrumb\"},\"inLanguage\":\"pt-BR\",\"potentialAction\":[{\"@type\":\"ReadAction\",\"target\":[\"https:\/\/jornalfatosenoticias.com.br\/index.php\/2025\/10\/08\/haddad-diz-que-tarifa-zero-no-transporte-publico-pode-ser-bandeira-de-lula-em-2026\/\"]}]},{\"@type\":\"ImageObject\",\"inLanguage\":\"pt-BR\",\"@id\":\"https:\/\/jornalfatosenoticias.com.br\/index.php\/2025\/10\/08\/haddad-diz-que-tarifa-zero-no-transporte-publico-pode-ser-bandeira-de-lula-em-2026\/#primaryimage\",\"url\":\"https:\/\/jornalfatosenoticias.com.br\/wp-content\/uploads\/2025\/10\/poste-e-molusco_gettyimages.jpg\",\"contentUrl\":\"https:\/\/jornalfatosenoticias.com.br\/wp-content\/uploads\/2025\/10\/poste-e-molusco_gettyimages.jpg\",\"width\":612,\"height\":408,\"caption\":\"Brazil's President Luiz Inacio Lula da Silva (R) gestures next to Finance Minister Fernando Haddad during the signing of a decree with measures to mitigate the economic impact of the US government's increase of up to 50% in import tariffs on Brazilian products at the Planalto Palace in Bras\u00edlia on August 13, 2025. Brazilian President Luiz Inacio Lula da Silva on Tuesday announced aid worth some $5.5 billion for companies hit by Donald Trump's trade tariffs, as part of a package of economic relief measures. (Photo by EVARISTO SA \/ AFP) (Photo by EVARISTO SA\/AFP via Getty Images)\"},{\"@type\":\"BreadcrumbList\",\"@id\":\"https:\/\/jornalfatosenoticias.com.br\/index.php\/2025\/10\/08\/haddad-diz-que-tarifa-zero-no-transporte-publico-pode-ser-bandeira-de-lula-em-2026\/#breadcrumb\",\"itemListElement\":[{\"@type\":\"ListItem\",\"position\":1,\"name\":\"In\u00edcio\",\"item\":\"https:\/\/jornalfatosenoticias.com.br\/\"},{\"@type\":\"ListItem\",\"position\":2,\"name\":\"Haddad diz que tarifa zero no transporte p\u00fablico pode ser bandeira de Lula em 2026\"}]},{\"@type\":\"WebSite\",\"@id\":\"https:\/\/jornalfatosenoticias.com.br\/#website\",\"url\":\"https:\/\/jornalfatosenoticias.com.br\/\",\"name\":\"Jornal Fatos e Not\u00edcias\",\"description\":\"Not\u00edcias em geral\",\"publisher\":{\"@id\":\"https:\/\/jornalfatosenoticias.com.br\/#organization\"},\"potentialAction\":[{\"@type\":\"SearchAction\",\"target\":{\"@type\":\"EntryPoint\",\"urlTemplate\":\"https:\/\/jornalfatosenoticias.com.br\/?s={search_term_string}\"},\"query-input\":{\"@type\":\"PropertyValueSpecification\",\"valueRequired\":true,\"valueName\":\"search_term_string\"}}],\"inLanguage\":\"pt-BR\"},{\"@type\":\"Organization\",\"@id\":\"https:\/\/jornalfatosenoticias.com.br\/#organization\",\"name\":\"Jornal Fatos e Not\u00edcias\",\"url\":\"https:\/\/jornalfatosenoticias.com.br\/\",\"logo\":{\"@type\":\"ImageObject\",\"inLanguage\":\"pt-BR\",\"@id\":\"https:\/\/jornalfatosenoticias.com.br\/#\/schema\/logo\/image\/\",\"url\":\"https:\/\/jornalfatosenoticias.com.br\/wp-content\/uploads\/2020\/02\/logo120.png\",\"contentUrl\":\"https:\/\/jornalfatosenoticias.com.br\/wp-content\/uploads\/2020\/02\/logo120.png\",\"width\":1227,\"height\":120,\"caption\":\"Jornal Fatos e Not\u00edcias\"},\"image\":{\"@id\":\"https:\/\/jornalfatosenoticias.com.br\/#\/schema\/logo\/image\/\"}},{\"@type\":\"Person\",\"@id\":\"https:\/\/jornalfatosenoticias.com.br\/#\/schema\/person\/d63837fa13ac8666eb9e74e0985d6f81\",\"name\":\"Luzimara Fernandes\",\"image\":{\"@type\":\"ImageObject\",\"inLanguage\":\"pt-BR\",\"@id\":\"https:\/\/jornalfatosenoticias.com.br\/#\/schema\/person\/image\/\",\"url\":\"https:\/\/jornalfatosenoticias.com.br\/wp-content\/uploads\/2025\/05\/EU_portal.jpg\",\"contentUrl\":\"https:\/\/jornalfatosenoticias.com.br\/wp-content\/uploads\/2025\/05\/EU_portal.jpg\",\"caption\":\"Luzimara Fernandes\"},\"description\":\"Jornalista MTB 2358-ES\",\"sameAs\":[\"https:\/\/jornalfatosenoticias.com.br\"],\"url\":\"https:\/\/jornalfatosenoticias.com.br\/index.php\/author\/luzimara\/\"}]}<\/script>\n<!-- \/ Yoast SEO plugin. -->","yoast_head_json":{"title":"Haddad diz que tarifa zero no transporte p\u00fablico pode ser bandeira de Lula em 2026 - Jornal Fatos e Not\u00edcias","robots":{"index":"index","follow":"follow","max-snippet":"max-snippet:-1","max-image-preview":"max-image-preview:large","max-video-preview":"max-video-preview:-1"},"canonical":"https:\/\/jornalfatosenoticias.com.br\/index.php\/2025\/10\/08\/haddad-diz-que-tarifa-zero-no-transporte-publico-pode-ser-bandeira-de-lula-em-2026\/","og_locale":"pt_BR","og_type":"article","og_title":"Haddad diz que tarifa zero no transporte p\u00fablico pode ser bandeira de Lula em 2026 - Jornal Fatos e Not\u00edcias","og_description":"Haddad afirmou que a equipe econ\u00f4mica est\u00e1 fazendo uma &#8220;radiografia&#8221; do setor para avaliar a viabilidade da tarifa zero no transporte p\u00fablico Por Camila Abr\u00e3o O ministro da Fazenda, Fernando Haddad, afirmou nesta ter\u00e7a-feira (7) que a proposta de tarifa zero no transporte p\u00fablico pode ser uma das bandeiras da campanha de Luiz In\u00e1cio Lula [&hellip;]","og_url":"https:\/\/jornalfatosenoticias.com.br\/index.php\/2025\/10\/08\/haddad-diz-que-tarifa-zero-no-transporte-publico-pode-ser-bandeira-de-lula-em-2026\/","og_site_name":"Jornal Fatos e Not\u00edcias","article_published_time":"2025-10-08T19:10:10+00:00","article_modified_time":"2025-10-08T19:10:12+00:00","og_image":[{"width":612,"height":408,"url":"https:\/\/jornalfatosenoticias.com.br\/wp-content\/uploads\/2025\/10\/poste-e-molusco_gettyimages.jpg","type":"image\/jpeg"}],"author":"Luzimara Fernandes","twitter_card":"summary_large_image","twitter_misc":{"Escrito por":"Luzimara Fernandes","Est. tempo de leitura":"2 minutos"},"schema":{"@context":"https:\/\/schema.org","@graph":[{"@type":"Article","@id":"https:\/\/jornalfatosenoticias.com.br\/index.php\/2025\/10\/08\/haddad-diz-que-tarifa-zero-no-transporte-publico-pode-ser-bandeira-de-lula-em-2026\/#article","isPartOf":{"@id":"https:\/\/jornalfatosenoticias.com.br\/index.php\/2025\/10\/08\/haddad-diz-que-tarifa-zero-no-transporte-publico-pode-ser-bandeira-de-lula-em-2026\/"},"author":{"name":"Luzimara Fernandes","@id":"https:\/\/jornalfatosenoticias.com.br\/#\/schema\/person\/d63837fa13ac8666eb9e74e0985d6f81"},"headline":"Haddad diz que tarifa zero no transporte p\u00fablico pode ser bandeira de Lula em 2026","datePublished":"2025-10-08T19:10:10+00:00","dateModified":"2025-10-08T19:10:12+00:00","mainEntityOfPage":{"@id":"https:\/\/jornalfatosenoticias.com.br\/index.php\/2025\/10\/08\/haddad-diz-que-tarifa-zero-no-transporte-publico-pode-ser-bandeira-de-lula-em-2026\/"},"wordCount":407,"commentCount":0,"publisher":{"@id":"https:\/\/jornalfatosenoticias.com.br\/#organization"},"image":{"@id":"https:\/\/jornalfatosenoticias.com.br\/index.php\/2025\/10\/08\/haddad-diz-que-tarifa-zero-no-transporte-publico-pode-ser-bandeira-de-lula-em-2026\/#primaryimage"},"thumbnailUrl":"https:\/\/jornalfatosenoticias.com.br\/wp-content\/uploads\/2025\/10\/poste-e-molusco_gettyimages.jpg","keywords":["campanha antecipada","contas p\u00fablicas","Elei\u00e7\u00f5es 2026","Fernando Haddad","Lula","transporte p\u00fablico"],"articleSection":["Economia","Pol\u00edtica"],"inLanguage":"pt-BR","potentialAction":[{"@type":"CommentAction","name":"Comment","target":["https:\/\/jornalfatosenoticias.com.br\/index.php\/2025\/10\/08\/haddad-diz-que-tarifa-zero-no-transporte-publico-pode-ser-bandeira-de-lula-em-2026\/#respond"]}]},{"@type":"WebPage","@id":"https:\/\/jornalfatosenoticias.com.br\/index.php\/2025\/10\/08\/haddad-diz-que-tarifa-zero-no-transporte-publico-pode-ser-bandeira-de-lula-em-2026\/","url":"https:\/\/jornalfatosenoticias.com.br\/index.php\/2025\/10\/08\/haddad-diz-que-tarifa-zero-no-transporte-publico-pode-ser-bandeira-de-lula-em-2026\/","name":"Haddad diz que tarifa zero no transporte p\u00fablico pode ser bandeira de Lula em 2026 - Jornal Fatos e Not\u00edcias","isPartOf":{"@id":"https:\/\/jornalfatosenoticias.com.br\/#website"},"primaryImageOfPage":{"@id":"https:\/\/jornalfatosenoticias.com.br\/index.php\/2025\/10\/08\/haddad-diz-que-tarifa-zero-no-transporte-publico-pode-ser-bandeira-de-lula-em-2026\/#primaryimage"},"image":{"@id":"https:\/\/jornalfatosenoticias.com.br\/index.php\/2025\/10\/08\/haddad-diz-que-tarifa-zero-no-transporte-publico-pode-ser-bandeira-de-lula-em-2026\/#primaryimage"},"thumbnailUrl":"https:\/\/jornalfatosenoticias.com.br\/wp-content\/uploads\/2025\/10\/poste-e-molusco_gettyimages.jpg","datePublished":"2025-10-08T19:10:10+00:00","dateModified":"2025-10-08T19:10:12+00:00","breadcrumb":{"@id":"https:\/\/jornalfatosenoticias.com.br\/index.php\/2025\/10\/08\/haddad-diz-que-tarifa-zero-no-transporte-publico-pode-ser-bandeira-de-lula-em-2026\/#breadcrumb"},"inLanguage":"pt-BR","potentialAction":[{"@type":"ReadAction","target":["https:\/\/jornalfatosenoticias.com.br\/index.php\/2025\/10\/08\/haddad-diz-que-tarifa-zero-no-transporte-publico-pode-ser-bandeira-de-lula-em-2026\/"]}]},{"@type":"ImageObject","inLanguage":"pt-BR","@id":"https:\/\/jornalfatosenoticias.com.br\/index.php\/2025\/10\/08\/haddad-diz-que-tarifa-zero-no-transporte-publico-pode-ser-bandeira-de-lula-em-2026\/#primaryimage","url":"https:\/\/jornalfatosenoticias.com.br\/wp-content\/uploads\/2025\/10\/poste-e-molusco_gettyimages.jpg","contentUrl":"https:\/\/jornalfatosenoticias.com.br\/wp-content\/uploads\/2025\/10\/poste-e-molusco_gettyimages.jpg","width":612,"height":408,"caption":"Brazil's President Luiz Inacio Lula da Silva (R) gestures next to Finance Minister Fernando Haddad during the signing of a decree with measures to mitigate the economic impact of the US government's increase of up to 50% in import tariffs on Brazilian products at the Planalto Palace in Bras\u00edlia on August 13, 2025. Brazilian President Luiz Inacio Lula da Silva on Tuesday announced aid worth some $5.5 billion for companies hit by Donald Trump's trade tariffs, as part of a package of economic relief measures. (Photo by EVARISTO SA \/ AFP) (Photo by EVARISTO SA\/AFP via Getty Images)"},{"@type":"BreadcrumbList","@id":"https:\/\/jornalfatosenoticias.com.br\/index.php\/2025\/10\/08\/haddad-diz-que-tarifa-zero-no-transporte-publico-pode-ser-bandeira-de-lula-em-2026\/#breadcrumb","itemListElement":[{"@type":"ListItem","position":1,"name":"In\u00edcio","item":"https:\/\/jornalfatosenoticias.com.br\/"},{"@type":"ListItem","position":2,"name":"Haddad diz que tarifa zero no transporte p\u00fablico pode ser bandeira de Lula em 2026"}]},{"@type":"WebSite","@id":"https:\/\/jornalfatosenoticias.com.br\/#website","url":"https:\/\/jornalfatosenoticias.com.br\/","name":"Jornal Fatos e Not\u00edcias","description":"Not\u00edcias em geral","publisher":{"@id":"https:\/\/jornalfatosenoticias.com.br\/#organization"},"potentialAction":[{"@type":"SearchAction","target":{"@type":"EntryPoint","urlTemplate":"https:\/\/jornalfatosenoticias.com.br\/?s={search_term_string}"},"query-input":{"@type":"PropertyValueSpecification","valueRequired":true,"valueName":"search_term_string"}}],"inLanguage":"pt-BR"},{"@type":"Organization","@id":"https:\/\/jornalfatosenoticias.com.br\/#organization","name":"Jornal Fatos e Not\u00edcias","url":"https:\/\/jornalfatosenoticias.com.br\/","logo":{"@type":"ImageObject","inLanguage":"pt-BR","@id":"https:\/\/jornalfatosenoticias.com.br\/#\/schema\/logo\/image\/","url":"https:\/\/jornalfatosenoticias.com.br\/wp-content\/uploads\/2020\/02\/logo120.png","contentUrl":"https:\/\/jornalfatosenoticias.com.br\/wp-content\/uploads\/2020\/02\/logo120.png","width":1227,"height":120,"caption":"Jornal Fatos e Not\u00edcias"},"image":{"@id":"https:\/\/jornalfatosenoticias.com.br\/#\/schema\/logo\/image\/"}},{"@type":"Person","@id":"https:\/\/jornalfatosenoticias.com.br\/#\/schema\/person\/d63837fa13ac8666eb9e74e0985d6f81","name":"Luzimara Fernandes","image":{"@type":"ImageObject","inLanguage":"pt-BR","@id":"https:\/\/jornalfatosenoticias.com.br\/#\/schema\/person\/image\/","url":"https:\/\/jornalfatosenoticias.com.br\/wp-content\/uploads\/2025\/05\/EU_portal.jpg","contentUrl":"https:\/\/jornalfatosenoticias.com.br\/wp-content\/uploads\/2025\/05\/EU_portal.jpg","caption":"Luzimara Fernandes"},"description":"Jornalista MTB 2358-ES","sameAs":["https:\/\/jornalfatosenoticias.com.br"],"url":"https:\/\/jornalfatosenoticias.com.br\/index.php\/author\/luzimara\/"}]}},"cc_featured_image_caption":{"caption_text":"(Foto: Getty Images)","source_text":"","source_url":""},"jetpack_featured_media_url":"https:\/\/jornalfatosenoticias.com.br\/wp-content\/uploads\/2025\/10\/poste-e-molusco_gettyimages.jpg","_links":{"self":[{"href":"https:\/\/jornalfatosenoticias.com.br\/index.php\/wp-json\/wp\/v2\/posts\/62429","targetHints":{"allow":["GET"]}}],"collection":[{"href":"https:\/\/jornalfatosenoticias.com.br\/index.php\/wp-json\/wp\/v2\/posts"}],"about":[{"href":"https:\/\/jornalfatosenoticias.com.br\/index.php\/wp-json\/wp\/v2\/types\/post"}],"author":[{"embeddable":true,"href":"https:\/\/jornalfatosenoticias.com.br\/index.php\/wp-json\/wp\/v2\/users\/2"}],"replies":[{"embeddable":true,"href":"https:\/\/jornalfatosenoticias.com.br\/index.php\/wp-json\/wp\/v2\/comments?post=62429"}],"version-history":[{"count":0,"href":"https:\/\/jornalfatosenoticias.com.br\/index.php\/wp-json\/wp\/v2\/posts\/62429\/revisions"}],"wp:featuredmedia":[{"embeddable":true,"href":"https:\/\/jornalfatosenoticias.com.br\/index.php\/wp-json\/wp\/v2\/media\/62430"}],"wp:attachment":[{"href":"https:\/\/jornalfatosenoticias.com.br\/index.php\/wp-json\/wp\/v2\/media?parent=62429"}],"wp:term":[{"taxonomy":"category","embeddable":true,"href":"https:\/\/jornalfatosenoticias.com.br\/index.php\/wp-json\/wp\/v2\/categories?post=62429"},{"taxonomy":"post_tag","embeddable":true,"href":"https:\/\/jornalfatosenoticias.com.br\/index.php\/wp-json\/wp\/v2\/tags?post=62429"}],"curies":[{"name":"wp","href":"https:\/\/api.w.org\/{rel}","templated":true}]}}