{"id":62490,"date":"2025-10-13T16:09:57","date_gmt":"2025-10-13T19:09:57","guid":{"rendered":"https:\/\/jornalfatosenoticias.com.br\/?p=62490"},"modified":"2025-10-13T16:09:58","modified_gmt":"2025-10-13T19:09:58","slug":"cha-de-lavanda-quais-sao-os-beneficios-para-a-saude","status":"publish","type":"post","link":"https:\/\/jornalfatosenoticias.com.br\/index.php\/2025\/10\/13\/cha-de-lavanda-quais-sao-os-beneficios-para-a-saude\/","title":{"rendered":"Ch\u00e1 de lavanda: quais s\u00e3o os benef\u00edcios para a sa\u00fade?"},"content":{"rendered":"\n<p><em><span class=\"has-inline-color has-black-color\">Calmante natural, o ch\u00e1 de lavanda ajuda a relaxar, melhora o sono, alivia c\u00f3licas e ainda traz benef\u00edcios para a pele e o humor<\/span><\/em><\/p>\n\n\n\n<p><span class=\"has-inline-color has-black-color\">Por <strong><a href=\"https:\/\/www.bonsfluidos.com.br\/author\/isabella-bisordi\">Isabella Bisordi<\/a><\/strong><\/span><\/p>\n\n\n\n<div class=\"wp-block-image\"><figure class=\"aligncenter size-large\"><a href=\"https:\/\/mizu.com.br\/\"><img loading=\"lazy\" decoding=\"async\" width=\"729\" height=\"90\" src=\"https:\/\/jornalfatosenoticias.com.br\/wp-content\/uploads\/2020\/02\/Logo_Mizu.png\" alt=\"\" class=\"wp-image-1441\" srcset=\"https:\/\/jornalfatosenoticias.com.br\/wp-content\/uploads\/2020\/02\/Logo_Mizu.png 729w, https:\/\/jornalfatosenoticias.com.br\/wp-content\/uploads\/2020\/02\/Logo_Mizu-300x37.png 300w\" sizes=\"auto, (max-width: 729px) 100vw, 729px\" \/><\/a><\/figure><\/div>\n\n\n\n<p>Com seu aroma suave e cor caracter\u00edstica, a lavanda vai muito al\u00e9m do uso em perfumes e <a href=\"https:\/\/www.bonsfluidos.com.br\/bem-estar\/aromaterapia-para-idosos-melhora-o-sono-com-abordagens-suaves.phtml\">aromaterapia<\/a>. O ch\u00e1 de lavanda, preparado a partir da infus\u00e3o dos bot\u00f5es roxos da planta\u00a0<em>Lavandula angustifolia<\/em>, \u00e9 uma bebida relaxante com propriedades que beneficiam o corpo e a mente. Ele pode ajudar a aliviar a ansiedade, favorecer o sono, reduzir c\u00f3licas menstruais e at\u00e9 contribuir para a sa\u00fade da pele.<br>Conhecida h\u00e1 s\u00e9culos por suas propriedades <a href=\"https:\/\/www.bonsfluidos.com.br\/no-prato\/camomila-erva-cidreira-e-flor-de-maracuja-entenda-os-efeitos-calmantes-destes-chas.phtml\">calmantes<\/a>, a lavanda \u00e9 uma planta bastante usada na aromaterapia para combater ansiedade, depress\u00e3o leve e fadiga mental. Estudos indicam que seus compostos ativos estimulam \u00e1reas espec\u00edficas do c\u00e9rebro, melhorando o humor e reduzindo a tens\u00e3o.<\/p>\n\n\n\n<div class=\"wp-block-image\"><figure class=\"aligncenter size-large is-resized\"><a href=\"https:\/\/www.instagram.com\/esteio.churrascaria\/\"><img loading=\"lazy\" decoding=\"async\" src=\"https:\/\/jornalfatosenoticias.com.br\/wp-content\/uploads\/2022\/02\/LOGO-ESTEIO-1024x730.png\" alt=\"\" class=\"wp-image-27942\" width=\"317\" height=\"226\" srcset=\"https:\/\/jornalfatosenoticias.com.br\/wp-content\/uploads\/2022\/02\/LOGO-ESTEIO-1024x730.png 1024w, https:\/\/jornalfatosenoticias.com.br\/wp-content\/uploads\/2022\/02\/LOGO-ESTEIO-300x214.png 300w, https:\/\/jornalfatosenoticias.com.br\/wp-content\/uploads\/2022\/02\/LOGO-ESTEIO-768x548.png 768w, https:\/\/jornalfatosenoticias.com.br\/wp-content\/uploads\/2022\/02\/LOGO-ESTEIO.png 1123w\" sizes=\"auto, (max-width: 317px) 100vw, 317px\" \/><\/a><\/figure><\/div>\n\n\n\n<p>Um levantamento feito em Taiwan com 80 mulheres no <a href=\"https:\/\/www.bonsfluidos.com.br\/gravidez\/lucy-ramos-relata-queda-capilar-pos-parto-veja-cuidados.phtml\">p\u00f3s-parto<\/a> mostrou que aquelas que beberam uma x\u00edcara de ch\u00e1 de lavanda por dia durante duas semanas relataram menor fadiga e sintomas depressivos em compara\u00e7\u00e3o ao grupo que n\u00e3o consumiu a bebida. Os efeitos, por\u00e9m, parecem ser mais intensos nas primeiras semanas de uso.<\/p>\n\n\n\n<div class=\"wp-block-image\"><figure class=\"aligncenter size-large is-resized\"><a href=\"https:\/\/www.facebook.com\/profile.php?id=100069289606145\"><img loading=\"lazy\" decoding=\"async\" src=\"https:\/\/jornalfatosenoticias.com.br\/wp-content\/uploads\/2024\/11\/Guaitolini-Contabilidade-1024x714.jpeg\" alt=\"\" class=\"wp-image-55808\" width=\"319\" height=\"222\" srcset=\"https:\/\/jornalfatosenoticias.com.br\/wp-content\/uploads\/2024\/11\/Guaitolini-Contabilidade-1024x714.jpeg 1024w, https:\/\/jornalfatosenoticias.com.br\/wp-content\/uploads\/2024\/11\/Guaitolini-Contabilidade-300x209.jpeg 300w, https:\/\/jornalfatosenoticias.com.br\/wp-content\/uploads\/2024\/11\/Guaitolini-Contabilidade-768x535.jpeg 768w, https:\/\/jornalfatosenoticias.com.br\/wp-content\/uploads\/2024\/11\/Guaitolini-Contabilidade.jpeg 1280w\" sizes=\"auto, (max-width: 319px) 100vw, 319px\" \/><\/a><\/figure><\/div>\n\n\n\n<p>Ainda que as pesquisas espec\u00edficas sobre o ch\u00e1 de lavanda sejam limitadas, os efeitos de outras formas da planta j\u00e1 s\u00e3o bem documentados. Em um estudo com 158 mulheres no p\u00f3s-parto, aquelas que inalaram o aroma de lavanda algumas vezes por semana durante dois meses apresentaram melhora significativa na qualidade do <a href=\"https:\/\/www.bonsfluidos.com.br\/autoconhecimento\/decifrando-os-sonhos-o-papel-do-sono-rem-no-processamento-de-emocoes.phtml\">sono<\/a>.<\/p>\n\n\n\n<div class=\"wp-block-image\"><figure class=\"aligncenter size-large is-resized\"><a href=\"https:\/\/www.instagram.com\/restaurantepegoretti\/\"><img loading=\"lazy\" decoding=\"async\" src=\"https:\/\/jornalfatosenoticias.com.br\/wp-content\/uploads\/2023\/12\/pegoretti-logo-pdf-1024x389.jpg\" alt=\"\" class=\"wp-image-47536\" width=\"445\" height=\"169\" srcset=\"https:\/\/jornalfatosenoticias.com.br\/wp-content\/uploads\/2023\/12\/pegoretti-logo-pdf-1024x389.jpg 1024w, https:\/\/jornalfatosenoticias.com.br\/wp-content\/uploads\/2023\/12\/pegoretti-logo-pdf-300x114.jpg 300w, https:\/\/jornalfatosenoticias.com.br\/wp-content\/uploads\/2023\/12\/pegoretti-logo-pdf-768x291.jpg 768w, https:\/\/jornalfatosenoticias.com.br\/wp-content\/uploads\/2023\/12\/pegoretti-logo-pdf.jpg 1120w\" sizes=\"auto, (max-width: 445px) 100vw, 445px\" \/><\/a><\/figure><\/div>\n\n\n\n<p>Outro experimento com estudantes universit\u00e1rios mostrou que o perfume da lavanda, aliado a boas pr\u00e1ticas de higiene do sono, ajuda a combater a ins\u00f4nia e melhora o descanso\u00a0<a href=\"https:\/\/www.bonsfluidos.com.br\/comportamento\/o-que-e-a-paralisia-do-sono-e-como-ela-e-explicada-pela-ciencia.phtml\">noturno<\/a>. Uma x\u00edcara quente de ch\u00e1 de lavanda antes de dormir pode, portanto, se tornar um ritual de relaxamento poderoso. Os desconfortos menstruais tamb\u00e9m podem ser reduzidos com o uso da lavanda. <\/p>\n\n\n\n<div class=\"wp-block-image\"><figure class=\"aligncenter size-large\"><a href=\"https:\/\/www.cesconetto.com.br\/\"><img loading=\"lazy\" decoding=\"async\" width=\"300\" height=\"250\" src=\"https:\/\/jornalfatosenoticias.com.br\/wp-content\/uploads\/2022\/02\/Banner-2.png\" alt=\"\" class=\"wp-image-27877\"\/><\/a><\/figure><\/div>\n\n\n\n<p>Um estudo iraniano realizado com 200 mulheres jovens revelou que o simples ato de inalar o aroma da lavanda por 30 minutos ao dia durante os primeiros dias do ciclo resultou em <a href=\"https:\/\/www.bonsfluidos.com.br\/bem-estar\/sono-relaxante-e-alivio-de-colicas-6-motivos-para-voce-consumir-cha-de-oregano.phtml\">c\u00f3licas<\/a> menos intensas ap\u00f3s dois meses. Embora n\u00e3o haja comprova\u00e7\u00e3o direta sobre o efeito do ch\u00e1 ingerido, acredita-se que saborear a bebida e respirar seu aroma contribua para o relaxamento muscular e o bem-estar emocional.<\/p>\n\n\n\n<div class=\"wp-block-image\"><figure class=\"aligncenter size-large is-resized\"><a href=\"https:\/\/www.instagram.com\/serra4x4cambioautomatico\/\"><img loading=\"lazy\" decoding=\"async\" src=\"https:\/\/jornalfatosenoticias.com.br\/wp-content\/uploads\/2024\/08\/Serra-4x4-1-886x1024.jpg\" alt=\"\" class=\"wp-image-53632\" width=\"260\" height=\"300\" srcset=\"https:\/\/jornalfatosenoticias.com.br\/wp-content\/uploads\/2024\/08\/Serra-4x4-1-886x1024.jpg 886w, https:\/\/jornalfatosenoticias.com.br\/wp-content\/uploads\/2024\/08\/Serra-4x4-1-260x300.jpg 260w, https:\/\/jornalfatosenoticias.com.br\/wp-content\/uploads\/2024\/08\/Serra-4x4-1-768x888.jpg 768w, https:\/\/jornalfatosenoticias.com.br\/wp-content\/uploads\/2024\/08\/Serra-4x4-1.jpg 1181w\" sizes=\"auto, (max-width: 260px) 100vw, 260px\" \/><\/a><\/figure><\/div>\n\n\n\n<p>Pesquisas apontam que o \u00f3leo essencial de lavanda tem a\u00e7\u00e3o anti-inflamat\u00f3ria e <a href=\"https:\/\/www.bonsfluidos.com.br\/bem-estar\/poder-da-natureza-prepare-uma-infusao-de-camomila-que-age-como-anti-inflamatoria-antioxidante-cicatrizante-e-antibacteriana.phtml\">antibacteriana<\/a>, o que pode ajudar em casos de acne, irrita\u00e7\u00f5es e pequenas feridas. Em estudos com animais, o uso t\u00f3pico do \u00f3leo favoreceu a cicatriza\u00e7\u00e3o e a produ\u00e7\u00e3o de col\u00e1geno, essencial para a regenera\u00e7\u00e3o da pele. Embora o ch\u00e1 n\u00e3o substitua tratamentos dermatol\u00f3gicos, seu consumo pode complementar o cuidado interno com o organismo, estimulando processos de reparo e equil\u00edbrio.<\/p>\n\n\n\n<div class=\"wp-block-image\"><figure class=\"aligncenter size-large is-resized\"><a href=\"https:\/\/hotelmarquetti.com.br\/\"><img loading=\"lazy\" decoding=\"async\" src=\"https:\/\/jornalfatosenoticias.com.br\/wp-content\/uploads\/2020\/02\/LOGO-MQ-1024x680.jpg\" alt=\"\" class=\"wp-image-58299\" width=\"333\" height=\"221\" srcset=\"https:\/\/jornalfatosenoticias.com.br\/wp-content\/uploads\/2020\/02\/LOGO-MQ-1024x680.jpg 1024w, https:\/\/jornalfatosenoticias.com.br\/wp-content\/uploads\/2020\/02\/LOGO-MQ-300x199.jpg 300w, https:\/\/jornalfatosenoticias.com.br\/wp-content\/uploads\/2020\/02\/LOGO-MQ-768x510.jpg 768w, https:\/\/jornalfatosenoticias.com.br\/wp-content\/uploads\/2020\/02\/LOGO-MQ-1536x1020.jpg 1536w, https:\/\/jornalfatosenoticias.com.br\/wp-content\/uploads\/2020\/02\/LOGO-MQ-2048x1360.jpg 2048w\" sizes=\"auto, (max-width: 333px) 100vw, 333px\" \/><\/a><\/figure><\/div>\n\n\n\n<p>Por ter efeitos relaxantes e calmantes, o ch\u00e1 de lavanda \u00e9 ideal para o per\u00edodo noturno, cerca de uma hora antes de <a href=\"https:\/\/www.bonsfluidos.com.br\/comportamento\/dormir-em-camas-separadas-faz-bem-para-um-casal-entenda-a-tendencia.phtml\">dormir<\/a>. Isso ajuda o corpo a desacelerar e prepara o sistema nervoso para o repouso. Para preparar, basta aquecer 250 ml de \u00e1gua e despejar sobre meia colher de ch\u00e1 de flores de lavanda secas. Deixe em infus\u00e3o por alguns minutos e coe antes de beber.<\/p>\n\n\n\n<div class=\"wp-block-image\"><figure class=\"aligncenter size-large is-resized\"><a href=\"https:\/\/panper.com.br\/\"><img loading=\"lazy\" decoding=\"async\" src=\"https:\/\/jornalfatosenoticias.com.br\/wp-content\/uploads\/2023\/03\/logo-Panper_portal.jpg\" alt=\"\" class=\"wp-image-40208\" width=\"300\" height=\"208\" srcset=\"https:\/\/jornalfatosenoticias.com.br\/wp-content\/uploads\/2023\/03\/logo-Panper_portal.jpg 400w, https:\/\/jornalfatosenoticias.com.br\/wp-content\/uploads\/2023\/03\/logo-Panper_portal-300x208.jpg 300w\" sizes=\"auto, (max-width: 300px) 100vw, 300px\" \/><\/a><\/figure><\/div>\n\n\n\n<p>Apesar de ser uma bebida natural, deve-se consumir o ch\u00e1 com modera\u00e7\u00e3o. H\u00e1 relatos isolados de batimentos card\u00edacos acelerados ap\u00f3s o consumo excessivo. Al\u00e9m disso, o <a href=\"https:\/\/www.bonsfluidos.com.br\/bem-estar\/vetiver-o-oleo-essencial-do-enraizamento-e-da-presenca.phtml\">\u00f3leo essencial<\/a> de lavanda nunca deve ser ingerido, apenas utilizado dilu\u00eddo na pele ou em difusores para aromaterapia. Gestantes, lactantes e pessoas com problemas card\u00edacos ou que fazem uso de medica\u00e7\u00e3o cont\u00ednua devem consultar um profissional de sa\u00fade antes de usar o ch\u00e1 ou qualquer produto \u00e0 base de lavanda.<\/p>\n\n\n\n<div class=\"wp-block-image\"><figure class=\"aligncenter size-large is-resized\"><a href=\"https:\/\/www.facebook.com\/postobkr\/?locale=pt_BR\"><img loading=\"lazy\" decoding=\"async\" src=\"https:\/\/jornalfatosenoticias.com.br\/wp-content\/uploads\/2023\/08\/BKR-1024x1021.jpg\" alt=\"\" class=\"wp-image-44494\" width=\"281\" height=\"280\" srcset=\"https:\/\/jornalfatosenoticias.com.br\/wp-content\/uploads\/2023\/08\/BKR-1024x1021.jpg 1024w, https:\/\/jornalfatosenoticias.com.br\/wp-content\/uploads\/2023\/08\/BKR-300x300.jpg 300w, https:\/\/jornalfatosenoticias.com.br\/wp-content\/uploads\/2023\/08\/BKR-150x150.jpg 150w, https:\/\/jornalfatosenoticias.com.br\/wp-content\/uploads\/2023\/08\/BKR-768x766.jpg 768w, https:\/\/jornalfatosenoticias.com.br\/wp-content\/uploads\/2023\/08\/BKR.jpg 1080w\" sizes=\"auto, (max-width: 281px) 100vw, 281px\" \/><\/a><\/figure><\/div>\n\n\n\n<p>Tomar uma x\u00edcara de ch\u00e1 de lavanda pode ser mais do que uma pausa <a href=\"https:\/\/www.bonsfluidos.com.br\/bem-estar\/a-magia-da-meditacao-mais-do-que-relaxamento-uma-ferramenta-para-transformar-o-cerebro.phtml\">relaxante<\/a>, \u00e9 um convite para o equil\u00edbrio. O aroma delicado, somado aos efeitos calmantes naturais, transforma esse momento em um gesto simples de cuidado com o corpo e a mente.<\/p>\n\n\n\n<p><strong>Fonte: <a href=\"https:\/\/www.bonsfluidos.com.br\/bem-estar\/cha-de-lavanda-quais-sao-os-beneficios-para-a-saude.phtml\">Bons Fluidos<\/a><\/strong><\/p>\n","protected":false},"excerpt":{"rendered":"<p>Calmante natural, o ch\u00e1 de lavanda ajuda a relaxar, melhora o sono, alivia c\u00f3licas e ainda traz benef\u00edcios para a pele e o humor Por Isabella Bisordi Com seu aroma suave e cor caracter\u00edstica, a lavanda vai muito al\u00e9m do uso em perfumes e aromaterapia. O ch\u00e1 de lavanda, preparado a partir da infus\u00e3o dos [&hellip;]<\/p>\n","protected":false},"author":2,"featured_media":62491,"comment_status":"open","ping_status":"open","sticky":false,"template":"","format":"standard","meta":{"footnotes":""},"categories":[42],"tags":[385,28499,2074,28498,25300,2280,5746,13390,74,688],"class_list":["post-62490","post","type-post","status-publish","format-standard","has-post-thumbnail","hentry","category-bem-estar","tag-bem-estar","tag-calmantes","tag-cha","tag-cha-de-lavanda","tag-cuidados-com-a-saude","tag-estresse","tag-lavanda","tag-relaxamento","tag-saude","tag-saude-mental"],"yoast_head":"<!-- This site is optimized with the Yoast SEO plugin v26.5 - https:\/\/yoast.com\/wordpress\/plugins\/seo\/ -->\n<title>Ch\u00e1 de lavanda: quais s\u00e3o os benef\u00edcios para a sa\u00fade? - Jornal Fatos e Not\u00edcias<\/title>\n<meta name=\"robots\" content=\"index, follow, max-snippet:-1, max-image-preview:large, max-video-preview:-1\" \/>\n<link rel=\"canonical\" href=\"https:\/\/jornalfatosenoticias.com.br\/index.php\/2025\/10\/13\/cha-de-lavanda-quais-sao-os-beneficios-para-a-saude\/\" \/>\n<meta property=\"og:locale\" content=\"pt_BR\" \/>\n<meta property=\"og:type\" content=\"article\" \/>\n<meta property=\"og:title\" content=\"Ch\u00e1 de lavanda: quais s\u00e3o os benef\u00edcios para a sa\u00fade? - Jornal Fatos e Not\u00edcias\" \/>\n<meta property=\"og:description\" content=\"Calmante natural, o ch\u00e1 de lavanda ajuda a relaxar, melhora o sono, alivia c\u00f3licas e ainda traz benef\u00edcios para a pele e o humor Por Isabella Bisordi Com seu aroma suave e cor caracter\u00edstica, a lavanda vai muito al\u00e9m do uso em perfumes e aromaterapia. O ch\u00e1 de lavanda, preparado a partir da infus\u00e3o dos [&hellip;]\" \/>\n<meta property=\"og:url\" content=\"https:\/\/jornalfatosenoticias.com.br\/index.php\/2025\/10\/13\/cha-de-lavanda-quais-sao-os-beneficios-para-a-saude\/\" \/>\n<meta property=\"og:site_name\" content=\"Jornal Fatos e Not\u00edcias\" \/>\n<meta property=\"article:published_time\" content=\"2025-10-13T19:09:57+00:00\" \/>\n<meta property=\"article:modified_time\" content=\"2025-10-13T19:09:58+00:00\" \/>\n<meta property=\"og:image\" content=\"https:\/\/jornalfatosenoticias.com.br\/wp-content\/uploads\/2025\/10\/cha-de-lavanda_istock.jpg\" \/>\n\t<meta property=\"og:image:width\" content=\"612\" \/>\n\t<meta property=\"og:image:height\" content=\"408\" \/>\n\t<meta property=\"og:image:type\" content=\"image\/jpeg\" \/>\n<meta name=\"author\" content=\"Luzimara Fernandes\" \/>\n<meta name=\"twitter:card\" content=\"summary_large_image\" \/>\n<meta name=\"twitter:label1\" content=\"Escrito por\" \/>\n\t<meta name=\"twitter:data1\" content=\"Luzimara Fernandes\" \/>\n\t<meta name=\"twitter:label2\" content=\"Est. tempo de leitura\" \/>\n\t<meta name=\"twitter:data2\" content=\"3 minutos\" \/>\n<script type=\"application\/ld+json\" class=\"yoast-schema-graph\">{\"@context\":\"https:\/\/schema.org\",\"@graph\":[{\"@type\":\"Article\",\"@id\":\"https:\/\/jornalfatosenoticias.com.br\/index.php\/2025\/10\/13\/cha-de-lavanda-quais-sao-os-beneficios-para-a-saude\/#article\",\"isPartOf\":{\"@id\":\"https:\/\/jornalfatosenoticias.com.br\/index.php\/2025\/10\/13\/cha-de-lavanda-quais-sao-os-beneficios-para-a-saude\/\"},\"author\":{\"name\":\"Luzimara Fernandes\",\"@id\":\"https:\/\/jornalfatosenoticias.com.br\/#\/schema\/person\/d63837fa13ac8666eb9e74e0985d6f81\"},\"headline\":\"Ch\u00e1 de lavanda: quais s\u00e3o os benef\u00edcios para a sa\u00fade?\",\"datePublished\":\"2025-10-13T19:09:57+00:00\",\"dateModified\":\"2025-10-13T19:09:58+00:00\",\"mainEntityOfPage\":{\"@id\":\"https:\/\/jornalfatosenoticias.com.br\/index.php\/2025\/10\/13\/cha-de-lavanda-quais-sao-os-beneficios-para-a-saude\/\"},\"wordCount\":688,\"commentCount\":0,\"publisher\":{\"@id\":\"https:\/\/jornalfatosenoticias.com.br\/#organization\"},\"image\":{\"@id\":\"https:\/\/jornalfatosenoticias.com.br\/index.php\/2025\/10\/13\/cha-de-lavanda-quais-sao-os-beneficios-para-a-saude\/#primaryimage\"},\"thumbnailUrl\":\"https:\/\/jornalfatosenoticias.com.br\/wp-content\/uploads\/2025\/10\/cha-de-lavanda_istock.jpg\",\"keywords\":[\"bem-estar\",\"calmantes\",\"ch\u00e1\",\"ch\u00e1 de lavanda\",\"cuidados com a sa\u00fade\",\"estresse\",\"lavanda\",\"relaxamento\",\"sa\u00fade\",\"sa\u00fade mental\"],\"articleSection\":[\"Bem-estar\"],\"inLanguage\":\"pt-BR\",\"potentialAction\":[{\"@type\":\"CommentAction\",\"name\":\"Comment\",\"target\":[\"https:\/\/jornalfatosenoticias.com.br\/index.php\/2025\/10\/13\/cha-de-lavanda-quais-sao-os-beneficios-para-a-saude\/#respond\"]}]},{\"@type\":\"WebPage\",\"@id\":\"https:\/\/jornalfatosenoticias.com.br\/index.php\/2025\/10\/13\/cha-de-lavanda-quais-sao-os-beneficios-para-a-saude\/\",\"url\":\"https:\/\/jornalfatosenoticias.com.br\/index.php\/2025\/10\/13\/cha-de-lavanda-quais-sao-os-beneficios-para-a-saude\/\",\"name\":\"Ch\u00e1 de lavanda: quais s\u00e3o os benef\u00edcios para a sa\u00fade? - Jornal Fatos e Not\u00edcias\",\"isPartOf\":{\"@id\":\"https:\/\/jornalfatosenoticias.com.br\/#website\"},\"primaryImageOfPage\":{\"@id\":\"https:\/\/jornalfatosenoticias.com.br\/index.php\/2025\/10\/13\/cha-de-lavanda-quais-sao-os-beneficios-para-a-saude\/#primaryimage\"},\"image\":{\"@id\":\"https:\/\/jornalfatosenoticias.com.br\/index.php\/2025\/10\/13\/cha-de-lavanda-quais-sao-os-beneficios-para-a-saude\/#primaryimage\"},\"thumbnailUrl\":\"https:\/\/jornalfatosenoticias.com.br\/wp-content\/uploads\/2025\/10\/cha-de-lavanda_istock.jpg\",\"datePublished\":\"2025-10-13T19:09:57+00:00\",\"dateModified\":\"2025-10-13T19:09:58+00:00\",\"breadcrumb\":{\"@id\":\"https:\/\/jornalfatosenoticias.com.br\/index.php\/2025\/10\/13\/cha-de-lavanda-quais-sao-os-beneficios-para-a-saude\/#breadcrumb\"},\"inLanguage\":\"pt-BR\",\"potentialAction\":[{\"@type\":\"ReadAction\",\"target\":[\"https:\/\/jornalfatosenoticias.com.br\/index.php\/2025\/10\/13\/cha-de-lavanda-quais-sao-os-beneficios-para-a-saude\/\"]}]},{\"@type\":\"ImageObject\",\"inLanguage\":\"pt-BR\",\"@id\":\"https:\/\/jornalfatosenoticias.com.br\/index.php\/2025\/10\/13\/cha-de-lavanda-quais-sao-os-beneficios-para-a-saude\/#primaryimage\",\"url\":\"https:\/\/jornalfatosenoticias.com.br\/wp-content\/uploads\/2025\/10\/cha-de-lavanda_istock.jpg\",\"contentUrl\":\"https:\/\/jornalfatosenoticias.com.br\/wp-content\/uploads\/2025\/10\/cha-de-lavanda_istock.jpg\",\"width\":612,\"height\":408,\"caption\":\"Healthy lavender tea cup, jar of honey and lavender flowers. Selective focus. Retro styled.\"},{\"@type\":\"BreadcrumbList\",\"@id\":\"https:\/\/jornalfatosenoticias.com.br\/index.php\/2025\/10\/13\/cha-de-lavanda-quais-sao-os-beneficios-para-a-saude\/#breadcrumb\",\"itemListElement\":[{\"@type\":\"ListItem\",\"position\":1,\"name\":\"In\u00edcio\",\"item\":\"https:\/\/jornalfatosenoticias.com.br\/\"},{\"@type\":\"ListItem\",\"position\":2,\"name\":\"Ch\u00e1 de lavanda: quais s\u00e3o os benef\u00edcios para a sa\u00fade?\"}]},{\"@type\":\"WebSite\",\"@id\":\"https:\/\/jornalfatosenoticias.com.br\/#website\",\"url\":\"https:\/\/jornalfatosenoticias.com.br\/\",\"name\":\"Jornal Fatos e Not\u00edcias\",\"description\":\"Not\u00edcias em geral\",\"publisher\":{\"@id\":\"https:\/\/jornalfatosenoticias.com.br\/#organization\"},\"potentialAction\":[{\"@type\":\"SearchAction\",\"target\":{\"@type\":\"EntryPoint\",\"urlTemplate\":\"https:\/\/jornalfatosenoticias.com.br\/?s={search_term_string}\"},\"query-input\":{\"@type\":\"PropertyValueSpecification\",\"valueRequired\":true,\"valueName\":\"search_term_string\"}}],\"inLanguage\":\"pt-BR\"},{\"@type\":\"Organization\",\"@id\":\"https:\/\/jornalfatosenoticias.com.br\/#organization\",\"name\":\"Jornal Fatos e Not\u00edcias\",\"url\":\"https:\/\/jornalfatosenoticias.com.br\/\",\"logo\":{\"@type\":\"ImageObject\",\"inLanguage\":\"pt-BR\",\"@id\":\"https:\/\/jornalfatosenoticias.com.br\/#\/schema\/logo\/image\/\",\"url\":\"https:\/\/jornalfatosenoticias.com.br\/wp-content\/uploads\/2020\/02\/logo120.png\",\"contentUrl\":\"https:\/\/jornalfatosenoticias.com.br\/wp-content\/uploads\/2020\/02\/logo120.png\",\"width\":1227,\"height\":120,\"caption\":\"Jornal Fatos e Not\u00edcias\"},\"image\":{\"@id\":\"https:\/\/jornalfatosenoticias.com.br\/#\/schema\/logo\/image\/\"}},{\"@type\":\"Person\",\"@id\":\"https:\/\/jornalfatosenoticias.com.br\/#\/schema\/person\/d63837fa13ac8666eb9e74e0985d6f81\",\"name\":\"Luzimara Fernandes\",\"image\":{\"@type\":\"ImageObject\",\"inLanguage\":\"pt-BR\",\"@id\":\"https:\/\/jornalfatosenoticias.com.br\/#\/schema\/person\/image\/\",\"url\":\"https:\/\/jornalfatosenoticias.com.br\/wp-content\/uploads\/2025\/05\/EU_portal.jpg\",\"contentUrl\":\"https:\/\/jornalfatosenoticias.com.br\/wp-content\/uploads\/2025\/05\/EU_portal.jpg\",\"caption\":\"Luzimara Fernandes\"},\"description\":\"Jornalista MTB 2358-ES\",\"sameAs\":[\"https:\/\/jornalfatosenoticias.com.br\"],\"url\":\"https:\/\/jornalfatosenoticias.com.br\/index.php\/author\/luzimara\/\"}]}<\/script>\n<!-- \/ Yoast SEO plugin. -->","yoast_head_json":{"title":"Ch\u00e1 de lavanda: quais s\u00e3o os benef\u00edcios para a sa\u00fade? - Jornal Fatos e Not\u00edcias","robots":{"index":"index","follow":"follow","max-snippet":"max-snippet:-1","max-image-preview":"max-image-preview:large","max-video-preview":"max-video-preview:-1"},"canonical":"https:\/\/jornalfatosenoticias.com.br\/index.php\/2025\/10\/13\/cha-de-lavanda-quais-sao-os-beneficios-para-a-saude\/","og_locale":"pt_BR","og_type":"article","og_title":"Ch\u00e1 de lavanda: quais s\u00e3o os benef\u00edcios para a sa\u00fade? - Jornal Fatos e Not\u00edcias","og_description":"Calmante natural, o ch\u00e1 de lavanda ajuda a relaxar, melhora o sono, alivia c\u00f3licas e ainda traz benef\u00edcios para a pele e o humor Por Isabella Bisordi Com seu aroma suave e cor caracter\u00edstica, a lavanda vai muito al\u00e9m do uso em perfumes e aromaterapia. O ch\u00e1 de lavanda, preparado a partir da infus\u00e3o dos [&hellip;]","og_url":"https:\/\/jornalfatosenoticias.com.br\/index.php\/2025\/10\/13\/cha-de-lavanda-quais-sao-os-beneficios-para-a-saude\/","og_site_name":"Jornal Fatos e Not\u00edcias","article_published_time":"2025-10-13T19:09:57+00:00","article_modified_time":"2025-10-13T19:09:58+00:00","og_image":[{"width":612,"height":408,"url":"https:\/\/jornalfatosenoticias.com.br\/wp-content\/uploads\/2025\/10\/cha-de-lavanda_istock.jpg","type":"image\/jpeg"}],"author":"Luzimara Fernandes","twitter_card":"summary_large_image","twitter_misc":{"Escrito por":"Luzimara Fernandes","Est. tempo de leitura":"3 minutos"},"schema":{"@context":"https:\/\/schema.org","@graph":[{"@type":"Article","@id":"https:\/\/jornalfatosenoticias.com.br\/index.php\/2025\/10\/13\/cha-de-lavanda-quais-sao-os-beneficios-para-a-saude\/#article","isPartOf":{"@id":"https:\/\/jornalfatosenoticias.com.br\/index.php\/2025\/10\/13\/cha-de-lavanda-quais-sao-os-beneficios-para-a-saude\/"},"author":{"name":"Luzimara Fernandes","@id":"https:\/\/jornalfatosenoticias.com.br\/#\/schema\/person\/d63837fa13ac8666eb9e74e0985d6f81"},"headline":"Ch\u00e1 de lavanda: quais s\u00e3o os benef\u00edcios para a sa\u00fade?","datePublished":"2025-10-13T19:09:57+00:00","dateModified":"2025-10-13T19:09:58+00:00","mainEntityOfPage":{"@id":"https:\/\/jornalfatosenoticias.com.br\/index.php\/2025\/10\/13\/cha-de-lavanda-quais-sao-os-beneficios-para-a-saude\/"},"wordCount":688,"commentCount":0,"publisher":{"@id":"https:\/\/jornalfatosenoticias.com.br\/#organization"},"image":{"@id":"https:\/\/jornalfatosenoticias.com.br\/index.php\/2025\/10\/13\/cha-de-lavanda-quais-sao-os-beneficios-para-a-saude\/#primaryimage"},"thumbnailUrl":"https:\/\/jornalfatosenoticias.com.br\/wp-content\/uploads\/2025\/10\/cha-de-lavanda_istock.jpg","keywords":["bem-estar","calmantes","ch\u00e1","ch\u00e1 de lavanda","cuidados com a sa\u00fade","estresse","lavanda","relaxamento","sa\u00fade","sa\u00fade mental"],"articleSection":["Bem-estar"],"inLanguage":"pt-BR","potentialAction":[{"@type":"CommentAction","name":"Comment","target":["https:\/\/jornalfatosenoticias.com.br\/index.php\/2025\/10\/13\/cha-de-lavanda-quais-sao-os-beneficios-para-a-saude\/#respond"]}]},{"@type":"WebPage","@id":"https:\/\/jornalfatosenoticias.com.br\/index.php\/2025\/10\/13\/cha-de-lavanda-quais-sao-os-beneficios-para-a-saude\/","url":"https:\/\/jornalfatosenoticias.com.br\/index.php\/2025\/10\/13\/cha-de-lavanda-quais-sao-os-beneficios-para-a-saude\/","name":"Ch\u00e1 de lavanda: quais s\u00e3o os benef\u00edcios para a sa\u00fade? - Jornal Fatos e Not\u00edcias","isPartOf":{"@id":"https:\/\/jornalfatosenoticias.com.br\/#website"},"primaryImageOfPage":{"@id":"https:\/\/jornalfatosenoticias.com.br\/index.php\/2025\/10\/13\/cha-de-lavanda-quais-sao-os-beneficios-para-a-saude\/#primaryimage"},"image":{"@id":"https:\/\/jornalfatosenoticias.com.br\/index.php\/2025\/10\/13\/cha-de-lavanda-quais-sao-os-beneficios-para-a-saude\/#primaryimage"},"thumbnailUrl":"https:\/\/jornalfatosenoticias.com.br\/wp-content\/uploads\/2025\/10\/cha-de-lavanda_istock.jpg","datePublished":"2025-10-13T19:09:57+00:00","dateModified":"2025-10-13T19:09:58+00:00","breadcrumb":{"@id":"https:\/\/jornalfatosenoticias.com.br\/index.php\/2025\/10\/13\/cha-de-lavanda-quais-sao-os-beneficios-para-a-saude\/#breadcrumb"},"inLanguage":"pt-BR","potentialAction":[{"@type":"ReadAction","target":["https:\/\/jornalfatosenoticias.com.br\/index.php\/2025\/10\/13\/cha-de-lavanda-quais-sao-os-beneficios-para-a-saude\/"]}]},{"@type":"ImageObject","inLanguage":"pt-BR","@id":"https:\/\/jornalfatosenoticias.com.br\/index.php\/2025\/10\/13\/cha-de-lavanda-quais-sao-os-beneficios-para-a-saude\/#primaryimage","url":"https:\/\/jornalfatosenoticias.com.br\/wp-content\/uploads\/2025\/10\/cha-de-lavanda_istock.jpg","contentUrl":"https:\/\/jornalfatosenoticias.com.br\/wp-content\/uploads\/2025\/10\/cha-de-lavanda_istock.jpg","width":612,"height":408,"caption":"Healthy lavender tea cup, jar of honey and lavender flowers. Selective focus. Retro styled."},{"@type":"BreadcrumbList","@id":"https:\/\/jornalfatosenoticias.com.br\/index.php\/2025\/10\/13\/cha-de-lavanda-quais-sao-os-beneficios-para-a-saude\/#breadcrumb","itemListElement":[{"@type":"ListItem","position":1,"name":"In\u00edcio","item":"https:\/\/jornalfatosenoticias.com.br\/"},{"@type":"ListItem","position":2,"name":"Ch\u00e1 de lavanda: quais s\u00e3o os benef\u00edcios para a sa\u00fade?"}]},{"@type":"WebSite","@id":"https:\/\/jornalfatosenoticias.com.br\/#website","url":"https:\/\/jornalfatosenoticias.com.br\/","name":"Jornal Fatos e Not\u00edcias","description":"Not\u00edcias em geral","publisher":{"@id":"https:\/\/jornalfatosenoticias.com.br\/#organization"},"potentialAction":[{"@type":"SearchAction","target":{"@type":"EntryPoint","urlTemplate":"https:\/\/jornalfatosenoticias.com.br\/?s={search_term_string}"},"query-input":{"@type":"PropertyValueSpecification","valueRequired":true,"valueName":"search_term_string"}}],"inLanguage":"pt-BR"},{"@type":"Organization","@id":"https:\/\/jornalfatosenoticias.com.br\/#organization","name":"Jornal Fatos e Not\u00edcias","url":"https:\/\/jornalfatosenoticias.com.br\/","logo":{"@type":"ImageObject","inLanguage":"pt-BR","@id":"https:\/\/jornalfatosenoticias.com.br\/#\/schema\/logo\/image\/","url":"https:\/\/jornalfatosenoticias.com.br\/wp-content\/uploads\/2020\/02\/logo120.png","contentUrl":"https:\/\/jornalfatosenoticias.com.br\/wp-content\/uploads\/2020\/02\/logo120.png","width":1227,"height":120,"caption":"Jornal Fatos e Not\u00edcias"},"image":{"@id":"https:\/\/jornalfatosenoticias.com.br\/#\/schema\/logo\/image\/"}},{"@type":"Person","@id":"https:\/\/jornalfatosenoticias.com.br\/#\/schema\/person\/d63837fa13ac8666eb9e74e0985d6f81","name":"Luzimara Fernandes","image":{"@type":"ImageObject","inLanguage":"pt-BR","@id":"https:\/\/jornalfatosenoticias.com.br\/#\/schema\/person\/image\/","url":"https:\/\/jornalfatosenoticias.com.br\/wp-content\/uploads\/2025\/05\/EU_portal.jpg","contentUrl":"https:\/\/jornalfatosenoticias.com.br\/wp-content\/uploads\/2025\/05\/EU_portal.jpg","caption":"Luzimara Fernandes"},"description":"Jornalista MTB 2358-ES","sameAs":["https:\/\/jornalfatosenoticias.com.br"],"url":"https:\/\/jornalfatosenoticias.com.br\/index.php\/author\/luzimara\/"}]}},"cc_featured_image_caption":{"caption_text":"(Foto: iStock)  ","source_text":"","source_url":""},"jetpack_featured_media_url":"https:\/\/jornalfatosenoticias.com.br\/wp-content\/uploads\/2025\/10\/cha-de-lavanda_istock.jpg","_links":{"self":[{"href":"https:\/\/jornalfatosenoticias.com.br\/index.php\/wp-json\/wp\/v2\/posts\/62490","targetHints":{"allow":["GET"]}}],"collection":[{"href":"https:\/\/jornalfatosenoticias.com.br\/index.php\/wp-json\/wp\/v2\/posts"}],"about":[{"href":"https:\/\/jornalfatosenoticias.com.br\/index.php\/wp-json\/wp\/v2\/types\/post"}],"author":[{"embeddable":true,"href":"https:\/\/jornalfatosenoticias.com.br\/index.php\/wp-json\/wp\/v2\/users\/2"}],"replies":[{"embeddable":true,"href":"https:\/\/jornalfatosenoticias.com.br\/index.php\/wp-json\/wp\/v2\/comments?post=62490"}],"version-history":[{"count":0,"href":"https:\/\/jornalfatosenoticias.com.br\/index.php\/wp-json\/wp\/v2\/posts\/62490\/revisions"}],"wp:featuredmedia":[{"embeddable":true,"href":"https:\/\/jornalfatosenoticias.com.br\/index.php\/wp-json\/wp\/v2\/media\/62491"}],"wp:attachment":[{"href":"https:\/\/jornalfatosenoticias.com.br\/index.php\/wp-json\/wp\/v2\/media?parent=62490"}],"wp:term":[{"taxonomy":"category","embeddable":true,"href":"https:\/\/jornalfatosenoticias.com.br\/index.php\/wp-json\/wp\/v2\/categories?post=62490"},{"taxonomy":"post_tag","embeddable":true,"href":"https:\/\/jornalfatosenoticias.com.br\/index.php\/wp-json\/wp\/v2\/tags?post=62490"}],"curies":[{"name":"wp","href":"https:\/\/api.w.org\/{rel}","templated":true}]}}