{"id":62493,"date":"2025-10-14T16:40:03","date_gmt":"2025-10-14T19:40:03","guid":{"rendered":"https:\/\/jornalfatosenoticias.com.br\/?p=62493"},"modified":"2025-10-14T16:40:04","modified_gmt":"2025-10-14T19:40:04","slug":"nave-traz-cargas-do-espaco-a-terra-em-menos-de-uma-hora","status":"publish","type":"post","link":"https:\/\/jornalfatosenoticias.com.br\/index.php\/2025\/10\/14\/nave-traz-cargas-do-espaco-a-terra-em-menos-de-uma-hora\/","title":{"rendered":"Nave traz cargas do espa\u00e7o \u00e0 Terra em menos de uma hora"},"content":{"rendered":"\n<p><em><span class=\"has-inline-color has-black-color\">Quando acionadas sob demanda, as naves descem da \u00f3rbita, manobram por reentrada hipers\u00f4nica e pousam sob paraquedas<\/span><\/em><\/p>\n\n\n\n<p><span class=\"has-inline-color has-black-color\">Por <strong><a href=\"https:\/\/olhardigital.com.br\/author\/bruna-barone\/\">Bruna Barone<\/a><\/strong><\/span><\/p>\n\n\n\n<div class=\"wp-block-image\"><figure class=\"aligncenter size-large is-resized\"><a href=\"https:\/\/www.facebook.com\/vetor.vix\/\"><img loading=\"lazy\" decoding=\"async\" src=\"https:\/\/jornalfatosenoticias.com.br\/wp-content\/uploads\/2023\/09\/vetorvix1024_1.jpg\" alt=\"\" class=\"wp-image-44868\" width=\"531\" height=\"141\" srcset=\"https:\/\/jornalfatosenoticias.com.br\/wp-content\/uploads\/2023\/09\/vetorvix1024_1.jpg 1024w, https:\/\/jornalfatosenoticias.com.br\/wp-content\/uploads\/2023\/09\/vetorvix1024_1-300x80.jpg 300w, https:\/\/jornalfatosenoticias.com.br\/wp-content\/uploads\/2023\/09\/vetorvix1024_1-768x205.jpg 768w\" sizes=\"auto, (max-width: 531px) 100vw, 531px\" \/><\/a><\/figure><\/div>\n\n\n\n<p><strong>Arc<\/strong> \u00e9 o nome do novo ve\u00edculo de entrega espacial da Inversion, empresa estadunidense de tecnologia aeroespacial e de defesa. E a promessa da novidade \u00e9 ousada: permitir acesso a qualquer lugar da <strong><strong><a href=\"https:\/\/olhardigital.com.br\/tag\/terra\/\" target=\"_blank\" rel=\"noreferrer noopener\">Terra<\/a><\/strong><\/strong> em menos de uma hora, com entrega r\u00e1pida de cargas e equipamentos de miss\u00e3o cr\u00edtica a ambientes com infraestrutura limitada.<\/p>\n\n\n\n<blockquote class=\"wp-block-quote is-layout-flow wp-block-quote-is-layout-flow\"><p><span class=\"has-inline-color has-luminous-vivid-orange-color\">Essa capacidade estabelece o espa\u00e7o como um novo dom\u00ednio log\u00edstico global, introduzindo velocidade, alcance e resili\u00eancia sem precedentes para a seguran\u00e7a nacional\u201d, diz o <strong><a href=\"https:\/\/medium.com\/@inversion-space\/inversion-unveils-arc-a-first-of-its-kind-space-based-delivery-vehicle-af80a92d2c28\" target=\"_blank\" rel=\"noreferrer noopener\">comunicado<\/a><\/strong> da companhia, que pretende realizar o primeiro voo em 2026. \u201cCom o tempo, essa mesma infraestrutura pode se expandir para dar suporte a mercados comerciais mais amplos\u201d.<\/span><\/p><\/blockquote>\n\n\n\n<div class=\"wp-block-image\"><figure class=\"aligncenter size-large is-resized\"><a href=\"https:\/\/www.facebook.com\/profile.php?id=100069289606145\"><img loading=\"lazy\" decoding=\"async\" src=\"https:\/\/jornalfatosenoticias.com.br\/wp-content\/uploads\/2024\/11\/Guaitolini-Contabilidade-1024x714.jpeg\" alt=\"\" class=\"wp-image-55808\" width=\"340\" height=\"237\" srcset=\"https:\/\/jornalfatosenoticias.com.br\/wp-content\/uploads\/2024\/11\/Guaitolini-Contabilidade-1024x714.jpeg 1024w, https:\/\/jornalfatosenoticias.com.br\/wp-content\/uploads\/2024\/11\/Guaitolini-Contabilidade-300x209.jpeg 300w, https:\/\/jornalfatosenoticias.com.br\/wp-content\/uploads\/2024\/11\/Guaitolini-Contabilidade-768x535.jpeg 768w, https:\/\/jornalfatosenoticias.com.br\/wp-content\/uploads\/2024\/11\/Guaitolini-Contabilidade.jpeg 1280w\" sizes=\"auto, (max-width: 340px) 100vw, 340px\" \/><\/a><\/figure><\/div>\n\n\n\n<p>Al\u00e9m de sua miss\u00e3o de entrega, o Arc oferece capacidades de teste <strong><strong><a href=\"https:\/\/olhardigital.com.br\/tag\/velocidade-hipersonica\/\" target=\"_blank\" rel=\"noreferrer noopener\">hipers\u00f4nico<\/a><\/strong><\/strong>, incluindo manobrabilidade a Mach 20+, tempo prolongado em condi\u00e7\u00f5es e alta carga G sustentada. O ve\u00edculo \u00e9 totalmente reutiliz\u00e1vel, tornando os experimentos hipers\u00f4nicos mais r\u00e1pidos, repet\u00edveis e acess\u00edveis, segundo a Inversion. \u00c0 medida que os <strong><a href=\"https:\/\/olhardigital.com.br\/tag\/estados-unidos\/\" target=\"_blank\" rel=\"noreferrer noopener\">Estados Unidos<\/a><\/strong> tornam os testes hipers\u00f4nicos uma prioridade nacional cr\u00edtica, os atributos exclusivos do Arc permitem uma replica\u00e7\u00e3o mais precisa das trajet\u00f3rias de amea\u00e7as da pr\u00f3xima gera\u00e7\u00e3o, diz a empresa.<\/p>\n\n\n\n<div class=\"wp-block-image\"><figure class=\"aligncenter size-large\"><img loading=\"lazy\" decoding=\"async\" width=\"1000\" height=\"627\" src=\"https:\/\/jornalfatosenoticias.com.br\/wp-content\/uploads\/2025\/10\/ARC_NAVE-ESPACIAL.png\" alt=\"\" class=\"wp-image-62494\" srcset=\"https:\/\/jornalfatosenoticias.com.br\/wp-content\/uploads\/2025\/10\/ARC_NAVE-ESPACIAL.png 1000w, https:\/\/jornalfatosenoticias.com.br\/wp-content\/uploads\/2025\/10\/ARC_NAVE-ESPACIAL-300x188.png 300w, https:\/\/jornalfatosenoticias.com.br\/wp-content\/uploads\/2025\/10\/ARC_NAVE-ESPACIAL-768x482.png 768w, https:\/\/jornalfatosenoticias.com.br\/wp-content\/uploads\/2025\/10\/ARC_NAVE-ESPACIAL-350x220.png 350w\" sizes=\"auto, (max-width: 1000px) 100vw, 1000px\" \/><figcaption><em><span class=\"has-inline-color has-black-color\">Arc se baseia no voo da primeira nave espacial da Inversion, a Ray, que foi lan\u00e7ada em \u00f3rbita em janeiro de 2025 (Foto: Inversion\/Divulga\u00e7\u00e3o)<\/span><\/em><\/figcaption><\/figure><\/div>\n\n\n\n<p><strong><span class=\"has-inline-color has-black-color\">Esta\u00e7\u00e3o espacial<br><\/span>\u2022 <\/strong>O Arc foi projetado para acomodar uma ampla gama de cargas;<br><strong>\u2022<\/strong> Ao serem lan\u00e7ados em \u00f3rbita baixa da Terra, os ve\u00edculos formar\u00e3o constela\u00e7\u00f5es de tamanhos e localiza\u00e7\u00f5es variadas, de acordo com as necessidades de cada cliente;<br><strong>\u2022<\/strong> Quando acionadas sob demanda, as naves espaciais Arc descem da \u00f3rbita, manobram por reentrada hipers\u00f4nica e pousam em seguran\u00e7a sob paraquedas \u2014 tudo de forma aut\u00f4noma;<br><strong>\u2022<\/strong> \u201cCom enorme alcance transversal para cobrir grandes dist\u00e2ncias durante a reentrada e alta manobrabilidade em todas as fases do voo, o Arc oferece uma capacidade de transporte nunca antes vista\u201d, disse Justin Fiaschetti, cofundador e CEO da Inversion. \u201cVemos um futuro em que milhares de naves espaciais Arc formam uma rede log\u00edstica que proporciona alcance transformador, resili\u00eancia e dissuas\u00e3o para os Estados Unidos e seus aliados\u201d.<\/p>\n\n\n\n<div class=\"wp-block-image\"><figure class=\"aligncenter size-large is-resized\"><a href=\"https:\/\/www.controlsystems.com.br\/\"><img loading=\"lazy\" decoding=\"async\" src=\"https:\/\/jornalfatosenoticias.com.br\/wp-content\/uploads\/2020\/02\/CONTROL-CS.jpg\" alt=\"\" class=\"wp-image-44991\" width=\"273\" height=\"327\" srcset=\"https:\/\/jornalfatosenoticias.com.br\/wp-content\/uploads\/2020\/02\/CONTROL-CS.jpg 834w, https:\/\/jornalfatosenoticias.com.br\/wp-content\/uploads\/2020\/02\/CONTROL-CS-250x300.jpg 250w, https:\/\/jornalfatosenoticias.com.br\/wp-content\/uploads\/2020\/02\/CONTROL-CS-768x921.jpg 768w\" sizes=\"auto, (max-width: 273px) 100vw, 273px\" \/><\/a><\/figure><\/div>\n\n\n\n<p><strong><span class=\"has-inline-color has-black-color\">Parceria com a Nasa pelo Espa\u00e7o<br><\/span><\/strong>O Arc se baseia no voo da primeira <a href=\"https:\/\/olhardigital.com.br\/tag\/nave-espacial\/\" target=\"_blank\" rel=\"noreferrer noopener\"><strong>nave espacia<\/strong>l<\/a>\u00a0da Inversion, a\u00a0<strong>Ray<\/strong>, que foi\u00a0<a href=\"https:\/\/www.youtube.com\/watch?v=vG6Gxr3Rv4E\" target=\"_blank\" rel=\"noreferrer noopener\"><strong>lan\u00e7ada em \u00f3rbita<\/strong><\/a> em janeiro de 2025 e validou subsistemas t\u00e9cnicos essenciais, incluindo avi\u00f4nicos, pain\u00e9is solares, propuls\u00e3o e um sistema de separa\u00e7\u00e3o projetado internamente. Quase todos os componentes foram desenvolvidos internamente por uma equipe de 25 pessoas por menos de US$ 1 milh\u00e3o (R$ 5,3 milh\u00f5es, na convers\u00e3o direta) \u2014 prova de que a sistemas avan\u00e7ados podem ser criados a custos baixos, segundo a Inversion.<\/p>\n\n\n\n<div class=\"wp-block-image\"><figure class=\"aligncenter size-large is-resized\"><a href=\"https:\/\/www.instagram.com\/rcradiadores\/\"><img loading=\"lazy\" decoding=\"async\" src=\"https:\/\/jornalfatosenoticias.com.br\/wp-content\/uploads\/2022\/10\/RC_800x750_page-0001.jpg\" alt=\"\" class=\"wp-image-35338\" width=\"282\" height=\"264\" srcset=\"https:\/\/jornalfatosenoticias.com.br\/wp-content\/uploads\/2022\/10\/RC_800x750_page-0001.jpg 400w, https:\/\/jornalfatosenoticias.com.br\/wp-content\/uploads\/2022\/10\/RC_800x750_page-0001-300x281.jpg 300w\" sizes=\"auto, (max-width: 282px) 100vw, 282px\" \/><\/a><\/figure><\/div>\n\n\n\n<p>At\u00e9 agora, a empresa construiu uma unidade de desenvolvimento de fabrica\u00e7\u00e3o em escala real da estrutura prim\u00e1ria, concluiu o primeiro perfil de miss\u00e3o e realizou testes de queda para ajustar pousos precisos. A modelagem aerodin\u00e2mica tamb\u00e9m foi conclu\u00edda e uma parceria com a Nasa vai desenvolver um sistema de prote\u00e7\u00e3o t\u00e9rmica de \u00faltima gera\u00e7\u00e3o, projetado para os ambientes de reentrada mais extremos.<\/p>\n\n\n\n<div class=\"wp-block-image\"><figure class=\"aligncenter size-large is-resized\"><a href=\"https:\/\/www.instagram.com\/gruposei\/\"><img loading=\"lazy\" decoding=\"async\" src=\"https:\/\/jornalfatosenoticias.com.br\/wp-content\/uploads\/2022\/07\/Logo-Grupo-SEI.jpg\" alt=\"\" class=\"wp-image-31973\" width=\"356\" height=\"187\" srcset=\"https:\/\/jornalfatosenoticias.com.br\/wp-content\/uploads\/2022\/07\/Logo-Grupo-SEI.jpg 713w, https:\/\/jornalfatosenoticias.com.br\/wp-content\/uploads\/2022\/07\/Logo-Grupo-SEI-300x158.jpg 300w\" sizes=\"auto, (max-width: 356px) 100vw, 356px\" \/><\/a><\/figure><\/div>\n\n\n\n<p>Atualmente, a Lockheed Martin \u00e9 uma das investidoras da empresa sediada em Los Angeles (EUA), que tem trabalhado tamb\u00e9m com a For\u00e7a Espacial dos EUA para redefinir projetos de defesa e log\u00edstica no Espa\u00e7o. Na vis\u00e3o da empresa, a nave \u00e9 um primeiro passo para conectar comunidades e economias com velocidade e alcance sem precedentes.<\/p>\n\n\n\n<div class=\"wp-block-image\"><figure class=\"aligncenter size-large\"><a href=\"http:\/\/www.ferrarimaquinas.com.br\/\"><img loading=\"lazy\" decoding=\"async\" width=\"300\" height=\"250\" src=\"https:\/\/jornalfatosenoticias.com.br\/wp-content\/uploads\/2022\/02\/FERRARI_MAQUINAS-E-FERRAMENTAS2.jpg\" alt=\"\" class=\"wp-image-27860\"\/><\/a><\/figure><\/div>\n\n\n\n<blockquote class=\"wp-block-quote is-layout-flow wp-block-quote-is-layout-flow\"><p><span class=\"has-inline-color has-luminous-vivid-orange-color\">A hist\u00f3ria mostra que cada avan\u00e7o na log\u00edstica \u2014 das ferrovias \u00e0 avia\u00e7\u00e3o \u2014 abriu novas ind\u00fastrias e remodelou economias em escalas que poucos poderiam imaginar no in\u00edcio\u201d, disse Fiaschetti. \u201cO Arc representa o pr\u00f3ximo salto, criando uma rede log\u00edstica no Espa\u00e7o que tornar\u00e1 a Terra radicalmente mais acess\u00edvel\u201d.<\/span><\/p><\/blockquote>\n\n\n\n<figure class=\"wp-block-embed-youtube wp-block-embed is-type-video is-provider-youtube wp-embed-aspect-16-9 wp-has-aspect-ratio\"><div class=\"wp-block-embed__wrapper\">\n<iframe loading=\"lazy\" title=\"Introducing Arc \u2013 The World&#039;s First Space-Based Delivery Vehicle\" width=\"660\" height=\"371\" src=\"https:\/\/www.youtube.com\/embed\/4scKkVZQnUk?feature=oembed\" frameborder=\"0\" allow=\"accelerometer; autoplay; clipboard-write; encrypted-media; gyroscope; picture-in-picture; web-share\" referrerpolicy=\"strict-origin-when-cross-origin\" allowfullscreen><\/iframe>\n<\/div><\/figure>\n\n\n\n<p><strong>Fonte: <a href=\"https:\/\/olhardigital.com.br\/2025\/10\/07\/ciencia-e-espaco\/arc-nave-leva-cargas-do-espaco-a-terra-em-menos-de-uma-hora\/\" rel=\"nofollow\">Olhar Digital<\/a><\/strong><\/p>\n","protected":false},"excerpt":{"rendered":"<p>Quando acionadas sob demanda, as naves descem da \u00f3rbita, manobram por reentrada hipers\u00f4nica e pousam sob paraquedas Por Bruna Barone Arc \u00e9 o nome do novo ve\u00edculo de entrega espacial da Inversion, empresa estadunidense de tecnologia aeroespacial e de defesa. E a promessa da novidade \u00e9 ousada: permitir acesso a qualquer lugar da Terra em [&hellip;]<\/p>\n","protected":false},"author":2,"featured_media":62496,"comment_status":"open","ping_status":"open","sticky":false,"template":"","format":"standard","meta":{"footnotes":""},"categories":[2],"tags":[28500,612,86,2947,574,28501],"class_list":["post-62493","post","type-post","status-publish","format-standard","has-post-thumbnail","hentry","category-ciencia","tag-arc","tag-constelacao","tag-espaco","tag-nave-espacial","tag-orbita","tag-velocidade-hipersonica"],"yoast_head":"<!-- This site is optimized with the Yoast SEO plugin v26.5 - https:\/\/yoast.com\/wordpress\/plugins\/seo\/ -->\n<title>Nave traz cargas do espa\u00e7o \u00e0 Terra em menos de uma hora - Jornal Fatos e Not\u00edcias<\/title>\n<meta name=\"robots\" content=\"index, follow, max-snippet:-1, max-image-preview:large, max-video-preview:-1\" \/>\n<link rel=\"canonical\" href=\"https:\/\/jornalfatosenoticias.com.br\/index.php\/2025\/10\/14\/nave-traz-cargas-do-espaco-a-terra-em-menos-de-uma-hora\/\" \/>\n<meta property=\"og:locale\" content=\"pt_BR\" \/>\n<meta property=\"og:type\" content=\"article\" \/>\n<meta property=\"og:title\" content=\"Nave traz cargas do espa\u00e7o \u00e0 Terra em menos de uma hora - Jornal Fatos e Not\u00edcias\" \/>\n<meta property=\"og:description\" content=\"Quando acionadas sob demanda, as naves descem da \u00f3rbita, manobram por reentrada hipers\u00f4nica e pousam sob paraquedas Por Bruna Barone Arc \u00e9 o nome do novo ve\u00edculo de entrega espacial da Inversion, empresa estadunidense de tecnologia aeroespacial e de defesa. E a promessa da novidade \u00e9 ousada: permitir acesso a qualquer lugar da Terra em [&hellip;]\" \/>\n<meta property=\"og:url\" content=\"https:\/\/jornalfatosenoticias.com.br\/index.php\/2025\/10\/14\/nave-traz-cargas-do-espaco-a-terra-em-menos-de-uma-hora\/\" \/>\n<meta property=\"og:site_name\" content=\"Jornal Fatos e Not\u00edcias\" \/>\n<meta property=\"article:published_time\" content=\"2025-10-14T19:40:03+00:00\" \/>\n<meta property=\"article:modified_time\" content=\"2025-10-14T19:40:04+00:00\" \/>\n<meta property=\"og:image\" content=\"https:\/\/jornalfatosenoticias.com.br\/wp-content\/uploads\/2025\/10\/arc-nave-leva-cargas-do-espaco-a-terra-em-menos-de-uma-hora-2.png\" \/>\n\t<meta property=\"og:image:width\" content=\"1000\" \/>\n\t<meta property=\"og:image:height\" content=\"556\" \/>\n\t<meta property=\"og:image:type\" content=\"image\/png\" \/>\n<meta name=\"author\" content=\"Luzimara Fernandes\" \/>\n<meta name=\"twitter:card\" content=\"summary_large_image\" \/>\n<meta name=\"twitter:label1\" content=\"Escrito por\" \/>\n\t<meta name=\"twitter:data1\" content=\"Luzimara Fernandes\" \/>\n\t<meta name=\"twitter:label2\" content=\"Est. tempo de leitura\" \/>\n\t<meta name=\"twitter:data2\" content=\"3 minutos\" \/>\n<script type=\"application\/ld+json\" class=\"yoast-schema-graph\">{\"@context\":\"https:\/\/schema.org\",\"@graph\":[{\"@type\":\"Article\",\"@id\":\"https:\/\/jornalfatosenoticias.com.br\/index.php\/2025\/10\/14\/nave-traz-cargas-do-espaco-a-terra-em-menos-de-uma-hora\/#article\",\"isPartOf\":{\"@id\":\"https:\/\/jornalfatosenoticias.com.br\/index.php\/2025\/10\/14\/nave-traz-cargas-do-espaco-a-terra-em-menos-de-uma-hora\/\"},\"author\":{\"name\":\"Luzimara Fernandes\",\"@id\":\"https:\/\/jornalfatosenoticias.com.br\/#\/schema\/person\/d63837fa13ac8666eb9e74e0985d6f81\"},\"headline\":\"Nave traz cargas do espa\u00e7o \u00e0 Terra em menos de uma hora\",\"datePublished\":\"2025-10-14T19:40:03+00:00\",\"dateModified\":\"2025-10-14T19:40:04+00:00\",\"mainEntityOfPage\":{\"@id\":\"https:\/\/jornalfatosenoticias.com.br\/index.php\/2025\/10\/14\/nave-traz-cargas-do-espaco-a-terra-em-menos-de-uma-hora\/\"},\"wordCount\":710,\"commentCount\":0,\"publisher\":{\"@id\":\"https:\/\/jornalfatosenoticias.com.br\/#organization\"},\"image\":{\"@id\":\"https:\/\/jornalfatosenoticias.com.br\/index.php\/2025\/10\/14\/nave-traz-cargas-do-espaco-a-terra-em-menos-de-uma-hora\/#primaryimage\"},\"thumbnailUrl\":\"https:\/\/jornalfatosenoticias.com.br\/wp-content\/uploads\/2025\/10\/arc-nave-leva-cargas-do-espaco-a-terra-em-menos-de-uma-hora-2.png\",\"keywords\":[\"Arc\",\"constela\u00e7\u00e3o\",\"espa\u00e7o\",\"nave espacial\",\"\u00f3rbita\",\"velocidade hipers\u00f4nica\"],\"articleSection\":[\"Ci\u00eancia\"],\"inLanguage\":\"pt-BR\",\"potentialAction\":[{\"@type\":\"CommentAction\",\"name\":\"Comment\",\"target\":[\"https:\/\/jornalfatosenoticias.com.br\/index.php\/2025\/10\/14\/nave-traz-cargas-do-espaco-a-terra-em-menos-de-uma-hora\/#respond\"]}]},{\"@type\":\"WebPage\",\"@id\":\"https:\/\/jornalfatosenoticias.com.br\/index.php\/2025\/10\/14\/nave-traz-cargas-do-espaco-a-terra-em-menos-de-uma-hora\/\",\"url\":\"https:\/\/jornalfatosenoticias.com.br\/index.php\/2025\/10\/14\/nave-traz-cargas-do-espaco-a-terra-em-menos-de-uma-hora\/\",\"name\":\"Nave traz cargas do espa\u00e7o \u00e0 Terra em menos de uma hora - Jornal Fatos e Not\u00edcias\",\"isPartOf\":{\"@id\":\"https:\/\/jornalfatosenoticias.com.br\/#website\"},\"primaryImageOfPage\":{\"@id\":\"https:\/\/jornalfatosenoticias.com.br\/index.php\/2025\/10\/14\/nave-traz-cargas-do-espaco-a-terra-em-menos-de-uma-hora\/#primaryimage\"},\"image\":{\"@id\":\"https:\/\/jornalfatosenoticias.com.br\/index.php\/2025\/10\/14\/nave-traz-cargas-do-espaco-a-terra-em-menos-de-uma-hora\/#primaryimage\"},\"thumbnailUrl\":\"https:\/\/jornalfatosenoticias.com.br\/wp-content\/uploads\/2025\/10\/arc-nave-leva-cargas-do-espaco-a-terra-em-menos-de-uma-hora-2.png\",\"datePublished\":\"2025-10-14T19:40:03+00:00\",\"dateModified\":\"2025-10-14T19:40:04+00:00\",\"breadcrumb\":{\"@id\":\"https:\/\/jornalfatosenoticias.com.br\/index.php\/2025\/10\/14\/nave-traz-cargas-do-espaco-a-terra-em-menos-de-uma-hora\/#breadcrumb\"},\"inLanguage\":\"pt-BR\",\"potentialAction\":[{\"@type\":\"ReadAction\",\"target\":[\"https:\/\/jornalfatosenoticias.com.br\/index.php\/2025\/10\/14\/nave-traz-cargas-do-espaco-a-terra-em-menos-de-uma-hora\/\"]}]},{\"@type\":\"ImageObject\",\"inLanguage\":\"pt-BR\",\"@id\":\"https:\/\/jornalfatosenoticias.com.br\/index.php\/2025\/10\/14\/nave-traz-cargas-do-espaco-a-terra-em-menos-de-uma-hora\/#primaryimage\",\"url\":\"https:\/\/jornalfatosenoticias.com.br\/wp-content\/uploads\/2025\/10\/arc-nave-leva-cargas-do-espaco-a-terra-em-menos-de-uma-hora-2.png\",\"contentUrl\":\"https:\/\/jornalfatosenoticias.com.br\/wp-content\/uploads\/2025\/10\/arc-nave-leva-cargas-do-espaco-a-terra-em-menos-de-uma-hora-2.png\",\"width\":1000,\"height\":556},{\"@type\":\"BreadcrumbList\",\"@id\":\"https:\/\/jornalfatosenoticias.com.br\/index.php\/2025\/10\/14\/nave-traz-cargas-do-espaco-a-terra-em-menos-de-uma-hora\/#breadcrumb\",\"itemListElement\":[{\"@type\":\"ListItem\",\"position\":1,\"name\":\"In\u00edcio\",\"item\":\"https:\/\/jornalfatosenoticias.com.br\/\"},{\"@type\":\"ListItem\",\"position\":2,\"name\":\"Nave traz cargas do espa\u00e7o \u00e0 Terra em menos de uma hora\"}]},{\"@type\":\"WebSite\",\"@id\":\"https:\/\/jornalfatosenoticias.com.br\/#website\",\"url\":\"https:\/\/jornalfatosenoticias.com.br\/\",\"name\":\"Jornal Fatos e Not\u00edcias\",\"description\":\"Not\u00edcias em geral\",\"publisher\":{\"@id\":\"https:\/\/jornalfatosenoticias.com.br\/#organization\"},\"potentialAction\":[{\"@type\":\"SearchAction\",\"target\":{\"@type\":\"EntryPoint\",\"urlTemplate\":\"https:\/\/jornalfatosenoticias.com.br\/?s={search_term_string}\"},\"query-input\":{\"@type\":\"PropertyValueSpecification\",\"valueRequired\":true,\"valueName\":\"search_term_string\"}}],\"inLanguage\":\"pt-BR\"},{\"@type\":\"Organization\",\"@id\":\"https:\/\/jornalfatosenoticias.com.br\/#organization\",\"name\":\"Jornal Fatos e Not\u00edcias\",\"url\":\"https:\/\/jornalfatosenoticias.com.br\/\",\"logo\":{\"@type\":\"ImageObject\",\"inLanguage\":\"pt-BR\",\"@id\":\"https:\/\/jornalfatosenoticias.com.br\/#\/schema\/logo\/image\/\",\"url\":\"https:\/\/jornalfatosenoticias.com.br\/wp-content\/uploads\/2020\/02\/logo120.png\",\"contentUrl\":\"https:\/\/jornalfatosenoticias.com.br\/wp-content\/uploads\/2020\/02\/logo120.png\",\"width\":1227,\"height\":120,\"caption\":\"Jornal Fatos e Not\u00edcias\"},\"image\":{\"@id\":\"https:\/\/jornalfatosenoticias.com.br\/#\/schema\/logo\/image\/\"}},{\"@type\":\"Person\",\"@id\":\"https:\/\/jornalfatosenoticias.com.br\/#\/schema\/person\/d63837fa13ac8666eb9e74e0985d6f81\",\"name\":\"Luzimara Fernandes\",\"image\":{\"@type\":\"ImageObject\",\"inLanguage\":\"pt-BR\",\"@id\":\"https:\/\/jornalfatosenoticias.com.br\/#\/schema\/person\/image\/\",\"url\":\"https:\/\/jornalfatosenoticias.com.br\/wp-content\/uploads\/2025\/05\/EU_portal.jpg\",\"contentUrl\":\"https:\/\/jornalfatosenoticias.com.br\/wp-content\/uploads\/2025\/05\/EU_portal.jpg\",\"caption\":\"Luzimara Fernandes\"},\"description\":\"Jornalista MTB 2358-ES\",\"sameAs\":[\"https:\/\/jornalfatosenoticias.com.br\"],\"url\":\"https:\/\/jornalfatosenoticias.com.br\/index.php\/author\/luzimara\/\"}]}<\/script>\n<!-- \/ Yoast SEO plugin. -->","yoast_head_json":{"title":"Nave traz cargas do espa\u00e7o \u00e0 Terra em menos de uma hora - Jornal Fatos e Not\u00edcias","robots":{"index":"index","follow":"follow","max-snippet":"max-snippet:-1","max-image-preview":"max-image-preview:large","max-video-preview":"max-video-preview:-1"},"canonical":"https:\/\/jornalfatosenoticias.com.br\/index.php\/2025\/10\/14\/nave-traz-cargas-do-espaco-a-terra-em-menos-de-uma-hora\/","og_locale":"pt_BR","og_type":"article","og_title":"Nave traz cargas do espa\u00e7o \u00e0 Terra em menos de uma hora - Jornal Fatos e Not\u00edcias","og_description":"Quando acionadas sob demanda, as naves descem da \u00f3rbita, manobram por reentrada hipers\u00f4nica e pousam sob paraquedas Por Bruna Barone Arc \u00e9 o nome do novo ve\u00edculo de entrega espacial da Inversion, empresa estadunidense de tecnologia aeroespacial e de defesa. E a promessa da novidade \u00e9 ousada: permitir acesso a qualquer lugar da Terra em [&hellip;]","og_url":"https:\/\/jornalfatosenoticias.com.br\/index.php\/2025\/10\/14\/nave-traz-cargas-do-espaco-a-terra-em-menos-de-uma-hora\/","og_site_name":"Jornal Fatos e Not\u00edcias","article_published_time":"2025-10-14T19:40:03+00:00","article_modified_time":"2025-10-14T19:40:04+00:00","og_image":[{"width":1000,"height":556,"url":"https:\/\/jornalfatosenoticias.com.br\/wp-content\/uploads\/2025\/10\/arc-nave-leva-cargas-do-espaco-a-terra-em-menos-de-uma-hora-2.png","type":"image\/png"}],"author":"Luzimara Fernandes","twitter_card":"summary_large_image","twitter_misc":{"Escrito por":"Luzimara Fernandes","Est. tempo de leitura":"3 minutos"},"schema":{"@context":"https:\/\/schema.org","@graph":[{"@type":"Article","@id":"https:\/\/jornalfatosenoticias.com.br\/index.php\/2025\/10\/14\/nave-traz-cargas-do-espaco-a-terra-em-menos-de-uma-hora\/#article","isPartOf":{"@id":"https:\/\/jornalfatosenoticias.com.br\/index.php\/2025\/10\/14\/nave-traz-cargas-do-espaco-a-terra-em-menos-de-uma-hora\/"},"author":{"name":"Luzimara Fernandes","@id":"https:\/\/jornalfatosenoticias.com.br\/#\/schema\/person\/d63837fa13ac8666eb9e74e0985d6f81"},"headline":"Nave traz cargas do espa\u00e7o \u00e0 Terra em menos de uma hora","datePublished":"2025-10-14T19:40:03+00:00","dateModified":"2025-10-14T19:40:04+00:00","mainEntityOfPage":{"@id":"https:\/\/jornalfatosenoticias.com.br\/index.php\/2025\/10\/14\/nave-traz-cargas-do-espaco-a-terra-em-menos-de-uma-hora\/"},"wordCount":710,"commentCount":0,"publisher":{"@id":"https:\/\/jornalfatosenoticias.com.br\/#organization"},"image":{"@id":"https:\/\/jornalfatosenoticias.com.br\/index.php\/2025\/10\/14\/nave-traz-cargas-do-espaco-a-terra-em-menos-de-uma-hora\/#primaryimage"},"thumbnailUrl":"https:\/\/jornalfatosenoticias.com.br\/wp-content\/uploads\/2025\/10\/arc-nave-leva-cargas-do-espaco-a-terra-em-menos-de-uma-hora-2.png","keywords":["Arc","constela\u00e7\u00e3o","espa\u00e7o","nave espacial","\u00f3rbita","velocidade hipers\u00f4nica"],"articleSection":["Ci\u00eancia"],"inLanguage":"pt-BR","potentialAction":[{"@type":"CommentAction","name":"Comment","target":["https:\/\/jornalfatosenoticias.com.br\/index.php\/2025\/10\/14\/nave-traz-cargas-do-espaco-a-terra-em-menos-de-uma-hora\/#respond"]}]},{"@type":"WebPage","@id":"https:\/\/jornalfatosenoticias.com.br\/index.php\/2025\/10\/14\/nave-traz-cargas-do-espaco-a-terra-em-menos-de-uma-hora\/","url":"https:\/\/jornalfatosenoticias.com.br\/index.php\/2025\/10\/14\/nave-traz-cargas-do-espaco-a-terra-em-menos-de-uma-hora\/","name":"Nave traz cargas do espa\u00e7o \u00e0 Terra em menos de uma hora - Jornal Fatos e Not\u00edcias","isPartOf":{"@id":"https:\/\/jornalfatosenoticias.com.br\/#website"},"primaryImageOfPage":{"@id":"https:\/\/jornalfatosenoticias.com.br\/index.php\/2025\/10\/14\/nave-traz-cargas-do-espaco-a-terra-em-menos-de-uma-hora\/#primaryimage"},"image":{"@id":"https:\/\/jornalfatosenoticias.com.br\/index.php\/2025\/10\/14\/nave-traz-cargas-do-espaco-a-terra-em-menos-de-uma-hora\/#primaryimage"},"thumbnailUrl":"https:\/\/jornalfatosenoticias.com.br\/wp-content\/uploads\/2025\/10\/arc-nave-leva-cargas-do-espaco-a-terra-em-menos-de-uma-hora-2.png","datePublished":"2025-10-14T19:40:03+00:00","dateModified":"2025-10-14T19:40:04+00:00","breadcrumb":{"@id":"https:\/\/jornalfatosenoticias.com.br\/index.php\/2025\/10\/14\/nave-traz-cargas-do-espaco-a-terra-em-menos-de-uma-hora\/#breadcrumb"},"inLanguage":"pt-BR","potentialAction":[{"@type":"ReadAction","target":["https:\/\/jornalfatosenoticias.com.br\/index.php\/2025\/10\/14\/nave-traz-cargas-do-espaco-a-terra-em-menos-de-uma-hora\/"]}]},{"@type":"ImageObject","inLanguage":"pt-BR","@id":"https:\/\/jornalfatosenoticias.com.br\/index.php\/2025\/10\/14\/nave-traz-cargas-do-espaco-a-terra-em-menos-de-uma-hora\/#primaryimage","url":"https:\/\/jornalfatosenoticias.com.br\/wp-content\/uploads\/2025\/10\/arc-nave-leva-cargas-do-espaco-a-terra-em-menos-de-uma-hora-2.png","contentUrl":"https:\/\/jornalfatosenoticias.com.br\/wp-content\/uploads\/2025\/10\/arc-nave-leva-cargas-do-espaco-a-terra-em-menos-de-uma-hora-2.png","width":1000,"height":556},{"@type":"BreadcrumbList","@id":"https:\/\/jornalfatosenoticias.com.br\/index.php\/2025\/10\/14\/nave-traz-cargas-do-espaco-a-terra-em-menos-de-uma-hora\/#breadcrumb","itemListElement":[{"@type":"ListItem","position":1,"name":"In\u00edcio","item":"https:\/\/jornalfatosenoticias.com.br\/"},{"@type":"ListItem","position":2,"name":"Nave traz cargas do espa\u00e7o \u00e0 Terra em menos de uma hora"}]},{"@type":"WebSite","@id":"https:\/\/jornalfatosenoticias.com.br\/#website","url":"https:\/\/jornalfatosenoticias.com.br\/","name":"Jornal Fatos e Not\u00edcias","description":"Not\u00edcias em geral","publisher":{"@id":"https:\/\/jornalfatosenoticias.com.br\/#organization"},"potentialAction":[{"@type":"SearchAction","target":{"@type":"EntryPoint","urlTemplate":"https:\/\/jornalfatosenoticias.com.br\/?s={search_term_string}"},"query-input":{"@type":"PropertyValueSpecification","valueRequired":true,"valueName":"search_term_string"}}],"inLanguage":"pt-BR"},{"@type":"Organization","@id":"https:\/\/jornalfatosenoticias.com.br\/#organization","name":"Jornal Fatos e Not\u00edcias","url":"https:\/\/jornalfatosenoticias.com.br\/","logo":{"@type":"ImageObject","inLanguage":"pt-BR","@id":"https:\/\/jornalfatosenoticias.com.br\/#\/schema\/logo\/image\/","url":"https:\/\/jornalfatosenoticias.com.br\/wp-content\/uploads\/2020\/02\/logo120.png","contentUrl":"https:\/\/jornalfatosenoticias.com.br\/wp-content\/uploads\/2020\/02\/logo120.png","width":1227,"height":120,"caption":"Jornal Fatos e Not\u00edcias"},"image":{"@id":"https:\/\/jornalfatosenoticias.com.br\/#\/schema\/logo\/image\/"}},{"@type":"Person","@id":"https:\/\/jornalfatosenoticias.com.br\/#\/schema\/person\/d63837fa13ac8666eb9e74e0985d6f81","name":"Luzimara Fernandes","image":{"@type":"ImageObject","inLanguage":"pt-BR","@id":"https:\/\/jornalfatosenoticias.com.br\/#\/schema\/person\/image\/","url":"https:\/\/jornalfatosenoticias.com.br\/wp-content\/uploads\/2025\/05\/EU_portal.jpg","contentUrl":"https:\/\/jornalfatosenoticias.com.br\/wp-content\/uploads\/2025\/05\/EU_portal.jpg","caption":"Luzimara Fernandes"},"description":"Jornalista MTB 2358-ES","sameAs":["https:\/\/jornalfatosenoticias.com.br"],"url":"https:\/\/jornalfatosenoticias.com.br\/index.php\/author\/luzimara\/"}]}},"cc_featured_image_caption":{"caption_text":"(Foto: Inversion\/Divulga\u00e7\u00e3o)","source_text":"","source_url":""},"jetpack_featured_media_url":"https:\/\/jornalfatosenoticias.com.br\/wp-content\/uploads\/2025\/10\/arc-nave-leva-cargas-do-espaco-a-terra-em-menos-de-uma-hora-2.png","_links":{"self":[{"href":"https:\/\/jornalfatosenoticias.com.br\/index.php\/wp-json\/wp\/v2\/posts\/62493","targetHints":{"allow":["GET"]}}],"collection":[{"href":"https:\/\/jornalfatosenoticias.com.br\/index.php\/wp-json\/wp\/v2\/posts"}],"about":[{"href":"https:\/\/jornalfatosenoticias.com.br\/index.php\/wp-json\/wp\/v2\/types\/post"}],"author":[{"embeddable":true,"href":"https:\/\/jornalfatosenoticias.com.br\/index.php\/wp-json\/wp\/v2\/users\/2"}],"replies":[{"embeddable":true,"href":"https:\/\/jornalfatosenoticias.com.br\/index.php\/wp-json\/wp\/v2\/comments?post=62493"}],"version-history":[{"count":0,"href":"https:\/\/jornalfatosenoticias.com.br\/index.php\/wp-json\/wp\/v2\/posts\/62493\/revisions"}],"wp:featuredmedia":[{"embeddable":true,"href":"https:\/\/jornalfatosenoticias.com.br\/index.php\/wp-json\/wp\/v2\/media\/62496"}],"wp:attachment":[{"href":"https:\/\/jornalfatosenoticias.com.br\/index.php\/wp-json\/wp\/v2\/media?parent=62493"}],"wp:term":[{"taxonomy":"category","embeddable":true,"href":"https:\/\/jornalfatosenoticias.com.br\/index.php\/wp-json\/wp\/v2\/categories?post=62493"},{"taxonomy":"post_tag","embeddable":true,"href":"https:\/\/jornalfatosenoticias.com.br\/index.php\/wp-json\/wp\/v2\/tags?post=62493"}],"curies":[{"name":"wp","href":"https:\/\/api.w.org\/{rel}","templated":true}]}}