{"id":62501,"date":"2025-10-14T16:56:31","date_gmt":"2025-10-14T19:56:31","guid":{"rendered":"https:\/\/jornalfatosenoticias.com.br\/?p=62501"},"modified":"2025-10-14T16:57:00","modified_gmt":"2025-10-14T19:57:00","slug":"nadar-reduz-o-estresse-e-melhora-a-memoria","status":"publish","type":"post","link":"https:\/\/jornalfatosenoticias.com.br\/index.php\/2025\/10\/14\/nadar-reduz-o-estresse-e-melhora-a-memoria\/","title":{"rendered":"Nadar reduz o estresse e melhora a mem\u00f3ria"},"content":{"rendered":"\n<p><em><span class=\"has-inline-color has-black-color\">Diversos estudos realizados nos \u00faltimos anos apontam que a nata\u00e7\u00e3o faz bem para o c\u00e9rebro de uma forma geral<\/span><\/em><\/p>\n\n\n\n<p><span class=\"has-inline-color has-black-color\">Por <strong><a href=\"https:\/\/olhardigital.com.br\/author\/alessandro-lorenzo\/\">Alessandro Di Lorenzo<\/a><\/strong><\/span><\/p>\n\n\n\n<div class=\"wp-block-image\"><figure class=\"aligncenter size-large\"><a href=\"https:\/\/mizu.com.br\/\"><img loading=\"lazy\" decoding=\"async\" width=\"729\" height=\"90\" src=\"https:\/\/jornalfatosenoticias.com.br\/wp-content\/uploads\/2020\/02\/Logo_Mizu.png\" alt=\"\" class=\"wp-image-1441\" srcset=\"https:\/\/jornalfatosenoticias.com.br\/wp-content\/uploads\/2020\/02\/Logo_Mizu.png 729w, https:\/\/jornalfatosenoticias.com.br\/wp-content\/uploads\/2020\/02\/Logo_Mizu-300x37.png 300w\" sizes=\"auto, (max-width: 729px) 100vw, 729px\" \/><\/a><\/figure><\/div>\n\n\n\n<p>A <strong><a href=\"https:\/\/olhardigital.com.br\/tag\/natacao\/\" target=\"_blank\" rel=\"noreferrer noopener\">nata\u00e7\u00e3o<\/a><\/strong> \u00e9 considerada um dos exerc\u00edcios mais completos. A pr\u00e1tica melhora a sa\u00fade cardiovascular e respirat\u00f3ria, fortalece os m\u00fasculos e aumenta a flexibilidade, contribuindo para o controle do peso, al\u00e9m de ser ben\u00e9fica para a postura e o sono. Outra vantagem \u00e9 que, por ser uma atividade de baixo impacto, ela pode ser feita por pessoas diversas faixas et\u00e1rias e condi\u00e7\u00f5es f\u00edsicas, sendo especialmente \u00fatil para quem tem problemas articulares ou quer reabilitar o corpo. Mas saiba que nadar tamb\u00e9m faz muito bem para o <strong><a href=\"https:\/\/olhardigital.com.br\/tag\/cerebro\/\" target=\"_blank\" rel=\"noreferrer noopener\">c\u00e9rebro<\/a><\/strong>.<br>Outro trabalho revelou que nadar faz bem para a mem\u00f3ria. Durante experimento, neurocientistas fizeram ratos darem voltas di\u00e1rias em uma minipiscina. Depois de apenas sete dias de treinamento de nata\u00e7\u00e3o, eles notaram melhorias nas mem\u00f3rias de curto e longo prazo dos roedores.<\/p>\n\n\n\n<div class=\"wp-block-image\"><figure class=\"aligncenter size-large is-resized\"><a href=\"https:\/\/www.instagram.com\/esteio.churrascaria\/\"><img loading=\"lazy\" decoding=\"async\" src=\"https:\/\/jornalfatosenoticias.com.br\/wp-content\/uploads\/2022\/02\/LOGO-ESTEIO-1024x730.png\" alt=\"\" class=\"wp-image-27942\" width=\"420\" height=\"299\" srcset=\"https:\/\/jornalfatosenoticias.com.br\/wp-content\/uploads\/2022\/02\/LOGO-ESTEIO-1024x730.png 1024w, https:\/\/jornalfatosenoticias.com.br\/wp-content\/uploads\/2022\/02\/LOGO-ESTEIO-300x214.png 300w, https:\/\/jornalfatosenoticias.com.br\/wp-content\/uploads\/2022\/02\/LOGO-ESTEIO-768x548.png 768w, https:\/\/jornalfatosenoticias.com.br\/wp-content\/uploads\/2022\/02\/LOGO-ESTEIO.png 1123w\" sizes=\"auto, (max-width: 420px) 100vw, 420px\" \/><\/a><\/figure><\/div>\n\n\n\n<p>O mesmo benef\u00edcio j\u00e1 foi observado em humanos. Uma <a href=\"https:\/\/pubs.asha.org\/doi\/10.1044\/2021_JSLHR-20-00359\" target=\"_blank\" rel=\"noreferrer noopener\"><strong>pesquisa<\/strong><\/a>, por exemplo, mostrou que as crian\u00e7as\u00a0se lembravam de uma lista de palavras com muito mais precis\u00e3o depois de nadar. J\u00e1 um\u00a0<a href=\"https:\/\/www.ijcep.org\/index.php\/ijcep\/article\/view\/340\" target=\"_blank\" rel=\"noreferrer noopener\"><strong>estudo<\/strong><\/a> com adultos concluiu que os nadadores melhoraram a velocidade mental e a aten\u00e7\u00e3o em compara\u00e7\u00e3o com os que n\u00e3o praticam a atividade. Pesquisadores ainda apontam que nadar ao ar livre pode ser ainda melhor. Isso porque a pr\u00e1tica potencializa o sentimento de liberdade e dom\u00ednio sobre o ambiente, dois fatores que est\u00e3o fortemente ligados ao bem-estar.<\/p>\n\n\n\n<div class=\"wp-block-image\"><figure class=\"aligncenter size-large is-resized\"><a href=\"https:\/\/hotelmarquetti.com.br\/\"><img loading=\"lazy\" decoding=\"async\" src=\"https:\/\/jornalfatosenoticias.com.br\/wp-content\/uploads\/2020\/02\/LOGO-MQ-1024x680.jpg\" alt=\"\" class=\"wp-image-58299\" width=\"286\" height=\"190\" srcset=\"https:\/\/jornalfatosenoticias.com.br\/wp-content\/uploads\/2020\/02\/LOGO-MQ-1024x680.jpg 1024w, https:\/\/jornalfatosenoticias.com.br\/wp-content\/uploads\/2020\/02\/LOGO-MQ-300x199.jpg 300w, https:\/\/jornalfatosenoticias.com.br\/wp-content\/uploads\/2020\/02\/LOGO-MQ-768x510.jpg 768w, https:\/\/jornalfatosenoticias.com.br\/wp-content\/uploads\/2020\/02\/LOGO-MQ-1536x1020.jpg 1536w, https:\/\/jornalfatosenoticias.com.br\/wp-content\/uploads\/2020\/02\/LOGO-MQ-2048x1360.jpg 2048w\" sizes=\"auto, (max-width: 286px) 100vw, 286px\" \/><\/a><\/figure><\/div>\n\n\n\n<p><strong><span class=\"has-inline-color has-vivid-purple-color\">Benef\u00edcios come\u00e7am antes mesmo de entrar na \u00e1gua<br><\/span><\/strong>\u2705 Segundo reportagem do portal <strong><a href=\"https:\/\/www.fastcompany.com\/91407650\/neuroscience-go-swimming-and-your-brain-will-thank-you\" target=\"_blank\" rel=\"noreferrer noopener\">Fast Company<\/a><\/strong>, nadar \u00e9 uma \u00f3tima maneira de relaxar.<br>\u2705 V\u00e1rias pesquisas em neuroci\u00eancia j\u00e1 demonstraram que os benef\u00edcios come\u00e7am antes mesmo de voc\u00ea entrar na \u00e1gua.<br>\u2705 O simples ato de olhar para uma praia ou piscina ajuda a reduzir o estresse.<br>\u2705 Ap\u00f3s apenas dois minutos, a press\u00e3o arterial e a frequ\u00eancia card\u00edaca caem.<br>\u2705 Os psic\u00f3logos sugerem que isso pode estar ligado ao processo de evolu\u00e7\u00e3o.<br>\u2705 Isso porque os corpos d\u2019\u00e1gua ofereciam aos nossos ancestrais uma rica fonte de alimento e uma vis\u00e3o clara dos predadores que se aproximavam.<\/p>\n\n\n\n<div class=\"wp-block-image\"><figure class=\"aligncenter size-large is-resized\"><a href=\"https:\/\/www.instagram.com\/restaurantepegoretti\/\"><img loading=\"lazy\" decoding=\"async\" src=\"https:\/\/jornalfatosenoticias.com.br\/wp-content\/uploads\/2023\/12\/pegoretti-logo-pdf-1024x389.jpg\" alt=\"\" class=\"wp-image-47536\" width=\"512\" height=\"194\" srcset=\"https:\/\/jornalfatosenoticias.com.br\/wp-content\/uploads\/2023\/12\/pegoretti-logo-pdf-1024x389.jpg 1024w, https:\/\/jornalfatosenoticias.com.br\/wp-content\/uploads\/2023\/12\/pegoretti-logo-pdf-300x114.jpg 300w, https:\/\/jornalfatosenoticias.com.br\/wp-content\/uploads\/2023\/12\/pegoretti-logo-pdf-768x291.jpg 768w, https:\/\/jornalfatosenoticias.com.br\/wp-content\/uploads\/2023\/12\/pegoretti-logo-pdf.jpg 1120w\" sizes=\"auto, (max-width: 512px) 100vw, 512px\" \/><\/a><\/figure><\/div>\n\n\n\n<p><strong>Fonte: <a href=\"https:\/\/olhardigital.com.br\/2025\/09\/27\/medicina-e-saude\/nadar-reduz-o-estresse-e-melhora-a-memoria\/\">Olhar Digital<\/a><\/strong><\/p>\n","protected":false},"excerpt":{"rendered":"<p>Diversos estudos realizados nos \u00faltimos anos apontam que a nata\u00e7\u00e3o faz bem para o c\u00e9rebro de uma forma geral Por Alessandro Di Lorenzo A nata\u00e7\u00e3o \u00e9 considerada um dos exerc\u00edcios mais completos. A pr\u00e1tica melhora a sa\u00fade cardiovascular e respirat\u00f3ria, fortalece os m\u00fasculos e aumenta a flexibilidade, contribuindo para o controle do peso, al\u00e9m de [&hellip;]<\/p>\n","protected":false},"author":2,"featured_media":62502,"comment_status":"open","ping_status":"open","sticky":false,"template":"","format":"standard","meta":{"footnotes":""},"categories":[11],"tags":[2336,2280,2290,3247,8811,5524,28503],"class_list":["post-62501","post","type-post","status-publish","format-standard","has-post-thumbnail","hentry","category-saude","tag-cerebro","tag-estresse","tag-estudos","tag-memoria","tag-musculos","tag-natacao","tag-saude-cardiovascular-e-respiratoria"],"yoast_head":"<!-- This site is optimized with the Yoast SEO plugin v26.5 - https:\/\/yoast.com\/wordpress\/plugins\/seo\/ -->\n<title>Nadar reduz o estresse e melhora a mem\u00f3ria - Jornal Fatos e Not\u00edcias<\/title>\n<meta name=\"robots\" content=\"index, follow, max-snippet:-1, max-image-preview:large, max-video-preview:-1\" \/>\n<link rel=\"canonical\" href=\"https:\/\/jornalfatosenoticias.com.br\/index.php\/2025\/10\/14\/nadar-reduz-o-estresse-e-melhora-a-memoria\/\" \/>\n<meta property=\"og:locale\" content=\"pt_BR\" \/>\n<meta property=\"og:type\" content=\"article\" \/>\n<meta property=\"og:title\" content=\"Nadar reduz o estresse e melhora a mem\u00f3ria - Jornal Fatos e Not\u00edcias\" \/>\n<meta property=\"og:description\" content=\"Diversos estudos realizados nos \u00faltimos anos apontam que a nata\u00e7\u00e3o faz bem para o c\u00e9rebro de uma forma geral Por Alessandro Di Lorenzo A nata\u00e7\u00e3o \u00e9 considerada um dos exerc\u00edcios mais completos. A pr\u00e1tica melhora a sa\u00fade cardiovascular e respirat\u00f3ria, fortalece os m\u00fasculos e aumenta a flexibilidade, contribuindo para o controle do peso, al\u00e9m de [&hellip;]\" \/>\n<meta property=\"og:url\" content=\"https:\/\/jornalfatosenoticias.com.br\/index.php\/2025\/10\/14\/nadar-reduz-o-estresse-e-melhora-a-memoria\/\" \/>\n<meta property=\"og:site_name\" content=\"Jornal Fatos e Not\u00edcias\" \/>\n<meta property=\"article:published_time\" content=\"2025-10-14T19:56:31+00:00\" \/>\n<meta property=\"article:modified_time\" content=\"2025-10-14T19:57:00+00:00\" \/>\n<meta property=\"og:image\" content=\"https:\/\/jornalfatosenoticias.com.br\/wp-content\/uploads\/2025\/10\/natacao_istock.jpg\" \/>\n\t<meta property=\"og:image:width\" content=\"612\" \/>\n\t<meta property=\"og:image:height\" content=\"409\" \/>\n\t<meta property=\"og:image:type\" content=\"image\/jpeg\" \/>\n<meta name=\"author\" content=\"Luzimara Fernandes\" \/>\n<meta name=\"twitter:card\" content=\"summary_large_image\" \/>\n<meta name=\"twitter:label1\" content=\"Escrito por\" \/>\n\t<meta name=\"twitter:data1\" content=\"Luzimara Fernandes\" \/>\n\t<meta name=\"twitter:label2\" content=\"Est. tempo de leitura\" \/>\n\t<meta name=\"twitter:data2\" content=\"2 minutos\" \/>\n<script type=\"application\/ld+json\" class=\"yoast-schema-graph\">{\"@context\":\"https:\/\/schema.org\",\"@graph\":[{\"@type\":\"Article\",\"@id\":\"https:\/\/jornalfatosenoticias.com.br\/index.php\/2025\/10\/14\/nadar-reduz-o-estresse-e-melhora-a-memoria\/#article\",\"isPartOf\":{\"@id\":\"https:\/\/jornalfatosenoticias.com.br\/index.php\/2025\/10\/14\/nadar-reduz-o-estresse-e-melhora-a-memoria\/\"},\"author\":{\"name\":\"Luzimara Fernandes\",\"@id\":\"https:\/\/jornalfatosenoticias.com.br\/#\/schema\/person\/d63837fa13ac8666eb9e74e0985d6f81\"},\"headline\":\"Nadar reduz o estresse e melhora a mem\u00f3ria\",\"datePublished\":\"2025-10-14T19:56:31+00:00\",\"dateModified\":\"2025-10-14T19:57:00+00:00\",\"mainEntityOfPage\":{\"@id\":\"https:\/\/jornalfatosenoticias.com.br\/index.php\/2025\/10\/14\/nadar-reduz-o-estresse-e-melhora-a-memoria\/\"},\"wordCount\":392,\"commentCount\":0,\"publisher\":{\"@id\":\"https:\/\/jornalfatosenoticias.com.br\/#organization\"},\"image\":{\"@id\":\"https:\/\/jornalfatosenoticias.com.br\/index.php\/2025\/10\/14\/nadar-reduz-o-estresse-e-melhora-a-memoria\/#primaryimage\"},\"thumbnailUrl\":\"https:\/\/jornalfatosenoticias.com.br\/wp-content\/uploads\/2025\/10\/natacao_istock.jpg\",\"keywords\":[\"c\u00e9rebro\",\"estresse\",\"estudos\",\"mem\u00f3ria\",\"m\u00fasculos\",\"nata\u00e7\u00e3o\",\"sa\u00fade cardiovascular e respirat\u00f3ria\"],\"articleSection\":[\"Sa\u00fade\"],\"inLanguage\":\"pt-BR\",\"potentialAction\":[{\"@type\":\"CommentAction\",\"name\":\"Comment\",\"target\":[\"https:\/\/jornalfatosenoticias.com.br\/index.php\/2025\/10\/14\/nadar-reduz-o-estresse-e-melhora-a-memoria\/#respond\"]}]},{\"@type\":\"WebPage\",\"@id\":\"https:\/\/jornalfatosenoticias.com.br\/index.php\/2025\/10\/14\/nadar-reduz-o-estresse-e-melhora-a-memoria\/\",\"url\":\"https:\/\/jornalfatosenoticias.com.br\/index.php\/2025\/10\/14\/nadar-reduz-o-estresse-e-melhora-a-memoria\/\",\"name\":\"Nadar reduz o estresse e melhora a mem\u00f3ria - Jornal Fatos e Not\u00edcias\",\"isPartOf\":{\"@id\":\"https:\/\/jornalfatosenoticias.com.br\/#website\"},\"primaryImageOfPage\":{\"@id\":\"https:\/\/jornalfatosenoticias.com.br\/index.php\/2025\/10\/14\/nadar-reduz-o-estresse-e-melhora-a-memoria\/#primaryimage\"},\"image\":{\"@id\":\"https:\/\/jornalfatosenoticias.com.br\/index.php\/2025\/10\/14\/nadar-reduz-o-estresse-e-melhora-a-memoria\/#primaryimage\"},\"thumbnailUrl\":\"https:\/\/jornalfatosenoticias.com.br\/wp-content\/uploads\/2025\/10\/natacao_istock.jpg\",\"datePublished\":\"2025-10-14T19:56:31+00:00\",\"dateModified\":\"2025-10-14T19:57:00+00:00\",\"breadcrumb\":{\"@id\":\"https:\/\/jornalfatosenoticias.com.br\/index.php\/2025\/10\/14\/nadar-reduz-o-estresse-e-melhora-a-memoria\/#breadcrumb\"},\"inLanguage\":\"pt-BR\",\"potentialAction\":[{\"@type\":\"ReadAction\",\"target\":[\"https:\/\/jornalfatosenoticias.com.br\/index.php\/2025\/10\/14\/nadar-reduz-o-estresse-e-melhora-a-memoria\/\"]}]},{\"@type\":\"ImageObject\",\"inLanguage\":\"pt-BR\",\"@id\":\"https:\/\/jornalfatosenoticias.com.br\/index.php\/2025\/10\/14\/nadar-reduz-o-estresse-e-melhora-a-memoria\/#primaryimage\",\"url\":\"https:\/\/jornalfatosenoticias.com.br\/wp-content\/uploads\/2025\/10\/natacao_istock.jpg\",\"contentUrl\":\"https:\/\/jornalfatosenoticias.com.br\/wp-content\/uploads\/2025\/10\/natacao_istock.jpg\",\"width\":612,\"height\":409,\"caption\":\"Young woman swimming in the swimming pool\"},{\"@type\":\"BreadcrumbList\",\"@id\":\"https:\/\/jornalfatosenoticias.com.br\/index.php\/2025\/10\/14\/nadar-reduz-o-estresse-e-melhora-a-memoria\/#breadcrumb\",\"itemListElement\":[{\"@type\":\"ListItem\",\"position\":1,\"name\":\"In\u00edcio\",\"item\":\"https:\/\/jornalfatosenoticias.com.br\/\"},{\"@type\":\"ListItem\",\"position\":2,\"name\":\"Nadar reduz o estresse e melhora a mem\u00f3ria\"}]},{\"@type\":\"WebSite\",\"@id\":\"https:\/\/jornalfatosenoticias.com.br\/#website\",\"url\":\"https:\/\/jornalfatosenoticias.com.br\/\",\"name\":\"Jornal Fatos e Not\u00edcias\",\"description\":\"Not\u00edcias em geral\",\"publisher\":{\"@id\":\"https:\/\/jornalfatosenoticias.com.br\/#organization\"},\"potentialAction\":[{\"@type\":\"SearchAction\",\"target\":{\"@type\":\"EntryPoint\",\"urlTemplate\":\"https:\/\/jornalfatosenoticias.com.br\/?s={search_term_string}\"},\"query-input\":{\"@type\":\"PropertyValueSpecification\",\"valueRequired\":true,\"valueName\":\"search_term_string\"}}],\"inLanguage\":\"pt-BR\"},{\"@type\":\"Organization\",\"@id\":\"https:\/\/jornalfatosenoticias.com.br\/#organization\",\"name\":\"Jornal Fatos e Not\u00edcias\",\"url\":\"https:\/\/jornalfatosenoticias.com.br\/\",\"logo\":{\"@type\":\"ImageObject\",\"inLanguage\":\"pt-BR\",\"@id\":\"https:\/\/jornalfatosenoticias.com.br\/#\/schema\/logo\/image\/\",\"url\":\"https:\/\/jornalfatosenoticias.com.br\/wp-content\/uploads\/2020\/02\/logo120.png\",\"contentUrl\":\"https:\/\/jornalfatosenoticias.com.br\/wp-content\/uploads\/2020\/02\/logo120.png\",\"width\":1227,\"height\":120,\"caption\":\"Jornal Fatos e Not\u00edcias\"},\"image\":{\"@id\":\"https:\/\/jornalfatosenoticias.com.br\/#\/schema\/logo\/image\/\"}},{\"@type\":\"Person\",\"@id\":\"https:\/\/jornalfatosenoticias.com.br\/#\/schema\/person\/d63837fa13ac8666eb9e74e0985d6f81\",\"name\":\"Luzimara Fernandes\",\"image\":{\"@type\":\"ImageObject\",\"inLanguage\":\"pt-BR\",\"@id\":\"https:\/\/jornalfatosenoticias.com.br\/#\/schema\/person\/image\/\",\"url\":\"https:\/\/jornalfatosenoticias.com.br\/wp-content\/uploads\/2025\/05\/EU_portal.jpg\",\"contentUrl\":\"https:\/\/jornalfatosenoticias.com.br\/wp-content\/uploads\/2025\/05\/EU_portal.jpg\",\"caption\":\"Luzimara Fernandes\"},\"description\":\"Jornalista MTB 2358-ES\",\"sameAs\":[\"https:\/\/jornalfatosenoticias.com.br\"],\"url\":\"https:\/\/jornalfatosenoticias.com.br\/index.php\/author\/luzimara\/\"}]}<\/script>\n<!-- \/ Yoast SEO plugin. -->","yoast_head_json":{"title":"Nadar reduz o estresse e melhora a mem\u00f3ria - Jornal Fatos e Not\u00edcias","robots":{"index":"index","follow":"follow","max-snippet":"max-snippet:-1","max-image-preview":"max-image-preview:large","max-video-preview":"max-video-preview:-1"},"canonical":"https:\/\/jornalfatosenoticias.com.br\/index.php\/2025\/10\/14\/nadar-reduz-o-estresse-e-melhora-a-memoria\/","og_locale":"pt_BR","og_type":"article","og_title":"Nadar reduz o estresse e melhora a mem\u00f3ria - Jornal Fatos e Not\u00edcias","og_description":"Diversos estudos realizados nos \u00faltimos anos apontam que a nata\u00e7\u00e3o faz bem para o c\u00e9rebro de uma forma geral Por Alessandro Di Lorenzo A nata\u00e7\u00e3o \u00e9 considerada um dos exerc\u00edcios mais completos. A pr\u00e1tica melhora a sa\u00fade cardiovascular e respirat\u00f3ria, fortalece os m\u00fasculos e aumenta a flexibilidade, contribuindo para o controle do peso, al\u00e9m de [&hellip;]","og_url":"https:\/\/jornalfatosenoticias.com.br\/index.php\/2025\/10\/14\/nadar-reduz-o-estresse-e-melhora-a-memoria\/","og_site_name":"Jornal Fatos e Not\u00edcias","article_published_time":"2025-10-14T19:56:31+00:00","article_modified_time":"2025-10-14T19:57:00+00:00","og_image":[{"width":612,"height":409,"url":"https:\/\/jornalfatosenoticias.com.br\/wp-content\/uploads\/2025\/10\/natacao_istock.jpg","type":"image\/jpeg"}],"author":"Luzimara Fernandes","twitter_card":"summary_large_image","twitter_misc":{"Escrito por":"Luzimara Fernandes","Est. tempo de leitura":"2 minutos"},"schema":{"@context":"https:\/\/schema.org","@graph":[{"@type":"Article","@id":"https:\/\/jornalfatosenoticias.com.br\/index.php\/2025\/10\/14\/nadar-reduz-o-estresse-e-melhora-a-memoria\/#article","isPartOf":{"@id":"https:\/\/jornalfatosenoticias.com.br\/index.php\/2025\/10\/14\/nadar-reduz-o-estresse-e-melhora-a-memoria\/"},"author":{"name":"Luzimara Fernandes","@id":"https:\/\/jornalfatosenoticias.com.br\/#\/schema\/person\/d63837fa13ac8666eb9e74e0985d6f81"},"headline":"Nadar reduz o estresse e melhora a mem\u00f3ria","datePublished":"2025-10-14T19:56:31+00:00","dateModified":"2025-10-14T19:57:00+00:00","mainEntityOfPage":{"@id":"https:\/\/jornalfatosenoticias.com.br\/index.php\/2025\/10\/14\/nadar-reduz-o-estresse-e-melhora-a-memoria\/"},"wordCount":392,"commentCount":0,"publisher":{"@id":"https:\/\/jornalfatosenoticias.com.br\/#organization"},"image":{"@id":"https:\/\/jornalfatosenoticias.com.br\/index.php\/2025\/10\/14\/nadar-reduz-o-estresse-e-melhora-a-memoria\/#primaryimage"},"thumbnailUrl":"https:\/\/jornalfatosenoticias.com.br\/wp-content\/uploads\/2025\/10\/natacao_istock.jpg","keywords":["c\u00e9rebro","estresse","estudos","mem\u00f3ria","m\u00fasculos","nata\u00e7\u00e3o","sa\u00fade cardiovascular e respirat\u00f3ria"],"articleSection":["Sa\u00fade"],"inLanguage":"pt-BR","potentialAction":[{"@type":"CommentAction","name":"Comment","target":["https:\/\/jornalfatosenoticias.com.br\/index.php\/2025\/10\/14\/nadar-reduz-o-estresse-e-melhora-a-memoria\/#respond"]}]},{"@type":"WebPage","@id":"https:\/\/jornalfatosenoticias.com.br\/index.php\/2025\/10\/14\/nadar-reduz-o-estresse-e-melhora-a-memoria\/","url":"https:\/\/jornalfatosenoticias.com.br\/index.php\/2025\/10\/14\/nadar-reduz-o-estresse-e-melhora-a-memoria\/","name":"Nadar reduz o estresse e melhora a mem\u00f3ria - Jornal Fatos e Not\u00edcias","isPartOf":{"@id":"https:\/\/jornalfatosenoticias.com.br\/#website"},"primaryImageOfPage":{"@id":"https:\/\/jornalfatosenoticias.com.br\/index.php\/2025\/10\/14\/nadar-reduz-o-estresse-e-melhora-a-memoria\/#primaryimage"},"image":{"@id":"https:\/\/jornalfatosenoticias.com.br\/index.php\/2025\/10\/14\/nadar-reduz-o-estresse-e-melhora-a-memoria\/#primaryimage"},"thumbnailUrl":"https:\/\/jornalfatosenoticias.com.br\/wp-content\/uploads\/2025\/10\/natacao_istock.jpg","datePublished":"2025-10-14T19:56:31+00:00","dateModified":"2025-10-14T19:57:00+00:00","breadcrumb":{"@id":"https:\/\/jornalfatosenoticias.com.br\/index.php\/2025\/10\/14\/nadar-reduz-o-estresse-e-melhora-a-memoria\/#breadcrumb"},"inLanguage":"pt-BR","potentialAction":[{"@type":"ReadAction","target":["https:\/\/jornalfatosenoticias.com.br\/index.php\/2025\/10\/14\/nadar-reduz-o-estresse-e-melhora-a-memoria\/"]}]},{"@type":"ImageObject","inLanguage":"pt-BR","@id":"https:\/\/jornalfatosenoticias.com.br\/index.php\/2025\/10\/14\/nadar-reduz-o-estresse-e-melhora-a-memoria\/#primaryimage","url":"https:\/\/jornalfatosenoticias.com.br\/wp-content\/uploads\/2025\/10\/natacao_istock.jpg","contentUrl":"https:\/\/jornalfatosenoticias.com.br\/wp-content\/uploads\/2025\/10\/natacao_istock.jpg","width":612,"height":409,"caption":"Young woman swimming in the swimming pool"},{"@type":"BreadcrumbList","@id":"https:\/\/jornalfatosenoticias.com.br\/index.php\/2025\/10\/14\/nadar-reduz-o-estresse-e-melhora-a-memoria\/#breadcrumb","itemListElement":[{"@type":"ListItem","position":1,"name":"In\u00edcio","item":"https:\/\/jornalfatosenoticias.com.br\/"},{"@type":"ListItem","position":2,"name":"Nadar reduz o estresse e melhora a mem\u00f3ria"}]},{"@type":"WebSite","@id":"https:\/\/jornalfatosenoticias.com.br\/#website","url":"https:\/\/jornalfatosenoticias.com.br\/","name":"Jornal Fatos e Not\u00edcias","description":"Not\u00edcias em geral","publisher":{"@id":"https:\/\/jornalfatosenoticias.com.br\/#organization"},"potentialAction":[{"@type":"SearchAction","target":{"@type":"EntryPoint","urlTemplate":"https:\/\/jornalfatosenoticias.com.br\/?s={search_term_string}"},"query-input":{"@type":"PropertyValueSpecification","valueRequired":true,"valueName":"search_term_string"}}],"inLanguage":"pt-BR"},{"@type":"Organization","@id":"https:\/\/jornalfatosenoticias.com.br\/#organization","name":"Jornal Fatos e Not\u00edcias","url":"https:\/\/jornalfatosenoticias.com.br\/","logo":{"@type":"ImageObject","inLanguage":"pt-BR","@id":"https:\/\/jornalfatosenoticias.com.br\/#\/schema\/logo\/image\/","url":"https:\/\/jornalfatosenoticias.com.br\/wp-content\/uploads\/2020\/02\/logo120.png","contentUrl":"https:\/\/jornalfatosenoticias.com.br\/wp-content\/uploads\/2020\/02\/logo120.png","width":1227,"height":120,"caption":"Jornal Fatos e Not\u00edcias"},"image":{"@id":"https:\/\/jornalfatosenoticias.com.br\/#\/schema\/logo\/image\/"}},{"@type":"Person","@id":"https:\/\/jornalfatosenoticias.com.br\/#\/schema\/person\/d63837fa13ac8666eb9e74e0985d6f81","name":"Luzimara Fernandes","image":{"@type":"ImageObject","inLanguage":"pt-BR","@id":"https:\/\/jornalfatosenoticias.com.br\/#\/schema\/person\/image\/","url":"https:\/\/jornalfatosenoticias.com.br\/wp-content\/uploads\/2025\/05\/EU_portal.jpg","contentUrl":"https:\/\/jornalfatosenoticias.com.br\/wp-content\/uploads\/2025\/05\/EU_portal.jpg","caption":"Luzimara Fernandes"},"description":"Jornalista MTB 2358-ES","sameAs":["https:\/\/jornalfatosenoticias.com.br"],"url":"https:\/\/jornalfatosenoticias.com.br\/index.php\/author\/luzimara\/"}]}},"cc_featured_image_caption":{"caption_text":"(Foto: iStock) ","source_text":"","source_url":""},"jetpack_featured_media_url":"https:\/\/jornalfatosenoticias.com.br\/wp-content\/uploads\/2025\/10\/natacao_istock.jpg","_links":{"self":[{"href":"https:\/\/jornalfatosenoticias.com.br\/index.php\/wp-json\/wp\/v2\/posts\/62501","targetHints":{"allow":["GET"]}}],"collection":[{"href":"https:\/\/jornalfatosenoticias.com.br\/index.php\/wp-json\/wp\/v2\/posts"}],"about":[{"href":"https:\/\/jornalfatosenoticias.com.br\/index.php\/wp-json\/wp\/v2\/types\/post"}],"author":[{"embeddable":true,"href":"https:\/\/jornalfatosenoticias.com.br\/index.php\/wp-json\/wp\/v2\/users\/2"}],"replies":[{"embeddable":true,"href":"https:\/\/jornalfatosenoticias.com.br\/index.php\/wp-json\/wp\/v2\/comments?post=62501"}],"version-history":[{"count":0,"href":"https:\/\/jornalfatosenoticias.com.br\/index.php\/wp-json\/wp\/v2\/posts\/62501\/revisions"}],"wp:featuredmedia":[{"embeddable":true,"href":"https:\/\/jornalfatosenoticias.com.br\/index.php\/wp-json\/wp\/v2\/media\/62502"}],"wp:attachment":[{"href":"https:\/\/jornalfatosenoticias.com.br\/index.php\/wp-json\/wp\/v2\/media?parent=62501"}],"wp:term":[{"taxonomy":"category","embeddable":true,"href":"https:\/\/jornalfatosenoticias.com.br\/index.php\/wp-json\/wp\/v2\/categories?post=62501"},{"taxonomy":"post_tag","embeddable":true,"href":"https:\/\/jornalfatosenoticias.com.br\/index.php\/wp-json\/wp\/v2\/tags?post=62501"}],"curies":[{"name":"wp","href":"https:\/\/api.w.org\/{rel}","templated":true}]}}