{"id":62529,"date":"2025-10-14T19:15:00","date_gmt":"2025-10-14T22:15:00","guid":{"rendered":"https:\/\/jornalfatosenoticias.com.br\/?p=62529"},"modified":"2025-10-14T19:15:01","modified_gmt":"2025-10-14T22:15:01","slug":"senado-aprova-criacao-de-330-cargos-comissionados-no-stj","status":"publish","type":"post","link":"https:\/\/jornalfatosenoticias.com.br\/index.php\/2025\/10\/14\/senado-aprova-criacao-de-330-cargos-comissionados-no-stj\/","title":{"rendered":"Senado aprova cria\u00e7\u00e3o de 330 cargos comissionados no STJ"},"content":{"rendered":"\n<p><em><span class=\"has-inline-color has-black-color\">O Senado Federal aprovou projeto de autoria da pr\u00f3pria Corte, que cria 330 cargos comissionados para os gabinetes<\/span><\/em><\/p>\n\n\n\n<p><span class=\"has-inline-color has-black-color\">Por <strong><a href=\"https:\/\/www.gazetadopovo.com.br\/autor\/vinicius-macia\/\">Vinicius Macia<\/a><\/strong><\/span><\/p>\n\n\n\n<div class=\"wp-block-image\"><figure class=\"aligncenter size-large\"><a href=\"https:\/\/mizu.com.br\/\"><img loading=\"lazy\" decoding=\"async\" width=\"729\" height=\"90\" src=\"https:\/\/jornalfatosenoticias.com.br\/wp-content\/uploads\/2020\/02\/Logo_Mizu.png\" alt=\"\" class=\"wp-image-1441\" srcset=\"https:\/\/jornalfatosenoticias.com.br\/wp-content\/uploads\/2020\/02\/Logo_Mizu.png 729w, https:\/\/jornalfatosenoticias.com.br\/wp-content\/uploads\/2020\/02\/Logo_Mizu-300x37.png 300w\" sizes=\"auto, (max-width: 729px) 100vw, 729px\" \/><\/a><\/figure><\/div>\n\n\n\n<p>O Senado Federal aprovou, nesta ter\u00e7a-feira (14), um projeto de lei que cria mais um n\u00edvel hier\u00e1rquico para os gabinetes dos ministros do Superior Tribunal de Justi\u00e7a. O projeto de lei, assim, cria 330 cargos comissionados. O sal\u00e1rio ser\u00e1 de R$ 3.663,71, e o custo anual aos cofres p\u00fablicos, de aproximadamente R$ 17,49 milh\u00f5es por ano. A fun\u00e7\u00e3o estar\u00e1 hierarquicamente acima dos atuais comissionados.<br>A relatora do projeto, no entanto, diz que n\u00e3o haver\u00e1 impacto no or\u00e7amento. O relat\u00f3rio da senadora Dorinha Seabra (Uni\u00e3o-TO) diz que &#8220;os recursos j\u00e1 est\u00e3o inclu\u00eddos no teto or\u00e7ament\u00e1rio do STJ para 2025&#8221;. Ainda de acordo com o projeto, a cria\u00e7\u00e3o dos cargos \u201catende a uma necessidade concreta da Corte, consistente com a valoriza\u00e7\u00e3o e a reten\u00e7\u00e3o de servidores qualificados para o exerc\u00edcio de atividades de alta complexidade\u201d.<\/p>\n\n\n\n<div class=\"wp-block-image\"><figure class=\"aligncenter size-large is-resized\"><a href=\"https:\/\/www.facebook.com\/postobkr\/?locale=pt_BR\"><img loading=\"lazy\" decoding=\"async\" src=\"https:\/\/jornalfatosenoticias.com.br\/wp-content\/uploads\/2024\/11\/Guaitolini-Contabilidade-1024x714.jpeg\" alt=\"\" class=\"wp-image-55808\" width=\"332\" height=\"231\" srcset=\"https:\/\/jornalfatosenoticias.com.br\/wp-content\/uploads\/2024\/11\/Guaitolini-Contabilidade-1024x714.jpeg 1024w, https:\/\/jornalfatosenoticias.com.br\/wp-content\/uploads\/2024\/11\/Guaitolini-Contabilidade-300x209.jpeg 300w, https:\/\/jornalfatosenoticias.com.br\/wp-content\/uploads\/2024\/11\/Guaitolini-Contabilidade-768x535.jpeg 768w, https:\/\/jornalfatosenoticias.com.br\/wp-content\/uploads\/2024\/11\/Guaitolini-Contabilidade.jpeg 1280w\" sizes=\"auto, (max-width: 332px) 100vw, 332px\" \/><\/a><\/figure><\/div>\n\n\n\n<p><strong><span class=\"has-inline-color has-black-color\">Como \u00e9 hoje?<br><\/span><\/strong>Atualmente, cada um dos 33 ministros possui 38 funcion\u00e1rios em seus gabinetes. Desses, 22 s\u00e3o comissionados. Em outras palavras, 1.254 servidores, sendo 726 comissionados. O custo anual aos cofres p\u00fablicos, sem contar os cargos rec\u00e9m-criados, \u00e9 de quase R$ 18 milh\u00f5es. Dois dos n\u00edveis hier\u00e1rquicos, por\u00e9m, ser\u00e3o remanejados para outras fun\u00e7\u00f5es dentro da Corte, de acordo com o relat\u00f3rio. Esses n\u00edveis respondem por 693 servidores.<\/p>\n\n\n\n<div class=\"wp-block-image\"><figure class=\"aligncenter size-large is-resized\"><a href=\"https:\/\/www.instagram.com\/gruposei\/\"><img loading=\"lazy\" decoding=\"async\" src=\"https:\/\/jornalfatosenoticias.com.br\/wp-content\/uploads\/2022\/07\/Logo-Grupo-SEI.jpg\" alt=\"\" class=\"wp-image-31973\" width=\"336\" height=\"176\" srcset=\"https:\/\/jornalfatosenoticias.com.br\/wp-content\/uploads\/2022\/07\/Logo-Grupo-SEI.jpg 713w, https:\/\/jornalfatosenoticias.com.br\/wp-content\/uploads\/2022\/07\/Logo-Grupo-SEI-300x158.jpg 300w\" sizes=\"auto, (max-width: 336px) 100vw, 336px\" \/><\/a><\/figure><\/div>\n\n\n\n<p>&#8220;Segundo a Presid\u00eancia do Tribunal, o esfor\u00e7o cont\u00ednuo para redu\u00e7\u00e3o do acervo processual exige servidores mais qualificados, capazes de lidar com causas complexas. Destaca-se que a atua\u00e7\u00e3o do Presidente do STJ, ao filtrar de imediato recursos inadmiss\u00edveis ou repetitivos, concentra nos gabinetes dos demais ministros processos de maior complexidade, exigindo suporte t\u00e9cnico mais especializado. Contudo, a manuten\u00e7\u00e3o dos atuais n\u00edveis de fun\u00e7\u00e3o gera dificuldade em reter servidores, que muitas vezes preferem lota\u00e7\u00e3o em outras unidades do Tribunal com rotinas menos intensas, ainda que sem acr\u00e9scimo remunerat\u00f3rio&#8221;, acrescenta o relat\u00f3rio.<br>Agora, o projeto vai do Senado \u00e0 san\u00e7\u00e3o de Lula (PT).<\/p>\n\n\n\n<div class=\"wp-block-image\"><figure class=\"aligncenter size-large is-resized\"><a href=\"https:\/\/www.facebook.com\/vetor.vix\/\"><img loading=\"lazy\" decoding=\"async\" src=\"https:\/\/jornalfatosenoticias.com.br\/wp-content\/uploads\/2023\/09\/vetorvix1024_1.jpg\" alt=\"\" class=\"wp-image-44868\" width=\"543\" height=\"144\" srcset=\"https:\/\/jornalfatosenoticias.com.br\/wp-content\/uploads\/2023\/09\/vetorvix1024_1.jpg 1024w, https:\/\/jornalfatosenoticias.com.br\/wp-content\/uploads\/2023\/09\/vetorvix1024_1-300x80.jpg 300w, https:\/\/jornalfatosenoticias.com.br\/wp-content\/uploads\/2023\/09\/vetorvix1024_1-768x205.jpg 768w\" sizes=\"auto, (max-width: 543px) 100vw, 543px\" \/><\/a><\/figure><\/div>\n\n\n\n<p><strong>Fonte: <a href=\"https:\/\/www.gazetadopovo.com.br\/republica\/senado-aprova-criacao-de-330-cargos-comissionados-no-stj\/\">Gazeta do Povo<\/a><\/strong><\/p>\n","protected":false},"excerpt":{"rendered":"<p>O Senado Federal aprovou projeto de autoria da pr\u00f3pria Corte, que cria 330 cargos comissionados para os gabinetes Por Vinicius Macia O Senado Federal aprovou, nesta ter\u00e7a-feira (14), um projeto de lei que cria mais um n\u00edvel hier\u00e1rquico para os gabinetes dos ministros do Superior Tribunal de Justi\u00e7a. O projeto de lei, assim, cria 330 [&hellip;]<\/p>\n","protected":false},"author":2,"featured_media":62530,"comment_status":"open","ping_status":"open","sticky":false,"template":"","format":"standard","meta":{"footnotes":""},"categories":[10],"tags":[28518,8257,1345,486,294,14905],"class_list":["post-62529","post","type-post","status-publish","format-standard","has-post-thumbnail","hentry","category-politica","tag-cargos-comissionados","tag-impostos","tag-justica","tag-senado","tag-stf","tag-stj"],"yoast_head":"<!-- This site is optimized with the Yoast SEO plugin v26.5 - https:\/\/yoast.com\/wordpress\/plugins\/seo\/ -->\n<title>Senado aprova cria\u00e7\u00e3o de 330 cargos comissionados no STJ - Jornal Fatos e Not\u00edcias<\/title>\n<meta name=\"robots\" content=\"index, follow, max-snippet:-1, max-image-preview:large, max-video-preview:-1\" \/>\n<link rel=\"canonical\" href=\"https:\/\/jornalfatosenoticias.com.br\/index.php\/2025\/10\/14\/senado-aprova-criacao-de-330-cargos-comissionados-no-stj\/\" \/>\n<meta property=\"og:locale\" content=\"pt_BR\" \/>\n<meta property=\"og:type\" content=\"article\" \/>\n<meta property=\"og:title\" content=\"Senado aprova cria\u00e7\u00e3o de 330 cargos comissionados no STJ - Jornal Fatos e Not\u00edcias\" \/>\n<meta property=\"og:description\" content=\"O Senado Federal aprovou projeto de autoria da pr\u00f3pria Corte, que cria 330 cargos comissionados para os gabinetes Por Vinicius Macia O Senado Federal aprovou, nesta ter\u00e7a-feira (14), um projeto de lei que cria mais um n\u00edvel hier\u00e1rquico para os gabinetes dos ministros do Superior Tribunal de Justi\u00e7a. O projeto de lei, assim, cria 330 [&hellip;]\" \/>\n<meta property=\"og:url\" content=\"https:\/\/jornalfatosenoticias.com.br\/index.php\/2025\/10\/14\/senado-aprova-criacao-de-330-cargos-comissionados-no-stj\/\" \/>\n<meta property=\"og:site_name\" content=\"Jornal Fatos e Not\u00edcias\" \/>\n<meta property=\"article:published_time\" content=\"2025-10-14T22:15:00+00:00\" \/>\n<meta property=\"article:modified_time\" content=\"2025-10-14T22:15:01+00:00\" \/>\n<meta property=\"og:image\" content=\"https:\/\/jornalfatosenoticias.com.br\/wp-content\/uploads\/2025\/10\/cargos-comissionados-no-STJ.jpg\" \/>\n\t<meta property=\"og:image:width\" content=\"800\" \/>\n\t<meta property=\"og:image:height\" content=\"534\" \/>\n\t<meta property=\"og:image:type\" content=\"image\/jpeg\" \/>\n<meta name=\"author\" content=\"Luzimara Fernandes\" \/>\n<meta name=\"twitter:card\" content=\"summary_large_image\" \/>\n<meta name=\"twitter:label1\" content=\"Escrito por\" \/>\n\t<meta name=\"twitter:data1\" content=\"Luzimara Fernandes\" \/>\n\t<meta name=\"twitter:label2\" content=\"Est. tempo de leitura\" \/>\n\t<meta name=\"twitter:data2\" content=\"2 minutos\" \/>\n<script type=\"application\/ld+json\" class=\"yoast-schema-graph\">{\"@context\":\"https:\/\/schema.org\",\"@graph\":[{\"@type\":\"Article\",\"@id\":\"https:\/\/jornalfatosenoticias.com.br\/index.php\/2025\/10\/14\/senado-aprova-criacao-de-330-cargos-comissionados-no-stj\/#article\",\"isPartOf\":{\"@id\":\"https:\/\/jornalfatosenoticias.com.br\/index.php\/2025\/10\/14\/senado-aprova-criacao-de-330-cargos-comissionados-no-stj\/\"},\"author\":{\"name\":\"Luzimara Fernandes\",\"@id\":\"https:\/\/jornalfatosenoticias.com.br\/#\/schema\/person\/d63837fa13ac8666eb9e74e0985d6f81\"},\"headline\":\"Senado aprova cria\u00e7\u00e3o de 330 cargos comissionados no STJ\",\"datePublished\":\"2025-10-14T22:15:00+00:00\",\"dateModified\":\"2025-10-14T22:15:01+00:00\",\"mainEntityOfPage\":{\"@id\":\"https:\/\/jornalfatosenoticias.com.br\/index.php\/2025\/10\/14\/senado-aprova-criacao-de-330-cargos-comissionados-no-stj\/\"},\"wordCount\":367,\"commentCount\":0,\"publisher\":{\"@id\":\"https:\/\/jornalfatosenoticias.com.br\/#organization\"},\"image\":{\"@id\":\"https:\/\/jornalfatosenoticias.com.br\/index.php\/2025\/10\/14\/senado-aprova-criacao-de-330-cargos-comissionados-no-stj\/#primaryimage\"},\"thumbnailUrl\":\"https:\/\/jornalfatosenoticias.com.br\/wp-content\/uploads\/2025\/10\/cargos-comissionados-no-STJ.jpg\",\"keywords\":[\"cargos comissionados\",\"impostos\",\"justi\u00e7a\",\"Senado\",\"STF\",\"STJ\"],\"articleSection\":[\"Pol\u00edtica\"],\"inLanguage\":\"pt-BR\",\"potentialAction\":[{\"@type\":\"CommentAction\",\"name\":\"Comment\",\"target\":[\"https:\/\/jornalfatosenoticias.com.br\/index.php\/2025\/10\/14\/senado-aprova-criacao-de-330-cargos-comissionados-no-stj\/#respond\"]}]},{\"@type\":\"WebPage\",\"@id\":\"https:\/\/jornalfatosenoticias.com.br\/index.php\/2025\/10\/14\/senado-aprova-criacao-de-330-cargos-comissionados-no-stj\/\",\"url\":\"https:\/\/jornalfatosenoticias.com.br\/index.php\/2025\/10\/14\/senado-aprova-criacao-de-330-cargos-comissionados-no-stj\/\",\"name\":\"Senado aprova cria\u00e7\u00e3o de 330 cargos comissionados no STJ - Jornal Fatos e Not\u00edcias\",\"isPartOf\":{\"@id\":\"https:\/\/jornalfatosenoticias.com.br\/#website\"},\"primaryImageOfPage\":{\"@id\":\"https:\/\/jornalfatosenoticias.com.br\/index.php\/2025\/10\/14\/senado-aprova-criacao-de-330-cargos-comissionados-no-stj\/#primaryimage\"},\"image\":{\"@id\":\"https:\/\/jornalfatosenoticias.com.br\/index.php\/2025\/10\/14\/senado-aprova-criacao-de-330-cargos-comissionados-no-stj\/#primaryimage\"},\"thumbnailUrl\":\"https:\/\/jornalfatosenoticias.com.br\/wp-content\/uploads\/2025\/10\/cargos-comissionados-no-STJ.jpg\",\"datePublished\":\"2025-10-14T22:15:00+00:00\",\"dateModified\":\"2025-10-14T22:15:01+00:00\",\"breadcrumb\":{\"@id\":\"https:\/\/jornalfatosenoticias.com.br\/index.php\/2025\/10\/14\/senado-aprova-criacao-de-330-cargos-comissionados-no-stj\/#breadcrumb\"},\"inLanguage\":\"pt-BR\",\"potentialAction\":[{\"@type\":\"ReadAction\",\"target\":[\"https:\/\/jornalfatosenoticias.com.br\/index.php\/2025\/10\/14\/senado-aprova-criacao-de-330-cargos-comissionados-no-stj\/\"]}]},{\"@type\":\"ImageObject\",\"inLanguage\":\"pt-BR\",\"@id\":\"https:\/\/jornalfatosenoticias.com.br\/index.php\/2025\/10\/14\/senado-aprova-criacao-de-330-cargos-comissionados-no-stj\/#primaryimage\",\"url\":\"https:\/\/jornalfatosenoticias.com.br\/wp-content\/uploads\/2025\/10\/cargos-comissionados-no-STJ.jpg\",\"contentUrl\":\"https:\/\/jornalfatosenoticias.com.br\/wp-content\/uploads\/2025\/10\/cargos-comissionados-no-STJ.jpg\",\"width\":800,\"height\":534},{\"@type\":\"BreadcrumbList\",\"@id\":\"https:\/\/jornalfatosenoticias.com.br\/index.php\/2025\/10\/14\/senado-aprova-criacao-de-330-cargos-comissionados-no-stj\/#breadcrumb\",\"itemListElement\":[{\"@type\":\"ListItem\",\"position\":1,\"name\":\"In\u00edcio\",\"item\":\"https:\/\/jornalfatosenoticias.com.br\/\"},{\"@type\":\"ListItem\",\"position\":2,\"name\":\"Senado aprova cria\u00e7\u00e3o de 330 cargos comissionados no STJ\"}]},{\"@type\":\"WebSite\",\"@id\":\"https:\/\/jornalfatosenoticias.com.br\/#website\",\"url\":\"https:\/\/jornalfatosenoticias.com.br\/\",\"name\":\"Jornal Fatos e Not\u00edcias\",\"description\":\"Not\u00edcias em geral\",\"publisher\":{\"@id\":\"https:\/\/jornalfatosenoticias.com.br\/#organization\"},\"potentialAction\":[{\"@type\":\"SearchAction\",\"target\":{\"@type\":\"EntryPoint\",\"urlTemplate\":\"https:\/\/jornalfatosenoticias.com.br\/?s={search_term_string}\"},\"query-input\":{\"@type\":\"PropertyValueSpecification\",\"valueRequired\":true,\"valueName\":\"search_term_string\"}}],\"inLanguage\":\"pt-BR\"},{\"@type\":\"Organization\",\"@id\":\"https:\/\/jornalfatosenoticias.com.br\/#organization\",\"name\":\"Jornal Fatos e Not\u00edcias\",\"url\":\"https:\/\/jornalfatosenoticias.com.br\/\",\"logo\":{\"@type\":\"ImageObject\",\"inLanguage\":\"pt-BR\",\"@id\":\"https:\/\/jornalfatosenoticias.com.br\/#\/schema\/logo\/image\/\",\"url\":\"https:\/\/jornalfatosenoticias.com.br\/wp-content\/uploads\/2020\/02\/logo120.png\",\"contentUrl\":\"https:\/\/jornalfatosenoticias.com.br\/wp-content\/uploads\/2020\/02\/logo120.png\",\"width\":1227,\"height\":120,\"caption\":\"Jornal Fatos e Not\u00edcias\"},\"image\":{\"@id\":\"https:\/\/jornalfatosenoticias.com.br\/#\/schema\/logo\/image\/\"}},{\"@type\":\"Person\",\"@id\":\"https:\/\/jornalfatosenoticias.com.br\/#\/schema\/person\/d63837fa13ac8666eb9e74e0985d6f81\",\"name\":\"Luzimara Fernandes\",\"image\":{\"@type\":\"ImageObject\",\"inLanguage\":\"pt-BR\",\"@id\":\"https:\/\/jornalfatosenoticias.com.br\/#\/schema\/person\/image\/\",\"url\":\"https:\/\/jornalfatosenoticias.com.br\/wp-content\/uploads\/2025\/05\/EU_portal.jpg\",\"contentUrl\":\"https:\/\/jornalfatosenoticias.com.br\/wp-content\/uploads\/2025\/05\/EU_portal.jpg\",\"caption\":\"Luzimara Fernandes\"},\"description\":\"Jornalista MTB 2358-ES\",\"sameAs\":[\"https:\/\/jornalfatosenoticias.com.br\"],\"url\":\"https:\/\/jornalfatosenoticias.com.br\/index.php\/author\/luzimara\/\"}]}<\/script>\n<!-- \/ Yoast SEO plugin. -->","yoast_head_json":{"title":"Senado aprova cria\u00e7\u00e3o de 330 cargos comissionados no STJ - Jornal Fatos e Not\u00edcias","robots":{"index":"index","follow":"follow","max-snippet":"max-snippet:-1","max-image-preview":"max-image-preview:large","max-video-preview":"max-video-preview:-1"},"canonical":"https:\/\/jornalfatosenoticias.com.br\/index.php\/2025\/10\/14\/senado-aprova-criacao-de-330-cargos-comissionados-no-stj\/","og_locale":"pt_BR","og_type":"article","og_title":"Senado aprova cria\u00e7\u00e3o de 330 cargos comissionados no STJ - Jornal Fatos e Not\u00edcias","og_description":"O Senado Federal aprovou projeto de autoria da pr\u00f3pria Corte, que cria 330 cargos comissionados para os gabinetes Por Vinicius Macia O Senado Federal aprovou, nesta ter\u00e7a-feira (14), um projeto de lei que cria mais um n\u00edvel hier\u00e1rquico para os gabinetes dos ministros do Superior Tribunal de Justi\u00e7a. O projeto de lei, assim, cria 330 [&hellip;]","og_url":"https:\/\/jornalfatosenoticias.com.br\/index.php\/2025\/10\/14\/senado-aprova-criacao-de-330-cargos-comissionados-no-stj\/","og_site_name":"Jornal Fatos e Not\u00edcias","article_published_time":"2025-10-14T22:15:00+00:00","article_modified_time":"2025-10-14T22:15:01+00:00","og_image":[{"width":800,"height":534,"url":"https:\/\/jornalfatosenoticias.com.br\/wp-content\/uploads\/2025\/10\/cargos-comissionados-no-STJ.jpg","type":"image\/jpeg"}],"author":"Luzimara Fernandes","twitter_card":"summary_large_image","twitter_misc":{"Escrito por":"Luzimara Fernandes","Est. tempo de leitura":"2 minutos"},"schema":{"@context":"https:\/\/schema.org","@graph":[{"@type":"Article","@id":"https:\/\/jornalfatosenoticias.com.br\/index.php\/2025\/10\/14\/senado-aprova-criacao-de-330-cargos-comissionados-no-stj\/#article","isPartOf":{"@id":"https:\/\/jornalfatosenoticias.com.br\/index.php\/2025\/10\/14\/senado-aprova-criacao-de-330-cargos-comissionados-no-stj\/"},"author":{"name":"Luzimara Fernandes","@id":"https:\/\/jornalfatosenoticias.com.br\/#\/schema\/person\/d63837fa13ac8666eb9e74e0985d6f81"},"headline":"Senado aprova cria\u00e7\u00e3o de 330 cargos comissionados no STJ","datePublished":"2025-10-14T22:15:00+00:00","dateModified":"2025-10-14T22:15:01+00:00","mainEntityOfPage":{"@id":"https:\/\/jornalfatosenoticias.com.br\/index.php\/2025\/10\/14\/senado-aprova-criacao-de-330-cargos-comissionados-no-stj\/"},"wordCount":367,"commentCount":0,"publisher":{"@id":"https:\/\/jornalfatosenoticias.com.br\/#organization"},"image":{"@id":"https:\/\/jornalfatosenoticias.com.br\/index.php\/2025\/10\/14\/senado-aprova-criacao-de-330-cargos-comissionados-no-stj\/#primaryimage"},"thumbnailUrl":"https:\/\/jornalfatosenoticias.com.br\/wp-content\/uploads\/2025\/10\/cargos-comissionados-no-STJ.jpg","keywords":["cargos comissionados","impostos","justi\u00e7a","Senado","STF","STJ"],"articleSection":["Pol\u00edtica"],"inLanguage":"pt-BR","potentialAction":[{"@type":"CommentAction","name":"Comment","target":["https:\/\/jornalfatosenoticias.com.br\/index.php\/2025\/10\/14\/senado-aprova-criacao-de-330-cargos-comissionados-no-stj\/#respond"]}]},{"@type":"WebPage","@id":"https:\/\/jornalfatosenoticias.com.br\/index.php\/2025\/10\/14\/senado-aprova-criacao-de-330-cargos-comissionados-no-stj\/","url":"https:\/\/jornalfatosenoticias.com.br\/index.php\/2025\/10\/14\/senado-aprova-criacao-de-330-cargos-comissionados-no-stj\/","name":"Senado aprova cria\u00e7\u00e3o de 330 cargos comissionados no STJ - Jornal Fatos e Not\u00edcias","isPartOf":{"@id":"https:\/\/jornalfatosenoticias.com.br\/#website"},"primaryImageOfPage":{"@id":"https:\/\/jornalfatosenoticias.com.br\/index.php\/2025\/10\/14\/senado-aprova-criacao-de-330-cargos-comissionados-no-stj\/#primaryimage"},"image":{"@id":"https:\/\/jornalfatosenoticias.com.br\/index.php\/2025\/10\/14\/senado-aprova-criacao-de-330-cargos-comissionados-no-stj\/#primaryimage"},"thumbnailUrl":"https:\/\/jornalfatosenoticias.com.br\/wp-content\/uploads\/2025\/10\/cargos-comissionados-no-STJ.jpg","datePublished":"2025-10-14T22:15:00+00:00","dateModified":"2025-10-14T22:15:01+00:00","breadcrumb":{"@id":"https:\/\/jornalfatosenoticias.com.br\/index.php\/2025\/10\/14\/senado-aprova-criacao-de-330-cargos-comissionados-no-stj\/#breadcrumb"},"inLanguage":"pt-BR","potentialAction":[{"@type":"ReadAction","target":["https:\/\/jornalfatosenoticias.com.br\/index.php\/2025\/10\/14\/senado-aprova-criacao-de-330-cargos-comissionados-no-stj\/"]}]},{"@type":"ImageObject","inLanguage":"pt-BR","@id":"https:\/\/jornalfatosenoticias.com.br\/index.php\/2025\/10\/14\/senado-aprova-criacao-de-330-cargos-comissionados-no-stj\/#primaryimage","url":"https:\/\/jornalfatosenoticias.com.br\/wp-content\/uploads\/2025\/10\/cargos-comissionados-no-STJ.jpg","contentUrl":"https:\/\/jornalfatosenoticias.com.br\/wp-content\/uploads\/2025\/10\/cargos-comissionados-no-STJ.jpg","width":800,"height":534},{"@type":"BreadcrumbList","@id":"https:\/\/jornalfatosenoticias.com.br\/index.php\/2025\/10\/14\/senado-aprova-criacao-de-330-cargos-comissionados-no-stj\/#breadcrumb","itemListElement":[{"@type":"ListItem","position":1,"name":"In\u00edcio","item":"https:\/\/jornalfatosenoticias.com.br\/"},{"@type":"ListItem","position":2,"name":"Senado aprova cria\u00e7\u00e3o de 330 cargos comissionados no STJ"}]},{"@type":"WebSite","@id":"https:\/\/jornalfatosenoticias.com.br\/#website","url":"https:\/\/jornalfatosenoticias.com.br\/","name":"Jornal Fatos e Not\u00edcias","description":"Not\u00edcias em geral","publisher":{"@id":"https:\/\/jornalfatosenoticias.com.br\/#organization"},"potentialAction":[{"@type":"SearchAction","target":{"@type":"EntryPoint","urlTemplate":"https:\/\/jornalfatosenoticias.com.br\/?s={search_term_string}"},"query-input":{"@type":"PropertyValueSpecification","valueRequired":true,"valueName":"search_term_string"}}],"inLanguage":"pt-BR"},{"@type":"Organization","@id":"https:\/\/jornalfatosenoticias.com.br\/#organization","name":"Jornal Fatos e Not\u00edcias","url":"https:\/\/jornalfatosenoticias.com.br\/","logo":{"@type":"ImageObject","inLanguage":"pt-BR","@id":"https:\/\/jornalfatosenoticias.com.br\/#\/schema\/logo\/image\/","url":"https:\/\/jornalfatosenoticias.com.br\/wp-content\/uploads\/2020\/02\/logo120.png","contentUrl":"https:\/\/jornalfatosenoticias.com.br\/wp-content\/uploads\/2020\/02\/logo120.png","width":1227,"height":120,"caption":"Jornal Fatos e Not\u00edcias"},"image":{"@id":"https:\/\/jornalfatosenoticias.com.br\/#\/schema\/logo\/image\/"}},{"@type":"Person","@id":"https:\/\/jornalfatosenoticias.com.br\/#\/schema\/person\/d63837fa13ac8666eb9e74e0985d6f81","name":"Luzimara Fernandes","image":{"@type":"ImageObject","inLanguage":"pt-BR","@id":"https:\/\/jornalfatosenoticias.com.br\/#\/schema\/person\/image\/","url":"https:\/\/jornalfatosenoticias.com.br\/wp-content\/uploads\/2025\/05\/EU_portal.jpg","contentUrl":"https:\/\/jornalfatosenoticias.com.br\/wp-content\/uploads\/2025\/05\/EU_portal.jpg","caption":"Luzimara Fernandes"},"description":"Jornalista MTB 2358-ES","sameAs":["https:\/\/jornalfatosenoticias.com.br"],"url":"https:\/\/jornalfatosenoticias.com.br\/index.php\/author\/luzimara\/"}]}},"cc_featured_image_caption":{"caption_text":"(Foto: Paula Carrubba\/STJ)","source_text":"","source_url":""},"jetpack_featured_media_url":"https:\/\/jornalfatosenoticias.com.br\/wp-content\/uploads\/2025\/10\/cargos-comissionados-no-STJ.jpg","_links":{"self":[{"href":"https:\/\/jornalfatosenoticias.com.br\/index.php\/wp-json\/wp\/v2\/posts\/62529","targetHints":{"allow":["GET"]}}],"collection":[{"href":"https:\/\/jornalfatosenoticias.com.br\/index.php\/wp-json\/wp\/v2\/posts"}],"about":[{"href":"https:\/\/jornalfatosenoticias.com.br\/index.php\/wp-json\/wp\/v2\/types\/post"}],"author":[{"embeddable":true,"href":"https:\/\/jornalfatosenoticias.com.br\/index.php\/wp-json\/wp\/v2\/users\/2"}],"replies":[{"embeddable":true,"href":"https:\/\/jornalfatosenoticias.com.br\/index.php\/wp-json\/wp\/v2\/comments?post=62529"}],"version-history":[{"count":0,"href":"https:\/\/jornalfatosenoticias.com.br\/index.php\/wp-json\/wp\/v2\/posts\/62529\/revisions"}],"wp:featuredmedia":[{"embeddable":true,"href":"https:\/\/jornalfatosenoticias.com.br\/index.php\/wp-json\/wp\/v2\/media\/62530"}],"wp:attachment":[{"href":"https:\/\/jornalfatosenoticias.com.br\/index.php\/wp-json\/wp\/v2\/media?parent=62529"}],"wp:term":[{"taxonomy":"category","embeddable":true,"href":"https:\/\/jornalfatosenoticias.com.br\/index.php\/wp-json\/wp\/v2\/categories?post=62529"},{"taxonomy":"post_tag","embeddable":true,"href":"https:\/\/jornalfatosenoticias.com.br\/index.php\/wp-json\/wp\/v2\/tags?post=62529"}],"curies":[{"name":"wp","href":"https:\/\/api.w.org\/{rel}","templated":true}]}}