{"id":62532,"date":"2025-10-14T19:43:55","date_gmt":"2025-10-14T22:43:55","guid":{"rendered":"https:\/\/jornalfatosenoticias.com.br\/?p=62532"},"modified":"2025-10-14T19:43:57","modified_gmt":"2025-10-14T22:43:57","slug":"apagao-atinge-20-estados-e-o-df-apos-incendio-em-subestacao-no-pr","status":"publish","type":"post","link":"https:\/\/jornalfatosenoticias.com.br\/index.php\/2025\/10\/14\/apagao-atinge-20-estados-e-o-df-apos-incendio-em-subestacao-no-pr\/","title":{"rendered":"Apag\u00e3o atinge 20 estados e o DF ap\u00f3s inc\u00eandio em subesta\u00e7\u00e3o no PR"},"content":{"rendered":"\n<p><em><span class=\"has-inline-color has-black-color\">Inc\u00eandio em subesta\u00e7\u00e3o do PR provocou desligamento parcial no Sistema Interligado Nacional (SIN) por cerca de duas horas<\/span><\/em><\/p>\n\n\n\n<p><span class=\"has-inline-color has-black-color\">Por <strong><a href=\"https:\/\/www.gazetadopovo.com.br\/autor\/guilherme-grandi\/\">Guilherme Grandi<\/a><\/strong><\/span><\/p>\n\n\n\n<div class=\"wp-block-image\"><figure class=\"aligncenter size-large\"><a href=\"https:\/\/mizu.com.br\/\"><img loading=\"lazy\" decoding=\"async\" width=\"729\" height=\"90\" src=\"https:\/\/jornalfatosenoticias.com.br\/wp-content\/uploads\/2020\/02\/Logo_Mizu.png\" alt=\"\" class=\"wp-image-1441\" srcset=\"https:\/\/jornalfatosenoticias.com.br\/wp-content\/uploads\/2020\/02\/Logo_Mizu.png 729w, https:\/\/jornalfatosenoticias.com.br\/wp-content\/uploads\/2020\/02\/Logo_Mizu-300x37.png 300w\" sizes=\"auto, (max-width: 729px) 100vw, 729px\" \/><\/a><\/figure><\/div>\n\n\n\n<p>Um apag\u00e3o de energia el\u00e9trica atingiu, pelo menos, 20 estados e o Distrito Federal na madrugada desta ter\u00e7a (14) afetando milhares de consumidores de todas as regi\u00f5es do pa\u00eds. A interrup\u00e7\u00e3o ocorreu por causa de um inc\u00eandio em uma subesta\u00e7\u00e3o de energia em Bateias, um distrito do munic\u00edpio de Campo Largo, no Paran\u00e1. Toda a estrutura precisou ser desligada, o que atingiu a rede de transmiss\u00e3o.<br>Embora os \u00f3rg\u00e3os oficiais n\u00e3o confirmem a quantidade exata de estados afetados pelo apag\u00e3o, foi relatada falta de energia el\u00e9trica durante a madrugada no Acre, no Amap\u00e1, no Amazonas, na Bahia, no Cear\u00e1, em Goi\u00e1s, no Maranh\u00e3o, em Mato Grosso, em Mato Grosso do Sul, em Minas Gerais, na Para\u00edba, no Paran\u00e1, em Pernambuco, no Rio de Janeiro, no Rio Grande do Norte, em Rond\u00f4nia, em Santa Catarina, em S\u00e3o Paulo, em Sergipe e no Tocantins, al\u00e9m da capital federal e entorno.<\/p>\n\n\n\n<div class=\"wp-block-image\"><figure class=\"aligncenter size-large is-resized\"><a href=\"https:\/\/www.facebook.com\/postobkr\/?locale=pt_BR\"><img loading=\"lazy\" decoding=\"async\" src=\"https:\/\/jornalfatosenoticias.com.br\/wp-content\/uploads\/2023\/08\/BKR-1024x1021.jpg\" alt=\"\" class=\"wp-image-44494\" width=\"311\" height=\"310\" srcset=\"https:\/\/jornalfatosenoticias.com.br\/wp-content\/uploads\/2023\/08\/BKR-1024x1021.jpg 1024w, https:\/\/jornalfatosenoticias.com.br\/wp-content\/uploads\/2023\/08\/BKR-300x300.jpg 300w, https:\/\/jornalfatosenoticias.com.br\/wp-content\/uploads\/2023\/08\/BKR-150x150.jpg 150w, https:\/\/jornalfatosenoticias.com.br\/wp-content\/uploads\/2023\/08\/BKR-768x766.jpg 768w, https:\/\/jornalfatosenoticias.com.br\/wp-content\/uploads\/2023\/08\/BKR.jpg 1080w\" sizes=\"auto, (max-width: 311px) 100vw, 311px\" \/><\/a><\/figure><\/div>\n\n\n\n<p>A interrup\u00e7\u00e3o na transmiss\u00e3o de energia ocorreu por volta da 0h30 e durou alguns minutos, mas o restabelecimento completo demorou cerca de duas horas. O Operador Nacional do Sistema El\u00e9trico (ONS) e o Minist\u00e9rio de Minas e Energia (MME) confirmaram a queda no abastecimento e realizar\u00e3o reuni\u00f5es de avalia\u00e7\u00e3o ao longo do dia para apurar as causas do inc\u00eandio. &#8220;A ocorr\u00eancia teve in\u00edcio em inc\u00eandio em reator na Subesta\u00e7\u00e3o de Bateias (Paran\u00e1) que desligou toda a subesta\u00e7\u00e3o de 500 kV, desinterligando as regi\u00f5es Sul e Sudeste\/Centro-Oeste, ocasionando conting\u00eancia severa&#8221;, disse o MME em nota.<\/p>\n\n\n\n<div class=\"wp-block-image\"><figure class=\"aligncenter size-large is-resized\"><a href=\"https:\/\/www.instagram.com\/serra4x4cambioautomatico\/\"><img loading=\"lazy\" decoding=\"async\" src=\"https:\/\/jornalfatosenoticias.com.br\/wp-content\/uploads\/2024\/08\/Serra-4x4-1-886x1024.jpg\" alt=\"\" class=\"wp-image-53632\" width=\"282\" height=\"325\" srcset=\"https:\/\/jornalfatosenoticias.com.br\/wp-content\/uploads\/2024\/08\/Serra-4x4-1-886x1024.jpg 886w, https:\/\/jornalfatosenoticias.com.br\/wp-content\/uploads\/2024\/08\/Serra-4x4-1-260x300.jpg 260w, https:\/\/jornalfatosenoticias.com.br\/wp-content\/uploads\/2024\/08\/Serra-4x4-1-768x888.jpg 768w, https:\/\/jornalfatosenoticias.com.br\/wp-content\/uploads\/2024\/08\/Serra-4x4-1.jpg 1181w\" sizes=\"auto, (max-width: 282px) 100vw, 282px\" \/><\/a><\/figure><\/div>\n\n\n\n<p>J\u00e1 o ONS afirmou que o inc\u00eandio na subesta\u00e7\u00e3o de Bateias &#8220;provocou a interrup\u00e7\u00e3o de cerca de 10.000 MW de carga, afetando os quatro subsistemas: Sul, Sudeste\/Centro-Oeste, Nordeste e Norte&#8221;. &#8220;Assim que identificou a situa\u00e7\u00e3o, o ONS iniciou a\u00e7\u00e3o conjunta com os agentes para restabelecer a energia nas regi\u00f5es. O retorno dos equipamentos e a recomposi\u00e7\u00e3o das cargas se deu de maneira segura, logo nos primeiros minutos&#8221;, completou em uma nota (veja na \u00edntegra mais abaixo). A pasta informou, ainda, que a recomposi\u00e7\u00e3o do fornecimento se deu de maneira controlada logo nos primeiros minutos, normalizando o abastecimento para o Norte, Nordeste, Sudeste e Centro-Oeste \u00e0 1h30. J\u00e1 o Sul teve a transmiss\u00e3o de energia el\u00e9trica restabelecida \u00e0s 2h30.<\/p>\n\n\n\n<div class=\"wp-block-image\"><figure class=\"aligncenter size-large is-resized\"><a href=\"https:\/\/panper.com.br\/\"><img loading=\"lazy\" decoding=\"async\" src=\"https:\/\/jornalfatosenoticias.com.br\/wp-content\/uploads\/2023\/03\/logo-Panper_portal.jpg\" alt=\"\" class=\"wp-image-40208\" width=\"345\" height=\"239\" srcset=\"https:\/\/jornalfatosenoticias.com.br\/wp-content\/uploads\/2023\/03\/logo-Panper_portal.jpg 400w, https:\/\/jornalfatosenoticias.com.br\/wp-content\/uploads\/2023\/03\/logo-Panper_portal-300x208.jpg 300w\" sizes=\"auto, (max-width: 345px) 100vw, 345px\" \/><\/a><\/figure><\/div>\n\n\n\n<p>De acordo com dados do ONS, a transmiss\u00e3o de energia come\u00e7ou a cair lentamente por volta da 0h, quando estava num pico de 80,1 mil MW. Em meia hora, reduziu para 78,2 mil MW e, em tr\u00eas minutos, despencou para 68,6 mil MW \u00e0 0h35. A carga chegou ao pico de 72,9 mil MW de transmiss\u00e3o \u00e0 1h28, coincidindo com o restabelecimento da energia em quatro regi\u00f5es do pa\u00eds.<\/p>\n\n\n\n<div class=\"wp-block-image\"><figure class=\"aligncenter size-large\"><a href=\"http:\/\/www.ferrarimaquinas.com.br\/\"><img loading=\"lazy\" decoding=\"async\" width=\"300\" height=\"250\" src=\"https:\/\/jornalfatosenoticias.com.br\/wp-content\/uploads\/2022\/02\/FERRARI_MAQUINAS-E-FERRAMENTAS2.jpg\" alt=\"\" class=\"wp-image-27860\"\/><\/a><\/figure><\/div>\n\n\n\n<p>Ainda segundo o MME, o tempo de restabelecimento completo da transmiss\u00e3o de energia neste apag\u00e3o foi menor do que em ocasi\u00f5es passadas. Uma reuni\u00e3o com os principais agentes envolvidos ser\u00e1 realizada ainda nesta manh\u00e3 para identificar as causas do inc\u00eandio na subesta\u00e7\u00e3o de Bateias (PR). &#8220;O dano foi pontual numa subesta\u00e7\u00e3o da Eletrobras. [\u2026] N\u00e3o temos mais inseguran\u00e7a energ\u00e9tica, mas, um epis\u00f3dio pontual que o ONS deu uma pronta resposta&#8221;, disse o ministro Alexandre Silveira em entrevista \u00e0 EBC. Ele ainda refor\u00e7ou que n\u00e3o houve falta de energia, e sim apenas uma ocorr\u00eancia na &#8220;infraestrutura que transmite energia&#8221;.<\/p>\n\n\n\n<div class=\"wp-block-image\"><figure class=\"aligncenter size-large is-resized\"><a href=\"https:\/\/www.instagram.com\/rcradiadores\/\"><img loading=\"lazy\" decoding=\"async\" src=\"https:\/\/jornalfatosenoticias.com.br\/wp-content\/uploads\/2022\/10\/RC_800x750_page-0001.jpg\" alt=\"\" class=\"wp-image-35338\" width=\"319\" height=\"299\" srcset=\"https:\/\/jornalfatosenoticias.com.br\/wp-content\/uploads\/2022\/10\/RC_800x750_page-0001.jpg 400w, https:\/\/jornalfatosenoticias.com.br\/wp-content\/uploads\/2022\/10\/RC_800x750_page-0001-300x281.jpg 300w\" sizes=\"auto, (max-width: 319px) 100vw, 319px\" \/><\/a><\/figure><\/div>\n\n\n\n<p>Por outro lado, a Ag\u00eancia Nacional de Energia El\u00e9trica (Aneel) informou que enviou of\u00edcios \u00e0s empresas envolvidas para cobrar explica\u00e7\u00f5es sobre a interrup\u00e7\u00e3o no fornecimento de energia. &#8220;A fiscaliza\u00e7\u00e3o da Ag\u00eancia se deslocar\u00e1 ainda hoje para realizar inspe\u00e7\u00e3o in loco na subesta\u00e7\u00e3o afetada e averiguar as causas da interrup\u00e7\u00e3o, al\u00e9m disso ser\u00e3o instaurados processos de fiscaliza\u00e7\u00e3o para apurar a responsabilidade dos agentes envolvidos&#8221;, disse em nota (veja na \u00edntegra mais abaixo).<\/p>\n\n\n\n<div class=\"wp-block-image\"><figure class=\"aligncenter size-large is-resized\"><a href=\"https:\/\/hotelmarquetti.com.br\/\"><img loading=\"lazy\" decoding=\"async\" src=\"https:\/\/jornalfatosenoticias.com.br\/wp-content\/uploads\/2020\/02\/LOGO-MQ-1024x680.jpg\" alt=\"\" class=\"wp-image-58299\" width=\"325\" height=\"216\" srcset=\"https:\/\/jornalfatosenoticias.com.br\/wp-content\/uploads\/2020\/02\/LOGO-MQ-1024x680.jpg 1024w, https:\/\/jornalfatosenoticias.com.br\/wp-content\/uploads\/2020\/02\/LOGO-MQ-300x199.jpg 300w, https:\/\/jornalfatosenoticias.com.br\/wp-content\/uploads\/2020\/02\/LOGO-MQ-768x510.jpg 768w, https:\/\/jornalfatosenoticias.com.br\/wp-content\/uploads\/2020\/02\/LOGO-MQ-1536x1020.jpg 1536w, https:\/\/jornalfatosenoticias.com.br\/wp-content\/uploads\/2020\/02\/LOGO-MQ-2048x1360.jpg 2048w\" sizes=\"auto, (max-width: 325px) 100vw, 325px\" \/><\/a><\/figure><\/div>\n\n\n\n<p>Em nota \u00e0 <strong>Gazeta do Povo, <\/strong>a Copel, que \u00e9 a concession\u00e1ria de distribui\u00e7\u00e3o de energia no Paran\u00e1, afirmou que o inc\u00eandio que originou o apag\u00e3o foi registrado no reator de uma linha de transmiss\u00e3o de propriedade e operada por Furnas. Segundo a companhia, \u201cnenhum equipamento da Copel nem de nenhuma outra empresa que fica instalada na Subesta\u00e7\u00e3o Bateias foi danificado no epis\u00f3dio\u201d.<\/p>\n\n\n\n<div class=\"wp-block-image\"><figure class=\"aligncenter size-large is-resized\"><a href=\"https:\/\/www.controlsystems.com.br\/\"><img loading=\"lazy\" decoding=\"async\" src=\"https:\/\/jornalfatosenoticias.com.br\/wp-content\/uploads\/2020\/02\/CONTROL-CS.jpg\" alt=\"\" class=\"wp-image-44991\" width=\"302\" height=\"362\" srcset=\"https:\/\/jornalfatosenoticias.com.br\/wp-content\/uploads\/2020\/02\/CONTROL-CS.jpg 834w, https:\/\/jornalfatosenoticias.com.br\/wp-content\/uploads\/2020\/02\/CONTROL-CS-250x300.jpg 250w, https:\/\/jornalfatosenoticias.com.br\/wp-content\/uploads\/2020\/02\/CONTROL-CS-768x921.jpg 768w\" sizes=\"auto, (max-width: 302px) 100vw, 302px\" \/><\/a><\/figure><\/div>\n\n\n\n<p><strong><span class=\"has-inline-color has-black-color\">Apag\u00f5es no Brasil<br><\/span><\/strong>O pa\u00eds passou por v\u00e1rios apag\u00f5es de grande porte nos \u00faltimos anos. Em 1999, uma falha em uma subesta\u00e7\u00e3o em Bauru (SP) deixou cerca de 60 milh\u00f5es de pessoas sem energia em 10 estados, al\u00e9m do Distrito Federal e do Paraguai. Tr\u00eas anos depois, em 2002, um rompimento de cabos na linha de transmiss\u00e3o entre as usinas de Ilha Solteira e Araraquara causou outro blecaute que atingiu o Centro-Sul do pa\u00eds, deixando \u00e0s escuras dez estados e tamb\u00e9m o DF.<\/p>\n\n\n\n<div class=\"wp-block-image\"><figure class=\"aligncenter size-large is-resized\"><a href=\"https:\/\/www.instagram.com\/restaurantepegoretti\/\"><img loading=\"lazy\" decoding=\"async\" src=\"https:\/\/jornalfatosenoticias.com.br\/wp-content\/uploads\/2023\/12\/pegoretti-logo-pdf-1024x389.jpg\" alt=\"\" class=\"wp-image-47536\" width=\"443\" height=\"168\" srcset=\"https:\/\/jornalfatosenoticias.com.br\/wp-content\/uploads\/2023\/12\/pegoretti-logo-pdf-1024x389.jpg 1024w, https:\/\/jornalfatosenoticias.com.br\/wp-content\/uploads\/2023\/12\/pegoretti-logo-pdf-300x114.jpg 300w, https:\/\/jornalfatosenoticias.com.br\/wp-content\/uploads\/2023\/12\/pegoretti-logo-pdf-768x291.jpg 768w, https:\/\/jornalfatosenoticias.com.br\/wp-content\/uploads\/2023\/12\/pegoretti-logo-pdf.jpg 1120w\" sizes=\"auto, (max-width: 443px) 100vw, 443px\" \/><\/a><\/figure><\/div>\n\n\n\n<p>Em 2009, uma nova pane nas linhas de alta tens\u00e3o que ligam Itaipu a Itaber\u00e1 (SP) e Ivaipor\u00e3 (PR) provocou um dos maiores apag\u00f5es da hist\u00f3ria, afetando 18 estados brasileiros e o Paraguai. Na ocasi\u00e3o, houve uma condi\u00e7\u00e3o meteorol\u00f3gica adversa na cidade paulista que afetou a transmiss\u00e3o. Em 2011, uma falha em subesta\u00e7\u00e3o na divisa entre Bahia e Pernambuco deixou boa parte do Nordeste \u00e0s escuras, atingindo cerca de 47 milh\u00f5es de pessoas. No ano seguinte, um problema t\u00e9cnico na usina hidrel\u00e9trica de Itumbiara (GO), atingiu seis estados. Em 2014, 12 milh\u00f5es de pessoas ficaram sem luz em estados do Sul, Sudeste, Norte e Centro-Oeste.<\/p>\n\n\n\n<div class=\"wp-block-image\"><figure class=\"aligncenter size-large\"><a href=\"https:\/\/www.cesconetto.com.br\/\"><img loading=\"lazy\" decoding=\"async\" width=\"300\" height=\"250\" src=\"https:\/\/jornalfatosenoticias.com.br\/wp-content\/uploads\/2020\/02\/Banner-2.png\" alt=\"\" class=\"wp-image-43787\"\/><\/a><\/figure><\/div>\n\n\n\n<p>J\u00e1 em 2018, uma falha na subesta\u00e7\u00e3o Xingu (PA), que distribui parte da energia produzida na Usina de Belo Monte, deixou 70 milh\u00f5es de pessoas sem energia el\u00e9trica em estados do Norte e Nordeste. Em 2020, uma explos\u00e3o em um transformador interrompeu o fornecimento de energia em todo o estado do Amap\u00e1, que enfrentou um apag\u00e3o prolongado por mais de 20 dias.<\/p>\n\n\n\n<div class=\"wp-block-image\"><figure class=\"aligncenter size-large is-resized\"><a href=\"https:\/\/www.facebook.com\/vetor.vix\/\"><img loading=\"lazy\" decoding=\"async\" src=\"https:\/\/jornalfatosenoticias.com.br\/wp-content\/uploads\/2023\/09\/vetorvix1024_1.jpg\" alt=\"\" class=\"wp-image-44868\" width=\"513\" height=\"136\" srcset=\"https:\/\/jornalfatosenoticias.com.br\/wp-content\/uploads\/2023\/09\/vetorvix1024_1.jpg 1024w, https:\/\/jornalfatosenoticias.com.br\/wp-content\/uploads\/2023\/09\/vetorvix1024_1-300x80.jpg 300w, https:\/\/jornalfatosenoticias.com.br\/wp-content\/uploads\/2023\/09\/vetorvix1024_1-768x205.jpg 768w\" sizes=\"auto, (max-width: 513px) 100vw, 513px\" \/><\/a><\/figure><\/div>\n\n\n\n<p><span class=\"has-inline-color has-black-color\">Veja abaixo a nota completa do <strong>MME<\/strong> sobre o apag\u00e3o da madrugada:<br><\/span><em>\u00c0s 00h32min ocorreu perturba\u00e7\u00e3o de grande porte no Sistema Interligado Nacional, com desligamento de cerca de 10.000 MW de cargas, de forma controlada (por atua\u00e7\u00e3o do Esquema Regional de Al\u00edvio de Carga \u2014 ERAC).<br>A ocorr\u00eancia teve in\u00edcio em inc\u00eandio em reator na Subesta\u00e7\u00e3o de Bateias (Paran\u00e1) que desligou toda a subesta\u00e7\u00e3o de 500 kV, desinterligando as regi\u00f5es Sul e Sudeste\/Centro-Oeste, ocasionando conting\u00eancia severa.<\/em><\/p>\n\n\n\n<div class=\"wp-block-image\"><figure class=\"aligncenter size-large is-resized\"><a href=\"https:\/\/www.facebook.com\/profile.php?id=100069289606145\"><img loading=\"lazy\" decoding=\"async\" src=\"https:\/\/jornalfatosenoticias.com.br\/wp-content\/uploads\/2024\/11\/Guaitolini-Contabilidade-1024x714.jpeg\" alt=\"\" class=\"wp-image-55808\" width=\"354\" height=\"247\" srcset=\"https:\/\/jornalfatosenoticias.com.br\/wp-content\/uploads\/2024\/11\/Guaitolini-Contabilidade-1024x714.jpeg 1024w, https:\/\/jornalfatosenoticias.com.br\/wp-content\/uploads\/2024\/11\/Guaitolini-Contabilidade-300x209.jpeg 300w, https:\/\/jornalfatosenoticias.com.br\/wp-content\/uploads\/2024\/11\/Guaitolini-Contabilidade-768x535.jpeg 768w, https:\/\/jornalfatosenoticias.com.br\/wp-content\/uploads\/2024\/11\/Guaitolini-Contabilidade.jpeg 1280w\" sizes=\"auto, (max-width: 354px) 100vw, 354px\" \/><\/a><\/figure><\/div>\n\n\n\n<p><em>O retorno dos equipamentos e a recomposi\u00e7\u00e3o das cargas se deu de maneira controlada, logo nos primeiros minutos, sendo que at\u00e9 1h30min todas as cargas das Regi\u00f5es Norte, Nordeste, Sudeste e Centro-Oeste foram restabelecidas. As cargas da Regi\u00e3o sul foram recompostas totalmente por volta de 2h30min. O tempo de recomposi\u00e7\u00e3o total foi inferior \u00e0s ocorr\u00eancias deste porte j\u00e1 ocorridas no SIN.<\/em><\/p>\n\n\n\n<div class=\"wp-block-image\"><figure class=\"aligncenter size-large is-resized\"><a href=\"https:\/\/www.instagram.com\/esteio.churrascaria\/\"><img loading=\"lazy\" decoding=\"async\" src=\"https:\/\/jornalfatosenoticias.com.br\/wp-content\/uploads\/2022\/02\/LOGO-ESTEIO-1024x730.png\" alt=\"\" class=\"wp-image-27942\" width=\"302\" height=\"215\" srcset=\"https:\/\/jornalfatosenoticias.com.br\/wp-content\/uploads\/2022\/02\/LOGO-ESTEIO-1024x730.png 1024w, https:\/\/jornalfatosenoticias.com.br\/wp-content\/uploads\/2022\/02\/LOGO-ESTEIO-300x214.png 300w, https:\/\/jornalfatosenoticias.com.br\/wp-content\/uploads\/2022\/02\/LOGO-ESTEIO-768x548.png 768w, https:\/\/jornalfatosenoticias.com.br\/wp-content\/uploads\/2022\/02\/LOGO-ESTEIO.png 1123w\" sizes=\"auto, (max-width: 302px) 100vw, 302px\" \/><\/a><\/figure><\/div>\n\n\n\n<p><em>Est\u00e1 programada para hoje reuni\u00e3o preliminar com os principais agentes envolvidos para identificar as causas e o ONS dever\u00e1 realizar reuni\u00e3o preliminar de An\u00e1lise da Perturba\u00e7\u00e3o para in\u00edcio de elabora\u00e7\u00e3o do Relat\u00f3rio de An\u00e1lise da Perturba\u00e7\u00e3o \u2014 RAP at\u00e9 sexta-feira, 17\/10.<\/em><\/p>\n\n\n\n<div class=\"wp-block-image\"><figure class=\"aligncenter size-large is-resized\"><a href=\"https:\/\/legisjuris.com.br\/\"><img loading=\"lazy\" decoding=\"async\" src=\"https:\/\/jornalfatosenoticias.com.br\/wp-content\/uploads\/2024\/09\/Legis-Juris-Consultoria_logo.jpg\" alt=\"\" class=\"wp-image-53915\" width=\"513\" height=\"215\" srcset=\"https:\/\/jornalfatosenoticias.com.br\/wp-content\/uploads\/2024\/09\/Legis-Juris-Consultoria_logo.jpg 969w, https:\/\/jornalfatosenoticias.com.br\/wp-content\/uploads\/2024\/09\/Legis-Juris-Consultoria_logo-300x126.jpg 300w, https:\/\/jornalfatosenoticias.com.br\/wp-content\/uploads\/2024\/09\/Legis-Juris-Consultoria_logo-768x322.jpg 768w\" sizes=\"auto, (max-width: 513px) 100vw, 513px\" \/><\/a><\/figure><\/div>\n\n\n\n<p><span class=\"has-inline-color has-black-color\">Veja a nota completa do <strong>ONS<\/strong> sobre o apag\u00e3o da madrugada:<br><\/span><em>O Operador Nacional do Sistema El\u00e9trico (ONS) confirma que nesta ter\u00e7a-feira, 14 de outubro, \u00e0s 0h32, houve uma ocorr\u00eancia no Sistema Interligado Nacional (SIN) que provocou a interrup\u00e7\u00e3o de cerca de 10.000 MW de carga, afetando os quatro subsistemas: Sul, Sudeste\/Centro-Oeste, Nordeste e Norte.<\/em><\/p>\n\n\n\n<div class=\"wp-block-image\"><figure class=\"aligncenter size-large is-resized\"><a href=\"https:\/\/www.instagram.com\/serra4x4cambioautomatico\/\"><img loading=\"lazy\" decoding=\"async\" src=\"https:\/\/jornalfatosenoticias.com.br\/wp-content\/uploads\/2024\/08\/Serra-4x4-1-886x1024.jpg\" alt=\"\" class=\"wp-image-53632\" width=\"286\" height=\"331\" srcset=\"https:\/\/jornalfatosenoticias.com.br\/wp-content\/uploads\/2024\/08\/Serra-4x4-1-886x1024.jpg 886w, https:\/\/jornalfatosenoticias.com.br\/wp-content\/uploads\/2024\/08\/Serra-4x4-1-260x300.jpg 260w, https:\/\/jornalfatosenoticias.com.br\/wp-content\/uploads\/2024\/08\/Serra-4x4-1-768x888.jpg 768w, https:\/\/jornalfatosenoticias.com.br\/wp-content\/uploads\/2024\/08\/Serra-4x4-1.jpg 1181w\" sizes=\"auto, (max-width: 286px) 100vw, 286px\" \/><\/a><\/figure><\/div>\n\n\n\n<p><em>A ocorr\u00eancia teve in\u00edcio com um inc\u00eandio em um reator na Subesta\u00e7\u00e3o de Bateias, no Paran\u00e1, desligando toda a subesta\u00e7\u00e3o de 500 kV e ocasionando a abertura da interliga\u00e7\u00e3o entre as duas regi\u00f5es. No momento, a regi\u00e3o Sul exportava cerca de 5.000 MW para o Sudeste\/Centro-Oeste.<\/em><\/p>\n\n\n\n<div class=\"wp-block-image\"><figure class=\"aligncenter size-large is-resized\"><a href=\"https:\/\/www.instagram.com\/gruposei\/\"><img loading=\"lazy\" decoding=\"async\" src=\"https:\/\/jornalfatosenoticias.com.br\/wp-content\/uploads\/2022\/07\/Logo-Grupo-SEI.jpg\" alt=\"\" class=\"wp-image-31973\" width=\"334\" height=\"175\" srcset=\"https:\/\/jornalfatosenoticias.com.br\/wp-content\/uploads\/2022\/07\/Logo-Grupo-SEI.jpg 713w, https:\/\/jornalfatosenoticias.com.br\/wp-content\/uploads\/2022\/07\/Logo-Grupo-SEI-300x158.jpg 300w\" sizes=\"auto, (max-width: 334px) 100vw, 334px\" \/><\/a><\/figure><\/div>\n\n\n\n<p><em>Na regi\u00e3o Sul houve perda de aproximadamente 1.600 MW de carga. Nas demais regi\u00f5es, houve atua\u00e7\u00e3o do ERAC- Esquema Regional de Al\u00edvio de Carga. No Nordeste a interrup\u00e7\u00e3o foi da ordem de 1.900 MW, no Norte, de 1.600 MW e no Sudeste, de 4.800 MW.<\/em><\/p>\n\n\n\n<div class=\"wp-block-image\"><figure class=\"aligncenter size-large is-resized\"><a href=\"https:\/\/www.facebook.com\/postobkr\/?locale=pt_BR\"><img loading=\"lazy\" decoding=\"async\" src=\"https:\/\/jornalfatosenoticias.com.br\/wp-content\/uploads\/2023\/08\/BKR-1024x1021.jpg\" alt=\"\" class=\"wp-image-44494\" width=\"298\" height=\"297\" srcset=\"https:\/\/jornalfatosenoticias.com.br\/wp-content\/uploads\/2023\/08\/BKR-1024x1021.jpg 1024w, https:\/\/jornalfatosenoticias.com.br\/wp-content\/uploads\/2023\/08\/BKR-300x300.jpg 300w, https:\/\/jornalfatosenoticias.com.br\/wp-content\/uploads\/2023\/08\/BKR-150x150.jpg 150w, https:\/\/jornalfatosenoticias.com.br\/wp-content\/uploads\/2023\/08\/BKR-768x766.jpg 768w, https:\/\/jornalfatosenoticias.com.br\/wp-content\/uploads\/2023\/08\/BKR.jpg 1080w\" sizes=\"auto, (max-width: 298px) 100vw, 298px\" \/><\/a><\/figure><\/div>\n\n\n\n<p><em>Assim que identificou a situa\u00e7\u00e3o, o ONS iniciou a\u00e7\u00e3o conjunta com os agentes para restabelecer a energia nas regi\u00f5es. O retorno dos equipamentos e a recomposi\u00e7\u00e3o das cargas se deu de maneira segura, logo nos primeiros minutos, sendo que em at\u00e9 1h30min todas as cargas das Regi\u00f5es Norte, Nordeste, Sudeste\/Centro-Oeste foram restabelecidas. As cargas da Regi\u00e3o Sul foram recompostas totalmente por volta de 2h30min ap\u00f3s a ocorr\u00eancia.<\/em><\/p>\n\n\n\n<div class=\"wp-block-image\"><figure class=\"aligncenter size-large is-resized\"><a href=\"https:\/\/panper.com.br\/\"><img loading=\"lazy\" decoding=\"async\" src=\"https:\/\/jornalfatosenoticias.com.br\/wp-content\/uploads\/2023\/03\/logo-Panper_portal.jpg\" alt=\"\" class=\"wp-image-40208\" width=\"318\" height=\"220\" srcset=\"https:\/\/jornalfatosenoticias.com.br\/wp-content\/uploads\/2023\/03\/logo-Panper_portal.jpg 400w, https:\/\/jornalfatosenoticias.com.br\/wp-content\/uploads\/2023\/03\/logo-Panper_portal-300x208.jpg 300w\" sizes=\"auto, (max-width: 318px) 100vw, 318px\" \/><\/a><\/figure><\/div>\n\n\n\n<p><em>Uma reuni\u00e3o com os principais agentes envolvidos na ocorr\u00eancia est\u00e1 programada para ser realizada ainda hoje. O ONS dever\u00e1 realizar ainda uma reuni\u00e3o preliminar de An\u00e1lise da Perturba\u00e7\u00e3o para in\u00edcio de elabora\u00e7\u00e3o do Relat\u00f3rio de An\u00e1lise da Perturba\u00e7\u00e3o \u2014 RAP at\u00e9 sexta-feira, 17\/10.<\/em><\/p>\n\n\n\n<div class=\"wp-block-image\"><figure class=\"aligncenter size-large is-resized\"><a href=\"https:\/\/hotelmarquetti.com.br\/\"><img loading=\"lazy\" decoding=\"async\" src=\"https:\/\/jornalfatosenoticias.com.br\/wp-content\/uploads\/2020\/02\/LOGO-MQ-1024x680.jpg\" alt=\"\" class=\"wp-image-58299\" width=\"321\" height=\"213\" srcset=\"https:\/\/jornalfatosenoticias.com.br\/wp-content\/uploads\/2020\/02\/LOGO-MQ-1024x680.jpg 1024w, https:\/\/jornalfatosenoticias.com.br\/wp-content\/uploads\/2020\/02\/LOGO-MQ-300x199.jpg 300w, https:\/\/jornalfatosenoticias.com.br\/wp-content\/uploads\/2020\/02\/LOGO-MQ-768x510.jpg 768w, https:\/\/jornalfatosenoticias.com.br\/wp-content\/uploads\/2020\/02\/LOGO-MQ-1536x1020.jpg 1536w, https:\/\/jornalfatosenoticias.com.br\/wp-content\/uploads\/2020\/02\/LOGO-MQ-2048x1360.jpg 2048w\" sizes=\"auto, (max-width: 321px) 100vw, 321px\" \/><\/a><\/figure><\/div>\n\n\n\n<p><span class=\"has-inline-color has-black-color\">Veja o que disse a <strong>Aneel<\/strong> sobre a fiscaliza\u00e7\u00e3o dos envolvidos no apag\u00e3o da madrugada:<br><\/span><em>A Ag\u00eancia Nacional de Energia El\u00e9trica (ANEEL) informa, sobre a ocorr\u00eancia desta ter\u00e7a-feira (14\/10) \u00e0s 0h32 que afetou Estados das Regi\u00f5es Sul, Sudeste, Centro-Oeste, Norte e Nordeste do Sistema Interligado Nacional (SIN), que enviou of\u00edcios \u00e0s empresas envolvidas para cobrar explica\u00e7\u00f5es sobre a interrup\u00e7\u00e3o no fornecimento de energia.<\/em><\/p>\n\n\n\n<div class=\"wp-block-image\"><figure class=\"aligncenter size-large is-resized\"><a href=\"https:\/\/www.instagram.com\/rcradiadores\/\"><img loading=\"lazy\" decoding=\"async\" src=\"https:\/\/jornalfatosenoticias.com.br\/wp-content\/uploads\/2022\/10\/RC_800x750_page-0001.jpg\" alt=\"\" class=\"wp-image-35338\" width=\"305\" height=\"286\" srcset=\"https:\/\/jornalfatosenoticias.com.br\/wp-content\/uploads\/2022\/10\/RC_800x750_page-0001.jpg 400w, https:\/\/jornalfatosenoticias.com.br\/wp-content\/uploads\/2022\/10\/RC_800x750_page-0001-300x281.jpg 300w\" sizes=\"auto, (max-width: 305px) 100vw, 305px\" \/><\/a><\/figure><\/div>\n\n\n\n<p><em>O Operador Nacional do Sistema (ONS) informou preliminarmente que a causa prov\u00e1vel da interrup\u00e7\u00e3o seria um inc\u00eandio na subesta\u00e7\u00e3o Bateias, localizada no Paran\u00e1. A fiscaliza\u00e7\u00e3o da Ag\u00eancia se deslocar\u00e1 ainda hoje para realizar inspe\u00e7\u00e3o in loco na subesta\u00e7\u00e3o afetada e averiguar as causas da interrup\u00e7\u00e3o, al\u00e9m disso ser\u00e3o instaurados processos de fiscaliza\u00e7\u00e3o para apurar a responsabilidade dos agentes envolvidos.<\/em><\/p>\n\n\n\n<div class=\"wp-block-image\"><figure class=\"aligncenter size-large\"><a href=\"http:\/\/www.ferrarimaquinas.com.br\/\"><img loading=\"lazy\" decoding=\"async\" width=\"300\" height=\"250\" src=\"https:\/\/jornalfatosenoticias.com.br\/wp-content\/uploads\/2022\/02\/FERRARI_MAQUINAS-E-FERRAMENTAS2.jpg\" alt=\"\" class=\"wp-image-27860\"\/><\/a><\/figure><\/div>\n\n\n\n<p><em>Importante informar, conforme dados do ONS, que todas as cargas das regi\u00f5es Norte, Nordeste, Sudeste e Centro-Oeste foram restabelecidas em at\u00e9 1h30 da interrup\u00e7\u00e3o e as cargas da regi\u00e3o Sul retornaram 2h30 ap\u00f3s a ocorr\u00eancia.<\/em><\/p>\n\n\n\n<div class=\"wp-block-image\"><figure class=\"aligncenter size-large is-resized\"><a href=\"https:\/\/www.instagram.com\/restaurantepegoretti\/\"><img loading=\"lazy\" decoding=\"async\" src=\"https:\/\/jornalfatosenoticias.com.br\/wp-content\/uploads\/2023\/12\/pegoretti-logo-pdf-1024x389.jpg\" alt=\"\" class=\"wp-image-47536\" width=\"485\" height=\"184\" srcset=\"https:\/\/jornalfatosenoticias.com.br\/wp-content\/uploads\/2023\/12\/pegoretti-logo-pdf-1024x389.jpg 1024w, https:\/\/jornalfatosenoticias.com.br\/wp-content\/uploads\/2023\/12\/pegoretti-logo-pdf-300x114.jpg 300w, https:\/\/jornalfatosenoticias.com.br\/wp-content\/uploads\/2023\/12\/pegoretti-logo-pdf-768x291.jpg 768w, https:\/\/jornalfatosenoticias.com.br\/wp-content\/uploads\/2023\/12\/pegoretti-logo-pdf.jpg 1120w\" sizes=\"auto, (max-width: 485px) 100vw, 485px\" \/><\/a><\/figure><\/div>\n\n\n\n<p><span class=\"has-inline-color has-black-color\">Veja o que disse a <strong>Copel<\/strong> sobre o apag\u00e3o desta madrugada:<br><\/span><em>A Copel informa que foi registrado um inc\u00eandio no reator de uma linha de transmiss\u00e3o, de propriedade e operado por Furnas, que fica localizado na \u00e1rea da Subesta\u00e7\u00e3o Bateias, no munic\u00edpio de Campo Largo, como parte do Sistema Interligado Nacional. O corpo de Bombeiros do Paran\u00e1 controlou o inc\u00eandio. Nenhum equipamento da Copel nem de nenhuma outra empresa que fica instalada na Subesta\u00e7\u00e3o Bateias foi danificado no epis\u00f3dio.<\/em><\/p>\n\n\n\n<div class=\"wp-block-image\"><figure class=\"aligncenter size-large is-resized\"><a href=\"https:\/\/www.controlsystems.com.br\/\"><img loading=\"lazy\" decoding=\"async\" src=\"https:\/\/jornalfatosenoticias.com.br\/wp-content\/uploads\/2020\/02\/CONTROL-CS.jpg\" alt=\"\" class=\"wp-image-44991\" width=\"246\" height=\"295\" srcset=\"https:\/\/jornalfatosenoticias.com.br\/wp-content\/uploads\/2020\/02\/CONTROL-CS.jpg 834w, https:\/\/jornalfatosenoticias.com.br\/wp-content\/uploads\/2020\/02\/CONTROL-CS-250x300.jpg 250w, https:\/\/jornalfatosenoticias.com.br\/wp-content\/uploads\/2020\/02\/CONTROL-CS-768x921.jpg 768w\" sizes=\"auto, (max-width: 246px) 100vw, 246px\" \/><\/a><\/figure><\/div>\n\n\n\n<p><em>Em raz\u00e3o da ocorr\u00eancia, entrou em atua\u00e7\u00e3o o Esquema Regional de Al\u00edvio de Carga, um mecanismo de prote\u00e7\u00e3o que desliga automaticamente equipamentos do Sistema Interligado Nacional. A opera\u00e7\u00e3o das instala\u00e7\u00f5es foi recomposta \u00e0 medida que a situa\u00e7\u00e3o foi controlada.<\/em><\/p>\n\n\n\n<div class=\"wp-block-image\"><figure class=\"aligncenter size-large is-resized\"><a href=\"https:\/\/www.ithbrasil.com.br\/\"><img loading=\"lazy\" decoding=\"async\" src=\"https:\/\/jornalfatosenoticias.com.br\/wp-content\/uploads\/2023\/08\/ITH.jpeg\" alt=\"\" class=\"wp-image-44638\" width=\"289\" height=\"235\" srcset=\"https:\/\/jornalfatosenoticias.com.br\/wp-content\/uploads\/2023\/08\/ITH.jpeg 800w, https:\/\/jornalfatosenoticias.com.br\/wp-content\/uploads\/2023\/08\/ITH-300x244.jpeg 300w, https:\/\/jornalfatosenoticias.com.br\/wp-content\/uploads\/2023\/08\/ITH-768x624.jpeg 768w\" sizes=\"auto, (max-width: 289px) 100vw, 289px\" \/><\/a><\/figure><\/div>\n\n\n\n<p><em>Desligamentos no Paran\u00e1 \u2014 a Copel informa que, em fun\u00e7\u00e3o da atua\u00e7\u00e3o do Esquema Regional de Al\u00edvio de Carga, 76 mil unidades consumidoras tiveram o fornecimento de energia interrompido em todas as regi\u00f5es do Estado \u00e0s 0h32. A maior parte delas, 42 mil, ficam na regi\u00e3o Norte do Paran\u00e1. O Operador Nacional do Sistema (ONS) autorizou o restabelecimento 1h01.<\/em><\/p>\n\n\n\n<p><strong>Fonte: <a href=\"https:\/\/www.gazetadopovo.com.br\/brasil\/apagao-atinge-8-estados-df-incendio-subestacao-pr\/\">Gazeta do Povo<\/a><\/strong><\/p>\n","protected":false},"excerpt":{"rendered":"<p>Inc\u00eandio em subesta\u00e7\u00e3o do PR provocou desligamento parcial no Sistema Interligado Nacional (SIN) por cerca de duas horas Por Guilherme Grandi Um apag\u00e3o de energia el\u00e9trica atingiu, pelo menos, 20 estados e o Distrito Federal na madrugada desta ter\u00e7a (14) afetando milhares de consumidores de todas as regi\u00f5es do pa\u00eds. A interrup\u00e7\u00e3o ocorreu por causa [&hellip;]<\/p>\n","protected":false},"author":2,"featured_media":62533,"comment_status":"open","ping_status":"open","sticky":false,"template":"","format":"standard","meta":{"footnotes":""},"categories":[5],"tags":[6052,2539,287,28520,28519],"class_list":["post-62532","post","type-post","status-publish","format-standard","has-post-thumbnail","hentry","category-geral","tag-apagao","tag-energia","tag-incendio","tag-sin","tag-subestacao"],"yoast_head":"<!-- This site is optimized with the Yoast SEO plugin v26.5 - https:\/\/yoast.com\/wordpress\/plugins\/seo\/ -->\n<title>Apag\u00e3o atinge 20 estados e o DF ap\u00f3s inc\u00eandio em subesta\u00e7\u00e3o no PR - Jornal Fatos e Not\u00edcias<\/title>\n<meta name=\"robots\" content=\"index, follow, max-snippet:-1, max-image-preview:large, max-video-preview:-1\" \/>\n<link rel=\"canonical\" href=\"https:\/\/jornalfatosenoticias.com.br\/index.php\/2025\/10\/14\/apagao-atinge-20-estados-e-o-df-apos-incendio-em-subestacao-no-pr\/\" \/>\n<meta property=\"og:locale\" content=\"pt_BR\" \/>\n<meta property=\"og:type\" content=\"article\" \/>\n<meta property=\"og:title\" content=\"Apag\u00e3o atinge 20 estados e o DF ap\u00f3s inc\u00eandio em subesta\u00e7\u00e3o no PR - Jornal Fatos e Not\u00edcias\" \/>\n<meta property=\"og:description\" content=\"Inc\u00eandio em subesta\u00e7\u00e3o do PR provocou desligamento parcial no Sistema Interligado Nacional (SIN) por cerca de duas horas Por Guilherme Grandi Um apag\u00e3o de energia el\u00e9trica atingiu, pelo menos, 20 estados e o Distrito Federal na madrugada desta ter\u00e7a (14) afetando milhares de consumidores de todas as regi\u00f5es do pa\u00eds. A interrup\u00e7\u00e3o ocorreu por causa [&hellip;]\" \/>\n<meta property=\"og:url\" content=\"https:\/\/jornalfatosenoticias.com.br\/index.php\/2025\/10\/14\/apagao-atinge-20-estados-e-o-df-apos-incendio-em-subestacao-no-pr\/\" \/>\n<meta property=\"og:site_name\" content=\"Jornal Fatos e Not\u00edcias\" \/>\n<meta property=\"article:published_time\" content=\"2025-10-14T22:43:55+00:00\" \/>\n<meta property=\"article:modified_time\" content=\"2025-10-14T22:43:57+00:00\" \/>\n<meta property=\"og:image\" content=\"https:\/\/jornalfatosenoticias.com.br\/wp-content\/uploads\/2025\/10\/apagao_freepik.jpg\" \/>\n\t<meta property=\"og:image:width\" content=\"1000\" \/>\n\t<meta property=\"og:image:height\" content=\"666\" \/>\n\t<meta property=\"og:image:type\" content=\"image\/jpeg\" \/>\n<meta name=\"author\" content=\"Luzimara Fernandes\" \/>\n<meta name=\"twitter:card\" content=\"summary_large_image\" \/>\n<meta name=\"twitter:label1\" content=\"Escrito por\" \/>\n\t<meta name=\"twitter:data1\" content=\"Luzimara Fernandes\" \/>\n\t<meta name=\"twitter:label2\" content=\"Est. tempo de leitura\" \/>\n\t<meta name=\"twitter:data2\" content=\"9 minutos\" \/>\n<script type=\"application\/ld+json\" class=\"yoast-schema-graph\">{\"@context\":\"https:\/\/schema.org\",\"@graph\":[{\"@type\":\"Article\",\"@id\":\"https:\/\/jornalfatosenoticias.com.br\/index.php\/2025\/10\/14\/apagao-atinge-20-estados-e-o-df-apos-incendio-em-subestacao-no-pr\/#article\",\"isPartOf\":{\"@id\":\"https:\/\/jornalfatosenoticias.com.br\/index.php\/2025\/10\/14\/apagao-atinge-20-estados-e-o-df-apos-incendio-em-subestacao-no-pr\/\"},\"author\":{\"name\":\"Luzimara Fernandes\",\"@id\":\"https:\/\/jornalfatosenoticias.com.br\/#\/schema\/person\/d63837fa13ac8666eb9e74e0985d6f81\"},\"headline\":\"Apag\u00e3o atinge 20 estados e o DF ap\u00f3s inc\u00eandio em subesta\u00e7\u00e3o no PR\",\"datePublished\":\"2025-10-14T22:43:55+00:00\",\"dateModified\":\"2025-10-14T22:43:57+00:00\",\"mainEntityOfPage\":{\"@id\":\"https:\/\/jornalfatosenoticias.com.br\/index.php\/2025\/10\/14\/apagao-atinge-20-estados-e-o-df-apos-incendio-em-subestacao-no-pr\/\"},\"wordCount\":1906,\"commentCount\":0,\"publisher\":{\"@id\":\"https:\/\/jornalfatosenoticias.com.br\/#organization\"},\"image\":{\"@id\":\"https:\/\/jornalfatosenoticias.com.br\/index.php\/2025\/10\/14\/apagao-atinge-20-estados-e-o-df-apos-incendio-em-subestacao-no-pr\/#primaryimage\"},\"thumbnailUrl\":\"https:\/\/jornalfatosenoticias.com.br\/wp-content\/uploads\/2025\/10\/apagao_freepik.jpg\",\"keywords\":[\"apag\u00e3o\",\"energia\",\"inc\u00eandio\",\"SIN\",\"subesta\u00e7\u00e3o\"],\"articleSection\":[\"Geral\"],\"inLanguage\":\"pt-BR\",\"potentialAction\":[{\"@type\":\"CommentAction\",\"name\":\"Comment\",\"target\":[\"https:\/\/jornalfatosenoticias.com.br\/index.php\/2025\/10\/14\/apagao-atinge-20-estados-e-o-df-apos-incendio-em-subestacao-no-pr\/#respond\"]}]},{\"@type\":\"WebPage\",\"@id\":\"https:\/\/jornalfatosenoticias.com.br\/index.php\/2025\/10\/14\/apagao-atinge-20-estados-e-o-df-apos-incendio-em-subestacao-no-pr\/\",\"url\":\"https:\/\/jornalfatosenoticias.com.br\/index.php\/2025\/10\/14\/apagao-atinge-20-estados-e-o-df-apos-incendio-em-subestacao-no-pr\/\",\"name\":\"Apag\u00e3o atinge 20 estados e o DF ap\u00f3s inc\u00eandio em subesta\u00e7\u00e3o no PR - Jornal Fatos e Not\u00edcias\",\"isPartOf\":{\"@id\":\"https:\/\/jornalfatosenoticias.com.br\/#website\"},\"primaryImageOfPage\":{\"@id\":\"https:\/\/jornalfatosenoticias.com.br\/index.php\/2025\/10\/14\/apagao-atinge-20-estados-e-o-df-apos-incendio-em-subestacao-no-pr\/#primaryimage\"},\"image\":{\"@id\":\"https:\/\/jornalfatosenoticias.com.br\/index.php\/2025\/10\/14\/apagao-atinge-20-estados-e-o-df-apos-incendio-em-subestacao-no-pr\/#primaryimage\"},\"thumbnailUrl\":\"https:\/\/jornalfatosenoticias.com.br\/wp-content\/uploads\/2025\/10\/apagao_freepik.jpg\",\"datePublished\":\"2025-10-14T22:43:55+00:00\",\"dateModified\":\"2025-10-14T22:43:57+00:00\",\"breadcrumb\":{\"@id\":\"https:\/\/jornalfatosenoticias.com.br\/index.php\/2025\/10\/14\/apagao-atinge-20-estados-e-o-df-apos-incendio-em-subestacao-no-pr\/#breadcrumb\"},\"inLanguage\":\"pt-BR\",\"potentialAction\":[{\"@type\":\"ReadAction\",\"target\":[\"https:\/\/jornalfatosenoticias.com.br\/index.php\/2025\/10\/14\/apagao-atinge-20-estados-e-o-df-apos-incendio-em-subestacao-no-pr\/\"]}]},{\"@type\":\"ImageObject\",\"inLanguage\":\"pt-BR\",\"@id\":\"https:\/\/jornalfatosenoticias.com.br\/index.php\/2025\/10\/14\/apagao-atinge-20-estados-e-o-df-apos-incendio-em-subestacao-no-pr\/#primaryimage\",\"url\":\"https:\/\/jornalfatosenoticias.com.br\/wp-content\/uploads\/2025\/10\/apagao_freepik.jpg\",\"contentUrl\":\"https:\/\/jornalfatosenoticias.com.br\/wp-content\/uploads\/2025\/10\/apagao_freepik.jpg\",\"width\":1000,\"height\":666,\"caption\":\"electricity high voltage pole and sky\"},{\"@type\":\"BreadcrumbList\",\"@id\":\"https:\/\/jornalfatosenoticias.com.br\/index.php\/2025\/10\/14\/apagao-atinge-20-estados-e-o-df-apos-incendio-em-subestacao-no-pr\/#breadcrumb\",\"itemListElement\":[{\"@type\":\"ListItem\",\"position\":1,\"name\":\"In\u00edcio\",\"item\":\"https:\/\/jornalfatosenoticias.com.br\/\"},{\"@type\":\"ListItem\",\"position\":2,\"name\":\"Apag\u00e3o atinge 20 estados e o DF ap\u00f3s inc\u00eandio em subesta\u00e7\u00e3o no PR\"}]},{\"@type\":\"WebSite\",\"@id\":\"https:\/\/jornalfatosenoticias.com.br\/#website\",\"url\":\"https:\/\/jornalfatosenoticias.com.br\/\",\"name\":\"Jornal Fatos e Not\u00edcias\",\"description\":\"Not\u00edcias em geral\",\"publisher\":{\"@id\":\"https:\/\/jornalfatosenoticias.com.br\/#organization\"},\"potentialAction\":[{\"@type\":\"SearchAction\",\"target\":{\"@type\":\"EntryPoint\",\"urlTemplate\":\"https:\/\/jornalfatosenoticias.com.br\/?s={search_term_string}\"},\"query-input\":{\"@type\":\"PropertyValueSpecification\",\"valueRequired\":true,\"valueName\":\"search_term_string\"}}],\"inLanguage\":\"pt-BR\"},{\"@type\":\"Organization\",\"@id\":\"https:\/\/jornalfatosenoticias.com.br\/#organization\",\"name\":\"Jornal Fatos e Not\u00edcias\",\"url\":\"https:\/\/jornalfatosenoticias.com.br\/\",\"logo\":{\"@type\":\"ImageObject\",\"inLanguage\":\"pt-BR\",\"@id\":\"https:\/\/jornalfatosenoticias.com.br\/#\/schema\/logo\/image\/\",\"url\":\"https:\/\/jornalfatosenoticias.com.br\/wp-content\/uploads\/2020\/02\/logo120.png\",\"contentUrl\":\"https:\/\/jornalfatosenoticias.com.br\/wp-content\/uploads\/2020\/02\/logo120.png\",\"width\":1227,\"height\":120,\"caption\":\"Jornal Fatos e Not\u00edcias\"},\"image\":{\"@id\":\"https:\/\/jornalfatosenoticias.com.br\/#\/schema\/logo\/image\/\"}},{\"@type\":\"Person\",\"@id\":\"https:\/\/jornalfatosenoticias.com.br\/#\/schema\/person\/d63837fa13ac8666eb9e74e0985d6f81\",\"name\":\"Luzimara Fernandes\",\"image\":{\"@type\":\"ImageObject\",\"inLanguage\":\"pt-BR\",\"@id\":\"https:\/\/jornalfatosenoticias.com.br\/#\/schema\/person\/image\/\",\"url\":\"https:\/\/jornalfatosenoticias.com.br\/wp-content\/uploads\/2025\/05\/EU_portal.jpg\",\"contentUrl\":\"https:\/\/jornalfatosenoticias.com.br\/wp-content\/uploads\/2025\/05\/EU_portal.jpg\",\"caption\":\"Luzimara Fernandes\"},\"description\":\"Jornalista MTB 2358-ES\",\"sameAs\":[\"https:\/\/jornalfatosenoticias.com.br\"],\"url\":\"https:\/\/jornalfatosenoticias.com.br\/index.php\/author\/luzimara\/\"}]}<\/script>\n<!-- \/ Yoast SEO plugin. -->","yoast_head_json":{"title":"Apag\u00e3o atinge 20 estados e o DF ap\u00f3s inc\u00eandio em subesta\u00e7\u00e3o no PR - Jornal Fatos e Not\u00edcias","robots":{"index":"index","follow":"follow","max-snippet":"max-snippet:-1","max-image-preview":"max-image-preview:large","max-video-preview":"max-video-preview:-1"},"canonical":"https:\/\/jornalfatosenoticias.com.br\/index.php\/2025\/10\/14\/apagao-atinge-20-estados-e-o-df-apos-incendio-em-subestacao-no-pr\/","og_locale":"pt_BR","og_type":"article","og_title":"Apag\u00e3o atinge 20 estados e o DF ap\u00f3s inc\u00eandio em subesta\u00e7\u00e3o no PR - Jornal Fatos e Not\u00edcias","og_description":"Inc\u00eandio em subesta\u00e7\u00e3o do PR provocou desligamento parcial no Sistema Interligado Nacional (SIN) por cerca de duas horas Por Guilherme Grandi Um apag\u00e3o de energia el\u00e9trica atingiu, pelo menos, 20 estados e o Distrito Federal na madrugada desta ter\u00e7a (14) afetando milhares de consumidores de todas as regi\u00f5es do pa\u00eds. A interrup\u00e7\u00e3o ocorreu por causa [&hellip;]","og_url":"https:\/\/jornalfatosenoticias.com.br\/index.php\/2025\/10\/14\/apagao-atinge-20-estados-e-o-df-apos-incendio-em-subestacao-no-pr\/","og_site_name":"Jornal Fatos e Not\u00edcias","article_published_time":"2025-10-14T22:43:55+00:00","article_modified_time":"2025-10-14T22:43:57+00:00","og_image":[{"width":1000,"height":666,"url":"https:\/\/jornalfatosenoticias.com.br\/wp-content\/uploads\/2025\/10\/apagao_freepik.jpg","type":"image\/jpeg"}],"author":"Luzimara Fernandes","twitter_card":"summary_large_image","twitter_misc":{"Escrito por":"Luzimara Fernandes","Est. tempo de leitura":"9 minutos"},"schema":{"@context":"https:\/\/schema.org","@graph":[{"@type":"Article","@id":"https:\/\/jornalfatosenoticias.com.br\/index.php\/2025\/10\/14\/apagao-atinge-20-estados-e-o-df-apos-incendio-em-subestacao-no-pr\/#article","isPartOf":{"@id":"https:\/\/jornalfatosenoticias.com.br\/index.php\/2025\/10\/14\/apagao-atinge-20-estados-e-o-df-apos-incendio-em-subestacao-no-pr\/"},"author":{"name":"Luzimara Fernandes","@id":"https:\/\/jornalfatosenoticias.com.br\/#\/schema\/person\/d63837fa13ac8666eb9e74e0985d6f81"},"headline":"Apag\u00e3o atinge 20 estados e o DF ap\u00f3s inc\u00eandio em subesta\u00e7\u00e3o no PR","datePublished":"2025-10-14T22:43:55+00:00","dateModified":"2025-10-14T22:43:57+00:00","mainEntityOfPage":{"@id":"https:\/\/jornalfatosenoticias.com.br\/index.php\/2025\/10\/14\/apagao-atinge-20-estados-e-o-df-apos-incendio-em-subestacao-no-pr\/"},"wordCount":1906,"commentCount":0,"publisher":{"@id":"https:\/\/jornalfatosenoticias.com.br\/#organization"},"image":{"@id":"https:\/\/jornalfatosenoticias.com.br\/index.php\/2025\/10\/14\/apagao-atinge-20-estados-e-o-df-apos-incendio-em-subestacao-no-pr\/#primaryimage"},"thumbnailUrl":"https:\/\/jornalfatosenoticias.com.br\/wp-content\/uploads\/2025\/10\/apagao_freepik.jpg","keywords":["apag\u00e3o","energia","inc\u00eandio","SIN","subesta\u00e7\u00e3o"],"articleSection":["Geral"],"inLanguage":"pt-BR","potentialAction":[{"@type":"CommentAction","name":"Comment","target":["https:\/\/jornalfatosenoticias.com.br\/index.php\/2025\/10\/14\/apagao-atinge-20-estados-e-o-df-apos-incendio-em-subestacao-no-pr\/#respond"]}]},{"@type":"WebPage","@id":"https:\/\/jornalfatosenoticias.com.br\/index.php\/2025\/10\/14\/apagao-atinge-20-estados-e-o-df-apos-incendio-em-subestacao-no-pr\/","url":"https:\/\/jornalfatosenoticias.com.br\/index.php\/2025\/10\/14\/apagao-atinge-20-estados-e-o-df-apos-incendio-em-subestacao-no-pr\/","name":"Apag\u00e3o atinge 20 estados e o DF ap\u00f3s inc\u00eandio em subesta\u00e7\u00e3o no PR - Jornal Fatos e Not\u00edcias","isPartOf":{"@id":"https:\/\/jornalfatosenoticias.com.br\/#website"},"primaryImageOfPage":{"@id":"https:\/\/jornalfatosenoticias.com.br\/index.php\/2025\/10\/14\/apagao-atinge-20-estados-e-o-df-apos-incendio-em-subestacao-no-pr\/#primaryimage"},"image":{"@id":"https:\/\/jornalfatosenoticias.com.br\/index.php\/2025\/10\/14\/apagao-atinge-20-estados-e-o-df-apos-incendio-em-subestacao-no-pr\/#primaryimage"},"thumbnailUrl":"https:\/\/jornalfatosenoticias.com.br\/wp-content\/uploads\/2025\/10\/apagao_freepik.jpg","datePublished":"2025-10-14T22:43:55+00:00","dateModified":"2025-10-14T22:43:57+00:00","breadcrumb":{"@id":"https:\/\/jornalfatosenoticias.com.br\/index.php\/2025\/10\/14\/apagao-atinge-20-estados-e-o-df-apos-incendio-em-subestacao-no-pr\/#breadcrumb"},"inLanguage":"pt-BR","potentialAction":[{"@type":"ReadAction","target":["https:\/\/jornalfatosenoticias.com.br\/index.php\/2025\/10\/14\/apagao-atinge-20-estados-e-o-df-apos-incendio-em-subestacao-no-pr\/"]}]},{"@type":"ImageObject","inLanguage":"pt-BR","@id":"https:\/\/jornalfatosenoticias.com.br\/index.php\/2025\/10\/14\/apagao-atinge-20-estados-e-o-df-apos-incendio-em-subestacao-no-pr\/#primaryimage","url":"https:\/\/jornalfatosenoticias.com.br\/wp-content\/uploads\/2025\/10\/apagao_freepik.jpg","contentUrl":"https:\/\/jornalfatosenoticias.com.br\/wp-content\/uploads\/2025\/10\/apagao_freepik.jpg","width":1000,"height":666,"caption":"electricity high voltage pole and sky"},{"@type":"BreadcrumbList","@id":"https:\/\/jornalfatosenoticias.com.br\/index.php\/2025\/10\/14\/apagao-atinge-20-estados-e-o-df-apos-incendio-em-subestacao-no-pr\/#breadcrumb","itemListElement":[{"@type":"ListItem","position":1,"name":"In\u00edcio","item":"https:\/\/jornalfatosenoticias.com.br\/"},{"@type":"ListItem","position":2,"name":"Apag\u00e3o atinge 20 estados e o DF ap\u00f3s inc\u00eandio em subesta\u00e7\u00e3o no PR"}]},{"@type":"WebSite","@id":"https:\/\/jornalfatosenoticias.com.br\/#website","url":"https:\/\/jornalfatosenoticias.com.br\/","name":"Jornal Fatos e Not\u00edcias","description":"Not\u00edcias em geral","publisher":{"@id":"https:\/\/jornalfatosenoticias.com.br\/#organization"},"potentialAction":[{"@type":"SearchAction","target":{"@type":"EntryPoint","urlTemplate":"https:\/\/jornalfatosenoticias.com.br\/?s={search_term_string}"},"query-input":{"@type":"PropertyValueSpecification","valueRequired":true,"valueName":"search_term_string"}}],"inLanguage":"pt-BR"},{"@type":"Organization","@id":"https:\/\/jornalfatosenoticias.com.br\/#organization","name":"Jornal Fatos e Not\u00edcias","url":"https:\/\/jornalfatosenoticias.com.br\/","logo":{"@type":"ImageObject","inLanguage":"pt-BR","@id":"https:\/\/jornalfatosenoticias.com.br\/#\/schema\/logo\/image\/","url":"https:\/\/jornalfatosenoticias.com.br\/wp-content\/uploads\/2020\/02\/logo120.png","contentUrl":"https:\/\/jornalfatosenoticias.com.br\/wp-content\/uploads\/2020\/02\/logo120.png","width":1227,"height":120,"caption":"Jornal Fatos e Not\u00edcias"},"image":{"@id":"https:\/\/jornalfatosenoticias.com.br\/#\/schema\/logo\/image\/"}},{"@type":"Person","@id":"https:\/\/jornalfatosenoticias.com.br\/#\/schema\/person\/d63837fa13ac8666eb9e74e0985d6f81","name":"Luzimara Fernandes","image":{"@type":"ImageObject","inLanguage":"pt-BR","@id":"https:\/\/jornalfatosenoticias.com.br\/#\/schema\/person\/image\/","url":"https:\/\/jornalfatosenoticias.com.br\/wp-content\/uploads\/2025\/05\/EU_portal.jpg","contentUrl":"https:\/\/jornalfatosenoticias.com.br\/wp-content\/uploads\/2025\/05\/EU_portal.jpg","caption":"Luzimara Fernandes"},"description":"Jornalista MTB 2358-ES","sameAs":["https:\/\/jornalfatosenoticias.com.br"],"url":"https:\/\/jornalfatosenoticias.com.br\/index.php\/author\/luzimara\/"}]}},"cc_featured_image_caption":{"caption_text":"","source_text":"","source_url":""},"jetpack_featured_media_url":"https:\/\/jornalfatosenoticias.com.br\/wp-content\/uploads\/2025\/10\/apagao_freepik.jpg","_links":{"self":[{"href":"https:\/\/jornalfatosenoticias.com.br\/index.php\/wp-json\/wp\/v2\/posts\/62532","targetHints":{"allow":["GET"]}}],"collection":[{"href":"https:\/\/jornalfatosenoticias.com.br\/index.php\/wp-json\/wp\/v2\/posts"}],"about":[{"href":"https:\/\/jornalfatosenoticias.com.br\/index.php\/wp-json\/wp\/v2\/types\/post"}],"author":[{"embeddable":true,"href":"https:\/\/jornalfatosenoticias.com.br\/index.php\/wp-json\/wp\/v2\/users\/2"}],"replies":[{"embeddable":true,"href":"https:\/\/jornalfatosenoticias.com.br\/index.php\/wp-json\/wp\/v2\/comments?post=62532"}],"version-history":[{"count":0,"href":"https:\/\/jornalfatosenoticias.com.br\/index.php\/wp-json\/wp\/v2\/posts\/62532\/revisions"}],"wp:featuredmedia":[{"embeddable":true,"href":"https:\/\/jornalfatosenoticias.com.br\/index.php\/wp-json\/wp\/v2\/media\/62533"}],"wp:attachment":[{"href":"https:\/\/jornalfatosenoticias.com.br\/index.php\/wp-json\/wp\/v2\/media?parent=62532"}],"wp:term":[{"taxonomy":"category","embeddable":true,"href":"https:\/\/jornalfatosenoticias.com.br\/index.php\/wp-json\/wp\/v2\/categories?post=62532"},{"taxonomy":"post_tag","embeddable":true,"href":"https:\/\/jornalfatosenoticias.com.br\/index.php\/wp-json\/wp\/v2\/tags?post=62532"}],"curies":[{"name":"wp","href":"https:\/\/api.w.org\/{rel}","templated":true}]}}